

{"id":37453,"date":"2018-03-01T16:44:08","date_gmt":"2018-03-01T15:44:08","guid":{"rendered":"https:\/\/gestions-hospitalieres.fr\/?p=37453"},"modified":"2018-04-13T12:28:37","modified_gmt":"2018-04-13T10:28:37","slug":"comprendre-nouvelles-conditions-de-travail3","status":"publish","type":"post","link":"https:\/\/www.ricom-web8.com\/gestions\/comprendre-nouvelles-conditions-de-travail3\/","title":{"rendered":"Comprendre les nouvelles conditions de travail\/3"},"content":{"rendered":"<span class=\"span-reading-time rt-reading-time\" style=\"display: block;\"><span class=\"rt-label rt-prefix\">Temps de lecture\u00a0: <\/span> <span class=\"rt-time\"> 22<\/span> <span class=\"rt-label rt-postfix\">minutes<\/span><\/span><p style=\"text-align: right;\">\u00ab\u2009<i>Ne pas se moquer, ne pas d\u00e9plorer, ne pas d\u00e9tester<br \/>\nmais comprendre.\u2009<\/i>\u00bb Spinoza<\/p>\n<h1>Un environnement ambivalent et complexe<\/h1>\n<p>Les textes classiques annon\u00e7aient d\u00e9j\u00e0 nos nouvelles conditions de vie. En 1919, Max Weber, dans <i>Le Savant et le Politique<\/i>, parle de \u00ab\u2009d\u00e9senchantement\u2009\u00bb d\u00fb \u00e0 la progression de la rationalit\u00e9 instrumentale, qui affaiblit la croyance et le spirituel parmi nos r\u00e9f\u00e9rences intellectuelles\u2009: \u00ab\u2009<i>Faisons-nous une id\u00e9e claire de ce que signifie pratiquement la rationalisation par la science et par la technique [\u2026]. Il n\u2019y a donc en principe aucune puissance impr\u00e9visible et myst\u00e9rieuse qui entre en jeu et que l\u2019on peut en revanche ma\u00eetriser toute chose par le calcul. Cela signifie le d\u00e9senchantement du monde.\u2009<\/i>\u00bb Dans <i>La Condition de l\u2019homme moderne<\/i> (1961), Hannah Arendt pr\u00e9sente quant \u00e0 elle la modernit\u00e9 \u00e0 travers trois \u00e9v\u00e9nements\u2009: la d\u00e9couverte de l\u2019Am\u00e9rique (annonce d\u2019un monde connu et fini), la R\u00e9forme protestante (comme principe de croyance individuelle en dehors des autorit\u00e9s catholiques traditionnelles), et l\u2019invention du t\u00e9lescope (domination de la science sur la superstition). Elle questionne \u00e9galement notre nouveau rapport au travail face \u00e0 l\u2019automatisation des t\u00e2ches qui repr\u00e9sente l\u2019aboutissement du conditionnement pour limiter le libre arbitre des individus<sup class=\"appel\" data-toggle=\"modal\" data-target=\"#notes\"> (2)<\/sup>. Enfin, nous pouvons citer Charles Taylor qui d\u00e9taille <i>Le Malaise dans la modernit\u00e9 <\/i>(1999), en insistant sur le relativisme moral qui \u00e9galise tout discours sur les valeurs, et la forte demande d\u2019autonomie qui r\u00e9duit toute autorit\u00e9 \u00e0 du pouvoir ou de la domination.<\/p>\n<p>Voil\u00e0 ainsi le n\u0153ud historique du malaise\u2009: le nouvel individualisme. D\u00e9j\u00e0 annonc\u00e9 par Alexis de Tocqueville dans <i>De la d\u00e9mocratie en Am\u00e9rique<\/i> (1841) comme \u00e9tant \u00ab\u2009<i>[\u2026] un sentiment r\u00e9fl\u00e9chi et paisible qui dispose chaque citoyen \u00e0 s\u2019isoler de la masse de ses semblables et \u00e0 se retirer \u00e0 l\u2019\u00e9cart avec sa famille et ses amis [\u2026] l\u2019individualisme ne tarit d\u2019abord que la source des vertus publiques\u2009; mais, \u00e0 la longue, il attaque et d\u00e9truit toutes les autres et va enfin s\u2019absorber dans l\u2019\u00e9go\u00efsme<\/i>\u2009\u00bb. La longue acquisition de l\u2019\u00e9galit\u00e9 des conditions et des droits, pousserait d\u00e9sormais \u00e0 l\u2019apathie, le \u00ab\u2009d\u00e9sint\u00e9r\u00eat pour les affaires publiques\u2009\u00bb et \u00ab\u2009l\u2019amour des jouissances mat\u00e9rielles\u2009\u00bb. Aujourd\u2019hui, alors que ces \u00e9volutions sont pleinement visibles, la principale difficult\u00e9 de compr\u00e9hension d\u00e9coule de l\u2019ambivalence de l\u2019individualisme, autrement dit du caract\u00e8re double, et parfois r\u00e9versible, de la libert\u00e9 pr\u00f4n\u00e9e par les agents et les usagers, tout autant que de la charge morale consid\u00e9rable associ\u00e9e \u00e0 cette injonction.<\/p>\n<h1>Peut-on sortir de l\u2019ambivalence\u2009?<\/h1>\n<p>Notre nouveau rapport au travail est reli\u00e9 \u00e0 ce double mouvement\u2009: la motivation individuelle, l\u2019expression de l\u2019\u00e9motion, la demande d\u2019horizontalit\u00e9, tout comme la flexibilit\u00e9, les changements permanents, les m\u00e9diations \u00e9th\u00e9r\u00e9es, la fragilit\u00e9 aussi et le risque de souffrance psychique. Si l\u2019\u00e9quilibre est difficile voire impossible \u00e0 trouver, c\u2019est bien parce que notre mod\u00e8le de relation professionnelle ne tol\u00e8re plus les \u00e9quilibres stables et exige un repositionnement perp\u00e9tuel. Certains y trouveront une nouvelle dynamique stimulante sur le mode du darwinisme social, de la performance sportive\u2009; d\u2019autres un motif de d\u00e9sengagement. Pr\u00e9cis\u00e9ment, la libert\u00e9 individuelle peut \u00eatre fort utile pour barrer les exc\u00e8s de la hi\u00e9rarchie, pour d\u00e9noncer les corporatismes, mettre en avant des situations dangereuses ou des cas de harc\u00e8lement anciennement pass\u00e9s sous silence par soumission au collectif. Elle peut \u00e9galement permettre une organisation plus \u00e0 l\u2019\u00e9coute des agents, plus horizontale, plus flexible. Inversement, la libert\u00e9 individuelle pousse \u00e0 la d\u00e9nonciation, \u00e0 la pr\u00e9f\u00e9rence pour les solutions \u00e9go\u00efstes, aux strat\u00e9gies de nuisance, au d\u00e9sengagement vis-\u00e0-vis des actions collectives, \u00e0 la lib\u00e9ralisation des m\u00e9thodes de travail parfois en dehors des cadres r\u00e9glementaires. Mais peut-on r\u00e9ellement se passer de l\u2019un sans renoncer \u00e0 l\u2019autre\u2009? Doit-on limiter la libert\u00e9 pour forcer au consentement\u2009?<\/p>\n<p>En effet, les agents exigent eux aussi la libert\u00e9 individuelle sur laquelle les nouveaux m\u00e9canismes de production prosp\u00e8rent, ce qui d\u00e9stabilise la d\u00e9fense classique des corps interm\u00e9diaires, \u00e0 savoir les repr\u00e9sentants de l\u2019institution qui composent l\u2019ex\u00e9cutif hospitalier (directions, encadrement, d\u00e9l\u00e9gu\u00e9s du personnel, chefs de service). Ainsi, de l\u2019individualisation des parcours d\u00e9coule la demande de flexibilit\u00e9 dans les horaires, de mutualisation des t\u00e2ches pour \u00e9viter la standardisation ou l\u2019ennui, de changement r\u00e9gulier pour \u00eatre employable et montrer son adaptabilit\u00e9. Ces demandes, librement exprim\u00e9es et consenties par les hospitaliers, r\u00e9duisent amplement les revendications collectives et, par l\u00e0, rendent plus difficile la d\u00e9fense d\u2019int\u00e9r\u00eat de corps constitu\u00e9s, voire de classe sociale. Par ailleurs, comme les libert\u00e9s individuelles \u00e9taient le ferment de l\u2019\u00e9volution des m\u0153urs dans les ann\u00e9es\u00a060, il devient contradictoire pour les garants du personnel de prendre position contre cette aspiration des agents. On parle de d\u00e9sinstitutionnalisation de l\u2019h\u00f4pital public\u2009: l\u2019ex\u00e9cutif se retrouve d\u00e9sempar\u00e9 face aux mouvements solitaires des employ\u00e9s, et se retrouve \u00e0 faire front commun pour endiguer ces nouvelles \u00e9volutions et d\u00e9fendre r\u00e8glements et principes de s\u00e9curit\u00e9. Il s\u2019ensuit qu\u2019il devient d\u00e9licat pour une institution de ne pas passer pour conservatrice vis-\u00e0-vis des nouveaux rapports sociaux au travail, en proposant du collectif, du vivre-ensemble, de l\u2019autorit\u00e9 retrouv\u00e9e, du respect des textes. Autrement dit, le lib\u00e9ralisme transforme l\u2019ancienne vocation univoque, homog\u00e8ne et \u00e9galitaire de l\u2019institution, en gestion du multiple et de l\u2019\u00e9quit\u00e9 entre les parcours individuels. Alors, pour retrouver la stabilit\u00e9 de l\u2019h\u00f4pital, faut-il forc\u00e9ment revenir en arri\u00e8re\u2009? Au contraire, s\u2019il faut accepter l\u2019instabilit\u00e9 ou l\u2019absence spontan\u00e9e comme mode de gestion, faut-il accepter tout progr\u00e8s individuel ou laisser la technique r\u00e9soudre nos probl\u00e9matiques d\u2019encadrement\u2009? Peut-on faire l\u2019un et l\u2019autre\u2009? Ou ni l\u2019un ni l\u2019autre\u2009?<\/p>\n<blockquote><p>De l\u2019individualisation des parcours d\u00e9coule la demande de flexibilit\u00e9 dans les horaires, de mutualisation des t\u00e2ches pour \u00e9viter la standardisation ou l\u2019ennui, de changement r\u00e9gulier pour \u00eatre employable et montrer son adaptabilit\u00e9.<\/p><\/blockquote>\n<h1>De l\u2019absence au travail d\u00e9sengag\u00e9<\/h1>\n<p>Dans son analyse de la modernit\u00e9, Charles Taylor parle ainsi de mode de vie discontinu, de \u00ab\u2009pointillisme\u2009\u00bb, de \u00ab\u2009soci\u00e9t\u00e9 liquide\u2009\u00bb o\u00f9 la prise sur le r\u00e9el n\u2019est plus ressentie par l\u2019individu, ni l\u2019impression d\u2019accomplir une t\u00e2che de son commencement jusqu\u2019\u00e0 son ach\u00e8vement. Cette incapacit\u00e9 de ne jamais achever les choses est aussi d\u00e9crite par Bung-Chul Han\u2009: \u00ab\u2009<i>On ne peut plus avoir une \u0153uvre d\u00e9finitive, r\u00e9sultat d\u2019un travail achev\u00e9. On travaille beaucoup plus comme en suspens. Il nous manque des formes conclusives avec un d\u00e9but et une fin.\u2009<\/i><sup class=\"appel\" data-toggle=\"modal\" data-target=\"#notes\"> (3)<\/sup><i>\u2009<\/i>\u00bb Autrement dit, nous subissons des troubles dans le rapport au temps\u2009: aucun moment n\u2019est jamais plein, le sentiment d\u2019avoir atteint un but ne se manifeste jamais. Il s\u2019ensuit une l\u00e9g\u00e8ret\u00e9, une forme d\u2019action sans contact, qui trace des \u00e9carts dans le geste ou dans la parole, formant ainsi un quotidien o\u00f9 la satisfaction du travail bien fait nous \u00e9chappe, alors que l\u2019effort du travail persiste. Mais pourrait-on laisser les choses se faire sans intervenir, en esp\u00e9rant que la situation s\u2019arrange spontan\u00e9ment par l\u2019intervention d\u2019une main invisible\u2009? \u00ab\u2009Laisser couler\u2009\u00bb\u2009? Et s\u2019il ne s\u2019agissait finalement que d\u2019une question de g\u00e9n\u00e9ration plus lib\u00e9rale que l\u2019ancienne\u2009? Il faudrait simplement attendre que les anciennes traditions de travail s\u2019estompent\u2026 Ou alors, autre possibilit\u00e9, nous pourrions laisser les proc\u00e9dures formelles et les innovations technologiques suppl\u00e9er les prises de d\u00e9cisions, m\u00eame les plus infimes, cr\u00e9ant ainsi un environnement qui lib\u00e8re le travailleur de l\u2019ambivalence. D\u00e8s lors, cela r\u00e9soudrait une partie de nos conflits mais au d\u00e9triment du libre arbitre et de l\u2019engagement volontaire.<\/p>\n<p>En r\u00e9alit\u00e9, la plupart des solutions engag\u00e9es pour r\u00e9pondre au malaise actuel empruntent souvent l\u2019une des voies appropri\u00e9es, mais sans consid\u00e9rer les autres, tombant alors dans l\u2019exc\u00e8s ou rentrant in\u00e9vitablement en contradiction avec d\u2019autres objectifs. Par exemple, ne pas pr\u00e9server le tutorat par les agents les plus exp\u00e9riment\u00e9s fragilise les pratiques et r\u00e9duit la solidarit\u00e9 entre g\u00e9n\u00e9rations\u2009; promouvoir tel outil num\u00e9rique peut affaiblir l\u2019int\u00e9r\u00eat du travail en standardisant les t\u00e2ches\u2009; telle externalisation de mission ou d\u2019activit\u00e9 rend moins visible la finalit\u00e9 du m\u00e9tier\u2009; telle r\u00e9daction de charte des valeurs, mise en place de comit\u00e9 \u00e9thique, labellisation qualit\u00e9 de vie au travail, rend trop formelle la vie soignante et multipliera la bureaucratie\u2009; tel discours sur la recherche de l\u2019\u00e9quilibre financier ne motivera pas le personnel en qu\u00eate de valeur, etc. En somme, le soup\u00e7on ach\u00e8ve de contaminer tout discours et aucune action ne sera cr\u00e9dible si, derri\u00e8re la recherche de concorde, le management n\u2019est utilis\u00e9 que comme une fabrique de la docilit\u00e9. Le management par \u00ab\u2009projets\u2009\u00bb, par exemple, insistant irr\u00e9m\u00e9diablement sur la seule valeur de l\u2019action comme horizon sans cesse recul\u00e9, d\u00e9tourne l\u2019attention de l\u2019agent hors de l\u2019application et de la concentration strictes que son travail requiert ici et maintenant. Difficile de parler d\u2019avenir quand le pr\u00e9sent n\u2019est plus notre fin. En somme, persister aujourd\u2019hui dans cette voie manag\u00e9riale all\u00e8ge parfois les peines du travailleur \u00e0 court terme mais au d\u00e9triment de son implication d\u00e9finitive et, par cons\u00e9quent au d\u00e9triment des soins prodigu\u00e9s aux malades.<\/p>\n<h1>Penser les limites et les maximes de notre action<\/h1>\n<p>Pour contenir les d\u00e9bordements de la modernit\u00e9 liquide, pour d\u00e9jouer cette \u00ab\u2009culture de l\u2019exc\u00e8s\u2009\u00bb, nous proposons une \u00e9thique contre-intuitive\u2009: penser les limites. Autrement dit, du m\u00e9nagement pour limiter le management actuel. Bien entendu, d\u00e9sormais nous connaissons les biais\u2009: proposer de la mesure, de la mod\u00e9ration, de la retenue, du raisonnable, sera imm\u00e9diatement per\u00e7u comme un affront \u00e0 l\u2019identit\u00e9 moderne ancr\u00e9e de la culture de l\u2019intensit\u00e9, de la comp\u00e9tition, sur le mod\u00e8le combatif ou sportif. M\u00eame id\u00e9ologiquement, affirmer contenir un mouvement qui s\u2019\u00e9tend, une puissance, une libert\u00e9, sera v\u00e9cu comme autoritaire puisque toute forme de r\u00e9sistance \u00e9quivaut \u00e0 un emp\u00eachement injuste. Soit, pensons l\u2019apr\u00e8s. Car, malgr\u00e9 cela, il s\u2019agit de se repositionner au c\u0153ur de l\u2019activit\u00e9, de recentrer le faire sur la finalit\u00e9 des missions de l\u2019h\u00f4pital. Trouver un moyen d\u2019action m\u00e9dian, inspir\u00e9 de pr\u00e9ceptes simples, et issu d\u2019une tradition classique que l\u2019innovation manag\u00e9riale pourrait reconsid\u00e9rer. Pour cela, il est n\u00e9cessaire de rappeler des \u00e9vidences \u00e9clairantes.<\/p>\n<p>Il faut rester mesur\u00e9 sur la valeur propre de l\u2019intensit\u00e9 d\u2019une chose\u2009: tout progr\u00e8s, tout d\u00e9passement n\u2019est pas forc\u00e9ment bon. La sagesse grecque, inscrite au fronton du temple d\u2019Apollon \u00e0 Delphes, a instruit toute une civilisation pendant des si\u00e8cles\u2009: <i>Rien de trop<\/i>. Meilleure des choses, la mesure \u00e9tait consid\u00e9r\u00e9e comme une vertu centrale qui limite les passions et ordonne un monde lisible et sans exc\u00e8s. Avec la pratique de la prudence, Aristote en fait m\u00eame le c\u0153ur de son \u00e9thique\u2009: \u00ab\u2009<i>Ainsi, tout homme averti fuit l\u2019exc\u00e8s et le d\u00e9faut (= le manque), recherche la bonne moyenne et lui donne la pr\u00e9f\u00e9rence [\u2026]. C\u2019est ce qui fait qu\u2019on dit g\u00e9n\u00e9ralement de tout ouvrage convenablement ex\u00e9cut\u00e9 qu\u2019on ne peut rien lui enlever, ni rien lui ajouter, toute addition et toute suppression ne pouvant que lui enlever de sa perfection et cet \u00e9quilibre parfait la conservant.<sup class=\"appel\" data-toggle=\"modal\" data-target=\"#notes\"> (4)<\/sup><\/i>\u2009\u00bb Il faut donc conserver dans sa d\u00e9lib\u00e9ration et son mode d\u2019action, un discernement et notamment sur les choses sur lesquelles nous pouvons agir, et celles sur lesquelles notre action n\u2019aura aucune influence. Pr\u00e9cis\u00e9ment, l\u00e0 o\u00f9 notre investissement affectif ou physique est le plus dilapid\u00e9 et nos efforts vains, c\u2019est lorsque nous nous \u00e9puisons \u00e0 engager du travail sur des domaines ext\u00e9rieurs \u00e0 notre champ d\u2019action. Soit parce que des \u00e9l\u00e9ments viennent de l\u2019ext\u00e9rieur du travail, soit parce que les r\u00e9ponses \u00e0 un probl\u00e8me ne sont pas de notre ressort. Une majorit\u00e9 des conflits provient de l\u2019oubli de cette \u00e9vidence, pourtant d\u00e9j\u00e0 d\u00e9crite au d\u00e9but de notre \u00e8re, dans les pr\u00e9ceptes du manuel d\u2019Epict\u00e8te\u2009:<\/p>\n<p>\u00ab\u2009<i>1. Parmi les choses qui existent, certaines d\u00e9pendent de nous, d\u2019autres non. De nous, d\u00e9pendent la pens\u00e9e, l\u2019impulsion, le d\u00e9sir, l\u2019aversion, bref, tout ce en quoi c\u2019est nous qui agissons\u2009; ne d\u00e9pendent pas de nous le corps, l\u2019argent, la r\u00e9putation, les charges publiques, tout ce en quoi ce n\u2019est pas nous qui agissons.<br \/>\n<\/i><i>2. Ce qui d\u00e9pend de nous est libre naturellement, ne conna\u00eet ni obstacles ni entraves\u2009; ce qui n\u2019en d\u00e9pend pas est faible, esclave, expos\u00e9 aux obstacles et nous est \u00e9tranger.<br \/>\n<\/i><i>3. Donc, rappelle-toi que si tu tiens pour libre ce qui est naturellement esclave et pour un bien propre ce qui t\u2019est \u00e9tranger, tu vivras contrari\u00e9, chagrin\u00e9, tourment\u00e9\u2009; tu en voudras aux hommes<br \/>\ncomme aux dieux\u2009; mais si tu ne juges tien que ce qui l\u2019est vraiment \u2013 et tout le reste \u00e9tranger \u2013, jamais personne ne saura te contraindre ni te barrer la route\u2009; tu ne t\u2019en prendras \u00e0 personne, n\u2019accuseras personne, ne feras jamais rien contre ton gr\u00e9, personne ne pourra te faire de mal et tu n\u2019auras pas d\u2019ennemi puisqu\u2019on ne t\u2019obligera jamais \u00e0 rien qui soit mauvais pour toi.<br \/>\n<\/i><i>4. \u00c0 toi donc de rechercher des biens si grands, en gardant \u00e0 l\u2019esprit que, une fois lanc\u00e9, il ne faut pas se disperser en \u0153uvrant chichement et dans toutes les directions, mais te donner tout entier aux objectifs choisis et remettre le reste \u00e0 plus tard. Mais si, en m\u00eame temps, tu vises le pouvoir et l\u2019argent, tu risques d\u2019\u00e9chouer pour t\u2019\u00eatre attach\u00e9 \u00e0 d\u2019autres buts, alors que seul le premier peut assurer libert\u00e9 et bonheur.\u2009<\/i>\u00bb<\/p>\n<h1>Les limites de la sant\u00e9<\/h1>\n<p>On pourrait consid\u00e9rer que ces propos sont lointains et vagues. Pourtant, cette question est un invariant dans la conduite \u00e0 tenir, soit personnellement, soit dans la prise de d\u00e9cision, soit dans la compr\u00e9hension de probl\u00e9matique complexe qu\u2019il s\u2019agit d\u2019aborder avec \u00ab\u2009tact et mesure\u2009\u00bb. L\u2019esprit de la m\u00e9decine \u00e9voque d\u2019ailleurs ce principe limitatif dans le serment d\u2019Hippocrate, lorsque le m\u00e9decin s\u2019engage en disant \u2009: \u00ab\u2009<i>Je n\u2019entreprendrai rien qui d\u00e9passe mes comp\u00e9tences<\/i>.\u2009\u00bb Pr\u00e9cis\u00e9ment, notre d\u00e9marche consiste \u00e0 d\u00e9terminer les limites de notre action, \u00e0 trouver les espaces o\u00f9 la puissance s\u2019exerce r\u00e9ellement, pour mieux intervenir. Par exemple, voici la d\u00e9finition de la sant\u00e9 que donne l\u2019Organisation mondiale de la sant\u00e9 dans le pr\u00e9ambule de sa Constitution de 1946\u2009: \u00ab\u2009<i>La sant\u00e9 est un \u00e9tat de complet bien-\u00eatre physique, mental et social et ne consiste pas seulement en une absence de maladie ou d\u2019infirmit\u00e9\u2009<\/i>\u00bb ou encore, en figure\u20091, les \u00e9l\u00e9ments qui, pour l\u2019Agence nationale pour l\u2019am\u00e9lioration des conditions de travail (Anact), composent la qualit\u00e9 de vie au travail.<\/p>\n<button data-toggle=\"collapse\" data-target=\"#enc_2018_138_01\">FIGURE 1<\/button><div id=\"enc_2018_138_01\" class=\"encadre collapse\"><p><span class=\"surtitre_enc\">Figure 1<\/span><\/p>\n<h2>Les \u00e9l\u00e9ments constitutifs de la qualit\u00e9 de vie au travail<\/h2>\n<p><img decoding=\"async\" class=\"alignnone size-full wp-image-37461\" src=\"https:\/\/gestions-hospitalieres.fr\/wp-content\/uploads\/2018\/04\/Capture-d\u2019\u00e9cran-2018-04-12-\u00e0-17.06.43.png\" alt=\"\" width=\"600\" height=\"318\" srcset=\"https:\/\/www.ricom-web8.com\/gestions\/wp-content\/uploads\/2018\/04\/Capture-d\u2019\u00e9cran-2018-04-12-\u00e0-17.06.43.png 600w, https:\/\/www.ricom-web8.com\/gestions\/wp-content\/uploads\/2018\/04\/Capture-d\u2019\u00e9cran-2018-04-12-\u00e0-17.06.43-300x159.png 300w\" sizes=\"(max-width: 600px) 100vw, 600px\" \/><\/p>\n<p>Source\u2009: Anact, \u00ab\u200910 questions sur la qualit\u00e9 de vie au travail\u2009\u00bb<\/p>\n<\/div>\n<p>Le monde de la sant\u00e9 n\u2019\u00e9chappe pas au ph\u00e9nom\u00e8ne qui voit r\u00e9guli\u00e8rement un probl\u00e8me de fond, traduit par un langage \u00e9tendu, large, essayant de trop embrasser son objet ou de formaliser \u00e0 outrance sous des aspects scientifiques. De telles d\u00e9finitions doivent trouver des limites, car il n\u2019appara\u00eet pas possible de circonscrire l\u2019ensemble des \u00e9l\u00e9ments pour atteindre v\u00e9ritablement l\u2019\u00e9tat de sant\u00e9 ou une bonne qualit\u00e9 de vie au travail. Au bien-\u00eatre, nul n\u2019est tenu. Il s\u2019agit d\u2019horizons inatteignables, o\u00f9 l\u2019investissement des cadres sera toujours insuffisant, confinant \u00e0 l\u2019\u00e9puisement.<\/p>\n<p>Autre exemple, le suicide, qui illustre l\u2019un des ph\u00e9nom\u00e8nes les plus complexes de la souffrance au travail, peut s\u2019appr\u00e9hender au travers des limites qui contiennent un individu. Dans son \u0153uvre <i>Le Suicide<\/i> (1897), \u00c9mile Durkheim \u00e9voque les hypoth\u00e8ses physiologiques qui ont trait au respect des besoins et des d\u00e9sirs des individus\u2009: \u00ab\u2009<i>Un vivant quelconque ne peut \u00eatre heureux et m\u00eame ne peut vivre que si ses besoins sont suffisamment en rapport avec ses <\/i><i>moyens. Autrement, s\u2019ils exigent plus qu\u2019il ne peut leur \u00eatre accord\u00e9 ou simplement autre chose, ils seront froiss\u00e9s <\/i><i>sans cesse et ne pourront fonctionner sans douleur [\u2026]. Chez l\u2019animal, du moins \u00e0 l\u2019\u00e9tat normal, cet \u00e9quilibre s\u2019\u00e9tablit avec une spontan\u00e9it\u00e9 automatique parce qu\u2019il d\u00e9pend de conditions purement mat\u00e9rielles. [\u2026] Mais il n\u2019en est pas de m\u00eame de l\u2019homme, parce que la plupart de ses besoins ne sont pas, ou ne sont pas au m\u00eame degr\u00e9, sous la d\u00e9pendance du corps. [\u2026] N\u00e9anmoins, on peut admettre que les app\u00e9tits de ce genre rencontrent t\u00f4t ou tard une borne qu\u2019ils ne peuvent franchir. Mais comment fixer la quantit\u00e9 de bien-\u00eatre, de confortable, de luxe que peut l\u00e9gitimement rechercher un \u00eatre humain\u2009? Ni dans la constitution organique, ni dans la constitution psychologique de l\u2019homme, on ne trouve rien qui marque un terme \u00e0 de semblables penchants. Le fonctionnement de la vie individuelle n\u2019exige pas qu\u2019ils s\u2019arr\u00eatent ici plut\u00f4t que l\u00e0. [\u2026] Par elle-m\u00eame, abstraction faite de tout pouvoir ext\u00e9rieur qui la r\u00e8gle, notre sensibilit\u00e9 est un ab\u00eeme sans fond que rien ne peut combler. Mais alors, si rien ne vient la contenir du dehors, elle ne peut \u00eatre pour elle-m\u00eame qu\u2019une source de tourments.\u2009<\/i><sup class=\"appel\" data-toggle=\"modal\" data-target=\"#notes\"> (5)<\/sup>\u2009\u00bb Pour le sociologue, nos projections illimit\u00e9es sur des d\u00e9sirs impossibles \u00e0 combler (dont font partie la reconnaissance, le pouvoir, ou toute gratification immat\u00e9rielle) sont les sources de nos souffrances. Et appellent la constitution d\u2019une limite. De nos jours, la pr\u00e9dominance de la souffrance psychique intensifie ce ph\u00e9nom\u00e8ne.<\/p>\n<h1>Les vertus de l\u2019\u00e9chec et du doute \u00e0 l\u2019h\u00f4pital<\/h1>\n<p>Il existe encore une autre bordure \u00e0 appr\u00e9hender \u00e0 l\u2019h\u00f4pital, notamment pour mesurer le jugement des d\u00e9cisions collectives prises autour du soin et des donn\u00e9es th\u00e9oriques que nous pouvons en retirer. D\u2019un point de vue institutionnel d\u2019abord, la complexit\u00e9 de l\u2019h\u00f4pital r\u00e9duit la capacit\u00e9 \u00e0 changer les choses. Par exemple, il appara\u00eet que la gouvernance entre les tutelles et les \u00e9tablissements de sant\u00e9 est limit\u00e9e par ce que Jean-Claude Moisdon appelle le \u00ab\u2009paradoxe de la bo\u00eete noire\u2009\u00bb. Pour ce sp\u00e9cialiste des sciences de gestion, les r\u00e9gulateurs des soins (ARS, minist\u00e8re) ne se m\u00ealent pas de l\u2019organisation interne aux \u00e9tablissements, jug\u00e9e tr\u00e8s complexe. Par cons\u00e9quent, les outils de suivi \u00e9labor\u00e9s par ces acteurs loin du terrain restent trop synth\u00e9tiques pour que les \u00e9tablissements puissent v\u00e9ritablement se r\u00e9former. Nous comprenons \u00e9galement que des crispations se produisent autour de th\u00e9matiques trop complexes pour qu\u2019elles puissent \u00eatre correctement appr\u00e9hend\u00e9es en dehors des aspects techniques\u2009: m\u00e9thodologie de la tarification \u00e0 l\u2019activit\u00e9 par exemple, aspects \u00e9thiques, prise en charge de pathologie, causes r\u00e9elles de l\u2019absent\u00e9isme, cons\u00e9quences de telles mesures institutionnelles, etc. D\u2019un point de vue plus m\u00e9dical, les recherches r\u00e9centes montrent que malgr\u00e9 l\u2019avanc\u00e9e de la science, les diagnostics comprennent une part d\u2019al\u00e9as et d\u00e9pendent \u00e9troitement du m\u00e9decin qui les pose.<\/p>\n<p>C\u2019est ce que constate le prix Nobel d\u2019\u00e9conomie Daniel Kahneman lorsqu\u2019il \u00e9tudie la prise de d\u00e9cision<sup class=\"appel\" data-toggle=\"modal\" data-target=\"#notes\"> (6)<\/sup>\u2009: m\u00eame pour les experts ou les professionnels comp\u00e9tents, on retrouve des variations de jugement (des \u00ab\u2009bruits\u2009\u00bb) autour d\u2019un m\u00eame cas ou pour r\u00e9pondre \u00e0 une m\u00eame situation. Il faut donc r\u00e9viser notre jugement sur la fiabilit\u00e9 des choix, m\u00eame les plus techniques qui semblent ob\u00e9ir \u00e0 des proc\u00e9dures neutres et impersonnelles. Car, enfin, rappelons que le soin n\u2019est pas une science dure et qu\u2019il faut conserver une approche \u00e9clair\u00e9e par le doute et enrichie par l\u2019\u00e9chec. C\u2019est ce que rappelle Matthew Crawford, en se r\u00e9f\u00e9rant \u00e0 ce qu\u2019Aristote nomme les arts \u00ab\u2009stochastiques\u2009\u00bb\u2009: \u00ab\u2009<i>Un exemple en est la m\u00e9decine. La ma\u00eetrise d\u2019un art stochastique est compatible avec un \u00e9chec \u00e9ventuel dans la poursuite de son objet (la sant\u00e9 en l\u2019occurrence). Comme l\u2019\u00e9crit Aristote\u2009: il n\u2019appartient pas \u00e0 la m\u00e9decine d\u2019engendrer la sant\u00e9, mais seulement de la promouvoir autant que possible. Les activit\u00e9s d\u2019entretien et de r\u00e9paration, qu\u2019il s\u2019agisse de v\u00e9hicules ou de corps humains, sont tr\u00e8s diff\u00e9rentes des activit\u00e9s de fabrication ou de construction \u00e0 partir de z\u00e9ro.<\/i><sup class=\"appel\" data-toggle=\"modal\" data-target=\"#notes\"> (7)<\/sup>\u2009\u00bb Et d\u2019ajouter avec justesse\u2009: \u00ab\u2009<i>L\u2019exp\u00e9rience de l\u2019\u00e9chec mod\u00e8re l\u2019illusion de la ma\u00eetrise\u2009; dans leur travail quotidien, m\u00e9decins et m\u00e9caniciens doivent appr\u00e9hender le monde comme une entit\u00e9 qui ne d\u00e9pend pas d\u2019eux, et ils connaissent parfaitement la diff\u00e9rence entre le moi et le non-moi. \u00catre un \u201cr\u00e9parateur\u201d, c\u2019est peut-\u00eatre aussi une forme de cure contre le narcissisme.<\/i>\u2009\u00bb<\/p>\n<blockquote><p>La question qui agite le management est en r\u00e9alit\u00e9 politique\u2009: comment faire tenir ensemble des individus, en leur racontant une histoire qui les concerne tous, pour \u0153uvrer dans le sens du collectif\u2009?<\/p><\/blockquote>\n<h1>Deux illusions\u2009: authenticit\u00e9 et reconnaissance<\/h1>\n<p>Illustrons notre propos. Dans les r\u00e9ponses actuelles du management, nous rencontrons g\u00e9n\u00e9ralement les notions d\u2019authenticit\u00e9 et de reconnaissance. La notion d\u2019authenticit\u00e9 est un d\u00e9veloppement de l\u2019individualisme dont l\u2019origine est la valorisation importante du sentiment intime et de la cr\u00e9ation artistique comme expression de notre identit\u00e9 profonde. Cette forme de romantisme est r\u00e9apparue dans la critique artistique du travail, lors de la lib\u00e9ration des m\u0153urs dans les ann\u00e9es 60. Il s\u2019agissait alors de d\u00e9noncer le monde du travail, son organisation scientifique et ses standards, afin de promouvoir une vie plus conforme aux aspirations personnelles et aux respects des droits individuels. L\u2019enjeu \u00e9tait de tracer une limite entre le plaisir de la vie priv\u00e9e et les efforts fournis au travail. Nous l\u2019avons dit, cette distinction s\u2019est effac\u00e9e sous l\u2019effet d\u2019une r\u00e9appropriation de l\u2019\u00e9motion comme processus de production. La notion d\u2019authenticit\u00e9 a donc \u00e9t\u00e9 galvaud\u00e9e au profit d\u2019un discours manag\u00e9rial vantant le d\u00e9veloppement personnel sur le lieu de travail, l\u2019expression de soi dans son service, le d\u00e9passement de ses propres limites ou bien encore la constitution d\u2019une identit\u00e9 unique mais conforme aux valeurs de l\u2019\u00e9tablissement. Cette fausse authenticit\u00e9 g\u00e9n\u00e8re une ambigu\u00eft\u00e9 pour le travailleur et constitue une illusion d\u2019originalit\u00e9 alors que progressent les automatismes, processus standardis\u00e9s, mod\u00e8les math\u00e9matiques, algorithmes, etc. Trouver sa place unique dans un collectif devient une qu\u00eate vaine et toujours d\u00e9cevante. Formation, tests de personnalit\u00e9, coaching, ne servent alors qu\u2019\u00e0 affirmer que vous n\u2019\u00eates jamais au poste qui r\u00e9v\u00e8le parfaitement votre \u00eatre unique, tout en \u0153uvrant pour le bien-\u00eatre commun.<\/p>\n<button data-toggle=\"collapse\" data-target=\"#enc_2018_138_02\">FIGURE 2<\/button><div id=\"enc_2018_138_02\" class=\"encadre collapse\"><p><span class=\"surtitre_enc\">Figure 2<\/span><\/p>\n<h2>La m\u00e9thode Ikigai<\/h2>\n<h3>Exemple de formalisation de la recherche d\u2019authenticit\u00e9<\/h3>\n<p><img decoding=\"async\" class=\"alignnone size-full wp-image-37460\" src=\"https:\/\/gestions-hospitalieres.fr\/wp-content\/uploads\/2018\/04\/Capture-d\u2019\u00e9cran-2018-04-12-\u00e0-17.05.38.png\" alt=\"\" width=\"600\" height=\"598\" srcset=\"https:\/\/www.ricom-web8.com\/gestions\/wp-content\/uploads\/2018\/04\/Capture-d\u2019\u00e9cran-2018-04-12-\u00e0-17.05.38.png 600w, https:\/\/www.ricom-web8.com\/gestions\/wp-content\/uploads\/2018\/04\/Capture-d\u2019\u00e9cran-2018-04-12-\u00e0-17.05.38-200x200.png 200w, https:\/\/www.ricom-web8.com\/gestions\/wp-content\/uploads\/2018\/04\/Capture-d\u2019\u00e9cran-2018-04-12-\u00e0-17.05.38-300x300.png 300w\" sizes=\"(max-width: 600px) 100vw, 600px\" \/><\/p>\n<h3>M\u00e9thode japonaise pour cerner l\u2019espace (Ikigai) repr\u00e9sentant ce qui est le plus proche de son \u00eatre propre dans la soci\u00e9t\u00e9.<\/h3>\n<\/div>\n<p>Il est d\u2019autant plus illusoire d\u2019atteindre \u00e0 tout prix l\u2019originalit\u00e9, que le monde du travail s\u2019organise pour d\u00e9velopper l\u2019automatisation sur la majorit\u00e9 des t\u00e2ches. Cette qu\u00eate de valorisation \u00e0 outrance vient faire \u00e9cho \u00e0 une forme de lutte pour rester dans les secteurs qui \u00e9chapperont \u00e0 la num\u00e9risation.<\/p>\n<p>Voici par exemple en figure\u00a03 un graphique de l\u2019\u00e9tude du cabinet Roland Berger qui annonce la suppression de 3 millions d\u2019emplois \u00e0 l\u2019horizon 2025, avec le d\u00e9veloppement de l\u2019informatisation et de l\u2019automatisation des t\u00e2ches notamment dans le secteur tertiaire \u00ab\u2009\u00e0 faible valeur cognitives\u2009\u00bb.<\/p>\n<button data-toggle=\"collapse\" data-target=\"#enc_2018_138_03\">FIGURE 3<\/button><div id=\"enc_2018_138_03\" class=\"encadre collapse\"><p><span class=\"surtitre_enc\">Figure 3<\/span><\/p>\n<h2>Part des m\u00e9tiers susceptibles d\u2019\u00eatre fortement informatis\u00e9s et automatis\u00e9s<\/h2>\n<h3>Donn\u00e9es 2013<\/h3>\n<p><img decoding=\"async\" class=\"alignnone size-full wp-image-37462\" src=\"https:\/\/gestions-hospitalieres.fr\/wp-content\/uploads\/2018\/04\/Capture-d\u2019\u00e9cran-2018-04-12-\u00e0-17.07.30.png\" alt=\"\" width=\"600\" height=\"570\" srcset=\"https:\/\/www.ricom-web8.com\/gestions\/wp-content\/uploads\/2018\/04\/Capture-d\u2019\u00e9cran-2018-04-12-\u00e0-17.07.30.png 600w, https:\/\/www.ricom-web8.com\/gestions\/wp-content\/uploads\/2018\/04\/Capture-d\u2019\u00e9cran-2018-04-12-\u00e0-17.07.30-300x285.png 300w\" sizes=\"(max-width: 600px) 100vw, 600px\" \/><\/p>\n<p>Source\u2009: rapport Roland Berger, \u00abLes classes moyennes face \u00e0 la transformation digitale\u2009\u00bb, octobre 2014.<\/p>\n<\/div>\n<p>Il est donc contradictoire d\u2019enseigner \u00e0 chaque individu qu\u2019il pourra s\u2019\u00e9panouir et exprimer sa valeur propre sur des secteurs qui deviennent de moins en moins attractifs, ou dans des m\u00e9tiers dont les marges de man\u0153uvre se r\u00e9duisent consid\u00e9rablement pour r\u00e9pondre \u00e0 des normes de s\u00e9curit\u00e9, \u00e0 prises en charge recommand\u00e9es ou pour optimiser les co\u00fbts. Ce discours peut para\u00eetre dissonant et entra\u00eenera forc\u00e9ment d\u00e9ception puis d\u00e9motivation. \u00c0 l\u2019inverse, il reste tout \u00e0 fait possible d\u2019\u00e9prouver directement, le sentiment de bien faire son travail, sans forc\u00e9ment exprimer son \u00eatre authentique.<\/p>\n<p>La reconnaissance est un ph\u00e9nom\u00e8ne associ\u00e9 \u00e0 celui-l\u00e0. Elle est d\u00e9finie comme une m\u00e9diation primaire par un tiers, qui vous renvoie une satisfaction li\u00e9e \u00e0 votre identit\u00e9 propre, \u00e0 l\u2019utilit\u00e9 de votre action, et \u00e0 la bonne position que vous occupez dans un collectif. Il devient alors \u00e9vident que le geste de l\u2019hospitalier ne consolide plus sa motivation lorsqu\u2019il est assist\u00e9 par des m\u00e9diations neutres (grilles d\u2019\u00e9valuation, process, tableaux, indicateurs)\u2009; qu\u2019il n\u2019est pas form\u00e9 dans le service m\u00eame\u2009; qu\u2019il se retrouve d\u00e9coup\u00e9 et priv\u00e9 de sa finalit\u00e9 (par exemple si une partie de la cha\u00eene de production est externalis\u00e9e)\u2009; qu\u2019il n\u2019est plus reconnu par le patient. Pour pallier ce sentiment de d\u00e9perdition, on observe alors de fausses reconnaissances mises en \u0153uvre par l\u2019institution (distinctions, prix, journ\u00e9es th\u00e9matiques, s\u00e9minaires, discours sur les valeurs ou l\u2019identit\u00e9 de l\u2019\u00e9tablissement) ou bien les individus eux-m\u00eames trouvent des voies parall\u00e8les pour \u00eatre reconnus, m\u00eame si celles-ci sont n\u00e9gatives (la position de travailleur z\u00e9l\u00e9, d\u2019agent docile ou \u00e0 l\u2019inverse de victime est un moyen de reconnaissance d\u00e9voy\u00e9e). Buyng-Chul Han parle d\u2019une crise de la gratification, comme cons\u00e9quence d\u2019une soci\u00e9t\u00e9 o\u00f9 l\u2019on demande aux individus d\u2019\u00eatre autonomes et de se gouverner eux-m\u00eames, d\u00e9laissant les r\u00e9f\u00e9rents qui attribuaient la reconnaissance\u2009: \u00ab\u2009<i>Le manque de rapport \u00e0 autrui provoque une crise de la gratification. La gratification-reconnaissance pr\u00e9suppose l\u2019autorit\u00e9 d\u2019autrui ou d\u2019un tiers. Il n\u2019est pas possible de se r\u00e9compenser soi-m\u00eame ou d\u2019avoir de la reconnaissance pour soi-m\u00eame [\u2026]. La structure de gratification \u00e9tant perturb\u00e9e, le sujet performant se sent oblig\u00e9 de faire preuve de toujours plus de capacit\u00e9s.<\/i><sup class=\"appel\" data-toggle=\"modal\" data-target=\"#notes\"> (8)<\/sup>\u00bb<\/p>\n<p>Nous le voyons, il est compliqu\u00e9 de trouver sa place dans un environnement, notamment le secteur sanitaire, o\u00f9 techniques et formalisation des proc\u00e9d\u00e9s de travail fa\u00e7onnent le comportement du personnel. \u00c9voquer le bien-\u00eatre, la convivialit\u00e9, l\u2019originalit\u00e9 ou la reconnaissance, dans un milieu professionnel qui limite concr\u00e8tement leur possibilit\u00e9, provoque in\u00e9vitablement des d\u00e9fections. Il nous appara\u00eet encore indispensable de promouvoir une approche que nous pourrions appeler \u00ab\u2009convivialiste\u2009\u00bb<sup class=\"appel\" data-toggle=\"modal\" data-target=\"#notes\"> (9)<\/sup>, \u00e0 savoir une d\u00e9marche globale qui consid\u00e8re le travailleur dans son environnement professionnel de mani\u00e8re \u00e0 \u00e9tudier l\u2019impact de toute innovation, toute technique, toute proc\u00e9dure, sur l\u2019int\u00e9r\u00eat du patient, la sant\u00e9 du travailleur, l\u2019utilisation des ressources et l\u2019\u00e9quilibre \u00e9conomique. C\u2019est une approche syst\u00e9mique qui ne doit pas \u00eatre gouvern\u00e9e par l\u2019efficacit\u00e9 d\u2019une mesure \u00e0 court terme, dont le b\u00e9n\u00e9fice est souvent imm\u00e9diat mais g\u00e9n\u00e8re des d\u00e9penses ou des souffrances <i>a\u00a0posteriori<\/i> plus importantes que les probl\u00e8mes identifi\u00e9s au d\u00e9part. Par exemple, un nouveau logiciel, l\u2019utilisation d\u2019une nouvelle proc\u00e9dure de soin, l\u2019installation d\u2019un automate en pharmacie, la cr\u00e9ation de nouvelles grilles d\u2019\u00e9valuation de la qualit\u00e9 des soins ou toute mesure redondante qui est \u00e9labor\u00e9e uniquement pour cr\u00e9er un effet d\u2019annonce ou r\u00e9pondre \u00e0 une demande d\u2019action imm\u00e9diate, sans consid\u00e9rer qu\u2019elle g\u00e9n\u00e8re des dysfonctionnements par ailleurs.<\/p>\n<h1>Holacratie, agilit\u00e9, disruption, h\u00f4pital lib\u00e9r\u00e9\u2026<\/h1>\n<h2>Les limites de l\u2019innovation manag\u00e9riale<\/h2>\n<p>La question qui agite le management est en r\u00e9alit\u00e9 politique : comment faire tenir ensemble des individus, en leur racontant une histoire qui les concerne tous, pour \u0153uvrer dans le sens du collectif\u2009? L\u2019innovation manag\u00e9riale essaie de traiter une question classique, qui int\u00e9ressait d\u00e9j\u00e0 Taylor au d\u00e9but de l\u2019\u00e8re industrielle\u2009: comment d\u00e9velopper et maintenir la coh\u00e9sion et la motivation dans une entreprise\u2009? Depuis le nouvel individualisme qui pose la critique de toute forme d\u2019autorit\u00e9 et la demande d\u2019extension des droits, plusieurs voies s\u2019ouvrent pour d\u00e9hi\u00e9rarchiser les organisations de travail ou bien les rendre plus adaptables au contexte \u00e9conomique et social. Pour rompre avec la hi\u00e9rarchie verticale, les managers proposent des mod\u00e8les holacratiques, \u00e0 savoir des organisations o\u00f9 les tensions se r\u00e8glent au niveau op\u00e9rationnel \u00e0 travers des cellules bien identifi\u00e9es qui s\u2019autog\u00e8rent. Ce mod\u00e8le horizontal se retrouve de la m\u00eame mani\u00e8re dans l\u2019entreprise lib\u00e9r\u00e9e ou dans une certaine vision du <i>lean<\/i> management (le principe du Gemba) que nous avions mis en avant dans notre exp\u00e9rience d\u2019h\u00f4pital lib\u00e9r\u00e9. D\u2019autres principes \u00e0 la mode se d\u00e9clinent autour de l\u2019agilit\u00e9 ou de la disruption, versions actualis\u00e9es de la th\u00e9orie schump\u00e9terienne de \u00ab\u2009destruction cr\u00e9atrice\u2009\u00bb qui consid\u00e8re que l\u2019entreprise doit muter en continu face au contexte \u00e9conomique en disposant d\u2019assez de libert\u00e9s pour s\u2019adapter. Toutefois, \u00e0 nouveau, ces mod\u00e8les contiennent une ambivalence car pensant r\u00e9pondre \u00e0 certaines probl\u00e9matiques de la modernit\u00e9, ils occultent les autres conditions qui les accompagnent. Par exemple, les entreprises qui ont choisi l\u2019holacratie en reviennent car la d\u00e9centralisation de la prise de d\u00e9cision entra\u00eene une bureaucratie due \u00e0 la multiplication des interlocuteurs et des r\u00e9unions d\u2019\u00e9change, incompatibles avec l\u2019urgence des situations de tension. Par ailleurs, le collectif n\u2019est pas forc\u00e9ment retrouv\u00e9 lorsque l\u2019on promeut la fractalit\u00e9 ou l\u2019autonomie de gestion des p\u00f4les op\u00e9rationnels. L\u2019agilit\u00e9 ou la disruption, quant \u00e0 elles, m\u00e9connaissent la culture de travail bas\u00e9e sur la permanence des comp\u00e9tences ou bien simplement les r\u00e8gles de la fonction publique dont l\u2019institution hospitali\u00e8re est garante. Ces mod\u00e8les, pour s\u00e9duisants qu\u2019ils soient, ont donc \u00e9galement leurs limites.<\/p>\n<p>Nous l\u2019avions d\u00e9montr\u00e9 dans notre exp\u00e9rience d\u2019h\u00f4pital lib\u00e9r\u00e9<sup class=\"appel\" data-toggle=\"modal\" data-target=\"#notes\"> (10)<\/sup>, il s\u2019agit d\u2019adopter une position manag\u00e9riale proche de l\u2019\u00e9quilibrisme, sur le mod\u00e8le de la parcimonie, de la prudence, de l\u2019\u00e9conomie de moyens, inspir\u00e9e de pratiques plus orientales qu\u2019occidentales pour lesquelles efficacit\u00e9, performance et action sont toujours li\u00e9es. Cette position d\u00e9licate implique que plus on monte dans la hi\u00e9rarchie, plus on efface son pouvoir au profit de ceux qui exercent v\u00e9ritablement la puissance, \u00e0 savoir les agents administratifs, techniques et logistiques, les soignants et les cadres de proximit\u00e9. Pour bien gouverner, parfois, il s\u2019agit de moins gouverner\u2009: \u00ab\u2009<i>Le bon prince est celui qui, en supprimant les contraintes et les exclusions, permet \u00e0 chaque existant de s\u2019\u00e9panouir \u00e0 son gr\u00e9. Son agir, sans agir, qui n\u2019est pas ne rien faire du tout, est une forme de laisser faire pour faire en sorte que cela puisse se faire tout seul.<\/i><sup class=\"appel\" data-toggle=\"modal\" data-target=\"#notes\"> (11)<\/sup><i>\u2009<\/i>\u00bb De la m\u00eame mani\u00e8re, le sociologue Christian Morel, apr\u00e8s avoir \u00e9tudi\u00e9 les dysfonctionnements de grandes industries et notamment de l\u2019h\u00f4pital, pr\u00e9conise un principe de gestion \u00e9pur\u00e9, la \u00ab\u2009hi\u00e9rarchie restreinte impliqu\u00e9e\u2009\u00bb, \u00e0 savoir un \u00ab\u2009<i>transfert du pouvoir de d\u00e9cision vers des acteurs sans position hi\u00e9rarchique, mais d\u00e9tenteurs d\u2019un savoir et en prise directe avec les op\u00e9rations (coll\u00e9gialit\u00e9). La hi\u00e9rarchie ne dispara\u00eet pas, bien au contraire, c\u2019est aux chefs qu\u2019incombe la responsabilit\u00e9 de la d\u00e9finition de la mission et de son explication afin que les subordonn\u00e9s sachent dans quel sens d\u00e9cider. On ne supprime pas l\u2019autorit\u00e9. L\u2019organisation doit savoir \u00eatre alternativement centralis\u00e9e et d\u00e9centralis\u00e9e, car l\u2019absence d\u2019autorit\u00e9 peut \u00eatre aussi catastrophique que son exc\u00e8s. Tout l\u2019art d\u2019une organisation hautement fiable est de savoir o\u00f9 manifester fermement l\u2019autorit\u00e9 et o\u00f9 la suspendre<\/i><sup class=\"appel\" data-toggle=\"modal\" data-target=\"#notes\"> (12)<\/sup>\u00bb.<\/p>\n<blockquote><p>Tout comme le cadre peut donner forme \u00e0 l\u2019image, l\u2019encadrement \u00e0 l\u2019h\u00f4pital a pour fonction de contenir un service, de tracer les contours qui garantissent au personnel, la stabilit\u00e9.<\/p><\/blockquote>\n<h1>Encadrement et institution<\/h1>\n<p>Si les soignants ont le pouvoir, \u00e0 l\u2019encadrement revient l\u2019autorit\u00e9. Mais qu\u2019est-ce qu\u2019un cadre\u2009? Dans le domaine de l\u2019art pictural, le cadre est la limite de l\u2019image. Comme le socle pour la sculpture, il s\u00e9pare l\u2019espace entre le contenu et l\u2019ext\u00e9rieur. Le cadre n\u2019a pas qu\u2019une fonction utilitaire pour exposer une image, c\u2019est un ornement qui, s\u2019il est travaill\u00e9 en ce sens, rehausse le contenu artistique, le met en valeur. Tout comme le cadre peut donner forme \u00e0 l\u2019image, l\u2019encadrement \u00e0 l\u2019h\u00f4pital a pour fonction de contenir un service, de tracer les contours qui garantissent au personnel, la stabilit\u00e9. Il appara\u00eet alors indispensable de conserver un fonctionnement hospitalier o\u00f9 la verticalit\u00e9 n\u2019est pas vue comme une forme excessive de pouvoir, mais bien comme un vecteur d\u2019autorit\u00e9 construite sur l\u2019exp\u00e9rience, la transmission et la m\u00e9diation. Ces m\u00e9diations primaires, ce contact direct sans faux interm\u00e9diaires, sont l\u2019essence m\u00eame de la reconnaissance du travail bien fait. Notre constat est que la coh\u00e9rence d\u2019un h\u00f4pital se structure \u00e0 travers la justesse de son encadrement qu\u2019il soit administratif, soignant, m\u00e9dical. Il faut alors remplacer l\u2019exc\u00e8s de contr\u00f4le, de surveillance, par l\u2019autorit\u00e9 l\u00e9gitime des repr\u00e9sentants de l\u2019institution. Le management des cadres ne peut pas devenir un art de r\u00e9soudre la crise et de la perp\u00e9tuer pour rester toujours \u00e0 l\u2019aff\u00fbt, comme si la vie professionnelle n\u2019\u00e9tait qu\u2019un \u00e9quilibre instable et perp\u00e9tuellement menac\u00e9 par le d\u00e9sordre. Contrairement \u00e0 cette vision actuelle, nous affirmons que pour consolider une identit\u00e9 stable, n\u00e9cessaire \u00e0 l\u2019attachement des agents, il faut aussi des entraves et des temps morts.<\/p>\n<p>Car l\u2019h\u00f4pital public est une institution au sens strict du terme, en cela qu\u2019il est gouvern\u00e9 avant tout par des r\u00e8gles de droit public, et port\u00e9 par des valeurs non marchandes \u00e0 savoir la prise en charge des personnes malades dans la soci\u00e9t\u00e9. Il porte la responsabilit\u00e9 du tiers qui m\u00e9diatise les relations des agents entre eux, en redonnant des perspectives. Nous renvoyons ici \u00e0 la distinction que Baptiste Rappin fait entre institution et organisation, rappelant l\u2019\u00e9tymologie du mot institution\u2009: \u00ab\u2009<i>La racine indo-europ\u00e9enne, steh-, qui d\u00e9signe notamment le m\u00e2t du bateau, a trait \u00e0 la verticalit\u00e9 qui assure la stabilit\u00e9\u2009; on la retrouve dans les mots suivants\u2009: \u00eatre, stabilit\u00e9, institution, instituer, instituteur, constitution, \u00e9tat (state), statut, stature, to stand, stehen, etc.<\/i><sup class=\"appel\" data-toggle=\"modal\" data-target=\"#notes\"> (13)<\/sup>\u00bb En vertu des nouvelles conditions de travail, il appara\u00eet compliqu\u00e9 de chercher \u00e0 d\u00e9velopper l\u2019horizontalit\u00e9 sans fixer une limite, au-del\u00e0 de laquelle l\u2019h\u00f4pital public n\u2019assurerait plus son r\u00f4le institutionnel qu\u2019il tient des valeurs du soin avant tout. Et ces valeurs sont souvent contre-intuitives pour les rapports sociaux contemporains\u2009: \u00e9coute, lenteur, consid\u00e9ration, bienveillance, enjeux \u00e9thiques, fins non commerciales, long terme.<\/p>\n<button data-toggle=\"collapse\" data-target=\"#enc_2018_138_04\">Encadr\u00e9 1<\/button><div id=\"enc_2018_138_04\" class=\"encadre collapse\"><p><span class=\"surtitre_enc\">Encadr\u00e9 1<\/span><\/p>\n<h2>Qu\u2019est-ce que l\u2019autorit\u00e9\u2009?*<\/h2>\n<p>\u00ab\u200aPuisque l\u2019autorit\u00e9 requiert toujours l\u2019ob\u00e9issance, on la prend souvent pour une forme de pouvoir ou de violence. Pourtant l\u2019autorit\u00e9 exclut l\u2019usage de moyens ext\u00e9rieurs de coercition\u2009; l\u00e0 o\u00f9 la force est employ\u00e9e, l\u2019autorit\u00e9 proprement dite a \u00e9chou\u00e9. L\u2019autorit\u00e9, d\u2019autre part, est incompatible avec la persuasion qui pr\u00e9suppose l\u2019\u00e9galit\u00e9 et op\u00e8re par un processus d\u2019argumentation. L\u00e0 o\u00f9 on a recours \u00e0 des arguments, l\u2019autorit\u00e9 est laiss\u00e9e de c\u00f4t\u00e9. Face \u00e0 l\u2019ordre \u00e9galitaire de la persuasion, se tient l\u2019ordre autoritaire, qui est toujours hi\u00e9rarchique. S\u2019il faut vraiment d\u00e9finir l\u2019autorit\u00e9, alors ce doit \u00eatre en l\u2019opposant \u00e0 la fois \u00e0 la contrainte par force et \u00e0 la persuasion par arguments. (La relation autoritaire entre celui qui commande et celui qui ob\u00e9it ne repose ni sur une raison commune, ni sur le pouvoir de celui qui commande\u2009; ce qu\u2019ils ont en commun, c\u2019est la hi\u00e9rarchie elle-m\u00eame, dont chacun reconna\u00eet la justesse et la l\u00e9gitimit\u00e9, et o\u00f9 tous deux ont d\u2019avance leur place fix\u00e9e.)\u2009\u00bb<\/p>\n<p>*Hannah Arendt, La crise de la culture, \u00ab Qu\u2019est-ce que l\u2019autorit\u00e9 ? \u00bb<\/p>\n<\/div>\n<h1>Un ex\u00e9cutif hautement fiable<\/h1>\n<p>Une derni\u00e8re limite \u00e0 reconsid\u00e9rer pour revaloriser le fonctionnement de l\u2019h\u00f4pital, c\u2019est la capacit\u00e9 de l\u2019ex\u00e9cutif \u00e0 organiser correctement les soins. \u00c0 nouveau, nous entendons par \u00ab\u2009ex\u00e9cutif\u2009\u00bb l\u2019ensemble des directeurs, leurs adjoints, cadres administratifs, techniques, logistiques, mais aussi cadres de sant\u00e9 et m\u00e9decins chefs de service. Car de nombreux dysfonctionnements proviennent, non pas d\u2019\u00e9l\u00e9ments ext\u00e9rieurs faciles \u00e0 accuser, mais de biais cognitifs qui r\u00e9duisent notre capacit\u00e9 \u00e0 prendre des d\u00e9cisions justes. C\u2019est pr\u00e9cis\u00e9ment ce que Christian Morel, dans <i>Les D\u00e9cisions absurdes<\/i>, met en avant. En voici quelques-uns\u2009:<\/p>\n<ul>\n<li><i>Polarisation\u2009: les individus ont tendance, apr\u00e8s avoir particip\u00e9 \u00e0 une discussion de groupe, \u00e0 d\u00e9cider d\u2019une action plus risqu\u00e9e que celle qu\u2019ils auraient adopt\u00e9e sans cette discussion.<\/i><\/li>\n<li><i>Paradigme de Asch\u2009: l\u2019individu a tendance \u00e0 se ranger \u00e0 l\u2019avis unanime du groupe, en d\u00e9pit de son caract\u00e8re clairement inexact.<\/i><\/li>\n<li><i>Biais de confirmation\u2009: tendance des individus \u00e0 retenir uniquement les informations et les arguments qui confirment leur opinion.<\/i><\/li>\n<li><i>Pens\u00e9e de groupe\u2009: on privil\u00e9gie souvent l\u2019harmonie et la coh\u00e9sion sur l\u2019expression des d\u00e9saccords et les conflits internes.<\/i><\/li>\n<li><i>Communication silencieuse\u2009: une part importante des d\u00e9lib\u00e9rations est muette car chacun cherche \u00e0 supputer ce que pensent les autres. Beaucoup de ces supputations se r\u00e9v\u00e8lent fausses et cr\u00e9ent des malentendus.<\/i><\/li>\n<li><i>Effet de pression hi\u00e9rarchique\u2009: on dissimule des d\u00e9saccords ou des erreurs par crainte de m\u00e9contenter notre sup\u00e9rieur hi\u00e9rarchique.<\/i><\/li>\n<li><i>Effet de nombre\u2009: plus le nombre de participants est \u00e9lev\u00e9 \u00e0 une r\u00e9union, plus la d\u00e9lib\u00e9ration est difficile.<\/i><\/li>\n<li><i>Transmission sans redondance\u2009: une fois une information importante transmise \u00e0 un sup\u00e9rieur, on consid\u00e8re qu\u2019il ne faut pas insister.<\/i><\/li>\n<li><i>Transversalit\u00e9\u2009: on s\u2019autocensure plus facilement sur un sujet transversal car on ne ma\u00eetrise qu\u2019une partie du projet.<\/i><\/li>\n<li><i>Biais de la chose saillante\u2009: donner une importance primordiale \u00e0 ce que l\u2019on voit en premier.<\/i><\/li>\n<li><i>Fascination pour l\u2019objectif\u2009: plus on avance, plus il est difficile de renoncer m\u00eame si poursuivre constitue manifestement une erreur. La soci\u00e9t\u00e9 valorise la capacit\u00e9 \u00e0 ne pas renoncer, \u00e0 pers\u00e9v\u00e9rer. Reculer n\u2019est pas courageux. En management, reculer une fois la d\u00e9cision prise est mal vu, il faut beaucoup de courage pour le faire\u2009<\/i><sup class=\"appel\" data-toggle=\"modal\" data-target=\"#notes\"> (14)<\/sup><i>.<\/i><\/li>\n<\/ul>\n<p>Nombre de ces biais compliquent les relations entre agents, freinent les d\u00e9cisions coh\u00e9rentes, ou emp\u00eachent les remont\u00e9es de dysfonctionnements par peur des sanctions ou des repr\u00e9sailles. Pour le sociologue, ces ph\u00e9nom\u00e8nes sont constat\u00e9s dans la plupart des organisations complexes, a fortiori \u00e0 l\u2019h\u00f4pital. Il en appelle \u00e0 l\u2019intelligence des dirigeants pour assumer un changement de mentalit\u00e9 afin de permettre une v\u00e9ritable culture de la haute fiabilit\u00e9 de l\u2019action quotidienne.<\/p>\n<button data-toggle=\"collapse\" data-target=\"#enc_2018_138_05\">Encadr\u00e9 2<\/button><div id=\"enc_2018_138_05\" class=\"encadre collapse\"><p><span class=\"surtitre_enc\">Encadr\u00e9 2<\/span><\/p>\n<h2>Changer de discours, rendre cr\u00e9dible l\u2019action<\/h2>\n<p>Nous avions \u00e9voqu\u00e9 l\u2019entr\u00e9e de la parole dans l\u2019\u00e8re du soup\u00e7on, la d\u00e9cr\u00e9dibilisation du discours, sa d\u00e9mon\u00e9tisation. S\u2019en tenir \u00e0 des pr\u00e9ceptes simples pour retrouver un peu de cr\u00e9dit, en gardant \u00e0 l\u2019esprit que seul le maintien dans le temps et la permanence de cette \u00e9thique pratique quotidienne, assure \u00e0 l\u2019orateur un regain de confiance. Il s\u2019agit de ne plus instrumentaliser les mots pour obtenir un avantage individuel, car une grande part des conflits naissent uniquement d\u2019un mauvais usage du vocabulaire ou de l\u2019emploi d\u2019un ton ambigu. De plus, la perte de sens est ressentie quand l\u2019agir devient le seul but, m\u00eame sans objectif ou lorsque la direction donne des objectifs trop larges, et vagues. De la clart\u00e9 avant toute chose. Pour cela il faut parler\u2009:<\/p>\n<ul>\n<li>sans agressivit\u00e9,<\/li>\n<li>avec honn\u00eatet\u00e9, sinc\u00e9rit\u00e9 et sans propos ambigus qui laissent entrevoir des arri\u00e8res-pens\u00e9es,<\/li>\n<li>sans ironie pour ne pas para\u00eetre d\u00e9sinvolte,<\/li>\n<li>avec permission et respect, sans s\u2019imposer,<\/li>\n<li>avec humilit\u00e9, pour ne pas rendre trop visibles les distinctions,<\/li>\n<li>avec compassion, sans montrer trop d\u2019affection,<\/li>\n<li>avec tol\u00e9rance pour ne pas tomber dans la discrimination,<\/li>\n<li>avec intelligence, pour clarifier les id\u00e9es inad\u00e9quates sans m\u00e9priser l\u2019interlocuteur,<\/li>\n<li>avec engagement, pour souligner les valeurs qui conduisent l\u2019action.<\/li>\n<\/ul>\n<\/div>\n<h1>Pour une contre-culture manag\u00e9riale \u00e0 l\u2019h\u00f4pital<\/h1>\n<p>L\u2019h\u00f4pital public est un lieu de r\u00e9sistance au sens physique du terme\u2009: l\u2019adh\u00e9sion n\u2019aura lieu qu\u2019en consolidant des mani\u00e8res de r\u00e9sister, en dessinant des limites. Car ce sont ces limites, qui mettent en avant le besoin de l\u2019autre comme garant de la reconnaissance. Deux visions cohabitent aujourd\u2019hui : une version lib\u00e9rale o\u00f9 la libert\u00e9 est autod\u00e9termin\u00e9e par l\u2019individu lui-m\u00eame\u2009; une vision collective o\u00f9 c\u2019est l\u2019interd\u00e9pendance qui constitue le caract\u00e8re personnel. Ces visions entra\u00eenent des pratiques de gestion sp\u00e9cifiques\u2009: d\u2019un c\u00f4t\u00e9 flexibilit\u00e9, externalisation, <i>lean<\/i> management, r\u00e9duction des interm\u00e9diaires\u2009; de l\u2019autre c\u00f4t\u00e9 stabilit\u00e9, pens\u00e9e des interactions, redondance et accompagnement, formation aux facteurs humains. Christian Morel propose une contre-culture manag\u00e9riale\u2009: \u00ab\u2009<i>Notre culture est caract\u00e9ris\u00e9e par la priorit\u00e9 donn\u00e9e \u00e0 l\u2019action rapide, alors que la haute fiabilit\u00e9 exige davantage de r\u00e9flexion \u00e0 travers le d\u00e9bat contradictoire, les retours d\u2019exp\u00e9rience, la formation aux facteurs humains, la capacit\u00e9 \u00e0 renoncer. Notre culture est impr\u00e9gn\u00e9e de l\u2019id\u00e9e que les erreurs doivent \u00eatre sanctionn\u00e9es et que les r\u00e8gles n\u2019ont pas \u00e0 \u00eatre questionn\u00e9es, alors que la culture juste de la fiabilit\u00e9 pr\u00e9conise la non-punition et le d\u00e9bat sur les r\u00e8gles. Notre culture est centr\u00e9e sur le r\u00f4le du chef et la valorisation du consensus, alors que les fondamentaux de la fiabilit\u00e9 mettent l\u2019accent sur la coll\u00e9gialit\u00e9 et les dangers des faux consensus<\/i>.<sup class=\"appel\" data-toggle=\"modal\" data-target=\"#notes\"> (15)<\/sup>\u00bb Nous constatons \u00e9galement qu\u2019il ne faut pas chercher le nec plus ultra mais que certaines solutions interm\u00e9diaires, imparfaites ou seulement satisfaisantes se r\u00e9v\u00e8lent souvent plus s\u00fbres et performantes que l\u2019optimisation tant r\u00e9p\u00e9t\u00e9e.<\/p>\n<p>Nous envisageons l\u2019h\u00f4pital complexe avec une id\u00e9e simple\u2009: r\u00e9enraciner le management. Car l\u2019\u00e8re de la simulation produit aussi des simulacres\u2009: il existe une illusion d\u2019un management \u00e9th\u00e9r\u00e9, scientifique, pouvant s\u2019appliquer uniform\u00e9ment en dehors de la consid\u00e9ration des caract\u00e9ristiques propres de chaque milieu professionnel. Et notamment la sant\u00e9. Le management actuel veut aplanir, \u00ab\u2009horizontaliser\u2009\u00bb, rendre l\u2019individu de surface et docile. Or il faut respecter la verticalit\u00e9 propre \u00e0 tout collectif, surtout lorsque des valeurs sont port\u00e9es en h\u00e9ritage par l\u2019institution. Bien entendu, il est complexe de cr\u00e9er du solide (dont est issue la solidarit\u00e9) dans une soci\u00e9t\u00e9 liquide, empreinte de nomadisme et de mobilit\u00e9. Voil\u00e0 pourquoi notre approche est une \u00e9thique de l\u2019\u00e9quilibre, de l\u2019\u00e9quidistance, de l\u2019\u00e9quanimit\u00e9<sup class=\"appel\" data-toggle=\"modal\" data-target=\"#notes\"> (16)<\/sup>. Un art de la bonne distance pour l\u2019action. Car si le malaise actuel se situe au carrefour des nouvelles conditions que nous avons mises en avant, alors nous devons trouver la bonne distance pour agir entre l\u2019individualisme, le formalisme et l\u2019urgence. En r\u00e9alit\u00e9, les relations sociales seront toujours ambivalentes, et le monde du travail constituera toujours, et comme l\u2019\u00e9crivait d\u00e9j\u00e0 Marx dans <i>Le Capital<\/i>, un espace vari\u00e9, entre alt\u00e9rit\u00e9 et ali\u00e9nation, entre identification du travailleur et exploitation. Car faire le lien, c\u2019est relier et attacher. Pourtant c\u2019est cet art d\u00e9licat de l\u2019encadrement qu\u2019il s\u2019agit d\u2019exercer sans cesse. Retrouver une disposition \u00e0 agir qui soit une vertu cardinale, une conduite r\u00e9fl\u00e9chie, \u00e9clair\u00e9e, sur le mod\u00e8le de la sagesse pratique aristot\u00e9licienne. Nous trouvons un \u00e9cho \u00e0 notre analyse, dans les pr\u00e9conisations d\u2019Ikujiro Nonaka et Hirotaka Takeuchi, professeurs \u00e0 Harvard et sp\u00e9cialistes du management<sup class=\"appel\" data-toggle=\"modal\" data-target=\"#notes\"> (17)<\/sup>. Les auteurs constatent d\u2019abord que les connaissances objectives et scientifiques disponibles n\u2019ont pas su emp\u00eacher la crise \u00e9conomique de 2008, ni la faillite de grandes entreprises, pourtant annonc\u00e9es par des signaux faibles (ou informations tacites). Puis ils s\u2019appuient sur l\u2019\u00e9thique des dirigeants de grands groupes japonais pour d\u00e9gager des principes de management qui rejoignent les pr\u00e9ceptes qu\u2019Aristote d\u00e9veloppait d\u00e9j\u00e0 autour de la prudence et de la recherche du \u00ab\u2009juste milieu entre deux exc\u00e8s\u2009\u00bb (m\u00e9di\u00e9t\u00e9). Ainsi, les managers \u00e9clair\u00e9s doivent en priorit\u00e9 consid\u00e9rer les facteurs humains pour comprendre les besoins de la soci\u00e9t\u00e9, d\u00e9gager des valeurs non marchandes pour les employ\u00e9s, et dans un second temps assurer l\u2019\u00e9quilibre \u00e9conomique de l\u2019entreprise. C\u2019est en comprenant o\u00f9 se situent v\u00e9ritablement le besoin et sa r\u00e9ponse, en favorisant l\u2019\u00e9change autour des inad\u00e9quations constat\u00e9es, qu\u2019une organisation sera p\u00e9renne et donc la viabilit\u00e9 \u00e9conomique durable. Il faut retrouver un temps long.<\/p>\n<h1>Puisqu\u2019il faut conclure\u2026<\/h1>\n<p>Crise des vocations, perte de sens, fin de la comp\u00e9tence, travail = souffrance. Voil\u00e0 le discours r\u00e9pandu de nos jours. Ces sentiments sont l\u00e9gitimes \u00e0 exprimer et nous savons qu\u2019un pas vers la sortie de crise consiste pr\u00e9cis\u00e9ment \u00e0 mieux parler des causes qui d\u00e9terminent le malaise. Les mots ont un sens\u2009: un emploi, on l\u2019occupe, il est int\u00e9rioris\u00e9 comme provisoire, apte au changement, donc d\u00e9sengag\u00e9 en attente de mobilit\u00e9. On parle de d\u00e9cloisonnement et d\u2019interchangeabilit\u00e9 entre professionnels et non-professionnels (\u00ab\u2009\u00fcberisation\u2009\u00bb) car les vacataires, int\u00e9rimaires, consultants, remplacent les titulaires. Inversement, un m\u00e9tier, on l\u2019exerce, avec un savoir-faire de long terme, une discipline, une exp\u00e9rience, une comp\u00e9tence\u2009; au-del\u00e0, une vocation reste une aspiration personnelle qui porte des valeurs ad\u00e9quates au travail. Comment parler du soin aujourd\u2019hui \u00e0 l\u2019h\u00f4pital au milieu de toutes ces \u00e9volutions\u2009? Commen\u00e7ons par r\u00e9pondre au d\u00e9sir illimit\u00e9 de nuire \u00e0 l\u2019h\u00f4pital en rappelant que le mot travail poss\u00e8de une autre origine que le mot latin <i>tripalium<\/i>, qui l\u2019associe \u00e0 la souffrance. En effet, une autre hypoth\u00e8se, moins connue, \u00e9voque une \u00e9tymologie issue de l\u2019espagnol du Moyen \u00c2ge, <i>trabajo<\/i> qui signifie \u00ab\u2009une tension vers un but\u2009\u00bb, ou \u00ab\u2009mouvement qui rencontre une r\u00e9sistance\u2009\u00bb. Il s\u2019agit d\u2019un passage, d\u2019une transmission d\u2019un \u00e9tat \u00e0 un autre. Par exemple, le travail de l\u2019accouchement ne renverrait plus \u00e0 la souffrance de la m\u00e8re mais la tension de l\u2019enfant \u00e0 na\u00eetre. Cela \u00e9voque alors plus une puissance d\u2019agir sur le monde, une \u0153uvre<sup class=\"appel\" data-toggle=\"modal\" data-target=\"#notes\"> (18)<\/sup> \u00e0 parachever qui convoque une \u00e9nergie propre \u00e0 la transformation. Une \u0153uvre collective plut\u00f4t qu\u2019individuelle, qui constitue la permanence d\u2019un mod\u00e8le social. Il est pour nous plus pr\u00e9cieux de retenir cette d\u00e9finition pour ce qu\u2019on appelle aujourd\u2019hui travail \u00e0 l\u2019h\u00f4pital.<\/p>\n<script>function PlayerjsAsync(){} if(window[\"Playerjs\"]){PlayerjsAsync();}<\/script>","protected":false},"excerpt":{"rendered":"<p>\u00ab\u2009Ne pas se moquer, ne pas d\u00e9plorer, ne pas d\u00e9tester mais comprendre.\u2009\u00bb Spinoza Un environnement ambivalent et complexe Les textes classiques annon\u00e7aient d\u00e9j\u00e0 nos nouvelles conditions de vie. En 1919, Max Weber, dans Le Savant et le Politique, parle de \u00ab\u2009d\u00e9senchantement\u2009\u00bb d\u00fb \u00e0 la progression de la rationalit\u00e9 instrumentale, qui affaiblit la croyance et le spirituel parmi nos r\u00e9f\u00e9rences intellectuelles\u2009: \u00ab\u2009Faisons-nous une id\u00e9e claire de ce que signifie pratiquement la&hellip; <\/p>\n","protected":false},"author":23133,"featured_media":0,"comment_status":"open","ping_status":"closed","sticky":false,"template":"","format":"standard","meta":{"_acf_changed":false,"_relevanssi_hide_post":"","_relevanssi_hide_content":"","_relevanssi_pin_for_all":"","_relevanssi_pin_keywords":"","_relevanssi_unpin_keywords":"","_relevanssi_related_keywords":"","_relevanssi_related_include_ids":"","_relevanssi_related_exclude_ids":"","_relevanssi_related_no_append":"","_relevanssi_related_not_related":"","_relevanssi_related_posts":"","_relevanssi_noindex_reason":"","footnotes":""},"categories":[2,72],"tags":[308,738,280,865,486,5428],"class_list":["post-37453","post","type-post","status-publish","format-standard","hentry","category-gestions-hospitalieres","category-reflexion","tag-conditions-de-travail","tag-encadrement","tag-management","tag-motivation","tag-reconnaissance","tag-suicide"],"acf":[],"yoast_head":"<!-- This site is optimized with the Yoast SEO plugin v24.8.1 - https:\/\/yoast.com\/wordpress\/plugins\/seo\/ -->\n<title>Comprendre les nouvelles conditions de travail\/3 - Gestions hospitali\u00e8res<\/title>\n<meta name=\"robots\" content=\"index, follow, max-snippet:-1, max-image-preview:large, max-video-preview:-1\" \/>\n<link rel=\"canonical\" href=\"https:\/\/www.ricom-web8.com\/gestions\/comprendre-nouvelles-conditions-de-travail3\/\" \/>\n<meta property=\"og:locale\" content=\"fr_FR\" \/>\n<meta property=\"og:type\" content=\"article\" \/>\n<meta property=\"og:title\" content=\"Comprendre les nouvelles conditions de travail\/3 - Gestions hospitali\u00e8res\" \/>\n<meta property=\"og:description\" content=\"\u00ab\u2009Ne pas se moquer, ne pas d\u00e9plorer, ne pas d\u00e9tester mais comprendre.\u2009\u00bb Spinoza Un environnement ambivalent et complexe Les textes classiques annon\u00e7aient d\u00e9j\u00e0 nos nouvelles conditions de vie. En 1919, Max Weber, dans Le Savant et le Politique, parle de \u00ab\u2009d\u00e9senchantement\u2009\u00bb d\u00fb \u00e0 la progression de la rationalit\u00e9 instrumentale, qui affaiblit la croyance et le spirituel parmi nos r\u00e9f\u00e9rences intellectuelles\u2009: \u00ab\u2009Faisons-nous une id\u00e9e claire de ce que signifie pratiquement la&hellip;\" \/>\n<meta property=\"og:url\" content=\"https:\/\/www.ricom-web8.com\/gestions\/comprendre-nouvelles-conditions-de-travail3\/\" \/>\n<meta property=\"og:site_name\" content=\"Gestions hospitali\u00e8res\" \/>\n<meta property=\"article:publisher\" content=\"https:\/\/www.facebook.com\/gestionshospitalieres\/\" \/>\n<meta property=\"article:published_time\" content=\"2018-03-01T15:44:08+00:00\" \/>\n<meta property=\"article:modified_time\" content=\"2018-04-13T10:28:37+00:00\" \/>\n<meta name=\"author\" content=\"Gestions hospitali\u00e8res\" \/>\n<meta name=\"twitter:card\" content=\"summary_large_image\" \/>\n<meta name=\"twitter:creator\" content=\"@revue_GH\" \/>\n<meta name=\"twitter:site\" content=\"@revue_GH\" \/>\n<meta name=\"twitter:label1\" content=\"\u00c9crit par\" \/>\n\t<meta name=\"twitter:data1\" content=\"Gestions hospitali\u00e8res\" \/>\n\t<meta name=\"twitter:label2\" content=\"Dur\u00e9e de lecture estim\u00e9e\" \/>\n\t<meta name=\"twitter:data2\" content=\"38 minutes\" \/>\n<script type=\"application\/ld+json\" class=\"yoast-schema-graph\">{\"@context\":\"https:\/\/schema.org\",\"@graph\":[{\"@type\":\"Article\",\"@id\":\"https:\/\/www.ricom-web8.com\/gestions\/comprendre-nouvelles-conditions-de-travail3\/#article\",\"isPartOf\":{\"@id\":\"https:\/\/www.ricom-web8.com\/gestions\/comprendre-nouvelles-conditions-de-travail3\/\"},\"author\":{\"name\":\"Gestions hospitali\u00e8res\",\"@id\":\"https:\/\/www.ricom-web8.com\/gestions\/#\/schema\/person\/3ba9fe913190dfe9507feb621e902c1f\"},\"headline\":\"Comprendre les nouvelles conditions de travail\/3\",\"datePublished\":\"2018-03-01T15:44:08+00:00\",\"dateModified\":\"2018-04-13T10:28:37+00:00\",\"mainEntityOfPage\":{\"@id\":\"https:\/\/www.ricom-web8.com\/gestions\/comprendre-nouvelles-conditions-de-travail3\/\"},\"wordCount\":7573,\"commentCount\":0,\"publisher\":{\"@id\":\"https:\/\/www.ricom-web8.com\/gestions\/#organization\"},\"keywords\":[\"conditions de travail\",\"encadrement\",\"management\",\"motivation\",\"reconnaissance\",\"suicide\"],\"articleSection\":[\"Gestions Hospitali\u00e8res\",\"r\u00e9flexion\"],\"inLanguage\":\"fr-FR\",\"potentialAction\":[{\"@type\":\"CommentAction\",\"name\":\"Comment\",\"target\":[\"https:\/\/www.ricom-web8.com\/gestions\/comprendre-nouvelles-conditions-de-travail3\/#respond\"]}]},{\"@type\":\"WebPage\",\"@id\":\"https:\/\/www.ricom-web8.com\/gestions\/comprendre-nouvelles-conditions-de-travail3\/\",\"url\":\"https:\/\/www.ricom-web8.com\/gestions\/comprendre-nouvelles-conditions-de-travail3\/\",\"name\":\"Comprendre les nouvelles conditions de travail\/3 - Gestions hospitali\u00e8res\",\"isPartOf\":{\"@id\":\"https:\/\/www.ricom-web8.com\/gestions\/#website\"},\"datePublished\":\"2018-03-01T15:44:08+00:00\",\"dateModified\":\"2018-04-13T10:28:37+00:00\",\"breadcrumb\":{\"@id\":\"https:\/\/www.ricom-web8.com\/gestions\/comprendre-nouvelles-conditions-de-travail3\/#breadcrumb\"},\"inLanguage\":\"fr-FR\",\"potentialAction\":[{\"@type\":\"ReadAction\",\"target\":[\"https:\/\/www.ricom-web8.com\/gestions\/comprendre-nouvelles-conditions-de-travail3\/\"]}]},{\"@type\":\"BreadcrumbList\",\"@id\":\"https:\/\/www.ricom-web8.com\/gestions\/comprendre-nouvelles-conditions-de-travail3\/#breadcrumb\",\"itemListElement\":[{\"@type\":\"ListItem\",\"position\":1,\"name\":\"Accueil\",\"item\":\"https:\/\/www.ricom-web8.com\/gestions\/\"},{\"@type\":\"ListItem\",\"position\":2,\"name\":\"Comprendre les nouvelles conditions de travail\/3\"}]},{\"@type\":\"WebSite\",\"@id\":\"https:\/\/www.ricom-web8.com\/gestions\/#website\",\"url\":\"https:\/\/www.ricom-web8.com\/gestions\/\",\"name\":\"Gestions hospitali\u00e8res\",\"description\":\"la revue des d\u00e9cideurs hospitaliers\",\"publisher\":{\"@id\":\"https:\/\/www.ricom-web8.com\/gestions\/#organization\"},\"potentialAction\":[{\"@type\":\"SearchAction\",\"target\":{\"@type\":\"EntryPoint\",\"urlTemplate\":\"https:\/\/www.ricom-web8.com\/gestions\/?s={search_term_string}\"},\"query-input\":{\"@type\":\"PropertyValueSpecification\",\"valueRequired\":true,\"valueName\":\"search_term_string\"}}],\"inLanguage\":\"fr-FR\"},{\"@type\":\"Organization\",\"@id\":\"https:\/\/www.ricom-web8.com\/gestions\/#organization\",\"name\":\"Gestions hospitali\u00e8res\",\"url\":\"https:\/\/www.ricom-web8.com\/gestions\/\",\"logo\":{\"@type\":\"ImageObject\",\"inLanguage\":\"fr-FR\",\"@id\":\"https:\/\/www.ricom-web8.com\/gestions\/#\/schema\/logo\/image\/\",\"url\":\"https:\/\/gestions-hospitalieres.fr\/wp-content\/uploads\/2017\/02\/picto_Gif-GH-trans.png\",\"contentUrl\":\"https:\/\/gestions-hospitalieres.fr\/wp-content\/uploads\/2017\/02\/picto_Gif-GH-trans.png\",\"width\":512,\"height\":512,\"caption\":\"Gestions hospitali\u00e8res\"},\"image\":{\"@id\":\"https:\/\/www.ricom-web8.com\/gestions\/#\/schema\/logo\/image\/\"},\"sameAs\":[\"https:\/\/www.facebook.com\/gestionshospitalieres\/\",\"https:\/\/x.com\/revue_GH\",\"https:\/\/www.linkedin.com\/company\/gestions-hospitalieres?trk=top_nav_home\"]},{\"@type\":\"Person\",\"@id\":\"https:\/\/www.ricom-web8.com\/gestions\/#\/schema\/person\/3ba9fe913190dfe9507feb621e902c1f\",\"name\":\"Gestions hospitali\u00e8res\",\"image\":{\"@type\":\"ImageObject\",\"inLanguage\":\"fr-FR\",\"@id\":\"https:\/\/www.ricom-web8.com\/gestions\/#\/schema\/person\/image\/\",\"url\":\"https:\/\/secure.gravatar.com\/avatar\/1a0d93e6db5dbe7dac96bae4757d256f?s=96&d=mm&r=g\",\"contentUrl\":\"https:\/\/secure.gravatar.com\/avatar\/1a0d93e6db5dbe7dac96bae4757d256f?s=96&d=mm&r=g\",\"caption\":\"Gestions hospitali\u00e8res\"},\"url\":\"https:\/\/www.ricom-web8.com\/gestions\/author\/benjamin\/\"}]}<\/script>\n<!-- \/ Yoast SEO plugin. -->","yoast_head_json":{"title":"Comprendre les nouvelles conditions de travail\/3 - Gestions hospitali\u00e8res","robots":{"index":"index","follow":"follow","max-snippet":"max-snippet:-1","max-image-preview":"max-image-preview:large","max-video-preview":"max-video-preview:-1"},"canonical":"https:\/\/www.ricom-web8.com\/gestions\/comprendre-nouvelles-conditions-de-travail3\/","og_locale":"fr_FR","og_type":"article","og_title":"Comprendre les nouvelles conditions de travail\/3 - Gestions hospitali\u00e8res","og_description":"\u00ab\u2009Ne pas se moquer, ne pas d\u00e9plorer, ne pas d\u00e9tester mais comprendre.\u2009\u00bb Spinoza Un environnement ambivalent et complexe Les textes classiques annon\u00e7aient d\u00e9j\u00e0 nos nouvelles conditions de vie. En 1919, Max Weber, dans Le Savant et le Politique, parle de \u00ab\u2009d\u00e9senchantement\u2009\u00bb d\u00fb \u00e0 la progression de la rationalit\u00e9 instrumentale, qui affaiblit la croyance et le spirituel parmi nos r\u00e9f\u00e9rences intellectuelles\u2009: \u00ab\u2009Faisons-nous une id\u00e9e claire de ce que signifie pratiquement la&hellip;","og_url":"https:\/\/www.ricom-web8.com\/gestions\/comprendre-nouvelles-conditions-de-travail3\/","og_site_name":"Gestions hospitali\u00e8res","article_publisher":"https:\/\/www.facebook.com\/gestionshospitalieres\/","article_published_time":"2018-03-01T15:44:08+00:00","article_modified_time":"2018-04-13T10:28:37+00:00","author":"Gestions hospitali\u00e8res","twitter_card":"summary_large_image","twitter_creator":"@revue_GH","twitter_site":"@revue_GH","twitter_misc":{"\u00c9crit par":"Gestions hospitali\u00e8res","Dur\u00e9e de lecture estim\u00e9e":"38 minutes"},"schema":{"@context":"https:\/\/schema.org","@graph":[{"@type":"Article","@id":"https:\/\/www.ricom-web8.com\/gestions\/comprendre-nouvelles-conditions-de-travail3\/#article","isPartOf":{"@id":"https:\/\/www.ricom-web8.com\/gestions\/comprendre-nouvelles-conditions-de-travail3\/"},"author":{"name":"Gestions hospitali\u00e8res","@id":"https:\/\/www.ricom-web8.com\/gestions\/#\/schema\/person\/3ba9fe913190dfe9507feb621e902c1f"},"headline":"Comprendre les nouvelles conditions de travail\/3","datePublished":"2018-03-01T15:44:08+00:00","dateModified":"2018-04-13T10:28:37+00:00","mainEntityOfPage":{"@id":"https:\/\/www.ricom-web8.com\/gestions\/comprendre-nouvelles-conditions-de-travail3\/"},"wordCount":7573,"commentCount":0,"publisher":{"@id":"https:\/\/www.ricom-web8.com\/gestions\/#organization"},"keywords":["conditions de travail","encadrement","management","motivation","reconnaissance","suicide"],"articleSection":["Gestions Hospitali\u00e8res","r\u00e9flexion"],"inLanguage":"fr-FR","potentialAction":[{"@type":"CommentAction","name":"Comment","target":["https:\/\/www.ricom-web8.com\/gestions\/comprendre-nouvelles-conditions-de-travail3\/#respond"]}]},{"@type":"WebPage","@id":"https:\/\/www.ricom-web8.com\/gestions\/comprendre-nouvelles-conditions-de-travail3\/","url":"https:\/\/www.ricom-web8.com\/gestions\/comprendre-nouvelles-conditions-de-travail3\/","name":"Comprendre les nouvelles conditions de travail\/3 - Gestions hospitali\u00e8res","isPartOf":{"@id":"https:\/\/www.ricom-web8.com\/gestions\/#website"},"datePublished":"2018-03-01T15:44:08+00:00","dateModified":"2018-04-13T10:28:37+00:00","breadcrumb":{"@id":"https:\/\/www.ricom-web8.com\/gestions\/comprendre-nouvelles-conditions-de-travail3\/#breadcrumb"},"inLanguage":"fr-FR","potentialAction":[{"@type":"ReadAction","target":["https:\/\/www.ricom-web8.com\/gestions\/comprendre-nouvelles-conditions-de-travail3\/"]}]},{"@type":"BreadcrumbList","@id":"https:\/\/www.ricom-web8.com\/gestions\/comprendre-nouvelles-conditions-de-travail3\/#breadcrumb","itemListElement":[{"@type":"ListItem","position":1,"name":"Accueil","item":"https:\/\/www.ricom-web8.com\/gestions\/"},{"@type":"ListItem","position":2,"name":"Comprendre les nouvelles conditions de travail\/3"}]},{"@type":"WebSite","@id":"https:\/\/www.ricom-web8.com\/gestions\/#website","url":"https:\/\/www.ricom-web8.com\/gestions\/","name":"Gestions hospitali\u00e8res","description":"la revue des d\u00e9cideurs hospitaliers","publisher":{"@id":"https:\/\/www.ricom-web8.com\/gestions\/#organization"},"potentialAction":[{"@type":"SearchAction","target":{"@type":"EntryPoint","urlTemplate":"https:\/\/www.ricom-web8.com\/gestions\/?s={search_term_string}"},"query-input":{"@type":"PropertyValueSpecification","valueRequired":true,"valueName":"search_term_string"}}],"inLanguage":"fr-FR"},{"@type":"Organization","@id":"https:\/\/www.ricom-web8.com\/gestions\/#organization","name":"Gestions hospitali\u00e8res","url":"https:\/\/www.ricom-web8.com\/gestions\/","logo":{"@type":"ImageObject","inLanguage":"fr-FR","@id":"https:\/\/www.ricom-web8.com\/gestions\/#\/schema\/logo\/image\/","url":"https:\/\/gestions-hospitalieres.fr\/wp-content\/uploads\/2017\/02\/picto_Gif-GH-trans.png","contentUrl":"https:\/\/gestions-hospitalieres.fr\/wp-content\/uploads\/2017\/02\/picto_Gif-GH-trans.png","width":512,"height":512,"caption":"Gestions hospitali\u00e8res"},"image":{"@id":"https:\/\/www.ricom-web8.com\/gestions\/#\/schema\/logo\/image\/"},"sameAs":["https:\/\/www.facebook.com\/gestionshospitalieres\/","https:\/\/x.com\/revue_GH","https:\/\/www.linkedin.com\/company\/gestions-hospitalieres?trk=top_nav_home"]},{"@type":"Person","@id":"https:\/\/www.ricom-web8.com\/gestions\/#\/schema\/person\/3ba9fe913190dfe9507feb621e902c1f","name":"Gestions hospitali\u00e8res","image":{"@type":"ImageObject","inLanguage":"fr-FR","@id":"https:\/\/www.ricom-web8.com\/gestions\/#\/schema\/person\/image\/","url":"https:\/\/secure.gravatar.com\/avatar\/1a0d93e6db5dbe7dac96bae4757d256f?s=96&d=mm&r=g","contentUrl":"https:\/\/secure.gravatar.com\/avatar\/1a0d93e6db5dbe7dac96bae4757d256f?s=96&d=mm&r=g","caption":"Gestions hospitali\u00e8res"},"url":"https:\/\/www.ricom-web8.com\/gestions\/author\/benjamin\/"}]}},"_links":{"self":[{"href":"https:\/\/www.ricom-web8.com\/gestions\/wp-json\/wp\/v2\/posts\/37453","targetHints":{"allow":["GET"]}}],"collection":[{"href":"https:\/\/www.ricom-web8.com\/gestions\/wp-json\/wp\/v2\/posts"}],"about":[{"href":"https:\/\/www.ricom-web8.com\/gestions\/wp-json\/wp\/v2\/types\/post"}],"author":[{"embeddable":true,"href":"https:\/\/www.ricom-web8.com\/gestions\/wp-json\/wp\/v2\/users\/23133"}],"replies":[{"embeddable":true,"href":"https:\/\/www.ricom-web8.com\/gestions\/wp-json\/wp\/v2\/comments?post=37453"}],"version-history":[{"count":0,"href":"https:\/\/www.ricom-web8.com\/gestions\/wp-json\/wp\/v2\/posts\/37453\/revisions"}],"wp:attachment":[{"href":"https:\/\/www.ricom-web8.com\/gestions\/wp-json\/wp\/v2\/media?parent=37453"}],"wp:term":[{"taxonomy":"category","embeddable":true,"href":"https:\/\/www.ricom-web8.com\/gestions\/wp-json\/wp\/v2\/categories?post=37453"},{"taxonomy":"post_tag","embeddable":true,"href":"https:\/\/www.ricom-web8.com\/gestions\/wp-json\/wp\/v2\/tags?post=37453"}],"curies":[{"name":"wp","href":"https:\/\/api.w.org\/{rel}","templated":true}]}}