

{"id":37463,"date":"2018-03-01T17:13:59","date_gmt":"2018-03-01T16:13:59","guid":{"rendered":"https:\/\/gestions-hospitalieres.fr\/?p=37463"},"modified":"2018-05-22T10:29:32","modified_gmt":"2018-05-22T08:29:32","slug":"vers-management-paramedical-federateur","status":"publish","type":"post","link":"https:\/\/www.ricom-web8.com\/gestions\/vers-management-paramedical-federateur\/","title":{"rendered":"Vers un management param\u00e9dical f\u00e9d\u00e9rateur"},"content":{"rendered":"<span class=\"span-reading-time rt-reading-time\" style=\"display: block;\"><span class=\"rt-label rt-prefix\">Temps de lecture\u00a0: <\/span> <span class=\"rt-time\"> 8<\/span> <span class=\"rt-label rt-postfix\">minutes<\/span><\/span><h1>Une d\u00e9marche collaborative comme opportunit\u00e9 manag\u00e9riale<\/h1>\n<p>Le p\u00f4le, comme entit\u00e9 organisationnelle appara\u00eet comme vouloir favoriser la collaboration, le dialogue et la communication entre les professionnels pour une meilleure qualit\u00e9 des soins. Organisation transverse, management par projets, gestion des interfaces, r\u00e9ing\u00e9nierie des processus\u2026 le th\u00e8me du d\u00e9cloisonnement et la recherche d\u2019une meilleure coordination entre les acteurs apparaissent avec force, depuis quelques ann\u00e9es, dans les r\u00e9flexions sur les actions de changement \u00e0 conduire. Ainsi, l\u2019ordonnance du 2 mai 2005 impose une structuration en p\u00f4le, soit par discipline, organe, type de fili\u00e8re ou logique client fournisseur. Cela doit \u00ab\u2009<i>permettre le d\u00e9cloisonnement des h\u00f4pitaux et ainsi, am\u00e9liorer la prise en charge des patients et la qualit\u00e9 du travail pluridisciplinaire<\/i><sup class=\"appel\" data-toggle=\"modal\" data-target=\"&quot;#notes\"> (1)<\/sup>\u2009\u00bb .<\/p>\n<p>Dans ce cadre, la coordination g\u00e9n\u00e9rale des soins (CGS) propose de d\u00e9finir une politique manag\u00e9riale qui permettra non seulement de renforcer l\u2019efficacit\u00e9 des actions de l\u2019encadrement<span class=\"Apple-converted-space\">\u00a0 <\/span>mais aussi d\u2019am\u00e9liorer leur qualit\u00e9 de vie au travail. Il s\u2019agit dans ce contexte de mettre en place un projet manag\u00e9rial f\u00e9d\u00e9rateur.<\/p>\n<p>La conduite de cette d\u00e9marche sera men\u00e9e en privil\u00e9giant l\u2019espace de cr\u00e9ativit\u00e9, l\u2019implication et la coop\u00e9ration des acteurs.<\/p>\n<p>Le projet manag\u00e9rial devient alors un lien entre les collaborateurs. \u00a0Il va d\u00e9finir la mani\u00e8re de travailler ensemble en vue d\u2019optimiser les r\u00e9sultats. Cela n\u00e9cessite une coop\u00e9ration efficace qui s\u2019appuie sur la confiance que se manifestent les partenaires. Sachant que, selon Warren Bennis, \u00ab\u2009<i>la confiance qu\u2019un individu peut inspirer \u00e0 autrui est fond\u00e9e sur un \u00e9quilibre t\u00e9nu entre trois \u00e9l\u00e9ments fondamentaux\u2009: l\u2019audace, la comp\u00e9tence et l\u2019int\u00e9grit\u00e9<\/i><sup class=\"appel\" data-toggle=\"modal\" data-target=\"&quot;#notes\"> (2)<\/sup>\u2009\u00bb. Dans les h\u00f4pitaux, la direction g\u00e9n\u00e9rale appara\u00eet comme voulant imposer une rigueur financi\u00e8re, alors que les m\u00e9decins insistent sur leur identit\u00e9 en invoquant la d\u00e9ontologie et le colloque singulier avec le patient. Les personnels soignants, qui r\u00e9affirment leurs valeurs humanistes, telles que la prise en charge globale du patient, se sentent ainsi pris dans un paradoxe et expriment un mal-\u00eatre.<\/p>\n<p>Dans ce contexte contraint, le choix d\u2019une d\u00e9marche participative de la part de la coordination g\u00e9n\u00e9rale des soins de l\u2019Assistance publique-H\u00f4pitaux de Marseille (AP-HM) vise \u00e0 obtenir l\u2019adh\u00e9sion de l\u2019ensemble des acteurs. Il s\u2019agit de concilier au mieux les objectifs recherch\u00e9s et les comp\u00e9tences disponibles et de d\u00e9velopper la coh\u00e9sion autour d\u2019un projet commun.<\/p>\n<p>Les trois niveaux d\u2019encadrement param\u00e9dical sont partie prenante, de fa\u00e7on coh\u00e9rente et coordonn\u00e9e, pour que ce changement s\u2019enracine peu \u00e0 peu dans une \u00ab\u2009nouvelle mani\u00e8re d\u2019\u00eatre cadre\u2009\u00bb et se traduise dans des modifications sensibles et visibles par les \u00e9quipes, sur le terrain. Quand les soignants se sentent mieux au travail, ils soignent mieux. Des principes communs, des outils et des pratiques nouvelles accompagnent et accompagneront l\u2019encadrement \u00e0 co-d\u00e9velopper cette nouvelle culture manag\u00e9riale commune. Cette d\u00e9marche est rendue possible par un travail collaboratif intense de tout l\u2019encadrement.<\/p>\n<h1>Un contexte porteur de sens<\/h1>\n<p>Au sein des 8\u2009000 professionnels de sant\u00e9 r\u00e9partis sur l\u2019ensemble des sites de l\u2019AP-HM, l\u2019encadrement param\u00e9dical joue un r\u00f4le d\u00e9terminant. C\u2019est pourquoi la coordonnatrice g\u00e9n\u00e9rale des soins de l\u2019AP-HM a choisi de co-d\u00e9velopper avec tout l\u2019encadrement param\u00e9dical un changement manag\u00e9rial qui lui permette, tout en ma\u00eetrisant son c\u0153ur de m\u00e9tier clinique, d\u2019accompagner les transformations et d\u2019animer au quotidien les principes d\u2019am\u00e9lioration continue, en \u00e9quipe.<\/p>\n<p>En effet, de la fin du XX<sup>e<\/sup>\u00a0si\u00e8cle \u00e0 nos jours, de nombreuses r\u00e9formes rythment l\u2019histoire hospitali\u00e8re en introduisant de nouvelles m\u00e9thodes de gouvernance. C\u2019est ainsi que l\u2019h\u00f4pital, en pleine \u00e9volution, doit faire face \u00e0 de nombreux et profonds changements pour s\u2019adapter aux enjeux de sant\u00e9 publique et aux attentes des usagers. Le management \u00e0 l\u2019h\u00f4pital, \u00ab\u2009action de conduire, de diriger, d\u2019entra\u00eener<sup class=\"appel\" data-toggle=\"modal\" data-target=\"&quot;#notes\"> (3)<\/sup>\u00bb, est en forte \u00e9volution sur les plans th\u00e9oriques et pratiques. Celui-ci doit lui permettre de s\u2019ajuster aux nouvelles organisations, de s\u2019ouvrir \u00e0 la transversalit\u00e9 et aux parcours des patients, tout en restant garant de la qualit\u00e9 et de la s\u00e9curit\u00e9 des soins dans un principe de performance collective globale.<\/p>\n<p>Pour accompagner ces transformations tout en les conjuguant avec les valeurs de service public et en pr\u00e9servant l\u2019\u00e9thique professionnelle, la fonction d\u2019encadrement soignant est une cl\u00e9 de r\u00e9ussite \u00ab\u2009<i>d\u00e9terminante dans le fonctionnement de tout collectif de travail<\/i><sup class=\"appel\" data-toggle=\"modal\" data-target=\"&quot;#notes\"> (4)<\/sup>\u00bb. L\u2019objectif est de \u00ab\u2009<i>donner du sens\u2009[et de] <\/i>\u2009<i>f\u00e9d\u00e9rer les \u00e9quipes autour de valeurs et de projets communs<\/i>\u2009\u00bb.<\/p>\n<p>C\u2019est ainsi qu\u2019\u00e0 l\u2019AP-HM les activit\u00e9s de l\u2019encadrement param\u00e9dical ont constamment \u00e9volu\u00e9 vers des responsabilit\u00e9s gestionnaires accrues dans la gouvernance quotidienne des services. Aujourd\u2019hui, comme l\u2019ensemble du secteur hospitalier, l\u2019AP-HM est construite sur un principe de d\u00e9concentration autour de p\u00f4les d\u2019activit\u00e9s. Il est donc essentiel que l\u2019ensemble de la ligne manag\u00e9riale param\u00e9dicale retrouve un vrai leadership au service des \u00e9quipes tout en conduisant les priorit\u00e9s polaires et institutionnelles.<\/p>\n<p>Pour l\u2019encadrement param\u00e9dical, il s\u2019agit de passer du paradigme de la qualit\u00e9 du soin, avec en corollaire un management centr\u00e9 sur l\u2019activit\u00e9 quotidienne de l\u2019\u00e9quipe, au paradigme de la qualit\u00e9 globale, c\u2019est-\u00e0-dire incluant tous les plans de l\u2019organisation, du fonctionnement quotidien, des interfaces, de la communication, des contraintes de gestion, des normes, des projets et des innovations. Dans le contexte actuel, le moindre al\u00e9a peut prendre des proportions consid\u00e9rables (l\u2019absence d\u2019un ou plusieurs membres au sein des \u00e9quipes entra\u00eene imm\u00e9diatement des complications tr\u00e8s chronophages) et le cadre de sant\u00e9 est vite amen\u00e9 \u00e0 d\u00e9laisser l\u2019important pour l\u2019urgent, l\u2019avenir pour le pr\u00e9sent. Non qu\u2019il le veuille, mais parce qu\u2019il le doit. Le cercle vicieux de l\u2019urgence organisationnelle l\u2019enferme, alors que l\u2019h\u00f4pital et tout l\u2019environnement lui imposent une \u00e9volution en profondeur. Les solutions qui n\u00e9cessitent un d\u00e9lai sont \u00e9cart\u00e9es, le sentiment d\u2019efficacit\u00e9 personnelle diminue fortement. Certains doutent m\u00eame du sens et de la valeur de leur travail.<\/p>\n<blockquote><p>Quand les soignants se sentent mieux au travail, ils soignent mieux.<\/p><\/blockquote>\n<h1>De la recherche professionnelle \u00e0 l\u2019action collective<\/h1>\n<p>Le sens et la valeur du travail s\u2019\u00e9noncent simplement\u2009: rendre \u00e0 l\u2019ensemble de l\u2019encadrement param\u00e9dical, un vrai leadership, sur le pr\u00e9sent comme sur l\u2019avenir, dans le service de soins et ses interfaces.<\/p>\n<p>Le d\u00e9fi est triple\u2009:<\/p>\n<ul>\n<li>mettre en place les conditions pour que l\u2019\u00e9quipe puisse mieux faire son travail quotidien\u2009;<\/li>\n<li>qu\u2019elle puisse s\u2019\u00e9panouir davantage en pr\u00e9parant mieux les \u00e9volutions en devenant davantage partie prenante des progr\u00e8s\u2009;<\/li>\n<li>que les cadres de proximit\u00e9 retrouvent le plaisir de l\u2019animation des \u00e9quipes.<\/li>\n<\/ul>\n<p>C\u2019est pourquoi un choix a \u00e9t\u00e9 retenu, \u00e0 la fois strat\u00e9gique et p\u00e9dagogique\u2009: d\u00e9velopper ce changement manag\u00e9rial avec l\u2019encadrement param\u00e9dical. Ce choix exclut de recopier ce qui se passe ailleurs et refuse d\u2019imposer un mod\u00e8le par en haut. Cela suppose de travailler cette transformation d\u2019abord au c\u0153ur m\u00eame de la fili\u00e8re param\u00e9dicale, \u00ab\u2009entre nous\u2009\u00bb, d\u2019y obtenir des r\u00e9sultats tangibles et rapides au service des \u00e9quipes et des patients, avant de pouvoir approfondir la coop\u00e9ration avec le corps m\u00e9dical, les fonctions supports et les gestionnaires.<\/p>\n<p>C\u2019est donc une d\u00e9marche de grande ampleur lanc\u00e9e par la coordination g\u00e9n\u00e9rale des soins avec l\u2019appui de la direction g\u00e9n\u00e9rale. En cons\u00e9quence, il s\u2019agit de favoriser les conditions essentielles d\u2019\u00e9mergence et de consolidation d\u2019un leadership partag\u00e9 dans lequel les \u00e9quipes de terrain se trouvent davantage entendues, reconnues et responsabilis\u00e9es. La voie choisie n\u2019est pas centr\u00e9e sur le cadre de proximit\u00e9 mais sur l\u2019\u00e9quipe param\u00e9dicale, afin de d\u00e9velopper en \u00e9quipe une culture pratique du dialogue et de l\u2019am\u00e9lioration continue pluriprofessionnelle, visible dans des r\u00e9alisations quotidiennes et d\u2019autres plus profondes.<\/p>\n<h1>D\u2019une construction partag\u00e9e vers diff\u00e9rentes demandes<\/h1>\n<h2>Le projet manag\u00e9rial<\/h2>\n<p>La premi\u00e8re \u00e9tape (2016-2017) a \u00e9t\u00e9 l\u2019\u00e9laboration collaborative par l\u2019\u00e9quipe de la coordination g\u00e9n\u00e9rale des soins d\u2019un v\u00e9ritable projet manag\u00e9rial qui donne sens \u00e0 cette transformation et la place au c\u0153ur du projet de soin et du projet d\u2019\u00e9tablissement. L\u2019impulsion vient de la conviction que le management est la ressource cl\u00e9 de la conduite du changement et que cette conduite doit s\u2019appuyer sur un projet ayant du sens pour les professionnels. Notre choix est de faire \u00e9merger un nouvel \u00e9tat d\u2019esprit qui f\u00e9d\u00e8re et soit un \u00ab\u2009<i>facteur essentiel de retour de la confiance [car c\u2019est un] moyen de respecter et de reconna\u00eetre les professionnels<\/i><sup class=\"appel\" data-toggle=\"modal\" data-target=\"&quot;#notes\"> (5)<\/sup>\u00bb et d\u2019agir en profondeur sur le facteur humain avec respect et \u00e9thique.<\/p>\n<h2>Le s\u00e9minaire et les cursus-chantiers exp\u00e9rimentaux<\/h2>\n<p>La deuxi\u00e8me \u00e9tape (2017-2018) a consist\u00e9 \u00e0 mettre en place les conditions collectives du changement sur l\u2019ensemble de la ligne manag\u00e9riale en d\u00e9veloppant les notions de coh\u00e9rence, coh\u00e9sion et confiance \u00e0 travers le concept de r\u00e9silience, d\u00e9crit par Boris Cyrulnik, lors de la conf\u00e9rence organis\u00e9e par l\u2019AP-HM pour l\u2019encadrement sup\u00e9rieur.<\/p>\n<p>Les cadres sup\u00e9rieurs, r\u00e9unis en s\u00e9minaire, ont ainsi mis en avant la n\u00e9cessit\u00e9 de faire mouvement ensemble, de d\u00e9bloquer certains points sensibles et de co-construire l\u2019avenir. Apr\u00e8s avoir valid\u00e9 le cap, mais avec flexibilit\u00e9, adaptabilit\u00e9 voire cr\u00e9ativit\u00e9 sur les fa\u00e7ons de faire, les cadres sup\u00e9rieurs participent, en tant que groupe, \u00e0 la d\u00e9finition de la strat\u00e9gie du changement. Cette deuxi\u00e8me \u00e9tape d\u2019<i>empowerment<\/i>\/autonomisation, \u00e0 la fois r\u00e9flexive et active, se prolonge aussit\u00f4t, d\u2019une part par des groupes de travail transversaux, d\u2019autre part avec une s\u00e9rie d\u2019exp\u00e9rimentations au niveau du terrain, en direction des cadres de proximit\u00e9, sous la responsabilit\u00e9 et l\u2019initiative de chaque cadre sup\u00e9rieur de p\u00f4le. Ces exp\u00e9rimentations suivent une m\u00e9thodologie dite de cursus-chantiers, sortes de formation + action + retour d\u2019exp\u00e9rience, les cadres sup\u00e9rieurs de p\u00f4le souhaitant une marge d\u2019autonomie sur le choix des modalit\u00e9s pour en privil\u00e9gier l\u2019accompagnement, l\u2019\u00e9coute, l\u2019inclusion et la confiance.<\/p>\n<h2>Enracinement quotidien et leadership partag\u00e9<\/h2>\n<p>La troisi\u00e8me \u00e9tape (2018-2019) aura pour objet de d\u00e9ployer les enseignements tir\u00e9s de cette premi\u00e8re p\u00e9riode en enracinant les \u00e9volutions dans le quotidien. Pour les patients, l\u2019am\u00e9lioration de la prise en charge \u00e9manera avant tout d\u2019\u00e9quipes qui dialoguent. Cela induit, \u00e0 terme, la reconnaissance des cadres de proximit\u00e9 comme futurs acteurs du leadership partag\u00e9 et participants aux choix importants de l\u2019institution.<\/p>\n<button data-toggle=\"collapse\" data-target=\"#enc_2018_148_01\">encadr\u00e9 1<\/button><div id=\"enc_2018_148_01\" class=\"encadre collapse\"><p><span class=\"surtitre_enc\">encadr\u00e9 1<\/span><\/p>\n<h2>Le leadership transformationnel<\/h2>\n<p>Le leadership transformationnel caract\u00e9rise tout leader qui veut changer les choses avec les autres, les coacteurs de la transformation, lui-m\u00eame acceptant d\u2019\u00eatre transform\u00e9 par cet \u00e9change. Il place l\u2019\u00e9thique, la confiance, la vision, la dynamique collective vers les finalit\u00e9s au c\u0153ur de son attitude. Il se distingue clairement du management classique qui a fini par confondre la notion de leader avec celles de chef, de statut, de hi\u00e9rarchie et de postures transactionnelles de type donnant\/donnant, chacun restant \u00e0 sa place et consolidant ses positions. Le leadership transformationnel est au c\u0153ur du paradigme de l\u2019organisation apprenante et des <i>magnet hospitals<\/i>.<\/p>\n<\/div>\n<h1>Les moyens op\u00e9rationnels<span class=\"Apple-converted-space\">\u00a0<\/span><\/h1>\n<p>L\u2019\u00e9quipe de la coordination g\u00e9n\u00e9rale des soins a pris appui sur les bonnes pratiques internationales et les fondamentaux du leadership transformationnel ainsi que sur le concept des h\u00f4pitaux magn\u00e9tiques (<i>magnet hospitals<\/i>) pour construire sa d\u00e9marche. En trois mots, il s\u2019agit d\u2019\u00eatre un peu plus collaboratif, animateur et coach, au service de nouvelles exigences multicrit\u00e8res. Cet accompagnement \u00e9ligible \u00e0 la formation param\u00e9dicale, permet aux cadres et cadres sup\u00e9rieurs de sant\u00e9 param\u00e9dicaux de participer \u00e0 des cursus-chantiers comprenant de nombreuses actions pratiques, quelques notions th\u00e9oriques, un peu de tutorat, du coaching et du compagnonnage. La volont\u00e9 de tous est que les cadres param\u00e9dicaux soient form\u00e9s, deviennent formateurs de leurs propres \u00e9quipes, et se soutiennent entre eux. Ainsi construisent-ils ensemble, aujourd\u2019hui les changements locaux, demain les changements globaux.<\/p>\n<p>Une approche plus dynamique et plus positive<sup class=\"appel\" data-toggle=\"modal\" data-target=\"&quot;#notes\"> (6)<\/sup>, ainsi que des outils de management plus collaboratifs, visuels et pragmatiques sont propos\u00e9s, sur le terrain. Ces outils facilitent la communication en \u00e9quipe et en transversalit\u00e9 ainsi que la r\u00e9solution locale des probl\u00e8mes dans l\u2019animation du changement.<\/p>\n<p>Le fil conducteur puise dans les fondamentaux de la conduite du changement et vise une \u00e9volution qualitative, un co-d\u00e9veloppement manag\u00e9rial, une lib\u00e9ration de ressources humaines existantes. Un \u00ab\u2009changement de type 2\u2009\u00bb selon l\u2019\u00c9cole de Palo Alto, c\u2019est nous changer nous-m\u00eames pour simplement devenir meilleurs sur notre c\u0153ur de m\u00e9tier et en \u00e9quipe. Transformer et se laisser transformer, aider et se faire aider, d\u00e9velopper de nouvelles pratiques manag\u00e9riales et des m\u00e9thodes plus collaboratives pour mieux r\u00e9ussir.<\/p>\n<p>G. Bateson, l\u2019un des p\u00e8res de l\u2019approche syst\u00e9mique, d\u00e9finit deux changements\u2009:<\/p>\n<ul>\n<li>le changement de type 1, qui se fait \u00e0 l\u2019int\u00e9rieur d\u2019un syst\u00e8me et lui permet de conserver son hom\u00e9ostasie. Plus \u00e7a change, plus c\u2019est pareil. Ou selon le Gu\u00e9pard\u2009: tout changer pour que rien ne change. Le changement quantitatif emp\u00eache le changement qualitatif.<\/li>\n<li>le changement de type 2\u2009: des r\u00e8gles, des pr\u00e9suppos\u00e9s, des pr\u00e9misses sont chang\u00e9s. La r\u00e9alit\u00e9 est r\u00e9interpr\u00e9t\u00e9e. Le r\u00f4le interactionnel de chacun est modifi\u00e9 en tenant compte des autres, lib\u00e9rant une potentialit\u00e9 cr\u00e9atrice et des ressources nouvelles. Le changement qualitatif devient le moteur. Il s\u2019\u00e9labore \u00e0 partir des ressources du syst\u00e8me. Il tient compte de son \u00e9cologie, respecte et valorise l\u2019existant mais il sort du cadre de pens\u00e9e initial.<\/li>\n<\/ul>\n<p>Cela suppose de travailler sur ce qui fait syst\u00e8me. Le sociologue Michel Crozier ajouterait sur ce qui le bloque, l\u2019emp\u00eache de s\u2019adapter ou d\u2019\u00e9voluer, et aussi et surtout sur ce qui lui permet positivement d\u2019envisager des transformations pertinentes<sup class=\"appel\" data-toggle=\"modal\" data-target=\"&quot;#notes\"> (7)<\/sup>.<\/p>\n<p>C\u2019est parce que les managers sont de qualit\u00e9 et qu\u2019il existe en eux des forces et des volont\u00e9s, qu\u2019il est possible de construire ensemble une transformation du syst\u00e8me, de moderniser notre propre management. C\u2019est donc une logique de d\u00e9veloppement partag\u00e9 et non le d\u00e9ploiement d\u2019un projet pens\u00e9 en central ou encore d\u2019un mod\u00e8le import\u00e9 d\u2019ailleurs.<\/p>\n<p>Le groupe de co-d\u00e9veloppement professionnel est une m\u00e9thode mise au point par Adrien Payette et Claude Champagne, \u00e0 Montr\u00e9al. Elle concerne des personnes qui souhaitent apprendre les unes des autres afin d\u2019am\u00e9liorer leur pratique. \u00ab\u2009<i>La r\u00e9flexion effectu\u00e9e, individuellement et en groupe, est favoris\u00e9e par un exercice structur\u00e9 de consultation qui porte sur des probl\u00e9matiques v\u00e9cues actuellement par les participants [\u2026].<\/i>\u2009\u00bb Il n\u2019y a pas, d\u2019un c\u00f4t\u00e9 des apprenants, de l\u2019autre un formateur d\u00e9positaire d\u2019un savoir qui apporte \u00ab\u2009la th\u00e9orie, les cas \u00e0 traiter et les facteurs cl\u00e9s de succ\u00e8s\u2009\u00bb. Le d\u00e9veloppement professionnel partag\u00e9 est une approche d\u2019apprentissage qui mise sur les interactions entre les participants et l\u2019intelligence collective.<\/p>\n<h1>Les moyens strat\u00e9giques de la d\u00e9marche<\/h1>\n<p>La coordinatrice g\u00e9n\u00e9rale des soins assure le pilotage strat\u00e9gique, les grands arbitrages et l\u2019interface avec la direction g\u00e9n\u00e9rale. Son investissement consid\u00e9rable dans la d\u00e9marche rassure l\u2019ensemble des param\u00e9dicaux de l\u2019AP-HM. La strat\u00e9gie est guid\u00e9e par l\u2019objectif commun, dans le cadre du projet manag\u00e9rial, du projet de soin et du projet d\u2019\u00e9tablissement, sous l\u2019autorit\u00e9 du directeur g\u00e9n\u00e9ral.<\/p>\n<p>Les moyens de pilotage sont l\u00e9gers, interactifs, responsabilisant. Des indicateurs construits ensemble balisent pr\u00e9cis\u00e9ment le chemin pour une transformation concr\u00e8te en profondeur, suivie mensuellement. Une salle de pilotage visuelle a \u00e9t\u00e9 mise en place \u00e0 la coordination g\u00e9n\u00e9rale des soins. Un petit groupe de pilotage coordonne, suit, restitue et apporte son soutien. Il est constitu\u00e9 de trois cadres sup\u00e9rieurs de sant\u00e9 et des trois directeurs des soins, tous conservant par ailleurs leurs responsabilit\u00e9s op\u00e9rationnelles.<\/p>\n<p>Chaque directeur des soins pilote la d\u00e9marche sur son p\u00e9rim\u00e8tre.<\/p>\n<h1>Conclusion<\/h1>\n<p>La mise en place du leadership partag\u00e9, n\u00e9cessaire \u00e0 la bonne ex\u00e9cution du projet manag\u00e9rial \u00e0 l\u2019AP-HM, est sur le chemin de la r\u00e9ussite gr\u00e2ce au dialogue et \u00e0 un soutien de la direction g\u00e9n\u00e9rale, du corps m\u00e9dical, tant sur les finalit\u00e9s que sur les modalit\u00e9s. En effet, la r\u00e9flexion institutionnelle, l\u2019action op\u00e9rationnelle et la conduite du changement \u00e9tant li\u00e9es, cela suppose une reconnaissance institutionnelle pr\u00e9alable de la dimension strat\u00e9gique de la d\u00e9marche.<\/p>\n<script>function PlayerjsAsync(){} if(window[\"Playerjs\"]){PlayerjsAsync();}<\/script>","protected":false},"excerpt":{"rendered":"<p>Une d\u00e9marche collaborative comme opportunit\u00e9 manag\u00e9riale Le p\u00f4le, comme entit\u00e9 organisationnelle appara\u00eet comme vouloir favoriser la collaboration, le dialogue et la communication entre les professionnels pour une meilleure qualit\u00e9 des soins. Organisation transverse, management par projets, gestion des interfaces, r\u00e9ing\u00e9nierie des processus\u2026 le th\u00e8me du d\u00e9cloisonnement et la recherche d\u2019une meilleure coordination entre les acteurs apparaissent avec force, depuis quelques ann\u00e9es, dans les r\u00e9flexions sur les actions de changement \u00e0&hellip; <\/p>\n","protected":false},"author":23133,"featured_media":0,"comment_status":"open","ping_status":"closed","sticky":false,"template":"","format":"standard","meta":{"_acf_changed":false,"_relevanssi_hide_post":"","_relevanssi_hide_content":"","_relevanssi_pin_for_all":"","_relevanssi_pin_keywords":"","_relevanssi_unpin_keywords":"","_relevanssi_related_keywords":"","_relevanssi_related_include_ids":"","_relevanssi_related_exclude_ids":"","_relevanssi_related_no_append":"","_relevanssi_related_not_related":"","_relevanssi_related_posts":"","_relevanssi_noindex_reason":"","footnotes":""},"categories":[2,72],"tags":[6599,6598,534,6596,6597],"class_list":["post-37463","post","type-post","status-publish","format-standard","hentry","category-gestions-hospitalieres","category-reflexion","tag-changement-type-2","tag-codeveloppement","tag-leadership","tag-management-paramedical","tag-resilience"],"acf":[],"yoast_head":"<!-- This site is optimized with the Yoast SEO plugin v24.8.1 - https:\/\/yoast.com\/wordpress\/plugins\/seo\/ -->\n<title>Vers un management param\u00e9dical f\u00e9d\u00e9rateur - Gestions hospitali\u00e8res<\/title>\n<meta name=\"robots\" content=\"index, follow, max-snippet:-1, max-image-preview:large, max-video-preview:-1\" \/>\n<link rel=\"canonical\" href=\"https:\/\/www.ricom-web8.com\/gestions\/vers-management-paramedical-federateur\/\" \/>\n<meta property=\"og:locale\" content=\"fr_FR\" \/>\n<meta property=\"og:type\" content=\"article\" \/>\n<meta property=\"og:title\" content=\"Vers un management param\u00e9dical f\u00e9d\u00e9rateur - Gestions hospitali\u00e8res\" \/>\n<meta property=\"og:description\" content=\"Une d\u00e9marche collaborative comme opportunit\u00e9 manag\u00e9riale Le p\u00f4le, comme entit\u00e9 organisationnelle appara\u00eet comme vouloir favoriser la collaboration, le dialogue et la communication entre les professionnels pour une meilleure qualit\u00e9 des soins. Organisation transverse, management par projets, gestion des interfaces, r\u00e9ing\u00e9nierie des processus\u2026 le th\u00e8me du d\u00e9cloisonnement et la recherche d\u2019une meilleure coordination entre les acteurs apparaissent avec force, depuis quelques ann\u00e9es, dans les r\u00e9flexions sur les actions de changement \u00e0&hellip;\" \/>\n<meta property=\"og:url\" content=\"https:\/\/www.ricom-web8.com\/gestions\/vers-management-paramedical-federateur\/\" \/>\n<meta property=\"og:site_name\" content=\"Gestions hospitali\u00e8res\" \/>\n<meta property=\"article:publisher\" content=\"https:\/\/www.facebook.com\/gestionshospitalieres\/\" \/>\n<meta property=\"article:published_time\" content=\"2018-03-01T16:13:59+00:00\" \/>\n<meta property=\"article:modified_time\" content=\"2018-05-22T08:29:32+00:00\" \/>\n<meta name=\"author\" content=\"Gestions hospitali\u00e8res\" \/>\n<meta name=\"twitter:card\" content=\"summary_large_image\" \/>\n<meta name=\"twitter:creator\" content=\"@revue_GH\" \/>\n<meta name=\"twitter:site\" content=\"@revue_GH\" \/>\n<meta name=\"twitter:label1\" content=\"\u00c9crit par\" \/>\n\t<meta name=\"twitter:data1\" content=\"Gestions hospitali\u00e8res\" \/>\n\t<meta name=\"twitter:label2\" content=\"Dur\u00e9e de lecture estim\u00e9e\" \/>\n\t<meta name=\"twitter:data2\" content=\"14 minutes\" \/>\n<script type=\"application\/ld+json\" class=\"yoast-schema-graph\">{\"@context\":\"https:\/\/schema.org\",\"@graph\":[{\"@type\":\"Article\",\"@id\":\"https:\/\/www.ricom-web8.com\/gestions\/vers-management-paramedical-federateur\/#article\",\"isPartOf\":{\"@id\":\"https:\/\/www.ricom-web8.com\/gestions\/vers-management-paramedical-federateur\/\"},\"author\":{\"name\":\"Gestions hospitali\u00e8res\",\"@id\":\"https:\/\/www.ricom-web8.com\/gestions\/#\/schema\/person\/3ba9fe913190dfe9507feb621e902c1f\"},\"headline\":\"Vers un management param\u00e9dical f\u00e9d\u00e9rateur\",\"datePublished\":\"2018-03-01T16:13:59+00:00\",\"dateModified\":\"2018-05-22T08:29:32+00:00\",\"mainEntityOfPage\":{\"@id\":\"https:\/\/www.ricom-web8.com\/gestions\/vers-management-paramedical-federateur\/\"},\"wordCount\":2805,\"commentCount\":0,\"publisher\":{\"@id\":\"https:\/\/www.ricom-web8.com\/gestions\/#organization\"},\"keywords\":[\"changement type 2\",\"cod\u00e9veloppement\",\"leadership\",\"management param\u00e9dical\",\"r\u00e9silience\"],\"articleSection\":[\"Gestions Hospitali\u00e8res\",\"r\u00e9flexion\"],\"inLanguage\":\"fr-FR\",\"potentialAction\":[{\"@type\":\"CommentAction\",\"name\":\"Comment\",\"target\":[\"https:\/\/www.ricom-web8.com\/gestions\/vers-management-paramedical-federateur\/#respond\"]}]},{\"@type\":\"WebPage\",\"@id\":\"https:\/\/www.ricom-web8.com\/gestions\/vers-management-paramedical-federateur\/\",\"url\":\"https:\/\/www.ricom-web8.com\/gestions\/vers-management-paramedical-federateur\/\",\"name\":\"Vers un management param\u00e9dical f\u00e9d\u00e9rateur - Gestions hospitali\u00e8res\",\"isPartOf\":{\"@id\":\"https:\/\/www.ricom-web8.com\/gestions\/#website\"},\"datePublished\":\"2018-03-01T16:13:59+00:00\",\"dateModified\":\"2018-05-22T08:29:32+00:00\",\"breadcrumb\":{\"@id\":\"https:\/\/www.ricom-web8.com\/gestions\/vers-management-paramedical-federateur\/#breadcrumb\"},\"inLanguage\":\"fr-FR\",\"potentialAction\":[{\"@type\":\"ReadAction\",\"target\":[\"https:\/\/www.ricom-web8.com\/gestions\/vers-management-paramedical-federateur\/\"]}]},{\"@type\":\"BreadcrumbList\",\"@id\":\"https:\/\/www.ricom-web8.com\/gestions\/vers-management-paramedical-federateur\/#breadcrumb\",\"itemListElement\":[{\"@type\":\"ListItem\",\"position\":1,\"name\":\"Accueil\",\"item\":\"https:\/\/www.ricom-web8.com\/gestions\/\"},{\"@type\":\"ListItem\",\"position\":2,\"name\":\"Vers un management param\u00e9dical f\u00e9d\u00e9rateur\"}]},{\"@type\":\"WebSite\",\"@id\":\"https:\/\/www.ricom-web8.com\/gestions\/#website\",\"url\":\"https:\/\/www.ricom-web8.com\/gestions\/\",\"name\":\"Gestions hospitali\u00e8res\",\"description\":\"la revue des d\u00e9cideurs hospitaliers\",\"publisher\":{\"@id\":\"https:\/\/www.ricom-web8.com\/gestions\/#organization\"},\"potentialAction\":[{\"@type\":\"SearchAction\",\"target\":{\"@type\":\"EntryPoint\",\"urlTemplate\":\"https:\/\/www.ricom-web8.com\/gestions\/?s={search_term_string}\"},\"query-input\":{\"@type\":\"PropertyValueSpecification\",\"valueRequired\":true,\"valueName\":\"search_term_string\"}}],\"inLanguage\":\"fr-FR\"},{\"@type\":\"Organization\",\"@id\":\"https:\/\/www.ricom-web8.com\/gestions\/#organization\",\"name\":\"Gestions hospitali\u00e8res\",\"url\":\"https:\/\/www.ricom-web8.com\/gestions\/\",\"logo\":{\"@type\":\"ImageObject\",\"inLanguage\":\"fr-FR\",\"@id\":\"https:\/\/www.ricom-web8.com\/gestions\/#\/schema\/logo\/image\/\",\"url\":\"https:\/\/gestions-hospitalieres.fr\/wp-content\/uploads\/2017\/02\/picto_Gif-GH-trans.png\",\"contentUrl\":\"https:\/\/gestions-hospitalieres.fr\/wp-content\/uploads\/2017\/02\/picto_Gif-GH-trans.png\",\"width\":512,\"height\":512,\"caption\":\"Gestions hospitali\u00e8res\"},\"image\":{\"@id\":\"https:\/\/www.ricom-web8.com\/gestions\/#\/schema\/logo\/image\/\"},\"sameAs\":[\"https:\/\/www.facebook.com\/gestionshospitalieres\/\",\"https:\/\/x.com\/revue_GH\",\"https:\/\/www.linkedin.com\/company\/gestions-hospitalieres?trk=top_nav_home\"]},{\"@type\":\"Person\",\"@id\":\"https:\/\/www.ricom-web8.com\/gestions\/#\/schema\/person\/3ba9fe913190dfe9507feb621e902c1f\",\"name\":\"Gestions hospitali\u00e8res\",\"image\":{\"@type\":\"ImageObject\",\"inLanguage\":\"fr-FR\",\"@id\":\"https:\/\/www.ricom-web8.com\/gestions\/#\/schema\/person\/image\/\",\"url\":\"https:\/\/secure.gravatar.com\/avatar\/1a0d93e6db5dbe7dac96bae4757d256f?s=96&d=mm&r=g\",\"contentUrl\":\"https:\/\/secure.gravatar.com\/avatar\/1a0d93e6db5dbe7dac96bae4757d256f?s=96&d=mm&r=g\",\"caption\":\"Gestions hospitali\u00e8res\"},\"url\":\"https:\/\/www.ricom-web8.com\/gestions\/author\/benjamin\/\"}]}<\/script>\n<!-- \/ Yoast SEO plugin. -->","yoast_head_json":{"title":"Vers un management param\u00e9dical f\u00e9d\u00e9rateur - Gestions hospitali\u00e8res","robots":{"index":"index","follow":"follow","max-snippet":"max-snippet:-1","max-image-preview":"max-image-preview:large","max-video-preview":"max-video-preview:-1"},"canonical":"https:\/\/www.ricom-web8.com\/gestions\/vers-management-paramedical-federateur\/","og_locale":"fr_FR","og_type":"article","og_title":"Vers un management param\u00e9dical f\u00e9d\u00e9rateur - Gestions hospitali\u00e8res","og_description":"Une d\u00e9marche collaborative comme opportunit\u00e9 manag\u00e9riale Le p\u00f4le, comme entit\u00e9 organisationnelle appara\u00eet comme vouloir favoriser la collaboration, le dialogue et la communication entre les professionnels pour une meilleure qualit\u00e9 des soins. Organisation transverse, management par projets, gestion des interfaces, r\u00e9ing\u00e9nierie des processus\u2026 le th\u00e8me du d\u00e9cloisonnement et la recherche d\u2019une meilleure coordination entre les acteurs apparaissent avec force, depuis quelques ann\u00e9es, dans les r\u00e9flexions sur les actions de changement \u00e0&hellip;","og_url":"https:\/\/www.ricom-web8.com\/gestions\/vers-management-paramedical-federateur\/","og_site_name":"Gestions hospitali\u00e8res","article_publisher":"https:\/\/www.facebook.com\/gestionshospitalieres\/","article_published_time":"2018-03-01T16:13:59+00:00","article_modified_time":"2018-05-22T08:29:32+00:00","author":"Gestions hospitali\u00e8res","twitter_card":"summary_large_image","twitter_creator":"@revue_GH","twitter_site":"@revue_GH","twitter_misc":{"\u00c9crit par":"Gestions hospitali\u00e8res","Dur\u00e9e de lecture estim\u00e9e":"14 minutes"},"schema":{"@context":"https:\/\/schema.org","@graph":[{"@type":"Article","@id":"https:\/\/www.ricom-web8.com\/gestions\/vers-management-paramedical-federateur\/#article","isPartOf":{"@id":"https:\/\/www.ricom-web8.com\/gestions\/vers-management-paramedical-federateur\/"},"author":{"name":"Gestions hospitali\u00e8res","@id":"https:\/\/www.ricom-web8.com\/gestions\/#\/schema\/person\/3ba9fe913190dfe9507feb621e902c1f"},"headline":"Vers un management param\u00e9dical f\u00e9d\u00e9rateur","datePublished":"2018-03-01T16:13:59+00:00","dateModified":"2018-05-22T08:29:32+00:00","mainEntityOfPage":{"@id":"https:\/\/www.ricom-web8.com\/gestions\/vers-management-paramedical-federateur\/"},"wordCount":2805,"commentCount":0,"publisher":{"@id":"https:\/\/www.ricom-web8.com\/gestions\/#organization"},"keywords":["changement type 2","cod\u00e9veloppement","leadership","management param\u00e9dical","r\u00e9silience"],"articleSection":["Gestions Hospitali\u00e8res","r\u00e9flexion"],"inLanguage":"fr-FR","potentialAction":[{"@type":"CommentAction","name":"Comment","target":["https:\/\/www.ricom-web8.com\/gestions\/vers-management-paramedical-federateur\/#respond"]}]},{"@type":"WebPage","@id":"https:\/\/www.ricom-web8.com\/gestions\/vers-management-paramedical-federateur\/","url":"https:\/\/www.ricom-web8.com\/gestions\/vers-management-paramedical-federateur\/","name":"Vers un management param\u00e9dical f\u00e9d\u00e9rateur - Gestions hospitali\u00e8res","isPartOf":{"@id":"https:\/\/www.ricom-web8.com\/gestions\/#website"},"datePublished":"2018-03-01T16:13:59+00:00","dateModified":"2018-05-22T08:29:32+00:00","breadcrumb":{"@id":"https:\/\/www.ricom-web8.com\/gestions\/vers-management-paramedical-federateur\/#breadcrumb"},"inLanguage":"fr-FR","potentialAction":[{"@type":"ReadAction","target":["https:\/\/www.ricom-web8.com\/gestions\/vers-management-paramedical-federateur\/"]}]},{"@type":"BreadcrumbList","@id":"https:\/\/www.ricom-web8.com\/gestions\/vers-management-paramedical-federateur\/#breadcrumb","itemListElement":[{"@type":"ListItem","position":1,"name":"Accueil","item":"https:\/\/www.ricom-web8.com\/gestions\/"},{"@type":"ListItem","position":2,"name":"Vers un management param\u00e9dical f\u00e9d\u00e9rateur"}]},{"@type":"WebSite","@id":"https:\/\/www.ricom-web8.com\/gestions\/#website","url":"https:\/\/www.ricom-web8.com\/gestions\/","name":"Gestions hospitali\u00e8res","description":"la revue des d\u00e9cideurs hospitaliers","publisher":{"@id":"https:\/\/www.ricom-web8.com\/gestions\/#organization"},"potentialAction":[{"@type":"SearchAction","target":{"@type":"EntryPoint","urlTemplate":"https:\/\/www.ricom-web8.com\/gestions\/?s={search_term_string}"},"query-input":{"@type":"PropertyValueSpecification","valueRequired":true,"valueName":"search_term_string"}}],"inLanguage":"fr-FR"},{"@type":"Organization","@id":"https:\/\/www.ricom-web8.com\/gestions\/#organization","name":"Gestions hospitali\u00e8res","url":"https:\/\/www.ricom-web8.com\/gestions\/","logo":{"@type":"ImageObject","inLanguage":"fr-FR","@id":"https:\/\/www.ricom-web8.com\/gestions\/#\/schema\/logo\/image\/","url":"https:\/\/gestions-hospitalieres.fr\/wp-content\/uploads\/2017\/02\/picto_Gif-GH-trans.png","contentUrl":"https:\/\/gestions-hospitalieres.fr\/wp-content\/uploads\/2017\/02\/picto_Gif-GH-trans.png","width":512,"height":512,"caption":"Gestions hospitali\u00e8res"},"image":{"@id":"https:\/\/www.ricom-web8.com\/gestions\/#\/schema\/logo\/image\/"},"sameAs":["https:\/\/www.facebook.com\/gestionshospitalieres\/","https:\/\/x.com\/revue_GH","https:\/\/www.linkedin.com\/company\/gestions-hospitalieres?trk=top_nav_home"]},{"@type":"Person","@id":"https:\/\/www.ricom-web8.com\/gestions\/#\/schema\/person\/3ba9fe913190dfe9507feb621e902c1f","name":"Gestions hospitali\u00e8res","image":{"@type":"ImageObject","inLanguage":"fr-FR","@id":"https:\/\/www.ricom-web8.com\/gestions\/#\/schema\/person\/image\/","url":"https:\/\/secure.gravatar.com\/avatar\/1a0d93e6db5dbe7dac96bae4757d256f?s=96&d=mm&r=g","contentUrl":"https:\/\/secure.gravatar.com\/avatar\/1a0d93e6db5dbe7dac96bae4757d256f?s=96&d=mm&r=g","caption":"Gestions hospitali\u00e8res"},"url":"https:\/\/www.ricom-web8.com\/gestions\/author\/benjamin\/"}]}},"_links":{"self":[{"href":"https:\/\/www.ricom-web8.com\/gestions\/wp-json\/wp\/v2\/posts\/37463","targetHints":{"allow":["GET"]}}],"collection":[{"href":"https:\/\/www.ricom-web8.com\/gestions\/wp-json\/wp\/v2\/posts"}],"about":[{"href":"https:\/\/www.ricom-web8.com\/gestions\/wp-json\/wp\/v2\/types\/post"}],"author":[{"embeddable":true,"href":"https:\/\/www.ricom-web8.com\/gestions\/wp-json\/wp\/v2\/users\/23133"}],"replies":[{"embeddable":true,"href":"https:\/\/www.ricom-web8.com\/gestions\/wp-json\/wp\/v2\/comments?post=37463"}],"version-history":[{"count":0,"href":"https:\/\/www.ricom-web8.com\/gestions\/wp-json\/wp\/v2\/posts\/37463\/revisions"}],"wp:attachment":[{"href":"https:\/\/www.ricom-web8.com\/gestions\/wp-json\/wp\/v2\/media?parent=37463"}],"wp:term":[{"taxonomy":"category","embeddable":true,"href":"https:\/\/www.ricom-web8.com\/gestions\/wp-json\/wp\/v2\/categories?post=37463"},{"taxonomy":"post_tag","embeddable":true,"href":"https:\/\/www.ricom-web8.com\/gestions\/wp-json\/wp\/v2\/tags?post=37463"}],"curies":[{"name":"wp","href":"https:\/\/api.w.org\/{rel}","templated":true}]}}