

{"id":38417,"date":"2018-09-01T10:06:12","date_gmt":"2018-09-01T08:06:12","guid":{"rendered":"https:\/\/gestions-hospitalieres.fr\/?p=38417"},"modified":"2018-10-01T15:16:47","modified_gmt":"2018-10-01T13:16:47","slug":"psychiatrie","status":"publish","type":"post","link":"https:\/\/www.ricom-web8.com\/gestions\/psychiatrie\/","title":{"rendered":"Psychiatrie"},"content":{"rendered":"<span class=\"span-reading-time rt-reading-time\" style=\"display: block;\"><span class=\"rt-label rt-prefix\">Temps de lecture\u00a0: <\/span> <span class=\"rt-time\"> 13<\/span> <span class=\"rt-label rt-postfix\">minutes<\/span><\/span><p>Cinquante ans apr\u00e8s son autonomisation en termes de soins, d\u2019enseignement et de recherche, la psychiatrie est l\u2019une des priorit\u00e9s de la strat\u00e9gie nationale de sant\u00e9\u2009: pr\u00e9vention, d\u00e9pistage pr\u00e9coce, organisation de la gradation des soins au sein des territoires, formations et enseignement, innovation et recherche, promotion de la sant\u00e9 mentale et lutte contre les addictions.<\/p>\n<p>Sa place au sein des groupements hospitaliers de territoire (GHT), des communaut\u00e9s psychiatriques de territoire et des projets territoriaux de sant\u00e9 mentale dans le cadre des projets territoriaux de sant\u00e9 en fait l\u2019un des moteurs de l\u2019\u00e9volution du syst\u00e8me de sant\u00e9 fran\u00e7ais, du d\u00e9veloppement des parcours de soins et de leurs financements.<\/p>\n<p>Si la politique de secteur fait de la psychiatrie le pr\u00e9curseur des alternatives \u00e0 l\u2019hospitalisation, des r\u00e9seaux de soins et de sant\u00e9, de l\u2019ouverture sur la ville et sur la soci\u00e9t\u00e9, elle reste encore trop souvent \u00e0 l\u2019\u00e9cart des autres sp\u00e9cialit\u00e9s m\u00e9dicales, tout particuli\u00e8rement la m\u00e9decine g\u00e9n\u00e9rale, et il est temps qu\u2019elle s\u2019en rapproche.<\/p>\n<p>Ce peut \u00eatre, avec l\u2019adaptation des enseignements et le d\u00e9veloppement de la recherche, en lien avec les neurosciences et les sciences humaines et sociales, le moyen d\u2019am\u00e9liorer l\u2019attractivit\u00e9 de la discipline pour les jeunes m\u00e9decins.<\/p>\n<p>De m\u00eame, il est n\u00e9cessaire que soit reconnu le r\u00f4le de l\u2019ensemble des acteurs du soin, notamment celui des \u00e9quipes infirmi\u00e8res, des psychologues et des travailleurs sociaux, ainsi que celui des patients et de leur entourage\u2009: la prise en compte de l\u2019histoire personnelle et familiale, des facteurs biologiques, psychologiques, socio-environnementaux, selon une perspective d\u00e9veloppementale \u00e0 tous les \u00e2ges de la vie, est \u00e0 la base d\u2019une strat\u00e9gie de soins dynamique, individualis\u00e9e, adapt\u00e9e au moment \u00e9volutif de la pathologie, dans le cadre d\u2019un diagnostic partag\u00e9 et d\u2019une v\u00e9ritable alliance th\u00e9rapeutique.<\/p>\n<p>Plus de 25\u2009% de la population souffre, a souffert ou souffrira de troubles anxieux, de troubles psychotiques, de conduites addictives\u2026 Nous sommes tous concern\u00e9s, d&#8217;autant que la notion de bien-\u00eatre psychique d\u00e9passe largement l\u2019absence d&#8217;une pathologie\u2009: la psychiatrie est \u00e0 la sant\u00e9 mentale ce que la m\u00e9decine est \u00e0 la sant\u00e9\u2009!<\/p>\n<h1>Une discipline en pleine \u00e9volution<\/h1>\n<p>Pour<i> <\/i>Isabelle\u00a0Richard, conseill\u00e8re sant\u00e9 de la ministre de l\u2019Enseignement sup\u00e9rieur et de la Recherche, \u00ab\u2009<i>une<\/i> <i>discipline<span class=\"Apple-converted-space\">\u00a0 <\/span>est un ensemble de pratiques de soins et de comp\u00e9tences, comprenant des sciences contributives et des savoirs propres, en capacit\u00e9 d\u2019articuler les pratiques et les savoirs\u2009\u00bb<\/i>.<i> <\/i>\u00c0 l\u2019aune de cette d\u00e9finition, il ne fait nul doute que la psychiatrie est une discipline. Cependant, son histoire, son organisation, son mode de financement, le champ de ses activit\u00e9s m\u00eames lui conf\u00e8rent une place encore trop \u00e0 part au sein de la m\u00e9decine. Une place qu\u2019il est n\u00e9cessaire de faire \u00e9voluer, dans son int\u00e9r\u00eat et dans celui de ses patients, dans celui de la m\u00e9decine et celui de la sant\u00e9 publique. La strat\u00e9gie nationale de sant\u00e9 ne s\u2019y trompe pas, qui fait aujourd\u2019hui de la psychiatrie un de ses axes prioritaires.<\/p>\n<p>L\u2019Organisation mondiale de la sant\u00e9 (OMS) estime que sur les dix pathologies les plus pr\u00e9occupantes d\u2019ici dix \u00e0 vingt ans figurent cinq troubles psychiatriques\u2009: les troubles anxieux, les troubles d\u00e9pressifs, les conduites addictives, les troubles bipolaires de l\u2019humeur, les troubles psychotiques, et ce \u00e0 tous les \u00e2ges de la vie. Rappelons que la psychiatrie occupe le premier rang des d\u00e9penses de sant\u00e9 en France, devant le cancer et les maladies cardio-vasculaires. Que les projections estiment \u00e0 8\u2009000 le nombre de psychiatres en exercice en 2020, contre plus de 13\u2009000 aujourd\u2019hui. Que les d\u00e9penses de recherche pour les domaines de la psychiatrie et de la sant\u00e9 mentale, si elles ont \u00e9t\u00e9 r\u00e9\u00e9valu\u00e9es \u00e0 la hausse en France entre\u202f2005 et\u202f2012 par l\u2019Agence nationale de la recherche, ne repr\u00e9sentent que 4\u2009% du budget global de la recherche biom\u00e9dicale, loin derri\u00e8re des pays comme la Grande-Bretagne et les USA, affichant respectivement 7\u2009% et 16\u2009% (chiffres 2009). Enfin que les professeurs d\u2019universit\u00e9-praticiens hospitaliers (PU-PH) font cruellement d\u00e9faut pour transmettre leur savoir et leur exp\u00e9rience et former les jeunes g\u00e9n\u00e9rations. On ne peut notamment que d\u00e9plorer l\u2019absence totale d\u2019enseignants en p\u00e9dopsychiatrie dans huit r\u00e9gions fran\u00e7aises, alors que 50\u2009% des troubles psychiatriques des adultes prennent leur racine pendant ou avant l\u2019adolescence. C\u2019est dire l\u2019enjeu \u00e0 la fois de la pr\u00e9vention et de la prise en charge, et l\u2019importance de l\u2019enseignement et de la recherche ayant trait \u00e0 ces p\u00e9riodes de la vie. Par ailleurs, le vieillissement de la population et le contexte de crise \u00e9conomique, anxiog\u00e8ne, sont \u00e0 l\u2019origine d\u2019un accroissement significatif des besoins.<\/p>\n<h1>La stigmatisation, toujours une r\u00e9alit\u00e9<\/h1>\n<p>Les facteurs de survenue et de d\u00e9veloppement d\u2019une maladie ou de troubles psychiques sont nombreux, souvent imbriqu\u00e9s, et d\u2019une importance relative en fonction des individus, des situations et des contextes. Les pr\u00e9dispositions g\u00e9n\u00e9tiques, les aspects physiologiques et psychologiques, l\u2019environnement \u00e9conomique et social sont ainsi propres \u00e0 chacun et exercent leur influence de fa\u00e7on variable. \u00c0 cette image, les troubles relevant de la psychiatrie se d\u00e9clinent sous des formes tr\u00e8s vari\u00e9es, des troubles du comportement alimentaire aux probl\u00e8mes d\u2019addiction, des troubles bipolaires de l\u2019humeur aux troubles d\u00e9pressifs et anxieux, pour n\u2019en citer que quelques exemples.<\/p>\n<p>Plus d\u2019une personne sur quatre est susceptible de conna\u00eetre un jour ou l\u2019autre un trouble psychiatrique, et tout un chacun conna\u00eet dans son entourage une personne qui en souffre. Des troubles que souvent on ne s\u2019explique pas, des comportements qu\u2019on ne comprend pas, des r\u00e9actions qui d\u00e9rangent, qui font peur\u2009: dans nos soci\u00e9t\u00e9s o\u00f9 la diff\u00e9rence et la vuln\u00e9rabilit\u00e9 ne sont pas de mise, stigmatiser les troubles psychiatriques et les patients qui en sont atteints est toujours une r\u00e9alit\u00e9. Malgr\u00e9 les efforts, le mot \u00ab\u2009psychiatrie\u2009\u00bb \u00e9voque encore la folie, l\u2019ali\u00e9nation et l\u2019asile. Dans la pratique professionnelle, certaines d\u00e9nominations sont lourdes de sens, comme \u00ab\u2009maladie chronique\u2009\u00bb, enfermant un patient dans un destin irr\u00e9versible, alors que la m\u00eame maladie, qualifi\u00e9e d\u2019\u00ab\u2009\u00e9volutive au long cours\u2009\u00bb, laisse l\u00e9gitimement esp\u00e9rer des am\u00e9liorations, voire une gu\u00e9rison. Les termes de vocabulaire employ\u00e9s parfois abusivement et les r\u00e9f\u00e9rences \u00e0 un pass\u00e9 certes relativement proche mais d\u00e9pass\u00e9 donnent une repr\u00e9sentation fauss\u00e9e et n\u00e9gative de la psychiatrie, et contribuent \u00e0 entretenir l\u2019imaginaire collectif. Les praticiens eux-m\u00eames, pla\u00e7ant pour certains leur discipline \u00e0 part dans la sph\u00e8re m\u00e9dicale, au motif que, s\u2019int\u00e9ressant aux maux de l\u2019esprit, elle gagnerait des lettres de noblesse, ont par leurs prises de position cultiv\u00e9 la diff\u00e9rence.<\/p>\n<h1>L\u2019ambulatoire avant l\u2019hospitalier<\/h1>\n<p>La psychiatrie a connu des transformations fondamentales au milieu du si\u00e8cle dernier. Sous l\u2019impulsion de psychiatres d\u2019avant-garde tels Lucien Bonnaf\u00e9, Henri Duch\u00eane, Germaine et Louis Le Guillant ou Frantz Fanon, et de nombreux autres encore, l\u2019ouverture a \u00e9t\u00e9 privil\u00e9gi\u00e9e \u00e0 l\u2019enfermement, l\u2019\u00e9coute au bannissement, la compr\u00e9hension au jugement sans appel. La politique de secteur initi\u00e9e dans les ann\u00e9es 1960, sur laquelle repose l\u2019organisation de la psychiatrie en France, est directement inspir\u00e9e de leurs convictions. Aujourd\u2019hui, l\u2019hospitalisation \u2013 en \u00e9tablissement sp\u00e9cialis\u00e9 ou dans le service psychiatrique d\u2019un h\u00f4pital g\u00e9n\u00e9ral, dans le priv\u00e9 comme dans le public \u2013 n\u2019est plus qu\u2019un outil parmi d\u2019autres pour soigner. Plus de 80\u2009% des activit\u00e9s de la psychiatrie se d\u00e9roulent en ambulatoire, marquant le caract\u00e8re pionnier d\u2019une d\u00e9marche vers les territoires que la m\u00e9decine entend actuellement d\u00e9velopper pour l\u2019ensemble des disciplines. Par un maillage territorial d\u00fbment r\u00e9fl\u00e9chi et op\u00e9rationnel, la psychiatrie, malgr\u00e9 la persistance de \u00ab\u2009zones blanches\u2009\u00bb, veut apporter une aide et des soins de proximit\u00e9.<\/p>\n<p>Dans un registre diff\u00e9rent mais essentiel \u00e9galement, l\u2019ann\u00e9e 1968 a act\u00e9 la s\u00e9paration de la psychiatrie et de la neurologie, chacune devenant une discipline \u00e0 part enti\u00e8re. Une s\u00e9paration salutaire en ce sens qu\u2019elle leur permet, en les dotant d\u2019une existence propre, d\u2019\u00e9voluer chacune dans son domaine, puis d\u2019\u00e9tablir des \u00e9changes, des passerelles et de s\u2019enrichir mutuellement.<\/p>\n<button data-toggle=\"collapse\" data-target=\"#enc_2018_440_01\">ENCADR\u00c9 1<\/button><div id=\"enc_2018_440_01\" class=\"encadre collapse\"><p><span class=\"surtitre_enc\">encadr\u00e9\u00a01<\/span><\/p>\n<h2>Synth\u00e8se du programme<span class=\"Apple-converted-space\">\u00a0<\/span><\/h2>\n<p><strong>Lundi 16 avril<\/strong><br \/>\n\u2022 Les territoires de sant\u00e9, une opportunit\u00e9 de repenser l\u2019\u00e9volution des disciplines\u2009? <i>Emmanuel Vigneron<span class=\"Apple-converted-space\"><br \/>\n<\/span><\/i>\u2022 Discussion avec\u2026 <i>Jean-Pierre Pruvo<\/i><span class=\"Apple-converted-space\"><br \/>\n<\/span>\u2022 L\u2019offre, l\u2019organisation et les parcours de soins\u2009: les d\u00e9fis \u00e0 relever<br \/>\nAvec<i> Yvan Halimi, B\u00e9atrice Borrel, Marine Lardinois, Pierre-Michel Llorca, Pascal Mariotti, Olivier Obrecht, Laurent Schmitt<span class=\"Apple-converted-space\"><br \/>\n<\/span><\/i>\u2022 Repenser le financement de la psychiatrie, un outil d\u2019innovation ?<br \/>\nAvec<i> Yvan Halimi, Jean-Yves Blandel, Bernard Granger, Christophe Schmitt, Denis Valzer<\/i><\/p>\n<p><strong>Mardi 17 avril<\/strong><span style=\"color: #96a825;\"><br \/>\n<\/span>\u2022 R\u00e9former la psychiatrie, quelles \u00e9volutions\u2009? <i>\u00c9douard Couty<span class=\"Apple-converted-space\"><br \/>\n<\/span><\/i>\u2022 Discussion avec G\u00e9rard Mass\u00e9<br \/>\n\u2022 Les pratiques de soins en psychiatrie, briser les fronti\u00e8res<br \/>\n<i>Christian M\u00fcller, Marie-No\u00eblle Besan\u00e7on, Jacques Borgy, Gilles Chaffange, Claude Finkelstein, Jacques Marescaux, G\u00e9rard Milleret, Marie-Rose Moro, Annick Perrin-Niquet, Marie-Jeanne Richard, Christophe Rohrbach<br \/>\n<\/i>\u2022 Les d\u00e9fis de l\u2019enseignement et de la recherche<br \/>\n<i>Isabelle Richard, Amine Benyamina, Olivier Bonnot, Audrey Fontaine, Emmanuel Haffen, Michel Hamon, Marion Leboyer, Bruno Millet, Jean-Michel Perrot, Pierre Thomas<br \/>\n<\/i>\u2022 Conclusion <i>Patrice Couzigou<span class=\"Apple-converted-space\">\u00a0<\/span><\/i><\/p>\n<p><span style=\"color: #96a825;\">Le programme complet sur\u2009:<\/span><br \/>\n<span style=\"color: #96a825;\"> <a style=\"color: #96a825;\" href=\"https:\/\/www.psychiatrie-ouverte-besancon.com\" target=\"_blank\" rel=\"noopener noreferrer\">https:\/\/www.psychiatrie-ouverte-besancon.com<\/a><\/span><\/p>\n<\/div>\n<h1>Un rapprochement n\u00e9cessaire<\/h1>\n<p>Rapprocher la psychiatrie des autres disciplines m\u00e9dicales est un imp\u00e9ratif que veulent promouvoir de nombreux praticiens, pour qui consid\u00e9rer l\u2019\u00eatre humain dans son int\u00e9gralit\u00e9, sans s\u00e9parer le corps et l\u2019esprit, le somatique et le psychique, est une \u00e9vidence. La valorisation d\u2019un lien plus fort est motiv\u00e9e par la vari\u00e9t\u00e9 et l\u2019imbrication des facteurs \u00e0 l\u2019origine des troubles psychiatriques \u00e9voqu\u00e9s plus haut\u2009; les approches des neurosciences s\u2019int\u00e9ressant au cerveau, aux hormones, aux g\u00e8nes, et les approches psychologiques et sociologiques s\u2019attachant aux fonctions cognitives, au d\u00e9veloppement de la personnalit\u00e9 et au sujet dans son environnement, sont l\u00e9gitimes et \u00e0 consid\u00e9rer pour construire une psychiatrie int\u00e9grative. \u00c9tablir des ponts entre les disciplines est \u00e9galement important pour la prise en charge des patients, initi\u00e9e en priorit\u00e9 par le m\u00e9decin g\u00e9n\u00e9raliste, relais essentiel vers les sp\u00e9cialistes et \u00e0 qui il conviendrait de dispenser un enseignement sp\u00e9cifique au cours de sa formation initiale pour une meilleure pr\u00e9vention et une d\u00e9tection plus ais\u00e9e. Pr\u00e8s de 70\u2009% des g\u00e9n\u00e9ralistes disent \u00e9prouver des probl\u00e8mes de communication et de liaison avec les acteurs de la sant\u00e9 mentale et d\u2019un manque d\u2019information sur le fonctionnement des structures sp\u00e9cialis\u00e9es.<\/p>\n<p>Le lien est aussi \u00e0 renforcer et \u00e0 privil\u00e9gier avec l\u2019ensemble des sp\u00e9cialit\u00e9s m\u00e9dicales, de m\u00eame qu\u2019avec les professionnels de sant\u00e9 \u2013 infirmiers, psychologues, kin\u00e9sith\u00e9rapeutes, aides-soignants\u2026 \u2013 qui interviennent dans la prise en charge des patients et les parcours de soins. Enfin, le lien est primordial pour la reconnaissance et la prise en charge des maladies somatiques d\u00e9velopp\u00e9es par les patients qui, de surcro\u00eet lorsqu\u2019ils sont atteints de troubles psychiatriques graves, sont plus que l\u2019ensemble de la population sujets aux maladies physiques, notamment cardio-vasculaires. Les \u00e9quipes territoriales de sant\u00e9, en ambulatoire et \u00e0 l\u2019h\u00f4pital, et la psychiatrie de liaison ont ici une carte essentielle \u00e0 jouer.<\/p>\n<p>La politique de secteur organisant les activit\u00e9s de la psychiatrie a fait sortir les patients de l\u2019h\u00f4pital et a permis de mettre en place des alternatives de soins et de suivi efficaces et de proximit\u00e9. Mais centr\u00e9e sur son c\u0153ur de comp\u00e9tences, comme l\u2019illustrent les centres m\u00e9dico-psychologiques (CMP) g\u00e9n\u00e9ralis\u00e9s \u00e0 l\u2019ensemble du territoire fran\u00e7ais, la psychiatrie doit aujourd\u2019hui intensifier ses liens avec les autres disciplines m\u00e9dicales tout en r\u00e9fl\u00e9chissant \u00e0 int\u00e9grer sa d\u00e9marche aux nouveaux moyens offerts par la technologie, notamment la t\u00e9l\u00e9m\u00e9decine. En 2016, le regroupement des quelque mille h\u00f4pitaux fran\u00e7ais en 135 groupements hospitaliers de territoire (GHT) est un dispositif auquel ont pu se rattacher les structures publiques et priv\u00e9es en psychiatrie, une d\u00e9marche allant dans le sens de l\u2019ouverture. \u00c0 l\u2019int\u00e9rieur des GHT, les communaut\u00e9s psychiatriques de territoire (CPT), pilot\u00e9es par des responsables de la discipline, font intervenir les praticiens et les administratifs dans une r\u00e9flexion commune autour des aspects de soins, d\u2019enseignement et de recherche sp\u00e9cifiques \u00e0 leur discipline.<\/p>\n<h1>De la psychiatrie \u00e0 la sant\u00e9 mentale<\/h1>\n<p>Au-del\u00e0 de cette organisation, les projets territoriaux de sant\u00e9 mentale (PTSM) mis en place en 2017 d\u00e9passent le cadre de la pathologie pour aborder une r\u00e9alit\u00e9 plus vaste. Selon la d\u00e9finition de l\u2019OMS, \u00ab\u2009<i>la sant\u00e9 mentale est un \u00e9tat de bien-\u00eatre dans lequel une personne peut se r\u00e9aliser, surmonter les tensions normales de la vie, accomplir un travail productif et contribuer \u00e0 la vie de sa communaut\u00e9\u2009<\/i>\u00bb. Tendre vers cet objectif suppose une implication de diff\u00e9rents acteurs socio\u00e9conomiques autour des praticiens et de l\u2019agence r\u00e9gionale de sant\u00e9, et la mise en \u0153uvre de moyens pour, par exemple, favoriser l\u2019acc\u00e8s au logement ou \u00e0 la culture. Toujours en consid\u00e9rant la volont\u00e9 d\u2019ouverture et de concertation de nombreux sp\u00e9cialistes de la psychiatrie, ce dispositif ax\u00e9 sur la sant\u00e9 mentale ne pourra cependant prendre tout son sens que s\u2019il s\u2019int\u00e8gre \u00e0 une r\u00e9flexion plus globale, celle d\u2019un projet territorial de sant\u00e9 (PTS).<\/p>\n<p>Les acteurs des domaines m\u00e9dico-social et social, ainsi que les repr\u00e9sentants des patients et des familles, d\u00e9j\u00e0 impliqu\u00e9s dans divers dispositifs et exp\u00e9riences, voient dans ce cadre leur r\u00f4le s\u2019intensifier. L\u2019objectif est d\u2019introduire de la continuit\u00e9 dans les parcours de soins et de vie, de coordonner les \u00e9quipes et les actions, de monter et de partager des dossiers patients.<\/p>\n<p>\u00c0 cet \u00e9gard, les plateformes de coordination psychiatriques et en sant\u00e9 mentale sont d\u2019un int\u00e9r\u00eat majeur. Les enjeux du PTSM portent sur la qualit\u00e9 des soins \u00e0 apporter aux patients, la r\u00e9duction du taux de mortalit\u00e9 par suicide, sup\u00e9rieure en France \u00e0 la moyenne europ\u00e9enne, l\u2019arr\u00eat ou la fin de la stigmatisation des malades, l\u2019am\u00e9lioration de leur insertion professionnelle et sociale. L\u2019acc\u00e8s au logement et au travail des personnes souffrant de handicap d\u2019origine psychique, au m\u00eame titre que de handicap d\u2019origine somatique, requiert non seulement toute l\u2019attention et l\u2019action du domaine social, mais aussi la mise en place, dans les territoires, d\u2019organisations plac\u00e9es sous le signe de l\u2019\u00e9quit\u00e9.<\/p>\n<p>D\u00e9j\u00e0 en termes de soins, la politique de secteur actuelle montre ses limites, le territoire fran\u00e7ais s\u2019\u00e9maillant de zones blanches avec des structures encore trop \u00e9loign\u00e9es des patients, des d\u00e9lais d\u2019attente trop longs, notamment en p\u00e9dopsychiatrie. La politique de secteur devrait s\u2019orienter vers une prise en charge populationnelle, c\u2019est-\u00e0-dire prenant en compte, outre la densit\u00e9 de population d\u2019un territoire, son contexte \u00e9conomique et social.<\/p>\n<p>De fa\u00e7on g\u00e9n\u00e9rale, force est de constater que le manque de moyens financiers et humains, assorti d\u2019une repr\u00e9sentation n\u00e9gative persistante de la maladie mentale, de ceux qui en souffrent et de ceux qui la soignent comme du grand public, est responsable ces derni\u00e8res ann\u00e9es d\u2019un certain repli vers l\u2019hospitalisation.<\/p>\n<p>Une autre explication r\u00e9side dans le mod\u00e8le de construction de notre syst\u00e8me de sant\u00e9 datant des ann\u00e9es 1950, centr\u00e9 sur l\u2019h\u00f4pital et sur l\u2019exercice individuel de la m\u00e9decine, qui pr\u00e9valait encore jusqu\u2019\u00e0 une \u00e9poque tr\u00e8s r\u00e9cente. Depuis la fin des ann\u00e9es 2000 et la loi de modernisation de notre syst\u00e8me de sant\u00e9 de 2016 seulement, un nouveau mod\u00e8le s\u2019affirme politiquement, favorisant l\u2019ambulatoire \u00e0 l\u2019hospitalisation, la coordination des professionnels \u00e0 l\u2019exercice individuel.<\/p>\n<blockquote><p>La psychiatrie doit aujourd\u2019hui intensifier ses liens avec les autres disciplines m\u00e9dicales\u00a0tout en r\u00e9fl\u00e9chissant \u00e0 int\u00e9grer sa d\u00e9marche aux nouveaux moyens offerts par la technologie, notamment la t\u00e9l\u00e9m\u00e9decine.<\/p><\/blockquote>\n<h1>Vers une psychiatrie ouverte<\/h1>\n<p>Certains dispositifs et initiatives vont dans le sens de l\u2019affirmation d\u2019une psychiatrie ouverte, notamment sur la recherche. La fondation FondaMental a ainsi initi\u00e9 la cr\u00e9ation de \u00ab\u2009centres experts\u2009\u00bb sp\u00e9cialis\u00e9s pour certaines pathologies dans le but de proposer une gradation des soins, de coordonner les actions et les \u00e9quipes, de proc\u00e9der \u00e0 des \u00e9valuations et \u00e0 des recherches cibl\u00e9es. La fondation Pierre-Deniker, quant \u00e0 elle, s\u2019attache \u00e0 la d\u00e9tection et \u00e0 l\u2019intervention pr\u00e9coces, d\u00e8s la survenue des premiers troubles psychotiques, une d\u00e9marche d\u00e9bouchant sur la mise en place d\u2019actions de pr\u00e9vention.<\/p>\n<p>Des exp\u00e9riences sont aussi men\u00e9es d\u2019un point de vue citoyen\u2009: l\u2019association Les Invit\u00e9s au festin, \u00e0 Besan\u00e7on, propose des lieux d\u2019h\u00e9bergement pour les personnes en souffrance psychiatrique, leur offrant la possibilit\u00e9 de c\u00f4toyer des personnes int\u00e9gr\u00e9es de fa\u00e7on normale \u00e0 la soci\u00e9t\u00e9. Ces lieux d\u2019accueil et de vie sont des passerelles entre les structures de soins psychiatriques et la cit\u00e9.<\/p>\n<p>Du c\u00f4t\u00e9 des familles et des proches, l\u2019Union nationale des familles et amis de personnes malades et\/ou handicap\u00e9es psychiques (Unafam), offre son soutien et une formation aux proches des patients, souvent d\u00e9munis devant la maladie, insiste sur la d\u00e9stigmatisation et veut faire reconna\u00eetre l\u2019environnement familial comme une cl\u00e9 du parcours de soin et de vie. Mais seules 17\u2009% des familles connaissent l\u2019existence de l\u2019association et l\u2019aide qu\u2019elle peut leur apporter.<\/p>\n<h1>Un mode de financement en r\u00e9flexion<\/h1>\n<p>Autre \u00e9l\u00e9ment de discrimination\u2009: la psychiatrie est r\u00e9gie par le syst\u00e8me de la dotation annuelle de fonctionnement (DAF), contrairement \u00e0 la majorit\u00e9 des autres disciplines m\u00e9dicales, r\u00e9gies par la tarification \u00e0 l\u2019activit\u00e9 (T2A). La DAF de la psychiatrie n\u2019a pas \u00e9t\u00e9 valoris\u00e9e ces derni\u00e8res ann\u00e9es comparativement aux autres disciplines.<\/p>\n<p>Trop souvent consid\u00e9r\u00e9s comme une variable d\u2019ajustement, les budgets qu\u2019elle pr\u00e9voit sont susceptibles d\u2019\u00eatre fl\u00e9ch\u00e9s vers d\u2019autres activit\u00e9s.<\/p>\n<p>Un autre \u00e9cueil est la dotation in\u00e9galitaire entre les r\u00e9gions, partant d\u2019une m\u00e9connaissance des diff\u00e9rentes activit\u00e9s d\u00e9ploy\u00e9es dans les \u00e9tablissements et les structures, et qui ne prend pas en compte les champs d\u2019action de l\u2019ambulatoire, pourtant en plein d\u00e9veloppement.<\/p>\n<p>L\u2019\u00e9volution du syst\u00e8me de financement actuel pourrait se traduire par une r\u00e9partition diff\u00e9rente de l\u2019enveloppe allou\u00e9e et l\u2019affichage de nouvelles priorit\u00e9s. L\u2019adoption du syst\u00e8me T2A poserait quant \u00e0 lui le probl\u00e8me de la nomenclature des actes et pointerait la difficult\u00e9 \u00e0 d\u00e9terminer une seule strat\u00e9gie th\u00e9rapeutique en fonction d\u2019un diagnostic. Compliquant encore cet \u00e9tat des lieux, l\u2019addictologie, dont le financement rel\u00e8ve de fa\u00e7on complexe \u00e0 la fois du m\u00e9dico-social et du sanitaire, se pose en cas particulier \u00e0 l\u2019int\u00e9rieur de cette configuration.<\/p>\n<p>Il semble en tout cas difficile de construire un outil de financement unique pour la psychiatrie, compte tenu de prises en charge tr\u00e8s diff\u00e9rentes d\u2019un cas \u00e0 l\u2019autre et de la vari\u00e9t\u00e9 des dispositifs et outils auxquels elle a recours, de la gestion d\u2019une crise aigu\u00eb \u00e0 la mise \u00e0 disposition d\u2019appartements th\u00e9rapeutiques en passant par les activit\u00e9s des \u00e9quipes mobiles ou la prise en charge des urgences. L\u2019innovation, avec l\u2019invention d\u2019un nouveau mod\u00e8le, pourrait r\u00e9sider dans la proposition d\u2019un mix entre approche g\u00e9opopulationnelle et parcours de soins, gestion de pathologies aigu\u00ebs et au long cours, besoins en mati\u00e8re de soins et de recherche\u2026<\/p>\n<p>Avec l\u2019\u00e9volution du syst\u00e8me de la T2A pour l\u2019ensemble des disciplines, il pourrait s\u2019agir d\u2019un autre rapprochement, en distinguant ce qui correspond au sanitaire, aux soins de suite et de r\u00e9adaptation et au m\u00e9dico-social, dans les parcours de soins.<\/p>\n<p>Une segmentation plus pointue de l\u2019activit\u00e9 psychiatrique pourrait donner de premi\u00e8res pistes\u2009; l\u2019\u00e9valuation du co\u00fbt des dispositifs, par exemple du fonctionnement id\u00e9al d\u2019une \u00e9quipe territoriale de secteur, aiderait \u00e0 estimer les besoins financiers\u2009; la mesure de l\u2019impact des actions mises en \u0153uvre se montrerait judicieuse, en t\u00e9moigne une exp\u00e9rience de vigilance men\u00e9e sur trois ans dans les Hauts-de-France dans l\u2019objectif de faire baisser la mortalit\u00e9 par suicide et qui a permis de p\u00e9renniser cette action et de l\u2019int\u00e9grer \u00e0 la DAF pour ce territoire.<\/p>\n<p>Toute d\u00e9marche aurait en tout cas \u00e0 prendre en compte les aspects sociaux qui, relayant les aspects sanitaires, assurent la continuit\u00e9 des parcours de soins dans une optique de parcours de vie. La satisfaction des familles appara\u00eet ici comme un crit\u00e8re de jugement pertinent et exige lisibilit\u00e9 et transparence.<\/p>\n<blockquote><p>\u00c0 l\u2019image d\u2019une discipline prot\u00e9iforme, la recherche doit tendre vers la transdisciplinarit\u00e9, privil\u00e9gier les \u00e9tudes par le biais de cohortes, participer davantage \u00e0 des programmes europ\u00e9ens et internationaux.<\/p><\/blockquote>\n<h1>Enseignement\/recherche\u2009: les nouvelles orientations<\/h1>\n<p>Du c\u00f4t\u00e9 de la formation et de la recherche, les d\u00e9fis sont l\u00e0 aussi nombreux. La tr\u00e8s r\u00e9cente r\u00e9forme du troisi\u00e8me cycle \u00e0 l\u2019universit\u00e9, datant de 2017, pr\u00e9voit une formation des futurs psychiatres \u00ab\u2009\u00e9volutive et r\u00e9visable\u2009\u00bb. L\u2019enseignement en psychiatrie polyvalente offre d\u00e9sormais deux options possibles\u2009: la psychiatrie du sujet \u00e2g\u00e9 et la psychiatrie de l\u2019enfant et de l\u2019adolescent. Cette r\u00e9forme appara\u00eet \u00eatre un bon moyen pour aider \u00e0 identifier les comp\u00e9tences m\u00e9tier, \u00e0 \u00e9valuer les pratiques de terrain et \u00e0 r\u00e9duire l\u2019\u00e9cart entre ces pratiques et la formation dispens\u00e9e. Les internes regroup\u00e9s dans l\u2019Association fran\u00e7aise f\u00e9d\u00e9rative des \u00e9tudiants en psychiatrie (Affep) et les jeunes psychiatres et addictologues dans la toute jeune Association des jeunes psychiatres et des jeunes addictologues (AJPJA), n\u00e9e en 2016, souhaitent s\u2019emparer de la r\u00e9flexion men\u00e9e autour de ces questions, renforcer les liens avec les acteurs du domaine, favoriser l\u2019acc\u00e8s \u00e0 la formation et partager les connaissances.<\/p>\n<p>Du c\u00f4t\u00e9 de la m\u00e9decine g\u00e9n\u00e9rale, il est \u00e0 noter que la psychiatrie ne fait pas obligatoirement partie des enseignements inscrits au dipl\u00f4me d\u2019\u00e9tudes sp\u00e9cialis\u00e9es de cette discipline. Cependant, certaines initiatives sont prises localement et op\u00e8rent dans le sens du rapprochement, la participation de psychiatres hospitalo-universitaires \u00e0 des jurys de th\u00e8se de m\u00e9decine g\u00e9n\u00e9rale en \u00e9tant un exemple. La r\u00e9forme universitaire, qui pr\u00e9voit aussi des formations sp\u00e9cialis\u00e9es transversales, dont fait partie l\u2019addictologie, affiche la volont\u00e9 d\u2019enrichir les parcours et joue dans le sens de l\u2019ouverture. La dynamique insuffl\u00e9e globalement par la r\u00e9forme universitaire pourra s\u2019av\u00e9rer utile pour attirer de nouvelles vocations vers la psychiatrie.<\/p>\n<p>Des changements s\u2019amorcent aussi dans la r\u00e9flexion concernant la formation de cliniciens en lien avec les psychiatres, notamment dans le domaine infirmier. Le mod\u00e8le des pratiques avanc\u00e9es infirmi\u00e8res, d\u00e9j\u00e0 adopt\u00e9 dans vingt-cinq pays, inscrit au plan Sant\u00e9 national et qui pourrait concerner la psychiatrie, semble efficace pour une \u00e9volution favorable des m\u00e9tiers d\u2019infirmier. Il signifierait une formalisation des pratiques existantes tout en renfor\u00e7ant l\u2019autonomie des infirmiers, permettrait l\u2019acquisition d\u2019un plus grand nombre de connaissances d\u00e9bouchant sur une meilleure expertise clinique, assurerait un gain de comp\u00e9tences terrain et ouvrirait \u00e0 la recherche. La psychiatrie, selon ce mod\u00e8le, entrerait dans les sp\u00e9cialisations possibles du dipl\u00f4me d\u2019\u00c9tat d\u2019infirmier.<\/p>\n<p>Les psychologues cliniciens aspirent de leur c\u00f4t\u00e9 \u00e0 ce que leur activit\u00e9 soit reconnue comme profession de sant\u00e9, \u00e0 l\u2019instar de ce qui existe en Belgique par exemple\u2009; certains souhaitent que leur formation soit dispens\u00e9e dans le cadre d\u2019un internat, comme en Espagne. Pour cette discipline en lien fort avec la psychiatrie, de telles avanc\u00e9es aideraient \u00e0 gommer des fronti\u00e8res pr\u00e9judiciables aux patients. Servant le bien-fond\u00e9 de ces revendications, une exp\u00e9rience est actuellement men\u00e9e dans trois d\u00e9partements fran\u00e7ais pour la prise en charge des psychoth\u00e9rapies par la S\u00e9curit\u00e9 sociale, une autre suit un mod\u00e8le analogue et concerne des adolescents, avec douze s\u00e9ances de psychoth\u00e9rapie rembours\u00e9es.<\/p>\n<p>Du c\u00f4t\u00e9 de la recherche, le bilan fait \u00e9tat d\u2019un manque d\u2019unit\u00e9s Inserm au sein des laboratoires, notamment en p\u00e9dopsychiatrie, dont on a vu qu\u2019elle constitue un enjeu capital. \u00c0 l\u2019image d\u2019une discipline prot\u00e9iforme, la recherche doit tendre vers la transdisciplinarit\u00e9, privil\u00e9gier les \u00e9tudes par le biais de cohortes, participer davantage \u00e0 des programmes europ\u00e9ens et internationaux.<\/p>\n<p>Au niveau national, le laboratoire d\u2019excellence BioPsy, qui s\u2019int\u00e9resse aux troubles de l\u2019humeur, aux addictions et aux troubles du spectre de l\u2019autisme, est labellis\u00e9 dans le cadre des investissements d\u2019avenir. Copilot\u00e9 par la fondation Fondamental, ce laboratoire est un bel exemple de coop\u00e9ration recherche clinique\/recherche fondamentale.<\/p>\n<p>De leur c\u00f4t\u00e9, les \u00ab\u2009centres experts\u2009\u00bb font de la recherche une priorit\u00e9, et sont par exemple \u00e0 l\u2019origine de recueils de donn\u00e9es sur les patients et leur environnement, constituant un socle de travail essentiel, dont ils favorisent l\u2019acc\u00e8s et le partage. Dans le domaine de la recherche, l\u00e0 encore des initiatives sont prises et des voix se font entendre.<\/p>\n<h1>Bien n\u00e9gocier le virage<\/h1>\n<p>En mati\u00e8re de recherche, d\u2019enseignement comme de fonctionnement, la psychiatrie amorce un virage qu\u2019elle doit bien n\u00e9gocier. Sa r\u00e9flexion doit s\u2019organiser avec tous les acteurs concern\u00e9s pour qu\u2019elle puisse b\u00e9n\u00e9ficier de l\u2019ouverture territoriale annonc\u00e9e avec les PTSM et PTS, s\u2019appuyer sur les outils de transformation du paysage de la sant\u00e9 en France comme les GHT, profiter de la volont\u00e9 de soutien affich\u00e9e par la sph\u00e8re politique. Le rapport Laforcade de 2016, en compilant et r\u00e9actualisant les contributions de rapports ant\u00e9rieurs, constitue une base solide sur laquelle s\u2019appuyer. Les attentes l\u00e9gitimes des patients et des familles, des enjeux de sant\u00e9 publique av\u00e9r\u00e9s, une n\u00e9cessaire \u00e9quit\u00e9 territoriale dans l\u2019acc\u00e8s aux soins et la d\u00e9termination de nombreux praticiens sont autant d\u2019\u00e9l\u00e9ments motivant l\u2019\u00e9volution de la psychiatrie dans le sens de l\u2019ouverture et de la co-construction, qui aura \u00e0 s\u2019ex\u00e9cuter sous le patronage de plusieurs minist\u00e8res.<\/p>\n<button data-toggle=\"collapse\" data-target=\"#enc_2018_440_02\">encadr\u00e9 2<\/button><div id=\"enc_2018_440_02\" class=\"encadre collapse\"><p><span class=\"surtitre_enc\">encadr\u00e9 2<\/span><\/p>\n<h2>Des acteurs impliqu\u00e9s<\/h2>\n<p>Le colloque \u00ab\u2009Psychiatrie, une discipline m\u00e9dicale comme les autres\u2009\u00bb a \u00e9t\u00e9 port\u00e9 par le CHU de Besan\u00e7on, le Coll\u00e8ge national des universitaires de psychiatrie, l'Union nationale des familles et amis de personnes malades et\/ou handicap\u00e9es psychiques, la F\u00e9d\u00e9ration nationale des associations d'usagers en psychiatrie, l'Association des \u00e9tablissements du service public de sant\u00e9 mentale, la Conf\u00e9rence des pr\u00e9sidents des CME de CHS, la F\u00e9d\u00e9ration hospitali\u00e8re de France, l'agence r\u00e9gionale de sant\u00e9 Bourgogne-Franche-Comt\u00e9, la Ville de Besan\u00e7on, l'universit\u00e9 Bourgogne Franche-Comt\u00e9, la fondation Fondamental et la fondation Pierre-Deniker pour la recherche et la pr\u00e9vention en sant\u00e9 mentale.<\/p>\n<p>En partenariat avec l\u2019Association fran\u00e7aise f\u00e9d\u00e9rative des \u00e9tudiants en psychiatrie, l\u2019Association hospitali\u00e8re de Bourgogne Franche-Comt\u00e9, l\u2019Association des jeunes psychiatres et des jeunes addictologues, l\u2019Association universitaire franc-comtoise pour la recherche en psychiatrie, les Invit\u00e9s au festin, la Soci\u00e9t\u00e9 coll\u00e9giale de psychiatrie de Franche-Comt\u00e9, le Syndicat national des m\u00e9decins des h\u00f4pitaux publics et le Syndicat universitaire de psychiatrie.<\/p>\n<\/div>\n<script>function PlayerjsAsync(){} if(window[\"Playerjs\"]){PlayerjsAsync();}<\/script>","protected":false},"excerpt":{"rendered":"<p>Cinquante ans apr\u00e8s son autonomisation en termes de soins, d\u2019enseignement et de recherche, la psychiatrie est l\u2019une des priorit\u00e9s de la strat\u00e9gie nationale de sant\u00e9\u2009: pr\u00e9vention, d\u00e9pistage pr\u00e9coce, organisation de la gradation des soins au sein des territoires, formations et enseignement, innovation et recherche, promotion de la sant\u00e9 mentale et lutte contre les addictions. Sa place au sein des groupements hospitaliers de territoire (GHT), des communaut\u00e9s psychiatriques de territoire et&hellip; <\/p>\n","protected":false},"author":23133,"featured_media":0,"comment_status":"open","ping_status":"closed","sticky":false,"template":"","format":"standard","meta":{"_acf_changed":false,"_relevanssi_hide_post":"","_relevanssi_hide_content":"","_relevanssi_pin_for_all":"","_relevanssi_pin_keywords":"","_relevanssi_unpin_keywords":"","_relevanssi_related_keywords":"","_relevanssi_related_include_ids":"","_relevanssi_related_exclude_ids":"","_relevanssi_related_no_append":"","_relevanssi_related_not_related":"","_relevanssi_related_posts":"","_relevanssi_noindex_reason":"","footnotes":""},"categories":[2196,2],"tags":[6881,5176,594,1809,142,143],"class_list":["post-38417","post","type-post","status-publish","format-standard","hentry","category-colloque","category-gestions-hospitalieres","tag-avril-2018","tag-chu-besancon","tag-colloque","tag-ght","tag-psychiatrie","tag-sante-mentale"],"acf":[],"yoast_head":"<!-- This site is optimized with the Yoast SEO plugin v24.8.1 - https:\/\/yoast.com\/wordpress\/plugins\/seo\/ -->\n<title>Psychiatrie - Gestions hospitali\u00e8res<\/title>\n<meta name=\"robots\" content=\"index, follow, max-snippet:-1, max-image-preview:large, max-video-preview:-1\" \/>\n<link rel=\"canonical\" href=\"https:\/\/www.ricom-web8.com\/gestions\/psychiatrie\/\" \/>\n<meta property=\"og:locale\" content=\"fr_FR\" \/>\n<meta property=\"og:type\" content=\"article\" \/>\n<meta property=\"og:title\" content=\"Psychiatrie - Gestions hospitali\u00e8res\" \/>\n<meta property=\"og:description\" content=\"Cinquante ans apr\u00e8s son autonomisation en termes de soins, d\u2019enseignement et de recherche, la psychiatrie est l\u2019une des priorit\u00e9s de la strat\u00e9gie nationale de sant\u00e9\u2009: pr\u00e9vention, d\u00e9pistage pr\u00e9coce, organisation de la gradation des soins au sein des territoires, formations et enseignement, innovation et recherche, promotion de la sant\u00e9 mentale et lutte contre les addictions. Sa place au sein des groupements hospitaliers de territoire (GHT), des communaut\u00e9s psychiatriques de territoire et&hellip;\" \/>\n<meta property=\"og:url\" content=\"https:\/\/www.ricom-web8.com\/gestions\/psychiatrie\/\" \/>\n<meta property=\"og:site_name\" content=\"Gestions hospitali\u00e8res\" \/>\n<meta property=\"article:publisher\" content=\"https:\/\/www.facebook.com\/gestionshospitalieres\/\" \/>\n<meta property=\"article:published_time\" content=\"2018-09-01T08:06:12+00:00\" \/>\n<meta property=\"article:modified_time\" content=\"2018-10-01T13:16:47+00:00\" \/>\n<meta name=\"author\" content=\"Gestions hospitali\u00e8res\" \/>\n<meta name=\"twitter:card\" content=\"summary_large_image\" \/>\n<meta name=\"twitter:creator\" content=\"@revue_GH\" \/>\n<meta name=\"twitter:site\" content=\"@revue_GH\" \/>\n<meta name=\"twitter:label1\" content=\"\u00c9crit par\" \/>\n\t<meta name=\"twitter:data1\" content=\"Gestions hospitali\u00e8res\" \/>\n\t<meta name=\"twitter:label2\" content=\"Dur\u00e9e de lecture estim\u00e9e\" \/>\n\t<meta name=\"twitter:data2\" content=\"22 minutes\" \/>\n<script type=\"application\/ld+json\" class=\"yoast-schema-graph\">{\"@context\":\"https:\/\/schema.org\",\"@graph\":[{\"@type\":\"Article\",\"@id\":\"https:\/\/www.ricom-web8.com\/gestions\/psychiatrie\/#article\",\"isPartOf\":{\"@id\":\"https:\/\/www.ricom-web8.com\/gestions\/psychiatrie\/\"},\"author\":{\"name\":\"Gestions hospitali\u00e8res\",\"@id\":\"https:\/\/www.ricom-web8.com\/gestions\/#\/schema\/person\/3ba9fe913190dfe9507feb621e902c1f\"},\"headline\":\"Psychiatrie\",\"datePublished\":\"2018-09-01T08:06:12+00:00\",\"dateModified\":\"2018-10-01T13:16:47+00:00\",\"mainEntityOfPage\":{\"@id\":\"https:\/\/www.ricom-web8.com\/gestions\/psychiatrie\/\"},\"wordCount\":4347,\"commentCount\":0,\"publisher\":{\"@id\":\"https:\/\/www.ricom-web8.com\/gestions\/#organization\"},\"keywords\":[\"avril 2018\",\"CHU Besan\u00e7on\",\"colloque\",\"GHT\",\"psychiatrie\",\"sant\u00e9 mentale\"],\"articleSection\":[\"colloque\",\"Gestions Hospitali\u00e8res\"],\"inLanguage\":\"fr-FR\",\"potentialAction\":[{\"@type\":\"CommentAction\",\"name\":\"Comment\",\"target\":[\"https:\/\/www.ricom-web8.com\/gestions\/psychiatrie\/#respond\"]}]},{\"@type\":\"WebPage\",\"@id\":\"https:\/\/www.ricom-web8.com\/gestions\/psychiatrie\/\",\"url\":\"https:\/\/www.ricom-web8.com\/gestions\/psychiatrie\/\",\"name\":\"Psychiatrie - Gestions hospitali\u00e8res\",\"isPartOf\":{\"@id\":\"https:\/\/www.ricom-web8.com\/gestions\/#website\"},\"datePublished\":\"2018-09-01T08:06:12+00:00\",\"dateModified\":\"2018-10-01T13:16:47+00:00\",\"breadcrumb\":{\"@id\":\"https:\/\/www.ricom-web8.com\/gestions\/psychiatrie\/#breadcrumb\"},\"inLanguage\":\"fr-FR\",\"potentialAction\":[{\"@type\":\"ReadAction\",\"target\":[\"https:\/\/www.ricom-web8.com\/gestions\/psychiatrie\/\"]}]},{\"@type\":\"BreadcrumbList\",\"@id\":\"https:\/\/www.ricom-web8.com\/gestions\/psychiatrie\/#breadcrumb\",\"itemListElement\":[{\"@type\":\"ListItem\",\"position\":1,\"name\":\"Accueil\",\"item\":\"https:\/\/www.ricom-web8.com\/gestions\/\"},{\"@type\":\"ListItem\",\"position\":2,\"name\":\"Psychiatrie\"}]},{\"@type\":\"WebSite\",\"@id\":\"https:\/\/www.ricom-web8.com\/gestions\/#website\",\"url\":\"https:\/\/www.ricom-web8.com\/gestions\/\",\"name\":\"Gestions hospitali\u00e8res\",\"description\":\"la revue des d\u00e9cideurs hospitaliers\",\"publisher\":{\"@id\":\"https:\/\/www.ricom-web8.com\/gestions\/#organization\"},\"potentialAction\":[{\"@type\":\"SearchAction\",\"target\":{\"@type\":\"EntryPoint\",\"urlTemplate\":\"https:\/\/www.ricom-web8.com\/gestions\/?s={search_term_string}\"},\"query-input\":{\"@type\":\"PropertyValueSpecification\",\"valueRequired\":true,\"valueName\":\"search_term_string\"}}],\"inLanguage\":\"fr-FR\"},{\"@type\":\"Organization\",\"@id\":\"https:\/\/www.ricom-web8.com\/gestions\/#organization\",\"name\":\"Gestions hospitali\u00e8res\",\"url\":\"https:\/\/www.ricom-web8.com\/gestions\/\",\"logo\":{\"@type\":\"ImageObject\",\"inLanguage\":\"fr-FR\",\"@id\":\"https:\/\/www.ricom-web8.com\/gestions\/#\/schema\/logo\/image\/\",\"url\":\"https:\/\/gestions-hospitalieres.fr\/wp-content\/uploads\/2017\/02\/picto_Gif-GH-trans.png\",\"contentUrl\":\"https:\/\/gestions-hospitalieres.fr\/wp-content\/uploads\/2017\/02\/picto_Gif-GH-trans.png\",\"width\":512,\"height\":512,\"caption\":\"Gestions hospitali\u00e8res\"},\"image\":{\"@id\":\"https:\/\/www.ricom-web8.com\/gestions\/#\/schema\/logo\/image\/\"},\"sameAs\":[\"https:\/\/www.facebook.com\/gestionshospitalieres\/\",\"https:\/\/x.com\/revue_GH\",\"https:\/\/www.linkedin.com\/company\/gestions-hospitalieres?trk=top_nav_home\"]},{\"@type\":\"Person\",\"@id\":\"https:\/\/www.ricom-web8.com\/gestions\/#\/schema\/person\/3ba9fe913190dfe9507feb621e902c1f\",\"name\":\"Gestions hospitali\u00e8res\",\"image\":{\"@type\":\"ImageObject\",\"inLanguage\":\"fr-FR\",\"@id\":\"https:\/\/www.ricom-web8.com\/gestions\/#\/schema\/person\/image\/\",\"url\":\"https:\/\/secure.gravatar.com\/avatar\/1a0d93e6db5dbe7dac96bae4757d256f?s=96&d=mm&r=g\",\"contentUrl\":\"https:\/\/secure.gravatar.com\/avatar\/1a0d93e6db5dbe7dac96bae4757d256f?s=96&d=mm&r=g\",\"caption\":\"Gestions hospitali\u00e8res\"},\"url\":\"https:\/\/www.ricom-web8.com\/gestions\/author\/benjamin\/\"}]}<\/script>\n<!-- \/ Yoast SEO plugin. -->","yoast_head_json":{"title":"Psychiatrie - Gestions hospitali\u00e8res","robots":{"index":"index","follow":"follow","max-snippet":"max-snippet:-1","max-image-preview":"max-image-preview:large","max-video-preview":"max-video-preview:-1"},"canonical":"https:\/\/www.ricom-web8.com\/gestions\/psychiatrie\/","og_locale":"fr_FR","og_type":"article","og_title":"Psychiatrie - Gestions hospitali\u00e8res","og_description":"Cinquante ans apr\u00e8s son autonomisation en termes de soins, d\u2019enseignement et de recherche, la psychiatrie est l\u2019une des priorit\u00e9s de la strat\u00e9gie nationale de sant\u00e9\u2009: pr\u00e9vention, d\u00e9pistage pr\u00e9coce, organisation de la gradation des soins au sein des territoires, formations et enseignement, innovation et recherche, promotion de la sant\u00e9 mentale et lutte contre les addictions. Sa place au sein des groupements hospitaliers de territoire (GHT), des communaut\u00e9s psychiatriques de territoire et&hellip;","og_url":"https:\/\/www.ricom-web8.com\/gestions\/psychiatrie\/","og_site_name":"Gestions hospitali\u00e8res","article_publisher":"https:\/\/www.facebook.com\/gestionshospitalieres\/","article_published_time":"2018-09-01T08:06:12+00:00","article_modified_time":"2018-10-01T13:16:47+00:00","author":"Gestions hospitali\u00e8res","twitter_card":"summary_large_image","twitter_creator":"@revue_GH","twitter_site":"@revue_GH","twitter_misc":{"\u00c9crit par":"Gestions hospitali\u00e8res","Dur\u00e9e de lecture estim\u00e9e":"22 minutes"},"schema":{"@context":"https:\/\/schema.org","@graph":[{"@type":"Article","@id":"https:\/\/www.ricom-web8.com\/gestions\/psychiatrie\/#article","isPartOf":{"@id":"https:\/\/www.ricom-web8.com\/gestions\/psychiatrie\/"},"author":{"name":"Gestions hospitali\u00e8res","@id":"https:\/\/www.ricom-web8.com\/gestions\/#\/schema\/person\/3ba9fe913190dfe9507feb621e902c1f"},"headline":"Psychiatrie","datePublished":"2018-09-01T08:06:12+00:00","dateModified":"2018-10-01T13:16:47+00:00","mainEntityOfPage":{"@id":"https:\/\/www.ricom-web8.com\/gestions\/psychiatrie\/"},"wordCount":4347,"commentCount":0,"publisher":{"@id":"https:\/\/www.ricom-web8.com\/gestions\/#organization"},"keywords":["avril 2018","CHU Besan\u00e7on","colloque","GHT","psychiatrie","sant\u00e9 mentale"],"articleSection":["colloque","Gestions Hospitali\u00e8res"],"inLanguage":"fr-FR","potentialAction":[{"@type":"CommentAction","name":"Comment","target":["https:\/\/www.ricom-web8.com\/gestions\/psychiatrie\/#respond"]}]},{"@type":"WebPage","@id":"https:\/\/www.ricom-web8.com\/gestions\/psychiatrie\/","url":"https:\/\/www.ricom-web8.com\/gestions\/psychiatrie\/","name":"Psychiatrie - Gestions hospitali\u00e8res","isPartOf":{"@id":"https:\/\/www.ricom-web8.com\/gestions\/#website"},"datePublished":"2018-09-01T08:06:12+00:00","dateModified":"2018-10-01T13:16:47+00:00","breadcrumb":{"@id":"https:\/\/www.ricom-web8.com\/gestions\/psychiatrie\/#breadcrumb"},"inLanguage":"fr-FR","potentialAction":[{"@type":"ReadAction","target":["https:\/\/www.ricom-web8.com\/gestions\/psychiatrie\/"]}]},{"@type":"BreadcrumbList","@id":"https:\/\/www.ricom-web8.com\/gestions\/psychiatrie\/#breadcrumb","itemListElement":[{"@type":"ListItem","position":1,"name":"Accueil","item":"https:\/\/www.ricom-web8.com\/gestions\/"},{"@type":"ListItem","position":2,"name":"Psychiatrie"}]},{"@type":"WebSite","@id":"https:\/\/www.ricom-web8.com\/gestions\/#website","url":"https:\/\/www.ricom-web8.com\/gestions\/","name":"Gestions hospitali\u00e8res","description":"la revue des d\u00e9cideurs hospitaliers","publisher":{"@id":"https:\/\/www.ricom-web8.com\/gestions\/#organization"},"potentialAction":[{"@type":"SearchAction","target":{"@type":"EntryPoint","urlTemplate":"https:\/\/www.ricom-web8.com\/gestions\/?s={search_term_string}"},"query-input":{"@type":"PropertyValueSpecification","valueRequired":true,"valueName":"search_term_string"}}],"inLanguage":"fr-FR"},{"@type":"Organization","@id":"https:\/\/www.ricom-web8.com\/gestions\/#organization","name":"Gestions hospitali\u00e8res","url":"https:\/\/www.ricom-web8.com\/gestions\/","logo":{"@type":"ImageObject","inLanguage":"fr-FR","@id":"https:\/\/www.ricom-web8.com\/gestions\/#\/schema\/logo\/image\/","url":"https:\/\/gestions-hospitalieres.fr\/wp-content\/uploads\/2017\/02\/picto_Gif-GH-trans.png","contentUrl":"https:\/\/gestions-hospitalieres.fr\/wp-content\/uploads\/2017\/02\/picto_Gif-GH-trans.png","width":512,"height":512,"caption":"Gestions hospitali\u00e8res"},"image":{"@id":"https:\/\/www.ricom-web8.com\/gestions\/#\/schema\/logo\/image\/"},"sameAs":["https:\/\/www.facebook.com\/gestionshospitalieres\/","https:\/\/x.com\/revue_GH","https:\/\/www.linkedin.com\/company\/gestions-hospitalieres?trk=top_nav_home"]},{"@type":"Person","@id":"https:\/\/www.ricom-web8.com\/gestions\/#\/schema\/person\/3ba9fe913190dfe9507feb621e902c1f","name":"Gestions hospitali\u00e8res","image":{"@type":"ImageObject","inLanguage":"fr-FR","@id":"https:\/\/www.ricom-web8.com\/gestions\/#\/schema\/person\/image\/","url":"https:\/\/secure.gravatar.com\/avatar\/1a0d93e6db5dbe7dac96bae4757d256f?s=96&d=mm&r=g","contentUrl":"https:\/\/secure.gravatar.com\/avatar\/1a0d93e6db5dbe7dac96bae4757d256f?s=96&d=mm&r=g","caption":"Gestions hospitali\u00e8res"},"url":"https:\/\/www.ricom-web8.com\/gestions\/author\/benjamin\/"}]}},"_links":{"self":[{"href":"https:\/\/www.ricom-web8.com\/gestions\/wp-json\/wp\/v2\/posts\/38417","targetHints":{"allow":["GET"]}}],"collection":[{"href":"https:\/\/www.ricom-web8.com\/gestions\/wp-json\/wp\/v2\/posts"}],"about":[{"href":"https:\/\/www.ricom-web8.com\/gestions\/wp-json\/wp\/v2\/types\/post"}],"author":[{"embeddable":true,"href":"https:\/\/www.ricom-web8.com\/gestions\/wp-json\/wp\/v2\/users\/23133"}],"replies":[{"embeddable":true,"href":"https:\/\/www.ricom-web8.com\/gestions\/wp-json\/wp\/v2\/comments?post=38417"}],"version-history":[{"count":0,"href":"https:\/\/www.ricom-web8.com\/gestions\/wp-json\/wp\/v2\/posts\/38417\/revisions"}],"wp:attachment":[{"href":"https:\/\/www.ricom-web8.com\/gestions\/wp-json\/wp\/v2\/media?parent=38417"}],"wp:term":[{"taxonomy":"category","embeddable":true,"href":"https:\/\/www.ricom-web8.com\/gestions\/wp-json\/wp\/v2\/categories?post=38417"},{"taxonomy":"post_tag","embeddable":true,"href":"https:\/\/www.ricom-web8.com\/gestions\/wp-json\/wp\/v2\/tags?post=38417"}],"curies":[{"name":"wp","href":"https:\/\/api.w.org\/{rel}","templated":true}]}}