

{"id":38435,"date":"2018-09-01T11:28:05","date_gmt":"2018-09-01T09:28:05","guid":{"rendered":"https:\/\/gestions-hospitalieres.fr\/?p=38435"},"modified":"2018-09-26T15:45:00","modified_gmt":"2018-09-26T13:45:00","slug":"reforme-de-psychiatrie","status":"publish","type":"post","link":"https:\/\/www.ricom-web8.com\/gestions\/reforme-de-psychiatrie\/","title":{"rendered":"La r\u00e9forme de la psychiatrie"},"content":{"rendered":"<span class=\"span-reading-time rt-reading-time\" style=\"display: block;\"><span class=\"rt-label rt-prefix\">Temps de lecture\u00a0: <\/span> <span class=\"rt-time\"> 2<\/span> <span class=\"rt-label rt-postfix\">minutes<\/span><\/span><p>La ministre de la Sant\u00e9 Agn\u00e8s Buzyn a r\u00e9cemment pr\u00e9sent\u00e9 un nouveau plan qui reprend des mesures propos\u00e9es par les pr\u00e9c\u00e9dents travaux ou rapports\u2009: pour les MG stage obligatoire en psychiatrie, sursp\u00e9cialisation des infirmiers travaillant dans ce secteur, bonnes pratiques, r\u00e9vision des tarifs (consultations complexes et p\u00e9dopsy), pr\u00e9servation des budgets consacr\u00e9s \u00e0 la psychiatrie dans les h\u00f4pitaux ou GHT.<\/p>\n<p>Il est int\u00e9ressant de s&#8217;interroger sur les causes des \u00e9checs relatifs des politiques publiques en mati\u00e8re de psychiatrie et de sant\u00e9 mentale\u2009: manque de volont\u00e9 politique, moyens insuffisants, fortes r\u00e9sistances aux changements malgr\u00e9 l&#8217;attente des patients et de leur entourage, pilotage par le seul minist\u00e8re de la Sant\u00e9 d&#8217;une politique publique impliquant de tr\u00e8s nombreux secteurs (sant\u00e9, \u00e9quipement logement, emploi, \u00e9ducation nationale, culture, justice, int\u00e9rieur\u2026), cloisonnement excessif entre professionnels, institutions, social, m\u00e9dico-social et sanitaire, etc., absence d\u2019\u00e9valuation\u2026<\/p>\n<h1>Les principaux enjeux d\u2019une r\u00e9forme<span class=\"Apple-converted-space\">\u00a0<\/span><\/h1>\n<ul>\n<li>R\u00e9pondre aux attentes des patients et de leur famille et entourage.<\/li>\n<li>R\u00e9pondre aux besoins et relever les d\u00e9fis de sant\u00e9 publique point\u00e9s par l\u2019OMS et par tous les experts.<\/li>\n<li>R\u00e9duire les in\u00e9galit\u00e9s d&#8217;acc\u00e8s aux soins que le syst\u00e8me actuel g\u00e9n\u00e8re et pr\u00e9server une bonne couverture sociale.<\/li>\n<li>Aborder de mani\u00e8re globale et transversale les questions de sant\u00e9 mentale et d&#8217;organisation des soins en psychiatrie.<\/li>\n<\/ul>\n<h1>Des facteurs de r\u00e9ussite<\/h1>\n<ul>\n<li>Traiter avec d\u00e9termination les questions de formation initiale et continue des professionnels de sant\u00e9 et les questions de d\u00e9mographie de ces professions dans la sp\u00e9cialit\u00e9 (<i>numerus clausus<\/i>, r\u00e9partition des t\u00e2ches, coop\u00e9ration).<\/li>\n<li>D\u00e9velopper la pr\u00e9vention et la veille sanitaire dans le champ de la sant\u00e9 mentale.<\/li>\n<li>Engager des actions de d\u00e9stig\u00adma\u00adtisation.<\/li>\n<li>D\u00e9velopper la recherche.<\/li>\n<li>Associer plus \u00e9troitement les patients et leur entourage \u00e0 la conception et \u00e0 la mise en \u0153uvre des actions.<\/li>\n<li>Privil\u00e9gier et d\u00e9ployer sur les territoires les projets favorisant l&#8217;ouverture des secteurs sur leur environnement (m\u00e9decine de ville, \u00e9cole, travail, collectivit\u00e9s territoriales, culture\u2026), tisser des liens durables entre tous les partenaires concern\u00e9s pour acqu\u00e9rir une vision et une pratique plus int\u00e9grative et une participation plus active des acteurs concern\u00e9s, donner plus d&#8217;autonomie aux secteurs pour concr\u00e9tiser ces partenariats.<\/li>\n<\/ul>\n<script>function PlayerjsAsync(){} if(window[\"Playerjs\"]){PlayerjsAsync();}<\/script>","protected":false},"excerpt":{"rendered":"<p><span class=\"span-reading-time rt-reading-time\" style=\"display: block;\"><span class=\"rt-label rt-prefix\">Temps de lecture\u00a0: <\/span> <span class=\"rt-time\"> 2<\/span> <span class=\"rt-label rt-postfix\">minutes<\/span><\/span>La ministre de la Sant\u00e9 Agn\u00e8s Buzyn a r\u00e9cemment pr\u00e9sent\u00e9 un nouveau plan qui reprend des mesures propos\u00e9es par les pr\u00e9c\u00e9dents travaux ou rapports\u2009: pour les MG stage obligatoire en psychiatrie, sursp\u00e9cialisation des infirmiers travaillant dans ce secteur, bonnes pratiques, r\u00e9vision des tarifs (consultations complexes et p\u00e9dopsy), pr\u00e9servation des budgets consacr\u00e9s \u00e0 la psychiatrie dans les h\u00f4pitaux ou GHT. Il est int\u00e9ressant de s&#8217;interroger sur les causes des \u00e9checs relatifs&hellip; <\/p>\n","protected":false},"author":23133,"featured_media":0,"comment_status":"open","ping_status":"closed","sticky":false,"template":"","format":"standard","meta":{"_acf_changed":false,"_relevanssi_hide_post":"","_relevanssi_hide_content":"","_relevanssi_pin_for_all":"","_relevanssi_pin_keywords":"","_relevanssi_unpin_keywords":"","_relevanssi_related_keywords":"","_relevanssi_related_include_ids":"","_relevanssi_related_exclude_ids":"","_relevanssi_related_no_append":"","_relevanssi_related_not_related":"","_relevanssi_related_posts":"","_relevanssi_noindex_reason":"","footnotes":""},"categories":[2196,2],"tags":[6881,5176,594,1809,142,143],"class_list":["post-38435","post","type-post","status-publish","format-standard","hentry","category-colloque","category-gestions-hospitalieres","tag-avril-2018","tag-chu-besancon","tag-colloque","tag-ght","tag-psychiatrie","tag-sante-mentale"],"acf":[],"yoast_head":"<!-- This site is optimized with the Yoast SEO plugin v24.8.1 - https:\/\/yoast.com\/wordpress\/plugins\/seo\/ -->\n<title>La r\u00e9forme de la psychiatrie - Gestions hospitali\u00e8res<\/title>\n<meta name=\"robots\" content=\"index, follow, max-snippet:-1, max-image-preview:large, max-video-preview:-1\" \/>\n<link rel=\"canonical\" href=\"https:\/\/www.ricom-web8.com\/gestions\/reforme-de-psychiatrie\/\" \/>\n<meta property=\"og:locale\" content=\"fr_FR\" \/>\n<meta property=\"og:type\" content=\"article\" \/>\n<meta property=\"og:title\" content=\"La r\u00e9forme de la psychiatrie - Gestions hospitali\u00e8res\" \/>\n<meta property=\"og:description\" content=\"Temps de lecture\u00a0:  2 minutesLa ministre de la Sant\u00e9 Agn\u00e8s Buzyn a r\u00e9cemment pr\u00e9sent\u00e9 un nouveau plan qui reprend des mesures propos\u00e9es par les pr\u00e9c\u00e9dents travaux ou rapports\u2009: pour les MG stage obligatoire en psychiatrie, sursp\u00e9cialisation des infirmiers travaillant dans ce secteur, bonnes pratiques, r\u00e9vision des tarifs (consultations complexes et p\u00e9dopsy), pr\u00e9servation des budgets consacr\u00e9s \u00e0 la psychiatrie dans les h\u00f4pitaux ou GHT. Il est int\u00e9ressant de s&#8217;interroger sur les causes des \u00e9checs relatifs&hellip;\" \/>\n<meta property=\"og:url\" content=\"https:\/\/www.ricom-web8.com\/gestions\/reforme-de-psychiatrie\/\" \/>\n<meta property=\"og:site_name\" content=\"Gestions hospitali\u00e8res\" \/>\n<meta property=\"article:publisher\" content=\"https:\/\/www.facebook.com\/gestionshospitalieres\/\" \/>\n<meta property=\"article:published_time\" content=\"2018-09-01T09:28:05+00:00\" \/>\n<meta property=\"article:modified_time\" content=\"2018-09-26T13:45:00+00:00\" \/>\n<meta name=\"author\" content=\"Gestions hospitali\u00e8res\" \/>\n<meta name=\"twitter:card\" content=\"summary_large_image\" \/>\n<meta name=\"twitter:creator\" content=\"@revue_GH\" \/>\n<meta name=\"twitter:site\" content=\"@revue_GH\" \/>\n<meta name=\"twitter:label1\" content=\"\u00c9crit par\" \/>\n\t<meta name=\"twitter:data1\" content=\"Gestions hospitali\u00e8res\" \/>\n\t<meta name=\"twitter:label2\" content=\"Dur\u00e9e de lecture estim\u00e9e\" \/>\n\t<meta name=\"twitter:data2\" content=\"2 minutes\" \/>\n<script type=\"application\/ld+json\" class=\"yoast-schema-graph\">{\"@context\":\"https:\/\/schema.org\",\"@graph\":[{\"@type\":\"Article\",\"@id\":\"https:\/\/www.ricom-web8.com\/gestions\/reforme-de-psychiatrie\/#article\",\"isPartOf\":{\"@id\":\"https:\/\/www.ricom-web8.com\/gestions\/reforme-de-psychiatrie\/\"},\"author\":{\"name\":\"Gestions hospitali\u00e8res\",\"@id\":\"https:\/\/www.ricom-web8.com\/gestions\/#\/schema\/person\/3ba9fe913190dfe9507feb621e902c1f\"},\"headline\":\"La r\u00e9forme de la psychiatrie\",\"datePublished\":\"2018-09-01T09:28:05+00:00\",\"dateModified\":\"2018-09-26T13:45:00+00:00\",\"mainEntityOfPage\":{\"@id\":\"https:\/\/www.ricom-web8.com\/gestions\/reforme-de-psychiatrie\/\"},\"wordCount\":406,\"commentCount\":0,\"publisher\":{\"@id\":\"https:\/\/www.ricom-web8.com\/gestions\/#organization\"},\"keywords\":[\"avril 2018\",\"CHU Besan\u00e7on\",\"colloque\",\"GHT\",\"psychiatrie\",\"sant\u00e9 mentale\"],\"articleSection\":[\"colloque\",\"Gestions Hospitali\u00e8res\"],\"inLanguage\":\"fr-FR\",\"potentialAction\":[{\"@type\":\"CommentAction\",\"name\":\"Comment\",\"target\":[\"https:\/\/www.ricom-web8.com\/gestions\/reforme-de-psychiatrie\/#respond\"]}]},{\"@type\":\"WebPage\",\"@id\":\"https:\/\/www.ricom-web8.com\/gestions\/reforme-de-psychiatrie\/\",\"url\":\"https:\/\/www.ricom-web8.com\/gestions\/reforme-de-psychiatrie\/\",\"name\":\"La r\u00e9forme de la psychiatrie - Gestions hospitali\u00e8res\",\"isPartOf\":{\"@id\":\"https:\/\/www.ricom-web8.com\/gestions\/#website\"},\"datePublished\":\"2018-09-01T09:28:05+00:00\",\"dateModified\":\"2018-09-26T13:45:00+00:00\",\"breadcrumb\":{\"@id\":\"https:\/\/www.ricom-web8.com\/gestions\/reforme-de-psychiatrie\/#breadcrumb\"},\"inLanguage\":\"fr-FR\",\"potentialAction\":[{\"@type\":\"ReadAction\",\"target\":[\"https:\/\/www.ricom-web8.com\/gestions\/reforme-de-psychiatrie\/\"]}]},{\"@type\":\"BreadcrumbList\",\"@id\":\"https:\/\/www.ricom-web8.com\/gestions\/reforme-de-psychiatrie\/#breadcrumb\",\"itemListElement\":[{\"@type\":\"ListItem\",\"position\":1,\"name\":\"Accueil\",\"item\":\"https:\/\/www.ricom-web8.com\/gestions\/\"},{\"@type\":\"ListItem\",\"position\":2,\"name\":\"La r\u00e9forme de la psychiatrie\"}]},{\"@type\":\"WebSite\",\"@id\":\"https:\/\/www.ricom-web8.com\/gestions\/#website\",\"url\":\"https:\/\/www.ricom-web8.com\/gestions\/\",\"name\":\"Gestions hospitali\u00e8res\",\"description\":\"la revue des d\u00e9cideurs hospitaliers\",\"publisher\":{\"@id\":\"https:\/\/www.ricom-web8.com\/gestions\/#organization\"},\"potentialAction\":[{\"@type\":\"SearchAction\",\"target\":{\"@type\":\"EntryPoint\",\"urlTemplate\":\"https:\/\/www.ricom-web8.com\/gestions\/?s={search_term_string}\"},\"query-input\":{\"@type\":\"PropertyValueSpecification\",\"valueRequired\":true,\"valueName\":\"search_term_string\"}}],\"inLanguage\":\"fr-FR\"},{\"@type\":\"Organization\",\"@id\":\"https:\/\/www.ricom-web8.com\/gestions\/#organization\",\"name\":\"Gestions hospitali\u00e8res\",\"url\":\"https:\/\/www.ricom-web8.com\/gestions\/\",\"logo\":{\"@type\":\"ImageObject\",\"inLanguage\":\"fr-FR\",\"@id\":\"https:\/\/www.ricom-web8.com\/gestions\/#\/schema\/logo\/image\/\",\"url\":\"https:\/\/gestions-hospitalieres.fr\/wp-content\/uploads\/2017\/02\/picto_Gif-GH-trans.png\",\"contentUrl\":\"https:\/\/gestions-hospitalieres.fr\/wp-content\/uploads\/2017\/02\/picto_Gif-GH-trans.png\",\"width\":512,\"height\":512,\"caption\":\"Gestions hospitali\u00e8res\"},\"image\":{\"@id\":\"https:\/\/www.ricom-web8.com\/gestions\/#\/schema\/logo\/image\/\"},\"sameAs\":[\"https:\/\/www.facebook.com\/gestionshospitalieres\/\",\"https:\/\/x.com\/revue_GH\",\"https:\/\/www.linkedin.com\/company\/gestions-hospitalieres?trk=top_nav_home\"]},{\"@type\":\"Person\",\"@id\":\"https:\/\/www.ricom-web8.com\/gestions\/#\/schema\/person\/3ba9fe913190dfe9507feb621e902c1f\",\"name\":\"Gestions hospitali\u00e8res\",\"image\":{\"@type\":\"ImageObject\",\"inLanguage\":\"fr-FR\",\"@id\":\"https:\/\/www.ricom-web8.com\/gestions\/#\/schema\/person\/image\/\",\"url\":\"https:\/\/secure.gravatar.com\/avatar\/1a0d93e6db5dbe7dac96bae4757d256f?s=96&d=mm&r=g\",\"contentUrl\":\"https:\/\/secure.gravatar.com\/avatar\/1a0d93e6db5dbe7dac96bae4757d256f?s=96&d=mm&r=g\",\"caption\":\"Gestions hospitali\u00e8res\"},\"url\":\"https:\/\/www.ricom-web8.com\/gestions\/author\/benjamin\/\"}]}<\/script>\n<!-- \/ Yoast SEO plugin. -->","yoast_head_json":{"title":"La r\u00e9forme de la psychiatrie - Gestions hospitali\u00e8res","robots":{"index":"index","follow":"follow","max-snippet":"max-snippet:-1","max-image-preview":"max-image-preview:large","max-video-preview":"max-video-preview:-1"},"canonical":"https:\/\/www.ricom-web8.com\/gestions\/reforme-de-psychiatrie\/","og_locale":"fr_FR","og_type":"article","og_title":"La r\u00e9forme de la psychiatrie - Gestions hospitali\u00e8res","og_description":"Temps de lecture\u00a0:  2 minutesLa ministre de la Sant\u00e9 Agn\u00e8s Buzyn a r\u00e9cemment pr\u00e9sent\u00e9 un nouveau plan qui reprend des mesures propos\u00e9es par les pr\u00e9c\u00e9dents travaux ou rapports\u2009: pour les MG stage obligatoire en psychiatrie, sursp\u00e9cialisation des infirmiers travaillant dans ce secteur, bonnes pratiques, r\u00e9vision des tarifs (consultations complexes et p\u00e9dopsy), pr\u00e9servation des budgets consacr\u00e9s \u00e0 la psychiatrie dans les h\u00f4pitaux ou GHT. Il est int\u00e9ressant de s&#8217;interroger sur les causes des \u00e9checs relatifs&hellip;","og_url":"https:\/\/www.ricom-web8.com\/gestions\/reforme-de-psychiatrie\/","og_site_name":"Gestions hospitali\u00e8res","article_publisher":"https:\/\/www.facebook.com\/gestionshospitalieres\/","article_published_time":"2018-09-01T09:28:05+00:00","article_modified_time":"2018-09-26T13:45:00+00:00","author":"Gestions hospitali\u00e8res","twitter_card":"summary_large_image","twitter_creator":"@revue_GH","twitter_site":"@revue_GH","twitter_misc":{"\u00c9crit par":"Gestions hospitali\u00e8res","Dur\u00e9e de lecture estim\u00e9e":"2 minutes"},"schema":{"@context":"https:\/\/schema.org","@graph":[{"@type":"Article","@id":"https:\/\/www.ricom-web8.com\/gestions\/reforme-de-psychiatrie\/#article","isPartOf":{"@id":"https:\/\/www.ricom-web8.com\/gestions\/reforme-de-psychiatrie\/"},"author":{"name":"Gestions hospitali\u00e8res","@id":"https:\/\/www.ricom-web8.com\/gestions\/#\/schema\/person\/3ba9fe913190dfe9507feb621e902c1f"},"headline":"La r\u00e9forme de la psychiatrie","datePublished":"2018-09-01T09:28:05+00:00","dateModified":"2018-09-26T13:45:00+00:00","mainEntityOfPage":{"@id":"https:\/\/www.ricom-web8.com\/gestions\/reforme-de-psychiatrie\/"},"wordCount":406,"commentCount":0,"publisher":{"@id":"https:\/\/www.ricom-web8.com\/gestions\/#organization"},"keywords":["avril 2018","CHU Besan\u00e7on","colloque","GHT","psychiatrie","sant\u00e9 mentale"],"articleSection":["colloque","Gestions Hospitali\u00e8res"],"inLanguage":"fr-FR","potentialAction":[{"@type":"CommentAction","name":"Comment","target":["https:\/\/www.ricom-web8.com\/gestions\/reforme-de-psychiatrie\/#respond"]}]},{"@type":"WebPage","@id":"https:\/\/www.ricom-web8.com\/gestions\/reforme-de-psychiatrie\/","url":"https:\/\/www.ricom-web8.com\/gestions\/reforme-de-psychiatrie\/","name":"La r\u00e9forme de la psychiatrie - Gestions hospitali\u00e8res","isPartOf":{"@id":"https:\/\/www.ricom-web8.com\/gestions\/#website"},"datePublished":"2018-09-01T09:28:05+00:00","dateModified":"2018-09-26T13:45:00+00:00","breadcrumb":{"@id":"https:\/\/www.ricom-web8.com\/gestions\/reforme-de-psychiatrie\/#breadcrumb"},"inLanguage":"fr-FR","potentialAction":[{"@type":"ReadAction","target":["https:\/\/www.ricom-web8.com\/gestions\/reforme-de-psychiatrie\/"]}]},{"@type":"BreadcrumbList","@id":"https:\/\/www.ricom-web8.com\/gestions\/reforme-de-psychiatrie\/#breadcrumb","itemListElement":[{"@type":"ListItem","position":1,"name":"Accueil","item":"https:\/\/www.ricom-web8.com\/gestions\/"},{"@type":"ListItem","position":2,"name":"La r\u00e9forme de la psychiatrie"}]},{"@type":"WebSite","@id":"https:\/\/www.ricom-web8.com\/gestions\/#website","url":"https:\/\/www.ricom-web8.com\/gestions\/","name":"Gestions hospitali\u00e8res","description":"la revue des d\u00e9cideurs hospitaliers","publisher":{"@id":"https:\/\/www.ricom-web8.com\/gestions\/#organization"},"potentialAction":[{"@type":"SearchAction","target":{"@type":"EntryPoint","urlTemplate":"https:\/\/www.ricom-web8.com\/gestions\/?s={search_term_string}"},"query-input":{"@type":"PropertyValueSpecification","valueRequired":true,"valueName":"search_term_string"}}],"inLanguage":"fr-FR"},{"@type":"Organization","@id":"https:\/\/www.ricom-web8.com\/gestions\/#organization","name":"Gestions hospitali\u00e8res","url":"https:\/\/www.ricom-web8.com\/gestions\/","logo":{"@type":"ImageObject","inLanguage":"fr-FR","@id":"https:\/\/www.ricom-web8.com\/gestions\/#\/schema\/logo\/image\/","url":"https:\/\/gestions-hospitalieres.fr\/wp-content\/uploads\/2017\/02\/picto_Gif-GH-trans.png","contentUrl":"https:\/\/gestions-hospitalieres.fr\/wp-content\/uploads\/2017\/02\/picto_Gif-GH-trans.png","width":512,"height":512,"caption":"Gestions hospitali\u00e8res"},"image":{"@id":"https:\/\/www.ricom-web8.com\/gestions\/#\/schema\/logo\/image\/"},"sameAs":["https:\/\/www.facebook.com\/gestionshospitalieres\/","https:\/\/x.com\/revue_GH","https:\/\/www.linkedin.com\/company\/gestions-hospitalieres?trk=top_nav_home"]},{"@type":"Person","@id":"https:\/\/www.ricom-web8.com\/gestions\/#\/schema\/person\/3ba9fe913190dfe9507feb621e902c1f","name":"Gestions hospitali\u00e8res","image":{"@type":"ImageObject","inLanguage":"fr-FR","@id":"https:\/\/www.ricom-web8.com\/gestions\/#\/schema\/person\/image\/","url":"https:\/\/secure.gravatar.com\/avatar\/1a0d93e6db5dbe7dac96bae4757d256f?s=96&d=mm&r=g","contentUrl":"https:\/\/secure.gravatar.com\/avatar\/1a0d93e6db5dbe7dac96bae4757d256f?s=96&d=mm&r=g","caption":"Gestions hospitali\u00e8res"},"url":"https:\/\/www.ricom-web8.com\/gestions\/author\/benjamin\/"}]}},"_links":{"self":[{"href":"https:\/\/www.ricom-web8.com\/gestions\/wp-json\/wp\/v2\/posts\/38435","targetHints":{"allow":["GET"]}}],"collection":[{"href":"https:\/\/www.ricom-web8.com\/gestions\/wp-json\/wp\/v2\/posts"}],"about":[{"href":"https:\/\/www.ricom-web8.com\/gestions\/wp-json\/wp\/v2\/types\/post"}],"author":[{"embeddable":true,"href":"https:\/\/www.ricom-web8.com\/gestions\/wp-json\/wp\/v2\/users\/23133"}],"replies":[{"embeddable":true,"href":"https:\/\/www.ricom-web8.com\/gestions\/wp-json\/wp\/v2\/comments?post=38435"}],"version-history":[{"count":0,"href":"https:\/\/www.ricom-web8.com\/gestions\/wp-json\/wp\/v2\/posts\/38435\/revisions"}],"wp:attachment":[{"href":"https:\/\/www.ricom-web8.com\/gestions\/wp-json\/wp\/v2\/media?parent=38435"}],"wp:term":[{"taxonomy":"category","embeddable":true,"href":"https:\/\/www.ricom-web8.com\/gestions\/wp-json\/wp\/v2\/categories?post=38435"},{"taxonomy":"post_tag","embeddable":true,"href":"https:\/\/www.ricom-web8.com\/gestions\/wp-json\/wp\/v2\/tags?post=38435"}],"curies":[{"name":"wp","href":"https:\/\/api.w.org\/{rel}","templated":true}]}}