

{"id":38439,"date":"2018-09-01T11:37:16","date_gmt":"2018-09-01T09:37:16","guid":{"rendered":"https:\/\/gestions-hospitalieres.fr\/?p=38439"},"modified":"2018-09-26T16:00:18","modified_gmt":"2018-09-26T14:00:18","slug":"soma-et-psyche","status":"publish","type":"post","link":"https:\/\/www.ricom-web8.com\/gestions\/soma-et-psyche\/","title":{"rendered":"Soma et psych\u00e9"},"content":{"rendered":"<span class=\"span-reading-time rt-reading-time\" style=\"display: block;\"><span class=\"rt-label rt-prefix\">Temps de lecture\u00a0: <\/span> <span class=\"rt-time\"> 5<\/span> <span class=\"rt-label rt-postfix\">minutes<\/span><\/span><p>Les maladies non transmissibles repr\u00e9sentent les principales causes de malades chroniques et de d\u00e9c\u00e8s dans le monde. En France, elles sont responsables de 87\u2009% des causes (rapport OMS 2014). Il s\u2019agit essentiellement des cons\u00e9quences des consommations de tabac, d\u2019alcool ou de drogues, de la malnutrition qualitative et quantitative, de l\u2019inactivit\u00e9 physique, de la s\u00e9dentarit\u00e9 et des troubles du sommeil. Il faut ajouter \u00e0 cette liste les cons\u00e9quences de l\u2019exposition aux UV, \u00e0 la pollution (expositions environnementales, professionnelles, contaminants alimentaires\u2026) et tout particuli\u00e8rement aux pesticides et aux perturbateurs neuroendocriniens. La s\u00e9dentarit\u00e9, proche de la d\u00e9pense \u00e9nerg\u00e9tique de repos, est un facteur de risque diff\u00e9rent du facteur d\u2019inactivit\u00e9 physique, c&#8217;est-\u00e0-dire l\u2019activit\u00e9 physique insuffisante. L\u2019inactivit\u00e9 physique est un facteur de mortalit\u00e9 impliqu\u00e9 au niveau mondial autant voire plus que le tabac. En France, pr\u00e8s des trois quarts des d\u00e9c\u00e8s sont en rapport avec les cancers et les maladies cardio-vasculaires pour partie attribuables \u00e0 ces causes environnementales et comportementales.<\/p>\n<p>La m\u00e9decine a longtemps \u00e9t\u00e9 une m\u00e9decine concernant des personnes avec des pathologies aigu\u00ebs\u2009; le terme tr\u00e8s utilis\u00e9 \u00ab\u2009clinique\u2009\u00bb fait \u00e9tymologiquement appel au \u00ab\u2009lit\u2009\u00bb (en latin <i>clinicus<\/i>, relatif au lit) et est en rapport avec des personnes couch\u00e9es\u2009; la m\u00e9decine clinique a ainsi essentiellement repos\u00e9 sur des th\u00e9rapeutiques m\u00e9dicamenteuses ou chirurgicales. Les maladies chroniques (celles de la personne souvent debout\u2009!), actuellement tr\u00e8s pr\u00e9valentes, font envisager une approche soignante bien diff\u00e9rente dans laquelle l\u2019aide aux changements de comportement, la prescription non m\u00e9dicamenteuse (au sens large, c&#8217;est-\u00e0-dire non prescriptive d\u2019un produit pharmacologiquement efficace ou non), les techniques motivationnelles ou l\u2019accompagnement psychologique au changement ont une place majeure.<\/p>\n<p>La m\u00e9decine des comportements s\u2019adresse, en particulier dans la relation singuli\u00e8re soign\u00e9\/soignant, \u00e0 la nutrition (sur les plans qualitatif et quantitatif), \u00e0 l\u2019inactivit\u00e9 physique et \u00e0 la s\u00e9dentarit\u00e9, au sevrage en tabac, \u00e0 la ma\u00eetrise de la consommation d\u2019alcool, \u00e0 la prise en compte des probl\u00e8mes de sommeil. Cette m\u00e9decine doit donc \u00e9galement s\u2019int\u00e9resser aux probl\u00e8mes en amont, aux \u00ab\u2009causes des causes\u2009\u00bb, difficult\u00e9s de vie, psychologiques, sociales\u2026 Il y a l\u00e0 un pont avec la sant\u00e9 mentale et la psychiatrie. La population fran\u00e7aise potentiellement \u00ab\u2009cible\u2009\u00bb est consid\u00e9rable\u2009: plus de 7\u202fmillions de personnes avec ob\u00e9sit\u00e9, plus de 15\u202fmillions en exc\u00e8s pond\u00e9ral (sans parler de celles avec une mauvaise nutrition qualitative\u2009!), plus de 9\u202fmillions de personnes fumant r\u00e9guli\u00e8rement, au moins 5\u202fmillions avec des consommations d\u2019alcool dites \u00ab\u2009\u00e0 risque\u2009\u00bb ou avec d\u00e9pendance av\u00e9r\u00e9e. Il faut ajouter environ 12\u202fmillions de personnes n\u2019atteignant pas les recommandations concernant l\u2019activit\u00e9 physique et 20\u202fmillions avec une s\u00e9dentarit\u00e9 excessive. Mais il s\u2019agit souvent des m\u00eames personnes, compte tenu des facteurs communs de causalit\u00e9 \u00e9voqu\u00e9s plus haut et qui sont des d\u00e9terminants puissants des in\u00e9galit\u00e9s sociales de sant\u00e9. Malgr\u00e9 ce constat, concernant leur sant\u00e9, le comportement des Fran\u00e7ais et Fran\u00e7aises proc\u00e8de d\u2019une approche qui se r\u00e9sume souvent \u00e0 de la technique biom\u00e9dicale\u2009: examens compl\u00e9mentaires, m\u00e9dicaments, autrement dit une r\u00e9ponse ext\u00e9rieure avec peu d\u2019implication personnelle directe. Ce qui est en contradiction apparente avec le souhait d\u2019une relation soignante plus humaine, moins technique, plus \u00e9quilibr\u00e9e entre le soignant et le patient, illustrant l\u2019ambivalence de l\u2019\u00eatre humain qui attend aussi des solutions simples et rapides \u00e0 son probl\u00e8me et ne souhaite pas n\u00e9cessairement se sentir remis en cause dans ses comportements. L\u2019\u00e9cologie interne de la personne n\u2019est pas privil\u00e9gi\u00e9e et m\u00eame n\u00e9glig\u00e9e\u2009; la r\u00e9ponse technique par la seule prescription m\u00e9dicamenteuse reste pr\u00e9dominante tant au niveau individuel (demandes des personnes malades) que collectif (r\u00e9mun\u00e9ration de l\u2019acte soignant intellectuel et relationnel, parent pauvre par rapport \u00e0 l\u2019acte technique). Les approches motivationnelles et <i>a fortiori<\/i> psychoth\u00e9rapeutiques n\u00e9cessitent pourtant aussi des comp\u00e9tences \u00ab\u2009techniques\u2009\u00bb qui sont, elles, insuffisamment valoris\u00e9es dans notre soci\u00e9t\u00e9. Et les ordonnances en France comportent une prescription m\u00e9dicamenteuse dans environ 90\u2009% des cas (contre 40\u2009% aux Pays-Bas)\u2009!<\/p>\n<p>Ce constat illustre l\u2019importance d\u2019une bonne compr\u00e9hension du pourquoi et du comment des comportements pour am\u00e9liorer la prise en soin des personnes. Il y a l\u00e0 un rapprochement essentiel \u00e0 faire entre la m\u00e9decine dite \u00ab\u2009somatique\u2009\u00bb, la sant\u00e9 mentale et la psychiatrie\u2009: les facteurs en rapport avec les comportements sont nombreux, certes g\u00e9n\u00e9tiques mais aussi, et souvent surtout, psychologiques, culturels, \u00e9ducatifs, socio\u00e9conomiques, familiaux, professionnels, linguistiques, anthropologiques\u2026, renvoyant en particulier aux in\u00e9galit\u00e9s sociales de sant\u00e9. Les progr\u00e8s actuels en \u00e9pig\u00e9n\u00e9tique mettent en \u00e9vidence l\u2019importance dans les comportements de ces diff\u00e9rents facteurs \u00e0 travers les stress potentiellement engendr\u00e9s. Un stress peut imprimer une marque dans la structure de l\u2019h\u00e9lice de l\u2019ADN, sans modifier le code g\u00e9n\u00e9tique des bases\u2009: m\u00e9thylation de l\u2019ADN et\/ou modifications des histones et\/ou ARN non codants. L\u2019expression des g\u00e8nes en est alors modifi\u00e9e. Le terme \u00ab\u2009\u00e9pig\u00e9n\u00e9tique\u2009\u00bb est retenu lorsque la marque est durable alors que le stress initiateur a disparu. Les marques \u00e9pig\u00e9n\u00e9tiques, durables donc, sont mesurables (telles les modifications de m\u00e9thylation de l\u2019ADN) et peuvent persister potentiellement toute la vie. Des perturbations de l\u2019axe corticotrope sont alors possibles de m\u00eame que des modifications physiologiques ou physiopathologiques, par exemple au niveau du syst\u00e8me immunitaire ou de la sensibilit\u00e9 visc\u00e9rale.<\/p>\n<button data-toggle=\"collapse\" data-target=\"#enc_2018_452_01\">FIGURE 1<\/button><div id=\"enc_2018_452_01\" class=\"encadre collapse\"><p><span class=\"surtitre_enc\">figure 1<\/span><\/p>\n<h2>\u00c9pig\u00e9n\u00e9tique<\/h2>\n<h3>Modification durable du fonctionnement du g\u00e9nome m\u00eame apr\u00e8s l\u2019arr\u00eat du stimulus<\/h3>\n<p><img decoding=\"async\" class=\"alignnone size-full wp-image-38442\" src=\"https:\/\/gestions-hospitalieres.fr\/wp-content\/uploads\/2018\/09\/Capture-d\u2019\u00e9cran-2018-09-26-\u00e0-11.43.23.png\" alt=\"\" width=\"600\" height=\"409\" srcset=\"https:\/\/www.ricom-web8.com\/gestions\/wp-content\/uploads\/2018\/09\/Capture-d\u2019\u00e9cran-2018-09-26-\u00e0-11.43.23.png 600w, https:\/\/www.ricom-web8.com\/gestions\/wp-content\/uploads\/2018\/09\/Capture-d\u2019\u00e9cran-2018-09-26-\u00e0-11.43.23-300x205.png 300w\" sizes=\"(max-width: 600px) 100vw, 600px\" \/><\/p>\n<p>D\u2019apr\u00e8s M. Rincel, A. Lepinay, A. Gabory, V. Theodorou, M. Koehl, V. Dauge, S. Maccari, M. Darnaudery, \u00ab\u2009Environnement pr\u00e9coce et vuln\u00e9rabilit\u00e9 neuropsychiatrique\u2009\u00bb, <i>M\u00e9decine\/sciences<\/i> 2015, n\u00b032, pp.\u200993-9.<\/p>\n<\/div>\n<p>Ces donn\u00e9es illustrent la place potentiellement importante du psychisme dans la gen\u00e8se des comportements \u00e0 risque, certes dans les addictions, mais aussi dans nombre de comportements \u00e0 risque\u2009: malnutrition quantitative et\/ou qualitative\u2009; inactivit\u00e9 physique, s\u00e9dentarit\u00e9 excessive\u2009; troubles du sommeil\u2026 Le lien entre sant\u00e9 mentale, \u00e9quilibre de vie et comportements re\u00e7oit ainsi une argumentation scientifiquement solide. Cette analyse souligne \u00e0 quel point, s\u2019il fallait le d\u00e9montrer, le m\u00e9decin dit \u00ab\u2009somaticien\u2009\u00bb \u2013 aidant, accompagnant la personne malade \u00e0 vouloir et pouvoir changer \u2013 ne peut ignorer son v\u00e9cu psychologique et social qui contribue \u00e0 causer et \u00e0 maintenir son ou ses comportements \u00e0 probl\u00e8me. De m\u00eame que les autres soignants, il doit \u00eatre form\u00e9 \u00e0 cette approche. Cette d\u00e9marche est importante, m\u00eame quand la pathologie para\u00eet essentiellement somatique en premi\u00e8re analyse. Par exemple, les personnes contamin\u00e9es par le virus de l\u2019h\u00e9patite C (VHC) peuvent avoir leur esp\u00e9rance de vie davantage modifi\u00e9e par leurs comorbidit\u00e9s (tabac, alcool, nutrition, inactivit\u00e9) que par la maladie virale lorsque l\u2019atteinte h\u00e9patique n\u2019est pas tr\u00e8s s\u00e9v\u00e8re. Ces comportements, souvent en cause dans le mode de contamination par le VHC, sont fortement d\u00e9termin\u00e9s par des facteurs psychosociaux qu\u2019il convient donc de prendre en compte. Cette d\u00e9marche soignante doit \u00eatre davantage reconnue, y compris financi\u00e8rement. L\u2019infirmi\u00e8re y a un r\u00f4le particulier, sans doute appel\u00e9 \u00e0 grandir\u2009: les approches professionnelles avanc\u00e9es actuellement pr\u00e9vues pour la profession infirmi\u00e8re ouvrent cette voie. L\u2019implication des m\u00e9decins de sant\u00e9 mentale et des psychiatres dans la formation et la prise en soin par les diff\u00e9rents soignants devient alors bien naturelle.<\/p>\n<p>Inversement, les sp\u00e9cialistes de sant\u00e9 mentale et de psychiatrie doivent prendre connaissance des progr\u00e8s de l\u2019\u00e9pig\u00e9n\u00e9tique et ne pas s\u2019interdire de concourir aux soins somatiques quand ils sont l\u2019acteur de sant\u00e9 central, par exemple pour des patients marginalis\u00e9s. Ils pourront ainsi \u00eatre impliqu\u00e9s dans la prescription th\u00e9rapeutique et le suivi des malades tels ceux contamin\u00e9s par le VHC. Il devrait s\u2019ensuivre une meilleure compr\u00e9hension de la m\u00e9decine somatique, un d\u00e9cloisonnement et un rapprochement\u2009: le psychisme comme un des facteurs \u00e9tiologiques des modifications comportementales responsables de la plupart des maladies chroniques\u2009!<\/p>\n<p>L\u2019interpr\u00e9tation du mythe d\u2019Asclepios (Esculape) et de la m\u00e9decine par Paul Diel sera peut-\u00eatre confirm\u00e9e\u2009! Le mythe grec montre l\u2019impasse de la m\u00e9decine somatique se croyant toute-puissante, allant jusqu\u2019\u00e0 vouloir vaincre la mort. Pour Diel, un retour vers une place importante du psychisme dans la m\u00e9decine se r\u00e9v\u00e8le n\u00e9cessaire, avec un r\u00e9\u00e9quilibrage et une meilleure compl\u00e9mentarit\u00e9 entre les dimensions techniques \u00ab\u2009somatiques\u2009\u00bb (sans cesse en progr\u00e8s) et psychiques. Il faut \u0153uvrer \u00e0 ne pas dissocier \u00ab\u2009soma\u2009\u00bb et \u00ab\u2009psych\u00e9\u2009\u00bb.<\/p>\n<p><b>R\u00e9f\u00e9rences<br \/>\n<\/b>\u2022 M.T. Compton, R.S. Shim, <i>The Social Determinants of Mental Health<\/i>, 2015, Washington, DC: American Psychiatric Publishing.<br \/>\n\u2022 M. Rincel, A. Lepinay, A. Gabory, V. Theodorou,M. Koehl, V. Dauge, S. Maccari, M. Darnaudery, \u00ab\u2009Environnement pr\u00e9coce et vuln\u00e9rabilit\u00e9 neuropsychiatrique\u2009\u00bb, <i>M\u00e9decine\/sciences<\/i> 2015, n\u00b032, pp. 93-9.<br \/>\n\u2022 P. Diel, <i>Asclepios. Le symbolisme dans la mythologie grecque<\/i>, Payot, r\u00e9\u00e9dition 1966, pp. 266-285.<span class=\"Apple-converted-space\"><br \/>\n<\/span>\u2022 R.S. Shim, C. Koplan, F.J. Langheim, M. Manseau, C. Oleskey, R.A. Powers, M.T. Compton, \u201cHealth care reform and integrated care: a golden opportunity for preventive psychiatry\u201d, <i>Psychiatr Serv.<\/i> 2012 Dec;63(12):1231-3. doi: 10.1176\/appi.ps.201200072.<\/p>\n<script>function PlayerjsAsync(){} if(window[\"Playerjs\"]){PlayerjsAsync();}<\/script>","protected":false},"excerpt":{"rendered":"<p>Les maladies non transmissibles repr\u00e9sentent les principales causes de malades chroniques et de d\u00e9c\u00e8s dans le monde. En France, elles sont responsables de 87\u2009% des causes (rapport OMS 2014). Il s\u2019agit essentiellement des cons\u00e9quences des consommations de tabac, d\u2019alcool ou de drogues, de la malnutrition qualitative et quantitative, de l\u2019inactivit\u00e9 physique, de la s\u00e9dentarit\u00e9 et des troubles du sommeil. Il faut ajouter \u00e0 cette liste les cons\u00e9quences de l\u2019exposition aux&hellip; <\/p>\n","protected":false},"author":23133,"featured_media":0,"comment_status":"open","ping_status":"closed","sticky":false,"template":"","format":"standard","meta":{"_acf_changed":false,"_relevanssi_hide_post":"","_relevanssi_hide_content":"","_relevanssi_pin_for_all":"","_relevanssi_pin_keywords":"","_relevanssi_unpin_keywords":"","_relevanssi_related_keywords":"","_relevanssi_related_include_ids":"","_relevanssi_related_exclude_ids":"","_relevanssi_related_no_append":"","_relevanssi_related_not_related":"","_relevanssi_related_posts":"","_relevanssi_noindex_reason":"","footnotes":""},"categories":[2196,2],"tags":[6881,5176,594,1809,142,143],"class_list":["post-38439","post","type-post","status-publish","format-standard","hentry","category-colloque","category-gestions-hospitalieres","tag-avril-2018","tag-chu-besancon","tag-colloque","tag-ght","tag-psychiatrie","tag-sante-mentale"],"acf":[],"yoast_head":"<!-- This site is optimized with the Yoast SEO plugin v24.8.1 - https:\/\/yoast.com\/wordpress\/plugins\/seo\/ -->\n<title>Soma et psych\u00e9 - Gestions hospitali\u00e8res<\/title>\n<meta name=\"robots\" content=\"index, follow, max-snippet:-1, max-image-preview:large, max-video-preview:-1\" \/>\n<link rel=\"canonical\" href=\"https:\/\/www.ricom-web8.com\/gestions\/soma-et-psyche\/\" \/>\n<meta property=\"og:locale\" content=\"fr_FR\" \/>\n<meta property=\"og:type\" content=\"article\" \/>\n<meta property=\"og:title\" content=\"Soma et psych\u00e9 - Gestions hospitali\u00e8res\" \/>\n<meta property=\"og:description\" content=\"Les maladies non transmissibles repr\u00e9sentent les principales causes de malades chroniques et de d\u00e9c\u00e8s dans le monde. En France, elles sont responsables de 87\u2009% des causes (rapport OMS 2014). Il s\u2019agit essentiellement des cons\u00e9quences des consommations de tabac, d\u2019alcool ou de drogues, de la malnutrition qualitative et quantitative, de l\u2019inactivit\u00e9 physique, de la s\u00e9dentarit\u00e9 et des troubles du sommeil. Il faut ajouter \u00e0 cette liste les cons\u00e9quences de l\u2019exposition aux&hellip;\" \/>\n<meta property=\"og:url\" content=\"https:\/\/www.ricom-web8.com\/gestions\/soma-et-psyche\/\" \/>\n<meta property=\"og:site_name\" content=\"Gestions hospitali\u00e8res\" \/>\n<meta property=\"article:publisher\" content=\"https:\/\/www.facebook.com\/gestionshospitalieres\/\" \/>\n<meta property=\"article:published_time\" content=\"2018-09-01T09:37:16+00:00\" \/>\n<meta property=\"article:modified_time\" content=\"2018-09-26T14:00:18+00:00\" \/>\n<meta name=\"author\" content=\"Gestions hospitali\u00e8res\" \/>\n<meta name=\"twitter:card\" content=\"summary_large_image\" \/>\n<meta name=\"twitter:creator\" content=\"@revue_GH\" \/>\n<meta name=\"twitter:site\" content=\"@revue_GH\" \/>\n<meta name=\"twitter:label1\" content=\"\u00c9crit par\" \/>\n\t<meta name=\"twitter:data1\" content=\"Gestions hospitali\u00e8res\" \/>\n\t<meta name=\"twitter:label2\" content=\"Dur\u00e9e de lecture estim\u00e9e\" \/>\n\t<meta name=\"twitter:data2\" content=\"8 minutes\" \/>\n<script type=\"application\/ld+json\" class=\"yoast-schema-graph\">{\"@context\":\"https:\/\/schema.org\",\"@graph\":[{\"@type\":\"Article\",\"@id\":\"https:\/\/www.ricom-web8.com\/gestions\/soma-et-psyche\/#article\",\"isPartOf\":{\"@id\":\"https:\/\/www.ricom-web8.com\/gestions\/soma-et-psyche\/\"},\"author\":{\"name\":\"Gestions hospitali\u00e8res\",\"@id\":\"https:\/\/www.ricom-web8.com\/gestions\/#\/schema\/person\/3ba9fe913190dfe9507feb621e902c1f\"},\"headline\":\"Soma et psych\u00e9\",\"datePublished\":\"2018-09-01T09:37:16+00:00\",\"dateModified\":\"2018-09-26T14:00:18+00:00\",\"mainEntityOfPage\":{\"@id\":\"https:\/\/www.ricom-web8.com\/gestions\/soma-et-psyche\/\"},\"wordCount\":1530,\"commentCount\":0,\"publisher\":{\"@id\":\"https:\/\/www.ricom-web8.com\/gestions\/#organization\"},\"keywords\":[\"avril 2018\",\"CHU Besan\u00e7on\",\"colloque\",\"GHT\",\"psychiatrie\",\"sant\u00e9 mentale\"],\"articleSection\":[\"colloque\",\"Gestions Hospitali\u00e8res\"],\"inLanguage\":\"fr-FR\",\"potentialAction\":[{\"@type\":\"CommentAction\",\"name\":\"Comment\",\"target\":[\"https:\/\/www.ricom-web8.com\/gestions\/soma-et-psyche\/#respond\"]}]},{\"@type\":\"WebPage\",\"@id\":\"https:\/\/www.ricom-web8.com\/gestions\/soma-et-psyche\/\",\"url\":\"https:\/\/www.ricom-web8.com\/gestions\/soma-et-psyche\/\",\"name\":\"Soma et psych\u00e9 - Gestions hospitali\u00e8res\",\"isPartOf\":{\"@id\":\"https:\/\/www.ricom-web8.com\/gestions\/#website\"},\"datePublished\":\"2018-09-01T09:37:16+00:00\",\"dateModified\":\"2018-09-26T14:00:18+00:00\",\"breadcrumb\":{\"@id\":\"https:\/\/www.ricom-web8.com\/gestions\/soma-et-psyche\/#breadcrumb\"},\"inLanguage\":\"fr-FR\",\"potentialAction\":[{\"@type\":\"ReadAction\",\"target\":[\"https:\/\/www.ricom-web8.com\/gestions\/soma-et-psyche\/\"]}]},{\"@type\":\"BreadcrumbList\",\"@id\":\"https:\/\/www.ricom-web8.com\/gestions\/soma-et-psyche\/#breadcrumb\",\"itemListElement\":[{\"@type\":\"ListItem\",\"position\":1,\"name\":\"Accueil\",\"item\":\"https:\/\/www.ricom-web8.com\/gestions\/\"},{\"@type\":\"ListItem\",\"position\":2,\"name\":\"Soma et psych\u00e9\"}]},{\"@type\":\"WebSite\",\"@id\":\"https:\/\/www.ricom-web8.com\/gestions\/#website\",\"url\":\"https:\/\/www.ricom-web8.com\/gestions\/\",\"name\":\"Gestions hospitali\u00e8res\",\"description\":\"la revue des d\u00e9cideurs hospitaliers\",\"publisher\":{\"@id\":\"https:\/\/www.ricom-web8.com\/gestions\/#organization\"},\"potentialAction\":[{\"@type\":\"SearchAction\",\"target\":{\"@type\":\"EntryPoint\",\"urlTemplate\":\"https:\/\/www.ricom-web8.com\/gestions\/?s={search_term_string}\"},\"query-input\":{\"@type\":\"PropertyValueSpecification\",\"valueRequired\":true,\"valueName\":\"search_term_string\"}}],\"inLanguage\":\"fr-FR\"},{\"@type\":\"Organization\",\"@id\":\"https:\/\/www.ricom-web8.com\/gestions\/#organization\",\"name\":\"Gestions hospitali\u00e8res\",\"url\":\"https:\/\/www.ricom-web8.com\/gestions\/\",\"logo\":{\"@type\":\"ImageObject\",\"inLanguage\":\"fr-FR\",\"@id\":\"https:\/\/www.ricom-web8.com\/gestions\/#\/schema\/logo\/image\/\",\"url\":\"https:\/\/gestions-hospitalieres.fr\/wp-content\/uploads\/2017\/02\/picto_Gif-GH-trans.png\",\"contentUrl\":\"https:\/\/gestions-hospitalieres.fr\/wp-content\/uploads\/2017\/02\/picto_Gif-GH-trans.png\",\"width\":512,\"height\":512,\"caption\":\"Gestions hospitali\u00e8res\"},\"image\":{\"@id\":\"https:\/\/www.ricom-web8.com\/gestions\/#\/schema\/logo\/image\/\"},\"sameAs\":[\"https:\/\/www.facebook.com\/gestionshospitalieres\/\",\"https:\/\/x.com\/revue_GH\",\"https:\/\/www.linkedin.com\/company\/gestions-hospitalieres?trk=top_nav_home\"]},{\"@type\":\"Person\",\"@id\":\"https:\/\/www.ricom-web8.com\/gestions\/#\/schema\/person\/3ba9fe913190dfe9507feb621e902c1f\",\"name\":\"Gestions hospitali\u00e8res\",\"image\":{\"@type\":\"ImageObject\",\"inLanguage\":\"fr-FR\",\"@id\":\"https:\/\/www.ricom-web8.com\/gestions\/#\/schema\/person\/image\/\",\"url\":\"https:\/\/secure.gravatar.com\/avatar\/1a0d93e6db5dbe7dac96bae4757d256f?s=96&d=mm&r=g\",\"contentUrl\":\"https:\/\/secure.gravatar.com\/avatar\/1a0d93e6db5dbe7dac96bae4757d256f?s=96&d=mm&r=g\",\"caption\":\"Gestions hospitali\u00e8res\"},\"url\":\"https:\/\/www.ricom-web8.com\/gestions\/author\/benjamin\/\"}]}<\/script>\n<!-- \/ Yoast SEO plugin. -->","yoast_head_json":{"title":"Soma et psych\u00e9 - Gestions hospitali\u00e8res","robots":{"index":"index","follow":"follow","max-snippet":"max-snippet:-1","max-image-preview":"max-image-preview:large","max-video-preview":"max-video-preview:-1"},"canonical":"https:\/\/www.ricom-web8.com\/gestions\/soma-et-psyche\/","og_locale":"fr_FR","og_type":"article","og_title":"Soma et psych\u00e9 - Gestions hospitali\u00e8res","og_description":"Les maladies non transmissibles repr\u00e9sentent les principales causes de malades chroniques et de d\u00e9c\u00e8s dans le monde. En France, elles sont responsables de 87\u2009% des causes (rapport OMS 2014). Il s\u2019agit essentiellement des cons\u00e9quences des consommations de tabac, d\u2019alcool ou de drogues, de la malnutrition qualitative et quantitative, de l\u2019inactivit\u00e9 physique, de la s\u00e9dentarit\u00e9 et des troubles du sommeil. Il faut ajouter \u00e0 cette liste les cons\u00e9quences de l\u2019exposition aux&hellip;","og_url":"https:\/\/www.ricom-web8.com\/gestions\/soma-et-psyche\/","og_site_name":"Gestions hospitali\u00e8res","article_publisher":"https:\/\/www.facebook.com\/gestionshospitalieres\/","article_published_time":"2018-09-01T09:37:16+00:00","article_modified_time":"2018-09-26T14:00:18+00:00","author":"Gestions hospitali\u00e8res","twitter_card":"summary_large_image","twitter_creator":"@revue_GH","twitter_site":"@revue_GH","twitter_misc":{"\u00c9crit par":"Gestions hospitali\u00e8res","Dur\u00e9e de lecture estim\u00e9e":"8 minutes"},"schema":{"@context":"https:\/\/schema.org","@graph":[{"@type":"Article","@id":"https:\/\/www.ricom-web8.com\/gestions\/soma-et-psyche\/#article","isPartOf":{"@id":"https:\/\/www.ricom-web8.com\/gestions\/soma-et-psyche\/"},"author":{"name":"Gestions hospitali\u00e8res","@id":"https:\/\/www.ricom-web8.com\/gestions\/#\/schema\/person\/3ba9fe913190dfe9507feb621e902c1f"},"headline":"Soma et psych\u00e9","datePublished":"2018-09-01T09:37:16+00:00","dateModified":"2018-09-26T14:00:18+00:00","mainEntityOfPage":{"@id":"https:\/\/www.ricom-web8.com\/gestions\/soma-et-psyche\/"},"wordCount":1530,"commentCount":0,"publisher":{"@id":"https:\/\/www.ricom-web8.com\/gestions\/#organization"},"keywords":["avril 2018","CHU Besan\u00e7on","colloque","GHT","psychiatrie","sant\u00e9 mentale"],"articleSection":["colloque","Gestions Hospitali\u00e8res"],"inLanguage":"fr-FR","potentialAction":[{"@type":"CommentAction","name":"Comment","target":["https:\/\/www.ricom-web8.com\/gestions\/soma-et-psyche\/#respond"]}]},{"@type":"WebPage","@id":"https:\/\/www.ricom-web8.com\/gestions\/soma-et-psyche\/","url":"https:\/\/www.ricom-web8.com\/gestions\/soma-et-psyche\/","name":"Soma et psych\u00e9 - Gestions hospitali\u00e8res","isPartOf":{"@id":"https:\/\/www.ricom-web8.com\/gestions\/#website"},"datePublished":"2018-09-01T09:37:16+00:00","dateModified":"2018-09-26T14:00:18+00:00","breadcrumb":{"@id":"https:\/\/www.ricom-web8.com\/gestions\/soma-et-psyche\/#breadcrumb"},"inLanguage":"fr-FR","potentialAction":[{"@type":"ReadAction","target":["https:\/\/www.ricom-web8.com\/gestions\/soma-et-psyche\/"]}]},{"@type":"BreadcrumbList","@id":"https:\/\/www.ricom-web8.com\/gestions\/soma-et-psyche\/#breadcrumb","itemListElement":[{"@type":"ListItem","position":1,"name":"Accueil","item":"https:\/\/www.ricom-web8.com\/gestions\/"},{"@type":"ListItem","position":2,"name":"Soma et psych\u00e9"}]},{"@type":"WebSite","@id":"https:\/\/www.ricom-web8.com\/gestions\/#website","url":"https:\/\/www.ricom-web8.com\/gestions\/","name":"Gestions hospitali\u00e8res","description":"la revue des d\u00e9cideurs hospitaliers","publisher":{"@id":"https:\/\/www.ricom-web8.com\/gestions\/#organization"},"potentialAction":[{"@type":"SearchAction","target":{"@type":"EntryPoint","urlTemplate":"https:\/\/www.ricom-web8.com\/gestions\/?s={search_term_string}"},"query-input":{"@type":"PropertyValueSpecification","valueRequired":true,"valueName":"search_term_string"}}],"inLanguage":"fr-FR"},{"@type":"Organization","@id":"https:\/\/www.ricom-web8.com\/gestions\/#organization","name":"Gestions hospitali\u00e8res","url":"https:\/\/www.ricom-web8.com\/gestions\/","logo":{"@type":"ImageObject","inLanguage":"fr-FR","@id":"https:\/\/www.ricom-web8.com\/gestions\/#\/schema\/logo\/image\/","url":"https:\/\/gestions-hospitalieres.fr\/wp-content\/uploads\/2017\/02\/picto_Gif-GH-trans.png","contentUrl":"https:\/\/gestions-hospitalieres.fr\/wp-content\/uploads\/2017\/02\/picto_Gif-GH-trans.png","width":512,"height":512,"caption":"Gestions hospitali\u00e8res"},"image":{"@id":"https:\/\/www.ricom-web8.com\/gestions\/#\/schema\/logo\/image\/"},"sameAs":["https:\/\/www.facebook.com\/gestionshospitalieres\/","https:\/\/x.com\/revue_GH","https:\/\/www.linkedin.com\/company\/gestions-hospitalieres?trk=top_nav_home"]},{"@type":"Person","@id":"https:\/\/www.ricom-web8.com\/gestions\/#\/schema\/person\/3ba9fe913190dfe9507feb621e902c1f","name":"Gestions hospitali\u00e8res","image":{"@type":"ImageObject","inLanguage":"fr-FR","@id":"https:\/\/www.ricom-web8.com\/gestions\/#\/schema\/person\/image\/","url":"https:\/\/secure.gravatar.com\/avatar\/1a0d93e6db5dbe7dac96bae4757d256f?s=96&d=mm&r=g","contentUrl":"https:\/\/secure.gravatar.com\/avatar\/1a0d93e6db5dbe7dac96bae4757d256f?s=96&d=mm&r=g","caption":"Gestions hospitali\u00e8res"},"url":"https:\/\/www.ricom-web8.com\/gestions\/author\/benjamin\/"}]}},"_links":{"self":[{"href":"https:\/\/www.ricom-web8.com\/gestions\/wp-json\/wp\/v2\/posts\/38439","targetHints":{"allow":["GET"]}}],"collection":[{"href":"https:\/\/www.ricom-web8.com\/gestions\/wp-json\/wp\/v2\/posts"}],"about":[{"href":"https:\/\/www.ricom-web8.com\/gestions\/wp-json\/wp\/v2\/types\/post"}],"author":[{"embeddable":true,"href":"https:\/\/www.ricom-web8.com\/gestions\/wp-json\/wp\/v2\/users\/23133"}],"replies":[{"embeddable":true,"href":"https:\/\/www.ricom-web8.com\/gestions\/wp-json\/wp\/v2\/comments?post=38439"}],"version-history":[{"count":0,"href":"https:\/\/www.ricom-web8.com\/gestions\/wp-json\/wp\/v2\/posts\/38439\/revisions"}],"wp:attachment":[{"href":"https:\/\/www.ricom-web8.com\/gestions\/wp-json\/wp\/v2\/media?parent=38439"}],"wp:term":[{"taxonomy":"category","embeddable":true,"href":"https:\/\/www.ricom-web8.com\/gestions\/wp-json\/wp\/v2\/categories?post=38439"},{"taxonomy":"post_tag","embeddable":true,"href":"https:\/\/www.ricom-web8.com\/gestions\/wp-json\/wp\/v2\/tags?post=38439"}],"curies":[{"name":"wp","href":"https:\/\/api.w.org\/{rel}","templated":true}]}}