

{"id":38616,"date":"2018-10-01T17:41:30","date_gmt":"2018-10-01T15:41:30","guid":{"rendered":"https:\/\/gestions-hospitalieres.fr\/?p=38616"},"modified":"2018-10-29T11:24:58","modified_gmt":"2018-10-29T10:24:58","slug":"les-violences-intrafamiliales","status":"publish","type":"post","link":"https:\/\/www.ricom-web8.com\/gestions\/les-violences-intrafamiliales\/","title":{"rendered":"Les violences intrafamiliales"},"content":{"rendered":"<span class=\"span-reading-time rt-reading-time\" style=\"display: block;\"><span class=\"rt-label rt-prefix\">Temps de lecture\u00a0: <\/span> <span class=\"rt-time\"> 3<\/span> <span class=\"rt-label rt-postfix\">minutes<\/span><\/span><p><b><\/b>En France, on estime qu\u2019une femme d\u00e9c\u00e8de tous les deux jours et demi sous les coups de son partenaire (ou ex-partenaire). C\u2019est ce que l\u2019on appelle le \u00ab\u2009f\u00e9minicide\u2009\u00bb. Au vu de ces chiffres inqui\u00e9tants, les pouvoirs publics se sont mobilis\u00e9s et une circulaire minist\u00e9rielle de novembre 2015 a cr\u00e9\u00e9 un statut de m\u00e9decin hospitalier r\u00e9f\u00e9rent \u00ab\u2009violences faites aux femmes\u2009\u00bb afin de mieux prendre en charge ces victimes, les orienter, les accompagner et les suivre.<\/p>\n<p>Depuis une dizaine d\u2019ann\u00e9es, les observations cliniques sur la prise en charge des violences intrafamiliales de notre service d\u2019urgence ont d\u00e9montr\u00e9 que des patientes pouvaient se pr\u00e9senter avec des tableaux cliniques \u00e9vidents ou de mani\u00e8re plus dissimul\u00e9e, que seules des formations sp\u00e9cifiques pouvaient d\u00e9pister et orienter.<span class=\"Apple-converted-space\">\u00a0<\/span><\/p>\n<p>Par la mise en place en 2014 d\u2019un protocole \u00ab\u2009F\u00e9minicide\u2009\u00bb unique en France et r\u00e9cemment \u00e9largi aux tentatives d\u2019homicides conjugaux avec victimes gravement bless\u00e9es, les urgences de l\u2019h\u00f4pital Robert-Ballanger sont devenues site pilote pour accompagner ce parcours sp\u00e9cifique.<span class=\"Apple-converted-space\">\u00a0<\/span><\/p>\n<p>Par ailleurs, depuis novembre 2016, pour am\u00e9liorer la prise en charge de ces patientes, nous avons cr\u00e9\u00e9 une unit\u00e9 mobile intrahospitali\u00e8re sp\u00e9cialis\u00e9e dans l\u2019accompagnement des psychotraumatismes (Usap) et constitu\u00e9e d\u2019une \u00e9quipe pluridisciplinaire d\u2019urgentistes, psychologues et psychiatres. Le protocole F\u00e9minicide a \u00e9t\u00e9 d\u00e9clench\u00e9 \u00e0 plusieurs reprises pour prot\u00e9ger les enfants. Il consiste en un partenariat avec le parquet et via une ordonnance de placement provisoire de trois jours (que l\u2019on peut prolonger jusqu\u2019\u00e0 huit), permet d\u00e9sormais \u00e0 tout enfant victime ou t\u00e9moin de f\u00e9minicide ou d\u2019homicide conjugal d\u2019\u00eatre hospitalis\u00e9 sous X\u2026<span class=\"Apple-converted-space\">\u00a0<\/span><\/p>\n<p>L\u2019aide sociale \u00e0 l\u2019enfance et le parquet sont ainsi en charge des modalit\u00e9s d\u2019accompagnement, d\u2019hospitalisation et de sortie des enfants.<span class=\"Apple-converted-space\">\u00a0<\/span><\/p>\n<p>L\u2019enfant est conduit par des professionnels, pr\u00e9alablement form\u00e9s, du service d\u2019intervention sp\u00e9cialis\u00e9 (SIS) depuis le lieu du crime jusqu\u2019aux urgences de l\u2019h\u00f4pital, puis hospitalis\u00e9 dans le service de p\u00e9diatrie o\u00f9 il est accompagn\u00e9 par une \u00ab\u2009grand-m\u00e8re\u2009\u00bb professionnelle de l\u2019enfance, disponible 24\u2009h\/24, mandat\u00e9e et form\u00e9e par l\u2019observatoire et permettant une pr\u00e9sence continue et rassurante.<span class=\"Apple-converted-space\">\u00a0<\/span><\/p>\n<p>Dans le service de p\u00e9diatrie, l\u2019enfant est pris en charge de mani\u00e8re conjointe par les \u00e9quipes de p\u00e9dopsychiatrie et p\u00e9diatrie. Cette hospitalisation permet, dans les suites du drame, de proposer un secteur de protection pour l\u2019enfant et sa prise en charge psychologique peut \u00eatre poursuivie au-del\u00e0 de l\u2019hospitalisation, car l\u2019h\u00f4pital devient pour les enfants et les accompagnants un lieu connu et s\u00fbr.<\/p>\n<p>\u00catre t\u00e9moin d\u2019un f\u00e9minicide, dans un contexte de violences intrafamiliales, doit \u00eatre consid\u00e9r\u00e9 comme le traumatisme le plus grave pour un enfant. Ce traumatisme l\u2019expose ult\u00e9rieurement \u00e0 des risques de complications psychopathologiques et d\u00e9veloppementaux majeurs.<\/p>\n<blockquote><p>L\u2019h\u00f4pital public est un acteur<span class=\"Apple-converted-space\">\u00a0 <\/span>majeur et indispensable dans la prise en charge des violences intrafamiliales, dans leur globalit\u00e9 et leur complexit\u00e9.<\/p><\/blockquote>\n<h1>Formation des professionnels<\/h1>\n<p>Les professionnels de sant\u00e9 ne sont ni pr\u00e9par\u00e9s ni suffisamment form\u00e9s \u00e0 la prise en charge et aux cons\u00e9quences de cette forme de violence ultime.<span class=\"Apple-converted-space\">\u00a0<\/span><\/p>\n<p>Notre groupe de travail, cr\u00e9\u00e9 aux urgences en 2006, a permis \u00e0 travers des \u00e9tudes, th\u00e8ses, publications et colloques de sensibiliser et de former tous les intervenants \u00e0 cette prise en charge.<\/p>\n<p>L\u2019acculturation des professionnels de sant\u00e9 et la sensibilisation \u00e0 travers ces actions sont une garantie et un gage de qualit\u00e9 pour la prise en charge de ces victimes.<\/p>\n<p>La g\u00e9n\u00e9ralisation \u00e0 l\u2019ensemble des \u00e9tablissements publics de ce type de dispositifs et de protocoles nous semble indispensable et le partage des informations ainsi que les retours d\u2019exp\u00e9riences entre les \u00e9tablissements nous permettront d\u2019enrichir les donn\u00e9es scientifiques, assez faibles sur cette question, et devront optimiser la prise en charge de ces victimes.<\/p>\n<h1>Conclusion<span class=\"Apple-converted-space\">\u00a0<\/span><\/h1>\n<p>L\u2019h\u00f4pital public, le plus souvent via les urgences en point de d\u00e9part, est un acteur majeur et indispensable dans la prise en charge des violences intrafamiliales, dans leur globalit\u00e9 et leur complexit\u00e9. De nombreuses victimes de violences vont pr\u00e9senter des sympt\u00f4mes somatiques sans que la question psychique soit \u00e9voqu\u00e9e, ni m\u00eame leurs ant\u00e9c\u00e9dents biographiques et\/ou somatiques. C\u2019est pour toutes ces raisons qu\u2019une coop\u00e9ration conjointe, continue, et des actions de sensibilisation des services se sont av\u00e9r\u00e9es indispensables (<i>encadr\u00e9\u00a01<\/i>).<\/p>\n<button data-toggle=\"collapse\" data-target=\"#enc_2018_532_01\">ENCADR\u00c9\u20091<\/button><div id=\"enc_2018_532_01\" class=\"encadre collapse\"><p><span class=\"surtitre_enc\">Encadr\u00e9\u20091<\/span><\/p>\n<h2>Coop\u00e9ration des services<\/h2>\n<p>L\u2019an pass\u00e9, une femme est hospitalis\u00e9e pour une h\u00e9morragie digestive dans le service de r\u00e9animation en soins intensifs. Elle d\u00e9crit aupr\u00e8s de l\u2019\u00e9quipe des violences physiques de la part de son mari, l\u2019engageant dans un pronostic vital. Une fois m\u00e9dicalement stabilis\u00e9e, elle est transf\u00e9r\u00e9e en m\u00e9decine interne o\u00f9 le m\u00e9decin chef r\u00e9dige le constat de l\u00e9sion initial, ce qui permet de d\u00e9clencher le protocole f\u00e9minicide vers l\u2019Usap et pas uniquement l\u2019UPPS. La patiente peut ainsi \u00eatre hospitalis\u00e9e en maternit\u00e9-gyn\u00e9cologie puis en p\u00e9diatrie avec ses enfants, jusqu\u2019alors rest\u00e9s avec le p\u00e8re. Ce dispositif, bas\u00e9 avant tout sur la sensibilisation des professionnels, a permis de prot\u00e9ger la m\u00e8re ainsi que ses enfants, de leur proposer un accompagnement psychoth\u00e9rapique du post-imm\u00e9diat (vers l\u2019unit\u00e9 de prise en charge psychologique sp\u00e9cialis\u00e9e [UPPS], structure du psychotraumatisme pour enfants) et d\u2019entamer des poursuites judiciaires en direction du mari violent. Il est donc essentiel que toutes les structures hospitali\u00e8res puissent engager des actions de sensibilisation, proc\u00e9der au d\u00e9pistage syst\u00e9matique des victimes de violences conjugales et se doter de structures de prise en charge du psychotraumatisme.<\/p>\n<\/div>\n<p>L\u2019h\u00f4pital public est \u00e9galement t\u00e9moin et victime d\u2019autres types de violences v\u00e9cues quotidiennement dans les services d\u2019urgence par des professionnels de sant\u00e9 d\u00e9vou\u00e9s et qualifi\u00e9s, par une multitude de maltraitances institutionnelles et par la d\u00e9gradation progressive des conditions d\u2019accueil des patients et par le manque de moyens. Ne les oublions pas et rendons-leur hommage.<\/p>\n<script>function PlayerjsAsync(){} if(window[\"Playerjs\"]){PlayerjsAsync();}<\/script>","protected":false},"excerpt":{"rendered":"<p>En France, on estime qu\u2019une femme d\u00e9c\u00e8de tous les deux jours et demi sous les coups de son partenaire (ou ex-partenaire). C\u2019est ce que l\u2019on appelle le \u00ab\u2009f\u00e9minicide\u2009\u00bb. Au vu de ces chiffres inqui\u00e9tants, les pouvoirs publics se sont mobilis\u00e9s et une circulaire minist\u00e9rielle de novembre 2015 a cr\u00e9\u00e9 un statut de m\u00e9decin hospitalier r\u00e9f\u00e9rent \u00ab\u2009violences faites aux femmes\u2009\u00bb afin de mieux prendre en charge ces victimes, les orienter, les&hellip; <\/p>\n","protected":false},"author":23133,"featured_media":0,"comment_status":"open","ping_status":"closed","sticky":false,"template":"","format":"standard","meta":{"_acf_changed":false,"_relevanssi_hide_post":"","_relevanssi_hide_content":"","_relevanssi_pin_for_all":"","_relevanssi_pin_keywords":"","_relevanssi_unpin_keywords":"","_relevanssi_related_keywords":"","_relevanssi_related_include_ids":"","_relevanssi_related_exclude_ids":"","_relevanssi_related_no_append":"","_relevanssi_related_not_related":"","_relevanssi_related_posts":"","_relevanssi_noindex_reason":"","footnotes":""},"categories":[26,2],"tags":[6941,6938,6946,6944,6943,324,6942,6945],"class_list":["post-38616","post","type-post","status-publish","format-standard","hentry","category-dossier","category-gestions-hospitalieres","tag-protocole-feminicide","tag-psychotraumatisme","tag-referent-violences-aux-femmes","tag-robert-ballanger","tag-upps","tag-urgences","tag-usaps","tag-violences-intrafamiliales"],"acf":[],"yoast_head":"<!-- This site is optimized with the Yoast SEO plugin v24.8.1 - https:\/\/yoast.com\/wordpress\/plugins\/seo\/ -->\n<title>Les violences intrafamiliales - Gestions hospitali\u00e8res<\/title>\n<meta name=\"robots\" content=\"index, follow, max-snippet:-1, max-image-preview:large, max-video-preview:-1\" \/>\n<link rel=\"canonical\" href=\"https:\/\/www.ricom-web8.com\/gestions\/les-violences-intrafamiliales\/\" \/>\n<meta property=\"og:locale\" content=\"fr_FR\" \/>\n<meta property=\"og:type\" content=\"article\" \/>\n<meta property=\"og:title\" content=\"Les violences intrafamiliales - Gestions hospitali\u00e8res\" \/>\n<meta property=\"og:description\" content=\"En France, on estime qu\u2019une femme d\u00e9c\u00e8de tous les deux jours et demi sous les coups de son partenaire (ou ex-partenaire). C\u2019est ce que l\u2019on appelle le \u00ab\u2009f\u00e9minicide\u2009\u00bb. Au vu de ces chiffres inqui\u00e9tants, les pouvoirs publics se sont mobilis\u00e9s et une circulaire minist\u00e9rielle de novembre 2015 a cr\u00e9\u00e9 un statut de m\u00e9decin hospitalier r\u00e9f\u00e9rent \u00ab\u2009violences faites aux femmes\u2009\u00bb afin de mieux prendre en charge ces victimes, les orienter, les&hellip;\" \/>\n<meta property=\"og:url\" content=\"https:\/\/www.ricom-web8.com\/gestions\/les-violences-intrafamiliales\/\" \/>\n<meta property=\"og:site_name\" content=\"Gestions hospitali\u00e8res\" \/>\n<meta property=\"article:publisher\" content=\"https:\/\/www.facebook.com\/gestionshospitalieres\/\" \/>\n<meta property=\"article:published_time\" content=\"2018-10-01T15:41:30+00:00\" \/>\n<meta property=\"article:modified_time\" content=\"2018-10-29T10:24:58+00:00\" \/>\n<meta name=\"author\" content=\"Gestions hospitali\u00e8res\" \/>\n<meta name=\"twitter:card\" content=\"summary_large_image\" \/>\n<meta name=\"twitter:creator\" content=\"@revue_GH\" \/>\n<meta name=\"twitter:site\" content=\"@revue_GH\" \/>\n<meta name=\"twitter:label1\" content=\"\u00c9crit par\" \/>\n\t<meta name=\"twitter:data1\" content=\"Gestions hospitali\u00e8res\" \/>\n\t<meta name=\"twitter:label2\" content=\"Dur\u00e9e de lecture estim\u00e9e\" \/>\n\t<meta name=\"twitter:data2\" content=\"4 minutes\" \/>\n<script type=\"application\/ld+json\" class=\"yoast-schema-graph\">{\"@context\":\"https:\/\/schema.org\",\"@graph\":[{\"@type\":\"Article\",\"@id\":\"https:\/\/www.ricom-web8.com\/gestions\/les-violences-intrafamiliales\/#article\",\"isPartOf\":{\"@id\":\"https:\/\/www.ricom-web8.com\/gestions\/les-violences-intrafamiliales\/\"},\"author\":{\"name\":\"Gestions hospitali\u00e8res\",\"@id\":\"https:\/\/www.ricom-web8.com\/gestions\/#\/schema\/person\/3ba9fe913190dfe9507feb621e902c1f\"},\"headline\":\"Les violences intrafamiliales\",\"datePublished\":\"2018-10-01T15:41:30+00:00\",\"dateModified\":\"2018-10-29T10:24:58+00:00\",\"mainEntityOfPage\":{\"@id\":\"https:\/\/www.ricom-web8.com\/gestions\/les-violences-intrafamiliales\/\"},\"wordCount\":830,\"commentCount\":0,\"publisher\":{\"@id\":\"https:\/\/www.ricom-web8.com\/gestions\/#organization\"},\"keywords\":[\"Protocole F\u00e9minicide\",\"psychotraumatisme\",\"r\u00e9f\u00e9rent violences aux femmes\",\"Robert-Ballanger\",\"UPPS\",\"urgences\",\"Usaps\",\"violences intrafamiliales\"],\"articleSection\":[\"dossier\",\"Gestions Hospitali\u00e8res\"],\"inLanguage\":\"fr-FR\",\"potentialAction\":[{\"@type\":\"CommentAction\",\"name\":\"Comment\",\"target\":[\"https:\/\/www.ricom-web8.com\/gestions\/les-violences-intrafamiliales\/#respond\"]}]},{\"@type\":\"WebPage\",\"@id\":\"https:\/\/www.ricom-web8.com\/gestions\/les-violences-intrafamiliales\/\",\"url\":\"https:\/\/www.ricom-web8.com\/gestions\/les-violences-intrafamiliales\/\",\"name\":\"Les violences intrafamiliales - Gestions hospitali\u00e8res\",\"isPartOf\":{\"@id\":\"https:\/\/www.ricom-web8.com\/gestions\/#website\"},\"datePublished\":\"2018-10-01T15:41:30+00:00\",\"dateModified\":\"2018-10-29T10:24:58+00:00\",\"breadcrumb\":{\"@id\":\"https:\/\/www.ricom-web8.com\/gestions\/les-violences-intrafamiliales\/#breadcrumb\"},\"inLanguage\":\"fr-FR\",\"potentialAction\":[{\"@type\":\"ReadAction\",\"target\":[\"https:\/\/www.ricom-web8.com\/gestions\/les-violences-intrafamiliales\/\"]}]},{\"@type\":\"BreadcrumbList\",\"@id\":\"https:\/\/www.ricom-web8.com\/gestions\/les-violences-intrafamiliales\/#breadcrumb\",\"itemListElement\":[{\"@type\":\"ListItem\",\"position\":1,\"name\":\"Accueil\",\"item\":\"https:\/\/www.ricom-web8.com\/gestions\/\"},{\"@type\":\"ListItem\",\"position\":2,\"name\":\"Les violences intrafamiliales\"}]},{\"@type\":\"WebSite\",\"@id\":\"https:\/\/www.ricom-web8.com\/gestions\/#website\",\"url\":\"https:\/\/www.ricom-web8.com\/gestions\/\",\"name\":\"Gestions hospitali\u00e8res\",\"description\":\"la revue des d\u00e9cideurs hospitaliers\",\"publisher\":{\"@id\":\"https:\/\/www.ricom-web8.com\/gestions\/#organization\"},\"potentialAction\":[{\"@type\":\"SearchAction\",\"target\":{\"@type\":\"EntryPoint\",\"urlTemplate\":\"https:\/\/www.ricom-web8.com\/gestions\/?s={search_term_string}\"},\"query-input\":{\"@type\":\"PropertyValueSpecification\",\"valueRequired\":true,\"valueName\":\"search_term_string\"}}],\"inLanguage\":\"fr-FR\"},{\"@type\":\"Organization\",\"@id\":\"https:\/\/www.ricom-web8.com\/gestions\/#organization\",\"name\":\"Gestions hospitali\u00e8res\",\"url\":\"https:\/\/www.ricom-web8.com\/gestions\/\",\"logo\":{\"@type\":\"ImageObject\",\"inLanguage\":\"fr-FR\",\"@id\":\"https:\/\/www.ricom-web8.com\/gestions\/#\/schema\/logo\/image\/\",\"url\":\"https:\/\/gestions-hospitalieres.fr\/wp-content\/uploads\/2017\/02\/picto_Gif-GH-trans.png\",\"contentUrl\":\"https:\/\/gestions-hospitalieres.fr\/wp-content\/uploads\/2017\/02\/picto_Gif-GH-trans.png\",\"width\":512,\"height\":512,\"caption\":\"Gestions hospitali\u00e8res\"},\"image\":{\"@id\":\"https:\/\/www.ricom-web8.com\/gestions\/#\/schema\/logo\/image\/\"},\"sameAs\":[\"https:\/\/www.facebook.com\/gestionshospitalieres\/\",\"https:\/\/x.com\/revue_GH\",\"https:\/\/www.linkedin.com\/company\/gestions-hospitalieres?trk=top_nav_home\"]},{\"@type\":\"Person\",\"@id\":\"https:\/\/www.ricom-web8.com\/gestions\/#\/schema\/person\/3ba9fe913190dfe9507feb621e902c1f\",\"name\":\"Gestions hospitali\u00e8res\",\"image\":{\"@type\":\"ImageObject\",\"inLanguage\":\"fr-FR\",\"@id\":\"https:\/\/www.ricom-web8.com\/gestions\/#\/schema\/person\/image\/\",\"url\":\"https:\/\/secure.gravatar.com\/avatar\/1a0d93e6db5dbe7dac96bae4757d256f?s=96&d=mm&r=g\",\"contentUrl\":\"https:\/\/secure.gravatar.com\/avatar\/1a0d93e6db5dbe7dac96bae4757d256f?s=96&d=mm&r=g\",\"caption\":\"Gestions hospitali\u00e8res\"},\"url\":\"https:\/\/www.ricom-web8.com\/gestions\/author\/benjamin\/\"}]}<\/script>\n<!-- \/ Yoast SEO plugin. -->","yoast_head_json":{"title":"Les violences intrafamiliales - Gestions hospitali\u00e8res","robots":{"index":"index","follow":"follow","max-snippet":"max-snippet:-1","max-image-preview":"max-image-preview:large","max-video-preview":"max-video-preview:-1"},"canonical":"https:\/\/www.ricom-web8.com\/gestions\/les-violences-intrafamiliales\/","og_locale":"fr_FR","og_type":"article","og_title":"Les violences intrafamiliales - Gestions hospitali\u00e8res","og_description":"En France, on estime qu\u2019une femme d\u00e9c\u00e8de tous les deux jours et demi sous les coups de son partenaire (ou ex-partenaire). C\u2019est ce que l\u2019on appelle le \u00ab\u2009f\u00e9minicide\u2009\u00bb. Au vu de ces chiffres inqui\u00e9tants, les pouvoirs publics se sont mobilis\u00e9s et une circulaire minist\u00e9rielle de novembre 2015 a cr\u00e9\u00e9 un statut de m\u00e9decin hospitalier r\u00e9f\u00e9rent \u00ab\u2009violences faites aux femmes\u2009\u00bb afin de mieux prendre en charge ces victimes, les orienter, les&hellip;","og_url":"https:\/\/www.ricom-web8.com\/gestions\/les-violences-intrafamiliales\/","og_site_name":"Gestions hospitali\u00e8res","article_publisher":"https:\/\/www.facebook.com\/gestionshospitalieres\/","article_published_time":"2018-10-01T15:41:30+00:00","article_modified_time":"2018-10-29T10:24:58+00:00","author":"Gestions hospitali\u00e8res","twitter_card":"summary_large_image","twitter_creator":"@revue_GH","twitter_site":"@revue_GH","twitter_misc":{"\u00c9crit par":"Gestions hospitali\u00e8res","Dur\u00e9e de lecture estim\u00e9e":"4 minutes"},"schema":{"@context":"https:\/\/schema.org","@graph":[{"@type":"Article","@id":"https:\/\/www.ricom-web8.com\/gestions\/les-violences-intrafamiliales\/#article","isPartOf":{"@id":"https:\/\/www.ricom-web8.com\/gestions\/les-violences-intrafamiliales\/"},"author":{"name":"Gestions hospitali\u00e8res","@id":"https:\/\/www.ricom-web8.com\/gestions\/#\/schema\/person\/3ba9fe913190dfe9507feb621e902c1f"},"headline":"Les violences intrafamiliales","datePublished":"2018-10-01T15:41:30+00:00","dateModified":"2018-10-29T10:24:58+00:00","mainEntityOfPage":{"@id":"https:\/\/www.ricom-web8.com\/gestions\/les-violences-intrafamiliales\/"},"wordCount":830,"commentCount":0,"publisher":{"@id":"https:\/\/www.ricom-web8.com\/gestions\/#organization"},"keywords":["Protocole F\u00e9minicide","psychotraumatisme","r\u00e9f\u00e9rent violences aux femmes","Robert-Ballanger","UPPS","urgences","Usaps","violences intrafamiliales"],"articleSection":["dossier","Gestions Hospitali\u00e8res"],"inLanguage":"fr-FR","potentialAction":[{"@type":"CommentAction","name":"Comment","target":["https:\/\/www.ricom-web8.com\/gestions\/les-violences-intrafamiliales\/#respond"]}]},{"@type":"WebPage","@id":"https:\/\/www.ricom-web8.com\/gestions\/les-violences-intrafamiliales\/","url":"https:\/\/www.ricom-web8.com\/gestions\/les-violences-intrafamiliales\/","name":"Les violences intrafamiliales - Gestions hospitali\u00e8res","isPartOf":{"@id":"https:\/\/www.ricom-web8.com\/gestions\/#website"},"datePublished":"2018-10-01T15:41:30+00:00","dateModified":"2018-10-29T10:24:58+00:00","breadcrumb":{"@id":"https:\/\/www.ricom-web8.com\/gestions\/les-violences-intrafamiliales\/#breadcrumb"},"inLanguage":"fr-FR","potentialAction":[{"@type":"ReadAction","target":["https:\/\/www.ricom-web8.com\/gestions\/les-violences-intrafamiliales\/"]}]},{"@type":"BreadcrumbList","@id":"https:\/\/www.ricom-web8.com\/gestions\/les-violences-intrafamiliales\/#breadcrumb","itemListElement":[{"@type":"ListItem","position":1,"name":"Accueil","item":"https:\/\/www.ricom-web8.com\/gestions\/"},{"@type":"ListItem","position":2,"name":"Les violences intrafamiliales"}]},{"@type":"WebSite","@id":"https:\/\/www.ricom-web8.com\/gestions\/#website","url":"https:\/\/www.ricom-web8.com\/gestions\/","name":"Gestions hospitali\u00e8res","description":"la revue des d\u00e9cideurs hospitaliers","publisher":{"@id":"https:\/\/www.ricom-web8.com\/gestions\/#organization"},"potentialAction":[{"@type":"SearchAction","target":{"@type":"EntryPoint","urlTemplate":"https:\/\/www.ricom-web8.com\/gestions\/?s={search_term_string}"},"query-input":{"@type":"PropertyValueSpecification","valueRequired":true,"valueName":"search_term_string"}}],"inLanguage":"fr-FR"},{"@type":"Organization","@id":"https:\/\/www.ricom-web8.com\/gestions\/#organization","name":"Gestions hospitali\u00e8res","url":"https:\/\/www.ricom-web8.com\/gestions\/","logo":{"@type":"ImageObject","inLanguage":"fr-FR","@id":"https:\/\/www.ricom-web8.com\/gestions\/#\/schema\/logo\/image\/","url":"https:\/\/gestions-hospitalieres.fr\/wp-content\/uploads\/2017\/02\/picto_Gif-GH-trans.png","contentUrl":"https:\/\/gestions-hospitalieres.fr\/wp-content\/uploads\/2017\/02\/picto_Gif-GH-trans.png","width":512,"height":512,"caption":"Gestions hospitali\u00e8res"},"image":{"@id":"https:\/\/www.ricom-web8.com\/gestions\/#\/schema\/logo\/image\/"},"sameAs":["https:\/\/www.facebook.com\/gestionshospitalieres\/","https:\/\/x.com\/revue_GH","https:\/\/www.linkedin.com\/company\/gestions-hospitalieres?trk=top_nav_home"]},{"@type":"Person","@id":"https:\/\/www.ricom-web8.com\/gestions\/#\/schema\/person\/3ba9fe913190dfe9507feb621e902c1f","name":"Gestions hospitali\u00e8res","image":{"@type":"ImageObject","inLanguage":"fr-FR","@id":"https:\/\/www.ricom-web8.com\/gestions\/#\/schema\/person\/image\/","url":"https:\/\/secure.gravatar.com\/avatar\/1a0d93e6db5dbe7dac96bae4757d256f?s=96&d=mm&r=g","contentUrl":"https:\/\/secure.gravatar.com\/avatar\/1a0d93e6db5dbe7dac96bae4757d256f?s=96&d=mm&r=g","caption":"Gestions hospitali\u00e8res"},"url":"https:\/\/www.ricom-web8.com\/gestions\/author\/benjamin\/"}]}},"_links":{"self":[{"href":"https:\/\/www.ricom-web8.com\/gestions\/wp-json\/wp\/v2\/posts\/38616","targetHints":{"allow":["GET"]}}],"collection":[{"href":"https:\/\/www.ricom-web8.com\/gestions\/wp-json\/wp\/v2\/posts"}],"about":[{"href":"https:\/\/www.ricom-web8.com\/gestions\/wp-json\/wp\/v2\/types\/post"}],"author":[{"embeddable":true,"href":"https:\/\/www.ricom-web8.com\/gestions\/wp-json\/wp\/v2\/users\/23133"}],"replies":[{"embeddable":true,"href":"https:\/\/www.ricom-web8.com\/gestions\/wp-json\/wp\/v2\/comments?post=38616"}],"version-history":[{"count":0,"href":"https:\/\/www.ricom-web8.com\/gestions\/wp-json\/wp\/v2\/posts\/38616\/revisions"}],"wp:attachment":[{"href":"https:\/\/www.ricom-web8.com\/gestions\/wp-json\/wp\/v2\/media?parent=38616"}],"wp:term":[{"taxonomy":"category","embeddable":true,"href":"https:\/\/www.ricom-web8.com\/gestions\/wp-json\/wp\/v2\/categories?post=38616"},{"taxonomy":"post_tag","embeddable":true,"href":"https:\/\/www.ricom-web8.com\/gestions\/wp-json\/wp\/v2\/tags?post=38616"}],"curies":[{"name":"wp","href":"https:\/\/api.w.org\/{rel}","templated":true}]}}