

{"id":38727,"date":"2018-11-01T16:54:46","date_gmt":"2018-11-01T15:54:46","guid":{"rendered":"https:\/\/gestions-hospitalieres.fr\/?p=38727"},"modified":"2018-12-17T09:50:04","modified_gmt":"2018-12-17T08:50:04","slug":"patient-coacteur-de-qualite-securite-soins","status":"publish","type":"post","link":"https:\/\/www.ricom-web8.com\/gestions\/patient-coacteur-de-qualite-securite-soins\/","title":{"rendered":"Le patient, coacteur de la qualit\u00e9 et la s\u00e9curit\u00e9 des soins"},"content":{"rendered":"<span class=\"span-reading-time rt-reading-time\" style=\"display: block;\"><span class=\"rt-label rt-prefix\">Temps de lecture\u00a0: <\/span> <span class=\"rt-time\"> 9<\/span> <span class=\"rt-label rt-postfix\">minutes<\/span><\/span><p>Il existe aujourd\u2019hui une authentique volont\u00e9 de poursuivre la r\u00e9forme du syst\u00e8me de sant\u00e9 dans le sens de la promotion de l\u2019implication des patients et de leurs repr\u00e9sentants \u00e0 chaque niveau de son fonctionnement, comme l\u2019indique l\u2019axe\u2009IV de la Strat\u00e9gie nationale de sant\u00e9 \u00e0 l\u2019horizon 2022<sup class=\"appel\" data-toggle=\"modal\" data-target=\"#notes\">(1)<\/sup>. Cependant, relativement peu d\u2019\u00e9tudes ont examin\u00e9 les modalit\u00e9s concr\u00e8tes de la participation des patients en dehors du domaine macro-organisationnel de la gouvernance des politiques de sant\u00e9 ou, \u00e0 l\u2019oppos\u00e9, micro-clinique de leurs propres parcours de soins. Au niveau interm\u00e9diaire moins d\u00e9crit, \u00e0 l\u2019interface du niveau micro-organisationnel d\u00e9crit par V. Ghadi et M.-F. Valois-Bourricand<sup class=\"appel\" data-toggle=\"modal\" data-target=\"#notes\">(2)<\/sup> et du niveau m\u00e9so du mod\u00e8le conceptuel montr\u00e9alais adapt\u00e9 de Carman <i>et al.<\/i><sup class=\"appel\" data-toggle=\"modal\" data-target=\"#notes\">(3)<\/sup>, les patients s\u2019engagent pourtant au b\u00e9n\u00e9fice de la collectivit\u00e9, pairs ou autres usagers, notamment au sein des services et unit\u00e9s de soins des \u00e9tablissements hospitaliers, aux c\u00f4t\u00e9s des professionnels de sant\u00e9 dans les diff\u00e9rents domaines que leurs pratiques recouvrent (dispensation des soins, recherche, formation, am\u00e9lioration de la qualit\u00e9 des soins). Les d\u00e9marches entreprises \u00e0 ce niveau interm\u00e9diaire sont en effet moins visibles<sup class=\"appel\" data-toggle=\"modal\" data-target=\"#notes\">(4)<\/sup>. Tant dans les domaines des soins que de la formation ou la recherche, elles n\u00e9cessitent tout d\u2019abord d\u2019\u00eatre mieux connues, reconnues, partag\u00e9es par les professionnels de sant\u00e9 et les usagers. Encourag\u00e9es par ces acteurs de terrain, au sein des organisations auxquelles ils appartiennent (associations, soci\u00e9t\u00e9s savantes, instituts, comit\u00e9s), ces initiatives s\u2019illustrent en grande partie \u00e0 travers de multiples interventions locales et informelles, entreprises au sein m\u00eame des services des \u00e9tablissements de soin, voire dans le cadre du colloque m\u00e9decin\/patient. Ainsi, elles sont rarement port\u00e9es \u00e0 la connaissance du reste des professionnels de l\u2019\u00e9tablissement en question, et encore moins des administrations territoriales. Pourtant, le retour d\u2019exp\u00e9rience aupr\u00e8s des professionnels et des usagers, comme des gestionnaires et des d\u00e9cideurs, permettrait de diffuser de telles interventions et de mettre en \u0153uvre leur \u00e9valuation en termes de processus et r\u00e9sultats, et d\u2019analyser leur transf\u00e9rabilit\u00e9. Le d\u00e9veloppement de telles donn\u00e9es probantes est indispensable en vue de structurer et formaliser, \u00e0 l\u2019\u00e9chelle d\u2019un service de soins, d\u2019un \u00e9tablissement, d\u2019un territoire, les interventions efficaces pour promouvoir les pratiques collaboratives en sant\u00e9<sup class=\"appel\" data-toggle=\"modal\" data-target=\"#notes\">(5)<\/sup>. Face \u00e0 ce constat de manque de reconnaissance et de partage, nous avons souhait\u00e9 r\u00e9aliser une \u00e9tude visant \u00e0 mettre en lumi\u00e8re les initiatives entreprises au sein de deux CHU du Grand Ouest.<\/p>\n<h1>M\u00e9thode<\/h1>\n<p>Notre \u00e9tude, de type observationnel descriptif par questionnaire, a \u00e9t\u00e9 r\u00e9alis\u00e9e en commun par les services de sant\u00e9 publique des CHU de Nantes et Rennes.<\/p>\n<h2>Cadre conceptuel et organisation g\u00e9n\u00e9rale<span class=\"Apple-converted-space\">\u00a0<\/span><\/h2>\n<p>La notion d\u2019\u00ab\u2009implication\u2009\u00bb ou de participation des patients envisag\u00e9e dans le cadre sp\u00e9cifique de cette \u00e9tude consid\u00e9rait, tels que d\u00e9crits dans la figure\u00a01, les niveaux de la consultation, de la collaboration et du partenariat, niveau ultime appelant \u00e0 \u00ab\u2009<i>consid\u00e9rer le patient comme un soignant et un membre \u00e0 part enti\u00e8re \u2013un partenaire \u2013 de l\u2019\u00e9quipe de soins<\/i><sup class=\"appel\" data-toggle=\"modal\" data-target=\"#notes\">(6)<\/sup>\u00bb. Elle excluait le niveau le plus bas d\u2019engagement relatif \u00e0 l\u2019information du patient. Celle-ci nous semblait en effet insuffisante pour parler d\u2019une v\u00e9ritable implication des patients \u00e0 l\u2019heure du d\u00e9veloppement de mod\u00e8les comme celui de Montr\u00e9al.<span class=\"Apple-converted-space\">\u00a0<\/span><\/p>\n<h2>Population d\u2019\u00e9tude et \u00e9chantillonnage<\/h2>\n<p>Les professionnels de sant\u00e9 cibl\u00e9s par cette \u00e9tude \u00e9taient les soignants ou coordonnateurs de soins susceptibles, soit d\u2019\u00eatre \u00e0 l\u2019origine, soit de coordonner la mise en place de telles initiatives dans le cadre de leur exercice professionnel dans les deux CHU. Nous avons donc choisi de s\u00e9lectionner les m\u00e9decins, les chirurgiens-dentistes, les pharmaciens, les cadres de sant\u00e9 (de proximit\u00e9, sup\u00e9rieurs et directeurs de soins) et les ma\u00efeuticiens exer\u00e7ant dans les deux CHU. Nous avons exclu les \u00e9tudiants\u2009: internes en m\u00e9decine et en odontologie, \u00e9tudiants en pharmacie, ma\u00efeutique et soins infirmiers.<\/p>\n<p>Un sondage exhaustif de notre population cible a \u00e9t\u00e9 r\u00e9alis\u00e9, soit 2\u2009441 professionnels au total dans les deux CHU, r\u00e9partis au sein des diff\u00e9rents p\u00f4les hospitalo-universitaires\u2009: 12 p\u00f4les \u00e0 Nantes et 13 \u00e0 Rennes. L\u2019enqu\u00eate a \u00e9t\u00e9 diffus\u00e9e via un lien d\u2019acc\u00e8s unique au questionnaire en ligne envoy\u00e9 par mail \u00e0 partir du 5 septembre 2017. La date de point pour l\u2019analyse des r\u00e9ponses \u00e9tait le 5 octobre 2017, date \u00e0 laquelle op\u00e9rait la fermeture de l\u2019acc\u00e8s au questionnaire, apr\u00e8s deux relances \u00e0 10 jours d\u2019intervalle.<span class=\"Apple-converted-space\">\u00a0<\/span><\/p>\n<h2>\u00c9laboration du questionnaire et du masque de saisie<\/h2>\n<p>Le questionnaire \u00e9tait structur\u00e9 en six parties, les quatre premi\u00e8res \u00e9tant chacune consacr\u00e9es \u00e0 une th\u00e9matique\u2009: dispensation et accompagnement des soins, enseignement\/formation des professionnels de sant\u00e9 et des pairs, qualit\u00e9 et s\u00e9curit\u00e9 des soins, recherche. Seuls les r\u00e9sultats relatifs \u00e0 la th\u00e9matique qualit\u00e9 et s\u00e9curit\u00e9 des soins sont pr\u00e9sent\u00e9s ici. Pour chaque th\u00e9matique, le professionnel \u00e9tait invit\u00e9 \u00e0 pr\u00e9ciser s\u2019il \u00e9tait engag\u00e9 dans la mise en \u0153uvre de projets participatifs avec les patients ou leurs repr\u00e9sentants dans les diff\u00e9rentes sous-th\u00e9matiques qu\u2019elle regroupait.<span class=\"Apple-converted-space\">\u00a0<\/span><\/p>\n<p>La question pos\u00e9e \u00e9tait\u2009: avez-vous l\u2019occasion d\u2019impliquer des patients, ou leur entourage dans l\u2019un de ces domaines\u2009? Il s\u2019agissait d\u2019une question \u00e0 choix multiple, un professionnel pouvait donc citer plusieurs d\u00e9marches participatives pour chacun des quatre domaines explor\u00e9s par l\u2019enqu\u00eate. La liste des modalit\u00e9s de r\u00e9ponse \u00e9tait la plus exhaustive possible pour couvrir un maximum de sous-th\u00e9matiques. Outre la nature des d\u00e9marches participatives, le questionnaire explorait les caract\u00e9ristiques de la mise en \u0153uvre de ces d\u00e9marches.<\/p>\n<p>Une cinqui\u00e8me partie visait \u00e0 nous \u00e9clairer sur les leviers et\/ou les freins per\u00e7us par les professionnels dans le d\u00e9ploiement des projets collaboratifs.<\/p>\n<p>Enfin, nous avons recueilli quelques-unes des caract\u00e9ristiques sociod\u00e9mographiques des r\u00e9pondants dans une sixi\u00e8me partie\u2009: lieu d\u2019exercice (p\u00f4le et service[s] de rattachement), \u00e2ge et sexe du r\u00e9pondant.<span class=\"Apple-converted-space\">\u00a0<\/span><\/p>\n<h2>M\u00e9thodologie d\u2019analyse<\/h2>\n<p>Les r\u00e9sultats g\u00e9n\u00e9raux relatifs aux quatre th\u00e9matiques (dispensation et accompagnement des soins, enseignement\/formation, qualit\u00e9 et s\u00e9curit\u00e9 des soins, recherche) ont d\u2019abord \u00e9t\u00e9 d\u00e9crits, puis un focus a \u00e9t\u00e9 r\u00e9alis\u00e9 sur la th\u00e9matique\u2009: \u00ab\u2009Qualit\u00e9 et s\u00e9curit\u00e9 des soins\u2009\u00bb. Une analyse descriptive des r\u00e9ponses aux questions ferm\u00e9es du questionnaire a \u00e9t\u00e9 r\u00e9alis\u00e9e en d\u00e9crivant les variables qualitatives correspondantes sous la forme de pourcentages. L\u2019unit\u00e9 de mesure utilis\u00e9e \u00e9tait soit le nombre de d\u00e9marches participatives soit le nombre de professionnels d\u00e9clarant faire participer des patients.<\/p>\n<p>Le traitement statistique des donn\u00e9es et les mod\u00e9lisations graphiques des r\u00e9sultats ont \u00e9t\u00e9 effectu\u00e9es via deux logiciels.<\/p>\n<h1>R\u00e9sultats<\/h1>\n<h2>Profil des r\u00e9pondants<\/h2>\n<p>Les taux de participation \u00e9taient de 16,5\u2009% (213 r\u00e9pondants) au CHU de Nantes et de 29\u2009% (333 r\u00e9pondants) au CHU de Rennes. Les profils sociod\u00e9mographiques des r\u00e9pondants \u00e9taient proches pour les deux CHU. En moyenne, 72\u2009% d\u2019entre eux \u00e9taient des femmes et 66\u2009% avaient entre 35 et 55\u00a0ans. Concernant leurs professions, les effectifs et proportions relatives sont d\u00e9crits au tableau\u00a01.<\/p>\n<button data-toggle=\"collapse\" data-target=\"#enc_2018_567_01\">TABLEAU 1<\/button><div id=\"enc_2018_567_01\" class=\"encadre collapse\"><p><span class=\"surtitre_enc\">tableau 1<\/span><\/p>\n<h2>Profession des r\u00e9pondants<\/h2>\n<p><img decoding=\"async\" class=\"alignnone size-full wp-image-38732\" src=\"https:\/\/gestions-hospitalieres.fr\/wp-content\/uploads\/2018\/11\/Capture-d\u2019\u00e9cran-2018-11-29-\u00e0-17.08.50.png\" alt=\"\" width=\"600\" height=\"187\" srcset=\"https:\/\/www.ricom-web8.com\/gestions\/wp-content\/uploads\/2018\/11\/Capture-d\u2019\u00e9cran-2018-11-29-\u00e0-17.08.50.png 600w, https:\/\/www.ricom-web8.com\/gestions\/wp-content\/uploads\/2018\/11\/Capture-d\u2019\u00e9cran-2018-11-29-\u00e0-17.08.50-300x94.png 300w\" sizes=\"(max-width: 600px) 100vw, 600px\" \/><\/p>\n<\/div>\n<h2>R\u00e9sultats g\u00e9n\u00e9raux<\/h2>\n<p>Dans chaque CHU, plus des deux tiers des professionnels ont d\u00e9clar\u00e9 impliquer des patients dans au moins un domaine de leur activit\u00e9 professionnelle. Ainsi, 63\u2009% (133) des r\u00e9pondants \u00e0 Nantes et 72\u2009% (198) \u00e0 Rennes ont cit\u00e9 respectivement 424 et 640 actions d\u2019implication de patients ou leurs repr\u00e9sentants au total. Ce nombre correspondait au total des sommes des modalit\u00e9s coch\u00e9es dans les quatre domaines (dispensation et accompagnement des soins, formation, qualit\u00e9 et s\u00e9curit\u00e9 des soins, recherche) par chacun de ces professionnels.<\/p>\n<p>Comme pr\u00e9sent\u00e9 \u00e0 la figure\u00a01, de mani\u00e8re identique dans les deux CHU, les d\u00e9marches participatives concernaient en priorit\u00e9 le domaine de la qualit\u00e9 et de la s\u00e9curit\u00e9 des soins, puis celui de la dispensation et de l\u2019accompagnement des soins pour d\u2019autres patients. Cependant, il a \u00e9t\u00e9 observ\u00e9 une diff\u00e9rence en termes de proportions relatives de d\u00e9marches participatives recens\u00e9es dans chacun de ces deux domaines\u2009: \u00e0 Nantes, 37\u2009% des d\u00e9marches cit\u00e9es se r\u00e9f\u00e9raient au domaine de la qualit\u00e9 des soins (n\u2009=\u2009158, cit\u00e9es par 72\u00a0professionnels) et 29\u2009% (n\u2009=\u2009122, cit\u00e9es par 80 professionnels diff\u00e9rents) \u00e0 celui de la dispensation et l\u2019accompagnement des soins. \u00c0 Rennes, 45\u2009% (n\u2009=\u2009284) des d\u00e9marches concernaient la qualit\u00e9 et la s\u00e9curit\u00e9 des soins, 23\u2009% (n\u2009=\u2009150) se rapportaient \u00e0 la dispensation et l\u2019accompagnement des soins.<\/p>\n<button data-toggle=\"collapse\" data-target=\"#enc_2018_567_02\">FIGURE 1<\/button><div id=\"enc_2018_567_02\" class=\"encadre collapse\"><p><span class=\"surtitre_enc\">figure 1<\/span><\/p>\n<h2>R\u00e9partition des d\u00e9marches participatives cit\u00e9es par les professionnels selon les domaines concern\u00e9s<b><br \/>\n<\/b><\/h2>\n<p><img decoding=\"async\" class=\"alignnone size-full wp-image-38731\" src=\"https:\/\/gestions-hospitalieres.fr\/wp-content\/uploads\/2018\/11\/Capture-d\u2019\u00e9cran-2018-11-29-\u00e0-17.08.34.png\" alt=\"\" width=\"600\" height=\"389\" srcset=\"https:\/\/www.ricom-web8.com\/gestions\/wp-content\/uploads\/2018\/11\/Capture-d\u2019\u00e9cran-2018-11-29-\u00e0-17.08.34.png 600w, https:\/\/www.ricom-web8.com\/gestions\/wp-content\/uploads\/2018\/11\/Capture-d\u2019\u00e9cran-2018-11-29-\u00e0-17.08.34-300x195.png 300w\" sizes=\"(max-width: 600px) 100vw, 600px\" \/><\/p>\n<\/div>\n<h2>Participation des patients et leurs repr\u00e9sentants dans le domaine de la qualit\u00e9 et la s\u00e9curit\u00e9 des soins<\/h2>\n<p>Les proportions de d\u00e9marches participatives relat\u00e9es par th\u00e9matique et modalit\u00e9 de r\u00e9ponse sugg\u00e9r\u00e9e sont pr\u00e9sent\u00e9es dans le tableau\u00a02. Parmi les 158\u00a0d\u00e9marches participatives relatives \u00e0 la qualit\u00e9 et la s\u00e9curit\u00e9 des soins cit\u00e9es \u00e0 Nantes et les 284\u00a0d\u00e9marches cit\u00e9es \u00e0 Rennes, la majorit\u00e9 \u00e9tait concentr\u00e9e autour de la th\u00e9matique de l\u2019organisation des parcours de soins intra et extrahospitaliers. Cette cat\u00e9gorie regroupait en effet environ 40\u2009% de d\u00e9marches cit\u00e9es dans les deux CHU. Pour les autres th\u00e9matiques abord\u00e9es, les r\u00e9sultats montraient des diff\u00e9rences dans la r\u00e9partition des d\u00e9marches. Si, \u00e0 Rennes, la deuxi\u00e8me th\u00e9matique comportant le plus de d\u00e9marches cit\u00e9es (24\u2009%) \u00e9tait celle de la s\u00e9curit\u00e9 des soins (s\u00e9curit\u00e9 m\u00e9dicamenteuse, analyse des \u00e9v\u00e9nements ind\u00e9sirables graves, lutte contre les infections li\u00e9es aux soins), \u00e0 Nantes cette cat\u00e9gorie de r\u00e9ponses \u00e9tait la moins cit\u00e9e, repr\u00e9sentant seulement 10\u2009% des d\u00e9marches. Au CHU de Nantes, les patients \u00e9tant plut\u00f4t impliqu\u00e9s dans la m\u00e9diation entre les usagers et les services hospitaliers ou l\u2019administration et l\u2019information des usagers (25\u2009% des d\u00e9marches dans cette cat\u00e9gorie), th\u00e9matique apparaissant en troisi\u00e8me position \u00e0 Rennes. Enfin, les professionnels ont exprim\u00e9 impliquer des patients dans la r\u00e9flexion autour de l\u2019organisation des services de soins et des prestations hospitali\u00e8res.<span class=\"Apple-converted-space\">\u00a0<\/span><\/p>\n<button data-toggle=\"collapse\" data-target=\"#enc_2018_567_03\">TABLEAU 2<\/button><div id=\"enc_2018_567_03\" class=\"encadre collapse\"><p><span class=\"surtitre_enc\">tableau 2<\/span><\/p>\n<h2>Qualit\u00e9 et s\u00e9curit\u00e9 des soins<\/h2>\n<h3>Proportion des diff\u00e9rentes modalit\u00e9s de participation des patients<\/h3>\n<p><img decoding=\"async\" class=\"alignnone size-full wp-image-38733\" src=\"https:\/\/gestions-hospitalieres.fr\/wp-content\/uploads\/2018\/11\/Capture-d\u2019\u00e9cran-2018-11-29-\u00e0-17.09.05.png\" alt=\"\" width=\"600\" height=\"353\" srcset=\"https:\/\/www.ricom-web8.com\/gestions\/wp-content\/uploads\/2018\/11\/Capture-d\u2019\u00e9cran-2018-11-29-\u00e0-17.09.05.png 600w, https:\/\/www.ricom-web8.com\/gestions\/wp-content\/uploads\/2018\/11\/Capture-d\u2019\u00e9cran-2018-11-29-\u00e0-17.09.05-300x177.png 300w\" sizes=\"(max-width: 600px) 100vw, 600px\" \/><\/p>\n<\/div>\n<h2>Conditions de mise en \u0153uvre de la participation des patients dans le domaine de la qualit\u00e9 et la s\u00e9curit\u00e9 des soins<\/h2>\n<p>Similairement dans les deux CHU, les professionnels d\u00e9clarant faire participer des patients dans des projets concernant la qualit\u00e9 et la s\u00e9curit\u00e9 des soins ont consid\u00e9r\u00e9 qu\u2019il s\u2019agissait le plus souvent de d\u00e9marches impuls\u00e9es par le p\u00f4le ou le service hospitalier (44\u2009% des r\u00e9pondants impliquant des patients). Dans une moindre mesure, pour 35,5\u2009% d\u2019entre eux, il pouvait \u00e9galement s\u2019agir d\u2019initiatives individuelles.<\/p>\n<p>Parmi ces r\u00e9pondants, 27\u2009% travaillaient avec des patients issus d\u2019associations.<span class=\"Apple-converted-space\">\u00a0<\/span><\/p>\n<p>Dans la grande majorit\u00e9 des cas, les missions collaboratives exerc\u00e9es par les patients aux c\u00f4t\u00e9s de ces professionnels relevaient du b\u00e9n\u00e9volat et n\u2019\u00e9taient pas formalis\u00e9es sur les plans administratif et juridique. Ainsi, seuls 31\u2009% des professionnels en moyenne sur les deux CHU consid\u00e9raient que la participation des patients \u00e9tait encadr\u00e9e. Par ailleurs, 6,5\u2009% ont d\u00e9clar\u00e9 que les patients \u00e9taient form\u00e9s en amont de l\u2019exercice de leurs activit\u00e9s.<\/p>\n<h2>Projets visant \u00e0 promouvoir la participation des patients dans la qualit\u00e9 et la s\u00e9curit\u00e9 de soins<\/h2>\n<p>Un levier pour favoriser l\u2019approche participative au sein des \u00e9tablissements de sant\u00e9 r\u00e9side sans doute dans la volont\u00e9 partag\u00e9e par les professionnels de d\u00e9velopper ce mode d\u2019exercice au sein de leurs pratiques. Plusieurs d\u2019entre eux ont ainsi fait part, \u00e0 travers l\u2019enqu\u00eate, de projets \u00e0 venir impliquant les patients, notamment dans le domaine de la qualit\u00e9 et la s\u00e9curit\u00e9 des soins. Ainsi, le d\u00e9veloppement des parcours patient-traceur, la participation des patients \u00e0 des r\u00e9unions d\u2019analyse de pratiques professionnelles, leur implication dans l\u2019\u00e9laboration d\u2019outils \u00e0 destination des professionnels ou des patients (charte de bientraitance, questionnaires de satisfactions sp\u00e9cifiques \u00e0 un service ou une pathologie) ou encore l\u2019\u00e9largissement de programmes d\u2019am\u00e9lioration continue de la qualit\u00e9 des soins en pneumo-p\u00e9diatrie constituent autant de perspectives concr\u00e8tes pour accro\u00eetre la collaboration avec les patients et leurs repr\u00e9sentants dans les CHU.<\/p>\n<blockquote><p>La promotion de l\u2019engagement des patients au niveau des \u00e9tablissements de sant\u00e9 implique n\u00e9cessairement une trilogie d\u2019acteurs. Gestionnaires, professionnels de sant\u00e9 et patients doivent faire preuve d\u2019un investissement coordonn\u00e9 vers la poursuite de cet objectif commun.<\/p><\/blockquote>\n<h1>Discussion<\/h1>\n<p>Cette \u00e9tude est la premi\u00e8re en France visant \u00e0 d\u00e9crire, \u00e0 l\u2019\u00e9chelle de deux CHU et \u00e0 travers le regard des professionnels, les modalit\u00e9s de mise en \u0153uvre de la participation des patients ou leurs repr\u00e9sentants dans les diff\u00e9rents domaines de leur activit\u00e9 professionnelle. Cette exp\u00e9rience a constitu\u00e9 pour ces professionnels\u00a0une r\u00e9elle opportunit\u00e9 pour mettre en exergue les nombreuses initiatives entreprises en vue de promouvoir la participation des patients et une occasion de s\u2019interroger sur cette notion et son ancrage au sein de leurs pratiques. L\u2019enqu\u00eate \u00e0 laquelle ils ont \u00e9t\u00e9 invit\u00e9s \u00e0 participer a recens\u00e9 au total 1\u2009064 d\u00e9marches invitant les patients ou leurs repr\u00e9sentants \u00e0 collaborer dans leurs activit\u00e9s. La majorit\u00e9 t\u00e9moignait de l\u2019engagement des patients en vue de l\u2019am\u00e9lioration de la qualit\u00e9 des soins. Les patients \u00e9taient impliqu\u00e9s aussi dans des projets concernant la dispensation et de l\u2019accompagnement des soins pour d\u2019autres patients. L\u2019\u00e9cart entre les proportions de d\u00e9marches participatives dans ces deux domaines \u00e9tait plus marqu\u00e9 \u00e0 Rennes qu\u2019\u00e0 Nantes. Une hypoth\u00e8se envisageable pour expliquer cette diff\u00e9rence serait celle d\u2019une plus grande ant\u00e9riorit\u00e9 de l\u2019existence de l\u2019unit\u00e9 transversale d\u2019\u00e9ducation th\u00e9rapeutique (Utet) \u00e0 Nantes (2005) par rapport \u00e0 Rennes \u2013 cr\u00e9ation d\u2019une unit\u00e9 transversale d\u2019\u00e9ducation du patient (Utep) en 2016 \u2013 et, inversement, une exp\u00e9rience de partenariat avec les usagers plus d\u00e9velopp\u00e9e \u00e0 Rennes, incarn\u00e9e par l\u2019existence d\u2019un comit\u00e9 mixte usagers\/professionnels depuis 2016<sup class=\"appel\" data-toggle=\"modal\" data-target=\"#notes\">(7)<\/sup>. Dans le domaine de la qualit\u00e9 des soins, les patients ou leurs repr\u00e9sentants pouvaient participer \u00e0 la r\u00e9flexion autour de l\u2019organisation des parcours de soins, autour de la s\u00e9curit\u00e9 des soins ou encore dans la m\u00e9diation entre les patients et les \u00e9quipes de soins ou l\u2019administration hospitali\u00e8re.<\/p>\n<p>D\u2019apr\u00e8s les r\u00e9sultats d\u2019une recherche multicentrique internationale<sup class=\"appel\" data-toggle=\"modal\" data-target=\"#notes\">(8)<\/sup>, G. R. Baker identifie trois \u00e9l\u00e9ments cl\u00e9s pour la structuration de l\u2019implantation de l\u2019approche collaborative dans les pratiques\u2009: leadership politique des directions\/accompagnement et formation des \u00e9quipes avec d\u00e9clinaison du leadership au niveau op\u00e9rationnel\/recrutement et formation des patients.<span class=\"Apple-converted-space\">\u00a0<\/span><\/p>\n<p>La promotion de l\u2019engagement des patients au niveau des \u00e9tablissements de sant\u00e9 implique donc n\u00e9cessairement une trilogie d\u2019acteurs. Gestionnaires, professionnels de sant\u00e9 et patients doivent faire preuve d\u2019un investissement coordonn\u00e9 vers la poursuite de cet objectif commun pour permettre de structurer en coh\u00e9rence cet engagement compl\u00e9mentaire \u00e0 tous les niveaux \u2013 macro, m\u00e9so et micro \u2013 d\u00e9crit dans le mod\u00e8le conceptuel pr\u00e9sent\u00e9 plus haut<sup class=\"appel\" data-toggle=\"modal\" data-target=\"#notes\">(9)<\/sup>. Plus largement au niveau du syst\u00e8me de sant\u00e9, la r\u00e9ussite de ce changement de paradigme implique que l\u2019engagement des patients soit promu de mani\u00e8re globale et \u00e0 tous les niveaux \u2013 politique, strat\u00e9gique et op\u00e9rationnel \u2013 et de mani\u00e8re syst\u00e9mique dans les diff\u00e9rents domaines (soins directs, gouvernance et organisation des soins, formation, recherche) comme le propose le mod\u00e8le de Montr\u00e9al<sup class=\"appel\" data-toggle=\"modal\" data-target=\"#notes\">(10)<\/sup>. Notre \u00e9tude, en centrant l\u2019\u00e9tat des lieux r\u00e9alis\u00e9 sur le niveau micro-organisationnel de la participation<sup class=\"appel\" data-toggle=\"modal\" data-target=\"#notes\">(11)<\/sup> au sein d\u2019un \u00e9tablissement de sant\u00e9, explore selon un point de vue sp\u00e9cifique une des d\u00e9clinaisons possibles du concept h\u00e9t\u00e9roclite de d\u00e9mocratie en sant\u00e9. En cela, et du fait de certaines limites m\u00e9thodologiques, elle ne pr\u00e9tend pas apporter une vision exhaustive et globale de la participation des patients et usagers, dont la terminologie impr\u00e9cise qui lui est associ\u00e9e, tant pour d\u00e9signer les intervenants concern\u00e9s que les formes de leur implication est \u00ab<i>\u2009r\u00e9v\u00e9latrice d\u2019une diversit\u00e9 des modes de participation, des enjeux et des objectifs<\/i><sup class=\"appel\" data-toggle=\"modal\" data-target=\"#notes\">(12)<\/sup>\u2009\u00bb\u2009. Pour autant, cette enqu\u00eate r\u00e9v\u00e8le que de r\u00e9els efforts sont poursuivis pour concr\u00e9tiser les nombreuses initiatives, personnelles ou collectives, souvent peu structur\u00e9es, des professionnels hospitaliers pour impliquer des patients en tant qu\u2019experts pour les autres.<\/p>\n<p>L\u2019\u00e9valuation plus syst\u00e9matique, s\u2019inspirant de cette \u00e9tude inaugurale, des modalit\u00e9s formelles et informelles de la participation des<span class=\"Apple-converted-space\">\u00a0 <\/span>patients au sein des pratiques des professionnels pourrait constituer un levier pour tendre vers leur structuration au sein des \u00e9tablissements. L\u2019objectif serait de mieux r\u00e9pondre au besoin exprim\u00e9 par les professionnels d\u2019accompagnement m\u00e9thodologique et op\u00e9rationnel \u00e0 la mise en \u0153uvre concr\u00e8te de l\u2019approche collaborative, partenariale dans leurs pratiques. C\u2019est dans ce cadre que s\u2019inscrit la perspective d\u2019\u00e9largissement de cette \u00e9tude au sein d\u2019autres CHU et pourquoi pas sa g\u00e9n\u00e9ralisation pour un \u00e9tat des lieux national. \u00c0 cet \u00e9gard, une r\u00e9flexion a \u00e9t\u00e9 entam\u00e9e avec plusieurs CHU dans l\u2019optique de permettre la diffusion de notre enqu\u00eate, en la compl\u00e9tant par une enqu\u00eate inspir\u00e9e d\u2019une \u00e9tude montr\u00e9alaise men\u00e9e au sein de plusieurs \u00e9tablissements de la province du Qu\u00e9bec visant \u00e0 explorer, aupr\u00e8s des directions des \u00e9tablissements, le niveau macro de la participation. D\u2019autre part, au CHU de Nantes, cette \u00e9tude descriptive sera compl\u00e9t\u00e9e par une phase de recherche qualitative, qui tentera de pr\u00e9ciser les d\u00e9marches participatives entreprises et les conditions de leur initiation et d\u00e9veloppement. Il semblerait en outre pertinent de recueillir le point de vue des patients afin de confronter les regards et les repr\u00e9sentations des acteurs.<\/p>\n<script>function PlayerjsAsync(){} if(window[\"Playerjs\"]){PlayerjsAsync();}<\/script>","protected":false},"excerpt":{"rendered":"<p>Il existe aujourd\u2019hui une authentique volont\u00e9 de poursuivre la r\u00e9forme du syst\u00e8me de sant\u00e9 dans le sens de la promotion de l\u2019implication des patients et de leurs repr\u00e9sentants \u00e0 chaque niveau de son fonctionnement, comme l\u2019indique l\u2019axe\u2009IV de la Strat\u00e9gie nationale de sant\u00e9 \u00e0 l\u2019horizon 2022(1). Cependant, relativement peu d\u2019\u00e9tudes ont examin\u00e9 les modalit\u00e9s concr\u00e8tes de la participation des patients en dehors du domaine macro-organisationnel de la gouvernance des politiques&hellip; <\/p>\n","protected":false},"author":23133,"featured_media":0,"comment_status":"open","ping_status":"closed","sticky":false,"template":"","format":"standard","meta":{"_acf_changed":false,"_relevanssi_hide_post":"","_relevanssi_hide_content":"","_relevanssi_pin_for_all":"","_relevanssi_pin_keywords":"","_relevanssi_unpin_keywords":"","_relevanssi_related_keywords":"","_relevanssi_related_include_ids":"","_relevanssi_related_exclude_ids":"","_relevanssi_related_no_append":"","_relevanssi_related_not_related":"","_relevanssi_related_posts":"","_relevanssi_noindex_reason":"","footnotes":""},"categories":[26,2],"tags":[6988,4348,1598,529,4956],"class_list":["post-38727","post","type-post","status-publish","format-standard","hentry","category-dossier","category-gestions-hospitalieres","tag-chu-nantes","tag-chu-rennes","tag-parcours-patient","tag-qualite-des-soins","tag-securite-des-soins"],"acf":[],"yoast_head":"<!-- This site is optimized with the Yoast SEO plugin v24.8.1 - https:\/\/yoast.com\/wordpress\/plugins\/seo\/ -->\n<title>Le patient, coacteur de la qualit\u00e9 et la s\u00e9curit\u00e9 des soins - Gestions hospitali\u00e8res<\/title>\n<meta name=\"robots\" content=\"index, follow, max-snippet:-1, max-image-preview:large, max-video-preview:-1\" \/>\n<link rel=\"canonical\" href=\"https:\/\/www.ricom-web8.com\/gestions\/patient-coacteur-de-qualite-securite-soins\/\" \/>\n<meta property=\"og:locale\" content=\"fr_FR\" \/>\n<meta property=\"og:type\" content=\"article\" \/>\n<meta property=\"og:title\" content=\"Le patient, coacteur de la qualit\u00e9 et la s\u00e9curit\u00e9 des soins - Gestions hospitali\u00e8res\" \/>\n<meta property=\"og:description\" content=\"Il existe aujourd\u2019hui une authentique volont\u00e9 de poursuivre la r\u00e9forme du syst\u00e8me de sant\u00e9 dans le sens de la promotion de l\u2019implication des patients et de leurs repr\u00e9sentants \u00e0 chaque niveau de son fonctionnement, comme l\u2019indique l\u2019axe\u2009IV de la Strat\u00e9gie nationale de sant\u00e9 \u00e0 l\u2019horizon 2022(1). Cependant, relativement peu d\u2019\u00e9tudes ont examin\u00e9 les modalit\u00e9s concr\u00e8tes de la participation des patients en dehors du domaine macro-organisationnel de la gouvernance des politiques&hellip;\" \/>\n<meta property=\"og:url\" content=\"https:\/\/www.ricom-web8.com\/gestions\/patient-coacteur-de-qualite-securite-soins\/\" \/>\n<meta property=\"og:site_name\" content=\"Gestions hospitali\u00e8res\" \/>\n<meta property=\"article:publisher\" content=\"https:\/\/www.facebook.com\/gestionshospitalieres\/\" \/>\n<meta property=\"article:published_time\" content=\"2018-11-01T15:54:46+00:00\" \/>\n<meta property=\"article:modified_time\" content=\"2018-12-17T08:50:04+00:00\" \/>\n<meta name=\"author\" content=\"Gestions hospitali\u00e8res\" \/>\n<meta name=\"twitter:card\" content=\"summary_large_image\" \/>\n<meta name=\"twitter:creator\" content=\"@revue_GH\" \/>\n<meta name=\"twitter:site\" content=\"@revue_GH\" \/>\n<meta name=\"twitter:label1\" content=\"\u00c9crit par\" \/>\n\t<meta name=\"twitter:data1\" content=\"Gestions hospitali\u00e8res\" \/>\n\t<meta name=\"twitter:label2\" content=\"Dur\u00e9e de lecture estim\u00e9e\" \/>\n\t<meta name=\"twitter:data2\" content=\"15 minutes\" \/>\n<script type=\"application\/ld+json\" class=\"yoast-schema-graph\">{\"@context\":\"https:\/\/schema.org\",\"@graph\":[{\"@type\":\"Article\",\"@id\":\"https:\/\/www.ricom-web8.com\/gestions\/patient-coacteur-de-qualite-securite-soins\/#article\",\"isPartOf\":{\"@id\":\"https:\/\/www.ricom-web8.com\/gestions\/patient-coacteur-de-qualite-securite-soins\/\"},\"author\":{\"name\":\"Gestions hospitali\u00e8res\",\"@id\":\"https:\/\/www.ricom-web8.com\/gestions\/#\/schema\/person\/3ba9fe913190dfe9507feb621e902c1f\"},\"headline\":\"Le patient, coacteur de la qualit\u00e9 et la s\u00e9curit\u00e9 des soins\",\"datePublished\":\"2018-11-01T15:54:46+00:00\",\"dateModified\":\"2018-12-17T08:50:04+00:00\",\"mainEntityOfPage\":{\"@id\":\"https:\/\/www.ricom-web8.com\/gestions\/patient-coacteur-de-qualite-securite-soins\/\"},\"wordCount\":2996,\"commentCount\":0,\"publisher\":{\"@id\":\"https:\/\/www.ricom-web8.com\/gestions\/#organization\"},\"keywords\":[\"CHU Nantes\",\"CHU Rennes\",\"parcours patient\",\"qualit\u00e9 des soins\",\"s\u00e9curit\u00e9 des soins\"],\"articleSection\":[\"dossier\",\"Gestions Hospitali\u00e8res\"],\"inLanguage\":\"fr-FR\",\"potentialAction\":[{\"@type\":\"CommentAction\",\"name\":\"Comment\",\"target\":[\"https:\/\/www.ricom-web8.com\/gestions\/patient-coacteur-de-qualite-securite-soins\/#respond\"]}]},{\"@type\":\"WebPage\",\"@id\":\"https:\/\/www.ricom-web8.com\/gestions\/patient-coacteur-de-qualite-securite-soins\/\",\"url\":\"https:\/\/www.ricom-web8.com\/gestions\/patient-coacteur-de-qualite-securite-soins\/\",\"name\":\"Le patient, coacteur de la qualit\u00e9 et la s\u00e9curit\u00e9 des soins - Gestions hospitali\u00e8res\",\"isPartOf\":{\"@id\":\"https:\/\/www.ricom-web8.com\/gestions\/#website\"},\"datePublished\":\"2018-11-01T15:54:46+00:00\",\"dateModified\":\"2018-12-17T08:50:04+00:00\",\"breadcrumb\":{\"@id\":\"https:\/\/www.ricom-web8.com\/gestions\/patient-coacteur-de-qualite-securite-soins\/#breadcrumb\"},\"inLanguage\":\"fr-FR\",\"potentialAction\":[{\"@type\":\"ReadAction\",\"target\":[\"https:\/\/www.ricom-web8.com\/gestions\/patient-coacteur-de-qualite-securite-soins\/\"]}]},{\"@type\":\"BreadcrumbList\",\"@id\":\"https:\/\/www.ricom-web8.com\/gestions\/patient-coacteur-de-qualite-securite-soins\/#breadcrumb\",\"itemListElement\":[{\"@type\":\"ListItem\",\"position\":1,\"name\":\"Accueil\",\"item\":\"https:\/\/www.ricom-web8.com\/gestions\/\"},{\"@type\":\"ListItem\",\"position\":2,\"name\":\"Le patient, coacteur de la qualit\u00e9 et la s\u00e9curit\u00e9 des soins\"}]},{\"@type\":\"WebSite\",\"@id\":\"https:\/\/www.ricom-web8.com\/gestions\/#website\",\"url\":\"https:\/\/www.ricom-web8.com\/gestions\/\",\"name\":\"Gestions hospitali\u00e8res\",\"description\":\"la revue des d\u00e9cideurs hospitaliers\",\"publisher\":{\"@id\":\"https:\/\/www.ricom-web8.com\/gestions\/#organization\"},\"potentialAction\":[{\"@type\":\"SearchAction\",\"target\":{\"@type\":\"EntryPoint\",\"urlTemplate\":\"https:\/\/www.ricom-web8.com\/gestions\/?s={search_term_string}\"},\"query-input\":{\"@type\":\"PropertyValueSpecification\",\"valueRequired\":true,\"valueName\":\"search_term_string\"}}],\"inLanguage\":\"fr-FR\"},{\"@type\":\"Organization\",\"@id\":\"https:\/\/www.ricom-web8.com\/gestions\/#organization\",\"name\":\"Gestions hospitali\u00e8res\",\"url\":\"https:\/\/www.ricom-web8.com\/gestions\/\",\"logo\":{\"@type\":\"ImageObject\",\"inLanguage\":\"fr-FR\",\"@id\":\"https:\/\/www.ricom-web8.com\/gestions\/#\/schema\/logo\/image\/\",\"url\":\"https:\/\/gestions-hospitalieres.fr\/wp-content\/uploads\/2017\/02\/picto_Gif-GH-trans.png\",\"contentUrl\":\"https:\/\/gestions-hospitalieres.fr\/wp-content\/uploads\/2017\/02\/picto_Gif-GH-trans.png\",\"width\":512,\"height\":512,\"caption\":\"Gestions hospitali\u00e8res\"},\"image\":{\"@id\":\"https:\/\/www.ricom-web8.com\/gestions\/#\/schema\/logo\/image\/\"},\"sameAs\":[\"https:\/\/www.facebook.com\/gestionshospitalieres\/\",\"https:\/\/x.com\/revue_GH\",\"https:\/\/www.linkedin.com\/company\/gestions-hospitalieres?trk=top_nav_home\"]},{\"@type\":\"Person\",\"@id\":\"https:\/\/www.ricom-web8.com\/gestions\/#\/schema\/person\/3ba9fe913190dfe9507feb621e902c1f\",\"name\":\"Gestions hospitali\u00e8res\",\"image\":{\"@type\":\"ImageObject\",\"inLanguage\":\"fr-FR\",\"@id\":\"https:\/\/www.ricom-web8.com\/gestions\/#\/schema\/person\/image\/\",\"url\":\"https:\/\/secure.gravatar.com\/avatar\/1a0d93e6db5dbe7dac96bae4757d256f?s=96&d=mm&r=g\",\"contentUrl\":\"https:\/\/secure.gravatar.com\/avatar\/1a0d93e6db5dbe7dac96bae4757d256f?s=96&d=mm&r=g\",\"caption\":\"Gestions hospitali\u00e8res\"},\"url\":\"https:\/\/www.ricom-web8.com\/gestions\/author\/benjamin\/\"}]}<\/script>\n<!-- \/ Yoast SEO plugin. -->","yoast_head_json":{"title":"Le patient, coacteur de la qualit\u00e9 et la s\u00e9curit\u00e9 des soins - Gestions hospitali\u00e8res","robots":{"index":"index","follow":"follow","max-snippet":"max-snippet:-1","max-image-preview":"max-image-preview:large","max-video-preview":"max-video-preview:-1"},"canonical":"https:\/\/www.ricom-web8.com\/gestions\/patient-coacteur-de-qualite-securite-soins\/","og_locale":"fr_FR","og_type":"article","og_title":"Le patient, coacteur de la qualit\u00e9 et la s\u00e9curit\u00e9 des soins - Gestions hospitali\u00e8res","og_description":"Il existe aujourd\u2019hui une authentique volont\u00e9 de poursuivre la r\u00e9forme du syst\u00e8me de sant\u00e9 dans le sens de la promotion de l\u2019implication des patients et de leurs repr\u00e9sentants \u00e0 chaque niveau de son fonctionnement, comme l\u2019indique l\u2019axe\u2009IV de la Strat\u00e9gie nationale de sant\u00e9 \u00e0 l\u2019horizon 2022(1). Cependant, relativement peu d\u2019\u00e9tudes ont examin\u00e9 les modalit\u00e9s concr\u00e8tes de la participation des patients en dehors du domaine macro-organisationnel de la gouvernance des politiques&hellip;","og_url":"https:\/\/www.ricom-web8.com\/gestions\/patient-coacteur-de-qualite-securite-soins\/","og_site_name":"Gestions hospitali\u00e8res","article_publisher":"https:\/\/www.facebook.com\/gestionshospitalieres\/","article_published_time":"2018-11-01T15:54:46+00:00","article_modified_time":"2018-12-17T08:50:04+00:00","author":"Gestions hospitali\u00e8res","twitter_card":"summary_large_image","twitter_creator":"@revue_GH","twitter_site":"@revue_GH","twitter_misc":{"\u00c9crit par":"Gestions hospitali\u00e8res","Dur\u00e9e de lecture estim\u00e9e":"15 minutes"},"schema":{"@context":"https:\/\/schema.org","@graph":[{"@type":"Article","@id":"https:\/\/www.ricom-web8.com\/gestions\/patient-coacteur-de-qualite-securite-soins\/#article","isPartOf":{"@id":"https:\/\/www.ricom-web8.com\/gestions\/patient-coacteur-de-qualite-securite-soins\/"},"author":{"name":"Gestions hospitali\u00e8res","@id":"https:\/\/www.ricom-web8.com\/gestions\/#\/schema\/person\/3ba9fe913190dfe9507feb621e902c1f"},"headline":"Le patient, coacteur de la qualit\u00e9 et la s\u00e9curit\u00e9 des soins","datePublished":"2018-11-01T15:54:46+00:00","dateModified":"2018-12-17T08:50:04+00:00","mainEntityOfPage":{"@id":"https:\/\/www.ricom-web8.com\/gestions\/patient-coacteur-de-qualite-securite-soins\/"},"wordCount":2996,"commentCount":0,"publisher":{"@id":"https:\/\/www.ricom-web8.com\/gestions\/#organization"},"keywords":["CHU Nantes","CHU Rennes","parcours patient","qualit\u00e9 des soins","s\u00e9curit\u00e9 des soins"],"articleSection":["dossier","Gestions Hospitali\u00e8res"],"inLanguage":"fr-FR","potentialAction":[{"@type":"CommentAction","name":"Comment","target":["https:\/\/www.ricom-web8.com\/gestions\/patient-coacteur-de-qualite-securite-soins\/#respond"]}]},{"@type":"WebPage","@id":"https:\/\/www.ricom-web8.com\/gestions\/patient-coacteur-de-qualite-securite-soins\/","url":"https:\/\/www.ricom-web8.com\/gestions\/patient-coacteur-de-qualite-securite-soins\/","name":"Le patient, coacteur de la qualit\u00e9 et la s\u00e9curit\u00e9 des soins - Gestions hospitali\u00e8res","isPartOf":{"@id":"https:\/\/www.ricom-web8.com\/gestions\/#website"},"datePublished":"2018-11-01T15:54:46+00:00","dateModified":"2018-12-17T08:50:04+00:00","breadcrumb":{"@id":"https:\/\/www.ricom-web8.com\/gestions\/patient-coacteur-de-qualite-securite-soins\/#breadcrumb"},"inLanguage":"fr-FR","potentialAction":[{"@type":"ReadAction","target":["https:\/\/www.ricom-web8.com\/gestions\/patient-coacteur-de-qualite-securite-soins\/"]}]},{"@type":"BreadcrumbList","@id":"https:\/\/www.ricom-web8.com\/gestions\/patient-coacteur-de-qualite-securite-soins\/#breadcrumb","itemListElement":[{"@type":"ListItem","position":1,"name":"Accueil","item":"https:\/\/www.ricom-web8.com\/gestions\/"},{"@type":"ListItem","position":2,"name":"Le patient, coacteur de la qualit\u00e9 et la s\u00e9curit\u00e9 des soins"}]},{"@type":"WebSite","@id":"https:\/\/www.ricom-web8.com\/gestions\/#website","url":"https:\/\/www.ricom-web8.com\/gestions\/","name":"Gestions hospitali\u00e8res","description":"la revue des d\u00e9cideurs hospitaliers","publisher":{"@id":"https:\/\/www.ricom-web8.com\/gestions\/#organization"},"potentialAction":[{"@type":"SearchAction","target":{"@type":"EntryPoint","urlTemplate":"https:\/\/www.ricom-web8.com\/gestions\/?s={search_term_string}"},"query-input":{"@type":"PropertyValueSpecification","valueRequired":true,"valueName":"search_term_string"}}],"inLanguage":"fr-FR"},{"@type":"Organization","@id":"https:\/\/www.ricom-web8.com\/gestions\/#organization","name":"Gestions hospitali\u00e8res","url":"https:\/\/www.ricom-web8.com\/gestions\/","logo":{"@type":"ImageObject","inLanguage":"fr-FR","@id":"https:\/\/www.ricom-web8.com\/gestions\/#\/schema\/logo\/image\/","url":"https:\/\/gestions-hospitalieres.fr\/wp-content\/uploads\/2017\/02\/picto_Gif-GH-trans.png","contentUrl":"https:\/\/gestions-hospitalieres.fr\/wp-content\/uploads\/2017\/02\/picto_Gif-GH-trans.png","width":512,"height":512,"caption":"Gestions hospitali\u00e8res"},"image":{"@id":"https:\/\/www.ricom-web8.com\/gestions\/#\/schema\/logo\/image\/"},"sameAs":["https:\/\/www.facebook.com\/gestionshospitalieres\/","https:\/\/x.com\/revue_GH","https:\/\/www.linkedin.com\/company\/gestions-hospitalieres?trk=top_nav_home"]},{"@type":"Person","@id":"https:\/\/www.ricom-web8.com\/gestions\/#\/schema\/person\/3ba9fe913190dfe9507feb621e902c1f","name":"Gestions hospitali\u00e8res","image":{"@type":"ImageObject","inLanguage":"fr-FR","@id":"https:\/\/www.ricom-web8.com\/gestions\/#\/schema\/person\/image\/","url":"https:\/\/secure.gravatar.com\/avatar\/1a0d93e6db5dbe7dac96bae4757d256f?s=96&d=mm&r=g","contentUrl":"https:\/\/secure.gravatar.com\/avatar\/1a0d93e6db5dbe7dac96bae4757d256f?s=96&d=mm&r=g","caption":"Gestions hospitali\u00e8res"},"url":"https:\/\/www.ricom-web8.com\/gestions\/author\/benjamin\/"}]}},"_links":{"self":[{"href":"https:\/\/www.ricom-web8.com\/gestions\/wp-json\/wp\/v2\/posts\/38727","targetHints":{"allow":["GET"]}}],"collection":[{"href":"https:\/\/www.ricom-web8.com\/gestions\/wp-json\/wp\/v2\/posts"}],"about":[{"href":"https:\/\/www.ricom-web8.com\/gestions\/wp-json\/wp\/v2\/types\/post"}],"author":[{"embeddable":true,"href":"https:\/\/www.ricom-web8.com\/gestions\/wp-json\/wp\/v2\/users\/23133"}],"replies":[{"embeddable":true,"href":"https:\/\/www.ricom-web8.com\/gestions\/wp-json\/wp\/v2\/comments?post=38727"}],"version-history":[{"count":0,"href":"https:\/\/www.ricom-web8.com\/gestions\/wp-json\/wp\/v2\/posts\/38727\/revisions"}],"wp:attachment":[{"href":"https:\/\/www.ricom-web8.com\/gestions\/wp-json\/wp\/v2\/media?parent=38727"}],"wp:term":[{"taxonomy":"category","embeddable":true,"href":"https:\/\/www.ricom-web8.com\/gestions\/wp-json\/wp\/v2\/categories?post=38727"},{"taxonomy":"post_tag","embeddable":true,"href":"https:\/\/www.ricom-web8.com\/gestions\/wp-json\/wp\/v2\/tags?post=38727"}],"curies":[{"name":"wp","href":"https:\/\/api.w.org\/{rel}","templated":true}]}}