

{"id":39204,"date":"2019-02-01T11:25:58","date_gmt":"2019-02-01T10:25:58","guid":{"rendered":"https:\/\/gestions-hospitalieres.fr\/?p=39204"},"modified":"2019-02-25T17:15:42","modified_gmt":"2019-02-25T16:15:42","slug":"le-chu-de-demain-ouverture-des-assises","status":"publish","type":"post","link":"https:\/\/www.ricom-web8.com\/gestions\/le-chu-de-demain-ouverture-des-assises\/","title":{"rendered":"Le CHU de demain <br\/>Ouverture des Assises"},"content":{"rendered":"<span class=\"span-reading-time rt-reading-time\" style=\"display: block;\"><span class=\"rt-label rt-prefix\">Temps de lecture\u00a0: <\/span> <span class=\"rt-time\"> 3<\/span> <span class=\"rt-label rt-postfix\">minutes<\/span><\/span><p><iframe loading=\"lazy\" src=\"https:\/\/www.youtube.com\/embed\/nF3rDlnngeQ\" width=\"560\" height=\"315\" frameborder=\"0\" allowfullscreen=\"allowfullscreen\"><span data-mce-type=\"bookmark\" style=\"display: inline-block; width: 0px; overflow: hidden; line-height: 0;\" class=\"mce_SELRES_start\">\ufeff<\/span><\/iframe><\/p>\n<p><strong>Jean-Pierre Dewitte<\/strong>, pr\u00e9sident de la Conf\u00e9rence des directeurs g\u00e9n\u00e9raux de CHU et directeur g\u00e9n\u00e9ral du CHU de Poitiers, a accueilli les participants et les intervenants de la matin\u00e9e. Il a salu\u00e9 notamment C\u00e9cile Courr\u00e8ges, directrice g\u00e9n\u00e9rale de l\u2019offre de soins, dont il a soulign\u00e9 la pr\u00e9sence lors des Assises et l\u2019implication dans les travaux des Conf\u00e9rences, et Alain Claeys, pr\u00e9sident du conseil de surveillance du CHU et maire de Poitiers, et acteur engag\u00e9 dans la vie institutionnelle du CHU. Il a tenu tout particuli\u00e8rement \u00e0 rendre hommage au Pr Michel Claudon.<\/p>\n<p>Jean-Pierre Dewitte est revenu sur la particularit\u00e9 de ces Assises, qui venaient f\u00eater les soixante ans de la cr\u00e9ation des CHU et qui, en cons\u00e9quence, n\u2019ont pas \u00e9mis des propositions, comme cela a \u00e9t\u00e9 le cas lors des pr\u00e9c\u00e9dentes Assises, mais ont \u00e9t\u00e9 en partie consacr\u00e9es \u00e0 la pr\u00e9sentation du rapport sur l\u2019avenir des CHU. Il a aussi pr\u00e9sent\u00e9 le CHU de Poitiers, cr\u00e9\u00e9 il y a cinquante ans, et a rappel\u00e9 l\u2019anciennet\u00e9 de l\u2019enseignement de la m\u00e9decine \u00e0 Poitiers, puisque la premi\u00e8re facult\u00e9 de m\u00e9decine y date de 1431.<span class=\"Apple-converted-space\">\u00a0<\/span><\/p>\n<p>Jean-Pierre Dewitte a conclu en saluant Catherine Geindre, directrice g\u00e9n\u00e9rale des Hospices civils de Lyon, et appel\u00e9e \u00e0 prendre, au 1<sup>er<\/sup> janvier 2019, la pr\u00e9sidence de la conf\u00e9rence des directeurs g\u00e9n\u00e9raux de CHU.<\/p>\n<p><strong>Alain Claeys<\/strong>, lui succ\u00e9dant, a soulign\u00e9 que les CHU sont au c\u0153ur d\u2019une s\u00e9rie de probl\u00e9matiques, rappel\u00e9es par les th\u00e9matiques abord\u00e9es au cours des Assises\u2009: sant\u00e9 publique, pr\u00e9vention, innovation, recherche, intelligence artificielle ou encore g\u00e9nome. Tous ces sujets, au-del\u00e0 des CHU, sont des th\u00e9matiques dont le l\u00e9gislateur aura \u00e0 se saisir. Il a tenu \u00e0 insister sur deux points essentiels\u2009: l\u2019ouverture des CHU sur l\u2019ext\u00e9rieur et la capacit\u00e9, pour les CHU de taille moyenne comme l\u2019est celui de Poitiers, \u00e0 avoir un r\u00f4le moteur en mati\u00e8re de recherche. Il s\u2019est dit enfin fier que les CHU soient un lieu d\u2019apprentissage et d\u2019excellence.<\/p>\n<p><strong>Fran\u00e7oise Jeanson<\/strong>, conseill\u00e8re r\u00e9gionale et repr\u00e9sentant Alain Rousset, pr\u00e9sident de la r\u00e9gion Nouvelle-Aquitaine, a notamment soulign\u00e9 le poids des CHU\u2009: les trois CHU de la r\u00e9gion Nouvelle-Aquitaine emploient ainsi 27\u00a0000 personnes et ont un budget cumul\u00e9 sup\u00e9rieur \u00e0 celui du conseil r\u00e9gional.<\/p>\n<p>Le <strong>Pr Fran\u00e7ois-Ren\u00e9 Pruvot<\/strong>, pr\u00e9sident de la Conf\u00e9rence des pr\u00e9sidents de CME de CHU, a pour sa part consid\u00e9r\u00e9 que le changement n\u2019est pas une destination en soi, pas plus que l\u2019espoir n\u2019est une strat\u00e9gie. Les CHU sont comme un bateau de comp\u00e9tition, ajustant en permanence ses r\u00e9glages\u2009; mais peut-\u00eatre est-il temps de changer de classe. Il a insist\u00e9 sur la confiance des pr\u00e9sidents de CME de CHU en une action de refondation.<\/p>\n<p>Le <strong>Pr\u00a0Jean Sibilia<\/strong>, pr\u00e9sident de la Conf\u00e9rence des doyens des facult\u00e9s de m\u00e9decine, a mis en avant les trois qualit\u00e9s pour travailler ensemble\u2009: la pers\u00e9v\u00e9rance, la force du collectif (ce qui l\u2019a notamment amen\u00e9 \u00e0 plaider pour la fin du clivage entre CHU et centres hospitaliers g\u00e9n\u00e9raux) et la capacit\u00e9 \u00e0 s\u2019\u00e9merveiller de ce que l\u2019on fait.<\/p>\n<p>Le <strong>Pr Bernard Muller<\/strong>, pr\u00e9sident de la Conf\u00e9rence des doyens des facult\u00e9s de pharmacie, s\u2019est d\u00e9clar\u00e9 heureux que cette conf\u00e9rence ait rejoint les conf\u00e9rences \u00ab\u2009historiques\u2009\u00bb charg\u00e9es de l\u2019organisation des Assises\u2009: il s\u2019agit l\u00e0 d\u2019un tournant pour les UFR de pharmacie. Le Pr Muller s\u2019est dit convaincu que les pharmaciens ont un r\u00f4le majeur \u00e0 jouer dans les missions des CHU et que l\u2019expertise pharmaceutique sera d\u2019autant plus importante pour les CHU de demain. Il a cit\u00e9 comme exemple l\u2019importance du d\u00e9cloisonnement et des pratiques interprofessionnelles, soulignant l\u2019int\u00e9r\u00eat, \u00e0 ce titre, des missions de pharmaciens clinicien.<\/p>\n<p><strong>H\u00e9l\u00e8ne Junqua<\/strong>, directrice g\u00e9n\u00e9rale adjointe de l\u2019ARS Nouvelle-Aquitaine, est revenue sur les r\u00f4les attendus des CHU\u2009: r\u00f4le de recours, ce qui n\u00e9cessite aussi de travailler en articulation et compl\u00e9mentarit\u00e9, mais aussi \u00e9tablissements de proximit\u00e9, dans une perspective de responsabilit\u00e9 populationnelle\u2009; et r\u00f4le en mati\u00e8re de d\u00e9mographie m\u00e9dicale (partage de postes d\u2019assistants m\u00e9dicaux, mise en place de consultations avanc\u00e9es de sp\u00e9cialistes au plus pr\u00e8s des territoires, mais aussi proposition de postes avec une activit\u00e9 de recherche et d\u2019enseignement). Les CHU constituent pour l\u2019ARS l\u2019\u00e9pine dorsale de la d\u00e9mographie m\u00e9dicale sur le territoire. H\u00e9l\u00e8ne Junqua a ainsi plaid\u00e9 en faveur de la constitution d\u2019\u00e9quipes territoriales. Enfin, les CHU ont un r\u00f4le particulier \u00e0 jouer en mati\u00e8re de pr\u00e9vention et de promotion de la sant\u00e9 publique.<\/p>\n<script>function PlayerjsAsync(){} if(window[\"Playerjs\"]){PlayerjsAsync();}<\/script>","protected":false},"excerpt":{"rendered":"<p><span class=\"span-reading-time rt-reading-time\" style=\"display: block;\"><span class=\"rt-label rt-prefix\">Temps de lecture\u00a0: <\/span> <span class=\"rt-time\"> 3<\/span> <span class=\"rt-label rt-postfix\">minutes<\/span><\/span>\ufeff Jean-Pierre Dewitte, pr\u00e9sident de la Conf\u00e9rence des directeurs g\u00e9n\u00e9raux de CHU et directeur g\u00e9n\u00e9ral du CHU de Poitiers, a accueilli les participants et les intervenants de la matin\u00e9e. Il a salu\u00e9 notamment C\u00e9cile Courr\u00e8ges, directrice g\u00e9n\u00e9rale de l\u2019offre de soins, dont il a soulign\u00e9 la pr\u00e9sence lors des Assises et l\u2019implication dans les travaux des Conf\u00e9rences, et Alain Claeys, pr\u00e9sident du conseil de surveillance du CHU et maire de&hellip; <\/p>\n","protected":false},"author":23133,"featured_media":0,"comment_status":"open","ping_status":"closed","sticky":false,"template":"","format":"standard","meta":{"_acf_changed":false,"_relevanssi_hide_post":"","_relevanssi_hide_content":"","_relevanssi_pin_for_all":"","_relevanssi_pin_keywords":"","_relevanssi_unpin_keywords":"","_relevanssi_related_keywords":"","_relevanssi_related_include_ids":"","_relevanssi_related_exclude_ids":"","_relevanssi_related_no_append":"","_relevanssi_related_not_related":"","_relevanssi_related_posts":"","_relevanssi_noindex_reason":"","footnotes":""},"categories":[6793,2],"tags":[7053,5135,43,6626,7143,7144,2326,1872,5198],"class_list":["post-39204","post","type-post","status-publish","format-standard","hentry","category-compte-rendu","category-gestions-hospitalieres","tag-7053","tag-assises","tag-chu","tag-etudes-medicales","tag-genomique","tag-innovations-medicales","tag-intelligence-artificielle","tag-numerique","tag-poitiers"],"acf":[],"yoast_head":"<!-- This site is optimized with the Yoast SEO plugin v24.8.1 - https:\/\/yoast.com\/wordpress\/plugins\/seo\/ -->\n<title>Le CHU de demain Ouverture des Assises - Gestions hospitali\u00e8res<\/title>\n<meta name=\"robots\" content=\"index, follow, max-snippet:-1, max-image-preview:large, max-video-preview:-1\" \/>\n<link rel=\"canonical\" href=\"https:\/\/www.ricom-web8.com\/gestions\/le-chu-de-demain-ouverture-des-assises\/\" \/>\n<meta property=\"og:locale\" content=\"fr_FR\" \/>\n<meta property=\"og:type\" content=\"article\" \/>\n<meta property=\"og:title\" content=\"Le CHU de demain Ouverture des Assises - Gestions hospitali\u00e8res\" \/>\n<meta property=\"og:description\" content=\"Temps de lecture\u00a0:  3 minutes\ufeff Jean-Pierre Dewitte, pr\u00e9sident de la Conf\u00e9rence des directeurs g\u00e9n\u00e9raux de CHU et directeur g\u00e9n\u00e9ral du CHU de Poitiers, a accueilli les participants et les intervenants de la matin\u00e9e. Il a salu\u00e9 notamment C\u00e9cile Courr\u00e8ges, directrice g\u00e9n\u00e9rale de l\u2019offre de soins, dont il a soulign\u00e9 la pr\u00e9sence lors des Assises et l\u2019implication dans les travaux des Conf\u00e9rences, et Alain Claeys, pr\u00e9sident du conseil de surveillance du CHU et maire de&hellip;\" \/>\n<meta property=\"og:url\" content=\"https:\/\/www.ricom-web8.com\/gestions\/le-chu-de-demain-ouverture-des-assises\/\" \/>\n<meta property=\"og:site_name\" content=\"Gestions hospitali\u00e8res\" \/>\n<meta property=\"article:publisher\" content=\"https:\/\/www.facebook.com\/gestionshospitalieres\/\" \/>\n<meta property=\"article:published_time\" content=\"2019-02-01T10:25:58+00:00\" \/>\n<meta property=\"article:modified_time\" content=\"2019-02-25T16:15:42+00:00\" \/>\n<meta name=\"author\" content=\"Gestions hospitali\u00e8res\" \/>\n<meta name=\"twitter:card\" content=\"summary_large_image\" \/>\n<meta name=\"twitter:creator\" content=\"@revue_GH\" \/>\n<meta name=\"twitter:site\" content=\"@revue_GH\" \/>\n<meta name=\"twitter:label1\" content=\"\u00c9crit par\" \/>\n\t<meta name=\"twitter:data1\" content=\"Gestions hospitali\u00e8res\" \/>\n\t<meta name=\"twitter:label2\" content=\"Dur\u00e9e de lecture estim\u00e9e\" \/>\n\t<meta name=\"twitter:data2\" content=\"4 minutes\" \/>\n<script type=\"application\/ld+json\" class=\"yoast-schema-graph\">{\"@context\":\"https:\/\/schema.org\",\"@graph\":[{\"@type\":\"Article\",\"@id\":\"https:\/\/www.ricom-web8.com\/gestions\/le-chu-de-demain-ouverture-des-assises\/#article\",\"isPartOf\":{\"@id\":\"https:\/\/www.ricom-web8.com\/gestions\/le-chu-de-demain-ouverture-des-assises\/\"},\"author\":{\"name\":\"Gestions hospitali\u00e8res\",\"@id\":\"https:\/\/www.ricom-web8.com\/gestions\/#\/schema\/person\/3ba9fe913190dfe9507feb621e902c1f\"},\"headline\":\"Le CHU de demain Ouverture des Assises\",\"datePublished\":\"2019-02-01T10:25:58+00:00\",\"dateModified\":\"2019-02-25T16:15:42+00:00\",\"mainEntityOfPage\":{\"@id\":\"https:\/\/www.ricom-web8.com\/gestions\/le-chu-de-demain-ouverture-des-assises\/\"},\"wordCount\":841,\"commentCount\":0,\"publisher\":{\"@id\":\"https:\/\/www.ricom-web8.com\/gestions\/#organization\"},\"keywords\":[\"2018\",\"Assises\",\"CHU\",\"\u00e9tudes m\u00e9dicales\",\"g\u00e9nomique\",\"innovations m\u00e9dicales\",\"intelligence artificielle\",\"num\u00e9rique\",\"Poitiers\"],\"articleSection\":[\"compte-rendu\",\"Gestions Hospitali\u00e8res\"],\"inLanguage\":\"fr-FR\",\"potentialAction\":[{\"@type\":\"CommentAction\",\"name\":\"Comment\",\"target\":[\"https:\/\/www.ricom-web8.com\/gestions\/le-chu-de-demain-ouverture-des-assises\/#respond\"]}]},{\"@type\":\"WebPage\",\"@id\":\"https:\/\/www.ricom-web8.com\/gestions\/le-chu-de-demain-ouverture-des-assises\/\",\"url\":\"https:\/\/www.ricom-web8.com\/gestions\/le-chu-de-demain-ouverture-des-assises\/\",\"name\":\"Le CHU de demain Ouverture des Assises - Gestions hospitali\u00e8res\",\"isPartOf\":{\"@id\":\"https:\/\/www.ricom-web8.com\/gestions\/#website\"},\"datePublished\":\"2019-02-01T10:25:58+00:00\",\"dateModified\":\"2019-02-25T16:15:42+00:00\",\"breadcrumb\":{\"@id\":\"https:\/\/www.ricom-web8.com\/gestions\/le-chu-de-demain-ouverture-des-assises\/#breadcrumb\"},\"inLanguage\":\"fr-FR\",\"potentialAction\":[{\"@type\":\"ReadAction\",\"target\":[\"https:\/\/www.ricom-web8.com\/gestions\/le-chu-de-demain-ouverture-des-assises\/\"]}]},{\"@type\":\"BreadcrumbList\",\"@id\":\"https:\/\/www.ricom-web8.com\/gestions\/le-chu-de-demain-ouverture-des-assises\/#breadcrumb\",\"itemListElement\":[{\"@type\":\"ListItem\",\"position\":1,\"name\":\"Accueil\",\"item\":\"https:\/\/www.ricom-web8.com\/gestions\/\"},{\"@type\":\"ListItem\",\"position\":2,\"name\":\"Le CHU de demain Ouverture des Assises\"}]},{\"@type\":\"WebSite\",\"@id\":\"https:\/\/www.ricom-web8.com\/gestions\/#website\",\"url\":\"https:\/\/www.ricom-web8.com\/gestions\/\",\"name\":\"Gestions hospitali\u00e8res\",\"description\":\"la revue des d\u00e9cideurs hospitaliers\",\"publisher\":{\"@id\":\"https:\/\/www.ricom-web8.com\/gestions\/#organization\"},\"potentialAction\":[{\"@type\":\"SearchAction\",\"target\":{\"@type\":\"EntryPoint\",\"urlTemplate\":\"https:\/\/www.ricom-web8.com\/gestions\/?s={search_term_string}\"},\"query-input\":{\"@type\":\"PropertyValueSpecification\",\"valueRequired\":true,\"valueName\":\"search_term_string\"}}],\"inLanguage\":\"fr-FR\"},{\"@type\":\"Organization\",\"@id\":\"https:\/\/www.ricom-web8.com\/gestions\/#organization\",\"name\":\"Gestions hospitali\u00e8res\",\"url\":\"https:\/\/www.ricom-web8.com\/gestions\/\",\"logo\":{\"@type\":\"ImageObject\",\"inLanguage\":\"fr-FR\",\"@id\":\"https:\/\/www.ricom-web8.com\/gestions\/#\/schema\/logo\/image\/\",\"url\":\"https:\/\/gestions-hospitalieres.fr\/wp-content\/uploads\/2017\/02\/picto_Gif-GH-trans.png\",\"contentUrl\":\"https:\/\/gestions-hospitalieres.fr\/wp-content\/uploads\/2017\/02\/picto_Gif-GH-trans.png\",\"width\":512,\"height\":512,\"caption\":\"Gestions hospitali\u00e8res\"},\"image\":{\"@id\":\"https:\/\/www.ricom-web8.com\/gestions\/#\/schema\/logo\/image\/\"},\"sameAs\":[\"https:\/\/www.facebook.com\/gestionshospitalieres\/\",\"https:\/\/x.com\/revue_GH\",\"https:\/\/www.linkedin.com\/company\/gestions-hospitalieres?trk=top_nav_home\"]},{\"@type\":\"Person\",\"@id\":\"https:\/\/www.ricom-web8.com\/gestions\/#\/schema\/person\/3ba9fe913190dfe9507feb621e902c1f\",\"name\":\"Gestions hospitali\u00e8res\",\"image\":{\"@type\":\"ImageObject\",\"inLanguage\":\"fr-FR\",\"@id\":\"https:\/\/www.ricom-web8.com\/gestions\/#\/schema\/person\/image\/\",\"url\":\"https:\/\/secure.gravatar.com\/avatar\/1a0d93e6db5dbe7dac96bae4757d256f?s=96&d=mm&r=g\",\"contentUrl\":\"https:\/\/secure.gravatar.com\/avatar\/1a0d93e6db5dbe7dac96bae4757d256f?s=96&d=mm&r=g\",\"caption\":\"Gestions hospitali\u00e8res\"},\"url\":\"https:\/\/www.ricom-web8.com\/gestions\/author\/benjamin\/\"}]}<\/script>\n<!-- \/ Yoast SEO plugin. -->","yoast_head_json":{"title":"Le CHU de demain Ouverture des Assises - Gestions hospitali\u00e8res","robots":{"index":"index","follow":"follow","max-snippet":"max-snippet:-1","max-image-preview":"max-image-preview:large","max-video-preview":"max-video-preview:-1"},"canonical":"https:\/\/www.ricom-web8.com\/gestions\/le-chu-de-demain-ouverture-des-assises\/","og_locale":"fr_FR","og_type":"article","og_title":"Le CHU de demain Ouverture des Assises - Gestions hospitali\u00e8res","og_description":"Temps de lecture\u00a0:  3 minutes\ufeff Jean-Pierre Dewitte, pr\u00e9sident de la Conf\u00e9rence des directeurs g\u00e9n\u00e9raux de CHU et directeur g\u00e9n\u00e9ral du CHU de Poitiers, a accueilli les participants et les intervenants de la matin\u00e9e. Il a salu\u00e9 notamment C\u00e9cile Courr\u00e8ges, directrice g\u00e9n\u00e9rale de l\u2019offre de soins, dont il a soulign\u00e9 la pr\u00e9sence lors des Assises et l\u2019implication dans les travaux des Conf\u00e9rences, et Alain Claeys, pr\u00e9sident du conseil de surveillance du CHU et maire de&hellip;","og_url":"https:\/\/www.ricom-web8.com\/gestions\/le-chu-de-demain-ouverture-des-assises\/","og_site_name":"Gestions hospitali\u00e8res","article_publisher":"https:\/\/www.facebook.com\/gestionshospitalieres\/","article_published_time":"2019-02-01T10:25:58+00:00","article_modified_time":"2019-02-25T16:15:42+00:00","author":"Gestions hospitali\u00e8res","twitter_card":"summary_large_image","twitter_creator":"@revue_GH","twitter_site":"@revue_GH","twitter_misc":{"\u00c9crit par":"Gestions hospitali\u00e8res","Dur\u00e9e de lecture estim\u00e9e":"4 minutes"},"schema":{"@context":"https:\/\/schema.org","@graph":[{"@type":"Article","@id":"https:\/\/www.ricom-web8.com\/gestions\/le-chu-de-demain-ouverture-des-assises\/#article","isPartOf":{"@id":"https:\/\/www.ricom-web8.com\/gestions\/le-chu-de-demain-ouverture-des-assises\/"},"author":{"name":"Gestions hospitali\u00e8res","@id":"https:\/\/www.ricom-web8.com\/gestions\/#\/schema\/person\/3ba9fe913190dfe9507feb621e902c1f"},"headline":"Le CHU de demain Ouverture des Assises","datePublished":"2019-02-01T10:25:58+00:00","dateModified":"2019-02-25T16:15:42+00:00","mainEntityOfPage":{"@id":"https:\/\/www.ricom-web8.com\/gestions\/le-chu-de-demain-ouverture-des-assises\/"},"wordCount":841,"commentCount":0,"publisher":{"@id":"https:\/\/www.ricom-web8.com\/gestions\/#organization"},"keywords":["2018","Assises","CHU","\u00e9tudes m\u00e9dicales","g\u00e9nomique","innovations m\u00e9dicales","intelligence artificielle","num\u00e9rique","Poitiers"],"articleSection":["compte-rendu","Gestions Hospitali\u00e8res"],"inLanguage":"fr-FR","potentialAction":[{"@type":"CommentAction","name":"Comment","target":["https:\/\/www.ricom-web8.com\/gestions\/le-chu-de-demain-ouverture-des-assises\/#respond"]}]},{"@type":"WebPage","@id":"https:\/\/www.ricom-web8.com\/gestions\/le-chu-de-demain-ouverture-des-assises\/","url":"https:\/\/www.ricom-web8.com\/gestions\/le-chu-de-demain-ouverture-des-assises\/","name":"Le CHU de demain Ouverture des Assises - Gestions hospitali\u00e8res","isPartOf":{"@id":"https:\/\/www.ricom-web8.com\/gestions\/#website"},"datePublished":"2019-02-01T10:25:58+00:00","dateModified":"2019-02-25T16:15:42+00:00","breadcrumb":{"@id":"https:\/\/www.ricom-web8.com\/gestions\/le-chu-de-demain-ouverture-des-assises\/#breadcrumb"},"inLanguage":"fr-FR","potentialAction":[{"@type":"ReadAction","target":["https:\/\/www.ricom-web8.com\/gestions\/le-chu-de-demain-ouverture-des-assises\/"]}]},{"@type":"BreadcrumbList","@id":"https:\/\/www.ricom-web8.com\/gestions\/le-chu-de-demain-ouverture-des-assises\/#breadcrumb","itemListElement":[{"@type":"ListItem","position":1,"name":"Accueil","item":"https:\/\/www.ricom-web8.com\/gestions\/"},{"@type":"ListItem","position":2,"name":"Le CHU de demain Ouverture des Assises"}]},{"@type":"WebSite","@id":"https:\/\/www.ricom-web8.com\/gestions\/#website","url":"https:\/\/www.ricom-web8.com\/gestions\/","name":"Gestions hospitali\u00e8res","description":"la revue des d\u00e9cideurs hospitaliers","publisher":{"@id":"https:\/\/www.ricom-web8.com\/gestions\/#organization"},"potentialAction":[{"@type":"SearchAction","target":{"@type":"EntryPoint","urlTemplate":"https:\/\/www.ricom-web8.com\/gestions\/?s={search_term_string}"},"query-input":{"@type":"PropertyValueSpecification","valueRequired":true,"valueName":"search_term_string"}}],"inLanguage":"fr-FR"},{"@type":"Organization","@id":"https:\/\/www.ricom-web8.com\/gestions\/#organization","name":"Gestions hospitali\u00e8res","url":"https:\/\/www.ricom-web8.com\/gestions\/","logo":{"@type":"ImageObject","inLanguage":"fr-FR","@id":"https:\/\/www.ricom-web8.com\/gestions\/#\/schema\/logo\/image\/","url":"https:\/\/gestions-hospitalieres.fr\/wp-content\/uploads\/2017\/02\/picto_Gif-GH-trans.png","contentUrl":"https:\/\/gestions-hospitalieres.fr\/wp-content\/uploads\/2017\/02\/picto_Gif-GH-trans.png","width":512,"height":512,"caption":"Gestions hospitali\u00e8res"},"image":{"@id":"https:\/\/www.ricom-web8.com\/gestions\/#\/schema\/logo\/image\/"},"sameAs":["https:\/\/www.facebook.com\/gestionshospitalieres\/","https:\/\/x.com\/revue_GH","https:\/\/www.linkedin.com\/company\/gestions-hospitalieres?trk=top_nav_home"]},{"@type":"Person","@id":"https:\/\/www.ricom-web8.com\/gestions\/#\/schema\/person\/3ba9fe913190dfe9507feb621e902c1f","name":"Gestions hospitali\u00e8res","image":{"@type":"ImageObject","inLanguage":"fr-FR","@id":"https:\/\/www.ricom-web8.com\/gestions\/#\/schema\/person\/image\/","url":"https:\/\/secure.gravatar.com\/avatar\/1a0d93e6db5dbe7dac96bae4757d256f?s=96&d=mm&r=g","contentUrl":"https:\/\/secure.gravatar.com\/avatar\/1a0d93e6db5dbe7dac96bae4757d256f?s=96&d=mm&r=g","caption":"Gestions hospitali\u00e8res"},"url":"https:\/\/www.ricom-web8.com\/gestions\/author\/benjamin\/"}]}},"_links":{"self":[{"href":"https:\/\/www.ricom-web8.com\/gestions\/wp-json\/wp\/v2\/posts\/39204","targetHints":{"allow":["GET"]}}],"collection":[{"href":"https:\/\/www.ricom-web8.com\/gestions\/wp-json\/wp\/v2\/posts"}],"about":[{"href":"https:\/\/www.ricom-web8.com\/gestions\/wp-json\/wp\/v2\/types\/post"}],"author":[{"embeddable":true,"href":"https:\/\/www.ricom-web8.com\/gestions\/wp-json\/wp\/v2\/users\/23133"}],"replies":[{"embeddable":true,"href":"https:\/\/www.ricom-web8.com\/gestions\/wp-json\/wp\/v2\/comments?post=39204"}],"version-history":[{"count":0,"href":"https:\/\/www.ricom-web8.com\/gestions\/wp-json\/wp\/v2\/posts\/39204\/revisions"}],"wp:attachment":[{"href":"https:\/\/www.ricom-web8.com\/gestions\/wp-json\/wp\/v2\/media?parent=39204"}],"wp:term":[{"taxonomy":"category","embeddable":true,"href":"https:\/\/www.ricom-web8.com\/gestions\/wp-json\/wp\/v2\/categories?post=39204"},{"taxonomy":"post_tag","embeddable":true,"href":"https:\/\/www.ricom-web8.com\/gestions\/wp-json\/wp\/v2\/tags?post=39204"}],"curies":[{"name":"wp","href":"https:\/\/api.w.org\/{rel}","templated":true}]}}