

{"id":39224,"date":"2019-02-01T12:04:56","date_gmt":"2019-02-01T11:04:56","guid":{"rendered":"https:\/\/gestions-hospitalieres.fr\/?p=39224"},"modified":"2019-02-20T16:44:31","modified_gmt":"2019-02-20T15:44:31","slug":"donnees-numeriques-et-intelligence-artificielle-en-sante","status":"publish","type":"post","link":"https:\/\/www.ricom-web8.com\/gestions\/donnees-numeriques-et-intelligence-artificielle-en-sante\/","title":{"rendered":"Donn\u00e9es num\u00e9riques et intelligence artificielle en sant\u00e9"},"content":{"rendered":"<span class=\"span-reading-time rt-reading-time\" style=\"display: block;\"><span class=\"rt-label rt-prefix\">Temps de lecture\u00a0: <\/span> <span class=\"rt-time\"> 8<\/span> <span class=\"rt-label rt-postfix\">minutes<\/span><\/span><p>Cette s\u00e9rie de s\u00e9quences a \u00e9t\u00e9 organis\u00e9e et anim\u00e9e par <strong>Jean-Fran\u00e7ois Lefebvre<\/strong>, directeur g\u00e9n\u00e9ral du CHU de Limoges, pr\u00e9sident de la commission nationale des syst\u00e8mes d\u2019information de la Conf\u00e9rence des directeurs g\u00e9n\u00e9raux de CHU, et le <strong>Dr Eric Bord<\/strong>, chef de service de neurochirurgie et vice-pr\u00e9sident de la CME du CHU de Nantes, membre de la Conf\u00e9rence des pr\u00e9sidents de CME de CHU.<span class=\"Apple-converted-space\">\u00a0<\/span><\/p>\n<h2>S\u00e9quence 1<br \/>\nL\u2019intelligence artificielle au service des patients : premi\u00e8res r\u00e9ussites et prospectives<\/h2>\n<p><iframe loading=\"lazy\" src=\"https:\/\/www.youtube.com\/embed\/u6M9YdotLl8\" width=\"560\" height=\"315\" frameborder=\"0\" allowfullscreen=\"allowfullscreen\"><\/iframe><\/p>\n<p>Deux entrepreneurs, <strong>Olivier Clatz<\/strong>, cofondateur de Th\u00e9rapixel, et <strong>Yann Fleureau<\/strong>, PDG et cofondateur de Cardiologs, ont pr\u00e9sent\u00e9 les outils qu\u2019ils ont cr\u00e9\u00e9s et commercialisent, utilisant l\u2019intelligence artificielle au service des patients. Ils ont livr\u00e9 quelques messages, insistant en particulier sur un paradoxe\u2009: les algorithmes sont extr\u00eamement performants sur des questions tr\u00e8s fines, mais ils n\u2019ont pas de capacit\u00e9 d\u2019abstraction et ne peuvent traiter des cas pour lesquels ils n\u2019ont pas \u00e9t\u00e9 pr\u00e9cis\u00e9ment programm\u00e9s. D\u2019o\u00f9 l\u2019importance consid\u00e9rable, dans l\u2019intelligence artificielle, de l\u2019humain, au-del\u00e0 des outils\u2009: le r\u00f4le de la programmation est primordial.<\/p>\n<p>Ils ont aussi mis en lumi\u00e8re la question de l\u2019\u00e9quilibre entre savoir et humanit\u00e9s pour la formation des m\u00e9decins de demain. L\u2019\u00e9volution de l\u2019intelligence artificielle va poser une question de fond sur ce qu\u2019on attend d\u2019eux. Il faut que la m\u00e9decine avance <i>avec<\/i> la technologie, et pas <i>contre<\/i>.<\/p>\n<h2>S\u00e9quence 2<br \/>\nQuelle strat\u00e9gie pour l\u2019exploitation des donn\u00e9es de sant\u00e9\u2009?<\/h2>\n<p><iframe loading=\"lazy\" src=\"https:\/\/www.youtube.com\/embed\/jzD9mIsNwOU\" width=\"560\" height=\"315\" frameborder=\"0\" allowfullscreen=\"allowfullscreen\"><\/iframe><\/p>\n<p>Le <strong>Pr Marc Cuggia<\/strong>, chef de service du d\u00e9partement d\u2019information m\u00e9dicale de Rennes et copilote de la mission Health Data Hub, a pr\u00e9sent\u00e9 le r\u00e9sultat d\u2019une \u00e9tude qu\u2019il a men\u00e9e sur l\u2019utilisation des donn\u00e9es en sant\u00e9. Celle-ci a mis en \u00e9vidence un grand potentiel de transformation et d\u2019innovation, avec plus de 100 cas d\u2019usage identifi\u00e9s, que ce soit en recherche m\u00e9dicale, en suivi et information des patients, en acc\u00e8s aux donn\u00e9es de sant\u00e9, ou encore en pilotage.<\/p>\n<p>Les attentes de l\u2019\u00e9cosyst\u00e8me font ressortir trois grands enjeux\u2009:<span class=\"Apple-converted-space\">\u00a0<\/span><\/p>\n<ul>\n<li>mieux conna\u00eetre et pouvoir plus facilement acc\u00e9der aux donn\u00e9es de sant\u00e9\u2009;<span class=\"Apple-converted-space\">\u00a0<\/span><\/li>\n<li>avoir acc\u00e8s \u00e0 des moyens adapt\u00e9s et suffisants\u2009;<\/li>\n<li>f\u00e9d\u00e9rer l\u2019\u00e9cosyst\u00e8me autour d\u2019un mod\u00e8le \u00e9conomique d\u2019ensemble favorisant le partage.<\/li>\n<li>Quatre actions majeures sont \u00e0 pr\u00e9voir\u2009:<\/li>\n<li>clarifier les conditions de partage de la donn\u00e9e, avec une gouvernance garantie par la loi\u2009;<\/li>\n<li>allouer des moyens pour consolider le patrimoine de donn\u00e9es\u2009;<\/li>\n<li>cr\u00e9er un tiers de confiance national\u2009;<\/li>\n<li>avoir des projets pilotes pour avancer sur du concret.<\/li>\n<\/ul>\n<p>Marc Cuggia est ensuite revenu sur le r\u00f4le du Health Data Hub, tout \u00e0 la fois moteur et f\u00e9d\u00e9rateur (c\u2019est un tiers de confiance), garant de la qualit\u00e9, vitrine nationale et internationale, guichet unique, assurant la mutualisation de moyens technologiques et d\u2019expertise ou encore favorisant la promotion de l\u2019innovation.<\/p>\n<p>Le <strong>Pr Pierre-Antoine Gourraud<\/strong> a quant \u00e0 lui insist\u00e9 sur la tension entre des donn\u00e9es accessibles et la difficult\u00e9 \u00e0 les rendre exploitables. Il a mis en \u00e9vidence sept usages des donn\u00e9es massives en sant\u00e9\u2009:<\/p>\n<ul>\n<li>usages multiniveaux dans le pilotage m\u00e9dico-administratif du syst\u00e8me de soins\u2009;<\/li>\n<li>usages de ciblage sous-groupe (public et priv\u00e9)\u2009;<\/li>\n<li>irruption du <i>big data<\/i> dans la relation soign\u00e9\/soignant (prescrire, comparer, anticiper)\u2009;<\/li>\n<li>le malade seul face aux donn\u00e9es\u2009;<\/li>\n<li><i>big data<\/i> dans la d\u00e9tection d\u2019\u00e9v\u00e9nements anormaux\u2009;<\/li>\n<li>usage en recherche\u2009: \u00ab\u2009\u00e9pid\u00e9miologie du XXI<sup>e<\/sup> si\u00e8cle\u2009\u00bb\u2009;<\/li>\n<li>enjeux pour la formation des professionnels de sant\u00e9.<\/li>\n<\/ul>\n<p>Dans ce contexte, les CHU sont des carrefours des donn\u00e9es de sant\u00e9, par l\u2019articulation entre modes d\u2019acc\u00e8s nationaux et accompagnement local, par la m\u00e9diation par un tiers expert se mettant au service de l\u2019analyse des donn\u00e9es.<\/p>\n<p>Huit principes ont \u00e9t\u00e9 d\u00e9finis\u2009: la transparence, le d\u00e9cloisonnement, la responsabilit\u00e9, l\u2019\u00e9thique, le respect de la vie priv\u00e9e, la gouvernance, la culture scientifique et technique, et la coop\u00e9ration homme\/machine.<\/p>\n<blockquote><p>Les CHU sont des carrefours des donn\u00e9es de sant\u00e9, par l\u2019articulation entre modes d\u2019acc\u00e8s nationaux et accompagnement local, par la m\u00e9diation par un tiers expert se mettant au service de l\u2019analyse des donn\u00e9es.<\/p><\/blockquote>\n<h2>S\u00e9quence 3\u00a0&#8211; Quels enjeux \u00e9thiques pour quelles r\u00e9gulations de l\u2019IA en sant\u00e9\u2009?<\/h2>\n<p><iframe loading=\"lazy\" src=\"https:\/\/www.youtube.com\/embed\/yFQXn6Et32Y\" width=\"560\" height=\"315\" frameborder=\"0\" allowfullscreen=\"allowfullscreen\"><\/iframe><\/p>\n<p>Le <strong>Pr Jean-Fran\u00e7ois Delfraissy<\/strong>, pr\u00e9sident du Comit\u00e9 consultatif national d\u2019\u00e9thique (CCNE), a pr\u00e9sent\u00e9 le bilan des \u00e9tats g\u00e9n\u00e9raux de la bio\u00e9thique. Le CCNE a conduit ces \u00e9tats g\u00e9n\u00e9raux en mobilisant quatre outils\u2009:<span class=\"Apple-converted-space\">\u00a0<\/span><\/p>\n<ul>\n<li>des d\u00e9bats en r\u00e9gion, en s\u2019appuyant sur les espaces \u00e9thiques r\u00e9gionaux\u2009;<span class=\"Apple-converted-space\">\u00a0<\/span><\/li>\n<li>des auditions aupr\u00e8s des soci\u00e9t\u00e9s savantes comme des institutions et des grands courants de pens\u00e9e\u2009;<span class=\"Apple-converted-space\">\u00a0<\/span><\/li>\n<li>un site Internet\u2009;<\/li>\n<li>la constitution d\u2019un comit\u00e9 citoyen, qui s\u2019est empar\u00e9 de deux sujets\u2009: la g\u00e9nomique et la fin de vie.<span class=\"Apple-converted-space\">\u00a0<\/span><\/li>\n<\/ul>\n<p>Le CCNE a souhait\u00e9 ne pas conduire ces \u00e9tats g\u00e9n\u00e9raux comme des \u00e9tats g\u00e9n\u00e9raux de l\u2019expertise. Il a promu une discussion citoyenne et la construction avec les usagers de sant\u00e9.<\/p>\n<p>Cela a conduit \u00e0 un rapport de synth\u00e8se du CCNE, en ajoutant deux nouveaux sujets\u2009: l\u2019intelligence artificielle, et sant\u00e9 et environnement.<span class=\"Apple-converted-space\">\u00a0<\/span><\/p>\n<p>Jean-Fran\u00e7ois Delfraissy a mis l\u2019accent sur le bouleversement repr\u00e9sent\u00e9 en mati\u00e8re de recherche clinique et interventionnelle. Cette recherche passe par les essais th\u00e9rapeutiques et les cohortes\u2009; or ce mod\u00e8le risque d\u2019\u00eatre transform\u00e9 tr\u00e8s rapidement avec les <i>big data<\/i>. Cela pose un probl\u00e8me majeur\u2009: que veut dire un consentement \u00e9clair\u00e9 dans le monde du <i>big data<\/i>\u2009?<\/p>\n<p><strong>Dani\u00e8le Desclerc Dulac<\/strong>, pr\u00e9sidente de France Assos Sant\u00e9 Centre Val-de-Loire, a ensuite point\u00e9 des limites et risques de la e-sant\u00e9, parmi lesquels le m\u00e9susage des donn\u00e9es par des acteurs priv\u00e9s. Des masses importantes de donn\u00e9es relatives \u00e0 la sant\u00e9 sont recueillies en dehors de toute relation de soins. Elles sont conserv\u00e9es par les acteurs priv\u00e9s qui les analysent pour am\u00e9liorer la pertinence de leur offre, voire les monnaient aupr\u00e8s d\u2019autres acteurs. Si la collecte des donn\u00e9es doit toujours \u00eatre soumise au consentement de la personne, nous ne sommes pas toujours conscients de ce que ce consentement engage. Il y a l\u00e0 un travail important \u00e0 poursuivre pour que les individus mesurent l\u2019importance de leur vie priv\u00e9e et de leurs donn\u00e9es personnelles. Cela pose aussi un probl\u00e8me en termes de suivi comportemental dans le domaine assurantiel.<\/p>\n<p>Cette multiplication des donn\u00e9es de sant\u00e9 peut en outre conduire \u00e0 une perception \u00e9tendue du domaine de la maladie\u2009: les instruments de <i>quantified self<\/i> introduisent une logique angoissante de comportement et de m\u00e9dicalisation.<\/p>\n<p>France Assos Sant\u00e9 a donc fait des recommandations pour une utilisation respectueuse du num\u00e9rique pour les patients\u2009:<\/p>\n<ul>\n<li>recueillir le consentement \u00e9clair\u00e9 des utilisateurs\u2009;<\/li>\n<li>ne pas traiter inutilement les donn\u00e9es personnelles pour \u00e9viter le traitement abusif des donn\u00e9es de sant\u00e9\u2009;<\/li>\n<li>anonymiser les donn\u00e9es utiles \u00e0 la recherche\u2009;<\/li>\n<li>que le num\u00e9rique soit r\u00e9ellement au service des patients et de la qualit\u00e9 des soins\u2009;<\/li>\n<li>qu\u2019il soit interop\u00e9rable (d\u00e9cloisonnement ville\/h\u00f4pital)\u2009;<\/li>\n<li>qu\u2019il soit s\u00e9curis\u00e9 lorsque la donn\u00e9e de sant\u00e9 est manipul\u00e9e\u2009;<\/li>\n<li>qu\u2019il arrive en compl\u00e9ment de la relation avec les soignants\u2009;<\/li>\n<li>que l\u2019on n\u2019oublie pas les patients non connect\u00e9s.<\/li>\n<\/ul>\n<p>Les grandes lois de sant\u00e9 ont promu l\u2019information du patient et son consentement dit \u00ab\u2009\u00e9clair\u00e9\u2009\u00bb, comme standard de la prise de d\u00e9cision en m\u00e9decine. Cette avanc\u00e9e l\u00e9gislative a constitu\u00e9 un progr\u00e8s incontestable et irr\u00e9versible dans les pratiques de soin, pour les d\u00e9cisions d\u2019ordre tant diagnostique que th\u00e9rapeutique. L\u2019intelligence artificielle vient aujourd\u2019hui faire irruption dans ce fonctionnement.<span class=\"Apple-converted-space\">\u00a0<\/span><\/p>\n<p>En tant qu\u2019outil d\u2019assistance, l\u2019intelligence artificielle peut aider \u00e0 r\u00e9duire les erreurs de diagnostic m\u00e9dical et m\u00eame d\u00e9couvrir tr\u00e8s t\u00f4t certaines pathologies qui \u00e9chappent aux m\u00e9decins.<\/p>\n<p>France Assos Sant\u00e9 porte quelques grandes recommandations en mati\u00e8re d\u2019intelligence artificielle\u2009:<\/p>\n<ul>\n<li>impliquer les associations agr\u00e9\u00e9es d\u2019usagers du syst\u00e8me de sant\u00e9 \u00e0 la conception et \u00e0 l\u2019\u00e9valuation des algorithmes. Une instance sp\u00e9cifique impliquant les repr\u00e9sentants des usagers m\u00e9rite d\u2019\u00eatre rapidement cr\u00e9\u00e9e\u2009;<\/li>\n<li>le recours \u00e0 l\u2019intelligence artificielle doit \u00eatre consid\u00e9r\u00e9 comme une aide suppl\u00e9mentaire au corps m\u00e9dical. En ce sens, la responsabilit\u00e9 du corps m\u00e9dical doit rester enti\u00e8re. Cette question renvoie directement \u00e0 une utilisation ma\u00eetris\u00e9e de l\u2019intelligence artificielle, \u00e0 sa bonne \u00ab\u00a0gouvernance\u00a0\u00bb, \u00e0 la compr\u00e9hension et \u00e0 l\u2019\u00e9valuation des algorithmes utilis\u00e9s\u2009;<\/li>\n<li>le contrat de soins reste entre un patient et un praticien. Une intelligence artificielle de plus en plus performante ira jusqu\u2019\u00e0 faire une proposition diagnostique devant certaines anomalies d\u2019imagerie, mais il rel\u00e8vera de la responsabilit\u00e9 du m\u00e9decin de la confirmer ou de l\u2019infirmer puisque c\u2019est lui, et non l\u2019intelligence artificielle, qui est porteur du contrat de soins avec les patients et en est responsable\u2009;<\/li>\n<li>les b\u00e9n\u00e9fices de l\u2019intelligence artificielle \u00e0 finalit\u00e9 m\u00e9dicale seront r\u00e9els pour les patients, si l\u2019intelligence artificielle rend l\u2019ensemble des m\u00e9decins plus performants dans le diagnostic\u2009: amener le plus grand nombre de sp\u00e9cialistes du domaine au niveau de performance des meilleurs de cette sp\u00e9cialit\u00e9.<\/li>\n<\/ul>\n<p><strong>David Gruson<\/strong>, de la chaire Sant\u00e9 Sciences-Po Paris, fondateur d\u2019Ethik-IA, a pr\u00e9sent\u00e9 des axes de r\u00e9gulation positive pour les CHU. L\u2019insuffisance du recours au num\u00e9rique dans la prise en charge des patients induit, sur une large \u00e9chelle, des situations non \u00e9thiques au sein de notre syst\u00e8me de sant\u00e9. La r\u00e9sorption de ces probl\u00e9matiques est un enjeu prioritaire et implique des leviers de politiques publiques.<\/p>\n<p>Une voie de passage \u00e9thique doit \u00eatre trouv\u00e9e entre l\u2019imp\u00e9ratif de protection des donn\u00e9es de sant\u00e9 et la n\u00e9cessit\u00e9 de leur partage pour renforcer la qualit\u00e9 et l\u2019efficience de notre syst\u00e8me de sant\u00e9.<\/p>\n<p>Deux enjeux \u00e9thiques majeurs associ\u00e9s \u00e0 la diffusion de la m\u00e9decine algorithmique ont \u00e9t\u00e9 identifi\u00e9s\u2009:<\/p>\n<ul>\n<li>le risque de priver, en pratique par d\u00e9l\u00e9gation de consentement, le patient d\u2019une large partie de sa capacit\u00e9 de participation \u00e0 la construction de son processus de prise en charge face aux propositions de d\u00e9cisions fournies par un algorithme\u2009;<\/li>\n<li>le danger d\u2019une minoration de la prise en compte de certaines situations individuelles.<\/li>\n<\/ul>\n<p>Des leviers de r\u00e9gulation existent. Le principe fondamental d\u2019une garantie humaine du num\u00e9rique en sant\u00e9 (c\u2019est-\u00e0-dire d\u2019une supervision humaine des outils num\u00e9riques) gagnerait \u00e0 \u00eatre inscrit au niveau l\u00e9gislatif. Des outils op\u00e9rationnels sont susceptibles d\u2019\u00eatre port\u00e9s par les CHU\u2009: le d\u00e9veloppement d\u2019un <i>hub<\/i> de t\u00e9l\u00e9m\u00e9decine de garantie humaine, et le d\u00e9ploiement de coll\u00e8ges de garantie humaine, associant m\u00e9decins, soignants et repr\u00e9sentants des usagers.<\/p>\n<p>En termes de responsabilit\u00e9 des professionnels, la construction d\u2019un cadre g\u00e9n\u00e9ral d\u2019indemnisation des dommages susceptibles d\u2019\u00eatre caus\u00e9s par les objets num\u00e9riques n\u2019appara\u00eet pas comme une priorit\u00e9 imm\u00e9diate dans le cadre de la r\u00e9vision de la loi de bio\u00e9thique. L\u2019\u00e9laboration d\u2019un cadre destin\u00e9 \u00e0 tenir sp\u00e9cifiquement compte des dommages caus\u00e9s par les objets num\u00e9riques gagnerait, compte tenu de l\u2019ampleur potentielle du sujet dans les prochaines ann\u00e9es, \u00e0 \u00eatre positionn\u00e9e \u00e0 un niveau au moins europ\u00e9en.<\/p>\n<p><strong>Mathieu Galtier<\/strong>, repr\u00e9sentant Gilles Wainrib, pr\u00e9sident fondateur de la soci\u00e9t\u00e9 Owkin, a pour sa part pr\u00e9sent\u00e9 l\u2019approche, d\u2019ing\u00e9nieurs, de la soci\u00e9t\u00e9 Owkin pour r\u00e9soudre l\u2019enjeu d\u2019allier outils d\u2019intelligence artificielle et confidentialit\u00e9 des donn\u00e9es. Il a insist\u00e9 sur un nouveau paradigme\u2009: plus on a des donn\u00e9es de qualit\u00e9, meilleure est l\u2019intelligence artificielle. Ainsi, la valeur est dans la donn\u00e9e\u2009; mais la donn\u00e9e est \u00e9parpill\u00e9e. Face \u00e0 cet enjeu, l\u2019Europe appara\u00eet trop fragment\u00e9e pour rassembler les donn\u00e9es. Le Health Data Hub appara\u00eet comme une r\u00e9ponse int\u00e9ressante \u00e0 cet enjeu. Mathieu Galtier a soulign\u00e9 que les donn\u00e9es sont sensibles\u2009: elles sont personnelles, et elles ont de la valeur. La soci\u00e9t\u00e9 Owkin a donc cr\u00e9\u00e9 une infrastructure pour d\u00e9ployer l\u2019intelligence artificielle tout en gardant la confidentialit\u00e9 des donn\u00e9es, via un logiciel <i>open source<\/i>, permettant aux donn\u00e9es de rester dans les h\u00f4pitaux\u2009: ce sont les algorithmes d\u2019intelligence artificielle qui voyagent entre les h\u00f4pitaux. La <i>blockchain<\/i> permet en outre de garantir la tra\u00e7abilit\u00e9 et l\u2019utilisation des donn\u00e9es.<\/p>\n<h2>S\u00e9quence 4<br \/>\nQuelle place du num\u00e9rique dans les formations en sant\u00e9 pour demain\u2009?\u00a0<span style=\"font-weight: normal;\">Les r\u00e9sultats de l\u2019observatoire national Odoxa-Uness<\/span><\/h2>\n<p><strong>(en partenariat avec la Conf\u00e9rence des doyens de m\u00e9decine)<\/strong><br \/>\n<iframe loading=\"lazy\" src=\"https:\/\/www.youtube.com\/embed\/COt8upn_Dtw\" width=\"560\" height=\"315\" frameborder=\"0\" allowfullscreen=\"allowfullscreen\"><\/iframe><\/p>\n<p>Le <strong>Pr Olivier Palombi<\/strong>, vice-doyen de la facult\u00e9 de m\u00e9decine de Grenoble et directeur du comit\u00e9 de pilotage Uness, et <strong>Ga\u00ebl\u00a0Sliman<\/strong>, pr\u00e9sident de l\u2019institut de sondage Odoxa, ont pr\u00e9sent\u00e9 les r\u00e9sultats d\u2019une \u00e9tude sur la place du num\u00e9rique dans les formations en sant\u00e9 pour demain. Il en ressort notamment ceci\u2009: la formation r\u00e9guli\u00e8re des professionnels de sant\u00e9 est per\u00e7ue comme insuffisante. Seuls 46\u2009% des Fran\u00e7ais pensent que leurs soignants se forment de mani\u00e8re r\u00e9guli\u00e8re. L\u2019image de la formation tout au long de la vie en sant\u00e9 est largement perfectible\u2009: elle est insuffisamment d\u00e9velopp\u00e9e et pourrait \u00eatre mieux organis\u00e9e, plus lisible et moins ch\u00e8re.<span class=\"Apple-converted-space\">\u00a0<\/span><\/p>\n<p>Or, tous les acteurs sont convaincus qu\u2019une r\u00e9volution se pr\u00e9pare dans les ann\u00e9es \u00e0 venir avec l\u2019intelligence artificielle et la robotisation, et que celle-ci n\u00e9cessite une meilleure formation des professionnels. Ils pensent que ces d\u00e9veloppements vont transformer les m\u00e9tiers de la sant\u00e9 et vont n\u00e9cessiter de former mieux et plus souvent les acteurs. Les Fran\u00e7ais sont convaincus des innombrables possibilit\u00e9s offertes par le d\u00e9veloppement du digital et de l\u2019IA sur la formation, en permettant de mieux partager les connaissances, favoriser et faciliter les \u00e9changes entre professionnels de sant\u00e9, ou encore de simplifier l\u2019acc\u00e8s aux formations. Malheureusement, tous les acteurs reconnaissent qu\u2019ils se sentent aujourd\u2019hui d\u00e9munis et estiment qu\u2019ils sont mal form\u00e9s en mati\u00e8re de num\u00e9rique, d\u2019intelligence artificielle et de robotisation (les trois quarts des professionnels de sant\u00e9 partagent ainsi ce ressenti).<\/p>\n<p>Tout l\u2019\u00e9cosyst\u00e8me sant\u00e9 s\u2019accorde donc sur la n\u00e9cessit\u00e9 de b\u00e9n\u00e9ficier de formations sur ces sujets. Mais le probl\u00e8me est qu\u2019il ne juge pas efficaces aujourd\u2019hui les formations propos\u00e9es en ce qui concerne les enjeux techniques et \u00e9thiques de l\u2019IA, du num\u00e9rique et de la robotisation en sant\u00e9. L\u2019universit\u00e9 et ses fili\u00e8res sont per\u00e7ues comme un acteur l\u00e9gitime pour proposer ces types de formations. Tous les acteurs sont convaincus que la cr\u00e9ation d\u2019une plateforme num\u00e9rique de suivi de formation aurait de tr\u00e8s nombreux m\u00e9rites et b\u00e9n\u00e9fices pour la formation des professionnels. Tous ces acteurs sont enfin convaincus que l\u2019\u00e9valuation permanente des contenus p\u00e9dagogiques par les utilisateurs constitue un \u00e9l\u00e9ment tr\u00e8s positif pour la formation.<\/p>\n<p>On constate ainsi un vrai saut quantique de la formation en sant\u00e9. Cela doit \u00eatre sous-tendu par une auto\u00e9valuation au fil de l\u2019eau et, <i>in fine<\/i>, par une accr\u00e9ditation. Le coordinateur de cette formation au cours de la vie n\u2019a pas forc\u00e9ment \u00e0 \u00eatre unique, mais le Pr Sibilia a insist\u00e9 sur la confiance dont b\u00e9n\u00e9ficie l\u2019universit\u00e9.<\/p>\n<script>function PlayerjsAsync(){} if(window[\"Playerjs\"]){PlayerjsAsync();}<\/script>","protected":false},"excerpt":{"rendered":"<p><span class=\"span-reading-time rt-reading-time\" style=\"display: block;\"><span class=\"rt-label rt-prefix\">Temps de lecture\u00a0: <\/span> <span class=\"rt-time\"> 8<\/span> <span class=\"rt-label rt-postfix\">minutes<\/span><\/span>Cette s\u00e9rie de s\u00e9quences a \u00e9t\u00e9 organis\u00e9e et anim\u00e9e par Jean-Fran\u00e7ois Lefebvre, directeur g\u00e9n\u00e9ral du CHU de Limoges, pr\u00e9sident de la commission nationale des syst\u00e8mes d\u2019information de la Conf\u00e9rence des directeurs g\u00e9n\u00e9raux de CHU, et le Dr Eric Bord, chef de service de neurochirurgie et vice-pr\u00e9sident de la CME du CHU de Nantes, membre de la Conf\u00e9rence des pr\u00e9sidents de CME de CHU.\u00a0 S\u00e9quence 1 L\u2019intelligence artificielle au service des&hellip; <\/p>\n","protected":false},"author":23133,"featured_media":0,"comment_status":"open","ping_status":"closed","sticky":false,"template":"","format":"standard","meta":{"_acf_changed":false,"_relevanssi_hide_post":"","_relevanssi_hide_content":"","_relevanssi_pin_for_all":"","_relevanssi_pin_keywords":"","_relevanssi_unpin_keywords":"","_relevanssi_related_keywords":"","_relevanssi_related_include_ids":"","_relevanssi_related_exclude_ids":"","_relevanssi_related_no_append":"","_relevanssi_related_not_related":"","_relevanssi_related_posts":"","_relevanssi_noindex_reason":"","footnotes":""},"categories":[6793,2],"tags":[7053,5135,43,6626,7143,7144,2326,1872,5198],"class_list":["post-39224","post","type-post","status-publish","format-standard","hentry","category-compte-rendu","category-gestions-hospitalieres","tag-7053","tag-assises","tag-chu","tag-etudes-medicales","tag-genomique","tag-innovations-medicales","tag-intelligence-artificielle","tag-numerique","tag-poitiers"],"acf":[],"yoast_head":"<!-- This site is optimized with the Yoast SEO plugin v24.8.1 - https:\/\/yoast.com\/wordpress\/plugins\/seo\/ -->\n<title>Donn\u00e9es num\u00e9riques et intelligence artificielle en sant\u00e9 - Gestions hospitali\u00e8res<\/title>\n<meta name=\"robots\" content=\"index, follow, max-snippet:-1, max-image-preview:large, max-video-preview:-1\" \/>\n<link rel=\"canonical\" href=\"https:\/\/www.ricom-web8.com\/gestions\/donnees-numeriques-et-intelligence-artificielle-en-sante\/\" \/>\n<meta property=\"og:locale\" content=\"fr_FR\" \/>\n<meta property=\"og:type\" content=\"article\" \/>\n<meta property=\"og:title\" content=\"Donn\u00e9es num\u00e9riques et intelligence artificielle en sant\u00e9 - Gestions hospitali\u00e8res\" \/>\n<meta property=\"og:description\" content=\"Temps de lecture\u00a0:  8 minutesCette s\u00e9rie de s\u00e9quences a \u00e9t\u00e9 organis\u00e9e et anim\u00e9e par Jean-Fran\u00e7ois Lefebvre, directeur g\u00e9n\u00e9ral du CHU de Limoges, pr\u00e9sident de la commission nationale des syst\u00e8mes d\u2019information de la Conf\u00e9rence des directeurs g\u00e9n\u00e9raux de CHU, et le Dr Eric Bord, chef de service de neurochirurgie et vice-pr\u00e9sident de la CME du CHU de Nantes, membre de la Conf\u00e9rence des pr\u00e9sidents de CME de CHU.\u00a0 S\u00e9quence 1 L\u2019intelligence artificielle au service des&hellip;\" \/>\n<meta property=\"og:url\" content=\"https:\/\/www.ricom-web8.com\/gestions\/donnees-numeriques-et-intelligence-artificielle-en-sante\/\" \/>\n<meta property=\"og:site_name\" content=\"Gestions hospitali\u00e8res\" \/>\n<meta property=\"article:publisher\" content=\"https:\/\/www.facebook.com\/gestionshospitalieres\/\" \/>\n<meta property=\"article:published_time\" content=\"2019-02-01T11:04:56+00:00\" \/>\n<meta property=\"article:modified_time\" content=\"2019-02-20T15:44:31+00:00\" \/>\n<meta name=\"author\" content=\"Gestions hospitali\u00e8res\" \/>\n<meta name=\"twitter:card\" content=\"summary_large_image\" \/>\n<meta name=\"twitter:creator\" content=\"@revue_GH\" \/>\n<meta name=\"twitter:site\" content=\"@revue_GH\" \/>\n<meta name=\"twitter:label1\" content=\"\u00c9crit par\" \/>\n\t<meta name=\"twitter:data1\" content=\"Gestions hospitali\u00e8res\" \/>\n\t<meta name=\"twitter:label2\" content=\"Dur\u00e9e de lecture estim\u00e9e\" \/>\n\t<meta name=\"twitter:data2\" content=\"13 minutes\" \/>\n<script type=\"application\/ld+json\" class=\"yoast-schema-graph\">{\"@context\":\"https:\/\/schema.org\",\"@graph\":[{\"@type\":\"Article\",\"@id\":\"https:\/\/www.ricom-web8.com\/gestions\/donnees-numeriques-et-intelligence-artificielle-en-sante\/#article\",\"isPartOf\":{\"@id\":\"https:\/\/www.ricom-web8.com\/gestions\/donnees-numeriques-et-intelligence-artificielle-en-sante\/\"},\"author\":{\"name\":\"Gestions hospitali\u00e8res\",\"@id\":\"https:\/\/www.ricom-web8.com\/gestions\/#\/schema\/person\/3ba9fe913190dfe9507feb621e902c1f\"},\"headline\":\"Donn\u00e9es num\u00e9riques et intelligence artificielle en sant\u00e9\",\"datePublished\":\"2019-02-01T11:04:56+00:00\",\"dateModified\":\"2019-02-20T15:44:31+00:00\",\"mainEntityOfPage\":{\"@id\":\"https:\/\/www.ricom-web8.com\/gestions\/donnees-numeriques-et-intelligence-artificielle-en-sante\/\"},\"wordCount\":2676,\"commentCount\":0,\"publisher\":{\"@id\":\"https:\/\/www.ricom-web8.com\/gestions\/#organization\"},\"keywords\":[\"2018\",\"Assises\",\"CHU\",\"\u00e9tudes m\u00e9dicales\",\"g\u00e9nomique\",\"innovations m\u00e9dicales\",\"intelligence artificielle\",\"num\u00e9rique\",\"Poitiers\"],\"articleSection\":[\"compte-rendu\",\"Gestions Hospitali\u00e8res\"],\"inLanguage\":\"fr-FR\",\"potentialAction\":[{\"@type\":\"CommentAction\",\"name\":\"Comment\",\"target\":[\"https:\/\/www.ricom-web8.com\/gestions\/donnees-numeriques-et-intelligence-artificielle-en-sante\/#respond\"]}]},{\"@type\":\"WebPage\",\"@id\":\"https:\/\/www.ricom-web8.com\/gestions\/donnees-numeriques-et-intelligence-artificielle-en-sante\/\",\"url\":\"https:\/\/www.ricom-web8.com\/gestions\/donnees-numeriques-et-intelligence-artificielle-en-sante\/\",\"name\":\"Donn\u00e9es num\u00e9riques et intelligence artificielle en sant\u00e9 - Gestions hospitali\u00e8res\",\"isPartOf\":{\"@id\":\"https:\/\/www.ricom-web8.com\/gestions\/#website\"},\"datePublished\":\"2019-02-01T11:04:56+00:00\",\"dateModified\":\"2019-02-20T15:44:31+00:00\",\"breadcrumb\":{\"@id\":\"https:\/\/www.ricom-web8.com\/gestions\/donnees-numeriques-et-intelligence-artificielle-en-sante\/#breadcrumb\"},\"inLanguage\":\"fr-FR\",\"potentialAction\":[{\"@type\":\"ReadAction\",\"target\":[\"https:\/\/www.ricom-web8.com\/gestions\/donnees-numeriques-et-intelligence-artificielle-en-sante\/\"]}]},{\"@type\":\"BreadcrumbList\",\"@id\":\"https:\/\/www.ricom-web8.com\/gestions\/donnees-numeriques-et-intelligence-artificielle-en-sante\/#breadcrumb\",\"itemListElement\":[{\"@type\":\"ListItem\",\"position\":1,\"name\":\"Accueil\",\"item\":\"https:\/\/www.ricom-web8.com\/gestions\/\"},{\"@type\":\"ListItem\",\"position\":2,\"name\":\"Donn\u00e9es num\u00e9riques et intelligence artificielle en sant\u00e9\"}]},{\"@type\":\"WebSite\",\"@id\":\"https:\/\/www.ricom-web8.com\/gestions\/#website\",\"url\":\"https:\/\/www.ricom-web8.com\/gestions\/\",\"name\":\"Gestions hospitali\u00e8res\",\"description\":\"la revue des d\u00e9cideurs hospitaliers\",\"publisher\":{\"@id\":\"https:\/\/www.ricom-web8.com\/gestions\/#organization\"},\"potentialAction\":[{\"@type\":\"SearchAction\",\"target\":{\"@type\":\"EntryPoint\",\"urlTemplate\":\"https:\/\/www.ricom-web8.com\/gestions\/?s={search_term_string}\"},\"query-input\":{\"@type\":\"PropertyValueSpecification\",\"valueRequired\":true,\"valueName\":\"search_term_string\"}}],\"inLanguage\":\"fr-FR\"},{\"@type\":\"Organization\",\"@id\":\"https:\/\/www.ricom-web8.com\/gestions\/#organization\",\"name\":\"Gestions hospitali\u00e8res\",\"url\":\"https:\/\/www.ricom-web8.com\/gestions\/\",\"logo\":{\"@type\":\"ImageObject\",\"inLanguage\":\"fr-FR\",\"@id\":\"https:\/\/www.ricom-web8.com\/gestions\/#\/schema\/logo\/image\/\",\"url\":\"https:\/\/gestions-hospitalieres.fr\/wp-content\/uploads\/2017\/02\/picto_Gif-GH-trans.png\",\"contentUrl\":\"https:\/\/gestions-hospitalieres.fr\/wp-content\/uploads\/2017\/02\/picto_Gif-GH-trans.png\",\"width\":512,\"height\":512,\"caption\":\"Gestions hospitali\u00e8res\"},\"image\":{\"@id\":\"https:\/\/www.ricom-web8.com\/gestions\/#\/schema\/logo\/image\/\"},\"sameAs\":[\"https:\/\/www.facebook.com\/gestionshospitalieres\/\",\"https:\/\/x.com\/revue_GH\",\"https:\/\/www.linkedin.com\/company\/gestions-hospitalieres?trk=top_nav_home\"]},{\"@type\":\"Person\",\"@id\":\"https:\/\/www.ricom-web8.com\/gestions\/#\/schema\/person\/3ba9fe913190dfe9507feb621e902c1f\",\"name\":\"Gestions hospitali\u00e8res\",\"image\":{\"@type\":\"ImageObject\",\"inLanguage\":\"fr-FR\",\"@id\":\"https:\/\/www.ricom-web8.com\/gestions\/#\/schema\/person\/image\/\",\"url\":\"https:\/\/secure.gravatar.com\/avatar\/1a0d93e6db5dbe7dac96bae4757d256f?s=96&d=mm&r=g\",\"contentUrl\":\"https:\/\/secure.gravatar.com\/avatar\/1a0d93e6db5dbe7dac96bae4757d256f?s=96&d=mm&r=g\",\"caption\":\"Gestions hospitali\u00e8res\"},\"url\":\"https:\/\/www.ricom-web8.com\/gestions\/author\/benjamin\/\"}]}<\/script>\n<!-- \/ Yoast SEO plugin. -->","yoast_head_json":{"title":"Donn\u00e9es num\u00e9riques et intelligence artificielle en sant\u00e9 - Gestions hospitali\u00e8res","robots":{"index":"index","follow":"follow","max-snippet":"max-snippet:-1","max-image-preview":"max-image-preview:large","max-video-preview":"max-video-preview:-1"},"canonical":"https:\/\/www.ricom-web8.com\/gestions\/donnees-numeriques-et-intelligence-artificielle-en-sante\/","og_locale":"fr_FR","og_type":"article","og_title":"Donn\u00e9es num\u00e9riques et intelligence artificielle en sant\u00e9 - Gestions hospitali\u00e8res","og_description":"Temps de lecture\u00a0:  8 minutesCette s\u00e9rie de s\u00e9quences a \u00e9t\u00e9 organis\u00e9e et anim\u00e9e par Jean-Fran\u00e7ois Lefebvre, directeur g\u00e9n\u00e9ral du CHU de Limoges, pr\u00e9sident de la commission nationale des syst\u00e8mes d\u2019information de la Conf\u00e9rence des directeurs g\u00e9n\u00e9raux de CHU, et le Dr Eric Bord, chef de service de neurochirurgie et vice-pr\u00e9sident de la CME du CHU de Nantes, membre de la Conf\u00e9rence des pr\u00e9sidents de CME de CHU.\u00a0 S\u00e9quence 1 L\u2019intelligence artificielle au service des&hellip;","og_url":"https:\/\/www.ricom-web8.com\/gestions\/donnees-numeriques-et-intelligence-artificielle-en-sante\/","og_site_name":"Gestions hospitali\u00e8res","article_publisher":"https:\/\/www.facebook.com\/gestionshospitalieres\/","article_published_time":"2019-02-01T11:04:56+00:00","article_modified_time":"2019-02-20T15:44:31+00:00","author":"Gestions hospitali\u00e8res","twitter_card":"summary_large_image","twitter_creator":"@revue_GH","twitter_site":"@revue_GH","twitter_misc":{"\u00c9crit par":"Gestions hospitali\u00e8res","Dur\u00e9e de lecture estim\u00e9e":"13 minutes"},"schema":{"@context":"https:\/\/schema.org","@graph":[{"@type":"Article","@id":"https:\/\/www.ricom-web8.com\/gestions\/donnees-numeriques-et-intelligence-artificielle-en-sante\/#article","isPartOf":{"@id":"https:\/\/www.ricom-web8.com\/gestions\/donnees-numeriques-et-intelligence-artificielle-en-sante\/"},"author":{"name":"Gestions hospitali\u00e8res","@id":"https:\/\/www.ricom-web8.com\/gestions\/#\/schema\/person\/3ba9fe913190dfe9507feb621e902c1f"},"headline":"Donn\u00e9es num\u00e9riques et intelligence artificielle en sant\u00e9","datePublished":"2019-02-01T11:04:56+00:00","dateModified":"2019-02-20T15:44:31+00:00","mainEntityOfPage":{"@id":"https:\/\/www.ricom-web8.com\/gestions\/donnees-numeriques-et-intelligence-artificielle-en-sante\/"},"wordCount":2676,"commentCount":0,"publisher":{"@id":"https:\/\/www.ricom-web8.com\/gestions\/#organization"},"keywords":["2018","Assises","CHU","\u00e9tudes m\u00e9dicales","g\u00e9nomique","innovations m\u00e9dicales","intelligence artificielle","num\u00e9rique","Poitiers"],"articleSection":["compte-rendu","Gestions Hospitali\u00e8res"],"inLanguage":"fr-FR","potentialAction":[{"@type":"CommentAction","name":"Comment","target":["https:\/\/www.ricom-web8.com\/gestions\/donnees-numeriques-et-intelligence-artificielle-en-sante\/#respond"]}]},{"@type":"WebPage","@id":"https:\/\/www.ricom-web8.com\/gestions\/donnees-numeriques-et-intelligence-artificielle-en-sante\/","url":"https:\/\/www.ricom-web8.com\/gestions\/donnees-numeriques-et-intelligence-artificielle-en-sante\/","name":"Donn\u00e9es num\u00e9riques et intelligence artificielle en sant\u00e9 - Gestions hospitali\u00e8res","isPartOf":{"@id":"https:\/\/www.ricom-web8.com\/gestions\/#website"},"datePublished":"2019-02-01T11:04:56+00:00","dateModified":"2019-02-20T15:44:31+00:00","breadcrumb":{"@id":"https:\/\/www.ricom-web8.com\/gestions\/donnees-numeriques-et-intelligence-artificielle-en-sante\/#breadcrumb"},"inLanguage":"fr-FR","potentialAction":[{"@type":"ReadAction","target":["https:\/\/www.ricom-web8.com\/gestions\/donnees-numeriques-et-intelligence-artificielle-en-sante\/"]}]},{"@type":"BreadcrumbList","@id":"https:\/\/www.ricom-web8.com\/gestions\/donnees-numeriques-et-intelligence-artificielle-en-sante\/#breadcrumb","itemListElement":[{"@type":"ListItem","position":1,"name":"Accueil","item":"https:\/\/www.ricom-web8.com\/gestions\/"},{"@type":"ListItem","position":2,"name":"Donn\u00e9es num\u00e9riques et intelligence artificielle en sant\u00e9"}]},{"@type":"WebSite","@id":"https:\/\/www.ricom-web8.com\/gestions\/#website","url":"https:\/\/www.ricom-web8.com\/gestions\/","name":"Gestions hospitali\u00e8res","description":"la revue des d\u00e9cideurs hospitaliers","publisher":{"@id":"https:\/\/www.ricom-web8.com\/gestions\/#organization"},"potentialAction":[{"@type":"SearchAction","target":{"@type":"EntryPoint","urlTemplate":"https:\/\/www.ricom-web8.com\/gestions\/?s={search_term_string}"},"query-input":{"@type":"PropertyValueSpecification","valueRequired":true,"valueName":"search_term_string"}}],"inLanguage":"fr-FR"},{"@type":"Organization","@id":"https:\/\/www.ricom-web8.com\/gestions\/#organization","name":"Gestions hospitali\u00e8res","url":"https:\/\/www.ricom-web8.com\/gestions\/","logo":{"@type":"ImageObject","inLanguage":"fr-FR","@id":"https:\/\/www.ricom-web8.com\/gestions\/#\/schema\/logo\/image\/","url":"https:\/\/gestions-hospitalieres.fr\/wp-content\/uploads\/2017\/02\/picto_Gif-GH-trans.png","contentUrl":"https:\/\/gestions-hospitalieres.fr\/wp-content\/uploads\/2017\/02\/picto_Gif-GH-trans.png","width":512,"height":512,"caption":"Gestions hospitali\u00e8res"},"image":{"@id":"https:\/\/www.ricom-web8.com\/gestions\/#\/schema\/logo\/image\/"},"sameAs":["https:\/\/www.facebook.com\/gestionshospitalieres\/","https:\/\/x.com\/revue_GH","https:\/\/www.linkedin.com\/company\/gestions-hospitalieres?trk=top_nav_home"]},{"@type":"Person","@id":"https:\/\/www.ricom-web8.com\/gestions\/#\/schema\/person\/3ba9fe913190dfe9507feb621e902c1f","name":"Gestions hospitali\u00e8res","image":{"@type":"ImageObject","inLanguage":"fr-FR","@id":"https:\/\/www.ricom-web8.com\/gestions\/#\/schema\/person\/image\/","url":"https:\/\/secure.gravatar.com\/avatar\/1a0d93e6db5dbe7dac96bae4757d256f?s=96&d=mm&r=g","contentUrl":"https:\/\/secure.gravatar.com\/avatar\/1a0d93e6db5dbe7dac96bae4757d256f?s=96&d=mm&r=g","caption":"Gestions hospitali\u00e8res"},"url":"https:\/\/www.ricom-web8.com\/gestions\/author\/benjamin\/"}]}},"_links":{"self":[{"href":"https:\/\/www.ricom-web8.com\/gestions\/wp-json\/wp\/v2\/posts\/39224","targetHints":{"allow":["GET"]}}],"collection":[{"href":"https:\/\/www.ricom-web8.com\/gestions\/wp-json\/wp\/v2\/posts"}],"about":[{"href":"https:\/\/www.ricom-web8.com\/gestions\/wp-json\/wp\/v2\/types\/post"}],"author":[{"embeddable":true,"href":"https:\/\/www.ricom-web8.com\/gestions\/wp-json\/wp\/v2\/users\/23133"}],"replies":[{"embeddable":true,"href":"https:\/\/www.ricom-web8.com\/gestions\/wp-json\/wp\/v2\/comments?post=39224"}],"version-history":[{"count":0,"href":"https:\/\/www.ricom-web8.com\/gestions\/wp-json\/wp\/v2\/posts\/39224\/revisions"}],"wp:attachment":[{"href":"https:\/\/www.ricom-web8.com\/gestions\/wp-json\/wp\/v2\/media?parent=39224"}],"wp:term":[{"taxonomy":"category","embeddable":true,"href":"https:\/\/www.ricom-web8.com\/gestions\/wp-json\/wp\/v2\/categories?post=39224"},{"taxonomy":"post_tag","embeddable":true,"href":"https:\/\/www.ricom-web8.com\/gestions\/wp-json\/wp\/v2\/tags?post=39224"}],"curies":[{"name":"wp","href":"https:\/\/api.w.org\/{rel}","templated":true}]}}