

{"id":39228,"date":"2019-02-01T15:41:03","date_gmt":"2019-02-01T14:41:03","guid":{"rendered":"https:\/\/gestions-hospitalieres.fr\/?p=39228"},"modified":"2019-02-20T14:54:17","modified_gmt":"2019-02-20T13:54:17","slug":"la-genomique-et-sa-dimension-ethique","status":"publish","type":"post","link":"https:\/\/www.ricom-web8.com\/gestions\/la-genomique-et-sa-dimension-ethique\/","title":{"rendered":"La g\u00e9nomique et sa dimension \u00e9thique"},"content":{"rendered":"<span class=\"span-reading-time rt-reading-time\" style=\"display: block;\"><span class=\"rt-label rt-prefix\">Temps de lecture\u00a0: <\/span> <span class=\"rt-time\"> 4<\/span> <span class=\"rt-label rt-postfix\">minutes<\/span><\/span><p><iframe loading=\"lazy\" src=\"https:\/\/www.youtube.com\/embed\/_3B9Rr4FVFQ\" width=\"560\" height=\"315\" frameborder=\"0\" allowfullscreen=\"allowfullscreen\"><\/iframe><\/p>\n<p><strong>Philippe Vigouroux<\/strong>, directeur g\u00e9n\u00e9ral du CHU, a introduit la s\u00e9ance \u00ab \u00c9thique et g\u00e9nomique \u00bb, dans le droit fil de l\u2019avis 129 du CCNE. Il a relev\u00e9 les progr\u00e8s fulgurants de la m\u00e9decine\u2009: des techniques innovantes sont d\u00e9j\u00e0 banalis\u00e9es, comme les pacemakers, la chirurgie r\u00e9fractive et le diagnostic pr\u00e9implantatoire. Une partie de ces progr\u00e8s est li\u00e9e \u00e0 ceux des biotechnologies, de l\u2019informatique, des sciences cognitives. Mais c\u2019est surtout dans le domaine de la g\u00e9nomique que la recherche est la plus spectaculaire, avec les perspectives extraordinaires ouvertes par la technique CRISPR-Cas9, qui pose des questions \u00e9thiques\u2009: si la science est \u00e0 peu pr\u00e8s align\u00e9e sur tous les continents, on en est loin sur le plan de l\u2019\u00e9thique. Un biologiste chinois a ainsi annonc\u00e9 en novembre 2018 la naissance de jumelles g\u00e9n\u00e9tiquement modifi\u00e9es. Cela, ainsi que d\u2019autres exemples, renvoie au mouvement transhumaniste. Le risque r\u00e9el de cr\u00e9er des individus nouveaux, voire des surhommes, la soci\u00e9t\u00e9 nouvelle qui s\u2019ensuivraient, rendent plus que jamais n\u00e9cessaire la r\u00e9flexion \u00e9thique.<\/p>\n<p>Le <strong>Pr Delfraissy<\/strong> est revenu, en introduction de son propos, sur l\u2019actualit\u00e9 r\u00e9cente et la modification d\u2019un g\u00e9nome germinal en Chine au moyen de \u00ab\u2009ciseaux mol\u00e9culaires\u2009\u00bb. Il a constat\u00e9 que si l\u2019on a bien une vision internationale de la science, il n\u2019y a en revanche pas de vision internationale de l\u2019\u00e9thique. La science est fondamentale, elle doit avancer et on ne l\u2019emp\u00eache pas d\u2019avancer. Mais on peut l\u2019interpeller et la r\u00e9guler.<span class=\"Apple-converted-space\">\u00a0<\/span><\/p>\n<p>Jean-Fran\u00e7ois Delfraissy a pr\u00e9cis\u00e9 s\u2019attendre \u00e0 un report du d\u00e9p\u00f4t du projet de loi bio\u00e9thique, qui ne serait pr\u00e9sent\u00e9 qu\u2019au deuxi\u00e8me trimestre 2019, apr\u00e8s les \u00e9lections europ\u00e9ennes.<\/p>\n<p>Il est revenu sur les th\u00e8mes abord\u00e9s lors des \u00e9tats g\u00e9n\u00e9raux de bio\u00e9thique\u2009: soci\u00e9t\u00e9 et accompagnement de la fin de vie en France\u2009; soci\u00e9t\u00e9 et procr\u00e9ation\u2009; intelligence artificielle et procr\u00e9ation\u2009; sant\u00e9 et environnement\u2009; cellules-souches et recherche sur l\u2019embryon\u2009; examens g\u00e9n\u00e9tiques et m\u00e9decine g\u00e9nomique\u2009: dons et transplantations d\u2019organes\u2009; neurosciences\u2009; donn\u00e9es de sant\u00e9 et num\u00e9rique.<\/p>\n<p>Il a soulign\u00e9 qu\u2019au-del\u00e0 de ces th\u00e8mes, d\u2019autres avaient \u00e9t\u00e9 abord\u00e9s, comme la place des usagers dans la gouvernance du syst\u00e8me de sant\u00e9. Les citoyens r\u00e9clament d\u2019\u00eatre associ\u00e9s aux d\u00e9cisions. Jean-Fran\u00e7ois Delfraissy a plaid\u00e9 pour qu\u2019une place soit institutionnalis\u00e9e, de fa\u00e7on beaucoup plus importante qu\u2019elle ne l\u2019a \u00e9t\u00e9 aujourd\u2019hui, pour l\u2019usager.<\/p>\n<p>L\u2019avis 129 du CCNE, qui a suivi les \u00e9tats g\u00e9n\u00e9raux de bio\u00e9thique, a notamment mis l\u2019accent sur la g\u00e9n\u00e9tique. L\u2019innovation technologique rend la g\u00e9nomique accessible au plus grand nombre. Son utilisation en dehors d\u2019une pathologie donn\u00e9e, et donc en dehors d\u2019une prescription m\u00e9dicale, est interdite en France. Mais d\u2019autres pays n\u2019ont pas suivi la m\u00eame voie. Ces s\u00e9quen\u00e7ages sont centralis\u00e9s, par des compagnies essentiellement anglo-saxonnes. Cela se fait souvent en oubliant que seule une partie de notre avenir est dans nos g\u00eanes. Le CCNE s\u2019est donc demand\u00e9 si, compte tenu de ces \u00e9l\u00e9ments, il fallait maintenir la r\u00e9glementation telle quelle, ou ouvrir la voie \u00e0 une \u00e9volution.<\/p>\n<p>Le CCNE souhaite que le diagnostic g\u00e9n\u00e9tique pr\u00e9conceptionnel puisse \u00eatre propos\u00e9 \u00e0 toutes les personnes en \u00e2ge de procr\u00e9er qui le souhaitent apr\u00e8s une consultation sp\u00e9cialis\u00e9e. Ce diagnostic pr\u00e9conceptionnel reposerait sur le d\u00e9pistage des porteurs sains de mutations responsables de maladies h\u00e9r\u00e9ditaires monog\u00e9niques graves, et non polyg\u00e9niques, quelle que soit la technique utilis\u00e9e (panel de g\u00e8nes, s\u00e9quen\u00e7age de l\u2019exome ou du g\u00e9nome entier). Acte m\u00e9dical de pr\u00e9vention, il serait pris en charge par l\u2019Assurance maladie.<\/p>\n<p>Le CCNE se propose d\u2019examiner de fa\u00e7on plus approfondie les possibilit\u00e9s de l\u2019extension du d\u00e9pistage g\u00e9n\u00e9tique \u00e0 la population g\u00e9n\u00e9rale. Il souhaite que soit tr\u00e8s rapidement mise en place une \u00e9tude pilote portant sur plusieurs r\u00e9gions et sur des tranches d\u2019\u00e2ge diff\u00e9rentes, afin d\u2019en \u00e9valuer les cons\u00e9quences en termes de sant\u00e9 publique, de retentissement psychologique et de co\u00fbt.<\/p>\n<p>Le CCNE est favorable \u00e0 l\u2019autorisation des examens g\u00e9n\u00e9tiques sur un pr\u00e9l\u00e8vement de patient d\u00e9c\u00e9d\u00e9, sauf si un refus a \u00e9t\u00e9 exprim\u00e9 de son vivant.<\/p>\n<p>Le CCNE souhaite la cr\u00e9ation d\u2019un statut des conseillers g\u00e9n\u00e9tiques, du fait du d\u00e9veloppement exponentiel des tests g\u00e9n\u00e9tiques, incluant des non-m\u00e9decins.<\/p>\n<p>Jean-Fran\u00e7ois Delfraissy est par ailleurs revenu sur l\u2019utilisation des \u00ab\u2009ciseaux g\u00e9n\u00e9tiques\u2009\u00bb. Pour des adultes, ils ont pour objectif de corriger un g\u00e8ne associ\u00e9 \u00e0 une pathologie. Le nombre de pathologies concern\u00e9 est relativement limit\u00e9 et ne pose pas de probl\u00e8me \u00e9thique majeur. En revanche, une \u00e9quipe chinoise, sous le pr\u00e9texte de rendre un g\u00e8ne r\u00e9sistant au VIH, a modifi\u00e9 des gam\u00e8tes, touchant ainsi au patrimoine g\u00e9n\u00e9tique de la descendance \u00e9ventuelle. La communaut\u00e9 m\u00e9dicale s\u2019est fortement oppos\u00e9e \u00e0 une telle pratique. Jean-Fran\u00e7ois Delfraissy a pris pour exemple le clonage\u2009: quand la communaut\u00e9 m\u00e9dicale se mobilise dans son ensemble contre une pratique, elle parvient \u00e0 obtenir que celle-ci ne soit pas utilis\u00e9e. Mais la question se posera forc\u00e9ment\u2009: la communaut\u00e9 internationale doit donc se positionner sur le sujet et dire jusqu\u2019o\u00f9 elle est pr\u00eate \u00e0 avancer.<\/p>\n<p>Le Pr Delfraissy a conclu son propos par la recherche sur l\u2019embryon et les cellules-souches. D\u2019une part, la recherche sur l\u2019embryon peut poser des questionnements. D\u2019autre part, c\u2019est l\u2019utilisation des cellules-souches qui pose question et qui pr\u00e9sente des enjeux th\u00e9rapeutiques majeurs. Le CCNE a souhait\u00e9 qu\u2019il y ait une ouverture sur l\u2019utilisation des cellules-souches en France.<\/p>\n<p><i>Ainsi s\u2019est achev\u00e9e cette premi\u00e8re journ\u00e9e des Assises. Rendez-vous \u00e9tait donn\u00e9 aux participants le lendemain, 8h45, entre autres pour la remise du rapport \u00ab\u2009Le CHU de demain. Symbiose, cr\u00e9ativit\u00e9 et excellence\u2009\u00bb r\u00e9dig\u00e9 conjointement par les six Conf\u00e9rences et remis en direct \u00e0 Agn\u00e8s Buzyn, ministre des Solidarit\u00e9s et de la Sant\u00e9, et Fr\u00e9d\u00e9rique Vidal, ministre de l\u2019Enseignement sup\u00e9rieur, de la Recherche et de l\u2019Innovation.<\/i><\/p>\n<script>function PlayerjsAsync(){} if(window[\"Playerjs\"]){PlayerjsAsync();}<\/script>","protected":false},"excerpt":{"rendered":"<p><span class=\"span-reading-time rt-reading-time\" style=\"display: block;\"><span class=\"rt-label rt-prefix\">Temps de lecture\u00a0: <\/span> <span class=\"rt-time\"> 4<\/span> <span class=\"rt-label rt-postfix\">minutes<\/span><\/span>Philippe Vigouroux, directeur g\u00e9n\u00e9ral du CHU, a introduit la s\u00e9ance \u00ab \u00c9thique et g\u00e9nomique \u00bb, dans le droit fil de l\u2019avis 129 du CCNE. Il a relev\u00e9 les progr\u00e8s fulgurants de la m\u00e9decine\u2009: des techniques innovantes sont d\u00e9j\u00e0 banalis\u00e9es, comme les pacemakers, la chirurgie r\u00e9fractive et le diagnostic pr\u00e9implantatoire. Une partie de ces progr\u00e8s est li\u00e9e \u00e0 ceux des biotechnologies, de l\u2019informatique, des sciences cognitives. Mais c\u2019est surtout dans le&hellip; <\/p>\n","protected":false},"author":23133,"featured_media":0,"comment_status":"open","ping_status":"closed","sticky":false,"template":"","format":"standard","meta":{"_acf_changed":false,"_relevanssi_hide_post":"","_relevanssi_hide_content":"","_relevanssi_pin_for_all":"","_relevanssi_pin_keywords":"","_relevanssi_unpin_keywords":"","_relevanssi_related_keywords":"","_relevanssi_related_include_ids":"","_relevanssi_related_exclude_ids":"","_relevanssi_related_no_append":"","_relevanssi_related_not_related":"","_relevanssi_related_posts":"","_relevanssi_noindex_reason":"","footnotes":""},"categories":[6793,2],"tags":[7053,5135,43,6626,7143,7144,2326,1872,5198],"class_list":["post-39228","post","type-post","status-publish","format-standard","hentry","category-compte-rendu","category-gestions-hospitalieres","tag-7053","tag-assises","tag-chu","tag-etudes-medicales","tag-genomique","tag-innovations-medicales","tag-intelligence-artificielle","tag-numerique","tag-poitiers"],"acf":[],"yoast_head":"<!-- This site is optimized with the Yoast SEO plugin v24.8.1 - https:\/\/yoast.com\/wordpress\/plugins\/seo\/ -->\n<title>La g\u00e9nomique et sa dimension \u00e9thique - Gestions hospitali\u00e8res<\/title>\n<meta name=\"robots\" content=\"index, follow, max-snippet:-1, max-image-preview:large, max-video-preview:-1\" \/>\n<link rel=\"canonical\" href=\"https:\/\/www.ricom-web8.com\/gestions\/la-genomique-et-sa-dimension-ethique\/\" \/>\n<meta property=\"og:locale\" content=\"fr_FR\" \/>\n<meta property=\"og:type\" content=\"article\" \/>\n<meta property=\"og:title\" content=\"La g\u00e9nomique et sa dimension \u00e9thique - Gestions hospitali\u00e8res\" \/>\n<meta property=\"og:description\" content=\"Temps de lecture\u00a0:  4 minutesPhilippe Vigouroux, directeur g\u00e9n\u00e9ral du CHU, a introduit la s\u00e9ance \u00ab \u00c9thique et g\u00e9nomique \u00bb, dans le droit fil de l\u2019avis 129 du CCNE. Il a relev\u00e9 les progr\u00e8s fulgurants de la m\u00e9decine\u2009: des techniques innovantes sont d\u00e9j\u00e0 banalis\u00e9es, comme les pacemakers, la chirurgie r\u00e9fractive et le diagnostic pr\u00e9implantatoire. Une partie de ces progr\u00e8s est li\u00e9e \u00e0 ceux des biotechnologies, de l\u2019informatique, des sciences cognitives. Mais c\u2019est surtout dans le&hellip;\" \/>\n<meta property=\"og:url\" content=\"https:\/\/www.ricom-web8.com\/gestions\/la-genomique-et-sa-dimension-ethique\/\" \/>\n<meta property=\"og:site_name\" content=\"Gestions hospitali\u00e8res\" \/>\n<meta property=\"article:publisher\" content=\"https:\/\/www.facebook.com\/gestionshospitalieres\/\" \/>\n<meta property=\"article:published_time\" content=\"2019-02-01T14:41:03+00:00\" \/>\n<meta property=\"article:modified_time\" content=\"2019-02-20T13:54:17+00:00\" \/>\n<meta name=\"author\" content=\"Gestions hospitali\u00e8res\" \/>\n<meta name=\"twitter:card\" content=\"summary_large_image\" \/>\n<meta name=\"twitter:creator\" content=\"@revue_GH\" \/>\n<meta name=\"twitter:site\" content=\"@revue_GH\" \/>\n<meta name=\"twitter:label1\" content=\"\u00c9crit par\" \/>\n\t<meta name=\"twitter:data1\" content=\"Gestions hospitali\u00e8res\" \/>\n\t<meta name=\"twitter:label2\" content=\"Dur\u00e9e de lecture estim\u00e9e\" \/>\n\t<meta name=\"twitter:data2\" content=\"5 minutes\" \/>\n<script type=\"application\/ld+json\" class=\"yoast-schema-graph\">{\"@context\":\"https:\/\/schema.org\",\"@graph\":[{\"@type\":\"Article\",\"@id\":\"https:\/\/www.ricom-web8.com\/gestions\/la-genomique-et-sa-dimension-ethique\/#article\",\"isPartOf\":{\"@id\":\"https:\/\/www.ricom-web8.com\/gestions\/la-genomique-et-sa-dimension-ethique\/\"},\"author\":{\"name\":\"Gestions hospitali\u00e8res\",\"@id\":\"https:\/\/www.ricom-web8.com\/gestions\/#\/schema\/person\/3ba9fe913190dfe9507feb621e902c1f\"},\"headline\":\"La g\u00e9nomique et sa dimension \u00e9thique\",\"datePublished\":\"2019-02-01T14:41:03+00:00\",\"dateModified\":\"2019-02-20T13:54:17+00:00\",\"mainEntityOfPage\":{\"@id\":\"https:\/\/www.ricom-web8.com\/gestions\/la-genomique-et-sa-dimension-ethique\/\"},\"wordCount\":1103,\"commentCount\":0,\"publisher\":{\"@id\":\"https:\/\/www.ricom-web8.com\/gestions\/#organization\"},\"keywords\":[\"2018\",\"Assises\",\"CHU\",\"\u00e9tudes m\u00e9dicales\",\"g\u00e9nomique\",\"innovations m\u00e9dicales\",\"intelligence artificielle\",\"num\u00e9rique\",\"Poitiers\"],\"articleSection\":[\"compte-rendu\",\"Gestions Hospitali\u00e8res\"],\"inLanguage\":\"fr-FR\",\"potentialAction\":[{\"@type\":\"CommentAction\",\"name\":\"Comment\",\"target\":[\"https:\/\/www.ricom-web8.com\/gestions\/la-genomique-et-sa-dimension-ethique\/#respond\"]}]},{\"@type\":\"WebPage\",\"@id\":\"https:\/\/www.ricom-web8.com\/gestions\/la-genomique-et-sa-dimension-ethique\/\",\"url\":\"https:\/\/www.ricom-web8.com\/gestions\/la-genomique-et-sa-dimension-ethique\/\",\"name\":\"La g\u00e9nomique et sa dimension \u00e9thique - Gestions hospitali\u00e8res\",\"isPartOf\":{\"@id\":\"https:\/\/www.ricom-web8.com\/gestions\/#website\"},\"datePublished\":\"2019-02-01T14:41:03+00:00\",\"dateModified\":\"2019-02-20T13:54:17+00:00\",\"breadcrumb\":{\"@id\":\"https:\/\/www.ricom-web8.com\/gestions\/la-genomique-et-sa-dimension-ethique\/#breadcrumb\"},\"inLanguage\":\"fr-FR\",\"potentialAction\":[{\"@type\":\"ReadAction\",\"target\":[\"https:\/\/www.ricom-web8.com\/gestions\/la-genomique-et-sa-dimension-ethique\/\"]}]},{\"@type\":\"BreadcrumbList\",\"@id\":\"https:\/\/www.ricom-web8.com\/gestions\/la-genomique-et-sa-dimension-ethique\/#breadcrumb\",\"itemListElement\":[{\"@type\":\"ListItem\",\"position\":1,\"name\":\"Accueil\",\"item\":\"https:\/\/www.ricom-web8.com\/gestions\/\"},{\"@type\":\"ListItem\",\"position\":2,\"name\":\"La g\u00e9nomique et sa dimension \u00e9thique\"}]},{\"@type\":\"WebSite\",\"@id\":\"https:\/\/www.ricom-web8.com\/gestions\/#website\",\"url\":\"https:\/\/www.ricom-web8.com\/gestions\/\",\"name\":\"Gestions hospitali\u00e8res\",\"description\":\"la revue des d\u00e9cideurs hospitaliers\",\"publisher\":{\"@id\":\"https:\/\/www.ricom-web8.com\/gestions\/#organization\"},\"potentialAction\":[{\"@type\":\"SearchAction\",\"target\":{\"@type\":\"EntryPoint\",\"urlTemplate\":\"https:\/\/www.ricom-web8.com\/gestions\/?s={search_term_string}\"},\"query-input\":{\"@type\":\"PropertyValueSpecification\",\"valueRequired\":true,\"valueName\":\"search_term_string\"}}],\"inLanguage\":\"fr-FR\"},{\"@type\":\"Organization\",\"@id\":\"https:\/\/www.ricom-web8.com\/gestions\/#organization\",\"name\":\"Gestions hospitali\u00e8res\",\"url\":\"https:\/\/www.ricom-web8.com\/gestions\/\",\"logo\":{\"@type\":\"ImageObject\",\"inLanguage\":\"fr-FR\",\"@id\":\"https:\/\/www.ricom-web8.com\/gestions\/#\/schema\/logo\/image\/\",\"url\":\"https:\/\/gestions-hospitalieres.fr\/wp-content\/uploads\/2017\/02\/picto_Gif-GH-trans.png\",\"contentUrl\":\"https:\/\/gestions-hospitalieres.fr\/wp-content\/uploads\/2017\/02\/picto_Gif-GH-trans.png\",\"width\":512,\"height\":512,\"caption\":\"Gestions hospitali\u00e8res\"},\"image\":{\"@id\":\"https:\/\/www.ricom-web8.com\/gestions\/#\/schema\/logo\/image\/\"},\"sameAs\":[\"https:\/\/www.facebook.com\/gestionshospitalieres\/\",\"https:\/\/x.com\/revue_GH\",\"https:\/\/www.linkedin.com\/company\/gestions-hospitalieres?trk=top_nav_home\"]},{\"@type\":\"Person\",\"@id\":\"https:\/\/www.ricom-web8.com\/gestions\/#\/schema\/person\/3ba9fe913190dfe9507feb621e902c1f\",\"name\":\"Gestions hospitali\u00e8res\",\"image\":{\"@type\":\"ImageObject\",\"inLanguage\":\"fr-FR\",\"@id\":\"https:\/\/www.ricom-web8.com\/gestions\/#\/schema\/person\/image\/\",\"url\":\"https:\/\/secure.gravatar.com\/avatar\/1a0d93e6db5dbe7dac96bae4757d256f?s=96&d=mm&r=g\",\"contentUrl\":\"https:\/\/secure.gravatar.com\/avatar\/1a0d93e6db5dbe7dac96bae4757d256f?s=96&d=mm&r=g\",\"caption\":\"Gestions hospitali\u00e8res\"},\"url\":\"https:\/\/www.ricom-web8.com\/gestions\/author\/benjamin\/\"}]}<\/script>\n<!-- \/ Yoast SEO plugin. -->","yoast_head_json":{"title":"La g\u00e9nomique et sa dimension \u00e9thique - Gestions hospitali\u00e8res","robots":{"index":"index","follow":"follow","max-snippet":"max-snippet:-1","max-image-preview":"max-image-preview:large","max-video-preview":"max-video-preview:-1"},"canonical":"https:\/\/www.ricom-web8.com\/gestions\/la-genomique-et-sa-dimension-ethique\/","og_locale":"fr_FR","og_type":"article","og_title":"La g\u00e9nomique et sa dimension \u00e9thique - Gestions hospitali\u00e8res","og_description":"Temps de lecture\u00a0:  4 minutesPhilippe Vigouroux, directeur g\u00e9n\u00e9ral du CHU, a introduit la s\u00e9ance \u00ab \u00c9thique et g\u00e9nomique \u00bb, dans le droit fil de l\u2019avis 129 du CCNE. Il a relev\u00e9 les progr\u00e8s fulgurants de la m\u00e9decine\u2009: des techniques innovantes sont d\u00e9j\u00e0 banalis\u00e9es, comme les pacemakers, la chirurgie r\u00e9fractive et le diagnostic pr\u00e9implantatoire. Une partie de ces progr\u00e8s est li\u00e9e \u00e0 ceux des biotechnologies, de l\u2019informatique, des sciences cognitives. Mais c\u2019est surtout dans le&hellip;","og_url":"https:\/\/www.ricom-web8.com\/gestions\/la-genomique-et-sa-dimension-ethique\/","og_site_name":"Gestions hospitali\u00e8res","article_publisher":"https:\/\/www.facebook.com\/gestionshospitalieres\/","article_published_time":"2019-02-01T14:41:03+00:00","article_modified_time":"2019-02-20T13:54:17+00:00","author":"Gestions hospitali\u00e8res","twitter_card":"summary_large_image","twitter_creator":"@revue_GH","twitter_site":"@revue_GH","twitter_misc":{"\u00c9crit par":"Gestions hospitali\u00e8res","Dur\u00e9e de lecture estim\u00e9e":"5 minutes"},"schema":{"@context":"https:\/\/schema.org","@graph":[{"@type":"Article","@id":"https:\/\/www.ricom-web8.com\/gestions\/la-genomique-et-sa-dimension-ethique\/#article","isPartOf":{"@id":"https:\/\/www.ricom-web8.com\/gestions\/la-genomique-et-sa-dimension-ethique\/"},"author":{"name":"Gestions hospitali\u00e8res","@id":"https:\/\/www.ricom-web8.com\/gestions\/#\/schema\/person\/3ba9fe913190dfe9507feb621e902c1f"},"headline":"La g\u00e9nomique et sa dimension \u00e9thique","datePublished":"2019-02-01T14:41:03+00:00","dateModified":"2019-02-20T13:54:17+00:00","mainEntityOfPage":{"@id":"https:\/\/www.ricom-web8.com\/gestions\/la-genomique-et-sa-dimension-ethique\/"},"wordCount":1103,"commentCount":0,"publisher":{"@id":"https:\/\/www.ricom-web8.com\/gestions\/#organization"},"keywords":["2018","Assises","CHU","\u00e9tudes m\u00e9dicales","g\u00e9nomique","innovations m\u00e9dicales","intelligence artificielle","num\u00e9rique","Poitiers"],"articleSection":["compte-rendu","Gestions Hospitali\u00e8res"],"inLanguage":"fr-FR","potentialAction":[{"@type":"CommentAction","name":"Comment","target":["https:\/\/www.ricom-web8.com\/gestions\/la-genomique-et-sa-dimension-ethique\/#respond"]}]},{"@type":"WebPage","@id":"https:\/\/www.ricom-web8.com\/gestions\/la-genomique-et-sa-dimension-ethique\/","url":"https:\/\/www.ricom-web8.com\/gestions\/la-genomique-et-sa-dimension-ethique\/","name":"La g\u00e9nomique et sa dimension \u00e9thique - Gestions hospitali\u00e8res","isPartOf":{"@id":"https:\/\/www.ricom-web8.com\/gestions\/#website"},"datePublished":"2019-02-01T14:41:03+00:00","dateModified":"2019-02-20T13:54:17+00:00","breadcrumb":{"@id":"https:\/\/www.ricom-web8.com\/gestions\/la-genomique-et-sa-dimension-ethique\/#breadcrumb"},"inLanguage":"fr-FR","potentialAction":[{"@type":"ReadAction","target":["https:\/\/www.ricom-web8.com\/gestions\/la-genomique-et-sa-dimension-ethique\/"]}]},{"@type":"BreadcrumbList","@id":"https:\/\/www.ricom-web8.com\/gestions\/la-genomique-et-sa-dimension-ethique\/#breadcrumb","itemListElement":[{"@type":"ListItem","position":1,"name":"Accueil","item":"https:\/\/www.ricom-web8.com\/gestions\/"},{"@type":"ListItem","position":2,"name":"La g\u00e9nomique et sa dimension \u00e9thique"}]},{"@type":"WebSite","@id":"https:\/\/www.ricom-web8.com\/gestions\/#website","url":"https:\/\/www.ricom-web8.com\/gestions\/","name":"Gestions hospitali\u00e8res","description":"la revue des d\u00e9cideurs hospitaliers","publisher":{"@id":"https:\/\/www.ricom-web8.com\/gestions\/#organization"},"potentialAction":[{"@type":"SearchAction","target":{"@type":"EntryPoint","urlTemplate":"https:\/\/www.ricom-web8.com\/gestions\/?s={search_term_string}"},"query-input":{"@type":"PropertyValueSpecification","valueRequired":true,"valueName":"search_term_string"}}],"inLanguage":"fr-FR"},{"@type":"Organization","@id":"https:\/\/www.ricom-web8.com\/gestions\/#organization","name":"Gestions hospitali\u00e8res","url":"https:\/\/www.ricom-web8.com\/gestions\/","logo":{"@type":"ImageObject","inLanguage":"fr-FR","@id":"https:\/\/www.ricom-web8.com\/gestions\/#\/schema\/logo\/image\/","url":"https:\/\/gestions-hospitalieres.fr\/wp-content\/uploads\/2017\/02\/picto_Gif-GH-trans.png","contentUrl":"https:\/\/gestions-hospitalieres.fr\/wp-content\/uploads\/2017\/02\/picto_Gif-GH-trans.png","width":512,"height":512,"caption":"Gestions hospitali\u00e8res"},"image":{"@id":"https:\/\/www.ricom-web8.com\/gestions\/#\/schema\/logo\/image\/"},"sameAs":["https:\/\/www.facebook.com\/gestionshospitalieres\/","https:\/\/x.com\/revue_GH","https:\/\/www.linkedin.com\/company\/gestions-hospitalieres?trk=top_nav_home"]},{"@type":"Person","@id":"https:\/\/www.ricom-web8.com\/gestions\/#\/schema\/person\/3ba9fe913190dfe9507feb621e902c1f","name":"Gestions hospitali\u00e8res","image":{"@type":"ImageObject","inLanguage":"fr-FR","@id":"https:\/\/www.ricom-web8.com\/gestions\/#\/schema\/person\/image\/","url":"https:\/\/secure.gravatar.com\/avatar\/1a0d93e6db5dbe7dac96bae4757d256f?s=96&d=mm&r=g","contentUrl":"https:\/\/secure.gravatar.com\/avatar\/1a0d93e6db5dbe7dac96bae4757d256f?s=96&d=mm&r=g","caption":"Gestions hospitali\u00e8res"},"url":"https:\/\/www.ricom-web8.com\/gestions\/author\/benjamin\/"}]}},"_links":{"self":[{"href":"https:\/\/www.ricom-web8.com\/gestions\/wp-json\/wp\/v2\/posts\/39228","targetHints":{"allow":["GET"]}}],"collection":[{"href":"https:\/\/www.ricom-web8.com\/gestions\/wp-json\/wp\/v2\/posts"}],"about":[{"href":"https:\/\/www.ricom-web8.com\/gestions\/wp-json\/wp\/v2\/types\/post"}],"author":[{"embeddable":true,"href":"https:\/\/www.ricom-web8.com\/gestions\/wp-json\/wp\/v2\/users\/23133"}],"replies":[{"embeddable":true,"href":"https:\/\/www.ricom-web8.com\/gestions\/wp-json\/wp\/v2\/comments?post=39228"}],"version-history":[{"count":0,"href":"https:\/\/www.ricom-web8.com\/gestions\/wp-json\/wp\/v2\/posts\/39228\/revisions"}],"wp:attachment":[{"href":"https:\/\/www.ricom-web8.com\/gestions\/wp-json\/wp\/v2\/media?parent=39228"}],"wp:term":[{"taxonomy":"category","embeddable":true,"href":"https:\/\/www.ricom-web8.com\/gestions\/wp-json\/wp\/v2\/categories?post=39228"},{"taxonomy":"post_tag","embeddable":true,"href":"https:\/\/www.ricom-web8.com\/gestions\/wp-json\/wp\/v2\/tags?post=39228"}],"curies":[{"name":"wp","href":"https:\/\/api.w.org\/{rel}","templated":true}]}}