

{"id":40650,"date":"2019-11-01T15:48:01","date_gmt":"2019-11-01T14:48:01","guid":{"rendered":"https:\/\/gestions-hospitalieres.fr\/?p=40650"},"modified":"2019-12-06T16:02:21","modified_gmt":"2019-12-06T15:02:21","slug":"le-jardin-therapeutique","status":"publish","type":"post","link":"https:\/\/www.ricom-web8.com\/gestions\/le-jardin-therapeutique\/","title":{"rendered":"Le jardin th\u00e9rapeutique"},"content":{"rendered":"<span class=\"span-reading-time rt-reading-time\" style=\"display: block;\"><span class=\"rt-label rt-prefix\">Temps de lecture\u00a0: <\/span> <span class=\"rt-time\"> 4<\/span> <span class=\"rt-label rt-postfix\">minutes<\/span><\/span><p>L\u2019environnement ne joue pas seulement une fonction esth\u00e9tique d\u2019agr\u00e9ment ou une fonction \u00e9cologique au sens de d\u00e9veloppement durable. L\u2019environnement peut, en effet, \u00eatre entendu dans son sens originel et philosophique de \u00ab\u2009nature\u2009\u00bb, \u00e0 savoir l\u2019ensemble des forces vives v\u00e9g\u00e9tales et animales. Du point de vue scientifique, la recherche a mis en \u00e9vidence les bienfaits de la nature sur la sant\u00e9 des patients et leur \u00e9tat de bien-\u00eatre (OMS, 2016), ainsi que sur les professionnels hospitaliers.<\/p>\n<h1>Les effets b\u00e9n\u00e9fiques<span class=\"Apple-converted-space\">\u00a0<\/span><\/h1>\n<ul>\n<li>Les b\u00e9n\u00e9fices av\u00e9r\u00e9s de l\u2019exposition des patients \u00e0 la nature sont triples. Ils sont d\u2019abord psychologiques via la stimulation des cinq sens et de la perception temporo-spatiale des patients. Ensuite, sur la sant\u00e9 physique et mentale des patients, ils peuvent aller de l\u2019incitation \u00e0 l\u2019activit\u00e9 physique \u00e0 la r\u00e9duction du stress, du risque cardiovasculaire et neurologique, en passant par une att\u00e9nuation de l\u2019exposition \u00e0 des facteurs de risque tels que la pollution de l\u2019air ou le bruit. Enfin, plus sp\u00e9cifiquement, les jardins th\u00e9rapeutiques contribuent \u00e0 l\u2019autonomisation des patients et au renforcement des liens sociaux lors d\u2019ateliers de groupe, et donc indirectement, au renforcement de l\u2019image de soi. Lorsque le patient prend soin d\u2019une plante par exemple, le patient passe de son statut de soign\u00e9 \u00e0 celui de soignant. L\u2019ensemble des b\u00e9n\u00e9fices est particuli\u00e8rement notable pour les patients jeunes, \u00e2g\u00e9s, handicap\u00e9s, pr\u00e9sentant un \u00e9tat canc\u00e9reux ou des troubles psychiatriques. En ce sens, la nature peut jouer le r\u00f4le d\u2019un m\u00e9dium th\u00e9rapeutique et peut constituer une alternative ou un compl\u00e9ment \u00e0 la th\u00e9rapie m\u00e9dicamenteuse.<span class=\"Apple-converted-space\">\u00a0<\/span><\/li>\n<li>Pour les agents hospitaliers, les exp\u00e9rimentations ont permis de constater\u2009:<br \/>\n\u2022 une am\u00e9lioration de la relation soignants\/soign\u00e9s, l\u2019autonomie renforc\u00e9e des patients les rend en effet acteurs de leur prise en charge,<br \/>\n\u2022 un accroissement de l\u2019investissement des \u00e9quipes et de leur motivation,<br \/>\n\u2022 l\u2019acquisition de nouvelles comp\u00e9tences en lien avec nature,<br \/>\n\u2022 une am\u00e9lioration de la qualit\u00e9 de vie au travail par le biais de la r\u00e9duction des sympt\u00f4mes des patients, d\u2019une r\u00e9duction de la charge de travail des soignants, et une r\u00e9duction globale du stress des agents hospitaliers gr\u00e2ce \u00e0 l\u2019effet apaisant des espaces v\u00e9g\u00e9talis\u00e9s.<\/li>\n<li>De mani\u00e8re indirecte, la nature a aussi des effets positifs sur la valorisation \u00e9conomique et sociale d\u2019un \u00e9tablissement, par exemple la valorisation de son patrimoine<sup class=\"appel\" data-toggle=\"modal\" data-target=\"#notes\">(2)<\/sup>. L\u2019implantation de la nature entra\u00eene toutefois des difficult\u00e9s \u00e0 bien \u00e9valuer en amont du lancement du projet. Les risques sanitaires portent sur la prolif\u00e9ration des nuisibles, la photosensibilisation des patients avec des substances m\u00e9dicamenteuses, ou encore les allergies. \u00c0 ces risques peuvent s\u2019ajoutent des contraintes logistiques et s\u00e9curitaires, li\u00e9s par exemple aux flux de circulation ou risques de fuite de certains patients. Enfin, les ajustements financiers sont \u00e0 prendre en compte, particuli\u00e8rement pour l\u2019entretien et la valorisation de l\u2019espace (jardinage, \u00e9quipements, etc.). Lorsque les risques sanitaires pour les patients et soignants, les difficult\u00e9s financi\u00e8res, et les contraintes s\u00e9curitaires d\u2019acc\u00e8s et d\u2019am\u00e9nagement sont anticip\u00e9s, l\u2019\u00e9tablissement peut les ma\u00eetriser.<\/li>\n<\/ul>\n<p>De fait l\u2019implantation de jardins th\u00e9rapeutiques achoppe plut\u00f4t sur deux points pr\u00e9cis\u2009:<\/p>\n<ul>\n<li>le manque de sensibilisation et de formation des directeurs et cadres d\u2019\u00e9tablissements de sant\u00e9 sur l\u2019environnement, et en particulier sur les jardins th\u00e9rapeutiques, entra\u00eene un manque de compr\u00e9hension sur les int\u00e9r\u00eats d\u2019une implantation de la nature pour les patients, les agents et la structure\u2009;<\/li>\n<li>le manque de formation des \u00e9quipes soignantes sur les bienfaits de la nature sur la sant\u00e9 des patients et sur son r\u00f4le th\u00e9rapeutique constitue un obstacle \u00e0 la co-construction d\u2019un projet d\u2019implantation et au portage pluridisciplinaire.<span class=\"Apple-converted-space\">\u00a0<\/span><\/li>\n<\/ul>\n<p>D\u00e8s lors, c\u2019est sur ces deux axes qu\u2019il convient d\u2019agir pour faire de la nature un levier th\u00e9rapeutique et un outil d\u2019am\u00e9lioration du fonctionnement et de l\u2019attractivit\u00e9 de l\u2019\u00e9tablissement.<span class=\"Apple-converted-space\">\u00a0<\/span><\/p>\n<blockquote><p><span class=\"Apple-converted-space\">\u00a0<\/span>C\u2019est par la conduite pluridisciplinaire et participative du projet d\u2019implantation de la nature que les espaces verts th\u00e9rapeutiques peuvent pleinement jouer leur r\u00f4le.<\/p><\/blockquote>\n<h1>En pratique<\/h1>\n<p>Les recommandations s\u2019orientent dans deux directions afin de rendre effective l\u2019implantation de la nature dans une vis\u00e9e de soins au sein d\u2019un h\u00f4pital\u2009:<\/p>\n<ul>\n<li>il est souhaitable de sensibiliser et de former les futurs directeurs et cadres d\u2019\u00e9tablissement sur les th\u00e9matiques de l\u2019environnement et de la sant\u00e9. L\u2019am\u00e9lioration de la qualit\u00e9 des soins et la pr\u00e9servation de l\u2019environnement, \u00e0 l\u2019\u00e9chelle des h\u00f4pitaux, incombent aux d\u00e9cideurs publics\u2009;<\/li>\n<li>l\u2019implantation de la nature doit s\u2019appuyer sur un portage institutionnel fort, associant tous les acteurs de l\u2019\u00e9tablissement, et au plus haut niveau. L\u2019accompagnement et l\u2019acculturation des \u00e9quipes soignantes et des usagers sont en effet n\u00e9cessaires pour que l\u2019espace vert th\u00e9rapeutique soit un espace de soins, de vie et \u00e0 usages multiples pour tous les acteurs de l\u2019\u00e9tablissement. Le projet d\u2019implantation de la nature \u00e0 but th\u00e9rapeutique pourra alors \u00eatre d\u00e9clin\u00e9 dans le projet d\u2019\u00e9tablissement et un plan de communication interne pourra soutenir la dynamique institutionnelle de l\u2019\u00e9tablissement.<span class=\"Apple-converted-space\">\u00a0<\/span><\/li>\n<\/ul>\n<p>\u00ab\u2009<i>Notre corps est notre jardin\u2009; et notre volont\u00e9 en est le jardinier\u2009<\/i>\u00bb, s\u2019exclame Iago dans <i>Othello<\/i> <sup class=\"appel\" data-toggle=\"modal\" data-target=\"#notes\">(3)<\/sup>. Cette m\u00e9taphore fil\u00e9e est une analogie de l\u2019autonomisation, des bienfaits physiques et mentaux, du travail sur soi et de l\u2019estime de soi des patients dans les espaces verts th\u00e9rapeutiques, adapt\u00e9s en fonction de leurs pathologies. Facteur d\u2019ouverture vers la ville \u00e0 l\u2019\u00e9chelle du territoire, les espaces verts th\u00e9rapeutiques repr\u00e9sentent une source d\u2019attractivit\u00e9 et d\u2019innovation pour un h\u00f4pital. Et plus largement, qu\u2019il s\u2019agisse d\u2019un \u00e9tablissement sanitaire, m\u00e9dico-social ou social, c\u2019est par la conduite pluridisciplinaire et participative du projet d\u2019implantation de la nature, associ\u00e9e \u00e0 une strat\u00e9gie claire et coh\u00e9rente, que les espaces verts th\u00e9rapeutiques peuvent pleinement jouer leur r\u00f4le.<\/p>\n<h1>Trois id\u00e9es \u00e0 retenir<span class=\"Apple-converted-space\">\u00a0<\/span><\/h1>\n<ul>\n<li>Au regard des b\u00e9n\u00e9fices et risques pour les patients et l\u2019\u00e9tablissement, l\u2019implantation de la nature \u00e0 vis\u00e9e th\u00e9rapeutique est g\u00e9n\u00e9ralement souhaitable et peut \u00eatre effective.<span class=\"Apple-converted-space\">\u00a0<\/span><\/li>\n<li>Le cas du service de p\u00e9dopsychiatrie de la Piti\u00e9-Salp\u00eatri\u00e8re (<i>encadr\u00e9<\/i>) illustre la n\u00e9cessaire acculturation de moyen terme par l\u2019\u00e9quipe soignante.<span class=\"Apple-converted-space\">\u00a0<\/span><\/li>\n<li>L\u2019implantation de la nature th\u00e9rapeutique doit s\u2019appuyer sur une co-construction institutionnelle forte au sein de l\u2019\u00e9tablissement sanitaire afin d\u2019\u00eatre conduite avec succ\u00e8s.<\/li>\n<\/ul>\n<button data-toggle=\"collapse\" data-target=\"#enc_2019_578_01\">encadr\u00e9<\/button><div id=\"enc_2019_578_01\" class=\"encadre collapse\"><p><span class=\"surtitre_enc\">encadr\u00e9<\/span><\/p>\n<h2>L\u2019exemple de la Piti\u00e9-Salp\u00eatri\u00e8re<span class=\"Apple-converted-space\">\u00a0<\/span><\/h2>\n<p>Le service de p\u00e9dopsychiatrie de l\u2019h\u00f4pital La Piti\u00e9-Salp\u00eatri\u00e8re illustre les bienfaits de l\u2019implantation d\u2019un espace vert pour les patients et les difficult\u00e9s qui ont \u00e9t\u00e9 r\u00e9solues pour rendre cette implantation effective. L\u2019\u00e9quipe soignante a en effet relev\u00e9 une am\u00e9lioration du bien-\u00eatre physique et de l\u2019\u00e9tat mental des enfants ainsi qu\u2019une plus grande autonomie lors d\u2019ateliers th\u00e9rapeutiques dans le jardin. \u00c0 l\u2019image d\u2019un enfant qui, en s\u2019asseyant sur le rebord de la fen\u00eatre du jardin, a finalement accept\u00e9 de parler aux psychiatres, la nature am\u00e9nag\u00e9e dans un but th\u00e9rapeutique facilite l\u2019ouverture des patients, l\u2019\u00e9change et favorise une meilleure estime de soi des patients. Le chef de service, porteur du projet, en a ma\u00eetris\u00e9 les obstacles majeurs. Avec l\u2019appui des paysagistes, le processus d\u2019acculturation des soignants a dur\u00e9 trois ans mais il a r\u00e9ussi lorsque les soignants ont int\u00e9gr\u00e9 les ateliers au planning des soins. Les contraintes d\u2019espace disponible ont \u00e9t\u00e9 d\u00e9finies d\u00e8s l\u2019amont et, enfin, la dimension s\u00e9curitaire a conduit \u00e0 adapter les activit\u00e9s th\u00e9rapeutiques dans le jardin.<span class=\"Apple-converted-space\">\u00a0<\/span><\/p>\n<p>Au vu des b\u00e9n\u00e9fices multiples que la nature peut apporter, son implantation dans les structures sanitaires est utile et peut r\u00e9ussir si elle s\u2019appuie sur la formation ainsi que la co-construction et le portage institutionnel.<\/p>\n<\/div>\n<script>function PlayerjsAsync(){} if(window[\"Playerjs\"]){PlayerjsAsync();}<\/script>","protected":false},"excerpt":{"rendered":"<p>L\u2019environnement ne joue pas seulement une fonction esth\u00e9tique d\u2019agr\u00e9ment ou une fonction \u00e9cologique au sens de d\u00e9veloppement durable. L\u2019environnement peut, en effet, \u00eatre entendu dans son sens originel et philosophique de \u00ab\u2009nature\u2009\u00bb, \u00e0 savoir l\u2019ensemble des forces vives v\u00e9g\u00e9tales et animales. Du point de vue scientifique, la recherche a mis en \u00e9vidence les bienfaits de la nature sur la sant\u00e9 des patients et leur \u00e9tat de bien-\u00eatre (OMS, 2016), ainsi&hellip; <\/p>\n","protected":false},"author":23133,"featured_media":0,"comment_status":"open","ping_status":"closed","sticky":false,"template":"","format":"standard","meta":{"_acf_changed":false,"_relevanssi_hide_post":"","_relevanssi_hide_content":"","_relevanssi_pin_for_all":"","_relevanssi_pin_keywords":"","_relevanssi_unpin_keywords":"","_relevanssi_related_keywords":"","_relevanssi_related_include_ids":"","_relevanssi_related_exclude_ids":"","_relevanssi_related_no_append":"","_relevanssi_related_not_related":"","_relevanssi_related_posts":"","_relevanssi_noindex_reason":"","footnotes":""},"categories":[26,2],"tags":[1435,7585],"class_list":["post-40650","post","type-post","status-publish","format-standard","hentry","category-dossier","category-gestions-hospitalieres","tag-environnement","tag-jardin-therapeutique"],"acf":[],"yoast_head":"<!-- This site is optimized with the Yoast SEO plugin v24.8.1 - https:\/\/yoast.com\/wordpress\/plugins\/seo\/ -->\n<title>Le jardin th\u00e9rapeutique - Gestions hospitali\u00e8res<\/title>\n<meta name=\"robots\" content=\"index, follow, max-snippet:-1, max-image-preview:large, max-video-preview:-1\" \/>\n<link rel=\"canonical\" href=\"https:\/\/www.ricom-web8.com\/gestions\/le-jardin-therapeutique\/\" \/>\n<meta property=\"og:locale\" content=\"fr_FR\" \/>\n<meta property=\"og:type\" content=\"article\" \/>\n<meta property=\"og:title\" content=\"Le jardin th\u00e9rapeutique - Gestions hospitali\u00e8res\" \/>\n<meta property=\"og:description\" content=\"L\u2019environnement ne joue pas seulement une fonction esth\u00e9tique d\u2019agr\u00e9ment ou une fonction \u00e9cologique au sens de d\u00e9veloppement durable. L\u2019environnement peut, en effet, \u00eatre entendu dans son sens originel et philosophique de \u00ab\u2009nature\u2009\u00bb, \u00e0 savoir l\u2019ensemble des forces vives v\u00e9g\u00e9tales et animales. Du point de vue scientifique, la recherche a mis en \u00e9vidence les bienfaits de la nature sur la sant\u00e9 des patients et leur \u00e9tat de bien-\u00eatre (OMS, 2016), ainsi&hellip;\" \/>\n<meta property=\"og:url\" content=\"https:\/\/www.ricom-web8.com\/gestions\/le-jardin-therapeutique\/\" \/>\n<meta property=\"og:site_name\" content=\"Gestions hospitali\u00e8res\" \/>\n<meta property=\"article:publisher\" content=\"https:\/\/www.facebook.com\/gestionshospitalieres\/\" \/>\n<meta property=\"article:published_time\" content=\"2019-11-01T14:48:01+00:00\" \/>\n<meta property=\"article:modified_time\" content=\"2019-12-06T15:02:21+00:00\" \/>\n<meta name=\"author\" content=\"Gestions hospitali\u00e8res\" \/>\n<meta name=\"twitter:card\" content=\"summary_large_image\" \/>\n<meta name=\"twitter:creator\" content=\"@revue_GH\" \/>\n<meta name=\"twitter:site\" content=\"@revue_GH\" \/>\n<meta name=\"twitter:label1\" content=\"\u00c9crit par\" \/>\n\t<meta name=\"twitter:data1\" content=\"Gestions hospitali\u00e8res\" \/>\n\t<meta name=\"twitter:label2\" content=\"Dur\u00e9e de lecture estim\u00e9e\" \/>\n\t<meta name=\"twitter:data2\" content=\"6 minutes\" \/>\n<script type=\"application\/ld+json\" class=\"yoast-schema-graph\">{\"@context\":\"https:\/\/schema.org\",\"@graph\":[{\"@type\":\"Article\",\"@id\":\"https:\/\/www.ricom-web8.com\/gestions\/le-jardin-therapeutique\/#article\",\"isPartOf\":{\"@id\":\"https:\/\/www.ricom-web8.com\/gestions\/le-jardin-therapeutique\/\"},\"author\":{\"name\":\"Gestions hospitali\u00e8res\",\"@id\":\"https:\/\/www.ricom-web8.com\/gestions\/#\/schema\/person\/3ba9fe913190dfe9507feb621e902c1f\"},\"headline\":\"Le jardin th\u00e9rapeutique\",\"datePublished\":\"2019-11-01T14:48:01+00:00\",\"dateModified\":\"2019-12-06T15:02:21+00:00\",\"mainEntityOfPage\":{\"@id\":\"https:\/\/www.ricom-web8.com\/gestions\/le-jardin-therapeutique\/\"},\"wordCount\":1136,\"commentCount\":0,\"publisher\":{\"@id\":\"https:\/\/www.ricom-web8.com\/gestions\/#organization\"},\"keywords\":[\"environnement\",\"jardin th\u00e9rapeutique\"],\"articleSection\":[\"dossier\",\"Gestions Hospitali\u00e8res\"],\"inLanguage\":\"fr-FR\",\"potentialAction\":[{\"@type\":\"CommentAction\",\"name\":\"Comment\",\"target\":[\"https:\/\/www.ricom-web8.com\/gestions\/le-jardin-therapeutique\/#respond\"]}]},{\"@type\":\"WebPage\",\"@id\":\"https:\/\/www.ricom-web8.com\/gestions\/le-jardin-therapeutique\/\",\"url\":\"https:\/\/www.ricom-web8.com\/gestions\/le-jardin-therapeutique\/\",\"name\":\"Le jardin th\u00e9rapeutique - Gestions hospitali\u00e8res\",\"isPartOf\":{\"@id\":\"https:\/\/www.ricom-web8.com\/gestions\/#website\"},\"datePublished\":\"2019-11-01T14:48:01+00:00\",\"dateModified\":\"2019-12-06T15:02:21+00:00\",\"breadcrumb\":{\"@id\":\"https:\/\/www.ricom-web8.com\/gestions\/le-jardin-therapeutique\/#breadcrumb\"},\"inLanguage\":\"fr-FR\",\"potentialAction\":[{\"@type\":\"ReadAction\",\"target\":[\"https:\/\/www.ricom-web8.com\/gestions\/le-jardin-therapeutique\/\"]}]},{\"@type\":\"BreadcrumbList\",\"@id\":\"https:\/\/www.ricom-web8.com\/gestions\/le-jardin-therapeutique\/#breadcrumb\",\"itemListElement\":[{\"@type\":\"ListItem\",\"position\":1,\"name\":\"Accueil\",\"item\":\"https:\/\/www.ricom-web8.com\/gestions\/\"},{\"@type\":\"ListItem\",\"position\":2,\"name\":\"Le jardin th\u00e9rapeutique\"}]},{\"@type\":\"WebSite\",\"@id\":\"https:\/\/www.ricom-web8.com\/gestions\/#website\",\"url\":\"https:\/\/www.ricom-web8.com\/gestions\/\",\"name\":\"Gestions hospitali\u00e8res\",\"description\":\"la revue des d\u00e9cideurs hospitaliers\",\"publisher\":{\"@id\":\"https:\/\/www.ricom-web8.com\/gestions\/#organization\"},\"potentialAction\":[{\"@type\":\"SearchAction\",\"target\":{\"@type\":\"EntryPoint\",\"urlTemplate\":\"https:\/\/www.ricom-web8.com\/gestions\/?s={search_term_string}\"},\"query-input\":{\"@type\":\"PropertyValueSpecification\",\"valueRequired\":true,\"valueName\":\"search_term_string\"}}],\"inLanguage\":\"fr-FR\"},{\"@type\":\"Organization\",\"@id\":\"https:\/\/www.ricom-web8.com\/gestions\/#organization\",\"name\":\"Gestions hospitali\u00e8res\",\"url\":\"https:\/\/www.ricom-web8.com\/gestions\/\",\"logo\":{\"@type\":\"ImageObject\",\"inLanguage\":\"fr-FR\",\"@id\":\"https:\/\/www.ricom-web8.com\/gestions\/#\/schema\/logo\/image\/\",\"url\":\"https:\/\/gestions-hospitalieres.fr\/wp-content\/uploads\/2017\/02\/picto_Gif-GH-trans.png\",\"contentUrl\":\"https:\/\/gestions-hospitalieres.fr\/wp-content\/uploads\/2017\/02\/picto_Gif-GH-trans.png\",\"width\":512,\"height\":512,\"caption\":\"Gestions hospitali\u00e8res\"},\"image\":{\"@id\":\"https:\/\/www.ricom-web8.com\/gestions\/#\/schema\/logo\/image\/\"},\"sameAs\":[\"https:\/\/www.facebook.com\/gestionshospitalieres\/\",\"https:\/\/x.com\/revue_GH\",\"https:\/\/www.linkedin.com\/company\/gestions-hospitalieres?trk=top_nav_home\"]},{\"@type\":\"Person\",\"@id\":\"https:\/\/www.ricom-web8.com\/gestions\/#\/schema\/person\/3ba9fe913190dfe9507feb621e902c1f\",\"name\":\"Gestions hospitali\u00e8res\",\"image\":{\"@type\":\"ImageObject\",\"inLanguage\":\"fr-FR\",\"@id\":\"https:\/\/www.ricom-web8.com\/gestions\/#\/schema\/person\/image\/\",\"url\":\"https:\/\/secure.gravatar.com\/avatar\/1a0d93e6db5dbe7dac96bae4757d256f?s=96&d=mm&r=g\",\"contentUrl\":\"https:\/\/secure.gravatar.com\/avatar\/1a0d93e6db5dbe7dac96bae4757d256f?s=96&d=mm&r=g\",\"caption\":\"Gestions hospitali\u00e8res\"},\"url\":\"https:\/\/www.ricom-web8.com\/gestions\/author\/benjamin\/\"}]}<\/script>\n<!-- \/ Yoast SEO plugin. -->","yoast_head_json":{"title":"Le jardin th\u00e9rapeutique - Gestions hospitali\u00e8res","robots":{"index":"index","follow":"follow","max-snippet":"max-snippet:-1","max-image-preview":"max-image-preview:large","max-video-preview":"max-video-preview:-1"},"canonical":"https:\/\/www.ricom-web8.com\/gestions\/le-jardin-therapeutique\/","og_locale":"fr_FR","og_type":"article","og_title":"Le jardin th\u00e9rapeutique - Gestions hospitali\u00e8res","og_description":"L\u2019environnement ne joue pas seulement une fonction esth\u00e9tique d\u2019agr\u00e9ment ou une fonction \u00e9cologique au sens de d\u00e9veloppement durable. L\u2019environnement peut, en effet, \u00eatre entendu dans son sens originel et philosophique de \u00ab\u2009nature\u2009\u00bb, \u00e0 savoir l\u2019ensemble des forces vives v\u00e9g\u00e9tales et animales. Du point de vue scientifique, la recherche a mis en \u00e9vidence les bienfaits de la nature sur la sant\u00e9 des patients et leur \u00e9tat de bien-\u00eatre (OMS, 2016), ainsi&hellip;","og_url":"https:\/\/www.ricom-web8.com\/gestions\/le-jardin-therapeutique\/","og_site_name":"Gestions hospitali\u00e8res","article_publisher":"https:\/\/www.facebook.com\/gestionshospitalieres\/","article_published_time":"2019-11-01T14:48:01+00:00","article_modified_time":"2019-12-06T15:02:21+00:00","author":"Gestions hospitali\u00e8res","twitter_card":"summary_large_image","twitter_creator":"@revue_GH","twitter_site":"@revue_GH","twitter_misc":{"\u00c9crit par":"Gestions hospitali\u00e8res","Dur\u00e9e de lecture estim\u00e9e":"6 minutes"},"schema":{"@context":"https:\/\/schema.org","@graph":[{"@type":"Article","@id":"https:\/\/www.ricom-web8.com\/gestions\/le-jardin-therapeutique\/#article","isPartOf":{"@id":"https:\/\/www.ricom-web8.com\/gestions\/le-jardin-therapeutique\/"},"author":{"name":"Gestions hospitali\u00e8res","@id":"https:\/\/www.ricom-web8.com\/gestions\/#\/schema\/person\/3ba9fe913190dfe9507feb621e902c1f"},"headline":"Le jardin th\u00e9rapeutique","datePublished":"2019-11-01T14:48:01+00:00","dateModified":"2019-12-06T15:02:21+00:00","mainEntityOfPage":{"@id":"https:\/\/www.ricom-web8.com\/gestions\/le-jardin-therapeutique\/"},"wordCount":1136,"commentCount":0,"publisher":{"@id":"https:\/\/www.ricom-web8.com\/gestions\/#organization"},"keywords":["environnement","jardin th\u00e9rapeutique"],"articleSection":["dossier","Gestions Hospitali\u00e8res"],"inLanguage":"fr-FR","potentialAction":[{"@type":"CommentAction","name":"Comment","target":["https:\/\/www.ricom-web8.com\/gestions\/le-jardin-therapeutique\/#respond"]}]},{"@type":"WebPage","@id":"https:\/\/www.ricom-web8.com\/gestions\/le-jardin-therapeutique\/","url":"https:\/\/www.ricom-web8.com\/gestions\/le-jardin-therapeutique\/","name":"Le jardin th\u00e9rapeutique - Gestions hospitali\u00e8res","isPartOf":{"@id":"https:\/\/www.ricom-web8.com\/gestions\/#website"},"datePublished":"2019-11-01T14:48:01+00:00","dateModified":"2019-12-06T15:02:21+00:00","breadcrumb":{"@id":"https:\/\/www.ricom-web8.com\/gestions\/le-jardin-therapeutique\/#breadcrumb"},"inLanguage":"fr-FR","potentialAction":[{"@type":"ReadAction","target":["https:\/\/www.ricom-web8.com\/gestions\/le-jardin-therapeutique\/"]}]},{"@type":"BreadcrumbList","@id":"https:\/\/www.ricom-web8.com\/gestions\/le-jardin-therapeutique\/#breadcrumb","itemListElement":[{"@type":"ListItem","position":1,"name":"Accueil","item":"https:\/\/www.ricom-web8.com\/gestions\/"},{"@type":"ListItem","position":2,"name":"Le jardin th\u00e9rapeutique"}]},{"@type":"WebSite","@id":"https:\/\/www.ricom-web8.com\/gestions\/#website","url":"https:\/\/www.ricom-web8.com\/gestions\/","name":"Gestions hospitali\u00e8res","description":"la revue des d\u00e9cideurs hospitaliers","publisher":{"@id":"https:\/\/www.ricom-web8.com\/gestions\/#organization"},"potentialAction":[{"@type":"SearchAction","target":{"@type":"EntryPoint","urlTemplate":"https:\/\/www.ricom-web8.com\/gestions\/?s={search_term_string}"},"query-input":{"@type":"PropertyValueSpecification","valueRequired":true,"valueName":"search_term_string"}}],"inLanguage":"fr-FR"},{"@type":"Organization","@id":"https:\/\/www.ricom-web8.com\/gestions\/#organization","name":"Gestions hospitali\u00e8res","url":"https:\/\/www.ricom-web8.com\/gestions\/","logo":{"@type":"ImageObject","inLanguage":"fr-FR","@id":"https:\/\/www.ricom-web8.com\/gestions\/#\/schema\/logo\/image\/","url":"https:\/\/gestions-hospitalieres.fr\/wp-content\/uploads\/2017\/02\/picto_Gif-GH-trans.png","contentUrl":"https:\/\/gestions-hospitalieres.fr\/wp-content\/uploads\/2017\/02\/picto_Gif-GH-trans.png","width":512,"height":512,"caption":"Gestions hospitali\u00e8res"},"image":{"@id":"https:\/\/www.ricom-web8.com\/gestions\/#\/schema\/logo\/image\/"},"sameAs":["https:\/\/www.facebook.com\/gestionshospitalieres\/","https:\/\/x.com\/revue_GH","https:\/\/www.linkedin.com\/company\/gestions-hospitalieres?trk=top_nav_home"]},{"@type":"Person","@id":"https:\/\/www.ricom-web8.com\/gestions\/#\/schema\/person\/3ba9fe913190dfe9507feb621e902c1f","name":"Gestions hospitali\u00e8res","image":{"@type":"ImageObject","inLanguage":"fr-FR","@id":"https:\/\/www.ricom-web8.com\/gestions\/#\/schema\/person\/image\/","url":"https:\/\/secure.gravatar.com\/avatar\/1a0d93e6db5dbe7dac96bae4757d256f?s=96&d=mm&r=g","contentUrl":"https:\/\/secure.gravatar.com\/avatar\/1a0d93e6db5dbe7dac96bae4757d256f?s=96&d=mm&r=g","caption":"Gestions hospitali\u00e8res"},"url":"https:\/\/www.ricom-web8.com\/gestions\/author\/benjamin\/"}]}},"_links":{"self":[{"href":"https:\/\/www.ricom-web8.com\/gestions\/wp-json\/wp\/v2\/posts\/40650","targetHints":{"allow":["GET"]}}],"collection":[{"href":"https:\/\/www.ricom-web8.com\/gestions\/wp-json\/wp\/v2\/posts"}],"about":[{"href":"https:\/\/www.ricom-web8.com\/gestions\/wp-json\/wp\/v2\/types\/post"}],"author":[{"embeddable":true,"href":"https:\/\/www.ricom-web8.com\/gestions\/wp-json\/wp\/v2\/users\/23133"}],"replies":[{"embeddable":true,"href":"https:\/\/www.ricom-web8.com\/gestions\/wp-json\/wp\/v2\/comments?post=40650"}],"version-history":[{"count":0,"href":"https:\/\/www.ricom-web8.com\/gestions\/wp-json\/wp\/v2\/posts\/40650\/revisions"}],"wp:attachment":[{"href":"https:\/\/www.ricom-web8.com\/gestions\/wp-json\/wp\/v2\/media?parent=40650"}],"wp:term":[{"taxonomy":"category","embeddable":true,"href":"https:\/\/www.ricom-web8.com\/gestions\/wp-json\/wp\/v2\/categories?post=40650"},{"taxonomy":"post_tag","embeddable":true,"href":"https:\/\/www.ricom-web8.com\/gestions\/wp-json\/wp\/v2\/tags?post=40650"}],"curies":[{"name":"wp","href":"https:\/\/api.w.org\/{rel}","templated":true}]}}