

{"id":40755,"date":"2019-12-01T15:21:32","date_gmt":"2019-12-01T14:21:32","guid":{"rendered":"https:\/\/gestions-hospitalieres.fr\/?p=40755"},"modified":"2019-12-20T08:47:26","modified_gmt":"2019-12-20T07:47:26","slug":"les-urgences-hospitalieres-sauver-huit-lits","status":"publish","type":"post","link":"https:\/\/www.ricom-web8.com\/gestions\/les-urgences-hospitalieres-sauver-huit-lits\/","title":{"rendered":"Les urgences hospitali\u00e8res"},"content":{"rendered":"<span class=\"span-reading-time rt-reading-time\" style=\"display: block;\"><span class=\"rt-label rt-prefix\">Temps de lecture\u00a0: <\/span> <span class=\"rt-time\"> 4<\/span> <span class=\"rt-label rt-postfix\">minutes<\/span><\/span><p>Rapport public 2019, tome II. <a href=\"https:\/\/www.ccomptes.fr\/system\/files\/2019-02\/08-urgences-hospitalieres-Tome-2.pdf\" target=\"_blank\" rel=\"noopener noreferrer\">www.ccomptes.fr<\/a><\/p>\n<hr \/>\n<h1>Un syst\u00e8me \u00e0 bout de souffle<\/h1>\n<p>Entre 2012 et 2016, le passage aux urgences a augment\u00e9 de 3\u00a0millions environ, pour atteindre 21,2\u00a0millions, alors que le sous-effectif m\u00e9dical s\u2019est accru. Parmi les 641\u00a0structures d\u2019urgence, celles des \u00e9tablissements publics ont pris en charge 82\u2009% des passages contre 12,7\u2009% pour le secteur priv\u00e9 lucratif, et 5\u2009% environ pour le secteur priv\u00e9 non lucratif, les urgences du secteur priv\u00e9 accueillant moins de personnes \u00e2g\u00e9es et d\u2019enfants que celles du secteur public. La traumatologie reste la principale cause d\u2019admission (36\u2009%), le taux d\u2019hospitalisation pour les plus de 75\u00a0ans atteignant 56\u2009% contre 20\u2009% en moyenne. Le temps de passage m\u00e9dian atteint deux heures mais varie consid\u00e9rablement en fonction de l\u2019\u00e2ge des patients, de la r\u00e9gion et du type d\u2019\u00e9tablissement\u00a0: il est plus long en CHU, du fait de la forte sollicitation de ces structures, et, pour la m\u00eame raison, plus long dans le secteur public que dans le secteur priv\u00e9. Selon la Cour, 20\u2009% des patients des urgences ne devraient pas fr\u00e9quenter ces structures et auraient pu \u00eatre pris en charge par la m\u00e9decine de ville.<\/p>\n<p>Si le nombre des m\u00e9decins (9\u2009500) travaillant au sein des services d\u2019urgence s\u2019est accru de 13\u2009% entre les deux enqu\u00eates de la Cour, c\u2019est-\u00e0-dire dans une proportion similaire \u00e0 la progression de l\u2019activit\u00e9, le pourcentage de temps partiels est pass\u00e9 de 46\u2009% \u00e0 77\u2009% alors que la r\u00e9forme du temps de travail \u00e0 l\u2019h\u00f4pital va engendrer \u00e0 terme un besoin suppl\u00e9mentaire d\u2019ETP d\u2019urgentistes de 20\u2009%. Le taux de vacance de poste est particuli\u00e8rement \u00e9lev\u00e9 chez les praticiens hospitaliers exer\u00e7ant en m\u00e9decine d\u2019urgence puisqu\u2019il atteint 25\u2009% pour les temps pleins et 45\u2009% pour les temps partiels. Les co\u00fbts suppl\u00e9mentaires li\u00e9s notamment au recours \u00e0 des personnels int\u00e9rimaires connaissent une inqui\u00e9tante progression, y compris dans des r\u00e9gions r\u00e9put\u00e9es attractives pour les m\u00e9decins (comme l\u2019\u00cele-de-France\u2009: + 60\u2009%\u2009; + 47\u2009% en Bretagne\u2026).<\/p>\n<p>Par ailleurs, le m\u00e9canisme de tarification pousse \u00e0 l\u2019activit\u00e9 plus qu\u2019\u00e0 la r\u00e9gulation\u2009: les d\u00e9penses li\u00e9es aux passages dans les services d\u2019urgence repr\u00e9sentent environ 13\u00a0milliards, 3 si l\u2019on exclut les d\u00e9penses d\u2019hospitalisation induites. Le financement des services repose sur un forfait \u00ab\u2009accueil et traitement des urgences\u2009\u00bb, li\u00e9 \u00e0 chaque passage non suivi d\u2019une hospitalisation, et sur un \u00ab\u2009forfait annuel urgences\u2009\u00bb, corr\u00e9l\u00e9 \u00e0 des tranches de passages, auxquels s\u2019ajoutent les recettes de facturation des consultations et examens de biologie et d\u2019imagerie, et des s\u00e9jours en cas d\u2019hospitalisation. Ce financement permet aux \u00e9tablissements d\u2019accro\u00eetre leurs recettes \u00e0 due proportion du nombre de passages alors qu\u2019un report sur la m\u00e9decine de ville d\u2019une partie des passages \u00e9vitables, g\u00e9n\u00e9rateur d\u2019\u00e9conomies pour l\u2019assurance maladie, les p\u00e9naliserait financi\u00e8rement, la tarification au forfait assurant une p\u00e9r\u00e9quation entre les cas l\u00e9gers, surfinanc\u00e9s, et les cas lourds, sous-financ\u00e9s. Enfin, la prise en charge de soins non programm\u00e9s par la m\u00e9decine de ville est, aujourd\u2019hui comme hier, largement insuffisante et leur r\u00e9gulation m\u00e9dicale est globalement un \u00e9chec.<\/p>\n<blockquote><p>Dans les zones non urbaines, la coop\u00e9ration m\u00e9decine de ville\/h\u00f4pital doit \u00eatre favoris\u00e9e par un appui accentu\u00e9 sur les m\u00e9decins correspondants du Samu, par des \u00e9volutions r\u00e9glementaires permettant des fermetures nocturnes de certains services d\u2019urgence ou la transformation de certains en centres de soins non programm\u00e9s.<span class=\"Apple-converted-space\">\u00a0<\/span><\/p><\/blockquote>\n<h1>Le deuxi\u00e8me souffle du syst\u00e8me<\/h1>\n<p>Pour filer la m\u00e9taphore cin\u00e9matographique, la Cour des comptes propose de passer de Godard \u00e0 Melville pour sortir de cette situation pr\u00e9judiciable \u00e0 tous, en engageant ou en poursuivant des r\u00e9formes, notamment celles qu\u2019elle avait pr\u00e9conis\u00e9es en 2014, m\u00eame si les magistrats de la rue Cambon sont parfaitement conscients de la force d\u2019inertie qui affecte les gros navires que sont les h\u00f4pitaux et qu\u2019il s\u2019agit l\u00e0 de pr\u00e9conisations au long cours. Le rapport se f\u00e9licite de la mise en place de \u00ab\u2009circuits courts\u2009\u00bb, de gestionnaires de lits, et d\u2019un\/e infirmier\/\u00e8re d\u2019accueil (IAO) dans 80\u2009% des services d\u2019urgence en 2016, ainsi que de l\u2019am\u00e9lioration des donn\u00e9es chiffr\u00e9es, fiables et homog\u00e8nes (g\u00e9n\u00e9ralisation des r\u00e9sum\u00e9s de passages aux urgences) qui repr\u00e9sentent un pr\u00e9alable \u00e0 toute analyse de l\u2019activit\u00e9 des urgences et \u00e0 toute recommandation d\u2019\u00e9volution.<span class=\"Apple-converted-space\">\u00a0<\/span><\/p>\n<p>Cette derni\u00e8re emprunte une triple forme\u2009: tout d\u2019abord, le d\u00e9veloppement des alternatives aux urgences, inspir\u00e9 \u00e9ventuellement d\u2019exemples \u00e9trangers (coop\u00e9ratives m\u00e9dicales n\u00e9erlandaises, structures anglo-saxonnes\u2026) ou fran\u00e7ais (\u00ab\u2009consultations aux urgences assur\u00e9es par des m\u00e9decins de ville\u2009\u00bb, h\u00f4pital Robert-Debr\u00e9), par la cr\u00e9ation de petits centres prenant en charge la traumatologie l\u00e9g\u00e8re, h\u00e9berg\u00e9s dans des h\u00f4pitaux de proximit\u00e9, des maisons de sant\u00e9 pluridisciplinaires ou des petits services d\u2019urgence en voie de fermeture. Dans les zones non urbaines, la coop\u00e9ration m\u00e9decine de ville\/h\u00f4pital doit \u00eatre favoris\u00e9e par un appui accentu\u00e9 sur les m\u00e9decins correspondants du Samu, par des \u00e9volutions r\u00e9glementaires permettant des fermetures nocturnes de certains services d\u2019urgence ou la transformation de certains d\u2019entre eux en centres de soins non programm\u00e9s (r\u00f4le cl\u00e9 des ARS dans la coordination, l\u2019\u00e9tat des lieux \u00e0 dresser et les restructurations\u2026).<\/p>\n<p>Une r\u00e9organisation des prises en charge repr\u00e9sente la deuxi\u00e8me piste de r\u00e9flexion pr\u00e9conis\u00e9e par la Cour, s\u2019agissant notamment des usagers fr\u00e9quents (personnes \u00e2g\u00e9es ou patients atteints de pathologies mentales). L\u2019am\u00e9lioration de la prise en charge \u00e0 domicile ou en Ehpad ou, lorsque l\u2019hospitalisation est n\u00e9cessaire, la mise en place de fili\u00e8res d\u2019admission directe en g\u00e9riatrie (comme au CHU de Nancy, par exemple) constituent des dispositifs propices \u00e0 l\u2019\u00e9vitement du passage aux urgences, o\u00f9 la d\u00e9l\u00e9gation de certaines t\u00e2ches au personnel infirmier (dispensation d\u2019antalgiques souvent pratiqu\u00e9e de fait, prescription de radiographie \u00e0 l\u2019arriv\u00e9e du patient\u2026) peut \u00e9galement contribuer \u00e0 fluidifier les admissions. Enfin, la Cour appelle \u00e0 une r\u00e9forme de la tarification favorisant une meilleure ad\u00e9quation des financements aux co\u00fbts et sans que le red\u00e9ploiement d\u2019une partie des passages sur la m\u00e9decine de ville p\u00e9nalise budg\u00e9tairement les \u00e9tablissements.<\/p>\n<p>Dans sa r\u00e9ponse, la ministre acquiesce aux pr\u00e9conisations de la Cour et indique que d\u2019ici \u00e0 2022, 1\u2009000 communaut\u00e9s professionnelles territoriales de sant\u00e9 (CPTS) devraient couvrir l\u2019ensemble du territoire, que les soins non programm\u00e9s pourront s\u2019appuyer sur un r\u00e9seau de 500 \u00e0 600\u00a0h\u00f4pitaux de proximit\u00e9, sur la m\u00eame \u00e9ch\u00e9ance, disposant d\u2019un plateau technique l\u00e9ger et que les fili\u00e8res d\u2019admission directe par des personnes \u00e2g\u00e9es venant du domicile ou d\u2019Ehpad sont appel\u00e9es \u00e0 se d\u00e9velopper et repr\u00e9sentent une orientation sur laquelle travaille la DGOS.<span class=\"Apple-converted-space\">\u00a0<\/span><\/p>\n<p>Rien n\u2019est toutefois pr\u00e9cis\u00e9 dans la r\u00e9ponse minist\u00e9rielle sur le recours particuli\u00e8rement co\u00fbteux \u00e0 l\u2019int\u00e9rim (\u00ab\u2009<i>co\u00fbts \u00e0 la journ\u00e9e de 1\u2009300\u00a0\u20ac net et 2\u2009000\u00a0\u20ac pour 24\u2009h, soit 4\u2009500\u00a0\u20ac brut\u2009<\/i><sup class=\"appel\" data-toggle=\"modal\" data-target=\"#notes\">(1)<\/sup><i>\u00bb<\/i>), et plus encore \u00e0 certaines p\u00e9riodes de l\u2019ann\u00e9e (No\u00ebl, \u00e9t\u00e9&#8230;). Le rapport V\u00e9ran de d\u00e9cembre 2013<sup class=\"appel\" data-toggle=\"modal\" data-target=\"#notes\">(2)<\/sup> chiffrait \u00e0 500 millions d\u2019euros le co\u00fbt de l\u2019int\u00e9rim m\u00e9dical, la m\u00e9decine d\u2019urgence \u00e9tant une des disciplines les plus touch\u00e9es<sup class=\"appel\" data-toggle=\"modal\" data-target=\"#notes\">(3)<\/sup>.<\/p>\n<script>function PlayerjsAsync(){} if(window[\"Playerjs\"]){PlayerjsAsync();}<\/script>","protected":false},"excerpt":{"rendered":"<p><span class=\"span-reading-time rt-reading-time\" style=\"display: block;\"><span class=\"rt-label rt-prefix\">Temps de lecture\u00a0: <\/span> <span class=\"rt-time\"> 4<\/span> <span class=\"rt-label rt-postfix\">minutes<\/span><\/span>Rapport public 2019, tome II. www.ccomptes.fr Un syst\u00e8me \u00e0 bout de souffle Entre 2012 et 2016, le passage aux urgences a augment\u00e9 de 3\u00a0millions environ, pour atteindre 21,2\u00a0millions, alors que le sous-effectif m\u00e9dical s\u2019est accru. Parmi les 641\u00a0structures d\u2019urgence, celles des \u00e9tablissements publics ont pris en charge 82\u2009% des passages contre 12,7\u2009% pour le secteur priv\u00e9 lucratif, et 5\u2009% environ pour le secteur priv\u00e9 non lucratif, les urgences du secteur&hellip; <\/p>\n","protected":false},"author":23133,"featured_media":0,"comment_status":"open","ping_status":"closed","sticky":false,"template":"","format":"standard","meta":{"_acf_changed":false,"_relevanssi_hide_post":"","_relevanssi_hide_content":"","_relevanssi_pin_for_all":"","_relevanssi_pin_keywords":"","_relevanssi_unpin_keywords":"","_relevanssi_related_keywords":"","_relevanssi_related_include_ids":"","_relevanssi_related_exclude_ids":"","_relevanssi_related_no_append":"","_relevanssi_related_not_related":"","_relevanssi_related_posts":"","_relevanssi_noindex_reason":"","footnotes":""},"categories":[26,2],"tags":[1469,46,7616,324],"class_list":["post-40755","post","type-post","status-publish","format-standard","hentry","category-dossier","category-gestions-hospitalieres","tag-cour-des-comptes","tag-financement","tag-rapport-2019","tag-urgences"],"acf":[],"yoast_head":"<!-- This site is optimized with the Yoast SEO plugin v24.8.1 - https:\/\/yoast.com\/wordpress\/plugins\/seo\/ -->\n<title>Les urgences hospitali\u00e8res - Gestions hospitali\u00e8res<\/title>\n<meta name=\"robots\" content=\"index, follow, max-snippet:-1, max-image-preview:large, max-video-preview:-1\" \/>\n<link rel=\"canonical\" href=\"https:\/\/www.ricom-web8.com\/gestions\/les-urgences-hospitalieres-sauver-huit-lits\/\" \/>\n<meta property=\"og:locale\" content=\"fr_FR\" \/>\n<meta property=\"og:type\" content=\"article\" \/>\n<meta property=\"og:title\" content=\"Les urgences hospitali\u00e8res - Gestions hospitali\u00e8res\" \/>\n<meta property=\"og:description\" content=\"Temps de lecture\u00a0:  4 minutesRapport public 2019, tome II. www.ccomptes.fr Un syst\u00e8me \u00e0 bout de souffle Entre 2012 et 2016, le passage aux urgences a augment\u00e9 de 3\u00a0millions environ, pour atteindre 21,2\u00a0millions, alors que le sous-effectif m\u00e9dical s\u2019est accru. Parmi les 641\u00a0structures d\u2019urgence, celles des \u00e9tablissements publics ont pris en charge 82\u2009% des passages contre 12,7\u2009% pour le secteur priv\u00e9 lucratif, et 5\u2009% environ pour le secteur priv\u00e9 non lucratif, les urgences du secteur&hellip;\" \/>\n<meta property=\"og:url\" content=\"https:\/\/www.ricom-web8.com\/gestions\/les-urgences-hospitalieres-sauver-huit-lits\/\" \/>\n<meta property=\"og:site_name\" content=\"Gestions hospitali\u00e8res\" \/>\n<meta property=\"article:publisher\" content=\"https:\/\/www.facebook.com\/gestionshospitalieres\/\" \/>\n<meta property=\"article:published_time\" content=\"2019-12-01T14:21:32+00:00\" \/>\n<meta property=\"article:modified_time\" content=\"2019-12-20T07:47:26+00:00\" \/>\n<meta name=\"author\" content=\"Gestions hospitali\u00e8res\" \/>\n<meta name=\"twitter:card\" content=\"summary_large_image\" \/>\n<meta name=\"twitter:creator\" content=\"@revue_GH\" \/>\n<meta name=\"twitter:site\" content=\"@revue_GH\" \/>\n<meta name=\"twitter:label1\" content=\"\u00c9crit par\" \/>\n\t<meta name=\"twitter:data1\" content=\"Gestions hospitali\u00e8res\" \/>\n\t<meta name=\"twitter:label2\" content=\"Dur\u00e9e de lecture estim\u00e9e\" \/>\n\t<meta name=\"twitter:data2\" content=\"6 minutes\" \/>\n<script type=\"application\/ld+json\" class=\"yoast-schema-graph\">{\"@context\":\"https:\/\/schema.org\",\"@graph\":[{\"@type\":\"Article\",\"@id\":\"https:\/\/www.ricom-web8.com\/gestions\/les-urgences-hospitalieres-sauver-huit-lits\/#article\",\"isPartOf\":{\"@id\":\"https:\/\/www.ricom-web8.com\/gestions\/les-urgences-hospitalieres-sauver-huit-lits\/\"},\"author\":{\"name\":\"Gestions hospitali\u00e8res\",\"@id\":\"https:\/\/www.ricom-web8.com\/gestions\/#\/schema\/person\/3ba9fe913190dfe9507feb621e902c1f\"},\"headline\":\"Les urgences hospitali\u00e8res\",\"datePublished\":\"2019-12-01T14:21:32+00:00\",\"dateModified\":\"2019-12-20T07:47:26+00:00\",\"mainEntityOfPage\":{\"@id\":\"https:\/\/www.ricom-web8.com\/gestions\/les-urgences-hospitalieres-sauver-huit-lits\/\"},\"wordCount\":1256,\"commentCount\":0,\"publisher\":{\"@id\":\"https:\/\/www.ricom-web8.com\/gestions\/#organization\"},\"keywords\":[\"Cour des comptes\",\"financement\",\"rapport 2019\",\"urgences\"],\"articleSection\":[\"dossier\",\"Gestions Hospitali\u00e8res\"],\"inLanguage\":\"fr-FR\",\"potentialAction\":[{\"@type\":\"CommentAction\",\"name\":\"Comment\",\"target\":[\"https:\/\/www.ricom-web8.com\/gestions\/les-urgences-hospitalieres-sauver-huit-lits\/#respond\"]}]},{\"@type\":\"WebPage\",\"@id\":\"https:\/\/www.ricom-web8.com\/gestions\/les-urgences-hospitalieres-sauver-huit-lits\/\",\"url\":\"https:\/\/www.ricom-web8.com\/gestions\/les-urgences-hospitalieres-sauver-huit-lits\/\",\"name\":\"Les urgences hospitali\u00e8res - Gestions hospitali\u00e8res\",\"isPartOf\":{\"@id\":\"https:\/\/www.ricom-web8.com\/gestions\/#website\"},\"datePublished\":\"2019-12-01T14:21:32+00:00\",\"dateModified\":\"2019-12-20T07:47:26+00:00\",\"breadcrumb\":{\"@id\":\"https:\/\/www.ricom-web8.com\/gestions\/les-urgences-hospitalieres-sauver-huit-lits\/#breadcrumb\"},\"inLanguage\":\"fr-FR\",\"potentialAction\":[{\"@type\":\"ReadAction\",\"target\":[\"https:\/\/www.ricom-web8.com\/gestions\/les-urgences-hospitalieres-sauver-huit-lits\/\"]}]},{\"@type\":\"BreadcrumbList\",\"@id\":\"https:\/\/www.ricom-web8.com\/gestions\/les-urgences-hospitalieres-sauver-huit-lits\/#breadcrumb\",\"itemListElement\":[{\"@type\":\"ListItem\",\"position\":1,\"name\":\"Accueil\",\"item\":\"https:\/\/www.ricom-web8.com\/gestions\/\"},{\"@type\":\"ListItem\",\"position\":2,\"name\":\"Les urgences hospitali\u00e8res\"}]},{\"@type\":\"WebSite\",\"@id\":\"https:\/\/www.ricom-web8.com\/gestions\/#website\",\"url\":\"https:\/\/www.ricom-web8.com\/gestions\/\",\"name\":\"Gestions hospitali\u00e8res\",\"description\":\"la revue des d\u00e9cideurs hospitaliers\",\"publisher\":{\"@id\":\"https:\/\/www.ricom-web8.com\/gestions\/#organization\"},\"potentialAction\":[{\"@type\":\"SearchAction\",\"target\":{\"@type\":\"EntryPoint\",\"urlTemplate\":\"https:\/\/www.ricom-web8.com\/gestions\/?s={search_term_string}\"},\"query-input\":{\"@type\":\"PropertyValueSpecification\",\"valueRequired\":true,\"valueName\":\"search_term_string\"}}],\"inLanguage\":\"fr-FR\"},{\"@type\":\"Organization\",\"@id\":\"https:\/\/www.ricom-web8.com\/gestions\/#organization\",\"name\":\"Gestions hospitali\u00e8res\",\"url\":\"https:\/\/www.ricom-web8.com\/gestions\/\",\"logo\":{\"@type\":\"ImageObject\",\"inLanguage\":\"fr-FR\",\"@id\":\"https:\/\/www.ricom-web8.com\/gestions\/#\/schema\/logo\/image\/\",\"url\":\"https:\/\/gestions-hospitalieres.fr\/wp-content\/uploads\/2017\/02\/picto_Gif-GH-trans.png\",\"contentUrl\":\"https:\/\/gestions-hospitalieres.fr\/wp-content\/uploads\/2017\/02\/picto_Gif-GH-trans.png\",\"width\":512,\"height\":512,\"caption\":\"Gestions hospitali\u00e8res\"},\"image\":{\"@id\":\"https:\/\/www.ricom-web8.com\/gestions\/#\/schema\/logo\/image\/\"},\"sameAs\":[\"https:\/\/www.facebook.com\/gestionshospitalieres\/\",\"https:\/\/x.com\/revue_GH\",\"https:\/\/www.linkedin.com\/company\/gestions-hospitalieres?trk=top_nav_home\"]},{\"@type\":\"Person\",\"@id\":\"https:\/\/www.ricom-web8.com\/gestions\/#\/schema\/person\/3ba9fe913190dfe9507feb621e902c1f\",\"name\":\"Gestions hospitali\u00e8res\",\"image\":{\"@type\":\"ImageObject\",\"inLanguage\":\"fr-FR\",\"@id\":\"https:\/\/www.ricom-web8.com\/gestions\/#\/schema\/person\/image\/\",\"url\":\"https:\/\/secure.gravatar.com\/avatar\/1a0d93e6db5dbe7dac96bae4757d256f?s=96&d=mm&r=g\",\"contentUrl\":\"https:\/\/secure.gravatar.com\/avatar\/1a0d93e6db5dbe7dac96bae4757d256f?s=96&d=mm&r=g\",\"caption\":\"Gestions hospitali\u00e8res\"},\"url\":\"https:\/\/www.ricom-web8.com\/gestions\/author\/benjamin\/\"}]}<\/script>\n<!-- \/ Yoast SEO plugin. -->","yoast_head_json":{"title":"Les urgences hospitali\u00e8res - Gestions hospitali\u00e8res","robots":{"index":"index","follow":"follow","max-snippet":"max-snippet:-1","max-image-preview":"max-image-preview:large","max-video-preview":"max-video-preview:-1"},"canonical":"https:\/\/www.ricom-web8.com\/gestions\/les-urgences-hospitalieres-sauver-huit-lits\/","og_locale":"fr_FR","og_type":"article","og_title":"Les urgences hospitali\u00e8res - Gestions hospitali\u00e8res","og_description":"Temps de lecture\u00a0:  4 minutesRapport public 2019, tome II. www.ccomptes.fr Un syst\u00e8me \u00e0 bout de souffle Entre 2012 et 2016, le passage aux urgences a augment\u00e9 de 3\u00a0millions environ, pour atteindre 21,2\u00a0millions, alors que le sous-effectif m\u00e9dical s\u2019est accru. Parmi les 641\u00a0structures d\u2019urgence, celles des \u00e9tablissements publics ont pris en charge 82\u2009% des passages contre 12,7\u2009% pour le secteur priv\u00e9 lucratif, et 5\u2009% environ pour le secteur priv\u00e9 non lucratif, les urgences du secteur&hellip;","og_url":"https:\/\/www.ricom-web8.com\/gestions\/les-urgences-hospitalieres-sauver-huit-lits\/","og_site_name":"Gestions hospitali\u00e8res","article_publisher":"https:\/\/www.facebook.com\/gestionshospitalieres\/","article_published_time":"2019-12-01T14:21:32+00:00","article_modified_time":"2019-12-20T07:47:26+00:00","author":"Gestions hospitali\u00e8res","twitter_card":"summary_large_image","twitter_creator":"@revue_GH","twitter_site":"@revue_GH","twitter_misc":{"\u00c9crit par":"Gestions hospitali\u00e8res","Dur\u00e9e de lecture estim\u00e9e":"6 minutes"},"schema":{"@context":"https:\/\/schema.org","@graph":[{"@type":"Article","@id":"https:\/\/www.ricom-web8.com\/gestions\/les-urgences-hospitalieres-sauver-huit-lits\/#article","isPartOf":{"@id":"https:\/\/www.ricom-web8.com\/gestions\/les-urgences-hospitalieres-sauver-huit-lits\/"},"author":{"name":"Gestions hospitali\u00e8res","@id":"https:\/\/www.ricom-web8.com\/gestions\/#\/schema\/person\/3ba9fe913190dfe9507feb621e902c1f"},"headline":"Les urgences hospitali\u00e8res","datePublished":"2019-12-01T14:21:32+00:00","dateModified":"2019-12-20T07:47:26+00:00","mainEntityOfPage":{"@id":"https:\/\/www.ricom-web8.com\/gestions\/les-urgences-hospitalieres-sauver-huit-lits\/"},"wordCount":1256,"commentCount":0,"publisher":{"@id":"https:\/\/www.ricom-web8.com\/gestions\/#organization"},"keywords":["Cour des comptes","financement","rapport 2019","urgences"],"articleSection":["dossier","Gestions Hospitali\u00e8res"],"inLanguage":"fr-FR","potentialAction":[{"@type":"CommentAction","name":"Comment","target":["https:\/\/www.ricom-web8.com\/gestions\/les-urgences-hospitalieres-sauver-huit-lits\/#respond"]}]},{"@type":"WebPage","@id":"https:\/\/www.ricom-web8.com\/gestions\/les-urgences-hospitalieres-sauver-huit-lits\/","url":"https:\/\/www.ricom-web8.com\/gestions\/les-urgences-hospitalieres-sauver-huit-lits\/","name":"Les urgences hospitali\u00e8res - Gestions hospitali\u00e8res","isPartOf":{"@id":"https:\/\/www.ricom-web8.com\/gestions\/#website"},"datePublished":"2019-12-01T14:21:32+00:00","dateModified":"2019-12-20T07:47:26+00:00","breadcrumb":{"@id":"https:\/\/www.ricom-web8.com\/gestions\/les-urgences-hospitalieres-sauver-huit-lits\/#breadcrumb"},"inLanguage":"fr-FR","potentialAction":[{"@type":"ReadAction","target":["https:\/\/www.ricom-web8.com\/gestions\/les-urgences-hospitalieres-sauver-huit-lits\/"]}]},{"@type":"BreadcrumbList","@id":"https:\/\/www.ricom-web8.com\/gestions\/les-urgences-hospitalieres-sauver-huit-lits\/#breadcrumb","itemListElement":[{"@type":"ListItem","position":1,"name":"Accueil","item":"https:\/\/www.ricom-web8.com\/gestions\/"},{"@type":"ListItem","position":2,"name":"Les urgences hospitali\u00e8res"}]},{"@type":"WebSite","@id":"https:\/\/www.ricom-web8.com\/gestions\/#website","url":"https:\/\/www.ricom-web8.com\/gestions\/","name":"Gestions hospitali\u00e8res","description":"la revue des d\u00e9cideurs hospitaliers","publisher":{"@id":"https:\/\/www.ricom-web8.com\/gestions\/#organization"},"potentialAction":[{"@type":"SearchAction","target":{"@type":"EntryPoint","urlTemplate":"https:\/\/www.ricom-web8.com\/gestions\/?s={search_term_string}"},"query-input":{"@type":"PropertyValueSpecification","valueRequired":true,"valueName":"search_term_string"}}],"inLanguage":"fr-FR"},{"@type":"Organization","@id":"https:\/\/www.ricom-web8.com\/gestions\/#organization","name":"Gestions hospitali\u00e8res","url":"https:\/\/www.ricom-web8.com\/gestions\/","logo":{"@type":"ImageObject","inLanguage":"fr-FR","@id":"https:\/\/www.ricom-web8.com\/gestions\/#\/schema\/logo\/image\/","url":"https:\/\/gestions-hospitalieres.fr\/wp-content\/uploads\/2017\/02\/picto_Gif-GH-trans.png","contentUrl":"https:\/\/gestions-hospitalieres.fr\/wp-content\/uploads\/2017\/02\/picto_Gif-GH-trans.png","width":512,"height":512,"caption":"Gestions hospitali\u00e8res"},"image":{"@id":"https:\/\/www.ricom-web8.com\/gestions\/#\/schema\/logo\/image\/"},"sameAs":["https:\/\/www.facebook.com\/gestionshospitalieres\/","https:\/\/x.com\/revue_GH","https:\/\/www.linkedin.com\/company\/gestions-hospitalieres?trk=top_nav_home"]},{"@type":"Person","@id":"https:\/\/www.ricom-web8.com\/gestions\/#\/schema\/person\/3ba9fe913190dfe9507feb621e902c1f","name":"Gestions hospitali\u00e8res","image":{"@type":"ImageObject","inLanguage":"fr-FR","@id":"https:\/\/www.ricom-web8.com\/gestions\/#\/schema\/person\/image\/","url":"https:\/\/secure.gravatar.com\/avatar\/1a0d93e6db5dbe7dac96bae4757d256f?s=96&d=mm&r=g","contentUrl":"https:\/\/secure.gravatar.com\/avatar\/1a0d93e6db5dbe7dac96bae4757d256f?s=96&d=mm&r=g","caption":"Gestions hospitali\u00e8res"},"url":"https:\/\/www.ricom-web8.com\/gestions\/author\/benjamin\/"}]}},"_links":{"self":[{"href":"https:\/\/www.ricom-web8.com\/gestions\/wp-json\/wp\/v2\/posts\/40755","targetHints":{"allow":["GET"]}}],"collection":[{"href":"https:\/\/www.ricom-web8.com\/gestions\/wp-json\/wp\/v2\/posts"}],"about":[{"href":"https:\/\/www.ricom-web8.com\/gestions\/wp-json\/wp\/v2\/types\/post"}],"author":[{"embeddable":true,"href":"https:\/\/www.ricom-web8.com\/gestions\/wp-json\/wp\/v2\/users\/23133"}],"replies":[{"embeddable":true,"href":"https:\/\/www.ricom-web8.com\/gestions\/wp-json\/wp\/v2\/comments?post=40755"}],"version-history":[{"count":0,"href":"https:\/\/www.ricom-web8.com\/gestions\/wp-json\/wp\/v2\/posts\/40755\/revisions"}],"wp:attachment":[{"href":"https:\/\/www.ricom-web8.com\/gestions\/wp-json\/wp\/v2\/media?parent=40755"}],"wp:term":[{"taxonomy":"category","embeddable":true,"href":"https:\/\/www.ricom-web8.com\/gestions\/wp-json\/wp\/v2\/categories?post=40755"},{"taxonomy":"post_tag","embeddable":true,"href":"https:\/\/www.ricom-web8.com\/gestions\/wp-json\/wp\/v2\/tags?post=40755"}],"curies":[{"name":"wp","href":"https:\/\/api.w.org\/{rel}","templated":true}]}}