

{"id":40938,"date":"2020-01-01T11:52:10","date_gmt":"2020-01-01T10:52:10","guid":{"rendered":"https:\/\/gestions-hospitalieres.fr\/?p=40938"},"modified":"2020-02-05T12:45:33","modified_gmt":"2020-02-05T11:45:33","slug":"le-partenariat-patient-un-modele-innovant","status":"publish","type":"post","link":"https:\/\/www.ricom-web8.com\/gestions\/le-partenariat-patient-un-modele-innovant\/","title":{"rendered":"Le partenariat patient, un mod\u00e8le innovant"},"content":{"rendered":"<span class=\"span-reading-time rt-reading-time\" style=\"display: block;\"><span class=\"rt-label rt-prefix\">Temps de lecture\u00a0: <\/span> <span class=\"rt-time\"> 8<\/span> <span class=\"rt-label rt-postfix\">minutes<\/span><\/span><p>Les syst\u00e8mes de sant\u00e9 des pays industrialis\u00e9s, du fait des progr\u00e8s m\u00e9dicaux et d\u2019une esp\u00e9rance de vie en constante \u00e9volution, sont confront\u00e9s \u00e0 une transition \u00e0 la fois d\u00e9mographique et \u00e9pid\u00e9miologique, transformant la morbidit\u00e9 et se traduisant par une augmentation de la mortalit\u00e9 li\u00e9e aux maladies chroniques dont la pr\u00e9valence<sup class=\"appel\" data-toggle=\"modal\" data-target=\"#notes\">(1)<\/sup> et le nombre augmentent<sup class=\"appel\" data-toggle=\"modal\" data-target=\"#notes\">(2)<\/sup>. Les maladies chroniques sont d\u00e9finies par l\u2019Organisation mondiale de la sant\u00e9 (OMS) comme \u00ab\u2009<i>des affections de longue dur\u00e9e (ALD) qui, en r\u00e8gle g\u00e9n\u00e9rale, \u00e9voluent lentement. Responsables de 63\u2009% des d\u00e9c\u00e8s, elles sont la toute premi\u00e8re cause de mortalit\u00e9 dans le monde<\/i>\u2009<sup class=\"appel\" data-toggle=\"modal\" data-target=\"#notes\">(3)<\/sup>\u2009\u00bb. Face \u00e0 l\u2019inobservance des traitements chez 50\u2009% des patients atteints de maladies chroniques<sup class=\"appel\" data-toggle=\"modal\" data-target=\"#notes\">(4)<\/sup>, le contr\u00f4le de ces maladies constitue un enjeu majeur en termes de sant\u00e9 publique et d\u2019impact \u00e9conomique<sup class=\"appel\" data-toggle=\"modal\" data-target=\"#notes\">(5)<\/sup>. En France, avec un tiers de la population souffrant de maladies chroniques, le constat est identique<sup class=\"appel\" data-toggle=\"modal\" data-target=\"#notes\">(6)<\/sup>. La recherche de nouveaux modes de fonctionnement, qui s\u2019appuient sur un changement profond des pratiques professionnelles int\u00e9grant l\u2019usager et ses proches, est devenue une priorit\u00e9<sup class=\"appel\" data-toggle=\"modal\" data-target=\"#notes\">(7)<\/sup>. D\u00e8s le d\u00e9but des ann\u00e9es 2000<sup class=\"appel\" data-toggle=\"modal\" data-target=\"#notes\">(8)<\/sup>, les d\u00e9cideurs et les op\u00e9rateurs du domaine de la sant\u00e9 publique fran\u00e7ais ont opt\u00e9 pour le d\u00e9veloppement de strat\u00e9gies visant \u00e0 impliquer les personnes accueillies au sein des \u00e9tablissements sanitaires, sociaux et m\u00e9dico-sociaux, \u00e0 la fois \u00e0 un niveau individuel en tant qu\u2019acteurs de leurs propres soins mais \u00e9galement \u00e0 un niveau collectif en tant que contributeurs \u00e0 la d\u00e9finition et l\u2019\u00e9laboration des politiques de sant\u00e9. Cette implication, fruit d\u2019une \u00e9volution de la soci\u00e9t\u00e9 li\u00e9e notamment au d\u00e9veloppement de la d\u00e9mocratie participative et au besoin d\u2019implication des patients eux-m\u00eames, s\u2019illustre \u00e0 travers la d\u00e9mocratie sanitaire devenue d\u00e9sormais \u00ab\u2009d\u00e9mocratie en sant\u00e9\u2009\u00bb<sup class=\"appel\" data-toggle=\"modal\" data-target=\"#notes\">(9)<\/sup>. Toutefois, s\u2019\u00e9tant construite autour du principe et du fonctionnement de la repr\u00e9sentation par les associations d\u2019usagers en sant\u00e9, de nombreux rapports r\u00e9v\u00e8lent les limites des dispositifs d\u00e9ploy\u00e9s et posent le constat suivant : la d\u00e9mocratie en sant\u00e9 dans les faits se traduit par une approche indirecte assur\u00e9e par les repr\u00e9sentants associatifs d\u2019usagers<sup class=\"appel\" data-toggle=\"modal\" data-target=\"#notes\">(10)<\/sup>. Pour autant, les lois qui se sont succ\u00e9d\u00e9, ont cherch\u00e9 et cherchent encore \u00e0 d\u00e9velopper \u00ab des modes compl\u00e9mentaires d\u2019expression de la parole des usagers et de leurs proches [\u2026] au-del\u00e0 du cadre des associations ou des instances de d\u00e9mocratie sanitaire<sup class=\"appel\" data-toggle=\"modal\" data-target=\"#notes\">(11)<\/sup> \u00bb. Il ne s\u2019agit alors plus d\u2019agir et de communiquer au nom des usagers, mais de r\u00e9fl\u00e9chir \u00e0 de nouvelles modalit\u00e9s de co-construction qui prennent en consid\u00e9ration la parole des personnes accueillies leurs exp\u00e9riences et expertises. Cons\u00e9quence de ces \u00e9volutions\u2009: les mod\u00e8les qui accordent une voix aux patients sont en plein essor, \u00e0 l\u2019image de celui propos\u00e9 par l\u2019universit\u00e9 de Montr\u00e9al (UdeM), dit \u00ab\u2009mod\u00e8le de Montr\u00e9al\u2009\u00bb, qui s\u2019appuie sur la reconnaissance des savoirs exp\u00e9rientiels du patient au profit de la qualit\u00e9 et la s\u00e9curit\u00e9 des soins et la prise en compte de son projet de vie.<span class=\"Apple-converted-space\">\u00a0<\/span><\/p>\n<p>Ce mod\u00e8le a particuli\u00e8rement int\u00e9ress\u00e9 le centre hospitalier r\u00e9gional universitaire de Nancy (CHRUN) qui a men\u00e9 ces derni\u00e8res ann\u00e9es de nombreuses initiatives et projets accordant une place et un r\u00f4le aux personnes accueillies. L\u2019\u00e9tablissement est \u00e9galement impliqu\u00e9 dans un programme de recherche Interreg portant sur l\u2019approche patient partenaire de soins (APPS) au sein de la Grande R\u00e9gion\u2009: la Wallonie, le Grand-duch\u00e9 du Luxembourg, la Lorraine, Rh\u00e9nanie-Palatinat et la Sarre. Ce projet a pour objectif principal d\u2019\u00e9tudier et d\u2019analyser l\u2019APPS en d\u00e9veloppant des solutions syst\u00e9miques qui int\u00e8grent notamment les aspects culturels, les organisations et les r\u00e9glementations respectives des syst\u00e8mes de soins de sant\u00e9.<\/p>\n<p>Ainsi, en s\u2019inspirant du mod\u00e8le de Montr\u00e9al et d\u2019autres initiatives men\u00e9es sur le territoire national ou international, le CHRU de Nancy travaille sur l\u2019implantation d\u2019un mod\u00e8le de partenariat visant \u00e0 impliquer davantage les personnes accueillies<sup class=\"appel\" data-toggle=\"modal\" data-target=\"#notes\">(12)<\/sup>.<span class=\"Apple-converted-space\">\u00a0<\/span><\/p>\n<h1>Exp\u00e9rimentations<\/h1>\n<h2>Le mod\u00e8le de Montr\u00e9al<\/h2>\n<p>L\u2019approche patient partenaire de Montr\u00e9al constitue un changement de paradigme en consid\u00e9rant le patient comme un membre \u00e0 part enti\u00e8re de l\u2019\u00e9quipe de soins, au m\u00eame titre que les autres professionnels<sup class=\"appel\" data-toggle=\"modal\" data-target=\"#notes\">(13)<\/sup>, gr\u00e2ce notamment \u00e0 ses savoirs exp\u00e9rientiels. Les patients reconnus comme experts de la vie avec leur maladie entre en collaboration avec les professionnels de sant\u00e9 qui eux sont experts de la maladie. Ainsi, s\u2019op\u00e8re une co-construction \u00e0 diff\u00e9rents niveaux \u2013 le syst\u00e8me de sant\u00e9, la recherche et la formation \u2013 et lieux d\u2019implication \u2013 niveaux micro (dispensation directe des soins), m\u00e9so (organisation des services) et macro (gouvernance).<span class=\"Apple-converted-space\">\u00a0<\/span><\/p>\n<p>Cette co-construction se fonde sur la compl\u00e9mentarit\u00e9 et le partage des expertises et des savoirs exp\u00e9rientiels de chacun afin d\u2019\u00e9laborer des solutions qui font consensus et qui sont mises en \u0153uvre conjointement dans une perspective de prise de d\u00e9cision libre et \u00e9clair\u00e9e et de leadership partag\u00e9<sup class=\"appel\" data-toggle=\"modal\" data-target=\"#notes\">&gt;(14)<\/sup>. Le patient devient ainsi un membre \u00e0 part enti\u00e8re de l\u2019\u00e9quipe de soins<sup class=\"appel\" data-toggle=\"modal\" data-target=\"#notes\">(15)<\/sup> et gr\u00e2ce \u00e0 une relation de partenariat, il peut \u00e0 la fois mieux g\u00e9rer sa maladie en tant que patient partenaire de ses soins et contribuer \u00e0 l\u2019am\u00e9lioration du syst\u00e8me de sant\u00e9 dans une dimension collective du partenariat. Cette approche relationnelle positionne les patients comme co-d\u00e9cideurs de leur strat\u00e9gie th\u00e9rapeutique et plus globalement co-acteurs au sein du r\u00e9seau de sant\u00e9<sup class=\"appel\" data-toggle=\"modal\" data-target=\"#notes\">(16)<\/sup>. De ce fait, gr\u00e2ce \u00e0 \u00ab\u2009<i>leurs savoirs situ\u00e9s et leur perspective singuli\u00e8re<\/i> <sup class=\"appel\" data-toggle=\"modal\" data-target=\"#notes\">(17)<\/sup>\u2009\u00bb, il est possible de concevoir \u00ab <i>des actions de sant\u00e9 innovantes, ou plus pertinentes au regard des attentes des malades et d\u2019am\u00e9liorer les parcours de soins<\/i>\u2009<sup class=\"appel\" data-toggle=\"modal\" data-target=\"#notes\">(18)<\/sup>\u00bb (<i>sch\u00e9ma\u00a01<\/i>).<\/p>\n<button data-toggle=\"collapse\" data-target=\"#enc_2020_58_01\">sch\u00e9ma 1<\/button><div id=\"enc_2020_58_01\" class=\"encadre collapse\"><p><span class=\"surtitre_enc\">sch\u00e9ma 1<\/span><\/p>\n<h2>Le mod\u00e8le de Montr\u00e9al<\/h2>\n<h3>Patients experts : nomenclature<\/h3>\n<p><img decoding=\"async\" class=\"alignnone size-full wp-image-40947\" src=\"https:\/\/gestions-hospitalieres.fr\/wp-content\/uploads\/2020\/02\/Capture-d\u2019\u00e9cran-2020-02-05-\u00e0-12.14.43.png\" alt=\"\" width=\"1036\" height=\"778\" srcset=\"https:\/\/www.ricom-web8.com\/gestions\/wp-content\/uploads\/2020\/02\/Capture-d\u2019\u00e9cran-2020-02-05-\u00e0-12.14.43.png 1036w, https:\/\/www.ricom-web8.com\/gestions\/wp-content\/uploads\/2020\/02\/Capture-d\u2019\u00e9cran-2020-02-05-\u00e0-12.14.43-300x225.png 300w, https:\/\/www.ricom-web8.com\/gestions\/wp-content\/uploads\/2020\/02\/Capture-d\u2019\u00e9cran-2020-02-05-\u00e0-12.14.43-768x577.png 768w, https:\/\/www.ricom-web8.com\/gestions\/wp-content\/uploads\/2020\/02\/Capture-d\u2019\u00e9cran-2020-02-05-\u00e0-12.14.43-1024x769.png 1024w, https:\/\/www.ricom-web8.com\/gestions\/wp-content\/uploads\/2020\/02\/Capture-d\u2019\u00e9cran-2020-02-05-\u00e0-12.14.43-345x259.png 345w\" sizes=\"(max-width: 1036px) 100vw, 1036px\" \/><\/p>\n<\/div>\n<h2>Ligue contre le cancer : patients ressources (PR) t\u00e9moin et parcours\u00a0Plan Cancer 2014-2019<sup class=\"appel\" data-toggle=\"modal\" data-target=\"#notes\">(19)<span class=\"Apple-converted-space\">\u00a0<\/span><\/sup><\/h2>\n<p>La Ligue contre le cancer est charg\u00e9e d\u2019exp\u00e9rimenter la formation et le d\u00e9ploiement de PR parcours et t\u00e9moins, dans deux r\u00e9gions\u2009: Grand Est et Pays de Loire. Le PR t\u00e9moin partage son exp\u00e9rience de la maladie avec les professionnels de sant\u00e9 en formation pour les sensibiliser aux difficult\u00e9s auxquelles sont confront\u00e9s les patients et les encouragent ainsi \u00e0 \u00eatre attentif \u00e0 ce v\u00e9cu. Le PR parcours intervient aupr\u00e8s de personnes malades dans les services hospitaliers dans le but d\u2019am\u00e9liorer leur parcours de soins. \u00c0 l\u2019\u00e9coute des patients, il leur transmet son exp\u00e9rience pour mieux vivre la maladie et les traitements en lien avec les \u00e9quipes soignantes.<\/p>\n<p>Ces patients qui sont identifi\u00e9s par la Ligue contre le cancer, les associations partenaires ou les \u00e9tablissements de sant\u00e9 sont recrut\u00e9s apr\u00e8s une \u00e9valuation psychologique assur\u00e9e par un psychologue de la Ligue contre le cancer. Ce recrutement donne lieu \u00e0 une formation r\u00e9alis\u00e9e par l\u2019\u00e9cole de formation de la Ligue et a un suivi renforc\u00e9.<\/p>\n<p>L\u2019\u00e9valuation r\u00e9alis\u00e9e tout au long de l\u2019exp\u00e9rimentation montre pour le PR t\u00e9moin un fort niveau de satisfaction des 4\u2009578 \u00e9tudiants sensibilis\u00e9s\u2009: 99\u2009% des r\u00e9pondants pensent conseiller cette intervention \u00e0 d\u2019autres professionnels de sant\u00e9 et 98\u2009% pensent que cette intervention aura un impact sur leur future pratique professionnelle. Le dispositif PR parcours s\u2019est quant \u00e0 lui d\u00e9ploy\u00e9 avec des r\u00e9sultats plus contrast\u00e9s au regard des objectifs initiaux. Des r\u00e9sultats tr\u00e8s positifs sont toutefois \u00e0 noter\u2009: 979 patients ont pu b\u00e9n\u00e9ficier de l\u2019intervention d\u2019un PR parcours. Plus de 95\u2009% des r\u00e9pondants<sup class=\"appel\" data-toggle=\"modal\" data-target=\"#notes\">(20)<\/sup> du questionnaire de satisfaction consid\u00e8rent que le PR parcours r\u00e9pond \u00e0 un v\u00e9ritable besoin et 99\u2009% d\u2019entre eux que ce type de rencontre serait int\u00e9ressant \u00e0 d\u00e9ployer pour aider davantage de patients. Plus de 80\u2009% affirment que la PR parcours leur a permis d\u2019am\u00e9liorer le v\u00e9cu de la maladie (effets secondaires, impact sur la vie quotidienne\u2026) et leur qualit\u00e9 de vie (diminution de stress, de l\u2019anxi\u00e9t\u00e9).<\/p>\n<h2>H\u00f4pitaux universitaires de Gen\u00e8ve\u2009: un partenariat souple et flexible<\/h2>\n<p>Dans le cadre de sa strat\u00e9gie 20\/20<sup class=\"appel\" data-toggle=\"modal\" data-target=\"#notes\">(21)<\/sup>, les HUG ont souhait\u00e9 d\u00e9velopper un mod\u00e8le de partenariat intitul\u00e9 \u00ab\u2009Patients partenaires\u2009\u00bb. Ce dernier qui constitue pour l\u2019\u00e9tablissement un levier d\u2019am\u00e9lioration de la qualit\u00e9 des prestations, a pour objectif de promouvoir ce mod\u00e8le relationnel \u00e0 chaque \u00e9tape de la prise en charge du patient, pour toutes les maladies chroniques et aigu\u00ebs, dans toutes les sp\u00e9cialit\u00e9s de soins, mais aussi dans les domaines de la qualit\u00e9 des soins, la recherche, l\u2019enseignement et la gouvernance. Fruit de la r\u00e9flexion d\u2019une \u00e9quipe de professionnels pluridisciplinaire et de patients, le cadre conceptuel du partenariat est la premi\u00e8re \u00e9tape de ce projet. Ce cadre est l\u2019outil d\u2019identification des domaines et de d\u00e9veloppement des actions, pour lesquels les patients et les aidants sont reconnus dans leur position d\u2019acteur de sant\u00e9.<\/p>\n<p>Ce projet se d\u00e9ploie gr\u00e2ce, notamment, \u00e0 la cr\u00e9ation d\u2019une plateforme qui assure un recrutement permanent des patients et des proches aidants, qui met en r\u00e9seau les partenaires et qui les accompagne dans leurs activit\u00e9s en partenariat. Ainsi, les HUG comptent une base de donn\u00e9es de patients partenaires particuli\u00e8rement importante<sup class=\"appel\" data-toggle=\"modal\" data-target=\"#notes\">(22)<\/sup> et le partenariat s\u2019impl\u00e9mente progressivement dans tous les domaines. Ce r\u00e9sultat s\u2019explique entre autres par le soutien de la direction g\u00e9n\u00e9rale, le d\u00e9veloppement du partenariat suite aux premiers retours d\u2019exp\u00e9rience r\u00e9alis\u00e9s aux HUG, la mise en relation des partenaires par la plateforme \u00ab\u2009Patients partenaires HUG\u2009\u00bb ainsi que la motivation des patients et des professionnels.<span class=\"Apple-converted-space\">\u00a0<\/span><\/p>\n<blockquote>\n<p style=\"text-align: right;\">\u00ab Si l\u2019engagement du patient \u00e9tait un m\u00e9dicament, ce serait le m\u00e9dicament vedette du si\u00e8cle, et l\u2019on consid\u00e9rerait le fait de ne pas le prescrire comme une faute professionnelle.\u2009\u00bb<br \/>\nL\u00e9onard Kish, directeur et cofondateur de VivaPhi<span class=\"Apple-converted-space\">\u00a0<\/span><\/p>\n<\/blockquote>\n<h1>Le d\u00e9ploiement du partenariat au sein du CHRU de Nancy<span class=\"Apple-converted-space\">\u00a0<\/span><\/h1>\n<p>\u00c0 partir de l\u2019analyse du mod\u00e8le de Montr\u00e9al et des diff\u00e9rentes initiatives d\u00e9crites pr\u00e9c\u00e9demment,<span class=\"Apple-converted-space\">\u00a0 <\/span>le CHRU de Nancy travaille sur l\u2019implantation d\u2019un mod\u00e8le de partenariat.<span class=\"Apple-converted-space\">\u00a0<\/span><\/p>\n<p>La vision commune est un espace dynamique tentant de cr\u00e9er un \u00e9quilibre entre les diff\u00e9rences de pens\u00e9es autour d\u2019un sujet, dans lequel sont partag\u00e9s des objectifs, des valeurs, des principes et des fa\u00e7ons de faire. Par une cr\u00e9ation collective fond\u00e9e \u00e0 la fois sur le dialogue et sur l\u2019action, elle est une \u00e9tape pr\u00e9alable indispensable avant le d\u00e9ploiement de tout projet. C\u2019est la raison pour laquelle un groupe de travail pluriprofessionnel a \u00e9t\u00e9 constitu\u00e9 afin de s\u2019entendre sur une philosophie commune du partenariat (validation d\u2019une classification, d\u2019un glossaire et de fiches m\u00e9thodologiques) et ainsi aboutir \u00e0 un cadre conceptuel du partenariat pour l\u2019\u00e9tablissement.<span class=\"Apple-converted-space\">\u00a0<\/span><\/p>\n<p>Un \u00e9tat des lieux et de synth\u00e8se des outils et des d\u00e9marches d\u2019implication des patients a \u00e9t\u00e9 r\u00e9alis\u00e9 en s\u2019int\u00e9ressant plus particuli\u00e8rement aux points suivants\u2009:<\/p>\n<ul>\n<li>niveau d\u2019implication\u2009: dans les soins, dans la recherche ou dans l\u2019enseignement\u2009;<\/li>\n<li>degr\u00e9 : de l\u2019information \u00e0 la co-construction\u00a0;<\/li>\n<li>lieu: niveaux micro, m\u00e9so ou macro\u2009;<\/li>\n<li>formation initiale ou continue.<\/li>\n<\/ul>\n<p>Cet \u00e9tat des lieux a permis de formaliser un mod\u00e8le de partenariat propre au CHRU de Nancy (<i>sch\u00e9ma\u00a02<\/i>) et des outils \u00e0 l\u2019image des fiches m\u00e9thodologiques Ces derni\u00e8res traduisent pour chaque profil de patient\/usager partenaire, les modalit\u00e9s d\u2019intervention de ces derniers (recrutement, p\u00e9rim\u00e8tre d\u2019action, missions, formation requise\u2026), elles constituent ainsi un outil \u00e0 disposition des professionnels de sant\u00e9 afin de mener des projets semblables de partenariat au sein de leur service.<\/p>\n<button data-toggle=\"collapse\" data-target=\"#enc_2020_58_02\">sch\u00e9ma 2<\/button><div id=\"enc_2020_58_02\" class=\"encadre collapse\"><p><span class=\"surtitre_enc\">sch\u00e9ma 2<\/span><\/p>\n<h2>Classification des r\u00f4les des patients engag\u00e9s - Proposition<\/h2>\n<p><img decoding=\"async\" class=\"alignnone size-full wp-image-40948\" src=\"https:\/\/gestions-hospitalieres.fr\/wp-content\/uploads\/2020\/02\/Capture-d\u2019\u00e9cran-2020-02-05-\u00e0-12.15.01.png\" alt=\"\" width=\"1546\" height=\"878\" srcset=\"https:\/\/www.ricom-web8.com\/gestions\/wp-content\/uploads\/2020\/02\/Capture-d\u2019\u00e9cran-2020-02-05-\u00e0-12.15.01.png 1546w, https:\/\/www.ricom-web8.com\/gestions\/wp-content\/uploads\/2020\/02\/Capture-d\u2019\u00e9cran-2020-02-05-\u00e0-12.15.01-300x170.png 300w, https:\/\/www.ricom-web8.com\/gestions\/wp-content\/uploads\/2020\/02\/Capture-d\u2019\u00e9cran-2020-02-05-\u00e0-12.15.01-768x436.png 768w, https:\/\/www.ricom-web8.com\/gestions\/wp-content\/uploads\/2020\/02\/Capture-d\u2019\u00e9cran-2020-02-05-\u00e0-12.15.01-1024x582.png 1024w\" sizes=\"(max-width: 1546px) 100vw, 1546px\" \/><\/p>\n<\/div>\n<h2>S\u2019inscrire dans une d\u00e9marche collaborativeafin de partager des exp\u00e9riences et des outils<\/h2>\n<p>De nombreuses initiatives sont men\u00e9es en France en r\u00e9ponse \u00e0 l\u2019int\u00e9r\u00eat grandissant pour le mod\u00e8le de Montr\u00e9al. Ainsi, il peut \u00eatre int\u00e9ressant de s\u2019inscrire dans une d\u00e9marche collaborative des \u00e9tablissements de sant\u00e9, afin de partager \u00e0 la fois les exp\u00e9riences men\u00e9es mais \u00e9galement les outils.<span class=\"Apple-converted-space\">\u00a0<\/span><\/p>\n<p>Cette pratique courante au Canada s\u2019illustre via des communaut\u00e9s de pratiques professionnelles qui se sont d\u00e9velopp\u00e9es dans le domaine de la sant\u00e9 et des services sociaux au Qu\u00e9bec \u00e0 la fin des ann\u00e9es 2000. La communaut\u00e9 de pratiques sur l\u2019exp\u00e9rience et le partenariat avec les usagers et leurs proches r\u00e9unit l\u2019ensemble des \u00e9tablissements de services et de soins du Qu\u00e9bec. Compte tenu des travaux men\u00e9s par les \u00e9tablissements fran\u00e7ais, il semble int\u00e9ressant d\u2019envisager cette forme de partage de bonnes pratiques, et de l\u2019int\u00e9grer. L\u2019\u00e9tude r\u00e9alis\u00e9e r\u00e9v\u00e8le une r\u00e9elle dynamique d\u2019implication des personnes accueillies au CHRU, qui s\u2019illustre au travers de nombreuses initiatives. Toutefois, pour approfondir et poursuivre la d\u00e9marche, les exp\u00e9riences men\u00e9es en France ou l\u2019\u00e9tranger, \u00e0 l\u2019image du mod\u00e8le de Montr\u00e9al, sont inspirantes afin de proposer un mod\u00e8le de partenariat adapt\u00e9 \u00e0 la France. Une fois ce mod\u00e8le valid\u00e9, la d\u00e9finition d\u2019une d\u00e9marche structur\u00e9e est n\u00e9cessaire pour assurer le succ\u00e8s de son d\u00e9ploiement.<\/p>\n<h1>Conclusion<\/h1>\n<p>En s\u2019inspirant \u00e0 la fois du mod\u00e8le de Montr\u00e9al et d\u2019autres initiatives de partenariats, le CHRU de Nancy propose une approche de partenariat dont le succ\u00e8s de d\u00e9ploiement repose sur une d\u00e9marche globale et int\u00e9gr\u00e9e, mais \u00e9galement sur l\u2019adh\u00e9sion des professionnels de la structure et des personnes accueillies.<span class=\"Apple-converted-space\">\u00a0<\/span><\/p>\n<p>En France, de nombreux \u00e9tablissements de sant\u00e9 s\u2019int\u00e9ressent \u00e0 l\u2019approche de partenariat et d\u00e9veloppent leur propre mod\u00e8le ou sont en cours d\u2019\u00e9laboration, s\u2019inspirant du mod\u00e8le de Montr\u00e9al. Ainsi, la collaboration avec ces derniers permettra, au-del\u00e0 du partage d\u2019exp\u00e9riences et d\u2019outils innovants, de promouvoir les diff\u00e9rentes approches du partenariat. Toutefois, afin d\u2019\u00e9viter la multiplication de mod\u00e8les, et un risque de confusion, l\u2019adoption d\u2019une d\u00e9marche globale \u00e0 l\u2019\u00e9chelle du territoire pourrait s\u2019envisager\u2009; reste \u00e0 savoir si ce dernier s\u2019entend \u00e0 l\u2019\u00e9chelon du GHT, \u00e0 l\u2019\u00e9chelon r\u00e9gional pilote de la d\u00e9mocratie en sant\u00e9 ou \u00e0 l\u2019\u00e9chelon national. L\u2019int\u00e9r\u00eat grandissant port\u00e9 par les acteurs du domaine de la sant\u00e9 publique \u00e0 l\u2019approche de partenariat pr\u00e9sage un d\u00e9but de r\u00e9ponse probablement prochainement d\u2019autant que la certification conjointe des GHT et notamment le r\u00e9f\u00e9rentiel de 2020 prendra encore davantage en compte le patient.<\/p>\n<script>function PlayerjsAsync(){} if(window[\"Playerjs\"]){PlayerjsAsync();}<\/script>","protected":false},"excerpt":{"rendered":"<p>Les syst\u00e8mes de sant\u00e9 des pays industrialis\u00e9s, du fait des progr\u00e8s m\u00e9dicaux et d\u2019une esp\u00e9rance de vie en constante \u00e9volution, sont confront\u00e9s \u00e0 une transition \u00e0 la fois d\u00e9mographique et \u00e9pid\u00e9miologique, transformant la morbidit\u00e9 et se traduisant par une augmentation de la mortalit\u00e9 li\u00e9e aux maladies chroniques dont la pr\u00e9valence(1) et le nombre augmentent(2). Les maladies chroniques sont d\u00e9finies par l\u2019Organisation mondiale de la sant\u00e9 (OMS) comme \u00ab\u2009des affections de&hellip; <\/p>\n","protected":false},"author":23133,"featured_media":0,"comment_status":"open","ping_status":"closed","sticky":false,"template":"","format":"standard","meta":{"_acf_changed":false,"_relevanssi_hide_post":"","_relevanssi_hide_content":"","_relevanssi_pin_for_all":"","_relevanssi_pin_keywords":"","_relevanssi_unpin_keywords":"","_relevanssi_related_keywords":"","_relevanssi_related_include_ids":"","_relevanssi_related_exclude_ids":"","_relevanssi_related_no_append":"","_relevanssi_related_not_related":"","_relevanssi_related_posts":"","_relevanssi_noindex_reason":"","footnotes":""},"categories":[26,2],"tags":[7703,922,7403,6976,7705,7704,339],"class_list":["post-40938","post","type-post","status-publish","format-standard","hentry","category-dossier","category-gestions-hospitalieres","tag-democratie-en-sante","tag-democratie-sanitaire","tag-engagement-patient","tag-experience-patient","tag-modele-de-montreal","tag-partenariat-patient","tag-usager"],"acf":[],"yoast_head":"<!-- This site is optimized with the Yoast SEO plugin v24.8.1 - https:\/\/yoast.com\/wordpress\/plugins\/seo\/ -->\n<title>Le partenariat patient, un mod\u00e8le innovant - Gestions hospitali\u00e8res<\/title>\n<meta name=\"robots\" content=\"index, follow, max-snippet:-1, max-image-preview:large, max-video-preview:-1\" \/>\n<link rel=\"canonical\" href=\"https:\/\/www.ricom-web8.com\/gestions\/le-partenariat-patient-un-modele-innovant\/\" \/>\n<meta property=\"og:locale\" content=\"fr_FR\" \/>\n<meta property=\"og:type\" content=\"article\" \/>\n<meta property=\"og:title\" content=\"Le partenariat patient, un mod\u00e8le innovant - Gestions hospitali\u00e8res\" \/>\n<meta property=\"og:description\" content=\"Les syst\u00e8mes de sant\u00e9 des pays industrialis\u00e9s, du fait des progr\u00e8s m\u00e9dicaux et d\u2019une esp\u00e9rance de vie en constante \u00e9volution, sont confront\u00e9s \u00e0 une transition \u00e0 la fois d\u00e9mographique et \u00e9pid\u00e9miologique, transformant la morbidit\u00e9 et se traduisant par une augmentation de la mortalit\u00e9 li\u00e9e aux maladies chroniques dont la pr\u00e9valence(1) et le nombre augmentent(2). Les maladies chroniques sont d\u00e9finies par l\u2019Organisation mondiale de la sant\u00e9 (OMS) comme \u00ab\u2009des affections de&hellip;\" \/>\n<meta property=\"og:url\" content=\"https:\/\/www.ricom-web8.com\/gestions\/le-partenariat-patient-un-modele-innovant\/\" \/>\n<meta property=\"og:site_name\" content=\"Gestions hospitali\u00e8res\" \/>\n<meta property=\"article:publisher\" content=\"https:\/\/www.facebook.com\/gestionshospitalieres\/\" \/>\n<meta property=\"article:published_time\" content=\"2020-01-01T10:52:10+00:00\" \/>\n<meta property=\"article:modified_time\" content=\"2020-02-05T11:45:33+00:00\" \/>\n<meta name=\"author\" content=\"Gestions hospitali\u00e8res\" \/>\n<meta name=\"twitter:card\" content=\"summary_large_image\" \/>\n<meta name=\"twitter:creator\" content=\"@revue_GH\" \/>\n<meta name=\"twitter:site\" content=\"@revue_GH\" \/>\n<meta name=\"twitter:label1\" content=\"\u00c9crit par\" \/>\n\t<meta name=\"twitter:data1\" content=\"Gestions hospitali\u00e8res\" \/>\n\t<meta name=\"twitter:label2\" content=\"Dur\u00e9e de lecture estim\u00e9e\" \/>\n\t<meta name=\"twitter:data2\" content=\"12 minutes\" \/>\n<script type=\"application\/ld+json\" class=\"yoast-schema-graph\">{\"@context\":\"https:\/\/schema.org\",\"@graph\":[{\"@type\":\"Article\",\"@id\":\"https:\/\/www.ricom-web8.com\/gestions\/le-partenariat-patient-un-modele-innovant\/#article\",\"isPartOf\":{\"@id\":\"https:\/\/www.ricom-web8.com\/gestions\/le-partenariat-patient-un-modele-innovant\/\"},\"author\":{\"name\":\"Gestions hospitali\u00e8res\",\"@id\":\"https:\/\/www.ricom-web8.com\/gestions\/#\/schema\/person\/3ba9fe913190dfe9507feb621e902c1f\"},\"headline\":\"Le partenariat patient, un mod\u00e8le innovant\",\"datePublished\":\"2020-01-01T10:52:10+00:00\",\"dateModified\":\"2020-02-05T11:45:33+00:00\",\"mainEntityOfPage\":{\"@id\":\"https:\/\/www.ricom-web8.com\/gestions\/le-partenariat-patient-un-modele-innovant\/\"},\"wordCount\":2471,\"commentCount\":0,\"publisher\":{\"@id\":\"https:\/\/www.ricom-web8.com\/gestions\/#organization\"},\"keywords\":[\"d\u00e9mocratie en sant\u00e9\",\"d\u00e9mocratie sanitaire\",\"engagement patient\",\"exp\u00e9rience patient\",\"mod\u00e8le de Montr\u00e9al\",\"partenariat patient\",\"usager\"],\"articleSection\":[\"dossier\",\"Gestions Hospitali\u00e8res\"],\"inLanguage\":\"fr-FR\",\"potentialAction\":[{\"@type\":\"CommentAction\",\"name\":\"Comment\",\"target\":[\"https:\/\/www.ricom-web8.com\/gestions\/le-partenariat-patient-un-modele-innovant\/#respond\"]}]},{\"@type\":\"WebPage\",\"@id\":\"https:\/\/www.ricom-web8.com\/gestions\/le-partenariat-patient-un-modele-innovant\/\",\"url\":\"https:\/\/www.ricom-web8.com\/gestions\/le-partenariat-patient-un-modele-innovant\/\",\"name\":\"Le partenariat patient, un mod\u00e8le innovant - Gestions hospitali\u00e8res\",\"isPartOf\":{\"@id\":\"https:\/\/www.ricom-web8.com\/gestions\/#website\"},\"datePublished\":\"2020-01-01T10:52:10+00:00\",\"dateModified\":\"2020-02-05T11:45:33+00:00\",\"breadcrumb\":{\"@id\":\"https:\/\/www.ricom-web8.com\/gestions\/le-partenariat-patient-un-modele-innovant\/#breadcrumb\"},\"inLanguage\":\"fr-FR\",\"potentialAction\":[{\"@type\":\"ReadAction\",\"target\":[\"https:\/\/www.ricom-web8.com\/gestions\/le-partenariat-patient-un-modele-innovant\/\"]}]},{\"@type\":\"BreadcrumbList\",\"@id\":\"https:\/\/www.ricom-web8.com\/gestions\/le-partenariat-patient-un-modele-innovant\/#breadcrumb\",\"itemListElement\":[{\"@type\":\"ListItem\",\"position\":1,\"name\":\"Accueil\",\"item\":\"https:\/\/www.ricom-web8.com\/gestions\/\"},{\"@type\":\"ListItem\",\"position\":2,\"name\":\"Le partenariat patient, un mod\u00e8le innovant\"}]},{\"@type\":\"WebSite\",\"@id\":\"https:\/\/www.ricom-web8.com\/gestions\/#website\",\"url\":\"https:\/\/www.ricom-web8.com\/gestions\/\",\"name\":\"Gestions hospitali\u00e8res\",\"description\":\"la revue des d\u00e9cideurs hospitaliers\",\"publisher\":{\"@id\":\"https:\/\/www.ricom-web8.com\/gestions\/#organization\"},\"potentialAction\":[{\"@type\":\"SearchAction\",\"target\":{\"@type\":\"EntryPoint\",\"urlTemplate\":\"https:\/\/www.ricom-web8.com\/gestions\/?s={search_term_string}\"},\"query-input\":{\"@type\":\"PropertyValueSpecification\",\"valueRequired\":true,\"valueName\":\"search_term_string\"}}],\"inLanguage\":\"fr-FR\"},{\"@type\":\"Organization\",\"@id\":\"https:\/\/www.ricom-web8.com\/gestions\/#organization\",\"name\":\"Gestions hospitali\u00e8res\",\"url\":\"https:\/\/www.ricom-web8.com\/gestions\/\",\"logo\":{\"@type\":\"ImageObject\",\"inLanguage\":\"fr-FR\",\"@id\":\"https:\/\/www.ricom-web8.com\/gestions\/#\/schema\/logo\/image\/\",\"url\":\"https:\/\/gestions-hospitalieres.fr\/wp-content\/uploads\/2017\/02\/picto_Gif-GH-trans.png\",\"contentUrl\":\"https:\/\/gestions-hospitalieres.fr\/wp-content\/uploads\/2017\/02\/picto_Gif-GH-trans.png\",\"width\":512,\"height\":512,\"caption\":\"Gestions hospitali\u00e8res\"},\"image\":{\"@id\":\"https:\/\/www.ricom-web8.com\/gestions\/#\/schema\/logo\/image\/\"},\"sameAs\":[\"https:\/\/www.facebook.com\/gestionshospitalieres\/\",\"https:\/\/x.com\/revue_GH\",\"https:\/\/www.linkedin.com\/company\/gestions-hospitalieres?trk=top_nav_home\"]},{\"@type\":\"Person\",\"@id\":\"https:\/\/www.ricom-web8.com\/gestions\/#\/schema\/person\/3ba9fe913190dfe9507feb621e902c1f\",\"name\":\"Gestions hospitali\u00e8res\",\"image\":{\"@type\":\"ImageObject\",\"inLanguage\":\"fr-FR\",\"@id\":\"https:\/\/www.ricom-web8.com\/gestions\/#\/schema\/person\/image\/\",\"url\":\"https:\/\/secure.gravatar.com\/avatar\/1a0d93e6db5dbe7dac96bae4757d256f?s=96&d=mm&r=g\",\"contentUrl\":\"https:\/\/secure.gravatar.com\/avatar\/1a0d93e6db5dbe7dac96bae4757d256f?s=96&d=mm&r=g\",\"caption\":\"Gestions hospitali\u00e8res\"},\"url\":\"https:\/\/www.ricom-web8.com\/gestions\/author\/benjamin\/\"}]}<\/script>\n<!-- \/ Yoast SEO plugin. -->","yoast_head_json":{"title":"Le partenariat patient, un mod\u00e8le innovant - Gestions hospitali\u00e8res","robots":{"index":"index","follow":"follow","max-snippet":"max-snippet:-1","max-image-preview":"max-image-preview:large","max-video-preview":"max-video-preview:-1"},"canonical":"https:\/\/www.ricom-web8.com\/gestions\/le-partenariat-patient-un-modele-innovant\/","og_locale":"fr_FR","og_type":"article","og_title":"Le partenariat patient, un mod\u00e8le innovant - Gestions hospitali\u00e8res","og_description":"Les syst\u00e8mes de sant\u00e9 des pays industrialis\u00e9s, du fait des progr\u00e8s m\u00e9dicaux et d\u2019une esp\u00e9rance de vie en constante \u00e9volution, sont confront\u00e9s \u00e0 une transition \u00e0 la fois d\u00e9mographique et \u00e9pid\u00e9miologique, transformant la morbidit\u00e9 et se traduisant par une augmentation de la mortalit\u00e9 li\u00e9e aux maladies chroniques dont la pr\u00e9valence(1) et le nombre augmentent(2). Les maladies chroniques sont d\u00e9finies par l\u2019Organisation mondiale de la sant\u00e9 (OMS) comme \u00ab\u2009des affections de&hellip;","og_url":"https:\/\/www.ricom-web8.com\/gestions\/le-partenariat-patient-un-modele-innovant\/","og_site_name":"Gestions hospitali\u00e8res","article_publisher":"https:\/\/www.facebook.com\/gestionshospitalieres\/","article_published_time":"2020-01-01T10:52:10+00:00","article_modified_time":"2020-02-05T11:45:33+00:00","author":"Gestions hospitali\u00e8res","twitter_card":"summary_large_image","twitter_creator":"@revue_GH","twitter_site":"@revue_GH","twitter_misc":{"\u00c9crit par":"Gestions hospitali\u00e8res","Dur\u00e9e de lecture estim\u00e9e":"12 minutes"},"schema":{"@context":"https:\/\/schema.org","@graph":[{"@type":"Article","@id":"https:\/\/www.ricom-web8.com\/gestions\/le-partenariat-patient-un-modele-innovant\/#article","isPartOf":{"@id":"https:\/\/www.ricom-web8.com\/gestions\/le-partenariat-patient-un-modele-innovant\/"},"author":{"name":"Gestions hospitali\u00e8res","@id":"https:\/\/www.ricom-web8.com\/gestions\/#\/schema\/person\/3ba9fe913190dfe9507feb621e902c1f"},"headline":"Le partenariat patient, un mod\u00e8le innovant","datePublished":"2020-01-01T10:52:10+00:00","dateModified":"2020-02-05T11:45:33+00:00","mainEntityOfPage":{"@id":"https:\/\/www.ricom-web8.com\/gestions\/le-partenariat-patient-un-modele-innovant\/"},"wordCount":2471,"commentCount":0,"publisher":{"@id":"https:\/\/www.ricom-web8.com\/gestions\/#organization"},"keywords":["d\u00e9mocratie en sant\u00e9","d\u00e9mocratie sanitaire","engagement patient","exp\u00e9rience patient","mod\u00e8le de Montr\u00e9al","partenariat patient","usager"],"articleSection":["dossier","Gestions Hospitali\u00e8res"],"inLanguage":"fr-FR","potentialAction":[{"@type":"CommentAction","name":"Comment","target":["https:\/\/www.ricom-web8.com\/gestions\/le-partenariat-patient-un-modele-innovant\/#respond"]}]},{"@type":"WebPage","@id":"https:\/\/www.ricom-web8.com\/gestions\/le-partenariat-patient-un-modele-innovant\/","url":"https:\/\/www.ricom-web8.com\/gestions\/le-partenariat-patient-un-modele-innovant\/","name":"Le partenariat patient, un mod\u00e8le innovant - Gestions hospitali\u00e8res","isPartOf":{"@id":"https:\/\/www.ricom-web8.com\/gestions\/#website"},"datePublished":"2020-01-01T10:52:10+00:00","dateModified":"2020-02-05T11:45:33+00:00","breadcrumb":{"@id":"https:\/\/www.ricom-web8.com\/gestions\/le-partenariat-patient-un-modele-innovant\/#breadcrumb"},"inLanguage":"fr-FR","potentialAction":[{"@type":"ReadAction","target":["https:\/\/www.ricom-web8.com\/gestions\/le-partenariat-patient-un-modele-innovant\/"]}]},{"@type":"BreadcrumbList","@id":"https:\/\/www.ricom-web8.com\/gestions\/le-partenariat-patient-un-modele-innovant\/#breadcrumb","itemListElement":[{"@type":"ListItem","position":1,"name":"Accueil","item":"https:\/\/www.ricom-web8.com\/gestions\/"},{"@type":"ListItem","position":2,"name":"Le partenariat patient, un mod\u00e8le innovant"}]},{"@type":"WebSite","@id":"https:\/\/www.ricom-web8.com\/gestions\/#website","url":"https:\/\/www.ricom-web8.com\/gestions\/","name":"Gestions hospitali\u00e8res","description":"la revue des d\u00e9cideurs hospitaliers","publisher":{"@id":"https:\/\/www.ricom-web8.com\/gestions\/#organization"},"potentialAction":[{"@type":"SearchAction","target":{"@type":"EntryPoint","urlTemplate":"https:\/\/www.ricom-web8.com\/gestions\/?s={search_term_string}"},"query-input":{"@type":"PropertyValueSpecification","valueRequired":true,"valueName":"search_term_string"}}],"inLanguage":"fr-FR"},{"@type":"Organization","@id":"https:\/\/www.ricom-web8.com\/gestions\/#organization","name":"Gestions hospitali\u00e8res","url":"https:\/\/www.ricom-web8.com\/gestions\/","logo":{"@type":"ImageObject","inLanguage":"fr-FR","@id":"https:\/\/www.ricom-web8.com\/gestions\/#\/schema\/logo\/image\/","url":"https:\/\/gestions-hospitalieres.fr\/wp-content\/uploads\/2017\/02\/picto_Gif-GH-trans.png","contentUrl":"https:\/\/gestions-hospitalieres.fr\/wp-content\/uploads\/2017\/02\/picto_Gif-GH-trans.png","width":512,"height":512,"caption":"Gestions hospitali\u00e8res"},"image":{"@id":"https:\/\/www.ricom-web8.com\/gestions\/#\/schema\/logo\/image\/"},"sameAs":["https:\/\/www.facebook.com\/gestionshospitalieres\/","https:\/\/x.com\/revue_GH","https:\/\/www.linkedin.com\/company\/gestions-hospitalieres?trk=top_nav_home"]},{"@type":"Person","@id":"https:\/\/www.ricom-web8.com\/gestions\/#\/schema\/person\/3ba9fe913190dfe9507feb621e902c1f","name":"Gestions hospitali\u00e8res","image":{"@type":"ImageObject","inLanguage":"fr-FR","@id":"https:\/\/www.ricom-web8.com\/gestions\/#\/schema\/person\/image\/","url":"https:\/\/secure.gravatar.com\/avatar\/1a0d93e6db5dbe7dac96bae4757d256f?s=96&d=mm&r=g","contentUrl":"https:\/\/secure.gravatar.com\/avatar\/1a0d93e6db5dbe7dac96bae4757d256f?s=96&d=mm&r=g","caption":"Gestions hospitali\u00e8res"},"url":"https:\/\/www.ricom-web8.com\/gestions\/author\/benjamin\/"}]}},"_links":{"self":[{"href":"https:\/\/www.ricom-web8.com\/gestions\/wp-json\/wp\/v2\/posts\/40938","targetHints":{"allow":["GET"]}}],"collection":[{"href":"https:\/\/www.ricom-web8.com\/gestions\/wp-json\/wp\/v2\/posts"}],"about":[{"href":"https:\/\/www.ricom-web8.com\/gestions\/wp-json\/wp\/v2\/types\/post"}],"author":[{"embeddable":true,"href":"https:\/\/www.ricom-web8.com\/gestions\/wp-json\/wp\/v2\/users\/23133"}],"replies":[{"embeddable":true,"href":"https:\/\/www.ricom-web8.com\/gestions\/wp-json\/wp\/v2\/comments?post=40938"}],"version-history":[{"count":0,"href":"https:\/\/www.ricom-web8.com\/gestions\/wp-json\/wp\/v2\/posts\/40938\/revisions"}],"wp:attachment":[{"href":"https:\/\/www.ricom-web8.com\/gestions\/wp-json\/wp\/v2\/media?parent=40938"}],"wp:term":[{"taxonomy":"category","embeddable":true,"href":"https:\/\/www.ricom-web8.com\/gestions\/wp-json\/wp\/v2\/categories?post=40938"},{"taxonomy":"post_tag","embeddable":true,"href":"https:\/\/www.ricom-web8.com\/gestions\/wp-json\/wp\/v2\/tags?post=40938"}],"curies":[{"name":"wp","href":"https:\/\/api.w.org\/{rel}","templated":true}]}}