

{"id":40999,"date":"2020-02-01T15:51:51","date_gmt":"2020-02-01T14:51:51","guid":{"rendered":"https:\/\/gestions-hospitalieres.fr\/?p=40999"},"modified":"2020-02-26T18:09:22","modified_gmt":"2020-02-26T17:09:22","slug":"telemedecine-strategies-de-deploiement-et-conflits-dinterets","status":"publish","type":"post","link":"https:\/\/www.ricom-web8.com\/gestions\/telemedecine-strategies-de-deploiement-et-conflits-dinterets\/","title":{"rendered":"Strat\u00e9gies de d\u00e9ploiement et conflits d\u2019int\u00e9r\u00eats"},"content":{"rendered":"<span class=\"span-reading-time rt-reading-time\" style=\"display: block;\"><span class=\"rt-label rt-prefix\">Temps de lecture\u00a0: <\/span> <span class=\"rt-time\"> 9<\/span> <span class=\"rt-label rt-postfix\">minutes<\/span><\/span><p>En France, la m\u00e9decine \u00e0 distance via les technologies de l\u2019information et de la communication existe depuis les ann\u00e9es\u00a01980 sous la forme de supports technologiques pour appuyer des actes m\u00e9dicaux, surtout en radiologie et chirurgie<sup class=\"appel\" data-toggle=\"modal\" data-target=\"#notes\">(1)<\/sup>. Depuis les ann\u00e9es\u00a01990, de grandes avanc\u00e9es dans ce domaine ont eu lieu, tels cet examen aux rayons X pilot\u00e9 depuis l\u2019h\u00f4pital-Dieu de Montr\u00e9al (Canada) sur un patient de l\u2019h\u00f4pital Cochin, \u00e0 Paris, et une t\u00e9l\u00e9chirurgie r\u00e9alis\u00e9e par le Pr Marescaux \u00e0 partir d\u2019un h\u00f4pital new-yorkais sur une patiente admise au CHU de Strasbourg<sup class=\"appel\" data-toggle=\"modal\" data-target=\"#notes\">(2)<\/sup>.<\/p>\n<p>Les gouvernements successifs ont d\u00e9cid\u00e9 de valoriser la t\u00e9l\u00e9m\u00e9decine en la reconnaissant comme un acte m\u00e9dical, d\u2019abord par la loi relative \u00e0 l\u2019assurance maladie de 2004 puis par l\u2019article\u00a078 de la loi H\u00f4pital, patients, sant\u00e9, territoires (HPST) du 21 juillet 2009 et le d\u00e9cret du 19\u00a0octobre 2010 qui d\u00e9termine les r\u00f4les et les objectifs des professionnels de sant\u00e9 et des entreprises de technologie ainsi que ceux des institutions de tutelle qui sont responsables de son d\u00e9ploiement<sup class=\"appel\" data-toggle=\"modal\" data-target=\"#notes\">(3)<\/sup>. Face \u00e0 ces changements dans l\u2019organisation du syst\u00e8me de sant\u00e9, on observe des effets contraires entre la volont\u00e9 affich\u00e9e par les pouvoirs publics et les r\u00e9sultats qui recens\u00e9s sur le terrain.<span class=\"Apple-converted-space\">\u00a0<\/span><\/p>\n<p>En effet, de 1990 \u00e0 2000, on constate une phase de d\u00e9veloppement significative des projets en t\u00e9l\u00e9m\u00e9decine. Paradoxalement, depuis 2009, sa progression est devenue tr\u00e8s lente<sup class=\"appel\" data-toggle=\"modal\" data-target=\"#notes\">(4)<\/sup>. Pour traiter cette probl\u00e9matique, il faut revenir aux politiques fondatrices du syst\u00e8me de t\u00e9l\u00e9m\u00e9decine divis\u00e9es historiquement en deux grandes \u00e9tapes (l\u2019industrialisation et l\u2019institutionnalisation). Ces deux orientations strat\u00e9giques seront d\u00e9velopp\u00e9es progressivement pour comprendre les conflits d\u2019int\u00e9r\u00eats observ\u00e9s avec le temps et les changements op\u00e9r\u00e9s par le minist\u00e8re des Solidarit\u00e9s et de la Sant\u00e9.<\/p>\n<h1>Industrialisation et conflits d\u2019int\u00e9r\u00eats<span class=\"Apple-converted-space\">\u00a0<\/span><\/h1>\n<p>Les strat\u00e9gies du gouvernement dans la conception des politiques de sant\u00e9, inspir\u00e9es des m\u00e9thodes manag\u00e9riales utilis\u00e9es dans l\u2019industrie, consistent en une gestion de production des soins sous forme d\u2019un parcours qui permet une prise en charge compl\u00e8te du patient, de son admission \u00e0 sa sortie<sup class=\"appel\" data-toggle=\"modal\" data-target=\"#notes\">(5)<\/sup>.<span class=\"Apple-converted-space\">\u00a0<\/span><\/p>\n<h2>Les origines de l\u2019industrialisation <span class=\"Apple-converted-space\">\u00a0<\/span><\/h2>\n<p>Depuis 1986, les diff\u00e9rentes institutions de sant\u00e9 re\u00e7oivent annuellement des budgets de fonctionnement globaux et doivent donc \u00eatre vigilantes en mati\u00e8re de d\u00e9penses et de suivi des recettes<sup class=\"appel\" data-toggle=\"modal\" data-target=\"#notes\">(6)<\/sup>. \u00c0 partir de 2003, les r\u00e9percussions de ce mode de financement \u00e9taient n\u00e9gatives sur les structures de sant\u00e9, surtout celles qui se trouvaient dans des endroits g\u00e9ographiquement difficiles. Ce qui a entra\u00een\u00e9 des endettements et m\u00eame des suppressions de plusieurs centres hospitaliers dans quelques r\u00e9gions, aggravant ainsi le ph\u00e9nom\u00e8ne de la d\u00e9sertification m\u00e9dicale.<span class=\"Apple-converted-space\">\u00a0<\/span><\/p>\n<p>Suite \u00e0 ces probl\u00e8mes de gestion, la t\u00e9l\u00e9m\u00e9decine a commenc\u00e9 \u00e0 prendre de l\u2019ampleur dans le syst\u00e8me de sant\u00e9, surtout apr\u00e8s le regroupement en plusieurs plateaux techniques<br \/>\ndes \u00e9tablissements de sant\u00e9 qui se trouvaient dans des zones g\u00e9ographiques proches. Ce changement organisationnel a permis de former des sch\u00e9mas r\u00e9gionaux d\u2019organisation de sant\u00e9<br \/>\n(Sros) bien organis\u00e9s qui permettaient aux autorit\u00e9s de contr\u00f4ler ces d\u00e9penses tout en \u00e9vitant le gaspillage de ses moyens financiers<sup class=\"appel\" data-toggle=\"modal\" data-target=\"#notes\">(7)<\/sup>.<\/p>\n<h2>Principaux conflits m\u00e9decins\/industriels<\/h2>\n<p>En plus des probl\u00e8mes fonctionnels, d\u2019autres zones de tensions ont \u00e9t\u00e9 observ\u00e9es entre les m\u00e9decins du secteur lib\u00e9ral et les industriels, principaux fournisseurs des nouvelles technologies en t\u00e9l\u00e9m\u00e9decine<sup class=\"appel\" data-toggle=\"modal\" data-target=\"#notes\">(8)<\/sup>. La nature des conflits enregistr\u00e9s remet en cause l\u2019organisation de soins dans le syst\u00e8me de sant\u00e9, en permettant de constater trois points de divergences.<\/p>\n<h3>Les conventions de production des soins<span class=\"Apple-converted-space\">\u00a0<\/span><\/h3>\n<p>La t\u00e9l\u00e9m\u00e9decine est une occasion favorable pour les industriels de se positionner dans ce secteur d\u2019activit\u00e9, d\u2019autant plus que le march\u00e9 fran\u00e7ais des \u00e9quipements et des produits technologiques est estim\u00e9 \u00e0 plus de 150 millions d\u2019euros<sup class=\"appel\" data-toggle=\"modal\" data-target=\"#notes\">(9)<\/sup>. Une somme susceptible d\u2019augmenter dans les ann\u00e9es \u00e0 venir<sup class=\"appel\" data-toggle=\"modal\" data-target=\"#notes\">(10)<\/sup>. En 2011, la F\u00e9d\u00e9ration des industriels \u00e9lectriques, \u00e9lectroniques et de communication (Fieec) a entam\u00e9 des n\u00e9gociations avec l\u2019Agence des syst\u00e8mes d\u2019information partag\u00e9s de sant\u00e9 (Asip Sant\u00e9) pour faciliter le partenariat entre le secteur public et priv\u00e9, mais aussi pour imposer la culture \u00e9conomique qui est fond\u00e9e sur les r\u00e9sultats comme c\u2019est le cas dans le monde de l\u2019industrie<sup class=\"appel\" data-toggle=\"modal\" data-target=\"#notes\">(11)<\/sup>.<\/p>\n<p>Les industriels pr\u00e9sentent donc la t\u00e9l\u00e9m\u00e9decine comme un outil de production des traitements qui doit r\u00e9pondre aux objectifs de normalisation des soins m\u00e9dicaux (la rationalisation du temps de travail et la technicit\u00e9 des professionnels m\u00e9dicaux), imposant ainsi un raisonnement purement industriel en excluant de ce fait la r\u00e9flexion intellectuelle dans lesdits actes. Les professionnels m\u00e9dicaux du secteur lib\u00e9ral estimaient que la convention propos\u00e9e par les autorit\u00e9s de sant\u00e9 sous l\u2019influence des industriels de sant\u00e9 n\u2019\u00e9tait pas compatible avec les conventions existantes<sup class=\"appel\" data-toggle=\"modal\" data-target=\"#notes\">(12)<\/sup>.<\/p>\n<h3>Le dossier m\u00e9dical personnel (DMP)<\/h3>\n<p>Le DMP est le premier dispositif encourag\u00e9 et pl\u00e9biscit\u00e9 par les comit\u00e9s de pilotage responsables du d\u00e9ploiement de la t\u00e9l\u00e9m\u00e9decine. Cette technologie autorisait d\u2019un c\u00f4t\u00e9 un acc\u00e8s \u00e0 distance aux donn\u00e9es m\u00e9dicales des patients de la part des professionnels m\u00e9dicaux et d\u2019un autre c\u00f4t\u00e9, il permettait la v\u00e9rification des activit\u00e9s des m\u00e9decins par les autorit\u00e9s de sant\u00e9, donc une nouvelle forme de transparence partag\u00e9e entre les diff\u00e9rents acteurs. Ce dispositif fut rapidement rejet\u00e9 par les professionnels m\u00e9dicaux, car ils refusaient la normalisation des soins par l\u2019introduction de concepts purement industriels comme gestion, processus, performance, qualit\u00e9\u2026 Il s\u2019agissait <i>de facto<\/i> d\u2019une forme de r\u00e9sistance contre la standardisation des offres de soins, mais \u00e9galement une sorte de refus contre un syst\u00e8me qui n\u2019am\u00e9liorait pas leurs int\u00e9r\u00eats<sup class=\"appel\" data-toggle=\"modal\" data-target=\"#notes\">(13)<\/sup>.<\/p>\n<h3>L\u2019\u00e9valuation des actes de t\u00e9l\u00e9m\u00e9decine<span class=\"Apple-converted-space\">\u00a0<\/span><\/h3>\n<p>L\u2019\u00e9valuation des projets de t\u00e9l\u00e9m\u00e9decine s\u2019appuie sur trois volets (\u00e9conomiques, m\u00e9dicaux et une \u00e9valuation technologique)<sup class=\"appel\" data-toggle=\"modal\" data-target=\"#notes\">(14)<\/sup>. Malgr\u00e9 les outils et techniques utilis\u00e9s pour contr\u00f4ler ces crit\u00e8res, il n\u2019est pas possible de prouver empiriquement l\u2019efficacit\u00e9 de la t\u00e9l\u00e9m\u00e9decine et de justifier par la suite de nouvelles bases pour modifier ces actes. Les professionnels qui g\u00e8rent cette \u00e9valuation ne peuvent pas enregistrer des r\u00e9sultats chiffr\u00e9s sur les modes de travail de m\u00e9decins qui rel\u00e8vent de l\u2019art m\u00e9dical ainsi que par rapport \u00e0 la sp\u00e9cificit\u00e9 individuelle des patients. Ce probl\u00e8me est \u00e9galement observ\u00e9 dans les h\u00f4pitaux qui utilisent le programme de m\u00e9dicalisation des syst\u00e8mes d\u2019information (PMSI) comme un moyen de contr\u00f4le des actes m\u00e9dicaux. Les r\u00e9sultats sont tous relatifs et n\u2019\u00e9valuent pas la qualit\u00e9 des actes m\u00e9dicaux pour la simple raison que les nouvelles technologies ne prennent pas en compte le principe de l\u2019autor\u00e9gulation de la m\u00e9decine lib\u00e9rale selon lequel seuls les m\u00e9decins seraient capables d\u2019\u00e9valuer l\u2019action de confr\u00e8res<sup class=\"appel\" data-toggle=\"modal\" data-target=\"#notes\">(15)<\/sup>.<span class=\"Apple-converted-space\">\u00a0<\/span><\/p>\n<h1>R\u00e9mun\u00e9ration des actes de t\u00e9l\u00e9m\u00e9decine\u2009: institutionnalisation et divergences d\u2019int\u00e9r\u00eats<span class=\"Apple-converted-space\">\u00a0<\/span><\/h1>\n<p>L\u2019institutionnalisation de la t\u00e9l\u00e9m\u00e9decine est officiellement intervenue apr\u00e8s l\u2019adoption de la politique de sant\u00e9 H\u00f4pital 2007. Toujours d\u2019actualit\u00e9, cette r\u00e9forme vise \u00e0 m\u00e9dicaliser le financement et aussi \u00e0 responsabiliser les diff\u00e9rents intervenants dans le syst\u00e8me de sant\u00e9. Ce changement est intervenu apr\u00e8s de grands travaux de d\u00e9mat\u00e9rialisation administrative et d\u2019\u00e9laboration des programmes informatiques de grandes capacit\u00e9s comme le PMSI et la tarification \u00e0 l\u2019activit\u00e9 (T2A) qui permettent d\u2019enregistrer et de transmettre les informations instantan\u00e9ment entre les patients et les professionnels de sant\u00e9<sup class=\"appel\" data-toggle=\"modal\" data-target=\"#notes\">(16)<\/sup>. Avant d\u2019expliquer les conflits existants en mati\u00e8re de r\u00e9mun\u00e9ration des actes de t\u00e9l\u00e9m\u00e9decine, il est important de conna\u00eetre les diff\u00e9rents mod\u00e8les appliqu\u00e9s dans ce domaine et son adaptation sur le cas fran\u00e7ais pour en d\u00e9duire les diff\u00e9rents \u00e9checs observ\u00e9s. Ensuite les r\u00e9formes d\u00e9cid\u00e9es par les autorit\u00e9s pour r\u00e9duire les effets de divergences d\u2019int\u00e9r\u00eats entre les diff\u00e9rents acteurs de sant\u00e9.<\/p>\n<h2>Mod\u00e8les de financement des actes de t\u00e9l\u00e9m\u00e9decine<span class=\"Apple-converted-space\">\u00a0<\/span><\/h2>\n<p>L\u2019institutionnalisation co\u00efncide depuis 2012 avec les politiques de l\u2019\u00c9tat pour rendre la t\u00e9l\u00e9m\u00e9decine comme une pratique \u00e9quivalente \u00e0 la m\u00e9decine, avec la r\u00e9alisation de 25 projets dans ce domaine et ensuite l\u2019officialisation par le Conseil national de l\u2019ordre des m\u00e9decins (Cnom). Puis la strat\u00e9gie de reconnaissance du <i>Vade-mecum T\u00e9l\u00e9m\u00e9decine<\/i><br \/>\nen 2014<sup class=\"appel\" data-toggle=\"modal\" data-target=\"#notes\">(17)<\/sup>. Les contraintes li\u00e9es aux financements des actes de t\u00e9l\u00e9m\u00e9decine sont expliqu\u00e9es par une \u00e9tude des relations d\u2019agences selon le mod\u00e8le multi-agent et le mod\u00e8le multiprincipal. En transposant ces deux mod\u00e8les sur le cas fran\u00e7ais, on peut en d\u00e9duire les blocages ainsi que les divergences d\u2019int\u00e9r\u00eat entre les acteurs de sant\u00e9 et les institutions de tutelle.<\/p>\n<p>Le mod\u00e8le multi-agent\u2009: ce sont des strat\u00e9gies de d\u00e9ploiement de la t\u00e9l\u00e9m\u00e9decine dans des pays qui disposent d\u2019un mod\u00e8le de financement du syst\u00e8me de sant\u00e9 beveridgien, comme le Royaume-Uni et le Danemark. Ces pays utilisent un m\u00e9canisme de financement des actes de t\u00e9l\u00e9m\u00e9decine de type marchand \u00e0 l\u2019int\u00e9rieur du service public en mettant en place un nouveau syst\u00e8me de r\u00e9gulation qui est bas\u00e9 sur la concurrence<sup class=\"appel\" data-toggle=\"modal\" data-target=\"#notes\">(18)<\/sup>. Cette rivalit\u00e9 se traduit par l\u2019existence des march\u00e9s internes ou des quasi-march\u00e9s au sein desquels les pouvoirs publics continuent \u00e0 financer les services de sant\u00e9, mais en se positionnant comme acheteurs et non pas comme prestataires. La t\u00e9l\u00e9m\u00e9decine est pratiqu\u00e9e essentiellement par les m\u00e9decins lib\u00e9raux et les investisseurs priv\u00e9s, en offrant des services selon les principes de la libre concurrence et le syst\u00e8me de r\u00e9gulation de r\u00e9sea<span style=\"font-size: small;\">u\u00a0<\/span>ma\u00eetris\u00e9 par les autorit\u00e9s<sup class=\"appel\" data-toggle=\"modal\" data-target=\"#notes\">(19)<\/sup>. C\u2019est donc une organisation qui combine en m\u00eame temps le service public et les int\u00e9r\u00eats \u00e9conomiques. Des structures de contr\u00f4le ont \u00e9t\u00e9 mises en place pour arbitrer entre les deux parties et aussi pour r\u00e9duire les effets de l\u2019asym\u00e9trie d\u2019information. Le mod\u00e8le multi-agent est utilis\u00e9 pour encourager les investissements dans ce domaine, en mettant en place un mod\u00e8le \u00e9conomique en ad\u00e9quation avec les principes du march\u00e9 et les modalit\u00e9s de r\u00e8glement qui co\u00efncide avec les syst\u00e8mes de paiement classiques. Tout ce dispositif permet aux pouvoirs publics de suivre en m\u00eame temps les d\u00e9penses de sant\u00e9 en \u00e9vitant les politiques des enveloppes <i>ad hoc<\/i><br \/>\net aussi de surveiller la qualit\u00e9 des soins et des tarifs de prestations<sup class=\"appel\" data-toggle=\"modal\" data-target=\"#notes\">(20)<\/sup>.<\/p>\n<p>Le mod\u00e8le multiprincipal\u2009: cette typologie trouve son origine dans le syst\u00e8me bismarckien, un mod\u00e8le allemand qui se base essentiellement sur les ressources issues du travail dans le financement des actes m\u00e9dicaux. En 2007, les pouvoirs publics allemands mirent en place des politiques bas\u00e9es sur le principe de la libre concurrence entre les assureurs pour proposer des contrats comp\u00e9titifs<sup class=\"appel\" data-toggle=\"modal\" data-target=\"#notes\">(21)<\/sup>. La r\u00e9mun\u00e9ration des actes de t\u00e9l\u00e9m\u00e9decine est financ\u00e9e essentiellement par les assurances en collaboration avec les unions r\u00e9gionales des m\u00e9decins (URM) qui fixent les montants des r\u00e9mun\u00e9rations en prenant en compte plusieurs crit\u00e8res, diff\u00e9rents d\u2019une r\u00e9gion \u00e0 une autre<sup class=\"appel\" data-toggle=\"modal\" data-target=\"#notes\">(22)<\/sup>. Cette forme organisationnelle du syst\u00e8me de financement de la t\u00e9l\u00e9m\u00e9decine d\u00e9montre que les assureurs et les pouvoirs publics partagent la fonction du principal\u00a0et que les professionnels de sant\u00e9 sont des agents. Ce qui explique l\u2019existence des al\u00e9as moraux<span style=\"font-size: small;\">\u00a0<\/span>et un \u00e9cart important en mati\u00e8re d\u2019asym\u00e9trie d\u2019information qui n\u2019incitent pas les agents \u00e0 prendre en consid\u00e9ration la t\u00e9l\u00e9m\u00e9decine<sup class=\"appel\" data-toggle=\"modal\" data-target=\"#notes\">(23)<\/sup>.<\/p>\n<h3>L\u2019\u00e9chec de transposition des deux mod\u00e8les<span class=\"Apple-converted-space\">\u00a0<\/span><\/h3>\n<p>Le d\u00e9ploiement de la t\u00e9l\u00e9m\u00e9decine en France est pilot\u00e9 essentiellement par le mod\u00e8le bismarckien, mais avec des particularit\u00e9s fonctionnelles et organisationnelles. En effet, le syst\u00e8me fran\u00e7ais est organis\u00e9 et encadr\u00e9 uniquement par les pouvoirs publics \u00e0 travers les institutions de tutelle qui sont responsables de l\u2019ex\u00e9cution des diff\u00e9rentes politiques de sant\u00e9 et notamment celles qui concernent le d\u00e9ploiement de la t\u00e9l\u00e9m\u00e9decine. Deux ans apr\u00e8s l\u2019officialisation de la e-m\u00e9decine en France, la Direction g\u00e9n\u00e9rale de l\u2019offre de soins (DGOS) a enregistr\u00e9 une tr\u00e8s faible participation des investisseurs priv\u00e9s dans ce domaine, d\u2019autant que les projets de t\u00e9l\u00e9m\u00e9decine sont \u00e0 80\u2009% r\u00e9alis\u00e9s par les agences r\u00e9gionales de sant\u00e9 (ARS) qui disposent de la libert\u00e9 de prise des d\u00e9cisions dans l\u2019\u00e9laboration des politiques de sant\u00e9<sup class=\"appel\" data-toggle=\"modal\" data-target=\"#notes\">(24)<\/sup>.<\/p>\n<p>Les rapports des autorit\u00e9s montrent bien qu\u2019il existe de s\u00e9rieux d\u00e9calages entre les attentes des professionnels et les objectifs des gouvernements surtout en ce qui concerne le financement des actes de la t\u00e9l\u00e9m\u00e9decine, ce qui confirme encore l\u2019\u00e9chec des politiques du d\u00e9ploiement de la t\u00e9l\u00e9m\u00e9decine en France<sup class=\"appel\" data-toggle=\"modal\" data-target=\"#notes\">(25)<\/sup>. Le mod\u00e8le fran\u00e7ais est issu en m\u00eame temps de l\u2019ancien syst\u00e8me de sant\u00e9 qui se base uniquement sur l\u2019autorit\u00e9 de ses institutions et aussi sur un mod\u00e8le d\u00e9j\u00e0 existant et appliqu\u00e9 par les pays voisins qui suivent la typologie multiprincipale<sup class=\"appel\" data-toggle=\"modal\" data-target=\"#notes\">(26)<\/sup>. La France a emprunt\u00e9 son syst\u00e8me de t\u00e9l\u00e9m\u00e9decine aux pays voisins<sup class=\"appel\" data-toggle=\"modal\" data-target=\"#notes\">(27)<\/sup>.<\/p>\n<h2>Repositionnement strat\u00e9gique de la t\u00e9l\u00e9m\u00e9decine dans le syst\u00e8me de sant\u00e9<\/h2>\n<p>Des progr\u00e8s ont \u00e9t\u00e9 apport\u00e9s dans ce domaine \u00e0 la suite des n\u00e9gociations entre les professionnels m\u00e9dicaux avec les autorit\u00e9s de sant\u00e9 et ses diff\u00e9rentes branches. De nouvelles r\u00e9formes ont \u00e9t\u00e9 introduites en 2004 dans la loi de finances de la s\u00e9curit\u00e9 sociale (LFSS) en pour une mise en place d\u2019un syst\u00e8me de financement \u00e0 titre exp\u00e9rimental dans neuf r\u00e9gions, touchant le financement des actes de t\u00e9l\u00e9m\u00e9decine suivants\u2009: t\u00e9l\u00e9consultation, t\u00e9l\u00e9expertise, t\u00e9l\u00e9surveillance<sup class=\"appel\" data-toggle=\"modal\" data-target=\"#notes\">(28)<\/sup>.<span class=\"Apple-converted-space\">\u00a0<\/span><\/p>\n<p>Une nouvelle LFSS a \u00e9t\u00e9 adopt\u00e9e en 2016, avec un cahier de charge pour exp\u00e9rimenter le financement des prises en compte de l\u2019ensemble des patients atteints d\u2019affection de longue dur\u00e9e (ALD), prolong\u00e9 sur la LFSS 2017, c\u2019est-\u00e0-dire un an de plus<sup class=\"appel\" data-toggle=\"modal\" data-target=\"#notes\">(29)<\/sup>. Apr\u00e8s ces exp\u00e9rimentations de 2014 \u00e0 2017, le gouvernement a pris la d\u00e9cision de faire adopter la LFSS de 2018, en injectant un budget de 100 millions euros pour acc\u00e9l\u00e9rer les transformations num\u00e9riques dans les \u00e9tablissements de sant\u00e9 et la g\u00e9n\u00e9ralisation de financement des actes de t\u00e9l\u00e9m\u00e9decine sur l\u2019ensemble du territoire<sup class=\"appel\" data-toggle=\"modal\" data-target=\"#notes\">(30)<\/sup>. <i>Figure ci-dessous.<\/i><\/p>\n<button data-toggle=\"collapse\" data-target=\"#enc_2020_74_01\">Figure<\/button><div id=\"enc_2020_74_01\" class=\"encadre collapse\"><p><span class=\"surtitre_enc\">Figure<\/span><\/p>\n<h2>\u00c9volution des politiques de financement\u00a0des actes de t\u00e9l\u00e9m\u00e9decine<\/h2>\n<p><img decoding=\"async\" class=\"alignnone size-full wp-image-41002\" src=\"https:\/\/gestions-hospitalieres.fr\/wp-content\/uploads\/2020\/02\/Capture-d\u2019\u00e9cran-2020-02-25-\u00e0-16.03.07.png\" alt=\"\" width=\"1520\" height=\"470\" srcset=\"https:\/\/www.ricom-web8.com\/gestions\/wp-content\/uploads\/2020\/02\/Capture-d\u2019\u00e9cran-2020-02-25-\u00e0-16.03.07.png 1520w, https:\/\/www.ricom-web8.com\/gestions\/wp-content\/uploads\/2020\/02\/Capture-d\u2019\u00e9cran-2020-02-25-\u00e0-16.03.07-300x93.png 300w, https:\/\/www.ricom-web8.com\/gestions\/wp-content\/uploads\/2020\/02\/Capture-d\u2019\u00e9cran-2020-02-25-\u00e0-16.03.07-768x237.png 768w, https:\/\/www.ricom-web8.com\/gestions\/wp-content\/uploads\/2020\/02\/Capture-d\u2019\u00e9cran-2020-02-25-\u00e0-16.03.07-1024x317.png 1024w\" sizes=\"(max-width: 1520px) 100vw, 1520px\" \/><\/p>\n<p><i>Source\u00a0: P\u00e9ricl\u00e8s Group, 2018 - <a href=\"https:\/\/www.pericles-group.com\/2018-annee-de-telesante\/\" target=\"_blank\" rel=\"noopener noreferrer\">www.pericles-group.com<\/a><\/i><\/p>\n<\/div>\n<h1>Conclusion<span class=\"Apple-converted-space\">\u00a0<\/span><\/h1>\n<p>La t\u00e9l\u00e9m\u00e9decine en France est fond\u00e9e sur un syst\u00e8me de sant\u00e9 qui souffre d\u00e9j\u00e0 des probl\u00e8mes profonds dans ses modes de fonctionnement et de financement. En effet, les r\u00e9formes apport\u00e9es par la loi HPST introduisent la t\u00e9l\u00e9m\u00e9decine comme acte m\u00e9dical \u00e0 distance pour r\u00e9duire les d\u00e9penses tout en augmentant les offres de soins. Ces politiques de sant\u00e9 ont \u00e9t\u00e9 imm\u00e9diatement boycott\u00e9es par une grande partie des professionnels m\u00e9dicaux qui travaillaient dans le secteur priv\u00e9 parce qu\u2019ils refusaient des syst\u00e8mes de t\u00e9l\u00e9m\u00e9decine avec des modes de r\u00e9mun\u00e9rations diff\u00e9rents d\u2019une r\u00e9gion \u00e0 l\u2019autre<sup class=\"appel\" data-toggle=\"modal\" data-target=\"#notes\">(31)<\/sup>.<\/p>\n<p>Les m\u00e9decins lib\u00e9raux trouvent que ces strat\u00e9gies de d\u00e9ploiement sont impos\u00e9es par les pouvoirs publics et qu\u2019elles transgressent les principes de la Charte commune des syndicats du 30 novembre 1927. Ceux-ci pr\u00e9cisaient qu\u2019une loi ou un contrat ne doit pas mettre en cause les droits et libert\u00e9s des m\u00e9decins<sup class=\"appel\" data-toggle=\"modal\" data-target=\"#notes\">(32)<\/sup>. En plus de ces contraintes dans la r\u00e9mun\u00e9ration des actes de t\u00e9l\u00e9m\u00e9decine, les autorit\u00e9s devaient g\u00e9rer un autre probl\u00e8me, cette fois entre les industriels de sant\u00e9 et les professionnels m\u00e9dicaux. Ce conflit est lui aussi important, puisque les m\u00e9decins risquent de perdre l\u2019exclusivit\u00e9 de production des soins. Dans la pratique de la t\u00e9l\u00e9m\u00e9decine, les industriels de sant\u00e9 refusent cette exclusivit\u00e9 et consid\u00e8rent qu\u2019ils participent beaucoup dans ces offres de soins, argumentant que les \u00e9quipements et les moyens technologiques utilis\u00e9s sont produits et adapt\u00e9s gr\u00e2ce \u00e0 eux.<\/p>\n<p>Les pouvoirs publics poss\u00e8dent l\u2019autorit\u00e9 pour \u00e9laborer des politiques de sant\u00e9 via son organisation administrative r\u00e9partie sur l\u2019ensemble du territoire. Les autres acteurs influencent indirectement \u00e0 travers des propositions et des regroupements sectoriels pour dialoguer avec les preneurs de d\u00e9cisions, comme cela a \u00e9t\u00e9 le cas avec la F\u00e9d\u00e9ration des industries \u00e9lectriques, \u00e9lectroniques et de communication (Fieec) en 2011 et la Conf\u00e9d\u00e9ration des syndicats m\u00e9dicaux fran\u00e7ais (CSFM) depuis le 19\u00a0octobre 2010, date de l\u2019officialisation de la t\u00e9l\u00e9m\u00e9decine en France. Si la France veut r\u00e9former son syst\u00e8me de sant\u00e9, il est important qu\u2019elle s\u2019engage dans des politiques qui impliquent l\u2019ensemble des acteurs de sant\u00e9 selon des principes contractuels clairs et \u00e9quitables, limitant ainsi les conflits d\u2019int\u00e9r\u00eats et les effets d\u00e9l\u00e9t\u00e8res du lobbying.<\/p>\n<script>function PlayerjsAsync(){} if(window[\"Playerjs\"]){PlayerjsAsync();}<\/script>","protected":false},"excerpt":{"rendered":"<p>En France, la m\u00e9decine \u00e0 distance via les technologies de l\u2019information et de la communication existe depuis les ann\u00e9es\u00a01980 sous la forme de supports technologiques pour appuyer des actes m\u00e9dicaux, surtout en radiologie et chirurgie(1). Depuis les ann\u00e9es\u00a01990, de grandes avanc\u00e9es dans ce domaine ont eu lieu, tels cet examen aux rayons X pilot\u00e9 depuis l\u2019h\u00f4pital-Dieu de Montr\u00e9al (Canada) sur un patient de l\u2019h\u00f4pital Cochin, \u00e0 Paris, et une t\u00e9l\u00e9chirurgie&hellip; <\/p>\n","protected":false},"author":23133,"featured_media":0,"comment_status":"open","ping_status":"closed","sticky":false,"template":"","format":"standard","meta":{"_acf_changed":false,"_relevanssi_hide_post":"","_relevanssi_hide_content":"","_relevanssi_pin_for_all":"","_relevanssi_pin_keywords":"","_relevanssi_unpin_keywords":"","_relevanssi_related_keywords":"","_relevanssi_related_include_ids":"","_relevanssi_related_exclude_ids":"","_relevanssi_related_no_append":"","_relevanssi_related_not_related":"","_relevanssi_related_posts":"","_relevanssi_noindex_reason":"","footnotes":""},"categories":[2,72],"tags":[5092,9,7718,216,407],"class_list":["post-40999","post","type-post","status-publish","format-standard","hentry","category-gestions-hospitalieres","category-reflexion","tag-conflit-dinteret","tag-offre-de-soins","tag-producteurs-de-soins","tag-systeme-de-sante","tag-telemedecine"],"acf":[],"yoast_head":"<!-- This site is optimized with the Yoast SEO plugin v24.8.1 - https:\/\/yoast.com\/wordpress\/plugins\/seo\/ -->\n<title>Strat\u00e9gies de d\u00e9ploiement et conflits d\u2019int\u00e9r\u00eats - Gestions hospitali\u00e8res<\/title>\n<meta name=\"robots\" content=\"index, follow, max-snippet:-1, max-image-preview:large, max-video-preview:-1\" \/>\n<link rel=\"canonical\" href=\"https:\/\/www.ricom-web8.com\/gestions\/telemedecine-strategies-de-deploiement-et-conflits-dinterets\/\" \/>\n<meta property=\"og:locale\" content=\"fr_FR\" \/>\n<meta property=\"og:type\" content=\"article\" \/>\n<meta property=\"og:title\" content=\"Strat\u00e9gies de d\u00e9ploiement et conflits d\u2019int\u00e9r\u00eats - Gestions hospitali\u00e8res\" \/>\n<meta property=\"og:description\" content=\"En France, la m\u00e9decine \u00e0 distance via les technologies de l\u2019information et de la communication existe depuis les ann\u00e9es\u00a01980 sous la forme de supports technologiques pour appuyer des actes m\u00e9dicaux, surtout en radiologie et chirurgie(1). Depuis les ann\u00e9es\u00a01990, de grandes avanc\u00e9es dans ce domaine ont eu lieu, tels cet examen aux rayons X pilot\u00e9 depuis l\u2019h\u00f4pital-Dieu de Montr\u00e9al (Canada) sur un patient de l\u2019h\u00f4pital Cochin, \u00e0 Paris, et une t\u00e9l\u00e9chirurgie&hellip;\" \/>\n<meta property=\"og:url\" content=\"https:\/\/www.ricom-web8.com\/gestions\/telemedecine-strategies-de-deploiement-et-conflits-dinterets\/\" \/>\n<meta property=\"og:site_name\" content=\"Gestions hospitali\u00e8res\" \/>\n<meta property=\"article:publisher\" content=\"https:\/\/www.facebook.com\/gestionshospitalieres\/\" \/>\n<meta property=\"article:published_time\" content=\"2020-02-01T14:51:51+00:00\" \/>\n<meta property=\"article:modified_time\" content=\"2020-02-26T17:09:22+00:00\" \/>\n<meta name=\"author\" content=\"Gestions hospitali\u00e8res\" \/>\n<meta name=\"twitter:card\" content=\"summary_large_image\" \/>\n<meta name=\"twitter:creator\" content=\"@revue_GH\" \/>\n<meta name=\"twitter:site\" content=\"@revue_GH\" \/>\n<meta name=\"twitter:label1\" content=\"\u00c9crit par\" \/>\n\t<meta name=\"twitter:data1\" content=\"Gestions hospitali\u00e8res\" \/>\n\t<meta name=\"twitter:label2\" content=\"Dur\u00e9e de lecture estim\u00e9e\" \/>\n\t<meta name=\"twitter:data2\" content=\"15 minutes\" \/>\n<script type=\"application\/ld+json\" class=\"yoast-schema-graph\">{\"@context\":\"https:\/\/schema.org\",\"@graph\":[{\"@type\":\"Article\",\"@id\":\"https:\/\/www.ricom-web8.com\/gestions\/telemedecine-strategies-de-deploiement-et-conflits-dinterets\/#article\",\"isPartOf\":{\"@id\":\"https:\/\/www.ricom-web8.com\/gestions\/telemedecine-strategies-de-deploiement-et-conflits-dinterets\/\"},\"author\":{\"name\":\"Gestions hospitali\u00e8res\",\"@id\":\"https:\/\/www.ricom-web8.com\/gestions\/#\/schema\/person\/3ba9fe913190dfe9507feb621e902c1f\"},\"headline\":\"Strat\u00e9gies de d\u00e9ploiement et conflits d\u2019int\u00e9r\u00eats\",\"datePublished\":\"2020-02-01T14:51:51+00:00\",\"dateModified\":\"2020-02-26T17:09:22+00:00\",\"mainEntityOfPage\":{\"@id\":\"https:\/\/www.ricom-web8.com\/gestions\/telemedecine-strategies-de-deploiement-et-conflits-dinterets\/\"},\"wordCount\":2970,\"commentCount\":0,\"publisher\":{\"@id\":\"https:\/\/www.ricom-web8.com\/gestions\/#organization\"},\"keywords\":[\"conflit d'int\u00e9r\u00eat\",\"offre de soins\",\"producteurs de soins\",\"syst\u00e8me de sant\u00e9\",\"t\u00e9l\u00e9m\u00e9decine\"],\"articleSection\":[\"Gestions Hospitali\u00e8res\",\"r\u00e9flexion\"],\"inLanguage\":\"fr-FR\",\"potentialAction\":[{\"@type\":\"CommentAction\",\"name\":\"Comment\",\"target\":[\"https:\/\/www.ricom-web8.com\/gestions\/telemedecine-strategies-de-deploiement-et-conflits-dinterets\/#respond\"]}]},{\"@type\":\"WebPage\",\"@id\":\"https:\/\/www.ricom-web8.com\/gestions\/telemedecine-strategies-de-deploiement-et-conflits-dinterets\/\",\"url\":\"https:\/\/www.ricom-web8.com\/gestions\/telemedecine-strategies-de-deploiement-et-conflits-dinterets\/\",\"name\":\"Strat\u00e9gies de d\u00e9ploiement et conflits d\u2019int\u00e9r\u00eats - Gestions hospitali\u00e8res\",\"isPartOf\":{\"@id\":\"https:\/\/www.ricom-web8.com\/gestions\/#website\"},\"datePublished\":\"2020-02-01T14:51:51+00:00\",\"dateModified\":\"2020-02-26T17:09:22+00:00\",\"breadcrumb\":{\"@id\":\"https:\/\/www.ricom-web8.com\/gestions\/telemedecine-strategies-de-deploiement-et-conflits-dinterets\/#breadcrumb\"},\"inLanguage\":\"fr-FR\",\"potentialAction\":[{\"@type\":\"ReadAction\",\"target\":[\"https:\/\/www.ricom-web8.com\/gestions\/telemedecine-strategies-de-deploiement-et-conflits-dinterets\/\"]}]},{\"@type\":\"BreadcrumbList\",\"@id\":\"https:\/\/www.ricom-web8.com\/gestions\/telemedecine-strategies-de-deploiement-et-conflits-dinterets\/#breadcrumb\",\"itemListElement\":[{\"@type\":\"ListItem\",\"position\":1,\"name\":\"Accueil\",\"item\":\"https:\/\/www.ricom-web8.com\/gestions\/\"},{\"@type\":\"ListItem\",\"position\":2,\"name\":\"Strat\u00e9gies de d\u00e9ploiement et conflits d\u2019int\u00e9r\u00eats\"}]},{\"@type\":\"WebSite\",\"@id\":\"https:\/\/www.ricom-web8.com\/gestions\/#website\",\"url\":\"https:\/\/www.ricom-web8.com\/gestions\/\",\"name\":\"Gestions hospitali\u00e8res\",\"description\":\"la revue des d\u00e9cideurs hospitaliers\",\"publisher\":{\"@id\":\"https:\/\/www.ricom-web8.com\/gestions\/#organization\"},\"potentialAction\":[{\"@type\":\"SearchAction\",\"target\":{\"@type\":\"EntryPoint\",\"urlTemplate\":\"https:\/\/www.ricom-web8.com\/gestions\/?s={search_term_string}\"},\"query-input\":{\"@type\":\"PropertyValueSpecification\",\"valueRequired\":true,\"valueName\":\"search_term_string\"}}],\"inLanguage\":\"fr-FR\"},{\"@type\":\"Organization\",\"@id\":\"https:\/\/www.ricom-web8.com\/gestions\/#organization\",\"name\":\"Gestions hospitali\u00e8res\",\"url\":\"https:\/\/www.ricom-web8.com\/gestions\/\",\"logo\":{\"@type\":\"ImageObject\",\"inLanguage\":\"fr-FR\",\"@id\":\"https:\/\/www.ricom-web8.com\/gestions\/#\/schema\/logo\/image\/\",\"url\":\"https:\/\/gestions-hospitalieres.fr\/wp-content\/uploads\/2017\/02\/picto_Gif-GH-trans.png\",\"contentUrl\":\"https:\/\/gestions-hospitalieres.fr\/wp-content\/uploads\/2017\/02\/picto_Gif-GH-trans.png\",\"width\":512,\"height\":512,\"caption\":\"Gestions hospitali\u00e8res\"},\"image\":{\"@id\":\"https:\/\/www.ricom-web8.com\/gestions\/#\/schema\/logo\/image\/\"},\"sameAs\":[\"https:\/\/www.facebook.com\/gestionshospitalieres\/\",\"https:\/\/x.com\/revue_GH\",\"https:\/\/www.linkedin.com\/company\/gestions-hospitalieres?trk=top_nav_home\"]},{\"@type\":\"Person\",\"@id\":\"https:\/\/www.ricom-web8.com\/gestions\/#\/schema\/person\/3ba9fe913190dfe9507feb621e902c1f\",\"name\":\"Gestions hospitali\u00e8res\",\"image\":{\"@type\":\"ImageObject\",\"inLanguage\":\"fr-FR\",\"@id\":\"https:\/\/www.ricom-web8.com\/gestions\/#\/schema\/person\/image\/\",\"url\":\"https:\/\/secure.gravatar.com\/avatar\/1a0d93e6db5dbe7dac96bae4757d256f?s=96&d=mm&r=g\",\"contentUrl\":\"https:\/\/secure.gravatar.com\/avatar\/1a0d93e6db5dbe7dac96bae4757d256f?s=96&d=mm&r=g\",\"caption\":\"Gestions hospitali\u00e8res\"},\"url\":\"https:\/\/www.ricom-web8.com\/gestions\/author\/benjamin\/\"}]}<\/script>\n<!-- \/ Yoast SEO plugin. -->","yoast_head_json":{"title":"Strat\u00e9gies de d\u00e9ploiement et conflits d\u2019int\u00e9r\u00eats - Gestions hospitali\u00e8res","robots":{"index":"index","follow":"follow","max-snippet":"max-snippet:-1","max-image-preview":"max-image-preview:large","max-video-preview":"max-video-preview:-1"},"canonical":"https:\/\/www.ricom-web8.com\/gestions\/telemedecine-strategies-de-deploiement-et-conflits-dinterets\/","og_locale":"fr_FR","og_type":"article","og_title":"Strat\u00e9gies de d\u00e9ploiement et conflits d\u2019int\u00e9r\u00eats - Gestions hospitali\u00e8res","og_description":"En France, la m\u00e9decine \u00e0 distance via les technologies de l\u2019information et de la communication existe depuis les ann\u00e9es\u00a01980 sous la forme de supports technologiques pour appuyer des actes m\u00e9dicaux, surtout en radiologie et chirurgie(1). Depuis les ann\u00e9es\u00a01990, de grandes avanc\u00e9es dans ce domaine ont eu lieu, tels cet examen aux rayons X pilot\u00e9 depuis l\u2019h\u00f4pital-Dieu de Montr\u00e9al (Canada) sur un patient de l\u2019h\u00f4pital Cochin, \u00e0 Paris, et une t\u00e9l\u00e9chirurgie&hellip;","og_url":"https:\/\/www.ricom-web8.com\/gestions\/telemedecine-strategies-de-deploiement-et-conflits-dinterets\/","og_site_name":"Gestions hospitali\u00e8res","article_publisher":"https:\/\/www.facebook.com\/gestionshospitalieres\/","article_published_time":"2020-02-01T14:51:51+00:00","article_modified_time":"2020-02-26T17:09:22+00:00","author":"Gestions hospitali\u00e8res","twitter_card":"summary_large_image","twitter_creator":"@revue_GH","twitter_site":"@revue_GH","twitter_misc":{"\u00c9crit par":"Gestions hospitali\u00e8res","Dur\u00e9e de lecture estim\u00e9e":"15 minutes"},"schema":{"@context":"https:\/\/schema.org","@graph":[{"@type":"Article","@id":"https:\/\/www.ricom-web8.com\/gestions\/telemedecine-strategies-de-deploiement-et-conflits-dinterets\/#article","isPartOf":{"@id":"https:\/\/www.ricom-web8.com\/gestions\/telemedecine-strategies-de-deploiement-et-conflits-dinterets\/"},"author":{"name":"Gestions hospitali\u00e8res","@id":"https:\/\/www.ricom-web8.com\/gestions\/#\/schema\/person\/3ba9fe913190dfe9507feb621e902c1f"},"headline":"Strat\u00e9gies de d\u00e9ploiement et conflits d\u2019int\u00e9r\u00eats","datePublished":"2020-02-01T14:51:51+00:00","dateModified":"2020-02-26T17:09:22+00:00","mainEntityOfPage":{"@id":"https:\/\/www.ricom-web8.com\/gestions\/telemedecine-strategies-de-deploiement-et-conflits-dinterets\/"},"wordCount":2970,"commentCount":0,"publisher":{"@id":"https:\/\/www.ricom-web8.com\/gestions\/#organization"},"keywords":["conflit d'int\u00e9r\u00eat","offre de soins","producteurs de soins","syst\u00e8me de sant\u00e9","t\u00e9l\u00e9m\u00e9decine"],"articleSection":["Gestions Hospitali\u00e8res","r\u00e9flexion"],"inLanguage":"fr-FR","potentialAction":[{"@type":"CommentAction","name":"Comment","target":["https:\/\/www.ricom-web8.com\/gestions\/telemedecine-strategies-de-deploiement-et-conflits-dinterets\/#respond"]}]},{"@type":"WebPage","@id":"https:\/\/www.ricom-web8.com\/gestions\/telemedecine-strategies-de-deploiement-et-conflits-dinterets\/","url":"https:\/\/www.ricom-web8.com\/gestions\/telemedecine-strategies-de-deploiement-et-conflits-dinterets\/","name":"Strat\u00e9gies de d\u00e9ploiement et conflits d\u2019int\u00e9r\u00eats - Gestions hospitali\u00e8res","isPartOf":{"@id":"https:\/\/www.ricom-web8.com\/gestions\/#website"},"datePublished":"2020-02-01T14:51:51+00:00","dateModified":"2020-02-26T17:09:22+00:00","breadcrumb":{"@id":"https:\/\/www.ricom-web8.com\/gestions\/telemedecine-strategies-de-deploiement-et-conflits-dinterets\/#breadcrumb"},"inLanguage":"fr-FR","potentialAction":[{"@type":"ReadAction","target":["https:\/\/www.ricom-web8.com\/gestions\/telemedecine-strategies-de-deploiement-et-conflits-dinterets\/"]}]},{"@type":"BreadcrumbList","@id":"https:\/\/www.ricom-web8.com\/gestions\/telemedecine-strategies-de-deploiement-et-conflits-dinterets\/#breadcrumb","itemListElement":[{"@type":"ListItem","position":1,"name":"Accueil","item":"https:\/\/www.ricom-web8.com\/gestions\/"},{"@type":"ListItem","position":2,"name":"Strat\u00e9gies de d\u00e9ploiement et conflits d\u2019int\u00e9r\u00eats"}]},{"@type":"WebSite","@id":"https:\/\/www.ricom-web8.com\/gestions\/#website","url":"https:\/\/www.ricom-web8.com\/gestions\/","name":"Gestions hospitali\u00e8res","description":"la revue des d\u00e9cideurs hospitaliers","publisher":{"@id":"https:\/\/www.ricom-web8.com\/gestions\/#organization"},"potentialAction":[{"@type":"SearchAction","target":{"@type":"EntryPoint","urlTemplate":"https:\/\/www.ricom-web8.com\/gestions\/?s={search_term_string}"},"query-input":{"@type":"PropertyValueSpecification","valueRequired":true,"valueName":"search_term_string"}}],"inLanguage":"fr-FR"},{"@type":"Organization","@id":"https:\/\/www.ricom-web8.com\/gestions\/#organization","name":"Gestions hospitali\u00e8res","url":"https:\/\/www.ricom-web8.com\/gestions\/","logo":{"@type":"ImageObject","inLanguage":"fr-FR","@id":"https:\/\/www.ricom-web8.com\/gestions\/#\/schema\/logo\/image\/","url":"https:\/\/gestions-hospitalieres.fr\/wp-content\/uploads\/2017\/02\/picto_Gif-GH-trans.png","contentUrl":"https:\/\/gestions-hospitalieres.fr\/wp-content\/uploads\/2017\/02\/picto_Gif-GH-trans.png","width":512,"height":512,"caption":"Gestions hospitali\u00e8res"},"image":{"@id":"https:\/\/www.ricom-web8.com\/gestions\/#\/schema\/logo\/image\/"},"sameAs":["https:\/\/www.facebook.com\/gestionshospitalieres\/","https:\/\/x.com\/revue_GH","https:\/\/www.linkedin.com\/company\/gestions-hospitalieres?trk=top_nav_home"]},{"@type":"Person","@id":"https:\/\/www.ricom-web8.com\/gestions\/#\/schema\/person\/3ba9fe913190dfe9507feb621e902c1f","name":"Gestions hospitali\u00e8res","image":{"@type":"ImageObject","inLanguage":"fr-FR","@id":"https:\/\/www.ricom-web8.com\/gestions\/#\/schema\/person\/image\/","url":"https:\/\/secure.gravatar.com\/avatar\/1a0d93e6db5dbe7dac96bae4757d256f?s=96&d=mm&r=g","contentUrl":"https:\/\/secure.gravatar.com\/avatar\/1a0d93e6db5dbe7dac96bae4757d256f?s=96&d=mm&r=g","caption":"Gestions hospitali\u00e8res"},"url":"https:\/\/www.ricom-web8.com\/gestions\/author\/benjamin\/"}]}},"_links":{"self":[{"href":"https:\/\/www.ricom-web8.com\/gestions\/wp-json\/wp\/v2\/posts\/40999","targetHints":{"allow":["GET"]}}],"collection":[{"href":"https:\/\/www.ricom-web8.com\/gestions\/wp-json\/wp\/v2\/posts"}],"about":[{"href":"https:\/\/www.ricom-web8.com\/gestions\/wp-json\/wp\/v2\/types\/post"}],"author":[{"embeddable":true,"href":"https:\/\/www.ricom-web8.com\/gestions\/wp-json\/wp\/v2\/users\/23133"}],"replies":[{"embeddable":true,"href":"https:\/\/www.ricom-web8.com\/gestions\/wp-json\/wp\/v2\/comments?post=40999"}],"version-history":[{"count":0,"href":"https:\/\/www.ricom-web8.com\/gestions\/wp-json\/wp\/v2\/posts\/40999\/revisions"}],"wp:attachment":[{"href":"https:\/\/www.ricom-web8.com\/gestions\/wp-json\/wp\/v2\/media?parent=40999"}],"wp:term":[{"taxonomy":"category","embeddable":true,"href":"https:\/\/www.ricom-web8.com\/gestions\/wp-json\/wp\/v2\/categories?post=40999"},{"taxonomy":"post_tag","embeddable":true,"href":"https:\/\/www.ricom-web8.com\/gestions\/wp-json\/wp\/v2\/tags?post=40999"}],"curies":[{"name":"wp","href":"https:\/\/api.w.org\/{rel}","templated":true}]}}