

{"id":41523,"date":"2020-04-01T10:29:45","date_gmt":"2020-04-01T08:29:45","guid":{"rendered":"https:\/\/gestions-hospitalieres.fr\/?p=41523"},"modified":"2020-07-21T15:30:47","modified_gmt":"2020-07-21T13:30:47","slug":"gerer-la-mise-en-tension-brutale-des-structures-hospitalieres","status":"publish","type":"post","link":"https:\/\/www.ricom-web8.com\/gestions\/gerer-la-mise-en-tension-brutale-des-structures-hospitalieres\/","title":{"rendered":"G\u00e9rer la mise en tension brutale des structures hospitali\u00e8res"},"content":{"rendered":"<span class=\"span-reading-time rt-reading-time\" style=\"display: block;\"><span class=\"rt-label rt-prefix\">Temps de lecture\u00a0: <\/span> <span class=\"rt-time\"> 11<\/span> <span class=\"rt-label rt-postfix\">minutes<\/span><\/span><p class=\"p4\">Depuis d\u00e9but mars 2020 et l\u2019explosion des cas de Covid-19 en France, le syst\u00e8me hospitalier est confront\u00e9 \u00e0 un afflux sans pr\u00e9c\u00e9dent de malades n\u00e9cessitant une prise en charge lourde en r\u00e9animation. Certaines zones g\u00e9ographiques (le Grand-Est, l\u2019\u00cele-de-France\u2026) sont satur\u00e9es et les places en r\u00e9animation se rar\u00e9fient malgr\u00e9 une consid\u00e9rable augmentation de celles-ci dans un intervalle de temps tr\u00e8s court. Les patients pris en charge en r\u00e9animation restent un temps long (souvent sup\u00e9rieur \u00e0 deux semaines) et la mod\u00e9lisation est donc d\u2019autant plus importante pour \u00e9viter d\u2019arriver \u00e0 saturation, avec des cons\u00e9quences catastrophiques. Cette crise met \u00e0 mal la gestion traditionnelle de l\u2019h\u00f4pital, qui doit s\u2019adapter et se r\u00e9inventer.<\/p>\n<p class=\"p5\"><span class=\"s1\">Un changement radical de logiciel<sup class=\"appel\" data-toggle=\"modal\" data-target=\"#notes\">(1)<\/sup> est n\u00e9cessaire pour r\u00e9pondre \u00e0 ce type de crises \u00e0 cin\u00e9tique plus ou moins lente que sont les catastrophes telles que les pand\u00e9mies, les attaques terroristes ou les incidents industriels de grande ampleur. <\/span><\/p>\n<p class=\"p5\">Les \u00e9quipes m\u00e9dicales d\u2019intervention tactique ont d\u00e9montr\u00e9, lors des r\u00e9centes crises terroristes d\u2019ampleur in\u00e9dite, un v\u00e9ritable savoir-faire pour agir et \u00eatre r\u00e9silients dans une situation tr\u00e8s d\u00e9grad\u00e9e<sup class=\"appel\" data-toggle=\"modal\" data-target=\"#notes\">(2)<\/sup>, hors des cadres pr\u00e9d\u00e9finis, en orchestrant divers acteurs du secours et du soin, moins \u00e0 l\u2019aise dans ces environnements chaotiques<sup class=\"appel\" data-toggle=\"modal\" data-target=\"#notes\">(3)<\/sup>. Petites structures tr\u00e8s r\u00e9actives et surtout capables de f\u00e9d\u00e9rer l\u2019ensemble des acteurs impliqu\u00e9s dans la gestion d\u2019un \u00e9v\u00e9nement, elles apportent de la confiance<sup class=\"appel\" data-toggle=\"modal\" data-target=\"#notes\">(4)<\/sup>.<\/p>\n<p class=\"p5\">Leur exp\u00e9rience de prise de d\u00e9cision dans l\u2019incertitude et de management en cellule tactique et op\u00e9rationnelle pourrait donc \u00eatre pr\u00e9cieuse pour les \u00e9quipes hospitali\u00e8res devant g\u00e9rer la crise actuelle li\u00e9e \u00e0 l\u2019\u00e9pid\u00e9mie de Covid-19. Face \u00e0 toute crise majeure, les structures hospitali\u00e8res sont mises en tension extr\u00eame et doivent s\u2019organiser, en coordination avec les services de secours et les autres structures de soins.<\/p>\n<p class=\"p5\">La cin\u00e9tique a aussi son importance et d\u00e9pend tr\u00e8s largement du contexte\u2009: celle d\u2019une attaque terroriste ou d\u2019un accident industriel est tr\u00e8s rapide, celle d\u2019une pand\u00e9mie est plus lente. Les enseignements des \u00e9quipes m\u00e9dicales tactiques restent cependant pr\u00e9cieux pour des cin\u00e9tiques lentes.<\/p>\n<h1 class=\"p6\">L\u2019exemple du service m\u00e9dical des forces d\u2019intervention sp\u00e9cialis\u00e9e<\/h1>\n<p class=\"p5\">En France, depuis quelques d\u00e9cennies, les forces d\u2019intervention sp\u00e9cialis\u00e9e disposent d\u2019un soutien m\u00e9dical op\u00e9rationnel pour l\u2019int\u00e9gralit\u00e9 de ses interventions. Les m\u00e9decins qui composent ce service m\u00e9dical cumulent une activit\u00e9 m\u00e9dicale r\u00e9guli\u00e8re dans des services d\u2019urgence ou d\u2019anesth\u00e9sie-r\u00e9animation et une activit\u00e9 de m\u00e9decine tactique au sein des forces sp\u00e9ciales. Ils jouent un r\u00f4le de coordonnateurs entre le monde hospitalier traditionnel et les services de police. Ils connaissent aussi bien le fonctionnement du commandement en op\u00e9ration dont ils font partie que l\u2019organisation des services d\u2019urgence, de r\u00e9animation et de chirurgie des h\u00f4pitaux auxquels ils sont rattach\u00e9s. Les m\u00e9decins tactiques se consacrent uniquement \u00e0 la mission \u00ab\u2009secours et soins\u2009\u00bb mais \u00e9voluent de mani\u00e8re totalement int\u00e9gr\u00e9e aux groupes d\u2019assaut. Cette fonction ne se limite pas \u00e0 assurer la r\u00e9alisation de gestes techniques de sauvetage et de soins ou de conseils\u2009: les m\u00e9decins tactiques doivent imp\u00e9rativement exercer un r\u00f4le de d\u00e9cideur et de coordinateur pour optimiser les soins et l\u2019\u00e9vacuation vers les h\u00f4pitaux. Ils sont ainsi contraints de prendre des d\u00e9cisions m\u00e9dicales et organisationnelles dans un contexte tactique de menace pr\u00e9gnante. Prendre des d\u00e9cisions est courant pour un m\u00e9decin sp\u00e9cialiste de l\u2019urgence vitale, mais les prendre dans des situations complexes et \u00ab\u2009hors cadre\u2009\u00bb est un challenge sp\u00e9cifique aux m\u00e9decins tactiques, qui demande une formation et un entra\u00eenement r\u00e9guliers.<\/p>\n<h2 class=\"p7\">Gen\u00e8se de la collaboration<\/h2>\n<p class=\"p5\">La collaboration entre la m\u00e9decine tactique et les services d\u2019urgence des h\u00f4pitaux parisiens a \u00e9t\u00e9 initi\u00e9e suite aux attentats terroristes de 2015. Les services m\u00e9dicaux du groupe d\u2019intervention du Raid et le trauma center de la Piti\u00e9-Salp\u00eatri\u00e8re ont travaill\u00e9 en synergie lors de la tuerie et prise d\u2019otages \u00e0 l\u2019<i>Hypercacher<\/i> de Vincennes et ont commenc\u00e9 une r\u00e9flexion sur la coordination en cas d\u2019attaque massive. Lors des attentats de Paris en novembre 2015, les \u00e9quipes ont de nouveau \u00e9t\u00e9 confront\u00e9es \u00e0 une prise en charge d\u2019un nombre important de bless\u00e9s lourds dans un temps tr\u00e8s court. L\u2019\u00e9vacuation en 40 minutes des 200 bless\u00e9s \u00e0 l\u2019int\u00e9rieur du <i>Bataclan<\/i>, men\u00e9e par le service m\u00e9dical du Raid alors que la prise d\u2019otages continuait \u00e0 l\u2019\u00e9tage, a \u00e9t\u00e9 conduite selon un principe de gestion des flux de victimes, qui a ensuite fait l\u2019objet d\u2019un retour d\u2019exp\u00e9rience et de nombreux \u00e9changes avec les m\u00e9decins hospitaliers, en France et \u00e0 l\u2019international. Cette crise majeure a montr\u00e9 l\u2019importance d\u2019une coordination et d\u2019une pr\u00e9paration commune interservices, puisque dans ce cas, les victimes \u00e9vacu\u00e9es par le Raid ont \u00e9t\u00e9 prises en charge par le Samu et la brigade des sapeurs-pompiers de Paris avant d\u2019\u00eatre orient\u00e9es vers les h\u00f4pitaux.<\/p>\n<p class=\"p5\">Depuis 2016, plusieurs formations \u00e0 la gestion de crise et \u00e0 la m\u00e9decine tactique ont \u00e9t\u00e9 propos\u00e9es \u00e0 l\u2019h\u00f4pital de la Piti\u00e9-Salp\u00eatri\u00e8re, avec la participation de ces diff\u00e9rentes institutions. Exercices et simulations en grandeur r\u00e9elle ont \u00e9t\u00e9 men\u00e9s avec les \u00e9quipes des h\u00f4pitaux de Sorbonne Universit\u00e9 et des m\u00e9decins urgentistes de toute la France. Les exercices grandeur r\u00e9elle ont confirm\u00e9 l\u2019int\u00e9r\u00eat de mettre en place une direction m\u00e9dicale de crise pour pr\u00e9parer l\u2019h\u00f4pital et apporter une aide d\u00e8s que l\u2019h\u00f4pital passe en mode \u00ab\u2009crise\u2009\u00bb.<\/p>\n<p class=\"p5\">Ce travail consiste \u00e0 se pr\u00e9parer ensemble \u00e0 affronter des \u00e9v\u00e9nements terroristes majeurs, avec une strat\u00e9gie commune pour affronter l\u2019inconnu. Lors de telles crises ou catastrophes, et notamment lorsque des attaques sont men\u00e9es sur plusieurs sites en m\u00eame temps, l\u2019ensemble des services de secours travaillent simultan\u00e9ment et en parall\u00e8le des pompiers, policiers et des structures hospitali\u00e8res. La coordination doit donc \u00eatre totale, avec une strat\u00e9gie globale, non pas port\u00e9e sur l\u2019amont ou l\u2019aval mais sur l\u2019ensemble du flux amont, de la capacit\u00e9 <i>in situ<\/i> et du flux aval. Ces flux peuvent \u00eatre mod\u00e9lis\u00e9s et anticipent en temps r\u00e9el les priorisations, l\u2019augmentation de production (par exemple l\u2019ouverture de nouveaux lits de r\u00e9animation), le transfert de comp\u00e9tences (un chirurgien se transforme en brancardier si n\u00e9cessaire\u2026), la formation, l\u2019optimisation des ressources humaines et mat\u00e9rielles. Ces \u00e9quipes m\u00e9dicales font face \u00e0 une discontinuit\u00e9 des processus, \u00e0 l\u2019innovation obligatoire, \u00e0 une ambigu\u00eft\u00e9 croissante des d\u00e9cisions, \u00e0 un plus grand nombre d\u2019interd\u00e9pendances, qui rendent la coordination au sein de l\u2019\u00e9quipe et entre \u00e9quipes et sites plus complexe. Il est n\u00e9cessaire d\u2019avoir une compr\u00e9hension globale, loin des clivages, et d\u2019un management en silos. Il faut avoir une vision transversale au sein de l\u2019h\u00f4pital entre l\u2019amont des flux (le pr\u00e9hospitalier, les secours\u2026) et l\u2019aval des flux (d\u00e9lestage vers des m\u00e9decins de ville, vers les cliniques priv\u00e9es, vers d\u2019autres r\u00e9gions).<\/p>\n<p class=\"p5\">Dans le cadre de la crise du Covid-19, la cin\u00e9tique est lente\u2009: la crise s\u2019\u00e9tale sur des semaines, avec des p\u00e9riodes de flux plus ou moins importants, alors que la cin\u00e9tique d\u2019une attaque terroriste ou d\u2019un accident industriel par exemple est tr\u00e8s rapide. L\u2019organisation du pilotage de crise et le processus de gestion des flux de bless\u00e9s\/malades restent cependant les m\u00eames.<\/p>\n<h1 class=\"p6\">La direction m\u00e9dicale de crise<\/h1>\n<p class=\"p5\">Ces derni\u00e8res ann\u00e9es, certains h\u00f4pitaux ont mis en place une direction m\u00e9dicale de crise destin\u00e9e \u00e0 coordonner les moyens et les actions en cas de crise exog\u00e8ne (pand\u00e9mie, accident industriel\u2026) ou endog\u00e8ne (feu dans l\u2019h\u00f4pital). \u00c0 la mani\u00e8re d\u2019un responsable de projet dans un contexte de gestion classique, le directeur m\u00e9dical<sup class=\"appel\" data-toggle=\"modal\" data-target=\"#notes\">(5)<\/sup> de crise (DMC) organise la r\u00e9ponse \u00e0 la crise et permet au directeur de l\u2019h\u00f4pital de prendre les d\u00e9cisions dans les meilleures conditions possibles en mettant \u00e0 sa disposition des analyses et des mod\u00e9lisations, un agenda, des propositions d\u2019action, et ainsi de construire une strat\u00e9gie du hors cadre adapt\u00e9e au contexte, selon la nature de la crise et son \u00e9volution, en gardant une analyse et des objectifs m\u00e9dicaux. Comme en mode projet, l\u2019organisation de crise permet d\u2019\u00e9viter la gestion en silos et les cloisonnements qu\u2019on retrouve trop souvent encore \u00e0 l\u2019h\u00f4pital, de gagner un temps pr\u00e9cieux dans les prises de d\u00e9cision en s\u2019affranchissant des circuits traditionnels. Le DMC organise la coordination de l\u2019h\u00f4pital avec les organisations externes (autres \u00e9tablissements, cliniques priv\u00e9es, agence r\u00e9gionale de sant\u00e9, Direction g\u00e9n\u00e9rale de la sant\u00e9) et entre les services en interne, \u00e0 la recherche d\u2019informations, d\u2019actions communes, de moyens et d\u2019initiatives collectives.<\/p>\n<h2 class=\"p7\">Profil\u2009du DMC\u2009: l\u00e9gitimit\u00e9, exp\u00e9rience et connaissance de la structure<\/h2>\n<p class=\"p5\">Le DMC doit bien conna\u00eetre la structure de soins, les ressources de l\u2019h\u00f4pital, les soins n\u00e9cessaires aux patients et les moyens pour y parvenir. Il doit \u00eatre form\u00e9 \u00e0 la gestion op\u00e9rationnelle de la crise (DPC). Il ne peut pas attendre une analyse compl\u00e8te, ni tous les bilans compl\u00e9mentaires, ni tous les r\u00e9sultats des \u00e9tudes scientifiques pour adapter ses propositions. La rapidit\u00e9 de d\u00e9cision et l\u2019anticipation sont parfois indispensables pour garantir la qualit\u00e9 des soins adapt\u00e9e \u00e0 la globalit\u00e9 du flux de patients. Certaines qualit\u00e9s sont n\u00e9cessaires pour mener \u00e0 bien cette mission\u2009: exp\u00e9rience, hauteur de vue et sang-froid, indispensables pour g\u00e9rer stress et situations tendues au sein des \u00e9quipes\u2009; l\u00e9gitimit\u00e9, autorit\u00e9 naturelle, excellente connaissance de la structure et des \u00e9quipes, vision transversale.<\/p>\n<p class=\"p5\">Le DMC doit cr\u00e9er autour de lui diff\u00e9rentes cellules ou \u00e9quipes, compos\u00e9es de deux \u00e0 quatre personnes, qui vont lui permettre de mettre en application les choix strat\u00e9giques mais \u00e9galement lui faire remonter des informations pouvant l\u2019aider \u00e0 anticiper la conduite des op\u00e9rations, et surtout \u00e0 comprendre le hors-cadre et ainsi changer rapidement de \u00ab\u2009logiciel\u2009\u00bb si n\u00e9cessaire. Dans des situations critiques, l\u2019\u00e9quilibre devra toujours \u00eatre celui du maintien d\u2019une structure efficiente en gestion des flux et en qualit\u00e9 de soins propos\u00e9s. Cela demande anticipation, agilit\u00e9, imagination et parfois innovation. Le DMC doit donc rechercher des profils compl\u00e9mentaires, tant sur les qualit\u00e9s humaines que sur les fonctions, pour l\u2019accompagner.<\/p>\n<h2 class=\"p7\">Organisation de la cellule de crise<\/h2>\n<p class=\"p5\">L\u2019organisation de la DMC doit couvrir l\u2019ensemble des champs de la crise. Elle navigue entre tr\u00e8s court et long termes. La figure\u00a01 en pr\u00e9sente une proposition d\u2019organisation.<\/p>\n<button data-toggle=\"collapse\" data-target=\"#enc_2020_200_01\">Figure 1<\/button><div id=\"enc_2020_200_01\" class=\"encadre collapse\"><p class=\"p1\"><span class=\"surtitre_enc\">Figure 1<\/span><\/p>\n<h2 class=\"p2\">Proposition d\u2019une organisation de la DMC<\/h2>\n<p><img decoding=\"async\" class=\"alignnone size-full wp-image-41529\" src=\"https:\/\/gestions-hospitalieres.fr\/wp-content\/uploads\/2020\/05\/Capture-d\u2019e\u0301cran-2020-05-13-a\u0300-10.54.26.png\" alt=\"\" width=\"1734\" height=\"1180\" srcset=\"https:\/\/www.ricom-web8.com\/gestions\/wp-content\/uploads\/2020\/05\/Capture-d\u2019e\u0301cran-2020-05-13-a\u0300-10.54.26.png 1734w, https:\/\/www.ricom-web8.com\/gestions\/wp-content\/uploads\/2020\/05\/Capture-d\u2019e\u0301cran-2020-05-13-a\u0300-10.54.26-300x204.png 300w, https:\/\/www.ricom-web8.com\/gestions\/wp-content\/uploads\/2020\/05\/Capture-d\u2019e\u0301cran-2020-05-13-a\u0300-10.54.26-1024x697.png 1024w, https:\/\/www.ricom-web8.com\/gestions\/wp-content\/uploads\/2020\/05\/Capture-d\u2019e\u0301cran-2020-05-13-a\u0300-10.54.26-768x523.png 768w, https:\/\/www.ricom-web8.com\/gestions\/wp-content\/uploads\/2020\/05\/Capture-d\u2019e\u0301cran-2020-05-13-a\u0300-10.54.26-1536x1045.png 1536w\" sizes=\"(max-width: 1734px) 100vw, 1734px\" \/><\/p>\n<\/div>\n<p class=\"p5\">La DMC a plusieurs missions cl\u00e9s \u00e0 organiser, d\u00e9l\u00e9guer et coordonner, en veillant \u00e0 ne pas se couper du reste de l\u2019organisation (aussi bien de la direction que des services), ce qui pourrait avoir le m\u00eame effet tunnel connu en gestion de projet, comme la d\u00e9connexion avec la r\u00e9alit\u00e9 op\u00e9rationnelle. La DMC doit r\u00e9partir les r\u00f4les et les missions, fixer des \u00e9ch\u00e9ances pour chacune des missions, organiser la coordination, les modes de communication et d\u2019\u00e9changes, des points r\u00e9guliers.<\/p>\n<ul>\n<li class=\"p5\"><strong><span class=\"s2\">G\u00e9rer les moyens<\/span><\/strong>, lister l\u2019ensemble des moyens utiles (lits, mat\u00e9riels m\u00e9dicaux, biologiques, logistiques), et ce avec la participation d\u2019acteurs cl\u00e9s tels que logisticiens et pharmaciens, qui anticipent les stocks de m\u00e9dicaments n\u00e9cessaires (essentiel dans la gestion du Covid-19), le stock de sang ou les brancards. La DMC doit organiser la distribution des moyens \u00e0 partir de la dur\u00e9e pr\u00e9visible d\u2019hospitalisation, les pr\u00e9visions de flux et les mod\u00e9lisations d\u2019optimisation des lits et moyens lourds. Une importante coordination est ici n\u00e9cessaire avec les personnes en charge de l\u2019\u00e9valuation et du suivi du point de rupture.<\/li>\n<li class=\"p5\"><span class=\"s2\"><strong>G\u00e9rer les ressources humaine<\/strong>s<\/span>\u2009: anticiper les besoins en mati\u00e8re de personnel, identifier les bonnes personnes pour des postes cl\u00e9 \u00e0 la demande du\/de la DMC. En synergie avec la gestion des moyens, il s\u2019agit d\u2019anticiper les besoins de renfort et de dresser les flux de d\u00e9lestage. Il est \u00e9galement important d\u2019organiser le soutien psychologique pour tout le personnel et de mettre en place des formations d\u2019adaptation aux postes si besoin.<\/li>\n<li class=\"p5\"><span class=\"s2\"><strong>Mission de veille, de r\u00e9flexion et d\u2019innovation<\/strong>\u2009<\/span>: la DMC doit charger quelques m\u00e9decins et non m\u00e9decins (chercheurs en sant\u00e9 publique, anthropologues\u2026) de maintenir une veille sur ce qui se fait dans l\u2019\u00e9tablissement, ailleurs en France et dans le monde, de s\u2019inspirer de partages d\u2019exp\u00e9rience, d\u2019\u00e9changes avec des acteurs du monde non m\u00e9dical afin de proposer tout au long de la crise des solutions innovantes, disruptives. C\u2019est le principe de la \u00ab\u2009force de r\u00e9flexion rapide\u2009\u00bb<sup class=\"appel\" data-toggle=\"modal\" data-target=\"#notes\">(6)<\/sup>. \u00c0 cette mission de veille s\u2019ajoute un r\u00f4le de vigie pour \u00e9viter aux \u00e9quipes de tomber sur des angles morts pendant leur gestion de la crise, par exemple en alertant sur la prise en charge des patients non concern\u00e9s par le Covid.<\/li>\n<li class=\"p5\"><strong><span class=\"s2\">Analyser et \u00e9valuer les r\u00e9sultats, mod\u00e9liser et \u00e9tablir des pr\u00e9visions<\/span><\/strong>\u2009: il est essentiel d\u2019analyser les r\u00e9sultats, de suivre les dur\u00e9es moyennes de s\u00e9jour (DMS) et quelques indicateurs cl\u00e9s, notamment le point de saturation anticip\u00e9, et alerter lorsque la structure s\u2019en rapproche. Ce point de saturation, \u00e9l\u00e9ment cl\u00e9 dans le pilotage des flux, peut \u00eatre atteint \u00e0 cause des ressources humaines, des moyens financiers et mat\u00e9riels, etc. Une analyse et une mise \u00e0 jour des mod\u00e8les de pr\u00e9vision en continu sont indispensables.<\/li>\n<li class=\"p5\"><strong><span class=\"s2\">Analyser et anticiper la sortie de crise<\/span><\/strong>\u2009: m\u00eame en pleine crise, il est important que quelques personnes, par exemple \u00e9pid\u00e9miologistes, sociologues, psychologues\u2026, d\u00e9veloppent une vision \u00e0 long terme et se penchent sur la sortie de crise et le fonctionnement post-crise, avec un retour \u00e0 une situation \u00ab\u2009normale\u2009\u00bb, en tenant compte des impacts de la crise.<\/li>\n<li class=\"p5\"><span class=\"s2\"><strong>\u00c9tablir la main courante de la crise<\/strong> (recension des faits)<\/span>, activit\u00e9 chronophage mais indispensable aussi bien pour des raisons m\u00e9dico-l\u00e9gales que pour la capacit\u00e9 future \u00e0 tirer les enseignements de la crise.<\/li>\n<\/ul>\n<p class=\"p5\">Ces diff\u00e9rentes missions, inspir\u00e9es des mod\u00e8les de raisonnement tactique qui pilotent des postes de commandement des forces d\u2019intervention et secours, sont adaptables aux situations, mais doivent rester agiles, flexibles, confi\u00e9es \u00e0 un nombre restreint de personnes aux profils compl\u00e9mentaires. L\u2019essentiel est de permettre \u00e0 la DMC de couvrir l\u2019ensemble des champs de la crise, d\u2019\u00eatre en mesure d\u2019anticiper au maximum afin d\u2019\u00eatre le plus proactif possible, afin que les d\u00e9cisions puissent \u00eatre prises en coh\u00e9rence, rapidement et de fa\u00e7on efficiente. Dans une situation d\u00e9grad\u00e9e, avec des moyens restreints et l\u2019anticipation d\u2019une crise de longue dur\u00e9e, chacun doit agir en effet \u00e0 la bonne \u00e9chelle selon sa place dans l\u2019organisation pour prioriser au mieux, prendre des d\u00e9cisions rapides et proportionn\u00e9es, avec comme objectif principal\u2009: ne pas arriver \u00e0 un blocage de la structure hospitali\u00e8re. Une vision d\u2019ensemble est n\u00e9cessaire\u2009: c\u2019est justement le r\u00f4le jou\u00e9 par la DMC. La figure\u00a02 propose un exemple de tableau de raisonnement tactique de DMC inspir\u00e9 de ceux utilis\u00e9s par les commandements d\u2019op\u00e9ration de secours (COS) et les forces d\u2019intervention.<\/p>\n<button data-toggle=\"collapse\" data-target=\"#enc_2020_200_02\">Figure 2<\/button><div id=\"enc_2020_200_02\" class=\"encadre collapse\"><p class=\"p1\"><span class=\"surtitre_enc\">Figure 2<\/span><\/p>\n<h2 class=\"p2\">Tableau de raisonnement tactique<\/h2>\n<p><img decoding=\"async\" class=\"alignnone size-full wp-image-41530\" src=\"https:\/\/gestions-hospitalieres.fr\/wp-content\/uploads\/2020\/05\/Capture-d\u2019e\u0301cran-2020-05-13-a\u0300-10.56.22.png\" alt=\"\" width=\"1836\" height=\"354\" srcset=\"https:\/\/www.ricom-web8.com\/gestions\/wp-content\/uploads\/2020\/05\/Capture-d\u2019e\u0301cran-2020-05-13-a\u0300-10.56.22.png 1836w, https:\/\/www.ricom-web8.com\/gestions\/wp-content\/uploads\/2020\/05\/Capture-d\u2019e\u0301cran-2020-05-13-a\u0300-10.56.22-300x58.png 300w, https:\/\/www.ricom-web8.com\/gestions\/wp-content\/uploads\/2020\/05\/Capture-d\u2019e\u0301cran-2020-05-13-a\u0300-10.56.22-1024x197.png 1024w, https:\/\/www.ricom-web8.com\/gestions\/wp-content\/uploads\/2020\/05\/Capture-d\u2019e\u0301cran-2020-05-13-a\u0300-10.56.22-768x148.png 768w, https:\/\/www.ricom-web8.com\/gestions\/wp-content\/uploads\/2020\/05\/Capture-d\u2019e\u0301cran-2020-05-13-a\u0300-10.56.22-1536x296.png 1536w\" sizes=\"(max-width: 1836px) 100vw, 1836px\" \/><\/p>\n<p class=\"p1\">Source : AP-HP\/M\u00e9decine Sorbonne Universit\u00e9<\/p>\n<\/div>\n<h2 class=\"p7\">Gestion des flux et dynamique de l\u2019\u00e9quilibre besoins\/moyens<\/h2>\n<p class=\"p5\">Dans une catastrophe humanitaire, une zone de combat, une attaque terroriste ou dans le cadre d\u2019une pand\u00e9mie, la gestion des flux de victimes ou de patients est primordiale et centrale pour garantir la qualit\u00e9 des soins et une prise en charge de tous. \u00c0 l\u2019h\u00f4pital, la mise en place d\u2019une DMC permet de d\u00e9velopper une vision globale des flux de malades entrants et sortants, de la capacit\u00e9 de l\u2019\u00e9tablissement, des \u00e9quipes, du mat\u00e9riel\u2026 Elle permet \u00e0 l\u2019organisation d\u2019anticiper pour ne pas subir de blocages contre-productifs. Ces blocages pourraient aller jusqu\u2019\u00e0 la saturation totale de l\u2019h\u00f4pital, qui ne pourrait plus r\u00e9pondre \u00e0 sa mission. Dans le cadre de la crise du Covid-19, les ressources des h\u00f4pitaux sont soumises \u00e0 une tr\u00e8s forte tension, par un afflux massif de patients en situation d\u00e9grad\u00e9e, n\u00e9cessitant une r\u00e9animation lourde pour un nombre important. L\u00e0 encore, la m\u00e9decine tactique et son exp\u00e9rience de la gestion des flux peuvent aider la r\u00e9flexion au sein des structures hospitali\u00e8res.<\/p>\n<h2 class=\"p7\">L\u2019importance d\u2019\u00e9quilibrer la dynamique besoins\/moyens<\/h2>\n<p class=\"p5\">Afin de garantir l\u2019\u00e9quilibre de la structure et \u00e9viter de d\u00e9grader la qualit\u00e9 de prise en charge et les chances de survie des patients, l\u2019\u00e9tablissement doit g\u00e9rer des moyens et ressources rares.<\/p>\n<p class=\"p5\">La structure peut difficilement ma\u00eetriser les flux entrants mais elle peut s\u2019attacher \u00e0 mieux orienter les patients gr\u00e2ce \u00e0 la coordination avec le Samu, le centre de traitement de l\u2019alerte (CTA) et le centre op\u00e9rationnel d\u00e9partemental d\u2019incendie et de secours (Codis), les autres \u00e9tablissements, la m\u00e9decine de ville (via l\u2019ARS)\u2026 La direction m\u00e9dicale de crise est aussi en situation d\u2019anticiper, gr\u00e2ce aux pr\u00e9visions recueillies par la cellule \u00e9valuation, laquelle travaille aussi sur les pr\u00e9visions des moyens disponibles \u00e0 partir de mod\u00e9lisations des dur\u00e9es de s\u00e9jour. Cela permet de suivre l\u2019\u00e9volution des flux entrants\/sortants, d\u2019\u00e9valuer la position de la structure par rapport au point de saturation et d\u2019alerter la direction et les autorit\u00e9s de tutelle.<\/p>\n<p class=\"p5\">Un des enjeux est donc aussi de pouvoir mettre \u00e0 niveau les flux sortants tout en ne transigeant pas sur la qualit\u00e9 des soins, mais en cherchant de nouvelles possibilit\u00e9s, r\u00e9\u00e9valu\u00e9es r\u00e9guli\u00e8rement selon l\u2019\u00e9volution de la crise\u2009:<\/p>\n<ul>\n<li class=\"p5\">transfert de patients vers d\u2019autres \u00e9tablissements, publics ou priv\u00e9s\u2009;<\/li>\n<li class=\"p5\">retour anticip\u00e9 \u00e0 domicile et suivi des patients par leur m\u00e9decin traitant et des infirmiers\/\u00e8res lib\u00e9raux\u2009;<\/li>\n<li class=\"p5\">choix de soins alternatifs pour certains patients pour lesquels la r\u00e9animation ne para\u00eet pas ad\u00e9quate ou l\u00e9gitime.<\/li>\n<\/ul>\n<h2 class=\"p7\">La cellule Dynamo de Paris Sorbonne-Universit\u00e9<\/h2>\n<p class=\"p5\">Afin de g\u00e9rer au mieux ces flux dans un contexte de raret\u00e9 des places en r\u00e9animation et d\u2019organisation sur un temps long, le GHU AP-HP. Sorbonne-Universit\u00e9<sup class=\"appel\" data-toggle=\"modal\" data-target=\"#notes\">(7)<\/sup> a d\u00e9velopp\u00e9 la cellule Dynamo, sous l\u2019impulsion du Pr\u00a0Riou. L\u2019objectif \u00e9tait de garantir la qualit\u00e9 de la prise en charge en r\u00e9animation et l\u2019acc\u00e8s aux soins pour tous. La strat\u00e9gie mise en place a \u00e9t\u00e9 d\u2019organiser un flux au sein m\u00eame des services de r\u00e9animation, de fa\u00e7on \u00e0 ne pas avoir \u00e0 atteindre le point de rupture et devoir exclure des patients. La cellule a mis en place trois niveaux de r\u00e9animation, d\u2019une r\u00e9animation lourde traditionnelle (intubation, respirateur artificiel, possiblement dialyse, patient sur le ventre, etc.) \u00e0 une r\u00e9animation plus l\u00e9g\u00e8re, notamment pour des patients dont l\u2019am\u00e9lioration est notable. Cette strat\u00e9gie a permis d\u2019\u00e9viter la saturation en doublant le flux \u00ab\u2009normal\u2009\u00bb en r\u00e9animation. Elle a demand\u00e9 de convaincre les \u00e9quipes et les responsables du bien-fond\u00e9 de cette organisation inhabituelle.<\/p>\n<p class=\"p5\">L\u2019accent a \u00e9t\u00e9 mis sur la recherche de solutions innovantes pour le flux aval et la possibilit\u00e9 de lib\u00e9rer les places de r\u00e9animation les plus lourdes, indispensables \u00e0 la ma\u00eetrise d\u2019un flux entrant tr\u00e8s important. La cellule Dynamo a gard\u00e9 une vision globale de l\u2019ensemble des lits de r\u00e9animation lourde de son p\u00e9rim\u00e8tre et mobilis\u00e9 des services de r\u00e9animation, de r\u00e9veil et des blocs op\u00e9ratoires des h\u00f4pitaux, et des cliniques priv\u00e9es d\u2019\u00cele-de-France, contact\u00e9es dans un premier temps directement par les m\u00e9decins en charge de la cellule, avant de d\u00e9velopper les accords de transfert. Les d\u00e9cisions de transfert dans un autre service ou en clinique sont des d\u00e9cisions m\u00e9dicales prises en concertation entre les m\u00e9decins de Dynamo et les m\u00e9decins responsables des patients concern\u00e9s. Sur les cas de patients examin\u00e9s, 97 (au 15 avril 2020) ont fait l\u2019objet d\u2019un transfert et 30 ont \u00e9t\u00e9 estim\u00e9s trop fragiles pour l\u2019\u00eatre. La logique m\u00e9dicale prime toujours. Une fois la d\u00e9cision de transfert prise, Dynamo organise le transfert des patients. En r\u00e9f\u00e9rence \u00e0 l\u2019op\u00e9ration d\u2019\u00e9vacuation des troupes britanniques du sol europ\u00e9en en juin 1940, Dynamo fonctionne en autonomie, en rationalisant au maximum les moyens et les vecteurs. Elle guide les man\u0153uvres telle une tour de contr\u00f4le a\u00e9roportuaire qui trouve, voire pr\u00e9pare, le plus possible de petits a\u00e9roports pour permettre aux avions qui n\u2019y ont pas leurs habitudes d\u2019y atterrir.<\/p>\n<h1 class=\"p6\">Conclusion<\/h1>\n<p class=\"p5\">Dans les enseignements que la m\u00e9decine tactique peut transmettre \u00e0 l\u2019h\u00f4pital en mati\u00e8re de gestion de crise, nous retenons la n\u00e9cessaire structuration d\u2019une organisation <i>ad hoc<\/i>, avec une direction m\u00e9dicale de crise qui, comme une direction projet, offre une vue globale, compl\u00e8te et syst\u00e9mique de la crise, permet de rechercher des solutions innovantes, comme l\u2019a fait la cellule Dynamo avec une gestion dynamique et gradu\u00e9e des man\u0153uvres op\u00e9rationnelles.<\/p>\n<p class=\"p5\">Cette organisation permet de \u00ab\u2009changer de logiciel\u2009\u00bb, de fonctionner de fa\u00e7on agile, de raisonner hors du cadre. Mais le message est aussi de remettre la crise dans un contexte plus large. Comme la m\u00e9decine tactique qui fonctionne en autonomie mais est totalement int\u00e9gr\u00e9e avec la force d\u2019intervention et les autres \u00e9quipes de secours, les responsables de la gestion de crise \u00e0 l\u2019h\u00f4pital doivent rester ancr\u00e9s dans la mission de l\u2019h\u00f4pital, \u00e9viter les angles morts \u2013 telle actuellement une prise en charge trop tardive des patients non Covid \u2013 et se projeter dans la sortie de crise en organisant le retour d\u2019exp\u00e9rience. Cela permettra de tirer des le\u00e7ons pour le retour \u00e0 la normale et d\u2019am\u00e9liorer l\u2019organisation de la gestion de crise pour de futures crises, quelle qu\u2019en soit la nature.<\/p>\n<hr \/>\n<p class=\"p5\"><strong>Cet article s\u2019inscrit dans le cadre d&#8217;un projet de recherche sur la coordination des \u00e9quipes m\u00e9dicales en situation de catastrophe Comed, soutenu par Isite Paris Seine.<\/strong><\/p>\n<script>function PlayerjsAsync(){} if(window[\"Playerjs\"]){PlayerjsAsync();}<\/script>","protected":false},"excerpt":{"rendered":"<p>Depuis d\u00e9but mars 2020 et l\u2019explosion des cas de Covid-19 en France, le syst\u00e8me hospitalier est confront\u00e9 \u00e0 un afflux sans pr\u00e9c\u00e9dent de malades n\u00e9cessitant une prise en charge lourde en r\u00e9animation. Certaines zones g\u00e9ographiques (le Grand-Est, l\u2019\u00cele-de-France\u2026) sont satur\u00e9es et les places en r\u00e9animation se rar\u00e9fient malgr\u00e9 une consid\u00e9rable augmentation de celles-ci dans un intervalle de temps tr\u00e8s court. Les patients pris en charge en r\u00e9animation restent un temps&hellip; <\/p>\n","protected":false},"author":23133,"featured_media":0,"comment_status":"open","ping_status":"closed","sticky":false,"template":"","format":"standard","meta":{"_acf_changed":false,"_relevanssi_hide_post":"","_relevanssi_hide_content":"","_relevanssi_pin_for_all":"","_relevanssi_pin_keywords":"","_relevanssi_unpin_keywords":"","_relevanssi_related_keywords":"","_relevanssi_related_include_ids":"","_relevanssi_related_exclude_ids":"","_relevanssi_related_no_append":"","_relevanssi_related_not_related":"","_relevanssi_related_posts":"","_relevanssi_noindex_reason":"","footnotes":""},"categories":[7862,2],"tags":[7872,7863,7871,7873,7870,7869,7868,1905],"class_list":["post-41523","post","type-post","status-publish","format-standard","hentry","category-covid-19","category-gestions-hospitalieres","tag-cellule-de-crise","tag-covid-19","tag-direction-medicale-de-crise","tag-dynamo","tag-flux-massif-de-patients","tag-medecine-de-crise","tag-medecine-tactique","tag-raid"],"acf":[],"yoast_head":"<!-- This site is optimized with the Yoast SEO plugin v24.8.1 - https:\/\/yoast.com\/wordpress\/plugins\/seo\/ -->\n<title>G\u00e9rer la mise en tension brutale des structures hospitali\u00e8res - Gestions hospitali\u00e8res<\/title>\n<meta name=\"robots\" content=\"index, follow, max-snippet:-1, max-image-preview:large, max-video-preview:-1\" \/>\n<link rel=\"canonical\" href=\"https:\/\/www.ricom-web8.com\/gestions\/gerer-la-mise-en-tension-brutale-des-structures-hospitalieres\/\" \/>\n<meta property=\"og:locale\" content=\"fr_FR\" \/>\n<meta property=\"og:type\" content=\"article\" \/>\n<meta property=\"og:title\" content=\"G\u00e9rer la mise en tension brutale des structures hospitali\u00e8res - Gestions hospitali\u00e8res\" \/>\n<meta property=\"og:description\" content=\"Depuis d\u00e9but mars 2020 et l\u2019explosion des cas de Covid-19 en France, le syst\u00e8me hospitalier est confront\u00e9 \u00e0 un afflux sans pr\u00e9c\u00e9dent de malades n\u00e9cessitant une prise en charge lourde en r\u00e9animation. Certaines zones g\u00e9ographiques (le Grand-Est, l\u2019\u00cele-de-France\u2026) sont satur\u00e9es et les places en r\u00e9animation se rar\u00e9fient malgr\u00e9 une consid\u00e9rable augmentation de celles-ci dans un intervalle de temps tr\u00e8s court. Les patients pris en charge en r\u00e9animation restent un temps&hellip;\" \/>\n<meta property=\"og:url\" content=\"https:\/\/www.ricom-web8.com\/gestions\/gerer-la-mise-en-tension-brutale-des-structures-hospitalieres\/\" \/>\n<meta property=\"og:site_name\" content=\"Gestions hospitali\u00e8res\" \/>\n<meta property=\"article:publisher\" content=\"https:\/\/www.facebook.com\/gestionshospitalieres\/\" \/>\n<meta property=\"article:published_time\" content=\"2020-04-01T08:29:45+00:00\" \/>\n<meta property=\"article:modified_time\" content=\"2020-07-21T13:30:47+00:00\" \/>\n<meta name=\"author\" content=\"Gestions hospitali\u00e8res\" \/>\n<meta name=\"twitter:card\" content=\"summary_large_image\" \/>\n<meta name=\"twitter:creator\" content=\"@revue_GH\" \/>\n<meta name=\"twitter:site\" content=\"@revue_GH\" \/>\n<meta name=\"twitter:label1\" content=\"\u00c9crit par\" \/>\n\t<meta name=\"twitter:data1\" content=\"Gestions hospitali\u00e8res\" \/>\n\t<meta name=\"twitter:label2\" content=\"Dur\u00e9e de lecture estim\u00e9e\" \/>\n\t<meta name=\"twitter:data2\" content=\"19 minutes\" \/>\n<script type=\"application\/ld+json\" class=\"yoast-schema-graph\">{\"@context\":\"https:\/\/schema.org\",\"@graph\":[{\"@type\":\"Article\",\"@id\":\"https:\/\/www.ricom-web8.com\/gestions\/gerer-la-mise-en-tension-brutale-des-structures-hospitalieres\/#article\",\"isPartOf\":{\"@id\":\"https:\/\/www.ricom-web8.com\/gestions\/gerer-la-mise-en-tension-brutale-des-structures-hospitalieres\/\"},\"author\":{\"name\":\"Gestions hospitali\u00e8res\",\"@id\":\"https:\/\/www.ricom-web8.com\/gestions\/#\/schema\/person\/3ba9fe913190dfe9507feb621e902c1f\"},\"headline\":\"G\u00e9rer la mise en tension brutale des structures hospitali\u00e8res\",\"datePublished\":\"2020-04-01T08:29:45+00:00\",\"dateModified\":\"2020-07-21T13:30:47+00:00\",\"mainEntityOfPage\":{\"@id\":\"https:\/\/www.ricom-web8.com\/gestions\/gerer-la-mise-en-tension-brutale-des-structures-hospitalieres\/\"},\"wordCount\":3833,\"commentCount\":0,\"publisher\":{\"@id\":\"https:\/\/www.ricom-web8.com\/gestions\/#organization\"},\"keywords\":[\"cellule de crise\",\"Covid-19\",\"direction m\u00e9dicale de crise\",\"dynamo\",\"flux massif de patients\",\"m\u00e9decine de crise\",\"m\u00e9decine tactique\",\"Raid\"],\"articleSection\":[\"covid-19\",\"Gestions Hospitali\u00e8res\"],\"inLanguage\":\"fr-FR\",\"potentialAction\":[{\"@type\":\"CommentAction\",\"name\":\"Comment\",\"target\":[\"https:\/\/www.ricom-web8.com\/gestions\/gerer-la-mise-en-tension-brutale-des-structures-hospitalieres\/#respond\"]}]},{\"@type\":\"WebPage\",\"@id\":\"https:\/\/www.ricom-web8.com\/gestions\/gerer-la-mise-en-tension-brutale-des-structures-hospitalieres\/\",\"url\":\"https:\/\/www.ricom-web8.com\/gestions\/gerer-la-mise-en-tension-brutale-des-structures-hospitalieres\/\",\"name\":\"G\u00e9rer la mise en tension brutale des structures hospitali\u00e8res - Gestions hospitali\u00e8res\",\"isPartOf\":{\"@id\":\"https:\/\/www.ricom-web8.com\/gestions\/#website\"},\"datePublished\":\"2020-04-01T08:29:45+00:00\",\"dateModified\":\"2020-07-21T13:30:47+00:00\",\"breadcrumb\":{\"@id\":\"https:\/\/www.ricom-web8.com\/gestions\/gerer-la-mise-en-tension-brutale-des-structures-hospitalieres\/#breadcrumb\"},\"inLanguage\":\"fr-FR\",\"potentialAction\":[{\"@type\":\"ReadAction\",\"target\":[\"https:\/\/www.ricom-web8.com\/gestions\/gerer-la-mise-en-tension-brutale-des-structures-hospitalieres\/\"]}]},{\"@type\":\"BreadcrumbList\",\"@id\":\"https:\/\/www.ricom-web8.com\/gestions\/gerer-la-mise-en-tension-brutale-des-structures-hospitalieres\/#breadcrumb\",\"itemListElement\":[{\"@type\":\"ListItem\",\"position\":1,\"name\":\"Accueil\",\"item\":\"https:\/\/www.ricom-web8.com\/gestions\/\"},{\"@type\":\"ListItem\",\"position\":2,\"name\":\"G\u00e9rer la mise en tension brutale des structures hospitali\u00e8res\"}]},{\"@type\":\"WebSite\",\"@id\":\"https:\/\/www.ricom-web8.com\/gestions\/#website\",\"url\":\"https:\/\/www.ricom-web8.com\/gestions\/\",\"name\":\"Gestions hospitali\u00e8res\",\"description\":\"la revue des d\u00e9cideurs hospitaliers\",\"publisher\":{\"@id\":\"https:\/\/www.ricom-web8.com\/gestions\/#organization\"},\"potentialAction\":[{\"@type\":\"SearchAction\",\"target\":{\"@type\":\"EntryPoint\",\"urlTemplate\":\"https:\/\/www.ricom-web8.com\/gestions\/?s={search_term_string}\"},\"query-input\":{\"@type\":\"PropertyValueSpecification\",\"valueRequired\":true,\"valueName\":\"search_term_string\"}}],\"inLanguage\":\"fr-FR\"},{\"@type\":\"Organization\",\"@id\":\"https:\/\/www.ricom-web8.com\/gestions\/#organization\",\"name\":\"Gestions hospitali\u00e8res\",\"url\":\"https:\/\/www.ricom-web8.com\/gestions\/\",\"logo\":{\"@type\":\"ImageObject\",\"inLanguage\":\"fr-FR\",\"@id\":\"https:\/\/www.ricom-web8.com\/gestions\/#\/schema\/logo\/image\/\",\"url\":\"https:\/\/gestions-hospitalieres.fr\/wp-content\/uploads\/2017\/02\/picto_Gif-GH-trans.png\",\"contentUrl\":\"https:\/\/gestions-hospitalieres.fr\/wp-content\/uploads\/2017\/02\/picto_Gif-GH-trans.png\",\"width\":512,\"height\":512,\"caption\":\"Gestions hospitali\u00e8res\"},\"image\":{\"@id\":\"https:\/\/www.ricom-web8.com\/gestions\/#\/schema\/logo\/image\/\"},\"sameAs\":[\"https:\/\/www.facebook.com\/gestionshospitalieres\/\",\"https:\/\/x.com\/revue_GH\",\"https:\/\/www.linkedin.com\/company\/gestions-hospitalieres?trk=top_nav_home\"]},{\"@type\":\"Person\",\"@id\":\"https:\/\/www.ricom-web8.com\/gestions\/#\/schema\/person\/3ba9fe913190dfe9507feb621e902c1f\",\"name\":\"Gestions hospitali\u00e8res\",\"image\":{\"@type\":\"ImageObject\",\"inLanguage\":\"fr-FR\",\"@id\":\"https:\/\/www.ricom-web8.com\/gestions\/#\/schema\/person\/image\/\",\"url\":\"https:\/\/secure.gravatar.com\/avatar\/1a0d93e6db5dbe7dac96bae4757d256f?s=96&d=mm&r=g\",\"contentUrl\":\"https:\/\/secure.gravatar.com\/avatar\/1a0d93e6db5dbe7dac96bae4757d256f?s=96&d=mm&r=g\",\"caption\":\"Gestions hospitali\u00e8res\"},\"url\":\"https:\/\/www.ricom-web8.com\/gestions\/author\/benjamin\/\"}]}<\/script>\n<!-- \/ Yoast SEO plugin. -->","yoast_head_json":{"title":"G\u00e9rer la mise en tension brutale des structures hospitali\u00e8res - Gestions hospitali\u00e8res","robots":{"index":"index","follow":"follow","max-snippet":"max-snippet:-1","max-image-preview":"max-image-preview:large","max-video-preview":"max-video-preview:-1"},"canonical":"https:\/\/www.ricom-web8.com\/gestions\/gerer-la-mise-en-tension-brutale-des-structures-hospitalieres\/","og_locale":"fr_FR","og_type":"article","og_title":"G\u00e9rer la mise en tension brutale des structures hospitali\u00e8res - Gestions hospitali\u00e8res","og_description":"Depuis d\u00e9but mars 2020 et l\u2019explosion des cas de Covid-19 en France, le syst\u00e8me hospitalier est confront\u00e9 \u00e0 un afflux sans pr\u00e9c\u00e9dent de malades n\u00e9cessitant une prise en charge lourde en r\u00e9animation. Certaines zones g\u00e9ographiques (le Grand-Est, l\u2019\u00cele-de-France\u2026) sont satur\u00e9es et les places en r\u00e9animation se rar\u00e9fient malgr\u00e9 une consid\u00e9rable augmentation de celles-ci dans un intervalle de temps tr\u00e8s court. Les patients pris en charge en r\u00e9animation restent un temps&hellip;","og_url":"https:\/\/www.ricom-web8.com\/gestions\/gerer-la-mise-en-tension-brutale-des-structures-hospitalieres\/","og_site_name":"Gestions hospitali\u00e8res","article_publisher":"https:\/\/www.facebook.com\/gestionshospitalieres\/","article_published_time":"2020-04-01T08:29:45+00:00","article_modified_time":"2020-07-21T13:30:47+00:00","author":"Gestions hospitali\u00e8res","twitter_card":"summary_large_image","twitter_creator":"@revue_GH","twitter_site":"@revue_GH","twitter_misc":{"\u00c9crit par":"Gestions hospitali\u00e8res","Dur\u00e9e de lecture estim\u00e9e":"19 minutes"},"schema":{"@context":"https:\/\/schema.org","@graph":[{"@type":"Article","@id":"https:\/\/www.ricom-web8.com\/gestions\/gerer-la-mise-en-tension-brutale-des-structures-hospitalieres\/#article","isPartOf":{"@id":"https:\/\/www.ricom-web8.com\/gestions\/gerer-la-mise-en-tension-brutale-des-structures-hospitalieres\/"},"author":{"name":"Gestions hospitali\u00e8res","@id":"https:\/\/www.ricom-web8.com\/gestions\/#\/schema\/person\/3ba9fe913190dfe9507feb621e902c1f"},"headline":"G\u00e9rer la mise en tension brutale des structures hospitali\u00e8res","datePublished":"2020-04-01T08:29:45+00:00","dateModified":"2020-07-21T13:30:47+00:00","mainEntityOfPage":{"@id":"https:\/\/www.ricom-web8.com\/gestions\/gerer-la-mise-en-tension-brutale-des-structures-hospitalieres\/"},"wordCount":3833,"commentCount":0,"publisher":{"@id":"https:\/\/www.ricom-web8.com\/gestions\/#organization"},"keywords":["cellule de crise","Covid-19","direction m\u00e9dicale de crise","dynamo","flux massif de patients","m\u00e9decine de crise","m\u00e9decine tactique","Raid"],"articleSection":["covid-19","Gestions Hospitali\u00e8res"],"inLanguage":"fr-FR","potentialAction":[{"@type":"CommentAction","name":"Comment","target":["https:\/\/www.ricom-web8.com\/gestions\/gerer-la-mise-en-tension-brutale-des-structures-hospitalieres\/#respond"]}]},{"@type":"WebPage","@id":"https:\/\/www.ricom-web8.com\/gestions\/gerer-la-mise-en-tension-brutale-des-structures-hospitalieres\/","url":"https:\/\/www.ricom-web8.com\/gestions\/gerer-la-mise-en-tension-brutale-des-structures-hospitalieres\/","name":"G\u00e9rer la mise en tension brutale des structures hospitali\u00e8res - Gestions hospitali\u00e8res","isPartOf":{"@id":"https:\/\/www.ricom-web8.com\/gestions\/#website"},"datePublished":"2020-04-01T08:29:45+00:00","dateModified":"2020-07-21T13:30:47+00:00","breadcrumb":{"@id":"https:\/\/www.ricom-web8.com\/gestions\/gerer-la-mise-en-tension-brutale-des-structures-hospitalieres\/#breadcrumb"},"inLanguage":"fr-FR","potentialAction":[{"@type":"ReadAction","target":["https:\/\/www.ricom-web8.com\/gestions\/gerer-la-mise-en-tension-brutale-des-structures-hospitalieres\/"]}]},{"@type":"BreadcrumbList","@id":"https:\/\/www.ricom-web8.com\/gestions\/gerer-la-mise-en-tension-brutale-des-structures-hospitalieres\/#breadcrumb","itemListElement":[{"@type":"ListItem","position":1,"name":"Accueil","item":"https:\/\/www.ricom-web8.com\/gestions\/"},{"@type":"ListItem","position":2,"name":"G\u00e9rer la mise en tension brutale des structures hospitali\u00e8res"}]},{"@type":"WebSite","@id":"https:\/\/www.ricom-web8.com\/gestions\/#website","url":"https:\/\/www.ricom-web8.com\/gestions\/","name":"Gestions hospitali\u00e8res","description":"la revue des d\u00e9cideurs hospitaliers","publisher":{"@id":"https:\/\/www.ricom-web8.com\/gestions\/#organization"},"potentialAction":[{"@type":"SearchAction","target":{"@type":"EntryPoint","urlTemplate":"https:\/\/www.ricom-web8.com\/gestions\/?s={search_term_string}"},"query-input":{"@type":"PropertyValueSpecification","valueRequired":true,"valueName":"search_term_string"}}],"inLanguage":"fr-FR"},{"@type":"Organization","@id":"https:\/\/www.ricom-web8.com\/gestions\/#organization","name":"Gestions hospitali\u00e8res","url":"https:\/\/www.ricom-web8.com\/gestions\/","logo":{"@type":"ImageObject","inLanguage":"fr-FR","@id":"https:\/\/www.ricom-web8.com\/gestions\/#\/schema\/logo\/image\/","url":"https:\/\/gestions-hospitalieres.fr\/wp-content\/uploads\/2017\/02\/picto_Gif-GH-trans.png","contentUrl":"https:\/\/gestions-hospitalieres.fr\/wp-content\/uploads\/2017\/02\/picto_Gif-GH-trans.png","width":512,"height":512,"caption":"Gestions hospitali\u00e8res"},"image":{"@id":"https:\/\/www.ricom-web8.com\/gestions\/#\/schema\/logo\/image\/"},"sameAs":["https:\/\/www.facebook.com\/gestionshospitalieres\/","https:\/\/x.com\/revue_GH","https:\/\/www.linkedin.com\/company\/gestions-hospitalieres?trk=top_nav_home"]},{"@type":"Person","@id":"https:\/\/www.ricom-web8.com\/gestions\/#\/schema\/person\/3ba9fe913190dfe9507feb621e902c1f","name":"Gestions hospitali\u00e8res","image":{"@type":"ImageObject","inLanguage":"fr-FR","@id":"https:\/\/www.ricom-web8.com\/gestions\/#\/schema\/person\/image\/","url":"https:\/\/secure.gravatar.com\/avatar\/1a0d93e6db5dbe7dac96bae4757d256f?s=96&d=mm&r=g","contentUrl":"https:\/\/secure.gravatar.com\/avatar\/1a0d93e6db5dbe7dac96bae4757d256f?s=96&d=mm&r=g","caption":"Gestions hospitali\u00e8res"},"url":"https:\/\/www.ricom-web8.com\/gestions\/author\/benjamin\/"}]}},"_links":{"self":[{"href":"https:\/\/www.ricom-web8.com\/gestions\/wp-json\/wp\/v2\/posts\/41523","targetHints":{"allow":["GET"]}}],"collection":[{"href":"https:\/\/www.ricom-web8.com\/gestions\/wp-json\/wp\/v2\/posts"}],"about":[{"href":"https:\/\/www.ricom-web8.com\/gestions\/wp-json\/wp\/v2\/types\/post"}],"author":[{"embeddable":true,"href":"https:\/\/www.ricom-web8.com\/gestions\/wp-json\/wp\/v2\/users\/23133"}],"replies":[{"embeddable":true,"href":"https:\/\/www.ricom-web8.com\/gestions\/wp-json\/wp\/v2\/comments?post=41523"}],"version-history":[{"count":0,"href":"https:\/\/www.ricom-web8.com\/gestions\/wp-json\/wp\/v2\/posts\/41523\/revisions"}],"wp:attachment":[{"href":"https:\/\/www.ricom-web8.com\/gestions\/wp-json\/wp\/v2\/media?parent=41523"}],"wp:term":[{"taxonomy":"category","embeddable":true,"href":"https:\/\/www.ricom-web8.com\/gestions\/wp-json\/wp\/v2\/categories?post=41523"},{"taxonomy":"post_tag","embeddable":true,"href":"https:\/\/www.ricom-web8.com\/gestions\/wp-json\/wp\/v2\/tags?post=41523"}],"curies":[{"name":"wp","href":"https:\/\/api.w.org\/{rel}","templated":true}]}}