

{"id":41611,"date":"2020-04-01T16:14:18","date_gmt":"2020-04-01T14:14:18","guid":{"rendered":"https:\/\/gestions-hospitalieres.fr\/?p=41611"},"modified":"2020-07-21T15:34:37","modified_gmt":"2020-07-21T13:34:37","slug":"la-demarche-ethique-clinique-en-unite-de-soins-palliatifs","status":"publish","type":"post","link":"https:\/\/www.ricom-web8.com\/gestions\/la-demarche-ethique-clinique-en-unite-de-soins-palliatifs\/","title":{"rendered":"La d\u00e9marche \u00e9thique clinique en unit\u00e9 de soins palliatifs"},"content":{"rendered":"<span class=\"span-reading-time rt-reading-time\" style=\"display: block;\"><span class=\"rt-label rt-prefix\">Temps de lecture\u00a0: <\/span> <span class=\"rt-time\"> 12<\/span> <span class=\"rt-label rt-postfix\">minutes<\/span><\/span><p class=\"p5\"><span class=\"s3\">\u00ab <\/span><span class=\"s4\">L<\/span><span class=\"s4\">a m\u00e8re selon la chair r\u00e9clamait l\u2019enfant. La m\u00e8re qui l\u2019avait nourri paraissait devant le tribunal. Qui tranchera le cas\u2009? \u00c0 qui sera donn\u00e9 l\u2019enfant\u2009? Chauva prend un morceau de craie et trace un cercle sur le sol [\u2026] Plaignante et accus\u00e9e se placent \u00e0 c\u00f4t\u00e9 du cercle. \u201cPrenez l\u2019enfant par la main. La vraie m\u00e8re aura la force d\u2019attirer l\u2019enfant hors du cercle\u201d.<sup class=\"appel\" data-toggle=\"modal\" data-target=\"#notes\">(2)<\/sup>\u2009\u00bb Reprenant dans ses grandes lignes le mythe biblique du jugement de Salomon, Bertolt Brecht, dans sa pi\u00e8ce <i>Le Cercle de craie caucasien<\/i>, interroge sur un conflit de valeurs et expose la d\u00e9marche \u00e9thique pour le moins originale qu\u2019adopte le juge Azdak afin de prendre sa d\u00e9cision. \u00c0 qui devra-t-il accorder la garde de l\u2019enfant\u2009? \u00c0 la m\u00e8re biologique qui l\u2019a initialement abandonn\u00e9 pour sauver sa peau\u2009? \u00c0 celle qui l\u2019a \u00e9lev\u00e9, parfois au p\u00e9ril de sa vie\u2009?<\/span><\/p>\n<p class=\"p6\"><span class=\"s4\">Nous voudrions attirer l\u2019attention, non pas sur le bien-fond\u00e9 moral du jugement, encore moins \u00e0 son r\u00e9sultat objectif, mais sur le processus par le biais duquel il est produit et l\u00e9gitim\u00e9. Nous ne nous demandons pas si la norme est bonne, ou quelles sont les cons\u00e9quences de son application, mais comment elle est produite. Nous voudrions essayer de comprendre, dans le domaine du soin, de quelle mani\u00e8re les processus de d\u00e9lib\u00e9ration se d\u00e9ploient et quels en sont les d\u00e9terminants r\u00e9glementaires, sociaux et contextuels.<\/span><\/p>\n<p class=\"p6\"><span class=\"s4\">Certains actes dans le domaine de la m\u00e9decine, comme les limitations et arr\u00eats de traitement (LAT) ou le maintien en vie, rel\u00e8vent parfois dans nos soci\u00e9t\u00e9s de d\u00e9cisions collectives d\u2019experts. Mais cette mani\u00e8re d\u2019organiser le soin et la relation \u00e0 la mort peut g\u00e9n\u00e9rer des tensions morales, parce qu\u2019elle conduit les agents responsables de ces d\u00e9cisions vers des zones conceptuelles, o\u00f9 la morale n\u2019est d\u2019aucun secours mais plut\u00f4t source d\u2019antilogies. Pour faire face aux risques de cette situation, un dispositif appel\u00e9 \u00ab\u2009d\u00e9marche \u00e9thique<sup class=\"appel\" data-toggle=\"modal\" data-target=\"#notes\">(3)<\/sup>\u2009\u00bb a \u00e9t\u00e9 mis en place pour permettre aux soignants, aux patients, \u00e0 leurs proches comme \u00e0 l\u2019institution, de diminuer les risques individuels et collectifs que cette configuration entra\u00eene. Une d\u00e9marche \u00e9thique qui s\u2019inscrit dans une histoire, celle de la m\u00e9decine et des institutions qui l\u2019incarnent, comme aujourd\u2019hui l\u2019h\u00f4pital.<\/span><\/p>\n<h1 class=\"p7\">\u00c9volution de la m\u00e9decine<\/h1>\n<p class=\"p6\"><span class=\"s4\">En faisant sortir la maladie des temples, Hippocrate \u00e9tablit un nouveau statut pour les m\u00e9decins et la m\u00e9decine. On sort de l\u2019irrationnel pour une m\u00e9decine hippocratique fond\u00e9e sur l\u2019observation, l\u2019exp\u00e9rience et les \u00e9changes rationnels. Comme dit Aristote un peu plus tard, cette m\u00e9decine r\u00e9pond au statut d\u2019une science qui vise l\u2019objectivit\u00e9. Le dessein principal est clair\u2009: l\u2019int\u00e9r\u00eat du malade mais avec une approche paternaliste. Mais <i>quid<\/i> de l\u2019int\u00e9r\u00eat du malade et de sa participation \u00e0 la d\u00e9cision\u2009? Comment s\u2019articule le pouvoir m\u00e9dical avec le v\u00e9ritable d\u00e9sir des patients\u2009?<\/span><\/p>\n<p class=\"p6\"><span class=\"s4\">Ce faisant, d\u2019une m\u00e9decine hippocratique \u2013 \u00ab\u2009gu\u00e9rir parfois, soulager souvent, soigner toujours<sup class=\"appel\" data-toggle=\"modal\" data-target=\"#notes\">(4)<\/sup> \u00bb \u2013, nous sommes pass\u00e9s de fa\u00e7on presque excessive \u00e0 une m\u00e9decine hyperperformante\u2009: gu\u00e9rir toujours, soulager parfois, r\u00e9conforter si possible. Et en effet, la m\u00e9decine moderne a r\u00e9alis\u00e9 des progr\u00e8s techniques extraordinaires, mais oubliant souvent l\u2019humain.<\/span><\/p>\n<p class=\"p6\"><span class=\"s4\">Deux faits majeurs sont malheureusement venus rappeler la n\u00e9cessit\u00e9 absolue de se recentrer sur des valeurs humanistes\u2009:<\/span><\/p>\n<ul>\n<li class=\"p6\"><span class=\"s4\">le nazisme, et l\u2019exp\u00e9rimentation de l\u2019homme sur l\u2019homme, qui va conduire au code de Nuremberg en 1947 et ses dix crit\u00e8res contenus dans le jugement du proc\u00e8s des m\u00e9decins nazis, puis la d\u00e9claration d\u2019Helsinki<sup class=\"appel\" data-toggle=\"modal\" data-target=\"#notes\">(5)<\/sup>, tous deux d\u00e9fendant la bio\u00e9thique\u2009;<\/span><\/li>\n<li class=\"p6\"><span class=\"s4\">aux \u00c9tats-Unis, les p\u00e9riodes de guerre et d\u2019apr\u00e8s-guerre qui entra\u00eenent un essor consid\u00e9rable et d\u00e9mesur\u00e9 de la recherche m\u00e9dicale. \u00ab\u2009Pourtant, d\u00e8s les ann\u00e9es soixante, suite \u00e0 des \u201cscandales\u201d concernant des recherches sur des sujets le plus souvent vuln\u00e9rables et\/ou captifs [\u2026], des d\u00e9bats apparaissent \u00e0 travers le pays sur la place de l\u2019\u00eatre humain dans l\u2019exp\u00e9rimentation en m\u00e9decine et en biologie. Le consentement formel des sujets humains lors des exp\u00e9rimentations, les Institutionnal Review Board sont alors pens\u00e9s comme des garde-fous face aux pratiques de m\u00e9decins chercheurs [\u2026].Paradoxalement, c\u2019est ce nouveau type de relation \u201cinform\u00e9e\u201d adopt\u00e9e dans le cadre de la recherche qui va servir de mod\u00e8le \u00e0 la relation th\u00e9rapeutique<sup class=\"appel\" data-toggle=\"modal\" data-target=\"#notes\">(6)\u2009<\/sup>\u00bb. C\u2019est donc la tentative d\u2019abandon d\u2019une m\u00e9decine paternaliste hippocratique pour une m\u00e9decine autonomiste.<\/span><\/li>\n<\/ul>\n<p class=\"p6\"><span class=\"s4\">Parall\u00e8lement, depuis les ann\u00e9es 1960, \u00e9merge le mouvement moderne des soins palliatifs, inquiet, comme le r\u00e9sume le Dr\u202fMarie-Sylvie Richard<sup class=\"appel\" data-toggle=\"modal\" data-target=\"#notes\">(7)<\/sup>\u2009: les progr\u00e8s de la m\u00e9decine sont \u00e0 la fois extraordinaires et pr\u00e9occupants. Conscients d\u2019une m\u00e9decine non humaniste, de nombreux m\u00e9decins, tel le Dr\u00a0Th\u00e9r\u00e8se Vanier en 1976, ont propos\u00e9 une alternative dans \u00ab\u2009tout ce qu\u2019il reste \u00e0 faire quand il n\u2019y a plus rien \u00e0 faire\u2009\u00bb<sup class=\"appel\" data-toggle=\"modal\" data-target=\"#notes\">(8)<\/sup>. Le mouvement des soins palliatifs s\u2019inscrit clairement comme une alternative entre acharnement th\u00e9rapeutique et euthanasie, qui sont en fait l\u2019un comme l\u2019autre un refus d\u2019une mort naturelle. En France, les lois r\u00e9centes sur la fin de vie, dites \u00ab\u2009Leonetti\u2009\u00bb et \u00ab\u2009Claeys-Leonetti\u2009\u00bb, essaient de r\u00e9pondre \u00e0 cette probl\u00e9matique<sup class=\"appel\" data-toggle=\"modal\" data-target=\"#notes\">(9)<\/sup>. Cela dit, il reste les m\u00eames contradictions que d\u2019antan, entre paternalisme et autonomie, acharnement th\u00e9rapeutique et euthanasie, pourvoyeuses de conflits de valeurs et de m\u00e9diatisation. L\u2019une des r\u00e9ponses propos\u00e9e ces derni\u00e8res d\u00e9cennies est la d\u00e9marche \u00e9thique.<\/span><\/p>\n<h1 class=\"p7\">Les unit\u00e9s de soins palliatifs<\/h1>\n<p class=\"p6\"><span class=\"s5\">Pour mieux comprendre cette dyna<\/span><span class=\"s4\">mique, nous centrons notre travail sur les unit\u00e9s de soins palliatifs (USP). Ces lieux sont dits \u00ab\u2009pr\u00e9dispos\u00e9s\u2009\u00bb aux d\u00e9marches \u00e9thiques coll\u00e9giales pour faire face \u00e0 certaines questions morales contradictoires concernant la fin de vie. Nous essayons d\u2019interpr\u00e9ter les prises de position des acteurs impliqu\u00e9s dans une d\u00e9marche \u00e9thique comme autant d\u2019ajustements et d\u2019adaptations face \u00e0 une situation de grande tension morale telle que le moment o\u00f9 il s\u2019agit de limiter ou d\u2019arr\u00eater un traitement d\u2019un proche pour les uns, d\u2019une personne qu\u2019on s\u2019est engag\u00e9 \u00e0 \u00ab\u2009soigner\u2009\u00bb pour les autres. Nous nous appuyons pour cela \u00e0 la fois sur des observations de terrain et sur les outils mis \u00e0 notre disposition par l\u2019interactionnisme symbolique et les travaux de Goffman<sup class=\"appel\" data-toggle=\"modal\" data-target=\"#notes\">(10)<\/sup>.<\/span><\/p>\n<p class=\"p6\"><span class=\"s4\">Infirmi\u00e8re en unit\u00e9 de soins palliatifs pendant sept ans, il nous est arriv\u00e9 d\u2019intervenir lors d\u2019un conflit de valeurs sur une prise en soin. Nous utilisions pour cela un outil d\u2019aide \u00e0 la d\u00e9cision<sup class=\"appel\" data-toggle=\"modal\" data-target=\"#notes\">(11)<\/sup>, s\u2019appuyant sur la d\u00e9marche \u00e9thique coll\u00e9giale en \u00e9quipe pluridisciplinaire.<\/span><\/p>\n<p class=\"p6\"><span class=\"s4\">Aujourd\u2019hui, <i>a posteriori<\/i>, comment s\u2019inscrit cette d\u00e9marche dans la relation entre les diff\u00e9rents acteurs\u2009? Quels sont les enjeux de cette m\u00e9thode \u00e9thique clinique\u2009? Quel est le v\u00e9cu des acteurs d\u2019une unit\u00e9 de soins palliatifs\u2009? Comment vivent-ils, de leur point de vue \u00e0 eux, la confrontation avec l\u2019angoisse de la mort\u2009? Comment parviennent-ils <\/span>\u00e0 l\u2019interpr\u00e9ter\u2009? \u00c0 quels difficult\u00e9s et <span class=\"s4\">obstacles se heurtent-ils\u2009? Quelles sont leurs ressources\u2009? Comment de ce qu\u2019ils vivent, parfois avec conflit, un consensus est-il possible\u2009? Qu\u2019y a-t-il de commun dans les USP qui permet d\u2019associer un bien-\u00eatre des patients, des familles et des \u00e9quipes\u2009? Dans quelles circonstances ne peut-il y avoir consensus\u2009? Finalement, d\u2019o\u00f9 naissent les conflits de valeurs et le besoin d\u2019une d\u00e9marche \u00e9thique clinique\u2009?<\/span><\/p>\n<p class=\"p6\"><span class=\"s4\">Nos lectures, crois\u00e9es \u00e0 l\u2019analyse de nos premiers entretiens de terrain, permettent de poser la probl\u00e9matique suivante\u2009: en quoi, dans une USP, la d\u00e9marche \u00e9thique tente d\u2019harmoniser la perception du temps et de la dur\u00e9e des diff\u00e9rents acteurs tout en respectant l\u2019unicit\u00e9 du malade\u2009?<\/span><\/p>\n<p class=\"p6\"><span class=\"s4\">Pour tenter de comprendre et d\u2019\u00eatre au plus juste de l\u2019analyse de la r\u00e9alit\u00e9, nous soumettons plusieurs hypoth\u00e8ses retenues comme r\u00e9ponses provisoires \u00e0 notre question de recherche. Autrement dit, la d\u00e9marche \u00e9thique est un terrain sur lequel se croisent et s\u2019articulent les d\u00e9calages de perceptions de dur\u00e9e et de temps des diff\u00e9rents acteurs, en fonction de leurs r\u00f4les et de leurs positions\u2009:<\/span><\/p>\n<ul>\n<li class=\"p6\"><span class=\"s6\">pour les malades<\/span><span class=\"s4\">, elle permet de les accompagner dans leur unicit\u00e9 au plus pr\u00e8s de leur d\u00e9sir double\u2009: conna\u00eetre la v\u00e9rit\u00e9, mais jusqu\u2019o\u00f9\u2009?, et maintenir dans le temps et la dur\u00e9e un espoir adapt\u00e9\u2009;<\/span><\/li>\n<li class=\"p6\"><span class=\"s6\">pour les familles et les proches<\/span><span class=\"s4\">, \u00e0 travers les entretiens, elle permet d\u2019aborder les contradictions temporelles entre acharnement th\u00e9rapeutique, limitation et arr\u00eat de traitement, s\u00e9dation, euthanasie, et donc de contenir angoisse et agressivit\u00e9 et ainsi de participer \u00e0 la r\u00e9introduction du profane dans la d\u00e9cision m\u00e9dicale\u2009;<\/span><\/li>\n<li class=\"p6\"><span class=\"s6\">pour les soignants<\/span><span class=\"s4\">, elle permet de lutter contre une certaine routine face \u00e0 la mort, instaurant de nouvelles balises temporelles entre exigences institutionnelles, l\u00e9gislatives et soin id\u00e9al.<\/span><\/li>\n<\/ul>\n<blockquote><p><span class=\"s1\">Le besoin d\u2019une aide rapide au lit du patient montre la limite de l\u2019intervention des experts \u00e9thiciens en temps r\u00e9el. Cette exigence doit conduire \u00e0 la formation des soignants sur le terrain.<\/span><span class=\"s2\">\u00a0<\/span><\/p><\/blockquote>\n<h1 class=\"p7\">M\u00e9thodologie<\/h1>\n<h2 class=\"p8\">ou \u00e9tude de la voie qui m\u00e8ne quelque part\u2026<\/h2>\n<p class=\"p6\"><span class=\"s4\">L\u2019enqu\u00eate de terrain permet d\u2019aller \u00e0 la rencontre de l\u2019autre. Nous cherchons ici \u00e0 mettre en perspective la dynamique des relations au sein d\u2019un service de soins palliatifs et \u00e0 \u00e9clairer le sens que les acteurs donnent \u00e0 leurs actes.<\/span><\/p>\n<p class=\"p6\"><span class=\"s4\">Nous choisissons comme lieux d\u2019enqu\u00eate deux unit\u00e9s de soins palliatifs (USP), r\u00e9parties sur deux h\u00f4pitaux publics diff\u00e9rents. Dans l\u2019une, que nous connaissons, nous rencontrons patients et familles. Dans l\u2019autre, nous rencontrons des soignants. Sur une p\u00e9riode de quatre mois, nous r\u00e9alisons trois\u00a0entretiens exploratoires (patiente, famille, aide-soignante) et huit d\u00e9finitifs (deux patients, deux familles, deux m\u00e9decins, une infirmi\u00e8re et une cadre de sant\u00e9), ce qui repr\u00e9sente une cinquantaine d\u2019heures pour cent pages de retranscription. <\/span><\/p>\n<p class=\"p6\"><span class=\"s4\">Nous commen\u00e7ons cette exploration par ce qui nous para\u00eet le plus d\u00e9licat et le plus difficile \u00e0 envisager\u2009: interroger patient en fin de vie et famille. Malgr\u00e9 notre exp\u00e9rience, s\u2019entretenir et soutenir le regard d\u2019une personne en fin de vie proche, sans la blouse blanche, nous semble d\u00e9plac\u00e9. Nous sommes d\u2019embl\u00e9e confront\u00e9e \u00e0 ce que nomme Merleau-Ponty le \u00ab\u2009visible\u2009\u00bb, objet, et le \u00ab\u2009voyant\u2009\u00bb, sujet\u2009: \u00ab\u2009L\u2019\u00e9nigme tient en ceci que mon corps est \u00e0 la fois voyant et visible<sup class=\"appel\" data-toggle=\"modal\" data-target=\"#notes\">(12)\u2009<\/sup>.\u2009\u00bb <\/span><\/p>\n<p class=\"p6\"><span class=\"s4\">Nos grilles d\u2019entretien se composent d\u2019un socle commun de questions, structur\u00e9 par th\u00e8mes. Ces entretiens semi-directifs durent environ une heure. Nos questions sont globalement pos\u00e9es de mani\u00e8re ouverte, non inductive, pour offrir aux interview\u00e9s la souplesse de s\u2019exprimer librement et favoriser l\u2019\u00e9quilibre entre questions pr\u00e9d\u00e9finies et respect des interactions. Ce guide est modul\u00e9 en fonction des acteurs rencontr\u00e9s, mais la progression des th\u00e8mes abord\u00e9s est la m\u00eame, afin de croiser finement leurs propos dans l\u2019analyse du travail. <\/span><\/p>\n<p class=\"p6\"><span class=\"s4\">Ces entretiens ont \u00e9t\u00e9 enregistr\u00e9s avec information des participants. Nous les avons retranscrits int\u00e9gralement et litt\u00e9ralement peu de temps apr\u00e8s leur d\u00e9roulement, afin de garder \u00e0 l\u2019esprit le contexte de leur \u00e9nonciation et nos ressentis. Puis, comme convenu, nous les avons supprim\u00e9s. <\/span><\/p>\n<p class=\"p6\"><span class=\"s4\">Notre principal \u00e9cueil a \u00e9t\u00e9 de rester \u00e0 distance de notre position et d\u2019exp\u00e9rience de soignante. C\u2019est-\u00e0-dire nous emp\u00eacher de contenir, de r\u00e9conforter patient et famille, tel que nous l\u2019aurions fait dans notre accompagnement professionnel. Nous ne sommes pas certaine que notre non-verbal ait toujours \u00e9t\u00e9 \u00e0 la hauteur\u2009: \u00ab\u2009Essayer de savoir ce que l\u2019on fait, lorsqu\u2019on instaure une relation d\u2019entretien, c\u2019est d\u2019abord tenter de conna\u00eetre les effets que l\u2019on peut produire sans le savoir par cette sorte d\u2019intrusion toujours un peu arbitraire qui est au principe de l\u2019\u00e9change<sup class=\"appel\" data-toggle=\"modal\" data-target=\"#notes\">(13)<\/sup>.\u2009\u00bb<\/span><\/p>\n<p class=\"p6\"><span class=\"s4\">\u00c0 l\u2019analyse, nous constatons aussi qu\u2019il a \u00e9t\u00e9 plus facile dans nos entretiens avec les soignants de suivre l\u2019ordre des questions de notre guide et de les recentrer que dans les entretiens avec les patients et familles, avec lesquels nous avons davantage \u00ab\u2009surf\u00e9\u2009\u00bb sur le rythme des \u00e9changes.<\/span><\/p>\n<p class=\"p6\"><span class=\"s4\">Le fait de retranscrire ces propos \u00e0 l\u2019\u00e9crit rend certaines \u00e9motions et certains t\u00e9moignages plus pesants qu\u2019\u00e0 l\u2019oral. Tout se passe comme si la \u00ab\u2009neutralit\u00e9 axiologique<sup class=\"appel\" data-toggle=\"modal\" data-target=\"#notes\">(14)<\/sup>\u2009\u00bb pendant les entretiens s\u2019effrite lors de la retranscription, avec l\u2019\u00e9mergence d\u2019une responsabilit\u00e9 au sens o\u00f9 l\u2019emploie Emmanuel Levinas\u2009: \u00ab\u2009Avec Autrui, la relation n\u2019est pas seulement une relation de pur regard, de pure connaissance, de pur savoir. D\u2019embl\u00e9e il s\u2019agit d\u2019une responsabilit\u00e9.<sup class=\"appel\" data-toggle=\"modal\" data-target=\"#notes\">(15)<\/sup> \u00bb Nous nous sentons \u00e0 la fois responsable de laisser une \u00ab\u2009trace\u2009\u00bb anonyme en effa\u00e7ant les enregistrements et responsable de la confiance que l\u2019on nous a t\u00e9moign\u00e9e avec l\u2019id\u00e9e d\u2019en faire quelque chose. La temporalit\u00e9 n\u2019est pas la m\u00eame entre l\u2019exercice du recueil et la retranscription. <i>Verba volant, scripta manent<\/i>\u2009: les paroles s\u2019envolent, les \u00e9crits restent.<\/span><\/p>\n<p class=\"p6\"><span class=\"s4\">Pour explorer les hypoth\u00e8ses, nous avons crois\u00e9 les t\u00e9moignages avec des grilles de compr\u00e9hension de sociologie.<\/span><\/p>\n<p class=\"p6\"><span class=\"s4\">Dans ce cadre, nous proposons une d\u00e9finition de la d\u00e9marche \u00e9thique clinique et les quatre m\u00e9thodes de d\u00e9lib\u00e9ration \u00e9thique existantes. En France, c\u2019est la m\u00e9thode de Nim\u00e8gue, d\u00e9velopp\u00e9e dans les ann\u00e9es 1990, qui nous int\u00e9resse, puisque son objectif est de structurer les conf\u00e9rences d\u2019\u00e9quipes multidisciplinaires dans des situations de prises de d\u00e9cision toujours tourn\u00e9es vers l\u2019avenir et d\u2019impliquer le personnel soignant en \u00e9tant au pied du lit et non \u00e0 distance du malade.<\/span><\/p>\n<button data-toggle=\"collapse\" data-target=\"#enc_2020_240_01\">Tableau<\/button><div id=\"enc_2020_240_01\" class=\"encadre collapse\"><p class=\"p1\"><span class=\"surtitre_enc\">Tableau<\/span><\/p>\n<h2 class=\"p2\">R\u00e9capitulatif des quatre m\u00e9thodes internationales<\/h2>\n<p><img decoding=\"async\" class=\"alignnone size-full wp-image-41613\" src=\"https:\/\/gestions-hospitalieres.fr\/wp-content\/uploads\/2020\/05\/Capture-d\u2019e\u0301cran-2020-05-13-a\u0300-16.38.20.png\" alt=\"\" width=\"1836\" height=\"874\" srcset=\"https:\/\/www.ricom-web8.com\/gestions\/wp-content\/uploads\/2020\/05\/Capture-d\u2019e\u0301cran-2020-05-13-a\u0300-16.38.20.png 1836w, https:\/\/www.ricom-web8.com\/gestions\/wp-content\/uploads\/2020\/05\/Capture-d\u2019e\u0301cran-2020-05-13-a\u0300-16.38.20-300x143.png 300w, https:\/\/www.ricom-web8.com\/gestions\/wp-content\/uploads\/2020\/05\/Capture-d\u2019e\u0301cran-2020-05-13-a\u0300-16.38.20-1024x487.png 1024w, https:\/\/www.ricom-web8.com\/gestions\/wp-content\/uploads\/2020\/05\/Capture-d\u2019e\u0301cran-2020-05-13-a\u0300-16.38.20-768x366.png 768w, https:\/\/www.ricom-web8.com\/gestions\/wp-content\/uploads\/2020\/05\/Capture-d\u2019e\u0301cran-2020-05-13-a\u0300-16.38.20-1536x731.png 1536w\" sizes=\"(max-width: 1836px) 100vw, 1836px\" \/><\/p>\n<\/div>\n<h1 class=\"p7\">Discussion<\/h1>\n<p class=\"p6\">L\u2019un de nos premiers \u00e9tonnements est l\u2019\u00e9mergence des notions bergsoniennes de temps et de dur\u00e9e chez tous les acteurs, souvent nomm\u00e9es \u00ab\u2009temps quantitatif\u2009\u00bb et \u00ab\u2009temps qualitatif\u2009\u00bb, ainsi que la notion d\u2019unicit\u00e9 et de routine. Ce temps v\u00e9cu diff\u00e9remment pourrait faire craindre une dysrythmie n\u00e9faste pour les uns et les autres. Pourtant, m\u00eame s\u2019il existe des tensions \u00e9motionnelles face au tragique de la mort, le croisement des regards des acteurs d\u00e9gage une atmosph\u00e8re paisible. Aussi, m\u00eame si la d\u00e9marche \u00e9thique en tant qu\u2019instrument est critiquable, elle a un impact positif sur les patients, les familles et les soignants.<\/p>\n<p class=\"p6\"><span class=\"s2\">Le patient en USP va mourir. Et il va mettre des strat\u00e9gies en place pour s\u2019extraire de ce temps m\u00e9canique, cruel, implacable, et donner de la qualit\u00e9 \u00e0 la dur\u00e9e. Des strat\u00e9gies qui se traduisent par l\u2019ambivalence de conna\u00eetre la v\u00e9rit\u00e9 \u2013 savoir, oui, mais jusqu\u2019o\u00f9\u2009? \u2013 et de maintenir un espoir adapt\u00e9. Cela pose la question de l\u2019\u00e9quilibre entre une approche paternaliste <\/span><span class=\"s4\">hippocratique et les autonomies kantiennes ou utilitaristes anglo-saxonnes, parfois jusqu\u2019au-boutisme. Cette difficult\u00e9 de mettre le curseur au bon endroit entra\u00eene des conflits de valeurs (faut-il lui dire\u2009? tout dire\u2009? ne pas dire\u2009? jusqu\u2019o\u00f9\u2009?), et donc l\u2019utilit\u00e9 de la d\u00e9marche \u00e9thique.<\/span><\/p>\n<p class=\"p9\"><span class=\"s4\"><i>\u00ab\u2009J\u2019ai les r\u00e9ponses, vous savez, mais j\u2019aimerais que quelqu\u2019un ait le courage de me les donner. [\u2026] J\u2019ai confiance dans les m\u00e9decins. D\u2019abord, ce sont des professionnels, [\u2026] jamais ils ne feront de gaffes et tourner des rumeurs comme quoi c\u2019est fini. M\u00eame si \u00e7a l\u2019est.\u2009\u00bb (entretien\u00a03, Jeanne, patiente)<\/i><\/span><\/p>\n<p class=\"p6\"><span class=\"s4\">La d\u00e9cision aura un impact sur la gestion que le patient se fait de sa dur\u00e9e, au sens bergsonien du terme. Il essaie d\u2019\u00eatre ma\u00eetre du temps. Proches et soignants vont, dans la mesure du possible, essayer d\u2019aller \u00e0 son rythme.<\/span><\/p>\n<p class=\"p9\"><span class=\"s4\"><i>\u00ab\u2009L\u2019absence d\u2019hydratation ou d\u2019alimentation, \u00e7a, je suis plut\u00f4t contre pour ma femme\u2026 L\u2019eau et la nourriture, c\u2019est quand m\u00eame ce qui nous rattache \u00e0 la vie [\u2026]. Par contre, si elle devient un l\u00e9gume [\u2026], je ne veux pas que \u00e7a dure [\u2026].\u2009\u00bb (entretien\u00a06, \u00c9ric, famille)<\/i><\/span><\/p>\n<p class=\"p6\"><span class=\"s4\">Les familles sont d\u00e9sempar\u00e9es et culpabilis\u00e9es. Elles passent par deux phases\u2009: une premi\u00e8re o\u00f9 elles sont plut\u00f4t dans l\u2019acharnement th\u00e9rapeutique, avec le maintien de l\u2019alimentation et de l\u2019hydratation, une seconde o\u00f9 la situation devient insoutenable, o\u00f9 elles consid\u00e8rent que cette vie n\u2019a plus de sens. Ces m\u00eames familles demandent presque une acc\u00e9l\u00e9ration de ce temps.<\/span><\/p>\n<p class=\"p6\"><span class=\"s4\"><i>In fine<\/i>, elles passent de demandes d\u2019acharnement th\u00e9rapeutique \u00e0 des demandes d\u2019euthanasie. Ces deux positions signent le m\u00eame refus de la mort venant naturellement. Et sur cette mort \u00ab\u2009naturelle\u2009\u00bb, lorsqu\u2019ils parviennent \u00e0 se poser la question, le \u00ab\u2009combien de temps encore\u2009?\u2009\u00bb revient en boucle.<\/span><\/p>\n<p class=\"p6\">D\u2019o\u00f9 la n\u00e9cessit\u00e9 des entretiens familiaux pour identifier ces deux temporalit\u00e9s. La d\u00e9marche \u00e9thique permet un consensus dans l\u2019\u00e9quipe sur ces conflits de valeurs, d\u2019\u00eatre au clair sur les strat\u00e9gies, de retrouver de l\u2019harmonie entre ces deux positionnements. Au-del\u00e0 des notions de dignit\u00e9 et des balises \u00e9thiques que nous connaissons, ce sont vraiment cet ajustement entre autonomie et paternalisme et cette implication du profane dans les d\u00e9cisions qui nous marquent.<\/p>\n<p class=\"p9\"><span class=\"s4\"><i>\u00ab\u2009Il y a une grande solidarit\u00e9 parce que, effectivement, les uns et les autres ne sont pas l\u00e0 par hasard. Et puis \u00e7a reste un service comme un autre, avec des probl\u00e8mes de pouvoirs, des coups de gueule, o\u00f9 il y a de la mesquinerie\u2026enfin voil\u00e0\u2026 On n\u2019est pas au paradis. Tous ces \u00e9l\u00e9ments existent, mais avec un socle commun qui nous unit.\u2009\u00bb (entretien\u00a01, Pierre, m\u00e9decin).<\/i><\/span><\/p>\n<p class=\"p6\"><span class=\"s4\">Pour les soignants\u2009: \u00e0 la lumi\u00e8re de Christophe Dejours<sup class=\"appel\" data-toggle=\"modal\" data-target=\"#notes\">(16)<\/sup> et d\u2019\u00c9mile Durkheim, la d\u00e9marche \u00e9thique s\u2019inscrit dans le \u00ab\u2009faire-\u00e9quipe\u2009\u00bb quotidien, autour de la reconnaissance, du sens du soin, de la confiance et de la solidarit\u00e9. Elle vise \u00e0 d\u00e9passer le simple niveau du ressenti (voire du ressentiment) pour tenter d\u2019acc\u00e9der au stade de l\u2019analyse distanci\u00e9e, de la conceptualisation et de la mise en perspective. Si nous \u00e9tions capables d\u2019optimiser nos strat\u00e9gies, nous serions aptes en un temps T \u00e0 avoir une vision synoptique, c\u2019est-\u00e0-dire tous les choix possibles en une fois. Pour chaque choix, nous pourrions l\u2019estimer et le hi\u00e9rarchiser. Mais en pratique, nous ne pouvons le faire\u2009: nous sommes limit\u00e9s par le temps, les contraintes organisationnelles, le cadre l\u00e9gislatif, la non-disponibilit\u00e9 des informations, l\u2019absence de neutralit\u00e9 de celles-ci, nos propres capacit\u00e9s intellectuelles\u2026 Or, la d\u00e9marche \u00e9thique s\u2019inscrit dans un espace-temps urgent ou non. L\u2019interdisciplinarit\u00e9 qu\u2019elle impose s\u2019affiche comme un compromis pour les soignants. Elle tente d\u2019harmoniser au mieux toutes ces limites. <\/span><\/p>\n<p class=\"p6\"><span class=\"s4\">Toutefois, la notion de routine inscrite dans cette premi\u00e8re assomption n\u00e9cessite une reformulation. En effet, \u00e0 travers nos recherches et les t\u00e9moignages, nous mesurons \u00e0 quel point ce concept est discut\u00e9, tant\u00f4t positivement, tant\u00f4t n\u00e9gativement. L\u2019approche de Diderot est pour nous une d\u00e9couverte puisque nous n\u2019avions, de la routine, qu\u2019une id\u00e9e p\u00e9jorative, entre r\u00e9p\u00e9tition, lassitude ou monotonie.<\/span><\/p>\n<p class=\"p6\"><span class=\"s4\">Or, la routine donne du savoir-faire et lib\u00e8re du temps pour d\u00e9velopper le savoir-\u00eatre, sous-entendu la r\u00e9flexion.<\/span><\/p>\n<p class=\"p6\"><span class=\"s4\">Les trois acteurs sont dans des \u00ab\u2009timings\u2009\u00bb diff\u00e9rents pris dans des exigences institutionnelles (T2A, DMS). \u00c0 l\u2019inverse du th\u00e9\u00e2tre classique, force est de constater qu\u2019il n\u2019y a pas d\u2019unicit\u00e9 de temps. La d\u00e9marche \u00e9thique va tendre \u00e0 redonner de la justesse.<\/span><\/p>\n<p class=\"p6\"><span class=\"s4\">Derri\u00e8re cet outil de la d\u00e9marche \u00e9thique, nous avons pu aussi identifier quelques enjeux de pouvoir\u2009:<\/span><\/p>\n<ul>\n<li class=\"p6\"><span class=\"s4\">le pouvoir m\u00e9dical, par le fait m\u00eame de la prise de d\u00e9cision mono-disciplinaire\u2009;<\/span><\/li>\n<li class=\"p6\"><span class=\"s4\">le pouvoir de transgression parfois\u2009;<\/span><\/li>\n<li class=\"p6\"><span class=\"s4\">le pouvoir de parler de la mort elle-m\u00eame\u2009: s\u2019arroger du droit de d\u00e9battre, de discuter des limites possibles alors que la mort est un tabou dans notre soci\u00e9t\u00e9.<\/span><\/li>\n<\/ul>\n<p class=\"p6\"><span class=\"s4\">Ce que nous retenons, c\u2019est que ce processus est d\u2019abord un acte langagier avant d\u2019\u00eatre un acte concret, avec une dimension individuelle et une dimension collective. Si nous nous permettons une auto-analyse de cette m\u00e9thode de recherche, nous avouerons que le sujet choisi est complexe. Nous \u00e9tions assez optimiste sur la mise en place de la d\u00e9marche \u00e9thique par la cadre de sant\u00e9, dans un service n\u2019en ayant pas la pratique. Nous nous rendons compte que la d\u00e9marche \u00e9thique ne peut \u00eatre instaur\u00e9e qu\u2019avec une pratique approfondie de l\u2019\u00e9thique clinique, dite \u00ab\u2009\u00e9thique du quotidien\u2009\u00bb.<\/span><\/p>\n<p class=\"p6\"><span class=\"s4\">La d\u00e9marche \u00e9thique s\u2019inscrit dans une volont\u00e9 individuelle, dans une volont\u00e9 d\u2019\u00e9quipe et dans une volont\u00e9 institutionnelle. Ainsi nourrie par une r\u00e9flexion \u00e9thique du quotidien, elle enrichira \u00e0 son tour la vie d\u2019\u00e9quipe.<\/span><\/p>\n<p class=\"p6\"><span class=\"s4\">Ce travail nous a permis d\u2019analyser nos sept ans de pratique de la d\u00e9marche \u00e9thique\u2009: des valeurs aux normes, du paternalisme \u00e0 l\u2019autonomie, de l\u2019unicit\u00e9 \u00e0 la routine, du temps \u00e0 la dur\u00e9e. Pour zoomer sur le m\u00e9tier de cadre de sant\u00e9<sup class=\"appel\" data-toggle=\"modal\" data-target=\"#notes\">(17)<\/sup>, compte tenu de notre exp\u00e9rience acquise par cette initiation \u00e0 la recherche, nous comprenons\u2009:<\/span><\/p>\n<ul>\n<li class=\"p6\"><span class=\"s4\">que le cadre de proximit\u00e9 reste dans une temporalit\u00e9 diff\u00e9rente de celle de l\u2019\u00e9quipe soignante\u2009;<\/span><\/li>\n<li class=\"p6\"><span class=\"s4\">qu\u2019avancer parfois dans le flou peut \u00eatre une force\u2009;<\/span><\/li>\n<li class=\"p6\"><span class=\"s4\">que l\u2019approche semi-directive des entretiens am\u00e8ne la conscience des biais possibles d\u2019une situation\u2009; <\/span><\/li>\n<li class=\"p6\"><span class=\"s4\">que l\u2019approche goffmanienne de la \u00ab\u2009sc\u00e8ne de th\u00e9\u00e2tre\u2009\u00bb est utile pour \u00e9viter l\u2019instrumentalisation et permet distance et hauteur\u2009;<\/span><\/li>\n<li class=\"p6\"><span class=\"s4\">que m\u00eame dans des situations dites \u00ab\u2009banales\u2009\u00bb se jouent souvent des enjeux de pouvoir.<\/span><\/li>\n<\/ul>\n<p class=\"p6\"><span class=\"s4\">Le soutien du cadre de sant\u00e9 dans les projets de recherche infirmi\u00e8re est primordial. Il am\u00e8ne l\u2019\u00e9quipe \u00e0 \u00eatre toujours plus cr\u00e9atrice et responsable en insistant sur la reconnaissance, le sens et la solidarit\u00e9.<\/span><\/p>\n<h1 class=\"p7\">Conclusion<\/h1>\n<p class=\"p6\"><span class=\"s4\">La m\u00e9decine moderne, m\u00eame hyper-performante, ne m\u00e8ne pas obligatoirement \u00e0 la gu\u00e9rison. Les progr\u00e8s m\u00e9dicaux ont cr\u00e9\u00e9 des situations in\u00e9dites, effa\u00e7ant les fronti\u00e8res \u00ab\u2009naturelles\u2009\u00bb de la vie et de la mort. Les d\u00e9rives \u00e0 certaines p\u00e9riodes et dans certains contextes ont conduit \u00e0 la bio\u00e9thique, impos\u00e9e \u00e0 Nuremberg en 1947. Parall\u00e8lement, sur fond de mort compl\u00e8tement refoul\u00e9 au niveau soci\u00e9tal, nous assistons progressivement \u00e0 une r\u00e9introduction du profane dans la sph\u00e8re m\u00e9dicale, en particulier du sujet malade r\u00e9clamant une autonomie face \u00e0 son \u00ab\u2009exclusion par le regard objectivant de la clinique<sup class=\"appel\" data-toggle=\"modal\" data-target=\"#notes\">(18)<\/sup>\u2009\u00bb. De cette constatation naissent des conflits de valeurs. Dans les services d\u2019USP \u00e9tudi\u00e9s ici, la confrontation avec la fin de vie entra\u00eene souvent des d\u00e9cisions difficiles \u00e0 prendre, et la d\u00e9marche \u00e9thique se r\u00e9v\u00e8le une aide efficace.<\/span><\/p>\n<p class=\"p6\">Notre \u00e9tude qualitative, avec une approche sociologique, a permis d\u2019analyser cet outil sp\u00e9cifique en entrant \u00ab\u2009directement en rapport avec les faits [et en acqu\u00e9rant] \u00e0 leur contact le sentiment de leur diversit\u00e9 et de leurs sp\u00e9cificit\u00e9s, afin de diversifier les probl\u00e8mes eux-m\u00eames<sup class=\"appel\" data-toggle=\"modal\" data-target=\"#notes\">(19)<\/sup>\u2009\u00bb. Cette d\u00e9marche, avec ses limites, ne peut fonctionner que si elle s\u2019inscrit dans une \u00e9thique clinique au quotidien qui permet de penser le soin.<\/p>\n<p class=\"p6\">L\u2019h\u00f4pital, entendu comme institution juste, ne peut rester \u00e0 l\u2019\u00e9cart de cette pr\u00e9occupation. L\u2019une des r\u00e9ponses a \u00e9t\u00e9 la cr\u00e9ation de consultations\/comit\u00e9s d\u2019\u00e9thique qui apportent une aide pr\u00e9cieuse dans la prise de d\u00e9cision complexe. Mais le besoin d\u2019une aide rapide au lit du patient montre la limite de l\u2019intervention des experts \u00e9thiciens en temps r\u00e9el. Cette exigence doit conduire \u00e0 la formation des soignants sur le terrain. Sinon, le risque ne serait-il pas de conforter le m\u00e9decin comme un expert de la clinique et de laisser les probl\u00e8mes \u00e9thiques \u00e0 des \u00ab\u2009experts\u2009\u00bb de l\u2019\u00e9thique\u2009?<\/p>\n<script>function PlayerjsAsync(){} if(window[\"Playerjs\"]){PlayerjsAsync();}<\/script>","protected":false},"excerpt":{"rendered":"<p>\u00ab La m\u00e8re selon la chair r\u00e9clamait l\u2019enfant. La m\u00e8re qui l\u2019avait nourri paraissait devant le tribunal. Qui tranchera le cas\u2009? \u00c0 qui sera donn\u00e9 l\u2019enfant\u2009? Chauva prend un morceau de craie et trace un cercle sur le sol [\u2026] Plaignante et accus\u00e9e se placent \u00e0 c\u00f4t\u00e9 du cercle. \u201cPrenez l\u2019enfant par la main. La vraie m\u00e8re aura la force d\u2019attirer l\u2019enfant hors du cercle\u201d.(2)\u2009\u00bb Reprenant dans ses grandes lignes&hellip; <\/p>\n","protected":false},"author":23133,"featured_media":0,"comment_status":"open","ping_status":"closed","sticky":false,"template":"","format":"standard","meta":{"_acf_changed":false,"_relevanssi_hide_post":"","_relevanssi_hide_content":"","_relevanssi_pin_for_all":"","_relevanssi_pin_keywords":"","_relevanssi_unpin_keywords":"","_relevanssi_related_keywords":"","_relevanssi_related_include_ids":"","_relevanssi_related_exclude_ids":"","_relevanssi_related_no_append":"","_relevanssi_related_not_related":"","_relevanssi_related_posts":"","_relevanssi_noindex_reason":"","footnotes":""},"categories":[2,72],"tags":[7912,77,1020,448,345,7913,7914,447,7915],"class_list":["post-41611","post","type-post","status-publish","format-standard","hentry","category-gestions-hospitalieres","category-reflexion","tag-acharnement-therapeutique","tag-autonomie","tag-demarche-ethique","tag-euthanasie","tag-paternalisme","tag-routine","tag-sedation","tag-soins-palliatifs","tag-temporalite"],"acf":[],"yoast_head":"<!-- This site is optimized with the Yoast SEO plugin v24.8.1 - https:\/\/yoast.com\/wordpress\/plugins\/seo\/ -->\n<title>La d\u00e9marche \u00e9thique clinique en unit\u00e9 de soins palliatifs - Gestions hospitali\u00e8res<\/title>\n<meta name=\"robots\" content=\"index, follow, max-snippet:-1, max-image-preview:large, max-video-preview:-1\" \/>\n<link rel=\"canonical\" href=\"https:\/\/www.ricom-web8.com\/gestions\/la-demarche-ethique-clinique-en-unite-de-soins-palliatifs\/\" \/>\n<meta property=\"og:locale\" content=\"fr_FR\" \/>\n<meta property=\"og:type\" content=\"article\" \/>\n<meta property=\"og:title\" content=\"La d\u00e9marche \u00e9thique clinique en unit\u00e9 de soins palliatifs - Gestions hospitali\u00e8res\" \/>\n<meta property=\"og:description\" content=\"\u00ab La m\u00e8re selon la chair r\u00e9clamait l\u2019enfant. La m\u00e8re qui l\u2019avait nourri paraissait devant le tribunal. Qui tranchera le cas\u2009? \u00c0 qui sera donn\u00e9 l\u2019enfant\u2009? Chauva prend un morceau de craie et trace un cercle sur le sol [\u2026] Plaignante et accus\u00e9e se placent \u00e0 c\u00f4t\u00e9 du cercle. \u201cPrenez l\u2019enfant par la main. La vraie m\u00e8re aura la force d\u2019attirer l\u2019enfant hors du cercle\u201d.(2)\u2009\u00bb Reprenant dans ses grandes lignes&hellip;\" \/>\n<meta property=\"og:url\" content=\"https:\/\/www.ricom-web8.com\/gestions\/la-demarche-ethique-clinique-en-unite-de-soins-palliatifs\/\" \/>\n<meta property=\"og:site_name\" content=\"Gestions hospitali\u00e8res\" \/>\n<meta property=\"article:publisher\" content=\"https:\/\/www.facebook.com\/gestionshospitalieres\/\" \/>\n<meta property=\"article:published_time\" content=\"2020-04-01T14:14:18+00:00\" \/>\n<meta property=\"article:modified_time\" content=\"2020-07-21T13:34:37+00:00\" \/>\n<meta name=\"author\" content=\"Gestions hospitali\u00e8res\" \/>\n<meta name=\"twitter:card\" content=\"summary_large_image\" \/>\n<meta name=\"twitter:creator\" content=\"@revue_GH\" \/>\n<meta name=\"twitter:site\" content=\"@revue_GH\" \/>\n<meta name=\"twitter:label1\" content=\"\u00c9crit par\" \/>\n\t<meta name=\"twitter:data1\" content=\"Gestions hospitali\u00e8res\" \/>\n\t<meta name=\"twitter:label2\" content=\"Dur\u00e9e de lecture estim\u00e9e\" \/>\n\t<meta name=\"twitter:data2\" content=\"20 minutes\" \/>\n<script type=\"application\/ld+json\" class=\"yoast-schema-graph\">{\"@context\":\"https:\/\/schema.org\",\"@graph\":[{\"@type\":\"Article\",\"@id\":\"https:\/\/www.ricom-web8.com\/gestions\/la-demarche-ethique-clinique-en-unite-de-soins-palliatifs\/#article\",\"isPartOf\":{\"@id\":\"https:\/\/www.ricom-web8.com\/gestions\/la-demarche-ethique-clinique-en-unite-de-soins-palliatifs\/\"},\"author\":{\"name\":\"Gestions hospitali\u00e8res\",\"@id\":\"https:\/\/www.ricom-web8.com\/gestions\/#\/schema\/person\/3ba9fe913190dfe9507feb621e902c1f\"},\"headline\":\"La d\u00e9marche \u00e9thique clinique en unit\u00e9 de soins palliatifs\",\"datePublished\":\"2020-04-01T14:14:18+00:00\",\"dateModified\":\"2020-07-21T13:34:37+00:00\",\"mainEntityOfPage\":{\"@id\":\"https:\/\/www.ricom-web8.com\/gestions\/la-demarche-ethique-clinique-en-unite-de-soins-palliatifs\/\"},\"wordCount\":4039,\"commentCount\":0,\"publisher\":{\"@id\":\"https:\/\/www.ricom-web8.com\/gestions\/#organization\"},\"keywords\":[\"acharnement th\u00e9rapeutique\",\"autonomie\",\"d\u00e9marche \u00e9thique\",\"euthanasie\",\"paternalisme\",\"routine\",\"s\u00e9dation\",\"soins palliatifs\",\"temporalit\u00e9\"],\"articleSection\":[\"Gestions Hospitali\u00e8res\",\"r\u00e9flexion\"],\"inLanguage\":\"fr-FR\",\"potentialAction\":[{\"@type\":\"CommentAction\",\"name\":\"Comment\",\"target\":[\"https:\/\/www.ricom-web8.com\/gestions\/la-demarche-ethique-clinique-en-unite-de-soins-palliatifs\/#respond\"]}]},{\"@type\":\"WebPage\",\"@id\":\"https:\/\/www.ricom-web8.com\/gestions\/la-demarche-ethique-clinique-en-unite-de-soins-palliatifs\/\",\"url\":\"https:\/\/www.ricom-web8.com\/gestions\/la-demarche-ethique-clinique-en-unite-de-soins-palliatifs\/\",\"name\":\"La d\u00e9marche \u00e9thique clinique en unit\u00e9 de soins palliatifs - Gestions hospitali\u00e8res\",\"isPartOf\":{\"@id\":\"https:\/\/www.ricom-web8.com\/gestions\/#website\"},\"datePublished\":\"2020-04-01T14:14:18+00:00\",\"dateModified\":\"2020-07-21T13:34:37+00:00\",\"breadcrumb\":{\"@id\":\"https:\/\/www.ricom-web8.com\/gestions\/la-demarche-ethique-clinique-en-unite-de-soins-palliatifs\/#breadcrumb\"},\"inLanguage\":\"fr-FR\",\"potentialAction\":[{\"@type\":\"ReadAction\",\"target\":[\"https:\/\/www.ricom-web8.com\/gestions\/la-demarche-ethique-clinique-en-unite-de-soins-palliatifs\/\"]}]},{\"@type\":\"BreadcrumbList\",\"@id\":\"https:\/\/www.ricom-web8.com\/gestions\/la-demarche-ethique-clinique-en-unite-de-soins-palliatifs\/#breadcrumb\",\"itemListElement\":[{\"@type\":\"ListItem\",\"position\":1,\"name\":\"Accueil\",\"item\":\"https:\/\/www.ricom-web8.com\/gestions\/\"},{\"@type\":\"ListItem\",\"position\":2,\"name\":\"La d\u00e9marche \u00e9thique clinique en unit\u00e9 de soins palliatifs\"}]},{\"@type\":\"WebSite\",\"@id\":\"https:\/\/www.ricom-web8.com\/gestions\/#website\",\"url\":\"https:\/\/www.ricom-web8.com\/gestions\/\",\"name\":\"Gestions hospitali\u00e8res\",\"description\":\"la revue des d\u00e9cideurs hospitaliers\",\"publisher\":{\"@id\":\"https:\/\/www.ricom-web8.com\/gestions\/#organization\"},\"potentialAction\":[{\"@type\":\"SearchAction\",\"target\":{\"@type\":\"EntryPoint\",\"urlTemplate\":\"https:\/\/www.ricom-web8.com\/gestions\/?s={search_term_string}\"},\"query-input\":{\"@type\":\"PropertyValueSpecification\",\"valueRequired\":true,\"valueName\":\"search_term_string\"}}],\"inLanguage\":\"fr-FR\"},{\"@type\":\"Organization\",\"@id\":\"https:\/\/www.ricom-web8.com\/gestions\/#organization\",\"name\":\"Gestions hospitali\u00e8res\",\"url\":\"https:\/\/www.ricom-web8.com\/gestions\/\",\"logo\":{\"@type\":\"ImageObject\",\"inLanguage\":\"fr-FR\",\"@id\":\"https:\/\/www.ricom-web8.com\/gestions\/#\/schema\/logo\/image\/\",\"url\":\"https:\/\/gestions-hospitalieres.fr\/wp-content\/uploads\/2017\/02\/picto_Gif-GH-trans.png\",\"contentUrl\":\"https:\/\/gestions-hospitalieres.fr\/wp-content\/uploads\/2017\/02\/picto_Gif-GH-trans.png\",\"width\":512,\"height\":512,\"caption\":\"Gestions hospitali\u00e8res\"},\"image\":{\"@id\":\"https:\/\/www.ricom-web8.com\/gestions\/#\/schema\/logo\/image\/\"},\"sameAs\":[\"https:\/\/www.facebook.com\/gestionshospitalieres\/\",\"https:\/\/x.com\/revue_GH\",\"https:\/\/www.linkedin.com\/company\/gestions-hospitalieres?trk=top_nav_home\"]},{\"@type\":\"Person\",\"@id\":\"https:\/\/www.ricom-web8.com\/gestions\/#\/schema\/person\/3ba9fe913190dfe9507feb621e902c1f\",\"name\":\"Gestions hospitali\u00e8res\",\"image\":{\"@type\":\"ImageObject\",\"inLanguage\":\"fr-FR\",\"@id\":\"https:\/\/www.ricom-web8.com\/gestions\/#\/schema\/person\/image\/\",\"url\":\"https:\/\/secure.gravatar.com\/avatar\/1a0d93e6db5dbe7dac96bae4757d256f?s=96&d=mm&r=g\",\"contentUrl\":\"https:\/\/secure.gravatar.com\/avatar\/1a0d93e6db5dbe7dac96bae4757d256f?s=96&d=mm&r=g\",\"caption\":\"Gestions hospitali\u00e8res\"},\"url\":\"https:\/\/www.ricom-web8.com\/gestions\/author\/benjamin\/\"}]}<\/script>\n<!-- \/ Yoast SEO plugin. -->","yoast_head_json":{"title":"La d\u00e9marche \u00e9thique clinique en unit\u00e9 de soins palliatifs - Gestions hospitali\u00e8res","robots":{"index":"index","follow":"follow","max-snippet":"max-snippet:-1","max-image-preview":"max-image-preview:large","max-video-preview":"max-video-preview:-1"},"canonical":"https:\/\/www.ricom-web8.com\/gestions\/la-demarche-ethique-clinique-en-unite-de-soins-palliatifs\/","og_locale":"fr_FR","og_type":"article","og_title":"La d\u00e9marche \u00e9thique clinique en unit\u00e9 de soins palliatifs - Gestions hospitali\u00e8res","og_description":"\u00ab La m\u00e8re selon la chair r\u00e9clamait l\u2019enfant. La m\u00e8re qui l\u2019avait nourri paraissait devant le tribunal. Qui tranchera le cas\u2009? \u00c0 qui sera donn\u00e9 l\u2019enfant\u2009? Chauva prend un morceau de craie et trace un cercle sur le sol [\u2026] Plaignante et accus\u00e9e se placent \u00e0 c\u00f4t\u00e9 du cercle. \u201cPrenez l\u2019enfant par la main. La vraie m\u00e8re aura la force d\u2019attirer l\u2019enfant hors du cercle\u201d.(2)\u2009\u00bb Reprenant dans ses grandes lignes&hellip;","og_url":"https:\/\/www.ricom-web8.com\/gestions\/la-demarche-ethique-clinique-en-unite-de-soins-palliatifs\/","og_site_name":"Gestions hospitali\u00e8res","article_publisher":"https:\/\/www.facebook.com\/gestionshospitalieres\/","article_published_time":"2020-04-01T14:14:18+00:00","article_modified_time":"2020-07-21T13:34:37+00:00","author":"Gestions hospitali\u00e8res","twitter_card":"summary_large_image","twitter_creator":"@revue_GH","twitter_site":"@revue_GH","twitter_misc":{"\u00c9crit par":"Gestions hospitali\u00e8res","Dur\u00e9e de lecture estim\u00e9e":"20 minutes"},"schema":{"@context":"https:\/\/schema.org","@graph":[{"@type":"Article","@id":"https:\/\/www.ricom-web8.com\/gestions\/la-demarche-ethique-clinique-en-unite-de-soins-palliatifs\/#article","isPartOf":{"@id":"https:\/\/www.ricom-web8.com\/gestions\/la-demarche-ethique-clinique-en-unite-de-soins-palliatifs\/"},"author":{"name":"Gestions hospitali\u00e8res","@id":"https:\/\/www.ricom-web8.com\/gestions\/#\/schema\/person\/3ba9fe913190dfe9507feb621e902c1f"},"headline":"La d\u00e9marche \u00e9thique clinique en unit\u00e9 de soins palliatifs","datePublished":"2020-04-01T14:14:18+00:00","dateModified":"2020-07-21T13:34:37+00:00","mainEntityOfPage":{"@id":"https:\/\/www.ricom-web8.com\/gestions\/la-demarche-ethique-clinique-en-unite-de-soins-palliatifs\/"},"wordCount":4039,"commentCount":0,"publisher":{"@id":"https:\/\/www.ricom-web8.com\/gestions\/#organization"},"keywords":["acharnement th\u00e9rapeutique","autonomie","d\u00e9marche \u00e9thique","euthanasie","paternalisme","routine","s\u00e9dation","soins palliatifs","temporalit\u00e9"],"articleSection":["Gestions Hospitali\u00e8res","r\u00e9flexion"],"inLanguage":"fr-FR","potentialAction":[{"@type":"CommentAction","name":"Comment","target":["https:\/\/www.ricom-web8.com\/gestions\/la-demarche-ethique-clinique-en-unite-de-soins-palliatifs\/#respond"]}]},{"@type":"WebPage","@id":"https:\/\/www.ricom-web8.com\/gestions\/la-demarche-ethique-clinique-en-unite-de-soins-palliatifs\/","url":"https:\/\/www.ricom-web8.com\/gestions\/la-demarche-ethique-clinique-en-unite-de-soins-palliatifs\/","name":"La d\u00e9marche \u00e9thique clinique en unit\u00e9 de soins palliatifs - Gestions hospitali\u00e8res","isPartOf":{"@id":"https:\/\/www.ricom-web8.com\/gestions\/#website"},"datePublished":"2020-04-01T14:14:18+00:00","dateModified":"2020-07-21T13:34:37+00:00","breadcrumb":{"@id":"https:\/\/www.ricom-web8.com\/gestions\/la-demarche-ethique-clinique-en-unite-de-soins-palliatifs\/#breadcrumb"},"inLanguage":"fr-FR","potentialAction":[{"@type":"ReadAction","target":["https:\/\/www.ricom-web8.com\/gestions\/la-demarche-ethique-clinique-en-unite-de-soins-palliatifs\/"]}]},{"@type":"BreadcrumbList","@id":"https:\/\/www.ricom-web8.com\/gestions\/la-demarche-ethique-clinique-en-unite-de-soins-palliatifs\/#breadcrumb","itemListElement":[{"@type":"ListItem","position":1,"name":"Accueil","item":"https:\/\/www.ricom-web8.com\/gestions\/"},{"@type":"ListItem","position":2,"name":"La d\u00e9marche \u00e9thique clinique en unit\u00e9 de soins palliatifs"}]},{"@type":"WebSite","@id":"https:\/\/www.ricom-web8.com\/gestions\/#website","url":"https:\/\/www.ricom-web8.com\/gestions\/","name":"Gestions hospitali\u00e8res","description":"la revue des d\u00e9cideurs hospitaliers","publisher":{"@id":"https:\/\/www.ricom-web8.com\/gestions\/#organization"},"potentialAction":[{"@type":"SearchAction","target":{"@type":"EntryPoint","urlTemplate":"https:\/\/www.ricom-web8.com\/gestions\/?s={search_term_string}"},"query-input":{"@type":"PropertyValueSpecification","valueRequired":true,"valueName":"search_term_string"}}],"inLanguage":"fr-FR"},{"@type":"Organization","@id":"https:\/\/www.ricom-web8.com\/gestions\/#organization","name":"Gestions hospitali\u00e8res","url":"https:\/\/www.ricom-web8.com\/gestions\/","logo":{"@type":"ImageObject","inLanguage":"fr-FR","@id":"https:\/\/www.ricom-web8.com\/gestions\/#\/schema\/logo\/image\/","url":"https:\/\/gestions-hospitalieres.fr\/wp-content\/uploads\/2017\/02\/picto_Gif-GH-trans.png","contentUrl":"https:\/\/gestions-hospitalieres.fr\/wp-content\/uploads\/2017\/02\/picto_Gif-GH-trans.png","width":512,"height":512,"caption":"Gestions hospitali\u00e8res"},"image":{"@id":"https:\/\/www.ricom-web8.com\/gestions\/#\/schema\/logo\/image\/"},"sameAs":["https:\/\/www.facebook.com\/gestionshospitalieres\/","https:\/\/x.com\/revue_GH","https:\/\/www.linkedin.com\/company\/gestions-hospitalieres?trk=top_nav_home"]},{"@type":"Person","@id":"https:\/\/www.ricom-web8.com\/gestions\/#\/schema\/person\/3ba9fe913190dfe9507feb621e902c1f","name":"Gestions hospitali\u00e8res","image":{"@type":"ImageObject","inLanguage":"fr-FR","@id":"https:\/\/www.ricom-web8.com\/gestions\/#\/schema\/person\/image\/","url":"https:\/\/secure.gravatar.com\/avatar\/1a0d93e6db5dbe7dac96bae4757d256f?s=96&d=mm&r=g","contentUrl":"https:\/\/secure.gravatar.com\/avatar\/1a0d93e6db5dbe7dac96bae4757d256f?s=96&d=mm&r=g","caption":"Gestions hospitali\u00e8res"},"url":"https:\/\/www.ricom-web8.com\/gestions\/author\/benjamin\/"}]}},"_links":{"self":[{"href":"https:\/\/www.ricom-web8.com\/gestions\/wp-json\/wp\/v2\/posts\/41611","targetHints":{"allow":["GET"]}}],"collection":[{"href":"https:\/\/www.ricom-web8.com\/gestions\/wp-json\/wp\/v2\/posts"}],"about":[{"href":"https:\/\/www.ricom-web8.com\/gestions\/wp-json\/wp\/v2\/types\/post"}],"author":[{"embeddable":true,"href":"https:\/\/www.ricom-web8.com\/gestions\/wp-json\/wp\/v2\/users\/23133"}],"replies":[{"embeddable":true,"href":"https:\/\/www.ricom-web8.com\/gestions\/wp-json\/wp\/v2\/comments?post=41611"}],"version-history":[{"count":0,"href":"https:\/\/www.ricom-web8.com\/gestions\/wp-json\/wp\/v2\/posts\/41611\/revisions"}],"wp:attachment":[{"href":"https:\/\/www.ricom-web8.com\/gestions\/wp-json\/wp\/v2\/media?parent=41611"}],"wp:term":[{"taxonomy":"category","embeddable":true,"href":"https:\/\/www.ricom-web8.com\/gestions\/wp-json\/wp\/v2\/categories?post=41611"},{"taxonomy":"post_tag","embeddable":true,"href":"https:\/\/www.ricom-web8.com\/gestions\/wp-json\/wp\/v2\/tags?post=41611"}],"curies":[{"name":"wp","href":"https:\/\/api.w.org\/{rel}","templated":true}]}}