

{"id":41873,"date":"2020-05-01T10:37:58","date_gmt":"2020-05-01T08:37:58","guid":{"rendered":"https:\/\/gestions-hospitalieres.fr\/?p=41873"},"modified":"2020-10-13T11:15:30","modified_gmt":"2020-10-13T09:15:30","slug":"lectures-geographiques-1","status":"publish","type":"post","link":"https:\/\/www.ricom-web8.com\/gestions\/lectures-geographiques-1\/","title":{"rendered":"Lectures g\u00e9ographiques\/1"},"content":{"rendered":"<span class=\"span-reading-time rt-reading-time\" style=\"display: block;\"><span class=\"rt-label rt-prefix\">Temps de lecture\u00a0: <\/span> <span class=\"rt-time\"> 8<\/span> <span class=\"rt-label rt-postfix\">minutes<\/span><\/span><p>Pour comprendre l\u2019\u00e9pid\u00e9mie d\u2019infection \u00e0 coronavirus, une lecture \u00e0 toutes les \u00e9chelles s\u2019impose\u2009: mondiale, europ\u00e9enne, nationale et locale. On y verra que les \u00e9pid\u00e9mies r\u00e9v\u00e8lent les grandes lignes de force de l\u2019organisation des territoires, et ce quelle que soit l\u2019\u00e9chelle d\u2019observation. Elles nous disent que la g\u00e9ographie est avant tout humaine, r\u00e9sultant des relations \u00e9conomiques et sociales. Plus l\u2019\u00e9chelle s\u2019affine et plus les grandes disparit\u00e9s \u00e9conomiques, les grands courants de la mondialisation s\u2019expriment dans des in\u00e9galit\u00e9s sociales qui se traduisent en chiffres mais aussi en faits pour tous ceux qui, habituellement, ne se voient pas ou peu. L\u2019\u00e9pid\u00e9mie agit ici comme un puissant r\u00e9v\u00e9lateur de l\u2019organisation de l\u2019espace g\u00e9ographique et comme la projection spatiale de la soci\u00e9t\u00e9. Ce qui est ici pr\u00e9sent\u00e9 se veut avant tout une invitation \u00e0 faire de la g\u00e9ographie par l\u2019exp\u00e9rience. Ces temps s\u2019y pr\u00eatent bien, car ils nous permettent d\u2019observer ce qui se passe autour de nous en prenant le temps n\u00e9cessaire. Dans le m\u00eame temps, l\u2019extraordinaire flux d\u2019informations nous fait passer sans cesse d\u2019une \u00e9chelle \u00e0 une autre\u2026 Au passage de ces flux d\u2019informations, nous entendons souvent l\u2019\u00e9vocation d\u2019\u00e9pid\u00e9mies plus anciennes, parfois proches, parfois lointaines sinon tr\u00e8s lointaines. Elles permettent de situer l\u2019\u00e9v\u00e9nement observ\u00e9 aujourd\u2019hui dans le cours de l\u2019histoire et invitent \u00e0 rechercher des correspondances qui peuvent aider \u00e0 comprendre ce qu\u2019il se passe sous nos yeux. En outre si la question \u00ab\u2009o\u00f9\u2009?\u2009\u00bb est bien la question centrale de la g\u00e9ographie, \u00ab\u2009o\u00f9 et depuis quand\u2009\u00bb en est une autre qui vient imm\u00e9diatement \u00e0 la recherche des ruptures et des discontinuit\u00e9s qui font toute la g\u00e9ographicit\u00e9 des choses.<span class=\"Apple-converted-space\">\u00a0<\/span><\/p>\n<h1>Les \u00e9pid\u00e9mies en Europe<\/h1>\n<h2>Une lecture sur le temps long<\/h2>\n<p>Les \u00e9pid\u00e9mies font partie de l\u2019histoire des hommes<sup class=\"appel\" data-toggle=\"modal\" data-target=\"#notes\">(1)<\/sup>. S\u2019int\u00e9resser \u00e0 l\u2019\u00e9pid\u00e9mie d\u2019aujourd\u2019hui conduit \u00e0 \u00e9voquer des \u00e9pid\u00e9mies plus anciennes. C\u2019est en partie parce que l\u2019on pense, \u00e0 juste titre, y trouver des cl\u00e9s de compr\u00e9hension de ce qu\u2019il se passe aujourd\u2019hui\u2009; sans doute aussi parce que la Covid-19 r\u00e9veille des peurs ancestrales qui ont tenaill\u00e9 nos a\u00efeux<sup><br \/>\n<\/sup>au moins jusqu\u2019au milieu du XX<sup>e<\/sup>\u00a0si\u00e8cle<sup class=\"appel\" data-toggle=\"modal\" data-target=\"#notes\">(2)<\/sup>.<\/p>\n<p>Parmi les grandes \u00e9pid\u00e9mies qui ont touch\u00e9 l\u2019Europe, cinq au moins sont demeur\u00e9es tr\u00e8s pr\u00e9sentes dans la m\u00e9moire europ\u00e9enne\u2009: la peste d\u2019Ath\u00e8nes, qui dura quatre ans (-430 \u00e0 -426), la peste de Justinien, qui s\u00e9vit en Europe de 541 \u00e0 767, la peste noire entre 1347 et 1351, mais qui en fait se prolongea ici et l\u00e0 jusqu\u2019au XX<sup>e<\/sup>\u00a0si\u00e8cle, la peste de Marseille en 1720, qui en est une r\u00e9activation venue de l\u2019\u00e9tranger, et la grippe \u00ab\u2009espagnole\u2009\u00bb en 1919. Ce sont les \u00e9pid\u00e9mies qui ont laiss\u00e9 le plus de traces, mais il y en eut des centaines ou des milliers d\u2019autres depuis le n\u00e9olithique. On consid\u00e8re en effet que les \u00e9pid\u00e9mies, qui \u00e0 l\u2019origine sont des zoonoses, datent de la cohabitation des animaux et des hommes. Elles seraient apparues voici environ 5\u2009000\u202fans \u00e0 la fin du n\u00e9olithique \u00e0 la faveur du d\u00e9veloppement du commerce lointain en relation avec le transport \u00e0 roue. En t\u00e9moignerait l\u2019apparition des tombes collectives puis de l\u2019incin\u00e9ration vers -2\u2009000\u202fans.<\/p>\n<p>Parfois, ces \u00e9pid\u00e9mies se m\u00e9langent quelque peu dans la m\u00e9moire des hommes ou bien se font \u00e9cho. Aujourd\u2019hui, \u00e0 propos de l\u2019\u00e9pid\u00e9mie, on \u00e9voque essentiellement en France la peste de 1348 et la grippe de 1918, secondairement celle de 1720. C\u2019est une d\u00e9marche semblable qui poussa Daniel Defoe \u00e0 publier en 1722 le<i> Journal de la Peste<\/i><sup class=\"appel\" data-toggle=\"modal\" data-target=\"#notes\">(3)<\/sup>, r\u00e9cit de celle de Londres en 1664-1665. L\u2019\u00e9pid\u00e9mie \u00e9tait n\u00e9e \u00e0 Marseille en 1720 et Defoe voulait par l\u00e0 rappeler aux Anglais ce qu\u2019elle avait \u00e9t\u00e9 chez eux il n\u2019y a pas si longtemps et, avec un petit ouvrage paru s\u00e9par\u00e9ment,<span style=\"font-size: small;\">\u00a0<\/span>les inviter \u00e0 se pr\u00e9parer \u00e0 la survenue d\u2019une nouvelle <i>Great Visitation<\/i><sup class=\"appel\" data-toggle=\"modal\" data-target=\"#notes\">(4)<\/sup>.<\/p>\n<p>Souvent, plus localement, d\u2019autres \u00e9pid\u00e9mies ont laiss\u00e9 beaucoup d\u2019empreintes dans le paysage, telles des croix comm\u00e9moratives, dans d\u2019anciens villages ou hameaux abandonn\u00e9s ou diss\u00e9min\u00e9s dans la ville. Le plus spectaculaire de tous ces sites est certainement le calvaire de Plougastel-Daoulas, ou Kroaz ar vossen, la \u00ab\u2009croix de la peste\u2009\u00bb, un ex-voto de la peste de 1598 \u00e9difi\u00e9 dans les premi\u00e8res ann\u00e9es du XVII<sup>e<\/sup>\u00a0si\u00e8cle. D\u2019autres sont aussi tr\u00e8s spectaculaires\u2009: croix de la Ferri\u00e8re dans les C\u00f4tes d\u2019Armor ou de Kaysersberg dans le Haut-Rhin et dans de multiples endroits du pays comme \u00e0 Frouzet, un hameau d\u00e9sert\u00e9 de Saint-Martin-de-Londres, au nord de Montpellier, dans l\u2019H\u00e9rault.<\/p>\n<p>Ici et l\u00e0, les paysages contemporains sont anim\u00e9s aussi par des usages locaux encore vivaces, comme la confr\u00e9rie des Charitables de B\u00e9thune-Beuvry, qui date d\u2019une \u00e9pid\u00e9mie de peste de 1188 et est encore en service en ces temps de Covid-19, et d\u2019autres de la m\u00eame r\u00e9gion\u2009: La Bass\u00e9e, Festubert, La Buissi\u00e8re, fond\u00e9es lors d\u2019autres \u00e9pid\u00e9mies. Il s\u2019agit pour ces confr\u00e9ries d\u2019hommes en noir de veiller \u00e0 l\u2019ensevelissement des morts et d\u2019accompagner tous les d\u00e9funts au cimeti\u00e8re, notamment les plus d\u00e9munis et sans famille. Vieille tradition qui se perp\u00e9tue.<\/p>\n<button data-toggle=\"collapse\" data-target=\"#enc_2020_270_01\">encadr\u00e9 1<\/button><div id=\"enc_2020_270_01\" class=\"encadre collapse\"><p><span class=\"surtitre_enc\">encadr\u00e9 1<\/span><\/p>\n<h2>L\u2019inscription des temps \u00e9pid\u00e9miques dans la ville contemporaine<\/h2>\n<h3>L\u2019exemple de Lyon<\/h3>\n<p>Quand on questionne les gens sur la ville de Lyon, ils \u00e9voquent tr\u00e8s vite et en premier la basilique de Fourvi\u00e8re, la F\u00eate des Lumi\u00e8res, la gastronomie et bien d\u2019autres choses\u2026 La peste y a s\u00e9vi sous forme \u00e9pid\u00e9mique cinq fois au moins dans le deuxi\u00e8me quart du XVII<sup>e<\/sup>\u00a0si\u00e8cle, en 1628*, 1631, 1637, 1639 et 1642. La d\u00e9votion \u00e0 Marie, avec une procession annuelle est organis\u00e9e d\u00e8s 1643. D\u2019abord fix\u00e9e au 8 septembre elle passe en 1852, pour de simples raisons m\u00e9t\u00e9o, au 8\u00a0d\u00e9cembre, ann\u00e9e d\u2019inauguration d\u2019une statue sur la vieille chapelle de Fourvi\u00e8re, que l\u2019on voit encore aujourd\u2019hui int\u00e9gr\u00e9e \u00e0 la basilique de la fin XIX<sup>e<\/sup>. Le m\u00eame jour de 1852, une vieille tradition d\u2019illumination des fa\u00e7ades par de petites bougies pos\u00e9es dans des verres, les lumignons, est reprise sous l\u2019influence des mouvements catholiques alors tr\u00e8s actifs dans la cit\u00e9. La f\u00eate devient annuelle, se la\u00efcise au fil des ans et devient, pour tous, la F\u00eate des Lumi\u00e8res. Chaque ann\u00e9e, Lyon perp\u00e9tue ainsi, souvent sans le savoir, mais dans un curieux m\u00e9lange de religion et de f\u00eate la\u00efque, le souvenir d\u2019une peste de\u20261642. En se promenant dans Lyon, on trouve aussi de nombreux t\u00e9moins architecturaux des \u00e9pid\u00e9mies pass\u00e9es**.<\/p>\n<p>* M. Lucenet, <i>Lyon malade de la peste,<\/i> Lyon, Sofedir, 1981, initialement publi\u00e9 en 1965 en six fascicules par les albums du Crocodile (vieille revue m\u00e9dicale lyonnaise).<\/p>\n<p>** L. Michel, J. Duclos, J. Lacassagne, H\u00f4pitaux de pestif\u00e9reux, albums du Crocodile, n\u00b0\u2009IV, 1936.<br \/>\nM. Rey, <i>La Peste jadis en Lyonnais<\/i>, Beaujolais et Forez, Lyon, h\u00f4tel de Gadagne 1989. Catalogue d\u2019une exposition au mus\u00e9e Gadagne. Thomas II de Gadagne investit au 16<sup>e<\/sup>\u00a0si\u00e8cle une partie de sa fortune dans la construction d\u2019un pavillon pour pestif\u00e9r\u00e9s dans l\u2019ancien h\u00f4pital de Saint-Laurent-des-Vignes.<\/p>\n<\/div>\n<p>Sur chacune de ces \u00e9pid\u00e9mies majeures, il est ais\u00e9 de se documenter tant les \u00e9tudes scientifiques sont abondantes. Elle se double d\u2019\u0153uvres litt\u00e9raires et les auteurs c\u00e9l\u00e8bres sont nombreux a avoir consacr\u00e9 \u00e0 tel ou tel \u00e9pisode un ouvrage r\u00e9ussi. On trouvera toujours int\u00e9r\u00eat \u00e0 mettre en parall\u00e8le un r\u00e9cit contemporain de chaque \u00e9pisode, avec des pr\u00e9sentations plus r\u00e9centes qui marquent les derni\u00e8res avanc\u00e9es de la recherche, et un texte litt\u00e9raire.<\/p>\n<p>Quelques r\u00e9f\u00e9rences g\u00e9n\u00e9rales s\u2019imposent\u2009:<\/p>\n<ul>\n<li>Jean-No\u00ebl Biraben, <i>Les Hommes et la peste en France et dans les pays europ\u00e9ens et m\u00e9diterran\u00e9ens<\/i>, \u00c9ditions Mouton. Tome 1\u2009: \u00ab\u2009La peste dans l\u2019histoire\u2009\u00bb, 1975 &#8211; Tome 2\u2009: \u00ab\u2009Les hommes face \u00e0 la peste\u2009\u00bb, 1976<sup class=\"appel\" data-toggle=\"modal\" data-target=\"#notes\">(5)<\/sup>.<\/li>\n<li>Jacques Ruffi\u00e9 et Jean-Charles Sournia, <i>Les \u00c9pid\u00e9mies dans l\u2019histoire de l\u2019Homme<\/i>, Flammarion, 1984.<\/li>\n<li>Mirko Grmek, <i>Les Maladies \u00e0 l\u2019aube de la civilisation occidentale<\/i>, Payot, 1983.<\/li>\n<li>Michel Signoli <i>et al.<\/i>, <i>Peste\u2009: entre \u00e9pidemies et soci\u00e9t\u00e9s<\/i>, Firenze University Press, 2007.<\/li>\n<li>Michel Signoli, <i>La Peste noire<\/i>, PUF QSJ\u2009? 2018, n\u00b0\u20094148.<\/li>\n<\/ul>\n<p>Sur les cinq grandes \u00e9pid\u00e9mies demeur\u00e9es tr\u00e8s pr\u00e9sentes dans la m\u00e9moire europ\u00e9enne\u2009:<\/p>\n<ul>\n<li>la peste d\u2019Ath\u00e8nes (en fait une \u00e9pid\u00e9mie de typhus), Thucydide, <i>Histoire de la guerre du P\u00e9loponn\u00e8se<\/i> (\u00e9dition moderne chez Robert Laffont, 1990, traduction, introduction et notes de Jacqueline de Romilly). Le r\u00e9cit de Thucydide est l\u2019un des textes les plus importants de l\u2019histoire de la m\u00e9decine occidentale et on en compte \u00e0 travers les si\u00e8cles d\u2019innombrables \u00e9ditions et commentaires. L\u2019une des grandes analyses r\u00e9centes de ce texte fondateur se trouve dans M.D. Grmek, <i>Histoire de la pens\u00e9e m\u00e9dicale en Occident<\/i>, Seuil, trois\u00a0volumes, 1999\u2009;<\/li>\n<li>la peste de Justinien, probablement en Occident la premi\u00e8re \u00e9pid\u00e9mie de peste au sens vrai, qui a ravag\u00e9 le bassin m\u00e9diterran\u00e9en et ses p\u00e9riph\u00e9ries et qui a dur\u00e9 plus de deux si\u00e8cles entre 541 et 767, les textes de Gr\u00e9goire de Tours (<i>Histoire des Francs<\/i>), le texte du plus grand historien du vi<sup>e<\/sup> si\u00e8cle, Procope de C\u00e9sar\u00e9e, livre II des <i>Guerres de Justien<\/i>. Comme \u00e9tude acad\u00e9mique r\u00e9cente, J.-N. Biraben, <i>Histoire de la pens\u00e9e m\u00e9dicale en Occident<\/i>, dirig\u00e9e par Mirko Grmek, 1999\u2009;<\/li>\n<li>la peste noire qui submergea l\u2019Europe entre\u202f 1347 et\u202f1352\u2009:<br \/>\n\u2022 \u00a0Isabelle S\u00e9guy et Guido Alfani, \u00ab\u2009La peste\u2009: bref \u00e9tat des connaissances actuelles\u2009\u00bb, <i>Annales de d\u00e9mographie historique<\/i>, n\u00b02, 2017, pp. 15-38,<br \/>\n\u2022 \u00a0Fr\u00e9d\u00e9rique Audoin-Rouzeau (plus connue sous le nom de Fred Vargas et dont le fr\u00e8re, St\u00e9phane, est tr\u00e8s connu des historiens), <i>Les Chemins de la peste. Le rat, la puce et l\u2019homme<\/i>, Presses universitaire de Rennes, 2003.<\/li>\n<li>la peste de Marseille\u2009:<br \/>\n\u2022 \u00a0la r\u00e9f\u00e9rence la plus d\u00e9taill\u00e9e \u00e9crite par un contemporain de l\u2019\u00e9v\u00e9nement est Bertrand, Jean-Baptiste, <i>Relation historique de la peste de Marseille en 1720<\/i>, Cologne, Pierre Marteau, 1721,<br \/>\n\u2022 \u00a0grande r\u00e9f\u00e9rence contemporaine, Charles Carri\u00e8re, Marcel Couduri\u00e9 et Ferr\u00e9ol Rebuffat, <i>Marseille ville morte\u2009: la peste de 1720<\/i>, Jean-Michel Gar\u00e7on, 1988 (premi\u00e8re \u00e9dition 1968),<br \/>\n\u2022 \u00a0que l\u2019on compl\u00e9tera par l\u2019excellent Michel Signoli et St\u00e9fan Tzortzis, \u00ab\u2009La peste \u00e0 Marseille et dans le sud-est de la France en 1720-1722\u2009: les \u00e9pid\u00e9mies d\u2019Orient de retour en Europe\u2009\u00bb, Cahiers de la M\u00e9diterran\u00e9e\/ 96\u00a0|\u00a02018,<br \/>\n\u2022 \u00a0on pourra lire le Chateaubriand des <i>M\u00e9moires d\u2019outre-tombe<\/i> (livre XXXV, chap.14) ou, le plus vivant, <i>Le Temps des amours<\/i> de Marcel Pagnol\u2009;<\/li>\n<li>la grippe \u00ab\u2009espagnole\u2009\u00bb de 1919, pand\u00e9mie mondiale mais qui concerna au premier chef l\u2019Europe m\u00eame si elle eut de nombreux prolongements\u2009:<br \/>\n\u2022 \u00a0Pierre Darmon, \u00ab\u2009Une trag\u00e9die dans la trag\u00e9die\u2009: la grippe espagnole en France (avril 1918-avril 1919)\u2009\u00bb, <i>Annales de d\u00e9mographie historique<\/i>, n\u00b02, 2000, pp. 153-175. Le r\u00e9cent centenaire de l\u2019\u00e9pid\u00e9mie a provoqu\u00e9 la parution de quelques synth\u00e8ses utiles et accessibles de travaux dispers\u00e9s parmi lesquelles Freddy Vinet, <i>La Grande Grippe. 1918.<\/i> <i>La pire \u00e9pid\u00e9mie du si\u00e8cle<\/i>, Vend\u00e9miaire, 2018.<\/li>\n<\/ul>\n<button data-toggle=\"collapse\" data-target=\"#enc_2020_270_02\">encadr\u00e9 2<\/button><div id=\"enc_2020_270_02\" class=\"encadre collapse\"><p><span class=\"surtitre_enc\">encadr\u00e9 2<\/span><\/p>\n<h2>Question de masques<\/h2>\n<h3>Les le\u00e7ons de l\u2019histoire<\/h3>\n<p>On rappellera l\u2019\u00e9pisode de la grippe A H1N1 en 2010\u2009: un alarmisme g\u00e9n\u00e9ralis\u00e9, une mobilisation de tr\u00e8s grande ampleur et toute militaire des services de sant\u00e9, des points presse minist\u00e9riels quotidiens et d\u2019allure tout aussi martiale, d\u2019\u00e9normes d\u00e9penses engag\u00e9es, une non-adh\u00e9sion des Fran\u00e7ais et de beaucoup de leurs m\u00e9decins au principe de la vaccination, une fronde des m\u00e9decins de base d\u00e9laiss\u00e9s par les autorit\u00e9s\u2026<\/p>\n<p>Prudent, le gouvernement proc\u00e9da cependant \u00e0 l\u2019achat massif de masques de protection \u00e0 l\u2019instar de ceux que l\u2019on se mit \u00e0 porter au XVII<sup>e<\/sup> si\u00e8cle, contre la peste \u00e0 Marseille (<i>\u00e0 gauche<\/i>), eux-m\u00eames inspir\u00e9s de ce que l\u2019on avait port\u00e9 en Italie au si\u00e8cle pr\u00e9c\u00e9dent* ou de ceux que l\u2019on porta en 1918-1919 contre la grippe espagnole \u00e0 Paris (<i>au centre<\/i>).<\/p>\n<p>Tout cela pour une \u00e9pid\u00e9mie qui, finalement, ne tua presque pas ou du moins pas plus que les grippes saisonni\u00e8res habituelles. Quoi qu\u2019il en soit, les masques font partie de l\u2019arsenal de lutte contre la propagation de l\u2019\u00e9pid\u00e9mie et s\u2019ils ne furent pas utiles en 2010, ils l\u2019auraient bien \u00e9t\u00e9 en 2020. Les \u00ab\u2009stocks strat\u00e9giques\u2009\u00bb n\u2019avaient pas \u00e9t\u00e9 entretenus depuis 2012 semble-t-il.<\/p>\n<p>* Carri\u00e8re <i>et al.<\/i>, Marseille ville morte - Dr Manger, Trait\u00e9 de la peste, Gen\u00e8ve, 1721<\/p>\n<p><img decoding=\"async\" class=\"alignleft  wp-image-41889\" src=\"https:\/\/gestions-hospitalieres.fr\/wp-content\/uploads\/2020\/06\/Vigneron-image1-188x300.jpeg\" alt=\"\" width=\"150\" height=\"239\" srcset=\"https:\/\/www.ricom-web8.com\/gestions\/wp-content\/uploads\/2020\/06\/Vigneron-image1-188x300.jpeg 188w, https:\/\/www.ricom-web8.com\/gestions\/wp-content\/uploads\/2020\/06\/Vigneron-image1.jpeg 564w\" sizes=\"(max-width: 150px) 100vw, 150px\" \/> <img decoding=\"async\" class=\"alignleft  wp-image-41888\" src=\"https:\/\/gestions-hospitalieres.fr\/wp-content\/uploads\/2020\/06\/Capture-d\u2019\u00e9cran-2020-06-23-\u00e0-11.48.15-197x300.png\" alt=\"\" width=\"150\" height=\"228\" srcset=\"https:\/\/www.ricom-web8.com\/gestions\/wp-content\/uploads\/2020\/06\/Capture-d\u2019\u00e9cran-2020-06-23-\u00e0-11.48.15-197x300.png 197w, https:\/\/www.ricom-web8.com\/gestions\/wp-content\/uploads\/2020\/06\/Capture-d\u2019\u00e9cran-2020-06-23-\u00e0-11.48.15-673x1024.png 673w, https:\/\/www.ricom-web8.com\/gestions\/wp-content\/uploads\/2020\/06\/Capture-d\u2019\u00e9cran-2020-06-23-\u00e0-11.48.15.png 657w\" sizes=\"(max-width: 150px) 100vw, 150px\" \/> <img decoding=\"async\" class=\"alignnone  wp-image-41891\" src=\"https:\/\/gestions-hospitalieres.fr\/wp-content\/uploads\/2020\/06\/Affiche_MAsque-200x300.png\" alt=\"\" width=\"150\" height=\"225\" srcset=\"https:\/\/www.ricom-web8.com\/gestions\/wp-content\/uploads\/2020\/06\/Affiche_MAsque-200x300.png 200w, https:\/\/www.ricom-web8.com\/gestions\/wp-content\/uploads\/2020\/06\/Affiche_MAsque-683x1024.png 683w, https:\/\/www.ricom-web8.com\/gestions\/wp-content\/uploads\/2020\/06\/Affiche_MAsque-768x1152.png 768w, https:\/\/www.ricom-web8.com\/gestions\/wp-content\/uploads\/2020\/06\/Affiche_MAsque.png 667w\" sizes=\"(max-width: 150px) 100vw, 150px\" \/><\/p>\n<\/div>\n<h1>La crise actuelle dans le temps court des coronavirus<\/h1>\n<p>Les \u00e9pid\u00e9mies ont ceci de caract\u00e9ristique qu\u2019elles s\u2019abattent brutalement sur la population (<i>\u00e9pi<\/i>, au-dessus de, <i>d\u00e9mos<\/i>, le peuple). Mais elles ne naissent pas non plus de rien, elles ont des pr\u00e9misses que l\u2019on peut reconstituer.<\/p>\n<p>Ainsi, l\u2019\u00e9pid\u00e9mie actuelle de SARS-CoV-2, responsable de la maladie pand\u00e9mique de Covid-19 (Coronavirus Desease de 2019) est l\u2019une de celles transmises par un coronavirus (CoV) et qui sont encore en petit nombre, donc mal connues. Le premier coronavirus identifi\u00e9 est celui qui fut la cause d\u2019une \u00e9pid\u00e9mie de bronchite infectieuse aviaire en 1930 qui d\u00e9cima les poulaillers du Dakota du Nord. On d\u00e9couvrit un virus similaire en 1965, puis d\u2019autres encore qui furent r\u00e9unis en 1968 au sein d\u2019une nouvelle famille de virus, les Coronavirus. Cependant, jusqu\u2019au d\u00e9but des ann\u00e9es 2000, la recherche est rest\u00e9e peu d\u00e9velopp\u00e9e car les trois souches humaines alors rep\u00e9r\u00e9es n\u2019\u00e9taient pas consid\u00e9r\u00e9es comme bien m\u00e9chantes, simplement responsables de rhumes banals et bien moins graves en tous les cas que les virus de la grippe.<\/p>\n<p>En 2002, les choses sont devenues beaucoup plus inqui\u00e9tantes. Ce fut d\u2019abord l\u2019\u00e9pid\u00e9mie de syndromes respiratoires aigus s\u00e9v\u00e8res li\u00e9s au coronavirus (SARS-CoV). Apparue dans le sud de la Chine, elle s\u2019est r\u00e9pandue dans 29 pays pays en relation avec le pays. Avec quelque 8\u2009000 personnes infect\u00e9es, la maladie s\u2019est av\u00e9r\u00e9e mortelle pour 10\u2009% des cas et a dur\u00e9 18\u00a0mois. Malgr\u00e9 sa forte l\u00e9talit\u00e9, elle est heureusement rest\u00e9e d\u2019importance limit\u00e9e en raison de la faible transmissibilit\u00e9 du virus et dont la transmission s\u2019est limit\u00e9e \u00e0 quelques \u00e9tablissements hospitaliers ou h\u00f4teliers et \u00e0 quelques familles. Ce n\u2019est que plus tardivement que l\u2019on a mis en \u00e9vidence l\u2019origine de la transmission \u00e0 l\u2019homme par la consommation de civettes (en France, la genette en est un repr\u00e9sentant), elles-m\u00eames contamin\u00e9es par des chauves-souris.<\/p>\n<blockquote><p>Les \u00e9pid\u00e9mies [\u2026] seraient apparues voici environ 5\u2009000\u00a0ans \u00e0 la fin du n\u00e9olithique, \u00e0 la faveur du d\u00e9veloppement du commerce lointain en relation avec le transport \u00e0 roue.<span class=\"Apple-converted-space\">\u00a0<\/span><\/p><\/blockquote>\n<p>En 2012, en Arabie saoudite, un autre virus, le MERS-CoV (Meedle East Respiratory Syndrom &#8211; li\u00e9 au coronavirus.) a provoqu\u00e9 une mortalit\u00e9 tr\u00e8s \u00e9lev\u00e9e, de l\u2019ordre de 35\u2009%. En 2020, l\u2019\u00e9pid\u00e9mie n\u2019est pas consid\u00e9r\u00e9e comme \u00e9teinte. Ainsi que le signalait l\u2019OMS le 29 mars 2019, pour la p\u00e9riode allant de 2012 au 28\u202ff\u00e9vrier 2019, le nombre total de cas de MERS confirm\u00e9s en laboratoire notifi\u00e9s \u00e0 l\u2019OMS \u00e0 l\u2019\u00e9chelle mondiale s\u2019\u00e9tablit \u00e0 2\u2009374, dont 823 d\u00e9c\u00e8s. La liste des pays o\u00f9 des cas ont \u00e9t\u00e9 constat\u00e9s a \u00e9t\u00e9 publi\u00e9e par l\u2019OMS en mars\u202f2019 et m\u00e9rite d\u2019\u00eatre cit\u00e9e. En dehors de l\u2019Arabie saoudite, o\u00f9 pr\u00e8s de 80\u2009% des cas humains ont \u00e9t\u00e9 d\u00e9compt\u00e9s, 26 autres pays ont signal\u00e9 des cas\u2009: Alg\u00e9rie, Allemagne, Autriche, Bahre\u00efn, Chine, \u00c9gypte, \u00c9mirats arabes unis, \u00c9tats-Unis d\u2019Am\u00e9rique, France, Gr\u00e8ce, Italie, Jordanie, Kowe\u00eft, Liban, Malaisie, Oman, Pays-Bas, Philippines, Qatar, R\u00e9publique de Cor\u00e9e, R\u00e9publique islamique d\u2019Iran, Royaume-Uni, Tha\u00eflande, Tunisie, Turquie et Y\u00e9men.<\/p>\n<p>Aujourd\u2019hui, le SARS-CoV-2, responsable de la pand\u00e9mie de Covid-19 apparue en Chine en d\u00e9cembre\u202f2019, s\u2019\u00e9tend dans le monde entier mais tr\u00e8s in\u00e9galement. Au 31\u202fmars 2020, le site le plus r\u00e9f\u00e9renc\u00e9, celui de l\u2019universit\u00e9 Johns Hopkins \u00e0 Baltimore, l\u2019une des plus r\u00e9put\u00e9es au monde, permet de distinguer les pays les plus atteints\u2009: \u00c9tats-Unis (189\u2009633 cas), Italie (105\u2009792 cas), Espagne (95\u2009923 cas), Chine, (82\u2009308), Allemagne (71\u2009808), France (52\u2009836), Iran (44\u2009605).<\/p>\n<p>Sans doute ces chiffres sont-ils inexacts. Les biais d\u2019observation sont nombreux. Ils devraient en outre \u00eatre rapport\u00e9s \u00e0 la population et redress\u00e9s de bien d\u2019autres mani\u00e8res pour appr\u00e9cier l\u2019intensit\u00e9 locale r\u00e9elle de l\u2019\u00e9pid\u00e9mie. Les facteurs de confusion sont trop nombreux pour que les statisticiens mod\u00e9lisateurs puissent s\u2019y plonger sans risques. L\u00e0 encore, on voit bien comme la culture de la d\u00e9marche scientifique manque, non pas aux \u00e9pid\u00e9miologistes bien s\u00fbr mais \u00e0 ceux qui, ici et l\u00e0, \u00e0 travers le monde, sont charg\u00e9s de recueillir et de diffuser les donn\u00e9es. Leur comportement parfois guid\u00e9 par des ruses politiques fini toujours par \u00eatre \u00e9vent\u00e9. Il n\u2019est pas besoin d\u2019\u00eatre grand clerc pour comprendre qu\u2019en Chine, l\u2019effectif des morts est sous-estim\u00e9 compte tenu du simple fait de l\u2019importance du d\u00e9nominateur du taux d\u2019o\u00f9 sortent les morts plac\u00e9s au num\u00e9rateur\u2026 Il n\u2019est pas davantage difficile de comprendre qu\u2019en France, ne pas compter les morts des Ehpad n\u2019a pas de sens et ne peut se justifier ou que le nombre de contamin\u00e9s donn\u00e9 chaque jour \u00e0 partir des seuls cas d\u00e9tect\u00e9s positifs revient \u00e0 se conduire comme le capitaine du <i>Titanic<\/i> qui, regardant l\u2019iceberg, disait aux passagers\u2009: \u00ab\u2009Mais non, regardez, il est tout petit et notre paquebot est si gros.\u2009\u00bb Dans les deux cas, la sonde est mal lanc\u00e9e. \u00c0 suivre\u2026<\/p>\n<script>function PlayerjsAsync(){} if(window[\"Playerjs\"]){PlayerjsAsync();}<\/script>","protected":false},"excerpt":{"rendered":"<p>Pour comprendre l\u2019\u00e9pid\u00e9mie d\u2019infection \u00e0 coronavirus, une lecture \u00e0 toutes les \u00e9chelles s\u2019impose\u2009: mondiale, europ\u00e9enne, nationale et locale. On y verra que les \u00e9pid\u00e9mies r\u00e9v\u00e8lent les grandes lignes de force de l\u2019organisation des territoires, et ce quelle que soit l\u2019\u00e9chelle d\u2019observation. Elles nous disent que la g\u00e9ographie est avant tout humaine, r\u00e9sultant des relations \u00e9conomiques et sociales. Plus l\u2019\u00e9chelle s\u2019affine et plus les grandes disparit\u00e9s \u00e9conomiques, les grands courants de&hellip; <\/p>\n","protected":false},"author":23133,"featured_media":0,"comment_status":"open","ping_status":"closed","sticky":false,"template":"","format":"standard","meta":{"_acf_changed":false,"_relevanssi_hide_post":"","_relevanssi_hide_content":"","_relevanssi_pin_for_all":"","_relevanssi_pin_keywords":"","_relevanssi_unpin_keywords":"","_relevanssi_related_keywords":"","_relevanssi_related_include_ids":"","_relevanssi_related_exclude_ids":"","_relevanssi_related_no_append":"","_relevanssi_related_not_related":"","_relevanssi_related_posts":"","_relevanssi_noindex_reason":"","footnotes":""},"categories":[7862,2],"tags":[7863,7028,7955,198,7953,7864,7954],"class_list":["post-41873","post","type-post","status-publish","format-standard","hentry","category-covid-19","category-gestions-hospitalieres","tag-covid-19","tag-epidemie","tag-geographie","tag-histoire","tag-litterature","tag-pandemie","tag-peste"],"acf":[],"yoast_head":"<!-- This site is optimized with the Yoast SEO plugin v24.8.1 - https:\/\/yoast.com\/wordpress\/plugins\/seo\/ -->\n<title>Lectures g\u00e9ographiques\/1 - Gestions hospitali\u00e8res<\/title>\n<meta name=\"robots\" content=\"index, follow, max-snippet:-1, max-image-preview:large, max-video-preview:-1\" \/>\n<link rel=\"canonical\" href=\"https:\/\/www.ricom-web8.com\/gestions\/lectures-geographiques-1\/\" \/>\n<meta property=\"og:locale\" content=\"fr_FR\" \/>\n<meta property=\"og:type\" content=\"article\" \/>\n<meta property=\"og:title\" content=\"Lectures g\u00e9ographiques\/1 - Gestions hospitali\u00e8res\" \/>\n<meta property=\"og:description\" content=\"Pour comprendre l\u2019\u00e9pid\u00e9mie d\u2019infection \u00e0 coronavirus, une lecture \u00e0 toutes les \u00e9chelles s\u2019impose\u2009: mondiale, europ\u00e9enne, nationale et locale. On y verra que les \u00e9pid\u00e9mies r\u00e9v\u00e8lent les grandes lignes de force de l\u2019organisation des territoires, et ce quelle que soit l\u2019\u00e9chelle d\u2019observation. Elles nous disent que la g\u00e9ographie est avant tout humaine, r\u00e9sultant des relations \u00e9conomiques et sociales. Plus l\u2019\u00e9chelle s\u2019affine et plus les grandes disparit\u00e9s \u00e9conomiques, les grands courants de&hellip;\" \/>\n<meta property=\"og:url\" content=\"https:\/\/www.ricom-web8.com\/gestions\/lectures-geographiques-1\/\" \/>\n<meta property=\"og:site_name\" content=\"Gestions hospitali\u00e8res\" \/>\n<meta property=\"article:publisher\" content=\"https:\/\/www.facebook.com\/gestionshospitalieres\/\" \/>\n<meta property=\"article:published_time\" content=\"2020-05-01T08:37:58+00:00\" \/>\n<meta property=\"article:modified_time\" content=\"2020-10-13T09:15:30+00:00\" \/>\n<meta name=\"author\" content=\"Gestions hospitali\u00e8res\" \/>\n<meta name=\"twitter:card\" content=\"summary_large_image\" \/>\n<meta name=\"twitter:creator\" content=\"@revue_GH\" \/>\n<meta name=\"twitter:site\" content=\"@revue_GH\" \/>\n<meta name=\"twitter:label1\" content=\"\u00c9crit par\" \/>\n\t<meta name=\"twitter:data1\" content=\"Gestions hospitali\u00e8res\" \/>\n\t<meta name=\"twitter:label2\" content=\"Dur\u00e9e de lecture estim\u00e9e\" \/>\n\t<meta name=\"twitter:data2\" content=\"12 minutes\" \/>\n<script type=\"application\/ld+json\" class=\"yoast-schema-graph\">{\"@context\":\"https:\/\/schema.org\",\"@graph\":[{\"@type\":\"Article\",\"@id\":\"https:\/\/www.ricom-web8.com\/gestions\/lectures-geographiques-1\/#article\",\"isPartOf\":{\"@id\":\"https:\/\/www.ricom-web8.com\/gestions\/lectures-geographiques-1\/\"},\"author\":{\"name\":\"Gestions hospitali\u00e8res\",\"@id\":\"https:\/\/www.ricom-web8.com\/gestions\/#\/schema\/person\/3ba9fe913190dfe9507feb621e902c1f\"},\"headline\":\"Lectures g\u00e9ographiques\/1\",\"datePublished\":\"2020-05-01T08:37:58+00:00\",\"dateModified\":\"2020-10-13T09:15:30+00:00\",\"mainEntityOfPage\":{\"@id\":\"https:\/\/www.ricom-web8.com\/gestions\/lectures-geographiques-1\/\"},\"wordCount\":2474,\"commentCount\":0,\"publisher\":{\"@id\":\"https:\/\/www.ricom-web8.com\/gestions\/#organization\"},\"keywords\":[\"Covid-19\",\"\u00e9pid\u00e9mie\",\"g\u00e9ographie\",\"histoire\",\"litt\u00e9rature\",\"pand\u00e9mie\",\"peste\"],\"articleSection\":[\"covid-19\",\"Gestions Hospitali\u00e8res\"],\"inLanguage\":\"fr-FR\",\"potentialAction\":[{\"@type\":\"CommentAction\",\"name\":\"Comment\",\"target\":[\"https:\/\/www.ricom-web8.com\/gestions\/lectures-geographiques-1\/#respond\"]}]},{\"@type\":\"WebPage\",\"@id\":\"https:\/\/www.ricom-web8.com\/gestions\/lectures-geographiques-1\/\",\"url\":\"https:\/\/www.ricom-web8.com\/gestions\/lectures-geographiques-1\/\",\"name\":\"Lectures g\u00e9ographiques\/1 - Gestions hospitali\u00e8res\",\"isPartOf\":{\"@id\":\"https:\/\/www.ricom-web8.com\/gestions\/#website\"},\"datePublished\":\"2020-05-01T08:37:58+00:00\",\"dateModified\":\"2020-10-13T09:15:30+00:00\",\"breadcrumb\":{\"@id\":\"https:\/\/www.ricom-web8.com\/gestions\/lectures-geographiques-1\/#breadcrumb\"},\"inLanguage\":\"fr-FR\",\"potentialAction\":[{\"@type\":\"ReadAction\",\"target\":[\"https:\/\/www.ricom-web8.com\/gestions\/lectures-geographiques-1\/\"]}]},{\"@type\":\"BreadcrumbList\",\"@id\":\"https:\/\/www.ricom-web8.com\/gestions\/lectures-geographiques-1\/#breadcrumb\",\"itemListElement\":[{\"@type\":\"ListItem\",\"position\":1,\"name\":\"Accueil\",\"item\":\"https:\/\/www.ricom-web8.com\/gestions\/\"},{\"@type\":\"ListItem\",\"position\":2,\"name\":\"Lectures g\u00e9ographiques\/1\"}]},{\"@type\":\"WebSite\",\"@id\":\"https:\/\/www.ricom-web8.com\/gestions\/#website\",\"url\":\"https:\/\/www.ricom-web8.com\/gestions\/\",\"name\":\"Gestions hospitali\u00e8res\",\"description\":\"la revue des d\u00e9cideurs hospitaliers\",\"publisher\":{\"@id\":\"https:\/\/www.ricom-web8.com\/gestions\/#organization\"},\"potentialAction\":[{\"@type\":\"SearchAction\",\"target\":{\"@type\":\"EntryPoint\",\"urlTemplate\":\"https:\/\/www.ricom-web8.com\/gestions\/?s={search_term_string}\"},\"query-input\":{\"@type\":\"PropertyValueSpecification\",\"valueRequired\":true,\"valueName\":\"search_term_string\"}}],\"inLanguage\":\"fr-FR\"},{\"@type\":\"Organization\",\"@id\":\"https:\/\/www.ricom-web8.com\/gestions\/#organization\",\"name\":\"Gestions hospitali\u00e8res\",\"url\":\"https:\/\/www.ricom-web8.com\/gestions\/\",\"logo\":{\"@type\":\"ImageObject\",\"inLanguage\":\"fr-FR\",\"@id\":\"https:\/\/www.ricom-web8.com\/gestions\/#\/schema\/logo\/image\/\",\"url\":\"https:\/\/gestions-hospitalieres.fr\/wp-content\/uploads\/2017\/02\/picto_Gif-GH-trans.png\",\"contentUrl\":\"https:\/\/gestions-hospitalieres.fr\/wp-content\/uploads\/2017\/02\/picto_Gif-GH-trans.png\",\"width\":512,\"height\":512,\"caption\":\"Gestions hospitali\u00e8res\"},\"image\":{\"@id\":\"https:\/\/www.ricom-web8.com\/gestions\/#\/schema\/logo\/image\/\"},\"sameAs\":[\"https:\/\/www.facebook.com\/gestionshospitalieres\/\",\"https:\/\/x.com\/revue_GH\",\"https:\/\/www.linkedin.com\/company\/gestions-hospitalieres?trk=top_nav_home\"]},{\"@type\":\"Person\",\"@id\":\"https:\/\/www.ricom-web8.com\/gestions\/#\/schema\/person\/3ba9fe913190dfe9507feb621e902c1f\",\"name\":\"Gestions hospitali\u00e8res\",\"image\":{\"@type\":\"ImageObject\",\"inLanguage\":\"fr-FR\",\"@id\":\"https:\/\/www.ricom-web8.com\/gestions\/#\/schema\/person\/image\/\",\"url\":\"https:\/\/secure.gravatar.com\/avatar\/1a0d93e6db5dbe7dac96bae4757d256f?s=96&d=mm&r=g\",\"contentUrl\":\"https:\/\/secure.gravatar.com\/avatar\/1a0d93e6db5dbe7dac96bae4757d256f?s=96&d=mm&r=g\",\"caption\":\"Gestions hospitali\u00e8res\"},\"url\":\"https:\/\/www.ricom-web8.com\/gestions\/author\/benjamin\/\"}]}<\/script>\n<!-- \/ Yoast SEO plugin. -->","yoast_head_json":{"title":"Lectures g\u00e9ographiques\/1 - Gestions hospitali\u00e8res","robots":{"index":"index","follow":"follow","max-snippet":"max-snippet:-1","max-image-preview":"max-image-preview:large","max-video-preview":"max-video-preview:-1"},"canonical":"https:\/\/www.ricom-web8.com\/gestions\/lectures-geographiques-1\/","og_locale":"fr_FR","og_type":"article","og_title":"Lectures g\u00e9ographiques\/1 - Gestions hospitali\u00e8res","og_description":"Pour comprendre l\u2019\u00e9pid\u00e9mie d\u2019infection \u00e0 coronavirus, une lecture \u00e0 toutes les \u00e9chelles s\u2019impose\u2009: mondiale, europ\u00e9enne, nationale et locale. On y verra que les \u00e9pid\u00e9mies r\u00e9v\u00e8lent les grandes lignes de force de l\u2019organisation des territoires, et ce quelle que soit l\u2019\u00e9chelle d\u2019observation. Elles nous disent que la g\u00e9ographie est avant tout humaine, r\u00e9sultant des relations \u00e9conomiques et sociales. Plus l\u2019\u00e9chelle s\u2019affine et plus les grandes disparit\u00e9s \u00e9conomiques, les grands courants de&hellip;","og_url":"https:\/\/www.ricom-web8.com\/gestions\/lectures-geographiques-1\/","og_site_name":"Gestions hospitali\u00e8res","article_publisher":"https:\/\/www.facebook.com\/gestionshospitalieres\/","article_published_time":"2020-05-01T08:37:58+00:00","article_modified_time":"2020-10-13T09:15:30+00:00","author":"Gestions hospitali\u00e8res","twitter_card":"summary_large_image","twitter_creator":"@revue_GH","twitter_site":"@revue_GH","twitter_misc":{"\u00c9crit par":"Gestions hospitali\u00e8res","Dur\u00e9e de lecture estim\u00e9e":"12 minutes"},"schema":{"@context":"https:\/\/schema.org","@graph":[{"@type":"Article","@id":"https:\/\/www.ricom-web8.com\/gestions\/lectures-geographiques-1\/#article","isPartOf":{"@id":"https:\/\/www.ricom-web8.com\/gestions\/lectures-geographiques-1\/"},"author":{"name":"Gestions hospitali\u00e8res","@id":"https:\/\/www.ricom-web8.com\/gestions\/#\/schema\/person\/3ba9fe913190dfe9507feb621e902c1f"},"headline":"Lectures g\u00e9ographiques\/1","datePublished":"2020-05-01T08:37:58+00:00","dateModified":"2020-10-13T09:15:30+00:00","mainEntityOfPage":{"@id":"https:\/\/www.ricom-web8.com\/gestions\/lectures-geographiques-1\/"},"wordCount":2474,"commentCount":0,"publisher":{"@id":"https:\/\/www.ricom-web8.com\/gestions\/#organization"},"keywords":["Covid-19","\u00e9pid\u00e9mie","g\u00e9ographie","histoire","litt\u00e9rature","pand\u00e9mie","peste"],"articleSection":["covid-19","Gestions Hospitali\u00e8res"],"inLanguage":"fr-FR","potentialAction":[{"@type":"CommentAction","name":"Comment","target":["https:\/\/www.ricom-web8.com\/gestions\/lectures-geographiques-1\/#respond"]}]},{"@type":"WebPage","@id":"https:\/\/www.ricom-web8.com\/gestions\/lectures-geographiques-1\/","url":"https:\/\/www.ricom-web8.com\/gestions\/lectures-geographiques-1\/","name":"Lectures g\u00e9ographiques\/1 - Gestions hospitali\u00e8res","isPartOf":{"@id":"https:\/\/www.ricom-web8.com\/gestions\/#website"},"datePublished":"2020-05-01T08:37:58+00:00","dateModified":"2020-10-13T09:15:30+00:00","breadcrumb":{"@id":"https:\/\/www.ricom-web8.com\/gestions\/lectures-geographiques-1\/#breadcrumb"},"inLanguage":"fr-FR","potentialAction":[{"@type":"ReadAction","target":["https:\/\/www.ricom-web8.com\/gestions\/lectures-geographiques-1\/"]}]},{"@type":"BreadcrumbList","@id":"https:\/\/www.ricom-web8.com\/gestions\/lectures-geographiques-1\/#breadcrumb","itemListElement":[{"@type":"ListItem","position":1,"name":"Accueil","item":"https:\/\/www.ricom-web8.com\/gestions\/"},{"@type":"ListItem","position":2,"name":"Lectures g\u00e9ographiques\/1"}]},{"@type":"WebSite","@id":"https:\/\/www.ricom-web8.com\/gestions\/#website","url":"https:\/\/www.ricom-web8.com\/gestions\/","name":"Gestions hospitali\u00e8res","description":"la revue des d\u00e9cideurs hospitaliers","publisher":{"@id":"https:\/\/www.ricom-web8.com\/gestions\/#organization"},"potentialAction":[{"@type":"SearchAction","target":{"@type":"EntryPoint","urlTemplate":"https:\/\/www.ricom-web8.com\/gestions\/?s={search_term_string}"},"query-input":{"@type":"PropertyValueSpecification","valueRequired":true,"valueName":"search_term_string"}}],"inLanguage":"fr-FR"},{"@type":"Organization","@id":"https:\/\/www.ricom-web8.com\/gestions\/#organization","name":"Gestions hospitali\u00e8res","url":"https:\/\/www.ricom-web8.com\/gestions\/","logo":{"@type":"ImageObject","inLanguage":"fr-FR","@id":"https:\/\/www.ricom-web8.com\/gestions\/#\/schema\/logo\/image\/","url":"https:\/\/gestions-hospitalieres.fr\/wp-content\/uploads\/2017\/02\/picto_Gif-GH-trans.png","contentUrl":"https:\/\/gestions-hospitalieres.fr\/wp-content\/uploads\/2017\/02\/picto_Gif-GH-trans.png","width":512,"height":512,"caption":"Gestions hospitali\u00e8res"},"image":{"@id":"https:\/\/www.ricom-web8.com\/gestions\/#\/schema\/logo\/image\/"},"sameAs":["https:\/\/www.facebook.com\/gestionshospitalieres\/","https:\/\/x.com\/revue_GH","https:\/\/www.linkedin.com\/company\/gestions-hospitalieres?trk=top_nav_home"]},{"@type":"Person","@id":"https:\/\/www.ricom-web8.com\/gestions\/#\/schema\/person\/3ba9fe913190dfe9507feb621e902c1f","name":"Gestions hospitali\u00e8res","image":{"@type":"ImageObject","inLanguage":"fr-FR","@id":"https:\/\/www.ricom-web8.com\/gestions\/#\/schema\/person\/image\/","url":"https:\/\/secure.gravatar.com\/avatar\/1a0d93e6db5dbe7dac96bae4757d256f?s=96&d=mm&r=g","contentUrl":"https:\/\/secure.gravatar.com\/avatar\/1a0d93e6db5dbe7dac96bae4757d256f?s=96&d=mm&r=g","caption":"Gestions hospitali\u00e8res"},"url":"https:\/\/www.ricom-web8.com\/gestions\/author\/benjamin\/"}]}},"_links":{"self":[{"href":"https:\/\/www.ricom-web8.com\/gestions\/wp-json\/wp\/v2\/posts\/41873","targetHints":{"allow":["GET"]}}],"collection":[{"href":"https:\/\/www.ricom-web8.com\/gestions\/wp-json\/wp\/v2\/posts"}],"about":[{"href":"https:\/\/www.ricom-web8.com\/gestions\/wp-json\/wp\/v2\/types\/post"}],"author":[{"embeddable":true,"href":"https:\/\/www.ricom-web8.com\/gestions\/wp-json\/wp\/v2\/users\/23133"}],"replies":[{"embeddable":true,"href":"https:\/\/www.ricom-web8.com\/gestions\/wp-json\/wp\/v2\/comments?post=41873"}],"version-history":[{"count":0,"href":"https:\/\/www.ricom-web8.com\/gestions\/wp-json\/wp\/v2\/posts\/41873\/revisions"}],"wp:attachment":[{"href":"https:\/\/www.ricom-web8.com\/gestions\/wp-json\/wp\/v2\/media?parent=41873"}],"wp:term":[{"taxonomy":"category","embeddable":true,"href":"https:\/\/www.ricom-web8.com\/gestions\/wp-json\/wp\/v2\/categories?post=41873"},{"taxonomy":"post_tag","embeddable":true,"href":"https:\/\/www.ricom-web8.com\/gestions\/wp-json\/wp\/v2\/tags?post=41873"}],"curies":[{"name":"wp","href":"https:\/\/api.w.org\/{rel}","templated":true}]}}