

{"id":42025,"date":"2020-07-01T15:00:48","date_gmt":"2020-07-01T13:00:48","guid":{"rendered":"https:\/\/gestions-hospitalieres.fr\/?p=42025"},"modified":"2020-07-21T14:29:17","modified_gmt":"2020-07-21T12:29:17","slug":"tracts-de-crise-un-virus-et-des-hommes-18-mars-11-mai-2020","status":"publish","type":"post","link":"https:\/\/www.ricom-web8.com\/gestions\/tracts-de-crise-un-virus-et-des-hommes-18-mars-11-mai-2020\/","title":{"rendered":"Tracts de crise <br\/><span style=\"font-size: 80%\">Un virus et des hommes<\/span>"},"content":{"rendered":"<span class=\"span-reading-time rt-reading-time\" style=\"display: block;\"><span class=\"rt-label rt-prefix\">Temps de lecture\u00a0: <\/span> <span class=\"rt-time\"> &lt;\u00a01<\/span> <span class=\"rt-label rt-postfix\">minute<\/span><\/span><p>Ce n\u2019est pas n\u00e9cessairement le livre conseill\u00e9 pour passer un bel \u00e9t\u00e9. Pendant le confinement, des personnalit\u00e9s ont r\u00e9dig\u00e9 des pages sur leur ressenti ou leur analyse. Ces pages ont \u00e9t\u00e9 mises en lignes gratuitement. Je ne suis pas parvenu \u00e0 les lire lors de leur diffusion quotidienne. Le sujet \u00e9tait v\u00e9cu et sa retranscription directe n\u2019\u00e9tait pas un sujet. L\u2019ensemble de ces textes est aujourd\u2019hui publi\u00e9 au profit de la Fondation de l\u2019AP-HP pour la recherche. Le temps passe si vite que quelques semaines suffisent \u00e0 en faire un t\u00e9moignage historique, \u00e0 feuilleter de temps en temps et \u00e0 conserver pour les g\u00e9n\u00e9rations futures.<\/p>\n<p><i>\u00ab\u2009Le virus de notre toute-puissance a fait mille fois plus de d\u00e9g\u00e2ts, de souffrance, de morts que ce pauvre coronavirus. \u00bb<\/i> Ren\u00e9 Fr\u00e9gni, \u00ab\u2009Les jours barbares\u2009\u00bb<\/p>\n<p><strong>Infos<\/strong> Tracts Gallimard, juin 2020, 560 pages, 17 \u20ac<\/p>\n<p><img decoding=\"async\" class=\"alignnone size-medium wp-image-42008\" src=\"https:\/\/gestions-hospitalieres.fr\/wp-content\/uploads\/2020\/07\/Tracts-de-crise-214x300.jpg\" alt=\"\" width=\"214\" height=\"300\" srcset=\"https:\/\/www.ricom-web8.com\/gestions\/wp-content\/uploads\/2020\/07\/Tracts-de-crise-214x300.jpg 214w, https:\/\/www.ricom-web8.com\/gestions\/wp-content\/uploads\/2020\/07\/Tracts-de-crise-729x1024.jpg 729w, https:\/\/www.ricom-web8.com\/gestions\/wp-content\/uploads\/2020\/07\/Tracts-de-crise-768x1079.jpg 768w, https:\/\/www.ricom-web8.com\/gestions\/wp-content\/uploads\/2020\/07\/Tracts-de-crise-1093x1536.jpg 1093w, https:\/\/www.ricom-web8.com\/gestions\/wp-content\/uploads\/2020\/07\/Tracts-de-crise-1458x2048.jpg 1458w, https:\/\/www.ricom-web8.com\/gestions\/wp-content\/uploads\/2020\/07\/Tracts-de-crise.jpg 712w\" sizes=\"(max-width: 214px) 100vw, 214px\" \/><\/p>\n<script>function PlayerjsAsync(){} if(window[\"Playerjs\"]){PlayerjsAsync();}<\/script>","protected":false},"excerpt":{"rendered":"<p><span class=\"span-reading-time rt-reading-time\" style=\"display: block;\"><span class=\"rt-label rt-prefix\">Temps de lecture\u00a0: <\/span> <span class=\"rt-time\"> &lt;\u00a01<\/span> <span class=\"rt-label rt-postfix\">minute<\/span><\/span>Ce n\u2019est pas n\u00e9cessairement le livre conseill\u00e9 pour passer un bel \u00e9t\u00e9. Pendant le confinement, des personnalit\u00e9s ont r\u00e9dig\u00e9 des pages sur leur ressenti ou leur analyse. Ces pages ont \u00e9t\u00e9 mises en lignes gratuitement. Je ne suis pas parvenu \u00e0 les lire lors de leur diffusion quotidienne. Le sujet \u00e9tait v\u00e9cu et sa retranscription directe n\u2019\u00e9tait pas un sujet. L\u2019ensemble de ces textes est aujourd\u2019hui publi\u00e9 au profit de&hellip; <\/p>\n","protected":false},"author":23133,"featured_media":0,"comment_status":"open","ping_status":"closed","sticky":false,"template":"","format":"standard","meta":{"_acf_changed":false,"_relevanssi_hide_post":"","_relevanssi_hide_content":"","_relevanssi_pin_for_all":"","_relevanssi_pin_keywords":"","_relevanssi_unpin_keywords":"","_relevanssi_related_keywords":"","_relevanssi_related_include_ids":"","_relevanssi_related_exclude_ids":"","_relevanssi_related_no_append":"","_relevanssi_related_not_related":"","_relevanssi_related_posts":"","_relevanssi_noindex_reason":"","footnotes":""},"categories":[2,6515],"tags":[2125,8007,7926,748,8005,8022],"class_list":["post-42025","post","type-post","status-publish","format-standard","hentry","category-gestions-hospitalieres","category-livres","tag-collectif","tag-gallimard","tag-lecture","tag-livre","tag-tracts-de-crise","tag-un-virus-et-des-hommes"],"acf":[],"yoast_head":"<!-- This site is optimized with the Yoast SEO plugin v24.8.1 - https:\/\/yoast.com\/wordpress\/plugins\/seo\/ -->\n<title>Tracts de crise Un virus et des hommes - Gestions hospitali\u00e8res<\/title>\n<meta name=\"robots\" content=\"index, follow, max-snippet:-1, max-image-preview:large, max-video-preview:-1\" \/>\n<link rel=\"canonical\" href=\"https:\/\/www.ricom-web8.com\/gestions\/tracts-de-crise-un-virus-et-des-hommes-18-mars-11-mai-2020\/\" \/>\n<meta property=\"og:locale\" content=\"fr_FR\" \/>\n<meta property=\"og:type\" content=\"article\" \/>\n<meta property=\"og:title\" content=\"Tracts de crise Un virus et des hommes - Gestions hospitali\u00e8res\" \/>\n<meta property=\"og:description\" content=\"Temps de lecture\u00a0:  &lt;\u00a01 minuteCe n\u2019est pas n\u00e9cessairement le livre conseill\u00e9 pour passer un bel \u00e9t\u00e9. Pendant le confinement, des personnalit\u00e9s ont r\u00e9dig\u00e9 des pages sur leur ressenti ou leur analyse. Ces pages ont \u00e9t\u00e9 mises en lignes gratuitement. Je ne suis pas parvenu \u00e0 les lire lors de leur diffusion quotidienne. Le sujet \u00e9tait v\u00e9cu et sa retranscription directe n\u2019\u00e9tait pas un sujet. L\u2019ensemble de ces textes est aujourd\u2019hui publi\u00e9 au profit de&hellip;\" \/>\n<meta property=\"og:url\" content=\"https:\/\/www.ricom-web8.com\/gestions\/tracts-de-crise-un-virus-et-des-hommes-18-mars-11-mai-2020\/\" \/>\n<meta property=\"og:site_name\" content=\"Gestions hospitali\u00e8res\" \/>\n<meta property=\"article:publisher\" content=\"https:\/\/www.facebook.com\/gestionshospitalieres\/\" \/>\n<meta property=\"article:published_time\" content=\"2020-07-01T13:00:48+00:00\" \/>\n<meta property=\"article:modified_time\" content=\"2020-07-21T12:29:17+00:00\" \/>\n<meta property=\"og:image\" content=\"https:\/\/gestions-hospitalieres.fr\/wp-content\/uploads\/2020\/07\/Tracts-de-crise-214x300.jpg\" \/>\n<meta name=\"author\" content=\"Gestions hospitali\u00e8res\" \/>\n<meta name=\"twitter:card\" content=\"summary_large_image\" \/>\n<meta name=\"twitter:creator\" content=\"@revue_GH\" \/>\n<meta name=\"twitter:site\" content=\"@revue_GH\" \/>\n<meta name=\"twitter:label1\" content=\"\u00c9crit par\" \/>\n\t<meta name=\"twitter:data1\" content=\"Gestions hospitali\u00e8res\" \/>\n\t<meta name=\"twitter:label2\" content=\"Dur\u00e9e de lecture estim\u00e9e\" \/>\n\t<meta name=\"twitter:data2\" content=\"1 minute\" \/>\n<script type=\"application\/ld+json\" class=\"yoast-schema-graph\">{\"@context\":\"https:\/\/schema.org\",\"@graph\":[{\"@type\":\"Article\",\"@id\":\"https:\/\/www.ricom-web8.com\/gestions\/tracts-de-crise-un-virus-et-des-hommes-18-mars-11-mai-2020\/#article\",\"isPartOf\":{\"@id\":\"https:\/\/www.ricom-web8.com\/gestions\/tracts-de-crise-un-virus-et-des-hommes-18-mars-11-mai-2020\/\"},\"author\":{\"name\":\"Gestions hospitali\u00e8res\",\"@id\":\"https:\/\/www.ricom-web8.com\/gestions\/#\/schema\/person\/3ba9fe913190dfe9507feb621e902c1f\"},\"headline\":\"Tracts de crise Un virus et des hommes\",\"datePublished\":\"2020-07-01T13:00:48+00:00\",\"dateModified\":\"2020-07-21T12:29:17+00:00\",\"mainEntityOfPage\":{\"@id\":\"https:\/\/www.ricom-web8.com\/gestions\/tracts-de-crise-un-virus-et-des-hommes-18-mars-11-mai-2020\/\"},\"wordCount\":154,\"commentCount\":0,\"publisher\":{\"@id\":\"https:\/\/www.ricom-web8.com\/gestions\/#organization\"},\"image\":{\"@id\":\"https:\/\/www.ricom-web8.com\/gestions\/tracts-de-crise-un-virus-et-des-hommes-18-mars-11-mai-2020\/#primaryimage\"},\"thumbnailUrl\":\"https:\/\/gestions-hospitalieres.fr\/wp-content\/uploads\/2020\/07\/Tracts-de-crise-214x300.jpg\",\"keywords\":[\"collectif\",\"Gallimard\",\"lecture\",\"livre\",\"Tracts de crise\",\"Un virus et des hommes\"],\"articleSection\":[\"Gestions Hospitali\u00e8res\",\"livres\"],\"inLanguage\":\"fr-FR\",\"potentialAction\":[{\"@type\":\"CommentAction\",\"name\":\"Comment\",\"target\":[\"https:\/\/www.ricom-web8.com\/gestions\/tracts-de-crise-un-virus-et-des-hommes-18-mars-11-mai-2020\/#respond\"]}]},{\"@type\":\"WebPage\",\"@id\":\"https:\/\/www.ricom-web8.com\/gestions\/tracts-de-crise-un-virus-et-des-hommes-18-mars-11-mai-2020\/\",\"url\":\"https:\/\/www.ricom-web8.com\/gestions\/tracts-de-crise-un-virus-et-des-hommes-18-mars-11-mai-2020\/\",\"name\":\"Tracts de crise Un virus et des hommes - Gestions hospitali\u00e8res\",\"isPartOf\":{\"@id\":\"https:\/\/www.ricom-web8.com\/gestions\/#website\"},\"primaryImageOfPage\":{\"@id\":\"https:\/\/www.ricom-web8.com\/gestions\/tracts-de-crise-un-virus-et-des-hommes-18-mars-11-mai-2020\/#primaryimage\"},\"image\":{\"@id\":\"https:\/\/www.ricom-web8.com\/gestions\/tracts-de-crise-un-virus-et-des-hommes-18-mars-11-mai-2020\/#primaryimage\"},\"thumbnailUrl\":\"https:\/\/gestions-hospitalieres.fr\/wp-content\/uploads\/2020\/07\/Tracts-de-crise-214x300.jpg\",\"datePublished\":\"2020-07-01T13:00:48+00:00\",\"dateModified\":\"2020-07-21T12:29:17+00:00\",\"breadcrumb\":{\"@id\":\"https:\/\/www.ricom-web8.com\/gestions\/tracts-de-crise-un-virus-et-des-hommes-18-mars-11-mai-2020\/#breadcrumb\"},\"inLanguage\":\"fr-FR\",\"potentialAction\":[{\"@type\":\"ReadAction\",\"target\":[\"https:\/\/www.ricom-web8.com\/gestions\/tracts-de-crise-un-virus-et-des-hommes-18-mars-11-mai-2020\/\"]}]},{\"@type\":\"ImageObject\",\"inLanguage\":\"fr-FR\",\"@id\":\"https:\/\/www.ricom-web8.com\/gestions\/tracts-de-crise-un-virus-et-des-hommes-18-mars-11-mai-2020\/#primaryimage\",\"url\":\"https:\/\/gestions-hospitalieres.fr\/wp-content\/uploads\/2020\/07\/Tracts-de-crise-214x300.jpg\",\"contentUrl\":\"https:\/\/gestions-hospitalieres.fr\/wp-content\/uploads\/2020\/07\/Tracts-de-crise-214x300.jpg\"},{\"@type\":\"BreadcrumbList\",\"@id\":\"https:\/\/www.ricom-web8.com\/gestions\/tracts-de-crise-un-virus-et-des-hommes-18-mars-11-mai-2020\/#breadcrumb\",\"itemListElement\":[{\"@type\":\"ListItem\",\"position\":1,\"name\":\"Accueil\",\"item\":\"https:\/\/www.ricom-web8.com\/gestions\/\"},{\"@type\":\"ListItem\",\"position\":2,\"name\":\"Tracts de crise Un virus et des hommes\"}]},{\"@type\":\"WebSite\",\"@id\":\"https:\/\/www.ricom-web8.com\/gestions\/#website\",\"url\":\"https:\/\/www.ricom-web8.com\/gestions\/\",\"name\":\"Gestions hospitali\u00e8res\",\"description\":\"la revue des d\u00e9cideurs hospitaliers\",\"publisher\":{\"@id\":\"https:\/\/www.ricom-web8.com\/gestions\/#organization\"},\"potentialAction\":[{\"@type\":\"SearchAction\",\"target\":{\"@type\":\"EntryPoint\",\"urlTemplate\":\"https:\/\/www.ricom-web8.com\/gestions\/?s={search_term_string}\"},\"query-input\":{\"@type\":\"PropertyValueSpecification\",\"valueRequired\":true,\"valueName\":\"search_term_string\"}}],\"inLanguage\":\"fr-FR\"},{\"@type\":\"Organization\",\"@id\":\"https:\/\/www.ricom-web8.com\/gestions\/#organization\",\"name\":\"Gestions hospitali\u00e8res\",\"url\":\"https:\/\/www.ricom-web8.com\/gestions\/\",\"logo\":{\"@type\":\"ImageObject\",\"inLanguage\":\"fr-FR\",\"@id\":\"https:\/\/www.ricom-web8.com\/gestions\/#\/schema\/logo\/image\/\",\"url\":\"https:\/\/gestions-hospitalieres.fr\/wp-content\/uploads\/2017\/02\/picto_Gif-GH-trans.png\",\"contentUrl\":\"https:\/\/gestions-hospitalieres.fr\/wp-content\/uploads\/2017\/02\/picto_Gif-GH-trans.png\",\"width\":512,\"height\":512,\"caption\":\"Gestions hospitali\u00e8res\"},\"image\":{\"@id\":\"https:\/\/www.ricom-web8.com\/gestions\/#\/schema\/logo\/image\/\"},\"sameAs\":[\"https:\/\/www.facebook.com\/gestionshospitalieres\/\",\"https:\/\/x.com\/revue_GH\",\"https:\/\/www.linkedin.com\/company\/gestions-hospitalieres?trk=top_nav_home\"]},{\"@type\":\"Person\",\"@id\":\"https:\/\/www.ricom-web8.com\/gestions\/#\/schema\/person\/3ba9fe913190dfe9507feb621e902c1f\",\"name\":\"Gestions hospitali\u00e8res\",\"image\":{\"@type\":\"ImageObject\",\"inLanguage\":\"fr-FR\",\"@id\":\"https:\/\/www.ricom-web8.com\/gestions\/#\/schema\/person\/image\/\",\"url\":\"https:\/\/secure.gravatar.com\/avatar\/1a0d93e6db5dbe7dac96bae4757d256f?s=96&d=mm&r=g\",\"contentUrl\":\"https:\/\/secure.gravatar.com\/avatar\/1a0d93e6db5dbe7dac96bae4757d256f?s=96&d=mm&r=g\",\"caption\":\"Gestions hospitali\u00e8res\"},\"url\":\"https:\/\/www.ricom-web8.com\/gestions\/author\/benjamin\/\"}]}<\/script>\n<!-- \/ Yoast SEO plugin. -->","yoast_head_json":{"title":"Tracts de crise Un virus et des hommes - Gestions hospitali\u00e8res","robots":{"index":"index","follow":"follow","max-snippet":"max-snippet:-1","max-image-preview":"max-image-preview:large","max-video-preview":"max-video-preview:-1"},"canonical":"https:\/\/www.ricom-web8.com\/gestions\/tracts-de-crise-un-virus-et-des-hommes-18-mars-11-mai-2020\/","og_locale":"fr_FR","og_type":"article","og_title":"Tracts de crise Un virus et des hommes - Gestions hospitali\u00e8res","og_description":"Temps de lecture\u00a0:  &lt;\u00a01 minuteCe n\u2019est pas n\u00e9cessairement le livre conseill\u00e9 pour passer un bel \u00e9t\u00e9. Pendant le confinement, des personnalit\u00e9s ont r\u00e9dig\u00e9 des pages sur leur ressenti ou leur analyse. Ces pages ont \u00e9t\u00e9 mises en lignes gratuitement. Je ne suis pas parvenu \u00e0 les lire lors de leur diffusion quotidienne. Le sujet \u00e9tait v\u00e9cu et sa retranscription directe n\u2019\u00e9tait pas un sujet. L\u2019ensemble de ces textes est aujourd\u2019hui publi\u00e9 au profit de&hellip;","og_url":"https:\/\/www.ricom-web8.com\/gestions\/tracts-de-crise-un-virus-et-des-hommes-18-mars-11-mai-2020\/","og_site_name":"Gestions hospitali\u00e8res","article_publisher":"https:\/\/www.facebook.com\/gestionshospitalieres\/","article_published_time":"2020-07-01T13:00:48+00:00","article_modified_time":"2020-07-21T12:29:17+00:00","og_image":[{"url":"https:\/\/gestions-hospitalieres.fr\/wp-content\/uploads\/2020\/07\/Tracts-de-crise-214x300.jpg","type":"","width":"","height":""}],"author":"Gestions hospitali\u00e8res","twitter_card":"summary_large_image","twitter_creator":"@revue_GH","twitter_site":"@revue_GH","twitter_misc":{"\u00c9crit par":"Gestions hospitali\u00e8res","Dur\u00e9e de lecture estim\u00e9e":"1 minute"},"schema":{"@context":"https:\/\/schema.org","@graph":[{"@type":"Article","@id":"https:\/\/www.ricom-web8.com\/gestions\/tracts-de-crise-un-virus-et-des-hommes-18-mars-11-mai-2020\/#article","isPartOf":{"@id":"https:\/\/www.ricom-web8.com\/gestions\/tracts-de-crise-un-virus-et-des-hommes-18-mars-11-mai-2020\/"},"author":{"name":"Gestions hospitali\u00e8res","@id":"https:\/\/www.ricom-web8.com\/gestions\/#\/schema\/person\/3ba9fe913190dfe9507feb621e902c1f"},"headline":"Tracts de crise Un virus et des hommes","datePublished":"2020-07-01T13:00:48+00:00","dateModified":"2020-07-21T12:29:17+00:00","mainEntityOfPage":{"@id":"https:\/\/www.ricom-web8.com\/gestions\/tracts-de-crise-un-virus-et-des-hommes-18-mars-11-mai-2020\/"},"wordCount":154,"commentCount":0,"publisher":{"@id":"https:\/\/www.ricom-web8.com\/gestions\/#organization"},"image":{"@id":"https:\/\/www.ricom-web8.com\/gestions\/tracts-de-crise-un-virus-et-des-hommes-18-mars-11-mai-2020\/#primaryimage"},"thumbnailUrl":"https:\/\/gestions-hospitalieres.fr\/wp-content\/uploads\/2020\/07\/Tracts-de-crise-214x300.jpg","keywords":["collectif","Gallimard","lecture","livre","Tracts de crise","Un virus et des hommes"],"articleSection":["Gestions Hospitali\u00e8res","livres"],"inLanguage":"fr-FR","potentialAction":[{"@type":"CommentAction","name":"Comment","target":["https:\/\/www.ricom-web8.com\/gestions\/tracts-de-crise-un-virus-et-des-hommes-18-mars-11-mai-2020\/#respond"]}]},{"@type":"WebPage","@id":"https:\/\/www.ricom-web8.com\/gestions\/tracts-de-crise-un-virus-et-des-hommes-18-mars-11-mai-2020\/","url":"https:\/\/www.ricom-web8.com\/gestions\/tracts-de-crise-un-virus-et-des-hommes-18-mars-11-mai-2020\/","name":"Tracts de crise Un virus et des hommes - Gestions hospitali\u00e8res","isPartOf":{"@id":"https:\/\/www.ricom-web8.com\/gestions\/#website"},"primaryImageOfPage":{"@id":"https:\/\/www.ricom-web8.com\/gestions\/tracts-de-crise-un-virus-et-des-hommes-18-mars-11-mai-2020\/#primaryimage"},"image":{"@id":"https:\/\/www.ricom-web8.com\/gestions\/tracts-de-crise-un-virus-et-des-hommes-18-mars-11-mai-2020\/#primaryimage"},"thumbnailUrl":"https:\/\/gestions-hospitalieres.fr\/wp-content\/uploads\/2020\/07\/Tracts-de-crise-214x300.jpg","datePublished":"2020-07-01T13:00:48+00:00","dateModified":"2020-07-21T12:29:17+00:00","breadcrumb":{"@id":"https:\/\/www.ricom-web8.com\/gestions\/tracts-de-crise-un-virus-et-des-hommes-18-mars-11-mai-2020\/#breadcrumb"},"inLanguage":"fr-FR","potentialAction":[{"@type":"ReadAction","target":["https:\/\/www.ricom-web8.com\/gestions\/tracts-de-crise-un-virus-et-des-hommes-18-mars-11-mai-2020\/"]}]},{"@type":"ImageObject","inLanguage":"fr-FR","@id":"https:\/\/www.ricom-web8.com\/gestions\/tracts-de-crise-un-virus-et-des-hommes-18-mars-11-mai-2020\/#primaryimage","url":"https:\/\/gestions-hospitalieres.fr\/wp-content\/uploads\/2020\/07\/Tracts-de-crise-214x300.jpg","contentUrl":"https:\/\/gestions-hospitalieres.fr\/wp-content\/uploads\/2020\/07\/Tracts-de-crise-214x300.jpg"},{"@type":"BreadcrumbList","@id":"https:\/\/www.ricom-web8.com\/gestions\/tracts-de-crise-un-virus-et-des-hommes-18-mars-11-mai-2020\/#breadcrumb","itemListElement":[{"@type":"ListItem","position":1,"name":"Accueil","item":"https:\/\/www.ricom-web8.com\/gestions\/"},{"@type":"ListItem","position":2,"name":"Tracts de crise Un virus et des hommes"}]},{"@type":"WebSite","@id":"https:\/\/www.ricom-web8.com\/gestions\/#website","url":"https:\/\/www.ricom-web8.com\/gestions\/","name":"Gestions hospitali\u00e8res","description":"la revue des d\u00e9cideurs hospitaliers","publisher":{"@id":"https:\/\/www.ricom-web8.com\/gestions\/#organization"},"potentialAction":[{"@type":"SearchAction","target":{"@type":"EntryPoint","urlTemplate":"https:\/\/www.ricom-web8.com\/gestions\/?s={search_term_string}"},"query-input":{"@type":"PropertyValueSpecification","valueRequired":true,"valueName":"search_term_string"}}],"inLanguage":"fr-FR"},{"@type":"Organization","@id":"https:\/\/www.ricom-web8.com\/gestions\/#organization","name":"Gestions hospitali\u00e8res","url":"https:\/\/www.ricom-web8.com\/gestions\/","logo":{"@type":"ImageObject","inLanguage":"fr-FR","@id":"https:\/\/www.ricom-web8.com\/gestions\/#\/schema\/logo\/image\/","url":"https:\/\/gestions-hospitalieres.fr\/wp-content\/uploads\/2017\/02\/picto_Gif-GH-trans.png","contentUrl":"https:\/\/gestions-hospitalieres.fr\/wp-content\/uploads\/2017\/02\/picto_Gif-GH-trans.png","width":512,"height":512,"caption":"Gestions hospitali\u00e8res"},"image":{"@id":"https:\/\/www.ricom-web8.com\/gestions\/#\/schema\/logo\/image\/"},"sameAs":["https:\/\/www.facebook.com\/gestionshospitalieres\/","https:\/\/x.com\/revue_GH","https:\/\/www.linkedin.com\/company\/gestions-hospitalieres?trk=top_nav_home"]},{"@type":"Person","@id":"https:\/\/www.ricom-web8.com\/gestions\/#\/schema\/person\/3ba9fe913190dfe9507feb621e902c1f","name":"Gestions hospitali\u00e8res","image":{"@type":"ImageObject","inLanguage":"fr-FR","@id":"https:\/\/www.ricom-web8.com\/gestions\/#\/schema\/person\/image\/","url":"https:\/\/secure.gravatar.com\/avatar\/1a0d93e6db5dbe7dac96bae4757d256f?s=96&d=mm&r=g","contentUrl":"https:\/\/secure.gravatar.com\/avatar\/1a0d93e6db5dbe7dac96bae4757d256f?s=96&d=mm&r=g","caption":"Gestions hospitali\u00e8res"},"url":"https:\/\/www.ricom-web8.com\/gestions\/author\/benjamin\/"}]}},"_links":{"self":[{"href":"https:\/\/www.ricom-web8.com\/gestions\/wp-json\/wp\/v2\/posts\/42025","targetHints":{"allow":["GET"]}}],"collection":[{"href":"https:\/\/www.ricom-web8.com\/gestions\/wp-json\/wp\/v2\/posts"}],"about":[{"href":"https:\/\/www.ricom-web8.com\/gestions\/wp-json\/wp\/v2\/types\/post"}],"author":[{"embeddable":true,"href":"https:\/\/www.ricom-web8.com\/gestions\/wp-json\/wp\/v2\/users\/23133"}],"replies":[{"embeddable":true,"href":"https:\/\/www.ricom-web8.com\/gestions\/wp-json\/wp\/v2\/comments?post=42025"}],"version-history":[{"count":0,"href":"https:\/\/www.ricom-web8.com\/gestions\/wp-json\/wp\/v2\/posts\/42025\/revisions"}],"wp:attachment":[{"href":"https:\/\/www.ricom-web8.com\/gestions\/wp-json\/wp\/v2\/media?parent=42025"}],"wp:term":[{"taxonomy":"category","embeddable":true,"href":"https:\/\/www.ricom-web8.com\/gestions\/wp-json\/wp\/v2\/categories?post=42025"},{"taxonomy":"post_tag","embeddable":true,"href":"https:\/\/www.ricom-web8.com\/gestions\/wp-json\/wp\/v2\/tags?post=42025"}],"curies":[{"name":"wp","href":"https:\/\/api.w.org\/{rel}","templated":true}]}}