

{"id":42035,"date":"2020-07-01T15:36:39","date_gmt":"2020-07-01T13:36:39","guid":{"rendered":"https:\/\/gestions-hospitalieres.fr\/?p=42035"},"modified":"2020-10-13T11:15:45","modified_gmt":"2020-10-13T09:15:45","slug":"lectures-geographiques-2-aujourdhui-plus-qu-hier-et-moins-bien-que-demain","status":"publish","type":"post","link":"https:\/\/www.ricom-web8.com\/gestions\/lectures-geographiques-2-aujourdhui-plus-qu-hier-et-moins-bien-que-demain\/","title":{"rendered":"Lectures g\u00e9ographiques\/2"},"content":{"rendered":"<span class=\"span-reading-time rt-reading-time\" style=\"display: block;\"><span class=\"rt-label rt-prefix\">Temps de lecture\u00a0: <\/span> <span class=\"rt-time\"> 10<\/span> <span class=\"rt-label rt-postfix\">minutes<\/span><\/span><h1>Donn\u00e9es limit\u00e9es et cl\u00e9s g\u00e9o-historiques<\/h1>\n<p>Les donn\u00e9es quantitatives sont bien imparfaites, aujourd\u2019hui comme hier. En temps de crise, la collecte des donn\u00e9es n\u2019est pas chose ais\u00e9e. Relatant en 1722 la peste survenue \u00e0 Londres en 1665 et utilisant les donn\u00e9es officielles alors recueillies, Daniel Defoe fait dire \u00e0 son narrateur\u2009: \u00ab\u2009J\u2019ai de bonnes raisons de croire que [les bulletins hebdomadaires] ne donn\u00e8rent jamais les chiffres complets, \u00e0 des milliers pr\u00e8s\u2009: la confusion \u00e9tait grande et les charrettes, quand elles enlevaient les morts, travaillaient dans l\u2019obscurit\u00e9 [de la nuit], de sorte qu\u2019en certains endroits on ne tenait pas de comptes [\u2026]. Il convient de bien se repr\u00e9senter la situation en une p\u00e9riode d\u2019aussi affreuse d\u00e9tresse\u2009: comment les gens auraient-ils pu se montrer pr\u00e9cis alors que nombre d\u2019entre eux tombaient malades et mouraient peut-\u00eatre au moment m\u00eame o\u00f9 ils devaient pr\u00e9senter leurs comptes [\u2026]\u2009?<sup class=\"appel\" data-toggle=\"modal\" data-target=\"#notes\">(1)<\/sup>\u2009\u00bb<span class=\"Apple-converted-space\">\u00a0<\/span><\/p>\n<p>Aujourd\u2019hui, alors que l\u2019\u00e9pid\u00e9mie s\u2019\u00e9loigne ou marque un r\u00e9pit, de nombreux chiffres d\u2019il y a 15\u00a0jours sont r\u00e9\u00e9valu\u00e9s, en France comme partout dans le monde. En France m\u00eame, personne ne peut dire combien de gens sont morts de la maladie du Covid-19 et il faudra attendre peut-\u00eatre plusieurs ann\u00e9es pour le savoir. Encore ne s\u2019agira-t-il que d\u2019une estimation, car cela ne sera obtenu que par comparaison avec la mortalit\u00e9 des ann\u00e9es encadrantes. En effet, si les d\u00e9clarations, sur certificat de d\u00e9c\u00e8s, de la cause imm\u00e9diate de d\u00e9c\u00e8s et de la cause initiale de la mort sont obligatoires, il y a, notamment en p\u00e9riode d\u2019\u00e9pid\u00e9mie, beaucoup de d\u00e9clarations impr\u00e9cises. Au surplus, on n\u2019a bien s\u00fbr pas pu tester tous les d\u00e9c\u00e8s, le seul moyen de s\u2019assurer de la cause virale.<\/p>\n<p>Il serait vain de vouloir surmonter ces impr\u00e9cisions. Beaucoup sont involontaires, d\u2019autres sans doute pas. Elles seraient du reste en elles-m\u00eames tr\u00e8s int\u00e9ressantes \u00e0 \u00e9tudier d\u2019un point de vue g\u00e9opolitique. Quels sont les pays o\u00f9 les erreurs sont les plus \u00e9videntes et, partant, les plus volontaires\u2009? La g\u00e9ographie se fait ici g\u00e9opolitique et peut, par son analyse, mettre en \u00e9vidence les jeux d\u2019acteurs. C\u2019est en soi-m\u00eame un sujet d\u2019\u00e9tude \u00e0 mener. Mais, l\u00e0 encore, il est trop t\u00f4t pour le faire. On peut en revanche constituer un abondant corpus de coupures de presse et de vid\u00e9os.<\/p>\n<p>Il est vain de comparer les chiffres de tel pays avec ceux d\u2019un autre. Trop d\u2019int\u00e9r\u00eats s\u2019y m\u00ealent. Mais les chiffres font r\u00e9f\u00e9rence \u00e0 des dates pr\u00e9cises qui, elles, ne sont pas fauss\u00e9es. Ils permettent donc de suivre la marche de l\u2019\u00e9pid\u00e9mie, d\u2019autant que ce qu\u2019on appelle poliment les \u00ab\u2009biais de d\u00e9claration\u2009\u00bb sont des biais syst\u00e9matiques et constants. C\u2019est du moins, comme on dit, \u00ab\u2009l\u2019hypoth\u00e8se la moins co\u00fbteuse\u2009\u00bb que l\u2019on peut faire, sauf \u00e0 ne rien faire.<\/p>\n<p>Quelles que soient les \u00e9pid\u00e9mies que l\u2019on consid\u00e8re et leur intensit\u00e9 r\u00e9elle, elles ont en commun des caract\u00e9ristiques g\u00e9ographiques qui se r\u00e9v\u00e8lent aux diff\u00e9rentes \u00e9chelles d\u2019analyse. Ces observations permettent davantage de poser des questions que de donner des explications toutes faites. C\u2019est ce qu\u2019on appelle la \u00ab\u2009vertu heuristique\u2009\u00bb de la g\u00e9ographie. Heuristique\u2009? Qui sert \u00e0 d\u00e9couvrir. La carte, plus encore la confrontation de deux cartes, ne prouve rien\u2009: elle montre mais ne d\u00e9montre pas. Jamais. Elle permet toutefois de formuler des hypoth\u00e8ses de recherche. Et lorsque les observations se r\u00e9p\u00e8tent, elles forment ce que nous avons appel\u00e9 un \u00ab\u2009faisceau convergent d\u2019explications causales<sup class=\"appel\" data-toggle=\"modal\" data-target=\"#notes\">(2)<\/sup>\u00bb. Mais en mati\u00e8re d\u2019\u00e9pid\u00e9mies, il y a beaucoup \u00e0 retirer des pr\u00e9c\u00e9dentes. Par de tr\u00e8s nombreux aspects, les choses se r\u00e9p\u00e8tent et l\u2019on a souvent l\u2019impression, en parlant d\u2019hier, de parler d\u2019aujourd\u2019hui sans faire d\u2019anachronisme.<\/p>\n<h1>D\u2019o\u00f9 vient l\u2019\u00e9pid\u00e9mie\u2009?<span class=\"Apple-converted-space\">\u00a0<\/span><\/h1>\n<h2>De plus en plus loin \u00e0 la faveur de la mondialisation<\/h2>\n<p>Il se m\u00eale toujours dans la diffusion des donn\u00e9es des postures et des int\u00e9r\u00eats qui doivent nous faire prendre les chiffres avec pr\u00e9caution. Cela \u00e9tait vrai hier comme ce l\u2019est aujourd\u2019hui. Accuser les Chinois est une vieille tradition, au moins depuis le Moyen \u00c2ge, mais il est vrai qu\u2019au Moyen \u00c2ge, tout ou presque est qualifi\u00e9 de \u00ab\u2009chinois\u2009\u00bb \u00e0 partir de la Perse. Au Bas-Empire, on accuse les Huns alors m\u00eame que ce sont eux qui sont victimes de la peste, ce qui, bien plus que leur d\u00e9faite aux champs Catalauniques<sup class=\"appel\" data-toggle=\"modal\" data-target=\"#notes\">(3)<\/sup>, explique leur reflux vers la Volga. En revanche, ce sont bien eux qui ont apport\u00e9 la peste bovine en Europe. Les juifs aussi sont des \u00e9trangers, qu\u2019on dit venus d\u2019Egypte, comme la peste, celle de Justinien. Au surplus, ils sont le peuple d\u00e9\u00efcide. Accuser les juifs d\u2019empoisonner les puits est encore courant au xix<sup>e<\/sup> si\u00e8cle, comme au XX<sup>e<\/sup>. En 1348-1349, au fur et \u00e0 mesure de la p\u00e9n\u00e9tration de la peste en Europe, les pogroms se multiplient sur la base de ces accusations. En trois ans, dans pr\u00e8s de 500 villes d\u2019Europe, les communaut\u00e9s sont d\u00e9cim\u00e9es. En France, l\u2019un des \u00e9pisodes les plus tragiques, le massacre de la Saint-Valentin, eut lieu au c\u0153ur m\u00eame du pays ashk\u00e9naze le 14 f\u00e9vrier 1349 \u00e0 Strasbourg, o\u00f9 2\u2009000 \u00a0juifs furent massacr\u00e9s et br\u00fbl\u00e9s. De telles accusations sont encore port\u00e9es en 1832 lors de la grande \u00e9pid\u00e9mie de chol\u00e9ra<sup class=\"appel\" data-toggle=\"modal\" data-target=\"#notes\">(4)<\/sup>.<span class=\"Apple-converted-space\">\u00a0<\/span><\/p>\n<p>Plus pr\u00e8s de nous, en 1918, le contexte de guerre augmente cette x\u00e9nophobie quand survient la grippe \u00ab\u2009espagnole\u2009\u00bb. L\u2019Espagne n\u2019est pas seule vis\u00e9e\u2009: la d\u00e9fiance vis-\u00e0-vis de l\u2019\u00e9tranger s\u2019\u00e9tend tous azimuts. La grippe viendrait du p\u00e9nitencier de Sing-Sing. Sing-Sing, c\u2019est dans l\u2019\u00c9tat de New York, sur les bords de l\u2019Hudson et c\u2019est de l\u2019algonquin, mais peu importe, \u00e7a sonne assez chinois. <i>Sing sing, tchin tchin<\/i>. En France, on commence par soup\u00e7onner les Indochinois, les \u00ab\u2009Annamites\u2009\u00bb, venus faire tourner les usines ou incorpor\u00e9s dans l\u2019arm\u00e9e, pour l\u2019essentiel, au sein de bataillons d\u2019\u00e9tape. Mal log\u00e9s, mal nourris, mal adapt\u00e9s au climat, ils payent, parmi les premiers, un lourd tribut \u00e0 la grippe. Et puis, dans \u00ab\u2009indochinois\u2009\u00bb, il y a \u00ab\u2009chinois\u2009\u00bb. La \u00ab\u2009pneumonie des Annamites\u2009\u00bb d\u00e9crit les surinfections pulmonaires cons\u00e9cutives de la grippe, un qualificatif qui se veut scientifique. Bient\u00f4t, la grippe attaque les Alg\u00e9riens, les Martiniquais enr\u00f4l\u00e9s dans le conflit. Le racisme colonial transpire des colonnes des comptes-rendus m\u00e9dicaux<sup class=\"appel\" data-toggle=\"modal\" data-target=\"#notes\">(5)<\/sup>.<span class=\"Apple-converted-space\">\u00a0<\/span><\/p>\n<p>Pour les Allemands, la grippe est celle des Flandres\u2009; pour les Fran\u00e7ais, elle est allemande ou \u00ab\u2009suisse\u2009\u00bb, car c\u2019est par ce pays que transitent les prisonniers fran\u00e7ais \u00e9chang\u00e9s avec ceux allemands par l\u2019interm\u00e9diaire de la Croix-Rouge. De temps \u00e0 autre, la grippe est \u00ab\u2009am\u00e9ricaine\u2009\u00bb, ce qui cadre bien avec l\u2019id\u00e9e qu\u2019on se fait de l\u2019Am\u00e9rique\u2009: des villes o\u00f9 r\u00e8gnent des gangsters, des terres quasi vierges \u00e9cum\u00e9es par de patibulaires <i>outlaws<\/i>. Mais cela ne peut pas se dire trop haut\u2009: les cow-boys et les fermiers de la prairie sont nos lib\u00e9rateurs. Il n\u2019emp\u00eache, l\u2019image des \u00c9tats-Unis qu\u2019ont en 1918 bien des Fran\u00e7ais, c\u2019est celle de mangeurs de singe (le <i>corned-beef<\/i>, nourriture des tranch\u00e9es) ou celle du Buffalo Bill Wild West Show que trois millions de Fran\u00e7ais viennent voir en 1905, sur le champ de Mars, juste sous les fen\u00eatres de ce qui sera plus tard la D\u00e9l\u00e9gation interminist\u00e9rielle \u00e0 l\u2019am\u00e9nagement du territoire et \u00e0 l\u2019attractivit\u00e9 r\u00e9gionale (Datar). Les deux faits sont authentiques. Ils m\u2019ont \u00e9t\u00e9 cont\u00e9s maintes fois par mon grand-p\u00e8re, Paul Vigneron, alors jeune Parisien et plus tard caporal cit\u00e9 aux \u00c9parges. D\u2019ailleurs, la grippe viendrait de camps militaires au Kensas, c\u2019est dire. Ailleurs dans le monde, la grippe est tour \u00e0 tour fran\u00e7aise en Espagne, br\u00e9silienne en Afrique occidentale fran\u00e7aise, britannique en Iran et bien s\u00fbr bolch\u00e9vique en Pologne.<span class=\"Apple-converted-space\">\u00a0<\/span><\/p>\n<p>Mais revenons \u00e0 ce qualificatif d\u2019espagnol. L\u2019Espagne, qui n\u2019est pas une nation bellig\u00e9rante, reconna\u00eet la premi\u00e8re l\u2019importance de l\u2019\u00e9pid\u00e9mie au travers de sa presse, moins musel\u00e9e par la censure que celle des pays en guerre. Les journaux espagnols n\u2019h\u00e9sitent pas \u00e0 publier que le roi, son premier ministre et de tr\u00e8s nombreux Espagnols sont malades. Au d\u00e9but, c\u2019est la presse anglaise qui nomme ainsi la grippe, je crois simplement pour en souligner la virulence, comparable \u00e0 celle de 1889 qui aurait fait 200\u2009000\u00a0morts en Espagne en une semaine. C\u2019est une l\u00e9gende compl\u00e8te. La grippe de 1889 n\u2019a pas tu\u00e9 plus de 250\u2009000\u00a0personnes en Europe et se caract\u00e9rise justement par sa faible mortalit\u00e9, y compris en Espagne. Mais peu importe, la presse, d\u00e9j\u00e0, ne s\u2019arr\u00eate pas \u00e0 ce genre de d\u00e9tail. Tout simplement, au plan symptomatique et clinique, la maladie ressemble bien \u00e0 celle de 1889. C\u2019est la premi\u00e8re grippe scientifiquement \u00e9tudi\u00e9e et catalogu\u00e9e. Elle aurait \u00e9t\u00e9 particuli\u00e8rement importante en Espagne o\u00f9 on la nomme <i>Influenza<\/i>. D\u00e8s le 1<sup>er<\/sup> octobre 1918, le grand m\u00e9decin fran\u00e7ais Arnold Netter d\u00e9nie \u00e0 l\u2019\u00e9pid\u00e9mie une identit\u00e9 nouvelle et la rattache \u00e0 l\u2019<i>influenza<\/i>, terme plus pr\u00e9cis que \u00ab\u2009grippe\u2009\u00bb, vague et d\u00e9riv\u00e9. La grippe, c\u2019est ce qui vous prend brusquement, rien de plus. Une grippe, dans le fran\u00e7ais d\u2019autrefois, c\u2019est aussi un outil, une griffe, un croc. D\u2019ailleurs depuis la fin du xix<sup>e<\/sup> si\u00e8cle, on parle de grippe-influenza pour bien la distinguer d\u2019autres atteintes. Dans l\u2019esprit d\u2019Arnold Netter, qualifier la grippe d\u2019espagnole ne signifie rien d\u2019autre que souligner son identit\u00e9 clinique avec la grippe de 1889 et la reconna\u00eetre comme cette nouvelle entit\u00e9 clinique qu\u2019on finira par nommer grippe en limitant l\u2019emploi de ce mot, jusqu\u2019alors tr\u00e8s polyvalent.<\/p>\n<p>Va donc pour la r\u00e9f\u00e9rence \u00e0 l\u2019Espagne, surtout en France, o\u00f9 l\u2019on a avec ce royaume un vieux complexe de sup\u00e9riorit\u00e9, \u00e0 moins que ce soit d\u2019inf\u00e9riorit\u00e9. Un contentieux alors r\u00e9activ\u00e9 par l\u2019importante pr\u00e9sence en France d\u2019ouvriers espagnols venus pallier, notamment dans les vignes du Midi, l\u2019absence des Fran\u00e7ais partis \u00e0 la guerre. \u00ab\u2009\u00c0 la fin de la guerre, pr\u00e8s de 250\u2009000\u00a0Espagnols vivaient en France, contre 106\u2009000 en 1911. On con\u00e7oit que ces all\u00e9es et venues de travailleurs migrants aient conduit certains Fran\u00e7ais peut-\u00eatre x\u00e9nophobes \u00e0 leur attribuer injustement la responsabilit\u00e9 du fl\u00e9au.<sup class=\"appel\" data-toggle=\"modal\" data-target=\"#notes\">(6)\u2009<\/sup>\u00bb Rien d\u2019\u00e9tonnant \u00e0 cela. Il faut se souvenir que quelques ann\u00e9es plus t\u00f4t, des travailleurs italiens avaient \u00e9t\u00e9 massacr\u00e9s \u00e0 Aigues-Mortes\u2009; mais cette fois, en 1918, l\u2019Italie \u00e9tait du bon c\u00f4t\u00e9.<span class=\"Apple-converted-space\">\u00a0<\/span><\/p>\n<p>La grippe sera donc espagnole. Ce n\u2019est pas tout fait comme \u00ab\u2009chinois\u2009\u00bb, mais \u00e7a marche aussi. En 1918, <i>Carmen,<\/i> de Georges Bizet, donn\u00e9 pour la premi\u00e8re fois en 1875, est d\u00e9j\u00e0 le <i>blockbuster<\/i> de l\u2019op\u00e9ra fran\u00e7ais. La mode est toujours aux espagnolades. Elle est aussi aux musiques dites \u00ab\u2009descriptives\u2009\u00bb ou \u00ab\u2009\u00e0 programme\u2009\u00bb. Beaucoup de pays se pr\u00eatent du reste \u00e0 ces musiques \u00ab\u2009imitatives\u2009\u00bb ou \u00ab\u2009pittoresques\u2009\u00bb\u2009; cette m\u00eame ann\u00e9e 1918, Francis Poulenc publie l\u2019un de ses \u00ab\u2009tubes\u2009\u00bb, <i>Tor\u00e9ador<\/i>, pour soprano et piano, tandis que le jeune Arthur Honneger termine <i>Le Chant de Nigamon<\/i>, qui repr\u00e9sente un supplice peau-rouge. Ce go\u00fbt de l\u2019exotique est renforc\u00e9 par les succ\u00e8s de l\u2019aventure et ne va pas quand m\u00eame sans un certain m\u00e9pris, en tout cas sans le sentiment de sup\u00e9riorit\u00e9 de la race fran\u00e7aise et celui de son \u00ab\u2009g\u00e9nie\u2009\u00bb comme on dit alors, y compris dans des ouvrages de g\u00e9ographie<sup class=\"appel\" data-toggle=\"modal\" data-target=\"#notes\">(7)<\/sup>. La m\u00eame ann\u00e9e, au th\u00e9\u00e2tre des C\u00e9lestins, \u00e0 Lyon, on donne <i>Les Brigands,<\/i> de Jacques Offenbach, dont le succ\u00e8s ne faiblit pas depuis 1869. Le livret donne du cr\u00e9dit \u00e0 la piste espagnole de la grippe. Et fait la part belle \u00e0 des personnages peu fr\u00e9quentables. D\u2019ailleurs, les Boh\u00e9miens ne sont pas loin derri\u00e8re ces Espagnols qu\u2019en France on voit beaucoup par les yeux de Victor Hugo, dont l\u2019Esmeralda est tout autant appel\u00e9e la Boh\u00e9mienne que l\u2019\u00c9gyptienne. Pendant des si\u00e8cles on a accus\u00e9 tour \u00e0 tour les juifs mais aussi les \u00c9gyptiens et les romanichels d\u2019\u00eatre responsables des \u00e9pid\u00e9mies. Va donc pour les Espagnols. Ce n\u2019est pas d\u2019ailleurs pas la premi\u00e8re fois que la grippe est qualifi\u00e9e d\u2019espagnole, mais l\u2019affaire est alors inconnue de presque tous, comme elle l\u2019est aujourd\u2019hui. Elle vaut d\u2019\u00eatre cit\u00e9e ici pour appuyer notre propos, car elle fait bien comprendre l\u2019arri\u00e8re-plan x\u00e9nophobe, parfois m\u00eame raciste, de ces accusations et leur inanit\u00e9.<\/p>\n<p style=\"text-align: justify;\"><img decoding=\"async\" class=\"alignnone size-medium wp-image-42037\" src=\"https:\/\/gestions-hospitalieres.fr\/wp-content\/uploads\/2020\/07\/Vigneron-image1-206x300.png\" alt=\"\" width=\"206\" height=\"300\" srcset=\"https:\/\/www.ricom-web8.com\/gestions\/wp-content\/uploads\/2020\/07\/Vigneron-image1-206x300.png 206w, https:\/\/www.ricom-web8.com\/gestions\/wp-content\/uploads\/2020\/07\/Vigneron-image1.png 615w\" sizes=\"(max-width: 206px) 100vw, 206px\" \/> <img decoding=\"async\" class=\"alignnone size-medium wp-image-42036\" src=\"https:\/\/gestions-hospitalieres.fr\/wp-content\/uploads\/2020\/07\/424025172-copie-219x300.jpg\" alt=\"\" width=\"219\" height=\"300\" srcset=\"https:\/\/www.ricom-web8.com\/gestions\/wp-content\/uploads\/2020\/07\/424025172-copie-219x300.jpg 219w, https:\/\/www.ricom-web8.com\/gestions\/wp-content\/uploads\/2020\/07\/424025172-copie-748x1024.jpg 748w, https:\/\/www.ricom-web8.com\/gestions\/wp-content\/uploads\/2020\/07\/424025172-copie-768x1052.jpg 768w, https:\/\/www.ricom-web8.com\/gestions\/wp-content\/uploads\/2020\/07\/424025172-copie-1121x1536.jpg 1121w, https:\/\/www.ricom-web8.com\/gestions\/wp-content\/uploads\/2020\/07\/424025172-copie.jpg 730w\" sizes=\"(max-width: 219px) 100vw, 219px\" \/><\/p>\n<p style=\"text-align: justify;\"><b>Affiches pour le recrutement de m\u00e9decins coloniaux 1928<\/b><\/p>\n<p>Le 1<sup>er<\/sup> octobre 1918, Arnold Netter vient expliquer \u00e0 la tribune de l\u2019Acad\u00e9mie nationale de m\u00e9decine que \u00ab\u2009la maladie qui fait \u00e0 l\u2019heure pr\u00e9sente trop de victimes en Europe [\u2026] n\u2019est autre que l\u2019Influenza\u2009\u00bb. Dans son introduction, il rel\u00e8ve que \u00ab\u2009le terme de grippe espagnole, employ\u00e9 couramment, est certainement impropre, s\u2019il implique qu\u2019il s\u2019agit d\u2019une maladie nouvelle ou s\u2019il doit faire penser que la p\u00e9ninsule ib\u00e9rique en a \u00e9t\u00e9 le point d\u2019origine ou le foyer d\u2019\u00e9lection. L\u2019histoire, qui si souvent est une r\u00e9p\u00e9tition, a d\u00e9j\u00e0 vu cette m\u00eame d\u00e9nomination employ\u00e9e d\u2019une fa\u00e7on aussi injustifi\u00e9e d\u00e8s 1580, \u00e9poque o\u00f9 les Allemands d\u00e9signaient la maladie r\u00e9gnante sous le nom de \u201cSpanische Ziep\u201d\u2009\u00bb. \u00ab\u2009D\u00e8s 1580\u2009\u00bb, pr\u00e9cise Arnold Netter et cette date n\u2019est pas anodine. Avec l\u2019\u00e9mancipation progressive des Provinces-Unies, le \u00ab\u2009Si\u00e8cle d\u2019or\u2009\u00bb s\u2019ach\u00e8ve. L\u2019Espagne, o\u00f9 la dynastie des Habsbourg se meurt, ne contr\u00f4le plus ce qu\u2019il se passe au nord-ouest de l\u2019Europe. Commence alors le si\u00e8cle d\u2019or des Provinces-Unies. L\u2019Espagne ne fait plus peur \u00e0 ceux que les monarques d\u2019Europe appelaient les \u00ab\u2009marchands de fromages\u2009\u00bb. L\u2019Espagne, avec ses rois fous, devient partout en Europe objet de moqueries. Dans quelques ann\u00e9es, <i>Don Quichotte de la Manche<\/i> sera publi\u00e9.<\/p>\n<p>Dans un autre registre, souvenons-nous aussi du contexte de 1918\u2009: il n\u2019est pas seulement celui de la Guerre puis de la Victoire, il est aussi celui de la R\u00e9volution en Russie ou, avec la R\u00e9volution d\u2019octobre, se r\u00e9pand la \u00ab\u2009peste bolch\u00e9vique\u2009\u00bb, tr\u00e8s contagieuse, d\u2019autant qu\u2019elle s\u2019accompagne en Russie du r\u00e9veil du typhus, de la dysenterie, du chol\u00e9ra. Mais l\u2019\u00e9pid\u00e9mie qu\u2019on craint le plus en France aux lendemains de la Victoire, c\u2019est bien la peste bolch\u00e9vique, sujet autrement plus dangereux que la grippe \u00ab\u2009espagnole\u2009\u00bb, que c\u2019est presque amoindrir que de l\u2019appeler ainsi.<span class=\"Apple-converted-space\">\u00a0<\/span><\/p>\n<p><img decoding=\"async\" class=\"alignnone size-medium wp-image-42038\" src=\"https:\/\/gestions-hospitalieres.fr\/wp-content\/uploads\/2020\/07\/Vigneron-image4-300x205.png\" alt=\"\" width=\"300\" height=\"205\" srcset=\"https:\/\/www.ricom-web8.com\/gestions\/wp-content\/uploads\/2020\/07\/Vigneron-image4-300x205.png 300w, https:\/\/www.ricom-web8.com\/gestions\/wp-content\/uploads\/2020\/07\/Vigneron-image4.png 548w\" sizes=\"(max-width: 300px) 100vw, 300px\" \/><\/p>\n<p><b>Vignette anticommuniste des Croix de Feu. c.1927-1930<\/b><\/p>\n<p>En effet, les milieux inform\u00e9s ne sont pas dupes. Ils savent bien que la grippe n\u2019est pas espagnole, mais on ne va tout de m\u00eame pas incriminer les \u00c9tats-Unis, et leurs soldats, nos lib\u00e9rateurs\u2009!<span class=\"Apple-converted-space\">\u00a0 <\/span>En 1918, ils sont enfin l\u00e0, en grand nombre et avec du mat\u00e9riel de guerre, beaucoup. On accuse les Boches d\u2019avoir empoisonn\u00e9 les conserves. \u00ab\u2009Apr\u00e8s les gaz de combat, cette derni\u00e8re est, \u00e0 n\u2019en point douter, une nouvelle et terrible invention germanique.<sup class=\"appel\" data-toggle=\"modal\" data-target=\"#notes\">(8)<\/sup>\u00bb Mais \u00e7a ne tient pas longtemps car les Allemands sont tout aussi affect\u00e9s que les Alli\u00e9s et que les pays neutres. En outre, la grippe continue apr\u00e8s le 11 novembre. On retourne donc aux Espagnols. Mais ce n\u2019est bient\u00f4t plus qu\u2019un tic de langage, une commodit\u00e9 car elle est partout en Europe. On reparle de \u00ab\u2009peste pulmonaire apport\u00e9e par des voyageurs venus d\u2019Orient<sup class=\"appel\" data-toggle=\"modal\" data-target=\"#notes\">(9)<\/sup>\u00bb. On sait aujourd\u2019hui que ces \u00ab\u2009voyageurs\u2009\u00bb ne sont peut-\u00eatre bien que des oiseaux migrateurs venus des zones humides slaves ou asiatiques et ayant nich\u00e9 dans la baie de Somme o\u00f9 sont tant de soldats \u2013 notamment autour de l\u2019immense h\u00f4pital militaire franco-britannique d\u2019\u00c9taples et o\u00f9 les premiers cas seraient apparus d\u00e8s 1917<sup class=\"appel\" data-toggle=\"modal\" data-target=\"#notes\">(10)<\/sup>. Mais ces faits sont totalement censur\u00e9s en 1918. C\u2019est un peu comme dans l\u2019actuelle \u00e9pid\u00e9mie, o\u00f9 les premiers cas fran\u00e7ais dateraient en fait de l\u2019automne ou du d\u00e9but de l\u2019hiver 2019. Ni espagnole ni chinoise, la grippe de 1918 serait donc picarde<sup class=\"appel\" data-toggle=\"modal\" data-target=\"#notes\">(11)<\/sup>\u2009! Et aujourd\u2019hui, Wuhan n\u2019est peut-\u00eatre pas le seul endroit du monde o\u00f9 le virus a mut\u00e9 de l\u2019animal \u00e0 l\u2019homme.<\/p>\n<p>Quoi qu\u2019il en soit et qui ne sera peut-\u00eatre jamais d\u00e9m\u00eal\u00e9, l\u2019essentiel est dans cette litanie des noms de lieux d\u2019o\u00f9 proviendrait l\u2019\u00e9pid\u00e9mie. L\u2019\u00e9pid\u00e9mie, c\u2019est l\u2019autre et c\u2019est un autre qui s\u2019\u00e9loigne au fur et \u00e0 mesure que la mondialisation progresse. Hier proche, ashk\u00e9naze, rom, il est d\u00e9sormais presque toujours chinois. C\u2019est dans tous les cas un fantasme chinois. D\u2019o\u00f9 le succ\u00e8s des th\u00e9ories porteuses d\u2019un exotisme de pacotille \u2013 comme les chauves-souris et les pangolins \u2013 ou \u00e0 l\u2019inverse de complots d\u00e9moniaques, \u00e0 l\u2019image du raffinement des supplices chinois dont la conqu\u00eate indochinoise a raviv\u00e9 l\u2019imaginaire dans les hebdomadaires populaires. Tout cela n\u2019est pas s\u00e9rieux et il ne faut pas \u00eatre dupe. Bien s\u00fbr, les \u00e9pid\u00e9mies voyagent, mais nous aussi. En tous sens. Si les premiers cas sont chinois, les Chinois sont fond\u00e9s \u00e0 suspecter qu\u2019ils ont \u00e9t\u00e9 introduits par des voyageurs venus d\u2019Europe ou des \u00c9tats-Unis\u2026 On oublie un peu vite qu\u2019il y a autant de passagers \u00e0 l\u2019aller qu\u2019au retour. Wuhan n\u2019est ni une terre d\u2019\u00e9migration ni une terre d\u2019accueil\u2009: Wuhan est une place de commerce. Wuhan n\u2019est pas davantage un lointain petit bout exotique et myst\u00e9rieux du monde\u2009: c\u2019est une ville tentaculaire de plus de 11\u00a0millions d\u2019habitants reli\u00e9e aux grandes capitales du monde par de nombreux vols quotidiens. Si bien qu\u2019il est de plus en plus difficile de suivre les \u00e9pid\u00e9mies \u00e0 la trace, ce qui apr\u00e8s tout est bien le signe d\u2019un monde d\u00e9sormais totalement int\u00e9gr\u00e9 au sein du village mondial. Mais, encore aujourd\u2019hui, pensons \u00e0 la fa\u00e7on dont en France on a parl\u00e9 de ce qu\u2019il se passait dans certains pays \u00e9trangers\u2009: la Chine d\u2019abord, mais aussi l\u2019Iran, l\u2019Arabie, l\u2019Irak, la Syrie, l\u2019\u00c9gypte, l\u2019Italie, l\u2019Angleterre, les \u00c9tats-Unis, le Br\u00e9sil\u2026 Un v\u00e9ritable itin\u00e9raire, pourtant,<span class=\"Apple-converted-space\">\u00a0 <\/span>des circuits de la mondialisation.<\/p>\n<script>function PlayerjsAsync(){} if(window[\"Playerjs\"]){PlayerjsAsync();}<\/script>","protected":false},"excerpt":{"rendered":"<p><span class=\"span-reading-time rt-reading-time\" style=\"display: block;\"><span class=\"rt-label rt-prefix\">Temps de lecture\u00a0: <\/span> <span class=\"rt-time\"> 10<\/span> <span class=\"rt-label rt-postfix\">minutes<\/span><\/span>Donn\u00e9es limit\u00e9es et cl\u00e9s g\u00e9o-historiques Les donn\u00e9es quantitatives sont bien imparfaites, aujourd\u2019hui comme hier. En temps de crise, la collecte des donn\u00e9es n\u2019est pas chose ais\u00e9e. Relatant en 1722 la peste survenue \u00e0 Londres en 1665 et utilisant les donn\u00e9es officielles alors recueillies, Daniel Defoe fait dire \u00e0 son narrateur\u2009: \u00ab\u2009J\u2019ai de bonnes raisons de croire que [les bulletins hebdomadaires] ne donn\u00e8rent jamais les chiffres complets, \u00e0 des milliers pr\u00e8s\u2009:&hellip; <\/p>\n","protected":false},"author":23133,"featured_media":0,"comment_status":"open","ping_status":"closed","sticky":false,"template":"","format":"standard","meta":{"_acf_changed":false,"_relevanssi_hide_post":"","_relevanssi_hide_content":"","_relevanssi_pin_for_all":"","_relevanssi_pin_keywords":"","_relevanssi_unpin_keywords":"","_relevanssi_related_keywords":"","_relevanssi_related_include_ids":"","_relevanssi_related_exclude_ids":"","_relevanssi_related_no_append":"","_relevanssi_related_not_related":"","_relevanssi_related_posts":"","_relevanssi_noindex_reason":"","footnotes":""},"categories":[7862,2],"tags":[8025,7863,7028,7955,8026,198,7864,8024],"class_list":["post-42035","post","type-post","status-publish","format-standard","hentry","category-covid-19","category-gestions-hospitalieres","tag-chinois","tag-covid-19","tag-epidemie","tag-geographie","tag-grippe-espagnole","tag-histoire","tag-pandemie","tag-semantique"],"acf":[],"yoast_head":"<!-- This site is optimized with the Yoast SEO plugin v24.8.1 - https:\/\/yoast.com\/wordpress\/plugins\/seo\/ -->\n<title>Lectures g\u00e9ographiques\/2 - Gestions hospitali\u00e8res<\/title>\n<meta name=\"robots\" content=\"index, follow, max-snippet:-1, max-image-preview:large, max-video-preview:-1\" \/>\n<link rel=\"canonical\" href=\"https:\/\/www.ricom-web8.com\/gestions\/lectures-geographiques-2-aujourdhui-plus-qu-hier-et-moins-bien-que-demain\/\" \/>\n<meta property=\"og:locale\" content=\"fr_FR\" \/>\n<meta property=\"og:type\" content=\"article\" \/>\n<meta property=\"og:title\" content=\"Lectures g\u00e9ographiques\/2 - Gestions hospitali\u00e8res\" \/>\n<meta property=\"og:description\" content=\"Temps de lecture\u00a0:  10 minutesDonn\u00e9es limit\u00e9es et cl\u00e9s g\u00e9o-historiques Les donn\u00e9es quantitatives sont bien imparfaites, aujourd\u2019hui comme hier. En temps de crise, la collecte des donn\u00e9es n\u2019est pas chose ais\u00e9e. Relatant en 1722 la peste survenue \u00e0 Londres en 1665 et utilisant les donn\u00e9es officielles alors recueillies, Daniel Defoe fait dire \u00e0 son narrateur\u2009: \u00ab\u2009J\u2019ai de bonnes raisons de croire que [les bulletins hebdomadaires] ne donn\u00e8rent jamais les chiffres complets, \u00e0 des milliers pr\u00e8s\u2009:&hellip;\" \/>\n<meta property=\"og:url\" content=\"https:\/\/www.ricom-web8.com\/gestions\/lectures-geographiques-2-aujourdhui-plus-qu-hier-et-moins-bien-que-demain\/\" \/>\n<meta property=\"og:site_name\" content=\"Gestions hospitali\u00e8res\" \/>\n<meta property=\"article:publisher\" content=\"https:\/\/www.facebook.com\/gestionshospitalieres\/\" \/>\n<meta property=\"article:published_time\" content=\"2020-07-01T13:36:39+00:00\" \/>\n<meta property=\"article:modified_time\" content=\"2020-10-13T09:15:45+00:00\" \/>\n<meta property=\"og:image\" content=\"https:\/\/gestions-hospitalieres.fr\/wp-content\/uploads\/2020\/07\/Vigneron-image1-206x300.png\" \/>\n<meta name=\"author\" content=\"Gestions hospitali\u00e8res\" \/>\n<meta name=\"twitter:card\" content=\"summary_large_image\" \/>\n<meta name=\"twitter:creator\" content=\"@revue_GH\" \/>\n<meta name=\"twitter:site\" content=\"@revue_GH\" \/>\n<meta name=\"twitter:label1\" content=\"\u00c9crit par\" \/>\n\t<meta name=\"twitter:data1\" content=\"Gestions hospitali\u00e8res\" \/>\n\t<meta name=\"twitter:label2\" content=\"Dur\u00e9e de lecture estim\u00e9e\" \/>\n\t<meta name=\"twitter:data2\" content=\"16 minutes\" \/>\n<script type=\"application\/ld+json\" class=\"yoast-schema-graph\">{\"@context\":\"https:\/\/schema.org\",\"@graph\":[{\"@type\":\"Article\",\"@id\":\"https:\/\/www.ricom-web8.com\/gestions\/lectures-geographiques-2-aujourdhui-plus-qu-hier-et-moins-bien-que-demain\/#article\",\"isPartOf\":{\"@id\":\"https:\/\/www.ricom-web8.com\/gestions\/lectures-geographiques-2-aujourdhui-plus-qu-hier-et-moins-bien-que-demain\/\"},\"author\":{\"name\":\"Gestions hospitali\u00e8res\",\"@id\":\"https:\/\/www.ricom-web8.com\/gestions\/#\/schema\/person\/3ba9fe913190dfe9507feb621e902c1f\"},\"headline\":\"Lectures g\u00e9ographiques\/2\",\"datePublished\":\"2020-07-01T13:36:39+00:00\",\"dateModified\":\"2020-10-13T09:15:45+00:00\",\"mainEntityOfPage\":{\"@id\":\"https:\/\/www.ricom-web8.com\/gestions\/lectures-geographiques-2-aujourdhui-plus-qu-hier-et-moins-bien-que-demain\/\"},\"wordCount\":3207,\"commentCount\":0,\"publisher\":{\"@id\":\"https:\/\/www.ricom-web8.com\/gestions\/#organization\"},\"image\":{\"@id\":\"https:\/\/www.ricom-web8.com\/gestions\/lectures-geographiques-2-aujourdhui-plus-qu-hier-et-moins-bien-que-demain\/#primaryimage\"},\"thumbnailUrl\":\"https:\/\/gestions-hospitalieres.fr\/wp-content\/uploads\/2020\/07\/Vigneron-image1-206x300.png\",\"keywords\":[\"chinois\",\"Covid-19\",\"\u00e9pid\u00e9mie\",\"g\u00e9ographie\",\"grippe espagnole\",\"histoire\",\"pand\u00e9mie\",\"s\u00e9mantique\"],\"articleSection\":[\"covid-19\",\"Gestions Hospitali\u00e8res\"],\"inLanguage\":\"fr-FR\",\"potentialAction\":[{\"@type\":\"CommentAction\",\"name\":\"Comment\",\"target\":[\"https:\/\/www.ricom-web8.com\/gestions\/lectures-geographiques-2-aujourdhui-plus-qu-hier-et-moins-bien-que-demain\/#respond\"]}]},{\"@type\":\"WebPage\",\"@id\":\"https:\/\/www.ricom-web8.com\/gestions\/lectures-geographiques-2-aujourdhui-plus-qu-hier-et-moins-bien-que-demain\/\",\"url\":\"https:\/\/www.ricom-web8.com\/gestions\/lectures-geographiques-2-aujourdhui-plus-qu-hier-et-moins-bien-que-demain\/\",\"name\":\"Lectures g\u00e9ographiques\/2 - Gestions hospitali\u00e8res\",\"isPartOf\":{\"@id\":\"https:\/\/www.ricom-web8.com\/gestions\/#website\"},\"primaryImageOfPage\":{\"@id\":\"https:\/\/www.ricom-web8.com\/gestions\/lectures-geographiques-2-aujourdhui-plus-qu-hier-et-moins-bien-que-demain\/#primaryimage\"},\"image\":{\"@id\":\"https:\/\/www.ricom-web8.com\/gestions\/lectures-geographiques-2-aujourdhui-plus-qu-hier-et-moins-bien-que-demain\/#primaryimage\"},\"thumbnailUrl\":\"https:\/\/gestions-hospitalieres.fr\/wp-content\/uploads\/2020\/07\/Vigneron-image1-206x300.png\",\"datePublished\":\"2020-07-01T13:36:39+00:00\",\"dateModified\":\"2020-10-13T09:15:45+00:00\",\"breadcrumb\":{\"@id\":\"https:\/\/www.ricom-web8.com\/gestions\/lectures-geographiques-2-aujourdhui-plus-qu-hier-et-moins-bien-que-demain\/#breadcrumb\"},\"inLanguage\":\"fr-FR\",\"potentialAction\":[{\"@type\":\"ReadAction\",\"target\":[\"https:\/\/www.ricom-web8.com\/gestions\/lectures-geographiques-2-aujourdhui-plus-qu-hier-et-moins-bien-que-demain\/\"]}]},{\"@type\":\"ImageObject\",\"inLanguage\":\"fr-FR\",\"@id\":\"https:\/\/www.ricom-web8.com\/gestions\/lectures-geographiques-2-aujourdhui-plus-qu-hier-et-moins-bien-que-demain\/#primaryimage\",\"url\":\"https:\/\/gestions-hospitalieres.fr\/wp-content\/uploads\/2020\/07\/Vigneron-image1-206x300.png\",\"contentUrl\":\"https:\/\/gestions-hospitalieres.fr\/wp-content\/uploads\/2020\/07\/Vigneron-image1-206x300.png\"},{\"@type\":\"BreadcrumbList\",\"@id\":\"https:\/\/www.ricom-web8.com\/gestions\/lectures-geographiques-2-aujourdhui-plus-qu-hier-et-moins-bien-que-demain\/#breadcrumb\",\"itemListElement\":[{\"@type\":\"ListItem\",\"position\":1,\"name\":\"Accueil\",\"item\":\"https:\/\/www.ricom-web8.com\/gestions\/\"},{\"@type\":\"ListItem\",\"position\":2,\"name\":\"Lectures g\u00e9ographiques\/2\"}]},{\"@type\":\"WebSite\",\"@id\":\"https:\/\/www.ricom-web8.com\/gestions\/#website\",\"url\":\"https:\/\/www.ricom-web8.com\/gestions\/\",\"name\":\"Gestions hospitali\u00e8res\",\"description\":\"la revue des d\u00e9cideurs hospitaliers\",\"publisher\":{\"@id\":\"https:\/\/www.ricom-web8.com\/gestions\/#organization\"},\"potentialAction\":[{\"@type\":\"SearchAction\",\"target\":{\"@type\":\"EntryPoint\",\"urlTemplate\":\"https:\/\/www.ricom-web8.com\/gestions\/?s={search_term_string}\"},\"query-input\":{\"@type\":\"PropertyValueSpecification\",\"valueRequired\":true,\"valueName\":\"search_term_string\"}}],\"inLanguage\":\"fr-FR\"},{\"@type\":\"Organization\",\"@id\":\"https:\/\/www.ricom-web8.com\/gestions\/#organization\",\"name\":\"Gestions hospitali\u00e8res\",\"url\":\"https:\/\/www.ricom-web8.com\/gestions\/\",\"logo\":{\"@type\":\"ImageObject\",\"inLanguage\":\"fr-FR\",\"@id\":\"https:\/\/www.ricom-web8.com\/gestions\/#\/schema\/logo\/image\/\",\"url\":\"https:\/\/gestions-hospitalieres.fr\/wp-content\/uploads\/2017\/02\/picto_Gif-GH-trans.png\",\"contentUrl\":\"https:\/\/gestions-hospitalieres.fr\/wp-content\/uploads\/2017\/02\/picto_Gif-GH-trans.png\",\"width\":512,\"height\":512,\"caption\":\"Gestions hospitali\u00e8res\"},\"image\":{\"@id\":\"https:\/\/www.ricom-web8.com\/gestions\/#\/schema\/logo\/image\/\"},\"sameAs\":[\"https:\/\/www.facebook.com\/gestionshospitalieres\/\",\"https:\/\/x.com\/revue_GH\",\"https:\/\/www.linkedin.com\/company\/gestions-hospitalieres?trk=top_nav_home\"]},{\"@type\":\"Person\",\"@id\":\"https:\/\/www.ricom-web8.com\/gestions\/#\/schema\/person\/3ba9fe913190dfe9507feb621e902c1f\",\"name\":\"Gestions hospitali\u00e8res\",\"image\":{\"@type\":\"ImageObject\",\"inLanguage\":\"fr-FR\",\"@id\":\"https:\/\/www.ricom-web8.com\/gestions\/#\/schema\/person\/image\/\",\"url\":\"https:\/\/secure.gravatar.com\/avatar\/1a0d93e6db5dbe7dac96bae4757d256f?s=96&d=mm&r=g\",\"contentUrl\":\"https:\/\/secure.gravatar.com\/avatar\/1a0d93e6db5dbe7dac96bae4757d256f?s=96&d=mm&r=g\",\"caption\":\"Gestions hospitali\u00e8res\"},\"url\":\"https:\/\/www.ricom-web8.com\/gestions\/author\/benjamin\/\"}]}<\/script>\n<!-- \/ Yoast SEO plugin. -->","yoast_head_json":{"title":"Lectures g\u00e9ographiques\/2 - Gestions hospitali\u00e8res","robots":{"index":"index","follow":"follow","max-snippet":"max-snippet:-1","max-image-preview":"max-image-preview:large","max-video-preview":"max-video-preview:-1"},"canonical":"https:\/\/www.ricom-web8.com\/gestions\/lectures-geographiques-2-aujourdhui-plus-qu-hier-et-moins-bien-que-demain\/","og_locale":"fr_FR","og_type":"article","og_title":"Lectures g\u00e9ographiques\/2 - Gestions hospitali\u00e8res","og_description":"Temps de lecture\u00a0:  10 minutesDonn\u00e9es limit\u00e9es et cl\u00e9s g\u00e9o-historiques Les donn\u00e9es quantitatives sont bien imparfaites, aujourd\u2019hui comme hier. En temps de crise, la collecte des donn\u00e9es n\u2019est pas chose ais\u00e9e. Relatant en 1722 la peste survenue \u00e0 Londres en 1665 et utilisant les donn\u00e9es officielles alors recueillies, Daniel Defoe fait dire \u00e0 son narrateur\u2009: \u00ab\u2009J\u2019ai de bonnes raisons de croire que [les bulletins hebdomadaires] ne donn\u00e8rent jamais les chiffres complets, \u00e0 des milliers pr\u00e8s\u2009:&hellip;","og_url":"https:\/\/www.ricom-web8.com\/gestions\/lectures-geographiques-2-aujourdhui-plus-qu-hier-et-moins-bien-que-demain\/","og_site_name":"Gestions hospitali\u00e8res","article_publisher":"https:\/\/www.facebook.com\/gestionshospitalieres\/","article_published_time":"2020-07-01T13:36:39+00:00","article_modified_time":"2020-10-13T09:15:45+00:00","og_image":[{"url":"https:\/\/gestions-hospitalieres.fr\/wp-content\/uploads\/2020\/07\/Vigneron-image1-206x300.png","type":"","width":"","height":""}],"author":"Gestions hospitali\u00e8res","twitter_card":"summary_large_image","twitter_creator":"@revue_GH","twitter_site":"@revue_GH","twitter_misc":{"\u00c9crit par":"Gestions hospitali\u00e8res","Dur\u00e9e de lecture estim\u00e9e":"16 minutes"},"schema":{"@context":"https:\/\/schema.org","@graph":[{"@type":"Article","@id":"https:\/\/www.ricom-web8.com\/gestions\/lectures-geographiques-2-aujourdhui-plus-qu-hier-et-moins-bien-que-demain\/#article","isPartOf":{"@id":"https:\/\/www.ricom-web8.com\/gestions\/lectures-geographiques-2-aujourdhui-plus-qu-hier-et-moins-bien-que-demain\/"},"author":{"name":"Gestions hospitali\u00e8res","@id":"https:\/\/www.ricom-web8.com\/gestions\/#\/schema\/person\/3ba9fe913190dfe9507feb621e902c1f"},"headline":"Lectures g\u00e9ographiques\/2","datePublished":"2020-07-01T13:36:39+00:00","dateModified":"2020-10-13T09:15:45+00:00","mainEntityOfPage":{"@id":"https:\/\/www.ricom-web8.com\/gestions\/lectures-geographiques-2-aujourdhui-plus-qu-hier-et-moins-bien-que-demain\/"},"wordCount":3207,"commentCount":0,"publisher":{"@id":"https:\/\/www.ricom-web8.com\/gestions\/#organization"},"image":{"@id":"https:\/\/www.ricom-web8.com\/gestions\/lectures-geographiques-2-aujourdhui-plus-qu-hier-et-moins-bien-que-demain\/#primaryimage"},"thumbnailUrl":"https:\/\/gestions-hospitalieres.fr\/wp-content\/uploads\/2020\/07\/Vigneron-image1-206x300.png","keywords":["chinois","Covid-19","\u00e9pid\u00e9mie","g\u00e9ographie","grippe espagnole","histoire","pand\u00e9mie","s\u00e9mantique"],"articleSection":["covid-19","Gestions Hospitali\u00e8res"],"inLanguage":"fr-FR","potentialAction":[{"@type":"CommentAction","name":"Comment","target":["https:\/\/www.ricom-web8.com\/gestions\/lectures-geographiques-2-aujourdhui-plus-qu-hier-et-moins-bien-que-demain\/#respond"]}]},{"@type":"WebPage","@id":"https:\/\/www.ricom-web8.com\/gestions\/lectures-geographiques-2-aujourdhui-plus-qu-hier-et-moins-bien-que-demain\/","url":"https:\/\/www.ricom-web8.com\/gestions\/lectures-geographiques-2-aujourdhui-plus-qu-hier-et-moins-bien-que-demain\/","name":"Lectures g\u00e9ographiques\/2 - Gestions hospitali\u00e8res","isPartOf":{"@id":"https:\/\/www.ricom-web8.com\/gestions\/#website"},"primaryImageOfPage":{"@id":"https:\/\/www.ricom-web8.com\/gestions\/lectures-geographiques-2-aujourdhui-plus-qu-hier-et-moins-bien-que-demain\/#primaryimage"},"image":{"@id":"https:\/\/www.ricom-web8.com\/gestions\/lectures-geographiques-2-aujourdhui-plus-qu-hier-et-moins-bien-que-demain\/#primaryimage"},"thumbnailUrl":"https:\/\/gestions-hospitalieres.fr\/wp-content\/uploads\/2020\/07\/Vigneron-image1-206x300.png","datePublished":"2020-07-01T13:36:39+00:00","dateModified":"2020-10-13T09:15:45+00:00","breadcrumb":{"@id":"https:\/\/www.ricom-web8.com\/gestions\/lectures-geographiques-2-aujourdhui-plus-qu-hier-et-moins-bien-que-demain\/#breadcrumb"},"inLanguage":"fr-FR","potentialAction":[{"@type":"ReadAction","target":["https:\/\/www.ricom-web8.com\/gestions\/lectures-geographiques-2-aujourdhui-plus-qu-hier-et-moins-bien-que-demain\/"]}]},{"@type":"ImageObject","inLanguage":"fr-FR","@id":"https:\/\/www.ricom-web8.com\/gestions\/lectures-geographiques-2-aujourdhui-plus-qu-hier-et-moins-bien-que-demain\/#primaryimage","url":"https:\/\/gestions-hospitalieres.fr\/wp-content\/uploads\/2020\/07\/Vigneron-image1-206x300.png","contentUrl":"https:\/\/gestions-hospitalieres.fr\/wp-content\/uploads\/2020\/07\/Vigneron-image1-206x300.png"},{"@type":"BreadcrumbList","@id":"https:\/\/www.ricom-web8.com\/gestions\/lectures-geographiques-2-aujourdhui-plus-qu-hier-et-moins-bien-que-demain\/#breadcrumb","itemListElement":[{"@type":"ListItem","position":1,"name":"Accueil","item":"https:\/\/www.ricom-web8.com\/gestions\/"},{"@type":"ListItem","position":2,"name":"Lectures g\u00e9ographiques\/2"}]},{"@type":"WebSite","@id":"https:\/\/www.ricom-web8.com\/gestions\/#website","url":"https:\/\/www.ricom-web8.com\/gestions\/","name":"Gestions hospitali\u00e8res","description":"la revue des d\u00e9cideurs hospitaliers","publisher":{"@id":"https:\/\/www.ricom-web8.com\/gestions\/#organization"},"potentialAction":[{"@type":"SearchAction","target":{"@type":"EntryPoint","urlTemplate":"https:\/\/www.ricom-web8.com\/gestions\/?s={search_term_string}"},"query-input":{"@type":"PropertyValueSpecification","valueRequired":true,"valueName":"search_term_string"}}],"inLanguage":"fr-FR"},{"@type":"Organization","@id":"https:\/\/www.ricom-web8.com\/gestions\/#organization","name":"Gestions hospitali\u00e8res","url":"https:\/\/www.ricom-web8.com\/gestions\/","logo":{"@type":"ImageObject","inLanguage":"fr-FR","@id":"https:\/\/www.ricom-web8.com\/gestions\/#\/schema\/logo\/image\/","url":"https:\/\/gestions-hospitalieres.fr\/wp-content\/uploads\/2017\/02\/picto_Gif-GH-trans.png","contentUrl":"https:\/\/gestions-hospitalieres.fr\/wp-content\/uploads\/2017\/02\/picto_Gif-GH-trans.png","width":512,"height":512,"caption":"Gestions hospitali\u00e8res"},"image":{"@id":"https:\/\/www.ricom-web8.com\/gestions\/#\/schema\/logo\/image\/"},"sameAs":["https:\/\/www.facebook.com\/gestionshospitalieres\/","https:\/\/x.com\/revue_GH","https:\/\/www.linkedin.com\/company\/gestions-hospitalieres?trk=top_nav_home"]},{"@type":"Person","@id":"https:\/\/www.ricom-web8.com\/gestions\/#\/schema\/person\/3ba9fe913190dfe9507feb621e902c1f","name":"Gestions hospitali\u00e8res","image":{"@type":"ImageObject","inLanguage":"fr-FR","@id":"https:\/\/www.ricom-web8.com\/gestions\/#\/schema\/person\/image\/","url":"https:\/\/secure.gravatar.com\/avatar\/1a0d93e6db5dbe7dac96bae4757d256f?s=96&d=mm&r=g","contentUrl":"https:\/\/secure.gravatar.com\/avatar\/1a0d93e6db5dbe7dac96bae4757d256f?s=96&d=mm&r=g","caption":"Gestions hospitali\u00e8res"},"url":"https:\/\/www.ricom-web8.com\/gestions\/author\/benjamin\/"}]}},"_links":{"self":[{"href":"https:\/\/www.ricom-web8.com\/gestions\/wp-json\/wp\/v2\/posts\/42035","targetHints":{"allow":["GET"]}}],"collection":[{"href":"https:\/\/www.ricom-web8.com\/gestions\/wp-json\/wp\/v2\/posts"}],"about":[{"href":"https:\/\/www.ricom-web8.com\/gestions\/wp-json\/wp\/v2\/types\/post"}],"author":[{"embeddable":true,"href":"https:\/\/www.ricom-web8.com\/gestions\/wp-json\/wp\/v2\/users\/23133"}],"replies":[{"embeddable":true,"href":"https:\/\/www.ricom-web8.com\/gestions\/wp-json\/wp\/v2\/comments?post=42035"}],"version-history":[{"count":0,"href":"https:\/\/www.ricom-web8.com\/gestions\/wp-json\/wp\/v2\/posts\/42035\/revisions"}],"wp:attachment":[{"href":"https:\/\/www.ricom-web8.com\/gestions\/wp-json\/wp\/v2\/media?parent=42035"}],"wp:term":[{"taxonomy":"category","embeddable":true,"href":"https:\/\/www.ricom-web8.com\/gestions\/wp-json\/wp\/v2\/categories?post=42035"},{"taxonomy":"post_tag","embeddable":true,"href":"https:\/\/www.ricom-web8.com\/gestions\/wp-json\/wp\/v2\/tags?post=42035"}],"curies":[{"name":"wp","href":"https:\/\/api.w.org\/{rel}","templated":true}]}}