

{"id":42086,"date":"2020-07-01T12:36:39","date_gmt":"2020-07-01T10:36:39","guid":{"rendered":"https:\/\/gestions-hospitalieres.fr\/?p=42086"},"modified":"2020-07-21T14:22:23","modified_gmt":"2020-07-21T12:22:23","slug":"pour-la-creation-dun-conseil-strategique-hospitalier","status":"publish","type":"post","link":"https:\/\/www.ricom-web8.com\/gestions\/pour-la-creation-dun-conseil-strategique-hospitalier\/","title":{"rendered":"Pour la cr\u00e9ation d\u2019un conseil strat\u00e9gique hospitalier"},"content":{"rendered":"<span class=\"span-reading-time rt-reading-time\" style=\"display: block;\"><span class=\"rt-label rt-prefix\">Temps de lecture\u00a0: <\/span> <span class=\"rt-time\"> 16<\/span> <span class=\"rt-label rt-postfix\">minutes<\/span><\/span><p>La gen\u00e8se des structures de sant\u00e9 en France s\u2019est op\u00e9r\u00e9e au nom de valeurs morales. Aux IV<sup>e<\/sup> et V<sup>e<\/sup>\u00a0si\u00e8cles, les maisons d\u2019hospitalit\u00e9, cr\u00e9\u00e9es par les chr\u00e9tiens et encourag\u00e9es par le clerg\u00e9, accueillent les malheureux, malades ou trop \u00e2g\u00e9s, ou encore les p\u00e8lerins sur le chemin de Compostelle. \u00c0 partir du XII<sup>e<\/sup> si\u00e8cle, en p\u00e9riph\u00e9rie urbaine, des \u00e9tablissements sont d\u00e9di\u00e9s \u00e0 la lutte contre la l\u00e8pre. En 1260, Louis\u00a0IX (plus tard saint Louis) fonde l\u2019hospice des Quinze-Vingts pour accueillir les aveugles pauvres.<span class=\"Apple-converted-space\">\u00a0<\/span><\/p>\n<p>Durant la p\u00e9riode 1789-1791, via un comit\u00e9 de mendicit\u00e9 pr\u00e9sid\u00e9 par de La Rochefoucauld-Liancourt, les r\u00e9volutionnaires d\u00e9cident de la fermeture des h\u00f4pitaux afin de confirmer leur programme de lutte contre la mendicit\u00e9\u2009: les h\u00f4pitaux sont confisqu\u00e9s aux congr\u00e9gations religieuses en 1790 puis nationalis\u00e9s en 1794. D\u00e9bute alors une nouvelle qu\u00eate d\u2019identit\u00e9 pour ces \u00e9tablissements g\u00e9r\u00e9s par l\u2019\u00c9tat.<\/p>\n<p>En 1851, h\u00f4pitaux et hospices deviennent des \u00e9tablissements autonomes disposant de la personnalit\u00e9 morale, c\u2019est-\u00e0-dire du droit d\u2019avoir un patrimoine, de disposer d\u2019un budget et d\u2019agir, le cas \u00e9ch\u00e9ant, en justice. La loi du 7 ao\u00fbt 1851 \u00e9rige en \u00e9tablissements autonomes les hospices et h\u00f4pitaux jusqu\u2019alors rattach\u00e9s \u00e0 la commune de leur lieu d\u2019implantation. Les malades sans ressources peuvent ainsi \u00eatre hospitalis\u00e9s dans n\u2019importe quel \u00e9tablissement\u2009: le lieu de domicile n\u2019est plus un crit\u00e8re pour \u00eatre pris en charge.<span class=\"Apple-converted-space\">\u00a0<\/span><\/p>\n<p>La commission administrative, premi\u00e8re instance de l\u2019h\u00f4pital, re\u00e7oit de nouvelles comp\u00e9tences\u2009: d\u2019organe de surveillance elle devient organe de direction. Sa composition est de cinq membres, auxquels s\u2019ajoute le maire de la commune du lieu d\u2019implantation. Il n\u2019y a pas de directeur, comme cela pouvait existait depuis 1838 pour les asiles d\u2019ali\u00e9n\u00e9s. Les m\u00e9decins, chirurgiens et pharmaciens sont nomm\u00e9s par cette commission, qui ne peut cependant pas les r\u00e9voquer sans l\u2019approbation du pr\u00e9fet par d\u00e9cision du ministre. Le service int\u00e9rieur \u00e9tait enti\u00e8rement assur\u00e9 par des s\u0153urs hospitali\u00e8res, dont le d\u00e9cret du 18 f\u00e9vrier 1809 a converti l\u2019usage en droit.<span class=\"Apple-converted-space\">\u00a0<\/span><\/p>\n<p>Le d\u00e9but de l\u2019\u00e9tatisation arrive avec la loi du 21 d\u00e9cembre 1941, dite \u00ab\u2009charte hospitali\u00e8re\u2009\u00bb. Durant la d\u00e9cennie 1930\/1940, la cr\u00e9ation des assurances sociales et le d\u00e9veloppement du mouvement mutualiste font appara\u00eetre la n\u00e9cessit\u00e9 d\u2019une r\u00e9vision profonde du statut l\u00e9gislatif et administratif des h\u00f4pitaux publics. Pour la premi\u00e8re fois appara\u00eet la notion de droit aux soins, et donc d\u2019acc\u00e8s pour tous aux structures sanitaires. L\u2019\u00c9tat a la mainmise sur l\u2019h\u00f4pital\u2009: la fonction de direction est alors bien pr\u00e9sente et rel\u00e8ve du pr\u00e9fet ou du ministre. Le directeur dispose du pouvoir de nomination sur l\u2019ensemble du personnel, except\u00e9 le personnel m\u00e9dical dont la nomination appartient au ministre ou au pr\u00e9fet du d\u00e9partement. Cette loi reconna\u00eet le classement des \u00e9tablissements en centres hospitaliers r\u00e9gionaux, en h\u00f4pitaux, en h\u00f4pitaux-hospices et hospices. L\u2019organisation m\u00e9dicale actuelle se profile, avec l\u2019organisation des services, des chefs de service et la constitution d\u2019une commission m\u00e9dicale consultative dans chaque \u00e9tablissement.<span class=\"Apple-converted-space\">\u00a0<\/span><\/p>\n<p>\u00c0 partir du mois de mai 1958, le premier gouvernement de la V<sup>e<\/sup> r\u00e9publique l\u00e9gif\u00e8re par ordonnances en vertu des pouvoirs d\u00e9l\u00e9gu\u00e9s par le Parlement. Dans une p\u00e9riode d\u2019exception se pr\u00e9sente l\u2019occasion d\u2019adapter les structures juridiques de l\u2019h\u00f4pital avant l\u2019immense effort financier qui s\u2019impose comme un grand \u00e9lan national. Trois ordonnances successives constituent une v\u00e9ritable r\u00e9forme hospitalo-universitaire, domin\u00e9e par la constitution d\u2019un nouvel \u00e9tablissement, le CHRU, unissant le CHR et la facult\u00e9 de m\u00e9decine afin d\u2019assurer aux m\u00e9decins-professeurs un plein temps entre le travail \u00e0 l\u2019h\u00f4pital et leur charge de cours. L\u2019influence d\u2019un certain Robert Debr\u00e9, professeur de p\u00e9diatrie, est d\u00e9terminante face \u00e0 d\u2019autres acteurs qui souhaitent transformer l\u2019h\u00f4pital public en structure semi-priv\u00e9e, marquant symboliquement l\u2019influence positive du monde soignant sur la logique lib\u00e9rale. Le directeur voit ses pouvoirs \u00e9largis \u00e0 l\u2019ordonnancement des d\u00e9penses et \u00e0 la perception de recettes en substitution des pouvoirs jusqu\u2019alors accord\u00e9s au pr\u00e9sident de la commission administrative. Cette mesure ne concerne que les \u00e9tablissements de moins de 200 lits, mais elle est significative d\u2019un dessaisissement des maires pr\u00e9sidents-n\u00e9s, au b\u00e9n\u00e9fice des directeurs fonctionnaires d\u00e9pendant, pour leur carri\u00e8re, des ministres et des repr\u00e9sentants de l\u2019\u00c9tat dans leur d\u00e9partement.<span class=\"Apple-converted-space\">\u00a0<\/span><\/p>\n<p>Les ann\u00e9es 1970 p\u00e9rennisent le mod\u00e8le hospitalo-centriste. La loi du 31 d\u00e9cembre 1970 se caract\u00e9rise ainsi par la volont\u00e9 des pouvoirs publics de r\u00e9genter l\u2019ensemble des h\u00f4pitaux et cliniques afin de les r\u00e9organiser en syst\u00e8me permettant l\u2019\u00e9galit\u00e9 d\u2019acc\u00e8s aux soins dans le cadre d\u2019une m\u00e9decine de grande qualit\u00e9 (loi portant r\u00e9forme hospitali\u00e8re, loi Boulin). Elle d\u00e9finit un syst\u00e8me hospitalier prenant en compte les deux secteurs d\u2019hospitalisation\u2009: le public, majoritaire en m\u00e9decine, le priv\u00e9, tr\u00e8s important en chirurgie et obst\u00e9trique. Elle instaure une carte sanitaire, qui ne sera qu\u2019une carte hospitali\u00e8re car, contrairement aux ambitions du l\u00e9gislateur, le secteur m\u00e9dical lib\u00e9ral ne fera pas l\u2019objet d\u2019une planification, sauvegardant ainsi la libert\u00e9 d\u2019installation.<span class=\"Apple-converted-space\">\u00a0<\/span><\/p>\n<p>La loi en profite pour modifier la composition et les comp\u00e9tences de la commission administrative, qui se nomme d\u00e9sormais \u00ab\u2009conseil d\u2019administration\u2009\u00bb (CA). Celui-ci est compos\u00e9 de quatorze\u00a0membres parmi lesquels trois repr\u00e9sentants du conseil municipal, du conseil g\u00e9n\u00e9ral, des personnalit\u00e9s qualifi\u00e9es, mais aussi des personnels m\u00e9dicaux salari\u00e9s et des agents non m\u00e9decins de l\u2019\u00e9tablissement. \u00c0 ces membres s\u2019ajouteront des repr\u00e9sentants de la s\u00e9curit\u00e9 sociale en nombre renforc\u00e9. Les comp\u00e9tences de ce CA sont partag\u00e9es avec le directeur aux pouvoirs devenus tr\u00e8s importants depuis l\u2019apparition de cette fonction en 1941. Le directeur a une comp\u00e9tence g\u00e9n\u00e9rale de gestion et le CA dispose d\u2019attributions certes essentielles (budget, comptes, travaux, financement), mais limit\u00e9es \u00e0 treize rubriques, qui seront port\u00e9es \u00e0 seize apr\u00e8s de tr\u00e8s nombreuses modifications de la loi princeps. La loi cr\u00e9e aussi pour la premi\u00e8re fois des instances participatives, tels les comit\u00e9s techniques paritaires, les commissions administratives paritaires (CAP) ou les comit\u00e9s d\u2019hygi\u00e8ne et s\u00e9curit\u00e9 (CHS). <span class=\"Apple-converted-space\">\u00a0 \u00a0<\/span><\/p>\n<p>La r\u00e9forme importante suivante na\u00eet en 1991 (loi n\u00b091-748 du 31 juillet 1991).<\/p>\n<p>La composition du CA n\u2019est pas modifi\u00e9e, mais la participation des personnels m\u00e9dicaux et non m\u00e9dicaux est renforc\u00e9e. Sont cr\u00e9\u00e9s de nouvelles instances de participation, telle la commission des services de soins infirmiers, charg\u00e9e de mieux assurer la repr\u00e9sentation des personnels infirmiers, des conseils de service ou de d\u00e9partement qui, sous l\u2019autorit\u00e9 du chef de service, r\u00e9unissent les diff\u00e9rentes cat\u00e9gories de personnels pour discuter du bon fonctionnement du service. Le comit\u00e9 technique paritaire (CTP) laisse place au comit\u00e9 technique d\u2019\u00e9tablissement (CTE), compos\u00e9 des repr\u00e9sentants des personnels sous la pr\u00e9sidence du directeur chef d\u2019\u00e9tablissement. Le CTE existe toujours.<span class=\"Apple-converted-space\">\u00a0<\/span><\/p>\n<p>La fin des ann\u00e9es 90 et surtout les ann\u00e9es 2000 font entrer le syst\u00e8me de sant\u00e9 fran\u00e7ais dans une logique de centralisation de la d\u00e9cision et de rationalisation des ressources.<\/p>\n<blockquote><p>La complexit\u00e9 hospitali\u00e8re doit \u00eatre aujourd\u2019hui vue non pas comme un handicap mais comme une richesse.<\/p><\/blockquote>\n<h1>R\u00e9formes modernes, r\u00e9gionalisation \u00e9tatique du syst\u00e8me de sant\u00e9<span class=\"Apple-converted-space\">\u00a0<\/span><\/h1>\n<p>L\u2019ann\u00e9e 1996 est marqu\u00e9e par les mesures Jupp\u00e9. L\u2019ordonnance n\u00b0 96-346 du 24 avril 1996, relative \u00e0 la r\u00e9forme de l\u2019hospitalisation publique et priv\u00e9e, impulse la direction que prendra l\u2019h\u00f4pital public dans les trois d\u00e9cennies. Son id\u00e9e fondatrice repose sur la r\u00e9gionalisation du financement et de l\u2019activit\u00e9 des \u00e9tablissements. D\u00e8s lors, les nombreuses lois qui ont int\u00e9ress\u00e9 le syst\u00e8me de sant\u00e9 ont eu pour objet d\u2019instaurer un contr\u00f4le des activit\u00e9s de sant\u00e9 et une ma\u00eetrise des d\u00e9penses de sant\u00e9 par les autorit\u00e9s publiques, afin en principe d\u2019assurer l\u2019\u00e9galit\u00e9 d\u2019acc\u00e8s et la qualit\u00e9 des soins sur l\u2019ensemble du territoire. Pour garantir cette r\u00e9gionalisation \u00e9tatique, sont cr\u00e9\u00e9es les agences r\u00e9gionales de l\u2019hospitalisation (ARH) (grandes s\u0153urs des agences r\u00e9gionales de sant\u00e9, ARS, d\u2019aujourd\u2019hui) qui associent l\u2019\u00c9tat et l\u2019assurance maladie. L\u2019objectif affich\u00e9 est de r\u00e9duire les in\u00e9galit\u00e9s entre r\u00e9gions et entre \u00e9tablissements. Les moyens pour y parvenir sont la responsabilisation et la contractualisation (contrats d\u2019objectifs et de moyens conclus entre les ARH et les \u00e9tablissements publics et priv\u00e9s), la coordination entre \u00e9tablissements publics et la mise en place de proc\u00e9dures d\u2019\u00e9valuation et d\u2019accr\u00e9ditation. Les ARH planifient les structures et les \u00e9quipements, et allouent les ressources aux \u00e9tablissements. Les directeurs d\u2019ARH sont nomm\u00e9s en Conseil des ministres. Les ARH r\u00e9cup\u00e8rent ainsi la plupart des pouvoirs d\u00e9volus aux pr\u00e9fets de r\u00e9gion (planification) et aux pr\u00e9fets de d\u00e9partement (budget et contr\u00f4le de l\u00e9galit\u00e9). Les diff\u00e9rents services de l\u2019\u00c9tat sont d\u00e9sormais coordonn\u00e9s pour am\u00e9liorer leurs contr\u00f4les sur les \u00e9tablissements de sant\u00e9.<\/p>\n<p>L\u2019ordonnance n\u00b0 2005-406 du 2 mai 2005 simplifiant le r\u00e9gime juridique des \u00e9tablissements de sant\u00e9 r\u00e9nove l\u2019organisation hospitali\u00e8re en modernisant la gestion des \u00e9tablissements publics de sant\u00e9. Elle impose des p\u00f4les d\u2019activit\u00e9s cliniques et m\u00e9dico-techniques, ce qui permet en pratique de rapprocher la prise de d\u00e9cision du terrain gr\u00e2ce au principe de subsidiarit\u00e9. Les contrats sign\u00e9s entre ARH et h\u00f4pitaux sont d\u00e9clin\u00e9s en contrats de p\u00f4le entre le directeur et les p\u00f4les d\u2019activit\u00e9s, et donc les diff\u00e9rents services. La loi instaure pour la premi\u00e8re fois la tarification \u00e0 l\u2019activit\u00e9 (T2A), nouveau mode de financement des \u00e9tablissements de sant\u00e9 fran\u00e7ais, qui vise \u00e0 m\u00e9dicaliser le financement tout en \u00e9quilibrant l\u2019allocation des ressources financi\u00e8res et en responsabilisant les acteurs de sant\u00e9. Une nouvelle tarification \u00e0 l\u2019activit\u00e9, o\u00f9 un acte r\u00e9alis\u00e9 est rembours\u00e9 par l\u2019assurance maladie \u00e0 l\u2019\u00e9tablissement selon un bar\u00e8me fix\u00e9 par l\u2019\u00c9tat.<span class=\"Apple-converted-space\">\u00a0<\/span><\/p>\n<p>La gouvernance de 2005 est exerc\u00e9e par un conseil ex\u00e9cutif qui, pr\u00e9sid\u00e9 par le directeur chef de l\u2019\u00e9tablissement, sera compos\u00e9 \u00e0 parit\u00e9 des responsables de l\u2019administration d\u00e9sign\u00e9s par le directeur et des m\u00e9decins, pr\u00e9sidents de CME, et responsables des p\u00f4les. Une v\u00e9ritable cogestion m\u00e9decin\/administration appara\u00eet pour mieux g\u00e9rer les h\u00f4pitaux, dont l\u2019avenir semble tr\u00e8s probl\u00e9matique face au secteur priv\u00e9 lucratif exploitant au mieux la T2A et pratiquant les d\u00e9passements sur les honoraires m\u00e9dicaux.<span class=\"Apple-converted-space\">\u00a0<\/span><\/p>\n<p>Le plan H\u00f4pital 2007 poursuit les r\u00e9formes selon le m\u00eame paradigme. L\u2019objectif \u00e9tait de parachever les r\u00e9formes engag\u00e9es en 1995-1996 et de formaliser les r\u00e9flexions d\u00e9clin\u00e9es de 2002 \u00e0 2007. La T2A est concr\u00e8tement appliqu\u00e9e en 2008. Le syst\u00e8me hospitalier fran\u00e7ais fonctionne depuis sa mise en place avec des objectifs contradictoires (conflit d\u2019objectifs)\u2009: l\u2019h\u00f4pital doit fournir plus de qualit\u00e9 et de s\u00e9curit\u00e9 des soins avec davantage de contraintes budg\u00e9taires.<span class=\"Apple-converted-space\">\u00a0<\/span><\/p>\n<p>La loi HPST, loi n\u00b0 2009-879 du 21 juillet 2009 portant r\u00e9forme de l\u2019h\u00f4pital et relative aux patients, \u00e0 la sant\u00e9 et aux territoires, va au-del\u00e0 de la dynamique engag\u00e9e pr\u00e9c\u00e9demment. Elle a pour objectif de r\u00e9organiser et de moderniser l\u2019ensemble du syst\u00e8me de sant\u00e9. Elle comprend quatre titres consacr\u00e9s respectivement \u00e0 l\u2019h\u00f4pital, \u00e0 la r\u00e9partition des m\u00e9decins et \u00e0 l\u2019acc\u00e8s aux soins de ville, aux mesures de sant\u00e9 publique et \u00e0 la pr\u00e9vention, enfin \u00e0 la cr\u00e9ation des ARS charg\u00e9es de coordonner dans un cadre territorial l\u2019ensemble des politiques de sant\u00e9 (h\u00f4pital, m\u00e9decine de ville, sant\u00e9 publique et pr\u00e9vention).<span class=\"Apple-converted-space\">\u00a0<\/span><\/p>\n<p>Les points cl\u00e9s de cette r\u00e9forme g\u00e9n\u00e9rale sont le Conseil national de pilotage (CNP), la cr\u00e9ation des ARS \u00e0 comp\u00e9tences sur l\u2019ensemble du champ de la sant\u00e9, le mode de r\u00e9gulation financi\u00e8re en T2A maintenu et la gouvernance d\u2019entreprise \u00e0 l\u2019h\u00f4pital public, largement inspir\u00e9e du code de commerce pour sa partie organisationnelle et qui tourne d\u00e9finitivement le dos \u00e0 une gestion administrative.<span class=\"Apple-converted-space\">\u00a0<\/span><\/p>\n<p>La loi HPST, contrairement aux r\u00e9formes pr\u00e9c\u00e9dentes, couvre bien la gouvernance de l\u2019ensemble du syst\u00e8me, via une v\u00e9ritable autoroute du minist\u00e8re au p\u00f4le, la gouvernance \u00e9tant l\u2019un des volets de la loi avec des \u00e9volutions consid\u00e9rables.<\/p>\n<p>Le conseil ex\u00e9cutif, symbole du copartage du pouvoir \u00e0 l\u2019h\u00f4pital et porteur d\u2019une certaine vision de la d\u00e9mocratie sanitaire sur le versant de la gouvernance hospitali\u00e8re, est supprim\u00e9.<\/p>\n<p>Jug\u00e9 trop complexe par le l\u00e9gislateur, qui consid\u00e8re dor\u00e9navant que \u00ab\u00a0le directeur doit \u00eatre le seul patron \u00e0 l\u2019h\u00f4pital\u00a0\u00bb,ce conseil est remplac\u00e9 par un directoire, devenu instance d\u00e9cisionnaire concentrant les pouvoirs entre les mains du directeur. Les autres instances apportent une valeur ajout\u00e9e \u00e0 la structure, mais elles n\u2019ont aucun pouvoir <i>stricto sensu<\/i>, au mieux d\u2019influence si les syndicats jouent bien leur partition.<\/p>\n<p>Le conseil d\u2019administration, devenu conseil de surveillance, et la commission m\u00e9dicale d\u2019\u00e9tablissement (CME) perdent une part importante de leurs pouvoirs.<span class=\"Apple-converted-space\">\u00a0<\/span><\/p>\n<p>Le conseil de surveillance est d\u00e9sormais compos\u00e9 de trois\u00a0coll\u00e8ges dont la d\u00e9signation des membres relevant des personnels m\u00e9dicaux et non m\u00e9dicaux incombe aux \u00e9tablissements. Le pr\u00e9sident y est \u00e9lu parmi les membres du coll\u00e8ge des \u00e9lus et du coll\u00e8ge des personnalit\u00e9s qualifi\u00e9es. Ce conseil de surveillance se prononce sur les orientations strat\u00e9giques et le contr\u00f4le permanent de l\u2019\u00e9tablissement. Il peut jouer \u00e0 la marge un r\u00f4le de contre-pouvoir en cas de d\u00e9saccord sur le projet d\u2019\u00e9tablissement et le compte financier, ce qui arrive rarement car ces deux secteurs sont d\u00e9j\u00e0, en pratique, largement encadr\u00e9s au plus haut par le minist\u00e8re de la Sant\u00e9, pour le projet m\u00e9dico-soignant, et le minist\u00e8re des Finances, pour les d\u00e9penses.<\/p>\n<p>\u00c0 titre principal, la CME contribue \u00e0 l\u2019\u00e9laboration de la politique d\u2019am\u00e9lioration continue de la qualit\u00e9 et de la s\u00e9curit\u00e9 des soins et \u00e0 l\u2019\u00e9laboration de projets relatifs aux conditions d\u2019accueil et de prise en charge des usagers. Elle demeure une instance consultative \u00e0 part enti\u00e8re, \u00e0 la fois consult\u00e9e et inform\u00e9e dans tous les domaines de la vie de l\u2019\u00e9tablissement (organisation, investissements, financement). Les m\u00e9decins retrouvent des responsabilit\u00e9s fragment\u00e9es au niveau des p\u00f4les d\u2019activit\u00e9s, ce qui a permis assez habilement de museler le pouvoir m\u00e9dical et de l\u2019\u00e9loigner du pouvoir central. En pratique, les d\u00e9l\u00e9gations de pouvoir aux p\u00f4les sont surtout effectives dans les CHU, dont l\u2019\u00e9chelle rend cette logique plus pertinente que dans un CH, sur la base d\u2019une d\u00e9l\u00e9gation tr\u00e8s encadr\u00e9e. L\u2019autonomie est donc toute relative au sein des p\u00f4les d\u2019activit\u00e9s, encore plus souvent pilot\u00e9s selon des logiques m\u00e9dico-soignantes plut\u00f4t que m\u00e9dico-\u00e9conomique.<span class=\"Apple-converted-space\">\u00a0<\/span><\/p>\n<p>Le CTE et le comit\u00e9 d&#8217;hygi\u00e8ne, de s\u00e9curit\u00e9 et des conditions de travail (CHSCT) sont, selon les th\u00e9matiques, consult\u00e9s ou inform\u00e9s sur les questions relatives au fonctionnement des \u00e9tablissements. Les syndicats et le personnel y sont bien repr\u00e9sent\u00e9s, ce qui fait de ces instances un porte-voix appr\u00e9ciable des instances syndicales. Des votes consultatifs y ont lieu, libre au directeur de les suivre.<\/p>\n<p>La commission des soins infirmiers, et dor\u00e9navant de r\u00e9\u00e9ducation et m\u00e9dico-techniques (devenue de fait la CSIRMT) est ax\u00e9e sur la qualit\u00e9 des soins. La CSIRMT comprend au maximum 30 membres dans les CH et 40 dans les CHU, r\u00e9partis en trois coll\u00e8ges\u2009: cadres de sant\u00e9, personnels infirmiers, de r\u00e9\u00e9ducation et m\u00e9dico-techniques, aides-soignants. La CSIRMT, dont le pr\u00e9sident est membre de droit du directoire, est \u00e0 la fois consult\u00e9e et inform\u00e9e sur toutes les questions li\u00e9es \u00e0 l\u2019organisation des soins, mais elle ne d\u00e9cide pas en tant que telle.<span class=\"Apple-converted-space\">\u00a0<\/span><\/p>\n<p>Le directoire est donc le seul organe ex\u00e9cutif concentrant la totalit\u00e9 des pouvoirs entre les mains du directeur, qui en est le pr\u00e9sident. Le vice-pr\u00e9sident du directoire est le pr\u00e9sident de la CME. Le pr\u00e9sident de la CSIRMT en est membre de droit. Le directoire, \u00e0 majorit\u00e9 m\u00e9dicale, pharmaceutique, ma\u00efeutique et odontologique, a pour mission de veiller \u00e0 la coh\u00e9rence des projets de p\u00f4les avec le projet m\u00e9dical, et avec l\u2019ensemble du projet d\u2019\u00e9tablissement. Il impulse la strat\u00e9gie, organise les p\u00f4les, arr\u00eate l\u2019\u00e9tat pr\u00e9visionnel des recettes et des d\u00e9penses. Le directoire demeure un lieu d\u2019\u00e9change des points de vue gestionnaires, m\u00e9dicaux et soignants, dans lequel le directeur dirige, et o\u00f9 les autres membres l\u2019appuient et le conseillent dans sa conduite de l\u2019\u00e9tablissement.<\/p>\n<p>En somme, la loi HPST promeut un directeur qui a les coud\u00e9es franches en th\u00e9orie. En pratique, il n\u2019a jamais autant \u00e9t\u00e9 pieds et poings li\u00e9s\u2026<\/p>\n<h1>Le directeur, grand perdant de la loi HPST<\/h1>\n<p>Le projet de r\u00e9forme de la gouvernance hospitali\u00e8re HPST, confi\u00e9 \u00e0 G\u00e9rard\u00a0Larcher en 2007, avait pourtant un seul mot d\u2019ordre\u2009: \u00ab\u2009Un patron et un seul \u00e0 l\u2019h\u00f4pital\u2009: le directeur.\u2009\u00bb<\/p>\n<p>Sur le papier, la loi HPST pr\u00e9sente une nouvelle architecture qui accro\u00eet la capacit\u00e9 de d\u00e9cision des diff\u00e9rents niveaux hi\u00e9rarchiques de l\u2019h\u00f4pital. Sur le terrain, la ligne hi\u00e9rarchique a rarement \u00e9t\u00e9 aussi d\u00e9s\u0153uvr\u00e9e. Le discours du directeur g\u00e9n\u00e9ral (DG) tient d\u00e9sormais plus souvent du \u00ab\u2009je ne peux pas\u2009\u00bb que du \u00ab\u2009je ne veux pas\u2009\u00bb. Le DG est paralys\u00e9 par son autorit\u00e9 hi\u00e9rarchique sanitaire d\u2019une part, l\u2019ARS, les autorit\u00e9s financi\u00e8res d\u2019autre part.<\/p>\n<p>En effet, l\u2019ARS est dot\u00e9e d\u2019un organe ex\u00e9cutif\u00a0: le DG de l\u2019ARS. Ses comp\u00e9tences sont plus larges que celles du directeur de l\u2019ARH. L\u2019organe d\u00e9lib\u00e9rant est le conseil de surveillance. Les DGARS ont \u00e9t\u00e9 dot\u00e9s de pouvoirs importants pour r\u00e9ellement pouvoir d\u00e9cider, et non plus simplement n\u00e9gocier des consensus locaux.<span class=\"Apple-converted-space\">\u00a0<\/span><\/p>\n<p>Les ARS nomment et \u00e9valuent directement les directeurs, contr\u00f4lent la l\u00e9galit\u00e9 de leurs d\u00e9cisions et leur imposent des actions de coop\u00e9ration. Difficile d\u00e8s lors de s\u2019affirmer comme le seul grand patron de l\u2019h\u00f4pital dans un tel contexte\u2026 \u00c9tant donn\u00e9 que \u00ab\u00a0toute loi devant \u00eatre appliqu\u00e9e doit faire l\u2019objet de comptes \u00e0 rendre \u00e0 l\u2019ARS\u00a0\u00bb, que le minist\u00e8re de la Sant\u00e9 a pouvoir de vie et de mort sur le DGARS, que l\u2019ARS a pouvoir de vie ou de mort sur la carri\u00e8re des directeurs d\u2019h\u00f4pital, que le directeur dispose par ailleurs des pleins pouvoirs au sein de l\u2019h\u00f4pital, par voie de cons\u00e9quence la majorit\u00e9 pr\u00e9sidentielle dispose d\u2019un pouvoir supr\u00eame direct sur le personnel hospitalier. Les contre-pouvoirs politiques et professionnels (pr\u00e9fets, maire, m\u00e9decins) ont \u00e9t\u00e9 annihil\u00e9s par les diff\u00e9rentes r\u00e9formes successives des ann\u00e9es 2000.<\/p>\n<p>Le directeur d\u2019h\u00f4pital est aussi tenu par les cordons de la bourse. Depuis le 11\u00a0d\u00e9cembre 2012, le Comit\u00e9 interminist\u00e9riel de performance et de la modernisation de l\u2019offre de soins (Copermo) remplace le Comit\u00e9 national de validation des investissements et le comit\u00e9 des risques financiers. Le Copermo a \u00e9t\u00e9 mis en place par Marisol Touraine afin de valider et de suivre les actions propos\u00e9es par les ARS. Les autres objectifs du Copermo sont de s\u00e9lectionner et de prioriser les projets d\u2019investissements n\u00e9cessitant un financement de l\u2019\u00c9tat et d\u2019assurer le suivi des \u00e9tablissements en difficult\u00e9. C\u2019est au sein de ce comit\u00e9 que sont d\u00e9cid\u00e9es les trajectoires financi\u00e8res coercitives que les DGARS, et donc les directeurs d\u2019h\u00f4pital, doivent d\u00e9cliner sur le terrain. Le Copermo est aujourd\u2019hui tr\u00e8s critiqu\u00e9 par les directions, jug\u00e9 n\u00e9cessaire et utile sur le principe, mais beaucoup trop rigide et \u00e9loign\u00e9 des enjeux sanitaires. Grossi\u00e8rement, le Copermo est vu aujourd\u2019hui comme \u00ab\u00a0une commission de Bercy dans laquelle des financiers en costume disent au DG que oui, il aurait bien besoin de personnel pour r\u00e9pondre aux besoins de sant\u00e9 de son territoire, mais que non il ne les aura pas\u2009\u00bb. Symbole de la domination des enjeux \u00e9conomiques sur les enjeux sanitaires, le Copermo est jug\u00e9 par le monde de la sant\u00e9 non comme l\u2019instance \u00e9clairante et r\u00e9gulatrice qu\u2019il devrait incarner, mais comme un organe qui cr\u00e9e le d\u00e9s\u00e9quilibre entre l\u2019offre de soins et le besoin de sant\u00e9, alt\u00e9rant la capacit\u00e9 de r\u00e9ponse du syst\u00e8me de sant\u00e9 fran\u00e7ais face aux grands d\u00e9fis sanitaires.<\/p>\n<p>En synth\u00e8se des diff\u00e9rentes r\u00e9formes que le monde hospitalier a connues, nous constatons une succession de projets de gouvernance hospitali\u00e8re, soit trop simplistes, l\u00e0 o\u00f9 la complexit\u00e9 constituait une richesse (disparition du conseil ex\u00e9cutif), soit trop complexes, l\u00e0 o\u00f9 les acteurs manquaient de clart\u00e9 (de nombreuses instances mais pas pouvoir de d\u00e9cision). En sortie de crise post-coronavirus, nous t\u00e2chons d\u2019entrevoir de nouvelles pistes en inversant la tendance, pour nous \u00ab\u2009r\u00e9inventer\u2009\u00bb. Une nouvelle gouvernance du syst\u00e8me de sant\u00e9, incluant la gouvernance hospitali\u00e8re, doit-elle \u00eatre envisag\u00e9e en se basant sur l\u2019instauration de garde-fou permettant d\u2019\u00e9viter les \u00e9cueils du pass\u00e9\u2009? Cette r\u00e9flexion questionne le pouvoir et sa r\u00e9partition pour gagner en capacit\u00e9 de r\u00e9ponse, particuli\u00e8rement face aux crises, enjeu d\u00e9sormais majeur. Autrefois jug\u00e9 trop complexe, le pouvoir dans le syst\u00e8me de sant\u00e9 a \u00e9t\u00e9 centralis\u00e9 au maximum. La recherche d\u2019une organisation efficiente a pourtant conduit \u00e0 des situations d\u00e9ficientes. La complexit\u00e9 hospitali\u00e8re doit \u00eatre aujourd\u2019hui vue non pas comme un handicap mais comme une richesse. Si nous nous recentrons sur l\u2019h\u00f4pital m\u00eame, la question centrale est de savoir si le directeur doit rester \u00ab\u2009le seul patron\u2009\u00bb, ou si une partie de son pouvoir doit \u00eatre redistribu\u00e9e directement vers les personnes comp\u00e9tentes au travers d\u2019une grande instance omnidisciplinaire\u2009?<\/p>\n<blockquote><p>Un conseil strat\u00e9gique hospitalier deviendrait le symbole d\u2019une v\u00e9ritable cogestion, portant les valeurs de la d\u00e9mocratie sanitaire sur le versant des professionnels de sant\u00e9.<\/p><\/blockquote>\n<h1>Un conseil strat\u00e9gique hospitalier<\/h1>\n<p>Nous proposons de simuler la cr\u00e9ation d\u2019un conseil strat\u00e9gique qui pr\u00e9figure un retour \u00e0 une instance retrouvant les principes d\u2019un pouvoir copartag\u00e9 que pouvait incarner le conseil ex\u00e9cutif, et qui les d\u00e9passe m\u00eame de loin, en r\u00e9partissant le pouvoir entre tous les acteurs strat\u00e9giques de l\u2019h\u00f4pital, regroup\u00e9s en coll\u00e8ges. Cette id\u00e9e d\u2019institutionnaliser la cellule de crise et de la p\u00e9renniser nous est apparue de mani\u00e8re empirique. Pendant la crise sanitaire du Covid-19 notre centre hospitalier a d\u00e9ploy\u00e9 spontan\u00e9ment une cellule de crise regroupant tous les acteurs de l\u2019\u00e9tablissement. L\u2019apport au niveau de la gestion de la crise a \u00e9t\u00e9 tr\u00e8s positif. La cellule de crise se r\u00e9unissait d\u2019abord sur rendez-vous formels, puis selon une fr\u00e9quence pr\u00e9d\u00e9finie et toujours \u00e0 la m\u00eame heure. Cette organisation a permis une habitude, une routine, dans un contexte totalement inhabituel.<\/p>\n<h2>Composition<\/h2>\n<p>Le pr\u00e9sident du conseil strat\u00e9gique est bien s\u00fbr le directeur d\u2019h\u00f4pital. Le vice-pr\u00e9sident, comme au niveau du directoire, reste le pr\u00e9sident de la CME. La composition de ce conseil strat\u00e9gique devrait faire l\u2019objet d\u2019une r\u00e9flexion approfondie et collective. Nous proposons n\u00e9anmoins notre version au tableau ci-dessous.<\/p>\n<button data-toggle=\"collapse\" data-target=\"#enc_2020_369_01\">Tableau<\/button><div id=\"enc_2020_369_01\" class=\"encadre collapse\"><p><span class=\"surtitre_enc\">Tableau<\/span><\/p>\n<h2>Composition du conseil strat\u00e9gique hospitalier<\/h2>\n<p><img decoding=\"async\" class=\"alignnone size-full wp-image-42088\" src=\"https:\/\/gestions-hospitalieres.fr\/wp-content\/uploads\/2020\/07\/Capture-d\u2019\u00e9cran-2020-07-21-\u00e0-12.41.53.png\" alt=\"\" width=\"2384\" height=\"964\" srcset=\"https:\/\/www.ricom-web8.com\/gestions\/wp-content\/uploads\/2020\/07\/Capture-d\u2019\u00e9cran-2020-07-21-\u00e0-12.41.53.png 2384w, https:\/\/www.ricom-web8.com\/gestions\/wp-content\/uploads\/2020\/07\/Capture-d\u2019\u00e9cran-2020-07-21-\u00e0-12.41.53-300x121.png 300w, https:\/\/www.ricom-web8.com\/gestions\/wp-content\/uploads\/2020\/07\/Capture-d\u2019\u00e9cran-2020-07-21-\u00e0-12.41.53-1024x414.png 1024w, https:\/\/www.ricom-web8.com\/gestions\/wp-content\/uploads\/2020\/07\/Capture-d\u2019\u00e9cran-2020-07-21-\u00e0-12.41.53-768x311.png 768w, https:\/\/www.ricom-web8.com\/gestions\/wp-content\/uploads\/2020\/07\/Capture-d\u2019\u00e9cran-2020-07-21-\u00e0-12.41.53-1536x621.png 1536w, https:\/\/www.ricom-web8.com\/gestions\/wp-content\/uploads\/2020\/07\/Capture-d\u2019\u00e9cran-2020-07-21-\u00e0-12.41.53-2048x828.png 2048w\" sizes=\"(max-width: 2384px) 100vw, 2384px\" \/><\/p>\n<\/div>\n<h2>R\u00e9partition du pouvoir<\/h2>\n<p>Ce type d\u2019organisation, organe de d\u00e9cision unique mais pluri et m\u00eame omnidisciplinaire, permettrait des automatismes institutionnels en routine et aurait la capacit\u00e9 d\u2019\u00eatre poursuivi en l\u2019\u00e9tat en cas de crise sanitaire (pand\u00e9mies, plans blancs, plan Novi, etc.). La grande nouveaut\u00e9 serait la r\u00e9partition pour chaque coll\u00e8ge de voies d\u00e9cisionnaires et non plus consultatives. La valeur des voix serait \u00e0 d\u00e9terminer en fonction du grade et du domaine d\u2019activit\u00e9 (la voix du directeur serait par exemple la plus \u00e9lev\u00e9e). En cas de crise sanitaire et d\u2019\u00e9tat d\u2019urgence national, le directeur retrouverait une autorit\u00e9 totale et d\u00e9tiendrait l\u2019ensemble du pouvoir.<\/p>\n<h2>Missions<\/h2>\n<p>Le conseil strat\u00e9gique reprendrait les missions du directoire et du conseil de surveillance, lequel dispara\u00eetrait, puisque le conseil strat\u00e9gique dispose en son sein de contre-pouvoirs, et donc d\u2019organes de validation mais aussi de contr\u00f4le et de surveillance. En effet, les acteurs continuent d\u2019appuyer et de conseiller le directeur dans la gestion et la conduite de l\u2019\u00e9tablissement, en m\u00eame temps qu\u2019ils le contr\u00f4lent. La composition du conseil strat\u00e9gique est une garantie de prise en compte des pr\u00e9occupations des professionnels de sant\u00e9 dans toutes les d\u00e9cisions de la vie institutionnelle de l\u2019\u00e9tablissement. Comme le directoire, le conseil strat\u00e9gique impulse la strat\u00e9gie, pr\u00e9pare et valide le projet d\u2019\u00e9tablissement, le projet m\u00e9dico-soignant et les projets de p\u00f4le, valide le CPOM, les contrats de p\u00f4le, arr\u00eate l\u2019EPRD, r\u00e9alise des retours d\u2019exp\u00e9rience op\u00e9rationnels qualit\u00e9 (patient traceur\u2026)\u2026 Rien n\u2019emp\u00eache par ailleurs le directeur de provoquer des r\u00e9unions pour l\u2019\u00e9clairer sur des th\u00e9matiques cibl\u00e9es.<span class=\"Apple-converted-space\">\u00a0<\/span><\/p>\n<p>Au niveau fonctionnel, ce conseil serait dot\u00e9 d\u2019un coordonnateur \u00e0 temps plein (assistant de direction ou adjoint des cadres) pour la programmation des ordres du jour, la prise et l\u2019envoi du compte-rendu, l\u2019organisation des rassemblements, le suivi des d\u00e9cisions, remont\u00e9es et descentes d\u2019informations, relais des informations institutionnelles importantes, invitations, gestion du mat\u00e9riel\u2026<\/p>\n<h2>D\u00e9marche qualit\u00e9 et culture d\u2019\u00e9tablissement<\/h2>\n<p>Pendant la crise sanitaire li\u00e9e au Covid-19, la cellule de crise de notre CH a pu r\u00e9aliser des retours d\u2019exp\u00e9rience pluridisciplinaires quasiment imm\u00e9diats sur certains \u00e9v\u00e9nements ind\u00e9sirables. Par exemple, en d\u00e9but de crise, un \u00e9v\u00e9nement ind\u00e9sirable li\u00e9 au parcours d\u2019un patient suspect Covid a g\u00e9n\u00e9r\u00e9 quelques h\u00e9sitations dans la prise en charge. Le d\u00e9briefing pluridisciplinaire g\u00e9n\u00e9ral a \u00e9t\u00e9 possible d\u00e8s l\u2019apr\u00e8s-midi en cellule de crise, permettant une capacit\u00e9 de r\u00e9ponse et d\u2019ajustement collectifs d\u00e8s le lendemain. Autre exemple, toujours en d\u00e9but de crise, la mise en \u0153uvre d\u2019une simulation d\u2019arriv\u00e9e massive de patients Covid-19 aux urgences. Un retour \u00e0 chaud pilot\u00e9 par le responsable assurance qualit\u00e9 a pu \u00eatre r\u00e9alis\u00e9 l\u2019apr\u00e8s-midi m\u00eame, avec l\u2019ensemble des acteurs pr\u00e9sents en cellule de crise et du parcours patient (urgences, r\u00e9animation, service Covid-19, imagerie, brancardage, etc.).<span class=\"Apple-converted-space\">\u00a0<\/span><\/p>\n<p>La conclusion de ces nombreux retours terrain peut para\u00eetre simpliste mais elle est implacable\u2009: si vous r\u00e9unissez toutes les personnes contribuant \u00e0 l\u2019organisation et aux interfaces dans une m\u00eame salle, vous trouverez des solutions\u2009! Si vous les r\u00e9unissez de la m\u00eame mani\u00e8re r\u00e9guli\u00e8rement ensemble, vous cr\u00e9erez des automatismes et gagnerez encore en r\u00e9activit\u00e9 et efficacit\u00e9\u2009!<\/p>\n<p>Le partage des comp\u00e9tences, des intelligences, des m\u00e9thodes, des opinions, des exp\u00e9riences et des avis divergents permet de prendre la meilleure d\u00e9cision finale dans un laps de temps donn\u00e9.<\/p>\n<p>La p\u00e9rennisation d\u2019une cellule de crise vers un mod\u00e8le v\u00e9ritablement institutionnel permettrait donc de rendre beaucoup plus op\u00e9rationnelle la mise en \u0153uvre du management par processus dans l\u2019\u00e9tablissement, et donc l\u2019am\u00e9lioration de la d\u00e9marche qualit\u00e9. Il faut alors faire le pari de croire en l\u2019intelligence collective dans le processus de d\u00e9cision du secteur hospitalier.<\/p>\n<p>Par ailleurs, la confrontation des cultures permettrait d\u2019en favoriser une nouvelle. La concertation de toutes les disciplines (RH, DAF, soignants, etc.) tendrait \u00e0 \u00e9viter les guerres de clochers de toute organisation. Ce conseil permet aussi pour le directeur de rassembler l\u2019ensemble de ses \u00e9quipes selon un mode op\u00e9ratoire unifi\u00e9, de fluidifier la communication interpersonnelle, de cr\u00e9er du lien et de f\u00e9d\u00e9rer les \u00e9quipes de via une tribune unique.<\/p>\n<h2>L\u2019impact au niveau des autres instances<\/h2>\n<p>\u00c0 force d\u2019habitudes, on oublie l\u2019essentiel, et c\u2019est \u00e0 la faveur d\u2019une grande crise que l\u2019on peut voir ce qui est n\u00e9cessaire \u00e0 la vie et \u00e0 la survie de l\u2019organisation. L\u2019\u00e9preuve du Covid-19 doit \u00eatre mise \u00e0 profit pour retrouver le sens de l\u2019essentiel, qui ne doit pas \u00eatre menac\u00e9 par des organes non indispensables.<\/p>\n<p>La mise en pratique de l\u2019organisation de crise dans notre CH a naturellement conduit non seulement \u00e0 organiser une cellule de crise pluridisciplinaire, qui a brillamment et en tr\u00e8s peu de temps fait ses preuves en termes de management hospitalier, mais \u00e0 \u00e9carter provisoirement d\u2019autres instances telles que le conseil de surveillance, le CHSCT et le CTE.<span class=\"Apple-converted-space\">\u00a0<\/span><\/p>\n<p>Nous l\u2019avons dit, le conseil de surveillance dispara\u00eetrait avec l\u2019arriv\u00e9e de ce conseil strat\u00e9gique hospitalier p\u00e9renne.<\/p>\n<p>Par ailleurs, gr\u00e2ce au conseil strat\u00e9gique, le directeur des soins retrouve un pouvoir de d\u00e9cision qu\u2019il avait perdu, en partie avec la mise en place des p\u00f4les. Les soignants param\u00e9dicaux gagnent, eux, un pouvoir de d\u00e9cision, fait pertinent depuis que leur caract\u00e8re essentiel a \u00e9t\u00e9 r\u00e9v\u00e9l\u00e9 pendant la crise sanitaire li\u00e9e au Covid-19. La CSIRMT peut devenir facultative selon la volont\u00e9 et le besoin \u00e9mis du directeur et coordonnateur g\u00e9n\u00e9ral des soins.<\/p>\n<p>Afin de simplifier l\u2019\u00e9chiquier institutionnel, nous proposons enfin de fusionner le CTE et le CHSCT, le conseil strat\u00e9gique incluant d\u00e9j\u00e0 soignants et syndicats dans le processus de d\u00e9cision. Cette fusion serait mise \u00e0 profit pour pr\u00e9senter et valider des organisations sectorielles qui ne n\u00e9cessitent pas la concertation du conseil strat\u00e9gique (changement d\u2019organisation dans un service\u2026).<\/p>\n<h2>Le d\u00e9fi de la cr\u00e9ation d\u2019un conseil strat\u00e9gique<\/h2>\n<p>La r\u00e9ussite dans la mise en \u0153uvre d\u2019un tel conseil strat\u00e9gique hospitalier reposerait sur sa capacit\u00e9 \u00e0 faire travailler ensemble tous ses membres pour concourir \u00e0 des objectifs et des r\u00e9sultats communs. Il faut donc que les acteurs arrivent \u00e0 travailler ensemble et \u00e0 laisser de c\u00f4t\u00e9 les jeux de pouvoirs. Le cas \u00e9ch\u00e9ant, la constitution de sous-groupe de travail devra \u00eatre envisag\u00e9e. Un sondage m\u00e9rite d\u2019\u00eatre r\u00e9alis\u00e9 au niveau national, mais notre exp\u00e9rience terrain a montr\u00e9 beaucoup plus de points positifs \u00e0 travailler selon ce sch\u00e9ma que de freins.<span class=\"Apple-converted-space\">\u00a0<\/span><\/p>\n<h2>R\u00f4le dans la gen\u00e8se des r\u00e9formes de sant\u00e9<\/h2>\n<p>Les conseils strat\u00e9giques des h\u00f4pitaux pourraient \u00eatre consult\u00e9s par les ARS et le minist\u00e8re de la Sant\u00e9 avant chaque nouveau projet de r\u00e9forme. Ainsi, les r\u00e9flexions et les propositions de ces conseils, si prises en compte, pourraient redonner du sens \u00e0 l\u2019h\u00f4pital public. L\u2019information ne serait plus uniquement descendante (application par l\u2019h\u00f4pital d\u2019une r\u00e9forme d\u00e9cid\u00e9 par l\u2019\u00c9tat) mais aussi ascendante (prise en compte par les ARS puis par l\u2019\u00c9tat des r\u00e9alit\u00e9s de terrain et des id\u00e9es des professionnels de sant\u00e9 dans la mutation du syst\u00e8me de sant\u00e9), permettant ainsi de ne plus subir les lois mais de les accompagner durablement.<\/p>\n<h1>Conclusion<\/h1>\n<p>Un conseil strat\u00e9gique hospitalier deviendrait le symbole d\u2019une v\u00e9ritable cogestion, portant les valeurs de la d\u00e9mocratie sanitaire sur le versant des professionnels de sant\u00e9. Cette nouvelle gouvernance repose sur une simplification institutionnelle (un seul grand organe d\u00e9cisionnaire accompagn\u00e9 du CTE\/CHSCT et d\u2019autres commissions devenues facultatives) et une complexification op\u00e9rationnelle (de nombreux acteurs d\u00e9cisionnaires dans cette seule grande instance).<span class=\"Apple-converted-space\">\u00a0<\/span><\/p>\n<p>Apr\u00e8s tout, n\u2019est-ce pas l\u00e0 une de nos plus grandes fiert\u00e9s organisationnelles \u00e0 l\u2019h\u00f4pital, de ne jamais prendre de d\u00e9cisions seul, mais en concertation avec l\u2019ensemble des domaines d\u2019activit\u00e9s strat\u00e9giques de l\u2019\u00e9tablissement\u2009? Le credo du conseil strat\u00e9gique hospitalier ne serait plus\u2009\u00ab\u2009trop d\u2019acteurs dans la d\u00e9cision g\u00e9n\u00e8re trop de complexit\u00e9\u2009\u00bb mais \u00ab\u2009l\u2019union fait la force\u2009\u00bb, l\u2019objectif final \u00e9tant toujours l\u2019am\u00e9lioration de la performance collective hospitali\u00e8re.<\/p>\n<script>function PlayerjsAsync(){} if(window[\"Playerjs\"]){PlayerjsAsync();}<\/script>","protected":false},"excerpt":{"rendered":"<p>La gen\u00e8se des structures de sant\u00e9 en France s\u2019est op\u00e9r\u00e9e au nom de valeurs morales. Aux IVe et Ve\u00a0si\u00e8cles, les maisons d\u2019hospitalit\u00e9, cr\u00e9\u00e9es par les chr\u00e9tiens et encourag\u00e9es par le clerg\u00e9, accueillent les malheureux, malades ou trop \u00e2g\u00e9s, ou encore les p\u00e8lerins sur le chemin de Compostelle. \u00c0 partir du XIIe si\u00e8cle, en p\u00e9riph\u00e9rie urbaine, des \u00e9tablissements sont d\u00e9di\u00e9s \u00e0 la lutte contre la l\u00e8pre. En 1260, Louis\u00a0IX (plus tard&hellip; <\/p>\n","protected":false},"author":23133,"featured_media":0,"comment_status":"open","ping_status":"closed","sticky":false,"template":"","format":"standard","meta":{"_acf_changed":false,"_relevanssi_hide_post":"","_relevanssi_hide_content":"","_relevanssi_pin_for_all":"","_relevanssi_pin_keywords":"","_relevanssi_unpin_keywords":"","_relevanssi_related_keywords":"","_relevanssi_related_include_ids":"","_relevanssi_related_exclude_ids":"","_relevanssi_related_no_append":"","_relevanssi_related_not_related":"","_relevanssi_related_posts":"","_relevanssi_noindex_reason":"","footnotes":""},"categories":[2,72],"tags":[8039,7863,50,8040,903],"class_list":["post-42086","post","type-post","status-publish","format-standard","hentry","category-gestions-hospitalieres","category-reflexion","tag-conseil-strategique-hospitalier","tag-covid-19","tag-gouvernance","tag-instance","tag-reforme"],"acf":[],"yoast_head":"<!-- This site is optimized with the Yoast SEO plugin v24.8.1 - https:\/\/yoast.com\/wordpress\/plugins\/seo\/ -->\n<title>Pour la cr\u00e9ation d\u2019un conseil strat\u00e9gique hospitalier - Gestions hospitali\u00e8res<\/title>\n<meta name=\"robots\" content=\"index, follow, max-snippet:-1, max-image-preview:large, max-video-preview:-1\" \/>\n<link rel=\"canonical\" href=\"https:\/\/www.ricom-web8.com\/gestions\/pour-la-creation-dun-conseil-strategique-hospitalier\/\" \/>\n<meta property=\"og:locale\" content=\"fr_FR\" \/>\n<meta property=\"og:type\" content=\"article\" \/>\n<meta property=\"og:title\" content=\"Pour la cr\u00e9ation d\u2019un conseil strat\u00e9gique hospitalier - Gestions hospitali\u00e8res\" \/>\n<meta property=\"og:description\" content=\"La gen\u00e8se des structures de sant\u00e9 en France s\u2019est op\u00e9r\u00e9e au nom de valeurs morales. Aux IVe et Ve\u00a0si\u00e8cles, les maisons d\u2019hospitalit\u00e9, cr\u00e9\u00e9es par les chr\u00e9tiens et encourag\u00e9es par le clerg\u00e9, accueillent les malheureux, malades ou trop \u00e2g\u00e9s, ou encore les p\u00e8lerins sur le chemin de Compostelle. \u00c0 partir du XIIe si\u00e8cle, en p\u00e9riph\u00e9rie urbaine, des \u00e9tablissements sont d\u00e9di\u00e9s \u00e0 la lutte contre la l\u00e8pre. En 1260, Louis\u00a0IX (plus tard&hellip;\" \/>\n<meta property=\"og:url\" content=\"https:\/\/www.ricom-web8.com\/gestions\/pour-la-creation-dun-conseil-strategique-hospitalier\/\" \/>\n<meta property=\"og:site_name\" content=\"Gestions hospitali\u00e8res\" \/>\n<meta property=\"article:publisher\" content=\"https:\/\/www.facebook.com\/gestionshospitalieres\/\" \/>\n<meta property=\"article:published_time\" content=\"2020-07-01T10:36:39+00:00\" \/>\n<meta property=\"article:modified_time\" content=\"2020-07-21T12:22:23+00:00\" \/>\n<meta name=\"author\" content=\"Gestions hospitali\u00e8res\" \/>\n<meta name=\"twitter:card\" content=\"summary_large_image\" \/>\n<meta name=\"twitter:creator\" content=\"@revue_GH\" \/>\n<meta name=\"twitter:site\" content=\"@revue_GH\" \/>\n<meta name=\"twitter:label1\" content=\"\u00c9crit par\" \/>\n\t<meta name=\"twitter:data1\" content=\"Gestions hospitali\u00e8res\" \/>\n\t<meta name=\"twitter:label2\" content=\"Dur\u00e9e de lecture estim\u00e9e\" \/>\n\t<meta name=\"twitter:data2\" content=\"28 minutes\" \/>\n<script type=\"application\/ld+json\" class=\"yoast-schema-graph\">{\"@context\":\"https:\/\/schema.org\",\"@graph\":[{\"@type\":\"Article\",\"@id\":\"https:\/\/www.ricom-web8.com\/gestions\/pour-la-creation-dun-conseil-strategique-hospitalier\/#article\",\"isPartOf\":{\"@id\":\"https:\/\/www.ricom-web8.com\/gestions\/pour-la-creation-dun-conseil-strategique-hospitalier\/\"},\"author\":{\"name\":\"Gestions hospitali\u00e8res\",\"@id\":\"https:\/\/www.ricom-web8.com\/gestions\/#\/schema\/person\/3ba9fe913190dfe9507feb621e902c1f\"},\"headline\":\"Pour la cr\u00e9ation d\u2019un conseil strat\u00e9gique hospitalier\",\"datePublished\":\"2020-07-01T10:36:39+00:00\",\"dateModified\":\"2020-07-21T12:22:23+00:00\",\"mainEntityOfPage\":{\"@id\":\"https:\/\/www.ricom-web8.com\/gestions\/pour-la-creation-dun-conseil-strategique-hospitalier\/\"},\"wordCount\":5564,\"commentCount\":0,\"publisher\":{\"@id\":\"https:\/\/www.ricom-web8.com\/gestions\/#organization\"},\"keywords\":[\"conseil strat\u00e9gique hospitalier\",\"Covid-19\",\"gouvernance\",\"instance\",\"r\u00e9forme\"],\"articleSection\":[\"Gestions Hospitali\u00e8res\",\"r\u00e9flexion\"],\"inLanguage\":\"fr-FR\",\"potentialAction\":[{\"@type\":\"CommentAction\",\"name\":\"Comment\",\"target\":[\"https:\/\/www.ricom-web8.com\/gestions\/pour-la-creation-dun-conseil-strategique-hospitalier\/#respond\"]}]},{\"@type\":\"WebPage\",\"@id\":\"https:\/\/www.ricom-web8.com\/gestions\/pour-la-creation-dun-conseil-strategique-hospitalier\/\",\"url\":\"https:\/\/www.ricom-web8.com\/gestions\/pour-la-creation-dun-conseil-strategique-hospitalier\/\",\"name\":\"Pour la cr\u00e9ation d\u2019un conseil strat\u00e9gique hospitalier - Gestions hospitali\u00e8res\",\"isPartOf\":{\"@id\":\"https:\/\/www.ricom-web8.com\/gestions\/#website\"},\"datePublished\":\"2020-07-01T10:36:39+00:00\",\"dateModified\":\"2020-07-21T12:22:23+00:00\",\"breadcrumb\":{\"@id\":\"https:\/\/www.ricom-web8.com\/gestions\/pour-la-creation-dun-conseil-strategique-hospitalier\/#breadcrumb\"},\"inLanguage\":\"fr-FR\",\"potentialAction\":[{\"@type\":\"ReadAction\",\"target\":[\"https:\/\/www.ricom-web8.com\/gestions\/pour-la-creation-dun-conseil-strategique-hospitalier\/\"]}]},{\"@type\":\"BreadcrumbList\",\"@id\":\"https:\/\/www.ricom-web8.com\/gestions\/pour-la-creation-dun-conseil-strategique-hospitalier\/#breadcrumb\",\"itemListElement\":[{\"@type\":\"ListItem\",\"position\":1,\"name\":\"Accueil\",\"item\":\"https:\/\/www.ricom-web8.com\/gestions\/\"},{\"@type\":\"ListItem\",\"position\":2,\"name\":\"Pour la cr\u00e9ation d\u2019un conseil strat\u00e9gique hospitalier\"}]},{\"@type\":\"WebSite\",\"@id\":\"https:\/\/www.ricom-web8.com\/gestions\/#website\",\"url\":\"https:\/\/www.ricom-web8.com\/gestions\/\",\"name\":\"Gestions hospitali\u00e8res\",\"description\":\"la revue des d\u00e9cideurs hospitaliers\",\"publisher\":{\"@id\":\"https:\/\/www.ricom-web8.com\/gestions\/#organization\"},\"potentialAction\":[{\"@type\":\"SearchAction\",\"target\":{\"@type\":\"EntryPoint\",\"urlTemplate\":\"https:\/\/www.ricom-web8.com\/gestions\/?s={search_term_string}\"},\"query-input\":{\"@type\":\"PropertyValueSpecification\",\"valueRequired\":true,\"valueName\":\"search_term_string\"}}],\"inLanguage\":\"fr-FR\"},{\"@type\":\"Organization\",\"@id\":\"https:\/\/www.ricom-web8.com\/gestions\/#organization\",\"name\":\"Gestions hospitali\u00e8res\",\"url\":\"https:\/\/www.ricom-web8.com\/gestions\/\",\"logo\":{\"@type\":\"ImageObject\",\"inLanguage\":\"fr-FR\",\"@id\":\"https:\/\/www.ricom-web8.com\/gestions\/#\/schema\/logo\/image\/\",\"url\":\"https:\/\/gestions-hospitalieres.fr\/wp-content\/uploads\/2017\/02\/picto_Gif-GH-trans.png\",\"contentUrl\":\"https:\/\/gestions-hospitalieres.fr\/wp-content\/uploads\/2017\/02\/picto_Gif-GH-trans.png\",\"width\":512,\"height\":512,\"caption\":\"Gestions hospitali\u00e8res\"},\"image\":{\"@id\":\"https:\/\/www.ricom-web8.com\/gestions\/#\/schema\/logo\/image\/\"},\"sameAs\":[\"https:\/\/www.facebook.com\/gestionshospitalieres\/\",\"https:\/\/x.com\/revue_GH\",\"https:\/\/www.linkedin.com\/company\/gestions-hospitalieres?trk=top_nav_home\"]},{\"@type\":\"Person\",\"@id\":\"https:\/\/www.ricom-web8.com\/gestions\/#\/schema\/person\/3ba9fe913190dfe9507feb621e902c1f\",\"name\":\"Gestions hospitali\u00e8res\",\"image\":{\"@type\":\"ImageObject\",\"inLanguage\":\"fr-FR\",\"@id\":\"https:\/\/www.ricom-web8.com\/gestions\/#\/schema\/person\/image\/\",\"url\":\"https:\/\/secure.gravatar.com\/avatar\/1a0d93e6db5dbe7dac96bae4757d256f?s=96&d=mm&r=g\",\"contentUrl\":\"https:\/\/secure.gravatar.com\/avatar\/1a0d93e6db5dbe7dac96bae4757d256f?s=96&d=mm&r=g\",\"caption\":\"Gestions hospitali\u00e8res\"},\"url\":\"https:\/\/www.ricom-web8.com\/gestions\/author\/benjamin\/\"}]}<\/script>\n<!-- \/ Yoast SEO plugin. -->","yoast_head_json":{"title":"Pour la cr\u00e9ation d\u2019un conseil strat\u00e9gique hospitalier - Gestions hospitali\u00e8res","robots":{"index":"index","follow":"follow","max-snippet":"max-snippet:-1","max-image-preview":"max-image-preview:large","max-video-preview":"max-video-preview:-1"},"canonical":"https:\/\/www.ricom-web8.com\/gestions\/pour-la-creation-dun-conseil-strategique-hospitalier\/","og_locale":"fr_FR","og_type":"article","og_title":"Pour la cr\u00e9ation d\u2019un conseil strat\u00e9gique hospitalier - Gestions hospitali\u00e8res","og_description":"La gen\u00e8se des structures de sant\u00e9 en France s\u2019est op\u00e9r\u00e9e au nom de valeurs morales. Aux IVe et Ve\u00a0si\u00e8cles, les maisons d\u2019hospitalit\u00e9, cr\u00e9\u00e9es par les chr\u00e9tiens et encourag\u00e9es par le clerg\u00e9, accueillent les malheureux, malades ou trop \u00e2g\u00e9s, ou encore les p\u00e8lerins sur le chemin de Compostelle. \u00c0 partir du XIIe si\u00e8cle, en p\u00e9riph\u00e9rie urbaine, des \u00e9tablissements sont d\u00e9di\u00e9s \u00e0 la lutte contre la l\u00e8pre. En 1260, Louis\u00a0IX (plus tard&hellip;","og_url":"https:\/\/www.ricom-web8.com\/gestions\/pour-la-creation-dun-conseil-strategique-hospitalier\/","og_site_name":"Gestions hospitali\u00e8res","article_publisher":"https:\/\/www.facebook.com\/gestionshospitalieres\/","article_published_time":"2020-07-01T10:36:39+00:00","article_modified_time":"2020-07-21T12:22:23+00:00","author":"Gestions hospitali\u00e8res","twitter_card":"summary_large_image","twitter_creator":"@revue_GH","twitter_site":"@revue_GH","twitter_misc":{"\u00c9crit par":"Gestions hospitali\u00e8res","Dur\u00e9e de lecture estim\u00e9e":"28 minutes"},"schema":{"@context":"https:\/\/schema.org","@graph":[{"@type":"Article","@id":"https:\/\/www.ricom-web8.com\/gestions\/pour-la-creation-dun-conseil-strategique-hospitalier\/#article","isPartOf":{"@id":"https:\/\/www.ricom-web8.com\/gestions\/pour-la-creation-dun-conseil-strategique-hospitalier\/"},"author":{"name":"Gestions hospitali\u00e8res","@id":"https:\/\/www.ricom-web8.com\/gestions\/#\/schema\/person\/3ba9fe913190dfe9507feb621e902c1f"},"headline":"Pour la cr\u00e9ation d\u2019un conseil strat\u00e9gique hospitalier","datePublished":"2020-07-01T10:36:39+00:00","dateModified":"2020-07-21T12:22:23+00:00","mainEntityOfPage":{"@id":"https:\/\/www.ricom-web8.com\/gestions\/pour-la-creation-dun-conseil-strategique-hospitalier\/"},"wordCount":5564,"commentCount":0,"publisher":{"@id":"https:\/\/www.ricom-web8.com\/gestions\/#organization"},"keywords":["conseil strat\u00e9gique hospitalier","Covid-19","gouvernance","instance","r\u00e9forme"],"articleSection":["Gestions Hospitali\u00e8res","r\u00e9flexion"],"inLanguage":"fr-FR","potentialAction":[{"@type":"CommentAction","name":"Comment","target":["https:\/\/www.ricom-web8.com\/gestions\/pour-la-creation-dun-conseil-strategique-hospitalier\/#respond"]}]},{"@type":"WebPage","@id":"https:\/\/www.ricom-web8.com\/gestions\/pour-la-creation-dun-conseil-strategique-hospitalier\/","url":"https:\/\/www.ricom-web8.com\/gestions\/pour-la-creation-dun-conseil-strategique-hospitalier\/","name":"Pour la cr\u00e9ation d\u2019un conseil strat\u00e9gique hospitalier - Gestions hospitali\u00e8res","isPartOf":{"@id":"https:\/\/www.ricom-web8.com\/gestions\/#website"},"datePublished":"2020-07-01T10:36:39+00:00","dateModified":"2020-07-21T12:22:23+00:00","breadcrumb":{"@id":"https:\/\/www.ricom-web8.com\/gestions\/pour-la-creation-dun-conseil-strategique-hospitalier\/#breadcrumb"},"inLanguage":"fr-FR","potentialAction":[{"@type":"ReadAction","target":["https:\/\/www.ricom-web8.com\/gestions\/pour-la-creation-dun-conseil-strategique-hospitalier\/"]}]},{"@type":"BreadcrumbList","@id":"https:\/\/www.ricom-web8.com\/gestions\/pour-la-creation-dun-conseil-strategique-hospitalier\/#breadcrumb","itemListElement":[{"@type":"ListItem","position":1,"name":"Accueil","item":"https:\/\/www.ricom-web8.com\/gestions\/"},{"@type":"ListItem","position":2,"name":"Pour la cr\u00e9ation d\u2019un conseil strat\u00e9gique hospitalier"}]},{"@type":"WebSite","@id":"https:\/\/www.ricom-web8.com\/gestions\/#website","url":"https:\/\/www.ricom-web8.com\/gestions\/","name":"Gestions hospitali\u00e8res","description":"la revue des d\u00e9cideurs hospitaliers","publisher":{"@id":"https:\/\/www.ricom-web8.com\/gestions\/#organization"},"potentialAction":[{"@type":"SearchAction","target":{"@type":"EntryPoint","urlTemplate":"https:\/\/www.ricom-web8.com\/gestions\/?s={search_term_string}"},"query-input":{"@type":"PropertyValueSpecification","valueRequired":true,"valueName":"search_term_string"}}],"inLanguage":"fr-FR"},{"@type":"Organization","@id":"https:\/\/www.ricom-web8.com\/gestions\/#organization","name":"Gestions hospitali\u00e8res","url":"https:\/\/www.ricom-web8.com\/gestions\/","logo":{"@type":"ImageObject","inLanguage":"fr-FR","@id":"https:\/\/www.ricom-web8.com\/gestions\/#\/schema\/logo\/image\/","url":"https:\/\/gestions-hospitalieres.fr\/wp-content\/uploads\/2017\/02\/picto_Gif-GH-trans.png","contentUrl":"https:\/\/gestions-hospitalieres.fr\/wp-content\/uploads\/2017\/02\/picto_Gif-GH-trans.png","width":512,"height":512,"caption":"Gestions hospitali\u00e8res"},"image":{"@id":"https:\/\/www.ricom-web8.com\/gestions\/#\/schema\/logo\/image\/"},"sameAs":["https:\/\/www.facebook.com\/gestionshospitalieres\/","https:\/\/x.com\/revue_GH","https:\/\/www.linkedin.com\/company\/gestions-hospitalieres?trk=top_nav_home"]},{"@type":"Person","@id":"https:\/\/www.ricom-web8.com\/gestions\/#\/schema\/person\/3ba9fe913190dfe9507feb621e902c1f","name":"Gestions hospitali\u00e8res","image":{"@type":"ImageObject","inLanguage":"fr-FR","@id":"https:\/\/www.ricom-web8.com\/gestions\/#\/schema\/person\/image\/","url":"https:\/\/secure.gravatar.com\/avatar\/1a0d93e6db5dbe7dac96bae4757d256f?s=96&d=mm&r=g","contentUrl":"https:\/\/secure.gravatar.com\/avatar\/1a0d93e6db5dbe7dac96bae4757d256f?s=96&d=mm&r=g","caption":"Gestions hospitali\u00e8res"},"url":"https:\/\/www.ricom-web8.com\/gestions\/author\/benjamin\/"}]}},"_links":{"self":[{"href":"https:\/\/www.ricom-web8.com\/gestions\/wp-json\/wp\/v2\/posts\/42086","targetHints":{"allow":["GET"]}}],"collection":[{"href":"https:\/\/www.ricom-web8.com\/gestions\/wp-json\/wp\/v2\/posts"}],"about":[{"href":"https:\/\/www.ricom-web8.com\/gestions\/wp-json\/wp\/v2\/types\/post"}],"author":[{"embeddable":true,"href":"https:\/\/www.ricom-web8.com\/gestions\/wp-json\/wp\/v2\/users\/23133"}],"replies":[{"embeddable":true,"href":"https:\/\/www.ricom-web8.com\/gestions\/wp-json\/wp\/v2\/comments?post=42086"}],"version-history":[{"count":0,"href":"https:\/\/www.ricom-web8.com\/gestions\/wp-json\/wp\/v2\/posts\/42086\/revisions"}],"wp:attachment":[{"href":"https:\/\/www.ricom-web8.com\/gestions\/wp-json\/wp\/v2\/media?parent=42086"}],"wp:term":[{"taxonomy":"category","embeddable":true,"href":"https:\/\/www.ricom-web8.com\/gestions\/wp-json\/wp\/v2\/categories?post=42086"},{"taxonomy":"post_tag","embeddable":true,"href":"https:\/\/www.ricom-web8.com\/gestions\/wp-json\/wp\/v2\/tags?post=42086"}],"curies":[{"name":"wp","href":"https:\/\/api.w.org\/{rel}","templated":true}]}}