

{"id":42621,"date":"2020-11-01T10:34:11","date_gmt":"2020-11-01T09:34:11","guid":{"rendered":"https:\/\/gestions-hospitalieres.fr\/?p=42621"},"modified":"2020-11-24T15:12:32","modified_gmt":"2020-11-24T14:12:32","slug":"que-retenir-du-passe-que-retenir-pour-lavenir","status":"publish","type":"post","link":"https:\/\/www.ricom-web8.com\/gestions\/que-retenir-du-passe-que-retenir-pour-lavenir\/","title":{"rendered":"Que retenir du pass\u00e9\u2009? Que retenir pour l\u2019avenir\u2009?"},"content":{"rendered":"<span class=\"span-reading-time rt-reading-time\" style=\"display: block;\"><span class=\"rt-label rt-prefix\">Temps de lecture\u00a0: <\/span> <span class=\"rt-time\"> 3<\/span> <span class=\"rt-label rt-postfix\">minutes<\/span><\/span><p><em><strong>Que pensez-vous de ces dix\u00a0derni\u00e8res ann\u00e9es\u2009?<\/strong><\/em><\/p>\n<p>Cette question a une pertinence particuli\u00e8re en 2020 puisqu\u2019il nous est dit, depuis la pand\u00e9mie, que nous passons du monde d\u2019avant au monde d\u2019apr\u00e8s avec le changement de d\u00e9cennie.<\/p>\n<p>Un peu avant le d\u00e9but de cette derni\u00e8re d\u00e9cennie, en 2002, la mise en place des 35\u00a0heures \u00e0 l\u2019h\u00f4pital a marqu\u00e9 un virage majeur en introduisant progressivement un autre rapport au travail que celui qui pr\u00e9sidait historiquement aux relations \u00e0 l\u2019h\u00f4pital. Puis l\u2019h\u00f4pital public a connu successivement plusieurs r\u00e9formes importantes. En 2009, la r\u00e9forme de la gouvernance structurant l\u2019h\u00f4pital en p\u00f4les, repositionnant l\u2019entit\u00e9 service, instaurant un directoire, modifiant le r\u00f4le des instances, du conseil de surveillance et de la CME, a constitu\u00e9 un virage important. En 2016, l\u2019\u00e9largissement au territoire du p\u00e9rim\u00e8tre des compositions sanitaires et m\u00e9dico-sociales a affich\u00e9, par la mise en place du GHT, une r\u00e9elle ambition de coop\u00e9ration et de recomposition de l\u2019offre. Elle n\u2019est pas encore pleinement aboutie. La loi \u00ab\u2009Ma sant\u00e9 2022\u2009\u00bb, face au constat des difficult\u00e9s de plus en plus aigu\u00ebs de d\u00e9mographie m\u00e9dicale et avec la volont\u00e9 plus affirm\u00e9e de sortir du \u00ab\u2009tout h\u00f4pital\u2009\u00bb a pos\u00e9, en 2019, le cadre des communaut\u00e9s professionnelles territoriales de sant\u00e9, invitant celles-ci et l\u2019h\u00f4pital \u00e0 s\u2019organiser autour de la notion de parcours. Les conclusions du S\u00e9gur tirent les enseignements de cette s\u00e9quence de r\u00e9formes tout en s\u2019inscrivant dans la continuit\u00e9 de \u00ab\u2009Ma sant\u00e9 2022\u2009\u00bb.<span class=\"Apple-converted-space\">\u00a0<\/span><\/p>\n<p>Structurantes, ces r\u00e9formes ont \u00e9t\u00e9 men\u00e9es sous contrainte financi\u00e8re croissante. Si cette contrainte s\u2019explique par l\u2019\u00e9volution constante des d\u00e9penses de sant\u00e9 \u00e0 porter par la soci\u00e9t\u00e9 (effectifs, co\u00fbts des traitements\u2026), elle a r\u00e9duit l\u2019esprit des r\u00e9formes \u00e0 leur enjeu financier sans parfois donner le temps aux \u00e9volutions organisationnelles de se construire pleinement. Ce faisant, au fil du temps, malgr\u00e9 des moyens toujours croissants donn\u00e9s \u00e0 l\u2019h\u00f4pital, s\u2019est exprim\u00e9e de plus en plus fortement la r\u00e9sistance de certains acteurs et s\u2019est install\u00e9 le discours du malaise hospitalier et de la souffrance au travail.<\/p>\n<p>En tant que directeurs d\u2019h\u00f4pital, nous exer\u00e7ons, non sans discernement, l\u2019\u00e9quilibre entre les n\u00e9cessaires transformations, l\u2019\u00e9volution des modes de prise en charge, le portage des contraintes budg\u00e9taires, les besoins de la population, les conditions de travail des professionnels et l\u2019ancrage dans les territoires. Dans ce contexte, l\u2019exercice du management s\u2019est grandement complexifi\u00e9 et requiert, avec l\u2019ensemble des acteurs hospitaliers m\u00e9dicaux et non m\u00e9dicaux qui l\u2019assument, de faire preuve de capacit\u00e9s d\u2019adaptation, d\u2019engagement et de savoir-faire qui ne peuvent s\u2019improviser. L\u2019h\u00f4pital est indissociable des \u00e9volutions de la soci\u00e9t\u00e9, et nous le voyons plus que jamais aujourd\u2019hui. D\u00e8s 2019, avec les grands mouvements qui ont agit\u00e9 le monde sanitaire et social, nous avons bascul\u00e9 dans une autre \u00e8re.<span class=\"Apple-converted-space\">\u00a0<\/span><\/p>\n<p><em><strong>Comment envisager les dix prochaines ann\u00e9es\u2009?<span class=\"Apple-converted-space\">\u00a0<\/span><\/strong><\/em><\/p>\n<p>Il est vrai que cette question n\u2019a plus la m\u00eame r\u00e9sonance depuis mars et plus encore avec la tr\u00e8s probable poursuite de la pand\u00e9mie en 2021. Alors que nous entrons dans une nouvelle d\u00e9cennie et que notre quotidien est fortement boulevers\u00e9 \u00e0 l\u2019h\u00f4pital, dans les secteurs m\u00e9dico-sociaux et \u00e0 domicile, nous entendons aussi les inqui\u00e9tudes fortes exprim\u00e9es par nos concitoyens et, parmi eux, les hospitaliers, sur l\u2019\u00e9volution de notre mod\u00e8le de solidarit\u00e9, dont l\u2019h\u00f4pital est l\u2019un des piliers. Il faut s\u2019accorder toutefois sur un constat immuable\u2009: l\u2019h\u00f4pital public, <i>a fortiori<\/i> le CHU, est le garant de l\u2019\u00e9gal acc\u00e8s aux soins, le premier promoteur de la recherche et de la diffusion des innovations th\u00e9rapeutiques et l\u2019un des principaux acteurs de la formation et de la promotion des professionnels. Sans \u00e9quivoque, nous voulons tous conserver le mod\u00e8le de solidarit\u00e9 et d\u2019excellence qu\u2019il repr\u00e9sente, tout en constatant les fragilit\u00e9s induites par la r\u00e9duction de notre capacit\u00e9 financi\u00e8re \u00e0 investir, l\u2019\u00e9volution constante du co\u00fbt des traitements et des technologies. Mais il faut aussi, et peut-\u00eatre avant tout, faire face \u00e0 la diminution de notre attractivit\u00e9 pour les professionnels, dans un contexte o\u00f9 l\u2019exigence forte de continuit\u00e9 des soins peine \u00e0 s\u2019articuler avec l\u2019\u00e9volution des attentes des professionnels et o\u00f9 la s\u00e9curit\u00e9 de l\u2019emploi ne suffit plus \u00e0 r\u00e9pondre \u00e0 ces attentes. L\u2019\u00e9volution des exigences soci\u00e9tales, de soins plus rapides, pleinement s\u00e9curis\u00e9s, pour des patients tout \u00e0 la fois souvent plus d\u00e9munis et tr\u00e8s vite en lien avec les r\u00e9seaux sociaux, constitue un d\u00e9fi de chaque instant pour l\u2019ensemble des professionnels.<span class=\"Apple-converted-space\">\u00a0<\/span><\/p>\n<p>\u00c0 ce stade, nous voulons croire que l\u2019avenir sera source d\u2019opportunit\u00e9s pour renforcer la place du monde soignant dans la soci\u00e9t\u00e9. Bien entendu, les enjeux technologiques seront toujours pr\u00e9sents et inciteront \u00e0 nous adapter aux nouvelles prises en charge. N\u00e9anmoins, le contexte contemporain nous enjoint de r\u00e9pondre aux aspirations des nouvelles g\u00e9n\u00e9rations de soignants qui feront le c\u0153ur de l\u2019h\u00f4pital en 2030. Si nous ne savons pas r\u00e9pondre d\u00e8s aujourd\u2019hui, nous ne pourrons soutenir les nombreux d\u00e9fis de la sant\u00e9 du xxi<sup>e<\/sup>\u00a0si\u00e8cle.<span class=\"Apple-converted-space\">\u00a0<\/span><\/p>\n<p>Je m\u2019emploie, en tant que pr\u00e9sidente de la Conf\u00e9rence et avec l\u2019ensemble de mes coll\u00e8gues directeurs g\u00e9n\u00e9raux de CHU, \u00e0 contribuer \u00e0 ce que la voix du personnel et des usagers soit port\u00e9e au plus haut niveau, pour conserver la place des CHU dans le syst\u00e8me de sant\u00e9 et o\u00f9 l\u2019h\u00f4pital continue de jouer un r\u00f4le cl\u00e9 dans le dispositif de prise en charge.<\/p>\n<script>function PlayerjsAsync(){} if(window[\"Playerjs\"]){PlayerjsAsync();}<\/script>","protected":false},"excerpt":{"rendered":"<p><span class=\"span-reading-time rt-reading-time\" style=\"display: block;\"><span class=\"rt-label rt-prefix\">Temps de lecture\u00a0: <\/span> <span class=\"rt-time\"> 3<\/span> <span class=\"rt-label rt-postfix\">minutes<\/span><\/span>Que pensez-vous de ces dix\u00a0derni\u00e8res ann\u00e9es\u2009? Cette question a une pertinence particuli\u00e8re en 2020 puisqu\u2019il nous est dit, depuis la pand\u00e9mie, que nous passons du monde d\u2019avant au monde d\u2019apr\u00e8s avec le changement de d\u00e9cennie. Un peu avant le d\u00e9but de cette derni\u00e8re d\u00e9cennie, en 2002, la mise en place des 35\u00a0heures \u00e0 l\u2019h\u00f4pital a marqu\u00e9 un virage majeur en introduisant progressivement un autre rapport au travail que celui qui&hellip; <\/p>\n","protected":false},"author":23133,"featured_media":0,"comment_status":"open","ping_status":"closed","sticky":false,"template":"","format":"standard","meta":{"_acf_changed":false,"_relevanssi_hide_post":"","_relevanssi_hide_content":"","_relevanssi_pin_for_all":"","_relevanssi_pin_keywords":"","_relevanssi_unpin_keywords":"","_relevanssi_related_keywords":"","_relevanssi_related_include_ids":"","_relevanssi_related_exclude_ids":"","_relevanssi_related_no_append":"","_relevanssi_related_not_related":"","_relevanssi_related_posts":"","_relevanssi_noindex_reason":"","footnotes":""},"categories":[26,2],"tags":[5256,50,280,1872,8219],"class_list":["post-42621","post","type-post","status-publish","format-standard","hentry","category-dossier","category-gestions-hospitalieres","tag-conference-dg-chu","tag-gouvernance","tag-management","tag-numerique","tag-reformes"],"acf":[],"yoast_head":"<!-- This site is optimized with the Yoast SEO plugin v24.8.1 - https:\/\/yoast.com\/wordpress\/plugins\/seo\/ -->\n<title>Que retenir du pass\u00e9\u2009? Que retenir pour l\u2019avenir\u2009? - Gestions hospitali\u00e8res<\/title>\n<meta name=\"robots\" content=\"index, follow, max-snippet:-1, max-image-preview:large, max-video-preview:-1\" \/>\n<link rel=\"canonical\" href=\"https:\/\/www.ricom-web8.com\/gestions\/que-retenir-du-passe-que-retenir-pour-lavenir\/\" \/>\n<meta property=\"og:locale\" content=\"fr_FR\" \/>\n<meta property=\"og:type\" content=\"article\" \/>\n<meta property=\"og:title\" content=\"Que retenir du pass\u00e9\u2009? Que retenir pour l\u2019avenir\u2009? - Gestions hospitali\u00e8res\" \/>\n<meta property=\"og:description\" content=\"Temps de lecture\u00a0:  3 minutesQue pensez-vous de ces dix\u00a0derni\u00e8res ann\u00e9es\u2009? Cette question a une pertinence particuli\u00e8re en 2020 puisqu\u2019il nous est dit, depuis la pand\u00e9mie, que nous passons du monde d\u2019avant au monde d\u2019apr\u00e8s avec le changement de d\u00e9cennie. Un peu avant le d\u00e9but de cette derni\u00e8re d\u00e9cennie, en 2002, la mise en place des 35\u00a0heures \u00e0 l\u2019h\u00f4pital a marqu\u00e9 un virage majeur en introduisant progressivement un autre rapport au travail que celui qui&hellip;\" \/>\n<meta property=\"og:url\" content=\"https:\/\/www.ricom-web8.com\/gestions\/que-retenir-du-passe-que-retenir-pour-lavenir\/\" \/>\n<meta property=\"og:site_name\" content=\"Gestions hospitali\u00e8res\" \/>\n<meta property=\"article:publisher\" content=\"https:\/\/www.facebook.com\/gestionshospitalieres\/\" \/>\n<meta property=\"article:published_time\" content=\"2020-11-01T09:34:11+00:00\" \/>\n<meta property=\"article:modified_time\" content=\"2020-11-24T14:12:32+00:00\" \/>\n<meta name=\"author\" content=\"Gestions hospitali\u00e8res\" \/>\n<meta name=\"twitter:card\" content=\"summary_large_image\" \/>\n<meta name=\"twitter:creator\" content=\"@revue_GH\" \/>\n<meta name=\"twitter:site\" content=\"@revue_GH\" \/>\n<meta name=\"twitter:label1\" content=\"\u00c9crit par\" \/>\n\t<meta name=\"twitter:data1\" content=\"Gestions hospitali\u00e8res\" \/>\n\t<meta name=\"twitter:label2\" content=\"Dur\u00e9e de lecture estim\u00e9e\" \/>\n\t<meta name=\"twitter:data2\" content=\"5 minutes\" \/>\n<script type=\"application\/ld+json\" class=\"yoast-schema-graph\">{\"@context\":\"https:\/\/schema.org\",\"@graph\":[{\"@type\":\"Article\",\"@id\":\"https:\/\/www.ricom-web8.com\/gestions\/que-retenir-du-passe-que-retenir-pour-lavenir\/#article\",\"isPartOf\":{\"@id\":\"https:\/\/www.ricom-web8.com\/gestions\/que-retenir-du-passe-que-retenir-pour-lavenir\/\"},\"author\":{\"name\":\"Gestions hospitali\u00e8res\",\"@id\":\"https:\/\/www.ricom-web8.com\/gestions\/#\/schema\/person\/3ba9fe913190dfe9507feb621e902c1f\"},\"headline\":\"Que retenir du pass\u00e9\u2009? Que retenir pour l\u2019avenir\u2009?\",\"datePublished\":\"2020-11-01T09:34:11+00:00\",\"dateModified\":\"2020-11-24T14:12:32+00:00\",\"mainEntityOfPage\":{\"@id\":\"https:\/\/www.ricom-web8.com\/gestions\/que-retenir-du-passe-que-retenir-pour-lavenir\/\"},\"wordCount\":998,\"commentCount\":0,\"publisher\":{\"@id\":\"https:\/\/www.ricom-web8.com\/gestions\/#organization\"},\"keywords\":[\"conf\u00e9rence DG CHU\",\"gouvernance\",\"management\",\"num\u00e9rique\",\"r\u00e9formes\"],\"articleSection\":[\"dossier\",\"Gestions Hospitali\u00e8res\"],\"inLanguage\":\"fr-FR\",\"potentialAction\":[{\"@type\":\"CommentAction\",\"name\":\"Comment\",\"target\":[\"https:\/\/www.ricom-web8.com\/gestions\/que-retenir-du-passe-que-retenir-pour-lavenir\/#respond\"]}]},{\"@type\":\"WebPage\",\"@id\":\"https:\/\/www.ricom-web8.com\/gestions\/que-retenir-du-passe-que-retenir-pour-lavenir\/\",\"url\":\"https:\/\/www.ricom-web8.com\/gestions\/que-retenir-du-passe-que-retenir-pour-lavenir\/\",\"name\":\"Que retenir du pass\u00e9\u2009? Que retenir pour l\u2019avenir\u2009? - Gestions hospitali\u00e8res\",\"isPartOf\":{\"@id\":\"https:\/\/www.ricom-web8.com\/gestions\/#website\"},\"datePublished\":\"2020-11-01T09:34:11+00:00\",\"dateModified\":\"2020-11-24T14:12:32+00:00\",\"breadcrumb\":{\"@id\":\"https:\/\/www.ricom-web8.com\/gestions\/que-retenir-du-passe-que-retenir-pour-lavenir\/#breadcrumb\"},\"inLanguage\":\"fr-FR\",\"potentialAction\":[{\"@type\":\"ReadAction\",\"target\":[\"https:\/\/www.ricom-web8.com\/gestions\/que-retenir-du-passe-que-retenir-pour-lavenir\/\"]}]},{\"@type\":\"BreadcrumbList\",\"@id\":\"https:\/\/www.ricom-web8.com\/gestions\/que-retenir-du-passe-que-retenir-pour-lavenir\/#breadcrumb\",\"itemListElement\":[{\"@type\":\"ListItem\",\"position\":1,\"name\":\"Accueil\",\"item\":\"https:\/\/www.ricom-web8.com\/gestions\/\"},{\"@type\":\"ListItem\",\"position\":2,\"name\":\"Que retenir du pass\u00e9\u2009? Que retenir pour l\u2019avenir\u2009?\"}]},{\"@type\":\"WebSite\",\"@id\":\"https:\/\/www.ricom-web8.com\/gestions\/#website\",\"url\":\"https:\/\/www.ricom-web8.com\/gestions\/\",\"name\":\"Gestions hospitali\u00e8res\",\"description\":\"la revue des d\u00e9cideurs hospitaliers\",\"publisher\":{\"@id\":\"https:\/\/www.ricom-web8.com\/gestions\/#organization\"},\"potentialAction\":[{\"@type\":\"SearchAction\",\"target\":{\"@type\":\"EntryPoint\",\"urlTemplate\":\"https:\/\/www.ricom-web8.com\/gestions\/?s={search_term_string}\"},\"query-input\":{\"@type\":\"PropertyValueSpecification\",\"valueRequired\":true,\"valueName\":\"search_term_string\"}}],\"inLanguage\":\"fr-FR\"},{\"@type\":\"Organization\",\"@id\":\"https:\/\/www.ricom-web8.com\/gestions\/#organization\",\"name\":\"Gestions hospitali\u00e8res\",\"url\":\"https:\/\/www.ricom-web8.com\/gestions\/\",\"logo\":{\"@type\":\"ImageObject\",\"inLanguage\":\"fr-FR\",\"@id\":\"https:\/\/www.ricom-web8.com\/gestions\/#\/schema\/logo\/image\/\",\"url\":\"https:\/\/gestions-hospitalieres.fr\/wp-content\/uploads\/2017\/02\/picto_Gif-GH-trans.png\",\"contentUrl\":\"https:\/\/gestions-hospitalieres.fr\/wp-content\/uploads\/2017\/02\/picto_Gif-GH-trans.png\",\"width\":512,\"height\":512,\"caption\":\"Gestions hospitali\u00e8res\"},\"image\":{\"@id\":\"https:\/\/www.ricom-web8.com\/gestions\/#\/schema\/logo\/image\/\"},\"sameAs\":[\"https:\/\/www.facebook.com\/gestionshospitalieres\/\",\"https:\/\/x.com\/revue_GH\",\"https:\/\/www.linkedin.com\/company\/gestions-hospitalieres?trk=top_nav_home\"]},{\"@type\":\"Person\",\"@id\":\"https:\/\/www.ricom-web8.com\/gestions\/#\/schema\/person\/3ba9fe913190dfe9507feb621e902c1f\",\"name\":\"Gestions hospitali\u00e8res\",\"image\":{\"@type\":\"ImageObject\",\"inLanguage\":\"fr-FR\",\"@id\":\"https:\/\/www.ricom-web8.com\/gestions\/#\/schema\/person\/image\/\",\"url\":\"https:\/\/secure.gravatar.com\/avatar\/1a0d93e6db5dbe7dac96bae4757d256f?s=96&d=mm&r=g\",\"contentUrl\":\"https:\/\/secure.gravatar.com\/avatar\/1a0d93e6db5dbe7dac96bae4757d256f?s=96&d=mm&r=g\",\"caption\":\"Gestions hospitali\u00e8res\"},\"url\":\"https:\/\/www.ricom-web8.com\/gestions\/author\/benjamin\/\"}]}<\/script>\n<!-- \/ Yoast SEO plugin. -->","yoast_head_json":{"title":"Que retenir du pass\u00e9\u2009? Que retenir pour l\u2019avenir\u2009? - Gestions hospitali\u00e8res","robots":{"index":"index","follow":"follow","max-snippet":"max-snippet:-1","max-image-preview":"max-image-preview:large","max-video-preview":"max-video-preview:-1"},"canonical":"https:\/\/www.ricom-web8.com\/gestions\/que-retenir-du-passe-que-retenir-pour-lavenir\/","og_locale":"fr_FR","og_type":"article","og_title":"Que retenir du pass\u00e9\u2009? Que retenir pour l\u2019avenir\u2009? - Gestions hospitali\u00e8res","og_description":"Temps de lecture\u00a0:  3 minutesQue pensez-vous de ces dix\u00a0derni\u00e8res ann\u00e9es\u2009? Cette question a une pertinence particuli\u00e8re en 2020 puisqu\u2019il nous est dit, depuis la pand\u00e9mie, que nous passons du monde d\u2019avant au monde d\u2019apr\u00e8s avec le changement de d\u00e9cennie. Un peu avant le d\u00e9but de cette derni\u00e8re d\u00e9cennie, en 2002, la mise en place des 35\u00a0heures \u00e0 l\u2019h\u00f4pital a marqu\u00e9 un virage majeur en introduisant progressivement un autre rapport au travail que celui qui&hellip;","og_url":"https:\/\/www.ricom-web8.com\/gestions\/que-retenir-du-passe-que-retenir-pour-lavenir\/","og_site_name":"Gestions hospitali\u00e8res","article_publisher":"https:\/\/www.facebook.com\/gestionshospitalieres\/","article_published_time":"2020-11-01T09:34:11+00:00","article_modified_time":"2020-11-24T14:12:32+00:00","author":"Gestions hospitali\u00e8res","twitter_card":"summary_large_image","twitter_creator":"@revue_GH","twitter_site":"@revue_GH","twitter_misc":{"\u00c9crit par":"Gestions hospitali\u00e8res","Dur\u00e9e de lecture estim\u00e9e":"5 minutes"},"schema":{"@context":"https:\/\/schema.org","@graph":[{"@type":"Article","@id":"https:\/\/www.ricom-web8.com\/gestions\/que-retenir-du-passe-que-retenir-pour-lavenir\/#article","isPartOf":{"@id":"https:\/\/www.ricom-web8.com\/gestions\/que-retenir-du-passe-que-retenir-pour-lavenir\/"},"author":{"name":"Gestions hospitali\u00e8res","@id":"https:\/\/www.ricom-web8.com\/gestions\/#\/schema\/person\/3ba9fe913190dfe9507feb621e902c1f"},"headline":"Que retenir du pass\u00e9\u2009? Que retenir pour l\u2019avenir\u2009?","datePublished":"2020-11-01T09:34:11+00:00","dateModified":"2020-11-24T14:12:32+00:00","mainEntityOfPage":{"@id":"https:\/\/www.ricom-web8.com\/gestions\/que-retenir-du-passe-que-retenir-pour-lavenir\/"},"wordCount":998,"commentCount":0,"publisher":{"@id":"https:\/\/www.ricom-web8.com\/gestions\/#organization"},"keywords":["conf\u00e9rence DG CHU","gouvernance","management","num\u00e9rique","r\u00e9formes"],"articleSection":["dossier","Gestions Hospitali\u00e8res"],"inLanguage":"fr-FR","potentialAction":[{"@type":"CommentAction","name":"Comment","target":["https:\/\/www.ricom-web8.com\/gestions\/que-retenir-du-passe-que-retenir-pour-lavenir\/#respond"]}]},{"@type":"WebPage","@id":"https:\/\/www.ricom-web8.com\/gestions\/que-retenir-du-passe-que-retenir-pour-lavenir\/","url":"https:\/\/www.ricom-web8.com\/gestions\/que-retenir-du-passe-que-retenir-pour-lavenir\/","name":"Que retenir du pass\u00e9\u2009? Que retenir pour l\u2019avenir\u2009? - Gestions hospitali\u00e8res","isPartOf":{"@id":"https:\/\/www.ricom-web8.com\/gestions\/#website"},"datePublished":"2020-11-01T09:34:11+00:00","dateModified":"2020-11-24T14:12:32+00:00","breadcrumb":{"@id":"https:\/\/www.ricom-web8.com\/gestions\/que-retenir-du-passe-que-retenir-pour-lavenir\/#breadcrumb"},"inLanguage":"fr-FR","potentialAction":[{"@type":"ReadAction","target":["https:\/\/www.ricom-web8.com\/gestions\/que-retenir-du-passe-que-retenir-pour-lavenir\/"]}]},{"@type":"BreadcrumbList","@id":"https:\/\/www.ricom-web8.com\/gestions\/que-retenir-du-passe-que-retenir-pour-lavenir\/#breadcrumb","itemListElement":[{"@type":"ListItem","position":1,"name":"Accueil","item":"https:\/\/www.ricom-web8.com\/gestions\/"},{"@type":"ListItem","position":2,"name":"Que retenir du pass\u00e9\u2009? Que retenir pour l\u2019avenir\u2009?"}]},{"@type":"WebSite","@id":"https:\/\/www.ricom-web8.com\/gestions\/#website","url":"https:\/\/www.ricom-web8.com\/gestions\/","name":"Gestions hospitali\u00e8res","description":"la revue des d\u00e9cideurs hospitaliers","publisher":{"@id":"https:\/\/www.ricom-web8.com\/gestions\/#organization"},"potentialAction":[{"@type":"SearchAction","target":{"@type":"EntryPoint","urlTemplate":"https:\/\/www.ricom-web8.com\/gestions\/?s={search_term_string}"},"query-input":{"@type":"PropertyValueSpecification","valueRequired":true,"valueName":"search_term_string"}}],"inLanguage":"fr-FR"},{"@type":"Organization","@id":"https:\/\/www.ricom-web8.com\/gestions\/#organization","name":"Gestions hospitali\u00e8res","url":"https:\/\/www.ricom-web8.com\/gestions\/","logo":{"@type":"ImageObject","inLanguage":"fr-FR","@id":"https:\/\/www.ricom-web8.com\/gestions\/#\/schema\/logo\/image\/","url":"https:\/\/gestions-hospitalieres.fr\/wp-content\/uploads\/2017\/02\/picto_Gif-GH-trans.png","contentUrl":"https:\/\/gestions-hospitalieres.fr\/wp-content\/uploads\/2017\/02\/picto_Gif-GH-trans.png","width":512,"height":512,"caption":"Gestions hospitali\u00e8res"},"image":{"@id":"https:\/\/www.ricom-web8.com\/gestions\/#\/schema\/logo\/image\/"},"sameAs":["https:\/\/www.facebook.com\/gestionshospitalieres\/","https:\/\/x.com\/revue_GH","https:\/\/www.linkedin.com\/company\/gestions-hospitalieres?trk=top_nav_home"]},{"@type":"Person","@id":"https:\/\/www.ricom-web8.com\/gestions\/#\/schema\/person\/3ba9fe913190dfe9507feb621e902c1f","name":"Gestions hospitali\u00e8res","image":{"@type":"ImageObject","inLanguage":"fr-FR","@id":"https:\/\/www.ricom-web8.com\/gestions\/#\/schema\/person\/image\/","url":"https:\/\/secure.gravatar.com\/avatar\/1a0d93e6db5dbe7dac96bae4757d256f?s=96&d=mm&r=g","contentUrl":"https:\/\/secure.gravatar.com\/avatar\/1a0d93e6db5dbe7dac96bae4757d256f?s=96&d=mm&r=g","caption":"Gestions hospitali\u00e8res"},"url":"https:\/\/www.ricom-web8.com\/gestions\/author\/benjamin\/"}]}},"_links":{"self":[{"href":"https:\/\/www.ricom-web8.com\/gestions\/wp-json\/wp\/v2\/posts\/42621","targetHints":{"allow":["GET"]}}],"collection":[{"href":"https:\/\/www.ricom-web8.com\/gestions\/wp-json\/wp\/v2\/posts"}],"about":[{"href":"https:\/\/www.ricom-web8.com\/gestions\/wp-json\/wp\/v2\/types\/post"}],"author":[{"embeddable":true,"href":"https:\/\/www.ricom-web8.com\/gestions\/wp-json\/wp\/v2\/users\/23133"}],"replies":[{"embeddable":true,"href":"https:\/\/www.ricom-web8.com\/gestions\/wp-json\/wp\/v2\/comments?post=42621"}],"version-history":[{"count":0,"href":"https:\/\/www.ricom-web8.com\/gestions\/wp-json\/wp\/v2\/posts\/42621\/revisions"}],"wp:attachment":[{"href":"https:\/\/www.ricom-web8.com\/gestions\/wp-json\/wp\/v2\/media?parent=42621"}],"wp:term":[{"taxonomy":"category","embeddable":true,"href":"https:\/\/www.ricom-web8.com\/gestions\/wp-json\/wp\/v2\/categories?post=42621"},{"taxonomy":"post_tag","embeddable":true,"href":"https:\/\/www.ricom-web8.com\/gestions\/wp-json\/wp\/v2\/tags?post=42621"}],"curies":[{"name":"wp","href":"https:\/\/api.w.org\/{rel}","templated":true}]}}