

{"id":42634,"date":"2020-12-10T09:57:14","date_gmt":"2020-12-10T08:57:14","guid":{"rendered":"https:\/\/gestions-hospitalieres.fr\/?p=42634"},"modified":"2020-12-28T16:18:22","modified_gmt":"2020-12-28T15:18:22","slug":"medecins-etrangers-a-lhopital","status":"publish","type":"post","link":"https:\/\/www.ricom-web8.com\/gestions\/medecins-etrangers-a-lhopital\/","title":{"rendered":"M\u00e9decins \u00e9trangers \u00e0 l\u2019h\u00f4pital"},"content":{"rendered":"<span class=\"span-reading-time rt-reading-time\" style=\"display: block;\"><span class=\"rt-label rt-prefix\">Temps de lecture\u00a0: <\/span> <span class=\"rt-time\"> 4<\/span> <span class=\"rt-label rt-postfix\">minutes<\/span><\/span><h2>Les nouvelles r\u00e8gles d\u2019affectation de la PAE<\/h2>\n<p>Le d\u00e9cret n\u00b02020-672<sup class=\"appel\" data-toggle=\"modal\" data-target=\"#notes\">(6)<\/sup> du 3 juin 2020 pr\u00e9cise les modalit\u00e9s d\u2019affectation des candidats \u00e0 l\u2019autorisation d\u2019exercice, laur\u00e9ats des \u00e9preuves de v\u00e9rification des connaissances pour la r\u00e9alisation des parcours de consolidation des comp\u00e9tences ainsi que les modalit\u00e9s de suivi et d\u2019\u00e9valuation de ces parcours.<\/p>\n<h3>Concernant les laur\u00e9ats de la liste A<sup class=\"appel\" data-toggle=\"modal\" data-target=\"#notes\">(7)<\/sup><\/h3>\n<p>Les candidats \u00e0 la profession de m\u00e9decin qui ne rel\u00e8vent pas de la liste B et qui ne peuvent pr\u00e9tendre \u00e0 une affectation relevant des proc\u00e9dures Hocsman ou Dreessen, passent les \u00e9preuves de v\u00e9rification des connaissances au titre de la liste A.<\/p>\n<p>Demeure le fait que, pour chaque session, un arr\u00eat\u00e9 du ministre de la Sant\u00e9 d\u00e9termine les professions et, le cas \u00e9ch\u00e9ant, les sp\u00e9cialit\u00e9s pour lesquelles les \u00e9preuves sont organis\u00e9es, le nombre de places ouvertes pour la PAE. Y figure la liste des structures d\u2019accueil propos\u00e9es pour la r\u00e9alisation des parcours de consolidation des comp\u00e9tences.<\/p>\n<p>Ces derniers peuvent \u00eatre r\u00e9alis\u00e9s dans un \u00e9tablissement de sant\u00e9 public (EPS), priv\u00e9 d\u2019int\u00e9r\u00eat collectif (Espic) ou priv\u00e9.<span class=\"Apple-converted-space\">\u00a0<\/span><\/p>\n<p>Les agences r\u00e9gionales de sant\u00e9 (ARS) proposent au ministre de la Sant\u00e9 les structures d\u2019accueil pour la r\u00e9alisation des parcours de consolidation des comp\u00e9tences.<span class=\"Apple-converted-space\">\u00a0<\/span><\/p>\n<p>\u00c0 l\u2019issue des \u00e9preuves de la PAE, pour chaque profession et, le cas \u00e9ch\u00e9ant, chaque sp\u00e9cialit\u00e9, le jury \u00e9tablit une liste par ordre de m\u00e9rite des candidats re\u00e7us, dans la limite du nombre maximal de personnes susceptibles d\u2019\u00eatre re\u00e7ues.<\/p>\n<p>Le parcours de consolidation des comp\u00e9tences est accompli \u00e0 temps plein, dans une structure d\u2019accueil figurant dans l\u2019arr\u00eat\u00e9 du ministre, dans la profession et, le cas \u00e9ch\u00e9ant, dans la sp\u00e9cialit\u00e9 pour laquelle les candidats sollicitent l\u2019autorisation d\u2019exercice.<span class=\"Apple-converted-space\">\u00a0<\/span><\/p>\n<p>La dur\u00e9e de ce parcours est de deux\u00a0ans pour les candidats \u00e0 la profession de m\u00e9decin, de un an pour les candidats chirurgiens-dentistes et sages-femmes.<\/p>\n<p>Le directeur g\u00e9n\u00e9ral du Centre national de gestion (CNG) organise, \u00e0 l\u2019issue des \u00e9preuves de v\u00e9rification des connaissances une proc\u00e9dure nationale de choix de poste.<\/p>\n<p>Pour chaque profession et, le cas \u00e9ch\u00e9ant, chaque sp\u00e9cialit\u00e9, les laur\u00e9ats choisissent, dans l\u2019ordre du classement, le poste dans lequel ils r\u00e9aliseront le parcours de consolidation des comp\u00e9tences.<\/p>\n<p>Le directeur g\u00e9n\u00e9ral du CNG, au nom du ministre de la Sant\u00e9, affecte chaque laur\u00e9at conform\u00e9ment \u00e0 la proc\u00e9dure de choix.<\/p>\n<p>Le refus d\u2019un candidat d\u2019effectuer son parcours de consolidation des comp\u00e9tences met fin \u00e0 la proc\u00e9dure d\u2019acc\u00e8s \u00e0 l\u2019autorisation d\u2019exercice et fait perdre \u00e0 l\u2019int\u00e9ress\u00e9 le b\u00e9n\u00e9fice du succ\u00e8s aux \u00e9preuves de v\u00e9rification des connaissances. Il en est de m\u00eame de l\u2019interruption du parcours, sauf si elle est justifi\u00e9e par des raisons de sant\u00e9 ou un autre motif imp\u00e9rieux.<span class=\"Apple-converted-space\">\u00a0<\/span><\/p>\n<h3>Concernant les laur\u00e9ats de la liste B<sup class=\"appel\" data-toggle=\"modal\" data-target=\"#notes\">(8)<\/sup><\/h3>\n<p>Ces dispositions concernent les r\u00e9fugi\u00e9s, apatrides et b\u00e9n\u00e9ficiaires de l\u2019asile territorial ou de la protection subsidiaire et aux Fran\u00e7ais ayant regagn\u00e9 le territoire national \u00e0 la demande des autorit\u00e9s fran\u00e7aises.<\/p>\n<p>Les personnes concern\u00e9es transmettent au directeur g\u00e9n\u00e9ral de l\u2019ARS de leur lieu de r\u00e9sidence, par tout moyen donnant date certaine \u00e0 sa r\u00e9ception, un dossier dont la composition est fix\u00e9e par arr\u00eat\u00e9 du ministre de la Sant\u00e9.<\/p>\n<p>Ce dossier comprend notamment un engagement d\u2019accueil dans une structure agr\u00e9\u00e9e pour la formation des \u00e9tudiants en troisi\u00e8me cycle des \u00e9tudes de m\u00e9decine ou d\u2019odontologie ou, pour les sages-femmes, dans l\u2019unit\u00e9 d\u2019obst\u00e9trique d\u2019un EPS, Espic ou \u00e9tablissement priv\u00e9.<\/p>\n<p>Dans le cas o\u00f9 le candidat ne peut pr\u00e9senter un tel engagement, le directeur g\u00e9n\u00e9ral (DG) de l\u2019ARS lui propose une ou plusieurs structures d\u2019accueil.<\/p>\n<p>Saisi d\u2019un dossier complet, le DGARS d\u00e9livre, apr\u00e8s v\u00e9rification des pi\u00e8ces produites, une autorisation d\u2019exercice temporaire. Il affecte le candidat dans la structure qui s\u2019est engag\u00e9e \u00e0 l\u2019accueillir ou dans une structure qui lui a \u00e9t\u00e9 propos\u00e9e et qui recueille son accord.<\/p>\n<p>La validit\u00e9 de l\u2019autorisation d\u2019exercice temporaire prend fin\u2009:<\/p>\n<ul>\n<li>si le candidat s\u2019abstient, sans motif imp\u00e9rieux, de pr\u00e9senter les \u00e9preuves de v\u00e9rification des connaissances\u2009;<\/li>\n<li>\u00e0 la date de prise d\u2019effet de l\u2019affectation du candidat re\u00e7u aux \u00e9preuves de v\u00e9rification des connaissances dans un \u00e9tablissement de sant\u00e9 en vue de la r\u00e9alisation du parcours de consolidation des comp\u00e9tences\u2009;<\/li>\n<li>en cas de refus de ce candidat de r\u00e9aliser le parcours de consolidation des comp\u00e9tences.<\/li>\n<\/ul>\n<p>Les personnes concern\u00e9es qui pr\u00e9sentent les \u00e9preuves de v\u00e9rification des connaissances mentionn\u00e9es (dans le cadre de la PAE) ne sont pas soumises aux quotas du concours\u2009: le jury \u00e9tablit une liste par ordre alphab\u00e9tique des candidats re\u00e7us.<\/p>\n<p>Les laur\u00e9ats des \u00e9preuves de v\u00e9rification des connaissances accomplissent ensuite, \u00e0 temps plein, un parcours de consolidation des comp\u00e9tences d\u2019une dur\u00e9e de deux ans pour les candidats \u00e0 la profession de m\u00e9decin, de un an pour les candidats chirurgiens-dentistes et sages-femmes.<span class=\"Apple-converted-space\">\u00a0<\/span><\/p>\n<p>Ils sont pour cela affect\u00e9s sur un poste, sur la base d\u2019un engagement d\u2019accueil fourni par l\u2019int\u00e9ress\u00e9, dont le mod\u00e8le est fix\u00e9 par arr\u00eat\u00e9 du ministre de la Sant\u00e9, par d\u00e9cision directeur g\u00e9n\u00e9ral du CNG au nom du ministre de la Sant\u00e9.<span class=\"Apple-converted-space\">\u00a0<\/span><\/p>\n<p>Dans le cas o\u00f9 le candidat ne peut pr\u00e9senter un tel engagement, le DGARS lui propose une ou plusieurs structures d\u2019accueil.<\/p>\n<h2>Concernant certains ressortissants communautaires<sup class=\"appel\" data-toggle=\"modal\" data-target=\"#notes\">(9)<\/sup><\/h2>\n<p>Concernant les proc\u00e9dures Hocsman et Dreessen, le stage d\u2019adaptation a pour objet de permettre aux int\u00e9ress\u00e9s d\u2019acqu\u00e9rir les comp\u00e9tences d\u00e9finies.<\/p>\n<p>Ce stage est accompli sous la responsabilit\u00e9 d\u2019un m\u00e9decin ou d\u2019un chirurgien-dentiste, selon la profession du demandeur, et peut \u00eatre accompagn\u00e9 d\u2019une formation th\u00e9orique compl\u00e9mentaire facultative. La dur\u00e9e du stage n\u2019exc\u00e8de pas trois ans.<\/p>\n<p>Pour accomplir le stage d\u2019adaptation, les candidats \u00e0 l\u2019autorisation d\u2019exercice de la profession de m\u00e9decin, de chirurgien-dentiste ou de sage-femme sont affect\u00e9s sur un poste par d\u00e9cision du directeur g\u00e9n\u00e9ral du CNG, au nom du ministre de la Sant\u00e9, sur la base d\u2019un engagement d\u2019accueil qui doit \u00eatre joint au dossier de demande d\u2019autorisation.<span class=\"Apple-converted-space\">\u00a0<\/span><\/p>\n<p>Un arr\u00eat\u00e9 du ministre de la Sant\u00e9 fixe la composition du dossier et le mod\u00e8le de l\u2019engagement d\u2019accueil. Dans le cas o\u00f9 le candidat ne peut pr\u00e9senter un tel engagement, le directeur g\u00e9n\u00e9ral du CNG lui propose une ou plusieurs structures d\u2019accueil.<\/p>\n<p>Dans le cas o\u00f9 le candidat r\u00e9alise son stage d\u2019adaptation dans un Espic ou un \u00e9tablissement priv\u00e9, il est affect\u00e9 dans le CHU de la subdivision dans laquelle cet \u00e9tablissement est situ\u00e9. Il est mis \u00e0 disposition par voie de convention.<\/p>\n<p>L\u2019affectation du candidat est prononc\u00e9e par arr\u00eat\u00e9 du directeur g\u00e9n\u00e9ral du CNG publi\u00e9 au <i>JO.<\/i><\/p>\n<p>Le stage d\u2019adaptation peut \u00eatre effectu\u00e9 \u00e0 temps partiel. Pour \u00eatre prises en compte, les p\u00e9riodes d\u2019exercice \u00e0 temps partiel doivent avoir \u00e9t\u00e9 effectu\u00e9es \u00e0 raison d\u2019au moins cinq demi-journ\u00e9es par semaine. Elles sont d\u00e9compt\u00e9es de la dur\u00e9e fix\u00e9e pour le stage en fonction de la fraction de temps plein accompli.<span class=\"Apple-converted-space\">\u00a0<\/span><\/p>\n<h2>En guise de conclusion<\/h2>\n<p>Le sujet des m\u00e9decins \u00e9trangers \u00e0 l\u2019h\u00f4pital est complexe. Nous y reviendrons, notamment lorsque le statut de praticien associ\u00e9 en int\u00e9gration, se substituant aux actuels statuts d\u2019attach\u00e9s associ\u00e9s et d\u2019assistants associ\u00e9s sera publi\u00e9. Mais l\u2019urgence, en l\u2019\u00e9tat du droit, est de bien int\u00e9grer la fin du recrutement direct de ces m\u00e9decins par les \u00e9tablissements.<\/p>\n<script>function PlayerjsAsync(){} if(window[\"Playerjs\"]){PlayerjsAsync();}<\/script>","protected":false},"excerpt":{"rendered":"<p><span class=\"span-reading-time rt-reading-time\" style=\"display: block;\"><span class=\"rt-label rt-prefix\">Temps de lecture\u00a0: <\/span> <span class=\"rt-time\"> 4<\/span> <span class=\"rt-label rt-postfix\">minutes<\/span><\/span>Les nouvelles r\u00e8gles d\u2019affectation de la PAE Le d\u00e9cret n\u00b02020-672(6) du 3 juin 2020 pr\u00e9cise les modalit\u00e9s d\u2019affectation des candidats \u00e0 l\u2019autorisation d\u2019exercice, laur\u00e9ats des \u00e9preuves de v\u00e9rification des connaissances pour la r\u00e9alisation des parcours de consolidation des comp\u00e9tences ainsi que les modalit\u00e9s de suivi et d\u2019\u00e9valuation de ces parcours. Concernant les laur\u00e9ats de la liste A(7) Les candidats \u00e0 la profession de m\u00e9decin qui ne rel\u00e8vent pas de la&hellip; <\/p>\n","protected":false},"author":23133,"featured_media":0,"comment_status":"open","ping_status":"closed","sticky":false,"template":"","format":"standard","meta":{"_acf_changed":false,"_relevanssi_hide_post":"","_relevanssi_hide_content":"","_relevanssi_pin_for_all":"","_relevanssi_pin_keywords":"","_relevanssi_unpin_keywords":"","_relevanssi_related_keywords":"","_relevanssi_related_include_ids":"","_relevanssi_related_exclude_ids":"","_relevanssi_related_no_append":"","_relevanssi_related_not_related":"","_relevanssi_related_posts":"","_relevanssi_noindex_reason":"","footnotes":""},"categories":[7167,2],"tags":[8222,8224,8223,6910,8221,8220,288],"class_list":["post-42634","post","type-post","status-publish","format-standard","hentry","category-decryptage","category-gestions-hospitalieres","tag-autorisation-dexercice","tag-consolidation-des-competences","tag-decret-n2020-672","tag-ma-sante-2022","tag-medecin-etranger","tag-pae","tag-recrutement"],"acf":[],"yoast_head":"<!-- This site is optimized with the Yoast SEO plugin v24.8.1 - https:\/\/yoast.com\/wordpress\/plugins\/seo\/ -->\n<title>M\u00e9decins \u00e9trangers \u00e0 l\u2019h\u00f4pital - Gestions hospitali\u00e8res<\/title>\n<meta name=\"robots\" content=\"index, follow, max-snippet:-1, max-image-preview:large, max-video-preview:-1\" \/>\n<link rel=\"canonical\" href=\"https:\/\/www.ricom-web8.com\/gestions\/medecins-etrangers-a-lhopital\/\" \/>\n<meta property=\"og:locale\" content=\"fr_FR\" \/>\n<meta property=\"og:type\" content=\"article\" \/>\n<meta property=\"og:title\" content=\"M\u00e9decins \u00e9trangers \u00e0 l\u2019h\u00f4pital - Gestions hospitali\u00e8res\" \/>\n<meta property=\"og:description\" content=\"Temps de lecture\u00a0:  4 minutesLes nouvelles r\u00e8gles d\u2019affectation de la PAE Le d\u00e9cret n\u00b02020-672(6) du 3 juin 2020 pr\u00e9cise les modalit\u00e9s d\u2019affectation des candidats \u00e0 l\u2019autorisation d\u2019exercice, laur\u00e9ats des \u00e9preuves de v\u00e9rification des connaissances pour la r\u00e9alisation des parcours de consolidation des comp\u00e9tences ainsi que les modalit\u00e9s de suivi et d\u2019\u00e9valuation de ces parcours. Concernant les laur\u00e9ats de la liste A(7) Les candidats \u00e0 la profession de m\u00e9decin qui ne rel\u00e8vent pas de la&hellip;\" \/>\n<meta property=\"og:url\" content=\"https:\/\/www.ricom-web8.com\/gestions\/medecins-etrangers-a-lhopital\/\" \/>\n<meta property=\"og:site_name\" content=\"Gestions hospitali\u00e8res\" \/>\n<meta property=\"article:publisher\" content=\"https:\/\/www.facebook.com\/gestionshospitalieres\/\" \/>\n<meta property=\"article:published_time\" content=\"2020-12-10T08:57:14+00:00\" \/>\n<meta property=\"article:modified_time\" content=\"2020-12-28T15:18:22+00:00\" \/>\n<meta name=\"author\" content=\"Gestions hospitali\u00e8res\" \/>\n<meta name=\"twitter:card\" content=\"summary_large_image\" \/>\n<meta name=\"twitter:creator\" content=\"@revue_GH\" \/>\n<meta name=\"twitter:site\" content=\"@revue_GH\" \/>\n<meta name=\"twitter:label1\" content=\"\u00c9crit par\" \/>\n\t<meta name=\"twitter:data1\" content=\"Gestions hospitali\u00e8res\" \/>\n\t<meta name=\"twitter:label2\" content=\"Dur\u00e9e de lecture estim\u00e9e\" \/>\n\t<meta name=\"twitter:data2\" content=\"7 minutes\" \/>\n<script type=\"application\/ld+json\" class=\"yoast-schema-graph\">{\"@context\":\"https:\/\/schema.org\",\"@graph\":[{\"@type\":\"Article\",\"@id\":\"https:\/\/www.ricom-web8.com\/gestions\/medecins-etrangers-a-lhopital\/#article\",\"isPartOf\":{\"@id\":\"https:\/\/www.ricom-web8.com\/gestions\/medecins-etrangers-a-lhopital\/\"},\"author\":{\"name\":\"Gestions hospitali\u00e8res\",\"@id\":\"https:\/\/www.ricom-web8.com\/gestions\/#\/schema\/person\/3ba9fe913190dfe9507feb621e902c1f\"},\"headline\":\"M\u00e9decins \u00e9trangers \u00e0 l\u2019h\u00f4pital\",\"datePublished\":\"2020-12-10T08:57:14+00:00\",\"dateModified\":\"2020-12-28T15:18:22+00:00\",\"mainEntityOfPage\":{\"@id\":\"https:\/\/www.ricom-web8.com\/gestions\/medecins-etrangers-a-lhopital\/\"},\"wordCount\":1357,\"commentCount\":0,\"publisher\":{\"@id\":\"https:\/\/www.ricom-web8.com\/gestions\/#organization\"},\"keywords\":[\"autorisation d'exercice\",\"consolidation des comp\u00e9tences\",\"d\u00e9cret n\u00b02020-672\",\"Ma sant\u00e9 2022\",\"m\u00e9decin \u00e9tranger\",\"PAE\",\"recrutement\"],\"articleSection\":[\"d\u00e9cryptage\",\"Gestions Hospitali\u00e8res\"],\"inLanguage\":\"fr-FR\",\"potentialAction\":[{\"@type\":\"CommentAction\",\"name\":\"Comment\",\"target\":[\"https:\/\/www.ricom-web8.com\/gestions\/medecins-etrangers-a-lhopital\/#respond\"]}]},{\"@type\":\"WebPage\",\"@id\":\"https:\/\/www.ricom-web8.com\/gestions\/medecins-etrangers-a-lhopital\/\",\"url\":\"https:\/\/www.ricom-web8.com\/gestions\/medecins-etrangers-a-lhopital\/\",\"name\":\"M\u00e9decins \u00e9trangers \u00e0 l\u2019h\u00f4pital - Gestions hospitali\u00e8res\",\"isPartOf\":{\"@id\":\"https:\/\/www.ricom-web8.com\/gestions\/#website\"},\"datePublished\":\"2020-12-10T08:57:14+00:00\",\"dateModified\":\"2020-12-28T15:18:22+00:00\",\"breadcrumb\":{\"@id\":\"https:\/\/www.ricom-web8.com\/gestions\/medecins-etrangers-a-lhopital\/#breadcrumb\"},\"inLanguage\":\"fr-FR\",\"potentialAction\":[{\"@type\":\"ReadAction\",\"target\":[\"https:\/\/www.ricom-web8.com\/gestions\/medecins-etrangers-a-lhopital\/\"]}]},{\"@type\":\"BreadcrumbList\",\"@id\":\"https:\/\/www.ricom-web8.com\/gestions\/medecins-etrangers-a-lhopital\/#breadcrumb\",\"itemListElement\":[{\"@type\":\"ListItem\",\"position\":1,\"name\":\"Accueil\",\"item\":\"https:\/\/www.ricom-web8.com\/gestions\/\"},{\"@type\":\"ListItem\",\"position\":2,\"name\":\"M\u00e9decins \u00e9trangers \u00e0 l\u2019h\u00f4pital\"}]},{\"@type\":\"WebSite\",\"@id\":\"https:\/\/www.ricom-web8.com\/gestions\/#website\",\"url\":\"https:\/\/www.ricom-web8.com\/gestions\/\",\"name\":\"Gestions hospitali\u00e8res\",\"description\":\"la revue des d\u00e9cideurs hospitaliers\",\"publisher\":{\"@id\":\"https:\/\/www.ricom-web8.com\/gestions\/#organization\"},\"potentialAction\":[{\"@type\":\"SearchAction\",\"target\":{\"@type\":\"EntryPoint\",\"urlTemplate\":\"https:\/\/www.ricom-web8.com\/gestions\/?s={search_term_string}\"},\"query-input\":{\"@type\":\"PropertyValueSpecification\",\"valueRequired\":true,\"valueName\":\"search_term_string\"}}],\"inLanguage\":\"fr-FR\"},{\"@type\":\"Organization\",\"@id\":\"https:\/\/www.ricom-web8.com\/gestions\/#organization\",\"name\":\"Gestions hospitali\u00e8res\",\"url\":\"https:\/\/www.ricom-web8.com\/gestions\/\",\"logo\":{\"@type\":\"ImageObject\",\"inLanguage\":\"fr-FR\",\"@id\":\"https:\/\/www.ricom-web8.com\/gestions\/#\/schema\/logo\/image\/\",\"url\":\"https:\/\/gestions-hospitalieres.fr\/wp-content\/uploads\/2017\/02\/picto_Gif-GH-trans.png\",\"contentUrl\":\"https:\/\/gestions-hospitalieres.fr\/wp-content\/uploads\/2017\/02\/picto_Gif-GH-trans.png\",\"width\":512,\"height\":512,\"caption\":\"Gestions hospitali\u00e8res\"},\"image\":{\"@id\":\"https:\/\/www.ricom-web8.com\/gestions\/#\/schema\/logo\/image\/\"},\"sameAs\":[\"https:\/\/www.facebook.com\/gestionshospitalieres\/\",\"https:\/\/x.com\/revue_GH\",\"https:\/\/www.linkedin.com\/company\/gestions-hospitalieres?trk=top_nav_home\"]},{\"@type\":\"Person\",\"@id\":\"https:\/\/www.ricom-web8.com\/gestions\/#\/schema\/person\/3ba9fe913190dfe9507feb621e902c1f\",\"name\":\"Gestions hospitali\u00e8res\",\"image\":{\"@type\":\"ImageObject\",\"inLanguage\":\"fr-FR\",\"@id\":\"https:\/\/www.ricom-web8.com\/gestions\/#\/schema\/person\/image\/\",\"url\":\"https:\/\/secure.gravatar.com\/avatar\/1a0d93e6db5dbe7dac96bae4757d256f?s=96&d=mm&r=g\",\"contentUrl\":\"https:\/\/secure.gravatar.com\/avatar\/1a0d93e6db5dbe7dac96bae4757d256f?s=96&d=mm&r=g\",\"caption\":\"Gestions hospitali\u00e8res\"},\"url\":\"https:\/\/www.ricom-web8.com\/gestions\/author\/benjamin\/\"}]}<\/script>\n<!-- \/ Yoast SEO plugin. -->","yoast_head_json":{"title":"M\u00e9decins \u00e9trangers \u00e0 l\u2019h\u00f4pital - Gestions hospitali\u00e8res","robots":{"index":"index","follow":"follow","max-snippet":"max-snippet:-1","max-image-preview":"max-image-preview:large","max-video-preview":"max-video-preview:-1"},"canonical":"https:\/\/www.ricom-web8.com\/gestions\/medecins-etrangers-a-lhopital\/","og_locale":"fr_FR","og_type":"article","og_title":"M\u00e9decins \u00e9trangers \u00e0 l\u2019h\u00f4pital - Gestions hospitali\u00e8res","og_description":"Temps de lecture\u00a0:  4 minutesLes nouvelles r\u00e8gles d\u2019affectation de la PAE Le d\u00e9cret n\u00b02020-672(6) du 3 juin 2020 pr\u00e9cise les modalit\u00e9s d\u2019affectation des candidats \u00e0 l\u2019autorisation d\u2019exercice, laur\u00e9ats des \u00e9preuves de v\u00e9rification des connaissances pour la r\u00e9alisation des parcours de consolidation des comp\u00e9tences ainsi que les modalit\u00e9s de suivi et d\u2019\u00e9valuation de ces parcours. Concernant les laur\u00e9ats de la liste A(7) Les candidats \u00e0 la profession de m\u00e9decin qui ne rel\u00e8vent pas de la&hellip;","og_url":"https:\/\/www.ricom-web8.com\/gestions\/medecins-etrangers-a-lhopital\/","og_site_name":"Gestions hospitali\u00e8res","article_publisher":"https:\/\/www.facebook.com\/gestionshospitalieres\/","article_published_time":"2020-12-10T08:57:14+00:00","article_modified_time":"2020-12-28T15:18:22+00:00","author":"Gestions hospitali\u00e8res","twitter_card":"summary_large_image","twitter_creator":"@revue_GH","twitter_site":"@revue_GH","twitter_misc":{"\u00c9crit par":"Gestions hospitali\u00e8res","Dur\u00e9e de lecture estim\u00e9e":"7 minutes"},"schema":{"@context":"https:\/\/schema.org","@graph":[{"@type":"Article","@id":"https:\/\/www.ricom-web8.com\/gestions\/medecins-etrangers-a-lhopital\/#article","isPartOf":{"@id":"https:\/\/www.ricom-web8.com\/gestions\/medecins-etrangers-a-lhopital\/"},"author":{"name":"Gestions hospitali\u00e8res","@id":"https:\/\/www.ricom-web8.com\/gestions\/#\/schema\/person\/3ba9fe913190dfe9507feb621e902c1f"},"headline":"M\u00e9decins \u00e9trangers \u00e0 l\u2019h\u00f4pital","datePublished":"2020-12-10T08:57:14+00:00","dateModified":"2020-12-28T15:18:22+00:00","mainEntityOfPage":{"@id":"https:\/\/www.ricom-web8.com\/gestions\/medecins-etrangers-a-lhopital\/"},"wordCount":1357,"commentCount":0,"publisher":{"@id":"https:\/\/www.ricom-web8.com\/gestions\/#organization"},"keywords":["autorisation d'exercice","consolidation des comp\u00e9tences","d\u00e9cret n\u00b02020-672","Ma sant\u00e9 2022","m\u00e9decin \u00e9tranger","PAE","recrutement"],"articleSection":["d\u00e9cryptage","Gestions Hospitali\u00e8res"],"inLanguage":"fr-FR","potentialAction":[{"@type":"CommentAction","name":"Comment","target":["https:\/\/www.ricom-web8.com\/gestions\/medecins-etrangers-a-lhopital\/#respond"]}]},{"@type":"WebPage","@id":"https:\/\/www.ricom-web8.com\/gestions\/medecins-etrangers-a-lhopital\/","url":"https:\/\/www.ricom-web8.com\/gestions\/medecins-etrangers-a-lhopital\/","name":"M\u00e9decins \u00e9trangers \u00e0 l\u2019h\u00f4pital - Gestions hospitali\u00e8res","isPartOf":{"@id":"https:\/\/www.ricom-web8.com\/gestions\/#website"},"datePublished":"2020-12-10T08:57:14+00:00","dateModified":"2020-12-28T15:18:22+00:00","breadcrumb":{"@id":"https:\/\/www.ricom-web8.com\/gestions\/medecins-etrangers-a-lhopital\/#breadcrumb"},"inLanguage":"fr-FR","potentialAction":[{"@type":"ReadAction","target":["https:\/\/www.ricom-web8.com\/gestions\/medecins-etrangers-a-lhopital\/"]}]},{"@type":"BreadcrumbList","@id":"https:\/\/www.ricom-web8.com\/gestions\/medecins-etrangers-a-lhopital\/#breadcrumb","itemListElement":[{"@type":"ListItem","position":1,"name":"Accueil","item":"https:\/\/www.ricom-web8.com\/gestions\/"},{"@type":"ListItem","position":2,"name":"M\u00e9decins \u00e9trangers \u00e0 l\u2019h\u00f4pital"}]},{"@type":"WebSite","@id":"https:\/\/www.ricom-web8.com\/gestions\/#website","url":"https:\/\/www.ricom-web8.com\/gestions\/","name":"Gestions hospitali\u00e8res","description":"la revue des d\u00e9cideurs hospitaliers","publisher":{"@id":"https:\/\/www.ricom-web8.com\/gestions\/#organization"},"potentialAction":[{"@type":"SearchAction","target":{"@type":"EntryPoint","urlTemplate":"https:\/\/www.ricom-web8.com\/gestions\/?s={search_term_string}"},"query-input":{"@type":"PropertyValueSpecification","valueRequired":true,"valueName":"search_term_string"}}],"inLanguage":"fr-FR"},{"@type":"Organization","@id":"https:\/\/www.ricom-web8.com\/gestions\/#organization","name":"Gestions hospitali\u00e8res","url":"https:\/\/www.ricom-web8.com\/gestions\/","logo":{"@type":"ImageObject","inLanguage":"fr-FR","@id":"https:\/\/www.ricom-web8.com\/gestions\/#\/schema\/logo\/image\/","url":"https:\/\/gestions-hospitalieres.fr\/wp-content\/uploads\/2017\/02\/picto_Gif-GH-trans.png","contentUrl":"https:\/\/gestions-hospitalieres.fr\/wp-content\/uploads\/2017\/02\/picto_Gif-GH-trans.png","width":512,"height":512,"caption":"Gestions hospitali\u00e8res"},"image":{"@id":"https:\/\/www.ricom-web8.com\/gestions\/#\/schema\/logo\/image\/"},"sameAs":["https:\/\/www.facebook.com\/gestionshospitalieres\/","https:\/\/x.com\/revue_GH","https:\/\/www.linkedin.com\/company\/gestions-hospitalieres?trk=top_nav_home"]},{"@type":"Person","@id":"https:\/\/www.ricom-web8.com\/gestions\/#\/schema\/person\/3ba9fe913190dfe9507feb621e902c1f","name":"Gestions hospitali\u00e8res","image":{"@type":"ImageObject","inLanguage":"fr-FR","@id":"https:\/\/www.ricom-web8.com\/gestions\/#\/schema\/person\/image\/","url":"https:\/\/secure.gravatar.com\/avatar\/1a0d93e6db5dbe7dac96bae4757d256f?s=96&d=mm&r=g","contentUrl":"https:\/\/secure.gravatar.com\/avatar\/1a0d93e6db5dbe7dac96bae4757d256f?s=96&d=mm&r=g","caption":"Gestions hospitali\u00e8res"},"url":"https:\/\/www.ricom-web8.com\/gestions\/author\/benjamin\/"}]}},"_links":{"self":[{"href":"https:\/\/www.ricom-web8.com\/gestions\/wp-json\/wp\/v2\/posts\/42634","targetHints":{"allow":["GET"]}}],"collection":[{"href":"https:\/\/www.ricom-web8.com\/gestions\/wp-json\/wp\/v2\/posts"}],"about":[{"href":"https:\/\/www.ricom-web8.com\/gestions\/wp-json\/wp\/v2\/types\/post"}],"author":[{"embeddable":true,"href":"https:\/\/www.ricom-web8.com\/gestions\/wp-json\/wp\/v2\/users\/23133"}],"replies":[{"embeddable":true,"href":"https:\/\/www.ricom-web8.com\/gestions\/wp-json\/wp\/v2\/comments?post=42634"}],"version-history":[{"count":0,"href":"https:\/\/www.ricom-web8.com\/gestions\/wp-json\/wp\/v2\/posts\/42634\/revisions"}],"wp:attachment":[{"href":"https:\/\/www.ricom-web8.com\/gestions\/wp-json\/wp\/v2\/media?parent=42634"}],"wp:term":[{"taxonomy":"category","embeddable":true,"href":"https:\/\/www.ricom-web8.com\/gestions\/wp-json\/wp\/v2\/categories?post=42634"},{"taxonomy":"post_tag","embeddable":true,"href":"https:\/\/www.ricom-web8.com\/gestions\/wp-json\/wp\/v2\/tags?post=42634"}],"curies":[{"name":"wp","href":"https:\/\/api.w.org\/{rel}","templated":true}]}}