

{"id":42649,"date":"2020-12-01T10:29:32","date_gmt":"2020-12-01T09:29:32","guid":{"rendered":"https:\/\/gestions-hospitalieres.fr\/?p=42649"},"modified":"2020-12-29T09:00:45","modified_gmt":"2020-12-29T08:00:45","slug":"la-tres-mirifique-et-dechirante-histoire-de-lhomme-qui-inventa-le-livre-de-poche","status":"publish","type":"post","link":"https:\/\/www.ricom-web8.com\/gestions\/la-tres-mirifique-et-dechirante-histoire-de-lhomme-qui-inventa-le-livre-de-poche\/","title":{"rendered":"La tr\u00e8s mirifique et d\u00e9chirante histoire de l\u2019homme qui inventa le livre de poche"},"content":{"rendered":"<span class=\"span-reading-time rt-reading-time\" style=\"display: block;\"><span class=\"rt-label rt-prefix\">Temps de lecture\u00a0: <\/span> <span class=\"rt-time\"> &lt;\u00a01<\/span> <span class=\"rt-label rt-postfix\">minute<\/span><\/span><p>J<b>\u2019<\/b>aime beaucoup les \u00e9ditions Incultes. Ce petit livre est l\u2019occasion de les citer. En 57 pages, Rolf Potts raconte l\u2019histoire d\u2019Emanuel Haldeman-Julius, \u00e9diteur des \u00ab\u2009petits livres bleus\u2009\u00bb aux \u00c9tats-Unis\u2009: 300\u00a0millions de livres \u00e0 bas prix, souvent controvers\u00e9s, ont ainsi \u00e9t\u00e9 diffus\u00e9s \u00e0 destination d\u2019une classe populaire qui, jusque-l\u00e0, ne lisait pas, ou peu. Au passage, il est h\u00e9las fort peu probable qu\u2019elle lise davantage aujourd\u2019hui.<\/p>\n<p>Bien avant Internet, l\u2019entrepreneur avait flirt\u00e9 sur la vague des envois postaux pour diffuser au plus grand nombre des moments de culture et de pens\u00e9e, dans un format con\u00e7u pour la poche des travailleurs. Un petit livre \u00e0 offrir ou \u00e0 s\u2019offrir pour faire perdurer le plaisir de l\u2019acc\u00e8s \u00e0 tous de la lecture.<\/p>\n<p><i>\u00ab\u2009De taille r\u00e9duite, portatifs et quasiment d\u00e9nu\u00e9s d\u2019illustrations, ils \u00e9taient destin\u00e9s \u00e0 \u00eatre lus (et \u00e9chang\u00e9s) au cours des heures creuses d\u2019une journ\u00e9e de travail\u2009: pauses, trajets de bus, instants vol\u00e9s pendant la sieste des enfants. Tout au long des ann\u00e9es 1920, puis de la Grande D\u00e9pression, de v\u00e9ritables biblioth\u00e8ques s\u2019accumul\u00e8rent dans les halls d\u2019h\u00f4pitaux, les salles de pause des usines et des prisons.\u2009\u00bb<\/i><\/p>\n<p><strong>Infos<\/strong> Inculte-Derni\u00e8re Marge, 64 pages, octobre 2020, 4\u20ac<\/p>\n<p><img decoding=\"async\" class=\"alignleft size-medium wp-image-42650\" src=\"https:\/\/gestions-hospitalieres.fr\/wp-content\/uploads\/2020\/12\/La-tres-mirifique-et-dechirante-histoire-de-l-homme-qui-inventa-le-livre-de-poche-209x300.jpg\" alt=\"\" width=\"209\" height=\"300\" srcset=\"https:\/\/www.ricom-web8.com\/gestions\/wp-content\/uploads\/2020\/12\/La-tres-mirifique-et-dechirante-histoire-de-l-homme-qui-inventa-le-livre-de-poche-209x300.jpg 209w, https:\/\/www.ricom-web8.com\/gestions\/wp-content\/uploads\/2020\/12\/La-tres-mirifique-et-dechirante-histoire-de-l-homme-qui-inventa-le-livre-de-poche-713x1024.jpg 713w, https:\/\/www.ricom-web8.com\/gestions\/wp-content\/uploads\/2020\/12\/La-tres-mirifique-et-dechirante-histoire-de-l-homme-qui-inventa-le-livre-de-poche-768x1103.jpg 768w, https:\/\/www.ricom-web8.com\/gestions\/wp-content\/uploads\/2020\/12\/La-tres-mirifique-et-dechirante-histoire-de-l-homme-qui-inventa-le-livre-de-poche-1070x1536.jpg 1070w, https:\/\/www.ricom-web8.com\/gestions\/wp-content\/uploads\/2020\/12\/La-tres-mirifique-et-dechirante-histoire-de-l-homme-qui-inventa-le-livre-de-poche.jpg 697w\" sizes=\"(max-width: 209px) 100vw, 209px\" \/><\/p>\n<script>function PlayerjsAsync(){} if(window[\"Playerjs\"]){PlayerjsAsync();}<\/script>","protected":false},"excerpt":{"rendered":"<p><span class=\"span-reading-time rt-reading-time\" style=\"display: block;\"><span class=\"rt-label rt-prefix\">Temps de lecture\u00a0: <\/span> <span class=\"rt-time\"> &lt;\u00a01<\/span> <span class=\"rt-label rt-postfix\">minute<\/span><\/span>J\u2019aime beaucoup les \u00e9ditions Incultes. Ce petit livre est l\u2019occasion de les citer. En 57 pages, Rolf Potts raconte l\u2019histoire d\u2019Emanuel Haldeman-Julius, \u00e9diteur des \u00ab\u2009petits livres bleus\u2009\u00bb aux \u00c9tats-Unis\u2009: 300\u00a0millions de livres \u00e0 bas prix, souvent controvers\u00e9s, ont ainsi \u00e9t\u00e9 diffus\u00e9s \u00e0 destination d\u2019une classe populaire qui, jusque-l\u00e0, ne lisait pas, ou peu. Au passage, il est h\u00e9las fort peu probable qu\u2019elle lise davantage aujourd\u2019hui. Bien avant Internet, l\u2019entrepreneur avait&hellip; <\/p>\n","protected":false},"author":23133,"featured_media":0,"comment_status":"open","ping_status":"closed","sticky":false,"template":"","format":"standard","meta":{"_acf_changed":false,"_relevanssi_hide_post":"","_relevanssi_hide_content":"","_relevanssi_pin_for_all":"","_relevanssi_pin_keywords":"","_relevanssi_unpin_keywords":"","_relevanssi_related_keywords":"","_relevanssi_related_include_ids":"","_relevanssi_related_exclude_ids":"","_relevanssi_related_no_append":"","_relevanssi_related_not_related":"","_relevanssi_related_posts":"","_relevanssi_noindex_reason":"","footnotes":""},"categories":[2,6515],"tags":[8226,7926,8009,748,8225],"class_list":["post-42649","post","type-post","status-publish","format-standard","hentry","category-gestions-hospitalieres","category-livres","tag-la-tres-mirifique-et-dechirante-histoire-de-lhomme-qui-inventa-le-livre-de-poche","tag-lecture","tag-librairie","tag-livre","tag-rolf-potts"],"acf":[],"yoast_head":"<!-- This site is optimized with the Yoast SEO plugin v24.8.1 - https:\/\/yoast.com\/wordpress\/plugins\/seo\/ -->\n<title>La tr\u00e8s mirifique et d\u00e9chirante histoire de l\u2019homme qui inventa le livre de poche - Gestions hospitali\u00e8res<\/title>\n<meta name=\"robots\" content=\"index, follow, max-snippet:-1, max-image-preview:large, max-video-preview:-1\" \/>\n<link rel=\"canonical\" href=\"https:\/\/www.ricom-web8.com\/gestions\/la-tres-mirifique-et-dechirante-histoire-de-lhomme-qui-inventa-le-livre-de-poche\/\" \/>\n<meta property=\"og:locale\" content=\"fr_FR\" \/>\n<meta property=\"og:type\" content=\"article\" \/>\n<meta property=\"og:title\" content=\"La tr\u00e8s mirifique et d\u00e9chirante histoire de l\u2019homme qui inventa le livre de poche - Gestions hospitali\u00e8res\" \/>\n<meta property=\"og:description\" content=\"Temps de lecture\u00a0:  &lt;\u00a01 minuteJ\u2019aime beaucoup les \u00e9ditions Incultes. Ce petit livre est l\u2019occasion de les citer. En 57 pages, Rolf Potts raconte l\u2019histoire d\u2019Emanuel Haldeman-Julius, \u00e9diteur des \u00ab\u2009petits livres bleus\u2009\u00bb aux \u00c9tats-Unis\u2009: 300\u00a0millions de livres \u00e0 bas prix, souvent controvers\u00e9s, ont ainsi \u00e9t\u00e9 diffus\u00e9s \u00e0 destination d\u2019une classe populaire qui, jusque-l\u00e0, ne lisait pas, ou peu. Au passage, il est h\u00e9las fort peu probable qu\u2019elle lise davantage aujourd\u2019hui. Bien avant Internet, l\u2019entrepreneur avait&hellip;\" \/>\n<meta property=\"og:url\" content=\"https:\/\/www.ricom-web8.com\/gestions\/la-tres-mirifique-et-dechirante-histoire-de-lhomme-qui-inventa-le-livre-de-poche\/\" \/>\n<meta property=\"og:site_name\" content=\"Gestions hospitali\u00e8res\" \/>\n<meta property=\"article:publisher\" content=\"https:\/\/www.facebook.com\/gestionshospitalieres\/\" \/>\n<meta property=\"article:published_time\" content=\"2020-12-01T09:29:32+00:00\" \/>\n<meta property=\"article:modified_time\" content=\"2020-12-29T08:00:45+00:00\" \/>\n<meta property=\"og:image\" content=\"https:\/\/gestions-hospitalieres.fr\/wp-content\/uploads\/2020\/12\/La-tres-mirifique-et-dechirante-histoire-de-l-homme-qui-inventa-le-livre-de-poche-209x300.jpg\" \/>\n<meta name=\"author\" content=\"Gestions hospitali\u00e8res\" \/>\n<meta name=\"twitter:card\" content=\"summary_large_image\" \/>\n<meta name=\"twitter:creator\" content=\"@revue_GH\" \/>\n<meta name=\"twitter:site\" content=\"@revue_GH\" \/>\n<meta name=\"twitter:label1\" content=\"\u00c9crit par\" \/>\n\t<meta name=\"twitter:data1\" content=\"Gestions hospitali\u00e8res\" \/>\n\t<meta name=\"twitter:label2\" content=\"Dur\u00e9e de lecture estim\u00e9e\" \/>\n\t<meta name=\"twitter:data2\" content=\"1 minute\" \/>\n<script type=\"application\/ld+json\" class=\"yoast-schema-graph\">{\"@context\":\"https:\/\/schema.org\",\"@graph\":[{\"@type\":\"Article\",\"@id\":\"https:\/\/www.ricom-web8.com\/gestions\/la-tres-mirifique-et-dechirante-histoire-de-lhomme-qui-inventa-le-livre-de-poche\/#article\",\"isPartOf\":{\"@id\":\"https:\/\/www.ricom-web8.com\/gestions\/la-tres-mirifique-et-dechirante-histoire-de-lhomme-qui-inventa-le-livre-de-poche\/\"},\"author\":{\"name\":\"Gestions hospitali\u00e8res\",\"@id\":\"https:\/\/www.ricom-web8.com\/gestions\/#\/schema\/person\/3ba9fe913190dfe9507feb621e902c1f\"},\"headline\":\"La tr\u00e8s mirifique et d\u00e9chirante histoire de l\u2019homme qui inventa le livre de poche\",\"datePublished\":\"2020-12-01T09:29:32+00:00\",\"dateModified\":\"2020-12-29T08:00:45+00:00\",\"mainEntityOfPage\":{\"@id\":\"https:\/\/www.ricom-web8.com\/gestions\/la-tres-mirifique-et-dechirante-histoire-de-lhomme-qui-inventa-le-livre-de-poche\/\"},\"wordCount\":231,\"commentCount\":0,\"publisher\":{\"@id\":\"https:\/\/www.ricom-web8.com\/gestions\/#organization\"},\"image\":{\"@id\":\"https:\/\/www.ricom-web8.com\/gestions\/la-tres-mirifique-et-dechirante-histoire-de-lhomme-qui-inventa-le-livre-de-poche\/#primaryimage\"},\"thumbnailUrl\":\"https:\/\/gestions-hospitalieres.fr\/wp-content\/uploads\/2020\/12\/La-tres-mirifique-et-dechirante-histoire-de-l-homme-qui-inventa-le-livre-de-poche-209x300.jpg\",\"keywords\":[\"La Tr\u00e8s Mirifique et d\u00e9chirante histoire de l'homme qui inventa le livre de poche\",\"lecture\",\"librairie\",\"livre\",\"Rolf Potts\"],\"articleSection\":[\"Gestions Hospitali\u00e8res\",\"livres\"],\"inLanguage\":\"fr-FR\",\"potentialAction\":[{\"@type\":\"CommentAction\",\"name\":\"Comment\",\"target\":[\"https:\/\/www.ricom-web8.com\/gestions\/la-tres-mirifique-et-dechirante-histoire-de-lhomme-qui-inventa-le-livre-de-poche\/#respond\"]}]},{\"@type\":\"WebPage\",\"@id\":\"https:\/\/www.ricom-web8.com\/gestions\/la-tres-mirifique-et-dechirante-histoire-de-lhomme-qui-inventa-le-livre-de-poche\/\",\"url\":\"https:\/\/www.ricom-web8.com\/gestions\/la-tres-mirifique-et-dechirante-histoire-de-lhomme-qui-inventa-le-livre-de-poche\/\",\"name\":\"La tr\u00e8s mirifique et d\u00e9chirante histoire de l\u2019homme qui inventa le livre de poche - Gestions hospitali\u00e8res\",\"isPartOf\":{\"@id\":\"https:\/\/www.ricom-web8.com\/gestions\/#website\"},\"primaryImageOfPage\":{\"@id\":\"https:\/\/www.ricom-web8.com\/gestions\/la-tres-mirifique-et-dechirante-histoire-de-lhomme-qui-inventa-le-livre-de-poche\/#primaryimage\"},\"image\":{\"@id\":\"https:\/\/www.ricom-web8.com\/gestions\/la-tres-mirifique-et-dechirante-histoire-de-lhomme-qui-inventa-le-livre-de-poche\/#primaryimage\"},\"thumbnailUrl\":\"https:\/\/gestions-hospitalieres.fr\/wp-content\/uploads\/2020\/12\/La-tres-mirifique-et-dechirante-histoire-de-l-homme-qui-inventa-le-livre-de-poche-209x300.jpg\",\"datePublished\":\"2020-12-01T09:29:32+00:00\",\"dateModified\":\"2020-12-29T08:00:45+00:00\",\"breadcrumb\":{\"@id\":\"https:\/\/www.ricom-web8.com\/gestions\/la-tres-mirifique-et-dechirante-histoire-de-lhomme-qui-inventa-le-livre-de-poche\/#breadcrumb\"},\"inLanguage\":\"fr-FR\",\"potentialAction\":[{\"@type\":\"ReadAction\",\"target\":[\"https:\/\/www.ricom-web8.com\/gestions\/la-tres-mirifique-et-dechirante-histoire-de-lhomme-qui-inventa-le-livre-de-poche\/\"]}]},{\"@type\":\"ImageObject\",\"inLanguage\":\"fr-FR\",\"@id\":\"https:\/\/www.ricom-web8.com\/gestions\/la-tres-mirifique-et-dechirante-histoire-de-lhomme-qui-inventa-le-livre-de-poche\/#primaryimage\",\"url\":\"https:\/\/gestions-hospitalieres.fr\/wp-content\/uploads\/2020\/12\/La-tres-mirifique-et-dechirante-histoire-de-l-homme-qui-inventa-le-livre-de-poche-209x300.jpg\",\"contentUrl\":\"https:\/\/gestions-hospitalieres.fr\/wp-content\/uploads\/2020\/12\/La-tres-mirifique-et-dechirante-histoire-de-l-homme-qui-inventa-le-livre-de-poche-209x300.jpg\"},{\"@type\":\"BreadcrumbList\",\"@id\":\"https:\/\/www.ricom-web8.com\/gestions\/la-tres-mirifique-et-dechirante-histoire-de-lhomme-qui-inventa-le-livre-de-poche\/#breadcrumb\",\"itemListElement\":[{\"@type\":\"ListItem\",\"position\":1,\"name\":\"Accueil\",\"item\":\"https:\/\/www.ricom-web8.com\/gestions\/\"},{\"@type\":\"ListItem\",\"position\":2,\"name\":\"La tr\u00e8s mirifique et d\u00e9chirante histoire de l\u2019homme qui inventa le livre de poche\"}]},{\"@type\":\"WebSite\",\"@id\":\"https:\/\/www.ricom-web8.com\/gestions\/#website\",\"url\":\"https:\/\/www.ricom-web8.com\/gestions\/\",\"name\":\"Gestions hospitali\u00e8res\",\"description\":\"la revue des d\u00e9cideurs hospitaliers\",\"publisher\":{\"@id\":\"https:\/\/www.ricom-web8.com\/gestions\/#organization\"},\"potentialAction\":[{\"@type\":\"SearchAction\",\"target\":{\"@type\":\"EntryPoint\",\"urlTemplate\":\"https:\/\/www.ricom-web8.com\/gestions\/?s={search_term_string}\"},\"query-input\":{\"@type\":\"PropertyValueSpecification\",\"valueRequired\":true,\"valueName\":\"search_term_string\"}}],\"inLanguage\":\"fr-FR\"},{\"@type\":\"Organization\",\"@id\":\"https:\/\/www.ricom-web8.com\/gestions\/#organization\",\"name\":\"Gestions hospitali\u00e8res\",\"url\":\"https:\/\/www.ricom-web8.com\/gestions\/\",\"logo\":{\"@type\":\"ImageObject\",\"inLanguage\":\"fr-FR\",\"@id\":\"https:\/\/www.ricom-web8.com\/gestions\/#\/schema\/logo\/image\/\",\"url\":\"https:\/\/gestions-hospitalieres.fr\/wp-content\/uploads\/2017\/02\/picto_Gif-GH-trans.png\",\"contentUrl\":\"https:\/\/gestions-hospitalieres.fr\/wp-content\/uploads\/2017\/02\/picto_Gif-GH-trans.png\",\"width\":512,\"height\":512,\"caption\":\"Gestions hospitali\u00e8res\"},\"image\":{\"@id\":\"https:\/\/www.ricom-web8.com\/gestions\/#\/schema\/logo\/image\/\"},\"sameAs\":[\"https:\/\/www.facebook.com\/gestionshospitalieres\/\",\"https:\/\/x.com\/revue_GH\",\"https:\/\/www.linkedin.com\/company\/gestions-hospitalieres?trk=top_nav_home\"]},{\"@type\":\"Person\",\"@id\":\"https:\/\/www.ricom-web8.com\/gestions\/#\/schema\/person\/3ba9fe913190dfe9507feb621e902c1f\",\"name\":\"Gestions hospitali\u00e8res\",\"image\":{\"@type\":\"ImageObject\",\"inLanguage\":\"fr-FR\",\"@id\":\"https:\/\/www.ricom-web8.com\/gestions\/#\/schema\/person\/image\/\",\"url\":\"https:\/\/secure.gravatar.com\/avatar\/1a0d93e6db5dbe7dac96bae4757d256f?s=96&d=mm&r=g\",\"contentUrl\":\"https:\/\/secure.gravatar.com\/avatar\/1a0d93e6db5dbe7dac96bae4757d256f?s=96&d=mm&r=g\",\"caption\":\"Gestions hospitali\u00e8res\"},\"url\":\"https:\/\/www.ricom-web8.com\/gestions\/author\/benjamin\/\"}]}<\/script>\n<!-- \/ Yoast SEO plugin. -->","yoast_head_json":{"title":"La tr\u00e8s mirifique et d\u00e9chirante histoire de l\u2019homme qui inventa le livre de poche - Gestions hospitali\u00e8res","robots":{"index":"index","follow":"follow","max-snippet":"max-snippet:-1","max-image-preview":"max-image-preview:large","max-video-preview":"max-video-preview:-1"},"canonical":"https:\/\/www.ricom-web8.com\/gestions\/la-tres-mirifique-et-dechirante-histoire-de-lhomme-qui-inventa-le-livre-de-poche\/","og_locale":"fr_FR","og_type":"article","og_title":"La tr\u00e8s mirifique et d\u00e9chirante histoire de l\u2019homme qui inventa le livre de poche - Gestions hospitali\u00e8res","og_description":"Temps de lecture\u00a0:  &lt;\u00a01 minuteJ\u2019aime beaucoup les \u00e9ditions Incultes. Ce petit livre est l\u2019occasion de les citer. En 57 pages, Rolf Potts raconte l\u2019histoire d\u2019Emanuel Haldeman-Julius, \u00e9diteur des \u00ab\u2009petits livres bleus\u2009\u00bb aux \u00c9tats-Unis\u2009: 300\u00a0millions de livres \u00e0 bas prix, souvent controvers\u00e9s, ont ainsi \u00e9t\u00e9 diffus\u00e9s \u00e0 destination d\u2019une classe populaire qui, jusque-l\u00e0, ne lisait pas, ou peu. Au passage, il est h\u00e9las fort peu probable qu\u2019elle lise davantage aujourd\u2019hui. Bien avant Internet, l\u2019entrepreneur avait&hellip;","og_url":"https:\/\/www.ricom-web8.com\/gestions\/la-tres-mirifique-et-dechirante-histoire-de-lhomme-qui-inventa-le-livre-de-poche\/","og_site_name":"Gestions hospitali\u00e8res","article_publisher":"https:\/\/www.facebook.com\/gestionshospitalieres\/","article_published_time":"2020-12-01T09:29:32+00:00","article_modified_time":"2020-12-29T08:00:45+00:00","og_image":[{"url":"https:\/\/gestions-hospitalieres.fr\/wp-content\/uploads\/2020\/12\/La-tres-mirifique-et-dechirante-histoire-de-l-homme-qui-inventa-le-livre-de-poche-209x300.jpg","type":"","width":"","height":""}],"author":"Gestions hospitali\u00e8res","twitter_card":"summary_large_image","twitter_creator":"@revue_GH","twitter_site":"@revue_GH","twitter_misc":{"\u00c9crit par":"Gestions hospitali\u00e8res","Dur\u00e9e de lecture estim\u00e9e":"1 minute"},"schema":{"@context":"https:\/\/schema.org","@graph":[{"@type":"Article","@id":"https:\/\/www.ricom-web8.com\/gestions\/la-tres-mirifique-et-dechirante-histoire-de-lhomme-qui-inventa-le-livre-de-poche\/#article","isPartOf":{"@id":"https:\/\/www.ricom-web8.com\/gestions\/la-tres-mirifique-et-dechirante-histoire-de-lhomme-qui-inventa-le-livre-de-poche\/"},"author":{"name":"Gestions hospitali\u00e8res","@id":"https:\/\/www.ricom-web8.com\/gestions\/#\/schema\/person\/3ba9fe913190dfe9507feb621e902c1f"},"headline":"La tr\u00e8s mirifique et d\u00e9chirante histoire de l\u2019homme qui inventa le livre de poche","datePublished":"2020-12-01T09:29:32+00:00","dateModified":"2020-12-29T08:00:45+00:00","mainEntityOfPage":{"@id":"https:\/\/www.ricom-web8.com\/gestions\/la-tres-mirifique-et-dechirante-histoire-de-lhomme-qui-inventa-le-livre-de-poche\/"},"wordCount":231,"commentCount":0,"publisher":{"@id":"https:\/\/www.ricom-web8.com\/gestions\/#organization"},"image":{"@id":"https:\/\/www.ricom-web8.com\/gestions\/la-tres-mirifique-et-dechirante-histoire-de-lhomme-qui-inventa-le-livre-de-poche\/#primaryimage"},"thumbnailUrl":"https:\/\/gestions-hospitalieres.fr\/wp-content\/uploads\/2020\/12\/La-tres-mirifique-et-dechirante-histoire-de-l-homme-qui-inventa-le-livre-de-poche-209x300.jpg","keywords":["La Tr\u00e8s Mirifique et d\u00e9chirante histoire de l'homme qui inventa le livre de poche","lecture","librairie","livre","Rolf Potts"],"articleSection":["Gestions Hospitali\u00e8res","livres"],"inLanguage":"fr-FR","potentialAction":[{"@type":"CommentAction","name":"Comment","target":["https:\/\/www.ricom-web8.com\/gestions\/la-tres-mirifique-et-dechirante-histoire-de-lhomme-qui-inventa-le-livre-de-poche\/#respond"]}]},{"@type":"WebPage","@id":"https:\/\/www.ricom-web8.com\/gestions\/la-tres-mirifique-et-dechirante-histoire-de-lhomme-qui-inventa-le-livre-de-poche\/","url":"https:\/\/www.ricom-web8.com\/gestions\/la-tres-mirifique-et-dechirante-histoire-de-lhomme-qui-inventa-le-livre-de-poche\/","name":"La tr\u00e8s mirifique et d\u00e9chirante histoire de l\u2019homme qui inventa le livre de poche - Gestions hospitali\u00e8res","isPartOf":{"@id":"https:\/\/www.ricom-web8.com\/gestions\/#website"},"primaryImageOfPage":{"@id":"https:\/\/www.ricom-web8.com\/gestions\/la-tres-mirifique-et-dechirante-histoire-de-lhomme-qui-inventa-le-livre-de-poche\/#primaryimage"},"image":{"@id":"https:\/\/www.ricom-web8.com\/gestions\/la-tres-mirifique-et-dechirante-histoire-de-lhomme-qui-inventa-le-livre-de-poche\/#primaryimage"},"thumbnailUrl":"https:\/\/gestions-hospitalieres.fr\/wp-content\/uploads\/2020\/12\/La-tres-mirifique-et-dechirante-histoire-de-l-homme-qui-inventa-le-livre-de-poche-209x300.jpg","datePublished":"2020-12-01T09:29:32+00:00","dateModified":"2020-12-29T08:00:45+00:00","breadcrumb":{"@id":"https:\/\/www.ricom-web8.com\/gestions\/la-tres-mirifique-et-dechirante-histoire-de-lhomme-qui-inventa-le-livre-de-poche\/#breadcrumb"},"inLanguage":"fr-FR","potentialAction":[{"@type":"ReadAction","target":["https:\/\/www.ricom-web8.com\/gestions\/la-tres-mirifique-et-dechirante-histoire-de-lhomme-qui-inventa-le-livre-de-poche\/"]}]},{"@type":"ImageObject","inLanguage":"fr-FR","@id":"https:\/\/www.ricom-web8.com\/gestions\/la-tres-mirifique-et-dechirante-histoire-de-lhomme-qui-inventa-le-livre-de-poche\/#primaryimage","url":"https:\/\/gestions-hospitalieres.fr\/wp-content\/uploads\/2020\/12\/La-tres-mirifique-et-dechirante-histoire-de-l-homme-qui-inventa-le-livre-de-poche-209x300.jpg","contentUrl":"https:\/\/gestions-hospitalieres.fr\/wp-content\/uploads\/2020\/12\/La-tres-mirifique-et-dechirante-histoire-de-l-homme-qui-inventa-le-livre-de-poche-209x300.jpg"},{"@type":"BreadcrumbList","@id":"https:\/\/www.ricom-web8.com\/gestions\/la-tres-mirifique-et-dechirante-histoire-de-lhomme-qui-inventa-le-livre-de-poche\/#breadcrumb","itemListElement":[{"@type":"ListItem","position":1,"name":"Accueil","item":"https:\/\/www.ricom-web8.com\/gestions\/"},{"@type":"ListItem","position":2,"name":"La tr\u00e8s mirifique et d\u00e9chirante histoire de l\u2019homme qui inventa le livre de poche"}]},{"@type":"WebSite","@id":"https:\/\/www.ricom-web8.com\/gestions\/#website","url":"https:\/\/www.ricom-web8.com\/gestions\/","name":"Gestions hospitali\u00e8res","description":"la revue des d\u00e9cideurs hospitaliers","publisher":{"@id":"https:\/\/www.ricom-web8.com\/gestions\/#organization"},"potentialAction":[{"@type":"SearchAction","target":{"@type":"EntryPoint","urlTemplate":"https:\/\/www.ricom-web8.com\/gestions\/?s={search_term_string}"},"query-input":{"@type":"PropertyValueSpecification","valueRequired":true,"valueName":"search_term_string"}}],"inLanguage":"fr-FR"},{"@type":"Organization","@id":"https:\/\/www.ricom-web8.com\/gestions\/#organization","name":"Gestions hospitali\u00e8res","url":"https:\/\/www.ricom-web8.com\/gestions\/","logo":{"@type":"ImageObject","inLanguage":"fr-FR","@id":"https:\/\/www.ricom-web8.com\/gestions\/#\/schema\/logo\/image\/","url":"https:\/\/gestions-hospitalieres.fr\/wp-content\/uploads\/2017\/02\/picto_Gif-GH-trans.png","contentUrl":"https:\/\/gestions-hospitalieres.fr\/wp-content\/uploads\/2017\/02\/picto_Gif-GH-trans.png","width":512,"height":512,"caption":"Gestions hospitali\u00e8res"},"image":{"@id":"https:\/\/www.ricom-web8.com\/gestions\/#\/schema\/logo\/image\/"},"sameAs":["https:\/\/www.facebook.com\/gestionshospitalieres\/","https:\/\/x.com\/revue_GH","https:\/\/www.linkedin.com\/company\/gestions-hospitalieres?trk=top_nav_home"]},{"@type":"Person","@id":"https:\/\/www.ricom-web8.com\/gestions\/#\/schema\/person\/3ba9fe913190dfe9507feb621e902c1f","name":"Gestions hospitali\u00e8res","image":{"@type":"ImageObject","inLanguage":"fr-FR","@id":"https:\/\/www.ricom-web8.com\/gestions\/#\/schema\/person\/image\/","url":"https:\/\/secure.gravatar.com\/avatar\/1a0d93e6db5dbe7dac96bae4757d256f?s=96&d=mm&r=g","contentUrl":"https:\/\/secure.gravatar.com\/avatar\/1a0d93e6db5dbe7dac96bae4757d256f?s=96&d=mm&r=g","caption":"Gestions hospitali\u00e8res"},"url":"https:\/\/www.ricom-web8.com\/gestions\/author\/benjamin\/"}]}},"_links":{"self":[{"href":"https:\/\/www.ricom-web8.com\/gestions\/wp-json\/wp\/v2\/posts\/42649","targetHints":{"allow":["GET"]}}],"collection":[{"href":"https:\/\/www.ricom-web8.com\/gestions\/wp-json\/wp\/v2\/posts"}],"about":[{"href":"https:\/\/www.ricom-web8.com\/gestions\/wp-json\/wp\/v2\/types\/post"}],"author":[{"embeddable":true,"href":"https:\/\/www.ricom-web8.com\/gestions\/wp-json\/wp\/v2\/users\/23133"}],"replies":[{"embeddable":true,"href":"https:\/\/www.ricom-web8.com\/gestions\/wp-json\/wp\/v2\/comments?post=42649"}],"version-history":[{"count":0,"href":"https:\/\/www.ricom-web8.com\/gestions\/wp-json\/wp\/v2\/posts\/42649\/revisions"}],"wp:attachment":[{"href":"https:\/\/www.ricom-web8.com\/gestions\/wp-json\/wp\/v2\/media?parent=42649"}],"wp:term":[{"taxonomy":"category","embeddable":true,"href":"https:\/\/www.ricom-web8.com\/gestions\/wp-json\/wp\/v2\/categories?post=42649"},{"taxonomy":"post_tag","embeddable":true,"href":"https:\/\/www.ricom-web8.com\/gestions\/wp-json\/wp\/v2\/tags?post=42649"}],"curies":[{"name":"wp","href":"https:\/\/api.w.org\/{rel}","templated":true}]}}