

{"id":42682,"date":"2020-12-01T11:42:45","date_gmt":"2020-12-01T10:42:45","guid":{"rendered":"https:\/\/gestions-hospitalieres.fr\/?p=42682"},"modified":"2020-12-29T09:37:56","modified_gmt":"2020-12-29T08:37:56","slug":"drees-covid-19-une-question-de-lits","status":"publish","type":"post","link":"https:\/\/www.ricom-web8.com\/gestions\/drees-covid-19-une-question-de-lits\/","title":{"rendered":"Covid-19\u2009: une question de lits"},"content":{"rendered":"<span class=\"span-reading-time rt-reading-time\" style=\"display: block;\"><span class=\"rt-label rt-prefix\">Temps de lecture\u00a0: <\/span> <span class=\"rt-time\"> 5<\/span> <span class=\"rt-label rt-postfix\">minutes<\/span><\/span><p><span class=\"Apple-converted-space\">\u00a0<\/span>\u00ab\u2009Les \u00e9tablissements de sant\u00e9\u2009\u00bb, Panorama 2020, Drees &#8211; <a href=\"https:\/\/drees.solidarites-sante.gouv.fr\/etudes-et-statistiques\/publications\/panoramas-de-la-drees\/article\/les-etablissements-de-sante-edition-2020#Fiches-thematiques\" target=\"_blank\" rel=\"noopener noreferrer\">drees.solidarites-sante.gouv.fr<\/a><\/p>\n<hr \/>\n<p>D\u2019embl\u00e9e, le chapitre \u00ab\u2009Capacit\u00e9 d\u2019accueil \u00e0 l\u2019h\u00f4pital\u00a0\u00bb annonce qu\u2019entre 2003 et 2018, le nombre de lits d\u2019hospitalisation \u00e0 temps complet install\u00e9s \u2013 tout \u00e9tablissement, toute discipline et tout secteur confondu, \u2013 est pass\u00e9 de 468\u2009000 \u00e0 396\u2009000, soit une r\u00e9duction de 72\u2009000 lits. Parmi ces lits, et pour une p\u00e9riode allant de 2008 \u00e0 2018, le nombre d\u00e9di\u00e9 aux activit\u00e9s de MCO en court s\u00e9jour a diminu\u00e9 de 22\u2009000, pour atteindre 204\u2009000 lits.<\/p>\n<p>Le rapport pr\u00e9cise encore que cette \u00e9volution est le fruit du d\u00e9veloppement des alternatives \u00e0 l\u2019hospitalisation conventionnelle (h\u00f4pital de jour, ambulatoire, etc.) et les donn\u00e9es fournies montrent effectivement que, inversement, le nombre de places augmente sensiblement depuis quinze ans. Les disparit\u00e9s entre d\u00e9partements sont \u00e9galement mises en avant dans ce rapport, qui confirme une tendance pr\u00e9sente depuis plusieurs ann\u00e9es.<\/p>\n<h1>Lits de r\u00e9animation\u2009: la pomme de discorde<\/h1>\n<p>\u00c9videmment, ces donn\u00e9es macro ne donnent pas d\u2019indications sur le type de lits MCO. Mais au regard de l\u2019\u00e9volution, il n\u2019en fallait pas plus pour alimenter l\u2019id\u00e9e que la situation alarmante des h\u00f4pitaux pendant la premi\u00e8re vague du Covid-19 \u00e9tait aussi due \u00e0 la r\u00e9duction continuelle des lits en France. Subtilement, la Drees avait d\u2019ailleurs publi\u00e9 un tableau le 8 avril 2020, en pleine temp\u00eate, uniquement centr\u00e9 sur les lits de r\u00e9animation et de soins intensifs, d\u00e9partement par d\u00e9partement. Les chiffres \u00e9taient indiscutables\u2009: entre 2013 et 2018, le nombre de lits de r\u00e9animation en France \u00e9tait pass\u00e9 de 5\u2009334 \u00e0 5\u2009432. <i>Modulo<\/i> certainement un effet de p\u00e9rim\u00e8tre, le minist\u00e8re des Solidarit\u00e9s et de la Sant\u00e9 avait affirm\u00e9 que \u00able syst\u00e8me de sant\u00e9 est pass\u00e9 de 5\u2009085\u00a0lits avant la crise Covid \u00e0 5 800\u00a0lits p\u00e9rennes, install\u00e9s et \u00e9quip\u00e9s (en ressources humaines et en mat\u00e9riels) pour accueillir des patients Covid et non Covid\u00bb. Plus de 10 000 lits ont \u00e9t\u00e9 install\u00e9s d\u00e9but avril, en pleine vague de coronavirus, et \u00ables capacit\u00e9s maximales de r\u00e9animation peuvent \u00eatre \u00e9tendues \u00e0 12 000 lits.\u00bb<span class=\"Apple-converted-space\">\u00a0<\/span><\/p>\n<h1>Gestion de crise, gestion d\u2019indicateurs<\/h1>\n<p>Lorgnant comme \u00e0 son habitude vers l\u2019outre-Rhin, l\u2019opinion met aussi en avant les capacit\u00e9s en lits c\u00f4t\u00e9 allemand. Avec 500\u2009000\u00a0lits, l\u2019Allemagne affiche l\u2019une des densit\u00e9s en lits les plus \u00e9lev\u00e9es de l\u2019Organisation de coop\u00e9ration et de d\u00e9veloppement \u00e9conomiques (OCDE)\u2009: 8,3\u00a0lits pour 1\u2009000\u00a0habitants contre 6,4 en France\u2009; 20\u2009000 en r\u00e9animation contre 5500 en France<sup class=\"appel\" data-toggle=\"modal\" data-target=\"#notes\">(1)<\/sup>. \u00c0 l\u2019heure de la r\u00e9daction de cet article et au moment o\u00f9 la France s\u2019engage visiblement dans une deuxi\u00e8me vague, beaucoup s\u2019interrogent sur les cr\u00e9ations de lits tant annonc\u00e9es. Car chaque hospitalier sait bien, et le grand public aujourd\u2019hui, que les d\u00e9cisions relatives \u00e0 la sant\u00e9 publique, et <i>a fortiori<\/i> \u00e0 la gestion de crise, sont issues des indicateurs. Plan blanc, confinement, couvre-feu s\u2019appr\u00e9cient en corr\u00e9lation avec le taux d\u2019occupation des lits de r\u00e9animation par des patients Covid+. Le couvre-feu d\u00e9cid\u00e9 d\u00e9but octobre en r\u00e9gion parisienne parce que ce taux d\u00e9passait les 50\u2009% n\u2019a pas la m\u00eame incidence au quotidien que le niveau d\u2019alerte renforc\u00e9 \u00e9dict\u00e9 en Indre-et-Loire o\u00f9 ce taux avoisinait les 30\u2009%. Il est donc tout \u00e0 fait entendable que les promesses de cr\u00e9ation de lits soient un enjeu crucial sur les mois et ann\u00e9es \u00e0 venir, si la pr\u00e9vention de telles \u00e9pid\u00e9mies devient la norme.<span class=\"Apple-converted-space\">\u00a0<\/span><\/p>\n<h1>Sous les lits, d\u2019autres probl\u00e8mes plus urgents<\/h1>\n<p>Toutefois, derri\u00e8re ces donn\u00e9es de capacit\u00e9 en hospitalisation, se cache encore le probl\u00e8me des \u00e9quipements et plus encore celui des ressources humaines, de leur formation. Probl\u00e8me \u00e9pineux pour les pouvoirs publics puisqu\u2019il ne s\u2019agit pas tant d\u2019augmenter math\u00e9matiquement le nombre de lits, par CHU par exemple, que de r\u00e9duire les disparit\u00e9s d\u00e9partementales (puisque la pand\u00e9mie a frapp\u00e9 tr\u00e8s diversement sur les deux vagues observ\u00e9es en 2020) ou d\u2019am\u00e9liorer les interactions entre d\u00e9partements en cas d\u2019afflux massif diff\u00e9rents (les nombreux transports de patients par TGV, plus de 600, ont aussi soulign\u00e9 la capacit\u00e9 d\u2019organisation et d\u2019adaptation du syst\u00e8me hospitalier). Ou bien encore de pr\u00e9voir un nombre suffisant de personnels soignants et m\u00e9dicaux, form\u00e9s \u00e0 la r\u00e9animation ou, plus largement, aux soins intensifs.<span class=\"Apple-converted-space\">\u00a0<\/span><\/p>\n<p>Fin octobre, c\u2019est pr\u00e9cis\u00e9ment les modalit\u00e9s d\u2019atteinte des 12\u2009000\u00a0lits qui faisaient encore l\u2019objet d\u2019interrogation, sans r\u00e9ponse de la part de la Direction g\u00e9n\u00e9rale de la sant\u00e9. Seule l\u2019existence d\u2019une note du minist\u00e8re dat\u00e9e du 17 juillet recense r\u00e9gion par r\u00e9gion le nombre de lits de r\u00e9animation mobilisables. Le nombre de lits total est de 12\u2009515 mais, pour y parvenir, les h\u00f4pitaux doivent mobiliser jusqu\u2019\u00e0 24\u2009000\u00a0infirmiers et 10\u2009500\u00a0aides-soignants suppl\u00e9mentaires. En ce sens, le 20\u00a0octobre, le ministre a d\u00e9clar\u00e9 devant l\u2019Assembl\u00e9e nationale qu\u2019une nouvelle enveloppe de 2,4\u00a0milliards d\u2019euros, s\u2019ajoutant \u00e0 la hausse de 10\u00a0milliards de l\u2019Ondam d\u00e9j\u00e0 pr\u00e9vue en 2020, \u00ab\u2009sera d\u00e9l\u00e9gu\u00e9e en plusieurs temps et plac\u00e9e sous la responsabilit\u00e9 des agences r\u00e9gionales de sant\u00e9 qui l\u2019alloueront au plus pr\u00e8s de la situation des \u00e9tablissements\u2009\u00bb. Elle comprendra 50\u00a0millions d\u2019euros \u00ab\u2009pour ouvrir 4\u2009000 lits \u00e0 la demande d\u00e8s 2020 dans nos h\u00f4pitaux\u2009\u00bb.<span class=\"Apple-converted-space\">\u00a0<\/span><\/p>\n<p>Un autre volet significatif concerne le financement de la survalorisation des heures suppl\u00e9mentaires pour les effectifs pr\u00e9sents dans les \u00e9tablissements. Autant dire qu\u2019au regard des ressources disponibles, surtout en p\u00e9riode hivernale, l\u2019ensemble du personnel ne pourra se consacrer \u00e0 ces pr\u00e8s de 10\u2009000 lits potentiellement ouverts au m\u00eame moment. Car la crise survient pr\u00e9cis\u00e9ment au moment o\u00f9 les \u00e9tablissements constatent de nombreuses fermetures de lits pour cause de postes vacants, notamment parmi le personnel param\u00e9dical. Fin octobre et malgr\u00e9 les recrutements des sorties d\u2019\u00e9coles, il manquait encore plusieurs centaines de postes, ne serait-ce que sur l\u2019AP-HP, les HCL et l\u2019AP-HM.<span class=\"Apple-converted-space\">\u00a0<\/span><\/p>\n<button data-toggle=\"collapse\" data-target=\"#enc_2020_621_01\">carte 1<\/button><div id=\"enc_2020_621_01\" class=\"encadre collapse\"><p><span class=\"surtitre_enc\">carte 1<\/span><\/p>\n<h2>Densit\u00e9 de lits par d\u00e9partements (2018)<\/h2>\n<p><img decoding=\"async\" class=\"alignnone size-full wp-image-42690\" src=\"https:\/\/gestions-hospitalieres.fr\/wp-content\/uploads\/2020\/12\/Capture-d\u2019\u00e9cran-2020-12-28-\u00e0-14.07.48.png\" alt=\"\" width=\"1248\" height=\"728\" srcset=\"https:\/\/www.ricom-web8.com\/gestions\/wp-content\/uploads\/2020\/12\/Capture-d\u2019\u00e9cran-2020-12-28-\u00e0-14.07.48.png 1248w, https:\/\/www.ricom-web8.com\/gestions\/wp-content\/uploads\/2020\/12\/Capture-d\u2019\u00e9cran-2020-12-28-\u00e0-14.07.48-300x175.png 300w, https:\/\/www.ricom-web8.com\/gestions\/wp-content\/uploads\/2020\/12\/Capture-d\u2019\u00e9cran-2020-12-28-\u00e0-14.07.48-1024x597.png 1024w, https:\/\/www.ricom-web8.com\/gestions\/wp-content\/uploads\/2020\/12\/Capture-d\u2019\u00e9cran-2020-12-28-\u00e0-14.07.48-768x448.png 768w\" sizes=\"(max-width: 1248px) 100vw, 1248px\" \/><\/p>\n<p><strong>Note &gt;<\/strong> Les bornes correspondent \u00e0 une r\u00e9partition en quartiles.<br \/>\n<strong>Champ &gt;<\/strong> France m\u00e9tropolitaine et DROM (incluant Saint-Martin, Saint-Barth\u00e9lemy et Mayotte), y compris le SSA. Disciplines\u00a0de m\u00e9decine, chirurgie, obst\u00e9trique et odontologie (MCO), psychiatrie, soins de suite et de r\u00e9adaptation (SSR) et soins\u00a0de longue dur\u00e9e.<br \/>\n<strong>Sources &gt;<\/strong> DREES, SAE 2018, traitements DREES ; Insee, estimation de la population au 1<sup>er<\/sup> janvier 2018.<\/p>\n<p>\u00a9 Drees,<i> Les \u00e9tablissements de sant\u00e9<\/i>, \u00e9dition 2020, page 26.<\/p>\n<\/div>\n<button data-toggle=\"collapse\" data-target=\"#enc_2020_621_02\">graphique 1<\/button><div id=\"enc_2020_621_02\" class=\"encadre collapse\"><p><span class=\"surtitre_enc\">graphique 1<\/span><\/p>\n<h2>\u00c9volution du nombre de lits d\u2019hospitalisation compl\u00e8te depuis 2003<\/h2>\n<p><img decoding=\"async\" class=\"alignnone size-full wp-image-42691\" src=\"https:\/\/gestions-hospitalieres.fr\/wp-content\/uploads\/2020\/12\/Capture-d\u2019\u00e9cran-2020-12-28-\u00e0-14.08.14.png\" alt=\"\" width=\"1236\" height=\"496\" srcset=\"https:\/\/www.ricom-web8.com\/gestions\/wp-content\/uploads\/2020\/12\/Capture-d\u2019\u00e9cran-2020-12-28-\u00e0-14.08.14.png 1236w, https:\/\/www.ricom-web8.com\/gestions\/wp-content\/uploads\/2020\/12\/Capture-d\u2019\u00e9cran-2020-12-28-\u00e0-14.08.14-300x120.png 300w, https:\/\/www.ricom-web8.com\/gestions\/wp-content\/uploads\/2020\/12\/Capture-d\u2019\u00e9cran-2020-12-28-\u00e0-14.08.14-1024x411.png 1024w, https:\/\/www.ricom-web8.com\/gestions\/wp-content\/uploads\/2020\/12\/Capture-d\u2019\u00e9cran-2020-12-28-\u00e0-14.08.14-768x308.png 768w\" sizes=\"(max-width: 1236px) 100vw, 1236px\" \/><\/p>\n<p>MCO : m\u00e9decine, chirurgie, obst\u00e9trique et odontologie ; SSR : soins de suite et de r\u00e9adaptation ; USLD : unit\u00e9 de soins\u00a0de longue dur\u00e9e.<\/p>\n<p><strong>Champ &gt;<\/strong> France m\u00e9tropolitaine et DROM (incluant Saint-Martin, Saint-Barth\u00e9lemy et Mayotte \u00e0 partir de 2011), y compris le SSA.<br \/>\n<strong>Sources &gt;<\/strong> DREES, SAE 2003-2018, traitements DREES<\/p>\n<p>\u00a9 Drees, <i>Les \u00e9tablissements de sant\u00e9<\/i>, \u00e9dition 2020, page 25.<\/p>\n<\/div>\n<p>Autant de complexit\u00e9 qui conduit \u00e0 agir dans l\u2019urgence, \u00e0 s\u2019adapter sur le tr\u00e8s court terme et \u00e0 anticiper sur le long terme. La crise du Covid-19 a l\u2019art d\u2019interroger l\u2019essence m\u00eame du monde de la sant\u00e9. \u00c0 l\u2019heure de conclure ces lignes (mi-novembre), deux actualit\u00e9s reviennent sur le devant de la sc\u00e8ne au sujet des capacit\u00e9s en lits d\u2019hospitalisation. D\u2019un c\u00f4t\u00e9, un fait interroge les commentateurs\u2009: au moment o\u00f9 la deuxi\u00e8me vague commence \u00e0 se retirer tr\u00e8s lentement, un peu moins de 5000 personnes sont hospitalis\u00e9es en r\u00e9animation\u2009: pourquoi les autorit\u00e9s publiques, justifiant le confinement, ont-elles annonc\u00e9 que pr\u00e8s de 9\u2009000 personnes seraient hospitalis\u00e9es au moment du pic de mi-novembre\u2009? Cette petite pol\u00e9mique pointe surtout la capacit\u00e9 \u00e0 pr\u00e9voir les mouvements \u00e9pid\u00e9miques, chose particuli\u00e8rement compliqu\u00e9e, d\u2019autant que ces m\u00eames donn\u00e9es d\u2019expertise soutiennent des d\u00e9cisions publiques d\u2019ampleur in\u00e9dite et fortement contraignante. D\u2019un autre c\u00f4t\u00e9, ce sont les d\u00e9clarations du ministre de la Sant\u00e9 \u00e0 l\u2019occasion ce 18 novembre du S\u00e9minaire national des hospitaliers, qui laissent entrevoir qu\u2019un changement de doctrine appara\u00eetra dans le \u00ab\u2009monde d\u2019apr\u00e8s\u2009\u00bb\u2009: \u00ab\u2009J\u2019assume de vouloir rouvrir des lits \u00e0 l\u2019h\u00f4pital. [\u2026] Je sors totalement du dogme de la r\u00e9duction des lits ou du capacitaire lorsqu\u2019il y a des transformations de projets hospitaliers. \u00c7a, c\u2019est termin\u00e9\u2009! \u00bb Le ministre a ensuite apport\u00e9 des pr\u00e9cisions\u2009: \u00ab\u2009\u00c7a ne veut pas dire qu\u2019il n\u2019y a pas des endroits o\u00f9 \u00e7a sera encore le cas, des endroits o\u00f9 \u00e7a fait sens, o\u00f9 on d\u00e9veloppe l\u2019ambulatoire\u2026 On ne va pas passer d\u2019un dogme \u00e0 un autre. En revanche, je ne veux plus qu\u2019on exige dans les comit\u00e9s de pilotage [\u2026] qu\u2019il y ait forc\u00e9ment une r\u00e9duction de moyens. C\u2019est forc\u00e9ment antinomique de ma conception de l\u2019h\u00f4pital et c\u2019est d\u00e9sormais antinomique de la conception qu\u2019a le Gouvernement [\u2026] de son \u00e9volution. On ne doit pas r\u00e9duire le capacitaire pour r\u00e9duire le capacitaire. La population vieillit, les maladies chroniques augmentent\u2026 On a beau faire davantage d\u2019ambulatoire et d\u2019h\u00f4pitaux de jour, on aura besoin de lits et des crises comme celle du Covid-19 en atteste.\u2009\u00bb D\u00e9sormais et pour cette fin d\u2019ann\u00e9e 2020, au moment m\u00eame o\u00f9 une troisi\u00e8me vague est d\u00e9j\u00e0 crainte par les hospitaliers pour mars\u00a02021, c\u2019est donc la question des actes qui est s\u00e9rieusement pos\u00e9e.<\/p>\n<script>function PlayerjsAsync(){} if(window[\"Playerjs\"]){PlayerjsAsync();}<\/script>","protected":false},"excerpt":{"rendered":"<p>\u00a0\u00ab\u2009Les \u00e9tablissements de sant\u00e9\u2009\u00bb, Panorama 2020, Drees &#8211; drees.solidarites-sante.gouv.fr D\u2019embl\u00e9e, le chapitre \u00ab\u2009Capacit\u00e9 d\u2019accueil \u00e0 l\u2019h\u00f4pital\u00a0\u00bb annonce qu\u2019entre 2003 et 2018, le nombre de lits d\u2019hospitalisation \u00e0 temps complet install\u00e9s \u2013 tout \u00e9tablissement, toute discipline et tout secteur confondu, \u2013 est pass\u00e9 de 468\u2009000 \u00e0 396\u2009000, soit une r\u00e9duction de 72\u2009000 lits. Parmi ces lits, et pour une p\u00e9riode allant de 2008 \u00e0 2018, le nombre d\u00e9di\u00e9 aux activit\u00e9s de&hellip; <\/p>\n","protected":false},"author":23133,"featured_media":0,"comment_status":"open","ping_status":"closed","sticky":false,"template":"","format":"standard","meta":{"_acf_changed":false,"_relevanssi_hide_post":"","_relevanssi_hide_content":"","_relevanssi_pin_for_all":"","_relevanssi_pin_keywords":"","_relevanssi_unpin_keywords":"","_relevanssi_related_keywords":"","_relevanssi_related_include_ids":"","_relevanssi_related_exclude_ids":"","_relevanssi_related_no_append":"","_relevanssi_related_not_related":"","_relevanssi_related_posts":"","_relevanssi_noindex_reason":"","footnotes":""},"categories":[26,2],"tags":[8249,7863,1823,91,2108],"class_list":["post-42682","post","type-post","status-publish","format-standard","hentry","category-dossier","category-gestions-hospitalieres","tag-capacite-en-lits","tag-covid-19","tag-drees","tag-hospitalisation","tag-reanimation"],"acf":[],"yoast_head":"<!-- This site is optimized with the Yoast SEO plugin v24.8.1 - https:\/\/yoast.com\/wordpress\/plugins\/seo\/ -->\n<title>Covid-19\u2009: une question de lits - Gestions hospitali\u00e8res<\/title>\n<meta name=\"robots\" content=\"index, follow, max-snippet:-1, max-image-preview:large, max-video-preview:-1\" \/>\n<link rel=\"canonical\" href=\"https:\/\/www.ricom-web8.com\/gestions\/drees-covid-19-une-question-de-lits\/\" \/>\n<meta property=\"og:locale\" content=\"fr_FR\" \/>\n<meta property=\"og:type\" content=\"article\" \/>\n<meta property=\"og:title\" content=\"Covid-19\u2009: une question de lits - Gestions hospitali\u00e8res\" \/>\n<meta property=\"og:description\" content=\"\u00a0\u00ab\u2009Les \u00e9tablissements de sant\u00e9\u2009\u00bb, Panorama 2020, Drees &#8211; drees.solidarites-sante.gouv.fr D\u2019embl\u00e9e, le chapitre \u00ab\u2009Capacit\u00e9 d\u2019accueil \u00e0 l\u2019h\u00f4pital\u00a0\u00bb annonce qu\u2019entre 2003 et 2018, le nombre de lits d\u2019hospitalisation \u00e0 temps complet install\u00e9s \u2013 tout \u00e9tablissement, toute discipline et tout secteur confondu, \u2013 est pass\u00e9 de 468\u2009000 \u00e0 396\u2009000, soit une r\u00e9duction de 72\u2009000 lits. Parmi ces lits, et pour une p\u00e9riode allant de 2008 \u00e0 2018, le nombre d\u00e9di\u00e9 aux activit\u00e9s de&hellip;\" \/>\n<meta property=\"og:url\" content=\"https:\/\/www.ricom-web8.com\/gestions\/drees-covid-19-une-question-de-lits\/\" \/>\n<meta property=\"og:site_name\" content=\"Gestions hospitali\u00e8res\" \/>\n<meta property=\"article:publisher\" content=\"https:\/\/www.facebook.com\/gestionshospitalieres\/\" \/>\n<meta property=\"article:published_time\" content=\"2020-12-01T10:42:45+00:00\" \/>\n<meta property=\"article:modified_time\" content=\"2020-12-29T08:37:56+00:00\" \/>\n<meta name=\"author\" content=\"Gestions hospitali\u00e8res\" \/>\n<meta name=\"twitter:card\" content=\"summary_large_image\" \/>\n<meta name=\"twitter:creator\" content=\"@revue_GH\" \/>\n<meta name=\"twitter:site\" content=\"@revue_GH\" \/>\n<meta name=\"twitter:label1\" content=\"\u00c9crit par\" \/>\n\t<meta name=\"twitter:data1\" content=\"Gestions hospitali\u00e8res\" \/>\n\t<meta name=\"twitter:label2\" content=\"Dur\u00e9e de lecture estim\u00e9e\" \/>\n\t<meta name=\"twitter:data2\" content=\"7 minutes\" \/>\n<script type=\"application\/ld+json\" class=\"yoast-schema-graph\">{\"@context\":\"https:\/\/schema.org\",\"@graph\":[{\"@type\":\"Article\",\"@id\":\"https:\/\/www.ricom-web8.com\/gestions\/drees-covid-19-une-question-de-lits\/#article\",\"isPartOf\":{\"@id\":\"https:\/\/www.ricom-web8.com\/gestions\/drees-covid-19-une-question-de-lits\/\"},\"author\":{\"name\":\"Gestions hospitali\u00e8res\",\"@id\":\"https:\/\/www.ricom-web8.com\/gestions\/#\/schema\/person\/3ba9fe913190dfe9507feb621e902c1f\"},\"headline\":\"Covid-19\u2009: une question de lits\",\"datePublished\":\"2020-12-01T10:42:45+00:00\",\"dateModified\":\"2020-12-29T08:37:56+00:00\",\"mainEntityOfPage\":{\"@id\":\"https:\/\/www.ricom-web8.com\/gestions\/drees-covid-19-une-question-de-lits\/\"},\"wordCount\":1463,\"commentCount\":0,\"publisher\":{\"@id\":\"https:\/\/www.ricom-web8.com\/gestions\/#organization\"},\"keywords\":[\"capacit\u00e9 en lits\",\"Covid-19\",\"Drees\",\"hospitalisation\",\"r\u00e9animation\"],\"articleSection\":[\"dossier\",\"Gestions Hospitali\u00e8res\"],\"inLanguage\":\"fr-FR\",\"potentialAction\":[{\"@type\":\"CommentAction\",\"name\":\"Comment\",\"target\":[\"https:\/\/www.ricom-web8.com\/gestions\/drees-covid-19-une-question-de-lits\/#respond\"]}]},{\"@type\":\"WebPage\",\"@id\":\"https:\/\/www.ricom-web8.com\/gestions\/drees-covid-19-une-question-de-lits\/\",\"url\":\"https:\/\/www.ricom-web8.com\/gestions\/drees-covid-19-une-question-de-lits\/\",\"name\":\"Covid-19\u2009: une question de lits - Gestions hospitali\u00e8res\",\"isPartOf\":{\"@id\":\"https:\/\/www.ricom-web8.com\/gestions\/#website\"},\"datePublished\":\"2020-12-01T10:42:45+00:00\",\"dateModified\":\"2020-12-29T08:37:56+00:00\",\"breadcrumb\":{\"@id\":\"https:\/\/www.ricom-web8.com\/gestions\/drees-covid-19-une-question-de-lits\/#breadcrumb\"},\"inLanguage\":\"fr-FR\",\"potentialAction\":[{\"@type\":\"ReadAction\",\"target\":[\"https:\/\/www.ricom-web8.com\/gestions\/drees-covid-19-une-question-de-lits\/\"]}]},{\"@type\":\"BreadcrumbList\",\"@id\":\"https:\/\/www.ricom-web8.com\/gestions\/drees-covid-19-une-question-de-lits\/#breadcrumb\",\"itemListElement\":[{\"@type\":\"ListItem\",\"position\":1,\"name\":\"Accueil\",\"item\":\"https:\/\/www.ricom-web8.com\/gestions\/\"},{\"@type\":\"ListItem\",\"position\":2,\"name\":\"Covid-19\u2009: une question de lits\"}]},{\"@type\":\"WebSite\",\"@id\":\"https:\/\/www.ricom-web8.com\/gestions\/#website\",\"url\":\"https:\/\/www.ricom-web8.com\/gestions\/\",\"name\":\"Gestions hospitali\u00e8res\",\"description\":\"la revue des d\u00e9cideurs hospitaliers\",\"publisher\":{\"@id\":\"https:\/\/www.ricom-web8.com\/gestions\/#organization\"},\"potentialAction\":[{\"@type\":\"SearchAction\",\"target\":{\"@type\":\"EntryPoint\",\"urlTemplate\":\"https:\/\/www.ricom-web8.com\/gestions\/?s={search_term_string}\"},\"query-input\":{\"@type\":\"PropertyValueSpecification\",\"valueRequired\":true,\"valueName\":\"search_term_string\"}}],\"inLanguage\":\"fr-FR\"},{\"@type\":\"Organization\",\"@id\":\"https:\/\/www.ricom-web8.com\/gestions\/#organization\",\"name\":\"Gestions hospitali\u00e8res\",\"url\":\"https:\/\/www.ricom-web8.com\/gestions\/\",\"logo\":{\"@type\":\"ImageObject\",\"inLanguage\":\"fr-FR\",\"@id\":\"https:\/\/www.ricom-web8.com\/gestions\/#\/schema\/logo\/image\/\",\"url\":\"https:\/\/gestions-hospitalieres.fr\/wp-content\/uploads\/2017\/02\/picto_Gif-GH-trans.png\",\"contentUrl\":\"https:\/\/gestions-hospitalieres.fr\/wp-content\/uploads\/2017\/02\/picto_Gif-GH-trans.png\",\"width\":512,\"height\":512,\"caption\":\"Gestions hospitali\u00e8res\"},\"image\":{\"@id\":\"https:\/\/www.ricom-web8.com\/gestions\/#\/schema\/logo\/image\/\"},\"sameAs\":[\"https:\/\/www.facebook.com\/gestionshospitalieres\/\",\"https:\/\/x.com\/revue_GH\",\"https:\/\/www.linkedin.com\/company\/gestions-hospitalieres?trk=top_nav_home\"]},{\"@type\":\"Person\",\"@id\":\"https:\/\/www.ricom-web8.com\/gestions\/#\/schema\/person\/3ba9fe913190dfe9507feb621e902c1f\",\"name\":\"Gestions hospitali\u00e8res\",\"image\":{\"@type\":\"ImageObject\",\"inLanguage\":\"fr-FR\",\"@id\":\"https:\/\/www.ricom-web8.com\/gestions\/#\/schema\/person\/image\/\",\"url\":\"https:\/\/secure.gravatar.com\/avatar\/1a0d93e6db5dbe7dac96bae4757d256f?s=96&d=mm&r=g\",\"contentUrl\":\"https:\/\/secure.gravatar.com\/avatar\/1a0d93e6db5dbe7dac96bae4757d256f?s=96&d=mm&r=g\",\"caption\":\"Gestions hospitali\u00e8res\"},\"url\":\"https:\/\/www.ricom-web8.com\/gestions\/author\/benjamin\/\"}]}<\/script>\n<!-- \/ Yoast SEO plugin. -->","yoast_head_json":{"title":"Covid-19\u2009: une question de lits - Gestions hospitali\u00e8res","robots":{"index":"index","follow":"follow","max-snippet":"max-snippet:-1","max-image-preview":"max-image-preview:large","max-video-preview":"max-video-preview:-1"},"canonical":"https:\/\/www.ricom-web8.com\/gestions\/drees-covid-19-une-question-de-lits\/","og_locale":"fr_FR","og_type":"article","og_title":"Covid-19\u2009: une question de lits - Gestions hospitali\u00e8res","og_description":"\u00a0\u00ab\u2009Les \u00e9tablissements de sant\u00e9\u2009\u00bb, Panorama 2020, Drees &#8211; drees.solidarites-sante.gouv.fr D\u2019embl\u00e9e, le chapitre \u00ab\u2009Capacit\u00e9 d\u2019accueil \u00e0 l\u2019h\u00f4pital\u00a0\u00bb annonce qu\u2019entre 2003 et 2018, le nombre de lits d\u2019hospitalisation \u00e0 temps complet install\u00e9s \u2013 tout \u00e9tablissement, toute discipline et tout secteur confondu, \u2013 est pass\u00e9 de 468\u2009000 \u00e0 396\u2009000, soit une r\u00e9duction de 72\u2009000 lits. Parmi ces lits, et pour une p\u00e9riode allant de 2008 \u00e0 2018, le nombre d\u00e9di\u00e9 aux activit\u00e9s de&hellip;","og_url":"https:\/\/www.ricom-web8.com\/gestions\/drees-covid-19-une-question-de-lits\/","og_site_name":"Gestions hospitali\u00e8res","article_publisher":"https:\/\/www.facebook.com\/gestionshospitalieres\/","article_published_time":"2020-12-01T10:42:45+00:00","article_modified_time":"2020-12-29T08:37:56+00:00","author":"Gestions hospitali\u00e8res","twitter_card":"summary_large_image","twitter_creator":"@revue_GH","twitter_site":"@revue_GH","twitter_misc":{"\u00c9crit par":"Gestions hospitali\u00e8res","Dur\u00e9e de lecture estim\u00e9e":"7 minutes"},"schema":{"@context":"https:\/\/schema.org","@graph":[{"@type":"Article","@id":"https:\/\/www.ricom-web8.com\/gestions\/drees-covid-19-une-question-de-lits\/#article","isPartOf":{"@id":"https:\/\/www.ricom-web8.com\/gestions\/drees-covid-19-une-question-de-lits\/"},"author":{"name":"Gestions hospitali\u00e8res","@id":"https:\/\/www.ricom-web8.com\/gestions\/#\/schema\/person\/3ba9fe913190dfe9507feb621e902c1f"},"headline":"Covid-19\u2009: une question de lits","datePublished":"2020-12-01T10:42:45+00:00","dateModified":"2020-12-29T08:37:56+00:00","mainEntityOfPage":{"@id":"https:\/\/www.ricom-web8.com\/gestions\/drees-covid-19-une-question-de-lits\/"},"wordCount":1463,"commentCount":0,"publisher":{"@id":"https:\/\/www.ricom-web8.com\/gestions\/#organization"},"keywords":["capacit\u00e9 en lits","Covid-19","Drees","hospitalisation","r\u00e9animation"],"articleSection":["dossier","Gestions Hospitali\u00e8res"],"inLanguage":"fr-FR","potentialAction":[{"@type":"CommentAction","name":"Comment","target":["https:\/\/www.ricom-web8.com\/gestions\/drees-covid-19-une-question-de-lits\/#respond"]}]},{"@type":"WebPage","@id":"https:\/\/www.ricom-web8.com\/gestions\/drees-covid-19-une-question-de-lits\/","url":"https:\/\/www.ricom-web8.com\/gestions\/drees-covid-19-une-question-de-lits\/","name":"Covid-19\u2009: une question de lits - Gestions hospitali\u00e8res","isPartOf":{"@id":"https:\/\/www.ricom-web8.com\/gestions\/#website"},"datePublished":"2020-12-01T10:42:45+00:00","dateModified":"2020-12-29T08:37:56+00:00","breadcrumb":{"@id":"https:\/\/www.ricom-web8.com\/gestions\/drees-covid-19-une-question-de-lits\/#breadcrumb"},"inLanguage":"fr-FR","potentialAction":[{"@type":"ReadAction","target":["https:\/\/www.ricom-web8.com\/gestions\/drees-covid-19-une-question-de-lits\/"]}]},{"@type":"BreadcrumbList","@id":"https:\/\/www.ricom-web8.com\/gestions\/drees-covid-19-une-question-de-lits\/#breadcrumb","itemListElement":[{"@type":"ListItem","position":1,"name":"Accueil","item":"https:\/\/www.ricom-web8.com\/gestions\/"},{"@type":"ListItem","position":2,"name":"Covid-19\u2009: une question de lits"}]},{"@type":"WebSite","@id":"https:\/\/www.ricom-web8.com\/gestions\/#website","url":"https:\/\/www.ricom-web8.com\/gestions\/","name":"Gestions hospitali\u00e8res","description":"la revue des d\u00e9cideurs hospitaliers","publisher":{"@id":"https:\/\/www.ricom-web8.com\/gestions\/#organization"},"potentialAction":[{"@type":"SearchAction","target":{"@type":"EntryPoint","urlTemplate":"https:\/\/www.ricom-web8.com\/gestions\/?s={search_term_string}"},"query-input":{"@type":"PropertyValueSpecification","valueRequired":true,"valueName":"search_term_string"}}],"inLanguage":"fr-FR"},{"@type":"Organization","@id":"https:\/\/www.ricom-web8.com\/gestions\/#organization","name":"Gestions hospitali\u00e8res","url":"https:\/\/www.ricom-web8.com\/gestions\/","logo":{"@type":"ImageObject","inLanguage":"fr-FR","@id":"https:\/\/www.ricom-web8.com\/gestions\/#\/schema\/logo\/image\/","url":"https:\/\/gestions-hospitalieres.fr\/wp-content\/uploads\/2017\/02\/picto_Gif-GH-trans.png","contentUrl":"https:\/\/gestions-hospitalieres.fr\/wp-content\/uploads\/2017\/02\/picto_Gif-GH-trans.png","width":512,"height":512,"caption":"Gestions hospitali\u00e8res"},"image":{"@id":"https:\/\/www.ricom-web8.com\/gestions\/#\/schema\/logo\/image\/"},"sameAs":["https:\/\/www.facebook.com\/gestionshospitalieres\/","https:\/\/x.com\/revue_GH","https:\/\/www.linkedin.com\/company\/gestions-hospitalieres?trk=top_nav_home"]},{"@type":"Person","@id":"https:\/\/www.ricom-web8.com\/gestions\/#\/schema\/person\/3ba9fe913190dfe9507feb621e902c1f","name":"Gestions hospitali\u00e8res","image":{"@type":"ImageObject","inLanguage":"fr-FR","@id":"https:\/\/www.ricom-web8.com\/gestions\/#\/schema\/person\/image\/","url":"https:\/\/secure.gravatar.com\/avatar\/1a0d93e6db5dbe7dac96bae4757d256f?s=96&d=mm&r=g","contentUrl":"https:\/\/secure.gravatar.com\/avatar\/1a0d93e6db5dbe7dac96bae4757d256f?s=96&d=mm&r=g","caption":"Gestions hospitali\u00e8res"},"url":"https:\/\/www.ricom-web8.com\/gestions\/author\/benjamin\/"}]}},"_links":{"self":[{"href":"https:\/\/www.ricom-web8.com\/gestions\/wp-json\/wp\/v2\/posts\/42682","targetHints":{"allow":["GET"]}}],"collection":[{"href":"https:\/\/www.ricom-web8.com\/gestions\/wp-json\/wp\/v2\/posts"}],"about":[{"href":"https:\/\/www.ricom-web8.com\/gestions\/wp-json\/wp\/v2\/types\/post"}],"author":[{"embeddable":true,"href":"https:\/\/www.ricom-web8.com\/gestions\/wp-json\/wp\/v2\/users\/23133"}],"replies":[{"embeddable":true,"href":"https:\/\/www.ricom-web8.com\/gestions\/wp-json\/wp\/v2\/comments?post=42682"}],"version-history":[{"count":0,"href":"https:\/\/www.ricom-web8.com\/gestions\/wp-json\/wp\/v2\/posts\/42682\/revisions"}],"wp:attachment":[{"href":"https:\/\/www.ricom-web8.com\/gestions\/wp-json\/wp\/v2\/media?parent=42682"}],"wp:term":[{"taxonomy":"category","embeddable":true,"href":"https:\/\/www.ricom-web8.com\/gestions\/wp-json\/wp\/v2\/categories?post=42682"},{"taxonomy":"post_tag","embeddable":true,"href":"https:\/\/www.ricom-web8.com\/gestions\/wp-json\/wp\/v2\/tags?post=42682"}],"curies":[{"name":"wp","href":"https:\/\/api.w.org\/{rel}","templated":true}]}}