

{"id":42704,"date":"2020-12-01T14:55:31","date_gmt":"2020-12-01T13:55:31","guid":{"rendered":"https:\/\/gestions-hospitalieres.fr\/?p=42704"},"modified":"2020-12-29T09:44:21","modified_gmt":"2020-12-29T08:44:21","slug":"rapport-igf-igas-bilan-des-hopitaux-assainir-pour-transformer","status":"publish","type":"post","link":"https:\/\/www.ricom-web8.com\/gestions\/rapport-igf-igas-bilan-des-hopitaux-assainir-pour-transformer\/","title":{"rendered":"Bilan des h\u00f4pitaux\u2009: assainir pour transformer"},"content":{"rendered":"<span class=\"span-reading-time rt-reading-time\" style=\"display: block;\"><span class=\"rt-label rt-prefix\">Temps de lecture\u00a0: <\/span> <span class=\"rt-time\"> 3<\/span> <span class=\"rt-label rt-postfix\">minutes<\/span><\/span><p>IGF\/Igas, \u00ab\u2009\u00c9valuation de la dette des \u00e9tablissements publics de sant\u00e9 et des modalit\u00e9s de sa reprise\u2009\u00bb, avril 2020. &#8211; <a href=\"https:\/\/www.igas.gouv.fr\/spip.php?article795\" target=\"_blank\" rel=\"noopener noreferrer\">www.igas.gouv.fr<\/a><\/p>\n<hr \/>\n<h1>Des dettes \u00e9lev\u00e9es et des perspectives de retour \u00e0 l\u2019\u00e9quilibre limit\u00e9es<\/h1>\n<p>Depuis 2005, la dette des \u00e9tablissements publics de sant\u00e9 (EPS) s\u2019est consid\u00e9rablement alourdie, ob\u00e9rant leur capacit\u00e9 \u00e0 r\u00e9pondre aux enjeux de transformation du syst\u00e8me de sant\u00e9. Ainsi, entre 2005 \u00e0 2014, leur dette a tripl\u00e9, passant de 11,9\u202fmilliards d\u2019euros \u00e0 30,3\u202fmilliards d\u2019euros, notamment au travers des plans H\u00f4pital 2007 et H\u00f4pital 2012.<span class=\"Apple-converted-space\">\u00a0<\/span><\/p>\n<p>Ces derniers, s\u2019ils ont permis de financer la modernisation immobili\u00e8re de nombreux \u00e9tablissements, ont parfois port\u00e9 des projets incoh\u00e9rents qui ont fini par fragiliser les finances hospitali\u00e8res. La soutenabilit\u00e9 de la dette hospitali\u00e8re s\u2019est ainsi consid\u00e9rablement d\u00e9grad\u00e9e, avec 42\u2009% des \u00e9tablissements consid\u00e9r\u00e9s comme surendett\u00e9s en 2018, et 35\u2009% des EPS pr\u00e9sentant une capacit\u00e9 d\u2019autofinancement (CAF) nette n\u00e9gative, contre 18\u2009% en 2005.<\/p>\n<p>Si, depuis 2014, le renforcement du pilotage des investissements et de l\u2019endettement a permis de stabiliser la dette, les efforts d\u2019investissement ont \u00e9t\u00e9 consid\u00e9rablement ralentis\u2009: le rapport identifie une forme de sous-investissement courant depuis 2013, avec d\u2019importantes disparit\u00e9s entre \u00e9tablissements.<\/p>\n<h1>Un refinancement de la dette n\u00e9cessaire<span class=\"Apple-converted-space\">\u00a0<\/span><\/h1>\n<h2>\u00c0 hauteur de 13\u202fmilliards d\u2019euros<\/h2>\n<p>Rappelant les objectifs du plan \u00ab\u2009Ma sant\u00e9 2022\u2009\u00bb, le rapport rappelle que la strat\u00e9gie de transformation globale de l\u2019offre de soins ne pourra \u00eatre d\u00e9ploy\u00e9e sans un assainissement du bilan des h\u00f4pitaux publics, et d\u00e9crit le dispositif permettant la reprise de 13\u202fmilliards de dette des EPS.<\/p>\n<p>Le montant correspond au tiers de l\u2019encours de la dette des EPS \u00e0 fin 2019, retrait\u00e9 des emprunts souscrits au titre d\u2019une unit\u00e9 de soins de longue dur\u00e9e (USLD) ou d\u2019un Ehpad et des aides \u00e0 l\u2019emprunt existantes (10\u202fmilliards d\u2019euros), ainsi que les frais financiers associ\u00e9s (3\u202fmilliards d\u2019euros). Il ne couvrira ainsi pas les futures dettes contract\u00e9es par les \u00e9tablissements.<\/p>\n<p>Il proviendrait de lev\u00e9es de fonds de la Caisse d\u2019amortissement de la dette sociale (Cades), distribu\u00e9es selon un sch\u00e9ma de financement traditionnel des EPS\u2009: vers\u00e9 \u00e0 l\u2019Agence centrale des organismes de s\u00e9curit\u00e9 sociale (Acoss), il transiterait par les caisses nationales et primaires d\u2019assurance maladie (Cnam et CPAM) vers les \u00e9tablissements. La dette resterait inscrite au bilan des \u00e9tablissements, qui recevraient pendant 15\u00a0ans des versements suivant l\u2019\u00e9ch\u00e9ancier de l\u2019amortissement. Ils b\u00e9n\u00e9ficieraient cependant imm\u00e9diatement de la comptabilisation int\u00e9grale de la dotation, ce qui leur d\u00e9gagerait une plus grande marge de man\u0153uvre comptable.<\/p>\n<p>Le rapport recommande la limitation du dispositif aux seuls h\u00f4pitaux publics et consid\u00e8re que la mesure serait applicable dans le cadre juridique europ\u00e9en. En effet, si la reprise de dette repr\u00e9sente bien une aide d\u2019\u00c9tat au sens de la jurisprudence de la Cour de justice de l\u2019Union europ\u00e9enne (CJUE), elle s\u2019av\u00e8re envisageable en la limitant au seul besoin d\u2019ex\u00e9cution d\u2019un service d\u2019int\u00e9r\u00eat g\u00e9n\u00e9ral (Sieg), sans possibilit\u00e9 de surcompensation.<\/p>\n<blockquote><p>La strat\u00e9gie de transformation globale de l\u2019offre de soins ne pourra \u00eatre d\u00e9ploy\u00e9e sans un assainissement du bilan des h\u00f4pitaux publics. <span class=\"Apple-converted-space\">\u00a0<\/span><\/p><\/blockquote>\n<h1>Un dispositif \u00e0 la r\u00e9partition modul\u00e9e par les ARS selon l\u2019engagement des \u00e9tablissements<\/h1>\n<p>Le rapport identifie ce dispositif de refinancement comme un levier id\u00e9al pour inciter les \u00e9tablissements \u00e0 mettre en \u0153uvre\u2009:<\/p>\n<ul>\n<li>la strat\u00e9gie nationale de sant\u00e9, autour des trois objectifs d\u2019investissement dans la transformation, d\u2019efficience de gestion et d\u2019am\u00e9lioration de l\u2019organisation et de la qualit\u00e9 des soins, en pr\u00e9voyant une gradation du financement selon l\u2019ambition de l\u2019\u00e9tablissement\u2009;<\/li>\n<li>le plan r\u00e9gional de sant\u00e9, en inscrivant dans les contrats agences r\u00e9gionales de sant\u00e9 (ARS)\/EPS des projets autres de trois axes de mutualisation dans les groupements hospitaliers de territoire (GHT), d\u2019am\u00e9lioration de la situation financi\u00e8re, et d\u2019investissement courant.<\/li>\n<\/ul>\n<p>Afin de maximiser l\u2019effet incitatif de la mesure, la mission estime indispensable un pilotage r\u00e9gional assur\u00e9 par les ARS. Les mesures de reprise de dette seraient ainsi r\u00e9parties en deux parties\u2009:<span class=\"Apple-converted-space\">\u00a0<\/span><\/p>\n<ul>\n<li>une part \u00ab\u2009socle\u2009\u00bb, d\u00e9finie au niveau national, comprise entre 10 et 20% de l\u2019aide totale. Calcul\u00e9e sur l\u2019encours de dette retrait\u00e9 des aides existantes ou du taux de CAF nette de chaque \u00e9tablissement, elle garantirait un ciblage rapide des \u00e9tablissements en difficult\u00e9 financi\u00e8re\u2009;<\/li>\n<li>une part \u00ab\u2009modulation r\u00e9gionale\u2009\u00bb, r\u00e9partie entre les r\u00e9gions selon la somme des produits hospitaliers, et distribu\u00e9e par les ARS selon les enjeux de transformation. Les ARS devront donc \u00e9tablir une strat\u00e9gie r\u00e9gionale d\u2019utilisation de leur enveloppe, en identifiant les particularit\u00e9s des \u00e9tablissements b\u00e9n\u00e9ficiaires.<\/li>\n<\/ul>\n<p>L\u2019Inspection g\u00e9n\u00e9rale des finances (IGF) propose d\u2019\u00e9tablir un mod\u00e8le type de contrat destin\u00e9 \u00e0 l\u2019usage des ARS pour le cadrage de la mise en \u0153uvre de la mesure. Ce contrat, annex\u00e9 au contrat pluriannuel d\u2019objectifs et de moyens (CPOM), d\u00e9finirait les engagements, modalit\u00e9s de suivi et p\u00e9nalit\u00e9s \u00e9ventuelles du plan de reprise de dette. Le suivi de ce contrat s\u2019int\u00e9grerait au dialogue de gestion annuel EPS\/ARS.<\/p>\n<button data-toggle=\"collapse\" data-target=\"#enc_2020_637_01\">encadr\u00e9<\/button><div id=\"enc_2020_637_01\" class=\"encadre collapse\"><p><span class=\"surtitre_enc\">encadr\u00e9<\/span><\/p>\n<h2>Un rapport suivi par le l\u00e9gislateur<\/h2>\n<p>Les mesures structurantes du rapport Igas\/IGF ont \u00e9t\u00e9 adopt\u00e9es par le l\u00e9gislateur. L\u2019amortissement par la Cades de 13\u202fmilliards d\u2019euros de dette des \u00e9tablissements de sant\u00e9 a ainsi \u00e9t\u00e9 act\u00e9 par la loi relative \u00e0 la dette sociale et \u00e0 l\u2019autonomie du 7\u202fao\u00fbt 2020, tandis que sa mise en application pratique par le biais de contractualisations entre \u00e9tablissements de sant\u00e9 et agences r\u00e9gionales de sant\u00e9 est pr\u00e9vue par le PLFSS 2021.<\/p>\n<p>Le p\u00e9rim\u00e8tre de la mesure, limit\u00e9 aux seuls \u00e9tablissements publics par le rapport, a en revanche \u00e9t\u00e9 largement \u00e9largi, suite \u00e0 avis du Conseil d\u2019\u00c9tat, \u00e0 l\u2019ensemble des \u00e9tablissements de sant\u00e9 assurant le service public hospitalier, tandis que le dispositif a \u00e9t\u00e9 raccourci de 15 \u00e0 10 ans, permettant une acc\u00e9l\u00e9ration des dotations vers\u00e9es aux \u00e9tablissements.<\/p>\n<\/div>\n<script>function PlayerjsAsync(){} if(window[\"Playerjs\"]){PlayerjsAsync();}<\/script>","protected":false},"excerpt":{"rendered":"<p>IGF\/Igas, \u00ab\u2009\u00c9valuation de la dette des \u00e9tablissements publics de sant\u00e9 et des modalit\u00e9s de sa reprise\u2009\u00bb, avril 2020. &#8211; www.igas.gouv.fr Des dettes \u00e9lev\u00e9es et des perspectives de retour \u00e0 l\u2019\u00e9quilibre limit\u00e9es Depuis 2005, la dette des \u00e9tablissements publics de sant\u00e9 (EPS) s\u2019est consid\u00e9rablement alourdie, ob\u00e9rant leur capacit\u00e9 \u00e0 r\u00e9pondre aux enjeux de transformation du syst\u00e8me de sant\u00e9. Ainsi, entre 2005 \u00e0 2014, leur dette a tripl\u00e9, passant de 11,9\u202fmilliards d\u2019euros&hellip; <\/p>\n","protected":false},"author":23133,"featured_media":0,"comment_status":"open","ping_status":"closed","sticky":false,"template":"","format":"standard","meta":{"_acf_changed":false,"_relevanssi_hide_post":"","_relevanssi_hide_content":"","_relevanssi_pin_for_all":"","_relevanssi_pin_keywords":"","_relevanssi_unpin_keywords":"","_relevanssi_related_keywords":"","_relevanssi_related_include_ids":"","_relevanssi_related_exclude_ids":"","_relevanssi_related_no_append":"","_relevanssi_related_not_related":"","_relevanssi_related_posts":"","_relevanssi_noindex_reason":"","footnotes":""},"categories":[26,2],"tags":[1564,1908,1663,992,206,780],"class_list":["post-42704","post","type-post","status-publish","format-standard","hentry","category-dossier","category-gestions-hospitalieres","tag-dette","tag-plan-de-retour-a-lequilibre-financier","tag-finances","tag-igas","tag-investissement","tag-transformation"],"acf":[],"yoast_head":"<!-- This site is optimized with the Yoast SEO plugin v24.8.1 - https:\/\/yoast.com\/wordpress\/plugins\/seo\/ -->\n<title>Bilan des h\u00f4pitaux\u2009: assainir pour transformer - Gestions hospitali\u00e8res<\/title>\n<meta name=\"robots\" content=\"index, follow, max-snippet:-1, max-image-preview:large, max-video-preview:-1\" \/>\n<link rel=\"canonical\" href=\"https:\/\/www.ricom-web8.com\/gestions\/rapport-igf-igas-bilan-des-hopitaux-assainir-pour-transformer\/\" \/>\n<meta property=\"og:locale\" content=\"fr_FR\" \/>\n<meta property=\"og:type\" content=\"article\" \/>\n<meta property=\"og:title\" content=\"Bilan des h\u00f4pitaux\u2009: assainir pour transformer - Gestions hospitali\u00e8res\" \/>\n<meta property=\"og:description\" content=\"IGF\/Igas, \u00ab\u2009\u00c9valuation de la dette des \u00e9tablissements publics de sant\u00e9 et des modalit\u00e9s de sa reprise\u2009\u00bb, avril 2020. &#8211; www.igas.gouv.fr Des dettes \u00e9lev\u00e9es et des perspectives de retour \u00e0 l\u2019\u00e9quilibre limit\u00e9es Depuis 2005, la dette des \u00e9tablissements publics de sant\u00e9 (EPS) s\u2019est consid\u00e9rablement alourdie, ob\u00e9rant leur capacit\u00e9 \u00e0 r\u00e9pondre aux enjeux de transformation du syst\u00e8me de sant\u00e9. Ainsi, entre 2005 \u00e0 2014, leur dette a tripl\u00e9, passant de 11,9\u202fmilliards d\u2019euros&hellip;\" \/>\n<meta property=\"og:url\" content=\"https:\/\/www.ricom-web8.com\/gestions\/rapport-igf-igas-bilan-des-hopitaux-assainir-pour-transformer\/\" \/>\n<meta property=\"og:site_name\" content=\"Gestions hospitali\u00e8res\" \/>\n<meta property=\"article:publisher\" content=\"https:\/\/www.facebook.com\/gestionshospitalieres\/\" \/>\n<meta property=\"article:published_time\" content=\"2020-12-01T13:55:31+00:00\" \/>\n<meta property=\"article:modified_time\" content=\"2020-12-29T08:44:21+00:00\" \/>\n<meta name=\"author\" content=\"Gestions hospitali\u00e8res\" \/>\n<meta name=\"twitter:card\" content=\"summary_large_image\" \/>\n<meta name=\"twitter:creator\" content=\"@revue_GH\" \/>\n<meta name=\"twitter:site\" content=\"@revue_GH\" \/>\n<meta name=\"twitter:label1\" content=\"\u00c9crit par\" \/>\n\t<meta name=\"twitter:data1\" content=\"Gestions hospitali\u00e8res\" \/>\n\t<meta name=\"twitter:label2\" content=\"Dur\u00e9e de lecture estim\u00e9e\" \/>\n\t<meta name=\"twitter:data2\" content=\"4 minutes\" \/>\n<script type=\"application\/ld+json\" class=\"yoast-schema-graph\">{\"@context\":\"https:\/\/schema.org\",\"@graph\":[{\"@type\":\"Article\",\"@id\":\"https:\/\/www.ricom-web8.com\/gestions\/rapport-igf-igas-bilan-des-hopitaux-assainir-pour-transformer\/#article\",\"isPartOf\":{\"@id\":\"https:\/\/www.ricom-web8.com\/gestions\/rapport-igf-igas-bilan-des-hopitaux-assainir-pour-transformer\/\"},\"author\":{\"name\":\"Gestions hospitali\u00e8res\",\"@id\":\"https:\/\/www.ricom-web8.com\/gestions\/#\/schema\/person\/3ba9fe913190dfe9507feb621e902c1f\"},\"headline\":\"Bilan des h\u00f4pitaux\u2009: assainir pour transformer\",\"datePublished\":\"2020-12-01T13:55:31+00:00\",\"dateModified\":\"2020-12-29T08:44:21+00:00\",\"mainEntityOfPage\":{\"@id\":\"https:\/\/www.ricom-web8.com\/gestions\/rapport-igf-igas-bilan-des-hopitaux-assainir-pour-transformer\/\"},\"wordCount\":896,\"commentCount\":0,\"publisher\":{\"@id\":\"https:\/\/www.ricom-web8.com\/gestions\/#organization\"},\"keywords\":[\"dette\",\"\u00e9quilibre financier\",\"finances\",\"Igas\",\"investissement\",\"transformation\"],\"articleSection\":[\"dossier\",\"Gestions Hospitali\u00e8res\"],\"inLanguage\":\"fr-FR\",\"potentialAction\":[{\"@type\":\"CommentAction\",\"name\":\"Comment\",\"target\":[\"https:\/\/www.ricom-web8.com\/gestions\/rapport-igf-igas-bilan-des-hopitaux-assainir-pour-transformer\/#respond\"]}]},{\"@type\":\"WebPage\",\"@id\":\"https:\/\/www.ricom-web8.com\/gestions\/rapport-igf-igas-bilan-des-hopitaux-assainir-pour-transformer\/\",\"url\":\"https:\/\/www.ricom-web8.com\/gestions\/rapport-igf-igas-bilan-des-hopitaux-assainir-pour-transformer\/\",\"name\":\"Bilan des h\u00f4pitaux\u2009: assainir pour transformer - Gestions hospitali\u00e8res\",\"isPartOf\":{\"@id\":\"https:\/\/www.ricom-web8.com\/gestions\/#website\"},\"datePublished\":\"2020-12-01T13:55:31+00:00\",\"dateModified\":\"2020-12-29T08:44:21+00:00\",\"breadcrumb\":{\"@id\":\"https:\/\/www.ricom-web8.com\/gestions\/rapport-igf-igas-bilan-des-hopitaux-assainir-pour-transformer\/#breadcrumb\"},\"inLanguage\":\"fr-FR\",\"potentialAction\":[{\"@type\":\"ReadAction\",\"target\":[\"https:\/\/www.ricom-web8.com\/gestions\/rapport-igf-igas-bilan-des-hopitaux-assainir-pour-transformer\/\"]}]},{\"@type\":\"BreadcrumbList\",\"@id\":\"https:\/\/www.ricom-web8.com\/gestions\/rapport-igf-igas-bilan-des-hopitaux-assainir-pour-transformer\/#breadcrumb\",\"itemListElement\":[{\"@type\":\"ListItem\",\"position\":1,\"name\":\"Accueil\",\"item\":\"https:\/\/www.ricom-web8.com\/gestions\/\"},{\"@type\":\"ListItem\",\"position\":2,\"name\":\"Bilan des h\u00f4pitaux\u2009: assainir pour transformer\"}]},{\"@type\":\"WebSite\",\"@id\":\"https:\/\/www.ricom-web8.com\/gestions\/#website\",\"url\":\"https:\/\/www.ricom-web8.com\/gestions\/\",\"name\":\"Gestions hospitali\u00e8res\",\"description\":\"la revue des d\u00e9cideurs hospitaliers\",\"publisher\":{\"@id\":\"https:\/\/www.ricom-web8.com\/gestions\/#organization\"},\"potentialAction\":[{\"@type\":\"SearchAction\",\"target\":{\"@type\":\"EntryPoint\",\"urlTemplate\":\"https:\/\/www.ricom-web8.com\/gestions\/?s={search_term_string}\"},\"query-input\":{\"@type\":\"PropertyValueSpecification\",\"valueRequired\":true,\"valueName\":\"search_term_string\"}}],\"inLanguage\":\"fr-FR\"},{\"@type\":\"Organization\",\"@id\":\"https:\/\/www.ricom-web8.com\/gestions\/#organization\",\"name\":\"Gestions hospitali\u00e8res\",\"url\":\"https:\/\/www.ricom-web8.com\/gestions\/\",\"logo\":{\"@type\":\"ImageObject\",\"inLanguage\":\"fr-FR\",\"@id\":\"https:\/\/www.ricom-web8.com\/gestions\/#\/schema\/logo\/image\/\",\"url\":\"https:\/\/gestions-hospitalieres.fr\/wp-content\/uploads\/2017\/02\/picto_Gif-GH-trans.png\",\"contentUrl\":\"https:\/\/gestions-hospitalieres.fr\/wp-content\/uploads\/2017\/02\/picto_Gif-GH-trans.png\",\"width\":512,\"height\":512,\"caption\":\"Gestions hospitali\u00e8res\"},\"image\":{\"@id\":\"https:\/\/www.ricom-web8.com\/gestions\/#\/schema\/logo\/image\/\"},\"sameAs\":[\"https:\/\/www.facebook.com\/gestionshospitalieres\/\",\"https:\/\/x.com\/revue_GH\",\"https:\/\/www.linkedin.com\/company\/gestions-hospitalieres?trk=top_nav_home\"]},{\"@type\":\"Person\",\"@id\":\"https:\/\/www.ricom-web8.com\/gestions\/#\/schema\/person\/3ba9fe913190dfe9507feb621e902c1f\",\"name\":\"Gestions hospitali\u00e8res\",\"image\":{\"@type\":\"ImageObject\",\"inLanguage\":\"fr-FR\",\"@id\":\"https:\/\/www.ricom-web8.com\/gestions\/#\/schema\/person\/image\/\",\"url\":\"https:\/\/secure.gravatar.com\/avatar\/1a0d93e6db5dbe7dac96bae4757d256f?s=96&d=mm&r=g\",\"contentUrl\":\"https:\/\/secure.gravatar.com\/avatar\/1a0d93e6db5dbe7dac96bae4757d256f?s=96&d=mm&r=g\",\"caption\":\"Gestions hospitali\u00e8res\"},\"url\":\"https:\/\/www.ricom-web8.com\/gestions\/author\/benjamin\/\"}]}<\/script>\n<!-- \/ Yoast SEO plugin. -->","yoast_head_json":{"title":"Bilan des h\u00f4pitaux\u2009: assainir pour transformer - Gestions hospitali\u00e8res","robots":{"index":"index","follow":"follow","max-snippet":"max-snippet:-1","max-image-preview":"max-image-preview:large","max-video-preview":"max-video-preview:-1"},"canonical":"https:\/\/www.ricom-web8.com\/gestions\/rapport-igf-igas-bilan-des-hopitaux-assainir-pour-transformer\/","og_locale":"fr_FR","og_type":"article","og_title":"Bilan des h\u00f4pitaux\u2009: assainir pour transformer - Gestions hospitali\u00e8res","og_description":"IGF\/Igas, \u00ab\u2009\u00c9valuation de la dette des \u00e9tablissements publics de sant\u00e9 et des modalit\u00e9s de sa reprise\u2009\u00bb, avril 2020. &#8211; www.igas.gouv.fr Des dettes \u00e9lev\u00e9es et des perspectives de retour \u00e0 l\u2019\u00e9quilibre limit\u00e9es Depuis 2005, la dette des \u00e9tablissements publics de sant\u00e9 (EPS) s\u2019est consid\u00e9rablement alourdie, ob\u00e9rant leur capacit\u00e9 \u00e0 r\u00e9pondre aux enjeux de transformation du syst\u00e8me de sant\u00e9. Ainsi, entre 2005 \u00e0 2014, leur dette a tripl\u00e9, passant de 11,9\u202fmilliards d\u2019euros&hellip;","og_url":"https:\/\/www.ricom-web8.com\/gestions\/rapport-igf-igas-bilan-des-hopitaux-assainir-pour-transformer\/","og_site_name":"Gestions hospitali\u00e8res","article_publisher":"https:\/\/www.facebook.com\/gestionshospitalieres\/","article_published_time":"2020-12-01T13:55:31+00:00","article_modified_time":"2020-12-29T08:44:21+00:00","author":"Gestions hospitali\u00e8res","twitter_card":"summary_large_image","twitter_creator":"@revue_GH","twitter_site":"@revue_GH","twitter_misc":{"\u00c9crit par":"Gestions hospitali\u00e8res","Dur\u00e9e de lecture estim\u00e9e":"4 minutes"},"schema":{"@context":"https:\/\/schema.org","@graph":[{"@type":"Article","@id":"https:\/\/www.ricom-web8.com\/gestions\/rapport-igf-igas-bilan-des-hopitaux-assainir-pour-transformer\/#article","isPartOf":{"@id":"https:\/\/www.ricom-web8.com\/gestions\/rapport-igf-igas-bilan-des-hopitaux-assainir-pour-transformer\/"},"author":{"name":"Gestions hospitali\u00e8res","@id":"https:\/\/www.ricom-web8.com\/gestions\/#\/schema\/person\/3ba9fe913190dfe9507feb621e902c1f"},"headline":"Bilan des h\u00f4pitaux\u2009: assainir pour transformer","datePublished":"2020-12-01T13:55:31+00:00","dateModified":"2020-12-29T08:44:21+00:00","mainEntityOfPage":{"@id":"https:\/\/www.ricom-web8.com\/gestions\/rapport-igf-igas-bilan-des-hopitaux-assainir-pour-transformer\/"},"wordCount":896,"commentCount":0,"publisher":{"@id":"https:\/\/www.ricom-web8.com\/gestions\/#organization"},"keywords":["dette","\u00e9quilibre financier","finances","Igas","investissement","transformation"],"articleSection":["dossier","Gestions Hospitali\u00e8res"],"inLanguage":"fr-FR","potentialAction":[{"@type":"CommentAction","name":"Comment","target":["https:\/\/www.ricom-web8.com\/gestions\/rapport-igf-igas-bilan-des-hopitaux-assainir-pour-transformer\/#respond"]}]},{"@type":"WebPage","@id":"https:\/\/www.ricom-web8.com\/gestions\/rapport-igf-igas-bilan-des-hopitaux-assainir-pour-transformer\/","url":"https:\/\/www.ricom-web8.com\/gestions\/rapport-igf-igas-bilan-des-hopitaux-assainir-pour-transformer\/","name":"Bilan des h\u00f4pitaux\u2009: assainir pour transformer - Gestions hospitali\u00e8res","isPartOf":{"@id":"https:\/\/www.ricom-web8.com\/gestions\/#website"},"datePublished":"2020-12-01T13:55:31+00:00","dateModified":"2020-12-29T08:44:21+00:00","breadcrumb":{"@id":"https:\/\/www.ricom-web8.com\/gestions\/rapport-igf-igas-bilan-des-hopitaux-assainir-pour-transformer\/#breadcrumb"},"inLanguage":"fr-FR","potentialAction":[{"@type":"ReadAction","target":["https:\/\/www.ricom-web8.com\/gestions\/rapport-igf-igas-bilan-des-hopitaux-assainir-pour-transformer\/"]}]},{"@type":"BreadcrumbList","@id":"https:\/\/www.ricom-web8.com\/gestions\/rapport-igf-igas-bilan-des-hopitaux-assainir-pour-transformer\/#breadcrumb","itemListElement":[{"@type":"ListItem","position":1,"name":"Accueil","item":"https:\/\/www.ricom-web8.com\/gestions\/"},{"@type":"ListItem","position":2,"name":"Bilan des h\u00f4pitaux\u2009: assainir pour transformer"}]},{"@type":"WebSite","@id":"https:\/\/www.ricom-web8.com\/gestions\/#website","url":"https:\/\/www.ricom-web8.com\/gestions\/","name":"Gestions hospitali\u00e8res","description":"la revue des d\u00e9cideurs hospitaliers","publisher":{"@id":"https:\/\/www.ricom-web8.com\/gestions\/#organization"},"potentialAction":[{"@type":"SearchAction","target":{"@type":"EntryPoint","urlTemplate":"https:\/\/www.ricom-web8.com\/gestions\/?s={search_term_string}"},"query-input":{"@type":"PropertyValueSpecification","valueRequired":true,"valueName":"search_term_string"}}],"inLanguage":"fr-FR"},{"@type":"Organization","@id":"https:\/\/www.ricom-web8.com\/gestions\/#organization","name":"Gestions hospitali\u00e8res","url":"https:\/\/www.ricom-web8.com\/gestions\/","logo":{"@type":"ImageObject","inLanguage":"fr-FR","@id":"https:\/\/www.ricom-web8.com\/gestions\/#\/schema\/logo\/image\/","url":"https:\/\/gestions-hospitalieres.fr\/wp-content\/uploads\/2017\/02\/picto_Gif-GH-trans.png","contentUrl":"https:\/\/gestions-hospitalieres.fr\/wp-content\/uploads\/2017\/02\/picto_Gif-GH-trans.png","width":512,"height":512,"caption":"Gestions hospitali\u00e8res"},"image":{"@id":"https:\/\/www.ricom-web8.com\/gestions\/#\/schema\/logo\/image\/"},"sameAs":["https:\/\/www.facebook.com\/gestionshospitalieres\/","https:\/\/x.com\/revue_GH","https:\/\/www.linkedin.com\/company\/gestions-hospitalieres?trk=top_nav_home"]},{"@type":"Person","@id":"https:\/\/www.ricom-web8.com\/gestions\/#\/schema\/person\/3ba9fe913190dfe9507feb621e902c1f","name":"Gestions hospitali\u00e8res","image":{"@type":"ImageObject","inLanguage":"fr-FR","@id":"https:\/\/www.ricom-web8.com\/gestions\/#\/schema\/person\/image\/","url":"https:\/\/secure.gravatar.com\/avatar\/1a0d93e6db5dbe7dac96bae4757d256f?s=96&d=mm&r=g","contentUrl":"https:\/\/secure.gravatar.com\/avatar\/1a0d93e6db5dbe7dac96bae4757d256f?s=96&d=mm&r=g","caption":"Gestions hospitali\u00e8res"},"url":"https:\/\/www.ricom-web8.com\/gestions\/author\/benjamin\/"}]}},"_links":{"self":[{"href":"https:\/\/www.ricom-web8.com\/gestions\/wp-json\/wp\/v2\/posts\/42704","targetHints":{"allow":["GET"]}}],"collection":[{"href":"https:\/\/www.ricom-web8.com\/gestions\/wp-json\/wp\/v2\/posts"}],"about":[{"href":"https:\/\/www.ricom-web8.com\/gestions\/wp-json\/wp\/v2\/types\/post"}],"author":[{"embeddable":true,"href":"https:\/\/www.ricom-web8.com\/gestions\/wp-json\/wp\/v2\/users\/23133"}],"replies":[{"embeddable":true,"href":"https:\/\/www.ricom-web8.com\/gestions\/wp-json\/wp\/v2\/comments?post=42704"}],"version-history":[{"count":0,"href":"https:\/\/www.ricom-web8.com\/gestions\/wp-json\/wp\/v2\/posts\/42704\/revisions"}],"wp:attachment":[{"href":"https:\/\/www.ricom-web8.com\/gestions\/wp-json\/wp\/v2\/media?parent=42704"}],"wp:term":[{"taxonomy":"category","embeddable":true,"href":"https:\/\/www.ricom-web8.com\/gestions\/wp-json\/wp\/v2\/categories?post=42704"},{"taxonomy":"post_tag","embeddable":true,"href":"https:\/\/www.ricom-web8.com\/gestions\/wp-json\/wp\/v2\/tags?post=42704"}],"curies":[{"name":"wp","href":"https:\/\/api.w.org\/{rel}","templated":true}]}}