

{"id":42872,"date":"2021-02-01T10:06:47","date_gmt":"2021-02-01T09:06:47","guid":{"rendered":"https:\/\/gestions-hospitalieres.fr\/?p=42872"},"modified":"2021-03-02T09:32:23","modified_gmt":"2021-03-02T08:32:23","slug":"monsieur-le-directeur-justement-je-voulais-vous-voir","status":"publish","type":"post","link":"https:\/\/www.ricom-web8.com\/gestions\/monsieur-le-directeur-justement-je-voulais-vous-voir\/","title":{"rendered":"Monsieur le Directeur, justement, je voulais vous voir"},"content":{"rendered":"<span class=\"span-reading-time rt-reading-time\" style=\"display: block;\"><span class=\"rt-label rt-prefix\">Temps de lecture\u00a0: <\/span> <span class=\"rt-time\"> 2<\/span> <span class=\"rt-label rt-postfix\">minutes<\/span><\/span><p>Apr\u00e8s 39\u00a0ans d\u2019une carri\u00e8re hospitali\u00e8re faite de mobilit\u00e9s fonctionnelles, g\u00e9ographiques et de chefferies vari\u00e9es, Patrick Charrier nous transmet un livre de souvenirs et d\u2019anecdotes qui t\u00e9moignent du quotidien d\u2019un directeur d\u2019h\u00f4pital.<\/p>\n<p>\u00c0 travers ses aventures, on revit l\u2019histoire des restructurations sanitaires, la mise en \u0153uvre de la tarification \u00e0 l\u2019activit\u00e9 mais surtout la mise en place des coop\u00e9rations entre \u00e9tablissements, in\u00e9luctables sur des territoires o\u00f9 la d\u00e9mographie m\u00e9dicale est un enjeu permanent. On per\u00e7oit aussi la professionnalisation progressive de l\u2019administration des h\u00f4pitaux. Les professionnels sauront appr\u00e9cier l\u2019exercice de l\u2019autonomie du directeur d\u2019h\u00f4pital dans sa pratique quotidienne, prenant ses pleines responsabilit\u00e9s avec des d\u00e9cisions disciplinaires et organisationnelles fortes et structurantes pour les prises en charge. Les nombreuses anecdotes rappellent la diversit\u00e9 des situations, souvent pittoresques, auxquelles les hospitaliers peuvent \u00eatre confront\u00e9s au quotidien. Le combat du \u00ab\u2009parking de l\u2019h\u00f4pital de Manosque\u2009\u00bb face au club de p\u00e9tanque de la place, qui termine en autocollants ind\u00e9collables sur les voitures r\u00e9calcitrantes fera sourire beaucoup.<\/p>\n<p>Livre utile pour les professionnels d\u00e9butants ou en formation, pour illustrer que les r\u00e9ponses, les actions et les strat\u00e9gies d\u2019un directeur se construisent dans chaque situation davantage gr\u00e2ce \u00e0 des principes essentiels que de r\u00e9ponses toutes faites, et que la connaissance du terrain et des acteurs sont indispensables pour accompagner un \u00e9tablissement. Cette riche carri\u00e8re t\u00e9moigne des enjeux hospitaliers permanents\u2009: la d\u00e9mographie mais aussi la comp\u00e9tence m\u00e9dicale, l\u2019augmentation de la charge de travail en g\u00e9riatrie du fait du vieillissement de la population, la qualit\u00e9 d\u2019accueil des usagers ou encore l\u2019adaptation de l\u2019offre au territoire pour garder un \u00e9quilibre entre la proximit\u00e9 pour les usagers et la constitution de taille critique pour s\u00e9curiser certaines activit\u00e9s m\u00e9dicales.<\/p>\n<p><strong>Infos<\/strong> Ouvrage en auto\u00e9dition, 20 \u20ac port compris.<br \/>\nPour contact<span class=\"Apple-converted-space\">\u00a0 <\/span>l&#8217;auteur : <a href=\"mailto:patrick.charrier07@gmail.com\" target=\"_blank\" rel=\"noopener noreferrer\">patrick.charrier07@gmail.com<\/a><br \/>\nExiste en format num\u00e9rique, 5,99\u2009\u20ac : <a href=\"https:\/\/www.librinova.com\" target=\"_blank\" rel=\"noopener noreferrer\">www.librinova.com<\/a><\/p>\n<p><img decoding=\"async\" class=\"alignleft size-medium wp-image-42874\" src=\"https:\/\/gestions-hospitalieres.fr\/wp-content\/uploads\/2021\/03\/PCharier_VH-218x300.jpg\" alt=\"\" width=\"218\" height=\"300\" srcset=\"https:\/\/www.ricom-web8.com\/gestions\/wp-content\/uploads\/2021\/03\/PCharier_VH-218x300.jpg 218w, https:\/\/www.ricom-web8.com\/gestions\/wp-content\/uploads\/2021\/03\/PCharier_VH.jpg 363w\" sizes=\"(max-width: 218px) 100vw, 218px\" \/><\/p>\n<script>function PlayerjsAsync(){} if(window[\"Playerjs\"]){PlayerjsAsync();}<\/script>","protected":false},"excerpt":{"rendered":"<p><span class=\"span-reading-time rt-reading-time\" style=\"display: block;\"><span class=\"rt-label rt-prefix\">Temps de lecture\u00a0: <\/span> <span class=\"rt-time\"> 2<\/span> <span class=\"rt-label rt-postfix\">minutes<\/span><\/span>Apr\u00e8s 39\u00a0ans d\u2019une carri\u00e8re hospitali\u00e8re faite de mobilit\u00e9s fonctionnelles, g\u00e9ographiques et de chefferies vari\u00e9es, Patrick Charrier nous transmet un livre de souvenirs et d\u2019anecdotes qui t\u00e9moignent du quotidien d\u2019un directeur d\u2019h\u00f4pital. \u00c0 travers ses aventures, on revit l\u2019histoire des restructurations sanitaires, la mise en \u0153uvre de la tarification \u00e0 l\u2019activit\u00e9 mais surtout la mise en place des coop\u00e9rations entre \u00e9tablissements, in\u00e9luctables sur des territoires o\u00f9 la d\u00e9mographie m\u00e9dicale est un&hellip; <\/p>\n","protected":false},"author":23133,"featured_media":0,"comment_status":"open","ping_status":"closed","sticky":false,"template":"","format":"standard","meta":{"_acf_changed":false,"_relevanssi_hide_post":"","_relevanssi_hide_content":"","_relevanssi_pin_for_all":"","_relevanssi_pin_keywords":"","_relevanssi_unpin_keywords":"","_relevanssi_related_keywords":"","_relevanssi_related_include_ids":"","_relevanssi_related_exclude_ids":"","_relevanssi_related_no_append":"","_relevanssi_related_not_related":"","_relevanssi_related_posts":"","_relevanssi_noindex_reason":"","footnotes":""},"categories":[2,2307],"tags":[],"class_list":["post-42872","post","type-post","status-publish","format-standard","hentry","category-gestions-hospitalieres","category-note-de-lecture"],"acf":[],"yoast_head":"<!-- This site is optimized with the Yoast SEO plugin v24.8.1 - https:\/\/yoast.com\/wordpress\/plugins\/seo\/ -->\n<title>Monsieur le Directeur, justement, je voulais vous voir - Gestions hospitali\u00e8res<\/title>\n<meta name=\"robots\" content=\"index, follow, max-snippet:-1, max-image-preview:large, max-video-preview:-1\" \/>\n<link rel=\"canonical\" href=\"https:\/\/www.ricom-web8.com\/gestions\/monsieur-le-directeur-justement-je-voulais-vous-voir\/\" \/>\n<meta property=\"og:locale\" content=\"fr_FR\" \/>\n<meta property=\"og:type\" content=\"article\" \/>\n<meta property=\"og:title\" content=\"Monsieur le Directeur, justement, je voulais vous voir - Gestions hospitali\u00e8res\" \/>\n<meta property=\"og:description\" content=\"Temps de lecture\u00a0:  2 minutesApr\u00e8s 39\u00a0ans d\u2019une carri\u00e8re hospitali\u00e8re faite de mobilit\u00e9s fonctionnelles, g\u00e9ographiques et de chefferies vari\u00e9es, Patrick Charrier nous transmet un livre de souvenirs et d\u2019anecdotes qui t\u00e9moignent du quotidien d\u2019un directeur d\u2019h\u00f4pital. \u00c0 travers ses aventures, on revit l\u2019histoire des restructurations sanitaires, la mise en \u0153uvre de la tarification \u00e0 l\u2019activit\u00e9 mais surtout la mise en place des coop\u00e9rations entre \u00e9tablissements, in\u00e9luctables sur des territoires o\u00f9 la d\u00e9mographie m\u00e9dicale est un&hellip;\" \/>\n<meta property=\"og:url\" content=\"https:\/\/www.ricom-web8.com\/gestions\/monsieur-le-directeur-justement-je-voulais-vous-voir\/\" \/>\n<meta property=\"og:site_name\" content=\"Gestions hospitali\u00e8res\" \/>\n<meta property=\"article:publisher\" content=\"https:\/\/www.facebook.com\/gestionshospitalieres\/\" \/>\n<meta property=\"article:published_time\" content=\"2021-02-01T09:06:47+00:00\" \/>\n<meta property=\"article:modified_time\" content=\"2021-03-02T08:32:23+00:00\" \/>\n<meta property=\"og:image\" content=\"https:\/\/gestions-hospitalieres.fr\/wp-content\/uploads\/2021\/03\/PCharier_VH-218x300.jpg\" \/>\n<meta name=\"author\" content=\"Gestions hospitali\u00e8res\" \/>\n<meta name=\"twitter:card\" content=\"summary_large_image\" \/>\n<meta name=\"twitter:creator\" content=\"@revue_GH\" \/>\n<meta name=\"twitter:site\" content=\"@revue_GH\" \/>\n<meta name=\"twitter:label1\" content=\"\u00c9crit par\" \/>\n\t<meta name=\"twitter:data1\" content=\"Gestions hospitali\u00e8res\" \/>\n\t<meta name=\"twitter:label2\" content=\"Dur\u00e9e de lecture estim\u00e9e\" \/>\n\t<meta name=\"twitter:data2\" content=\"2 minutes\" \/>\n<script type=\"application\/ld+json\" class=\"yoast-schema-graph\">{\"@context\":\"https:\/\/schema.org\",\"@graph\":[{\"@type\":\"Article\",\"@id\":\"https:\/\/www.ricom-web8.com\/gestions\/monsieur-le-directeur-justement-je-voulais-vous-voir\/#article\",\"isPartOf\":{\"@id\":\"https:\/\/www.ricom-web8.com\/gestions\/monsieur-le-directeur-justement-je-voulais-vous-voir\/\"},\"author\":{\"name\":\"Gestions hospitali\u00e8res\",\"@id\":\"https:\/\/www.ricom-web8.com\/gestions\/#\/schema\/person\/3ba9fe913190dfe9507feb621e902c1f\"},\"headline\":\"Monsieur le Directeur, justement, je voulais vous voir\",\"datePublished\":\"2021-02-01T09:06:47+00:00\",\"dateModified\":\"2021-03-02T08:32:23+00:00\",\"mainEntityOfPage\":{\"@id\":\"https:\/\/www.ricom-web8.com\/gestions\/monsieur-le-directeur-justement-je-voulais-vous-voir\/\"},\"wordCount\":356,\"commentCount\":0,\"publisher\":{\"@id\":\"https:\/\/www.ricom-web8.com\/gestions\/#organization\"},\"image\":{\"@id\":\"https:\/\/www.ricom-web8.com\/gestions\/monsieur-le-directeur-justement-je-voulais-vous-voir\/#primaryimage\"},\"thumbnailUrl\":\"https:\/\/gestions-hospitalieres.fr\/wp-content\/uploads\/2021\/03\/PCharier_VH-218x300.jpg\",\"articleSection\":[\"Gestions Hospitali\u00e8res\",\"note de lecture\"],\"inLanguage\":\"fr-FR\",\"potentialAction\":[{\"@type\":\"CommentAction\",\"name\":\"Comment\",\"target\":[\"https:\/\/www.ricom-web8.com\/gestions\/monsieur-le-directeur-justement-je-voulais-vous-voir\/#respond\"]}]},{\"@type\":\"WebPage\",\"@id\":\"https:\/\/www.ricom-web8.com\/gestions\/monsieur-le-directeur-justement-je-voulais-vous-voir\/\",\"url\":\"https:\/\/www.ricom-web8.com\/gestions\/monsieur-le-directeur-justement-je-voulais-vous-voir\/\",\"name\":\"Monsieur le Directeur, justement, je voulais vous voir - Gestions hospitali\u00e8res\",\"isPartOf\":{\"@id\":\"https:\/\/www.ricom-web8.com\/gestions\/#website\"},\"primaryImageOfPage\":{\"@id\":\"https:\/\/www.ricom-web8.com\/gestions\/monsieur-le-directeur-justement-je-voulais-vous-voir\/#primaryimage\"},\"image\":{\"@id\":\"https:\/\/www.ricom-web8.com\/gestions\/monsieur-le-directeur-justement-je-voulais-vous-voir\/#primaryimage\"},\"thumbnailUrl\":\"https:\/\/gestions-hospitalieres.fr\/wp-content\/uploads\/2021\/03\/PCharier_VH-218x300.jpg\",\"datePublished\":\"2021-02-01T09:06:47+00:00\",\"dateModified\":\"2021-03-02T08:32:23+00:00\",\"breadcrumb\":{\"@id\":\"https:\/\/www.ricom-web8.com\/gestions\/monsieur-le-directeur-justement-je-voulais-vous-voir\/#breadcrumb\"},\"inLanguage\":\"fr-FR\",\"potentialAction\":[{\"@type\":\"ReadAction\",\"target\":[\"https:\/\/www.ricom-web8.com\/gestions\/monsieur-le-directeur-justement-je-voulais-vous-voir\/\"]}]},{\"@type\":\"ImageObject\",\"inLanguage\":\"fr-FR\",\"@id\":\"https:\/\/www.ricom-web8.com\/gestions\/monsieur-le-directeur-justement-je-voulais-vous-voir\/#primaryimage\",\"url\":\"https:\/\/gestions-hospitalieres.fr\/wp-content\/uploads\/2021\/03\/PCharier_VH-218x300.jpg\",\"contentUrl\":\"https:\/\/gestions-hospitalieres.fr\/wp-content\/uploads\/2021\/03\/PCharier_VH-218x300.jpg\"},{\"@type\":\"BreadcrumbList\",\"@id\":\"https:\/\/www.ricom-web8.com\/gestions\/monsieur-le-directeur-justement-je-voulais-vous-voir\/#breadcrumb\",\"itemListElement\":[{\"@type\":\"ListItem\",\"position\":1,\"name\":\"Accueil\",\"item\":\"https:\/\/www.ricom-web8.com\/gestions\/\"},{\"@type\":\"ListItem\",\"position\":2,\"name\":\"Monsieur le Directeur, justement, je voulais vous voir\"}]},{\"@type\":\"WebSite\",\"@id\":\"https:\/\/www.ricom-web8.com\/gestions\/#website\",\"url\":\"https:\/\/www.ricom-web8.com\/gestions\/\",\"name\":\"Gestions hospitali\u00e8res\",\"description\":\"la revue des d\u00e9cideurs hospitaliers\",\"publisher\":{\"@id\":\"https:\/\/www.ricom-web8.com\/gestions\/#organization\"},\"potentialAction\":[{\"@type\":\"SearchAction\",\"target\":{\"@type\":\"EntryPoint\",\"urlTemplate\":\"https:\/\/www.ricom-web8.com\/gestions\/?s={search_term_string}\"},\"query-input\":{\"@type\":\"PropertyValueSpecification\",\"valueRequired\":true,\"valueName\":\"search_term_string\"}}],\"inLanguage\":\"fr-FR\"},{\"@type\":\"Organization\",\"@id\":\"https:\/\/www.ricom-web8.com\/gestions\/#organization\",\"name\":\"Gestions hospitali\u00e8res\",\"url\":\"https:\/\/www.ricom-web8.com\/gestions\/\",\"logo\":{\"@type\":\"ImageObject\",\"inLanguage\":\"fr-FR\",\"@id\":\"https:\/\/www.ricom-web8.com\/gestions\/#\/schema\/logo\/image\/\",\"url\":\"https:\/\/gestions-hospitalieres.fr\/wp-content\/uploads\/2017\/02\/picto_Gif-GH-trans.png\",\"contentUrl\":\"https:\/\/gestions-hospitalieres.fr\/wp-content\/uploads\/2017\/02\/picto_Gif-GH-trans.png\",\"width\":512,\"height\":512,\"caption\":\"Gestions hospitali\u00e8res\"},\"image\":{\"@id\":\"https:\/\/www.ricom-web8.com\/gestions\/#\/schema\/logo\/image\/\"},\"sameAs\":[\"https:\/\/www.facebook.com\/gestionshospitalieres\/\",\"https:\/\/x.com\/revue_GH\",\"https:\/\/www.linkedin.com\/company\/gestions-hospitalieres?trk=top_nav_home\"]},{\"@type\":\"Person\",\"@id\":\"https:\/\/www.ricom-web8.com\/gestions\/#\/schema\/person\/3ba9fe913190dfe9507feb621e902c1f\",\"name\":\"Gestions hospitali\u00e8res\",\"image\":{\"@type\":\"ImageObject\",\"inLanguage\":\"fr-FR\",\"@id\":\"https:\/\/www.ricom-web8.com\/gestions\/#\/schema\/person\/image\/\",\"url\":\"https:\/\/secure.gravatar.com\/avatar\/1a0d93e6db5dbe7dac96bae4757d256f?s=96&d=mm&r=g\",\"contentUrl\":\"https:\/\/secure.gravatar.com\/avatar\/1a0d93e6db5dbe7dac96bae4757d256f?s=96&d=mm&r=g\",\"caption\":\"Gestions hospitali\u00e8res\"},\"url\":\"https:\/\/www.ricom-web8.com\/gestions\/author\/benjamin\/\"}]}<\/script>\n<!-- \/ Yoast SEO plugin. -->","yoast_head_json":{"title":"Monsieur le Directeur, justement, je voulais vous voir - Gestions hospitali\u00e8res","robots":{"index":"index","follow":"follow","max-snippet":"max-snippet:-1","max-image-preview":"max-image-preview:large","max-video-preview":"max-video-preview:-1"},"canonical":"https:\/\/www.ricom-web8.com\/gestions\/monsieur-le-directeur-justement-je-voulais-vous-voir\/","og_locale":"fr_FR","og_type":"article","og_title":"Monsieur le Directeur, justement, je voulais vous voir - Gestions hospitali\u00e8res","og_description":"Temps de lecture\u00a0:  2 minutesApr\u00e8s 39\u00a0ans d\u2019une carri\u00e8re hospitali\u00e8re faite de mobilit\u00e9s fonctionnelles, g\u00e9ographiques et de chefferies vari\u00e9es, Patrick Charrier nous transmet un livre de souvenirs et d\u2019anecdotes qui t\u00e9moignent du quotidien d\u2019un directeur d\u2019h\u00f4pital. \u00c0 travers ses aventures, on revit l\u2019histoire des restructurations sanitaires, la mise en \u0153uvre de la tarification \u00e0 l\u2019activit\u00e9 mais surtout la mise en place des coop\u00e9rations entre \u00e9tablissements, in\u00e9luctables sur des territoires o\u00f9 la d\u00e9mographie m\u00e9dicale est un&hellip;","og_url":"https:\/\/www.ricom-web8.com\/gestions\/monsieur-le-directeur-justement-je-voulais-vous-voir\/","og_site_name":"Gestions hospitali\u00e8res","article_publisher":"https:\/\/www.facebook.com\/gestionshospitalieres\/","article_published_time":"2021-02-01T09:06:47+00:00","article_modified_time":"2021-03-02T08:32:23+00:00","og_image":[{"url":"https:\/\/gestions-hospitalieres.fr\/wp-content\/uploads\/2021\/03\/PCharier_VH-218x300.jpg","type":"","width":"","height":""}],"author":"Gestions hospitali\u00e8res","twitter_card":"summary_large_image","twitter_creator":"@revue_GH","twitter_site":"@revue_GH","twitter_misc":{"\u00c9crit par":"Gestions hospitali\u00e8res","Dur\u00e9e de lecture estim\u00e9e":"2 minutes"},"schema":{"@context":"https:\/\/schema.org","@graph":[{"@type":"Article","@id":"https:\/\/www.ricom-web8.com\/gestions\/monsieur-le-directeur-justement-je-voulais-vous-voir\/#article","isPartOf":{"@id":"https:\/\/www.ricom-web8.com\/gestions\/monsieur-le-directeur-justement-je-voulais-vous-voir\/"},"author":{"name":"Gestions hospitali\u00e8res","@id":"https:\/\/www.ricom-web8.com\/gestions\/#\/schema\/person\/3ba9fe913190dfe9507feb621e902c1f"},"headline":"Monsieur le Directeur, justement, je voulais vous voir","datePublished":"2021-02-01T09:06:47+00:00","dateModified":"2021-03-02T08:32:23+00:00","mainEntityOfPage":{"@id":"https:\/\/www.ricom-web8.com\/gestions\/monsieur-le-directeur-justement-je-voulais-vous-voir\/"},"wordCount":356,"commentCount":0,"publisher":{"@id":"https:\/\/www.ricom-web8.com\/gestions\/#organization"},"image":{"@id":"https:\/\/www.ricom-web8.com\/gestions\/monsieur-le-directeur-justement-je-voulais-vous-voir\/#primaryimage"},"thumbnailUrl":"https:\/\/gestions-hospitalieres.fr\/wp-content\/uploads\/2021\/03\/PCharier_VH-218x300.jpg","articleSection":["Gestions Hospitali\u00e8res","note de lecture"],"inLanguage":"fr-FR","potentialAction":[{"@type":"CommentAction","name":"Comment","target":["https:\/\/www.ricom-web8.com\/gestions\/monsieur-le-directeur-justement-je-voulais-vous-voir\/#respond"]}]},{"@type":"WebPage","@id":"https:\/\/www.ricom-web8.com\/gestions\/monsieur-le-directeur-justement-je-voulais-vous-voir\/","url":"https:\/\/www.ricom-web8.com\/gestions\/monsieur-le-directeur-justement-je-voulais-vous-voir\/","name":"Monsieur le Directeur, justement, je voulais vous voir - Gestions hospitali\u00e8res","isPartOf":{"@id":"https:\/\/www.ricom-web8.com\/gestions\/#website"},"primaryImageOfPage":{"@id":"https:\/\/www.ricom-web8.com\/gestions\/monsieur-le-directeur-justement-je-voulais-vous-voir\/#primaryimage"},"image":{"@id":"https:\/\/www.ricom-web8.com\/gestions\/monsieur-le-directeur-justement-je-voulais-vous-voir\/#primaryimage"},"thumbnailUrl":"https:\/\/gestions-hospitalieres.fr\/wp-content\/uploads\/2021\/03\/PCharier_VH-218x300.jpg","datePublished":"2021-02-01T09:06:47+00:00","dateModified":"2021-03-02T08:32:23+00:00","breadcrumb":{"@id":"https:\/\/www.ricom-web8.com\/gestions\/monsieur-le-directeur-justement-je-voulais-vous-voir\/#breadcrumb"},"inLanguage":"fr-FR","potentialAction":[{"@type":"ReadAction","target":["https:\/\/www.ricom-web8.com\/gestions\/monsieur-le-directeur-justement-je-voulais-vous-voir\/"]}]},{"@type":"ImageObject","inLanguage":"fr-FR","@id":"https:\/\/www.ricom-web8.com\/gestions\/monsieur-le-directeur-justement-je-voulais-vous-voir\/#primaryimage","url":"https:\/\/gestions-hospitalieres.fr\/wp-content\/uploads\/2021\/03\/PCharier_VH-218x300.jpg","contentUrl":"https:\/\/gestions-hospitalieres.fr\/wp-content\/uploads\/2021\/03\/PCharier_VH-218x300.jpg"},{"@type":"BreadcrumbList","@id":"https:\/\/www.ricom-web8.com\/gestions\/monsieur-le-directeur-justement-je-voulais-vous-voir\/#breadcrumb","itemListElement":[{"@type":"ListItem","position":1,"name":"Accueil","item":"https:\/\/www.ricom-web8.com\/gestions\/"},{"@type":"ListItem","position":2,"name":"Monsieur le Directeur, justement, je voulais vous voir"}]},{"@type":"WebSite","@id":"https:\/\/www.ricom-web8.com\/gestions\/#website","url":"https:\/\/www.ricom-web8.com\/gestions\/","name":"Gestions hospitali\u00e8res","description":"la revue des d\u00e9cideurs hospitaliers","publisher":{"@id":"https:\/\/www.ricom-web8.com\/gestions\/#organization"},"potentialAction":[{"@type":"SearchAction","target":{"@type":"EntryPoint","urlTemplate":"https:\/\/www.ricom-web8.com\/gestions\/?s={search_term_string}"},"query-input":{"@type":"PropertyValueSpecification","valueRequired":true,"valueName":"search_term_string"}}],"inLanguage":"fr-FR"},{"@type":"Organization","@id":"https:\/\/www.ricom-web8.com\/gestions\/#organization","name":"Gestions hospitali\u00e8res","url":"https:\/\/www.ricom-web8.com\/gestions\/","logo":{"@type":"ImageObject","inLanguage":"fr-FR","@id":"https:\/\/www.ricom-web8.com\/gestions\/#\/schema\/logo\/image\/","url":"https:\/\/gestions-hospitalieres.fr\/wp-content\/uploads\/2017\/02\/picto_Gif-GH-trans.png","contentUrl":"https:\/\/gestions-hospitalieres.fr\/wp-content\/uploads\/2017\/02\/picto_Gif-GH-trans.png","width":512,"height":512,"caption":"Gestions hospitali\u00e8res"},"image":{"@id":"https:\/\/www.ricom-web8.com\/gestions\/#\/schema\/logo\/image\/"},"sameAs":["https:\/\/www.facebook.com\/gestionshospitalieres\/","https:\/\/x.com\/revue_GH","https:\/\/www.linkedin.com\/company\/gestions-hospitalieres?trk=top_nav_home"]},{"@type":"Person","@id":"https:\/\/www.ricom-web8.com\/gestions\/#\/schema\/person\/3ba9fe913190dfe9507feb621e902c1f","name":"Gestions hospitali\u00e8res","image":{"@type":"ImageObject","inLanguage":"fr-FR","@id":"https:\/\/www.ricom-web8.com\/gestions\/#\/schema\/person\/image\/","url":"https:\/\/secure.gravatar.com\/avatar\/1a0d93e6db5dbe7dac96bae4757d256f?s=96&d=mm&r=g","contentUrl":"https:\/\/secure.gravatar.com\/avatar\/1a0d93e6db5dbe7dac96bae4757d256f?s=96&d=mm&r=g","caption":"Gestions hospitali\u00e8res"},"url":"https:\/\/www.ricom-web8.com\/gestions\/author\/benjamin\/"}]}},"_links":{"self":[{"href":"https:\/\/www.ricom-web8.com\/gestions\/wp-json\/wp\/v2\/posts\/42872","targetHints":{"allow":["GET"]}}],"collection":[{"href":"https:\/\/www.ricom-web8.com\/gestions\/wp-json\/wp\/v2\/posts"}],"about":[{"href":"https:\/\/www.ricom-web8.com\/gestions\/wp-json\/wp\/v2\/types\/post"}],"author":[{"embeddable":true,"href":"https:\/\/www.ricom-web8.com\/gestions\/wp-json\/wp\/v2\/users\/23133"}],"replies":[{"embeddable":true,"href":"https:\/\/www.ricom-web8.com\/gestions\/wp-json\/wp\/v2\/comments?post=42872"}],"version-history":[{"count":0,"href":"https:\/\/www.ricom-web8.com\/gestions\/wp-json\/wp\/v2\/posts\/42872\/revisions"}],"wp:attachment":[{"href":"https:\/\/www.ricom-web8.com\/gestions\/wp-json\/wp\/v2\/media?parent=42872"}],"wp:term":[{"taxonomy":"category","embeddable":true,"href":"https:\/\/www.ricom-web8.com\/gestions\/wp-json\/wp\/v2\/categories?post=42872"},{"taxonomy":"post_tag","embeddable":true,"href":"https:\/\/www.ricom-web8.com\/gestions\/wp-json\/wp\/v2\/tags?post=42872"}],"curies":[{"name":"wp","href":"https:\/\/api.w.org\/{rel}","templated":true}]}}