

{"id":42876,"date":"2021-02-01T10:12:01","date_gmt":"2021-02-01T09:12:01","guid":{"rendered":"https:\/\/gestions-hospitalieres.fr\/?p=42876"},"modified":"2021-03-02T09:32:19","modified_gmt":"2021-03-02T08:32:19","slug":"lethique-au-fil-de-la-reliance","status":"publish","type":"post","link":"https:\/\/www.ricom-web8.com\/gestions\/lethique-au-fil-de-la-reliance\/","title":{"rendered":"L\u2019\u00e9thique au fil de la reliance"},"content":{"rendered":"<span class=\"span-reading-time rt-reading-time\" style=\"display: block;\"><span class=\"rt-label rt-prefix\">Temps de lecture\u00a0: <\/span> <span class=\"rt-time\"> 2<\/span> <span class=\"rt-label rt-postfix\">minutes<\/span><\/span><p>Un nouvel ouvrage sur l\u2019\u00e9thique\u2009? Certes, mais d\u2019une composition originale et d\u2019un int\u00e9r\u00eat tout particulier. Parmi les pionniers de la recherche sur la formation permanente et sa gestion dans les \u00e9tablissements hospitaliers et m\u00e9dico-sociaux, habitu\u00e9 des colonnes de <i>Gestions hospitali\u00e8res<\/i> dans les ann\u00e9es 1980-2000, Pierre\u00a0Peyr\u00e9 nous porte \u00e0 d\u00e9ambuler avec lui dans les m\u00e9andres du syst\u00e8me\u2009: les questionnements qu\u2019il pose, son couplage \u00e9tymologique en miroir avec la morale, son histoire et ses \u00e9volutions, sa pr\u00e9sence constante dans l\u2019existence de tous et de chacun, les mani\u00e8res de le traiter.<\/p>\n<p>L\u2019auteur nous invite ainsi \u00e0 cheminer pour saisir le sens et l\u2019int\u00e9r\u00eat de parler d\u2019\u00e9thique, tout en nous montrant comment il proc\u00e8de. Une posture \u00e9pist\u00e9mologique et m\u00e9thodologique qui vise \u00e0 la compr\u00e9hension et \u00e0 un usage pragmatique du \u00ab\u2009bien penser\u2009\u00bb.<\/p>\n<p>L\u2019\u00e9thique ne se trouve pas \u00ab\u2009dans la nature\u2009\u00bb (p.\u200924) mais bien \u00ab\u2009dans l\u2019esprit de l\u2019homme. C\u2019est un syst\u00e8me de pens\u00e9e et d\u2019action qui, en chacun d\u2019entre nous qui l\u2019activons et sommes activ\u00e9s par lui, ob\u00e9it aux lois de la syst\u00e9mique\u2009\u00bb (p. 24). C\u2019est dire sa r\u00e9alit\u00e9 comme \u00ab\u2009construit social\u2009\u00bb et sa pr\u00e9sence fondamentale pour les humains que nous sommes.<span class=\"Apple-converted-space\">\u00a0<\/span><\/p>\n<p>En proposant de traiter l\u2019\u00e9thique par la relation ins\u00e9cable du syst\u00e8me et de l\u2019outil, c\u2019est la priorit\u00e9 \u00e0 la complexit\u00e9 qui est donn\u00e9e\u2009: relier en permanence un Tout que l\u2019on voudrait morceler. \u00ab\u2009De l\u2019\u00e9thique-syst\u00e8me (les id\u00e9es, les valeurs, les th\u00e9ories, les principes, les savoirs \u00e0 transmettre, les conduites \u00e0 respecter, etc.) \u00e0 l\u2019\u00e9thique-outil (les comportements \u00e0 mettre en \u0153uvre), il n\u2019y a pas s\u00e9paration ou contradiction mais rapport dual et dialectique\u2009\u00bb (pp.\u2009117-118). Les mod\u00e9lisations propos\u00e9es sont autant de points d\u2019appui \u00e0 la r\u00e9flexion et au processus de compr\u00e9hension\u2009; les \u00ab\u2009mots cl\u00e9s comment\u00e9s\u2009\u00bb, de v\u00e9ritables chevilles qui viennent tenir l\u2019ensemble de l\u2019\u0153uvre et lui apporter une consistance \u00e9clairante.<\/p>\n<p>Face \u00e0 nos responsabilit\u00e9s, dans un pr\u00e9sent o\u00f9 se joue l\u2019avenir, \u00ab\u2009bien penser\u2009\u00bb comme le propose Pierre Peyr\u00e9 devient une n\u00e9cessit\u00e9 fondamentale. Les fonctions exerc\u00e9es, ses exp\u00e9riences, son niveau d\u2019expertise dans le domaine sanitaire et social am\u00e8nent l\u2019auteur \u00e0 proposer un guide r\u00e9flexif des plus pertinents. Une invite \u00e0 penser et \u00e0 repenser sans cesse la coexistence des lieux de soins et des espaces de vie.<span class=\"Apple-converted-space\">\u00a0 <\/span>Un v\u00e9ritable ouvrage de r\u00e9f\u00e9rence pour consid\u00e9rer l\u2019\u00e9thique sous un angle novateur et d\u2019une mani\u00e8re tout \u00e0 fait op\u00e9rationnelle.<\/p>\n<p><strong>Infos<\/strong> L\u2019Harmattan, 2020, 30\u00a0\u20ac &#8211; <a href=\"https:\/\/www.editions-harmattan.fr\/index.asp\" target=\"_blank\" rel=\"noopener noreferrer\">www.editions-harmattan.fr<\/a><\/p>\n<p><img decoding=\"async\" class=\"alignleft size-medium wp-image-42873\" src=\"https:\/\/gestions-hospitalieres.fr\/wp-content\/uploads\/2021\/03\/Ouvrage-Pierre-PEYR\u00c9-193x300.jpg\" alt=\"\" width=\"193\" height=\"300\" srcset=\"https:\/\/www.ricom-web8.com\/gestions\/wp-content\/uploads\/2021\/03\/Ouvrage-Pierre-PEYR\u00c9-193x300.jpg 193w, https:\/\/www.ricom-web8.com\/gestions\/wp-content\/uploads\/2021\/03\/Ouvrage-Pierre-PEYR\u00c9.jpg 321w\" sizes=\"(max-width: 193px) 100vw, 193px\" \/><\/p>\n<script>function PlayerjsAsync(){} if(window[\"Playerjs\"]){PlayerjsAsync();}<\/script>","protected":false},"excerpt":{"rendered":"<p><span class=\"span-reading-time rt-reading-time\" style=\"display: block;\"><span class=\"rt-label rt-prefix\">Temps de lecture\u00a0: <\/span> <span class=\"rt-time\"> 2<\/span> <span class=\"rt-label rt-postfix\">minutes<\/span><\/span>Un nouvel ouvrage sur l\u2019\u00e9thique\u2009? Certes, mais d\u2019une composition originale et d\u2019un int\u00e9r\u00eat tout particulier. Parmi les pionniers de la recherche sur la formation permanente et sa gestion dans les \u00e9tablissements hospitaliers et m\u00e9dico-sociaux, habitu\u00e9 des colonnes de Gestions hospitali\u00e8res dans les ann\u00e9es 1980-2000, Pierre\u00a0Peyr\u00e9 nous porte \u00e0 d\u00e9ambuler avec lui dans les m\u00e9andres du syst\u00e8me\u2009: les questionnements qu\u2019il pose, son couplage \u00e9tymologique en miroir avec la morale, son histoire&hellip; <\/p>\n","protected":false},"author":23133,"featured_media":0,"comment_status":"open","ping_status":"closed","sticky":false,"template":"","format":"standard","meta":{"_acf_changed":false,"_relevanssi_hide_post":"","_relevanssi_hide_content":"","_relevanssi_pin_for_all":"","_relevanssi_pin_keywords":"","_relevanssi_unpin_keywords":"","_relevanssi_related_keywords":"","_relevanssi_related_include_ids":"","_relevanssi_related_exclude_ids":"","_relevanssi_related_no_append":"","_relevanssi_related_not_related":"","_relevanssi_related_posts":"","_relevanssi_noindex_reason":"","footnotes":""},"categories":[2,2307],"tags":[],"class_list":["post-42876","post","type-post","status-publish","format-standard","hentry","category-gestions-hospitalieres","category-note-de-lecture"],"acf":[],"yoast_head":"<!-- This site is optimized with the Yoast SEO plugin v24.8.1 - https:\/\/yoast.com\/wordpress\/plugins\/seo\/ -->\n<title>L\u2019\u00e9thique au fil de la reliance - Gestions hospitali\u00e8res<\/title>\n<meta name=\"robots\" content=\"index, follow, max-snippet:-1, max-image-preview:large, max-video-preview:-1\" \/>\n<link rel=\"canonical\" href=\"https:\/\/www.ricom-web8.com\/gestions\/lethique-au-fil-de-la-reliance\/\" \/>\n<meta property=\"og:locale\" content=\"fr_FR\" \/>\n<meta property=\"og:type\" content=\"article\" \/>\n<meta property=\"og:title\" content=\"L\u2019\u00e9thique au fil de la reliance - Gestions hospitali\u00e8res\" \/>\n<meta property=\"og:description\" content=\"Temps de lecture\u00a0:  2 minutesUn nouvel ouvrage sur l\u2019\u00e9thique\u2009? Certes, mais d\u2019une composition originale et d\u2019un int\u00e9r\u00eat tout particulier. Parmi les pionniers de la recherche sur la formation permanente et sa gestion dans les \u00e9tablissements hospitaliers et m\u00e9dico-sociaux, habitu\u00e9 des colonnes de Gestions hospitali\u00e8res dans les ann\u00e9es 1980-2000, Pierre\u00a0Peyr\u00e9 nous porte \u00e0 d\u00e9ambuler avec lui dans les m\u00e9andres du syst\u00e8me\u2009: les questionnements qu\u2019il pose, son couplage \u00e9tymologique en miroir avec la morale, son histoire&hellip;\" \/>\n<meta property=\"og:url\" content=\"https:\/\/www.ricom-web8.com\/gestions\/lethique-au-fil-de-la-reliance\/\" \/>\n<meta property=\"og:site_name\" content=\"Gestions hospitali\u00e8res\" \/>\n<meta property=\"article:publisher\" content=\"https:\/\/www.facebook.com\/gestionshospitalieres\/\" \/>\n<meta property=\"article:published_time\" content=\"2021-02-01T09:12:01+00:00\" \/>\n<meta property=\"article:modified_time\" content=\"2021-03-02T08:32:19+00:00\" \/>\n<meta name=\"author\" content=\"Gestions hospitali\u00e8res\" \/>\n<meta name=\"twitter:card\" content=\"summary_large_image\" \/>\n<meta name=\"twitter:creator\" content=\"@revue_GH\" \/>\n<meta name=\"twitter:site\" content=\"@revue_GH\" \/>\n<meta name=\"twitter:label1\" content=\"\u00c9crit par\" \/>\n\t<meta name=\"twitter:data1\" content=\"Gestions hospitali\u00e8res\" \/>\n\t<meta name=\"twitter:label2\" content=\"Dur\u00e9e de lecture estim\u00e9e\" \/>\n\t<meta name=\"twitter:data2\" content=\"2 minutes\" \/>\n<script type=\"application\/ld+json\" class=\"yoast-schema-graph\">{\"@context\":\"https:\/\/schema.org\",\"@graph\":[{\"@type\":\"Article\",\"@id\":\"https:\/\/www.ricom-web8.com\/gestions\/lethique-au-fil-de-la-reliance\/#article\",\"isPartOf\":{\"@id\":\"https:\/\/www.ricom-web8.com\/gestions\/lethique-au-fil-de-la-reliance\/\"},\"author\":{\"name\":\"Gestions hospitali\u00e8res\",\"@id\":\"https:\/\/www.ricom-web8.com\/gestions\/#\/schema\/person\/3ba9fe913190dfe9507feb621e902c1f\"},\"headline\":\"L\u2019\u00e9thique au fil de la reliance\",\"datePublished\":\"2021-02-01T09:12:01+00:00\",\"dateModified\":\"2021-03-02T08:32:19+00:00\",\"mainEntityOfPage\":{\"@id\":\"https:\/\/www.ricom-web8.com\/gestions\/lethique-au-fil-de-la-reliance\/\"},\"wordCount\":460,\"commentCount\":0,\"publisher\":{\"@id\":\"https:\/\/www.ricom-web8.com\/gestions\/#organization\"},\"articleSection\":[\"Gestions Hospitali\u00e8res\",\"note de lecture\"],\"inLanguage\":\"fr-FR\",\"potentialAction\":[{\"@type\":\"CommentAction\",\"name\":\"Comment\",\"target\":[\"https:\/\/www.ricom-web8.com\/gestions\/lethique-au-fil-de-la-reliance\/#respond\"]}]},{\"@type\":\"WebPage\",\"@id\":\"https:\/\/www.ricom-web8.com\/gestions\/lethique-au-fil-de-la-reliance\/\",\"url\":\"https:\/\/www.ricom-web8.com\/gestions\/lethique-au-fil-de-la-reliance\/\",\"name\":\"L\u2019\u00e9thique au fil de la reliance - Gestions hospitali\u00e8res\",\"isPartOf\":{\"@id\":\"https:\/\/www.ricom-web8.com\/gestions\/#website\"},\"datePublished\":\"2021-02-01T09:12:01+00:00\",\"dateModified\":\"2021-03-02T08:32:19+00:00\",\"breadcrumb\":{\"@id\":\"https:\/\/www.ricom-web8.com\/gestions\/lethique-au-fil-de-la-reliance\/#breadcrumb\"},\"inLanguage\":\"fr-FR\",\"potentialAction\":[{\"@type\":\"ReadAction\",\"target\":[\"https:\/\/www.ricom-web8.com\/gestions\/lethique-au-fil-de-la-reliance\/\"]}]},{\"@type\":\"BreadcrumbList\",\"@id\":\"https:\/\/www.ricom-web8.com\/gestions\/lethique-au-fil-de-la-reliance\/#breadcrumb\",\"itemListElement\":[{\"@type\":\"ListItem\",\"position\":1,\"name\":\"Accueil\",\"item\":\"https:\/\/www.ricom-web8.com\/gestions\/\"},{\"@type\":\"ListItem\",\"position\":2,\"name\":\"L\u2019\u00e9thique au fil de la reliance\"}]},{\"@type\":\"WebSite\",\"@id\":\"https:\/\/www.ricom-web8.com\/gestions\/#website\",\"url\":\"https:\/\/www.ricom-web8.com\/gestions\/\",\"name\":\"Gestions hospitali\u00e8res\",\"description\":\"la revue des d\u00e9cideurs hospitaliers\",\"publisher\":{\"@id\":\"https:\/\/www.ricom-web8.com\/gestions\/#organization\"},\"potentialAction\":[{\"@type\":\"SearchAction\",\"target\":{\"@type\":\"EntryPoint\",\"urlTemplate\":\"https:\/\/www.ricom-web8.com\/gestions\/?s={search_term_string}\"},\"query-input\":{\"@type\":\"PropertyValueSpecification\",\"valueRequired\":true,\"valueName\":\"search_term_string\"}}],\"inLanguage\":\"fr-FR\"},{\"@type\":\"Organization\",\"@id\":\"https:\/\/www.ricom-web8.com\/gestions\/#organization\",\"name\":\"Gestions hospitali\u00e8res\",\"url\":\"https:\/\/www.ricom-web8.com\/gestions\/\",\"logo\":{\"@type\":\"ImageObject\",\"inLanguage\":\"fr-FR\",\"@id\":\"https:\/\/www.ricom-web8.com\/gestions\/#\/schema\/logo\/image\/\",\"url\":\"https:\/\/gestions-hospitalieres.fr\/wp-content\/uploads\/2017\/02\/picto_Gif-GH-trans.png\",\"contentUrl\":\"https:\/\/gestions-hospitalieres.fr\/wp-content\/uploads\/2017\/02\/picto_Gif-GH-trans.png\",\"width\":512,\"height\":512,\"caption\":\"Gestions hospitali\u00e8res\"},\"image\":{\"@id\":\"https:\/\/www.ricom-web8.com\/gestions\/#\/schema\/logo\/image\/\"},\"sameAs\":[\"https:\/\/www.facebook.com\/gestionshospitalieres\/\",\"https:\/\/x.com\/revue_GH\",\"https:\/\/www.linkedin.com\/company\/gestions-hospitalieres?trk=top_nav_home\"]},{\"@type\":\"Person\",\"@id\":\"https:\/\/www.ricom-web8.com\/gestions\/#\/schema\/person\/3ba9fe913190dfe9507feb621e902c1f\",\"name\":\"Gestions hospitali\u00e8res\",\"image\":{\"@type\":\"ImageObject\",\"inLanguage\":\"fr-FR\",\"@id\":\"https:\/\/www.ricom-web8.com\/gestions\/#\/schema\/person\/image\/\",\"url\":\"https:\/\/secure.gravatar.com\/avatar\/1a0d93e6db5dbe7dac96bae4757d256f?s=96&d=mm&r=g\",\"contentUrl\":\"https:\/\/secure.gravatar.com\/avatar\/1a0d93e6db5dbe7dac96bae4757d256f?s=96&d=mm&r=g\",\"caption\":\"Gestions hospitali\u00e8res\"},\"url\":\"https:\/\/www.ricom-web8.com\/gestions\/author\/benjamin\/\"}]}<\/script>\n<!-- \/ Yoast SEO plugin. -->","yoast_head_json":{"title":"L\u2019\u00e9thique au fil de la reliance - Gestions hospitali\u00e8res","robots":{"index":"index","follow":"follow","max-snippet":"max-snippet:-1","max-image-preview":"max-image-preview:large","max-video-preview":"max-video-preview:-1"},"canonical":"https:\/\/www.ricom-web8.com\/gestions\/lethique-au-fil-de-la-reliance\/","og_locale":"fr_FR","og_type":"article","og_title":"L\u2019\u00e9thique au fil de la reliance - Gestions hospitali\u00e8res","og_description":"Temps de lecture\u00a0:  2 minutesUn nouvel ouvrage sur l\u2019\u00e9thique\u2009? Certes, mais d\u2019une composition originale et d\u2019un int\u00e9r\u00eat tout particulier. Parmi les pionniers de la recherche sur la formation permanente et sa gestion dans les \u00e9tablissements hospitaliers et m\u00e9dico-sociaux, habitu\u00e9 des colonnes de Gestions hospitali\u00e8res dans les ann\u00e9es 1980-2000, Pierre\u00a0Peyr\u00e9 nous porte \u00e0 d\u00e9ambuler avec lui dans les m\u00e9andres du syst\u00e8me\u2009: les questionnements qu\u2019il pose, son couplage \u00e9tymologique en miroir avec la morale, son histoire&hellip;","og_url":"https:\/\/www.ricom-web8.com\/gestions\/lethique-au-fil-de-la-reliance\/","og_site_name":"Gestions hospitali\u00e8res","article_publisher":"https:\/\/www.facebook.com\/gestionshospitalieres\/","article_published_time":"2021-02-01T09:12:01+00:00","article_modified_time":"2021-03-02T08:32:19+00:00","author":"Gestions hospitali\u00e8res","twitter_card":"summary_large_image","twitter_creator":"@revue_GH","twitter_site":"@revue_GH","twitter_misc":{"\u00c9crit par":"Gestions hospitali\u00e8res","Dur\u00e9e de lecture estim\u00e9e":"2 minutes"},"schema":{"@context":"https:\/\/schema.org","@graph":[{"@type":"Article","@id":"https:\/\/www.ricom-web8.com\/gestions\/lethique-au-fil-de-la-reliance\/#article","isPartOf":{"@id":"https:\/\/www.ricom-web8.com\/gestions\/lethique-au-fil-de-la-reliance\/"},"author":{"name":"Gestions hospitali\u00e8res","@id":"https:\/\/www.ricom-web8.com\/gestions\/#\/schema\/person\/3ba9fe913190dfe9507feb621e902c1f"},"headline":"L\u2019\u00e9thique au fil de la reliance","datePublished":"2021-02-01T09:12:01+00:00","dateModified":"2021-03-02T08:32:19+00:00","mainEntityOfPage":{"@id":"https:\/\/www.ricom-web8.com\/gestions\/lethique-au-fil-de-la-reliance\/"},"wordCount":460,"commentCount":0,"publisher":{"@id":"https:\/\/www.ricom-web8.com\/gestions\/#organization"},"articleSection":["Gestions Hospitali\u00e8res","note de lecture"],"inLanguage":"fr-FR","potentialAction":[{"@type":"CommentAction","name":"Comment","target":["https:\/\/www.ricom-web8.com\/gestions\/lethique-au-fil-de-la-reliance\/#respond"]}]},{"@type":"WebPage","@id":"https:\/\/www.ricom-web8.com\/gestions\/lethique-au-fil-de-la-reliance\/","url":"https:\/\/www.ricom-web8.com\/gestions\/lethique-au-fil-de-la-reliance\/","name":"L\u2019\u00e9thique au fil de la reliance - Gestions hospitali\u00e8res","isPartOf":{"@id":"https:\/\/www.ricom-web8.com\/gestions\/#website"},"datePublished":"2021-02-01T09:12:01+00:00","dateModified":"2021-03-02T08:32:19+00:00","breadcrumb":{"@id":"https:\/\/www.ricom-web8.com\/gestions\/lethique-au-fil-de-la-reliance\/#breadcrumb"},"inLanguage":"fr-FR","potentialAction":[{"@type":"ReadAction","target":["https:\/\/www.ricom-web8.com\/gestions\/lethique-au-fil-de-la-reliance\/"]}]},{"@type":"BreadcrumbList","@id":"https:\/\/www.ricom-web8.com\/gestions\/lethique-au-fil-de-la-reliance\/#breadcrumb","itemListElement":[{"@type":"ListItem","position":1,"name":"Accueil","item":"https:\/\/www.ricom-web8.com\/gestions\/"},{"@type":"ListItem","position":2,"name":"L\u2019\u00e9thique au fil de la reliance"}]},{"@type":"WebSite","@id":"https:\/\/www.ricom-web8.com\/gestions\/#website","url":"https:\/\/www.ricom-web8.com\/gestions\/","name":"Gestions hospitali\u00e8res","description":"la revue des d\u00e9cideurs hospitaliers","publisher":{"@id":"https:\/\/www.ricom-web8.com\/gestions\/#organization"},"potentialAction":[{"@type":"SearchAction","target":{"@type":"EntryPoint","urlTemplate":"https:\/\/www.ricom-web8.com\/gestions\/?s={search_term_string}"},"query-input":{"@type":"PropertyValueSpecification","valueRequired":true,"valueName":"search_term_string"}}],"inLanguage":"fr-FR"},{"@type":"Organization","@id":"https:\/\/www.ricom-web8.com\/gestions\/#organization","name":"Gestions hospitali\u00e8res","url":"https:\/\/www.ricom-web8.com\/gestions\/","logo":{"@type":"ImageObject","inLanguage":"fr-FR","@id":"https:\/\/www.ricom-web8.com\/gestions\/#\/schema\/logo\/image\/","url":"https:\/\/gestions-hospitalieres.fr\/wp-content\/uploads\/2017\/02\/picto_Gif-GH-trans.png","contentUrl":"https:\/\/gestions-hospitalieres.fr\/wp-content\/uploads\/2017\/02\/picto_Gif-GH-trans.png","width":512,"height":512,"caption":"Gestions hospitali\u00e8res"},"image":{"@id":"https:\/\/www.ricom-web8.com\/gestions\/#\/schema\/logo\/image\/"},"sameAs":["https:\/\/www.facebook.com\/gestionshospitalieres\/","https:\/\/x.com\/revue_GH","https:\/\/www.linkedin.com\/company\/gestions-hospitalieres?trk=top_nav_home"]},{"@type":"Person","@id":"https:\/\/www.ricom-web8.com\/gestions\/#\/schema\/person\/3ba9fe913190dfe9507feb621e902c1f","name":"Gestions hospitali\u00e8res","image":{"@type":"ImageObject","inLanguage":"fr-FR","@id":"https:\/\/www.ricom-web8.com\/gestions\/#\/schema\/person\/image\/","url":"https:\/\/secure.gravatar.com\/avatar\/1a0d93e6db5dbe7dac96bae4757d256f?s=96&d=mm&r=g","contentUrl":"https:\/\/secure.gravatar.com\/avatar\/1a0d93e6db5dbe7dac96bae4757d256f?s=96&d=mm&r=g","caption":"Gestions hospitali\u00e8res"},"url":"https:\/\/www.ricom-web8.com\/gestions\/author\/benjamin\/"}]}},"_links":{"self":[{"href":"https:\/\/www.ricom-web8.com\/gestions\/wp-json\/wp\/v2\/posts\/42876","targetHints":{"allow":["GET"]}}],"collection":[{"href":"https:\/\/www.ricom-web8.com\/gestions\/wp-json\/wp\/v2\/posts"}],"about":[{"href":"https:\/\/www.ricom-web8.com\/gestions\/wp-json\/wp\/v2\/types\/post"}],"author":[{"embeddable":true,"href":"https:\/\/www.ricom-web8.com\/gestions\/wp-json\/wp\/v2\/users\/23133"}],"replies":[{"embeddable":true,"href":"https:\/\/www.ricom-web8.com\/gestions\/wp-json\/wp\/v2\/comments?post=42876"}],"version-history":[{"count":0,"href":"https:\/\/www.ricom-web8.com\/gestions\/wp-json\/wp\/v2\/posts\/42876\/revisions"}],"wp:attachment":[{"href":"https:\/\/www.ricom-web8.com\/gestions\/wp-json\/wp\/v2\/media?parent=42876"}],"wp:term":[{"taxonomy":"category","embeddable":true,"href":"https:\/\/www.ricom-web8.com\/gestions\/wp-json\/wp\/v2\/categories?post=42876"},{"taxonomy":"post_tag","embeddable":true,"href":"https:\/\/www.ricom-web8.com\/gestions\/wp-json\/wp\/v2\/tags?post=42876"}],"curies":[{"name":"wp","href":"https:\/\/api.w.org\/{rel}","templated":true}]}}