

{"id":42985,"date":"2021-02-01T15:53:05","date_gmt":"2021-02-01T14:53:05","guid":{"rendered":"https:\/\/gestions-hospitalieres.fr\/?p=42985"},"modified":"2021-03-02T09:31:44","modified_gmt":"2021-03-02T08:31:44","slug":"parcours-de-soins","status":"publish","type":"post","link":"https:\/\/www.ricom-web8.com\/gestions\/parcours-de-soins\/","title":{"rendered":"Parcours de soins"},"content":{"rendered":"<span class=\"span-reading-time rt-reading-time\" style=\"display: block;\"><span class=\"rt-label rt-prefix\">Temps de lecture\u00a0: <\/span> <span class=\"rt-time\"> 3<\/span> <span class=\"rt-label rt-postfix\">minutes<\/span><\/span><p>Avec la proc\u00e9dure V2014 de certification des \u00e9tablissements de sant\u00e9, nombreuses sont les publications qui pr\u00e9sentent des mod\u00e8les d\u2019analyse du parcours patient. Dans le cadre des d\u00e9marches qualit\u00e9 institutionnelles, l\u2019int\u00e9r\u00eat pour le parcours patient s\u2019est d\u00e9velopp\u00e9. Dans ce contexte, il a \u00e9t\u00e9 d\u00e9cid\u00e9 au CH de Valenciennes de constituer une commission Parcours patient, sous-commission de la commission m\u00e9dicale d\u2019\u00e9tablissement (CME). Son dynamisme est assur\u00e9 par une grande vari\u00e9t\u00e9 de professionnels dans sa composition\u2009: cadres, IDE, AS, m\u00e9decins, directeur des soins, directeur qualit\u00e9-gestion des risques, manipulateur d\u2019\u00e9lectroradiologie m\u00e9dicale, di\u00e9t\u00e9ticiennes\u2026 Les repr\u00e9sentants des usagers ont rejoint la commission dans un second temps.<\/p>\n<p>Les parcours \u00e0 travailler ont \u00e9t\u00e9 identifi\u00e9s par les membres de la commission au regard des difficult\u00e9s de terrain quant aux prises en charge de patients. Un des sujets choisis a \u00e9t\u00e9 le parcours du patient hospitalis\u00e9 en attente d\u2019examen compl\u00e9mentaire.<\/p>\n<p>Notre groupe s\u2019est propos\u00e9 d\u2019analyser l\u2019ad\u00e9quation entre l\u2019offre des prestataires et la demande d\u2019examen. Afin d\u2019\u00eatre pr\u00e9cis dans l\u2019\u00e9tude, nous avons d\u00e9fini le champ d\u2019application\u2009: choix du patient adulte en hospitalisation conventionnelle, identification des examens concern\u00e9s\u2009(imagerie, biologie, plateaux techniques [cardiologie, endoscopie]). Le processus a \u00e9t\u00e9 analys\u00e9 de la demande d\u2019examen \u00e0 la restitution du r\u00e9sultat. Hors champ\u2009: la r\u00e9alisation de l\u2019examen.<\/p>\n<p>Avec l\u2019aide des grilles construites d\u2019apr\u00e8s le mod\u00e8le patient-traceur, les bin\u00f4mes du groupe ont r\u00e9alis\u00e9 des entretiens. En pratique, chaque bin\u00f4me s\u2019est d\u00e9plac\u00e9 sur les plateaux techniques et a rencontr\u00e9 les professionnels du terrain\u2009: encadrement, IDE, techniciens, secr\u00e9taires et m\u00e9decins. Points forts et points faibles ont \u00e9t\u00e9 relev\u00e9s. Pour chaque plateau technique audit\u00e9, une cartographie du processus de prise en charge a \u00e9t\u00e9 r\u00e9alis\u00e9e. Les points faibles relev\u00e9s par les professionnels ont \u00e9t\u00e9 identifi\u00e9s comme des risques potentiels et plac\u00e9s aux diff\u00e9rentes \u00e9tapes du processus c\u0153ur du m\u00e9tier.<\/p>\n<p>L\u2019\u00e9tape suivante a \u00e9t\u00e9 centr\u00e9e sur les services demandeurs. M\u00eame m\u00e9thode\u2009: les risques potentiels identifi\u00e9s par les professionnels rencontr\u00e9s (m\u00e9decin, IDE, aide-soignante, secr\u00e9taire) ont permis de compl\u00e9ter la cartographie du processus de prise en charge pour chaque demande d\u2019examen compl\u00e9mentaire.<\/p>\n<p>Mais cette analyse ne prend pas encore en compte le \u00ab\u2009regard\u2009\u00bb du patient. L\u2019audit interne repr\u00e9sente juste une partie d\u2019une boucle qualit\u00e9. Le patient, en situation de client, est \u00e9valu\u00e9 par des outils et m\u00e9thodes de mesure de satisfaction. L\u2019\u00e9valuation de la satisfaction \u00e9tant elle-m\u00eame juste une \u00e9tape de cette boucle qualit\u00e9.<span class=\"Apple-converted-space\">\u00a0<\/span><\/p>\n<p>La Haute Autorit\u00e9 de sant\u00e9 (HAS) a lanc\u00e9 en 2015 une d\u00e9marche de parcours centr\u00e9 sur le patient. Elle s\u2019appuie sur une relation de partenariat et consid\u00e8re qu\u2019il existe une compl\u00e9mentarit\u00e9 entre l\u2019expertise des professionnels et l\u2019exp\u00e9rience du patient. Elle se fonde sur une personnalisation des soins, sur le d\u00e9veloppement et le renforcement des comp\u00e9tences du patient \u00e0 partager des d\u00e9cisions avec les soignants et \u00e0 s\u2019engager dans ses soins, sur une continuit\u00e9 des soins dans le temps.<\/p>\n<p>Notre objectif est de d\u00e9velopper des outils pour les soignants qui permettent d\u2019\u00e9changer avec les patients afin d\u2019am\u00e9liorer leur adh\u00e9sion. Il s\u2019agira ainsi de pr\u00e9ciser \u00e0 quel moment et par quelle m\u00e9thode on peut communiquer de mani\u00e8re pertinente des informations aux patients.<\/p>\n<p>Les bin\u00f4mes du groupe ont discut\u00e9 avec les patients \u00e0 leur chevet, selon une m\u00e9thode audit patient-traceur simplifi\u00e9e. Mais les informations obtenues nous ont paru insuffisantes. Sur la base de la cartographie r\u00e9alis\u00e9e pour les professionnels, nous avons donc propos\u00e9 un formulaire \u00e0 destination des patients, comprenant un ensemble de questions relatives aux informations re\u00e7ues aux diff\u00e9rentes \u00e9tapes de prise en charge (<i>tableau ci-dessous<\/i>). De nombreux patients ont adh\u00e9r\u00e9 \u00e0 cette initiative et le retour des questionnaires a \u00e9t\u00e9 repr\u00e9sentatif.<\/p>\n<p>Cette d\u00e9marche nous a permis d\u2019identifier le processus patient et d\u2019objectiver son niveau d\u2019information. Mais l\u2019objectif de cette analyse n\u2019est pas juste d\u2019identifier (d\u00e9couvrir) le risque, mais de construire une d\u00e9marche par laquelle les professionnels peuvent majorer leur ma\u00eetrise des risques en int\u00e9grant le patient au centre de la prise en charge.<span class=\"Apple-converted-space\">\u00a0<\/span><\/p>\n<p>Le retour des r\u00e9sultats aux professionnels a \u00e9t\u00e9 une \u00e9tape cl\u00e9, avec la pr\u00e9sentation des risques potentiels propres \u00e0 chaque plateau technique. Selon les \u00e9tapes identifi\u00e9es dans la cartographie du processus c\u0153ur du m\u00e9tier, nous avons r\u00e9ussi \u00e0 r\u00e9unir le regard du service demandeur et celui du service prestataire. Une attention particuli\u00e8re a \u00e9t\u00e9 accord\u00e9e au patient. Nous souhaitons d\u00e9velopper des outils de communication envers ce dernier \u00e0 chaque \u00e9tape de son parcours\u2009: information sur l\u2019examen, recueil de son consentement\u2026 et ainsi construire un partenariat entre l\u2019\u00e9quipe soignante et l\u2019exp\u00e9rience patient. L\u2019\u00e9volution, ou plut\u00f4t la r\u00e9volution num\u00e9rique, devrait \u00eatre un v\u00e9ritable levier en ce sens.<\/p>\n<p>L\u2019enjeu de cette d\u00e9marche est, pour l\u2019\u00e9tablissement, d\u2019initier la notion de patient-traceur inscrite dans les pr\u00e9rogatives de la version v2020 de la certification HAS, qui accorde une place importante au patient, acteur engag\u00e9 dans sa prise en charge. Pour le patient, ce gain en exp\u00e9rience sera un gage de confiance envers son h\u00f4pital.<\/p>\n<button data-toggle=\"collapse\" data-target=\"#enc_2021_106_01\">tableau<\/button><div id=\"enc_2021_106_01\" class=\"encadre collapse\"><p><span class=\"surtitre_enc\">tableau<\/span><\/p>\n<h2>Questionnaire patient<\/h2>\n<p><img decoding=\"async\" class=\"alignnone size-full wp-image-42993\" src=\"https:\/\/gestions-hospitalieres.fr\/wp-content\/uploads\/2021\/03\/Capture-d\u2019\u00e9cran-2021-03-01-\u00e0-16.06.14.png\" alt=\"\" width=\"2210\" height=\"1292\" srcset=\"https:\/\/www.ricom-web8.com\/gestions\/wp-content\/uploads\/2021\/03\/Capture-d\u2019\u00e9cran-2021-03-01-\u00e0-16.06.14.png 2210w, https:\/\/www.ricom-web8.com\/gestions\/wp-content\/uploads\/2021\/03\/Capture-d\u2019\u00e9cran-2021-03-01-\u00e0-16.06.14-300x175.png 300w, https:\/\/www.ricom-web8.com\/gestions\/wp-content\/uploads\/2021\/03\/Capture-d\u2019\u00e9cran-2021-03-01-\u00e0-16.06.14-1024x599.png 1024w, https:\/\/www.ricom-web8.com\/gestions\/wp-content\/uploads\/2021\/03\/Capture-d\u2019\u00e9cran-2021-03-01-\u00e0-16.06.14-768x449.png 768w, https:\/\/www.ricom-web8.com\/gestions\/wp-content\/uploads\/2021\/03\/Capture-d\u2019\u00e9cran-2021-03-01-\u00e0-16.06.14-1536x898.png 1536w, https:\/\/www.ricom-web8.com\/gestions\/wp-content\/uploads\/2021\/03\/Capture-d\u2019\u00e9cran-2021-03-01-\u00e0-16.06.14-2048x1197.png 2048w\" sizes=\"(max-width: 2210px) 100vw, 2210px\" \/><\/p>\n<\/div>\n<script>function PlayerjsAsync(){} if(window[\"Playerjs\"]){PlayerjsAsync();}<\/script>","protected":false},"excerpt":{"rendered":"<p>Avec la proc\u00e9dure V2014 de certification des \u00e9tablissements de sant\u00e9, nombreuses sont les publications qui pr\u00e9sentent des mod\u00e8les d\u2019analyse du parcours patient. Dans le cadre des d\u00e9marches qualit\u00e9 institutionnelles, l\u2019int\u00e9r\u00eat pour le parcours patient s\u2019est d\u00e9velopp\u00e9. Dans ce contexte, il a \u00e9t\u00e9 d\u00e9cid\u00e9 au CH de Valenciennes de constituer une commission Parcours patient, sous-commission de la commission m\u00e9dicale d\u2019\u00e9tablissement (CME). Son dynamisme est assur\u00e9 par une grande vari\u00e9t\u00e9 de professionnels&hellip; <\/p>\n","protected":false},"author":23133,"featured_media":0,"comment_status":"open","ping_status":"closed","sticky":false,"template":"","format":"standard","meta":{"_acf_changed":false,"_relevanssi_hide_post":"","_relevanssi_hide_content":"","_relevanssi_pin_for_all":"","_relevanssi_pin_keywords":"","_relevanssi_unpin_keywords":"","_relevanssi_related_keywords":"","_relevanssi_related_include_ids":"","_relevanssi_related_exclude_ids":"","_relevanssi_related_no_append":"","_relevanssi_related_not_related":"","_relevanssi_related_posts":"","_relevanssi_noindex_reason":"","footnotes":""},"categories":[26,2],"tags":[638,248,1598,4916,325,236],"class_list":["post-42985","post","type-post","status-publish","format-standard","hentry","category-dossier","category-gestions-hospitalieres","tag-cartographie","tag-certification","tag-parcours-patient","tag-patient-traceur","tag-processus","tag-qualite"],"acf":[],"yoast_head":"<!-- This site is optimized with the Yoast SEO plugin v24.8.1 - https:\/\/yoast.com\/wordpress\/plugins\/seo\/ -->\n<title>Parcours de soins - Gestions hospitali\u00e8res<\/title>\n<meta name=\"robots\" content=\"index, follow, max-snippet:-1, max-image-preview:large, max-video-preview:-1\" \/>\n<link rel=\"canonical\" href=\"https:\/\/www.ricom-web8.com\/gestions\/parcours-de-soins\/\" \/>\n<meta property=\"og:locale\" content=\"fr_FR\" \/>\n<meta property=\"og:type\" content=\"article\" \/>\n<meta property=\"og:title\" content=\"Parcours de soins - Gestions hospitali\u00e8res\" \/>\n<meta property=\"og:description\" content=\"Avec la proc\u00e9dure V2014 de certification des \u00e9tablissements de sant\u00e9, nombreuses sont les publications qui pr\u00e9sentent des mod\u00e8les d\u2019analyse du parcours patient. Dans le cadre des d\u00e9marches qualit\u00e9 institutionnelles, l\u2019int\u00e9r\u00eat pour le parcours patient s\u2019est d\u00e9velopp\u00e9. Dans ce contexte, il a \u00e9t\u00e9 d\u00e9cid\u00e9 au CH de Valenciennes de constituer une commission Parcours patient, sous-commission de la commission m\u00e9dicale d\u2019\u00e9tablissement (CME). Son dynamisme est assur\u00e9 par une grande vari\u00e9t\u00e9 de professionnels&hellip;\" \/>\n<meta property=\"og:url\" content=\"https:\/\/www.ricom-web8.com\/gestions\/parcours-de-soins\/\" \/>\n<meta property=\"og:site_name\" content=\"Gestions hospitali\u00e8res\" \/>\n<meta property=\"article:publisher\" content=\"https:\/\/www.facebook.com\/gestionshospitalieres\/\" \/>\n<meta property=\"article:published_time\" content=\"2021-02-01T14:53:05+00:00\" \/>\n<meta property=\"article:modified_time\" content=\"2021-03-02T08:31:44+00:00\" \/>\n<meta name=\"author\" content=\"Gestions hospitali\u00e8res\" \/>\n<meta name=\"twitter:card\" content=\"summary_large_image\" \/>\n<meta name=\"twitter:creator\" content=\"@revue_GH\" \/>\n<meta name=\"twitter:site\" content=\"@revue_GH\" \/>\n<meta name=\"twitter:label1\" content=\"\u00c9crit par\" \/>\n\t<meta name=\"twitter:data1\" content=\"Gestions hospitali\u00e8res\" \/>\n\t<meta name=\"twitter:label2\" content=\"Dur\u00e9e de lecture estim\u00e9e\" \/>\n\t<meta name=\"twitter:data2\" content=\"5 minutes\" \/>\n<script type=\"application\/ld+json\" class=\"yoast-schema-graph\">{\"@context\":\"https:\/\/schema.org\",\"@graph\":[{\"@type\":\"Article\",\"@id\":\"https:\/\/www.ricom-web8.com\/gestions\/parcours-de-soins\/#article\",\"isPartOf\":{\"@id\":\"https:\/\/www.ricom-web8.com\/gestions\/parcours-de-soins\/\"},\"author\":{\"name\":\"Gestions hospitali\u00e8res\",\"@id\":\"https:\/\/www.ricom-web8.com\/gestions\/#\/schema\/person\/3ba9fe913190dfe9507feb621e902c1f\"},\"headline\":\"Parcours de soins\",\"datePublished\":\"2021-02-01T14:53:05+00:00\",\"dateModified\":\"2021-03-02T08:31:44+00:00\",\"mainEntityOfPage\":{\"@id\":\"https:\/\/www.ricom-web8.com\/gestions\/parcours-de-soins\/\"},\"wordCount\":933,\"commentCount\":0,\"publisher\":{\"@id\":\"https:\/\/www.ricom-web8.com\/gestions\/#organization\"},\"keywords\":[\"cartographie\",\"certification\",\"parcours patient\",\"patient traceur\",\"processus\",\"qualit\u00e9\"],\"articleSection\":[\"dossier\",\"Gestions Hospitali\u00e8res\"],\"inLanguage\":\"fr-FR\",\"potentialAction\":[{\"@type\":\"CommentAction\",\"name\":\"Comment\",\"target\":[\"https:\/\/www.ricom-web8.com\/gestions\/parcours-de-soins\/#respond\"]}]},{\"@type\":\"WebPage\",\"@id\":\"https:\/\/www.ricom-web8.com\/gestions\/parcours-de-soins\/\",\"url\":\"https:\/\/www.ricom-web8.com\/gestions\/parcours-de-soins\/\",\"name\":\"Parcours de soins - Gestions hospitali\u00e8res\",\"isPartOf\":{\"@id\":\"https:\/\/www.ricom-web8.com\/gestions\/#website\"},\"datePublished\":\"2021-02-01T14:53:05+00:00\",\"dateModified\":\"2021-03-02T08:31:44+00:00\",\"breadcrumb\":{\"@id\":\"https:\/\/www.ricom-web8.com\/gestions\/parcours-de-soins\/#breadcrumb\"},\"inLanguage\":\"fr-FR\",\"potentialAction\":[{\"@type\":\"ReadAction\",\"target\":[\"https:\/\/www.ricom-web8.com\/gestions\/parcours-de-soins\/\"]}]},{\"@type\":\"BreadcrumbList\",\"@id\":\"https:\/\/www.ricom-web8.com\/gestions\/parcours-de-soins\/#breadcrumb\",\"itemListElement\":[{\"@type\":\"ListItem\",\"position\":1,\"name\":\"Accueil\",\"item\":\"https:\/\/www.ricom-web8.com\/gestions\/\"},{\"@type\":\"ListItem\",\"position\":2,\"name\":\"Parcours de soins\"}]},{\"@type\":\"WebSite\",\"@id\":\"https:\/\/www.ricom-web8.com\/gestions\/#website\",\"url\":\"https:\/\/www.ricom-web8.com\/gestions\/\",\"name\":\"Gestions hospitali\u00e8res\",\"description\":\"la revue des d\u00e9cideurs hospitaliers\",\"publisher\":{\"@id\":\"https:\/\/www.ricom-web8.com\/gestions\/#organization\"},\"potentialAction\":[{\"@type\":\"SearchAction\",\"target\":{\"@type\":\"EntryPoint\",\"urlTemplate\":\"https:\/\/www.ricom-web8.com\/gestions\/?s={search_term_string}\"},\"query-input\":{\"@type\":\"PropertyValueSpecification\",\"valueRequired\":true,\"valueName\":\"search_term_string\"}}],\"inLanguage\":\"fr-FR\"},{\"@type\":\"Organization\",\"@id\":\"https:\/\/www.ricom-web8.com\/gestions\/#organization\",\"name\":\"Gestions hospitali\u00e8res\",\"url\":\"https:\/\/www.ricom-web8.com\/gestions\/\",\"logo\":{\"@type\":\"ImageObject\",\"inLanguage\":\"fr-FR\",\"@id\":\"https:\/\/www.ricom-web8.com\/gestions\/#\/schema\/logo\/image\/\",\"url\":\"https:\/\/gestions-hospitalieres.fr\/wp-content\/uploads\/2017\/02\/picto_Gif-GH-trans.png\",\"contentUrl\":\"https:\/\/gestions-hospitalieres.fr\/wp-content\/uploads\/2017\/02\/picto_Gif-GH-trans.png\",\"width\":512,\"height\":512,\"caption\":\"Gestions hospitali\u00e8res\"},\"image\":{\"@id\":\"https:\/\/www.ricom-web8.com\/gestions\/#\/schema\/logo\/image\/\"},\"sameAs\":[\"https:\/\/www.facebook.com\/gestionshospitalieres\/\",\"https:\/\/x.com\/revue_GH\",\"https:\/\/www.linkedin.com\/company\/gestions-hospitalieres?trk=top_nav_home\"]},{\"@type\":\"Person\",\"@id\":\"https:\/\/www.ricom-web8.com\/gestions\/#\/schema\/person\/3ba9fe913190dfe9507feb621e902c1f\",\"name\":\"Gestions hospitali\u00e8res\",\"image\":{\"@type\":\"ImageObject\",\"inLanguage\":\"fr-FR\",\"@id\":\"https:\/\/www.ricom-web8.com\/gestions\/#\/schema\/person\/image\/\",\"url\":\"https:\/\/secure.gravatar.com\/avatar\/1a0d93e6db5dbe7dac96bae4757d256f?s=96&d=mm&r=g\",\"contentUrl\":\"https:\/\/secure.gravatar.com\/avatar\/1a0d93e6db5dbe7dac96bae4757d256f?s=96&d=mm&r=g\",\"caption\":\"Gestions hospitali\u00e8res\"},\"url\":\"https:\/\/www.ricom-web8.com\/gestions\/author\/benjamin\/\"}]}<\/script>\n<!-- \/ Yoast SEO plugin. -->","yoast_head_json":{"title":"Parcours de soins - Gestions hospitali\u00e8res","robots":{"index":"index","follow":"follow","max-snippet":"max-snippet:-1","max-image-preview":"max-image-preview:large","max-video-preview":"max-video-preview:-1"},"canonical":"https:\/\/www.ricom-web8.com\/gestions\/parcours-de-soins\/","og_locale":"fr_FR","og_type":"article","og_title":"Parcours de soins - Gestions hospitali\u00e8res","og_description":"Avec la proc\u00e9dure V2014 de certification des \u00e9tablissements de sant\u00e9, nombreuses sont les publications qui pr\u00e9sentent des mod\u00e8les d\u2019analyse du parcours patient. Dans le cadre des d\u00e9marches qualit\u00e9 institutionnelles, l\u2019int\u00e9r\u00eat pour le parcours patient s\u2019est d\u00e9velopp\u00e9. Dans ce contexte, il a \u00e9t\u00e9 d\u00e9cid\u00e9 au CH de Valenciennes de constituer une commission Parcours patient, sous-commission de la commission m\u00e9dicale d\u2019\u00e9tablissement (CME). Son dynamisme est assur\u00e9 par une grande vari\u00e9t\u00e9 de professionnels&hellip;","og_url":"https:\/\/www.ricom-web8.com\/gestions\/parcours-de-soins\/","og_site_name":"Gestions hospitali\u00e8res","article_publisher":"https:\/\/www.facebook.com\/gestionshospitalieres\/","article_published_time":"2021-02-01T14:53:05+00:00","article_modified_time":"2021-03-02T08:31:44+00:00","author":"Gestions hospitali\u00e8res","twitter_card":"summary_large_image","twitter_creator":"@revue_GH","twitter_site":"@revue_GH","twitter_misc":{"\u00c9crit par":"Gestions hospitali\u00e8res","Dur\u00e9e de lecture estim\u00e9e":"5 minutes"},"schema":{"@context":"https:\/\/schema.org","@graph":[{"@type":"Article","@id":"https:\/\/www.ricom-web8.com\/gestions\/parcours-de-soins\/#article","isPartOf":{"@id":"https:\/\/www.ricom-web8.com\/gestions\/parcours-de-soins\/"},"author":{"name":"Gestions hospitali\u00e8res","@id":"https:\/\/www.ricom-web8.com\/gestions\/#\/schema\/person\/3ba9fe913190dfe9507feb621e902c1f"},"headline":"Parcours de soins","datePublished":"2021-02-01T14:53:05+00:00","dateModified":"2021-03-02T08:31:44+00:00","mainEntityOfPage":{"@id":"https:\/\/www.ricom-web8.com\/gestions\/parcours-de-soins\/"},"wordCount":933,"commentCount":0,"publisher":{"@id":"https:\/\/www.ricom-web8.com\/gestions\/#organization"},"keywords":["cartographie","certification","parcours patient","patient traceur","processus","qualit\u00e9"],"articleSection":["dossier","Gestions Hospitali\u00e8res"],"inLanguage":"fr-FR","potentialAction":[{"@type":"CommentAction","name":"Comment","target":["https:\/\/www.ricom-web8.com\/gestions\/parcours-de-soins\/#respond"]}]},{"@type":"WebPage","@id":"https:\/\/www.ricom-web8.com\/gestions\/parcours-de-soins\/","url":"https:\/\/www.ricom-web8.com\/gestions\/parcours-de-soins\/","name":"Parcours de soins - Gestions hospitali\u00e8res","isPartOf":{"@id":"https:\/\/www.ricom-web8.com\/gestions\/#website"},"datePublished":"2021-02-01T14:53:05+00:00","dateModified":"2021-03-02T08:31:44+00:00","breadcrumb":{"@id":"https:\/\/www.ricom-web8.com\/gestions\/parcours-de-soins\/#breadcrumb"},"inLanguage":"fr-FR","potentialAction":[{"@type":"ReadAction","target":["https:\/\/www.ricom-web8.com\/gestions\/parcours-de-soins\/"]}]},{"@type":"BreadcrumbList","@id":"https:\/\/www.ricom-web8.com\/gestions\/parcours-de-soins\/#breadcrumb","itemListElement":[{"@type":"ListItem","position":1,"name":"Accueil","item":"https:\/\/www.ricom-web8.com\/gestions\/"},{"@type":"ListItem","position":2,"name":"Parcours de soins"}]},{"@type":"WebSite","@id":"https:\/\/www.ricom-web8.com\/gestions\/#website","url":"https:\/\/www.ricom-web8.com\/gestions\/","name":"Gestions hospitali\u00e8res","description":"la revue des d\u00e9cideurs hospitaliers","publisher":{"@id":"https:\/\/www.ricom-web8.com\/gestions\/#organization"},"potentialAction":[{"@type":"SearchAction","target":{"@type":"EntryPoint","urlTemplate":"https:\/\/www.ricom-web8.com\/gestions\/?s={search_term_string}"},"query-input":{"@type":"PropertyValueSpecification","valueRequired":true,"valueName":"search_term_string"}}],"inLanguage":"fr-FR"},{"@type":"Organization","@id":"https:\/\/www.ricom-web8.com\/gestions\/#organization","name":"Gestions hospitali\u00e8res","url":"https:\/\/www.ricom-web8.com\/gestions\/","logo":{"@type":"ImageObject","inLanguage":"fr-FR","@id":"https:\/\/www.ricom-web8.com\/gestions\/#\/schema\/logo\/image\/","url":"https:\/\/gestions-hospitalieres.fr\/wp-content\/uploads\/2017\/02\/picto_Gif-GH-trans.png","contentUrl":"https:\/\/gestions-hospitalieres.fr\/wp-content\/uploads\/2017\/02\/picto_Gif-GH-trans.png","width":512,"height":512,"caption":"Gestions hospitali\u00e8res"},"image":{"@id":"https:\/\/www.ricom-web8.com\/gestions\/#\/schema\/logo\/image\/"},"sameAs":["https:\/\/www.facebook.com\/gestionshospitalieres\/","https:\/\/x.com\/revue_GH","https:\/\/www.linkedin.com\/company\/gestions-hospitalieres?trk=top_nav_home"]},{"@type":"Person","@id":"https:\/\/www.ricom-web8.com\/gestions\/#\/schema\/person\/3ba9fe913190dfe9507feb621e902c1f","name":"Gestions hospitali\u00e8res","image":{"@type":"ImageObject","inLanguage":"fr-FR","@id":"https:\/\/www.ricom-web8.com\/gestions\/#\/schema\/person\/image\/","url":"https:\/\/secure.gravatar.com\/avatar\/1a0d93e6db5dbe7dac96bae4757d256f?s=96&d=mm&r=g","contentUrl":"https:\/\/secure.gravatar.com\/avatar\/1a0d93e6db5dbe7dac96bae4757d256f?s=96&d=mm&r=g","caption":"Gestions hospitali\u00e8res"},"url":"https:\/\/www.ricom-web8.com\/gestions\/author\/benjamin\/"}]}},"_links":{"self":[{"href":"https:\/\/www.ricom-web8.com\/gestions\/wp-json\/wp\/v2\/posts\/42985","targetHints":{"allow":["GET"]}}],"collection":[{"href":"https:\/\/www.ricom-web8.com\/gestions\/wp-json\/wp\/v2\/posts"}],"about":[{"href":"https:\/\/www.ricom-web8.com\/gestions\/wp-json\/wp\/v2\/types\/post"}],"author":[{"embeddable":true,"href":"https:\/\/www.ricom-web8.com\/gestions\/wp-json\/wp\/v2\/users\/23133"}],"replies":[{"embeddable":true,"href":"https:\/\/www.ricom-web8.com\/gestions\/wp-json\/wp\/v2\/comments?post=42985"}],"version-history":[{"count":0,"href":"https:\/\/www.ricom-web8.com\/gestions\/wp-json\/wp\/v2\/posts\/42985\/revisions"}],"wp:attachment":[{"href":"https:\/\/www.ricom-web8.com\/gestions\/wp-json\/wp\/v2\/media?parent=42985"}],"wp:term":[{"taxonomy":"category","embeddable":true,"href":"https:\/\/www.ricom-web8.com\/gestions\/wp-json\/wp\/v2\/categories?post=42985"},{"taxonomy":"post_tag","embeddable":true,"href":"https:\/\/www.ricom-web8.com\/gestions\/wp-json\/wp\/v2\/tags?post=42985"}],"curies":[{"name":"wp","href":"https:\/\/api.w.org\/{rel}","templated":true}]}}