

{"id":43078,"date":"2021-03-01T16:10:22","date_gmt":"2021-03-01T15:10:22","guid":{"rendered":"https:\/\/gestions-hospitalieres.fr\/?p=43078"},"modified":"2021-03-30T11:32:42","modified_gmt":"2021-03-30T09:32:42","slug":"enfants-et-adolescents-a-hpi-en-situation-de-crise","status":"publish","type":"post","link":"https:\/\/www.ricom-web8.com\/gestions\/enfants-et-adolescents-a-hpi-en-situation-de-crise\/","title":{"rendered":"Enfants et adolescents \u00e0 HPI en situation de crise"},"content":{"rendered":"<span class=\"span-reading-time rt-reading-time\" style=\"display: block;\"><span class=\"rt-label rt-prefix\">Temps de lecture\u00a0: <\/span> <span class=\"rt-time\"> 8<\/span> <span class=\"rt-label rt-postfix\">minutes<\/span><\/span><p>On d\u00e9finit habituellement un syst\u00e8me par \u00ab\u2009un ensemble d\u2019\u00e9l\u00e9ments en interaction, organis\u00e9, en fonction de l\u2019environnement, de ses finalit\u00e9s et \u00e9voluant dans le temps<sup class=\"appel\" data-toggle=\"modal\" data-target=\"#notes\">(1)<\/sup>\u2009\u00bb. D\u2019un point de vue syst\u00e9mique, toute famille peut \u00eatre consid\u00e9r\u00e9e comme un syst\u00e8me \u00ab\u00e0 multiples attachements<sup class=\"appel\" data-toggle=\"modal\" data-target=\"#notes\">(2)<\/sup>\u2009\u00bb, avec des ressources et des comp\u00e9tences \u00ab\u2009suffisantes pour affronter ses propres probl\u00e8mes \u00e0 condition de disposer de l\u2019information suffisante<sup class=\"appel\" data-toggle=\"modal\" data-target=\"#notes\">(3)<\/sup>\u2009\u00bb.<\/p>\n<p>Par \u00ab\u2009ressources\u2009\u00bb, on entend les moyens dont une personne ou un syst\u00e8me dispose pour r\u00e9soudre les difficult\u00e9s auxquelles elle\/il est confront\u00e9, par \u00ab\u2009comp\u00e9tences\u2009\u00bb les aptitudes \u00e0 utiliser ces ressources.<\/p>\n<p>Dans certaines situations, soit les familles ne savent pas ou plus utiliser leurs comp\u00e9tences, soit elles ne savent pas qu\u2019elles en ont, soit elles sont emp\u00each\u00e9es ou s\u2019emp\u00eachent de les utiliser<sup class=\"appel\" data-toggle=\"modal\" data-target=\"#notes\">(4)<\/sup>\u2009\u00bb<\/p>\n<p>Et lorsque les familles sont travers\u00e9es par des mouvements de doute, d\u2019incompr\u00e9hension, d\u2019angoisse et d\u2019ins\u00e9curit\u00e9, le risque est grand que puisse s\u2019imposer comme solution unique la mise en place d\u2019un cadre \u00e9ducatif trop rigide\u2009; un cadre \u00e9ducatif susceptible de faire obstacle \u00e0 la mise en place d\u2019un espace s\u00e9curisant favorisant un travail de r\u00e9flexion et\/ou de compr\u00e9hension face aux r\u00e9actions ou \u00e0 l\u2019expression de la souffrance de l\u2019enfant.<\/p>\n<p>Lorsque les familles d\u00e9cident de solliciter un tiers, qu\u2019il soit professionnel ou associatif, elles sont g\u00e9n\u00e9ralement d\u00e9j\u00e0 \u00ab\u2009tourn\u00e9es vers l\u2019\u00e9mergence du positif\u2009\u00bb, dispos\u00e9es \u00e0 rechercher \u00ab\u2009des \u00e9l\u00e9ments de solution originaux \u00e0 leurs probl\u00e8mes<sup class=\"appel\" data-toggle=\"modal\" data-target=\"#notes\">(5)\u2009<\/sup>\u2009\u00bb et \u00e0 s\u2019inscrire dans un processus de compr\u00e9hension et de changement.<span class=\"Apple-converted-space\">\u00a0<\/span><\/p>\n<p>Les difficult\u00e9s prononc\u00e9es auxquelles certaines familles d\u2019enfants \u00e0 haut potentiel intellectuel (HPI) sont confront\u00e9es peuvent progressivement effracter l\u2019hom\u00e9ostasie du syst\u00e8me familial\u2009; elles sont alors travers\u00e9es par ces mouvements de doute, d\u2019incompr\u00e9hension, d\u2019ins\u00e9curit\u00e9 souvent conflictualis\u00e9s entre les parents et l\u2019enfant\u2009; les liens inter\/transg\u00e9n\u00e9rationnels sont alors en tension, les distances relationnelles s\u2019imposent et les interactions deviennent douloureuses\u2009; la famille tente de se r\u00e9organiser ou se cristallise sur les relations conflictuelles.<\/p>\n<p>D\u2019o\u00f9 les diff\u00e9rents questionnements que peuvent se poser les cliniciens sollicit\u00e9s en urgence par les familles lors de situation de fragilit\u00e9 voire de crise pour am\u00e9liorer les strat\u00e9gies th\u00e9rapeutiques au plus pr\u00e8s de la demande.<\/p>\n<p>Notre hypoth\u00e8se de travail a \u00e9t\u00e9 la suivante\u2009: la synergie entre les savoirs th\u00e9orico-cliniques et exp\u00e9rientiels facilite la compr\u00e9hension des sp\u00e9cificit\u00e9s des adolescents \u00e0 HPI et l\u2019\u00e9mergence d\u2019autosolutions.<\/p>\n<h1>M\u00e9thode<span class=\"Apple-converted-space\">\u00a0<\/span><\/h1>\n<p>Population concern\u00e9e\u2009: familles d\u2019adolescents \u00e0 HPI domicili\u00e9es en Alsace.<\/p>\n<p>Modalit\u00e9s : six groupes ont \u00e9t\u00e9 mis en place, trois dans le Haut-Rhin et trois dans le Bas-Rhin, anim\u00e9s en bin\u00f4me par des professionnels (psychiatre, psychologues, enseignants).<\/p>\n<p>Ils sont constitu\u00e9s d\u2019une dizaine de personnes (couples, parents, p\u00e8re, m\u00e8re, beaux-parents) et se r\u00e9unissent une fois par mois, durant 1\u00a0heure 50. Les parents viennent spontan\u00e9ment g\u00e9n\u00e9ralement de leur propre initiative ou sur conseil d\u2019un professionnel de sant\u00e9.<\/p>\n<h2>Rappel des connaissances actuelles<span class=\"Apple-converted-space\">\u00a0<\/span><\/h2>\n<ul>\n<li><strong>Le bilan psychom\u00e9trique<\/strong>. Il permet d\u2019\u00e9valuer l\u2019intelligence cristallis\u00e9e (capacit\u00e9 d\u2019appliquer l\u2019accumulation des exp\u00e9riences ant\u00e9rieures \u00e0 une situation pr\u00e9sente), l\u2019intelligence fluide (habilit\u00e9s \u00e0 raisonner, analyser, r\u00e9soudre des probl\u00e8mes ind\u00e9pendamment des exp\u00e9riences acquises)\u2009; 2,3\u2009% de la population a un indice de quotient intellectuel (QI) sup\u00e9rieur ou \u00e9gal \u00e0 130 (seuil du rep\u00e9rage du HPI), sur la courbe de Gauss.<\/li>\n<li><strong>Les adolescents \u00e0 HPI<\/strong>. Il n\u2019existe pas de signes pathognomoniques du haut potentiel intellectuel. La coexistence de plusieurs caract\u00e9ristiques et la chronologie d\u2019apparition dans le domaine de la communication verbale et sociale sont des faisceaux d\u2019indices qui peuvent contribuer au rep\u00e9rage de la pr\u00e9cocit\u00e9<sup class=\"appel\" data-toggle=\"modal\" data-target=\"#notes\">(6)<\/sup>. Les enfants et les adolescents \u00e0 HPI se caract\u00e9risent par des capacit\u00e9s cognitives et intellectuelles de bon niveau, souvent une hypersensibilit\u00e9 \u00e9motionnelle et affective, une hyperesth\u00e9sie, un besoin de ma\u00eetrise, de justice, le sentiment d\u2019\u00eatre d\u00e9cal\u00e9 par rapport \u00e0 leur environnement, une conscience douloureuse du monde. Certains ont une tendance \u00e0 se conformer aux attentes, afin d\u2019\u00eatre comme tout le monde, ou des difficult\u00e9s \u00e0 s\u2019affirmer ou \u00e0 identifier leurs ressources, avec une tr\u00e8s faible estime de soi. Ils semblent comprendre le monde d\u2019une certaine fa\u00e7on ou \u00ab\u2009l\u2019habiter diff\u00e9remment\u2009\u00bb.<br \/>\nIls r\u00e9fl\u00e9chissent sur tout, tout le temps, intens\u00e9ment, sans cesse, mettent en perspective, anticipent, int\u00e8grent de nouvelles donn\u00e9es qu\u2019ils analysent en activant leurs logiciels. \u00ab\u2009Leur mani\u00e8re de penser est \u00e0 elle seule cr\u00e9ative.<sup class=\"appel\" data-toggle=\"modal\" data-target=\"#notes\">(7)<\/sup> \u00bb<br \/>\nClassiquement, on d\u00e9crit deux profils cognitivo-affectifs \u2013 laminaire et complexe \u2013 qui permettent d\u2019\u00e9clairer leurs modes de pens\u00e9e, leur rapport au savoir, \u00e0 l\u2019apprentissage, leurs particularit\u00e9s cognitives o encore leurs organisations affectives<sup class=\"appel\" data-toggle=\"modal\" data-target=\"#notes\">(8)<\/sup>.<br \/>\nDe nombreux adolescents \u00e0 HPI sont en bonne sant\u00e9 mentale et r\u00e9ussissent brillamment. Les enfants \u00e0 HPI de type laminaire semblent nettement moins en souffrance ou sujet aux angoisses que ceux \u00e0 HPI de type complexe<sup class=\"appel\" data-toggle=\"modal\" data-target=\"#notes\">(9)<\/sup>.<br \/>\nDeux tiers des enfants \u00e0 HPI pr\u00e9sentent de r\u00e9elles difficult\u00e9s d\u2019adaptation affectives, cognitives, \u00e9motionnelles, pouvant entra\u00eener des troubles psychologiques voire psychopathologiques. Leur entourage peut d\u00e9crire des troubles du comportement (opposition v\u00e9h\u00e9mente, repli sur soi, rupture familiale, scolaire et sociale, r\u00e9actions \u00e9motionnelles explosives, passages \u00e0 l\u2019acte). Souffrant de leur diff\u00e9rence, ils ont souvent \u00ab tendance \u00e0 se d\u00e9valoriser et\/ou \u00e0 r\u00e9agir en rebelles inaccessibles, au grand dam des parents, des amis et des enseignants<sup class=\"appel\" data-toggle=\"modal\" data-target=\"#notes\">(10)<\/sup> \u00bb.<\/li>\n<li><strong>Les situations de crise<\/strong>. L\u2019\u00e9tymologie du verbe grec <i>krinein<\/i> (d\u00e9cider) souligne la prise de d\u00e9cision pour g\u00e9rer avec succ\u00e8s des transformations. Les situations de crise sont des moments \u00ab\u2009durant lesquels la souffrance est telle que les d\u00e9fenses sont mobilisables\u2009\u00bb et qu\u2019un travail de r\u00e9flexion ou \u00ab\u2009d\u2019\u00e9laboration peut d\u00e9buter pour retrouver une nouvelle hom\u00e9ostasie<sup class=\"appel\" data-toggle=\"modal\" data-target=\"#notes\">(11)<\/sup> \u00bb.<br \/>\nL\u2019urgence appara\u00eet quand les capacit\u00e9s d\u2019am\u00e9nagement ou de r\u00e9solution des conflits par le milieu sont d\u00e9pass\u00e9es\u2009; les causes g\u00e9n\u00e9ralement identifi\u00e9es seraient li\u00e9es \u00e0 \u00ab\u2009un dysfonctionnement des interactions, un d\u00e9bordement des angoisses, ou une mont\u00e9e du v\u00e9cu d\u2019urgence chez un des adultes\u2009\u00bb concern\u00e9s<sup class=\"appel\" data-toggle=\"modal\" data-target=\"#notes\">(12)<\/sup>.<\/li>\n<\/ul>\n<blockquote><p>Imaginez-vous assis dans une barque secou\u00e9e par la mer pendant une temp\u00eate. Vous pouvez choisir de vous laisser ballotter tout en esp\u00e9rant que les vagues vous conduiront quelque part, mais vous pouvez aussi choisir de prendre les rames et avancer vers une destination.\u2009\u00bb<br \/>\nSauv\u00e9, 2007<span class=\"Apple-converted-space\">\u00a0<\/span><\/p><\/blockquote>\n<h1>Discussion<span class=\"Apple-converted-space\">\u00a0<\/span><\/h1>\n<h2>Les groupes de parole pour parents<span class=\"Apple-converted-space\">\u00a0<\/span><\/h2>\n<p>L\u2019ann\u00e9e 1970 a marqu\u00e9 un tournant majeur. Ant\u00e9rieurement, les groupes \u00e9taient g\u00e9r\u00e9s par des professionnels qui dispensaient des conseils, des r\u00e9ponses. Aujourd\u2019hui, espaces de co-construction, les groupes de parole favorisent l\u2019apprentissage et l\u2019exercice de la r\u00e9flexivit\u00e9 entre \u00e9gaux, dans un climat d\u2019\u00e9motions partag\u00e9es. Ils offrent l\u2019occasion de rompre l\u2019isolement et l\u2019enfermement qui engendrent d\u00e9sarroi et raidissement et, en s\u2019ouvrant sur les autres, permettent de b\u00e9n\u00e9ficier de leurs exp\u00e9riences. Les objectifs de tout groupe de parole, quel que soit le champ d\u2019application, sont de favoriser le partage d\u2019exp\u00e9riences, d\u2019am\u00e9liorer les habilet\u00e9s et de r\u00e9duire le stress que peuvent ressentir les parents en situation de crise\u2009; et ce en comprenant la probl\u00e9matique concern\u00e9e, en identifiant les habilet\u00e9s op\u00e9rantes en int\u00e9grant de nouvelles strat\u00e9gies et en transmettant des outils. Les r\u00e9cits entrecrois\u00e9s se mettent en place autour des \u00e9v\u00e8nements v\u00e9cus, permettent l\u2019\u00e9laboration groupale et l\u2019\u00e9mergence d\u2019autosolutions.<\/p>\n<h2>La dynamique de partage des savoirs th\u00e9orico-cliniques et exp\u00e9rientiels<span class=\"Apple-converted-space\">\u00a0<\/span><\/h2>\n<p>Synergie, du grec ancien <i>sunergi<\/i> (<i>sun<\/i> avec\/<i>ergasia<\/i> ouvrage, \u0153uvre, travail) signifie coop\u00e9ration, c\u2019est-\u00e0-dire l\u2019action coordonn\u00e9e de plusieurs \u00e9l\u00e9ments dans un but commun en vue d\u2019augmenter l\u2019efficacit\u00e9 de chacun. Cette synergie n\u00e9cessite une coh\u00e9sion du groupe et s\u2019inscrit au sein m\u00eame d\u2019un engagement commun afin d\u2019amorcer un processus d\u2019analyse, de r\u00e9flexion et d\u2019\u00e9laboration de nouvelles perspectives. L\u2019engagement fait r\u00e9f\u00e9rence au d\u00e9veloppement progressif d\u2019un sentiment de s\u00e9curit\u00e9 et de respect mutuel gr\u00e2ce auquel les familles se sentent de plus en plus libres de confier leurs probl\u00e8mes en m\u00eame temps qu\u2019elles prennent confiance dans leur aptitude \u00e0 les comprendre.<\/p>\n<p>La fonction principale et le champ d\u2019intervention des animateurs se situent sur trois niveaux\u2009:<\/p>\n<ul>\n<li>niveau 1\u2009: favoriser la circulation des v\u00e9cus et \u00e9motions par une libre circulation des \u00e9changes\u2009;<\/li>\n<li>niveau 2\u2009: soutenir ou relancer les processus de pens\u00e9e de chacun\u2009;<\/li>\n<li>niveau 3\u2009: s\u2019appuyer sur les sp\u00e9cificit\u00e9s\/caract\u00e9ristiques individuelles, familiales et groupales pour transmettre des aspects th\u00e9oriques.<\/li>\n<\/ul>\n<p>Comprendre le fonctionnement de l\u2019enfant d\u2019un point de vue clinique favorise l\u2019\u00e9mergence d\u2019autosolutions.<\/p>\n<blockquote><p>Dans le domaine de la pr\u00e9cocit\u00e9, saisir la mani\u00e8re de percevoir, de r\u00e9agir des enfants \u00e0 HPI permet de les aider \u00e0 s\u2019\u00e9panouir avec leur singularit\u00e9, \u00e0 trouver leur place au sein de la soci\u00e9t\u00e9 et \u00e0 \u00eatre reconnus et soutenus dans leur originalit\u00e9.<\/p><\/blockquote>\n<h2>L\u2019association Leopotentiels<\/h2>\n<p>Fond\u00e9e en 2014, Leopotentiels, association \u00e0 but non lucratif, a d\u00e9velopp\u00e9 diff\u00e9rentes actions \u00e0 caract\u00e8re p\u00e9dagogique, \u00e9ducatif et partenarial au b\u00e9n\u00e9fice des familles en situations de crise, et tout particuli\u00e8rement des groupes de parole, pour les familles d\u2019enfants \u00e0 HPI domicili\u00e9es en Alsace.<\/p>\n<h2>Les axes de r\u00e9flexion que priorisent les familles.<\/h2>\n<p>De par notre pratique, les questionnements des familles se situent principalement autour de cinq axes.<\/p>\n<ul>\n<li><strong>Hypersensibilit\u00e9 aux stimuli et hyperesth\u00e9sie<\/strong>. D\u2019un point de vue th\u00e9orique, l\u2019hyperesth\u00e9sie ou l\u2019hypersensibilit\u00e9 peuvent entra\u00eener des r\u00e9actions disproportionn\u00e9es, parfois explosives, inadapt\u00e9es et incompr\u00e9hensibles pour l\u2019entourage, d\u2019autant plus ces enfants sont submerg\u00e9s par leurs \u00e9motions ou celles des autres. Ils ressentent de mani\u00e8re plus intense les \u00e9motions lors de situations telles que l\u2019\u00e9chec, l\u2019abandon, l\u2019inconnu\u2009: leur hypersensibilit\u00e9 parfois la mise \u00e0 distance par les autres ou leur repli sont \u00e0 l\u2019origine de difficult\u00e9s relationnelles.<br \/>\nEn pratique, les parents ont l\u2019impression de vivre pr\u00e8s d\u2019un volcan en veille.<\/li>\n<li><strong>Performances intellectuelles<\/strong><i>.<\/i> D\u2019un point de vue th\u00e9orique, la performance de leur m\u00e9moire de travail est d\u00e9pendante de l\u2019int\u00e9r\u00eat ou du plaisir qu\u2019ils portent \u00e0 la t\u00e2che \u00e0 accomplir ou du contexte relationnel dans lequel ils se trouvent. Les enfants \u00e0 HPI de type laminaire \u00e9prouvent du plaisir \u00e0 apprendre, se montrent ouverts au monde, sans toutefois pr\u00e9senter une curiosit\u00e9 particuli\u00e8re ou un besoin de collecter les informations\u2009; ils se distinguent moins par leur mode de pens\u00e9e que par leurs capacit\u00e9s cognitives hors du commun<sup class=\"appel\" data-toggle=\"modal\" data-target=\"#notes\">(13)<\/sup>.<br \/>\nEn revanche, les enfants \u00e0 HPI de type complexe \u00e9prouvent un fort besoin d\u2019apprendre, de comprendre ce qu\u2019ils apprennent et pourquoi ils l\u2019apprennent. Ils ressentent un besoin de stimulation intellectuelle. Leur pens\u00e9e est divergente, arborescente, riche, rapide et associative mais parfois \u00e9puisante (pour eux [<i>je me fatigue<\/i>] et pour les autres) car pr\u00e9dominante et ininterrompue. Lieu d\u2019exp\u00e9rimentation des relations d\u2019alt\u00e9rit\u00e9 et de confrontation aux codes sociaux, l\u2019\u00e9cole met en lumi\u00e8re ces difficult\u00e9s d\u2019adaptation.<br \/>\nEn pratique, par d\u00e9faut d\u2019int\u00e9r\u00eat, de motivation, de stimulations ou d\u00e9fis intellectuels, ils s\u2019ennuient en class\u2009; par incapacit\u00e9 \u00e0 s\u2019adapter \u00e0 la d\u00e9marche p\u00e9dagogique, ils obtiennent des r\u00e9sultats ne correspondant pas \u00e0 leurs capacit\u00e9s. Leurs rendus \u00e9crits sont g\u00e9n\u00e9ralement pauvres, alors que leurs expos\u00e9s personnels sont riches t\u00e9moins d\u2019un intellect fulgurant. Persuad\u00e9s du bien-fond\u00e9 de leurs jugements, ils peuvent s\u2019opposer ouvertement \u00e0 l\u2019adulte (parents, enseignants ou encadrants) au risque d\u2019\u00eatre qualifi\u00e9s de dissip\u00e9s, nerveux, bavards, indisciplin\u00e9s, insolents, ou s\u2019exclure de leurs camarades de classe, les jugeant trop lents. Les enseignants sont en difficult\u00e9, les parents sont d\u00e9sempar\u00e9s.<\/li>\n<li><strong>Difficult\u00e9 \u00e0 interpr\u00e9ter les implicites<\/strong>. D\u2019un point de vue th\u00e9orique\u2009: implicite vient du latin <i>implicitum<\/i>\u2009; qui est contenu dans une proposition, sans \u00eatre exprim\u00e9 en termes pr\u00e9cis et formels. L\u2019interpr\u00e9tation des implicites sociaux peut poser probl\u00e8me. En pratique, cette difficult\u00e9 peut donner naissance \u00e0 des jugements d\u00e9favorables attribuant leur attitude \u00e0 des troubles oppositionnels, de l\u2019intol\u00e9rance \u00e0 la frustration, une absence de respect de l\u2019autorit\u00e9. Il n\u2019y a pourtant aucune provocation, ni volont\u00e9 d\u2019opposition dans leurs paroles\u2009; les questions leur paraissent fond\u00e9es, logiques et sont cens\u00e9es leur apporter une information compl\u00e9mentaire dont ils ont besoin pour comprendre, pour faire sens.<\/li>\n<li><strong>Dyssynchronie interne et dyssynchronie sociale\/intellect contre affect<\/strong>. D\u2019un point de vue th\u00e9orique, la dyssynchronie interne est la discordance entre le d\u00e9veloppement intellectuel et l\u2019immaturit\u00e9 affective ou\/et psychomotrice\u2009; en d\u2019autres termes, le d\u00e9veloppement affectif et la maturation psychomotrice ne correspondent pas au d\u00e9veloppement intellectuel.<br \/>\nLa dyssynchronie sociale est le d\u00e9calage entre le comportement attendu (par la famille ou les enseignants) et les comportements adopt\u00e9s spontan\u00e9ment (par les enfants HPI)<sup class=\"appel\" data-toggle=\"modal\" data-target=\"#notes\">(14)<\/sup>. De plus, ils se heurtent aux limites de leurs capacit\u00e9s intellectuelles d\u00e8s qu\u2019ils sont confront\u00e9s \u00e0 des situations o\u00f9 les affects pr\u00e9dominent ou se prot\u00e8gent derri\u00e8re leurs capacit\u00e9s d\u2019analyse et de raisonnement d\u00e8s que les \u00e9motions les submergent. En pratique, si les parents et les enseignants attendent un comportement adapt\u00e9 \u00e0 l\u2019\u00e2ge selon les normes ou les codes sociaux, l\u2019adolescent HPI remet en question, presque syst\u00e9matiquement, par incompr\u00e9hension les principes fondamentaux.<br \/>\nProgressivement, ils tendent \u00e0 exclure l\u2019alt\u00e9rit\u00e9 et ses conflictualisations ; ce qui se traduit par des difficult\u00e9s d\u2019insertion scolaire, sociale et familiale<sup class=\"appel\" data-toggle=\"modal\" data-target=\"#notes\">(15)<\/sup>.<\/li>\n<li><strong>Faux self<\/strong>. D\u2019un point de vue th\u00e9orique, leur mani\u00e8re d\u2019\u00eatre au monde et de comprendre ce dernier, les exp\u00e9riences sociales qu\u2019ils font tr\u00e8s t\u00f4t dans leur enfance peuvent les amener, selon le cas, pour certains, \u00e0 adopter une attitude et un comportement qu\u2019ils supposent attendus de la part des autres, se calquer sur les attentes des autres. Ils cherchent \u00e0 vivre les choses intens\u00e9ment, \u00e0 en rechercher le sens, \u00e0 comprendre comment elles s\u2019organisent, avec, souvent, la pr\u00e9occupation de s\u2019ajuster \u00e0 la r\u00e9flexion de l\u2019autre, \u00e0 ses attitudes et comportement. Ce fonctionnement peut entra\u00eener progressivement un sentiment d\u2019insatisfaction chronique ou une d\u00e9pression existentielle \u00e0 l\u2019\u00e2ge adulte, renforc\u00e9e par la qu\u00eate absolue de et la ma\u00eetrise de toute situation. Ils n\u2019aspirent qu\u2019\u00e0 \u00eatre compris, reconnus, int\u00e9gr\u00e9s, pour \u00eatre des jeunes comme les autres.<\/li>\n<\/ul>\n<h1>Conclusion<\/h1>\n<p>\u00ab\u2009\u00catre surdou\u00e9 ne signifie pas \u00eatre plus intelligent que les autres, mais fonctionner avec un mode de pens\u00e9e, une structure de raisonnement diff\u00e9rente.<sup class=\"appel\" data-toggle=\"modal\" data-target=\"#notes\">(16)<\/sup>\u2009\u00bb et interagir ou adopter un comportement diff\u00e9rent. Se sentir compris, accept\u00e9 et soutenu par ceux qui comptent \u00e0 ses yeux va encourager tout enfant \u00e0 se d\u00e9passer, \u00e0 pousser plus loin son potentiel et \u00e0 multiplier ses chances de r\u00e9ussir. Dans le domaine de la pr\u00e9cocit\u00e9, comprendre la mani\u00e8re dont r\u00e9agissent les enfants HPI permet de les aider \u00e0 s\u2019\u00e9panouir avec leur singularit\u00e9, \u00e0 trouver leur place au sein de la soci\u00e9t\u00e9 et \u00e0 \u00eatre reconnus et soutenus dans leur originalit\u00e9. La synergie savoirs exp\u00e9rientiels\/savoirs th\u00e9orico-cliniques permet d\u2019accompagner pr\u00e9cocement les familles dans ce processus et permet aux adolescents (de mani\u00e8re indirecte) de mettre leurs sp\u00e9cificit\u00e9s au service du lien social. Si les groupes de parole pour parents sont actuellement prioris\u00e9s, d\u2019autres perspectives telles que des consultations de gestion de crise interactives, par exemple par le th\u00e9\u00e2tre, peuvent \u00eatre envisag\u00e9es.<\/p>\n<hr \/>\n<p>Les auteurs remercient tr\u00e8s sinc\u00e8rement Clarisse Claudel, documentaliste au CH de Rouffach, pour son implication dans leurs travaux de recherche.<\/p>\n<p>Ce travail a \u00e9t\u00e9 pr\u00e9sent\u00e9 au forum des associations du Congr\u00e8s fran\u00e7ais de psychiatrie en 2019.<\/p>\n<script>function PlayerjsAsync(){} if(window[\"Playerjs\"]){PlayerjsAsync();}<\/script>","protected":false},"excerpt":{"rendered":"<p><span class=\"span-reading-time rt-reading-time\" style=\"display: block;\"><span class=\"rt-label rt-prefix\">Temps de lecture\u00a0: <\/span> <span class=\"rt-time\"> 8<\/span> <span class=\"rt-label rt-postfix\">minutes<\/span><\/span>On d\u00e9finit habituellement un syst\u00e8me par \u00ab\u2009un ensemble d\u2019\u00e9l\u00e9ments en interaction, organis\u00e9, en fonction de l\u2019environnement, de ses finalit\u00e9s et \u00e9voluant dans le temps(1)\u2009\u00bb. D\u2019un point de vue syst\u00e9mique, toute famille peut \u00eatre consid\u00e9r\u00e9e comme un syst\u00e8me \u00ab\u00e0 multiples attachements(2)\u2009\u00bb, avec des ressources et des comp\u00e9tences \u00ab\u2009suffisantes pour affronter ses propres probl\u00e8mes \u00e0 condition de disposer de l\u2019information suffisante(3)\u2009\u00bb. Par \u00ab\u2009ressources\u2009\u00bb, on entend les moyens dont une personne ou un&hellip; <\/p>\n","protected":false},"author":23133,"featured_media":0,"comment_status":"open","ping_status":"closed","sticky":false,"template":"","format":"standard","meta":{"_acf_changed":false,"_relevanssi_hide_post":"","_relevanssi_hide_content":"","_relevanssi_pin_for_all":"","_relevanssi_pin_keywords":"","_relevanssi_unpin_keywords":"","_relevanssi_related_keywords":"","_relevanssi_related_include_ids":"","_relevanssi_related_exclude_ids":"","_relevanssi_related_no_append":"","_relevanssi_related_not_related":"","_relevanssi_related_posts":"","_relevanssi_noindex_reason":"","footnotes":""},"categories":[3,2],"tags":[6454,8395,8393,8396,8394],"class_list":["post-43078","post","type-post","status-publish","format-standard","hentry","category-experience","category-gestions-hospitalieres","tag-adolescents","tag-enfants","tag-groupes-de-parole","tag-hpi","tag-precocite"],"acf":[],"yoast_head":"<!-- This site is optimized with the Yoast SEO plugin v24.8.1 - https:\/\/yoast.com\/wordpress\/plugins\/seo\/ -->\n<title>Enfants et adolescents \u00e0 HPI en situation de crise - Gestions hospitali\u00e8res<\/title>\n<meta name=\"robots\" content=\"index, follow, max-snippet:-1, max-image-preview:large, max-video-preview:-1\" \/>\n<link rel=\"canonical\" href=\"https:\/\/www.ricom-web8.com\/gestions\/enfants-et-adolescents-a-hpi-en-situation-de-crise\/\" \/>\n<meta property=\"og:locale\" content=\"fr_FR\" \/>\n<meta property=\"og:type\" content=\"article\" \/>\n<meta property=\"og:title\" content=\"Enfants et adolescents \u00e0 HPI en situation de crise - Gestions hospitali\u00e8res\" \/>\n<meta property=\"og:description\" content=\"Temps de lecture\u00a0:  8 minutesOn d\u00e9finit habituellement un syst\u00e8me par \u00ab\u2009un ensemble d\u2019\u00e9l\u00e9ments en interaction, organis\u00e9, en fonction de l\u2019environnement, de ses finalit\u00e9s et \u00e9voluant dans le temps(1)\u2009\u00bb. D\u2019un point de vue syst\u00e9mique, toute famille peut \u00eatre consid\u00e9r\u00e9e comme un syst\u00e8me \u00ab\u00e0 multiples attachements(2)\u2009\u00bb, avec des ressources et des comp\u00e9tences \u00ab\u2009suffisantes pour affronter ses propres probl\u00e8mes \u00e0 condition de disposer de l\u2019information suffisante(3)\u2009\u00bb. Par \u00ab\u2009ressources\u2009\u00bb, on entend les moyens dont une personne ou un&hellip;\" \/>\n<meta property=\"og:url\" content=\"https:\/\/www.ricom-web8.com\/gestions\/enfants-et-adolescents-a-hpi-en-situation-de-crise\/\" \/>\n<meta property=\"og:site_name\" content=\"Gestions hospitali\u00e8res\" \/>\n<meta property=\"article:publisher\" content=\"https:\/\/www.facebook.com\/gestionshospitalieres\/\" \/>\n<meta property=\"article:published_time\" content=\"2021-03-01T15:10:22+00:00\" \/>\n<meta property=\"article:modified_time\" content=\"2021-03-30T09:32:42+00:00\" \/>\n<meta name=\"author\" content=\"Gestions hospitali\u00e8res\" \/>\n<meta name=\"twitter:card\" content=\"summary_large_image\" \/>\n<meta name=\"twitter:creator\" content=\"@revue_GH\" \/>\n<meta name=\"twitter:site\" content=\"@revue_GH\" \/>\n<meta name=\"twitter:label1\" content=\"\u00c9crit par\" \/>\n\t<meta name=\"twitter:data1\" content=\"Gestions hospitali\u00e8res\" \/>\n\t<meta name=\"twitter:label2\" content=\"Dur\u00e9e de lecture estim\u00e9e\" \/>\n\t<meta name=\"twitter:data2\" content=\"13 minutes\" \/>\n<script type=\"application\/ld+json\" class=\"yoast-schema-graph\">{\"@context\":\"https:\/\/schema.org\",\"@graph\":[{\"@type\":\"Article\",\"@id\":\"https:\/\/www.ricom-web8.com\/gestions\/enfants-et-adolescents-a-hpi-en-situation-de-crise\/#article\",\"isPartOf\":{\"@id\":\"https:\/\/www.ricom-web8.com\/gestions\/enfants-et-adolescents-a-hpi-en-situation-de-crise\/\"},\"author\":{\"name\":\"Gestions hospitali\u00e8res\",\"@id\":\"https:\/\/www.ricom-web8.com\/gestions\/#\/schema\/person\/3ba9fe913190dfe9507feb621e902c1f\"},\"headline\":\"Enfants et adolescents \u00e0 HPI en situation de crise\",\"datePublished\":\"2021-03-01T15:10:22+00:00\",\"dateModified\":\"2021-03-30T09:32:42+00:00\",\"mainEntityOfPage\":{\"@id\":\"https:\/\/www.ricom-web8.com\/gestions\/enfants-et-adolescents-a-hpi-en-situation-de-crise\/\"},\"wordCount\":2707,\"commentCount\":0,\"publisher\":{\"@id\":\"https:\/\/www.ricom-web8.com\/gestions\/#organization\"},\"keywords\":[\"adolescents\",\"enfants\",\"groupes de parole\",\"HPI\",\"pr\u00e9cocit\u00e9\"],\"articleSection\":[\"exp\u00e9rience\",\"Gestions Hospitali\u00e8res\"],\"inLanguage\":\"fr-FR\",\"potentialAction\":[{\"@type\":\"CommentAction\",\"name\":\"Comment\",\"target\":[\"https:\/\/www.ricom-web8.com\/gestions\/enfants-et-adolescents-a-hpi-en-situation-de-crise\/#respond\"]}]},{\"@type\":\"WebPage\",\"@id\":\"https:\/\/www.ricom-web8.com\/gestions\/enfants-et-adolescents-a-hpi-en-situation-de-crise\/\",\"url\":\"https:\/\/www.ricom-web8.com\/gestions\/enfants-et-adolescents-a-hpi-en-situation-de-crise\/\",\"name\":\"Enfants et adolescents \u00e0 HPI en situation de crise - Gestions hospitali\u00e8res\",\"isPartOf\":{\"@id\":\"https:\/\/www.ricom-web8.com\/gestions\/#website\"},\"datePublished\":\"2021-03-01T15:10:22+00:00\",\"dateModified\":\"2021-03-30T09:32:42+00:00\",\"breadcrumb\":{\"@id\":\"https:\/\/www.ricom-web8.com\/gestions\/enfants-et-adolescents-a-hpi-en-situation-de-crise\/#breadcrumb\"},\"inLanguage\":\"fr-FR\",\"potentialAction\":[{\"@type\":\"ReadAction\",\"target\":[\"https:\/\/www.ricom-web8.com\/gestions\/enfants-et-adolescents-a-hpi-en-situation-de-crise\/\"]}]},{\"@type\":\"BreadcrumbList\",\"@id\":\"https:\/\/www.ricom-web8.com\/gestions\/enfants-et-adolescents-a-hpi-en-situation-de-crise\/#breadcrumb\",\"itemListElement\":[{\"@type\":\"ListItem\",\"position\":1,\"name\":\"Accueil\",\"item\":\"https:\/\/www.ricom-web8.com\/gestions\/\"},{\"@type\":\"ListItem\",\"position\":2,\"name\":\"Enfants et adolescents \u00e0 HPI en situation de crise\"}]},{\"@type\":\"WebSite\",\"@id\":\"https:\/\/www.ricom-web8.com\/gestions\/#website\",\"url\":\"https:\/\/www.ricom-web8.com\/gestions\/\",\"name\":\"Gestions hospitali\u00e8res\",\"description\":\"la revue des d\u00e9cideurs hospitaliers\",\"publisher\":{\"@id\":\"https:\/\/www.ricom-web8.com\/gestions\/#organization\"},\"potentialAction\":[{\"@type\":\"SearchAction\",\"target\":{\"@type\":\"EntryPoint\",\"urlTemplate\":\"https:\/\/www.ricom-web8.com\/gestions\/?s={search_term_string}\"},\"query-input\":{\"@type\":\"PropertyValueSpecification\",\"valueRequired\":true,\"valueName\":\"search_term_string\"}}],\"inLanguage\":\"fr-FR\"},{\"@type\":\"Organization\",\"@id\":\"https:\/\/www.ricom-web8.com\/gestions\/#organization\",\"name\":\"Gestions hospitali\u00e8res\",\"url\":\"https:\/\/www.ricom-web8.com\/gestions\/\",\"logo\":{\"@type\":\"ImageObject\",\"inLanguage\":\"fr-FR\",\"@id\":\"https:\/\/www.ricom-web8.com\/gestions\/#\/schema\/logo\/image\/\",\"url\":\"https:\/\/gestions-hospitalieres.fr\/wp-content\/uploads\/2017\/02\/picto_Gif-GH-trans.png\",\"contentUrl\":\"https:\/\/gestions-hospitalieres.fr\/wp-content\/uploads\/2017\/02\/picto_Gif-GH-trans.png\",\"width\":512,\"height\":512,\"caption\":\"Gestions hospitali\u00e8res\"},\"image\":{\"@id\":\"https:\/\/www.ricom-web8.com\/gestions\/#\/schema\/logo\/image\/\"},\"sameAs\":[\"https:\/\/www.facebook.com\/gestionshospitalieres\/\",\"https:\/\/x.com\/revue_GH\",\"https:\/\/www.linkedin.com\/company\/gestions-hospitalieres?trk=top_nav_home\"]},{\"@type\":\"Person\",\"@id\":\"https:\/\/www.ricom-web8.com\/gestions\/#\/schema\/person\/3ba9fe913190dfe9507feb621e902c1f\",\"name\":\"Gestions hospitali\u00e8res\",\"image\":{\"@type\":\"ImageObject\",\"inLanguage\":\"fr-FR\",\"@id\":\"https:\/\/www.ricom-web8.com\/gestions\/#\/schema\/person\/image\/\",\"url\":\"https:\/\/secure.gravatar.com\/avatar\/1a0d93e6db5dbe7dac96bae4757d256f?s=96&d=mm&r=g\",\"contentUrl\":\"https:\/\/secure.gravatar.com\/avatar\/1a0d93e6db5dbe7dac96bae4757d256f?s=96&d=mm&r=g\",\"caption\":\"Gestions hospitali\u00e8res\"},\"url\":\"https:\/\/www.ricom-web8.com\/gestions\/author\/benjamin\/\"}]}<\/script>\n<!-- \/ Yoast SEO plugin. -->","yoast_head_json":{"title":"Enfants et adolescents \u00e0 HPI en situation de crise - Gestions hospitali\u00e8res","robots":{"index":"index","follow":"follow","max-snippet":"max-snippet:-1","max-image-preview":"max-image-preview:large","max-video-preview":"max-video-preview:-1"},"canonical":"https:\/\/www.ricom-web8.com\/gestions\/enfants-et-adolescents-a-hpi-en-situation-de-crise\/","og_locale":"fr_FR","og_type":"article","og_title":"Enfants et adolescents \u00e0 HPI en situation de crise - Gestions hospitali\u00e8res","og_description":"Temps de lecture\u00a0:  8 minutesOn d\u00e9finit habituellement un syst\u00e8me par \u00ab\u2009un ensemble d\u2019\u00e9l\u00e9ments en interaction, organis\u00e9, en fonction de l\u2019environnement, de ses finalit\u00e9s et \u00e9voluant dans le temps(1)\u2009\u00bb. D\u2019un point de vue syst\u00e9mique, toute famille peut \u00eatre consid\u00e9r\u00e9e comme un syst\u00e8me \u00ab\u00e0 multiples attachements(2)\u2009\u00bb, avec des ressources et des comp\u00e9tences \u00ab\u2009suffisantes pour affronter ses propres probl\u00e8mes \u00e0 condition de disposer de l\u2019information suffisante(3)\u2009\u00bb. Par \u00ab\u2009ressources\u2009\u00bb, on entend les moyens dont une personne ou un&hellip;","og_url":"https:\/\/www.ricom-web8.com\/gestions\/enfants-et-adolescents-a-hpi-en-situation-de-crise\/","og_site_name":"Gestions hospitali\u00e8res","article_publisher":"https:\/\/www.facebook.com\/gestionshospitalieres\/","article_published_time":"2021-03-01T15:10:22+00:00","article_modified_time":"2021-03-30T09:32:42+00:00","author":"Gestions hospitali\u00e8res","twitter_card":"summary_large_image","twitter_creator":"@revue_GH","twitter_site":"@revue_GH","twitter_misc":{"\u00c9crit par":"Gestions hospitali\u00e8res","Dur\u00e9e de lecture estim\u00e9e":"13 minutes"},"schema":{"@context":"https:\/\/schema.org","@graph":[{"@type":"Article","@id":"https:\/\/www.ricom-web8.com\/gestions\/enfants-et-adolescents-a-hpi-en-situation-de-crise\/#article","isPartOf":{"@id":"https:\/\/www.ricom-web8.com\/gestions\/enfants-et-adolescents-a-hpi-en-situation-de-crise\/"},"author":{"name":"Gestions hospitali\u00e8res","@id":"https:\/\/www.ricom-web8.com\/gestions\/#\/schema\/person\/3ba9fe913190dfe9507feb621e902c1f"},"headline":"Enfants et adolescents \u00e0 HPI en situation de crise","datePublished":"2021-03-01T15:10:22+00:00","dateModified":"2021-03-30T09:32:42+00:00","mainEntityOfPage":{"@id":"https:\/\/www.ricom-web8.com\/gestions\/enfants-et-adolescents-a-hpi-en-situation-de-crise\/"},"wordCount":2707,"commentCount":0,"publisher":{"@id":"https:\/\/www.ricom-web8.com\/gestions\/#organization"},"keywords":["adolescents","enfants","groupes de parole","HPI","pr\u00e9cocit\u00e9"],"articleSection":["exp\u00e9rience","Gestions Hospitali\u00e8res"],"inLanguage":"fr-FR","potentialAction":[{"@type":"CommentAction","name":"Comment","target":["https:\/\/www.ricom-web8.com\/gestions\/enfants-et-adolescents-a-hpi-en-situation-de-crise\/#respond"]}]},{"@type":"WebPage","@id":"https:\/\/www.ricom-web8.com\/gestions\/enfants-et-adolescents-a-hpi-en-situation-de-crise\/","url":"https:\/\/www.ricom-web8.com\/gestions\/enfants-et-adolescents-a-hpi-en-situation-de-crise\/","name":"Enfants et adolescents \u00e0 HPI en situation de crise - Gestions hospitali\u00e8res","isPartOf":{"@id":"https:\/\/www.ricom-web8.com\/gestions\/#website"},"datePublished":"2021-03-01T15:10:22+00:00","dateModified":"2021-03-30T09:32:42+00:00","breadcrumb":{"@id":"https:\/\/www.ricom-web8.com\/gestions\/enfants-et-adolescents-a-hpi-en-situation-de-crise\/#breadcrumb"},"inLanguage":"fr-FR","potentialAction":[{"@type":"ReadAction","target":["https:\/\/www.ricom-web8.com\/gestions\/enfants-et-adolescents-a-hpi-en-situation-de-crise\/"]}]},{"@type":"BreadcrumbList","@id":"https:\/\/www.ricom-web8.com\/gestions\/enfants-et-adolescents-a-hpi-en-situation-de-crise\/#breadcrumb","itemListElement":[{"@type":"ListItem","position":1,"name":"Accueil","item":"https:\/\/www.ricom-web8.com\/gestions\/"},{"@type":"ListItem","position":2,"name":"Enfants et adolescents \u00e0 HPI en situation de crise"}]},{"@type":"WebSite","@id":"https:\/\/www.ricom-web8.com\/gestions\/#website","url":"https:\/\/www.ricom-web8.com\/gestions\/","name":"Gestions hospitali\u00e8res","description":"la revue des d\u00e9cideurs hospitaliers","publisher":{"@id":"https:\/\/www.ricom-web8.com\/gestions\/#organization"},"potentialAction":[{"@type":"SearchAction","target":{"@type":"EntryPoint","urlTemplate":"https:\/\/www.ricom-web8.com\/gestions\/?s={search_term_string}"},"query-input":{"@type":"PropertyValueSpecification","valueRequired":true,"valueName":"search_term_string"}}],"inLanguage":"fr-FR"},{"@type":"Organization","@id":"https:\/\/www.ricom-web8.com\/gestions\/#organization","name":"Gestions hospitali\u00e8res","url":"https:\/\/www.ricom-web8.com\/gestions\/","logo":{"@type":"ImageObject","inLanguage":"fr-FR","@id":"https:\/\/www.ricom-web8.com\/gestions\/#\/schema\/logo\/image\/","url":"https:\/\/gestions-hospitalieres.fr\/wp-content\/uploads\/2017\/02\/picto_Gif-GH-trans.png","contentUrl":"https:\/\/gestions-hospitalieres.fr\/wp-content\/uploads\/2017\/02\/picto_Gif-GH-trans.png","width":512,"height":512,"caption":"Gestions hospitali\u00e8res"},"image":{"@id":"https:\/\/www.ricom-web8.com\/gestions\/#\/schema\/logo\/image\/"},"sameAs":["https:\/\/www.facebook.com\/gestionshospitalieres\/","https:\/\/x.com\/revue_GH","https:\/\/www.linkedin.com\/company\/gestions-hospitalieres?trk=top_nav_home"]},{"@type":"Person","@id":"https:\/\/www.ricom-web8.com\/gestions\/#\/schema\/person\/3ba9fe913190dfe9507feb621e902c1f","name":"Gestions hospitali\u00e8res","image":{"@type":"ImageObject","inLanguage":"fr-FR","@id":"https:\/\/www.ricom-web8.com\/gestions\/#\/schema\/person\/image\/","url":"https:\/\/secure.gravatar.com\/avatar\/1a0d93e6db5dbe7dac96bae4757d256f?s=96&d=mm&r=g","contentUrl":"https:\/\/secure.gravatar.com\/avatar\/1a0d93e6db5dbe7dac96bae4757d256f?s=96&d=mm&r=g","caption":"Gestions hospitali\u00e8res"},"url":"https:\/\/www.ricom-web8.com\/gestions\/author\/benjamin\/"}]}},"_links":{"self":[{"href":"https:\/\/www.ricom-web8.com\/gestions\/wp-json\/wp\/v2\/posts\/43078","targetHints":{"allow":["GET"]}}],"collection":[{"href":"https:\/\/www.ricom-web8.com\/gestions\/wp-json\/wp\/v2\/posts"}],"about":[{"href":"https:\/\/www.ricom-web8.com\/gestions\/wp-json\/wp\/v2\/types\/post"}],"author":[{"embeddable":true,"href":"https:\/\/www.ricom-web8.com\/gestions\/wp-json\/wp\/v2\/users\/23133"}],"replies":[{"embeddable":true,"href":"https:\/\/www.ricom-web8.com\/gestions\/wp-json\/wp\/v2\/comments?post=43078"}],"version-history":[{"count":0,"href":"https:\/\/www.ricom-web8.com\/gestions\/wp-json\/wp\/v2\/posts\/43078\/revisions"}],"wp:attachment":[{"href":"https:\/\/www.ricom-web8.com\/gestions\/wp-json\/wp\/v2\/media?parent=43078"}],"wp:term":[{"taxonomy":"category","embeddable":true,"href":"https:\/\/www.ricom-web8.com\/gestions\/wp-json\/wp\/v2\/categories?post=43078"},{"taxonomy":"post_tag","embeddable":true,"href":"https:\/\/www.ricom-web8.com\/gestions\/wp-json\/wp\/v2\/tags?post=43078"}],"curies":[{"name":"wp","href":"https:\/\/api.w.org\/{rel}","templated":true}]}}