

{"id":43149,"date":"2021-03-01T11:16:02","date_gmt":"2021-03-01T10:16:02","guid":{"rendered":"https:\/\/gestions-hospitalieres.fr\/?p=43149"},"modified":"2021-03-30T11:27:53","modified_gmt":"2021-03-30T09:27:53","slug":"reforme-des-etudes-medicales-et-paramedicales","status":"publish","type":"post","link":"https:\/\/www.ricom-web8.com\/gestions\/reforme-des-etudes-medicales-et-paramedicales\/","title":{"rendered":"R\u00e9forme des \u00e9tudes m\u00e9dicales et param\u00e9dicales"},"content":{"rendered":"<span class=\"span-reading-time rt-reading-time\" style=\"display: block;\"><span class=\"rt-label rt-prefix\">Temps de lecture\u00a0: <\/span> <span class=\"rt-time\"> 9<\/span> <span class=\"rt-label rt-postfix\">minutes<\/span><\/span><h1>Une \u00e9volution en miroir<\/h1>\n<h2>Une succession de r\u00e9formes cat\u00e9gorielles centr\u00e9es sur le statut et les connaissances<\/h2>\n<h3>Un si\u00e8cle de r\u00e9formes en silo<\/h3>\n<p>D\u00e8s la fin du 19<sup>e<\/sup> si\u00e8cle et le d\u00e9but du 20<sup>e<\/sup> si\u00e8cle, une s\u00e9rie de textes l\u00e9gislatifs et r\u00e9glementaires dresse les principes des professions m\u00e9dicales et infirmi\u00e8res en vue de sortir de la charit\u00e9 et de professionnaliser les voies d\u2019acc\u00e8s\u2009:<\/p>\n<ul>\n<li>l\u2019article 1 de la loi Chevandier pose le 30 novembre 1892 le principe de base de la m\u00e9decine fran\u00e7aise : \u00ab Nul ne peut exercer la m\u00e9decine en France s\u2019il n\u2019est pas muni d\u2019un dipl\u00f4me de docteur en m\u00e9decine d\u00e9livr\u00e9 par le gouvernement fran\u00e7ais \u00e0 la suite d\u2019un examen subi dans un \u00e9tablissement sup\u00e9rieur de l\u2019\u00c9tat\u2009\u00bb\u2009;<\/li>\n<li>la circulaire n\u00b07083 du 28 octobre 1902 rend obligatoires les \u00e9coles d\u2019infirmi\u00e8res et donne la premi\u00e8re d\u00e9finition de l\u2019infirmi\u00e8re\u2009;<\/li>\n<li>l\u2019arr\u00eat\u00e9 pr\u00e9fectoral du 4 avril 1907 modifi\u00e9 par l\u2019arr\u00eat\u00e9 du 31 ao\u00fbt 1908 porte cr\u00e9ation du dipl\u00f4me d\u2019infirmier psychiatrique d\u00e9partemental\u2009;<\/li>\n<li>en 1922, la cr\u00e9ation du brevet de capacit\u00e9 professionnelle permet de porter le titre \u00ab\u2009infirmier dipl\u00f4m\u00e9 de l\u2019\u00c9tat fran\u00e7ais\u2009\u00bb\u2009;<\/li>\n<li>l\u2019arr\u00eat\u00e9 du 23 mars 1992 porte cr\u00e9ation du dipl\u00f4me d\u2019\u00c9tat polyvalent marquant la fin de la formation sp\u00e9cifique des infirmiers de secteur psychiatrique.<\/li>\n<\/ul>\n<p>\u00c0 partir de l\u00e0 a \u00e9t\u00e9 engag\u00e9e une r\u00e9ing\u00e9nierie de la formation en soins infirmiers, qui trouve une premi\u00e8re cons\u00e9cration \u00e0 travers l\u2019arr\u00eat\u00e9 du 31 juillet 2009 relatif au dipl\u00f4me d\u2019\u00c9tat d\u2019infirmier modifi\u00e9 par l\u2019arr\u00eat\u00e9 du 26 septembre 2014 ouvrant la voie \u00e0 d\u2019autres r\u00e9ing\u00e9nieries de formations param\u00e9dicales.<\/p>\n<h3>Des avanc\u00e9es asynchrones de fili\u00e8res limitant l\u2019harmonisation et la juste reconnaissance des m\u00e9tiers<\/h3>\n<p>\u00c0 la suite de la r\u00e9forme de l\u2019universit\u00e9 libre de 1968 (universit\u00e9 ouverte et gratuite pour tous) et face \u00e0 l\u2019augmentation du nombre d\u2019\u00e9tudiants en m\u00e9decine, le gouvernement met en place en 1971 un <i>numerus clausus<\/i> afin de garantir de bonnes conditions de stage et de formation. Ce syst\u00e8me universitaire tend toutefois vers un \u00ab\u2009bachotage intense r\u00e9sultant de l\u2019hypers\u00e9lectivit\u00e9 du concours\u2009\u00bb<sup class=\"appel\" data-toggle=\"modal\" data-target=\"#notes\">(2)<\/sup>.<\/p>\n<p>La loi du 7 juillet 2009 cr\u00e9\u00e9e la premi\u00e8re ann\u00e9e commune des \u00e9tudes en sant\u00e9 (Paces), rempla\u00e7ant le premier cycle d\u2019\u00e9tudes m\u00e9dicales et celui des \u00e9tudes de pharmacie en regroupant les concours de m\u00e9decine, ma\u00efeutique et odontologie et celui de pharmacie.<\/p>\n<p>En Paces, les taux de r\u00e9ussite aux concours sont variables selon les universit\u00e9s, de 12\u2009% \u00e0 33\u2009% pour les quatre fili\u00e8res m\u00e9dicales. Avec pr\u00e8s des trois quarts des \u00e9tudiants en Paces ayant recours \u00e0 une pr\u00e9paration dans un centre de formation priv\u00e9v(3), une s\u00e9lection financi\u00e8re vient renforcer les in\u00e9galit\u00e9s d\u2019acc\u00e8s aux \u00e9tudes m\u00e9dicales<sup class=\"appel\" data-toggle=\"modal\" data-target=\"#notes\">(4)<\/sup>.<\/p>\n<p>Depuis les accords de Bologne instaurant le syst\u00e8me licence\/master\/doctorat en 1999 pour l\u2019ensemble des professions m\u00e9dicales et param\u00e9dicales, toutes les formations ne se sont pas encore empar\u00e9es du dispositif. Si quelques formations param\u00e9dicales ont obtenu le grade de licence \u2013 infirmier, kin\u00e9sith\u00e9rapeute, ergoth\u00e9rapeute, p\u00e9dicure\/podologue \u2013, d\u2019autres restent en reconnaissance bac\u2009+\u20092 (di\u00e9t\u00e9ticiens, techniciens de laboratoire\u2026). Ce constat est \u00e9galement point\u00e9 par le rapport Igas\/IGAENR, \u00ab\u2009Pour une meilleure int\u00e9gration des formations param\u00e9dicales \u00e0 l\u2019universit\u00e9<sup class=\"appel\" data-toggle=\"modal\" data-target=\"#notes\">(5)<\/sup>\u2009\u00bb et la mission sur l\u2019universitarisation des formations en sant\u00e9<sup class=\"appel\" data-toggle=\"modal\" data-target=\"#notes\">(6)<\/sup>, et emp\u00eache un alignement des niveaux universitaires de l\u2019ensemble des professionnels de sant\u00e9.<\/p>\n<h2>D\u00e9veloppement de la compl\u00e9mentarit\u00e9 et de l\u2019exercice partag\u00e9 \u00e0 des fins de sant\u00e9 publique<\/h2>\n<h3>Promotion des exp\u00e9rimentations interprofessionnelles coupl\u00e9e \u00e0 un processus d\u2019acculturation commune<span class=\"Apple-converted-space\">\u00a0<\/span><\/h3>\n<p>La loi du 22 juillet 2013 met en place des exp\u00e9rimentations alternatives \u00e0 la Paces. Ainsi, seize universit\u00e9s ont exp\u00e9riment\u00e9 le dispositif AlterPaces permettant \u00e0 des \u00e9tudiants de licence de suivre des enseignements compl\u00e9mentaires pour int\u00e9grer la deuxi\u00e8me ann\u00e9e de m\u00e9decine. L\u2019universit\u00e9 d\u2019Angers a quant \u00e0 elle test\u00e9 le dispositif PluriPass en rempla\u00e7ant le concours d\u2019entr\u00e9e par un contr\u00f4le continu, avec un syst\u00e8me de cr\u00e9dits universitaires permettant de se r\u00e9orienter en cas d\u2019\u00e9chec. Dans le cadre de la loi du 8 mars 2018 relative \u00e0 l\u2019orientation et \u00e0 la r\u00e9ussite des \u00e9tudiants (loi ORE), quatre universit\u00e9s parisiennes d\u00e9buteront l\u2019exp\u00e9rimentation de la Paces One interdisant le redoublement.<\/p>\n<p>Enfin, en septembre 2018, le pr\u00e9sident de la R\u00e9publique annon\u00e7ait dans le plan \u00ab\u2009Ma sant\u00e9 2022\u2009\u00bb la r\u00e9forme des \u00e9tudes m\u00e9dicales concr\u00e9tis\u00e9e dans la loi du 24 juillet 2019 relative \u00e0 l\u2019organisation et \u00e0 la transformation du syst\u00e8me de sant\u00e9. Elle pr\u00e9voit la mise en place d\u2019exp\u00e9rimentations communes aux \u00e9tudiants m\u00e9dicaux et param\u00e9dicaux universitaires. En effet, l\u2019amendement pr\u00e9voit que \u00ab\u2009l\u2019\u00c9tat peut, \u00e0 titre exp\u00e9rimental et pour une dur\u00e9e de six ans \u00e0 compter de la rentr\u00e9e universitaire de 2020, autoriser l\u2019organisation des [\u00e9tudes m\u00e9dicales, pharmaceutiques, odontologiques, ma\u00efeutiques et les autres formations de sant\u00e9] selon des modalit\u00e9s permettant de renforcer les \u00e9changes entre les formations, la mise en place d\u2019enseignements en commun\u2009\u00bb.<\/p>\n<p>Cette r\u00e9forme fait \u00e9cho \u00e0 celles des \u00e9tudes de sant\u00e9 telle que l\u2019extension de l\u2019exercice partag\u00e9 avec la d\u00e9l\u00e9gation d\u2019actes aux infirmiers en pratique avanc\u00e9e (IPA) et aux assistants m\u00e9dicaux d\u00e9fini par le d\u00e9cret n\u00b02018-629 du 18 juillet 2018 pour les IPA et l\u2019arr\u00eat\u00e9 du 7 novembre 2019 pour l\u2019exercice de l\u2019activit\u00e9 d\u2019assistants m\u00e9dicaux en vue d\u2019am\u00e9liorer l\u2019acc\u00e8s aux soins, les conditions d\u2019exercice dans un objectif d\u2019efficience du syst\u00e8me de sant\u00e9.<\/p>\n<p>La loi du 24 juillet 2019 a par ailleurs modifi\u00e9 l\u2019article L 4161-1 du code de sant\u00e9 publique afin que les activit\u00e9s assur\u00e9es par les assistants m\u00e9dicaux ne puissent \u00eatre qualifi\u00e9es d\u2019exercice ill\u00e9gal de la m\u00e9decine. Si les IPA et assistants m\u00e9dicaux sont amen\u00e9s \u00e0 jouer un r\u00f4le facilitateur dans l\u2019exercice m\u00e9dical, il reste \u00e0 organiser en pratique les modalit\u00e9s d\u2019intervention et d\u2019articulation entre chacun de ces professionnels. Une acculturation commune par des enseignements partag\u00e9s et une m\u00eame exigence de formation tout au long de la vie semble un pr\u00e9alable \u00e0 la r\u00e9ussite de ces dispositifs.<\/p>\n<p>Malgr\u00e9 la proposition de loi faite par la d\u00e9put\u00e9e St\u00e9phanie Rist visant \u00e0 am\u00e9liorer le syst\u00e8me de sant\u00e9 par la confiance et la simplification, le projet de cr\u00e9ation de professions m\u00e9dicales interm\u00e9diaires a \u00e9t\u00e9 \u00e9cart\u00e9 sous la pression des diff\u00e9rents conseils des ordres au profit des auxiliaires m\u00e9dicaux en pratique avanc\u00e9e et des protocoles de coop\u00e9ration.<\/p>\n<h3>De nouveaux modes de s\u00e9lection, plus de diversit\u00e9<span class=\"Apple-converted-space\">\u00a0<\/span><\/h3>\n<p>Le d\u00e9cret n\u00b02019-1125 du 4 novembre 2019 relatif \u00e0 l\u2019acc\u00e8s aux formations de m\u00e9decine, de pharmacie, d\u2019odontologie et de ma\u00efeutique issu de la loi du 24 juillet 2019 r\u00e9nove l\u2019acc\u00e8s aux formations m\u00e9dicales. Elle r\u00e9forme et r\u00e9nove les deuxi\u00e8me (R2C) et troisi\u00e8me cycles (R3C) des \u00e9tudes m\u00e9dicales en diversifiant les voies d\u2019acc\u00e8s et en supprimant des totems comme la Paces, l\u2019\u00e9preuve classante nationale et le <i>numerus clausus<\/i> au profit de \u00ab\u2009majeures et mineures de sant\u00e9\u2009\u00bb, d\u2019une proc\u00e9dure d\u2019affectation (<i>matching<\/i>), la cr\u00e9ation du statut de docteur junior et l\u2019instauration d\u2019un<i> numerus apertus<\/i> en vue de \u00ab d\u00e9cloisonner les parcours de formation et les carri\u00e8res \u00bb.<\/p>\n<p>L\u2019objectif plus large est d\u2019adapter les \u00e9tudes aux \u00e9volutions et nouveaux besoins et d\u2019int\u00e9grer une orientation en trois p\u00f4les\u2009: \u00e9valuation continue des connaissances th\u00e9oriques, des comp\u00e9tences cliniques et des comp\u00e9tences relationnelles fond\u00e9es sur un projet personnel de l\u2019\u00e9tudiant.<\/p>\n<p>S\u2019appuyant sur les conclusions du rapport Dubois-Rand\u00e9<sup class=\"appel\" data-toggle=\"modal\" data-target=\"#notes\">(7)<\/sup>, cette r\u00e9forme tend \u00e0 corr\u00e9ler aspirations personnelles et besoins du syst\u00e8me de sant\u00e9 dont l\u2019acceptabilit\u00e9 sociale reste \u00e0 affirmer dans une culture fran\u00e7aise \u00e9litiste plut\u00f4t que m\u00e9ritocratique.<\/p>\n<p>Dans le cadre du S\u00e9gur de la sant\u00e9, une acc\u00e9l\u00e9ration des r\u00e9formes, en particulier l\u2019axe\u00a01, vise \u00e0 transformer les m\u00e9tiers et revaloriser ceux qui soignent. Cependant, la crise sanitaire a aussi conduit \u00e0 reporter certaines r\u00e9formes, dont la R2C.<\/p>\n<p>Parall\u00e8lement, pour les professions param\u00e9dicales, 2019 aura \u00e9t\u00e9 une ann\u00e9e de transition li\u00e9e \u00e0 la mise en place de nouveaux modes de s\u00e9lection des candidats \u00e0 l\u2019entr\u00e9e des instituts de formation qui annonce la fin du concours d\u2019entr\u00e9e d\u00e9sormais remplac\u00e9 par l\u2019int\u00e9gration via le portail Parcoursup.<\/p>\n<p>D\u00e8s 2020, 700\u2009000 lyc\u00e9ens ont formul\u00e9 leurs v\u0153ux d\u2019orientation via la troisi\u00e8me \u00e9dition de Parcoursup pour acc\u00e9der aux \u00e9tudes m\u00e9dicales et param\u00e9dicales. Ils peuvent d\u00e9sormais choisir entre un parcours sp\u00e9cifique acc\u00e8s sant\u00e9 (Pass) ou une licence avec une option acc\u00e8s sant\u00e9 (LAS). Dans le cas du Pass, une mineure dans une autre discipline permettra d\u2019y poursuivre ses \u00e9tudes en cas d\u2019\u00e9chec aux \u00e9preuves de s\u00e9lection de m\u00e9decine. Dans le cas de la LAS, les \u00e9tudiants en droit, \u00e9conomie, sciences de la vie ou autres sp\u00e9cialit\u00e9s peuvent, sous r\u00e9serve d\u2019avoir choisi des mineures \u00ab\u2009sant\u00e9\u2009\u00bb et valid\u00e9 leur licence, tenter d\u2019entrer en m\u00e9decine.<\/p>\n<p>Toutefois, certaines interrogations attendent des r\u00e9ponses r\u00e9glementaires, en particulier l\u2019identification des diff\u00e9rentes licences permettant d\u2019acc\u00e9der aux fili\u00e8res m\u00e9dicales et le pourcentage d\u2019\u00e9tudiants admis \u00e0 ce titre.<\/p>\n<h1>R\u00e9ponses aux enjeux de sant\u00e9 publique<\/h1>\n<h2>Concilier bien-\u00eatre professionnel et populationnel<\/h2>\n<h3>Faire face au malaise des \u00e9tudiants<\/h3>\n<p>La s\u00e9lection des \u00e9tudiants en premi\u00e8re ann\u00e9e est drastique\u2009: 22\u2009% seulement des inscrits acc\u00e8dent en deuxi\u00e8me ann\u00e9e, les redoublements sont nombreux, le cursus long et \u00e9prouvant. Une enqu\u00eate r\u00e9alis\u00e9e en 2013 a mis en exergue les violences subies par les \u00e9tudiants en m\u00e9decine durant leurs \u00e9tudes\u2009: 40\u2009% d\u00e9clarent avoir \u00e9t\u00e9 confront\u00e9s personnellement \u00e0 des pressions psychologiques, 50\u2009% \u00e0 des propos sexistes, 25\u2009% \u00e0 des propos racistes, 9\u2009% \u00e0 des violences physiques et 4\u2009% \u00e0 du harc\u00e8lement sexuel<sup class=\"appel\" data-toggle=\"modal\" data-target=\"#notes\">(8)<\/sup>.<span class=\"Apple-converted-space\">\u00a0<\/span><\/p>\n<p>Par ailleurs, une \u00e9tude sur la sant\u00e9 mentale des \u00e9tudiants en m\u00e9decine montre que 66\u2009% des \u00e9tudiants souffrent de sympt\u00f4mes anxieux (2,5 fois plus qu\u2019en population g\u00e9n\u00e9rale), 27\u2009% de sympt\u00f4mes d\u00e9pressifs et 24\u2009% d\u2019id\u00e9es suicidaires<sup class=\"appel\" data-toggle=\"modal\" data-target=\"#notes\">(9)<\/sup>. Ces derni\u00e8res ann\u00e9es ont d\u2019ailleurs \u00e9t\u00e9 marqu\u00e9es par plusieurs suicides, amenant des parents \u00e0 cr\u00e9er en 2020 la Ligue pour la protection de la sant\u00e9 des \u00e9tudiants et internes en m\u00e9decine. Ce malaise touche aussi les \u00e9tudiants en sant\u00e9 comme en t\u00e9moigne le rapport du Dr Marra sur la qualit\u00e9 de vie des \u00e9tudiants en sant\u00e9<sup class=\"appel\" data-toggle=\"modal\" data-target=\"#notes\">(10)<\/sup>. L\u2019absence de donn\u00e9es nationales ne permet pas, jusque-l\u00e0, d\u2019objectiver avec pr\u00e9cision l\u2019ampleur du ph\u00e9nom\u00e8ne, c\u2019est pourquoi le minist\u00e8re de l\u2019Enseignement sup\u00e9rieur, de la Recherche et de l\u2019Innovation, avec le minist\u00e8re des Solidarit\u00e9s et de la Sant\u00e9, a lanc\u00e9 en 2019 une structure de coordination nationale visant \u00e0 favoriser la qualit\u00e9 de vie et le bien-\u00eatre des \u00e9tudiants en sant\u00e9\u2009: le Centre national d\u2019appui pour la qualit\u00e9 de vie des \u00e9tudiants.<\/p>\n<p>V\u00e9ritable enjeu de sant\u00e9 publique, le bien-\u00eatre des \u00e9tudiants a un impact direct sur la sant\u00e9 de la population et, au-del\u00e0, sur une crise des vocations, major\u00e9e par la pr\u00e9carit\u00e9 qui touche les \u00e9tudiants sur deux aspects\u2009: statutaire et financier<sup class=\"appel\" data-toggle=\"modal\" data-target=\"#notes\">(11)<\/sup>. De plus, un d\u00e9ficit d\u2019image des professions m\u00e9dicales et param\u00e9dicales entra\u00eene une baisse de l\u2019attractivit\u00e9 dans certaines sp\u00e9cialit\u00e9s, d\u2019autant que les nouvelles g\u00e9n\u00e9rations aspirent \u00e0 un meilleur \u00e9quilibre vie priv\u00e9e\/vie professionnelle.<\/p>\n<h3>Maintenir l\u2019attractivit\u00e9 des m\u00e9tiers<\/h3>\n<p>Les \u00e9tudes m\u00e9dicales ont \u00e9t\u00e9 \u00e0 plusieurs reprises modifi\u00e9es et adapt\u00e9es en plus du contexte national, au contexte europ\u00e9en consacr\u00e9 par les accords de Bologne. Ainsi, les \u00e9tudiants ressortissants de l\u2019Union europ\u00e9enne (UE) peuvent exercer ou finir leur cursus de 3<sup>e<\/sup> cycle en France, sous r\u00e9serve de remplir les conditions de niveaux exig\u00e9s et au risque de sous-doter les pays d\u2019origine. Inversement, il existe une fuite des \u00e9tudiants fran\u00e7ais vers les pays membres de l\u2019UE o\u00f9 les conditions d\u2019entr\u00e9e en m\u00e9decine sont moins s\u00e9lectives\u2009; c\u2019est le cas de la Roumanie avec des fili\u00e8res enti\u00e8rement francophones et la possibilit\u00e9 <i>in fine <\/i>d\u2019exercer en France.<\/p>\n<p>Se pose n\u00e9anmoins la question des \u00e9tudiants en m\u00e9decine hors UE, th\u00e9oriquement interdits d\u2019exercice faute de base juridique. Contrairement aux ressortissants de l\u2019UE, les praticiens \u00e0 dipl\u00f4mes hors UE (PADHUE) se voient contraints \u00e0 une proc\u00e9dure de reconnaissance lourde pouvant durer plusieurs ann\u00e9es et sanctionn\u00e9e par des examens. Or, leur recrutement permet de pallier le manque de candidats dans les territoires sous-denses. \u00c0 ce titre, la loi du 24 juillet 2019 pr\u00e9voit la mise en place d\u2019une r\u00e9gularisation de leur situation sur la base d\u2019un dossier d\u2019ici \u00e0 fin 2021. Cette difficile reconnaissance des dipl\u00f4mes entre pays de l\u2019UE et hors UE reste source de tensions.<\/p>\n<h2>B\u00e9n\u00e9fices et limites des r\u00e9formes<\/h2>\n<h3>Am\u00e9liorer l\u2019offre de soins<\/h3>\n<p>Les r\u00e9formes se conduisent en marge des \u00e9tablissements de sant\u00e9 publics en amont et ne tiennent compte que partiellement des besoins sur le territoire en aval.<\/p>\n<p>En effet, les \u00e9tablissements de sant\u00e9, pourtant principaux lieux de stage des \u00e9tudiants en m\u00e9decine, ont \u00e9t\u00e9 peu associ\u00e9s \u00e0 la d\u00e9marche. La r\u00e9forme tend n\u00e9anmoins \u00e0 agr\u00e9er des \u00e9tablissements autres que les CHU pour les \u00e9tudiants de deuxi\u00e8me et troisi\u00e8me cycles, ce qui constitue une nouvelle porte d\u2019attractivit\u00e9 pour les \u00e9tudiants (stages plus op\u00e9rationnels ouvrant \u00e0 une pratique m\u00e9dicale polyvalente) et pour les \u00e9tablissements d\u2019accueil (dotations Merri). Les \u00e9tablissements peuvent utilement s\u2019appuyer sur la charte d\u2019accueil des \u00e9tudiants hospitaliers \u00e9labor\u00e9e en partenariat avec la F\u00e9d\u00e9ration hospitali\u00e8re de France pour d\u00e9finir les crit\u00e8res destin\u00e9s \u00e0 assurer la qualit\u00e9 p\u00e9dagogique des stages. En parall\u00e8le, il est n\u00e9cessaire de former les praticiens \u00e0 la ma\u00eetrise de stage, de renforcer la place des conf\u00e9rences hospitalo-universitaires et le r\u00f4le de coordonnateur dans l\u2019accompagnement de cette r\u00e9forme en int\u00e9grant les \u00e9tablissements au groupement hospitalier de territoire. Afin que l\u2019\u00e9loignement des terrains de stage (hors CHU) ne constitue pas un frein, les structures situ\u00e9es en p\u00e9riph\u00e9rie doivent envisager des conditions d\u2019accueil compatibles avec les moyens des \u00e9tudiants.<\/p>\n<p>En aval, ces r\u00e9formes n\u2019ont aucun impact sur la libert\u00e9 d\u2019installation des m\u00e9decins en exercice apr\u00e8s l\u2019obtention de leur dipl\u00f4me, m\u00eame si une fid\u00e9lisation des stagiaires via de nouvelles opportunit\u00e9s de stage en milieu rural peut renforcer les zones sous-denses \u2013 un pari somme toute risqu\u00e9 et fragile dans le temps. Pour l\u2019heure, seuls les \u00e9tudiants en m\u00e9decine g\u00e9n\u00e9rale ont l\u2019obligation de r\u00e9aliser, en derni\u00e8re ann\u00e9e, un stage d\u2019un semestre en pratique ambulatoire dans une zone sous-dot\u00e9e.<span class=\"Apple-converted-space\">\u00a0<\/span><\/p>\n<p>Se pose par ailleurs la question de l\u2019int\u00e9gration des m\u00e9decins qui ne seront pas issus des fili\u00e8res scientifiques dans l\u2019exercice professionnel, de la reconnaissance vis-\u00e0-vis de leurs confr\u00e8res mais aussi des difficult\u00e9s rencontr\u00e9es durant leurs cursus universitaires, un grand nombre de mati\u00e8res reposant sur un socle scientifique.<\/p>\n<p>Si 16 millions d\u2019euros sont consacr\u00e9s \u00e0 l\u2019accompagnement de la transformation de l\u2019entr\u00e9e dans les \u00e9tudes en sant\u00e9, en compl\u00e9ment de la loi ORE, les doyens d\u2019universit\u00e9 estiment toutefois que ce financement est en de\u00e7\u00e0 des besoins pour r\u00e9pondre \u00e0 l\u2019ampleur de la r\u00e9forme.<\/p>\n<h3>D\u00e9veloppement de la e-sant\u00e9<\/h3>\n<p>L\u2019introduction de la t\u00e9l\u00e9m\u00e9decine, du t\u00e9l\u00e9soin et de l\u2019intelligence artificielle dans le domaine de la sant\u00e9 tend \u00e0 modifier l\u2019approche clinique h\u00e9rit\u00e9e du serment d\u2019Hippocrate mais promeut l\u2019innovation \u00e0 travers de nouveaux modes de prise en charge comme a pu le d\u00e9montrer le rapport Villani<sup class=\"appel\" data-toggle=\"modal\" data-target=\"#notes\">(12)<\/sup>. N\u00e9anmoins, les r\u00e9formes R2C et R3C ne semblent pas avoir int\u00e9gr\u00e9 ces \u00e9volutions majeures dans les programmes d\u2019\u00e9tudes o\u00f9 seuls les stages permettront de s\u2019approprier ces nouveaux outils de travail.<\/p>\n<p>Introduit par la loi HPST, et plus pr\u00e9cis\u00e9ment par le d\u00e9cret du 19 octobre 2010, le d\u00e9veloppement de la t\u00e9l\u00e9m\u00e9decine a connu de nombreux freins relev\u00e9s par le corps m\u00e9dical. Toutefois, la crise sanitaire de la Covid-19 a pu d\u00e9montrer l\u2019utilit\u00e9 de tels outils, facilit\u00e9e par l\u2019int\u00e9gration \u00e0 l\u2019avenant\u00a06 r\u00e9gissant le passage de la t\u00e9l\u00e9m\u00e9decine dans le droit commun. Enfin, la loi du 24 juillet 2019 relative \u00e0 la transformation du syst\u00e8me de sant\u00e9 est all\u00e9e plus loin en \u00e9largissant le concept de t\u00e9l\u00e9m\u00e9decine \u00e0 celui de t\u00e9l\u00e9sant\u00e9.<\/p>\n<h1>Conclusion<\/h1>\n<p>L\u2019ach\u00e8vement des \u00e9tudes ne constitue pas une fin en soi. L\u2019article 11 du code de d\u00e9ontologie m\u00e9dicale atteste que \u00ab\u2009tout m\u00e9decin entretient et perfectionne ses connaissances dans le respect de son obligation de d\u00e9veloppement professionnel continue\u2009\u00bb. Plusieurs dispositifs sont venus compl\u00e9ter les outils de formation tout au long de la vie pour l\u2019ensemble des professionnels comme la mise en place d\u2019une proc\u00e9dure de re-certification des professionnels m\u00e9dicaux tous les six\u00a0ans, le d\u00e9veloppement professionnel continu (DPC) pour les professionnels m\u00e9dicaux et param\u00e9dicaux et l\u2019\u00e9valuation des pratiques professionnelles. Enfin, dans le cas o\u00f9 l\u2019obligation de DPC ne serait pas respect\u00e9e, des sanctions pour insuffisance professionnelle peuvent \u00eatre prises par l\u2019ordre lui-m\u00eame.<\/p>\n<p>La r\u00e9ussite de ces r\u00e9formes s\u2019observera sur le long terme lorsque les premiers \u00e9tudiants en m\u00e9decine int\u00e9greront le march\u00e9 du travail. Si la pratique m\u00e9dicale \u00e9tait jusqu\u2019alors exclusive, la d\u00e9mographie m\u00e9dicale et la question des d\u00e9serts m\u00e9dicaux am\u00e8nent \u00e0 repenser la place, le r\u00f4le et la formation de l\u2019ensemble des professionnels de sant\u00e9. Plus coop\u00e9rative, transversale et ax\u00e9e sur les nouvelles technologies, la m\u00e9decine de demain sera donc partag\u00e9e et plus \u00ab\u2009humaine\u2009\u00bb.<\/p>\n<script>function PlayerjsAsync(){} if(window[\"Playerjs\"]){PlayerjsAsync();}<\/script>","protected":false},"excerpt":{"rendered":"<p><span class=\"span-reading-time rt-reading-time\" style=\"display: block;\"><span class=\"rt-label rt-prefix\">Temps de lecture\u00a0: <\/span> <span class=\"rt-time\"> 9<\/span> <span class=\"rt-label rt-postfix\">minutes<\/span><\/span>Une \u00e9volution en miroir Une succession de r\u00e9formes cat\u00e9gorielles centr\u00e9es sur le statut et les connaissances Un si\u00e8cle de r\u00e9formes en silo D\u00e8s la fin du 19e si\u00e8cle et le d\u00e9but du 20e si\u00e8cle, une s\u00e9rie de textes l\u00e9gislatifs et r\u00e9glementaires dresse les principes des professions m\u00e9dicales et infirmi\u00e8res en vue de sortir de la charit\u00e9 et de professionnaliser les voies d\u2019acc\u00e8s\u2009: l\u2019article 1 de la loi Chevandier pose le&hellip; <\/p>\n","protected":false},"author":23133,"featured_media":0,"comment_status":"open","ping_status":"closed","sticky":false,"template":"","format":"standard","meta":{"_acf_changed":false,"_relevanssi_hide_post":"","_relevanssi_hide_content":"","_relevanssi_pin_for_all":"","_relevanssi_pin_keywords":"","_relevanssi_unpin_keywords":"","_relevanssi_related_keywords":"","_relevanssi_related_include_ids":"","_relevanssi_related_exclude_ids":"","_relevanssi_related_no_append":"","_relevanssi_related_not_related":"","_relevanssi_related_posts":"","_relevanssi_noindex_reason":"","footnotes":""},"categories":[26,2],"tags":[799,1497,6626,9,1319,903],"class_list":["post-43149","post","type-post","status-publish","format-standard","hentry","category-dossier","category-gestions-hospitalieres","tag-attractivite","tag-bien-etre","tag-etudes-medicales","tag-offre-de-soins","tag-qualite-de-vie","tag-reforme"],"acf":[],"yoast_head":"<!-- This site is optimized with the Yoast SEO plugin v24.8.1 - https:\/\/yoast.com\/wordpress\/plugins\/seo\/ -->\n<title>R\u00e9forme des \u00e9tudes m\u00e9dicales et param\u00e9dicales - Gestions hospitali\u00e8res<\/title>\n<meta name=\"robots\" content=\"index, follow, max-snippet:-1, max-image-preview:large, max-video-preview:-1\" \/>\n<link rel=\"canonical\" href=\"https:\/\/www.ricom-web8.com\/gestions\/reforme-des-etudes-medicales-et-paramedicales\/\" \/>\n<meta property=\"og:locale\" content=\"fr_FR\" \/>\n<meta property=\"og:type\" content=\"article\" \/>\n<meta property=\"og:title\" content=\"R\u00e9forme des \u00e9tudes m\u00e9dicales et param\u00e9dicales - Gestions hospitali\u00e8res\" \/>\n<meta property=\"og:description\" content=\"Temps de lecture\u00a0:  9 minutesUne \u00e9volution en miroir Une succession de r\u00e9formes cat\u00e9gorielles centr\u00e9es sur le statut et les connaissances Un si\u00e8cle de r\u00e9formes en silo D\u00e8s la fin du 19e si\u00e8cle et le d\u00e9but du 20e si\u00e8cle, une s\u00e9rie de textes l\u00e9gislatifs et r\u00e9glementaires dresse les principes des professions m\u00e9dicales et infirmi\u00e8res en vue de sortir de la charit\u00e9 et de professionnaliser les voies d\u2019acc\u00e8s\u2009: l\u2019article 1 de la loi Chevandier pose le&hellip;\" \/>\n<meta property=\"og:url\" content=\"https:\/\/www.ricom-web8.com\/gestions\/reforme-des-etudes-medicales-et-paramedicales\/\" \/>\n<meta property=\"og:site_name\" content=\"Gestions hospitali\u00e8res\" \/>\n<meta property=\"article:publisher\" content=\"https:\/\/www.facebook.com\/gestionshospitalieres\/\" \/>\n<meta property=\"article:published_time\" content=\"2021-03-01T10:16:02+00:00\" \/>\n<meta property=\"article:modified_time\" content=\"2021-03-30T09:27:53+00:00\" \/>\n<meta name=\"author\" content=\"Gestions hospitali\u00e8res\" \/>\n<meta name=\"twitter:card\" content=\"summary_large_image\" \/>\n<meta name=\"twitter:creator\" content=\"@revue_GH\" \/>\n<meta name=\"twitter:site\" content=\"@revue_GH\" \/>\n<meta name=\"twitter:label1\" content=\"\u00c9crit par\" \/>\n\t<meta name=\"twitter:data1\" content=\"Gestions hospitali\u00e8res\" \/>\n\t<meta name=\"twitter:label2\" content=\"Dur\u00e9e de lecture estim\u00e9e\" \/>\n\t<meta name=\"twitter:data2\" content=\"16 minutes\" \/>\n<script type=\"application\/ld+json\" class=\"yoast-schema-graph\">{\"@context\":\"https:\/\/schema.org\",\"@graph\":[{\"@type\":\"Article\",\"@id\":\"https:\/\/www.ricom-web8.com\/gestions\/reforme-des-etudes-medicales-et-paramedicales\/#article\",\"isPartOf\":{\"@id\":\"https:\/\/www.ricom-web8.com\/gestions\/reforme-des-etudes-medicales-et-paramedicales\/\"},\"author\":{\"name\":\"Gestions hospitali\u00e8res\",\"@id\":\"https:\/\/www.ricom-web8.com\/gestions\/#\/schema\/person\/3ba9fe913190dfe9507feb621e902c1f\"},\"headline\":\"R\u00e9forme des \u00e9tudes m\u00e9dicales et param\u00e9dicales\",\"datePublished\":\"2021-03-01T10:16:02+00:00\",\"dateModified\":\"2021-03-30T09:27:53+00:00\",\"mainEntityOfPage\":{\"@id\":\"https:\/\/www.ricom-web8.com\/gestions\/reforme-des-etudes-medicales-et-paramedicales\/\"},\"wordCount\":3115,\"commentCount\":0,\"publisher\":{\"@id\":\"https:\/\/www.ricom-web8.com\/gestions\/#organization\"},\"keywords\":[\"attractivit\u00e9\",\"bien-\u00eatre\",\"\u00e9tudes m\u00e9dicales\",\"offre de soins\",\"qualit\u00e9 de vie\",\"r\u00e9forme\"],\"articleSection\":[\"dossier\",\"Gestions Hospitali\u00e8res\"],\"inLanguage\":\"fr-FR\",\"potentialAction\":[{\"@type\":\"CommentAction\",\"name\":\"Comment\",\"target\":[\"https:\/\/www.ricom-web8.com\/gestions\/reforme-des-etudes-medicales-et-paramedicales\/#respond\"]}]},{\"@type\":\"WebPage\",\"@id\":\"https:\/\/www.ricom-web8.com\/gestions\/reforme-des-etudes-medicales-et-paramedicales\/\",\"url\":\"https:\/\/www.ricom-web8.com\/gestions\/reforme-des-etudes-medicales-et-paramedicales\/\",\"name\":\"R\u00e9forme des \u00e9tudes m\u00e9dicales et param\u00e9dicales - Gestions hospitali\u00e8res\",\"isPartOf\":{\"@id\":\"https:\/\/www.ricom-web8.com\/gestions\/#website\"},\"datePublished\":\"2021-03-01T10:16:02+00:00\",\"dateModified\":\"2021-03-30T09:27:53+00:00\",\"breadcrumb\":{\"@id\":\"https:\/\/www.ricom-web8.com\/gestions\/reforme-des-etudes-medicales-et-paramedicales\/#breadcrumb\"},\"inLanguage\":\"fr-FR\",\"potentialAction\":[{\"@type\":\"ReadAction\",\"target\":[\"https:\/\/www.ricom-web8.com\/gestions\/reforme-des-etudes-medicales-et-paramedicales\/\"]}]},{\"@type\":\"BreadcrumbList\",\"@id\":\"https:\/\/www.ricom-web8.com\/gestions\/reforme-des-etudes-medicales-et-paramedicales\/#breadcrumb\",\"itemListElement\":[{\"@type\":\"ListItem\",\"position\":1,\"name\":\"Accueil\",\"item\":\"https:\/\/www.ricom-web8.com\/gestions\/\"},{\"@type\":\"ListItem\",\"position\":2,\"name\":\"R\u00e9forme des \u00e9tudes m\u00e9dicales et param\u00e9dicales\"}]},{\"@type\":\"WebSite\",\"@id\":\"https:\/\/www.ricom-web8.com\/gestions\/#website\",\"url\":\"https:\/\/www.ricom-web8.com\/gestions\/\",\"name\":\"Gestions hospitali\u00e8res\",\"description\":\"la revue des d\u00e9cideurs hospitaliers\",\"publisher\":{\"@id\":\"https:\/\/www.ricom-web8.com\/gestions\/#organization\"},\"potentialAction\":[{\"@type\":\"SearchAction\",\"target\":{\"@type\":\"EntryPoint\",\"urlTemplate\":\"https:\/\/www.ricom-web8.com\/gestions\/?s={search_term_string}\"},\"query-input\":{\"@type\":\"PropertyValueSpecification\",\"valueRequired\":true,\"valueName\":\"search_term_string\"}}],\"inLanguage\":\"fr-FR\"},{\"@type\":\"Organization\",\"@id\":\"https:\/\/www.ricom-web8.com\/gestions\/#organization\",\"name\":\"Gestions hospitali\u00e8res\",\"url\":\"https:\/\/www.ricom-web8.com\/gestions\/\",\"logo\":{\"@type\":\"ImageObject\",\"inLanguage\":\"fr-FR\",\"@id\":\"https:\/\/www.ricom-web8.com\/gestions\/#\/schema\/logo\/image\/\",\"url\":\"https:\/\/gestions-hospitalieres.fr\/wp-content\/uploads\/2017\/02\/picto_Gif-GH-trans.png\",\"contentUrl\":\"https:\/\/gestions-hospitalieres.fr\/wp-content\/uploads\/2017\/02\/picto_Gif-GH-trans.png\",\"width\":512,\"height\":512,\"caption\":\"Gestions hospitali\u00e8res\"},\"image\":{\"@id\":\"https:\/\/www.ricom-web8.com\/gestions\/#\/schema\/logo\/image\/\"},\"sameAs\":[\"https:\/\/www.facebook.com\/gestionshospitalieres\/\",\"https:\/\/x.com\/revue_GH\",\"https:\/\/www.linkedin.com\/company\/gestions-hospitalieres?trk=top_nav_home\"]},{\"@type\":\"Person\",\"@id\":\"https:\/\/www.ricom-web8.com\/gestions\/#\/schema\/person\/3ba9fe913190dfe9507feb621e902c1f\",\"name\":\"Gestions hospitali\u00e8res\",\"image\":{\"@type\":\"ImageObject\",\"inLanguage\":\"fr-FR\",\"@id\":\"https:\/\/www.ricom-web8.com\/gestions\/#\/schema\/person\/image\/\",\"url\":\"https:\/\/secure.gravatar.com\/avatar\/1a0d93e6db5dbe7dac96bae4757d256f?s=96&d=mm&r=g\",\"contentUrl\":\"https:\/\/secure.gravatar.com\/avatar\/1a0d93e6db5dbe7dac96bae4757d256f?s=96&d=mm&r=g\",\"caption\":\"Gestions hospitali\u00e8res\"},\"url\":\"https:\/\/www.ricom-web8.com\/gestions\/author\/benjamin\/\"}]}<\/script>\n<!-- \/ Yoast SEO plugin. -->","yoast_head_json":{"title":"R\u00e9forme des \u00e9tudes m\u00e9dicales et param\u00e9dicales - Gestions hospitali\u00e8res","robots":{"index":"index","follow":"follow","max-snippet":"max-snippet:-1","max-image-preview":"max-image-preview:large","max-video-preview":"max-video-preview:-1"},"canonical":"https:\/\/www.ricom-web8.com\/gestions\/reforme-des-etudes-medicales-et-paramedicales\/","og_locale":"fr_FR","og_type":"article","og_title":"R\u00e9forme des \u00e9tudes m\u00e9dicales et param\u00e9dicales - Gestions hospitali\u00e8res","og_description":"Temps de lecture\u00a0:  9 minutesUne \u00e9volution en miroir Une succession de r\u00e9formes cat\u00e9gorielles centr\u00e9es sur le statut et les connaissances Un si\u00e8cle de r\u00e9formes en silo D\u00e8s la fin du 19e si\u00e8cle et le d\u00e9but du 20e si\u00e8cle, une s\u00e9rie de textes l\u00e9gislatifs et r\u00e9glementaires dresse les principes des professions m\u00e9dicales et infirmi\u00e8res en vue de sortir de la charit\u00e9 et de professionnaliser les voies d\u2019acc\u00e8s\u2009: l\u2019article 1 de la loi Chevandier pose le&hellip;","og_url":"https:\/\/www.ricom-web8.com\/gestions\/reforme-des-etudes-medicales-et-paramedicales\/","og_site_name":"Gestions hospitali\u00e8res","article_publisher":"https:\/\/www.facebook.com\/gestionshospitalieres\/","article_published_time":"2021-03-01T10:16:02+00:00","article_modified_time":"2021-03-30T09:27:53+00:00","author":"Gestions hospitali\u00e8res","twitter_card":"summary_large_image","twitter_creator":"@revue_GH","twitter_site":"@revue_GH","twitter_misc":{"\u00c9crit par":"Gestions hospitali\u00e8res","Dur\u00e9e de lecture estim\u00e9e":"16 minutes"},"schema":{"@context":"https:\/\/schema.org","@graph":[{"@type":"Article","@id":"https:\/\/www.ricom-web8.com\/gestions\/reforme-des-etudes-medicales-et-paramedicales\/#article","isPartOf":{"@id":"https:\/\/www.ricom-web8.com\/gestions\/reforme-des-etudes-medicales-et-paramedicales\/"},"author":{"name":"Gestions hospitali\u00e8res","@id":"https:\/\/www.ricom-web8.com\/gestions\/#\/schema\/person\/3ba9fe913190dfe9507feb621e902c1f"},"headline":"R\u00e9forme des \u00e9tudes m\u00e9dicales et param\u00e9dicales","datePublished":"2021-03-01T10:16:02+00:00","dateModified":"2021-03-30T09:27:53+00:00","mainEntityOfPage":{"@id":"https:\/\/www.ricom-web8.com\/gestions\/reforme-des-etudes-medicales-et-paramedicales\/"},"wordCount":3115,"commentCount":0,"publisher":{"@id":"https:\/\/www.ricom-web8.com\/gestions\/#organization"},"keywords":["attractivit\u00e9","bien-\u00eatre","\u00e9tudes m\u00e9dicales","offre de soins","qualit\u00e9 de vie","r\u00e9forme"],"articleSection":["dossier","Gestions Hospitali\u00e8res"],"inLanguage":"fr-FR","potentialAction":[{"@type":"CommentAction","name":"Comment","target":["https:\/\/www.ricom-web8.com\/gestions\/reforme-des-etudes-medicales-et-paramedicales\/#respond"]}]},{"@type":"WebPage","@id":"https:\/\/www.ricom-web8.com\/gestions\/reforme-des-etudes-medicales-et-paramedicales\/","url":"https:\/\/www.ricom-web8.com\/gestions\/reforme-des-etudes-medicales-et-paramedicales\/","name":"R\u00e9forme des \u00e9tudes m\u00e9dicales et param\u00e9dicales - Gestions hospitali\u00e8res","isPartOf":{"@id":"https:\/\/www.ricom-web8.com\/gestions\/#website"},"datePublished":"2021-03-01T10:16:02+00:00","dateModified":"2021-03-30T09:27:53+00:00","breadcrumb":{"@id":"https:\/\/www.ricom-web8.com\/gestions\/reforme-des-etudes-medicales-et-paramedicales\/#breadcrumb"},"inLanguage":"fr-FR","potentialAction":[{"@type":"ReadAction","target":["https:\/\/www.ricom-web8.com\/gestions\/reforme-des-etudes-medicales-et-paramedicales\/"]}]},{"@type":"BreadcrumbList","@id":"https:\/\/www.ricom-web8.com\/gestions\/reforme-des-etudes-medicales-et-paramedicales\/#breadcrumb","itemListElement":[{"@type":"ListItem","position":1,"name":"Accueil","item":"https:\/\/www.ricom-web8.com\/gestions\/"},{"@type":"ListItem","position":2,"name":"R\u00e9forme des \u00e9tudes m\u00e9dicales et param\u00e9dicales"}]},{"@type":"WebSite","@id":"https:\/\/www.ricom-web8.com\/gestions\/#website","url":"https:\/\/www.ricom-web8.com\/gestions\/","name":"Gestions hospitali\u00e8res","description":"la revue des d\u00e9cideurs hospitaliers","publisher":{"@id":"https:\/\/www.ricom-web8.com\/gestions\/#organization"},"potentialAction":[{"@type":"SearchAction","target":{"@type":"EntryPoint","urlTemplate":"https:\/\/www.ricom-web8.com\/gestions\/?s={search_term_string}"},"query-input":{"@type":"PropertyValueSpecification","valueRequired":true,"valueName":"search_term_string"}}],"inLanguage":"fr-FR"},{"@type":"Organization","@id":"https:\/\/www.ricom-web8.com\/gestions\/#organization","name":"Gestions hospitali\u00e8res","url":"https:\/\/www.ricom-web8.com\/gestions\/","logo":{"@type":"ImageObject","inLanguage":"fr-FR","@id":"https:\/\/www.ricom-web8.com\/gestions\/#\/schema\/logo\/image\/","url":"https:\/\/gestions-hospitalieres.fr\/wp-content\/uploads\/2017\/02\/picto_Gif-GH-trans.png","contentUrl":"https:\/\/gestions-hospitalieres.fr\/wp-content\/uploads\/2017\/02\/picto_Gif-GH-trans.png","width":512,"height":512,"caption":"Gestions hospitali\u00e8res"},"image":{"@id":"https:\/\/www.ricom-web8.com\/gestions\/#\/schema\/logo\/image\/"},"sameAs":["https:\/\/www.facebook.com\/gestionshospitalieres\/","https:\/\/x.com\/revue_GH","https:\/\/www.linkedin.com\/company\/gestions-hospitalieres?trk=top_nav_home"]},{"@type":"Person","@id":"https:\/\/www.ricom-web8.com\/gestions\/#\/schema\/person\/3ba9fe913190dfe9507feb621e902c1f","name":"Gestions hospitali\u00e8res","image":{"@type":"ImageObject","inLanguage":"fr-FR","@id":"https:\/\/www.ricom-web8.com\/gestions\/#\/schema\/person\/image\/","url":"https:\/\/secure.gravatar.com\/avatar\/1a0d93e6db5dbe7dac96bae4757d256f?s=96&d=mm&r=g","contentUrl":"https:\/\/secure.gravatar.com\/avatar\/1a0d93e6db5dbe7dac96bae4757d256f?s=96&d=mm&r=g","caption":"Gestions hospitali\u00e8res"},"url":"https:\/\/www.ricom-web8.com\/gestions\/author\/benjamin\/"}]}},"_links":{"self":[{"href":"https:\/\/www.ricom-web8.com\/gestions\/wp-json\/wp\/v2\/posts\/43149","targetHints":{"allow":["GET"]}}],"collection":[{"href":"https:\/\/www.ricom-web8.com\/gestions\/wp-json\/wp\/v2\/posts"}],"about":[{"href":"https:\/\/www.ricom-web8.com\/gestions\/wp-json\/wp\/v2\/types\/post"}],"author":[{"embeddable":true,"href":"https:\/\/www.ricom-web8.com\/gestions\/wp-json\/wp\/v2\/users\/23133"}],"replies":[{"embeddable":true,"href":"https:\/\/www.ricom-web8.com\/gestions\/wp-json\/wp\/v2\/comments?post=43149"}],"version-history":[{"count":0,"href":"https:\/\/www.ricom-web8.com\/gestions\/wp-json\/wp\/v2\/posts\/43149\/revisions"}],"wp:attachment":[{"href":"https:\/\/www.ricom-web8.com\/gestions\/wp-json\/wp\/v2\/media?parent=43149"}],"wp:term":[{"taxonomy":"category","embeddable":true,"href":"https:\/\/www.ricom-web8.com\/gestions\/wp-json\/wp\/v2\/categories?post=43149"},{"taxonomy":"post_tag","embeddable":true,"href":"https:\/\/www.ricom-web8.com\/gestions\/wp-json\/wp\/v2\/tags?post=43149"}],"curies":[{"name":"wp","href":"https:\/\/api.w.org\/{rel}","templated":true}]}}