

{"id":43474,"date":"2021-07-01T15:49:49","date_gmt":"2021-07-01T13:49:49","guid":{"rendered":"https:\/\/gestions-hospitalieres.fr\/?p=43474"},"modified":"2021-09-20T16:45:34","modified_gmt":"2021-09-20T14:45:34","slug":"ce-quil-faut-de-nuit-laurent-petitmangin","status":"publish","type":"post","link":"https:\/\/www.ricom-web8.com\/gestions\/ce-quil-faut-de-nuit-laurent-petitmangin\/","title":{"rendered":"Ce qu\u2019il faut de nuit"},"content":{"rendered":"<span class=\"span-reading-time rt-reading-time\" style=\"display: block;\"><span class=\"rt-label rt-prefix\">Temps de lecture\u00a0: <\/span> <span class=\"rt-time\"> &lt;\u00a01<\/span> <span class=\"rt-label rt-postfix\">minute<\/span><\/span><p>\u00c9crit \u00e0 la premi\u00e8re personne \u2013 le narrateur, un p\u00e8re qui \u00e9l\u00e8ve seul ses deux enfants quelque part en Loraine\u2013, ce r\u00e9cit nous plonge dans le quotidien d\u2019une famille modeste, unie et heureuse malgr\u00e9 les malheurs. Un jour, le fils de ce militant socialiste fid\u00e8le, bascule id\u00e9ologiquement, dans le sens des id\u00e9es fondamentalement oppos\u00e9es \u00e0 celles de son p\u00e8re.<span class=\"Apple-converted-space\">\u00a0<\/span><\/p>\n<p>Il y a des livres sur lesquels il est difficile d\u2019\u00e9crire, qui flirtent avec le chef-d\u2019\u0153uvre, ceux o\u00f9 la profondeur des faits se m\u00ealent<span class=\"Apple-converted-space\">\u00a0 <\/span>\u00e0 la po\u00e9sie du style. Si vous ne devez lire qu\u2019un livre parmi les titres publi\u00e9s depuis trois\u00a0ans, lisez celui-ci\u2009!<\/p>\n<p><i>\u00ab\u2009Ao\u00fbt, c\u2019est le meilleur mois dans notre coin. La saison des mirabelles. La lumi\u00e8re vers les cinq heures de l\u2019apr\u00e8s-midi est la plus belle qu\u2019on peut voir toute l\u2019ann\u00e9e. Dor\u00e9e, puissante, sucr\u00e9e et pourtant pleine de fra\u00eecheur. D\u00e9j\u00e0, p\u00e9n\u00e9tr\u00e9e de l\u2019automne, travers\u00e9e de zestes de vert et de bleu.\u2009\u2009\u00bb<\/i><\/p>\n<p><strong>Infos<\/strong> La Manufacture de livres, 192 pages, ao\u00fbt 2020, 16,50\u20ac<\/p>\n<p><img decoding=\"async\" class=\"alignleft size-medium wp-image-43475\" src=\"https:\/\/gestions-hospitalieres.fr\/wp-content\/uploads\/2021\/07\/couv-ce-qu-il-faut-de-nuit-5e981cc27a8ee-180x300.jpg\" alt=\"\" width=\"180\" height=\"300\" \/><\/p>\n<script>function PlayerjsAsync(){} if(window[\"Playerjs\"]){PlayerjsAsync();}<\/script>","protected":false},"excerpt":{"rendered":"<p><span class=\"span-reading-time rt-reading-time\" style=\"display: block;\"><span class=\"rt-label rt-prefix\">Temps de lecture\u00a0: <\/span> <span class=\"rt-time\"> &lt;\u00a01<\/span> <span class=\"rt-label rt-postfix\">minute<\/span><\/span>\u00c9crit \u00e0 la premi\u00e8re personne \u2013 le narrateur, un p\u00e8re qui \u00e9l\u00e8ve seul ses deux enfants quelque part en Loraine\u2013, ce r\u00e9cit nous plonge dans le quotidien d\u2019une famille modeste, unie et heureuse malgr\u00e9 les malheurs. Un jour, le fils de ce militant socialiste fid\u00e8le, bascule id\u00e9ologiquement, dans le sens des id\u00e9es fondamentalement oppos\u00e9es \u00e0 celles de son p\u00e8re.\u00a0 Il y a des livres sur lesquels il est difficile d\u2019\u00e9crire,&hellip; <\/p>\n","protected":false},"author":23133,"featured_media":0,"comment_status":"open","ping_status":"closed","sticky":false,"template":"","format":"standard","meta":{"_acf_changed":false,"_relevanssi_hide_post":"","_relevanssi_hide_content":"","_relevanssi_pin_for_all":"","_relevanssi_pin_keywords":"","_relevanssi_unpin_keywords":"","_relevanssi_related_keywords":"","_relevanssi_related_include_ids":"","_relevanssi_related_exclude_ids":"","_relevanssi_related_no_append":"","_relevanssi_related_not_related":"","_relevanssi_related_posts":"","_relevanssi_noindex_reason":"","footnotes":""},"categories":[2,6515],"tags":[8554,8555,7926,748],"class_list":["post-43474","post","type-post","status-publish","format-standard","hentry","category-gestions-hospitalieres","category-livres","tag-ce-quil-faut-de-nuit","tag-laurent-petitmangin","tag-lecture","tag-livre"],"acf":[],"yoast_head":"<!-- This site is optimized with the Yoast SEO plugin v24.8.1 - https:\/\/yoast.com\/wordpress\/plugins\/seo\/ -->\n<title>Ce qu\u2019il faut de nuit - Gestions hospitali\u00e8res<\/title>\n<meta name=\"robots\" content=\"index, follow, max-snippet:-1, max-image-preview:large, max-video-preview:-1\" \/>\n<link rel=\"canonical\" href=\"https:\/\/www.ricom-web8.com\/gestions\/ce-quil-faut-de-nuit-laurent-petitmangin\/\" \/>\n<meta property=\"og:locale\" content=\"fr_FR\" \/>\n<meta property=\"og:type\" content=\"article\" \/>\n<meta property=\"og:title\" content=\"Ce qu\u2019il faut de nuit - Gestions hospitali\u00e8res\" \/>\n<meta property=\"og:description\" content=\"Temps de lecture\u00a0:  &lt;\u00a01 minute\u00c9crit \u00e0 la premi\u00e8re personne \u2013 le narrateur, un p\u00e8re qui \u00e9l\u00e8ve seul ses deux enfants quelque part en Loraine\u2013, ce r\u00e9cit nous plonge dans le quotidien d\u2019une famille modeste, unie et heureuse malgr\u00e9 les malheurs. Un jour, le fils de ce militant socialiste fid\u00e8le, bascule id\u00e9ologiquement, dans le sens des id\u00e9es fondamentalement oppos\u00e9es \u00e0 celles de son p\u00e8re.\u00a0 Il y a des livres sur lesquels il est difficile d\u2019\u00e9crire,&hellip;\" \/>\n<meta property=\"og:url\" content=\"https:\/\/www.ricom-web8.com\/gestions\/ce-quil-faut-de-nuit-laurent-petitmangin\/\" \/>\n<meta property=\"og:site_name\" content=\"Gestions hospitali\u00e8res\" \/>\n<meta property=\"article:publisher\" content=\"https:\/\/www.facebook.com\/gestionshospitalieres\/\" \/>\n<meta property=\"article:published_time\" content=\"2021-07-01T13:49:49+00:00\" \/>\n<meta property=\"article:modified_time\" content=\"2021-09-20T14:45:34+00:00\" \/>\n<meta property=\"og:image\" content=\"https:\/\/gestions-hospitalieres.fr\/wp-content\/uploads\/2021\/07\/couv-ce-qu-il-faut-de-nuit-5e981cc27a8ee-180x300.jpg\" \/>\n<meta name=\"author\" content=\"Gestions hospitali\u00e8res\" \/>\n<meta name=\"twitter:card\" content=\"summary_large_image\" \/>\n<meta name=\"twitter:creator\" content=\"@revue_GH\" \/>\n<meta name=\"twitter:site\" content=\"@revue_GH\" \/>\n<meta name=\"twitter:label1\" content=\"\u00c9crit par\" \/>\n\t<meta name=\"twitter:data1\" content=\"Gestions hospitali\u00e8res\" \/>\n\t<meta name=\"twitter:label2\" content=\"Dur\u00e9e de lecture estim\u00e9e\" \/>\n\t<meta name=\"twitter:data2\" content=\"1 minute\" \/>\n<script type=\"application\/ld+json\" class=\"yoast-schema-graph\">{\"@context\":\"https:\/\/schema.org\",\"@graph\":[{\"@type\":\"Article\",\"@id\":\"https:\/\/www.ricom-web8.com\/gestions\/ce-quil-faut-de-nuit-laurent-petitmangin\/#article\",\"isPartOf\":{\"@id\":\"https:\/\/www.ricom-web8.com\/gestions\/ce-quil-faut-de-nuit-laurent-petitmangin\/\"},\"author\":{\"name\":\"Gestions hospitali\u00e8res\",\"@id\":\"https:\/\/www.ricom-web8.com\/gestions\/#\/schema\/person\/3ba9fe913190dfe9507feb621e902c1f\"},\"headline\":\"Ce qu\u2019il faut de nuit\",\"datePublished\":\"2021-07-01T13:49:49+00:00\",\"dateModified\":\"2021-09-20T14:45:34+00:00\",\"mainEntityOfPage\":{\"@id\":\"https:\/\/www.ricom-web8.com\/gestions\/ce-quil-faut-de-nuit-laurent-petitmangin\/\"},\"wordCount\":196,\"commentCount\":0,\"publisher\":{\"@id\":\"https:\/\/www.ricom-web8.com\/gestions\/#organization\"},\"image\":{\"@id\":\"https:\/\/www.ricom-web8.com\/gestions\/ce-quil-faut-de-nuit-laurent-petitmangin\/#primaryimage\"},\"thumbnailUrl\":\"https:\/\/gestions-hospitalieres.fr\/wp-content\/uploads\/2021\/07\/couv-ce-qu-il-faut-de-nuit-5e981cc27a8ee-180x300.jpg\",\"keywords\":[\"Ce qu'il faut de nuit\",\"Laurent Petitmangin\",\"lecture\",\"livre\"],\"articleSection\":[\"Gestions Hospitali\u00e8res\",\"livres\"],\"inLanguage\":\"fr-FR\",\"potentialAction\":[{\"@type\":\"CommentAction\",\"name\":\"Comment\",\"target\":[\"https:\/\/www.ricom-web8.com\/gestions\/ce-quil-faut-de-nuit-laurent-petitmangin\/#respond\"]}]},{\"@type\":\"WebPage\",\"@id\":\"https:\/\/www.ricom-web8.com\/gestions\/ce-quil-faut-de-nuit-laurent-petitmangin\/\",\"url\":\"https:\/\/www.ricom-web8.com\/gestions\/ce-quil-faut-de-nuit-laurent-petitmangin\/\",\"name\":\"Ce qu\u2019il faut de nuit - Gestions hospitali\u00e8res\",\"isPartOf\":{\"@id\":\"https:\/\/www.ricom-web8.com\/gestions\/#website\"},\"primaryImageOfPage\":{\"@id\":\"https:\/\/www.ricom-web8.com\/gestions\/ce-quil-faut-de-nuit-laurent-petitmangin\/#primaryimage\"},\"image\":{\"@id\":\"https:\/\/www.ricom-web8.com\/gestions\/ce-quil-faut-de-nuit-laurent-petitmangin\/#primaryimage\"},\"thumbnailUrl\":\"https:\/\/gestions-hospitalieres.fr\/wp-content\/uploads\/2021\/07\/couv-ce-qu-il-faut-de-nuit-5e981cc27a8ee-180x300.jpg\",\"datePublished\":\"2021-07-01T13:49:49+00:00\",\"dateModified\":\"2021-09-20T14:45:34+00:00\",\"breadcrumb\":{\"@id\":\"https:\/\/www.ricom-web8.com\/gestions\/ce-quil-faut-de-nuit-laurent-petitmangin\/#breadcrumb\"},\"inLanguage\":\"fr-FR\",\"potentialAction\":[{\"@type\":\"ReadAction\",\"target\":[\"https:\/\/www.ricom-web8.com\/gestions\/ce-quil-faut-de-nuit-laurent-petitmangin\/\"]}]},{\"@type\":\"ImageObject\",\"inLanguage\":\"fr-FR\",\"@id\":\"https:\/\/www.ricom-web8.com\/gestions\/ce-quil-faut-de-nuit-laurent-petitmangin\/#primaryimage\",\"url\":\"https:\/\/gestions-hospitalieres.fr\/wp-content\/uploads\/2021\/07\/couv-ce-qu-il-faut-de-nuit-5e981cc27a8ee-180x300.jpg\",\"contentUrl\":\"https:\/\/gestions-hospitalieres.fr\/wp-content\/uploads\/2021\/07\/couv-ce-qu-il-faut-de-nuit-5e981cc27a8ee-180x300.jpg\"},{\"@type\":\"BreadcrumbList\",\"@id\":\"https:\/\/www.ricom-web8.com\/gestions\/ce-quil-faut-de-nuit-laurent-petitmangin\/#breadcrumb\",\"itemListElement\":[{\"@type\":\"ListItem\",\"position\":1,\"name\":\"Accueil\",\"item\":\"https:\/\/www.ricom-web8.com\/gestions\/\"},{\"@type\":\"ListItem\",\"position\":2,\"name\":\"Ce qu\u2019il faut de nuit\"}]},{\"@type\":\"WebSite\",\"@id\":\"https:\/\/www.ricom-web8.com\/gestions\/#website\",\"url\":\"https:\/\/www.ricom-web8.com\/gestions\/\",\"name\":\"Gestions hospitali\u00e8res\",\"description\":\"la revue des d\u00e9cideurs hospitaliers\",\"publisher\":{\"@id\":\"https:\/\/www.ricom-web8.com\/gestions\/#organization\"},\"potentialAction\":[{\"@type\":\"SearchAction\",\"target\":{\"@type\":\"EntryPoint\",\"urlTemplate\":\"https:\/\/www.ricom-web8.com\/gestions\/?s={search_term_string}\"},\"query-input\":{\"@type\":\"PropertyValueSpecification\",\"valueRequired\":true,\"valueName\":\"search_term_string\"}}],\"inLanguage\":\"fr-FR\"},{\"@type\":\"Organization\",\"@id\":\"https:\/\/www.ricom-web8.com\/gestions\/#organization\",\"name\":\"Gestions hospitali\u00e8res\",\"url\":\"https:\/\/www.ricom-web8.com\/gestions\/\",\"logo\":{\"@type\":\"ImageObject\",\"inLanguage\":\"fr-FR\",\"@id\":\"https:\/\/www.ricom-web8.com\/gestions\/#\/schema\/logo\/image\/\",\"url\":\"https:\/\/gestions-hospitalieres.fr\/wp-content\/uploads\/2017\/02\/picto_Gif-GH-trans.png\",\"contentUrl\":\"https:\/\/gestions-hospitalieres.fr\/wp-content\/uploads\/2017\/02\/picto_Gif-GH-trans.png\",\"width\":512,\"height\":512,\"caption\":\"Gestions hospitali\u00e8res\"},\"image\":{\"@id\":\"https:\/\/www.ricom-web8.com\/gestions\/#\/schema\/logo\/image\/\"},\"sameAs\":[\"https:\/\/www.facebook.com\/gestionshospitalieres\/\",\"https:\/\/x.com\/revue_GH\",\"https:\/\/www.linkedin.com\/company\/gestions-hospitalieres?trk=top_nav_home\"]},{\"@type\":\"Person\",\"@id\":\"https:\/\/www.ricom-web8.com\/gestions\/#\/schema\/person\/3ba9fe913190dfe9507feb621e902c1f\",\"name\":\"Gestions hospitali\u00e8res\",\"image\":{\"@type\":\"ImageObject\",\"inLanguage\":\"fr-FR\",\"@id\":\"https:\/\/www.ricom-web8.com\/gestions\/#\/schema\/person\/image\/\",\"url\":\"https:\/\/secure.gravatar.com\/avatar\/1a0d93e6db5dbe7dac96bae4757d256f?s=96&d=mm&r=g\",\"contentUrl\":\"https:\/\/secure.gravatar.com\/avatar\/1a0d93e6db5dbe7dac96bae4757d256f?s=96&d=mm&r=g\",\"caption\":\"Gestions hospitali\u00e8res\"},\"url\":\"https:\/\/www.ricom-web8.com\/gestions\/author\/benjamin\/\"}]}<\/script>\n<!-- \/ Yoast SEO plugin. -->","yoast_head_json":{"title":"Ce qu\u2019il faut de nuit - Gestions hospitali\u00e8res","robots":{"index":"index","follow":"follow","max-snippet":"max-snippet:-1","max-image-preview":"max-image-preview:large","max-video-preview":"max-video-preview:-1"},"canonical":"https:\/\/www.ricom-web8.com\/gestions\/ce-quil-faut-de-nuit-laurent-petitmangin\/","og_locale":"fr_FR","og_type":"article","og_title":"Ce qu\u2019il faut de nuit - Gestions hospitali\u00e8res","og_description":"Temps de lecture\u00a0:  &lt;\u00a01 minute\u00c9crit \u00e0 la premi\u00e8re personne \u2013 le narrateur, un p\u00e8re qui \u00e9l\u00e8ve seul ses deux enfants quelque part en Loraine\u2013, ce r\u00e9cit nous plonge dans le quotidien d\u2019une famille modeste, unie et heureuse malgr\u00e9 les malheurs. Un jour, le fils de ce militant socialiste fid\u00e8le, bascule id\u00e9ologiquement, dans le sens des id\u00e9es fondamentalement oppos\u00e9es \u00e0 celles de son p\u00e8re.\u00a0 Il y a des livres sur lesquels il est difficile d\u2019\u00e9crire,&hellip;","og_url":"https:\/\/www.ricom-web8.com\/gestions\/ce-quil-faut-de-nuit-laurent-petitmangin\/","og_site_name":"Gestions hospitali\u00e8res","article_publisher":"https:\/\/www.facebook.com\/gestionshospitalieres\/","article_published_time":"2021-07-01T13:49:49+00:00","article_modified_time":"2021-09-20T14:45:34+00:00","og_image":[{"url":"https:\/\/gestions-hospitalieres.fr\/wp-content\/uploads\/2021\/07\/couv-ce-qu-il-faut-de-nuit-5e981cc27a8ee-180x300.jpg","type":"","width":"","height":""}],"author":"Gestions hospitali\u00e8res","twitter_card":"summary_large_image","twitter_creator":"@revue_GH","twitter_site":"@revue_GH","twitter_misc":{"\u00c9crit par":"Gestions hospitali\u00e8res","Dur\u00e9e de lecture estim\u00e9e":"1 minute"},"schema":{"@context":"https:\/\/schema.org","@graph":[{"@type":"Article","@id":"https:\/\/www.ricom-web8.com\/gestions\/ce-quil-faut-de-nuit-laurent-petitmangin\/#article","isPartOf":{"@id":"https:\/\/www.ricom-web8.com\/gestions\/ce-quil-faut-de-nuit-laurent-petitmangin\/"},"author":{"name":"Gestions hospitali\u00e8res","@id":"https:\/\/www.ricom-web8.com\/gestions\/#\/schema\/person\/3ba9fe913190dfe9507feb621e902c1f"},"headline":"Ce qu\u2019il faut de nuit","datePublished":"2021-07-01T13:49:49+00:00","dateModified":"2021-09-20T14:45:34+00:00","mainEntityOfPage":{"@id":"https:\/\/www.ricom-web8.com\/gestions\/ce-quil-faut-de-nuit-laurent-petitmangin\/"},"wordCount":196,"commentCount":0,"publisher":{"@id":"https:\/\/www.ricom-web8.com\/gestions\/#organization"},"image":{"@id":"https:\/\/www.ricom-web8.com\/gestions\/ce-quil-faut-de-nuit-laurent-petitmangin\/#primaryimage"},"thumbnailUrl":"https:\/\/gestions-hospitalieres.fr\/wp-content\/uploads\/2021\/07\/couv-ce-qu-il-faut-de-nuit-5e981cc27a8ee-180x300.jpg","keywords":["Ce qu'il faut de nuit","Laurent Petitmangin","lecture","livre"],"articleSection":["Gestions Hospitali\u00e8res","livres"],"inLanguage":"fr-FR","potentialAction":[{"@type":"CommentAction","name":"Comment","target":["https:\/\/www.ricom-web8.com\/gestions\/ce-quil-faut-de-nuit-laurent-petitmangin\/#respond"]}]},{"@type":"WebPage","@id":"https:\/\/www.ricom-web8.com\/gestions\/ce-quil-faut-de-nuit-laurent-petitmangin\/","url":"https:\/\/www.ricom-web8.com\/gestions\/ce-quil-faut-de-nuit-laurent-petitmangin\/","name":"Ce qu\u2019il faut de nuit - Gestions hospitali\u00e8res","isPartOf":{"@id":"https:\/\/www.ricom-web8.com\/gestions\/#website"},"primaryImageOfPage":{"@id":"https:\/\/www.ricom-web8.com\/gestions\/ce-quil-faut-de-nuit-laurent-petitmangin\/#primaryimage"},"image":{"@id":"https:\/\/www.ricom-web8.com\/gestions\/ce-quil-faut-de-nuit-laurent-petitmangin\/#primaryimage"},"thumbnailUrl":"https:\/\/gestions-hospitalieres.fr\/wp-content\/uploads\/2021\/07\/couv-ce-qu-il-faut-de-nuit-5e981cc27a8ee-180x300.jpg","datePublished":"2021-07-01T13:49:49+00:00","dateModified":"2021-09-20T14:45:34+00:00","breadcrumb":{"@id":"https:\/\/www.ricom-web8.com\/gestions\/ce-quil-faut-de-nuit-laurent-petitmangin\/#breadcrumb"},"inLanguage":"fr-FR","potentialAction":[{"@type":"ReadAction","target":["https:\/\/www.ricom-web8.com\/gestions\/ce-quil-faut-de-nuit-laurent-petitmangin\/"]}]},{"@type":"ImageObject","inLanguage":"fr-FR","@id":"https:\/\/www.ricom-web8.com\/gestions\/ce-quil-faut-de-nuit-laurent-petitmangin\/#primaryimage","url":"https:\/\/gestions-hospitalieres.fr\/wp-content\/uploads\/2021\/07\/couv-ce-qu-il-faut-de-nuit-5e981cc27a8ee-180x300.jpg","contentUrl":"https:\/\/gestions-hospitalieres.fr\/wp-content\/uploads\/2021\/07\/couv-ce-qu-il-faut-de-nuit-5e981cc27a8ee-180x300.jpg"},{"@type":"BreadcrumbList","@id":"https:\/\/www.ricom-web8.com\/gestions\/ce-quil-faut-de-nuit-laurent-petitmangin\/#breadcrumb","itemListElement":[{"@type":"ListItem","position":1,"name":"Accueil","item":"https:\/\/www.ricom-web8.com\/gestions\/"},{"@type":"ListItem","position":2,"name":"Ce qu\u2019il faut de nuit"}]},{"@type":"WebSite","@id":"https:\/\/www.ricom-web8.com\/gestions\/#website","url":"https:\/\/www.ricom-web8.com\/gestions\/","name":"Gestions hospitali\u00e8res","description":"la revue des d\u00e9cideurs hospitaliers","publisher":{"@id":"https:\/\/www.ricom-web8.com\/gestions\/#organization"},"potentialAction":[{"@type":"SearchAction","target":{"@type":"EntryPoint","urlTemplate":"https:\/\/www.ricom-web8.com\/gestions\/?s={search_term_string}"},"query-input":{"@type":"PropertyValueSpecification","valueRequired":true,"valueName":"search_term_string"}}],"inLanguage":"fr-FR"},{"@type":"Organization","@id":"https:\/\/www.ricom-web8.com\/gestions\/#organization","name":"Gestions hospitali\u00e8res","url":"https:\/\/www.ricom-web8.com\/gestions\/","logo":{"@type":"ImageObject","inLanguage":"fr-FR","@id":"https:\/\/www.ricom-web8.com\/gestions\/#\/schema\/logo\/image\/","url":"https:\/\/gestions-hospitalieres.fr\/wp-content\/uploads\/2017\/02\/picto_Gif-GH-trans.png","contentUrl":"https:\/\/gestions-hospitalieres.fr\/wp-content\/uploads\/2017\/02\/picto_Gif-GH-trans.png","width":512,"height":512,"caption":"Gestions hospitali\u00e8res"},"image":{"@id":"https:\/\/www.ricom-web8.com\/gestions\/#\/schema\/logo\/image\/"},"sameAs":["https:\/\/www.facebook.com\/gestionshospitalieres\/","https:\/\/x.com\/revue_GH","https:\/\/www.linkedin.com\/company\/gestions-hospitalieres?trk=top_nav_home"]},{"@type":"Person","@id":"https:\/\/www.ricom-web8.com\/gestions\/#\/schema\/person\/3ba9fe913190dfe9507feb621e902c1f","name":"Gestions hospitali\u00e8res","image":{"@type":"ImageObject","inLanguage":"fr-FR","@id":"https:\/\/www.ricom-web8.com\/gestions\/#\/schema\/person\/image\/","url":"https:\/\/secure.gravatar.com\/avatar\/1a0d93e6db5dbe7dac96bae4757d256f?s=96&d=mm&r=g","contentUrl":"https:\/\/secure.gravatar.com\/avatar\/1a0d93e6db5dbe7dac96bae4757d256f?s=96&d=mm&r=g","caption":"Gestions hospitali\u00e8res"},"url":"https:\/\/www.ricom-web8.com\/gestions\/author\/benjamin\/"}]}},"_links":{"self":[{"href":"https:\/\/www.ricom-web8.com\/gestions\/wp-json\/wp\/v2\/posts\/43474","targetHints":{"allow":["GET"]}}],"collection":[{"href":"https:\/\/www.ricom-web8.com\/gestions\/wp-json\/wp\/v2\/posts"}],"about":[{"href":"https:\/\/www.ricom-web8.com\/gestions\/wp-json\/wp\/v2\/types\/post"}],"author":[{"embeddable":true,"href":"https:\/\/www.ricom-web8.com\/gestions\/wp-json\/wp\/v2\/users\/23133"}],"replies":[{"embeddable":true,"href":"https:\/\/www.ricom-web8.com\/gestions\/wp-json\/wp\/v2\/comments?post=43474"}],"version-history":[{"count":0,"href":"https:\/\/www.ricom-web8.com\/gestions\/wp-json\/wp\/v2\/posts\/43474\/revisions"}],"wp:attachment":[{"href":"https:\/\/www.ricom-web8.com\/gestions\/wp-json\/wp\/v2\/media?parent=43474"}],"wp:term":[{"taxonomy":"category","embeddable":true,"href":"https:\/\/www.ricom-web8.com\/gestions\/wp-json\/wp\/v2\/categories?post=43474"},{"taxonomy":"post_tag","embeddable":true,"href":"https:\/\/www.ricom-web8.com\/gestions\/wp-json\/wp\/v2\/tags?post=43474"}],"curies":[{"name":"wp","href":"https:\/\/api.w.org\/{rel}","templated":true}]}}