

{"id":43480,"date":"2021-07-01T15:51:05","date_gmt":"2021-07-01T13:51:05","guid":{"rendered":"https:\/\/gestions-hospitalieres.fr\/?p=43480"},"modified":"2021-09-20T16:46:02","modified_gmt":"2021-09-20T14:46:02","slug":"lhomme-qui-peignait-les-ames-metin-arditi","status":"publish","type":"post","link":"https:\/\/www.ricom-web8.com\/gestions\/lhomme-qui-peignait-les-ames-metin-arditi\/","title":{"rendered":"L\u2019Homme qui peignait les \u00e2mes"},"content":{"rendered":"<span class=\"span-reading-time rt-reading-time\" style=\"display: block;\"><span class=\"rt-label rt-prefix\">Temps de lecture\u00a0: <\/span> <span class=\"rt-time\"> &lt;\u00a01<\/span> <span class=\"rt-label rt-postfix\">minute<\/span><\/span><p>Metin Arditi nous raconte l\u2019histoire d\u2019Avner, l\u2019homme qui peignait les \u00e2mes, de 1079 \u00e0 1104. Juif, il souhaitera apprendre \u00e0 \u00ab\u2009\u00e9crire\u2009\u00bb des ic\u00f4nes, sera cong\u00e9di\u00e9 par les siens, se convertira au christianisme sans avoir la foi, se liera d\u2019amiti\u00e9 avec un musulman\u2026 Il trouvera dans chaque religion un enseignement de la vie. L\u2019une l\u2019impressionnera par la rigueur, l\u2019autre lui enseignera la charit\u00e9, la troisi\u00e8me l\u2019humilit\u00e9.<span class=\"Apple-converted-space\">\u00a0<\/span><\/p>\n<p>Ce roman est l\u2019histoire d\u2019une transgression, la plus utile qui soit, celle qui cr\u00e9e la beaut\u00e9.<\/p>\n<p><i>\u00ab\u2009Comment lui dire que c\u2019\u00e9tait, pour lui, un cadeau du Seigneur que de d\u00e9couvrir d\u2019autres regards, d\u2019autres mots, d\u2019autres mani\u00e8res de voir le monde\u2009? Qu\u2019il vivait ces d\u00e9couvertes avec un \u00e9tonnement chaque fois renouvel\u00e9\u2009? Que cela lui procurait le plus beau des sentiments, celui d\u2019appartenir \u00e0 une humanit\u00e9 plus vaste, plus riche\u2009? Qu\u2019il en retirait chaque fois une joie immense\u2009?\u2009\u00bb<\/i><\/p>\n<p><strong>Infos<\/strong> Grasset, 304 pages, juin 2021, 20\u00a0\u20ac<\/p>\n<p><img decoding=\"async\" class=\"alignleft size-medium wp-image-43481\" src=\"https:\/\/gestions-hospitalieres.fr\/wp-content\/uploads\/2021\/07\/L\u2019homme-qui-peignait-les-\u00e2mes-206x300.jpg\" alt=\"\" width=\"206\" height=\"300\" \/><\/p>\n<script>function PlayerjsAsync(){} if(window[\"Playerjs\"]){PlayerjsAsync();}<\/script>","protected":false},"excerpt":{"rendered":"<p><span class=\"span-reading-time rt-reading-time\" style=\"display: block;\"><span class=\"rt-label rt-prefix\">Temps de lecture\u00a0: <\/span> <span class=\"rt-time\"> &lt;\u00a01<\/span> <span class=\"rt-label rt-postfix\">minute<\/span><\/span>Metin Arditi nous raconte l\u2019histoire d\u2019Avner, l\u2019homme qui peignait les \u00e2mes, de 1079 \u00e0 1104. Juif, il souhaitera apprendre \u00e0 \u00ab\u2009\u00e9crire\u2009\u00bb des ic\u00f4nes, sera cong\u00e9di\u00e9 par les siens, se convertira au christianisme sans avoir la foi, se liera d\u2019amiti\u00e9 avec un musulman\u2026 Il trouvera dans chaque religion un enseignement de la vie. L\u2019une l\u2019impressionnera par la rigueur, l\u2019autre lui enseignera la charit\u00e9, la troisi\u00e8me l\u2019humilit\u00e9.\u00a0 Ce roman est l\u2019histoire d\u2019une&hellip; <\/p>\n","protected":false},"author":23133,"featured_media":0,"comment_status":"open","ping_status":"closed","sticky":false,"template":"","format":"standard","meta":{"_acf_changed":false,"_relevanssi_hide_post":"","_relevanssi_hide_content":"","_relevanssi_pin_for_all":"","_relevanssi_pin_keywords":"","_relevanssi_unpin_keywords":"","_relevanssi_related_keywords":"","_relevanssi_related_include_ids":"","_relevanssi_related_exclude_ids":"","_relevanssi_related_no_append":"","_relevanssi_related_not_related":"","_relevanssi_related_posts":"","_relevanssi_noindex_reason":"","footnotes":""},"categories":[2,6515],"tags":[8550,7926,748,8551],"class_list":["post-43480","post","type-post","status-publish","format-standard","hentry","category-gestions-hospitalieres","category-livres","tag-lhomme-qui-peignait-les-ames","tag-lecture","tag-livre","tag-matin-arditi"],"acf":[],"yoast_head":"<!-- This site is optimized with the Yoast SEO plugin v24.8.1 - https:\/\/yoast.com\/wordpress\/plugins\/seo\/ -->\n<title>L\u2019Homme qui peignait les \u00e2mes - Gestions hospitali\u00e8res<\/title>\n<meta name=\"robots\" content=\"index, follow, max-snippet:-1, max-image-preview:large, max-video-preview:-1\" \/>\n<link rel=\"canonical\" href=\"https:\/\/www.ricom-web8.com\/gestions\/lhomme-qui-peignait-les-ames-metin-arditi\/\" \/>\n<meta property=\"og:locale\" content=\"fr_FR\" \/>\n<meta property=\"og:type\" content=\"article\" \/>\n<meta property=\"og:title\" content=\"L\u2019Homme qui peignait les \u00e2mes - Gestions hospitali\u00e8res\" \/>\n<meta property=\"og:description\" content=\"Temps de lecture\u00a0:  &lt;\u00a01 minuteMetin Arditi nous raconte l\u2019histoire d\u2019Avner, l\u2019homme qui peignait les \u00e2mes, de 1079 \u00e0 1104. Juif, il souhaitera apprendre \u00e0 \u00ab\u2009\u00e9crire\u2009\u00bb des ic\u00f4nes, sera cong\u00e9di\u00e9 par les siens, se convertira au christianisme sans avoir la foi, se liera d\u2019amiti\u00e9 avec un musulman\u2026 Il trouvera dans chaque religion un enseignement de la vie. L\u2019une l\u2019impressionnera par la rigueur, l\u2019autre lui enseignera la charit\u00e9, la troisi\u00e8me l\u2019humilit\u00e9.\u00a0 Ce roman est l\u2019histoire d\u2019une&hellip;\" \/>\n<meta property=\"og:url\" content=\"https:\/\/www.ricom-web8.com\/gestions\/lhomme-qui-peignait-les-ames-metin-arditi\/\" \/>\n<meta property=\"og:site_name\" content=\"Gestions hospitali\u00e8res\" \/>\n<meta property=\"article:publisher\" content=\"https:\/\/www.facebook.com\/gestionshospitalieres\/\" \/>\n<meta property=\"article:published_time\" content=\"2021-07-01T13:51:05+00:00\" \/>\n<meta property=\"article:modified_time\" content=\"2021-09-20T14:46:02+00:00\" \/>\n<meta name=\"author\" content=\"Gestions hospitali\u00e8res\" \/>\n<meta name=\"twitter:card\" content=\"summary_large_image\" \/>\n<meta name=\"twitter:creator\" content=\"@revue_GH\" \/>\n<meta name=\"twitter:site\" content=\"@revue_GH\" \/>\n<meta name=\"twitter:label1\" content=\"\u00c9crit par\" \/>\n\t<meta name=\"twitter:data1\" content=\"Gestions hospitali\u00e8res\" \/>\n\t<meta name=\"twitter:label2\" content=\"Dur\u00e9e de lecture estim\u00e9e\" \/>\n\t<meta name=\"twitter:data2\" content=\"1 minute\" \/>\n<script type=\"application\/ld+json\" class=\"yoast-schema-graph\">{\"@context\":\"https:\/\/schema.org\",\"@graph\":[{\"@type\":\"Article\",\"@id\":\"https:\/\/www.ricom-web8.com\/gestions\/lhomme-qui-peignait-les-ames-metin-arditi\/#article\",\"isPartOf\":{\"@id\":\"https:\/\/www.ricom-web8.com\/gestions\/lhomme-qui-peignait-les-ames-metin-arditi\/\"},\"author\":{\"name\":\"Gestions hospitali\u00e8res\",\"@id\":\"https:\/\/www.ricom-web8.com\/gestions\/#\/schema\/person\/3ba9fe913190dfe9507feb621e902c1f\"},\"headline\":\"L\u2019Homme qui peignait les \u00e2mes\",\"datePublished\":\"2021-07-01T13:51:05+00:00\",\"dateModified\":\"2021-09-20T14:46:02+00:00\",\"mainEntityOfPage\":{\"@id\":\"https:\/\/www.ricom-web8.com\/gestions\/lhomme-qui-peignait-les-ames-metin-arditi\/\"},\"wordCount\":170,\"commentCount\":0,\"publisher\":{\"@id\":\"https:\/\/www.ricom-web8.com\/gestions\/#organization\"},\"keywords\":[\"L'homme qui peignait les \u00e2mes\",\"lecture\",\"livre\",\"Matin Arditi\"],\"articleSection\":[\"Gestions Hospitali\u00e8res\",\"livres\"],\"inLanguage\":\"fr-FR\",\"potentialAction\":[{\"@type\":\"CommentAction\",\"name\":\"Comment\",\"target\":[\"https:\/\/www.ricom-web8.com\/gestions\/lhomme-qui-peignait-les-ames-metin-arditi\/#respond\"]}]},{\"@type\":\"WebPage\",\"@id\":\"https:\/\/www.ricom-web8.com\/gestions\/lhomme-qui-peignait-les-ames-metin-arditi\/\",\"url\":\"https:\/\/www.ricom-web8.com\/gestions\/lhomme-qui-peignait-les-ames-metin-arditi\/\",\"name\":\"L\u2019Homme qui peignait les \u00e2mes - Gestions hospitali\u00e8res\",\"isPartOf\":{\"@id\":\"https:\/\/www.ricom-web8.com\/gestions\/#website\"},\"datePublished\":\"2021-07-01T13:51:05+00:00\",\"dateModified\":\"2021-09-20T14:46:02+00:00\",\"breadcrumb\":{\"@id\":\"https:\/\/www.ricom-web8.com\/gestions\/lhomme-qui-peignait-les-ames-metin-arditi\/#breadcrumb\"},\"inLanguage\":\"fr-FR\",\"potentialAction\":[{\"@type\":\"ReadAction\",\"target\":[\"https:\/\/www.ricom-web8.com\/gestions\/lhomme-qui-peignait-les-ames-metin-arditi\/\"]}]},{\"@type\":\"BreadcrumbList\",\"@id\":\"https:\/\/www.ricom-web8.com\/gestions\/lhomme-qui-peignait-les-ames-metin-arditi\/#breadcrumb\",\"itemListElement\":[{\"@type\":\"ListItem\",\"position\":1,\"name\":\"Accueil\",\"item\":\"https:\/\/www.ricom-web8.com\/gestions\/\"},{\"@type\":\"ListItem\",\"position\":2,\"name\":\"L\u2019Homme qui peignait les \u00e2mes\"}]},{\"@type\":\"WebSite\",\"@id\":\"https:\/\/www.ricom-web8.com\/gestions\/#website\",\"url\":\"https:\/\/www.ricom-web8.com\/gestions\/\",\"name\":\"Gestions hospitali\u00e8res\",\"description\":\"la revue des d\u00e9cideurs hospitaliers\",\"publisher\":{\"@id\":\"https:\/\/www.ricom-web8.com\/gestions\/#organization\"},\"potentialAction\":[{\"@type\":\"SearchAction\",\"target\":{\"@type\":\"EntryPoint\",\"urlTemplate\":\"https:\/\/www.ricom-web8.com\/gestions\/?s={search_term_string}\"},\"query-input\":{\"@type\":\"PropertyValueSpecification\",\"valueRequired\":true,\"valueName\":\"search_term_string\"}}],\"inLanguage\":\"fr-FR\"},{\"@type\":\"Organization\",\"@id\":\"https:\/\/www.ricom-web8.com\/gestions\/#organization\",\"name\":\"Gestions hospitali\u00e8res\",\"url\":\"https:\/\/www.ricom-web8.com\/gestions\/\",\"logo\":{\"@type\":\"ImageObject\",\"inLanguage\":\"fr-FR\",\"@id\":\"https:\/\/www.ricom-web8.com\/gestions\/#\/schema\/logo\/image\/\",\"url\":\"https:\/\/gestions-hospitalieres.fr\/wp-content\/uploads\/2017\/02\/picto_Gif-GH-trans.png\",\"contentUrl\":\"https:\/\/gestions-hospitalieres.fr\/wp-content\/uploads\/2017\/02\/picto_Gif-GH-trans.png\",\"width\":512,\"height\":512,\"caption\":\"Gestions hospitali\u00e8res\"},\"image\":{\"@id\":\"https:\/\/www.ricom-web8.com\/gestions\/#\/schema\/logo\/image\/\"},\"sameAs\":[\"https:\/\/www.facebook.com\/gestionshospitalieres\/\",\"https:\/\/x.com\/revue_GH\",\"https:\/\/www.linkedin.com\/company\/gestions-hospitalieres?trk=top_nav_home\"]},{\"@type\":\"Person\",\"@id\":\"https:\/\/www.ricom-web8.com\/gestions\/#\/schema\/person\/3ba9fe913190dfe9507feb621e902c1f\",\"name\":\"Gestions hospitali\u00e8res\",\"image\":{\"@type\":\"ImageObject\",\"inLanguage\":\"fr-FR\",\"@id\":\"https:\/\/www.ricom-web8.com\/gestions\/#\/schema\/person\/image\/\",\"url\":\"https:\/\/secure.gravatar.com\/avatar\/1a0d93e6db5dbe7dac96bae4757d256f?s=96&d=mm&r=g\",\"contentUrl\":\"https:\/\/secure.gravatar.com\/avatar\/1a0d93e6db5dbe7dac96bae4757d256f?s=96&d=mm&r=g\",\"caption\":\"Gestions hospitali\u00e8res\"},\"url\":\"https:\/\/www.ricom-web8.com\/gestions\/author\/benjamin\/\"}]}<\/script>\n<!-- \/ Yoast SEO plugin. -->","yoast_head_json":{"title":"L\u2019Homme qui peignait les \u00e2mes - Gestions hospitali\u00e8res","robots":{"index":"index","follow":"follow","max-snippet":"max-snippet:-1","max-image-preview":"max-image-preview:large","max-video-preview":"max-video-preview:-1"},"canonical":"https:\/\/www.ricom-web8.com\/gestions\/lhomme-qui-peignait-les-ames-metin-arditi\/","og_locale":"fr_FR","og_type":"article","og_title":"L\u2019Homme qui peignait les \u00e2mes - Gestions hospitali\u00e8res","og_description":"Temps de lecture\u00a0:  &lt;\u00a01 minuteMetin Arditi nous raconte l\u2019histoire d\u2019Avner, l\u2019homme qui peignait les \u00e2mes, de 1079 \u00e0 1104. Juif, il souhaitera apprendre \u00e0 \u00ab\u2009\u00e9crire\u2009\u00bb des ic\u00f4nes, sera cong\u00e9di\u00e9 par les siens, se convertira au christianisme sans avoir la foi, se liera d\u2019amiti\u00e9 avec un musulman\u2026 Il trouvera dans chaque religion un enseignement de la vie. L\u2019une l\u2019impressionnera par la rigueur, l\u2019autre lui enseignera la charit\u00e9, la troisi\u00e8me l\u2019humilit\u00e9.\u00a0 Ce roman est l\u2019histoire d\u2019une&hellip;","og_url":"https:\/\/www.ricom-web8.com\/gestions\/lhomme-qui-peignait-les-ames-metin-arditi\/","og_site_name":"Gestions hospitali\u00e8res","article_publisher":"https:\/\/www.facebook.com\/gestionshospitalieres\/","article_published_time":"2021-07-01T13:51:05+00:00","article_modified_time":"2021-09-20T14:46:02+00:00","author":"Gestions hospitali\u00e8res","twitter_card":"summary_large_image","twitter_creator":"@revue_GH","twitter_site":"@revue_GH","twitter_misc":{"\u00c9crit par":"Gestions hospitali\u00e8res","Dur\u00e9e de lecture estim\u00e9e":"1 minute"},"schema":{"@context":"https:\/\/schema.org","@graph":[{"@type":"Article","@id":"https:\/\/www.ricom-web8.com\/gestions\/lhomme-qui-peignait-les-ames-metin-arditi\/#article","isPartOf":{"@id":"https:\/\/www.ricom-web8.com\/gestions\/lhomme-qui-peignait-les-ames-metin-arditi\/"},"author":{"name":"Gestions hospitali\u00e8res","@id":"https:\/\/www.ricom-web8.com\/gestions\/#\/schema\/person\/3ba9fe913190dfe9507feb621e902c1f"},"headline":"L\u2019Homme qui peignait les \u00e2mes","datePublished":"2021-07-01T13:51:05+00:00","dateModified":"2021-09-20T14:46:02+00:00","mainEntityOfPage":{"@id":"https:\/\/www.ricom-web8.com\/gestions\/lhomme-qui-peignait-les-ames-metin-arditi\/"},"wordCount":170,"commentCount":0,"publisher":{"@id":"https:\/\/www.ricom-web8.com\/gestions\/#organization"},"keywords":["L'homme qui peignait les \u00e2mes","lecture","livre","Matin Arditi"],"articleSection":["Gestions Hospitali\u00e8res","livres"],"inLanguage":"fr-FR","potentialAction":[{"@type":"CommentAction","name":"Comment","target":["https:\/\/www.ricom-web8.com\/gestions\/lhomme-qui-peignait-les-ames-metin-arditi\/#respond"]}]},{"@type":"WebPage","@id":"https:\/\/www.ricom-web8.com\/gestions\/lhomme-qui-peignait-les-ames-metin-arditi\/","url":"https:\/\/www.ricom-web8.com\/gestions\/lhomme-qui-peignait-les-ames-metin-arditi\/","name":"L\u2019Homme qui peignait les \u00e2mes - Gestions hospitali\u00e8res","isPartOf":{"@id":"https:\/\/www.ricom-web8.com\/gestions\/#website"},"datePublished":"2021-07-01T13:51:05+00:00","dateModified":"2021-09-20T14:46:02+00:00","breadcrumb":{"@id":"https:\/\/www.ricom-web8.com\/gestions\/lhomme-qui-peignait-les-ames-metin-arditi\/#breadcrumb"},"inLanguage":"fr-FR","potentialAction":[{"@type":"ReadAction","target":["https:\/\/www.ricom-web8.com\/gestions\/lhomme-qui-peignait-les-ames-metin-arditi\/"]}]},{"@type":"BreadcrumbList","@id":"https:\/\/www.ricom-web8.com\/gestions\/lhomme-qui-peignait-les-ames-metin-arditi\/#breadcrumb","itemListElement":[{"@type":"ListItem","position":1,"name":"Accueil","item":"https:\/\/www.ricom-web8.com\/gestions\/"},{"@type":"ListItem","position":2,"name":"L\u2019Homme qui peignait les \u00e2mes"}]},{"@type":"WebSite","@id":"https:\/\/www.ricom-web8.com\/gestions\/#website","url":"https:\/\/www.ricom-web8.com\/gestions\/","name":"Gestions hospitali\u00e8res","description":"la revue des d\u00e9cideurs hospitaliers","publisher":{"@id":"https:\/\/www.ricom-web8.com\/gestions\/#organization"},"potentialAction":[{"@type":"SearchAction","target":{"@type":"EntryPoint","urlTemplate":"https:\/\/www.ricom-web8.com\/gestions\/?s={search_term_string}"},"query-input":{"@type":"PropertyValueSpecification","valueRequired":true,"valueName":"search_term_string"}}],"inLanguage":"fr-FR"},{"@type":"Organization","@id":"https:\/\/www.ricom-web8.com\/gestions\/#organization","name":"Gestions hospitali\u00e8res","url":"https:\/\/www.ricom-web8.com\/gestions\/","logo":{"@type":"ImageObject","inLanguage":"fr-FR","@id":"https:\/\/www.ricom-web8.com\/gestions\/#\/schema\/logo\/image\/","url":"https:\/\/gestions-hospitalieres.fr\/wp-content\/uploads\/2017\/02\/picto_Gif-GH-trans.png","contentUrl":"https:\/\/gestions-hospitalieres.fr\/wp-content\/uploads\/2017\/02\/picto_Gif-GH-trans.png","width":512,"height":512,"caption":"Gestions hospitali\u00e8res"},"image":{"@id":"https:\/\/www.ricom-web8.com\/gestions\/#\/schema\/logo\/image\/"},"sameAs":["https:\/\/www.facebook.com\/gestionshospitalieres\/","https:\/\/x.com\/revue_GH","https:\/\/www.linkedin.com\/company\/gestions-hospitalieres?trk=top_nav_home"]},{"@type":"Person","@id":"https:\/\/www.ricom-web8.com\/gestions\/#\/schema\/person\/3ba9fe913190dfe9507feb621e902c1f","name":"Gestions hospitali\u00e8res","image":{"@type":"ImageObject","inLanguage":"fr-FR","@id":"https:\/\/www.ricom-web8.com\/gestions\/#\/schema\/person\/image\/","url":"https:\/\/secure.gravatar.com\/avatar\/1a0d93e6db5dbe7dac96bae4757d256f?s=96&d=mm&r=g","contentUrl":"https:\/\/secure.gravatar.com\/avatar\/1a0d93e6db5dbe7dac96bae4757d256f?s=96&d=mm&r=g","caption":"Gestions hospitali\u00e8res"},"url":"https:\/\/www.ricom-web8.com\/gestions\/author\/benjamin\/"}]}},"_links":{"self":[{"href":"https:\/\/www.ricom-web8.com\/gestions\/wp-json\/wp\/v2\/posts\/43480","targetHints":{"allow":["GET"]}}],"collection":[{"href":"https:\/\/www.ricom-web8.com\/gestions\/wp-json\/wp\/v2\/posts"}],"about":[{"href":"https:\/\/www.ricom-web8.com\/gestions\/wp-json\/wp\/v2\/types\/post"}],"author":[{"embeddable":true,"href":"https:\/\/www.ricom-web8.com\/gestions\/wp-json\/wp\/v2\/users\/23133"}],"replies":[{"embeddable":true,"href":"https:\/\/www.ricom-web8.com\/gestions\/wp-json\/wp\/v2\/comments?post=43480"}],"version-history":[{"count":0,"href":"https:\/\/www.ricom-web8.com\/gestions\/wp-json\/wp\/v2\/posts\/43480\/revisions"}],"wp:attachment":[{"href":"https:\/\/www.ricom-web8.com\/gestions\/wp-json\/wp\/v2\/media?parent=43480"}],"wp:term":[{"taxonomy":"category","embeddable":true,"href":"https:\/\/www.ricom-web8.com\/gestions\/wp-json\/wp\/v2\/categories?post=43480"},{"taxonomy":"post_tag","embeddable":true,"href":"https:\/\/www.ricom-web8.com\/gestions\/wp-json\/wp\/v2\/tags?post=43480"}],"curies":[{"name":"wp","href":"https:\/\/api.w.org\/{rel}","templated":true}]}}