

{"id":43717,"date":"2021-09-01T17:23:00","date_gmt":"2021-09-01T15:23:00","guid":{"rendered":"https:\/\/gestions-hospitalieres.fr\/?p=43717"},"modified":"2021-09-21T16:28:55","modified_gmt":"2021-09-21T14:28:55","slug":"les-enjeux-de-la-prise-en-charge-de-ladolescent","status":"publish","type":"post","link":"https:\/\/www.ricom-web8.com\/gestions\/les-enjeux-de-la-prise-en-charge-de-ladolescent\/","title":{"rendered":"Les enjeux de la prise en charge de l\u2019adolescent"},"content":{"rendered":"<span class=\"span-reading-time rt-reading-time\" style=\"display: block;\"><span class=\"rt-label rt-prefix\">Temps de lecture\u00a0: <\/span> <span class=\"rt-time\"> 5<\/span> <span class=\"rt-label rt-postfix\">minutes<\/span><\/span><p>La psychiatrie de liaison \u00ab\u2009consiste a\u0300 mettre a\u0300 la disposition des diffe\u0301rents services de me\u0301decine (chirurgie, obste\u0301trique, pe\u0301diatrie d\u2019un ho\u0302pital ge\u0301ne\u0301ral) les compe\u0301tences de professionnels, experts dans le domaine de la souffrance psychique et de la sante\u0301 mentale, pour re\u0301pondre aux besoins des patients, de leur entourage ou des soignants qui en ont la charge<sup class=\"appel\" data-toggle=\"modal\" data-target=\"#notes\">(1)\u2009<\/sup>\u00bb. Psychiatres ou psychologues sont invite\u0301s sur le lieu de l\u2019engagement, \u00ab\u2009condition ne\u0301cessaire, voire suffisante, pour que quelque chose advienne et \u201cse passe\u201d de l\u2019un a\u0300 l\u2019autre<sup class=\"appel\" data-toggle=\"modal\" data-target=\"#notes\">(2)<\/sup>\u2009\u00bb. L\u2019objectif du the\u0301rapeute est d\u2019amener le patient a\u0300 e\u0301voquer ce qui fait sympto\u0302me, ce qui est et a e\u0301te\u0301 douloureux, voire indicible. Il cherche a\u0300 comprendre et a\u0300 mettre en e\u0301vidence le fonctionnement a\u0300 l\u2019\u0153uvre chez ce sujet dans ce qu\u2019il peut dire ou ne pas dire, mais aussi ce qui ne peut pas se dire. Ils doivent \u00ab\u2009savoir se de\u0301caler et poser des questions devant la clinique qu\u2019il e\u0301coute et les faits cliniques qu\u2019il entend<sup class=\"appel\" data-toggle=\"modal\" data-target=\"#notes\">(3)<\/sup> \u00bb.<span class=\"Apple-converted-space\">\u00a0<\/span><\/p>\n<p>Nous abordons ici la singularite\u0301 du processus the\u0301rapeutique mis en \u0153uvre par une e\u0301quipe de liaison aupre\u0300s d\u2019adolescents et de leur famille en situation de crise<sup class=\"appel\" data-toggle=\"modal\" data-target=\"#notes\">(4)<\/sup>.<span class=\"Apple-converted-space\">\u00a0<\/span><\/p>\n<h1>L\u2019adolescence face a\u0300 la souffrance psychique<\/h1>\n<h2>Les enjeux de l\u2019adolescence<\/h2>\n<h3>Une p\u00e9riode de transition<\/h3>\n<p>L\u2019adolescence est une pe\u0301riode marque\u0301e par des remaniements physiques et psychiques et une e\u0301tape ne\u0301cessaire au de\u0301veloppement, en continuite\u0301 avec les diffe\u0301rentes e\u0301tapes de l\u2019enfance. La manifestation de ces changements, que l\u2019on appelle commune\u0301ment \u00ab\u2009crise d\u2019adolescence\u2009\u00bb, contribue a\u0300 la mise en place des premiers jalons d\u2019une future identite\u0301 adulte, me\u0302me si les comportements de l\u2019adolescent peuvent parfois e\u0302tre perc\u0327us comme contradictoires par les adultes. Appre\u0301hender ce lien entre le fonctionnement psychologique de l\u2019enfant, qui renvoie aux relations pre\u0301coces me\u0300re\/enfant, les diffe\u0301rentes e\u0301tapes de l\u2019enfance et le fonctionnement psychologique de l\u2019adolescent est essentiel pour saisir la spe\u0301cificite\u0301 des mouvements psychiques propres a\u0300 l\u2019adolescence et en comprendre les enjeux.<span class=\"Apple-converted-space\">\u00a0<\/span><\/p>\n<p>L\u2019adolescence constitue une pe\u0301riode fragile, bruyante. Son syste\u0300me de\u0301fensif est susceptible de venir tester la solidite\u0301 d\u2019un syste\u0300me familial en remettant en cause le cadre et\/ou les valeurs familiales. Lorsque le fonctionnement familial est trop rigide, les processus psychiques propres a\u0300 l\u2019adolescence risquent de ne pas pouvoir se de\u0301ployer de manie\u0300re structurante. Les limites doivent e\u0302tre claires sans e\u0302tre trop rigides de manie\u0300re a\u0300 favoriser un espace de liberte\u0301 pour que l\u2019adolescent puisse faire son expe\u0301rience et acce\u0301der a\u0300 son autonomisation. Il est e\u0301galement capital qu\u2019un travail psychique d\u2019inte\u0301riorisation des re\u0300gles ait pu e\u0302tre a\u0300 l\u2019\u0153uvre pour que l\u2019adolescent puisse avoir conscience lorsqu\u2019il les transgresse.<span class=\"Apple-converted-space\">\u00a0<\/span><\/p>\n<h3>Une p\u00e9riode de mise \u00e0 l\u2019\u00e9preuve des limites<\/h3>\n<p>La mise a\u0300 l\u2019e\u0301preuve des limites qui se joue au moment de l\u2019adolescence et la possibilite\u0301 pour l\u2019adolescent de pouvoir de\u0301ployer certains mouvements paradoxaux sont donc fondamentales et doivent toujours se concevoir au sein d\u2019un contexte familial. Autrement dit, est-ce que le fonctionnement familial va pouvoir rendre possible ce \u00ab\u2009jeu\u2009\u00bb des limites ou ce dernier va-t-il se mettre en place lorsque l\u2019adolescent vient l\u2019interroger par ses sympto\u0302mes\u2009? Repousser les limites est au c\u0153ur me\u0302me de la proble\u0301matique de l\u2019adolescence.<span class=\"Apple-converted-space\">\u00a0<\/span><\/p>\n<p>Il faut que ces dernie\u0300res soient clairement identifiables, cohe\u0301rentes et adapte\u0301es afin qu\u2019un aller-retour entre des limites psychiques internes et externes puisse exister. \u00c0 de\u0301faut, le risque pour l\u2019adolescent peut e\u0302tre de de\u0301river vers des comportements a\u0300 risque, voire vers l\u2019expression d\u2019une symptomatologie relevant d\u2019un fonctionnement plus ou moins pathologique<sup class=\"appel\" data-toggle=\"modal\" data-target=\"#notes\">(5)<\/sup>.<span class=\"Apple-converted-space\">\u00a0<\/span><\/p>\n<p>La pe\u0301riode de l\u2019adolescence est susceptible aussi de re\u0301activer des proble\u0301matiques ante\u0301rieures. Si l\u2019inte\u0301riorisation des limites est trop fragile, l\u2019adolescent peut avoir du mal a\u0300 entendre et a\u0300 inte\u0301grer les interdits parentaux. L\u2019adolescent doit pouvoir e\u0302tre en mesure de s\u2019opposer. Mais cela suppose que l\u2019autorite\u0301 parentale soit effective, a\u0300 savoir que, d\u2019une part, elle joue son ro\u0302le, que d\u2019autre part elle puisse e\u0302tre ainsi inte\u0301riorise\u0301e par l\u2019adolescent afin qu\u2019il puisse respecter ces limites. Lorsque l\u2019interdit est de\u0301faillant et que l\u2019inte\u0301riorisation des limites n\u2019a pas e\u0301te\u0301 suffisamment structurante, il peut ne plus avoir conscience que sa conduite est celle de transgression. Les parents peuvent se sentir de\u0301passe\u0301s et en arriver a\u0300 adopter une attitude de de\u0301mission ou de de\u0301sinte\u0301re\u0302t envers les comportements et les revendications de l\u2019adolescent. \u00c0 ce sujet, on peut citer le cas d\u2019adolescents ou\u0300 l\u2019expression de l\u2019agressivite\u0301 a\u0300 travers des conduites de provocation vient signifier ou te\u0301moigner d\u2019un de\u0301sinvestissement de la fonction parentale plus ou moins transitoire. Certains adolescents peuvent parfois le vivre comme un signe de de\u0301samour. Ce sche\u0301ma peut induire ou laisser la porte ouverte a\u0300 des conduites a\u0300 risque.<span class=\"Apple-converted-space\">\u00a0<\/span><\/p>\n<h3>Les indicateurs de l\u2019expression d\u2019une souffrance psychique, installation d\u2019un mal-e\u0302tre<\/h3>\n<p>Une fois les indicateurs et\/ou les sympto\u0302mes les plus fre\u0301quents et re\u0301ve\u0301lateurs d\u2019une souffrance repe\u0301re\u0301s (pathologies psychiques comme les e\u0301pisodes de\u0301pressifs, d\u2019anxie\u0301te\u0301, d\u2019abus de substances\u2026), un re\u0301el travail d\u2019e\u0301valuation par les diffe\u0301rents professionnels des structures de soins peut s\u2019amorcer avec plus de finesse, et un projet de soin, toujours dans un souci d\u2019alliance the\u0301rapeutique avec la famille et l\u2019adolescent, va pouvoir se mettre en place et se consolider. Il faut ainsi e\u0301viter qu\u2019une souffrance psychique qui n\u2019arrive pas a\u0300 se dire puisse e\u0302tre banalise\u0301e sous couvert de \u00ab\u2009la crise d\u2019adolescence\u2009\u00bb par l\u2019entourage familial.<\/p>\n<blockquote><p>La pe\u0301riode de l\u2019adolescence est susceptible de re\u0301activer des proble\u0301matiques ante\u0301rieures. Si l\u2019inte\u0301riorisation des limites est trop fragile, l\u2019adolescent peut avoir du mal a\u0300 entendre et a\u0300 inte\u0301grer les interdits parentaux.<\/p><\/blockquote>\n<h2>Quand le mal-e\u0302tre s\u2019installe<\/h2>\n<h3>Sympto\u0302mes re\u0301ve\u0301lateurs les plus fre\u0301quents d\u2019une souffrance psychique, pathologies psychiques les plus fre\u0301quentes<\/h3>\n<p>De fac\u0327on ge\u0301ne\u0301rale, quand le mal-e\u0302tre s\u2019installe, il est fre\u0301quent de constater un changement de comportement chez l\u2019adolescent. Une tristesse qui dure, une anxie\u0301te\u0301 avec des conse\u0301quences sur l\u2019appe\u0301tit et le sommeil sont a\u0300 prendre tre\u0300s au se\u0301rieux, d\u2019autant plus si cela ge\u0301ne\u0300re un impact sur la vie sociale (arre\u0302t des activite\u0301s, retrait social et\/ou peur de sortir). Les e\u0301pisodes de\u0301pressifs, d\u2019anxie\u0301te\u0301, d\u2019abus de substances constituent les pathologies les plus fre\u0301quentes chez les 15-25 ans.<span class=\"Apple-converted-space\">\u00a0<\/span><\/p>\n<h3>Une souffrance qui n\u2019arrive pas a\u0300 se dire ou qui peut e\u0302tre banalise\u0301e sous couvert de la crise d\u2019adolescence<\/h3>\n<p>Quand on se retrouve face a\u0300 cette souffrance, le risque est que l\u2019entourage plus ou moins proche normalise certains comportements et\/ou manifestations de ce mal-e\u0302tre en les mettant sur le compte de la crise d\u2019adolescence. Il faut e\u0301galement tenir compte du fait qu\u2019un jeune peut e\u0302tre re\u0301ticent a\u0300 demander de l\u2019aide quand c\u0327a ne va pas, dans le cas bien su\u0302r ou\u0300 il a pris conscience de son mal-e\u0302tre. Des troubles psychiques pris en charge to\u0302t auront moins d\u2019impact sur sa vie future.<span class=\"Apple-converted-space\">\u00a0<\/span><\/p>\n<h3>Travail d\u2019e\u0301valuation et prise en charge dans les services de soins<\/h3>\n<p>Le travail d\u2019e\u0301valuation clinique, qui peut constituer une premie\u0300re e\u0301tape entre ce qui rele\u0300ve d\u2019une proble\u0301matique lie\u0301e au processus de l\u2019adolescence lui-me\u0302me ou ce qui pourrait e\u0302tre e\u0301ventuellement lie\u0301 a\u0300 l\u2019expression d\u2019une souffrance familiale, permet d\u2019appre\u0301cier les capacite\u0301s et les ressources psychiques dont dispose l\u2019adolescent et qui vont lui permettre de se structurer.<span class=\"Apple-converted-space\">\u00a0<\/span><\/p>\n<p>Cette prise en charge nous ame\u0300ne a\u0300 intervenir a\u0300 un moment donne\u0301 ou\u0300 il n\u2019y a plus d\u2019e\u0301volution harmonieuse dans le de\u0301veloppement. Cette souffrance qui ne trouve plus momentane\u0301ment d\u2019e\u0301laboration possible a\u0300 travers des mots peut s\u2019exprimer via des passages a\u0300 l\u2019acte, avec parfois une impossibilite\u0301 pour l\u2019adolescent de pouvoir s\u2019e\u0301tayer sur des repe\u0300res stables internes et\/ou externes (fugues, tentatives de suicide, alcoolisation\u2026). Lorsqu\u2019il y a passage a\u0300 l\u2019acte, il s\u2019agit dans un premier temps de faire la part des choses entre une souffrance re\u0301actionnelle (deuil, conflits familiaux, rupture amoureuse\u2026) et une souffrance non e\u0301labore\u0301e qui serait davantage lie\u0301e a\u0300 des facteurs psychologiques plus structurels<sup class=\"appel\" data-toggle=\"modal\" data-target=\"#notes\">(6)<\/sup>.<span class=\"Apple-converted-space\">\u00a0<\/span><\/p>\n<p>C\u2019est apre\u0300s l\u2019e\u0301valuation des ressources et des capacite\u0301s dont dispose l\u2019adolescent que l\u2019e\u0301laboration de cette souffrance peut se faire. On fait la part des choses entre ce qui rele\u0300ve d\u2019une proble\u0301matique li\u00e9e\u0301 au processus de l\u2019adolescence lui-me\u0302me et ce qui pourrait davantage e\u0302tre lie\u0301 a\u0300 l\u2019expression d\u2019une souffrance familiale. Ce travail concomitant avec l\u2019adolescent et sa famille contribue a\u0300 aider l\u2019adolescent a\u0300 mettre du sens sur cette souffrance et a\u0300 proposer une orientation vers la prise en charge la plus adapte\u0301e possible a\u0300 la situation et au mal-e\u0302tre de l\u2019adolescent. Ce travail demande du temps mais il peut aider la famille a\u0300 poser les bonnes limites et a\u0300 mieux se situer face a\u0300 certains comportements, particulie\u0300rement au moment d\u2019une crise.<span class=\"Apple-converted-space\">\u00a0<\/span><\/p>\n<h1>Conclusion<span class=\"Apple-converted-space\">\u00a0<\/span><\/h1>\n<p>Il est ne\u0301cessaire de cre\u0301er un espace ou\u0300 la subjectivite\u0301 des uns et des autres puisse e\u0302tre entendue et ou\u0300 un travail avec l\u2019adolescent et sa famille puisse s\u2019amorcer. L\u2019exage\u0301ration de certaines conduites peut devenir symptomatique et permettre de prendre aussi en compte une souffrance familiale. Est-ce que la souffrance d\u2019un adolescent est lie\u0301e a\u0300 une pathologie sous-jacente, issue d\u2019un incident de parcours dans son de\u0301veloppement, ou est-elle le signe d\u2019un dysfonctionnement familial et d\u2019une souffrance qui touchent la famille\u2009? L\u2019intervention de l\u2019e\u0301quipe pluridisciplinaire des soignants, chacun avec son expe\u0301rience et sa lecture, permet ainsi d\u2019appre\u0301hender une situation dans sa globalite\u0301, ce qui peut garantir une meilleure lecture de ce qui se joue. C\u2019est ainsi que la psychiatrie de liaison peut se comprendre comme un comple\u0301ment, un apport qu\u2019on pourrait me\u0302me qualifier d\u2019indispensable dans un processus de soin cohe\u0301rent et dans une continuite\u0301 de prise en charge favorable au patient.<\/p>\n<script>function PlayerjsAsync(){} if(window[\"Playerjs\"]){PlayerjsAsync();}<\/script>","protected":false},"excerpt":{"rendered":"<p><span class=\"span-reading-time rt-reading-time\" style=\"display: block;\"><span class=\"rt-label rt-prefix\">Temps de lecture\u00a0: <\/span> <span class=\"rt-time\"> 5<\/span> <span class=\"rt-label rt-postfix\">minutes<\/span><\/span>La psychiatrie de liaison \u00ab\u2009consiste a\u0300 mettre a\u0300 la disposition des diffe\u0301rents services de me\u0301decine (chirurgie, obste\u0301trique, pe\u0301diatrie d\u2019un ho\u0302pital ge\u0301ne\u0301ral) les compe\u0301tences de professionnels, experts dans le domaine de la souffrance psychique et de la sante\u0301 mentale, pour re\u0301pondre aux besoins des patients, de leur entourage ou des soignants qui en ont la charge(1)\u2009\u00bb. Psychiatres ou psychologues sont invite\u0301s sur le lieu de l\u2019engagement, \u00ab\u2009condition ne\u0301cessaire, voire suffisante, pour&hellip; <\/p>\n","protected":false},"author":23133,"featured_media":0,"comment_status":"open","ping_status":"closed","sticky":false,"template":"","format":"standard","meta":{"_acf_changed":false,"_relevanssi_hide_post":"","_relevanssi_hide_content":"","_relevanssi_pin_for_all":"","_relevanssi_pin_keywords":"","_relevanssi_unpin_keywords":"","_relevanssi_related_keywords":"","_relevanssi_related_include_ids":"","_relevanssi_related_exclude_ids":"","_relevanssi_related_no_append":"","_relevanssi_related_not_related":"","_relevanssi_related_posts":"","_relevanssi_noindex_reason":"","footnotes":""},"categories":[3,2],"tags":[6135,1675,8625,8626],"class_list":["post-43717","post","type-post","status-publish","format-standard","hentry","category-experience","category-gestions-hospitalieres","tag-adolescence","tag-gestion-de-crise","tag-psychiatrie-de-liaison","tag-psychotherapie"],"acf":[],"yoast_head":"<!-- This site is optimized with the Yoast SEO plugin v24.8.1 - https:\/\/yoast.com\/wordpress\/plugins\/seo\/ -->\n<title>Les enjeux de la prise en charge de l\u2019adolescent - Gestions hospitali\u00e8res<\/title>\n<meta name=\"robots\" content=\"index, follow, max-snippet:-1, max-image-preview:large, max-video-preview:-1\" \/>\n<link rel=\"canonical\" href=\"https:\/\/www.ricom-web8.com\/gestions\/les-enjeux-de-la-prise-en-charge-de-ladolescent\/\" \/>\n<meta property=\"og:locale\" content=\"fr_FR\" \/>\n<meta property=\"og:type\" content=\"article\" \/>\n<meta property=\"og:title\" content=\"Les enjeux de la prise en charge de l\u2019adolescent - Gestions hospitali\u00e8res\" \/>\n<meta property=\"og:description\" content=\"Temps de lecture\u00a0:  5 minutesLa psychiatrie de liaison \u00ab\u2009consiste a\u0300 mettre a\u0300 la disposition des diffe\u0301rents services de me\u0301decine (chirurgie, obste\u0301trique, pe\u0301diatrie d\u2019un ho\u0302pital ge\u0301ne\u0301ral) les compe\u0301tences de professionnels, experts dans le domaine de la souffrance psychique et de la sante\u0301 mentale, pour re\u0301pondre aux besoins des patients, de leur entourage ou des soignants qui en ont la charge(1)\u2009\u00bb. Psychiatres ou psychologues sont invite\u0301s sur le lieu de l\u2019engagement, \u00ab\u2009condition ne\u0301cessaire, voire suffisante, pour&hellip;\" \/>\n<meta property=\"og:url\" content=\"https:\/\/www.ricom-web8.com\/gestions\/les-enjeux-de-la-prise-en-charge-de-ladolescent\/\" \/>\n<meta property=\"og:site_name\" content=\"Gestions hospitali\u00e8res\" \/>\n<meta property=\"article:publisher\" content=\"https:\/\/www.facebook.com\/gestionshospitalieres\/\" \/>\n<meta property=\"article:published_time\" content=\"2021-09-01T15:23:00+00:00\" \/>\n<meta property=\"article:modified_time\" content=\"2021-09-21T14:28:55+00:00\" \/>\n<meta name=\"author\" content=\"Gestions hospitali\u00e8res\" \/>\n<meta name=\"twitter:card\" content=\"summary_large_image\" \/>\n<meta name=\"twitter:creator\" content=\"@revue_GH\" \/>\n<meta name=\"twitter:site\" content=\"@revue_GH\" \/>\n<meta name=\"twitter:label1\" content=\"\u00c9crit par\" \/>\n\t<meta name=\"twitter:data1\" content=\"Gestions hospitali\u00e8res\" \/>\n\t<meta name=\"twitter:label2\" content=\"Dur\u00e9e de lecture estim\u00e9e\" \/>\n\t<meta name=\"twitter:data2\" content=\"9 minutes\" \/>\n<script type=\"application\/ld+json\" class=\"yoast-schema-graph\">{\"@context\":\"https:\/\/schema.org\",\"@graph\":[{\"@type\":\"Article\",\"@id\":\"https:\/\/www.ricom-web8.com\/gestions\/les-enjeux-de-la-prise-en-charge-de-ladolescent\/#article\",\"isPartOf\":{\"@id\":\"https:\/\/www.ricom-web8.com\/gestions\/les-enjeux-de-la-prise-en-charge-de-ladolescent\/\"},\"author\":{\"name\":\"Gestions hospitali\u00e8res\",\"@id\":\"https:\/\/www.ricom-web8.com\/gestions\/#\/schema\/person\/3ba9fe913190dfe9507feb621e902c1f\"},\"headline\":\"Les enjeux de la prise en charge de l\u2019adolescent\",\"datePublished\":\"2021-09-01T15:23:00+00:00\",\"dateModified\":\"2021-09-21T14:28:55+00:00\",\"mainEntityOfPage\":{\"@id\":\"https:\/\/www.ricom-web8.com\/gestions\/les-enjeux-de-la-prise-en-charge-de-ladolescent\/\"},\"wordCount\":1844,\"commentCount\":0,\"publisher\":{\"@id\":\"https:\/\/www.ricom-web8.com\/gestions\/#organization\"},\"keywords\":[\"adolescence\",\"gestion de crise\",\"psychiatrie de liaison\",\"psychoth\u00e9rapie\"],\"articleSection\":[\"exp\u00e9rience\",\"Gestions Hospitali\u00e8res\"],\"inLanguage\":\"fr-FR\",\"potentialAction\":[{\"@type\":\"CommentAction\",\"name\":\"Comment\",\"target\":[\"https:\/\/www.ricom-web8.com\/gestions\/les-enjeux-de-la-prise-en-charge-de-ladolescent\/#respond\"]}]},{\"@type\":\"WebPage\",\"@id\":\"https:\/\/www.ricom-web8.com\/gestions\/les-enjeux-de-la-prise-en-charge-de-ladolescent\/\",\"url\":\"https:\/\/www.ricom-web8.com\/gestions\/les-enjeux-de-la-prise-en-charge-de-ladolescent\/\",\"name\":\"Les enjeux de la prise en charge de l\u2019adolescent - Gestions hospitali\u00e8res\",\"isPartOf\":{\"@id\":\"https:\/\/www.ricom-web8.com\/gestions\/#website\"},\"datePublished\":\"2021-09-01T15:23:00+00:00\",\"dateModified\":\"2021-09-21T14:28:55+00:00\",\"breadcrumb\":{\"@id\":\"https:\/\/www.ricom-web8.com\/gestions\/les-enjeux-de-la-prise-en-charge-de-ladolescent\/#breadcrumb\"},\"inLanguage\":\"fr-FR\",\"potentialAction\":[{\"@type\":\"ReadAction\",\"target\":[\"https:\/\/www.ricom-web8.com\/gestions\/les-enjeux-de-la-prise-en-charge-de-ladolescent\/\"]}]},{\"@type\":\"BreadcrumbList\",\"@id\":\"https:\/\/www.ricom-web8.com\/gestions\/les-enjeux-de-la-prise-en-charge-de-ladolescent\/#breadcrumb\",\"itemListElement\":[{\"@type\":\"ListItem\",\"position\":1,\"name\":\"Accueil\",\"item\":\"https:\/\/www.ricom-web8.com\/gestions\/\"},{\"@type\":\"ListItem\",\"position\":2,\"name\":\"Les enjeux de la prise en charge de l\u2019adolescent\"}]},{\"@type\":\"WebSite\",\"@id\":\"https:\/\/www.ricom-web8.com\/gestions\/#website\",\"url\":\"https:\/\/www.ricom-web8.com\/gestions\/\",\"name\":\"Gestions hospitali\u00e8res\",\"description\":\"la revue des d\u00e9cideurs hospitaliers\",\"publisher\":{\"@id\":\"https:\/\/www.ricom-web8.com\/gestions\/#organization\"},\"potentialAction\":[{\"@type\":\"SearchAction\",\"target\":{\"@type\":\"EntryPoint\",\"urlTemplate\":\"https:\/\/www.ricom-web8.com\/gestions\/?s={search_term_string}\"},\"query-input\":{\"@type\":\"PropertyValueSpecification\",\"valueRequired\":true,\"valueName\":\"search_term_string\"}}],\"inLanguage\":\"fr-FR\"},{\"@type\":\"Organization\",\"@id\":\"https:\/\/www.ricom-web8.com\/gestions\/#organization\",\"name\":\"Gestions hospitali\u00e8res\",\"url\":\"https:\/\/www.ricom-web8.com\/gestions\/\",\"logo\":{\"@type\":\"ImageObject\",\"inLanguage\":\"fr-FR\",\"@id\":\"https:\/\/www.ricom-web8.com\/gestions\/#\/schema\/logo\/image\/\",\"url\":\"https:\/\/gestions-hospitalieres.fr\/wp-content\/uploads\/2017\/02\/picto_Gif-GH-trans.png\",\"contentUrl\":\"https:\/\/gestions-hospitalieres.fr\/wp-content\/uploads\/2017\/02\/picto_Gif-GH-trans.png\",\"width\":512,\"height\":512,\"caption\":\"Gestions hospitali\u00e8res\"},\"image\":{\"@id\":\"https:\/\/www.ricom-web8.com\/gestions\/#\/schema\/logo\/image\/\"},\"sameAs\":[\"https:\/\/www.facebook.com\/gestionshospitalieres\/\",\"https:\/\/x.com\/revue_GH\",\"https:\/\/www.linkedin.com\/company\/gestions-hospitalieres?trk=top_nav_home\"]},{\"@type\":\"Person\",\"@id\":\"https:\/\/www.ricom-web8.com\/gestions\/#\/schema\/person\/3ba9fe913190dfe9507feb621e902c1f\",\"name\":\"Gestions hospitali\u00e8res\",\"image\":{\"@type\":\"ImageObject\",\"inLanguage\":\"fr-FR\",\"@id\":\"https:\/\/www.ricom-web8.com\/gestions\/#\/schema\/person\/image\/\",\"url\":\"https:\/\/secure.gravatar.com\/avatar\/1a0d93e6db5dbe7dac96bae4757d256f?s=96&d=mm&r=g\",\"contentUrl\":\"https:\/\/secure.gravatar.com\/avatar\/1a0d93e6db5dbe7dac96bae4757d256f?s=96&d=mm&r=g\",\"caption\":\"Gestions hospitali\u00e8res\"},\"url\":\"https:\/\/www.ricom-web8.com\/gestions\/author\/benjamin\/\"}]}<\/script>\n<!-- \/ Yoast SEO plugin. -->","yoast_head_json":{"title":"Les enjeux de la prise en charge de l\u2019adolescent - Gestions hospitali\u00e8res","robots":{"index":"index","follow":"follow","max-snippet":"max-snippet:-1","max-image-preview":"max-image-preview:large","max-video-preview":"max-video-preview:-1"},"canonical":"https:\/\/www.ricom-web8.com\/gestions\/les-enjeux-de-la-prise-en-charge-de-ladolescent\/","og_locale":"fr_FR","og_type":"article","og_title":"Les enjeux de la prise en charge de l\u2019adolescent - Gestions hospitali\u00e8res","og_description":"Temps de lecture\u00a0:  5 minutesLa psychiatrie de liaison \u00ab\u2009consiste a\u0300 mettre a\u0300 la disposition des diffe\u0301rents services de me\u0301decine (chirurgie, obste\u0301trique, pe\u0301diatrie d\u2019un ho\u0302pital ge\u0301ne\u0301ral) les compe\u0301tences de professionnels, experts dans le domaine de la souffrance psychique et de la sante\u0301 mentale, pour re\u0301pondre aux besoins des patients, de leur entourage ou des soignants qui en ont la charge(1)\u2009\u00bb. Psychiatres ou psychologues sont invite\u0301s sur le lieu de l\u2019engagement, \u00ab\u2009condition ne\u0301cessaire, voire suffisante, pour&hellip;","og_url":"https:\/\/www.ricom-web8.com\/gestions\/les-enjeux-de-la-prise-en-charge-de-ladolescent\/","og_site_name":"Gestions hospitali\u00e8res","article_publisher":"https:\/\/www.facebook.com\/gestionshospitalieres\/","article_published_time":"2021-09-01T15:23:00+00:00","article_modified_time":"2021-09-21T14:28:55+00:00","author":"Gestions hospitali\u00e8res","twitter_card":"summary_large_image","twitter_creator":"@revue_GH","twitter_site":"@revue_GH","twitter_misc":{"\u00c9crit par":"Gestions hospitali\u00e8res","Dur\u00e9e de lecture estim\u00e9e":"9 minutes"},"schema":{"@context":"https:\/\/schema.org","@graph":[{"@type":"Article","@id":"https:\/\/www.ricom-web8.com\/gestions\/les-enjeux-de-la-prise-en-charge-de-ladolescent\/#article","isPartOf":{"@id":"https:\/\/www.ricom-web8.com\/gestions\/les-enjeux-de-la-prise-en-charge-de-ladolescent\/"},"author":{"name":"Gestions hospitali\u00e8res","@id":"https:\/\/www.ricom-web8.com\/gestions\/#\/schema\/person\/3ba9fe913190dfe9507feb621e902c1f"},"headline":"Les enjeux de la prise en charge de l\u2019adolescent","datePublished":"2021-09-01T15:23:00+00:00","dateModified":"2021-09-21T14:28:55+00:00","mainEntityOfPage":{"@id":"https:\/\/www.ricom-web8.com\/gestions\/les-enjeux-de-la-prise-en-charge-de-ladolescent\/"},"wordCount":1844,"commentCount":0,"publisher":{"@id":"https:\/\/www.ricom-web8.com\/gestions\/#organization"},"keywords":["adolescence","gestion de crise","psychiatrie de liaison","psychoth\u00e9rapie"],"articleSection":["exp\u00e9rience","Gestions Hospitali\u00e8res"],"inLanguage":"fr-FR","potentialAction":[{"@type":"CommentAction","name":"Comment","target":["https:\/\/www.ricom-web8.com\/gestions\/les-enjeux-de-la-prise-en-charge-de-ladolescent\/#respond"]}]},{"@type":"WebPage","@id":"https:\/\/www.ricom-web8.com\/gestions\/les-enjeux-de-la-prise-en-charge-de-ladolescent\/","url":"https:\/\/www.ricom-web8.com\/gestions\/les-enjeux-de-la-prise-en-charge-de-ladolescent\/","name":"Les enjeux de la prise en charge de l\u2019adolescent - Gestions hospitali\u00e8res","isPartOf":{"@id":"https:\/\/www.ricom-web8.com\/gestions\/#website"},"datePublished":"2021-09-01T15:23:00+00:00","dateModified":"2021-09-21T14:28:55+00:00","breadcrumb":{"@id":"https:\/\/www.ricom-web8.com\/gestions\/les-enjeux-de-la-prise-en-charge-de-ladolescent\/#breadcrumb"},"inLanguage":"fr-FR","potentialAction":[{"@type":"ReadAction","target":["https:\/\/www.ricom-web8.com\/gestions\/les-enjeux-de-la-prise-en-charge-de-ladolescent\/"]}]},{"@type":"BreadcrumbList","@id":"https:\/\/www.ricom-web8.com\/gestions\/les-enjeux-de-la-prise-en-charge-de-ladolescent\/#breadcrumb","itemListElement":[{"@type":"ListItem","position":1,"name":"Accueil","item":"https:\/\/www.ricom-web8.com\/gestions\/"},{"@type":"ListItem","position":2,"name":"Les enjeux de la prise en charge de l\u2019adolescent"}]},{"@type":"WebSite","@id":"https:\/\/www.ricom-web8.com\/gestions\/#website","url":"https:\/\/www.ricom-web8.com\/gestions\/","name":"Gestions hospitali\u00e8res","description":"la revue des d\u00e9cideurs hospitaliers","publisher":{"@id":"https:\/\/www.ricom-web8.com\/gestions\/#organization"},"potentialAction":[{"@type":"SearchAction","target":{"@type":"EntryPoint","urlTemplate":"https:\/\/www.ricom-web8.com\/gestions\/?s={search_term_string}"},"query-input":{"@type":"PropertyValueSpecification","valueRequired":true,"valueName":"search_term_string"}}],"inLanguage":"fr-FR"},{"@type":"Organization","@id":"https:\/\/www.ricom-web8.com\/gestions\/#organization","name":"Gestions hospitali\u00e8res","url":"https:\/\/www.ricom-web8.com\/gestions\/","logo":{"@type":"ImageObject","inLanguage":"fr-FR","@id":"https:\/\/www.ricom-web8.com\/gestions\/#\/schema\/logo\/image\/","url":"https:\/\/gestions-hospitalieres.fr\/wp-content\/uploads\/2017\/02\/picto_Gif-GH-trans.png","contentUrl":"https:\/\/gestions-hospitalieres.fr\/wp-content\/uploads\/2017\/02\/picto_Gif-GH-trans.png","width":512,"height":512,"caption":"Gestions hospitali\u00e8res"},"image":{"@id":"https:\/\/www.ricom-web8.com\/gestions\/#\/schema\/logo\/image\/"},"sameAs":["https:\/\/www.facebook.com\/gestionshospitalieres\/","https:\/\/x.com\/revue_GH","https:\/\/www.linkedin.com\/company\/gestions-hospitalieres?trk=top_nav_home"]},{"@type":"Person","@id":"https:\/\/www.ricom-web8.com\/gestions\/#\/schema\/person\/3ba9fe913190dfe9507feb621e902c1f","name":"Gestions hospitali\u00e8res","image":{"@type":"ImageObject","inLanguage":"fr-FR","@id":"https:\/\/www.ricom-web8.com\/gestions\/#\/schema\/person\/image\/","url":"https:\/\/secure.gravatar.com\/avatar\/1a0d93e6db5dbe7dac96bae4757d256f?s=96&d=mm&r=g","contentUrl":"https:\/\/secure.gravatar.com\/avatar\/1a0d93e6db5dbe7dac96bae4757d256f?s=96&d=mm&r=g","caption":"Gestions hospitali\u00e8res"},"url":"https:\/\/www.ricom-web8.com\/gestions\/author\/benjamin\/"}]}},"_links":{"self":[{"href":"https:\/\/www.ricom-web8.com\/gestions\/wp-json\/wp\/v2\/posts\/43717","targetHints":{"allow":["GET"]}}],"collection":[{"href":"https:\/\/www.ricom-web8.com\/gestions\/wp-json\/wp\/v2\/posts"}],"about":[{"href":"https:\/\/www.ricom-web8.com\/gestions\/wp-json\/wp\/v2\/types\/post"}],"author":[{"embeddable":true,"href":"https:\/\/www.ricom-web8.com\/gestions\/wp-json\/wp\/v2\/users\/23133"}],"replies":[{"embeddable":true,"href":"https:\/\/www.ricom-web8.com\/gestions\/wp-json\/wp\/v2\/comments?post=43717"}],"version-history":[{"count":0,"href":"https:\/\/www.ricom-web8.com\/gestions\/wp-json\/wp\/v2\/posts\/43717\/revisions"}],"wp:attachment":[{"href":"https:\/\/www.ricom-web8.com\/gestions\/wp-json\/wp\/v2\/media?parent=43717"}],"wp:term":[{"taxonomy":"category","embeddable":true,"href":"https:\/\/www.ricom-web8.com\/gestions\/wp-json\/wp\/v2\/categories?post=43717"},{"taxonomy":"post_tag","embeddable":true,"href":"https:\/\/www.ricom-web8.com\/gestions\/wp-json\/wp\/v2\/tags?post=43717"}],"curies":[{"name":"wp","href":"https:\/\/api.w.org\/{rel}","templated":true}]}}