

{"id":43736,"date":"2021-09-01T11:09:26","date_gmt":"2021-09-01T09:09:26","guid":{"rendered":"https:\/\/gestions-hospitalieres.fr\/?p=43736"},"modified":"2021-09-21T16:29:00","modified_gmt":"2021-09-21T14:29:00","slug":"une-offre-de-soins-elargie-lexperience-du-ght-des-alpes-du-sud","status":"publish","type":"post","link":"https:\/\/www.ricom-web8.com\/gestions\/une-offre-de-soins-elargie-lexperience-du-ght-des-alpes-du-sud\/","title":{"rendered":"Une offre de soins \u00e9largie"},"content":{"rendered":"<span class=\"span-reading-time rt-reading-time\" style=\"display: block;\"><span class=\"rt-label rt-prefix\">Temps de lecture\u00a0: <\/span> <span class=\"rt-time\"> 7<\/span> <span class=\"rt-label rt-postfix\">minutes<\/span><\/span><p>Dans les Alpes du Sud, la t\u00e9l\u00e9m\u00e9decine n\u2019est pas une option pour r\u00e9pondre aux besoins en sant\u00e9 de la population, c\u2019est une obligation\u2009: ce territoire vaste, rural et de montagne souffre particuli\u00e8rement de probl\u00e8me d\u2019accessibilit\u00e9, notamment en p\u00e9riode hivernale.<span class=\"Apple-converted-space\">\u00a0<\/span><\/p>\n<p>La r\u00e9partition g\u00e9ographique des m\u00e9decins y est en outre tr\u00e8s disparate, notamment les g\u00e9n\u00e9ralistes, in\u00e9galement<sup class=\"appel\" data-toggle=\"modal\" data-target=\"#notes\">(2)<\/sup> r\u00e9partis au sein des deux d\u00e9partements (Hautes-Alpes et Alpes-de-Haute-Provence). Pr\u00e8s de la moiti\u00e9 des m\u00e9decins des Hautes-Alpes sont ainsi install\u00e9s dans les deux principales villes, Gap et Brian\u00e7on. Globalement, le territoire du Gapen\u00e7ais est mieux dot\u00e9 en m\u00e9decins que le reste du d\u00e9partement. \u00c0 l\u2019inverse, les territoires de haute montagne (Queyras, Brian\u00e7onnais, Champsaur-Valgaudemar) comptent peu de m\u00e9decins, dont plus de la moiti\u00e9 a plus de 55\u00a0ans.<span class=\"Apple-converted-space\">\u00a0<\/span><\/p>\n<p>Plus de la moiti\u00e9 des communes du d\u00e9partement sont situ\u00e9es \u00e0 plus de 30\u00a0minutes des ophtalmologues, gyn\u00e9cologues et psychiatres les plus proches, \u00e0 plus de 45\u00a0minutes pour les p\u00e9diatres. Les territoires du Queyras et, dans une moindre mesure, du Buech apparaissent comme \u00e9tant les territoires les plus \u00e9loign\u00e9s de l\u2019offre en m\u00e9decine sp\u00e9cialis\u00e9e lib\u00e9rale.<\/p>\n<p>D\u00e8s lors, les \u00e9tablissements publics de sant\u00e9 (EPS) du territoire se sont organis\u00e9s afin de renforcer l\u2019accessibilit\u00e9 aux soins dans le d\u00e9partement des Hautes-Alpes et dans le nord du d\u00e9partement des Alpes-de-Haute-Provence.<\/p>\n<p>Un comit\u00e9 de pilotage (Copil) a \u00e9t\u00e9 cr\u00e9\u00e9 afin d\u2019assurer la gouvernance des projets de t\u00e9l\u00e9m\u00e9decine sur le GHT. Ce Copil est compos\u00e9 de repr\u00e9sentants de la direction hospitali\u00e8re, des m\u00e9decins, des soignants et de la direction des syst\u00e8mes d\u2019information (DSI), issus de l\u2019ensemble des h\u00f4pitaux du GHT. Il travaille en coh\u00e9rence avec la strat\u00e9gie nationale du num\u00e9rique en sant\u00e9, ce qui se transcrit par une conformit\u00e9 aux exigences de cybers\u00e9curit\u00e9 et aux normes du R\u00e8glement g\u00e9n\u00e9ral sur la protection des donn\u00e9es (RGPD), par une recherche accrue de l\u2019interop\u00e9rabilit\u00e9 des programmes de t\u00e9l\u00e9sant\u00e9 ainsi que par une r\u00e9flexion sur la \u00ab\u2009gouvernance des donn\u00e9es\u2009\u00bb, avec la nomination d\u2019un d\u00e9l\u00e9gu\u00e9 \u00e0 la protection des donn\u00e9es (<i>data protection officer &#8211; <\/i>DPO).<\/p>\n<p>Afin que le maillage du territoire en \u00e9quipements de t\u00e9l\u00e9m\u00e9decine soit complet et coh\u00e9rent, le Copil de t\u00e9l\u00e9m\u00e9decine du GHT travaille en coop\u00e9ration \u00e9troite avec l\u2019agence r\u00e9gionale de sant\u00e9 Provence-Alpes-C\u00f4te d\u2019Azur (ARS PACA) et avec le groupement r\u00e9gional d\u2019appui au d\u00e9veloppement de l\u2019e-sant\u00e9 (Grades) Innovation E-Sant\u00e9 Sud (IES Sud). Le recrutement d\u2019un \u00ab\u2009coordonnateur en t\u00e9l\u00e9m\u00e9decine\u2009\u00bb pour aider au d\u00e9ploiement local constitue aussi un levier afin que le num\u00e9rique en sant\u00e9 soit une r\u00e9alit\u00e9 du terrain, au plus proche des utilisateurs.<span class=\"Apple-converted-space\">\u00a0<\/span><\/p>\n<p>Le GHT des Alpes du Sud veille \u00e0 ce que toutes les conditions soient r\u00e9unies pour que les projets en t\u00e9l\u00e9m\u00e9decine soient op\u00e9rationnels au service des patients. En effet, le projet m\u00e9dical et de soins partag\u00e9 (PMSP) du GHT se base sur l\u2019enjeu cardinal qu\u2019est l\u2019\u00e9valuation des besoins de sant\u00e9 afin d\u2019y r\u00e9pondre au mieux. Des parcours de soins coordonn\u00e9s peuvent ainsi se mettre en place gr\u00e2ce \u00e0 une construction solide de solutions en t\u00e9l\u00e9m\u00e9decine.<span class=\"Apple-converted-space\">\u00a0<\/span><\/p>\n<p>Un plan de financement avec un mod\u00e8le \u00e9conomique viable a pu \u00eatre \u00e9tabli. Les activit\u00e9s de t\u00e9l\u00e9m\u00e9decine sont en outre r\u00e9guli\u00e8rement \u00e9valu\u00e9es et une veille attentive permet de conna\u00eetre les produits propos\u00e9s par les industriels. Monter les projets selon les recommandations de la Direction g\u00e9n\u00e9rale de l\u2019offre de soins (DGOS) et de l\u2019Agence nationale d\u2019appui \u00e0 la performance (Anap) est aussi incontournable pour s\u2019assurer un bon d\u00e9ploiement des outils de t\u00e9l\u00e9m\u00e9decine.<span class=\"Apple-converted-space\">\u00a0<\/span><\/p>\n<p>Enfin, les projets s\u2019inscrivent dans une d\u00e9marche de sant\u00e9 publique citoyenne et sont prioris\u00e9s en fonction des besoins des usagers.<\/p>\n<p>Sous l\u2019impulsion du GHT des Alpes du Sud, diff\u00e9rentes actions en t\u00e9l\u00e9sant\u00e9 sont aujourd\u2019hui op\u00e9rationnelles dans les Hautes-Alpes.<span class=\"Apple-converted-space\">\u00a0<\/span><\/p>\n<h1>L\u2019offre de soins en t\u00e9l\u00e9m\u00e9decine<\/h1>\n<h2>Au sein du GHT des Alpes du Sud<\/h2>\n<ul>\n<li>Depuis 2018, une solution de t\u00e9l\u00e9radiologie est op\u00e9rante au centre hospitalier intercommunal des Alpes du Sud (CHICAS) ainsi qu\u2019au centre hospitalier (CH) de Brian\u00e7on pour l\u2019interpr\u00e9tation durant la nuit des examens scanographiques. Environ 200\u00a0scanners par mois sont interpr\u00e9t\u00e9s par une soci\u00e9t\u00e9 m\u00e9dicale de t\u00e9l\u00e9radiologie, une solution qui permet de faire face au manque conjoncturel de radiologues pour le service de garde de nuit et repr\u00e9sente un r\u00e9el levier afin d\u2019assurer la continuit\u00e9 du service public hospitalier.<span class=\"Apple-converted-space\">\u00a0<\/span><\/li>\n<li>Depuis 2019, des t\u00e9l\u00e9consultations entre m\u00e9decins hospitaliers et des patients \u00e0 leur domicile sont possibles dans les Hautes-Alpes. Le coordonnateur en t\u00e9l\u00e9m\u00e9decine du GHT se d\u00e9place aupr\u00e8s de chaque praticien pour lui proposer le param\u00e9trage de son ordinateur et une formation. Ce syst\u00e8me est aujourd\u2019hui adopt\u00e9 par plus de 25\u00a0m\u00e9decins. \u00c0 noter que l\u2019utilisation de cette solution s\u2019est tr\u00e8s nettement diffus\u00e9e dans de nombreuses sp\u00e9cialit\u00e9s (g\u00e9riatrie, anesth\u00e9sie, etc.) au d\u00e9cours de la crise sanitaire et du premier confinement, \u00e9vitant des d\u00e9placements \u00e0 l\u2019h\u00f4pital et assurant un bon suivi des patients.<\/li>\n<li>La t\u00e9l\u00e9r\u00e9gulation au Samu 05 a elle aussi \u00e9t\u00e9 d\u00e9velopp\u00e9e. Des mallettes sont venues \u00e9quiper les v\u00e9hicules des ambulanciers de garde et deux cabinets m\u00e9dicaux de stations de ski afin de pr\u00e9parer l\u2019arriv\u00e9e du patient aux urgences et d\u2019am\u00e9liorer sa prise en charge. Les ambulanciers sont de fait s\u00e9curis\u00e9s par ces \u00e9changes de donn\u00e9es (prise des constantes, \u00e9lectrocardiogramme, etc.). Deux cent cinquante actes de t\u00e9l\u00e9r\u00e9gulation sont ainsi r\u00e9alis\u00e9s chaque mois.<span class=\"Apple-converted-space\"><br \/>\n<\/span>Dans le cadre du pacte de refondation des urgences \u00e9labor\u00e9 par le minist\u00e8re des Solidarit\u00e9s et de la Sant\u00e9, il a \u00e9t\u00e9 propos\u00e9 \u00e0 chaque Samu de s\u2019\u00e9quiper d\u2019une solution permettant de r\u00e9aliser rapidement une visiophonie avec un patient ayant un smartphone. Cette solution de t\u00e9l\u00e9r\u00e9gulation, op\u00e9rationnelle depuis octobre 2020 dans les Hautes-Alpes, est utilis\u00e9e environ trois fois par jour. Les premi\u00e8res \u00e9valuations des m\u00e9decins r\u00e9gulateurs sont favorables\u2009; ils signalent un int\u00e9r\u00eat dans plusieurs circonstances, par exemple pour visualiser des plaies ou le contexte d\u2019un accident.<br \/>\nLa t\u00e9l\u00e9expertise entre le Samu 05 et les \u00e9tablissements m\u00e9dico&#8211;sociaux a \u00e9t\u00e9 mise en place en janvier 2020\u2009: les \u00e9tablissements peuvent transmettre le dossier de liaison urgence (DLU) vers le dossier m\u00e9dical partag\u00e9 (DMP), ce qui permet au m\u00e9decin r\u00e9gulateur d\u2019ouvrir le DMP du patient et de conna\u00eetre ses ant\u00e9c\u00e9dents, ses traitements, ses directives anticip\u00e9es ou la fiche \u00ab\u2009Urgence Pallia\u2009\u00bb<sup class=\"appel\" data-toggle=\"modal\" data-target=\"#notes\">(3)<\/sup> en toutes circonstances (la nuit, en l\u2019absence de l\u2019infirmi\u00e8re, etc.).<\/li>\n<li>Depuis juin 2020, l\u2019hospitalisation \u00e0 domicile (HAD) utilise une solution d\u2019e-sant\u00e9 pour chaque patient hospitalis\u00e9 \u00e0 domicile. Une \u00e9quipe est constitu\u00e9e autour de ce patient, avec les diff\u00e9rents intervenants hospitaliers et lib\u00e9raux (m\u00e9decin traitant, infirmier\/\u00e8re lib\u00e9ral\/e)\u2009; elle peut communiquer par messagerie instantan\u00e9e s\u00e9curis\u00e9e, r\u00e9aliser des t\u00e9l\u00e9expertises ou t\u00e9l\u00e9consultations. Ces usages sont recommand\u00e9s par la F\u00e9d\u00e9ration des \u00e9tablissements d\u2019hospitalisation \u00e0 domicile<sup class=\"appel\" data-toggle=\"modal\" data-target=\"#notes\">(4)<\/sup>.<\/li>\n<\/ul>\n<h2>Avec des \u00e9tablissements ext\u00e9rieurs au GHT<\/h2>\n<ul>\n<li>La t\u00e9l\u00e9-AVC est fonctionnelle depuis 2014 entre le service des urgences de Gap et l\u2019unit\u00e9 neuro-vasculaire du CH d\u2019Aix-en-Provence et les unit\u00e9s de neurochirurgie de l\u2019Assistance publique-H\u00f4pitaux de Marseille (AP-HM). Cette solution est \u00e9galement op\u00e9rationnelle entre le CH de Brian\u00e7on et le CHU de Grenoble. Il s\u2019agit de transf\u00e9rer les images scanographiques, ou IRM, et de proc\u00e9der \u00e0 un examen clinique par t\u00e9l\u00e9consultation. Avec 272 examens en 2020 et une centaine \u00e0 Brian\u00e7on, ce service est devenu indispensable pour la bonne prise en charge des urgences neurologiques (AVC, traumatisme, neurochirurgie, chirurgie vasculaire) dans les Hautes-Alpes.<\/li>\n<li>La t\u00e9l\u00e9m\u00e9decine avec les \u00e9tablissements d\u2019h\u00e9bergement pour personnes \u00e2g\u00e9es d\u00e9pendantes (Ehpad) du territoire est d\u00e9ploy\u00e9e depuis 2016. Il s\u2019agit de t\u00e9l\u00e9consultations \u00e0 l\u2019initiative du personnel soignant, en lien avec un g\u00e9riatre, qui permet via l\u2019usage de tablettes connect\u00e9es de prendre en charge des troubles du comportement, des polypathologies, des soins palliatifs et de prises en charge de plaies chroniques. Les t\u00e9l\u00e9consultations sont fr\u00e9quemment suivies par une \u00ab\u2009r\u00e9union d\u2019\u00e9quipe\u2009\u00bb rassemblant le m\u00e9decin coordonnateur, une infirmi\u00e8re et une aide-soignante. \u00c0 noter que le coordonnateur en t\u00e9l\u00e9m\u00e9decine du GHT se rend dans chaque \u00e9tablissement pour effectuer les tests techniques et les formations. L\u2019adh\u00e9sion est importante de la part des \u00e9quipes soignantes puisque pr\u00e8s de 220 t\u00e9l\u00e9consultations et 50\u00a0t\u00e9l\u00e9expertises ont \u00e9t\u00e9 r\u00e9alis\u00e9es en 2020. Durant l\u2019\u00e9pid\u00e9mie de Covid-19 et face \u00e0 la multiplication de <i>clusters<\/i>, ce service (parfois limit\u00e9 \u00e0 des appels t\u00e9l\u00e9phoniques) s\u2019est r\u00e9v\u00e9l\u00e9 essentiel pour le support des \u00e9quipes soignantes, le maintien de la qualit\u00e9 des soins et la limitation des hospitalisations.<\/li>\n<li>Un programme de t\u00e9l\u00e9surveillance cardiologique en relation avec l\u2019AP-HM est op\u00e9rationnel. Chaque patient suivi re\u00e7oit une balance connect\u00e9e et une application est install\u00e9e sur son smartphone dans laquelle il renseigne son \u00e9tat fonctionnel et certaines donn\u00e9es biologiques. Ces donn\u00e9es sont collect\u00e9es sur un terminal qui \u00e9met une alerte lorsqu\u2019il y a un risque de d\u00e9compensation cardiaque. Un\/e infirmier\/\u00e8re contacte les patients signal\u00e9s par le programme et pr\u00e9vient le cardiologue responsable du programme.<\/li>\n<li>De par la situation frontali\u00e8re du GHT avec l\u2019Italie, des t\u00e9l\u00e9consultations ont d\u00e9but\u00e9 en septembre 2019 entre l\u2019h\u00f4pital italien de Suse et certains sp\u00e9cialistes de Brian\u00e7on, en particulier pour les consultations pr\u00e9anesth\u00e9siques. <span class=\"Apple-converted-space\">\u00a0<\/span><\/li>\n<li>Des programmes de t\u00e9l\u00e9m\u00e9decine se mettent en place entre des acteurs ext\u00e9rieurs au monde de la sant\u00e9 et le GHT\u2009:<span class=\"Apple-converted-space\"><br \/>\n\u2022\u00a0<\/span>depuis octobre 2020, un service de t\u00e9l\u00e9expertise-t\u00e9l\u00e9consultation a \u00e9t\u00e9 mis en service entre les patients de la maison d\u2019arr\u00eat de Gap, accompagn\u00e9s du m\u00e9decin ou de l\u2019infirmier\/\u00e8re, et les m\u00e9decins hospitaliers. Cela permet d\u2019am\u00e9liorer la prise en charge m\u00e9dicale de ces patients dans un contexte restreint et de limiter les transferts n\u00e9cessitant l\u2019intervention de la police\u2009;<br \/>\n<span class=\"Apple-converted-space\">\u2022\u00a0<\/span>le GHT d\u00e9veloppe depuis 2016 un programme transfrontalier et europ\u00e9en de coop\u00e9ration en sant\u00e9 port\u00e9 par le CH de Brian\u00e7on avec l\u2019agence sanitaire de Turin et la r\u00e9gion du Pi\u00e9mont dans le cadre du programme Alcotra<sup class=\"appel\" data-toggle=\"modal\" data-target=\"#notes\">(5)<\/sup> (cr\u00e9dit Feder)\u2009;<br \/>\n<span class=\"Apple-converted-space\">\u2022\u00a0<\/span>un programme de t\u00e9l\u00e9m\u00e9decine entre le Samu\u00a005 et le refuge de haute montagne du Glacier blanc (massif des \u00c9crins) est en service. En 2018, le CHICAS a fourni au gardien du refuge une tablette connect\u00e9e, un \u00e9lectrocardiogramme et une trousse contenant tensiom\u00e8tre, saturom\u00e8tre et glucom\u00e8tre.<\/li>\n<\/ul>\n<p>D\u2019autres projets sont \u00e0 l\u2019\u00e9tude et permettent de poursuivre la dynamique de t\u00e9l\u00e9sant\u00e9 impuls\u00e9e dans le territoire des Alpes du Sud.<span class=\"Apple-converted-space\">\u00a0<\/span><\/p>\n<p>La mise en place d\u2019une solution de t\u00e9l\u00e9m\u00e9decine en direction des personnes en perte d\u2019autonomie dans les \u00e9tablissements m\u00e9dico-sociaux et \u00e0 domicile (personnes en situation de handicap ou personnes \u00e2g\u00e9es) a \u00e9t\u00e9 reconnue comme prioritaire suite aux \u00ab\u2009Ateliers citoyens du num\u00e9rique en sant\u00e9\u2009\u00bb r\u00e9alis\u00e9s par la D\u00e9l\u00e9gation minist\u00e9rielle au num\u00e9rique en sant\u00e9. Or, pour aider \u00e0 la r\u00e9alisation des actes de t\u00e9l\u00e9m\u00e9decine, il est imp\u00e9ratif d\u2019adapter les logiciels et les organisations, incluant une participation humaine. C\u2019est pourquoi le GHT dialogue avec les services du d\u00e9partement (via la maison des personnes handicap\u00e9es), la plateforme territoriale d\u2019appui (PTA) nouvellement intitul\u00e9e \u00ab\u2009dispositif d\u2019appui \u00e0 la coordination\u2009\u00bb (DAC) et certaines associations de personnes en situation de handicap. Ces diff\u00e9rents intervenants travaillent en collaboration avec les chefs de projets du Grades afin de d\u00e9finir les fonctionnalit\u00e9s de cette nouvelle solution adapt\u00e9e aux besoins. Il est \u00e9galement \u00e0 noter que ce type d\u2019organisation est une des solutions propos\u00e9es pour pallier les \u00ab\u2009d\u00e9serts m\u00e9dicaux\u2009\u00bb<sup class=\"appel\" data-toggle=\"modal\" data-target=\"#notes\">(6)<\/sup>.<span class=\"Apple-converted-space\">\u00a0<\/span><\/p>\n<p>De plus, le GHT des Alpes du Sud a manifest\u00e9 son int\u00e9r\u00eat aupr\u00e8s de chaque communaut\u00e9 professionnelle territoriale de sant\u00e9 (CPTS) pour participer \u00e0 leur r\u00e9flexion sur leur projet de t\u00e9l\u00e9sant\u00e9. En effet, selon l\u2019arr\u00eat\u00e9 du 24 ao\u00fbt 2019 (cahier des charges des CPTS), les CPTS peuvent constituer un cadre particuli\u00e8rement porteur pour favoriser le d\u00e9veloppement des t\u00e9l\u00e9consultations dans le parcours de soins. Ainsi, en juin 2021, une CPTS haut-alpine, le DAC et le CHICAS d\u00e9buteront le d\u00e9ploiement d\u2019une nouvelle solution d\u2019\u00ab\u2009e-parcours\u2009\u00bb propos\u00e9e au niveau r\u00e9gional par le Grades.<span class=\"Apple-converted-space\">\u00a0<\/span><\/p>\n<p>La t\u00e9l\u00e9m\u00e9decine est donc devenue un outil et un axe structurant du PMSP du GHT, dans un contexte dont les contraintes multiples ont fait une opportunit\u00e9 de d\u00e9veloppements majeurs au service des patients et des professionnels. Le sch\u00e9ma directeur de t\u00e9l\u00e9m\u00e9decine du GHT 3.0, adopt\u00e9 en juin 2020 gr\u00e2ce \u00e0 l\u2019accompagnement de la soci\u00e9t\u00e9 Catel, permet d\u00e9sormais de structurer et d\u2019amplifier ce projet<sup class=\"appel\" data-toggle=\"modal\" data-target=\"#notes\">(7)<\/sup>.<\/p>\n<script>function PlayerjsAsync(){} if(window[\"Playerjs\"]){PlayerjsAsync();}<\/script>","protected":false},"excerpt":{"rendered":"<p><span class=\"span-reading-time rt-reading-time\" style=\"display: block;\"><span class=\"rt-label rt-prefix\">Temps de lecture\u00a0: <\/span> <span class=\"rt-time\"> 7<\/span> <span class=\"rt-label rt-postfix\">minutes<\/span><\/span>Dans les Alpes du Sud, la t\u00e9l\u00e9m\u00e9decine n\u2019est pas une option pour r\u00e9pondre aux besoins en sant\u00e9 de la population, c\u2019est une obligation\u2009: ce territoire vaste, rural et de montagne souffre particuli\u00e8rement de probl\u00e8me d\u2019accessibilit\u00e9, notamment en p\u00e9riode hivernale.\u00a0 La r\u00e9partition g\u00e9ographique des m\u00e9decins y est en outre tr\u00e8s disparate, notamment les g\u00e9n\u00e9ralistes, in\u00e9galement(2) r\u00e9partis au sein des deux d\u00e9partements (Hautes-Alpes et Alpes-de-Haute-Provence). Pr\u00e8s de la moiti\u00e9 des m\u00e9decins des&hellip; <\/p>\n","protected":false},"author":23133,"featured_media":0,"comment_status":"open","ping_status":"closed","sticky":false,"template":"","format":"standard","meta":{"_acf_changed":false,"_relevanssi_hide_post":"","_relevanssi_hide_content":"","_relevanssi_pin_for_all":"","_relevanssi_pin_keywords":"","_relevanssi_unpin_keywords":"","_relevanssi_related_keywords":"","_relevanssi_related_include_ids":"","_relevanssi_related_exclude_ids":"","_relevanssi_related_no_append":"","_relevanssi_related_not_related":"","_relevanssi_related_posts":"","_relevanssi_noindex_reason":"","footnotes":""},"categories":[26,2],"tags":[8638,7863,6746,1809,1872,7039,407,158],"class_list":["post-43736","post","type-post","status-publish","format-standard","hentry","category-dossier","category-gestions-hospitalieres","tag-alpes-du-sud","tag-covid-19","tag-desert-medical","tag-ght","tag-numerique","tag-pmsp","tag-telemedecine","tag-telesante"],"acf":[],"yoast_head":"<!-- This site is optimized with the Yoast SEO plugin v24.8.1 - https:\/\/yoast.com\/wordpress\/plugins\/seo\/ -->\n<title>Une offre de soins \u00e9largie - Gestions hospitali\u00e8res<\/title>\n<meta name=\"robots\" content=\"index, follow, max-snippet:-1, max-image-preview:large, max-video-preview:-1\" \/>\n<link rel=\"canonical\" href=\"https:\/\/www.ricom-web8.com\/gestions\/une-offre-de-soins-elargie-lexperience-du-ght-des-alpes-du-sud\/\" \/>\n<meta property=\"og:locale\" content=\"fr_FR\" \/>\n<meta property=\"og:type\" content=\"article\" \/>\n<meta property=\"og:title\" content=\"Une offre de soins \u00e9largie - Gestions hospitali\u00e8res\" \/>\n<meta property=\"og:description\" content=\"Temps de lecture\u00a0:  7 minutesDans les Alpes du Sud, la t\u00e9l\u00e9m\u00e9decine n\u2019est pas une option pour r\u00e9pondre aux besoins en sant\u00e9 de la population, c\u2019est une obligation\u2009: ce territoire vaste, rural et de montagne souffre particuli\u00e8rement de probl\u00e8me d\u2019accessibilit\u00e9, notamment en p\u00e9riode hivernale.\u00a0 La r\u00e9partition g\u00e9ographique des m\u00e9decins y est en outre tr\u00e8s disparate, notamment les g\u00e9n\u00e9ralistes, in\u00e9galement(2) r\u00e9partis au sein des deux d\u00e9partements (Hautes-Alpes et Alpes-de-Haute-Provence). Pr\u00e8s de la moiti\u00e9 des m\u00e9decins des&hellip;\" \/>\n<meta property=\"og:url\" content=\"https:\/\/www.ricom-web8.com\/gestions\/une-offre-de-soins-elargie-lexperience-du-ght-des-alpes-du-sud\/\" \/>\n<meta property=\"og:site_name\" content=\"Gestions hospitali\u00e8res\" \/>\n<meta property=\"article:publisher\" content=\"https:\/\/www.facebook.com\/gestionshospitalieres\/\" \/>\n<meta property=\"article:published_time\" content=\"2021-09-01T09:09:26+00:00\" \/>\n<meta property=\"article:modified_time\" content=\"2021-09-21T14:29:00+00:00\" \/>\n<meta name=\"author\" content=\"Gestions hospitali\u00e8res\" \/>\n<meta name=\"twitter:card\" content=\"summary_large_image\" \/>\n<meta name=\"twitter:creator\" content=\"@revue_GH\" \/>\n<meta name=\"twitter:site\" content=\"@revue_GH\" \/>\n<meta name=\"twitter:label1\" content=\"\u00c9crit par\" \/>\n\t<meta name=\"twitter:data1\" content=\"Gestions hospitali\u00e8res\" \/>\n\t<meta name=\"twitter:label2\" content=\"Dur\u00e9e de lecture estim\u00e9e\" \/>\n\t<meta name=\"twitter:data2\" content=\"12 minutes\" \/>\n<script type=\"application\/ld+json\" class=\"yoast-schema-graph\">{\"@context\":\"https:\/\/schema.org\",\"@graph\":[{\"@type\":\"Article\",\"@id\":\"https:\/\/www.ricom-web8.com\/gestions\/une-offre-de-soins-elargie-lexperience-du-ght-des-alpes-du-sud\/#article\",\"isPartOf\":{\"@id\":\"https:\/\/www.ricom-web8.com\/gestions\/une-offre-de-soins-elargie-lexperience-du-ght-des-alpes-du-sud\/\"},\"author\":{\"name\":\"Gestions hospitali\u00e8res\",\"@id\":\"https:\/\/www.ricom-web8.com\/gestions\/#\/schema\/person\/3ba9fe913190dfe9507feb621e902c1f\"},\"headline\":\"Une offre de soins \u00e9largie\",\"datePublished\":\"2021-09-01T09:09:26+00:00\",\"dateModified\":\"2021-09-21T14:29:00+00:00\",\"mainEntityOfPage\":{\"@id\":\"https:\/\/www.ricom-web8.com\/gestions\/une-offre-de-soins-elargie-lexperience-du-ght-des-alpes-du-sud\/\"},\"wordCount\":2310,\"commentCount\":0,\"publisher\":{\"@id\":\"https:\/\/www.ricom-web8.com\/gestions\/#organization\"},\"keywords\":[\"Alpes du Sud\",\"Covid-19\",\"d\u00e9sert m\u00e9dical\",\"GHT\",\"num\u00e9rique\",\"PMSP\",\"t\u00e9l\u00e9m\u00e9decine\",\"t\u00e9l\u00e9sant\u00e9\"],\"articleSection\":[\"dossier\",\"Gestions Hospitali\u00e8res\"],\"inLanguage\":\"fr-FR\",\"potentialAction\":[{\"@type\":\"CommentAction\",\"name\":\"Comment\",\"target\":[\"https:\/\/www.ricom-web8.com\/gestions\/une-offre-de-soins-elargie-lexperience-du-ght-des-alpes-du-sud\/#respond\"]}]},{\"@type\":\"WebPage\",\"@id\":\"https:\/\/www.ricom-web8.com\/gestions\/une-offre-de-soins-elargie-lexperience-du-ght-des-alpes-du-sud\/\",\"url\":\"https:\/\/www.ricom-web8.com\/gestions\/une-offre-de-soins-elargie-lexperience-du-ght-des-alpes-du-sud\/\",\"name\":\"Une offre de soins \u00e9largie - Gestions hospitali\u00e8res\",\"isPartOf\":{\"@id\":\"https:\/\/www.ricom-web8.com\/gestions\/#website\"},\"datePublished\":\"2021-09-01T09:09:26+00:00\",\"dateModified\":\"2021-09-21T14:29:00+00:00\",\"breadcrumb\":{\"@id\":\"https:\/\/www.ricom-web8.com\/gestions\/une-offre-de-soins-elargie-lexperience-du-ght-des-alpes-du-sud\/#breadcrumb\"},\"inLanguage\":\"fr-FR\",\"potentialAction\":[{\"@type\":\"ReadAction\",\"target\":[\"https:\/\/www.ricom-web8.com\/gestions\/une-offre-de-soins-elargie-lexperience-du-ght-des-alpes-du-sud\/\"]}]},{\"@type\":\"BreadcrumbList\",\"@id\":\"https:\/\/www.ricom-web8.com\/gestions\/une-offre-de-soins-elargie-lexperience-du-ght-des-alpes-du-sud\/#breadcrumb\",\"itemListElement\":[{\"@type\":\"ListItem\",\"position\":1,\"name\":\"Accueil\",\"item\":\"https:\/\/www.ricom-web8.com\/gestions\/\"},{\"@type\":\"ListItem\",\"position\":2,\"name\":\"Une offre de soins \u00e9largie\"}]},{\"@type\":\"WebSite\",\"@id\":\"https:\/\/www.ricom-web8.com\/gestions\/#website\",\"url\":\"https:\/\/www.ricom-web8.com\/gestions\/\",\"name\":\"Gestions hospitali\u00e8res\",\"description\":\"la revue des d\u00e9cideurs hospitaliers\",\"publisher\":{\"@id\":\"https:\/\/www.ricom-web8.com\/gestions\/#organization\"},\"potentialAction\":[{\"@type\":\"SearchAction\",\"target\":{\"@type\":\"EntryPoint\",\"urlTemplate\":\"https:\/\/www.ricom-web8.com\/gestions\/?s={search_term_string}\"},\"query-input\":{\"@type\":\"PropertyValueSpecification\",\"valueRequired\":true,\"valueName\":\"search_term_string\"}}],\"inLanguage\":\"fr-FR\"},{\"@type\":\"Organization\",\"@id\":\"https:\/\/www.ricom-web8.com\/gestions\/#organization\",\"name\":\"Gestions hospitali\u00e8res\",\"url\":\"https:\/\/www.ricom-web8.com\/gestions\/\",\"logo\":{\"@type\":\"ImageObject\",\"inLanguage\":\"fr-FR\",\"@id\":\"https:\/\/www.ricom-web8.com\/gestions\/#\/schema\/logo\/image\/\",\"url\":\"https:\/\/gestions-hospitalieres.fr\/wp-content\/uploads\/2017\/02\/picto_Gif-GH-trans.png\",\"contentUrl\":\"https:\/\/gestions-hospitalieres.fr\/wp-content\/uploads\/2017\/02\/picto_Gif-GH-trans.png\",\"width\":512,\"height\":512,\"caption\":\"Gestions hospitali\u00e8res\"},\"image\":{\"@id\":\"https:\/\/www.ricom-web8.com\/gestions\/#\/schema\/logo\/image\/\"},\"sameAs\":[\"https:\/\/www.facebook.com\/gestionshospitalieres\/\",\"https:\/\/x.com\/revue_GH\",\"https:\/\/www.linkedin.com\/company\/gestions-hospitalieres?trk=top_nav_home\"]},{\"@type\":\"Person\",\"@id\":\"https:\/\/www.ricom-web8.com\/gestions\/#\/schema\/person\/3ba9fe913190dfe9507feb621e902c1f\",\"name\":\"Gestions hospitali\u00e8res\",\"image\":{\"@type\":\"ImageObject\",\"inLanguage\":\"fr-FR\",\"@id\":\"https:\/\/www.ricom-web8.com\/gestions\/#\/schema\/person\/image\/\",\"url\":\"https:\/\/secure.gravatar.com\/avatar\/1a0d93e6db5dbe7dac96bae4757d256f?s=96&d=mm&r=g\",\"contentUrl\":\"https:\/\/secure.gravatar.com\/avatar\/1a0d93e6db5dbe7dac96bae4757d256f?s=96&d=mm&r=g\",\"caption\":\"Gestions hospitali\u00e8res\"},\"url\":\"https:\/\/www.ricom-web8.com\/gestions\/author\/benjamin\/\"}]}<\/script>\n<!-- \/ Yoast SEO plugin. -->","yoast_head_json":{"title":"Une offre de soins \u00e9largie - Gestions hospitali\u00e8res","robots":{"index":"index","follow":"follow","max-snippet":"max-snippet:-1","max-image-preview":"max-image-preview:large","max-video-preview":"max-video-preview:-1"},"canonical":"https:\/\/www.ricom-web8.com\/gestions\/une-offre-de-soins-elargie-lexperience-du-ght-des-alpes-du-sud\/","og_locale":"fr_FR","og_type":"article","og_title":"Une offre de soins \u00e9largie - Gestions hospitali\u00e8res","og_description":"Temps de lecture\u00a0:  7 minutesDans les Alpes du Sud, la t\u00e9l\u00e9m\u00e9decine n\u2019est pas une option pour r\u00e9pondre aux besoins en sant\u00e9 de la population, c\u2019est une obligation\u2009: ce territoire vaste, rural et de montagne souffre particuli\u00e8rement de probl\u00e8me d\u2019accessibilit\u00e9, notamment en p\u00e9riode hivernale.\u00a0 La r\u00e9partition g\u00e9ographique des m\u00e9decins y est en outre tr\u00e8s disparate, notamment les g\u00e9n\u00e9ralistes, in\u00e9galement(2) r\u00e9partis au sein des deux d\u00e9partements (Hautes-Alpes et Alpes-de-Haute-Provence). Pr\u00e8s de la moiti\u00e9 des m\u00e9decins des&hellip;","og_url":"https:\/\/www.ricom-web8.com\/gestions\/une-offre-de-soins-elargie-lexperience-du-ght-des-alpes-du-sud\/","og_site_name":"Gestions hospitali\u00e8res","article_publisher":"https:\/\/www.facebook.com\/gestionshospitalieres\/","article_published_time":"2021-09-01T09:09:26+00:00","article_modified_time":"2021-09-21T14:29:00+00:00","author":"Gestions hospitali\u00e8res","twitter_card":"summary_large_image","twitter_creator":"@revue_GH","twitter_site":"@revue_GH","twitter_misc":{"\u00c9crit par":"Gestions hospitali\u00e8res","Dur\u00e9e de lecture estim\u00e9e":"12 minutes"},"schema":{"@context":"https:\/\/schema.org","@graph":[{"@type":"Article","@id":"https:\/\/www.ricom-web8.com\/gestions\/une-offre-de-soins-elargie-lexperience-du-ght-des-alpes-du-sud\/#article","isPartOf":{"@id":"https:\/\/www.ricom-web8.com\/gestions\/une-offre-de-soins-elargie-lexperience-du-ght-des-alpes-du-sud\/"},"author":{"name":"Gestions hospitali\u00e8res","@id":"https:\/\/www.ricom-web8.com\/gestions\/#\/schema\/person\/3ba9fe913190dfe9507feb621e902c1f"},"headline":"Une offre de soins \u00e9largie","datePublished":"2021-09-01T09:09:26+00:00","dateModified":"2021-09-21T14:29:00+00:00","mainEntityOfPage":{"@id":"https:\/\/www.ricom-web8.com\/gestions\/une-offre-de-soins-elargie-lexperience-du-ght-des-alpes-du-sud\/"},"wordCount":2310,"commentCount":0,"publisher":{"@id":"https:\/\/www.ricom-web8.com\/gestions\/#organization"},"keywords":["Alpes du Sud","Covid-19","d\u00e9sert m\u00e9dical","GHT","num\u00e9rique","PMSP","t\u00e9l\u00e9m\u00e9decine","t\u00e9l\u00e9sant\u00e9"],"articleSection":["dossier","Gestions Hospitali\u00e8res"],"inLanguage":"fr-FR","potentialAction":[{"@type":"CommentAction","name":"Comment","target":["https:\/\/www.ricom-web8.com\/gestions\/une-offre-de-soins-elargie-lexperience-du-ght-des-alpes-du-sud\/#respond"]}]},{"@type":"WebPage","@id":"https:\/\/www.ricom-web8.com\/gestions\/une-offre-de-soins-elargie-lexperience-du-ght-des-alpes-du-sud\/","url":"https:\/\/www.ricom-web8.com\/gestions\/une-offre-de-soins-elargie-lexperience-du-ght-des-alpes-du-sud\/","name":"Une offre de soins \u00e9largie - Gestions hospitali\u00e8res","isPartOf":{"@id":"https:\/\/www.ricom-web8.com\/gestions\/#website"},"datePublished":"2021-09-01T09:09:26+00:00","dateModified":"2021-09-21T14:29:00+00:00","breadcrumb":{"@id":"https:\/\/www.ricom-web8.com\/gestions\/une-offre-de-soins-elargie-lexperience-du-ght-des-alpes-du-sud\/#breadcrumb"},"inLanguage":"fr-FR","potentialAction":[{"@type":"ReadAction","target":["https:\/\/www.ricom-web8.com\/gestions\/une-offre-de-soins-elargie-lexperience-du-ght-des-alpes-du-sud\/"]}]},{"@type":"BreadcrumbList","@id":"https:\/\/www.ricom-web8.com\/gestions\/une-offre-de-soins-elargie-lexperience-du-ght-des-alpes-du-sud\/#breadcrumb","itemListElement":[{"@type":"ListItem","position":1,"name":"Accueil","item":"https:\/\/www.ricom-web8.com\/gestions\/"},{"@type":"ListItem","position":2,"name":"Une offre de soins \u00e9largie"}]},{"@type":"WebSite","@id":"https:\/\/www.ricom-web8.com\/gestions\/#website","url":"https:\/\/www.ricom-web8.com\/gestions\/","name":"Gestions hospitali\u00e8res","description":"la revue des d\u00e9cideurs hospitaliers","publisher":{"@id":"https:\/\/www.ricom-web8.com\/gestions\/#organization"},"potentialAction":[{"@type":"SearchAction","target":{"@type":"EntryPoint","urlTemplate":"https:\/\/www.ricom-web8.com\/gestions\/?s={search_term_string}"},"query-input":{"@type":"PropertyValueSpecification","valueRequired":true,"valueName":"search_term_string"}}],"inLanguage":"fr-FR"},{"@type":"Organization","@id":"https:\/\/www.ricom-web8.com\/gestions\/#organization","name":"Gestions hospitali\u00e8res","url":"https:\/\/www.ricom-web8.com\/gestions\/","logo":{"@type":"ImageObject","inLanguage":"fr-FR","@id":"https:\/\/www.ricom-web8.com\/gestions\/#\/schema\/logo\/image\/","url":"https:\/\/gestions-hospitalieres.fr\/wp-content\/uploads\/2017\/02\/picto_Gif-GH-trans.png","contentUrl":"https:\/\/gestions-hospitalieres.fr\/wp-content\/uploads\/2017\/02\/picto_Gif-GH-trans.png","width":512,"height":512,"caption":"Gestions hospitali\u00e8res"},"image":{"@id":"https:\/\/www.ricom-web8.com\/gestions\/#\/schema\/logo\/image\/"},"sameAs":["https:\/\/www.facebook.com\/gestionshospitalieres\/","https:\/\/x.com\/revue_GH","https:\/\/www.linkedin.com\/company\/gestions-hospitalieres?trk=top_nav_home"]},{"@type":"Person","@id":"https:\/\/www.ricom-web8.com\/gestions\/#\/schema\/person\/3ba9fe913190dfe9507feb621e902c1f","name":"Gestions hospitali\u00e8res","image":{"@type":"ImageObject","inLanguage":"fr-FR","@id":"https:\/\/www.ricom-web8.com\/gestions\/#\/schema\/person\/image\/","url":"https:\/\/secure.gravatar.com\/avatar\/1a0d93e6db5dbe7dac96bae4757d256f?s=96&d=mm&r=g","contentUrl":"https:\/\/secure.gravatar.com\/avatar\/1a0d93e6db5dbe7dac96bae4757d256f?s=96&d=mm&r=g","caption":"Gestions hospitali\u00e8res"},"url":"https:\/\/www.ricom-web8.com\/gestions\/author\/benjamin\/"}]}},"_links":{"self":[{"href":"https:\/\/www.ricom-web8.com\/gestions\/wp-json\/wp\/v2\/posts\/43736","targetHints":{"allow":["GET"]}}],"collection":[{"href":"https:\/\/www.ricom-web8.com\/gestions\/wp-json\/wp\/v2\/posts"}],"about":[{"href":"https:\/\/www.ricom-web8.com\/gestions\/wp-json\/wp\/v2\/types\/post"}],"author":[{"embeddable":true,"href":"https:\/\/www.ricom-web8.com\/gestions\/wp-json\/wp\/v2\/users\/23133"}],"replies":[{"embeddable":true,"href":"https:\/\/www.ricom-web8.com\/gestions\/wp-json\/wp\/v2\/comments?post=43736"}],"version-history":[{"count":0,"href":"https:\/\/www.ricom-web8.com\/gestions\/wp-json\/wp\/v2\/posts\/43736\/revisions"}],"wp:attachment":[{"href":"https:\/\/www.ricom-web8.com\/gestions\/wp-json\/wp\/v2\/media?parent=43736"}],"wp:term":[{"taxonomy":"category","embeddable":true,"href":"https:\/\/www.ricom-web8.com\/gestions\/wp-json\/wp\/v2\/categories?post=43736"},{"taxonomy":"post_tag","embeddable":true,"href":"https:\/\/www.ricom-web8.com\/gestions\/wp-json\/wp\/v2\/tags?post=43736"}],"curies":[{"name":"wp","href":"https:\/\/api.w.org\/{rel}","templated":true}]}}