

{"id":43829,"date":"2021-10-01T10:38:43","date_gmt":"2021-10-01T08:38:43","guid":{"rendered":"https:\/\/gestions-hospitalieres.fr\/?p=43829"},"modified":"2021-10-27T17:07:48","modified_gmt":"2021-10-27T15:07:48","slug":"jardins-et-soins-reinventer-les-etablissements-de-sante","status":"publish","type":"post","link":"https:\/\/www.ricom-web8.com\/gestions\/jardins-et-soins-reinventer-les-etablissements-de-sante\/","title":{"rendered":"Jardins et soins"},"content":{"rendered":"<span class=\"span-reading-time rt-reading-time\" style=\"display: block;\"><span class=\"rt-label rt-prefix\">Temps de lecture\u00a0: <\/span> <span class=\"rt-time\"> 10<\/span> <span class=\"rt-label rt-postfix\">minutes<\/span><\/span><p>D\u00e8s 3\u2009000 ans avant J\u00e9sus-Christ, l\u2019usage de plantes \u00e0 des fins m\u00e9dicinales est attest\u00e9 en Chine, en \u00c9gypte et en Inde. Dans la Gr\u00e8ce antique, Hippocrate affirme l\u2019importance des d\u00e9terminants environnementaux de la sant\u00e9 et l\u2019emploi des plantes comme rem\u00e8des. Au VIII<sup>e<\/sup>\u00a0si\u00e8cle, la Perse installe dans ses <i>b\u00eem\u00e2rist\u00e2ns<\/i> (h\u00f4pitaux) les premiers jardins d\u00e9di\u00e9s aux plantes m\u00e9dicinales.<span class=\"Apple-converted-space\">\u00a0<\/span><\/p>\n<p>Au Moyen \u00c2ge, en Occident, c\u2019est l\u2019\u00c9glise qui prend en charge malades et indigents. Les hospices et les asiles d\u00e9veloppent alors des jardins de \u00ab\u2009simples\u2009\u00bb (<i>horti medici<\/i>) pour produire plantes m\u00e9dicinales, fruits et l\u00e9gumes. Ces espaces sont pens\u00e9s comme des endroits o\u00f9 l\u2019activit\u00e9 de jardinage permet du lien social et recentre les croyants sur leur foi.<\/p>\n<p>\u00c0 partir du XVI<sup>e<\/sup> si\u00e8cle, la croissance d\u00e9mographique et les crises \u00e9conomiques entra\u00eenent une hausse de la mendicit\u00e9 dans les villes. Parall\u00e8lement, les lieux de soins s\u2019institutionnalisent en h\u00f4pitaux g\u00e9n\u00e9raux et prennent leur distance avec le pouvoir religieux. Les personnes accueillies ou retenues sont amen\u00e9es \u00e0 y travailler la terre. Cela permet de lutter contre la mendicit\u00e9 tout en produisant des ressources utiles \u00e0 tous.<span class=\"Apple-converted-space\">\u00a0<\/span><\/p>\n<p>Au XIX<sup>e<\/sup> si\u00e8cle, les politiques hygi\u00e9nistes aboutissent \u00e0 repousser les h\u00f4pitaux aux p\u00e9riph\u00e9ries des villes pour r\u00e9duire les risques de contagion. Les \u00e9tendues v\u00e9g\u00e9talis\u00e9es y sont encourag\u00e9es, plant\u00e9es, maintenues ou cr\u00e9\u00e9es, car per\u00e7ues comme un crit\u00e8re de salubrit\u00e9.<\/p>\n<p>Si la fonction politico-\u00e9conomique du jardin est alors pr\u00e9dominante, l\u2019activit\u00e9 de jardinage s\u2019impose peu \u00e0 peu comme un outil th\u00e9rapeutique, en particulier pour les personnes atteintes de troubles mentaux<sup class=\"appel\" data-toggle=\"modal\" data-target=\"#notes\">(1)<\/sup>.<\/p>\n<p>La psychiatrie appara\u00eet ainsi comme pionni\u00e8re dans le d\u00e9veloppement de jardins \u00e0 vis\u00e9e th\u00e9rapeutique, en particulier en Am\u00e9rique du Nord sous l\u2019influence de Benjamin Rush. En atteste l\u2019asile de Philadelphie ouvert en 1817\u2009: apr\u00e8s avoir construit une serre en 1879, l\u2019\u00e9tablissement associe les patients \u00e0 l\u2019entretien des potagers et vergers dans ce qui pose les premiers principes pratiques d\u2019une th\u00e9rapie recourant \u00e0 la m\u00e9diation horticole. Autre exemple, la Menninger Foundation, fond\u00e9e en 1919, promeut \u00e0 plus grande \u00e9chelle les vertus de la nature et entend encourager les sorties en for\u00eat et le jardinage pour les patients.<\/p>\n<p>De la fin de la Premi\u00e8re Guerre mondiale aux ann\u00e9es 1980, plusieurs facteurs se conjuguent pour faire reculer la place des jardins dans les h\u00f4pitaux occidentaux. L\u2019\u00e9talement urbain r\u00e9int\u00e8gre progressivement les h\u00f4pitaux dans la ville et la pression fonci\u00e8re conduit \u00e0 une optimisation de l\u2019espace au d\u00e9triment de ces espaces verts. Le travail de la terre par les malades est parfois l\u2019objet de critiques qui le consid\u00e8rent comme de l\u2019esclavage. Par ailleurs, l\u2019industrialisation de l\u2019agriculture et la baisse des co\u00fbts qu\u2019elle engendre font perdre la raison d\u2019\u00eatre d\u2019une activit\u00e9 mara\u00eech\u00e8re \u00e0 des fins vivri\u00e8res ou commerciales dans les h\u00f4pitaux. Enfin, les progr\u00e8s de la m\u00e9decine moderne ont pu aussi tendre \u00e0 une approche curative misant davantage sur le recours \u00e0 des nouvelles mol\u00e9cules que sur des pratiques pr\u00e9ventives. \u00c0 la m\u00eame \u00e9poque, au Japon, le minist\u00e8re du Travail encourage les activit\u00e9s de jardinage pour lutter contre la d\u00e9pendance qui frappe une population de plus en plus \u00e2g\u00e9e.<\/p>\n<p>\u00c0 la fin du XX<sup>e<\/sup> si\u00e8cle, les jardins semblent faire l\u2019objet d\u2019un regain d\u2019int\u00e9r\u00eat. Dans les h\u00f4pitaux organis\u00e9s sous une forme pavillonnaire, l\u2019am\u00e9nagement de jardins dans les interstices entre les unit\u00e9s de soin appara\u00eet comme un moyen d\u2019am\u00e9liorer l\u2019image de l\u2019\u00e9tablissement et les conditions d\u2019accueil des patients.<\/p>\n<p>Outre cette vis\u00e9e ornementale, le mod\u00e8le du jardin \u00e0 vis\u00e9e th\u00e9rapeutique d\u00e9passe peu \u00e0 peu le champ de la psychiatrie et s\u2019\u00e9tend \u00e0 d\u2019autres publics\u2009: centres \u00e9ducatifs, unit\u00e9s pour alcooliques et toxicomanes, enfants des quartiers d\u00e9favoris\u00e9s, personnes \u00e2g\u00e9es\u2026<\/p>\n<p>La France, qui accuse un retard initial, voit ainsi fleurir des jardins sous l\u2019influence de quelques pionniers\u2009: Jean\u00a0Merret \u00e0 la maison de retraite de Huelgoat (1970), le centre hospitalier de La Roche-sur-Yon et ses jardins sensoriels (1975), Anne Ribes, infirmi\u00e8re jardiniste, et le potager pour enfants autistes de la Piti\u00e9-Salp\u00eatri\u00e8re (1997), la neurologue Th\u00e9r\u00e8se Jonveaux et le jardin destin\u00e9 aux personnes atteintes par la maladie d\u2019Alzheimer au CHRU de Nancy.<\/p>\n<p>Ces initiatives ont essaim\u00e9\u2009: selon l\u2019Observatoire des villes vertes, tenu par l\u2019association Hortis et l\u2019Union nationale des entreprises du paysage (Unep), \u00ab\u2009quatre villes sur dix ont install\u00e9 (ou pr\u00e9voyaient d\u2019installer en 2017) des jardins th\u00e9rapeutiques \u00e0 proximit\u00e9 des centres de soin<sup class=\"appel\" data-toggle=\"modal\" data-target=\"#notes\">(2)<\/sup>\u2009\u00bb.<\/p>\n<p>Ces exp\u00e9rimentations b\u00e9n\u00e9ficient en outre d\u2019un cadre institutionnel de plus en plus favorable, comme en t\u00e9moignent la reconnaissance de l\u2019hortith\u00e9rapie comme th\u00e9rapie non m\u00e9dicamenteuse dans le cadre du plan Alzheimer de 2008 ou la cr\u00e9ation de la F\u00e9d\u00e9ration fran\u00e7aise Jardins nature et sant\u00e9 en 2018.<\/p>\n<h1>La pertinence des jardins dans les lieux de soins<\/h1>\n<p>L\u2019h\u00f4pital comme le jardin partagent une m\u00eame fonction de soins, orient\u00e9e vers les patients pour le premier, vers la flore et la faune pour le second. Tous deux se pr\u00e9sentent comme des espaces clos mais ouverts sur l\u2019ext\u00e9rieur, des espaces o\u00f9 toute la soci\u00e9t\u00e9 peut se rencontrer. De ce fait, l\u2019h\u00f4pital et le jardin expriment, chacun \u00e0 sa mani\u00e8re, les imaginaires sociaux propres \u00e0 un territoire ou \u00e0 une \u00e9poque\u2009: le rapport \u00e0 la technique et au progr\u00e8s, mais aussi au corps, \u00e0 l\u2019environnement, \u00e0 l\u2019int\u00e9riorit\u00e9 voire \u00e0 la spiritualit\u00e9\u2026 Autant d\u2019enjeux qui s\u2019y trouvent refl\u00e9t\u00e9s.<\/p>\n<h2>Une influence r\u00e9ciproque sant\u00e9\/environnement<span class=\"Apple-converted-space\">\u00a0<\/span><\/h2>\n<p>La pertinence du jardin dans l\u2019h\u00f4pital se comprend tout d\u2019abord au regard de l\u2019entrecroisement des enjeux sanitaires et environnementaux\u2009: le secteur de la sant\u00e9 contribue \u00e0 la d\u00e9gradation des \u00e9cosyst\u00e8mes alors m\u00eame que l\u2019influence de l\u2019environnement sur la sant\u00e9 humaine est d\u00e9sormais \u00e9tablie.<\/p>\n<p>D\u2019une part, la transition \u00e9cologique s\u2019impose comme le d\u00e9fi majeur du XXI<sup>e<\/sup>\u00a0si\u00e8cle \u2013 un d\u00e9fi auquel les \u00e9tablissements de soins ne peuvent se soustraire. En incluant l\u2019industrie pharmaceutique, le secteur de la sant\u00e9 se r\u00e9v\u00e8le en effet une source majeure de pollution. En France, il repr\u00e9sente 12\u2009% de la consommation d\u2019\u00e9nergie du secteur tertiaire tandis que la consommation d\u2019eau par lits y est entre 2,7 et 8\u00a0fois sup\u00e9rieure \u00e0 celle d\u2019un Fran\u00e7ais moyen<sup class=\"appel\" data-toggle=\"modal\" data-target=\"#notes\">(3)<\/sup>. Il compte \u00e9galement pour 4,5\u2009% des \u00e9missions carbone nationales, ce qui le place \u00e0 un niveau comparable aux secteurs de l\u2019a\u00e9rien et du num\u00e9rique<sup class=\"appel\" data-toggle=\"modal\" data-target=\"#notes\">(4)<\/sup>.<\/p>\n<p>D\u2019autre part, bien que complexe, l\u2019influence de l\u2019environnement sur la sant\u00e9 est de mieux en mieux appr\u00e9hend\u00e9e, qu\u2019elle soit directe (pollutions de l\u2019eau, de l\u2019air et du sol, catastrophes naturelles, canicules, etc.) ou indirecte (appauvrissement des \u00ab\u2009services \u00e9cosyst\u00e9miques\u2009\u00bb rendus par la biodiversit\u00e9, moindre productivit\u00e9 agricole, migrations, etc.). En France, la pollution de l\u2019air seule serait responsable de 47\u2009000<sup class=\"appel\" data-toggle=\"modal\" data-target=\"#notes\">(5)<\/sup> \u00e0 100\u00a0000<sup class=\"appel\" data-toggle=\"modal\" data-target=\"#notes\">(6)<\/sup> d\u00e9c\u00e8s annuels, soit entre 7 et 17\u2009% de la mortalit\u00e9 totale\u2009! Il appara\u00eet donc contradictoire qu\u2019un lieu o\u00f9 l\u2019on est cens\u00e9 soigner les humains contribue \u00e0 produire un milieu de vie n\u00e9faste pour notre sant\u00e9. Prendre soin de l\u2019humain implique de prendre soin du vivant dans son ensemble. Dans ce cadre, v\u00e9g\u00e9taliser un lieu de soins, c\u2019est accorder davantage d\u2019importance aux d\u00e9terminants environnementaux de la sant\u00e9\u2009: la demande de nature en ville port\u00e9e par les citoyens est de plus en plus appuy\u00e9e par des travaux scientifiques montrant l\u2019effet b\u00e9n\u00e9fique de la v\u00e9g\u00e9talisation sur la temp\u00e9rature, la pollution de l\u2019air et le niveau de bien-\u00eatre des habitants notamment.<\/p>\n<h2>Hospitalit\u00e9 et soins<\/h2>\n<p>Le jardin appara\u00eet ensuite comme un prolongement des fonctions d\u2019hospitalit\u00e9 et de soins de l\u2019h\u00f4pital.<span class=\"Apple-converted-space\">\u00a0<\/span><\/p>\n<p>De nombreuses \u00e9tudes ont \u00e9tabli les bienfaits des jardins sur les patients et le personnel de l\u2019h\u00f4pital. Quelques exemples, non exhaustifs, en t\u00e9moignent\u2009:<\/p>\n<ul>\n<li>la simple vue sur un espace vert peut r\u00e9duire de 25\u2009% le d\u00e9lai de r\u00e9cup\u00e9ration apr\u00e8s intervention chirurgicale et diminuer la quantit\u00e9 de m\u00e9dicaments utilis\u00e9s<sup class=\"appel\" data-toggle=\"modal\" data-target=\"#notes\">(7)<\/sup> ;<\/li>\n<li>plus globalement, l\u2019interaction avec la nature agit positivement sur les diff\u00e9rents facteurs de r\u00e9silience de la sant\u00e9 mentale (confiance en soin, apaisement, diminution des sympt\u00f4mes schizophr\u00e9nique et post-traumatique\u2026) mais aussi sur certains processus physiologiques (r\u00e9duction de l\u2019IMC, augmentation des capacit\u00e9s motrices et sensorielles, diminution des risques de diab\u00e8te de type 2, am\u00e9lioration des d\u00e9fenses immunitaires\u2026 [<i>tableau<\/i>])\u2009;<\/li>\n<\/ul>\n<button data-toggle=\"collapse\" data-target=\"#enc_2021_495_01\">TABLEAU<\/button><div id=\"enc_2021_495_01\" class=\"encadre collapse\"><p><span class=\"surtitre_enc\">TABLEAU<\/span><\/p>\n<h2>Effets des espaces de nature observ\u00e9s sur la sant\u00e9 et le bien-\u00eatre<\/h2>\n<p><img decoding=\"async\" class=\"alignnone size-full wp-image-43834\" src=\"https:\/\/gestions-hospitalieres.fr\/wp-content\/uploads\/2021\/10\/Capture-d\u2019\u00e9cran-2021-10-26-\u00e0-10.55.45.png\" alt=\"\" width=\"1080\" height=\"1110\" srcset=\"https:\/\/www.ricom-web8.com\/gestions\/wp-content\/uploads\/2021\/10\/Capture-d\u2019\u00e9cran-2021-10-26-\u00e0-10.55.45.png 1080w, https:\/\/www.ricom-web8.com\/gestions\/wp-content\/uploads\/2021\/10\/Capture-d\u2019\u00e9cran-2021-10-26-\u00e0-10.55.45-292x300.png 292w, https:\/\/www.ricom-web8.com\/gestions\/wp-content\/uploads\/2021\/10\/Capture-d\u2019\u00e9cran-2021-10-26-\u00e0-10.55.45-996x1024.png 996w, https:\/\/www.ricom-web8.com\/gestions\/wp-content\/uploads\/2021\/10\/Capture-d\u2019\u00e9cran-2021-10-26-\u00e0-10.55.45-768x789.png 768w\" sizes=\"(max-width: 1080px) 100vw, 1080px\" \/><\/p>\n<p>Source\u2009: K. Charras <i>et al.<\/i>, <i>Conception et \u00e9laboration de jardins \u00e0 l\u2019usage des \u00e9tablissements sociaux, m\u00e9dico-sociaux et sanitaires<\/i>, guide pratique, Fondation M\u00e9d\u00e9ric Alzheimer\/ENSP de Versailles\/Jardins et sant\u00e9\/Living Lab, 2020 - <a href=\"https:\/\/www.fondation-mederic-alzheimer.org\" target=\"_blank\" rel=\"noopener noreferrer\">https:\/\/www.fondation-mederic-alzheimer.org<\/a><\/p>\n<\/div>\n<ul>\n<li>l\u2019acc\u00e8s \u00e0 des jardins r\u00e9duit le stress et l\u2019anxi\u00e9t\u00e9 des soignants, qui portent de fait une meilleure appr\u00e9ciation sur leur qualit\u00e9 de vie au travail<sup class=\"appel\" data-toggle=\"modal\" data-target=\"#notes\">(8)<\/sup>. La pr\u00e9sence en nombre de plantes dans l\u2019environnement de travail est associ\u00e9e \u00e0 une baisse des maladies ORL, neuropsychologiques et dermatologiques, et donc des arr\u00eats maladies professionnels<sup class=\"appel\" data-toggle=\"modal\" data-target=\"#notes\">(9)<\/sup>.<\/li>\n<\/ul>\n<p>Si la sant\u00e9 est, comme l\u2019envisage l\u2019Organisation mondiale de la sant\u00e9, \u00ab\u2009un \u00e9tat de complet bien-\u00eatre physique, mental et social, et ne consiste pas seulement en une absence de maladie ou d\u2019infirmit\u00e9<sup class=\"appel\" data-toggle=\"modal\" data-target=\"#notes\">(10)<\/sup>\u2009\u00bb, le jardin dans l\u2019h\u00f4pital participe ind\u00e9niablement \u00e0 cette compl\u00e9tude du bien-\u00eatre en proposant un lieu o\u00f9 les usagers se lib\u00e8rent des contraintes de la vie en \u00e9tablissement et entretiennent avec cet espace les relations qui leur correspondent\u2009: d\u00e9tente, pratiques physiques ou sensorielles, activit\u00e9s sociales, contemplation, m\u00e9ditation\u2026<\/p>\n<p>Dans un contexte de pr\u00e9valence croissante des maladies chroniques, le jardin rev\u00eat un sens plus particulier. D\u2019une part, dans une d\u00e9marche de sant\u00e9 publique, il se r\u00e9v\u00e8le comme un lieu d\u2019\u00e9ducation, de pr\u00e9vention et de sensibilisation \u00e0 l\u2019alimentation, \u00e0 l\u2019activit\u00e9 physique, au souci de la nature, etc. D\u2019autre part, pour des patients atteints de maladies chroniques, l\u2019institution n\u2019est plus un lieu de passage \u00e9pisodique, elle devient un espace familier, et le jardin peut contribuer \u00e0 favoriser leur bien-\u00eatre global, leur autonomie et faciliter les transitions domicile\/h\u00f4pital.<\/p>\n<blockquote><p>Le jardin, espace de socialisation, peut contribuer \u00e0 une \u201cd\u00e9dramatisation\u201d de la maladie et de l\u2019h\u00f4pital en g\u00e9n\u00e9ral.<\/p><\/blockquote>\n<h1>Repenser les \u00e9tablissements de sant\u00e9<\/h1>\n<h2>Vers un nouveau prendre-soin\u2009?<\/h2>\n<p>L\u2019am\u00e9nagement de jardins dans les h\u00f4pitaux peut appara\u00eetre aussi comme une opportunit\u00e9 d\u2019ouvrir l\u2019h\u00f4pital sur la ville et le territoire. En tant que lieu de pratiques, il peut rassembler des publics tr\u00e8s divers et faciliter les \u00e9changes. Cet espace de socialisation peut contribuer \u00e0 une \u00ab\u2009d\u00e9dramatisation\u2009\u00bb de la maladie et de l\u2019h\u00f4pital en g\u00e9n\u00e9ral. Il constitue donc un facteur d\u2019attractivit\u00e9 ind\u00e9niable, tant du point de vue des patients, de leurs familles et du personnel que d\u2019autres partenaires pouvant apporter financement ou expertise.<span class=\"Apple-converted-space\">\u00a0<\/span><\/p>\n<p>Finalement, les enjeux soulev\u00e9s par les jardins dans l\u2019h\u00f4pital soulignent la n\u00e9cessit\u00e9 de repenser le fonctionnement de ce dernier. Construit sur une logique essentiellement technique, fonctionnelle et hygi\u00e9niste, l\u2019h\u00f4pital peut y trouver l\u2019occasion de se r\u00e9inventer\u2009: en tant qu\u2019espace cohabit\u00e9 par le personnel, les patients, la population du territoire, les esp\u00e8ces v\u00e9g\u00e9tales et animales, il doit placer le prendre-soin global au c\u0153ur de sa responsabilit\u00e9. Comme nous y invite C. L\u00e9vi-Strauss, \u00ab\u2009il faudrait poser au d\u00e9part une sorte d\u2019humilit\u00e9 principielle\u2009; l\u2019Homme, commen\u00e7ant par respecter toutes les formes de vie en dehors de la sienne, se mettrait \u00e0 l\u2019abri du risque de ne pas respecter toutes les formes de vie au sein de l\u2019humanit\u00e9 m\u00eame<sup class=\"appel\" data-toggle=\"modal\" data-target=\"#notes\">(11)<\/sup>.\u2009\u00bb<\/p>\n<p>\u00catre convaincu de la pertinence des jardins dans les lieux de soins ne suffit pas\u2009; il reste \u00e0 d\u00e9finir une m\u00e9thode de mise en place, qui d\u00e9termine les r\u00e9sultats obtenus.<\/p>\n<button data-toggle=\"collapse\" data-target=\"#enc_2021_495_02\">encadr\u00e9 1<\/button><div id=\"enc_2021_495_02\" class=\"encadre collapse\"><p><span class=\"surtitre_enc\">encadr\u00e9 1<\/span><\/p>\n<h2>Le jardin de la p\u00e9diatrie du CH Sud Francilien<\/h2>\n<h3>Des b\u00e9n\u00e9fices clairs pour les enfants\u2026<\/h3>\n<p>Cr\u00e9\u00e9 en 2020, le jardin du service de p\u00e9diatrie a \u00e9t\u00e9 structur\u00e9 pour r\u00e9pondre aux diff\u00e9rents besoins des patients\u2009: une partie est consacr\u00e9e \u00e0 l\u2019\u00e9veil des sens, une autre \u00e0 la d\u00e9tente et une derni\u00e8re aux jeux. Il permet de travailler aussi bien sur les troubles de l\u2019oralit\u00e9 alimentaire que sur les angoisses et les troubles du comportement. Les activit\u00e9s diverses impliquent m\u00e9decins, cadre, infirmi\u00e8res et aides-soignantes mais aussi une psychomotricienne, une \u00e9ducatrice sp\u00e9cialis\u00e9e, une enseignante ainsi que l\u2019\u00e9quipe des espaces verts. Dans cet espace, les enfants, souvent issus de milieux d\u00e9favoris\u00e9s offrant peu de contacts avec la nature, exp\u00e9rimentent un rapport plus apais\u00e9 \u00e0 la terre, \u00e0 l\u2019alimentation et aux autres.<\/p>\n<p>Les bienfaits de ce jardin sont d\u00e9j\u00e0 remarquables. Il lib\u00e8re la parole\u2009: \u00ab\u2009Une jeune fille de 12 ans, sur la r\u00e9serve avec les soignants, s\u2019est confi\u00e9e \u00e0 moi car je repr\u00e9sentais une personne ext\u00e9rieure au service. J\u2019ai ensuite pu partager les informations utiles pour mieux la prendre en charge avec l\u2019\u00e9quipe soignante\u2009\u00bb, t\u00e9moigne un des jardiniers. Il instaure aussi un autre rapport \u00e0 l\u2019h\u00f4pital comme le montre l\u2019exemple de cette patiente qui, apr\u00e8s avoir particip\u00e9 \u00e0 un atelier de plantation, a souhait\u00e9 revenir plusieurs semaines apr\u00e8s sa sortie pour r\u00e9aliser d\u2019autres semis\u2009: \u00ab\u2009Le jardin r\u00e9duit la difficult\u00e9 \u00e0 venir \u00e0 l\u2019h\u00f4pital qui devient plus accueillant.\u2009\u00bb Il renforce la confiance en soi et dans l\u2019environnement\u2009: beaucoup d\u2019enfants refusent dans un premier temps de toucher la terre mais, apr\u00e8s avoir observ\u00e9 leurs voisins, ils finissent d\u2019eux-m\u00eames par retirer leurs gants pour plonger les mains dans le terreau. Les adolescents atteints de troubles du comportement voient la dur\u00e9e de leur d\u00e9jeuner augmenter lorsqu\u2019ils se trouvent dans le jardin, ce qui t\u00e9moigne d\u2019une inscription du patient dans le temps long. Ce rapport plus apais\u00e9 \u00e0 l\u2019alimentation s\u2019exprime aussi gr\u00e2ce aux senteurs du jardin qui aident les enfants \u00e0 avoir une approche plus positive et ouverte \u00e0 la nourriture.<\/p>\n<p><img decoding=\"async\" class=\"alignnone size-full wp-image-43835\" src=\"https:\/\/gestions-hospitalieres.fr\/wp-content\/uploads\/2021\/10\/Capture-d\u2019\u00e9cran-2021-10-26-\u00e0-10.59.27.png\" alt=\"\" width=\"1066\" height=\"1248\" srcset=\"https:\/\/www.ricom-web8.com\/gestions\/wp-content\/uploads\/2021\/10\/Capture-d\u2019\u00e9cran-2021-10-26-\u00e0-10.59.27.png 854w, https:\/\/www.ricom-web8.com\/gestions\/wp-content\/uploads\/2021\/10\/Capture-d\u2019\u00e9cran-2021-10-26-\u00e0-10.59.27-256x300.png 256w, https:\/\/www.ricom-web8.com\/gestions\/wp-content\/uploads\/2021\/10\/Capture-d\u2019\u00e9cran-2021-10-26-\u00e0-10.59.27-875x1024.png 875w, https:\/\/www.ricom-web8.com\/gestions\/wp-content\/uploads\/2021\/10\/Capture-d\u2019\u00e9cran-2021-10-26-\u00e0-10.59.27-768x899.png 768w\" sizes=\"(max-width: 1066px) 100vw, 1066px\" \/><\/p>\n<\/div>\n<h1>Concevoir et cultiver le jardin de fa\u00e7on participative<\/h1>\n<h2>Une n\u00e9cessit\u00e9 pratique pour un jardin adapt\u00e9 et p\u00e9renne<\/h2>\n<p>S\u2019appuyant sur de nombreuses ann\u00e9es d\u2019\u00e9tudes sur les jardins dans les lieux de soins, l\u2019\u00e9copsychologue J. Pellissier affirme\u2009: \u00ab\u2009L\u2019\u00e9laboration participative n\u2019est pas un gadget. C\u2019est une condition de r\u00e9ussite. Toutes les exp\u00e9riences en t\u00e9moignent\u2009: moins l\u2019\u00e9laboration est participative, moins le jardin th\u00e9rapeutique est utilis\u00e9 et vivant.<sup class=\"appel\" data-toggle=\"modal\" data-target=\"#notes\">(12)<\/sup>\u2009\u00bb<span class=\"Apple-converted-space\">\u00a0<\/span><\/p>\n<p>Ce constat empirique est renforc\u00e9 par le travail de J. Zask qui a \u00e9tudi\u00e9 les racines agricoles de la d\u00e9mocratie moderne et mis en \u00e9vidence que les jardins collectifs g\u00e9r\u00e9s de fa\u00e7on autoritaire ou centralis\u00e9e \u00e9taient moins durables (fr\u00e9quentation r\u00e9duite, d\u00e9gradations, etc.) que ceux recourant \u00e0 des modes de gouvernance plus horizontale<sup class=\"appel\" data-toggle=\"modal\" data-target=\"#notes\">(13)<\/sup>. Une \u00e9tude men\u00e9e sur une dizaine de jardins communautaires autour de Manchester a par ailleurs montr\u00e9 que plus la gestion de ces lieux \u00e9tait d\u00e9centralis\u00e9e et participative, plus la biodiversit\u00e9 augmentait<sup class=\"appel\" data-toggle=\"modal\" data-target=\"#notes\">(14)<\/sup>.<span class=\"Apple-converted-space\">\u00a0<\/span><\/p>\n<p>La d\u00e9marche participative, initi\u00e9e d\u00e8s la conception du jardin et entretenue tout au long de sa vie, r\u00e9pond en effet de fa\u00e7on pragmatique \u00e0 de nombreux enjeux. Une \u00e9vidence d\u2019abord\u2009: le jardin doit r\u00e9pondre aux besoins et aux d\u00e9sirs de ses utilisateurs\u2009; ces derniers doivent donc pouvoir les faire entendre. Les aspirations peuvent \u00eatre contradictoires mais la conciliation de ces logiques divergentes est le seul moyen d\u2019obtenir puis de faire vivre un jardin qui rassemble des usages et des publics diff\u00e9rents. Sans cette diversit\u00e9, il ne sera pas en mesure de g\u00e9n\u00e9rer ces cercles vertueux multidimensionnels agissant conjointement sur le lien social, le d\u00e9cloisonnement des acteurs, la pluridisciplinarit\u00e9 des savoirs, la d\u00e9stigmatisation, l\u2019\u00e9ducation, etc.<\/p>\n<p>Dans cette logique participative, l\u2019attention accord\u00e9e aux diff\u00e9rents utilisateurs leur permet de se sentir en confiance et d\u2019observer la mat\u00e9rialisation concr\u00e8te de leurs envies\u2009; ce sont l\u00e0 deux facteurs d\u00e9cisifs pour s\u2019assurer de leur investissement renouvel\u00e9 dans le jardin. Un investissement prolong\u00e9 qui conduit les utilisateurs \u00e0 s\u2019emparer de cet espace\u2009: ils peuvent nouer une relation affective avec lui, projeter une part d\u2019eux-m\u00eames dans les \u00e9l\u00e9ments qui le composent et int\u00e9grer en eux-m\u00eames une part de ces \u00e9l\u00e9ments. Ce lien affectif, inscrit dans le temps, agit comme une garantie pour faire vivre le jardin dans la dur\u00e9e.<span class=\"Apple-converted-space\">\u00a0<\/span><\/p>\n<blockquote><p>En pla\u00e7ant l\u2019id\u00e9al \u00e0 port\u00e9e de l\u2019exp\u00e9rience, le jardin participatif se r\u00e9v\u00e8le un creuset f\u00e9cond pour inventer en pratique de nouvelles fa\u00e7ons de prendre soin, des humains comme des non-humains, et d\u2019interagir avec notre environnement.<span class=\"Apple-converted-space\">\u00a0<\/span><\/p><\/blockquote>\n<h2>Le jardin participatif, lieu d\u2019invention<\/h2>\n<p>Le mode de gestion d\u00e9centralis\u00e9 du jardin offre \u00e0 chacun l\u2019occasion d\u2019\u00eatre tour \u00e0 tour concepteur, jardinier, promeneur, contemplateur, sportif, etc. Les acteurs du jardin se rassemblent autour de leurs pratiques et non de leur statut (patient, soignant, visiteur), de leurs services de soins, de leur \u00e2ge, de leur sexe ou d\u2019un quelconque autre \u00e9l\u00e9ment structurant de l\u2019identit\u00e9 individuelle. Quand le patient jardine aux c\u00f4t\u00e9s du th\u00e9rapeute, tous deux sont jardiniers\u2009: des liens nouveaux se tissent, entre soignants et patients mais aussi entre les diff\u00e9rents acteurs de l\u2019h\u00f4pital.<\/p>\n<p>Cela souligne la vraie richesse des jardins dans les lieux de soins\u2009: l\u2019essentiel de leurs b\u00e9n\u00e9fices provient du fait qu\u2019ils constituent non pas une th\u00e9rapie en eux-m\u00eames mais bien, \u00e0 l\u2019inverse, une sortie de la logique du traitement. Dans le jardin, le patient n\u2019a pas \u00e0 se conformer \u00e0 des protocoles, le soignant n\u2019a pas \u00e0 \u00eatre performant ou efficace\u2009; tous deux peuvent agir comme ils l\u2019entendent, selon ce qui leur appara\u00eet le plus b\u00e9n\u00e9fique pour leur bien-\u00eatre, \u00e0 cet instant et dans ce lieu. Le jardin peut soigner le patient parce que le patient soigne le jardin, en l\u2019entretenant ou simplement en le couvrant d\u2019un regard bienveillant. Autrement dit, \u00ab\u2009la vraie motivation r\u00e9side dans le prendre soin du jardin, qui ouvrira par ricochet au prendre soin de soi<sup class=\"appel\" data-toggle=\"modal\" data-target=\"#notes\">(15)<\/sup>\u2009\u00bb.<\/p>\n<p>On ne dispense pas une sortie dans le jardin comme on prescrit un m\u00e9dicament. Dans le jardin, le patient peut oublier qu\u2019il est patient, il retrouve une position plus active et d\u00e9couvre d\u2019autres vecteurs identitaires, d\u2019autres motifs d\u2019estime personnelle, que ce soit via les liens sociaux tiss\u00e9s, sa d\u00e9pense d\u2019\u00e9nergie ou l\u2019observation des effets de son action sur les plantes.<\/p>\n<p><img decoding=\"async\" class=\"aligncenter wp-image-43837 size-medium\" src=\"https:\/\/gestions-hospitalieres.fr\/wp-content\/uploads\/2021\/10\/Capture-d\u2019\u00e9cran-2021-10-26-\u00e0-11.03.42-206x300.png\" alt=\"\" width=\"206\" height=\"300\" srcset=\"https:\/\/www.ricom-web8.com\/gestions\/wp-content\/uploads\/2021\/10\/Capture-d\u2019\u00e9cran-2021-10-26-\u00e0-11.03.42-206x300.png 206w, https:\/\/www.ricom-web8.com\/gestions\/wp-content\/uploads\/2021\/10\/Capture-d\u2019\u00e9cran-2021-10-26-\u00e0-11.03.42-704x1024.png 704w, https:\/\/www.ricom-web8.com\/gestions\/wp-content\/uploads\/2021\/10\/Capture-d\u2019\u00e9cran-2021-10-26-\u00e0-11.03.42-768x1117.png 768w, https:\/\/www.ricom-web8.com\/gestions\/wp-content\/uploads\/2021\/10\/Capture-d\u2019\u00e9cran-2021-10-26-\u00e0-11.03.42.png 688w\" sizes=\"(max-width: 206px) 100vw, 206px\" \/><\/p>\n<p>L\u2019autonomie retrouv\u00e9e par les usagers du jardin tranche avec le cadre plus contraint de l\u2019institution de soins. Livr\u00e9 \u00e0 lui-m\u00eame dans un face-\u00e0-face avec des \u00e9l\u00e9ments naturels qu\u2019il ne peut enti\u00e8rement ma\u00eetriser, le patient se voit confront\u00e9 \u00e0 l\u2019incertain, au risque, \u00e0 l\u2019impr\u00e9vu. La m\u00e9diation v\u00e9g\u00e9tale lui permet de r\u00e9aliser que la vuln\u00e9rabilit\u00e9 peut \u00eatre un \u00e9l\u00e9ment de la beaut\u00e9, que les corps physiques \u00e9voluent dans le temps, que les interd\u00e9pendances vitales sont nombreuses et complexes \u2013 autant de connaissances acquises dans la pratique et l\u2019exp\u00e9rience.<span class=\"Apple-converted-space\">\u00a0<\/span><\/p>\n<p>Le d\u00e9veloppement des sciences participatives t\u00e9moigne d\u2019ailleurs de la capacit\u00e9 d\u2019acteurs r\u00e9put\u00e9s profanes \u00e0 produire des connaissances \u00e9tay\u00e9es et, <i>in fine<\/i>, \u00e0 changer des comportements. Or, il est d\u00e9sormais \u00e9tabli que les individus adoptent d\u2019autant plus des comportements respectueux de l\u2019environnement qu\u2019ils ont une bonne connaissance th\u00e9orique et pratique des enjeux \u00e9cologiques<sup class=\"appel\" data-toggle=\"modal\" data-target=\"#notes\">(16)<\/sup>. Ce constat est renforc\u00e9 par un autre\u2009: le rapport \u00e9motionnel des enfants et adolescents avec la nature est un d\u00e9terminant important de leurs actions pro-environnementales<sup class=\"appel\" data-toggle=\"modal\" data-target=\"#notes\">(17)<\/sup>. Il importe \u00e0 ce titre d\u2019offrir aux g\u00e9n\u00e9rations pr\u00e9sentes et futures les occasions de faire de riches et nombreuses exp\u00e9riences de nature.<\/p>\n<p>Comme l\u2019illustre une enqu\u00eate ethnologique men\u00e9e dans le jardin partag\u00e9 du Pouce Vert, au Pr\u00e9 Saint-Gervais, la libre implication des usagers de cet espace constitue une \u00ab\u2009activit\u00e9 corporelle, sensorielle, \u00e9motionnelle et cognitive faite d\u2019observation et d\u2019exp\u00e9rimentations<sup class=\"appel\" data-toggle=\"modal\" data-target=\"#notes\">(18)<\/sup>\u2009\u00bb, qui permet \u00e0 la fois de se reconnecter \u00e0 la nature, de produire et d\u2019\u00e9changer des savoirs, de former des identit\u00e9s individuelles et collectives.<span class=\"Apple-converted-space\">\u00a0<\/span><\/p>\n<button data-toggle=\"collapse\" data-target=\"#enc_2021_495_03\">encadr\u00e9 2\u00a0<\/button><div id=\"enc_2021_495_03\" class=\"encadre collapse\"><p><span class=\"surtitre_enc\">encadr\u00e9 2<\/span><\/p>\n<h3>\u2026\u2009et pour la vie de l'\u00e9tablissement<\/h3>\n<p>La cr\u00e9ation de ce jardin r\u00e9sulte de la rencontre entre plusieurs volont\u00e9s. D\u2019une part, l\u2019\u00e9quipe des espaces verts qui organisait des ateliers destin\u00e9s aux patients pour fleurir des gazons. De l\u2019autre, l\u2019\u00e9quipe de p\u00e9diatrie, qui sous l\u2019impulsion d\u2019une p\u00e9diatrie, d\u2019une cadre et d\u2019une psychomotricienne souhaitait cr\u00e9er un espace d\u00e9di\u00e9 \u00e0 des ateliers sensoriels et \u00e0 la sensibilisation au respect de l\u2019environnement.<\/p>\n<p>Dans ce projet, blouses blanches et tabliers verts sont tous deux forces de proposition pour adapter le jardin aux besoins des patients. Alors que beaucoup d\u2019h\u00f4pitaux privatisent la gestion des espaces verts, cet exemple souligne l\u2019utilit\u00e9 de conserver cette ressource en interne. Le jardin th\u00e9rapeutique valorise l\u2019apport des jardiniers\u2009: \u00ab\u2009On n\u2019est plus per\u00e7us comme de simples tondeurs de pelouse, on est int\u00e9gr\u00e9 \u00e0 la logique de soins\u2009\u00bb, t\u00e9moignent-ils de concert. Pour le service de p\u00e9diatrie, cet espace est un apport en termes de QVT puisqu\u2019il sert occasionnellement d\u2019espace de d\u00e9tente et de r\u00e9unions. Cette dynamique nouvelle dans le service s\u2019exprime aussi par la plus grande l\u2019implication des adolescents qui formulent de plus en plus de propositions et s\u2019investissent pour les r\u00e9aliser, \u00e0 l\u2019instar de la plantation d\u2019une tisanerie.<span class=\"Apple-converted-space\">\u00a0<\/span><\/p>\n<p>Le portage de ce type de projets n\u2019est pas toujours ais\u00e9, du fait de moyens financiers et humains contraints, mais la dynamique durable qu\u2019ils engendrent et les bienfaits constat\u00e9s plaident pour un renforcement du soutien institutionnel. Les pionniers au CHSF se lancent dans des formations sp\u00e9cifiques qui leur permettront d\u2019enrichir les ateliers th\u00e9rapeutiques, de r\u00e9aliser des recherches et d\u2019accompagner les nombreux services de la direction commune CH Sud Francilien\/CH d\u2019Arpajon qui ont manifest\u00e9 leur int\u00e9r\u00eat pour reproduire l\u2019exp\u00e9rience.<span class=\"Apple-converted-space\">\u00a0<\/span><\/p>\n<p><i>Pour l\u2019\u00e9quipe des espaces verts\u2009: Nicolas Bonnet, J\u00e9r\u00e9my Simoneau, J\u00e9r\u00f4me Boury et Lucas Blanche.<\/i><\/p>\n<p><i>Pour l\u2019\u00e9quipe de la p\u00e9diatrie\u2009: Caroline Coutarel (cadre), Sonia Defeyer (infirmi\u00e8re coordinatrice) et Sandrine Giorgi (psychomotricienne<\/i><i>)<\/i><\/p>\n<p><img decoding=\"async\" class=\"alignnone size-full wp-image-43836\" src=\"https:\/\/gestions-hospitalieres.fr\/wp-content\/uploads\/2021\/10\/Capture-d\u2019\u00e9cran-2021-10-26-\u00e0-11.01.02.png\" alt=\"\" width=\"918\" height=\"548\" srcset=\"https:\/\/www.ricom-web8.com\/gestions\/wp-content\/uploads\/2021\/10\/Capture-d\u2019\u00e9cran-2021-10-26-\u00e0-11.01.02.png 918w, https:\/\/www.ricom-web8.com\/gestions\/wp-content\/uploads\/2021\/10\/Capture-d\u2019\u00e9cran-2021-10-26-\u00e0-11.01.02-300x179.png 300w, https:\/\/www.ricom-web8.com\/gestions\/wp-content\/uploads\/2021\/10\/Capture-d\u2019\u00e9cran-2021-10-26-\u00e0-11.01.02-768x458.png 768w\" sizes=\"(max-width: 918px) 100vw, 918px\" \/><\/p>\n<p><em>Copyright CH Sud-Francilien<\/em><\/p>\n<\/div>\n<h1>Conclusion<\/h1>\n<p>Pour Michel Foucault, \u00ab\u2009le jardin, c\u2019est la plus petite parcelle du monde et puis c\u2019est la totalit\u00e9 du monde. Le jardin, c\u2019est, depuis le fond de l\u2019Antiquit\u00e9, une sorte d\u2019h\u00e9t\u00e9rotopie heureuse et universalisante<sup class=\"appel\" data-toggle=\"modal\" data-target=\"#notes\">(19)<\/sup>\u2009\u00bb. En pla\u00e7ant l\u2019id\u00e9al \u00e0 port\u00e9e de l\u2019exp\u00e9rience, le jardin participatif se r\u00e9v\u00e8le un creuset f\u00e9cond pour inventer en pratique de nouvelles fa\u00e7ons de prendre soin, des humains comme des non-humains, et d\u2019interagir avec notre environnement. En tant qu\u2019institution, l\u2019h\u00f4pital peut y trouver des moyens de se r\u00e9inventer, aussi bien dans son organisation interne que dans son positionnement territorial.<\/p>\n<button data-toggle=\"collapse\" data-target=\"#enc_2021_495_04\">zoom<\/button><div id=\"enc_2021_495_04\" class=\"encadre collapse\"><p><span class=\"surtitre_enc\">zoom<\/span><\/p>\n<h2>La Chaire de philosophie \u00e0 l\u2019h\u00f4pital<\/h2>\n<p>Cet article inaugure une s\u00e9rie de textes issus du partenariat de <i>Gestions hospitali\u00e8res<\/i> avec la Chaire de philosophie \u00e0 l\u2019h\u00f4pital. Dirig\u00e9e par la philosophe et psychanalyste Cynthia Fleury, cette chaire hospitalo-acad\u00e9mique est li\u00e9e au Conservatoire national des arts et m\u00e9tiers (Cnam) et au GHU Paris Psychiatrie &amp; Neurosciences. \u00c0 travers un dispositif recherche et enseignement, de formation et diplomation, d\u2019exp\u00e9rimentation et d\u00e9ploiement, cette chaire aspire \u00e0 inventer la fonction soignante en partage et l\u2019alliance efficiente des humanit\u00e9s et de la sant\u00e9. Ses th\u00e9matiques de recherche s\u2019articulent autour de cinq\u00a0p\u00f4les\u2009: philosophie clinique et savoirs exp\u00e9rientiels - Sant\u00e9 connect\u00e9e et intelligence artificielle - Design capacitaire - R\u00e9silience et clinique du d\u00e9veloppement - Nature et patrimoine en sant\u00e9. La chaire abrite par ailleurs un espace doctoral compos\u00e9 de douze doctorants.<span class=\"Apple-converted-space\">\u00a0<\/span><\/p>\n<p>Les prochains articles porteront, entre autres sujets, sur l\u2019accompagnement psychosocial du Covid long, les mesures alternatives \u00e0 la contention involontaire, les dynamiques d\u2019innovation au bloc op\u00e9ratoire, les impacts architecturaux de la densification des soins, l\u2019intelligence artificielle, les preuves de concept (ou POC), toujours sous un angle philosophique, anthropologique et sociologique, avec une approche th\u00e9orique coupl\u00e9e \u00e0 un retour d\u2019exp\u00e9rience. <a href=\"https:\/\/chaire-philo.fr\" target=\"_blank\" rel=\"noopener noreferrer\">www.chaire-philo.fr<\/a><span class=\"Apple-converted-space\">\u00a0<\/span><\/p>\n<\/div>\n<script>function PlayerjsAsync(){} if(window[\"Playerjs\"]){PlayerjsAsync();}<\/script>","protected":false},"excerpt":{"rendered":"<p>D\u00e8s 3\u2009000 ans avant J\u00e9sus-Christ, l\u2019usage de plantes \u00e0 des fins m\u00e9dicinales est attest\u00e9 en Chine, en \u00c9gypte et en Inde. Dans la Gr\u00e8ce antique, Hippocrate affirme l\u2019importance des d\u00e9terminants environnementaux de la sant\u00e9 et l\u2019emploi des plantes comme rem\u00e8des. Au VIIIe\u00a0si\u00e8cle, la Perse installe dans ses b\u00eem\u00e2rist\u00e2ns (h\u00f4pitaux) les premiers jardins d\u00e9di\u00e9s aux plantes m\u00e9dicinales.\u00a0 Au Moyen \u00c2ge, en Occident, c\u2019est l\u2019\u00c9glise qui prend en charge malades et indigents.&hellip; <\/p>\n","protected":false},"author":23133,"featured_media":0,"comment_status":"open","ping_status":"closed","sticky":false,"template":"","format":"standard","meta":{"_acf_changed":false,"_relevanssi_hide_post":"","_relevanssi_hide_content":"","_relevanssi_pin_for_all":"","_relevanssi_pin_keywords":"","_relevanssi_unpin_keywords":"","_relevanssi_related_keywords":"","_relevanssi_related_include_ids":"","_relevanssi_related_exclude_ids":"","_relevanssi_related_no_append":"","_relevanssi_related_not_related":"","_relevanssi_related_posts":"","_relevanssi_noindex_reason":"","footnotes":""},"categories":[3,2],"tags":[1497,1839,2250,142,143],"class_list":["post-43829","post","type-post","status-publish","format-standard","hentry","category-experience","category-gestions-hospitalieres","tag-bien-etre","tag-ch-sud-francilien","tag-jardin","tag-psychiatrie","tag-sante-mentale"],"acf":[],"yoast_head":"<!-- This site is optimized with the Yoast SEO plugin v24.8.1 - https:\/\/yoast.com\/wordpress\/plugins\/seo\/ -->\n<title>Jardins et soins - Gestions hospitali\u00e8res<\/title>\n<meta name=\"robots\" content=\"index, follow, max-snippet:-1, max-image-preview:large, max-video-preview:-1\" \/>\n<link rel=\"canonical\" href=\"https:\/\/www.ricom-web8.com\/gestions\/jardins-et-soins-reinventer-les-etablissements-de-sante\/\" \/>\n<meta property=\"og:locale\" content=\"fr_FR\" \/>\n<meta property=\"og:type\" content=\"article\" \/>\n<meta property=\"og:title\" content=\"Jardins et soins - Gestions hospitali\u00e8res\" \/>\n<meta property=\"og:description\" content=\"D\u00e8s 3\u2009000 ans avant J\u00e9sus-Christ, l\u2019usage de plantes \u00e0 des fins m\u00e9dicinales est attest\u00e9 en Chine, en \u00c9gypte et en Inde. Dans la Gr\u00e8ce antique, Hippocrate affirme l\u2019importance des d\u00e9terminants environnementaux de la sant\u00e9 et l\u2019emploi des plantes comme rem\u00e8des. Au VIIIe\u00a0si\u00e8cle, la Perse installe dans ses b\u00eem\u00e2rist\u00e2ns (h\u00f4pitaux) les premiers jardins d\u00e9di\u00e9s aux plantes m\u00e9dicinales.\u00a0 Au Moyen \u00c2ge, en Occident, c\u2019est l\u2019\u00c9glise qui prend en charge malades et indigents.&hellip;\" \/>\n<meta property=\"og:url\" content=\"https:\/\/www.ricom-web8.com\/gestions\/jardins-et-soins-reinventer-les-etablissements-de-sante\/\" \/>\n<meta property=\"og:site_name\" content=\"Gestions hospitali\u00e8res\" \/>\n<meta property=\"article:publisher\" content=\"https:\/\/www.facebook.com\/gestionshospitalieres\/\" \/>\n<meta property=\"article:published_time\" content=\"2021-10-01T08:38:43+00:00\" \/>\n<meta property=\"article:modified_time\" content=\"2021-10-27T15:07:48+00:00\" \/>\n<meta name=\"author\" content=\"Gestions hospitali\u00e8res\" \/>\n<meta name=\"twitter:card\" content=\"summary_large_image\" \/>\n<meta name=\"twitter:creator\" content=\"@revue_GH\" \/>\n<meta name=\"twitter:site\" content=\"@revue_GH\" \/>\n<meta name=\"twitter:label1\" content=\"\u00c9crit par\" \/>\n\t<meta name=\"twitter:data1\" content=\"Gestions hospitali\u00e8res\" \/>\n\t<meta name=\"twitter:label2\" content=\"Dur\u00e9e de lecture estim\u00e9e\" \/>\n\t<meta name=\"twitter:data2\" content=\"16 minutes\" \/>\n<script type=\"application\/ld+json\" class=\"yoast-schema-graph\">{\"@context\":\"https:\/\/schema.org\",\"@graph\":[{\"@type\":\"Article\",\"@id\":\"https:\/\/www.ricom-web8.com\/gestions\/jardins-et-soins-reinventer-les-etablissements-de-sante\/#article\",\"isPartOf\":{\"@id\":\"https:\/\/www.ricom-web8.com\/gestions\/jardins-et-soins-reinventer-les-etablissements-de-sante\/\"},\"author\":{\"name\":\"Gestions hospitali\u00e8res\",\"@id\":\"https:\/\/www.ricom-web8.com\/gestions\/#\/schema\/person\/3ba9fe913190dfe9507feb621e902c1f\"},\"headline\":\"Jardins et soins\",\"datePublished\":\"2021-10-01T08:38:43+00:00\",\"dateModified\":\"2021-10-27T15:07:48+00:00\",\"mainEntityOfPage\":{\"@id\":\"https:\/\/www.ricom-web8.com\/gestions\/jardins-et-soins-reinventer-les-etablissements-de-sante\/\"},\"wordCount\":3216,\"commentCount\":0,\"publisher\":{\"@id\":\"https:\/\/www.ricom-web8.com\/gestions\/#organization\"},\"keywords\":[\"bien-\u00eatre\",\"CH Sud-Francilien\",\"jardin\",\"psychiatrie\",\"sant\u00e9 mentale\"],\"articleSection\":[\"exp\u00e9rience\",\"Gestions Hospitali\u00e8res\"],\"inLanguage\":\"fr-FR\",\"potentialAction\":[{\"@type\":\"CommentAction\",\"name\":\"Comment\",\"target\":[\"https:\/\/www.ricom-web8.com\/gestions\/jardins-et-soins-reinventer-les-etablissements-de-sante\/#respond\"]}]},{\"@type\":\"WebPage\",\"@id\":\"https:\/\/www.ricom-web8.com\/gestions\/jardins-et-soins-reinventer-les-etablissements-de-sante\/\",\"url\":\"https:\/\/www.ricom-web8.com\/gestions\/jardins-et-soins-reinventer-les-etablissements-de-sante\/\",\"name\":\"Jardins et soins - Gestions hospitali\u00e8res\",\"isPartOf\":{\"@id\":\"https:\/\/www.ricom-web8.com\/gestions\/#website\"},\"datePublished\":\"2021-10-01T08:38:43+00:00\",\"dateModified\":\"2021-10-27T15:07:48+00:00\",\"breadcrumb\":{\"@id\":\"https:\/\/www.ricom-web8.com\/gestions\/jardins-et-soins-reinventer-les-etablissements-de-sante\/#breadcrumb\"},\"inLanguage\":\"fr-FR\",\"potentialAction\":[{\"@type\":\"ReadAction\",\"target\":[\"https:\/\/www.ricom-web8.com\/gestions\/jardins-et-soins-reinventer-les-etablissements-de-sante\/\"]}]},{\"@type\":\"BreadcrumbList\",\"@id\":\"https:\/\/www.ricom-web8.com\/gestions\/jardins-et-soins-reinventer-les-etablissements-de-sante\/#breadcrumb\",\"itemListElement\":[{\"@type\":\"ListItem\",\"position\":1,\"name\":\"Accueil\",\"item\":\"https:\/\/www.ricom-web8.com\/gestions\/\"},{\"@type\":\"ListItem\",\"position\":2,\"name\":\"Jardins et soins\"}]},{\"@type\":\"WebSite\",\"@id\":\"https:\/\/www.ricom-web8.com\/gestions\/#website\",\"url\":\"https:\/\/www.ricom-web8.com\/gestions\/\",\"name\":\"Gestions hospitali\u00e8res\",\"description\":\"la revue des d\u00e9cideurs hospitaliers\",\"publisher\":{\"@id\":\"https:\/\/www.ricom-web8.com\/gestions\/#organization\"},\"potentialAction\":[{\"@type\":\"SearchAction\",\"target\":{\"@type\":\"EntryPoint\",\"urlTemplate\":\"https:\/\/www.ricom-web8.com\/gestions\/?s={search_term_string}\"},\"query-input\":{\"@type\":\"PropertyValueSpecification\",\"valueRequired\":true,\"valueName\":\"search_term_string\"}}],\"inLanguage\":\"fr-FR\"},{\"@type\":\"Organization\",\"@id\":\"https:\/\/www.ricom-web8.com\/gestions\/#organization\",\"name\":\"Gestions hospitali\u00e8res\",\"url\":\"https:\/\/www.ricom-web8.com\/gestions\/\",\"logo\":{\"@type\":\"ImageObject\",\"inLanguage\":\"fr-FR\",\"@id\":\"https:\/\/www.ricom-web8.com\/gestions\/#\/schema\/logo\/image\/\",\"url\":\"https:\/\/gestions-hospitalieres.fr\/wp-content\/uploads\/2017\/02\/picto_Gif-GH-trans.png\",\"contentUrl\":\"https:\/\/gestions-hospitalieres.fr\/wp-content\/uploads\/2017\/02\/picto_Gif-GH-trans.png\",\"width\":512,\"height\":512,\"caption\":\"Gestions hospitali\u00e8res\"},\"image\":{\"@id\":\"https:\/\/www.ricom-web8.com\/gestions\/#\/schema\/logo\/image\/\"},\"sameAs\":[\"https:\/\/www.facebook.com\/gestionshospitalieres\/\",\"https:\/\/x.com\/revue_GH\",\"https:\/\/www.linkedin.com\/company\/gestions-hospitalieres?trk=top_nav_home\"]},{\"@type\":\"Person\",\"@id\":\"https:\/\/www.ricom-web8.com\/gestions\/#\/schema\/person\/3ba9fe913190dfe9507feb621e902c1f\",\"name\":\"Gestions hospitali\u00e8res\",\"image\":{\"@type\":\"ImageObject\",\"inLanguage\":\"fr-FR\",\"@id\":\"https:\/\/www.ricom-web8.com\/gestions\/#\/schema\/person\/image\/\",\"url\":\"https:\/\/secure.gravatar.com\/avatar\/1a0d93e6db5dbe7dac96bae4757d256f?s=96&d=mm&r=g\",\"contentUrl\":\"https:\/\/secure.gravatar.com\/avatar\/1a0d93e6db5dbe7dac96bae4757d256f?s=96&d=mm&r=g\",\"caption\":\"Gestions hospitali\u00e8res\"},\"url\":\"https:\/\/www.ricom-web8.com\/gestions\/author\/benjamin\/\"}]}<\/script>\n<!-- \/ Yoast SEO plugin. -->","yoast_head_json":{"title":"Jardins et soins - Gestions hospitali\u00e8res","robots":{"index":"index","follow":"follow","max-snippet":"max-snippet:-1","max-image-preview":"max-image-preview:large","max-video-preview":"max-video-preview:-1"},"canonical":"https:\/\/www.ricom-web8.com\/gestions\/jardins-et-soins-reinventer-les-etablissements-de-sante\/","og_locale":"fr_FR","og_type":"article","og_title":"Jardins et soins - Gestions hospitali\u00e8res","og_description":"D\u00e8s 3\u2009000 ans avant J\u00e9sus-Christ, l\u2019usage de plantes \u00e0 des fins m\u00e9dicinales est attest\u00e9 en Chine, en \u00c9gypte et en Inde. Dans la Gr\u00e8ce antique, Hippocrate affirme l\u2019importance des d\u00e9terminants environnementaux de la sant\u00e9 et l\u2019emploi des plantes comme rem\u00e8des. Au VIIIe\u00a0si\u00e8cle, la Perse installe dans ses b\u00eem\u00e2rist\u00e2ns (h\u00f4pitaux) les premiers jardins d\u00e9di\u00e9s aux plantes m\u00e9dicinales.\u00a0 Au Moyen \u00c2ge, en Occident, c\u2019est l\u2019\u00c9glise qui prend en charge malades et indigents.&hellip;","og_url":"https:\/\/www.ricom-web8.com\/gestions\/jardins-et-soins-reinventer-les-etablissements-de-sante\/","og_site_name":"Gestions hospitali\u00e8res","article_publisher":"https:\/\/www.facebook.com\/gestionshospitalieres\/","article_published_time":"2021-10-01T08:38:43+00:00","article_modified_time":"2021-10-27T15:07:48+00:00","author":"Gestions hospitali\u00e8res","twitter_card":"summary_large_image","twitter_creator":"@revue_GH","twitter_site":"@revue_GH","twitter_misc":{"\u00c9crit par":"Gestions hospitali\u00e8res","Dur\u00e9e de lecture estim\u00e9e":"16 minutes"},"schema":{"@context":"https:\/\/schema.org","@graph":[{"@type":"Article","@id":"https:\/\/www.ricom-web8.com\/gestions\/jardins-et-soins-reinventer-les-etablissements-de-sante\/#article","isPartOf":{"@id":"https:\/\/www.ricom-web8.com\/gestions\/jardins-et-soins-reinventer-les-etablissements-de-sante\/"},"author":{"name":"Gestions hospitali\u00e8res","@id":"https:\/\/www.ricom-web8.com\/gestions\/#\/schema\/person\/3ba9fe913190dfe9507feb621e902c1f"},"headline":"Jardins et soins","datePublished":"2021-10-01T08:38:43+00:00","dateModified":"2021-10-27T15:07:48+00:00","mainEntityOfPage":{"@id":"https:\/\/www.ricom-web8.com\/gestions\/jardins-et-soins-reinventer-les-etablissements-de-sante\/"},"wordCount":3216,"commentCount":0,"publisher":{"@id":"https:\/\/www.ricom-web8.com\/gestions\/#organization"},"keywords":["bien-\u00eatre","CH Sud-Francilien","jardin","psychiatrie","sant\u00e9 mentale"],"articleSection":["exp\u00e9rience","Gestions Hospitali\u00e8res"],"inLanguage":"fr-FR","potentialAction":[{"@type":"CommentAction","name":"Comment","target":["https:\/\/www.ricom-web8.com\/gestions\/jardins-et-soins-reinventer-les-etablissements-de-sante\/#respond"]}]},{"@type":"WebPage","@id":"https:\/\/www.ricom-web8.com\/gestions\/jardins-et-soins-reinventer-les-etablissements-de-sante\/","url":"https:\/\/www.ricom-web8.com\/gestions\/jardins-et-soins-reinventer-les-etablissements-de-sante\/","name":"Jardins et soins - Gestions hospitali\u00e8res","isPartOf":{"@id":"https:\/\/www.ricom-web8.com\/gestions\/#website"},"datePublished":"2021-10-01T08:38:43+00:00","dateModified":"2021-10-27T15:07:48+00:00","breadcrumb":{"@id":"https:\/\/www.ricom-web8.com\/gestions\/jardins-et-soins-reinventer-les-etablissements-de-sante\/#breadcrumb"},"inLanguage":"fr-FR","potentialAction":[{"@type":"ReadAction","target":["https:\/\/www.ricom-web8.com\/gestions\/jardins-et-soins-reinventer-les-etablissements-de-sante\/"]}]},{"@type":"BreadcrumbList","@id":"https:\/\/www.ricom-web8.com\/gestions\/jardins-et-soins-reinventer-les-etablissements-de-sante\/#breadcrumb","itemListElement":[{"@type":"ListItem","position":1,"name":"Accueil","item":"https:\/\/www.ricom-web8.com\/gestions\/"},{"@type":"ListItem","position":2,"name":"Jardins et soins"}]},{"@type":"WebSite","@id":"https:\/\/www.ricom-web8.com\/gestions\/#website","url":"https:\/\/www.ricom-web8.com\/gestions\/","name":"Gestions hospitali\u00e8res","description":"la revue des d\u00e9cideurs hospitaliers","publisher":{"@id":"https:\/\/www.ricom-web8.com\/gestions\/#organization"},"potentialAction":[{"@type":"SearchAction","target":{"@type":"EntryPoint","urlTemplate":"https:\/\/www.ricom-web8.com\/gestions\/?s={search_term_string}"},"query-input":{"@type":"PropertyValueSpecification","valueRequired":true,"valueName":"search_term_string"}}],"inLanguage":"fr-FR"},{"@type":"Organization","@id":"https:\/\/www.ricom-web8.com\/gestions\/#organization","name":"Gestions hospitali\u00e8res","url":"https:\/\/www.ricom-web8.com\/gestions\/","logo":{"@type":"ImageObject","inLanguage":"fr-FR","@id":"https:\/\/www.ricom-web8.com\/gestions\/#\/schema\/logo\/image\/","url":"https:\/\/gestions-hospitalieres.fr\/wp-content\/uploads\/2017\/02\/picto_Gif-GH-trans.png","contentUrl":"https:\/\/gestions-hospitalieres.fr\/wp-content\/uploads\/2017\/02\/picto_Gif-GH-trans.png","width":512,"height":512,"caption":"Gestions hospitali\u00e8res"},"image":{"@id":"https:\/\/www.ricom-web8.com\/gestions\/#\/schema\/logo\/image\/"},"sameAs":["https:\/\/www.facebook.com\/gestionshospitalieres\/","https:\/\/x.com\/revue_GH","https:\/\/www.linkedin.com\/company\/gestions-hospitalieres?trk=top_nav_home"]},{"@type":"Person","@id":"https:\/\/www.ricom-web8.com\/gestions\/#\/schema\/person\/3ba9fe913190dfe9507feb621e902c1f","name":"Gestions hospitali\u00e8res","image":{"@type":"ImageObject","inLanguage":"fr-FR","@id":"https:\/\/www.ricom-web8.com\/gestions\/#\/schema\/person\/image\/","url":"https:\/\/secure.gravatar.com\/avatar\/1a0d93e6db5dbe7dac96bae4757d256f?s=96&d=mm&r=g","contentUrl":"https:\/\/secure.gravatar.com\/avatar\/1a0d93e6db5dbe7dac96bae4757d256f?s=96&d=mm&r=g","caption":"Gestions hospitali\u00e8res"},"url":"https:\/\/www.ricom-web8.com\/gestions\/author\/benjamin\/"}]}},"_links":{"self":[{"href":"https:\/\/www.ricom-web8.com\/gestions\/wp-json\/wp\/v2\/posts\/43829","targetHints":{"allow":["GET"]}}],"collection":[{"href":"https:\/\/www.ricom-web8.com\/gestions\/wp-json\/wp\/v2\/posts"}],"about":[{"href":"https:\/\/www.ricom-web8.com\/gestions\/wp-json\/wp\/v2\/types\/post"}],"author":[{"embeddable":true,"href":"https:\/\/www.ricom-web8.com\/gestions\/wp-json\/wp\/v2\/users\/23133"}],"replies":[{"embeddable":true,"href":"https:\/\/www.ricom-web8.com\/gestions\/wp-json\/wp\/v2\/comments?post=43829"}],"version-history":[{"count":0,"href":"https:\/\/www.ricom-web8.com\/gestions\/wp-json\/wp\/v2\/posts\/43829\/revisions"}],"wp:attachment":[{"href":"https:\/\/www.ricom-web8.com\/gestions\/wp-json\/wp\/v2\/media?parent=43829"}],"wp:term":[{"taxonomy":"category","embeddable":true,"href":"https:\/\/www.ricom-web8.com\/gestions\/wp-json\/wp\/v2\/categories?post=43829"},{"taxonomy":"post_tag","embeddable":true,"href":"https:\/\/www.ricom-web8.com\/gestions\/wp-json\/wp\/v2\/tags?post=43829"}],"curies":[{"name":"wp","href":"https:\/\/api.w.org\/{rel}","templated":true}]}}