

{"id":43841,"date":"2021-10-01T11:09:07","date_gmt":"2021-10-01T09:09:07","guid":{"rendered":"https:\/\/gestions-hospitalieres.fr\/?p=43841"},"modified":"2021-10-26T16:08:27","modified_gmt":"2021-10-26T14:08:27","slug":"accompagner-les-professionnels-victimes-de-violences-societales","status":"publish","type":"post","link":"https:\/\/www.ricom-web8.com\/gestions\/accompagner-les-professionnels-victimes-de-violences-societales\/","title":{"rendered":"Accompagner les professionnels victimes de violences soci\u00e9tales"},"content":{"rendered":"<span class=\"span-reading-time rt-reading-time\" style=\"display: block;\"><span class=\"rt-label rt-prefix\">Temps de lecture\u00a0: <\/span> <span class=\"rt-time\"> 4<\/span> <span class=\"rt-label rt-postfix\">minutes<\/span><\/span><h2>Trois exp\u00e9riences v\u00e9cues<span class=\"Apple-converted-space\">\u00a0<\/span><\/h2>\n<h3>1\/Annoncer \u00e0 l\u2019\u00e9quipe qu\u2019une coll\u00e8gue a \u00e9t\u00e9 viol\u00e9e et poignard\u00e9e la nuit pr\u00e9c\u00e9dente<span class=\"Apple-converted-space\">\u00a0<\/span><\/h3>\n<p><i>Et g\u00e9rer les r\u00e9percussions de cette annonce sur l\u2019\u00e9quipe et sur le r\u00e9seau de connaissances de la victime au sein de l\u2019\u00e9tablissement, en poss\u00e9dant peu d\u2019informations et en \u00e9tant soi-m\u00eame choqu\u00e9.<span class=\"Apple-converted-space\">\u00a0<\/span><\/i><\/p>\n<p>Une fois le choc de la nouvelle et la sid\u00e9ration \u00ab\u2009d\u00e9pass\u00e9s\u2009\u00bb, il a fallu l\u2019annoncer au reste de l\u2019\u00e9quipe. Le cadre param\u00e9dical de p\u00f4le a d\u00e9cid\u00e9 des modalit\u00e9s\u2009: une annonce individuelle au poste de travail de chaque agent, pas en r\u00e9union collective. L\u2019annonce en douceur, \u00e0 mots couverts, de cette \u00ab\u2009mort violente\u2009\u00bb a donc \u00e9t\u00e9 faite aux membres de l\u2019\u00e9quipe pr\u00e9sents. Il y a eu des larmes puis l\u2019\u00e9quipe s\u2019est spontan\u00e9ment r\u00e9unie en salle de d\u00e9tente, dans le calme et le recueillement.<span class=\"Apple-converted-space\">\u00a0<\/span><\/p>\n<p>Si cette m\u00e9thode d\u2019annonce individuelle a permis de pr\u00e9server l\u2019\u00e9quipe pr\u00e9sente, elle a compl\u00e8tement ignor\u00e9 le r\u00e9seau relationnel interne \u00e0 l\u2019\u00e9tablissement de la victime. Ce sont ces personnes qui ont le plus mal r\u00e9agi\u2009: celles que la victime croisait tous les jours, dans le train, dans sa commune, des salari\u00e9s du m\u00eame \u00e9tablissement mais pas n\u00e9cessairement de son service. Toutes ont appris la nouvelle par les journaux ou par la rumeur.<\/p>\n<p>Plus tard, nous avons tous, encadrement et membres de l\u2019\u00e9quipe, facilit\u00e9 la participation et particip\u00e9 aux obs\u00e8ques. \u00c0 tous, l\u2019encadrement a apport\u00e9 soutien et r\u00e9confort spontan\u00e9. Nous avons parfois orient\u00e9 et accompagn\u00e9 jusqu\u2019\u00e0 la m\u00e9decine et\/ou la psychologue du travail.<\/p>\n<p>La suite \u00e9chappe \u00e0 l\u2019encadrement\u2009: nous ne sommes pas inform\u00e9s, et c\u2019est normal, des suites des consultations m\u00e9dicales et psychologiques, de leur contenu, et des pr\u00e9conisations d\u00e9livr\u00e9es aux agents.<span class=\"Apple-converted-space\">\u00a0<\/span><\/p>\n<p>L\u2019encadrement a aussi tr\u00e8s vite \u00e9t\u00e9 confront\u00e9 \u00e0 une vague de rumeurs\u2009: tout le monde a un avis et un nom \u00e0 donner comme assassin pr\u00e9sum\u00e9. Il s\u2019agit surtout de ne pas surench\u00e9rir, d\u2019y couper court, en repla\u00e7ant le r\u00f4le de la police, celui de la justice, et de rappeler \u00e0 l\u2019\u00e9quipe qu\u2019elle n\u2019a ni pouvoirs, ni droits et moyens d\u2019enqu\u00eater.<\/p>\n<p>Certains professionnels vivent tr\u00e8s mal et tr\u00e8s longtemps cette disparition. Nous sommes alert\u00e9s par des \u00ab\u2009comm\u00e9morations\u2009\u00bb\u2009: anniversaire de la victime, anniversaire de sa mort, \u00e9vocation lorsque des faits divers identiques se produisent\u2026 Le traumatisme est toujours dans les esprits des personnes pr\u00e9sentes au moment de l\u2019\u00e9v\u00e8nement.<\/p>\n<h3>2\/G\u00e9rer le retour d\u2019une professionnelle dont les deux fr\u00e8res ont \u00e9t\u00e9 abattus par armes lourdes<br \/>\n3\/G\u00e9rer un professionnel dont le voisin, et ami d\u2019enfance, a \u00e9t\u00e9 abattu par arme \u00e0 feu sur le palier de son appartement<\/h3>\n<p><i>Ces deux \u00e9pisodes tragiques se sont produits \u00e0 un an d\u2019\u00e9cart et sont trait\u00e9s ensemble car tr\u00e8s similaires dans les faits et les cons\u00e9quences.<\/i><\/p>\n<p>G\u00e9rer les difficult\u00e9s administratives du professionnel impact\u00e9 dans sa famille ou son entourage proche\u00a0est complexe, car les absences doivent \u00eatre justifi\u00e9es par des motifs reconnus par l\u2019administration (\u00e9v\u00e9nements familiaux\u2026), des absences qui sont toujours insuffisantes (un jour pour le d\u00e9c\u00e8s d\u2019un fr\u00e8re) et qui ne suffisent m\u00eame pas \u00e0 g\u00e9rer l\u2019urgence. Le salari\u00e9 doit jongler avec sa souffrance, celle de ses proches, avec les convocations polici\u00e8res et judiciaires, obtenir un arr\u00eat maladie pour justifier de son absence\u2026 Il est d\u00e9pass\u00e9, les absences, justifi\u00e9es ou non, s\u2019encha\u00eenent et mettent le service en difficult\u00e9. L\u2019agent sombre, noy\u00e9 dans les difficult\u00e9s administratives et judiciaires, parfois jusqu\u2019\u00e0 remettre en cause sa carri\u00e8re. L\u2019encadrement doit organiser son retour dans les meilleures conditions alors que certains coll\u00e8gues sont tent\u00e9s de prendre leurs distances par crainte et angoisse<span class=\"Apple-converted-space\">\u00a0 <\/span>(<i>que lui dire\u2009? Sommes-nous en danger\u2009? Existe-t-il des possibilit\u00e9s de vengeance\u2009?<\/i>) ou par agacement li\u00e9 \u00e0 la n\u00e9cessit\u00e9 de pallier des absences qui ont d\u00e9sorganis\u00e9 le fonctionnement quotidien du service et les plannings de chacun. Malgr\u00e9 une r\u00e9union de service pour rassurer l\u2019\u00e9quipe et pr\u00e9parer son retour, le professionnel se retrouve isol\u00e9, exclu par la plupart de ses coll\u00e8gues.<\/p>\n<p>Parall\u00e8lement, compte tenu de la fragilisation de l\u2019agent, l\u2019encadrement doit lui apporter soutien et \u00e9coute lors de sa reprise, mais le temps manque, tant pour le cadre que pour l\u2019agent (impossible de lui consacrer une heure par jour).<span class=\"Apple-converted-space\">\u00a0<\/span><\/p>\n<p>Un changement de service a \u00e9t\u00e9 propos\u00e9 et accept\u00e9 mais il n\u2019a pas n\u00e9cessairement \u00e9t\u00e9 efficace\u2026 Les rumeurs circulent et l\u2019int\u00e9gration de l\u2019agent dans sa nouvelle \u00e9quipe est difficile. Deux ans plus tard, alors que la situation pourrait s\u2019apaiser, le proc\u00e8s commence et tout refait surface\u2009: r\u00e9activation du traumatisme pour l\u2019agent, nouvelles absences mal v\u00e9cues par les \u00e9quipes, etc.<span class=\"Apple-converted-space\">\u00a0<\/span><\/p>\n<h2>Les moyens du cadre pour faire face \u00e0 de telles situations<span class=\"Apple-converted-space\">\u00a0<\/span><\/h2>\n<ul>\n<li>Suivre des formations\u2009: la seule formation propos\u00e9e actuellement, intitul\u00e9e \u00ab\u00a0Gestion des incivilit\u00e9s et de la violence\u00a0\u00bb, est surtout destin\u00e9e \u00e0 prendre en charge les patients et visiteurs aux comportements d\u00e9viants que nous pouvons rencontrer dans nos \u00e9tablissements.<span class=\"Apple-converted-space\">\u00a0<\/span><\/li>\n<li>\u00catre dans la bienveillance\u2009: \u00e9couter sans juger, ne pas banaliser. Si le professionnel est choqu\u00e9 et traumatis\u00e9, angoiss\u00e9, c\u2019est qu\u2019il est profond\u00e9ment touch\u00e9. Pour une victime, b\u00e9n\u00e9ficier du soutien, de la reconnaissance, de la solidarit\u00e9, de la compr\u00e9hension et de l\u2019aide de ses coll\u00e8gues et de sa hi\u00e9rarchie est excessivement important et repr\u00e9sente un atout \u00e9norme pour sa reconstruction. Toutes les d\u00e9marches vont \u00eatre difficiles et longues\u2009: \u00eatre soutenu et accompagn\u00e9 change tout pour le professionnel.<span class=\"Apple-converted-space\">\u00a0<\/span><\/li>\n<li>Expliquer aux coll\u00e8gues que ce n\u2019est pas \u00e0 eux d\u2019\u00eatre juges ni d\u2019instruire une enqu\u00eate, que leur r\u00f4le est de croire le professionnel, de le soutenir et de ne pas minimiser les violences. Ce dernier a besoin que sa souffrance soit reconnue comme l\u00e9gitime, normale.<span class=\"Apple-converted-space\">\u00a0<\/span><\/li>\n<li>Orienter l\u2019agent vers le m\u00e9decin\/psychologue du travail, un travailleur social, le DRH, des associations d\u2019aide aux victimes, une cellule de soutien psychologique, un avocat\u2026<\/li>\n<li>Proposer une aide \u00e0 l\u2019\u00e9quipe\u2009: groupes de parole, orientation vers la m\u00e9decine du travail, psychologue du personnel, etc.<\/li>\n<li>Veiller \u00e0 ce que le professionnel puisse maintenir un \u00e9quilibre vie personnelle\/vie professionnelle\u2009: am\u00e9nager, faciliter ses horaires en fonction des contraintes externes (les convocations judiciaires par exemple), proposer et valider les demandes de temps partiel, le t\u00e9l\u00e9travail quand sa fonction le permet et, surtout, l\u2019inciter \u00e0 se faire aider pour les d\u00e9marches administratives auxquelles il est confront\u00e9.<\/li>\n<\/ul>\n<h2>Conclusion<\/h2>\n<p>La violence soci\u00e9tale et ses cons\u00e9quences sur nos professionnels sont d\u00e9sormais monnaie courante dans l\u2019activit\u00e9 quotidienne du cadre de sant\u00e9. Nous ne pouvons l\u2019ignorer, mais nous ne pouvons faire plus que ce qui est de notre ressort. Il faut conna\u00eetre et activer les moyens \u00e0 disposition afin que le professionnel puisse b\u00e9n\u00e9ficier de la meilleure prise en charge et que l\u2019\u00e9v\u00e8nement impacte le moins possible son activit\u00e9 professionnelle et le fonctionnement du service, tout en pr\u00e9servant son individualit\u00e9 et sa sant\u00e9 physique et psychique.<span class=\"Apple-converted-space\">\u00a0<\/span><\/p>\n<p>Confront\u00e9 \u00e0 de telles situations, le cadre doit \u00e0 la fois apporter aide et soutien, maintenir la bonne distance, ne pas s\u2019immiscer dans la vie priv\u00e9e de l\u2019agent, conserver le recul n\u00e9cessaire. Il doit aussi accepter de ne pas \u00eatre en mesure de tout r\u00e9soudre d\u00e8s lors qu\u2019il a mis en \u0153uvre tous les leviers \u00e0 sa disposition.<\/p>\n<script>function PlayerjsAsync(){} if(window[\"Playerjs\"]){PlayerjsAsync();}<\/script>","protected":false},"excerpt":{"rendered":"<p><span class=\"span-reading-time rt-reading-time\" style=\"display: block;\"><span class=\"rt-label rt-prefix\">Temps de lecture\u00a0: <\/span> <span class=\"rt-time\"> 4<\/span> <span class=\"rt-label rt-postfix\">minutes<\/span><\/span>Trois exp\u00e9riences v\u00e9cues\u00a0 1\/Annoncer \u00e0 l\u2019\u00e9quipe qu\u2019une coll\u00e8gue a \u00e9t\u00e9 viol\u00e9e et poignard\u00e9e la nuit pr\u00e9c\u00e9dente\u00a0 Et g\u00e9rer les r\u00e9percussions de cette annonce sur l\u2019\u00e9quipe et sur le r\u00e9seau de connaissances de la victime au sein de l\u2019\u00e9tablissement, en poss\u00e9dant peu d\u2019informations et en \u00e9tant soi-m\u00eame choqu\u00e9.\u00a0 Une fois le choc de la nouvelle et la sid\u00e9ration \u00ab\u2009d\u00e9pass\u00e9s\u2009\u00bb, il a fallu l\u2019annoncer au reste de l\u2019\u00e9quipe. Le cadre param\u00e9dical de&hellip; <\/p>\n","protected":false},"author":23133,"featured_media":0,"comment_status":"open","ping_status":"closed","sticky":false,"template":"","format":"standard","meta":{"_acf_changed":false,"_relevanssi_hide_post":"","_relevanssi_hide_content":"","_relevanssi_pin_for_all":"","_relevanssi_pin_keywords":"","_relevanssi_unpin_keywords":"","_relevanssi_related_keywords":"","_relevanssi_related_include_ids":"","_relevanssi_related_exclude_ids":"","_relevanssi_related_no_append":"","_relevanssi_related_not_related":"","_relevanssi_related_posts":"","_relevanssi_noindex_reason":"","footnotes":""},"categories":[3,2],"tags":[8516,738,280,8673,8048,8674,8672],"class_list":["post-43841","post","type-post","status-publish","format-standard","hentry","category-experience","category-gestions-hospitalieres","tag-deces","tag-encadrement","tag-management","tag-psychologue-du-travail","tag-traumatisme","tag-travail-dequipe","tag-violence-societale"],"acf":[],"yoast_head":"<!-- This site is optimized with the Yoast SEO plugin v24.8.1 - https:\/\/yoast.com\/wordpress\/plugins\/seo\/ -->\n<title>Accompagner les professionnels victimes de violences soci\u00e9tales - Gestions hospitali\u00e8res<\/title>\n<meta name=\"robots\" content=\"index, follow, max-snippet:-1, max-image-preview:large, max-video-preview:-1\" \/>\n<link rel=\"canonical\" href=\"https:\/\/www.ricom-web8.com\/gestions\/accompagner-les-professionnels-victimes-de-violences-societales\/\" \/>\n<meta property=\"og:locale\" content=\"fr_FR\" \/>\n<meta property=\"og:type\" content=\"article\" \/>\n<meta property=\"og:title\" content=\"Accompagner les professionnels victimes de violences soci\u00e9tales - Gestions hospitali\u00e8res\" \/>\n<meta property=\"og:description\" content=\"Temps de lecture\u00a0:  4 minutesTrois exp\u00e9riences v\u00e9cues\u00a0 1\/Annoncer \u00e0 l\u2019\u00e9quipe qu\u2019une coll\u00e8gue a \u00e9t\u00e9 viol\u00e9e et poignard\u00e9e la nuit pr\u00e9c\u00e9dente\u00a0 Et g\u00e9rer les r\u00e9percussions de cette annonce sur l\u2019\u00e9quipe et sur le r\u00e9seau de connaissances de la victime au sein de l\u2019\u00e9tablissement, en poss\u00e9dant peu d\u2019informations et en \u00e9tant soi-m\u00eame choqu\u00e9.\u00a0 Une fois le choc de la nouvelle et la sid\u00e9ration \u00ab\u2009d\u00e9pass\u00e9s\u2009\u00bb, il a fallu l\u2019annoncer au reste de l\u2019\u00e9quipe. Le cadre param\u00e9dical de&hellip;\" \/>\n<meta property=\"og:url\" content=\"https:\/\/www.ricom-web8.com\/gestions\/accompagner-les-professionnels-victimes-de-violences-societales\/\" \/>\n<meta property=\"og:site_name\" content=\"Gestions hospitali\u00e8res\" \/>\n<meta property=\"article:publisher\" content=\"https:\/\/www.facebook.com\/gestionshospitalieres\/\" \/>\n<meta property=\"article:published_time\" content=\"2021-10-01T09:09:07+00:00\" \/>\n<meta property=\"article:modified_time\" content=\"2021-10-26T14:08:27+00:00\" \/>\n<meta name=\"author\" content=\"Gestions hospitali\u00e8res\" \/>\n<meta name=\"twitter:card\" content=\"summary_large_image\" \/>\n<meta name=\"twitter:creator\" content=\"@revue_GH\" \/>\n<meta name=\"twitter:site\" content=\"@revue_GH\" \/>\n<meta name=\"twitter:label1\" content=\"\u00c9crit par\" \/>\n\t<meta name=\"twitter:data1\" content=\"Gestions hospitali\u00e8res\" \/>\n\t<meta name=\"twitter:label2\" content=\"Dur\u00e9e de lecture estim\u00e9e\" \/>\n\t<meta name=\"twitter:data2\" content=\"7 minutes\" \/>\n<script type=\"application\/ld+json\" class=\"yoast-schema-graph\">{\"@context\":\"https:\/\/schema.org\",\"@graph\":[{\"@type\":\"Article\",\"@id\":\"https:\/\/www.ricom-web8.com\/gestions\/accompagner-les-professionnels-victimes-de-violences-societales\/#article\",\"isPartOf\":{\"@id\":\"https:\/\/www.ricom-web8.com\/gestions\/accompagner-les-professionnels-victimes-de-violences-societales\/\"},\"author\":{\"name\":\"Gestions hospitali\u00e8res\",\"@id\":\"https:\/\/www.ricom-web8.com\/gestions\/#\/schema\/person\/3ba9fe913190dfe9507feb621e902c1f\"},\"headline\":\"Accompagner les professionnels victimes de violences soci\u00e9tales\",\"datePublished\":\"2021-10-01T09:09:07+00:00\",\"dateModified\":\"2021-10-26T14:08:27+00:00\",\"mainEntityOfPage\":{\"@id\":\"https:\/\/www.ricom-web8.com\/gestions\/accompagner-les-professionnels-victimes-de-violences-societales\/\"},\"wordCount\":1309,\"commentCount\":0,\"publisher\":{\"@id\":\"https:\/\/www.ricom-web8.com\/gestions\/#organization\"},\"keywords\":[\"d\u00e9c\u00e8s\",\"encadrement\",\"management\",\"psychologue du travail\",\"traumatisme\",\"travail d'\u00e9quipe\",\"violence soci\u00e9tale\"],\"articleSection\":[\"exp\u00e9rience\",\"Gestions Hospitali\u00e8res\"],\"inLanguage\":\"fr-FR\",\"potentialAction\":[{\"@type\":\"CommentAction\",\"name\":\"Comment\",\"target\":[\"https:\/\/www.ricom-web8.com\/gestions\/accompagner-les-professionnels-victimes-de-violences-societales\/#respond\"]}]},{\"@type\":\"WebPage\",\"@id\":\"https:\/\/www.ricom-web8.com\/gestions\/accompagner-les-professionnels-victimes-de-violences-societales\/\",\"url\":\"https:\/\/www.ricom-web8.com\/gestions\/accompagner-les-professionnels-victimes-de-violences-societales\/\",\"name\":\"Accompagner les professionnels victimes de violences soci\u00e9tales - Gestions hospitali\u00e8res\",\"isPartOf\":{\"@id\":\"https:\/\/www.ricom-web8.com\/gestions\/#website\"},\"datePublished\":\"2021-10-01T09:09:07+00:00\",\"dateModified\":\"2021-10-26T14:08:27+00:00\",\"breadcrumb\":{\"@id\":\"https:\/\/www.ricom-web8.com\/gestions\/accompagner-les-professionnels-victimes-de-violences-societales\/#breadcrumb\"},\"inLanguage\":\"fr-FR\",\"potentialAction\":[{\"@type\":\"ReadAction\",\"target\":[\"https:\/\/www.ricom-web8.com\/gestions\/accompagner-les-professionnels-victimes-de-violences-societales\/\"]}]},{\"@type\":\"BreadcrumbList\",\"@id\":\"https:\/\/www.ricom-web8.com\/gestions\/accompagner-les-professionnels-victimes-de-violences-societales\/#breadcrumb\",\"itemListElement\":[{\"@type\":\"ListItem\",\"position\":1,\"name\":\"Accueil\",\"item\":\"https:\/\/www.ricom-web8.com\/gestions\/\"},{\"@type\":\"ListItem\",\"position\":2,\"name\":\"Accompagner les professionnels victimes de violences soci\u00e9tales\"}]},{\"@type\":\"WebSite\",\"@id\":\"https:\/\/www.ricom-web8.com\/gestions\/#website\",\"url\":\"https:\/\/www.ricom-web8.com\/gestions\/\",\"name\":\"Gestions hospitali\u00e8res\",\"description\":\"la revue des d\u00e9cideurs hospitaliers\",\"publisher\":{\"@id\":\"https:\/\/www.ricom-web8.com\/gestions\/#organization\"},\"potentialAction\":[{\"@type\":\"SearchAction\",\"target\":{\"@type\":\"EntryPoint\",\"urlTemplate\":\"https:\/\/www.ricom-web8.com\/gestions\/?s={search_term_string}\"},\"query-input\":{\"@type\":\"PropertyValueSpecification\",\"valueRequired\":true,\"valueName\":\"search_term_string\"}}],\"inLanguage\":\"fr-FR\"},{\"@type\":\"Organization\",\"@id\":\"https:\/\/www.ricom-web8.com\/gestions\/#organization\",\"name\":\"Gestions hospitali\u00e8res\",\"url\":\"https:\/\/www.ricom-web8.com\/gestions\/\",\"logo\":{\"@type\":\"ImageObject\",\"inLanguage\":\"fr-FR\",\"@id\":\"https:\/\/www.ricom-web8.com\/gestions\/#\/schema\/logo\/image\/\",\"url\":\"https:\/\/gestions-hospitalieres.fr\/wp-content\/uploads\/2017\/02\/picto_Gif-GH-trans.png\",\"contentUrl\":\"https:\/\/gestions-hospitalieres.fr\/wp-content\/uploads\/2017\/02\/picto_Gif-GH-trans.png\",\"width\":512,\"height\":512,\"caption\":\"Gestions hospitali\u00e8res\"},\"image\":{\"@id\":\"https:\/\/www.ricom-web8.com\/gestions\/#\/schema\/logo\/image\/\"},\"sameAs\":[\"https:\/\/www.facebook.com\/gestionshospitalieres\/\",\"https:\/\/x.com\/revue_GH\",\"https:\/\/www.linkedin.com\/company\/gestions-hospitalieres?trk=top_nav_home\"]},{\"@type\":\"Person\",\"@id\":\"https:\/\/www.ricom-web8.com\/gestions\/#\/schema\/person\/3ba9fe913190dfe9507feb621e902c1f\",\"name\":\"Gestions hospitali\u00e8res\",\"image\":{\"@type\":\"ImageObject\",\"inLanguage\":\"fr-FR\",\"@id\":\"https:\/\/www.ricom-web8.com\/gestions\/#\/schema\/person\/image\/\",\"url\":\"https:\/\/secure.gravatar.com\/avatar\/1a0d93e6db5dbe7dac96bae4757d256f?s=96&d=mm&r=g\",\"contentUrl\":\"https:\/\/secure.gravatar.com\/avatar\/1a0d93e6db5dbe7dac96bae4757d256f?s=96&d=mm&r=g\",\"caption\":\"Gestions hospitali\u00e8res\"},\"url\":\"https:\/\/www.ricom-web8.com\/gestions\/author\/benjamin\/\"}]}<\/script>\n<!-- \/ Yoast SEO plugin. -->","yoast_head_json":{"title":"Accompagner les professionnels victimes de violences soci\u00e9tales - Gestions hospitali\u00e8res","robots":{"index":"index","follow":"follow","max-snippet":"max-snippet:-1","max-image-preview":"max-image-preview:large","max-video-preview":"max-video-preview:-1"},"canonical":"https:\/\/www.ricom-web8.com\/gestions\/accompagner-les-professionnels-victimes-de-violences-societales\/","og_locale":"fr_FR","og_type":"article","og_title":"Accompagner les professionnels victimes de violences soci\u00e9tales - Gestions hospitali\u00e8res","og_description":"Temps de lecture\u00a0:  4 minutesTrois exp\u00e9riences v\u00e9cues\u00a0 1\/Annoncer \u00e0 l\u2019\u00e9quipe qu\u2019une coll\u00e8gue a \u00e9t\u00e9 viol\u00e9e et poignard\u00e9e la nuit pr\u00e9c\u00e9dente\u00a0 Et g\u00e9rer les r\u00e9percussions de cette annonce sur l\u2019\u00e9quipe et sur le r\u00e9seau de connaissances de la victime au sein de l\u2019\u00e9tablissement, en poss\u00e9dant peu d\u2019informations et en \u00e9tant soi-m\u00eame choqu\u00e9.\u00a0 Une fois le choc de la nouvelle et la sid\u00e9ration \u00ab\u2009d\u00e9pass\u00e9s\u2009\u00bb, il a fallu l\u2019annoncer au reste de l\u2019\u00e9quipe. Le cadre param\u00e9dical de&hellip;","og_url":"https:\/\/www.ricom-web8.com\/gestions\/accompagner-les-professionnels-victimes-de-violences-societales\/","og_site_name":"Gestions hospitali\u00e8res","article_publisher":"https:\/\/www.facebook.com\/gestionshospitalieres\/","article_published_time":"2021-10-01T09:09:07+00:00","article_modified_time":"2021-10-26T14:08:27+00:00","author":"Gestions hospitali\u00e8res","twitter_card":"summary_large_image","twitter_creator":"@revue_GH","twitter_site":"@revue_GH","twitter_misc":{"\u00c9crit par":"Gestions hospitali\u00e8res","Dur\u00e9e de lecture estim\u00e9e":"7 minutes"},"schema":{"@context":"https:\/\/schema.org","@graph":[{"@type":"Article","@id":"https:\/\/www.ricom-web8.com\/gestions\/accompagner-les-professionnels-victimes-de-violences-societales\/#article","isPartOf":{"@id":"https:\/\/www.ricom-web8.com\/gestions\/accompagner-les-professionnels-victimes-de-violences-societales\/"},"author":{"name":"Gestions hospitali\u00e8res","@id":"https:\/\/www.ricom-web8.com\/gestions\/#\/schema\/person\/3ba9fe913190dfe9507feb621e902c1f"},"headline":"Accompagner les professionnels victimes de violences soci\u00e9tales","datePublished":"2021-10-01T09:09:07+00:00","dateModified":"2021-10-26T14:08:27+00:00","mainEntityOfPage":{"@id":"https:\/\/www.ricom-web8.com\/gestions\/accompagner-les-professionnels-victimes-de-violences-societales\/"},"wordCount":1309,"commentCount":0,"publisher":{"@id":"https:\/\/www.ricom-web8.com\/gestions\/#organization"},"keywords":["d\u00e9c\u00e8s","encadrement","management","psychologue du travail","traumatisme","travail d'\u00e9quipe","violence soci\u00e9tale"],"articleSection":["exp\u00e9rience","Gestions Hospitali\u00e8res"],"inLanguage":"fr-FR","potentialAction":[{"@type":"CommentAction","name":"Comment","target":["https:\/\/www.ricom-web8.com\/gestions\/accompagner-les-professionnels-victimes-de-violences-societales\/#respond"]}]},{"@type":"WebPage","@id":"https:\/\/www.ricom-web8.com\/gestions\/accompagner-les-professionnels-victimes-de-violences-societales\/","url":"https:\/\/www.ricom-web8.com\/gestions\/accompagner-les-professionnels-victimes-de-violences-societales\/","name":"Accompagner les professionnels victimes de violences soci\u00e9tales - Gestions hospitali\u00e8res","isPartOf":{"@id":"https:\/\/www.ricom-web8.com\/gestions\/#website"},"datePublished":"2021-10-01T09:09:07+00:00","dateModified":"2021-10-26T14:08:27+00:00","breadcrumb":{"@id":"https:\/\/www.ricom-web8.com\/gestions\/accompagner-les-professionnels-victimes-de-violences-societales\/#breadcrumb"},"inLanguage":"fr-FR","potentialAction":[{"@type":"ReadAction","target":["https:\/\/www.ricom-web8.com\/gestions\/accompagner-les-professionnels-victimes-de-violences-societales\/"]}]},{"@type":"BreadcrumbList","@id":"https:\/\/www.ricom-web8.com\/gestions\/accompagner-les-professionnels-victimes-de-violences-societales\/#breadcrumb","itemListElement":[{"@type":"ListItem","position":1,"name":"Accueil","item":"https:\/\/www.ricom-web8.com\/gestions\/"},{"@type":"ListItem","position":2,"name":"Accompagner les professionnels victimes de violences soci\u00e9tales"}]},{"@type":"WebSite","@id":"https:\/\/www.ricom-web8.com\/gestions\/#website","url":"https:\/\/www.ricom-web8.com\/gestions\/","name":"Gestions hospitali\u00e8res","description":"la revue des d\u00e9cideurs hospitaliers","publisher":{"@id":"https:\/\/www.ricom-web8.com\/gestions\/#organization"},"potentialAction":[{"@type":"SearchAction","target":{"@type":"EntryPoint","urlTemplate":"https:\/\/www.ricom-web8.com\/gestions\/?s={search_term_string}"},"query-input":{"@type":"PropertyValueSpecification","valueRequired":true,"valueName":"search_term_string"}}],"inLanguage":"fr-FR"},{"@type":"Organization","@id":"https:\/\/www.ricom-web8.com\/gestions\/#organization","name":"Gestions hospitali\u00e8res","url":"https:\/\/www.ricom-web8.com\/gestions\/","logo":{"@type":"ImageObject","inLanguage":"fr-FR","@id":"https:\/\/www.ricom-web8.com\/gestions\/#\/schema\/logo\/image\/","url":"https:\/\/gestions-hospitalieres.fr\/wp-content\/uploads\/2017\/02\/picto_Gif-GH-trans.png","contentUrl":"https:\/\/gestions-hospitalieres.fr\/wp-content\/uploads\/2017\/02\/picto_Gif-GH-trans.png","width":512,"height":512,"caption":"Gestions hospitali\u00e8res"},"image":{"@id":"https:\/\/www.ricom-web8.com\/gestions\/#\/schema\/logo\/image\/"},"sameAs":["https:\/\/www.facebook.com\/gestionshospitalieres\/","https:\/\/x.com\/revue_GH","https:\/\/www.linkedin.com\/company\/gestions-hospitalieres?trk=top_nav_home"]},{"@type":"Person","@id":"https:\/\/www.ricom-web8.com\/gestions\/#\/schema\/person\/3ba9fe913190dfe9507feb621e902c1f","name":"Gestions hospitali\u00e8res","image":{"@type":"ImageObject","inLanguage":"fr-FR","@id":"https:\/\/www.ricom-web8.com\/gestions\/#\/schema\/person\/image\/","url":"https:\/\/secure.gravatar.com\/avatar\/1a0d93e6db5dbe7dac96bae4757d256f?s=96&d=mm&r=g","contentUrl":"https:\/\/secure.gravatar.com\/avatar\/1a0d93e6db5dbe7dac96bae4757d256f?s=96&d=mm&r=g","caption":"Gestions hospitali\u00e8res"},"url":"https:\/\/www.ricom-web8.com\/gestions\/author\/benjamin\/"}]}},"_links":{"self":[{"href":"https:\/\/www.ricom-web8.com\/gestions\/wp-json\/wp\/v2\/posts\/43841","targetHints":{"allow":["GET"]}}],"collection":[{"href":"https:\/\/www.ricom-web8.com\/gestions\/wp-json\/wp\/v2\/posts"}],"about":[{"href":"https:\/\/www.ricom-web8.com\/gestions\/wp-json\/wp\/v2\/types\/post"}],"author":[{"embeddable":true,"href":"https:\/\/www.ricom-web8.com\/gestions\/wp-json\/wp\/v2\/users\/23133"}],"replies":[{"embeddable":true,"href":"https:\/\/www.ricom-web8.com\/gestions\/wp-json\/wp\/v2\/comments?post=43841"}],"version-history":[{"count":0,"href":"https:\/\/www.ricom-web8.com\/gestions\/wp-json\/wp\/v2\/posts\/43841\/revisions"}],"wp:attachment":[{"href":"https:\/\/www.ricom-web8.com\/gestions\/wp-json\/wp\/v2\/media?parent=43841"}],"wp:term":[{"taxonomy":"category","embeddable":true,"href":"https:\/\/www.ricom-web8.com\/gestions\/wp-json\/wp\/v2\/categories?post=43841"},{"taxonomy":"post_tag","embeddable":true,"href":"https:\/\/www.ricom-web8.com\/gestions\/wp-json\/wp\/v2\/tags?post=43841"}],"curies":[{"name":"wp","href":"https:\/\/api.w.org\/{rel}","templated":true}]}}