

{"id":43844,"date":"2021-10-01T11:13:59","date_gmt":"2021-10-01T09:13:59","guid":{"rendered":"https:\/\/gestions-hospitalieres.fr\/?p=43844"},"modified":"2021-10-26T16:08:27","modified_gmt":"2021-10-26T14:08:27","slug":"adolescents-suicidaires-un-dispositif-de-veille-sanitaire","status":"publish","type":"post","link":"https:\/\/www.ricom-web8.com\/gestions\/adolescents-suicidaires-un-dispositif-de-veille-sanitaire\/","title":{"rendered":"Adolescents suicidaires\u2009: un dispositif de veille sanitaire"},"content":{"rendered":"<span class=\"span-reading-time rt-reading-time\" style=\"display: block;\"><span class=\"rt-label rt-prefix\">Temps de lecture\u00a0: <\/span> <span class=\"rt-time\"> 9<\/span> <span class=\"rt-label rt-postfix\">minutes<\/span><\/span><p>L\u2019int\u00e9r\u00eat que nous portons depuis de nombreuses ann\u00e9es \u00e0 la question de la pr\u00e9vention du risque suicidaire ne s\u2019est qu\u2019amplifi\u00e9 avec les constats qui ont pu \u00eatre r\u00e9v\u00e9l\u00e9s sur cette probl\u00e9matique devenue de sant\u00e9 publique. En effet, les passages \u00e0 l\u2019acte suicidaires et les suicides constituent un enjeu majeur de sant\u00e9 publique par leur importance, leur impact et leurs cons\u00e9quences. Ainsi, \u00ab\u2009en France, un adolescent sur dix a fait une tentative de suicide (TS) [\u2026]. Dans 15\u2009% des situations, un deuxi\u00e8me geste sera pos\u00e9 [\u2026]. \u00c0 chaque nouvelle tentative, le pronostic vital, morbide et fonctionnel est alt\u00e9r\u00e9<sup class=\"appel\" data-toggle=\"modal\" data-target=\"#notes\">(1)<\/sup>\u2009\u00bb. En outre, 50\u2009% des adolescents suicidaires ne b\u00e9n\u00e9ficieraient pas des services de sant\u00e9 mentale<sup class=\"appel\" data-toggle=\"modal\" data-target=\"#notes\">(2)<\/sup> et ne chercheraient pas \u00e0 \u00eatre aid\u00e9s<sup class=\"appel\" data-toggle=\"modal\" data-target=\"#notes\">(3)<\/sup>\u00bb\u2009; \u00ab\u2009un tiers des suicidants ne d\u00e9buterait pas le suivi propos\u00e9<sup class=\"appel\" data-toggle=\"modal\" data-target=\"#notes\">(4)<\/sup>\u2009\u00bb\u2009; les raisons seraient \u00ab\u2009extra-personnelles (facteurs structurels, conjoncturels, \u00e9conomiques) ou personnelles (barri\u00e8res socio-psychologiques \u00e0 la recherche d\u2019aide)<sup class=\"appel\" data-toggle=\"modal\" data-target=\"#notes\">(5)<\/sup>\u2009\u00bb. \u00ab\u2009Une des difficult\u00e9s rencontr\u00e9es consiste en l\u2019acceptation par le patient suicidant de l\u2019id\u00e9e m\u00eame d\u2019un suivi psychiatrique, aussi court soit-il, alors m\u00eame que la proposition d\u2019une consultation apr\u00e8s la sortie des urgences fait partie des recommandations.<sup class=\"appel\" data-toggle=\"modal\" data-target=\"#notes\">(6)<\/sup>\u2009\u00bb<\/p>\n<p>Les dispositifs de veille sanitaire ont \u00e9t\u00e9 d\u00e9velopp\u00e9s dans la perspective d\u2019un accompagnement en r\u00e9seau d\u00e8s la sortie de l\u2019h\u00f4pital<sup class=\"appel\" data-toggle=\"modal\" data-target=\"#notes\">(7)<\/sup>. Deux cat\u00e9gories de programmes de pr\u00e9vention du risque suicidaire ont clairement d\u00e9montr\u00e9 leur efficacit\u00e9\u2009: les dispositifs d\u2019interventions intensives et les outils de veille sanitaire (OVS), qui rel\u00e8vent d\u2019une \u00e9thique de la relation et du concept de la sollicitude. Leurs fonctions sont multiples et compl\u00e9mentaires, dont une fonction d\u2019\u00e9valuation clinique et contextuelle, de psychoth\u00e9rapie (fond\u00e9e sur un renforcement du lien social et un soutien psychologique), d\u2019intervention (interventions directes, cibl\u00e9es, aides \u00e0 la r\u00e9orientation th\u00e9rapeutique) et d\u2019articulation<sup class=\"appel\" data-toggle=\"modal\" data-target=\"#notes\">(8)<\/sup>.<\/p>\n<p>Aux CH de Cannes et Grasse, l\u2019\u00e9quipe de liaison du service de p\u00e9dopsychiatrie a mis en place \u00e0 moyen constant un dispositif de veille sanitaire destin\u00e9 aux adolescents suicidaires.<\/p>\n<p>La puissance d\u2019action de cet outil est d\u2019\u00eatre port\u00e9e par une \u00e9quipe de liaison pluridisciplinaire qui a rencontr\u00e9 l\u2019adolescent et sa famille durant la prise en charge hospitali\u00e8re.<\/p>\n<p>Les sujets concern\u00e9s par le dispositif sont les adolescents suicidaires admis aux urgences p\u00e9diatriques. L\u2019outil de veille sanitaire s\u2019appuie majoritairement sur le rappel t\u00e9l\u00e9phonique. L\u2019objectif tend \u00e0 maintenir le lien sur plusieurs mois, \u00e0 s\u2019enqu\u00e9rir de l\u2019\u00e9volution de la situation des jeunes patients, \u00e0 soutenir l\u2019engagement dans le soin autant qu\u2019\u00e0 rep\u00e9rer les manifestations suicidaires \u00e9ventuelles et, <i>in fine<\/i>, \u00e0 orienter vers un syst\u00e8me de soin si cela s\u2019av\u00e8re n\u00e9cessaire.<\/p>\n<p>Dans une telle proc\u00e9dure, les entretiens t\u00e9l\u00e9phoniques, programm\u00e9s et assur\u00e9s par un r\u00e9f\u00e9rent, dans un premier temps chaque semaine le premier mois, une fois par mois le trimestre suivant, puis tous les trois mois les six derniers mois.<\/p>\n<blockquote><p>S\u2019inscrire et s\u2019engager au sein d\u2019un dispositif de veille sanitaire consiste en une mise en acte orient\u00e9e vers le souci de l\u2019autre, r\u00e9f\u00e9r\u00e9e \u00e0 une philosophie de soin.<\/p><\/blockquote>\n<h1>Rappels th\u00e9oriques<\/h1>\n<h2>La recherche d\u2019aide<\/h2>\n<p>La recherche d\u2019aide \u00ab\u2009se d\u00e9finit par l\u2019effort r\u00e9alis\u00e9 pour obtenir des informations, un soutien ou un traitement. Elle est influenc\u00e9e par de nombreux facteurs qui lui font obstacle ou qui la facilitent<sup class=\"appel\" data-toggle=\"modal\" data-target=\"#notes\">(9)<\/sup> \u00bb.<\/p>\n<p>Les facteurs qui font obstacle seraient principalement le sexe, l\u2019\u00e2ge, le groupe ethnique, l\u2019\u00e9tat de sant\u00e9 et des troubles psychiques plus ou moins pr\u00e9coces, la stigmatisation, les craintes (confiance, confidentialit\u00e9), l\u2019accessibilit\u00e9 aux services de soins ou la recherche d\u2019autonomie<sup class=\"appel\" data-toggle=\"modal\" data-target=\"#notes\">(10)<\/sup> et \u00ab\u2009la dialectique dans laquelle ils sont maintenus, aviv\u00e9e par la souffrance<sup class=\"appel\" data-toggle=\"modal\" data-target=\"#notes\">(11)<\/sup> \u00bb. <i>A contrario<\/i>, \u00ab\u2009s\u2019ils ont eu une exp\u00e9rience positive par le pass\u00e9, les adolescents suicidants cherchent davantage l\u2019aide des professionnels de sant\u00e9<sup class=\"appel\" data-toggle=\"modal\" data-target=\"#notes\">(12)<\/sup> \u00bb. La question qui se pose pour le sujet est\u2009: comment reconna\u00eetre que j\u2019ai besoin d\u2019aide, que je suis d\u00e9pendant d\u2019un tiers pour aller mieux tout en pr\u00e9servant mon sentiment de capacit\u00e9\u2009?<sup class=\"appel\" data-toggle=\"modal\" data-target=\"#notes\">(13)<\/sup><\/p>\n<h2>La psychiatrie de liaison<\/h2>\n<p>En France, la mobilit\u00e9 des \u00e9quipes psychiatriques date de la mise en place de la politique de secteur et de la d\u00e9sinstitutionnalisation dans les ann\u00e9es 1970\u2009; elle avait pour perspective de d\u00e9velopper les soins dans la cit\u00e9 et plus particuli\u00e8rement pour les personnes qui \u00e9taient en souffrance psychique sans demande sp\u00e9cifique de leur part<sup class=\"appel\" data-toggle=\"modal\" data-target=\"#notes\">(14)<\/sup>.<\/p>\n<p>Dans la m\u00eame p\u00e9riode, \u00ab\u2009la psychiatrie de liaison est n\u00e9e de la perception plus intuitive qu\u2019intellectuelle qu\u2019il fallait donner un surplus d\u2019\u00e2me et d\u2019humanit\u00e9 \u00e0 la m\u00e9decine somatique, et que la psychiatrie et les psychiatres\/psychologues devaient oser se confronter au r\u00e9el de la souffrance et de la vie somatique en quittant les rivages par trop \u00e9th\u00e9r\u00e9s de dogmatismes st\u00e9riles et des services sp\u00e9cialis\u00e9s<sup class=\"appel\" data-toggle=\"modal\" data-target=\"#notes\">(15)<\/sup>. Elle s\u2019est mise \u00e0 disposition des services de m\u00e9decine et de chirurgie, \u00ab\u2009pour r\u00e9pondre aux besoins des patients, de leur entourage ou des soignants qui en ont la charge\u2009\u00bb<sup class=\"appel\" data-toggle=\"modal\" data-target=\"#notes\">(16)<\/sup>.<\/p>\n<p>La psychiatrie de liaison est une pratique singuli\u00e8re. Elle s\u2019inscrit au sein m\u00eame d\u2019une d\u00e9marche interactive pluridisciplinaire et\/ou interinstitutionnelle qui s\u2019incarne \u00e0 travers une mobilit\u00e9 dans tous les sens du terme\u2009: \u00ab\u2009aller vers\u2009\u00bb, amener\/ramener vers le soin, maintenir dans le soin. Ce travail de liaison permet d\u2019apporter un \u00e9clairage du c\u00f4t\u00e9 du psychisme afin que les repr\u00e9sentations puissent circuler et qu\u2019un travail d\u2019interdisciplinarit\u00e9 et de collaboration entre les diff\u00e9rents espaces puisse s\u2019accorder au b\u00e9n\u00e9fice des familles. Elle constitue souvent la premi\u00e8re rencontre qui permet une \u00e9valuation clinique et une inscription dans le soin.<\/p>\n<h2>Les dispositifs ou outils de veille sanitaire (DVS)<span class=\"Apple-converted-space\">\u00a0<\/span><\/h2>\n<p>Les DVS sont mis en place apr\u00e8s les soins imm\u00e9diats dispens\u00e9s en urgence au b\u00e9n\u00e9fice des patients suicidants, en parall\u00e8le d\u2019une \u00e9ventuelle prise en charge quand elle est indiqu\u00e9e. Ils sont d\u2019autant plus efficaces qu\u2019ils sont r\u00e9actifs, r\u00e9guliers, personnalis\u00e9s, proposant des recours ou des outils fiables sans envahir le quotidien du patient<sup class=\"appel\" data-toggle=\"modal\" data-target=\"#notes\">(17)<\/sup>.<\/p>\n<p>En psychiatrie g\u00e9n\u00e9rale, les diff\u00e9rents DVS ont \u00e9t\u00e9 largement exp\u00e9riment\u00e9s aupr\u00e8s des patients suicidants dans la perspective d\u2019apporter \u00ab\u2009une r\u00e9ponse \u00e0 la douleur morale en renfor\u00e7ant la notion de <i>connectedness<\/i> (rester en lien et compter pour l\u2019autre)<sup class=\"appel\" data-toggle=\"modal\" data-target=\"#notes\">(18)<\/sup>. \u00ab\u2009Ils agissent sur trois leviers de reliance (<i>connectedness<\/i>) en renfor\u00e7ant le sentiment d\u2019appartenance, en mobilisant la responsabilit\u00e9 groupale et en v\u00e9hiculant des mod\u00e8les normatifs protecteurs.<sup class=\"appel\" data-toggle=\"modal\" data-target=\"#notes\">(19)<\/sup> \u00bb Les patients qui en b\u00e9n\u00e9ficient expriment \u00ab\u2009le sentiment d\u2019\u00eatre li\u00e9s \u00e0 quelque chose de significatif en dehors de soi comme force stabilisante dans la vie \u00e9motionnelle du sujet<sup class=\"appel\" data-toggle=\"modal\" data-target=\"#notes\">(20)<\/sup>\u2009\u00bb.<span class=\"Apple-converted-space\">\u00a0<\/span><\/p>\n<p>On distingue les services d\u2019accueil t\u00e9l\u00e9phonique, les adressages par courrier, les visites \u00e0 domicile, les outils de communication \u00e9lectroniques (SMS, courriel) et les rappels t\u00e9l\u00e9phoniques<sup class=\"appel\" data-toggle=\"modal\" data-target=\"#notes\">(21)<\/sup>. Les rappels t\u00e9l\u00e9phoniques comportent un service d\u2019appels programm\u00e9s, habituellement r\u00e9p\u00e9t\u00e9s, initi\u00e9s par un professionnel r\u00e9alis\u00e9 au nom du service. Par ailleurs, nous avons les \u00ab\u2009entretiens de soutien reprenant les \u00e9l\u00e9ments du compromis de sortie et jugeant avec le sujet de l\u2019ad\u00e9quation de la situation actuelle<sup class=\"appel\" data-toggle=\"modal\" data-target=\"#notes\">(22)<\/sup>\u2009\u00bb. Le dispositif aurait un impact sur l\u2019engagement dans le soin<sup class=\"appel\" data-toggle=\"modal\" data-target=\"#notes\">(23)<\/sup>avec augmentation de la fr\u00e9quence des consultations des suicidants aupr\u00e8s de leurs m\u00e9decins g\u00e9n\u00e9ralistes pour parler du geste suicidaire et serait \u00ab\u2009plus efficace chez les suicidants ayant commis plusieurs tentatives de suicides<sup class=\"appel\" data-toggle=\"modal\" data-target=\"#notes\">(24)<\/sup>\u00bb. Le recontact t\u00e9l\u00e9phonique s\u2019inscrit dans les <i>brief contact intervention<\/i>, interventions br\u00e8ves qui visent au maintien du lien sur six mois \u00e0 un an pour pr\u00e9venir d\u2019un passage \u00e0 l\u2019acte suicidaire<sup class=\"appel\" data-toggle=\"modal\" data-target=\"#notes\">(25)<\/sup>.<\/p>\n<blockquote><p>En fonction de l\u2019\u00e9valuation, une proposition personnalis\u00e9e est organis\u00e9e avec le consentement \u00e9clair\u00e9 de la famille et de l\u2019adolescent.<\/p><\/blockquote>\n<h1>Discussion<\/h1>\n<p>Les adolescents avec un risque suicidaire sont \u00e9puis\u00e9s physiquement et psychiquement, alourdis, ralentis, crisp\u00e9s, recroquevill\u00e9s, fig\u00e9s, t\u00e9tanis\u00e9s. Ils sont submerg\u00e9s par leurs \u00e9motions, envahis par des distorsions cognitives, avec le doute terrifiant de ne pouvoir sortir de l\u2019impasse dans laquelle ils se trouvent, convaincus pour la plupart que seul le passage \u00e0 l\u2019acte est l\u2019unique solution d\u2019apaisement. Soumis \u00e0 l\u2019inexorable \u00e9coulement des heures ils font \u00e9tat des longs monologues int\u00e9rieurs dont ils sont habit\u00e9s. \u00ab\u2009La douleur morale les fige dans le moment pr\u00e9sent.<sup class=\"appel\" data-toggle=\"modal\" data-target=\"#notes\">(26)<\/sup>\u2009\u00bb Un arr\u00eat sur image, des affects intenses et d\u00e9bordants, les mots sont alors \u00ab\u2009trop difficiles \u00e0 dire, \u00e0 se dire<sup class=\"appel\" data-toggle=\"modal\" data-target=\"#notes\">(27)<\/sup> \u00bb.<\/p>\n<p>\u00ab\u2009Un \u00e9quilibre de l\u2019instant qui semble permanent.\u2009\u00bb Le geste suicidaire s\u2019inscrit dans le d\u00e9roulement de la crise comme tentative de r\u00e9duction des tensions internes auxquelles les sujets sont en proie et de l\u2019isolement subjectif dans lequel ils sont enferm\u00e9s.<\/p>\n<p>Si certains adolescents souhaitent s\u2019engager dans un processus th\u00e9rapeutique, d\u2019autres n\u2019ont ou n\u2019expriment aucune demande. Le risque est \u00ab\u2009qu\u2019ils gardent leurs blessures secr\u00e8tes\u2009\u00bb et \u00ab\u2009restent aux prises de leurs difficult\u00e9s inextricables, confort\u00e9s dans leur certitude douloureuse que personne ne peut les comprendre<sup class=\"appel\" data-toggle=\"modal\" data-target=\"#notes\">(28)<\/sup>\u2009\u00bb. Per\u00e7oivent-ils un risque \u00e0 s\u2019engager dans un nouveau lien \u00e0 l\u2019autre\u2009? Peuvent-ils se risquer \u00e0 la rencontre\u2009? accepter le risque de l\u2019alt\u00e9rit\u00e9 dans la rencontre th\u00e9rapeutique\u2009?<\/p>\n<hr \/>\n<p><span style=\"color: #008bc5;\"><b>Histoire clinique<\/b><\/span><\/p>\n<p>P\u2026, \u00e2g\u00e9e de 17 ans, admise en urgence en service de p\u00e9diatrie pour risque suicidaire majeur. Elle emploie un vocabulaire riche, \u00e9labor\u00e9, recherche le mot le plus juste, et utilise facilement un langage complexe ou m\u00e9taphorique. Elle \u00e9voque ses questionnements existentiels (<i>pourquoi\u2009, est-ce que, comment\u2009<\/i>), d\u00e9crit son immense d\u00e9tresse, ses tourments et son d\u00e9sespoir face au monde tel qu\u2019elle le per\u00e7oit. Elle confirme clairement sa d\u00e9cision d\u2019interrompre ce \u00ab\u2009processus de souffrance intol\u00e9rable\u2009\u00bb par une mise en acte. Elle en sugg\u00e8re m\u00eame le mode op\u00e9ratoire et les conditions. Au terme de l\u2019hospitalisation, elle a refus\u00e9 le suivi psychologique mais accept\u00e9 le dispositif de veille sanitaire. Chaque appel t\u00e9l\u00e9phonique a \u00e9t\u00e9 investi. \u00c0 quatre mois d&#8217;\u00e9volution, aucun geste suicidaire n\u2019a \u00e9t\u00e9 pos\u00e9.<\/p>\n<hr \/>\n<p>Apr\u00e8s les soins d\u2019urgence, en post-hospitalisation, il s\u2019agit de maintenir le lien \u00e9tabli avec le syst\u00e8me soignant et de s\u2019assurer de l\u2019ad\u00e9quation du programme de soin mis en place et de veiller.<\/p>\n<p>\u00ab\u2009Veiller\u2009\u00bb, du latin classique <i>vigilare\u2009<\/i>:<i> <\/i>veiller, \u00eatre \u00e9veill\u00e9, \u00eatre en \u00e9veil, attentif et vigilant. \u00catre sur ses gardes, monter la garde. Rester volontairement en alerte. \u00catre au chevet de, veiller \u00e0 distance de l\u2019autre, prendre soin de l\u2019autre. C\u2019est cette disposition d\u2019esprit inclinant \u00e0 la compr\u00e9hension, \u00e0 l\u2019indulgence envers autrui. C\u2019est la capacit\u00e9 \u00e0 \u00eatre disponible psychiquement, \u00e0 \u00eatre \u00e0 l\u2019\u00e9coute pour renvoyer de la subjectivit\u00e9 au sujet en souffrance. C\u2019est \u00eatre attentif \u00e0 ces \u00ab\u2009petits d\u00e9tails qui ne se per\u00e7oivent pas toujours d\u2019embl\u00e9e et qui peuvent offrir une ouverture, une occasion d\u2019\u00e9change<sup class=\"appel\" data-toggle=\"modal\" data-target=\"#notes\">(29)<\/sup>\u00bb.<\/p>\n<p>D\u00e9velopper un syst\u00e8me de veille sanitaire, c\u2019est maintenir une \u00ab\u2009pr\u00e9occupation soignante\u2009\u00bb. C\u2019est d\u2019une certaine mani\u00e8re \u00ab\u2009\u00eatre pontonnier, non pour r\u00e9aliser des ponts extraordinaires, mais de simples passerelles avec des personnes isol\u00e9es. Ces passerelles peuvent \u00eatre une parole, un geste, la moindre des choses<sup class=\"appel\" data-toggle=\"modal\" data-target=\"#notes\">(30)<\/sup>.\u2009\u00bb Un travail constant qui permet de repenser sa pr\u00e9sence \u00e0 l\u2019autre. \u00ab\u2009Cette chose tr\u00e8s subtile n\u2019est-elle pas la moindre des choses\u2009?\u2009\u00bb<\/p>\n<h2>Maintenir le lien &#8211; \u00ab\u2009Faire des ponts\u2009\u00bb<\/h2>\n<p>Les dispositifs de veille sanitaire sont sous-tendus par le principe de la \u00ab\u2009sollicitude\u2009\u00bb, qui d\u00e9signe l\u2019ensemble des \u00e9gards ou des soins attentifs prodigu\u00e9s \u00e0 une personne qui en a besoin \u00e0 un moment donn\u00e9. \u00ab\u2009\u00catre pr\u00e9venant, prendre soin de, s\u2019occuper de, se soucier de, s\u2019inqui\u00e9ter de, se pr\u00e9occuper de\u2009\u00bb renvoie \u00e0 la disposition de chacun \u00e0 \u00eatre attentif \u00e0 l\u2019autre et \u00e0 s\u2019engager dans la rencontre, en prenant en compte le sujet pour lequel l\u2019action est men\u00e9e, tout en tenant compte de son contexte environnemental, social et de son parcours de vie. Cela suppose le paradoxe \u00ab\u2009d\u2019une pr\u00e9sence distante, c\u2019est-\u00e0-dire d\u2019une attention r\u00e9elle et bienveillante mais suffisamment distanci\u00e9e pour ne pas verser dans l\u2019exc\u00e8s et mettre celui qui en est l\u2019objet dans l\u2019embarras<sup class=\"appel\" data-toggle=\"modal\" data-target=\"#notes\">(31)<\/sup> \u00bb. Il est question d\u2019une juste distance.<\/p>\n<hr \/>\n<p><span style=\"color: #008bc5;\"><b>Histoire clinique<\/b><\/span><\/p>\n<p>G\u2026, \u00e2g\u00e9e de 16 ans, admise aux urgences p\u00e9diatriques pour une agression physique. En entretien, elle est calme, coop\u00e9rante. Son discours spontan\u00e9 est structur\u00e9, riche, argument\u00e9, investi. Elle exprime des sentiments \u00e0 valence n\u00e9gative (tristesse, culpabilit\u00e9, col\u00e8re, inqui\u00e9tude, incompr\u00e9hension). Elle fait r\u00e9f\u00e9rence \u00e0 ses ant\u00e9c\u00e9dents personnels, dont un passage \u00e0 l\u2019acte suicidaire r\u00e9cent (IMV) et un v\u00e9cu de harc\u00e8lement. Compte tenu du motif d&#8217;admission, du contexte clinique, des facteurs de risque identifi\u00e9s et de son lieu d\u2019habitation (autre d\u00e9partement), nous avons pr\u00e9conis\u00e9 un suivi de proximit\u00e9 dans son d\u00e9partement et propos\u00e9 le dispositif de veille sanitaire. \u00c0 trois semaines, G\u2026 investit les appels t\u00e9l\u00e9phoniques comme les rencontres. Aucune id\u00e9e suicidaire n\u2019a \u00e9t\u00e9 rep\u00e9r\u00e9e.<\/p>\n<hr \/>\n<h2>Soutenir l\u2019engagement dans le soin et la mise en place effective du suivi<sup class=\"appel\" data-toggle=\"modal\" data-target=\"#notes\">(32)<\/sup><\/h2>\n<p>L\u2019engagement fait r\u00e9f\u00e9rence au d\u00e9veloppement progressif d\u2019un sentiment de s\u00e9curit\u00e9 et de respect, gr\u00e2ce auquel les patients se sentent de plus en plus libres de confier leurs probl\u00e8mes au clinicien, en m\u00eame temps qu\u2019ils prennent confiance dans son aptitude \u00e0 les comprendre. C\u2019est la condition <i>sine qua non<\/i> \u00ab\u2009pour que la psychoth\u00e9rapie s\u2019engage et se poursuive\u2009\u00bb. L\u2019engagement repr\u00e9senterait \u00ab\u2009en moyenne 30\u2009% de l\u2019efficacit\u00e9 th\u00e9rapeutique finale, quelle que soit l\u2019approche du th\u00e9rapeute<sup class=\"appel\" data-toggle=\"modal\" data-target=\"#notes\">(33)<\/sup> \u00bb. C\u2019est un \u00ab\u2009artisanat d\u2019accompagnement de crise face \u00e0 des situations o\u00f9 l\u2019humanit\u00e9 et l\u2019empathie soignante restent au premier plan<sup class=\"appel\" data-toggle=\"modal\" data-target=\"#notes\">(34)<\/sup>\u2009\u00bb. \u00ab\u2009Le soignant est alors celui qui se pr\u00e9occupe de l\u2019autre, qui en prend soin, qui lui porte attention, qui se soucie de lui.<sup class=\"appel\" data-toggle=\"modal\" data-target=\"#notes\">(35)<\/sup>\u2009\u00bb \u00ab\u2009Au-del\u00e0 de la bienveillance, il a fonction de veillance.<sup class=\"appel\" data-toggle=\"modal\" data-target=\"#notes\">(36)<\/sup>\u2009\u00bb<\/p>\n<hr \/>\n<p><span style=\"color: #008bc5;\"><b>Histoire clinique<\/b><\/span><\/p>\n<p>A\u2026, \u00e2g\u00e9e de 16 ans, admise en urgence en service de p\u00e9diatrie pour tentative de pendaison dans un contexte de d\u00e9compensation anxiod\u00e9pressive. Elle s\u2019est investie dans la prise en charge hospitali\u00e8re, l\u2019\u00e9volution a \u00e9t\u00e9 rassurante. Au terme de la prise en charge hospitali\u00e8re, un programme de soin en ambulatoire a \u00e9t\u00e9 mis en place et, compte tenu du haut risque suicidaire, le dispositif de veille sanitaire a \u00e9t\u00e9 activ\u00e9. \u00c0 quatre mois d&#8217;\u00e9volution, A\u2026 maintient son engagement dans le suivi psychoth\u00e9rapeutique et honore les appels t\u00e9l\u00e9phoniques programm\u00e9s.<\/p>\n<hr \/>\n<h2>Rep\u00e9rer les manifestations suicidaires<\/h2>\n<p>\u00c0 chaque entretien t\u00e9l\u00e9phonique, il s\u2019agit de rep\u00e9rer les id\u00e9es suicidaires, les sentiments \u00e0 valence n\u00e9gative, de saisir le passage de l\u2019id\u00e9ation \u00e0 la mise en acte (urgence, imminence du geste\/dangerosit\u00e9, l\u00e9talit\u00e9 du moyen), d\u2019identifier les principaux facteurs de risque, de reconna\u00eetre la douleur morale et la douleur sociale<sup class=\"appel\" data-toggle=\"modal\" data-target=\"#notes\">(37)<\/sup>. Il est essentiel \u00e9galement de diff\u00e9rencier le sentiment de solitude subjectif de l\u2019isolement r\u00e9el, d\u2019interroger les strat\u00e9gies de d\u00e9fense et d\u2019adaptation ou de <i>coping<\/i> face aux id\u00e9es suicidaires, d\u2019identifier les personnes ressources, les situations \u00e0 risque (solitude, pr\u00e9carit\u00e9, sentiment d\u2019inutilit\u00e9, perte d\u2019un \u00eatre cher, d\u00e9sir de le rejoindre, d\u00e9sarroi, d\u00e9sir de fuite, de fatigue psychique et physique\u2026) et les \u00e9l\u00e9ments du pass\u00e9 pouvant influencer le processus suicidaire (facteurs individuels, familiaux, psychosociaux\u2026).<\/p>\n<button data-toggle=\"collapse\" data-target=\"#enc_2021_503_01\">encadr\u00e9 1<\/button><div id=\"enc_2021_503_01\" class=\"encadre collapse\"><p><span class=\"surtitre_enc\">encadr\u00e9 1<\/span><\/p>\n<h2>Entretien t\u00e9l\u00e9phonique<\/h2>\n<p>\u2022 Bilan d'\u00e9volution depuis le dernier appel<span class=\"Apple-converted-space\"><br \/>\n<\/span>\u2022 Fr\u00e9quence des id\u00e9es suicidaires<span class=\"Apple-converted-space\"><br \/>\n<\/span>\u2022 Intention suicidaire sans \u00e9laboration de sc\u00e9nario<span class=\"Apple-converted-space\"><br \/>\n<\/span>\u2022 \u00c9laboration de sc\u00e9nario<span class=\"Apple-converted-space\"><br \/>\n<\/span>\u2022 Planification du passage \u00e0 l\u2019acte<span class=\"Apple-converted-space\"><br \/>\n<\/span>\u2022 Passages \u00e0 l\u2019acte<span class=\"Apple-converted-space\"><br \/>\n<\/span>\u2022 Sentiment \u00e0 valence n\u00e9gative et positive<span class=\"Apple-converted-space\"><br \/>\n<\/span>\u2022 Situation \u00e0 risque\/moments agr\u00e9ables<span class=\"Apple-converted-space\"><br \/>\n<\/span>\u2022 Identification de personnes ressources r\u00e9centes<span class=\"Apple-converted-space\"><br \/>\n<\/span>\u2022 Investissement des centres d'int\u00e9r\u00eats personnels<span class=\"Apple-converted-space\"><br \/>\n<\/span>\u2022 Perspectives \u00e0 court terme<span class=\"Apple-converted-space\"><br \/>\n<\/span>\u2022 Engagement dans les soins de proximit\u00e9<span class=\"Apple-converted-space\"><br \/>\n<\/span>\u2022 Confirmation de l\u2019horaire du prochain appel t\u00e9l\u00e9phonique<\/p>\n<\/div>\n<h2>Orienter vers un syst\u00e8me de soin<\/h2>\n<p>En fonction de l\u2019\u00e9valuation, une proposition personnalis\u00e9e est organis\u00e9e (accueil aux urgences p\u00e9diatriques, hospitalisation en service de p\u00e9diatrie, avanc\u00e9e d\u2019un rendez-vous en centre m\u00e9dico-psychologique, accueil rapide par le m\u00e9decin traitant\u2026), avec le consentement \u00e9clair\u00e9 de la famille et de l\u2019adolescent.<\/p>\n<button data-toggle=\"collapse\" data-target=\"#enc_2021_503_02\">encadr\u00e9 2<\/button><div id=\"enc_2021_503_02\" class=\"encadre collapse\"><p><span class=\"surtitre_enc\">encadr\u00e9 2<\/span><\/p>\n<h2>Analyse des pratiques professionnelles<\/h2>\n<p><strong>M\u00e9thode<br \/>\n<\/strong>\u2022 Audit clinique cibl\u00e9<br \/>\n\u2022 P\u00e9riode\u2009: janvier-d\u00e9cembre 2020<span class=\"Apple-converted-space\"><br \/>\n<\/span>\u2022 Source d\u2019information\u2009: dossier du patient<br \/>\n\u2022 Crit\u00e8res d\u2019inclusion\u2009: admission aux urgences p\u00e9diatriques des deux h\u00f4pitaux de l\u2019ouest du d\u00e9partement pour risque suicidaire. L\u2019extraction des dossiers a \u00e9t\u00e9 r\u00e9alis\u00e9e \u00e0 partir du code diagnostique principal (R45-8) de la CIM10 (classification internationale des troubles mentaux et du comportement).<br \/>\n\u2022 Indicateurs d\u2019\u00e9valuation\u2009: id\u00e9es suicidaires, passages \u00e0 l\u2019acte suicidaire, ant\u00e9c\u00e9dents de passages \u00e0 l\u2019acte (r\u00e9cents, dans l\u2019ann\u00e9e, au-del\u00e0 d\u2019un an).<\/p>\n<p><strong>R\u00e9sultats<br \/>\n<\/strong>\u2022 182 adolescents admis aux urgences p\u00e9diatriques des CH de Cannes et Grasse, dont 1\/3 (n\u2009=\u200958, moyenne d\u2019\u00e2ge 14,31\u00a0ans) pr\u00e9sentait un risque suicidaire.<br \/>\n\u2022 Tous exprimaient clairement des id\u00e9es suicidaires, avec \u00e9laboration de sc\u00e9nario.<br \/>\n\u2022 61\u2009% avaient des conduites suicidaires (33\u2009% intoxication m\u00e9dicamenteuse volontaire, 28\u2009% scarifications) contre 39\u2009% qui ne rapportaient aucun passage \u00e0 l\u2019acte.<br \/>\n\u2022 14\u2009% avaient des ant\u00e9c\u00e9dents de passages \u00e0 l\u2019acte dans le mois, 33\u2009% dans l\u2019ann\u00e9e, 11\u2009% au-del\u00e0 d\u2019un an.<br \/>\n\u2022 100\u2009% ont b\u00e9n\u00e9fici\u00e9 d\u2019une hospitalisation de gestion de crise en service de p\u00e9diatrie\u2009; 100\u2009% ont b\u00e9n\u00e9fici\u00e9 en post-hospitalisation de visites \u00e0 domicile de l\u2019\u00e9quipe mobile.<br \/>\n\u2022 La continuit\u00e9 des soins a \u00e9t\u00e9 assur\u00e9e aupr\u00e8s du m\u00e9decin de famille ou du psychiatre r\u00e9f\u00e9rent du suivi de proximit\u00e9 et un programme de soin a \u00e9t\u00e9 \u00e9labor\u00e9.<\/p>\n<p><strong>Actions d\u2019am\u00e9lioration<br \/>\n<\/strong>\u2022 Un dispositif de veille sanitaire destin\u00e9 aux adolescents suicidaires a \u00e9t\u00e9 \u00e9labor\u00e9 en 2020 selon les recommandations de l\u2019ARS.<\/p>\n<p><strong>Perspectives<br \/>\n<\/strong>\u2022 Mise en place du dispositif de veille en 2020-2021.<span class=\"Apple-converted-space\"><br \/>\n<\/span>\u2022 Analyse de l\u2019efficience du dispositif \u00e0 six mois.<\/p>\n<\/div>\n<h1>Conclusion<\/h1>\n<p>\u00ab\u2009Le suicide demeure un th\u00e8me d\u2019actualit\u00e9 dans nos soci\u00e9t\u00e9s et les questionnements suscit\u00e9s par cet acte perdurent.<sup class=\"appel\" data-toggle=\"modal\" data-target=\"#notes\">(38)<\/sup>\u2009\u00bb<sup><span class=\"Apple-converted-space\">\u00a0 <\/span><\/sup>Les outils de veille sanitaire sont sous-tendus par une philosophie de soin, \u00ab\u2009une disposition soignante singuli\u00e8re dans une logique de rencontre<sup class=\"appel\" data-toggle=\"modal\" data-target=\"#notes\">(39)<\/sup>\u2009\u00bb. Ils reposent sur des notions philosophiques emprunt\u00e9es \u00e0 Heidegger, soulignant la sollicitude pr\u00e9venante au travers de son concept du Dasein, Ric\u0153ur \u00e9voquant la sollicitude entre sympathie et empathie dans une pr\u00e9sence \u00e0 l\u2019autre touch\u00e9 par cette exp\u00e9rience de la finitude que nous renvoie l\u2019autre, Levinas avec la responsabilit\u00e9 renvoyant \u00e0 sa notion du visage ou encore Cornu avec \u00ab\u2009l\u2019\u00e9thique de l\u2019inqui\u00e9tude<sup class=\"appel\" data-toggle=\"modal\" data-target=\"#notes\">(40)<\/sup>\u2009\u00bb.<\/p>\n<p>\u00ab\u2009La clinique t\u00e9l\u00e9phonique offre une proximit\u00e9 favorable \u00e0 une relation soignante.<sup class=\"appel\" data-toggle=\"modal\" data-target=\"#notes\">(41)<\/sup>\u2009\u00bb Elle permet de tisser des liens personnalis\u00e9s, de \u00ab\u2009veiller avec bienveillance<sup class=\"appel\" data-toggle=\"modal\" data-target=\"#notes\">(42)<\/sup>\u2009\u00bb et d\u2019identifier l\u2019\u00e9mergence d\u2019une \u00e9ventuelle d\u00e9compensation psychique. Aussi, s\u2019inscrire et s\u2019engager au sein d\u2019un dispositif de veille sanitaire consiste en une mise en acte orient\u00e9e vers le souci de l\u2019autre, r\u00e9f\u00e9r\u00e9e \u00e0 une philosophie de soin.<\/p>\n<hr \/>\n<p><strong>Les auteurs remercient C. Claudel, documentaliste au CH de Rouffach, et V. Thiriat, secr\u00e9taire de l\u2019UMPP du CH de Cannes pour leur collaboration.<\/strong><\/p>\n<script>function PlayerjsAsync(){} if(window[\"Playerjs\"]){PlayerjsAsync();}<\/script>","protected":false},"excerpt":{"rendered":"<p>L\u2019int\u00e9r\u00eat que nous portons depuis de nombreuses ann\u00e9es \u00e0 la question de la pr\u00e9vention du risque suicidaire ne s\u2019est qu\u2019amplifi\u00e9 avec les constats qui ont pu \u00eatre r\u00e9v\u00e9l\u00e9s sur cette probl\u00e9matique devenue de sant\u00e9 publique. En effet, les passages \u00e0 l\u2019acte suicidaires et les suicides constituent un enjeu majeur de sant\u00e9 publique par leur importance, leur impact et leurs cons\u00e9quences. Ainsi, \u00ab\u2009en France, un adolescent sur dix a fait une&hellip; <\/p>\n","protected":false},"author":23133,"featured_media":0,"comment_status":"open","ping_status":"closed","sticky":false,"template":"","format":"standard","meta":{"_acf_changed":false,"_relevanssi_hide_post":"","_relevanssi_hide_content":"","_relevanssi_pin_for_all":"","_relevanssi_pin_keywords":"","_relevanssi_unpin_keywords":"","_relevanssi_related_keywords":"","_relevanssi_related_include_ids":"","_relevanssi_related_exclude_ids":"","_relevanssi_related_no_append":"","_relevanssi_related_not_related":"","_relevanssi_related_posts":"","_relevanssi_noindex_reason":"","footnotes":""},"categories":[3,2],"tags":[6135,8677,8675,142,8676,6134,5428],"class_list":["post-43844","post","type-post","status-publish","format-standard","hentry","category-experience","category-gestions-hospitalieres","tag-adolescence","tag-ch-cannes-grasse","tag-dvs","tag-psychiatrie","tag-rappel-telephonique","tag-risque-suicidaire","tag-suicide"],"acf":[],"yoast_head":"<!-- This site is optimized with the Yoast SEO plugin v24.8.1 - https:\/\/yoast.com\/wordpress\/plugins\/seo\/ -->\n<title>Adolescents suicidaires\u2009: un dispositif de veille sanitaire - Gestions hospitali\u00e8res<\/title>\n<meta name=\"robots\" content=\"index, follow, max-snippet:-1, max-image-preview:large, max-video-preview:-1\" \/>\n<link rel=\"canonical\" href=\"https:\/\/www.ricom-web8.com\/gestions\/adolescents-suicidaires-un-dispositif-de-veille-sanitaire\/\" \/>\n<meta property=\"og:locale\" content=\"fr_FR\" \/>\n<meta property=\"og:type\" content=\"article\" \/>\n<meta property=\"og:title\" content=\"Adolescents suicidaires\u2009: un dispositif de veille sanitaire - Gestions hospitali\u00e8res\" \/>\n<meta property=\"og:description\" content=\"L\u2019int\u00e9r\u00eat que nous portons depuis de nombreuses ann\u00e9es \u00e0 la question de la pr\u00e9vention du risque suicidaire ne s\u2019est qu\u2019amplifi\u00e9 avec les constats qui ont pu \u00eatre r\u00e9v\u00e9l\u00e9s sur cette probl\u00e9matique devenue de sant\u00e9 publique. En effet, les passages \u00e0 l\u2019acte suicidaires et les suicides constituent un enjeu majeur de sant\u00e9 publique par leur importance, leur impact et leurs cons\u00e9quences. Ainsi, \u00ab\u2009en France, un adolescent sur dix a fait une&hellip;\" \/>\n<meta property=\"og:url\" content=\"https:\/\/www.ricom-web8.com\/gestions\/adolescents-suicidaires-un-dispositif-de-veille-sanitaire\/\" \/>\n<meta property=\"og:site_name\" content=\"Gestions hospitali\u00e8res\" \/>\n<meta property=\"article:publisher\" content=\"https:\/\/www.facebook.com\/gestionshospitalieres\/\" \/>\n<meta property=\"article:published_time\" content=\"2021-10-01T09:13:59+00:00\" \/>\n<meta property=\"article:modified_time\" content=\"2021-10-26T14:08:27+00:00\" \/>\n<meta name=\"author\" content=\"Gestions hospitali\u00e8res\" \/>\n<meta name=\"twitter:card\" content=\"summary_large_image\" \/>\n<meta name=\"twitter:creator\" content=\"@revue_GH\" \/>\n<meta name=\"twitter:site\" content=\"@revue_GH\" \/>\n<meta name=\"twitter:label1\" content=\"\u00c9crit par\" \/>\n\t<meta name=\"twitter:data1\" content=\"Gestions hospitali\u00e8res\" \/>\n\t<meta name=\"twitter:label2\" content=\"Dur\u00e9e de lecture estim\u00e9e\" \/>\n\t<meta name=\"twitter:data2\" content=\"15 minutes\" \/>\n<script type=\"application\/ld+json\" class=\"yoast-schema-graph\">{\"@context\":\"https:\/\/schema.org\",\"@graph\":[{\"@type\":\"Article\",\"@id\":\"https:\/\/www.ricom-web8.com\/gestions\/adolescents-suicidaires-un-dispositif-de-veille-sanitaire\/#article\",\"isPartOf\":{\"@id\":\"https:\/\/www.ricom-web8.com\/gestions\/adolescents-suicidaires-un-dispositif-de-veille-sanitaire\/\"},\"author\":{\"name\":\"Gestions hospitali\u00e8res\",\"@id\":\"https:\/\/www.ricom-web8.com\/gestions\/#\/schema\/person\/3ba9fe913190dfe9507feb621e902c1f\"},\"headline\":\"Adolescents suicidaires\u2009: un dispositif de veille sanitaire\",\"datePublished\":\"2021-10-01T09:13:59+00:00\",\"dateModified\":\"2021-10-26T14:08:27+00:00\",\"mainEntityOfPage\":{\"@id\":\"https:\/\/www.ricom-web8.com\/gestions\/adolescents-suicidaires-un-dispositif-de-veille-sanitaire\/\"},\"wordCount\":2931,\"commentCount\":0,\"publisher\":{\"@id\":\"https:\/\/www.ricom-web8.com\/gestions\/#organization\"},\"keywords\":[\"adolescence\",\"CH Cannes-Grasse\",\"DVS\",\"psychiatrie\",\"rappel t\u00e9l\u00e9phonique\",\"risque suicidaire\",\"suicide\"],\"articleSection\":[\"exp\u00e9rience\",\"Gestions Hospitali\u00e8res\"],\"inLanguage\":\"fr-FR\",\"potentialAction\":[{\"@type\":\"CommentAction\",\"name\":\"Comment\",\"target\":[\"https:\/\/www.ricom-web8.com\/gestions\/adolescents-suicidaires-un-dispositif-de-veille-sanitaire\/#respond\"]}]},{\"@type\":\"WebPage\",\"@id\":\"https:\/\/www.ricom-web8.com\/gestions\/adolescents-suicidaires-un-dispositif-de-veille-sanitaire\/\",\"url\":\"https:\/\/www.ricom-web8.com\/gestions\/adolescents-suicidaires-un-dispositif-de-veille-sanitaire\/\",\"name\":\"Adolescents suicidaires\u2009: un dispositif de veille sanitaire - Gestions hospitali\u00e8res\",\"isPartOf\":{\"@id\":\"https:\/\/www.ricom-web8.com\/gestions\/#website\"},\"datePublished\":\"2021-10-01T09:13:59+00:00\",\"dateModified\":\"2021-10-26T14:08:27+00:00\",\"breadcrumb\":{\"@id\":\"https:\/\/www.ricom-web8.com\/gestions\/adolescents-suicidaires-un-dispositif-de-veille-sanitaire\/#breadcrumb\"},\"inLanguage\":\"fr-FR\",\"potentialAction\":[{\"@type\":\"ReadAction\",\"target\":[\"https:\/\/www.ricom-web8.com\/gestions\/adolescents-suicidaires-un-dispositif-de-veille-sanitaire\/\"]}]},{\"@type\":\"BreadcrumbList\",\"@id\":\"https:\/\/www.ricom-web8.com\/gestions\/adolescents-suicidaires-un-dispositif-de-veille-sanitaire\/#breadcrumb\",\"itemListElement\":[{\"@type\":\"ListItem\",\"position\":1,\"name\":\"Accueil\",\"item\":\"https:\/\/www.ricom-web8.com\/gestions\/\"},{\"@type\":\"ListItem\",\"position\":2,\"name\":\"Adolescents suicidaires\u2009: un dispositif de veille sanitaire\"}]},{\"@type\":\"WebSite\",\"@id\":\"https:\/\/www.ricom-web8.com\/gestions\/#website\",\"url\":\"https:\/\/www.ricom-web8.com\/gestions\/\",\"name\":\"Gestions hospitali\u00e8res\",\"description\":\"la revue des d\u00e9cideurs hospitaliers\",\"publisher\":{\"@id\":\"https:\/\/www.ricom-web8.com\/gestions\/#organization\"},\"potentialAction\":[{\"@type\":\"SearchAction\",\"target\":{\"@type\":\"EntryPoint\",\"urlTemplate\":\"https:\/\/www.ricom-web8.com\/gestions\/?s={search_term_string}\"},\"query-input\":{\"@type\":\"PropertyValueSpecification\",\"valueRequired\":true,\"valueName\":\"search_term_string\"}}],\"inLanguage\":\"fr-FR\"},{\"@type\":\"Organization\",\"@id\":\"https:\/\/www.ricom-web8.com\/gestions\/#organization\",\"name\":\"Gestions hospitali\u00e8res\",\"url\":\"https:\/\/www.ricom-web8.com\/gestions\/\",\"logo\":{\"@type\":\"ImageObject\",\"inLanguage\":\"fr-FR\",\"@id\":\"https:\/\/www.ricom-web8.com\/gestions\/#\/schema\/logo\/image\/\",\"url\":\"https:\/\/gestions-hospitalieres.fr\/wp-content\/uploads\/2017\/02\/picto_Gif-GH-trans.png\",\"contentUrl\":\"https:\/\/gestions-hospitalieres.fr\/wp-content\/uploads\/2017\/02\/picto_Gif-GH-trans.png\",\"width\":512,\"height\":512,\"caption\":\"Gestions hospitali\u00e8res\"},\"image\":{\"@id\":\"https:\/\/www.ricom-web8.com\/gestions\/#\/schema\/logo\/image\/\"},\"sameAs\":[\"https:\/\/www.facebook.com\/gestionshospitalieres\/\",\"https:\/\/x.com\/revue_GH\",\"https:\/\/www.linkedin.com\/company\/gestions-hospitalieres?trk=top_nav_home\"]},{\"@type\":\"Person\",\"@id\":\"https:\/\/www.ricom-web8.com\/gestions\/#\/schema\/person\/3ba9fe913190dfe9507feb621e902c1f\",\"name\":\"Gestions hospitali\u00e8res\",\"image\":{\"@type\":\"ImageObject\",\"inLanguage\":\"fr-FR\",\"@id\":\"https:\/\/www.ricom-web8.com\/gestions\/#\/schema\/person\/image\/\",\"url\":\"https:\/\/secure.gravatar.com\/avatar\/1a0d93e6db5dbe7dac96bae4757d256f?s=96&d=mm&r=g\",\"contentUrl\":\"https:\/\/secure.gravatar.com\/avatar\/1a0d93e6db5dbe7dac96bae4757d256f?s=96&d=mm&r=g\",\"caption\":\"Gestions hospitali\u00e8res\"},\"url\":\"https:\/\/www.ricom-web8.com\/gestions\/author\/benjamin\/\"}]}<\/script>\n<!-- \/ Yoast SEO plugin. -->","yoast_head_json":{"title":"Adolescents suicidaires\u2009: un dispositif de veille sanitaire - Gestions hospitali\u00e8res","robots":{"index":"index","follow":"follow","max-snippet":"max-snippet:-1","max-image-preview":"max-image-preview:large","max-video-preview":"max-video-preview:-1"},"canonical":"https:\/\/www.ricom-web8.com\/gestions\/adolescents-suicidaires-un-dispositif-de-veille-sanitaire\/","og_locale":"fr_FR","og_type":"article","og_title":"Adolescents suicidaires\u2009: un dispositif de veille sanitaire - Gestions hospitali\u00e8res","og_description":"L\u2019int\u00e9r\u00eat que nous portons depuis de nombreuses ann\u00e9es \u00e0 la question de la pr\u00e9vention du risque suicidaire ne s\u2019est qu\u2019amplifi\u00e9 avec les constats qui ont pu \u00eatre r\u00e9v\u00e9l\u00e9s sur cette probl\u00e9matique devenue de sant\u00e9 publique. En effet, les passages \u00e0 l\u2019acte suicidaires et les suicides constituent un enjeu majeur de sant\u00e9 publique par leur importance, leur impact et leurs cons\u00e9quences. Ainsi, \u00ab\u2009en France, un adolescent sur dix a fait une&hellip;","og_url":"https:\/\/www.ricom-web8.com\/gestions\/adolescents-suicidaires-un-dispositif-de-veille-sanitaire\/","og_site_name":"Gestions hospitali\u00e8res","article_publisher":"https:\/\/www.facebook.com\/gestionshospitalieres\/","article_published_time":"2021-10-01T09:13:59+00:00","article_modified_time":"2021-10-26T14:08:27+00:00","author":"Gestions hospitali\u00e8res","twitter_card":"summary_large_image","twitter_creator":"@revue_GH","twitter_site":"@revue_GH","twitter_misc":{"\u00c9crit par":"Gestions hospitali\u00e8res","Dur\u00e9e de lecture estim\u00e9e":"15 minutes"},"schema":{"@context":"https:\/\/schema.org","@graph":[{"@type":"Article","@id":"https:\/\/www.ricom-web8.com\/gestions\/adolescents-suicidaires-un-dispositif-de-veille-sanitaire\/#article","isPartOf":{"@id":"https:\/\/www.ricom-web8.com\/gestions\/adolescents-suicidaires-un-dispositif-de-veille-sanitaire\/"},"author":{"name":"Gestions hospitali\u00e8res","@id":"https:\/\/www.ricom-web8.com\/gestions\/#\/schema\/person\/3ba9fe913190dfe9507feb621e902c1f"},"headline":"Adolescents suicidaires\u2009: un dispositif de veille sanitaire","datePublished":"2021-10-01T09:13:59+00:00","dateModified":"2021-10-26T14:08:27+00:00","mainEntityOfPage":{"@id":"https:\/\/www.ricom-web8.com\/gestions\/adolescents-suicidaires-un-dispositif-de-veille-sanitaire\/"},"wordCount":2931,"commentCount":0,"publisher":{"@id":"https:\/\/www.ricom-web8.com\/gestions\/#organization"},"keywords":["adolescence","CH Cannes-Grasse","DVS","psychiatrie","rappel t\u00e9l\u00e9phonique","risque suicidaire","suicide"],"articleSection":["exp\u00e9rience","Gestions Hospitali\u00e8res"],"inLanguage":"fr-FR","potentialAction":[{"@type":"CommentAction","name":"Comment","target":["https:\/\/www.ricom-web8.com\/gestions\/adolescents-suicidaires-un-dispositif-de-veille-sanitaire\/#respond"]}]},{"@type":"WebPage","@id":"https:\/\/www.ricom-web8.com\/gestions\/adolescents-suicidaires-un-dispositif-de-veille-sanitaire\/","url":"https:\/\/www.ricom-web8.com\/gestions\/adolescents-suicidaires-un-dispositif-de-veille-sanitaire\/","name":"Adolescents suicidaires\u2009: un dispositif de veille sanitaire - Gestions hospitali\u00e8res","isPartOf":{"@id":"https:\/\/www.ricom-web8.com\/gestions\/#website"},"datePublished":"2021-10-01T09:13:59+00:00","dateModified":"2021-10-26T14:08:27+00:00","breadcrumb":{"@id":"https:\/\/www.ricom-web8.com\/gestions\/adolescents-suicidaires-un-dispositif-de-veille-sanitaire\/#breadcrumb"},"inLanguage":"fr-FR","potentialAction":[{"@type":"ReadAction","target":["https:\/\/www.ricom-web8.com\/gestions\/adolescents-suicidaires-un-dispositif-de-veille-sanitaire\/"]}]},{"@type":"BreadcrumbList","@id":"https:\/\/www.ricom-web8.com\/gestions\/adolescents-suicidaires-un-dispositif-de-veille-sanitaire\/#breadcrumb","itemListElement":[{"@type":"ListItem","position":1,"name":"Accueil","item":"https:\/\/www.ricom-web8.com\/gestions\/"},{"@type":"ListItem","position":2,"name":"Adolescents suicidaires\u2009: un dispositif de veille sanitaire"}]},{"@type":"WebSite","@id":"https:\/\/www.ricom-web8.com\/gestions\/#website","url":"https:\/\/www.ricom-web8.com\/gestions\/","name":"Gestions hospitali\u00e8res","description":"la revue des d\u00e9cideurs hospitaliers","publisher":{"@id":"https:\/\/www.ricom-web8.com\/gestions\/#organization"},"potentialAction":[{"@type":"SearchAction","target":{"@type":"EntryPoint","urlTemplate":"https:\/\/www.ricom-web8.com\/gestions\/?s={search_term_string}"},"query-input":{"@type":"PropertyValueSpecification","valueRequired":true,"valueName":"search_term_string"}}],"inLanguage":"fr-FR"},{"@type":"Organization","@id":"https:\/\/www.ricom-web8.com\/gestions\/#organization","name":"Gestions hospitali\u00e8res","url":"https:\/\/www.ricom-web8.com\/gestions\/","logo":{"@type":"ImageObject","inLanguage":"fr-FR","@id":"https:\/\/www.ricom-web8.com\/gestions\/#\/schema\/logo\/image\/","url":"https:\/\/gestions-hospitalieres.fr\/wp-content\/uploads\/2017\/02\/picto_Gif-GH-trans.png","contentUrl":"https:\/\/gestions-hospitalieres.fr\/wp-content\/uploads\/2017\/02\/picto_Gif-GH-trans.png","width":512,"height":512,"caption":"Gestions hospitali\u00e8res"},"image":{"@id":"https:\/\/www.ricom-web8.com\/gestions\/#\/schema\/logo\/image\/"},"sameAs":["https:\/\/www.facebook.com\/gestionshospitalieres\/","https:\/\/x.com\/revue_GH","https:\/\/www.linkedin.com\/company\/gestions-hospitalieres?trk=top_nav_home"]},{"@type":"Person","@id":"https:\/\/www.ricom-web8.com\/gestions\/#\/schema\/person\/3ba9fe913190dfe9507feb621e902c1f","name":"Gestions hospitali\u00e8res","image":{"@type":"ImageObject","inLanguage":"fr-FR","@id":"https:\/\/www.ricom-web8.com\/gestions\/#\/schema\/person\/image\/","url":"https:\/\/secure.gravatar.com\/avatar\/1a0d93e6db5dbe7dac96bae4757d256f?s=96&d=mm&r=g","contentUrl":"https:\/\/secure.gravatar.com\/avatar\/1a0d93e6db5dbe7dac96bae4757d256f?s=96&d=mm&r=g","caption":"Gestions hospitali\u00e8res"},"url":"https:\/\/www.ricom-web8.com\/gestions\/author\/benjamin\/"}]}},"_links":{"self":[{"href":"https:\/\/www.ricom-web8.com\/gestions\/wp-json\/wp\/v2\/posts\/43844","targetHints":{"allow":["GET"]}}],"collection":[{"href":"https:\/\/www.ricom-web8.com\/gestions\/wp-json\/wp\/v2\/posts"}],"about":[{"href":"https:\/\/www.ricom-web8.com\/gestions\/wp-json\/wp\/v2\/types\/post"}],"author":[{"embeddable":true,"href":"https:\/\/www.ricom-web8.com\/gestions\/wp-json\/wp\/v2\/users\/23133"}],"replies":[{"embeddable":true,"href":"https:\/\/www.ricom-web8.com\/gestions\/wp-json\/wp\/v2\/comments?post=43844"}],"version-history":[{"count":0,"href":"https:\/\/www.ricom-web8.com\/gestions\/wp-json\/wp\/v2\/posts\/43844\/revisions"}],"wp:attachment":[{"href":"https:\/\/www.ricom-web8.com\/gestions\/wp-json\/wp\/v2\/media?parent=43844"}],"wp:term":[{"taxonomy":"category","embeddable":true,"href":"https:\/\/www.ricom-web8.com\/gestions\/wp-json\/wp\/v2\/categories?post=43844"},{"taxonomy":"post_tag","embeddable":true,"href":"https:\/\/www.ricom-web8.com\/gestions\/wp-json\/wp\/v2\/tags?post=43844"}],"curies":[{"name":"wp","href":"https:\/\/api.w.org\/{rel}","templated":true}]}}