

{"id":44281,"date":"2022-01-01T15:52:48","date_gmt":"2022-01-01T14:52:48","guid":{"rendered":"https:\/\/gestions-hospitalieres.fr\/?p=44281"},"modified":"2022-02-01T15:51:39","modified_gmt":"2022-02-01T14:51:39","slug":"trois-textes-courts-sur-lair-du-temps","status":"publish","type":"post","link":"https:\/\/www.ricom-web8.com\/gestions\/trois-textes-courts-sur-lair-du-temps\/","title":{"rendered":"Trois textes courts, sur l\u2019air du temps"},"content":{"rendered":"<span class=\"span-reading-time rt-reading-time\" style=\"display: block;\"><span class=\"rt-label rt-prefix\">Temps de lecture\u00a0: <\/span> <span class=\"rt-time\"> 3<\/span> <span class=\"rt-label rt-postfix\">minutes<\/span><\/span><p>Dans ce patchwork litt\u00e9raire, citons <b>Mon individualisme<\/b> de Natsum\u00e9 S\u00f6seki, auteur japonais du d\u00e9but du xx<sup>e<\/sup> si\u00e8cle. Les \u00e9ditions Rivages \u00e9ditent une de ses conf\u00e9rences, prononc\u00e9e \u00e0 l\u2019\u00e9cole des Pairs en 1914. Pour celles et ceux, lass\u00e9s des phrases rapides sur \u00ab\u2009la soci\u00e9t\u00e9 individualiste\u2009\u00bb, l\u2019auteur nuan\u00e7ait d\u00e9j\u00e0 en 1914, expliquant que l\u2019individualisme, au sens de l\u2019accomplissement de soi, est indispensable. Il d\u00e9clarait ainsi aux \u00e9tudiants\u2009: \u00ab\u2009Vous avez encore en vous quelque chose d\u2019inaccompli, d\u2019inabouti, d\u2019ind\u00e9termin\u00e9\u2009: si vous conservez ainsi un esprit de mollusque et restez \u00e0 r\u00eavasser, je pense que votre malaise sera \u00e0 son comble. Tant mieux si vous n\u2019\u00e9prouvez aucun malaise ou que vous l\u2019avez d\u00e9j\u00e0 surmont\u00e9. Pour ma part, je n\u2019ai pu le conjurer qu\u2019au terme de mes \u00e9tudes, une fois la trentaine pass\u00e9e.\u2009\u00bb Et pr\u00e9cisait que si l\u2019individualisme est la base du bonheur individuel, il s\u2019accompagnait de trois principes\u2009: \u00ab\u2009Je r\u00e9sume mes propos\u2009: premi\u00e8rement, pour \u00e9panouir sa propre personnalit\u00e9, il faut respecter en m\u00eame temps celle d\u2019autrui\u2009; deuxi\u00e8mement, pour faire usage du pouvoir dont on dispose, il faut \u00eatre conscient des devoirs qui l\u2019accompagnent\u2009; troisi\u00e8mement, pour faire montre de sa puissance p\u00e9cuniaire, il faut faire grand cas des responsabilit\u00e9s qui lui sont li\u00e9es. Tout se r\u00e9duit \u00e0 ces trois principes.\u2009\u00bb<\/p>\n<p>Murat, historienne, signe aux \u00e9ditions du Seuil une br\u00e8ve r\u00e9flexion, <b>Qui annule quoi\u2009?<\/b>, sur le th\u00e8me de la <i>cancel<\/i> culture. Pour celles et ceux qui, comme moi, n\u2019ont qu\u2019une connaissance lointaine du sujet, sans <i>a priori<\/i>, elle nous explique que \u00ab\u2009la cancel culture est donc avant tout un mode d\u2019expression et de protestation, compos\u00e9 de discours et d\u2019actions concert\u00e9es relevant de droits politiques\u2009\u00bb. En illustrant son propos sur l\u2019histoire (des statuts, du mouvement), elle s\u2019interroge\u2009: \u00ab\u2009Quel est le sens de la monumentalit\u00e9 aujourd\u2019hui\u2009? Et de la monumentalit\u00e9 personnifi\u00e9e\u2009? Qu\u2019implique-t-elle en termes de hi\u00e9rarchie, d\u2019\u00e9chelle et de culte\u2009?\u2009\u00bb Le but n\u2019est pas de nous dire quoi penser mais, avant de se prononcer, de penser. \u00ab\u2009Ce n\u2019est pas le moindre m\u00e9rite de la <i>cancel<\/i> culture d\u2019alimenter le d\u00e9bat, d\u2019interroger l\u2019histoire officielle jusque dans ses d\u00e9nis et ses r\u00e9manences, d\u2019en contester la hi\u00e9rarchie et d\u2019inciter \u00e0 une plus grande lucidit\u00e9, afin de comprendre de quoi hier et demain seront faits.\u2009\u00bb<\/p>\n<p>Pour nous \u00e9loigner de la th\u00e9matique sanitaire qui nous occupe depuis presque deux ans, voici <b>Voyage au bout de l\u2019enfance<\/b>, de Rachid Benzine. Apr\u00e8s l\u2019\u00e9mouvant <i>Ainsi parlait ma m\u00e8re<\/i> paru en 2020, l\u2019auteur se fait narrateur du jeune Fabien dont les parents fuient Sarcelles pour rejoindre la Syrie. De l\u2019\u00e9cole islamique aux massacres qu\u2019il est contraint de regarder, des camps de r\u00e9fugi\u00e9s aux interrogatoires, Fabien, avec la tendre na\u00efvet\u00e9 de l\u2019enfance, nous rappelle que le monde des adultes ne s\u2019est pas arr\u00eat\u00e9 uniform\u00e9ment sur la plan\u00e8te.<\/p>\n<p><img decoding=\"async\" class=\"alignleft wp-image-44282 size-medium\" src=\"https:\/\/gestions-hospitalieres.fr\/wp-content\/uploads\/2022\/01\/1_mon-individualisme-194x300.jpg\" alt=\"\" width=\"194\" height=\"300\" srcset=\"https:\/\/www.ricom-web8.com\/gestions\/wp-content\/uploads\/2022\/01\/1_mon-individualisme-194x300.jpg 194w, https:\/\/www.ricom-web8.com\/gestions\/wp-content\/uploads\/2022\/01\/1_mon-individualisme-664x1024.jpg 664w, https:\/\/www.ricom-web8.com\/gestions\/wp-content\/uploads\/2022\/01\/1_mon-individualisme.jpg 648w\" sizes=\"(max-width: 194px) 100vw, 194px\" \/><\/p>\n<p>&nbsp;<\/p>\n<p>&nbsp;<\/p>\n<p>&nbsp;<\/p>\n<p>&nbsp;<\/p>\n<p>&nbsp;<\/p>\n<p>&nbsp;<\/p>\n<p>&nbsp;<\/p>\n<p>&nbsp;<\/p>\n<p><img decoding=\"async\" class=\"alignnone wp-image-44283 size-medium\" src=\"https:\/\/gestions-hospitalieres.fr\/wp-content\/uploads\/2022\/01\/Qui-annule-quoi--221x300.png\" alt=\"\" width=\"221\" height=\"300\" srcset=\"https:\/\/www.ricom-web8.com\/gestions\/wp-content\/uploads\/2022\/01\/Qui-annule-quoi--221x300.png 221w, https:\/\/www.ricom-web8.com\/gestions\/wp-content\/uploads\/2022\/01\/Qui-annule-quoi--753x1024.png 753w, https:\/\/www.ricom-web8.com\/gestions\/wp-content\/uploads\/2022\/01\/Qui-annule-quoi--768x1045.png 768w, https:\/\/www.ricom-web8.com\/gestions\/wp-content\/uploads\/2022\/01\/Qui-annule-quoi-.png 882w\" sizes=\"(max-width: 221px) 100vw, 221px\" \/><\/p>\n<p><img decoding=\"async\" class=\"alignnone wp-image-44284 size-medium\" src=\"https:\/\/gestions-hospitalieres.fr\/wp-content\/uploads\/2022\/01\/Voyage-au-bout-de-l\u2019enfance-211x300.jpg\" alt=\"\" width=\"211\" height=\"300\" srcset=\"https:\/\/www.ricom-web8.com\/gestions\/wp-content\/uploads\/2022\/01\/Voyage-au-bout-de-l\u2019enfance-211x300.jpg 211w, https:\/\/www.ricom-web8.com\/gestions\/wp-content\/uploads\/2022\/01\/Voyage-au-bout-de-l\u2019enfance-719x1024.jpg 719w, https:\/\/www.ricom-web8.com\/gestions\/wp-content\/uploads\/2022\/01\/Voyage-au-bout-de-l\u2019enfance-768x1093.jpg 768w, https:\/\/www.ricom-web8.com\/gestions\/wp-content\/uploads\/2022\/01\/Voyage-au-bout-de-l\u2019enfance-1079x1536.jpg 1079w, https:\/\/www.ricom-web8.com\/gestions\/wp-content\/uploads\/2022\/01\/Voyage-au-bout-de-l\u2019enfance.jpg 703w\" sizes=\"(max-width: 211px) 100vw, 211px\" \/><\/p>\n<script>function PlayerjsAsync(){} if(window[\"Playerjs\"]){PlayerjsAsync();}<\/script>","protected":false},"excerpt":{"rendered":"<p><span class=\"span-reading-time rt-reading-time\" style=\"display: block;\"><span class=\"rt-label rt-prefix\">Temps de lecture\u00a0: <\/span> <span class=\"rt-time\"> 3<\/span> <span class=\"rt-label rt-postfix\">minutes<\/span><\/span>Dans ce patchwork litt\u00e9raire, citons Mon individualisme de Natsum\u00e9 S\u00f6seki, auteur japonais du d\u00e9but du xxe si\u00e8cle. Les \u00e9ditions Rivages \u00e9ditent une de ses conf\u00e9rences, prononc\u00e9e \u00e0 l\u2019\u00e9cole des Pairs en 1914. Pour celles et ceux, lass\u00e9s des phrases rapides sur \u00ab\u2009la soci\u00e9t\u00e9 individualiste\u2009\u00bb, l\u2019auteur nuan\u00e7ait d\u00e9j\u00e0 en 1914, expliquant que l\u2019individualisme, au sens de l\u2019accomplissement de soi, est indispensable. Il d\u00e9clarait ainsi aux \u00e9tudiants\u2009: \u00ab\u2009Vous avez encore en vous&hellip; <\/p>\n","protected":false},"author":23133,"featured_media":0,"comment_status":"open","ping_status":"closed","sticky":false,"template":"","format":"standard","meta":{"_acf_changed":false,"_relevanssi_hide_post":"","_relevanssi_hide_content":"","_relevanssi_pin_for_all":"","_relevanssi_pin_keywords":"","_relevanssi_unpin_keywords":"","_relevanssi_related_keywords":"","_relevanssi_related_include_ids":"","_relevanssi_related_exclude_ids":"","_relevanssi_related_no_append":"","_relevanssi_related_not_related":"","_relevanssi_related_posts":"","_relevanssi_noindex_reason":"","footnotes":""},"categories":[2,6515],"tags":[],"class_list":["post-44281","post","type-post","status-publish","format-standard","hentry","category-gestions-hospitalieres","category-livres"],"acf":[],"yoast_head":"<!-- This site is optimized with the Yoast SEO plugin v24.8.1 - https:\/\/yoast.com\/wordpress\/plugins\/seo\/ -->\n<title>Trois textes courts, sur l\u2019air du temps - Gestions hospitali\u00e8res<\/title>\n<meta name=\"robots\" content=\"index, follow, max-snippet:-1, max-image-preview:large, max-video-preview:-1\" \/>\n<link rel=\"canonical\" href=\"https:\/\/www.ricom-web8.com\/gestions\/trois-textes-courts-sur-lair-du-temps\/\" \/>\n<meta property=\"og:locale\" content=\"fr_FR\" \/>\n<meta property=\"og:type\" content=\"article\" \/>\n<meta property=\"og:title\" content=\"Trois textes courts, sur l\u2019air du temps - Gestions hospitali\u00e8res\" \/>\n<meta property=\"og:description\" content=\"Temps de lecture\u00a0:  3 minutesDans ce patchwork litt\u00e9raire, citons Mon individualisme de Natsum\u00e9 S\u00f6seki, auteur japonais du d\u00e9but du xxe si\u00e8cle. Les \u00e9ditions Rivages \u00e9ditent une de ses conf\u00e9rences, prononc\u00e9e \u00e0 l\u2019\u00e9cole des Pairs en 1914. Pour celles et ceux, lass\u00e9s des phrases rapides sur \u00ab\u2009la soci\u00e9t\u00e9 individualiste\u2009\u00bb, l\u2019auteur nuan\u00e7ait d\u00e9j\u00e0 en 1914, expliquant que l\u2019individualisme, au sens de l\u2019accomplissement de soi, est indispensable. Il d\u00e9clarait ainsi aux \u00e9tudiants\u2009: \u00ab\u2009Vous avez encore en vous&hellip;\" \/>\n<meta property=\"og:url\" content=\"https:\/\/www.ricom-web8.com\/gestions\/trois-textes-courts-sur-lair-du-temps\/\" \/>\n<meta property=\"og:site_name\" content=\"Gestions hospitali\u00e8res\" \/>\n<meta property=\"article:publisher\" content=\"https:\/\/www.facebook.com\/gestionshospitalieres\/\" \/>\n<meta property=\"article:published_time\" content=\"2022-01-01T14:52:48+00:00\" \/>\n<meta property=\"article:modified_time\" content=\"2022-02-01T14:51:39+00:00\" \/>\n<meta property=\"og:image\" content=\"https:\/\/gestions-hospitalieres.fr\/wp-content\/uploads\/2022\/01\/1_mon-individualisme-194x300.jpg\" \/>\n<meta name=\"author\" content=\"Gestions hospitali\u00e8res\" \/>\n<meta name=\"twitter:card\" content=\"summary_large_image\" \/>\n<meta name=\"twitter:creator\" content=\"@revue_GH\" \/>\n<meta name=\"twitter:site\" content=\"@revue_GH\" \/>\n<meta name=\"twitter:label1\" content=\"\u00c9crit par\" \/>\n\t<meta name=\"twitter:data1\" content=\"Gestions hospitali\u00e8res\" \/>\n\t<meta name=\"twitter:label2\" content=\"Dur\u00e9e de lecture estim\u00e9e\" \/>\n\t<meta name=\"twitter:data2\" content=\"3 minutes\" \/>\n<script type=\"application\/ld+json\" class=\"yoast-schema-graph\">{\"@context\":\"https:\/\/schema.org\",\"@graph\":[{\"@type\":\"Article\",\"@id\":\"https:\/\/www.ricom-web8.com\/gestions\/trois-textes-courts-sur-lair-du-temps\/#article\",\"isPartOf\":{\"@id\":\"https:\/\/www.ricom-web8.com\/gestions\/trois-textes-courts-sur-lair-du-temps\/\"},\"author\":{\"name\":\"Gestions hospitali\u00e8res\",\"@id\":\"https:\/\/www.ricom-web8.com\/gestions\/#\/schema\/person\/3ba9fe913190dfe9507feb621e902c1f\"},\"headline\":\"Trois textes courts, sur l\u2019air du temps\",\"datePublished\":\"2022-01-01T14:52:48+00:00\",\"dateModified\":\"2022-02-01T14:51:39+00:00\",\"mainEntityOfPage\":{\"@id\":\"https:\/\/www.ricom-web8.com\/gestions\/trois-textes-courts-sur-lair-du-temps\/\"},\"wordCount\":538,\"commentCount\":0,\"publisher\":{\"@id\":\"https:\/\/www.ricom-web8.com\/gestions\/#organization\"},\"image\":{\"@id\":\"https:\/\/www.ricom-web8.com\/gestions\/trois-textes-courts-sur-lair-du-temps\/#primaryimage\"},\"thumbnailUrl\":\"https:\/\/gestions-hospitalieres.fr\/wp-content\/uploads\/2022\/01\/1_mon-individualisme-194x300.jpg\",\"articleSection\":[\"Gestions Hospitali\u00e8res\",\"livres\"],\"inLanguage\":\"fr-FR\",\"potentialAction\":[{\"@type\":\"CommentAction\",\"name\":\"Comment\",\"target\":[\"https:\/\/www.ricom-web8.com\/gestions\/trois-textes-courts-sur-lair-du-temps\/#respond\"]}]},{\"@type\":\"WebPage\",\"@id\":\"https:\/\/www.ricom-web8.com\/gestions\/trois-textes-courts-sur-lair-du-temps\/\",\"url\":\"https:\/\/www.ricom-web8.com\/gestions\/trois-textes-courts-sur-lair-du-temps\/\",\"name\":\"Trois textes courts, sur l\u2019air du temps - Gestions hospitali\u00e8res\",\"isPartOf\":{\"@id\":\"https:\/\/www.ricom-web8.com\/gestions\/#website\"},\"primaryImageOfPage\":{\"@id\":\"https:\/\/www.ricom-web8.com\/gestions\/trois-textes-courts-sur-lair-du-temps\/#primaryimage\"},\"image\":{\"@id\":\"https:\/\/www.ricom-web8.com\/gestions\/trois-textes-courts-sur-lair-du-temps\/#primaryimage\"},\"thumbnailUrl\":\"https:\/\/gestions-hospitalieres.fr\/wp-content\/uploads\/2022\/01\/1_mon-individualisme-194x300.jpg\",\"datePublished\":\"2022-01-01T14:52:48+00:00\",\"dateModified\":\"2022-02-01T14:51:39+00:00\",\"breadcrumb\":{\"@id\":\"https:\/\/www.ricom-web8.com\/gestions\/trois-textes-courts-sur-lair-du-temps\/#breadcrumb\"},\"inLanguage\":\"fr-FR\",\"potentialAction\":[{\"@type\":\"ReadAction\",\"target\":[\"https:\/\/www.ricom-web8.com\/gestions\/trois-textes-courts-sur-lair-du-temps\/\"]}]},{\"@type\":\"ImageObject\",\"inLanguage\":\"fr-FR\",\"@id\":\"https:\/\/www.ricom-web8.com\/gestions\/trois-textes-courts-sur-lair-du-temps\/#primaryimage\",\"url\":\"https:\/\/gestions-hospitalieres.fr\/wp-content\/uploads\/2022\/01\/1_mon-individualisme-194x300.jpg\",\"contentUrl\":\"https:\/\/gestions-hospitalieres.fr\/wp-content\/uploads\/2022\/01\/1_mon-individualisme-194x300.jpg\"},{\"@type\":\"BreadcrumbList\",\"@id\":\"https:\/\/www.ricom-web8.com\/gestions\/trois-textes-courts-sur-lair-du-temps\/#breadcrumb\",\"itemListElement\":[{\"@type\":\"ListItem\",\"position\":1,\"name\":\"Accueil\",\"item\":\"https:\/\/www.ricom-web8.com\/gestions\/\"},{\"@type\":\"ListItem\",\"position\":2,\"name\":\"Trois textes courts, sur l\u2019air du temps\"}]},{\"@type\":\"WebSite\",\"@id\":\"https:\/\/www.ricom-web8.com\/gestions\/#website\",\"url\":\"https:\/\/www.ricom-web8.com\/gestions\/\",\"name\":\"Gestions hospitali\u00e8res\",\"description\":\"la revue des d\u00e9cideurs hospitaliers\",\"publisher\":{\"@id\":\"https:\/\/www.ricom-web8.com\/gestions\/#organization\"},\"potentialAction\":[{\"@type\":\"SearchAction\",\"target\":{\"@type\":\"EntryPoint\",\"urlTemplate\":\"https:\/\/www.ricom-web8.com\/gestions\/?s={search_term_string}\"},\"query-input\":{\"@type\":\"PropertyValueSpecification\",\"valueRequired\":true,\"valueName\":\"search_term_string\"}}],\"inLanguage\":\"fr-FR\"},{\"@type\":\"Organization\",\"@id\":\"https:\/\/www.ricom-web8.com\/gestions\/#organization\",\"name\":\"Gestions hospitali\u00e8res\",\"url\":\"https:\/\/www.ricom-web8.com\/gestions\/\",\"logo\":{\"@type\":\"ImageObject\",\"inLanguage\":\"fr-FR\",\"@id\":\"https:\/\/www.ricom-web8.com\/gestions\/#\/schema\/logo\/image\/\",\"url\":\"https:\/\/gestions-hospitalieres.fr\/wp-content\/uploads\/2017\/02\/picto_Gif-GH-trans.png\",\"contentUrl\":\"https:\/\/gestions-hospitalieres.fr\/wp-content\/uploads\/2017\/02\/picto_Gif-GH-trans.png\",\"width\":512,\"height\":512,\"caption\":\"Gestions hospitali\u00e8res\"},\"image\":{\"@id\":\"https:\/\/www.ricom-web8.com\/gestions\/#\/schema\/logo\/image\/\"},\"sameAs\":[\"https:\/\/www.facebook.com\/gestionshospitalieres\/\",\"https:\/\/x.com\/revue_GH\",\"https:\/\/www.linkedin.com\/company\/gestions-hospitalieres?trk=top_nav_home\"]},{\"@type\":\"Person\",\"@id\":\"https:\/\/www.ricom-web8.com\/gestions\/#\/schema\/person\/3ba9fe913190dfe9507feb621e902c1f\",\"name\":\"Gestions hospitali\u00e8res\",\"image\":{\"@type\":\"ImageObject\",\"inLanguage\":\"fr-FR\",\"@id\":\"https:\/\/www.ricom-web8.com\/gestions\/#\/schema\/person\/image\/\",\"url\":\"https:\/\/secure.gravatar.com\/avatar\/1a0d93e6db5dbe7dac96bae4757d256f?s=96&d=mm&r=g\",\"contentUrl\":\"https:\/\/secure.gravatar.com\/avatar\/1a0d93e6db5dbe7dac96bae4757d256f?s=96&d=mm&r=g\",\"caption\":\"Gestions hospitali\u00e8res\"},\"url\":\"https:\/\/www.ricom-web8.com\/gestions\/author\/benjamin\/\"}]}<\/script>\n<!-- \/ Yoast SEO plugin. -->","yoast_head_json":{"title":"Trois textes courts, sur l\u2019air du temps - Gestions hospitali\u00e8res","robots":{"index":"index","follow":"follow","max-snippet":"max-snippet:-1","max-image-preview":"max-image-preview:large","max-video-preview":"max-video-preview:-1"},"canonical":"https:\/\/www.ricom-web8.com\/gestions\/trois-textes-courts-sur-lair-du-temps\/","og_locale":"fr_FR","og_type":"article","og_title":"Trois textes courts, sur l\u2019air du temps - Gestions hospitali\u00e8res","og_description":"Temps de lecture\u00a0:  3 minutesDans ce patchwork litt\u00e9raire, citons Mon individualisme de Natsum\u00e9 S\u00f6seki, auteur japonais du d\u00e9but du xxe si\u00e8cle. Les \u00e9ditions Rivages \u00e9ditent une de ses conf\u00e9rences, prononc\u00e9e \u00e0 l\u2019\u00e9cole des Pairs en 1914. Pour celles et ceux, lass\u00e9s des phrases rapides sur \u00ab\u2009la soci\u00e9t\u00e9 individualiste\u2009\u00bb, l\u2019auteur nuan\u00e7ait d\u00e9j\u00e0 en 1914, expliquant que l\u2019individualisme, au sens de l\u2019accomplissement de soi, est indispensable. Il d\u00e9clarait ainsi aux \u00e9tudiants\u2009: \u00ab\u2009Vous avez encore en vous&hellip;","og_url":"https:\/\/www.ricom-web8.com\/gestions\/trois-textes-courts-sur-lair-du-temps\/","og_site_name":"Gestions hospitali\u00e8res","article_publisher":"https:\/\/www.facebook.com\/gestionshospitalieres\/","article_published_time":"2022-01-01T14:52:48+00:00","article_modified_time":"2022-02-01T14:51:39+00:00","og_image":[{"url":"https:\/\/gestions-hospitalieres.fr\/wp-content\/uploads\/2022\/01\/1_mon-individualisme-194x300.jpg","type":"","width":"","height":""}],"author":"Gestions hospitali\u00e8res","twitter_card":"summary_large_image","twitter_creator":"@revue_GH","twitter_site":"@revue_GH","twitter_misc":{"\u00c9crit par":"Gestions hospitali\u00e8res","Dur\u00e9e de lecture estim\u00e9e":"3 minutes"},"schema":{"@context":"https:\/\/schema.org","@graph":[{"@type":"Article","@id":"https:\/\/www.ricom-web8.com\/gestions\/trois-textes-courts-sur-lair-du-temps\/#article","isPartOf":{"@id":"https:\/\/www.ricom-web8.com\/gestions\/trois-textes-courts-sur-lair-du-temps\/"},"author":{"name":"Gestions hospitali\u00e8res","@id":"https:\/\/www.ricom-web8.com\/gestions\/#\/schema\/person\/3ba9fe913190dfe9507feb621e902c1f"},"headline":"Trois textes courts, sur l\u2019air du temps","datePublished":"2022-01-01T14:52:48+00:00","dateModified":"2022-02-01T14:51:39+00:00","mainEntityOfPage":{"@id":"https:\/\/www.ricom-web8.com\/gestions\/trois-textes-courts-sur-lair-du-temps\/"},"wordCount":538,"commentCount":0,"publisher":{"@id":"https:\/\/www.ricom-web8.com\/gestions\/#organization"},"image":{"@id":"https:\/\/www.ricom-web8.com\/gestions\/trois-textes-courts-sur-lair-du-temps\/#primaryimage"},"thumbnailUrl":"https:\/\/gestions-hospitalieres.fr\/wp-content\/uploads\/2022\/01\/1_mon-individualisme-194x300.jpg","articleSection":["Gestions Hospitali\u00e8res","livres"],"inLanguage":"fr-FR","potentialAction":[{"@type":"CommentAction","name":"Comment","target":["https:\/\/www.ricom-web8.com\/gestions\/trois-textes-courts-sur-lair-du-temps\/#respond"]}]},{"@type":"WebPage","@id":"https:\/\/www.ricom-web8.com\/gestions\/trois-textes-courts-sur-lair-du-temps\/","url":"https:\/\/www.ricom-web8.com\/gestions\/trois-textes-courts-sur-lair-du-temps\/","name":"Trois textes courts, sur l\u2019air du temps - Gestions hospitali\u00e8res","isPartOf":{"@id":"https:\/\/www.ricom-web8.com\/gestions\/#website"},"primaryImageOfPage":{"@id":"https:\/\/www.ricom-web8.com\/gestions\/trois-textes-courts-sur-lair-du-temps\/#primaryimage"},"image":{"@id":"https:\/\/www.ricom-web8.com\/gestions\/trois-textes-courts-sur-lair-du-temps\/#primaryimage"},"thumbnailUrl":"https:\/\/gestions-hospitalieres.fr\/wp-content\/uploads\/2022\/01\/1_mon-individualisme-194x300.jpg","datePublished":"2022-01-01T14:52:48+00:00","dateModified":"2022-02-01T14:51:39+00:00","breadcrumb":{"@id":"https:\/\/www.ricom-web8.com\/gestions\/trois-textes-courts-sur-lair-du-temps\/#breadcrumb"},"inLanguage":"fr-FR","potentialAction":[{"@type":"ReadAction","target":["https:\/\/www.ricom-web8.com\/gestions\/trois-textes-courts-sur-lair-du-temps\/"]}]},{"@type":"ImageObject","inLanguage":"fr-FR","@id":"https:\/\/www.ricom-web8.com\/gestions\/trois-textes-courts-sur-lair-du-temps\/#primaryimage","url":"https:\/\/gestions-hospitalieres.fr\/wp-content\/uploads\/2022\/01\/1_mon-individualisme-194x300.jpg","contentUrl":"https:\/\/gestions-hospitalieres.fr\/wp-content\/uploads\/2022\/01\/1_mon-individualisme-194x300.jpg"},{"@type":"BreadcrumbList","@id":"https:\/\/www.ricom-web8.com\/gestions\/trois-textes-courts-sur-lair-du-temps\/#breadcrumb","itemListElement":[{"@type":"ListItem","position":1,"name":"Accueil","item":"https:\/\/www.ricom-web8.com\/gestions\/"},{"@type":"ListItem","position":2,"name":"Trois textes courts, sur l\u2019air du temps"}]},{"@type":"WebSite","@id":"https:\/\/www.ricom-web8.com\/gestions\/#website","url":"https:\/\/www.ricom-web8.com\/gestions\/","name":"Gestions hospitali\u00e8res","description":"la revue des d\u00e9cideurs hospitaliers","publisher":{"@id":"https:\/\/www.ricom-web8.com\/gestions\/#organization"},"potentialAction":[{"@type":"SearchAction","target":{"@type":"EntryPoint","urlTemplate":"https:\/\/www.ricom-web8.com\/gestions\/?s={search_term_string}"},"query-input":{"@type":"PropertyValueSpecification","valueRequired":true,"valueName":"search_term_string"}}],"inLanguage":"fr-FR"},{"@type":"Organization","@id":"https:\/\/www.ricom-web8.com\/gestions\/#organization","name":"Gestions hospitali\u00e8res","url":"https:\/\/www.ricom-web8.com\/gestions\/","logo":{"@type":"ImageObject","inLanguage":"fr-FR","@id":"https:\/\/www.ricom-web8.com\/gestions\/#\/schema\/logo\/image\/","url":"https:\/\/gestions-hospitalieres.fr\/wp-content\/uploads\/2017\/02\/picto_Gif-GH-trans.png","contentUrl":"https:\/\/gestions-hospitalieres.fr\/wp-content\/uploads\/2017\/02\/picto_Gif-GH-trans.png","width":512,"height":512,"caption":"Gestions hospitali\u00e8res"},"image":{"@id":"https:\/\/www.ricom-web8.com\/gestions\/#\/schema\/logo\/image\/"},"sameAs":["https:\/\/www.facebook.com\/gestionshospitalieres\/","https:\/\/x.com\/revue_GH","https:\/\/www.linkedin.com\/company\/gestions-hospitalieres?trk=top_nav_home"]},{"@type":"Person","@id":"https:\/\/www.ricom-web8.com\/gestions\/#\/schema\/person\/3ba9fe913190dfe9507feb621e902c1f","name":"Gestions hospitali\u00e8res","image":{"@type":"ImageObject","inLanguage":"fr-FR","@id":"https:\/\/www.ricom-web8.com\/gestions\/#\/schema\/person\/image\/","url":"https:\/\/secure.gravatar.com\/avatar\/1a0d93e6db5dbe7dac96bae4757d256f?s=96&d=mm&r=g","contentUrl":"https:\/\/secure.gravatar.com\/avatar\/1a0d93e6db5dbe7dac96bae4757d256f?s=96&d=mm&r=g","caption":"Gestions hospitali\u00e8res"},"url":"https:\/\/www.ricom-web8.com\/gestions\/author\/benjamin\/"}]}},"_links":{"self":[{"href":"https:\/\/www.ricom-web8.com\/gestions\/wp-json\/wp\/v2\/posts\/44281","targetHints":{"allow":["GET"]}}],"collection":[{"href":"https:\/\/www.ricom-web8.com\/gestions\/wp-json\/wp\/v2\/posts"}],"about":[{"href":"https:\/\/www.ricom-web8.com\/gestions\/wp-json\/wp\/v2\/types\/post"}],"author":[{"embeddable":true,"href":"https:\/\/www.ricom-web8.com\/gestions\/wp-json\/wp\/v2\/users\/23133"}],"replies":[{"embeddable":true,"href":"https:\/\/www.ricom-web8.com\/gestions\/wp-json\/wp\/v2\/comments?post=44281"}],"version-history":[{"count":0,"href":"https:\/\/www.ricom-web8.com\/gestions\/wp-json\/wp\/v2\/posts\/44281\/revisions"}],"wp:attachment":[{"href":"https:\/\/www.ricom-web8.com\/gestions\/wp-json\/wp\/v2\/media?parent=44281"}],"wp:term":[{"taxonomy":"category","embeddable":true,"href":"https:\/\/www.ricom-web8.com\/gestions\/wp-json\/wp\/v2\/categories?post=44281"},{"taxonomy":"post_tag","embeddable":true,"href":"https:\/\/www.ricom-web8.com\/gestions\/wp-json\/wp\/v2\/tags?post=44281"}],"curies":[{"name":"wp","href":"https:\/\/api.w.org\/{rel}","templated":true}]}}