

{"id":44342,"date":"2022-01-01T22:03:43","date_gmt":"2022-01-01T21:03:43","guid":{"rendered":"https:\/\/gestions-hospitalieres.fr\/?p=44342"},"modified":"2022-02-01T15:47:22","modified_gmt":"2022-02-01T14:47:22","slug":"du-developpement-durable-a-la-transformation-ecologique","status":"publish","type":"post","link":"https:\/\/www.ricom-web8.com\/gestions\/du-developpement-durable-a-la-transformation-ecologique\/","title":{"rendered":"Du d\u00e9veloppement durable \u00e0 la transformation \u00e9cologique"},"content":{"rendered":"<span class=\"span-reading-time rt-reading-time\" style=\"display: block;\"><span class=\"rt-label rt-prefix\">Temps de lecture\u00a0: <\/span> <span class=\"rt-time\"> 4<\/span> <span class=\"rt-label rt-postfix\">minutes<\/span><\/span><p>Le syst\u00e8me de sant\u00e9 a devant lui de multiples d\u00e9fis. En premier lieu, ses activit\u00e9s g\u00e9n\u00e8rent une empreinte environnementale cons\u00e9quente, dont une importante \u00e9mission de gaz \u00e0 effets de serre. Le <i>thin thank<\/i> Shift Project a ainsi estim\u00e9 \u00e0 8\u2009% la responsabilit\u00e9 du secteur de la sant\u00e9 dans la totalit\u00e9 des \u00e9missions nationales<sup class=\"appel\" data-toggle=\"modal\" data-target=\"#notes\">(2)<\/sup>. Si l\u2019utilit\u00e9 sociale doit \u00eatre prise en compte dans la d\u00e9finition des objectifs de baisse des \u00e9missions, il existe une importante marge d\u2019am\u00e9lioration pour diminuer les cons\u00e9quences \u00e9cologiques de ces activit\u00e9s. Ensuite, notre syst\u00e8me de sant\u00e9 doit s\u2019adapter rapidement et se pr\u00e9parer \u00e0 fonctionner dans un monde profond\u00e9ment transform\u00e9 par les crises \u00e9cologiques. Enfin, il devra faire face aux cons\u00e9quences sanitaires de ces derni\u00e8res, avec l\u2019\u00e9mergence rapide de nouveaux risques et des \u00e9volutions \u00e9pid\u00e9miologiques.<\/p>\n<p>Pour relever ce triple d\u00e9fi, l\u2019h\u00f4pital et le syst\u00e8me de sant\u00e9 doivent passer d\u2019une logique de d\u00e9veloppement durable, pas assez volontariste et peu int\u00e9gr\u00e9e dans les organisations, \u00e0 une ambition de transformation \u00e9cologique au c\u0153ur de leur strat\u00e9gie et de leur action. <span class=\"Apple-converted-space\">\u00a0<\/span><\/p>\n<h1>L\u2019h\u00f4pital au centre de la transformation \u00e9cologique<\/h1>\n<p>L\u2019h\u00f4pital occupe une position centrale dans le processus de transformation \u00e9cologique. La nature de ses activit\u00e9s et son positionnement dans les territoires le rendent incontournable pour atteindre des objectifs de neutralit\u00e9 carbone, de protection de la biodiversit\u00e9 et de pr\u00e9servation de la sant\u00e9 des populations dans un contexte de crise \u00e9cologique. En effet, l\u2019h\u00f4pital est souvent le premier employeur du territoire, il dispose d\u2019un patrimoine cons\u00e9quent et ses activit\u00e9s g\u00e9n\u00e8rent de nombreuses consommations et des flux importants de biens et de personnes. Par ailleurs, il va devoir fonctionner dans des environnements modifi\u00e9s. Les diff\u00e9rentes manifestations climatiques, les tensions sur l\u2019approvisionnement et le prix de l\u2019\u00e9nergie ou la fragilisation de fili\u00e8res d\u2019approvisionnement sont autant de risques \u00e0 anticiper pour adapter l\u2019organisation de l\u2019h\u00f4pital avec les nombreux acteurs qui participent \u00e0 son fonctionnement. Face \u00e0 l\u2019urgence de la situation et \u00e0 son caract\u00e8re in\u00e9dit dans l\u2019histoire des soci\u00e9t\u00e9s humaines, un nouveau processus d\u2019action doit \u00eatre invent\u00e9 en s\u2019inspirant des principes de la gestion de crise, en se forgeant un esprit de r\u00e9silience et en partageant la volont\u00e9 d\u2019inventer un nouveau projet pour l\u2019h\u00f4pital de demain, centr\u00e9 sur la transformation \u00e9cologique.<\/p>\n<p>Concomitamment, l\u2019h\u00f4pital a devant lui une \u00e9volution \u00e9pid\u00e9miologique r\u00e9sultante des crises \u00e9cologiques. La tribune des revues m\u00e9dicales d\u00e9taille et illustre ces nouveaux besoins de sant\u00e9\u2009: pathologies caus\u00e9es par le r\u00e9chauffement climatique, \u00e9mergence de risques infectieux, troubles de la sant\u00e9 mentale, victimes de catastrophes climatiques\u2026 L\u2019h\u00f4pital devra s\u2019approprier et anticiper la cin\u00e9tique de ces nouveaux besoins pour les int\u00e9grer dans ses pratiques et ses organisations.<span class=\"Apple-converted-space\">\u00a0<\/span><\/p>\n<p>L\u2019ensemble de ces enjeux plaide pour la priorisation de l\u2019objectif de transformation \u00e9cologique et son int\u00e9gration au c\u0153ur de la strat\u00e9gie de l\u2019h\u00f4pital. La trajectoire de l\u2019h\u00f4pital de demain peut se dessiner autour d\u2019une ambition de r\u00e9silience \u00e9cologique, d\u2019un renforcement de son autonomie de fonctionnement et en tissant de nouveaux liens de solidarit\u00e9 avec les acteurs de son territoire de proximit\u00e9.<\/p>\n<p>Cette dynamique de transformation r\u00e9sulte d\u2019une mobilisation collective\u2009: des services techniques et administratifs jusqu\u2019aux services de soins. Elle implique une action compl\u00e8tement d\u00e9cloisonn\u00e9e et un portage volontariste aux diff\u00e9rents \u00e9chelons des \u00e9tablissements. Des mesures suppl\u00e9mentaires seront n\u00e9cessaires sur tous les sujets\u2009: achats durables, performance \u00e9nerg\u00e9tique, mobilit\u00e9 douce, diminution des d\u00e9chets et des consommations, pertinence des soins, d\u00e9veloppement de la pr\u00e9vention et de la sant\u00e9 environnementale\u2026 Mais l\u2019engagement sinc\u00e8re des hospitaliers ne saurait suffire. Pour \u00eatre \u00e0 la hauteur des enjeux, la dynamique de transformation \u00e9cologique doit \u00eatre soutenue prioritairement par l\u2019\u00c9tat et localement. Des accompagnements financiers, r\u00e9glementaires et sur la formation doivent encourager ce processus et permettre \u00e0 l\u2019h\u00f4pital moderne de se r\u00e9inventer, en conciliant l\u2019imp\u00e9ratif de transformation \u00e9cologique, l\u2019exigence de qualit\u00e9 des soins et de continuit\u00e9 de son fonctionnement.<\/p>\n<h1>L\u2019exp\u00e9rience du CHU de Bordeaux<span class=\"Apple-converted-space\">\u00a0<\/span><\/h1>\n<p>Depuis plus de dix ans, le CHU de Bordeaux s\u2019est investi sur les enjeux de d\u00e9veloppement durable et a structur\u00e9 son action autour d\u2019un agenda 21. L\u2019\u00e9tablissement a notamment cr\u00e9\u00e9 un poste d\u2019ing\u00e9nieur en charge du d\u00e9veloppement durable, d\u00e9ploy\u00e9 un r\u00e9seau d\u2019ambassadeurs dans les services, diversifi\u00e9 ses fili\u00e8res de tri, d\u00e9velopp\u00e9 des sources d\u2019\u00e9nergies renouvelables et mis en place un plan de mobilit\u00e9 ambitieux, en partenariat avec la m\u00e9tropole. Ces actions ont \u00e9t\u00e9 suivies par un groupe pilote associant la direction, des soignants et des professionnels techniques et administratifs.<\/p>\n<p>Face \u00e0 l\u2019ampleur des d\u00e9fis, le CHU a d\u00e9cid\u00e9 d\u2019explorer la voie de la transformation \u00e9cologique\u2009; l\u2019acc\u00e9l\u00e9ration de la d\u00e9marche fait ainsi partie des neuf priorit\u00e9s du nouveau projet d\u2019\u00e9tablissement<sup class=\"appel\" data-toggle=\"modal\" data-target=\"#notes\">(3)<\/sup> et se d\u00e9cline en trois objectifs\u2009:<span class=\"Apple-converted-space\">\u00a0<\/span><\/p>\n<ul>\n<li>limitation des impacts environnementaux et adaptation aux crises \u00e9cologiques\u2009;<\/li>\n<li>d\u00e9ploiement de nouvelles comp\u00e9tences et cr\u00e9ation d\u2019une culture de la transformation \u00e9cologique\u2009;<\/li>\n<li>invention de nouvelles compl\u00e9mentarit\u00e9s soin\/approche \u00e9cologique.<\/li>\n<\/ul>\n<p>Ces objectifs ont \u00e9t\u00e9 d\u00e9battus et d\u00e9finis par un groupe pluriprofessionnel. Leur mise en \u0153uvre sera soutenue par des projets de formation et de recherche, dans une logique d\u2019innovation, d\u2019\u00e9valuation et d\u2019am\u00e9lioration des savoirs.<span class=\"Apple-converted-space\">\u00a0<\/span><\/p>\n<p>Par ailleurs, le projet du nouveau CHU, programm\u00e9 sur les dix\u00a0prochaines ann\u00e9es, offre une r\u00e9elle opportunit\u00e9 d\u2019une transformation profonde et ambitieuse. Il pr\u00e9voit d\u2019am\u00e9liorer la performance \u00e9nerg\u00e9tique et l\u2019adaptation des b\u00e2timents aux changements climatiques, de repenser les mobilit\u00e9s et les flux, ainsi que les am\u00e9nagements ext\u00e9rieurs. Tous ces objectifs devront \u00eatre int\u00e9gr\u00e9s et d\u00e9clin\u00e9s pr\u00e9cis\u00e9ment d\u00e8s la conception de chacun des projets.<\/p>\n<p>Parall\u00e8lement, la transformation s\u2019inscrit au c\u0153ur des unit\u00e9s de soins. Une d\u00e9marche originale de labellisation d\u2019\u00ab\u2009unit\u00e9s durables\u2009\u00bb est port\u00e9e par un groupe de soignants. Huit unit\u00e9s \u00ab\u2009pilotes\u2009\u00bb ont travaill\u00e9 pour \u00e9laborer un cahier des charges et un guide pour labelliser les unit\u00e9s engag\u00e9es dans un processus d\u2019am\u00e9lioration des organisations et des pratiques. Cette d\u00e9marche de labellisation valorisera les actions et les r\u00e9ussites, aidera \u00e0 identifier les points de blocage et les besoins d\u2019accompagnement pour acc\u00e9l\u00e9rer le processus de transformation \u00e9cologique des unit\u00e9s et de l\u2019h\u00f4pital dans son ensemble.<\/p>\n<p>Cette forte mobilisation atteste des attentes des professionnels et des patients. Elle r\u00e9v\u00e8le aussi le potentiel de la transformation \u00e9cologique pour redonner du sens, f\u00e9d\u00e9rer l\u2019action collective et participer \u00e0 l\u2019attractivit\u00e9 des \u00e9tablissements. Enfin, cette dynamique montre que les ingr\u00e9dients sont r\u00e9unis pour cr\u00e9er une alliance nouvelle entre le soin, les objectifs de solidarit\u00e9 \u00e0 l\u2019origine de notre syst\u00e8me et cet imp\u00e9ratif de prot\u00e9ger l\u2019environnement. Il faut d\u00e9sormais la soutenir, l\u2019encourager et la traduire en r\u00e9sultats tangibles.<\/p>\n<p>La crise \u00e9cologique est le plus grand d\u00e9fi de sant\u00e9 publique et d\u2019adaptation auquel l\u2019h\u00f4pital doit faire face. L\u2019action collective, guid\u00e9e par les principes du service public, une lecture lucide des enjeux et le sens des responsabilit\u00e9s, montre qu\u2019il y a un chemin pour y r\u00e9pondre.<\/p>\n<script>function PlayerjsAsync(){} if(window[\"Playerjs\"]){PlayerjsAsync();}<\/script>","protected":false},"excerpt":{"rendered":"<p><span class=\"span-reading-time rt-reading-time\" style=\"display: block;\"><span class=\"rt-label rt-prefix\">Temps de lecture\u00a0: <\/span> <span class=\"rt-time\"> 4<\/span> <span class=\"rt-label rt-postfix\">minutes<\/span><\/span>Le syst\u00e8me de sant\u00e9 a devant lui de multiples d\u00e9fis. En premier lieu, ses activit\u00e9s g\u00e9n\u00e8rent une empreinte environnementale cons\u00e9quente, dont une importante \u00e9mission de gaz \u00e0 effets de serre. Le thin thank Shift Project a ainsi estim\u00e9 \u00e0 8\u2009% la responsabilit\u00e9 du secteur de la sant\u00e9 dans la totalit\u00e9 des \u00e9missions nationales(2). Si l\u2019utilit\u00e9 sociale doit \u00eatre prise en compte dans la d\u00e9finition des objectifs de baisse des \u00e9missions,&hellip; <\/p>\n","protected":false},"author":23133,"featured_media":0,"comment_status":"open","ping_status":"closed","sticky":false,"template":"","format":"standard","meta":{"_acf_changed":false,"_relevanssi_hide_post":"","_relevanssi_hide_content":"","_relevanssi_pin_for_all":"","_relevanssi_pin_keywords":"","_relevanssi_unpin_keywords":"","_relevanssi_related_keywords":"","_relevanssi_related_include_ids":"","_relevanssi_related_exclude_ids":"","_relevanssi_related_no_append":"","_relevanssi_related_not_related":"","_relevanssi_related_posts":"","_relevanssi_noindex_reason":"","footnotes":""},"categories":[26,2],"tags":[5872,771,8896,8897,780],"class_list":["post-44342","post","type-post","status-publish","format-standard","hentry","category-dossier","category-gestions-hospitalieres","tag-chu-bordeaux","tag-developpement-durable","tag-ecologique","tag-giec","tag-transformation"],"acf":[],"yoast_head":"<!-- This site is optimized with the Yoast SEO plugin v24.8.1 - https:\/\/yoast.com\/wordpress\/plugins\/seo\/ -->\n<title>Du d\u00e9veloppement durable \u00e0 la transformation \u00e9cologique - Gestions hospitali\u00e8res<\/title>\n<meta name=\"robots\" content=\"index, follow, max-snippet:-1, max-image-preview:large, max-video-preview:-1\" \/>\n<link rel=\"canonical\" href=\"https:\/\/www.ricom-web8.com\/gestions\/du-developpement-durable-a-la-transformation-ecologique\/\" \/>\n<meta property=\"og:locale\" content=\"fr_FR\" \/>\n<meta property=\"og:type\" content=\"article\" \/>\n<meta property=\"og:title\" content=\"Du d\u00e9veloppement durable \u00e0 la transformation \u00e9cologique - Gestions hospitali\u00e8res\" \/>\n<meta property=\"og:description\" content=\"Temps de lecture\u00a0:  4 minutesLe syst\u00e8me de sant\u00e9 a devant lui de multiples d\u00e9fis. En premier lieu, ses activit\u00e9s g\u00e9n\u00e8rent une empreinte environnementale cons\u00e9quente, dont une importante \u00e9mission de gaz \u00e0 effets de serre. Le thin thank Shift Project a ainsi estim\u00e9 \u00e0 8\u2009% la responsabilit\u00e9 du secteur de la sant\u00e9 dans la totalit\u00e9 des \u00e9missions nationales(2). Si l\u2019utilit\u00e9 sociale doit \u00eatre prise en compte dans la d\u00e9finition des objectifs de baisse des \u00e9missions,&hellip;\" \/>\n<meta property=\"og:url\" content=\"https:\/\/www.ricom-web8.com\/gestions\/du-developpement-durable-a-la-transformation-ecologique\/\" \/>\n<meta property=\"og:site_name\" content=\"Gestions hospitali\u00e8res\" \/>\n<meta property=\"article:publisher\" content=\"https:\/\/www.facebook.com\/gestionshospitalieres\/\" \/>\n<meta property=\"article:published_time\" content=\"2022-01-01T21:03:43+00:00\" \/>\n<meta property=\"article:modified_time\" content=\"2022-02-01T14:47:22+00:00\" \/>\n<meta name=\"author\" content=\"Gestions hospitali\u00e8res\" \/>\n<meta name=\"twitter:card\" content=\"summary_large_image\" \/>\n<meta name=\"twitter:creator\" content=\"@revue_GH\" \/>\n<meta name=\"twitter:site\" content=\"@revue_GH\" \/>\n<meta name=\"twitter:label1\" content=\"\u00c9crit par\" \/>\n\t<meta name=\"twitter:data1\" content=\"Gestions hospitali\u00e8res\" \/>\n\t<meta name=\"twitter:label2\" content=\"Dur\u00e9e de lecture estim\u00e9e\" \/>\n\t<meta name=\"twitter:data2\" content=\"6 minutes\" \/>\n<script type=\"application\/ld+json\" class=\"yoast-schema-graph\">{\"@context\":\"https:\/\/schema.org\",\"@graph\":[{\"@type\":\"Article\",\"@id\":\"https:\/\/www.ricom-web8.com\/gestions\/du-developpement-durable-a-la-transformation-ecologique\/#article\",\"isPartOf\":{\"@id\":\"https:\/\/www.ricom-web8.com\/gestions\/du-developpement-durable-a-la-transformation-ecologique\/\"},\"author\":{\"name\":\"Gestions hospitali\u00e8res\",\"@id\":\"https:\/\/www.ricom-web8.com\/gestions\/#\/schema\/person\/3ba9fe913190dfe9507feb621e902c1f\"},\"headline\":\"Du d\u00e9veloppement durable \u00e0 la transformation \u00e9cologique\",\"datePublished\":\"2022-01-01T21:03:43+00:00\",\"dateModified\":\"2022-02-01T14:47:22+00:00\",\"mainEntityOfPage\":{\"@id\":\"https:\/\/www.ricom-web8.com\/gestions\/du-developpement-durable-a-la-transformation-ecologique\/\"},\"wordCount\":1293,\"commentCount\":0,\"publisher\":{\"@id\":\"https:\/\/www.ricom-web8.com\/gestions\/#organization\"},\"keywords\":[\"CHU Bordeaux\",\"d\u00e9veloppement durable\",\"\u00e9cologique\",\"Giec\",\"transformation\"],\"articleSection\":[\"dossier\",\"Gestions Hospitali\u00e8res\"],\"inLanguage\":\"fr-FR\",\"potentialAction\":[{\"@type\":\"CommentAction\",\"name\":\"Comment\",\"target\":[\"https:\/\/www.ricom-web8.com\/gestions\/du-developpement-durable-a-la-transformation-ecologique\/#respond\"]}]},{\"@type\":\"WebPage\",\"@id\":\"https:\/\/www.ricom-web8.com\/gestions\/du-developpement-durable-a-la-transformation-ecologique\/\",\"url\":\"https:\/\/www.ricom-web8.com\/gestions\/du-developpement-durable-a-la-transformation-ecologique\/\",\"name\":\"Du d\u00e9veloppement durable \u00e0 la transformation \u00e9cologique - Gestions hospitali\u00e8res\",\"isPartOf\":{\"@id\":\"https:\/\/www.ricom-web8.com\/gestions\/#website\"},\"datePublished\":\"2022-01-01T21:03:43+00:00\",\"dateModified\":\"2022-02-01T14:47:22+00:00\",\"breadcrumb\":{\"@id\":\"https:\/\/www.ricom-web8.com\/gestions\/du-developpement-durable-a-la-transformation-ecologique\/#breadcrumb\"},\"inLanguage\":\"fr-FR\",\"potentialAction\":[{\"@type\":\"ReadAction\",\"target\":[\"https:\/\/www.ricom-web8.com\/gestions\/du-developpement-durable-a-la-transformation-ecologique\/\"]}]},{\"@type\":\"BreadcrumbList\",\"@id\":\"https:\/\/www.ricom-web8.com\/gestions\/du-developpement-durable-a-la-transformation-ecologique\/#breadcrumb\",\"itemListElement\":[{\"@type\":\"ListItem\",\"position\":1,\"name\":\"Accueil\",\"item\":\"https:\/\/www.ricom-web8.com\/gestions\/\"},{\"@type\":\"ListItem\",\"position\":2,\"name\":\"Du d\u00e9veloppement durable \u00e0 la transformation \u00e9cologique\"}]},{\"@type\":\"WebSite\",\"@id\":\"https:\/\/www.ricom-web8.com\/gestions\/#website\",\"url\":\"https:\/\/www.ricom-web8.com\/gestions\/\",\"name\":\"Gestions hospitali\u00e8res\",\"description\":\"la revue des d\u00e9cideurs hospitaliers\",\"publisher\":{\"@id\":\"https:\/\/www.ricom-web8.com\/gestions\/#organization\"},\"potentialAction\":[{\"@type\":\"SearchAction\",\"target\":{\"@type\":\"EntryPoint\",\"urlTemplate\":\"https:\/\/www.ricom-web8.com\/gestions\/?s={search_term_string}\"},\"query-input\":{\"@type\":\"PropertyValueSpecification\",\"valueRequired\":true,\"valueName\":\"search_term_string\"}}],\"inLanguage\":\"fr-FR\"},{\"@type\":\"Organization\",\"@id\":\"https:\/\/www.ricom-web8.com\/gestions\/#organization\",\"name\":\"Gestions hospitali\u00e8res\",\"url\":\"https:\/\/www.ricom-web8.com\/gestions\/\",\"logo\":{\"@type\":\"ImageObject\",\"inLanguage\":\"fr-FR\",\"@id\":\"https:\/\/www.ricom-web8.com\/gestions\/#\/schema\/logo\/image\/\",\"url\":\"https:\/\/gestions-hospitalieres.fr\/wp-content\/uploads\/2017\/02\/picto_Gif-GH-trans.png\",\"contentUrl\":\"https:\/\/gestions-hospitalieres.fr\/wp-content\/uploads\/2017\/02\/picto_Gif-GH-trans.png\",\"width\":512,\"height\":512,\"caption\":\"Gestions hospitali\u00e8res\"},\"image\":{\"@id\":\"https:\/\/www.ricom-web8.com\/gestions\/#\/schema\/logo\/image\/\"},\"sameAs\":[\"https:\/\/www.facebook.com\/gestionshospitalieres\/\",\"https:\/\/x.com\/revue_GH\",\"https:\/\/www.linkedin.com\/company\/gestions-hospitalieres?trk=top_nav_home\"]},{\"@type\":\"Person\",\"@id\":\"https:\/\/www.ricom-web8.com\/gestions\/#\/schema\/person\/3ba9fe913190dfe9507feb621e902c1f\",\"name\":\"Gestions hospitali\u00e8res\",\"image\":{\"@type\":\"ImageObject\",\"inLanguage\":\"fr-FR\",\"@id\":\"https:\/\/www.ricom-web8.com\/gestions\/#\/schema\/person\/image\/\",\"url\":\"https:\/\/secure.gravatar.com\/avatar\/1a0d93e6db5dbe7dac96bae4757d256f?s=96&d=mm&r=g\",\"contentUrl\":\"https:\/\/secure.gravatar.com\/avatar\/1a0d93e6db5dbe7dac96bae4757d256f?s=96&d=mm&r=g\",\"caption\":\"Gestions hospitali\u00e8res\"},\"url\":\"https:\/\/www.ricom-web8.com\/gestions\/author\/benjamin\/\"}]}<\/script>\n<!-- \/ Yoast SEO plugin. -->","yoast_head_json":{"title":"Du d\u00e9veloppement durable \u00e0 la transformation \u00e9cologique - Gestions hospitali\u00e8res","robots":{"index":"index","follow":"follow","max-snippet":"max-snippet:-1","max-image-preview":"max-image-preview:large","max-video-preview":"max-video-preview:-1"},"canonical":"https:\/\/www.ricom-web8.com\/gestions\/du-developpement-durable-a-la-transformation-ecologique\/","og_locale":"fr_FR","og_type":"article","og_title":"Du d\u00e9veloppement durable \u00e0 la transformation \u00e9cologique - Gestions hospitali\u00e8res","og_description":"Temps de lecture\u00a0:  4 minutesLe syst\u00e8me de sant\u00e9 a devant lui de multiples d\u00e9fis. En premier lieu, ses activit\u00e9s g\u00e9n\u00e8rent une empreinte environnementale cons\u00e9quente, dont une importante \u00e9mission de gaz \u00e0 effets de serre. Le thin thank Shift Project a ainsi estim\u00e9 \u00e0 8\u2009% la responsabilit\u00e9 du secteur de la sant\u00e9 dans la totalit\u00e9 des \u00e9missions nationales(2). Si l\u2019utilit\u00e9 sociale doit \u00eatre prise en compte dans la d\u00e9finition des objectifs de baisse des \u00e9missions,&hellip;","og_url":"https:\/\/www.ricom-web8.com\/gestions\/du-developpement-durable-a-la-transformation-ecologique\/","og_site_name":"Gestions hospitali\u00e8res","article_publisher":"https:\/\/www.facebook.com\/gestionshospitalieres\/","article_published_time":"2022-01-01T21:03:43+00:00","article_modified_time":"2022-02-01T14:47:22+00:00","author":"Gestions hospitali\u00e8res","twitter_card":"summary_large_image","twitter_creator":"@revue_GH","twitter_site":"@revue_GH","twitter_misc":{"\u00c9crit par":"Gestions hospitali\u00e8res","Dur\u00e9e de lecture estim\u00e9e":"6 minutes"},"schema":{"@context":"https:\/\/schema.org","@graph":[{"@type":"Article","@id":"https:\/\/www.ricom-web8.com\/gestions\/du-developpement-durable-a-la-transformation-ecologique\/#article","isPartOf":{"@id":"https:\/\/www.ricom-web8.com\/gestions\/du-developpement-durable-a-la-transformation-ecologique\/"},"author":{"name":"Gestions hospitali\u00e8res","@id":"https:\/\/www.ricom-web8.com\/gestions\/#\/schema\/person\/3ba9fe913190dfe9507feb621e902c1f"},"headline":"Du d\u00e9veloppement durable \u00e0 la transformation \u00e9cologique","datePublished":"2022-01-01T21:03:43+00:00","dateModified":"2022-02-01T14:47:22+00:00","mainEntityOfPage":{"@id":"https:\/\/www.ricom-web8.com\/gestions\/du-developpement-durable-a-la-transformation-ecologique\/"},"wordCount":1293,"commentCount":0,"publisher":{"@id":"https:\/\/www.ricom-web8.com\/gestions\/#organization"},"keywords":["CHU Bordeaux","d\u00e9veloppement durable","\u00e9cologique","Giec","transformation"],"articleSection":["dossier","Gestions Hospitali\u00e8res"],"inLanguage":"fr-FR","potentialAction":[{"@type":"CommentAction","name":"Comment","target":["https:\/\/www.ricom-web8.com\/gestions\/du-developpement-durable-a-la-transformation-ecologique\/#respond"]}]},{"@type":"WebPage","@id":"https:\/\/www.ricom-web8.com\/gestions\/du-developpement-durable-a-la-transformation-ecologique\/","url":"https:\/\/www.ricom-web8.com\/gestions\/du-developpement-durable-a-la-transformation-ecologique\/","name":"Du d\u00e9veloppement durable \u00e0 la transformation \u00e9cologique - Gestions hospitali\u00e8res","isPartOf":{"@id":"https:\/\/www.ricom-web8.com\/gestions\/#website"},"datePublished":"2022-01-01T21:03:43+00:00","dateModified":"2022-02-01T14:47:22+00:00","breadcrumb":{"@id":"https:\/\/www.ricom-web8.com\/gestions\/du-developpement-durable-a-la-transformation-ecologique\/#breadcrumb"},"inLanguage":"fr-FR","potentialAction":[{"@type":"ReadAction","target":["https:\/\/www.ricom-web8.com\/gestions\/du-developpement-durable-a-la-transformation-ecologique\/"]}]},{"@type":"BreadcrumbList","@id":"https:\/\/www.ricom-web8.com\/gestions\/du-developpement-durable-a-la-transformation-ecologique\/#breadcrumb","itemListElement":[{"@type":"ListItem","position":1,"name":"Accueil","item":"https:\/\/www.ricom-web8.com\/gestions\/"},{"@type":"ListItem","position":2,"name":"Du d\u00e9veloppement durable \u00e0 la transformation \u00e9cologique"}]},{"@type":"WebSite","@id":"https:\/\/www.ricom-web8.com\/gestions\/#website","url":"https:\/\/www.ricom-web8.com\/gestions\/","name":"Gestions hospitali\u00e8res","description":"la revue des d\u00e9cideurs hospitaliers","publisher":{"@id":"https:\/\/www.ricom-web8.com\/gestions\/#organization"},"potentialAction":[{"@type":"SearchAction","target":{"@type":"EntryPoint","urlTemplate":"https:\/\/www.ricom-web8.com\/gestions\/?s={search_term_string}"},"query-input":{"@type":"PropertyValueSpecification","valueRequired":true,"valueName":"search_term_string"}}],"inLanguage":"fr-FR"},{"@type":"Organization","@id":"https:\/\/www.ricom-web8.com\/gestions\/#organization","name":"Gestions hospitali\u00e8res","url":"https:\/\/www.ricom-web8.com\/gestions\/","logo":{"@type":"ImageObject","inLanguage":"fr-FR","@id":"https:\/\/www.ricom-web8.com\/gestions\/#\/schema\/logo\/image\/","url":"https:\/\/gestions-hospitalieres.fr\/wp-content\/uploads\/2017\/02\/picto_Gif-GH-trans.png","contentUrl":"https:\/\/gestions-hospitalieres.fr\/wp-content\/uploads\/2017\/02\/picto_Gif-GH-trans.png","width":512,"height":512,"caption":"Gestions hospitali\u00e8res"},"image":{"@id":"https:\/\/www.ricom-web8.com\/gestions\/#\/schema\/logo\/image\/"},"sameAs":["https:\/\/www.facebook.com\/gestionshospitalieres\/","https:\/\/x.com\/revue_GH","https:\/\/www.linkedin.com\/company\/gestions-hospitalieres?trk=top_nav_home"]},{"@type":"Person","@id":"https:\/\/www.ricom-web8.com\/gestions\/#\/schema\/person\/3ba9fe913190dfe9507feb621e902c1f","name":"Gestions hospitali\u00e8res","image":{"@type":"ImageObject","inLanguage":"fr-FR","@id":"https:\/\/www.ricom-web8.com\/gestions\/#\/schema\/person\/image\/","url":"https:\/\/secure.gravatar.com\/avatar\/1a0d93e6db5dbe7dac96bae4757d256f?s=96&d=mm&r=g","contentUrl":"https:\/\/secure.gravatar.com\/avatar\/1a0d93e6db5dbe7dac96bae4757d256f?s=96&d=mm&r=g","caption":"Gestions hospitali\u00e8res"},"url":"https:\/\/www.ricom-web8.com\/gestions\/author\/benjamin\/"}]}},"_links":{"self":[{"href":"https:\/\/www.ricom-web8.com\/gestions\/wp-json\/wp\/v2\/posts\/44342","targetHints":{"allow":["GET"]}}],"collection":[{"href":"https:\/\/www.ricom-web8.com\/gestions\/wp-json\/wp\/v2\/posts"}],"about":[{"href":"https:\/\/www.ricom-web8.com\/gestions\/wp-json\/wp\/v2\/types\/post"}],"author":[{"embeddable":true,"href":"https:\/\/www.ricom-web8.com\/gestions\/wp-json\/wp\/v2\/users\/23133"}],"replies":[{"embeddable":true,"href":"https:\/\/www.ricom-web8.com\/gestions\/wp-json\/wp\/v2\/comments?post=44342"}],"version-history":[{"count":0,"href":"https:\/\/www.ricom-web8.com\/gestions\/wp-json\/wp\/v2\/posts\/44342\/revisions"}],"wp:attachment":[{"href":"https:\/\/www.ricom-web8.com\/gestions\/wp-json\/wp\/v2\/media?parent=44342"}],"wp:term":[{"taxonomy":"category","embeddable":true,"href":"https:\/\/www.ricom-web8.com\/gestions\/wp-json\/wp\/v2\/categories?post=44342"},{"taxonomy":"post_tag","embeddable":true,"href":"https:\/\/www.ricom-web8.com\/gestions\/wp-json\/wp\/v2\/tags?post=44342"}],"curies":[{"name":"wp","href":"https:\/\/api.w.org\/{rel}","templated":true}]}}