

{"id":44976,"date":"2022-04-01T21:03:42","date_gmt":"2022-04-01T19:03:42","guid":{"rendered":"https:\/\/gestions-hospitalieres.fr\/?p=44976"},"modified":"2022-05-09T11:17:28","modified_gmt":"2022-05-09T09:17:28","slug":"la-dematerialisation-des-prescriptions-medicales-2","status":"publish","type":"post","link":"https:\/\/www.ricom-web8.com\/gestions\/la-dematerialisation-des-prescriptions-medicales-2\/","title":{"rendered":"La d\u00e9mat\u00e9rialisation des prescriptions m\u00e9dicales"},"content":{"rendered":"<span class=\"span-reading-time rt-reading-time\" style=\"display: block;\"><span class=\"rt-label rt-prefix\">Temps de lecture\u00a0: <\/span> <span class=\"rt-time\"> 5<\/span> <span class=\"rt-label rt-postfix\">minutes<\/span><\/span><h1>La d\u00e9mat\u00e9rialisation au milieu du gu\u00e9<\/h1>\n<p>L\u2019un des axes du plan d\u00e9nomm\u00e9 \u00ab\u2009Ma sant\u00e9 2022\u2009\u00bb est le virage num\u00e9rique consacr\u00e9 par la loi du 24\u00a0juillet 2019 relative \u00e0 l\u2019organisation et \u00e0 la transformation du syst\u00e8me de sant\u00e9 et par l\u2019ordonnance du 18\u00a0novembre 2020 portant mise en \u0153uvre de la prescription \u00e9lectronique. L\u2019assurance maladie propose aux m\u00e9decins de ville et \u00e0 ceux qui exercent en \u00e9tablissement des services de prescriptions d\u00e9mat\u00e9rialis\u00e9es, depuis 2011 pour les arr\u00eats de travail, depuis 2017 pour le transport des patients, notamment. Les succ\u00e8s de simple estime rencontr\u00e9s par ces incitations ont conduit le l\u00e9gislateur, par la loi de 2019, \u00e0 rendre obligatoire la d\u00e9mat\u00e9rialisation des arr\u00eats de travail \u00e0 la fin de l\u2019ann\u00e9e 2021 et le gouvernement, par l\u2019ordonnance de 2020, \u00e0 imposer cette proc\u00e9dure pour les autres prescriptions, de ville ou d\u2019\u00e9tablissement, d\u2019ici \u00e0 2024.<\/p>\n<p>S\u2019agissant des arr\u00eats de travail, sur lesquels la Cour est revenue \u00e0 plusieurs reprises compte tenu de l\u2019importance du sujet<sup class=\"appel\" data-toggle=\"modal\" data-target=\"#notes\">(2)<\/sup>, leur d\u00e9mat\u00e9rialisation permet \u00e0 l\u2019assurance maladie de mieux en appr\u00e9hender les motifs et d\u2019adapter les politiques de pr\u00e9vention en cons\u00e9quence mais, jusqu\u2019\u00e0 pr\u00e9sent, ceux de courte dur\u00e9e n\u2019ont pas \u00e0 \u00eatre renseign\u00e9s sur les ordonnances papier et pour les arr\u00eats de longue dur\u00e9e, les renseignements utiles n\u2019y figurent pas toujours. En 2011, l\u2019assurance maladie a publi\u00e9 une liste (valid\u00e9e par la Haute Autorit\u00e9 de sant\u00e9) des motifs d\u2019arr\u00eats maladie assortis d\u2019une dur\u00e9e indicative pour les principales pathologies courantes et la Cour des comptes avait alors pr\u00e9conis\u00e9 que lorsque la pratique de prescription s\u2019\u00e9cartait de mani\u00e8re significative des dur\u00e9es indicatives, les m\u00e9decins concern\u00e9s soient contraints de motiver ces d\u00e9passements et, \u00e0 d\u00e9faut ou en cas d\u2019insuffisance, que la r\u00e9mun\u00e9ration sur objectifs de sant\u00e9 publique qui leur est vers\u00e9e soit r\u00e9duite<sup class=\"appel\" data-toggle=\"modal\" data-target=\"#notes\">(3)<\/sup>. La loi de 2019 pr\u00e9voyant la prescription par voie d\u00e9mat\u00e9rialis\u00e9e avant fin 2021 ob\u00e9issait \u00e0 un calendrier de mise en \u0153uvre devant \u00eatre fix\u00e9 sous six mois par convention entre l\u2019assurance maladie et les repr\u00e9sentants des m\u00e9decins, chirurgiens-dentistes et sages-femmes ou, \u00e0 d\u00e9faut, par arr\u00eat\u00e9 minist\u00e9riel \u00e9dict\u00e9 avant mars 2020, mais la Cour constate que ni l\u2019une ni l\u2019autre ne sont intervenus \u00e0 la date du rapport, ce qui hypoth\u00e8que la d\u00e9mat\u00e9rialisation totale en 2021<sup class=\"appel\" data-toggle=\"modal\" data-target=\"#notes\">(4)<\/sup>. En ce qui concerne les prescriptions d\u2019arr\u00eats de travail au titre d\u2019un accident du travail ou d\u2019une maladie professionnelle, le t\u00e9l\u00e9service est plus r\u00e9cent (fin 2015) et en 2020, 35\u2009% seulement de ces certificats m\u00e9dicaux particuliers faisaient l\u2019objet d\u2019une d\u00e9mat\u00e9rialisation\u2009: l\u2019absence de textes d\u2019application de la loi de 2019 fait \u00e9galement douter la Cour de la mise en \u0153uvre de la proc\u00e9dure fin 2021.<\/p>\n<p>En ce qui concerne le transport des patients, les services de d\u00e9mat\u00e9rialisation sont peu utilis\u00e9s alors m\u00eame que cette activit\u00e9 g\u00e9n\u00e8re un grand nombre de prescriptions (87\u00a0millions de trajets pour 6\u00a0millions de patients) et des co\u00fbts importants (5\u00a0milliards d\u2019euros pour les transports sanitaires, 1\u00a0milliard pour les transports m\u00e9dico-sociaux)<sup class=\"appel\" data-toggle=\"modal\" data-target=\"#notes\">(5)<\/sup>\u2009: la Cnam propose toutefois depuis 2017 aux m\u00e9decins de ville un service de prescriptions \u00e9lectroniques et exp\u00e9rimente un service analogue pour les \u00e9tablissements de sant\u00e9 (CHU de Montpellier, de Dijon, CH de Castres\u2026) mais cette exp\u00e9rience rencontre, semble-t-il, peu de succ\u00e8s.<\/p>\n<p>S\u2019agissant des m\u00e9dicaments et des dispositifs m\u00e9dicaux, leur prescription d\u00e9mat\u00e9rialis\u00e9e sera obligatoire en 2024 mais reste aujourd\u2019hui tr\u00e8s en retrait par rapport \u00e0 des pays voisins o\u00f9 elle est couramment pratiqu\u00e9e (Su\u00e8de, Royaume-Uni, Norv\u00e8ge, Belgique, Espagne, Italie ou en Allemagne o\u00f9 elle est obligatoire depuis 2022), comme la Cour des comptes l\u2019avait d\u00e9j\u00e0 relev\u00e9 en 2017<sup class=\"appel\" data-toggle=\"modal\" data-target=\"#notes\">(6)<\/sup>\u2009: le retard fran\u00e7ais trouve en partie son explication dans le refus des repr\u00e9sentants des m\u00e9decins que la Cnam puisse disposer des donn\u00e9es d\u00e9taill\u00e9es de leurs prescriptions par le truchement de la d\u00e9mat\u00e9rialisation\u2009; une exp\u00e9rimentation a \u00e9t\u00e9 lanc\u00e9e en 2019 dans trois d\u00e9partements (Val-de-Marne, Maine-et-Loire, Sa\u00f4ne-et-Loire) et les m\u00e9decins et pharmaciens ont salu\u00e9 la simplicit\u00e9 d\u2019utilisation du dispositif.<\/p>\n<p>Le fatum s\u2019acharne d\u00e9cid\u00e9ment sur cette proc\u00e9dure puisqu\u2019un paragraphe de l\u2019article 37 de la loi de financement de la S\u00e9curit\u00e9 sociale pour 2022, qui pr\u00e9voyait la d\u00e9mat\u00e9rialisation et la transmission \u00e9lectronique des documents permettant la prise en charge des soins, produits et prestations, a \u00e9t\u00e9 d\u00e9clar\u00e9 non conforme par le Conseil constitutionnel au motif qu\u2019il \u00e9tait un cavalier social, donc sans lien, m\u00eame indirect, avec l\u2019objet du texte<sup class=\"appel\" data-toggle=\"modal\" data-target=\"#notes\">(7)<\/sup>.<\/p>\n<blockquote><p>La d\u00e9mat\u00e9rialisation, qui n\u2019est ni un tic de langage ni un toc de l\u2019esprit, pr\u00e9sente pour les acteurs de la sant\u00e9 de nombreux avantages, dont un parcours de soins s\u00e9curis\u00e9 et une efficience accrue des d\u00e9penses\u2026<\/p><\/blockquote>\n<h1>Les angles morts de la d\u00e9mat\u00e9rialisation<\/h1>\n<p>L\u2019Institution sup\u00e9rieure de contr\u00f4le de la rue Cambon regrette toutefois l\u2019absence d\u2019articulation plus \u00e9troite entre la d\u00e9mat\u00e9rialisation de la m\u00e9decine de ville avec celle des \u00e9tablissements de sant\u00e9\u2009: les prescriptions effectu\u00e9es et ex\u00e9cut\u00e9es au sein des \u00e9tablissements sont d\u00e9mat\u00e9rialis\u00e9es mais celles qui sont ex\u00e9cut\u00e9es en ville aupr\u00e8s des pharmaciens, des laboratoires d\u2019analyses biologiques et d\u2019auxiliaires m\u00e9dicaux sont pour leur part soumises aux d\u00e9lais de r\u00e9alisation (2024) de l\u2019ordonnance de 2020. D\u2019autre part, l\u2019obligation de d\u00e9mat\u00e9rialisation des arr\u00eats de travail fix\u00e9e par la loi de 2019 s\u2019applique \u00e0 ceux qui sont prescrits par les m\u00e9decins exer\u00e7ant \u00e0 titre lib\u00e9ral dans les \u00e9tablissements de sant\u00e9 priv\u00e9s mais pas \u00e0 ceux prescrits par les m\u00e9decins des \u00e9tablissements publics ou priv\u00e9s non lucratifs. Les prescriptions hospitali\u00e8res repr\u00e9sentent 22\u2009% des prescriptions ex\u00e9cut\u00e9es en ville ainsi que les indemnit\u00e9s journali\u00e8res de maladie et maternit\u00e9, soit 19,5\u00a0milliards d\u2019euros, et leur exclusion du champ de la d\u00e9mat\u00e9rialisation compromettrait les r\u00e9sultats attendus de celle-ci\u2009; elle engendrerait \u00e9galement un codage d\u00e9grad\u00e9 des donn\u00e9es concernant notamment les dispositifs m\u00e9dicaux et les actes de biologie, la Cour soulignant incidemment que les pratiques de codage devraient \u00eatre int\u00e9gr\u00e9es au cursus universitaire m\u00e9dical.<\/p>\n<p>L\u2019authentification des professionnels \u00e0 l\u2019h\u00f4pital pour l\u2019ensemble des prescriptions faites \u00e0 l\u2019h\u00f4pital et ex\u00e9cut\u00e9es en ville devrait \u00eatre garantie, comme le pr\u00e9voit d\u2019ailleurs l\u2019article L.162-5.15 du code de la s\u00e9curit\u00e9 sociale, mais la carte de professionnel de sant\u00e9 reste peu utilis\u00e9e \u00e0 l\u2019h\u00f4pital et le projet alternatif qui reposerait sur l\u2019identification de l\u2019\u00e9tablissement (et pas du professionnel) pr\u00e9sente l\u2019inconv\u00e9nient de ne pas assurer une tra\u00e7abilit\u00e9 des prescriptions et de leurs auteurs. Parmi les trois recommandations formul\u00e9es par la Cour, figurent ainsi en bonne place la garantie du raccordement des syst\u00e8mes d\u2019information hospitaliers aux services de prescriptions d\u00e9mat\u00e9rialis\u00e9es de la Cnam et l\u2019authentification individuelle des prescripteurs hospitaliers.<\/p>\n<p>La d\u00e9mat\u00e9rialisation n\u2019est pas un tic de langage ou un toc de l\u2019esprit et pr\u00e9sente pour les acteurs de la sant\u00e9, qu\u2019il s\u2019agisse de l\u2019usager, du prestataire ou du financeur, un quadruple avantage\u2009:<span class=\"Apple-converted-space\">\u00a0<\/span><\/p>\n<ul>\n<li>un parcours de soins s\u00e9curis\u00e9 pour le patient au sens o\u00f9 la d\u00e9mat\u00e9rialisation alimente le dossier m\u00e9dical partag\u00e9 et le dossier pharmaceutique du patient<sup class=\"appel\" data-toggle=\"modal\" data-target=\"#notes\">(8)<\/sup>, sa consultation devant favoriser la coh\u00e9rence de ce parcours et la d\u00e9mat\u00e9rialisation devant \u00e9viter les erreurs de m\u00e9dication par une meilleure lecture\u2009;<span class=\"Apple-converted-space\">\u00a0<\/span><\/li>\n<li>une efficience accrue des d\u00e9penses de sant\u00e9, la prescription d\u00e9mat\u00e9rialis\u00e9e des m\u00e9dicaments r\u00e9alis\u00e9e \u00e0 partir d\u2019un logiciel d\u2019aide \u00e0 la prescription conforme au r\u00e9f\u00e9rentiel fix\u00e9 par la Haute Autorit\u00e9 de sant\u00e9 facilitant le codage des donn\u00e9es et favorisant le meilleur renseignement des motifs des arr\u00eats de travail, la ma\u00eetrise des prescriptions hospitali\u00e8res ex\u00e9cut\u00e9es en ville et une prescription accrue des m\u00e9dicaments g\u00e9n\u00e9riques\u2009;<span class=\"Apple-converted-space\">\u00a0<\/span><\/li>\n<li>une r\u00e9duction des erreurs et des fraudes, les divergences entre les facturations et les prescriptions repr\u00e9sentant une grande partie des erreurs qui affectent les prises en charge des d\u00e9penses de sant\u00e9 par l\u2019assurance maladie qui estime celles-ci \u00e0 2\u00a0milliards d\u2019euros en 2020, mais aussi l\u2019absence de prescription ou leur r\u00e9utilisation, la r\u00e9duction des anomalies de prise en charge, l\u2019am\u00e9lioration des d\u00e9lais de paiement et la r\u00e9duction des erreurs dans le remplissage des avis d\u2019arr\u00eat de travail\u2009;<span class=\"Apple-converted-space\">\u00a0<\/span><\/li>\n<li>des gains de productivit\u00e9, la d\u00e9mat\u00e9rialisation permettant de faciliter les contr\u00f4les de factures et la saisie des arr\u00eats de travail sur Amelipro, et de r\u00e9duire les signalements affectant la facturation adress\u00e9e par les professionnels de sant\u00e9 et donc la charge de travail li\u00e9e \u00e0 leur traitement.<\/li>\n<\/ul>\n<p>Et l\u2019on pourrait ajouter un ultime apport\u2009: le volet d\u00e9veloppement durable. En effet, plus d\u2019un milliard de prescriptions sont r\u00e9dig\u00e9es chaque ann\u00e9e\u2009: la d\u00e9mat\u00e9rialisation de centaines de millions de feuilles de prescription permettrait d\u2019\u00e9viter un g\u00e2chis particuli\u00e8rement important de papier, mais \u00e9galement d\u2019encre, co\u00fbteuse, voire d\u2019enveloppes.<\/p>\n<script>function PlayerjsAsync(){} if(window[\"Playerjs\"]){PlayerjsAsync();}<\/script>","protected":false},"excerpt":{"rendered":"<p><span class=\"span-reading-time rt-reading-time\" style=\"display: block;\"><span class=\"rt-label rt-prefix\">Temps de lecture\u00a0: <\/span> <span class=\"rt-time\"> 5<\/span> <span class=\"rt-label rt-postfix\">minutes<\/span><\/span>La d\u00e9mat\u00e9rialisation au milieu du gu\u00e9 L\u2019un des axes du plan d\u00e9nomm\u00e9 \u00ab\u2009Ma sant\u00e9 2022\u2009\u00bb est le virage num\u00e9rique consacr\u00e9 par la loi du 24\u00a0juillet 2019 relative \u00e0 l\u2019organisation et \u00e0 la transformation du syst\u00e8me de sant\u00e9 et par l\u2019ordonnance du 18\u00a0novembre 2020 portant mise en \u0153uvre de la prescription \u00e9lectronique. L\u2019assurance maladie propose aux m\u00e9decins de ville et \u00e0 ceux qui exercent en \u00e9tablissement des services de prescriptions d\u00e9mat\u00e9rialis\u00e9es,&hellip; <\/p>\n","protected":false},"author":23133,"featured_media":0,"comment_status":"closed","ping_status":"closed","sticky":false,"template":"","format":"standard","meta":{"_acf_changed":false,"_relevanssi_hide_post":"","_relevanssi_hide_content":"","_relevanssi_pin_for_all":"","_relevanssi_pin_keywords":"","_relevanssi_unpin_keywords":"","_relevanssi_related_keywords":"","_relevanssi_related_include_ids":"","_relevanssi_related_exclude_ids":"","_relevanssi_related_no_append":"","_relevanssi_related_not_related":"","_relevanssi_related_posts":"","_relevanssi_noindex_reason":"","footnotes":""},"categories":[7167,2],"tags":[9040,1076,9039,1469,2123,1239,9041,9042,1872,7069],"class_list":["post-44976","post","type-post","status-publish","format-standard","hentry","category-decryptage","category-gestions-hospitalieres","tag-amelipro","tag-assurance-maladie","tag-certificat-medical","tag-cour-des-comptes","tag-dematerialisation","tag-depenses","tag-dossier-pharmaceutique","tag-loi-asap","tag-numerique","tag-prescription"],"acf":[],"yoast_head":"<!-- This site is optimized with the Yoast SEO plugin v24.8.1 - https:\/\/yoast.com\/wordpress\/plugins\/seo\/ -->\n<title>La d\u00e9mat\u00e9rialisation des prescriptions m\u00e9dicales - Gestions hospitali\u00e8res<\/title>\n<meta name=\"robots\" content=\"index, follow, max-snippet:-1, max-image-preview:large, max-video-preview:-1\" \/>\n<link rel=\"canonical\" href=\"https:\/\/www.ricom-web8.com\/gestions\/la-dematerialisation-des-prescriptions-medicales-2\/\" \/>\n<meta property=\"og:locale\" content=\"fr_FR\" \/>\n<meta property=\"og:type\" content=\"article\" \/>\n<meta property=\"og:title\" content=\"La d\u00e9mat\u00e9rialisation des prescriptions m\u00e9dicales - Gestions hospitali\u00e8res\" \/>\n<meta property=\"og:description\" content=\"Temps de lecture\u00a0:  5 minutesLa d\u00e9mat\u00e9rialisation au milieu du gu\u00e9 L\u2019un des axes du plan d\u00e9nomm\u00e9 \u00ab\u2009Ma sant\u00e9 2022\u2009\u00bb est le virage num\u00e9rique consacr\u00e9 par la loi du 24\u00a0juillet 2019 relative \u00e0 l\u2019organisation et \u00e0 la transformation du syst\u00e8me de sant\u00e9 et par l\u2019ordonnance du 18\u00a0novembre 2020 portant mise en \u0153uvre de la prescription \u00e9lectronique. L\u2019assurance maladie propose aux m\u00e9decins de ville et \u00e0 ceux qui exercent en \u00e9tablissement des services de prescriptions d\u00e9mat\u00e9rialis\u00e9es,&hellip;\" \/>\n<meta property=\"og:url\" content=\"https:\/\/www.ricom-web8.com\/gestions\/la-dematerialisation-des-prescriptions-medicales-2\/\" \/>\n<meta property=\"og:site_name\" content=\"Gestions hospitali\u00e8res\" \/>\n<meta property=\"article:publisher\" content=\"https:\/\/www.facebook.com\/gestionshospitalieres\/\" \/>\n<meta property=\"article:published_time\" content=\"2022-04-01T19:03:42+00:00\" \/>\n<meta property=\"article:modified_time\" content=\"2022-05-09T09:17:28+00:00\" \/>\n<meta name=\"author\" content=\"Gestions hospitali\u00e8res\" \/>\n<meta name=\"twitter:card\" content=\"summary_large_image\" \/>\n<meta name=\"twitter:creator\" content=\"@revue_GH\" \/>\n<meta name=\"twitter:site\" content=\"@revue_GH\" \/>\n<meta name=\"twitter:label1\" content=\"\u00c9crit par\" \/>\n\t<meta name=\"twitter:data1\" content=\"Gestions hospitali\u00e8res\" \/>\n\t<meta name=\"twitter:label2\" content=\"Dur\u00e9e de lecture estim\u00e9e\" \/>\n\t<meta name=\"twitter:data2\" content=\"8 minutes\" \/>\n<script type=\"application\/ld+json\" class=\"yoast-schema-graph\">{\"@context\":\"https:\/\/schema.org\",\"@graph\":[{\"@type\":\"Article\",\"@id\":\"https:\/\/www.ricom-web8.com\/gestions\/la-dematerialisation-des-prescriptions-medicales-2\/#article\",\"isPartOf\":{\"@id\":\"https:\/\/www.ricom-web8.com\/gestions\/la-dematerialisation-des-prescriptions-medicales-2\/\"},\"author\":{\"name\":\"Gestions hospitali\u00e8res\",\"@id\":\"https:\/\/www.ricom-web8.com\/gestions\/#\/schema\/person\/3ba9fe913190dfe9507feb621e902c1f\"},\"headline\":\"La d\u00e9mat\u00e9rialisation des prescriptions m\u00e9dicales\",\"datePublished\":\"2022-04-01T19:03:42+00:00\",\"dateModified\":\"2022-05-09T09:17:28+00:00\",\"mainEntityOfPage\":{\"@id\":\"https:\/\/www.ricom-web8.com\/gestions\/la-dematerialisation-des-prescriptions-medicales-2\/\"},\"wordCount\":1604,\"publisher\":{\"@id\":\"https:\/\/www.ricom-web8.com\/gestions\/#organization\"},\"keywords\":[\"Amelipro\",\"assurance maladie\",\"certificat m\u00e9dical\",\"Cour des comptes\",\"d\u00e9mat\u00e9rialisation\",\"d\u00e9penses\",\"dossier pharmaceutique\",\"loi Asap\",\"num\u00e9rique\",\"prescription\"],\"articleSection\":[\"d\u00e9cryptage\",\"Gestions Hospitali\u00e8res\"],\"inLanguage\":\"fr-FR\"},{\"@type\":\"WebPage\",\"@id\":\"https:\/\/www.ricom-web8.com\/gestions\/la-dematerialisation-des-prescriptions-medicales-2\/\",\"url\":\"https:\/\/www.ricom-web8.com\/gestions\/la-dematerialisation-des-prescriptions-medicales-2\/\",\"name\":\"La d\u00e9mat\u00e9rialisation des prescriptions m\u00e9dicales - Gestions hospitali\u00e8res\",\"isPartOf\":{\"@id\":\"https:\/\/www.ricom-web8.com\/gestions\/#website\"},\"datePublished\":\"2022-04-01T19:03:42+00:00\",\"dateModified\":\"2022-05-09T09:17:28+00:00\",\"breadcrumb\":{\"@id\":\"https:\/\/www.ricom-web8.com\/gestions\/la-dematerialisation-des-prescriptions-medicales-2\/#breadcrumb\"},\"inLanguage\":\"fr-FR\",\"potentialAction\":[{\"@type\":\"ReadAction\",\"target\":[\"https:\/\/www.ricom-web8.com\/gestions\/la-dematerialisation-des-prescriptions-medicales-2\/\"]}]},{\"@type\":\"BreadcrumbList\",\"@id\":\"https:\/\/www.ricom-web8.com\/gestions\/la-dematerialisation-des-prescriptions-medicales-2\/#breadcrumb\",\"itemListElement\":[{\"@type\":\"ListItem\",\"position\":1,\"name\":\"Accueil\",\"item\":\"https:\/\/www.ricom-web8.com\/gestions\/\"},{\"@type\":\"ListItem\",\"position\":2,\"name\":\"La d\u00e9mat\u00e9rialisation des prescriptions m\u00e9dicales\"}]},{\"@type\":\"WebSite\",\"@id\":\"https:\/\/www.ricom-web8.com\/gestions\/#website\",\"url\":\"https:\/\/www.ricom-web8.com\/gestions\/\",\"name\":\"Gestions hospitali\u00e8res\",\"description\":\"la revue des d\u00e9cideurs hospitaliers\",\"publisher\":{\"@id\":\"https:\/\/www.ricom-web8.com\/gestions\/#organization\"},\"potentialAction\":[{\"@type\":\"SearchAction\",\"target\":{\"@type\":\"EntryPoint\",\"urlTemplate\":\"https:\/\/www.ricom-web8.com\/gestions\/?s={search_term_string}\"},\"query-input\":{\"@type\":\"PropertyValueSpecification\",\"valueRequired\":true,\"valueName\":\"search_term_string\"}}],\"inLanguage\":\"fr-FR\"},{\"@type\":\"Organization\",\"@id\":\"https:\/\/www.ricom-web8.com\/gestions\/#organization\",\"name\":\"Gestions hospitali\u00e8res\",\"url\":\"https:\/\/www.ricom-web8.com\/gestions\/\",\"logo\":{\"@type\":\"ImageObject\",\"inLanguage\":\"fr-FR\",\"@id\":\"https:\/\/www.ricom-web8.com\/gestions\/#\/schema\/logo\/image\/\",\"url\":\"https:\/\/gestions-hospitalieres.fr\/wp-content\/uploads\/2017\/02\/picto_Gif-GH-trans.png\",\"contentUrl\":\"https:\/\/gestions-hospitalieres.fr\/wp-content\/uploads\/2017\/02\/picto_Gif-GH-trans.png\",\"width\":512,\"height\":512,\"caption\":\"Gestions hospitali\u00e8res\"},\"image\":{\"@id\":\"https:\/\/www.ricom-web8.com\/gestions\/#\/schema\/logo\/image\/\"},\"sameAs\":[\"https:\/\/www.facebook.com\/gestionshospitalieres\/\",\"https:\/\/x.com\/revue_GH\",\"https:\/\/www.linkedin.com\/company\/gestions-hospitalieres?trk=top_nav_home\"]},{\"@type\":\"Person\",\"@id\":\"https:\/\/www.ricom-web8.com\/gestions\/#\/schema\/person\/3ba9fe913190dfe9507feb621e902c1f\",\"name\":\"Gestions hospitali\u00e8res\",\"image\":{\"@type\":\"ImageObject\",\"inLanguage\":\"fr-FR\",\"@id\":\"https:\/\/www.ricom-web8.com\/gestions\/#\/schema\/person\/image\/\",\"url\":\"https:\/\/secure.gravatar.com\/avatar\/1a0d93e6db5dbe7dac96bae4757d256f?s=96&d=mm&r=g\",\"contentUrl\":\"https:\/\/secure.gravatar.com\/avatar\/1a0d93e6db5dbe7dac96bae4757d256f?s=96&d=mm&r=g\",\"caption\":\"Gestions hospitali\u00e8res\"},\"url\":\"https:\/\/www.ricom-web8.com\/gestions\/author\/benjamin\/\"}]}<\/script>\n<!-- \/ Yoast SEO plugin. -->","yoast_head_json":{"title":"La d\u00e9mat\u00e9rialisation des prescriptions m\u00e9dicales - Gestions hospitali\u00e8res","robots":{"index":"index","follow":"follow","max-snippet":"max-snippet:-1","max-image-preview":"max-image-preview:large","max-video-preview":"max-video-preview:-1"},"canonical":"https:\/\/www.ricom-web8.com\/gestions\/la-dematerialisation-des-prescriptions-medicales-2\/","og_locale":"fr_FR","og_type":"article","og_title":"La d\u00e9mat\u00e9rialisation des prescriptions m\u00e9dicales - Gestions hospitali\u00e8res","og_description":"Temps de lecture\u00a0:  5 minutesLa d\u00e9mat\u00e9rialisation au milieu du gu\u00e9 L\u2019un des axes du plan d\u00e9nomm\u00e9 \u00ab\u2009Ma sant\u00e9 2022\u2009\u00bb est le virage num\u00e9rique consacr\u00e9 par la loi du 24\u00a0juillet 2019 relative \u00e0 l\u2019organisation et \u00e0 la transformation du syst\u00e8me de sant\u00e9 et par l\u2019ordonnance du 18\u00a0novembre 2020 portant mise en \u0153uvre de la prescription \u00e9lectronique. L\u2019assurance maladie propose aux m\u00e9decins de ville et \u00e0 ceux qui exercent en \u00e9tablissement des services de prescriptions d\u00e9mat\u00e9rialis\u00e9es,&hellip;","og_url":"https:\/\/www.ricom-web8.com\/gestions\/la-dematerialisation-des-prescriptions-medicales-2\/","og_site_name":"Gestions hospitali\u00e8res","article_publisher":"https:\/\/www.facebook.com\/gestionshospitalieres\/","article_published_time":"2022-04-01T19:03:42+00:00","article_modified_time":"2022-05-09T09:17:28+00:00","author":"Gestions hospitali\u00e8res","twitter_card":"summary_large_image","twitter_creator":"@revue_GH","twitter_site":"@revue_GH","twitter_misc":{"\u00c9crit par":"Gestions hospitali\u00e8res","Dur\u00e9e de lecture estim\u00e9e":"8 minutes"},"schema":{"@context":"https:\/\/schema.org","@graph":[{"@type":"Article","@id":"https:\/\/www.ricom-web8.com\/gestions\/la-dematerialisation-des-prescriptions-medicales-2\/#article","isPartOf":{"@id":"https:\/\/www.ricom-web8.com\/gestions\/la-dematerialisation-des-prescriptions-medicales-2\/"},"author":{"name":"Gestions hospitali\u00e8res","@id":"https:\/\/www.ricom-web8.com\/gestions\/#\/schema\/person\/3ba9fe913190dfe9507feb621e902c1f"},"headline":"La d\u00e9mat\u00e9rialisation des prescriptions m\u00e9dicales","datePublished":"2022-04-01T19:03:42+00:00","dateModified":"2022-05-09T09:17:28+00:00","mainEntityOfPage":{"@id":"https:\/\/www.ricom-web8.com\/gestions\/la-dematerialisation-des-prescriptions-medicales-2\/"},"wordCount":1604,"publisher":{"@id":"https:\/\/www.ricom-web8.com\/gestions\/#organization"},"keywords":["Amelipro","assurance maladie","certificat m\u00e9dical","Cour des comptes","d\u00e9mat\u00e9rialisation","d\u00e9penses","dossier pharmaceutique","loi Asap","num\u00e9rique","prescription"],"articleSection":["d\u00e9cryptage","Gestions Hospitali\u00e8res"],"inLanguage":"fr-FR"},{"@type":"WebPage","@id":"https:\/\/www.ricom-web8.com\/gestions\/la-dematerialisation-des-prescriptions-medicales-2\/","url":"https:\/\/www.ricom-web8.com\/gestions\/la-dematerialisation-des-prescriptions-medicales-2\/","name":"La d\u00e9mat\u00e9rialisation des prescriptions m\u00e9dicales - Gestions hospitali\u00e8res","isPartOf":{"@id":"https:\/\/www.ricom-web8.com\/gestions\/#website"},"datePublished":"2022-04-01T19:03:42+00:00","dateModified":"2022-05-09T09:17:28+00:00","breadcrumb":{"@id":"https:\/\/www.ricom-web8.com\/gestions\/la-dematerialisation-des-prescriptions-medicales-2\/#breadcrumb"},"inLanguage":"fr-FR","potentialAction":[{"@type":"ReadAction","target":["https:\/\/www.ricom-web8.com\/gestions\/la-dematerialisation-des-prescriptions-medicales-2\/"]}]},{"@type":"BreadcrumbList","@id":"https:\/\/www.ricom-web8.com\/gestions\/la-dematerialisation-des-prescriptions-medicales-2\/#breadcrumb","itemListElement":[{"@type":"ListItem","position":1,"name":"Accueil","item":"https:\/\/www.ricom-web8.com\/gestions\/"},{"@type":"ListItem","position":2,"name":"La d\u00e9mat\u00e9rialisation des prescriptions m\u00e9dicales"}]},{"@type":"WebSite","@id":"https:\/\/www.ricom-web8.com\/gestions\/#website","url":"https:\/\/www.ricom-web8.com\/gestions\/","name":"Gestions hospitali\u00e8res","description":"la revue des d\u00e9cideurs hospitaliers","publisher":{"@id":"https:\/\/www.ricom-web8.com\/gestions\/#organization"},"potentialAction":[{"@type":"SearchAction","target":{"@type":"EntryPoint","urlTemplate":"https:\/\/www.ricom-web8.com\/gestions\/?s={search_term_string}"},"query-input":{"@type":"PropertyValueSpecification","valueRequired":true,"valueName":"search_term_string"}}],"inLanguage":"fr-FR"},{"@type":"Organization","@id":"https:\/\/www.ricom-web8.com\/gestions\/#organization","name":"Gestions hospitali\u00e8res","url":"https:\/\/www.ricom-web8.com\/gestions\/","logo":{"@type":"ImageObject","inLanguage":"fr-FR","@id":"https:\/\/www.ricom-web8.com\/gestions\/#\/schema\/logo\/image\/","url":"https:\/\/gestions-hospitalieres.fr\/wp-content\/uploads\/2017\/02\/picto_Gif-GH-trans.png","contentUrl":"https:\/\/gestions-hospitalieres.fr\/wp-content\/uploads\/2017\/02\/picto_Gif-GH-trans.png","width":512,"height":512,"caption":"Gestions hospitali\u00e8res"},"image":{"@id":"https:\/\/www.ricom-web8.com\/gestions\/#\/schema\/logo\/image\/"},"sameAs":["https:\/\/www.facebook.com\/gestionshospitalieres\/","https:\/\/x.com\/revue_GH","https:\/\/www.linkedin.com\/company\/gestions-hospitalieres?trk=top_nav_home"]},{"@type":"Person","@id":"https:\/\/www.ricom-web8.com\/gestions\/#\/schema\/person\/3ba9fe913190dfe9507feb621e902c1f","name":"Gestions hospitali\u00e8res","image":{"@type":"ImageObject","inLanguage":"fr-FR","@id":"https:\/\/www.ricom-web8.com\/gestions\/#\/schema\/person\/image\/","url":"https:\/\/secure.gravatar.com\/avatar\/1a0d93e6db5dbe7dac96bae4757d256f?s=96&d=mm&r=g","contentUrl":"https:\/\/secure.gravatar.com\/avatar\/1a0d93e6db5dbe7dac96bae4757d256f?s=96&d=mm&r=g","caption":"Gestions hospitali\u00e8res"},"url":"https:\/\/www.ricom-web8.com\/gestions\/author\/benjamin\/"}]}},"_links":{"self":[{"href":"https:\/\/www.ricom-web8.com\/gestions\/wp-json\/wp\/v2\/posts\/44976","targetHints":{"allow":["GET"]}}],"collection":[{"href":"https:\/\/www.ricom-web8.com\/gestions\/wp-json\/wp\/v2\/posts"}],"about":[{"href":"https:\/\/www.ricom-web8.com\/gestions\/wp-json\/wp\/v2\/types\/post"}],"author":[{"embeddable":true,"href":"https:\/\/www.ricom-web8.com\/gestions\/wp-json\/wp\/v2\/users\/23133"}],"replies":[{"embeddable":true,"href":"https:\/\/www.ricom-web8.com\/gestions\/wp-json\/wp\/v2\/comments?post=44976"}],"version-history":[{"count":0,"href":"https:\/\/www.ricom-web8.com\/gestions\/wp-json\/wp\/v2\/posts\/44976\/revisions"}],"wp:attachment":[{"href":"https:\/\/www.ricom-web8.com\/gestions\/wp-json\/wp\/v2\/media?parent=44976"}],"wp:term":[{"taxonomy":"category","embeddable":true,"href":"https:\/\/www.ricom-web8.com\/gestions\/wp-json\/wp\/v2\/categories?post=44976"},{"taxonomy":"post_tag","embeddable":true,"href":"https:\/\/www.ricom-web8.com\/gestions\/wp-json\/wp\/v2\/tags?post=44976"}],"curies":[{"name":"wp","href":"https:\/\/api.w.org\/{rel}","templated":true}]}}