

{"id":45264,"date":"2022-06-01T16:17:47","date_gmt":"2022-06-01T14:17:47","guid":{"rendered":"https:\/\/gestions-hospitalieres.fr\/?p=45264"},"modified":"2022-07-19T16:35:53","modified_gmt":"2022-07-19T14:35:53","slug":"crise-des-urgences","status":"publish","type":"post","link":"https:\/\/www.ricom-web8.com\/gestions\/crise-des-urgences\/","title":{"rendered":"Crise des urgences"},"content":{"rendered":"<span class=\"span-reading-time rt-reading-time\" style=\"display: block;\"><span class=\"rt-label rt-prefix\">Temps de lecture\u00a0: <\/span> <span class=\"rt-time\"> 5<\/span> <span class=\"rt-label rt-postfix\">minutes<\/span><\/span><h2>Associer les services d\u2019urgence \u00e0 la structuration et mise en \u0153uvre des CPTS<\/h2>\n<p>Les CPTS ont \u00e9t\u00e9 institu\u00e9es en 2016<sup class=\"appel\" data-toggle=\"modal\" data-target=\"#notes\">(2)<\/sup>, mais leur cadre juridique ne s\u2019est structur\u00e9 qu\u2019\u00e0 partir du plan \u00ab\u2009Ma sant\u00e9 2022\u2009\u00bb.<\/p>\n<p>Selon l\u2019article L.\u20091434-12 du code de la sant\u00e9 publique (CSP), \u00ab\u2009des professionnels de sant\u00e9 peuvent d\u00e9cider de se constituer en communaut\u00e9 professionnelle territoriale de sant\u00e9. [\u2026] La communaut\u00e9 professionnelle territoriale de sant\u00e9 est compos\u00e9e de professionnels de sant\u00e9 regroup\u00e9s, le cas \u00e9ch\u00e9ant, sous la forme d\u2019une ou de plusieurs \u00e9quipes de soins primaires, d\u2019acteurs assurant des soins de premier ou de deuxi\u00e8me recours, [\u2026] et d\u2019acteurs m\u00e9dico-sociaux et sociaux concourant \u00e0 la r\u00e9alisation des objectifs du projet r\u00e9gional de sant\u00e9\u2009\u00bb.<\/p>\n<p>Beaucoup d\u2019\u00e9tablissements de sant\u00e9 disent \u00e9prouver des difficult\u00e9s \u00e0 int\u00e9grer les CPTS de leur territoire, \u00e0 l\u2019exception des h\u00f4pitaux de proximit\u00e9 (ou ex-h\u00f4pitaux locaux) qui ont d\u00e9velopp\u00e9 de longue date une collaboration avec les acteurs de la m\u00e9decine de ville. Globalement, une d\u00e9fiance des lib\u00e9raux subsiste \u00e0 l\u2019\u00e9gard de l\u2019adh\u00e9sion des h\u00f4pitaux \u00e0 leur CPTS.<\/p>\n<p>C\u2019est d\u2019abord une question de gouvernance, de pilotage de projet\u2009: \u00ab\u2009La CPTS est pleinement inscrite dans son environnement. [\u2026] Les acteurs indispensables \u00e0 la mise en \u0153uvre de chacune des missions projet\u00e9es (ex.\u2009: service d\u2019accueil des urgences (SAU) s\u2019agissant des soins non programm\u00e9s) sont parties prenantes au projet de sant\u00e9, que ce soit par le biais d\u2019un partenariat formalis\u00e9 ou d\u2019une participation directe \u00e0 la gouvernance de la CPTS. \u00c0 ce titre, s\u2019il ne peut pas \u00eatre exig\u00e9 de chaque CPTS qu\u2019elle int\u00e8gre d\u00e8s le d\u00e9part au sein de ses membres ou partenaires, des personnes morales (\u00e9tablissements de sant\u00e9 ou m\u00e9dico-sociaux), il ne pourra en revanche pas \u00eatre valid\u00e9 de projet excluant <i>a priori<\/i> ce type d\u2019organisation.<sup class=\"appel\" data-toggle=\"modal\" data-target=\"#notes\">(3)<\/sup>\u2009\u00bb<\/p>\n<p>La question de la r\u00e9gulation des soins non programm\u00e9s n\u2019est \u00e9videmment pas le seul point de collaboration ville\/h\u00f4pital, mais il est aujourd\u2019hui prioritaire, \u00e0 tout le moins urgent. Certes, les services d&#8217;urgence n\u2019ont pas la personnalit\u00e9 morale pour si\u00e9ger en tant que tels dans les CPTS, c\u2019est donc une repr\u00e9sentation institutionnelle des \u00e9tablissements de sant\u00e9 qui est propos\u00e9e aux CPTS, en conformit\u00e9 au mod\u00e8le juridique. Pour autant, l\u2019effectivit\u00e9 de la coop\u00e9ration suppose de r\u00e9unir autour de la table les acteurs de terrain. Les professionnels des urgences devraient donc pouvoir participer directement aux \u00e9changes de fond par le biais de leurs repr\u00e9sentants (chef de service chef de p\u00f4le, cadre de service), afin que la collaboration se noue rapidement autour des probl\u00e9matiques les plus op\u00e9rationnelles\u2009: motifs cliniques d\u2019admission aux urgences, parcours patient, retour au domicile apr\u00e8s un passage, admission directe en hospitalisation, transmission des donn\u00e9es patients dans les deux sens\u2026<\/p>\n<p>Il faut donc que la gouvernance des CPTS associe formellement et tr\u00e8s concr\u00e8tement des repr\u00e9sentants des services d\u2019urgence du territoire. C\u2019est une condition <i>sine qua non<\/i> de la collaboration.<\/p>\n<h2>Le devenir de la CPTS d\u00e9pend aussi du fonctionnement des urgences<\/h2>\n<p>Les professionnels hospitaliers ne l\u2019ont pas forc\u00e9ment r\u00e9alis\u00e9, mais les CPTS sont \u00ab\u2009int\u00e9ress\u00e9es\u2009\u00bb \u00e0 la fluidit\u00e9 de l\u2019acc\u00e8s aux soins non programm\u00e9s. Le minist\u00e8re d\u00e9taille sur ce point ses exigences\u2009: \u00ab\u2009L\u2019organisation coordonn\u00e9e pluriprofessionnelle mise en place au niveau d\u2019une communaut\u00e9 professionnelle [\u2026] doit pouvoir proposer une organisation visant \u00e0 permettre la prise en charge le jour m\u00eame ou dans les 24\u00a0heures de la demande d\u2019un patient du territoire en situation d\u2019urgence non vitale. [\u2026] Pour r\u00e9aliser cette mission, la communaut\u00e9 professionnelle doit identifier les organisations d\u00e9j\u00e0 existantes et les carences pour d\u00e9finir des solutions d\u2019organisation \u00e0 mettre en place en fonction des besoins identifi\u00e9s lors du diagnostic territorial\u2009: \u00e0 titre d\u2019exemple, plages de soins non programm\u00e9s \u00e0 ouvrir par les m\u00e9decins du territoire dans le cadre d\u2019une r\u00e9gulation territoriale, r\u00f4le des maisons de garde hors organisation de la PDSA, acc\u00e8s simple \u00e0 des examens de radiologie\/biologie, acc\u00e8s \u00e0 un second recours, mise en place de protocoles entre professionnels de sant\u00e9, ou autres dispositions d\u2019organisation propre aux professionnels du territoire.<sup class=\"appel\" data-toggle=\"modal\" data-target=\"#notes\">(4)<\/sup>\u2009\u00bb<span class=\"Apple-converted-space\">\u00a0<\/span><\/p>\n<blockquote><p>Les CPTS sont financi\u00e8rement int\u00e9ress\u00e9es au d\u00e9sengorgement des services d\u2019urgence.<\/p><\/blockquote>\n<p>La contractualisation des centres hospitaliers et de leurs services d\u2019urgence avec les CPTS sur les soins non programm\u00e9s ne saurait se contenter de v\u0153ux pieux. Elle doit porter sur des engagements concrets qui permettent\u2009:<\/p>\n<ul>\n<li>aux lib\u00e9raux d\u2019acc\u00e9der \u00e0 une solution de prise en charge non programm\u00e9e\u2009;<\/li>\n<li>aux \u00e9tablissements de sant\u00e9 de fluidifier et d\u00e9sengorger leurs services d\u2019urgence.<\/li>\n<\/ul>\n<p>L\u2019\u00e9l\u00e9ment d\u00e9terminant en la mati\u00e8re sera la capacit\u00e9 des acteurs \u00e0 contractualiser sur la base d\u2019une r\u00e9ciprocit\u00e9 des engagements. Par exemple, l\u2019engagement du lib\u00e9ral \u00e0 ne pas orienter le patient aux urgences pour un patient ayant besoin d\u2019une prise en charge hospitali\u00e8re, en contrepartie de l\u2019engagement de l\u2019\u00e9tablissement \u00e0 proposer une hospitalisation \u00e0 tr\u00e8s bref d\u00e9lai. Il peut \u00e9galement s\u2019agir de protocoles de prise en charge, voire de protocoles de coop\u00e9ration \u00e9tablis en lien avec l\u2019h\u00f4pital, qui pourraient permettre d\u2019\u00e9viter le passage aux urgences en formant et outillant les professionnels de premier recours pour apporter une premi\u00e8re r\u00e9ponse au patient.<\/p>\n<p>Cette logique de r\u00e9ciprocit\u00e9 est cruciale, elle permet d\u2019entrer dans une v\u00e9ritable logique gagnant-gagnant entre les professionnels de premier recours et les hospitaliers.<\/p>\n<p>De nombreux \u00e9tablissements l\u2019ignorent, mais parmi les missions obligatoires des CPTS (dites \u00ab\u2009missions socles\u2009\u00bb) figure celle de l\u2019am\u00e9lioration de la prise en charge des soins non programm\u00e9s en ville. Cette mission conditionne une partie des financements de la CPTS, pour un montant pouvant aller de 35\u2009000 \u00e0 70\u2009000\u00a0\u20ac par an selon la taille de la CPTS\u2009!<\/p>\n<p>Des indicateurs devront valoriser l\u2019intensit\u00e9 des moyens mis en \u0153uvre par la communaut\u00e9 professionnelle pour atteindre les objectifs d\u00e9clin\u00e9s dans le contrat conclu avec l\u2019assurance maladie, et mesurer l\u2019impact des actions de la CPTS sur le territoire, sur cette mission notamment.<\/p>\n<p>Or, parmi les indicateurs retenus figurent les suivants\u2009:<\/p>\n<ul>\n<li>taux de passages aux urgences g\u00e9n\u00e9rales, p\u00e9diatriques et de gyn\u00e9cologie-obst\u00e9trique non suivis d\u2019hospitalisation (indicateur d\u00e9croissant)\u2009;<\/li>\n<li>part des admissions directes en hospitalisation adress\u00e9es par un professionnel de sant\u00e9 de ville (indicateur croissant)\u2009;<\/li>\n<li>augmentation du nombre de consultations enregistr\u00e9es dans le cadre de l\u2019organisation de traitement et d\u2019orientation territoriale mise en place pour prendre en charge les soins non programm\u00e9s<sup class=\"appel\" data-toggle=\"modal\" data-target=\"#notes\">(5)<\/sup>.<\/li>\n<\/ul>\n<p>C\u2019est dire si les CPTS sont (financi\u00e8rement) int\u00e9ress\u00e9es au d\u00e9sengorgement des services d&#8217;urgence\u2009!<\/p>\n<p>Obligation de r\u00e9sultat donc, mais libert\u00e9 d\u2019organisation et de choix dans les moyens d\u00e9ploy\u00e9s, y compris dans les modalit\u00e9s de la collaboration d\u00e9velopp\u00e9e avec les services d\u2019urgence.<\/p>\n<h2>Les urgences sont int\u00e9ress\u00e9es au d\u00e9veloppement de dispositifs innovants sur les soins de premier recours\u2009!<\/h2>\n<p>L\u2019article L.4011-4 CSP a ouvert la voie, d\u00e9sormais beaucoup plus praticable, \u00e0 l\u2019\u00e9laboration de protocoles de coop\u00e9ration qui permettent de d\u00e9roger aux r\u00e8gles de comp\u00e9tences r\u00e9glementaires des professions de sant\u00e9.<\/p>\n<p>Ce dispositif a enfin d\u00e9coll\u00e9, notamment gr\u00e2ce \u00e0 une simplification majeure de la proc\u00e9dure de conception et de d\u00e9ploiement des protocoles par les professionnels<sup class=\"appel\" data-toggle=\"modal\" data-target=\"#notes\">(6)<\/sup>. Si les services d&#8217;urgence d\u00e9veloppent des protocoles adapt\u00e9s \u00e0 leurs probl\u00e9matiques<sup class=\"appel\" data-toggle=\"modal\" data-target=\"#notes\">(7)<\/sup>, ils ont tout int\u00e9r\u00eat \u00e0 conna\u00eetre \u00e9galement les protocoles d\u00e9ploy\u00e9s par les acteurs de premier recours de leur territoire, qui peuvent contribuer \u00e0 diminuer le recours aux services d\u2019urgence. Parmi eux, on citera\u2009:<\/p>\n<ul>\n<li>la \u00ab\u2009prise en charge du traumatisme en torsion de la cheville par le masseur-kin\u00e9sith\u00e9rapeute dans le cadre d\u2019une structure pluriprofessionnelle\u2009\u00bb\u2009;<\/li>\n<li>la \u00ab\u2009prise en charge de la pollakiurie et de la br\u00fblure mictionnelle chez la femme de 16 \u00e0 65\u00a0ans par l\u2019infirmier dipl\u00f4m\u00e9 d\u2019\u00c9tat et le pharmacien d\u2019officine dans le cadre d\u2019une structure pluriprofessionnelle\u2009\u00bb\u2009;<\/li>\n<li>la \u00ab\u2009prise en charge de la douleur lombaire aigu\u00eb inf\u00e9rieure \u00e0 4 semaines par le masseur-kin\u00e9sith\u00e9rapeute dans le cadre d\u2019une structure pluriprofessionnelle\u2009\u00bb\u2009;<\/li>\n<li>la \u00ab\u2009prise en charge de l\u2019enfant de 12 mois \u00e0 12 ans de l\u2019\u00e9ruption cutan\u00e9e v\u00e9siculeuse prurigineuse par l\u2019infirmier dipl\u00f4m\u00e9 d\u2019\u00c9tat ou le pharmacien d\u2019officine dans le cadre d\u2019une structure pluriprofessionnelle\u2009\u00bb.<\/li>\n<\/ul>\n<p>Pour chacun d\u2019eux, l\u2019un des objectifs explicitement pos\u00e9s du protocole est de \u00ab\u2009diminuer le recours \u00e0 la permanence des soins (urgences et PDSA)\u2009\u00bb, voire de \u00ab\u2009diminuer le recours aux services d\u2019urgence\u2009\u00bb. On regrettera seulement que le protocole n\u2019ait pas pos\u00e9 en miroir, comme c\u2019est le cas pour les contrats tripartites des CPTS, un indicateur d\u2019\u00e9valuation portant sur la baisse du nombre de passages aux urgences pour ces motifs cliniques.<\/p>\n<p>Mais, globalement, ces protocoles sont un v\u00e9ritable outil, au service des acteurs de sant\u00e9 lib\u00e9raux et hospitaliers, pour am\u00e9liorer l\u2019orientation des patients dans le syst\u00e8me de sant\u00e9 et redonner du souffle aux services d\u2019urgence.<\/p>\n<p>Il ne s\u2019agit l\u00e0 que de quelques illustrations d\u2019une tendance de fond pour am\u00e9liorer des soins de premier recours, au b\u00e9n\u00e9fice indirect mais certain des services d\u2019urgence. Les dispositifs exp\u00e9rimentaux ouverts par l\u2019article\u00a051 de la loi de financement de la s\u00e9curit\u00e9 sociale (LFSS) pour 2018 en constituent d\u2019autres<sup class=\"appel\" data-toggle=\"modal\" data-target=\"#notes\">(8)<\/sup>. Les services d&#8217;urgence doivent non seulement les conna\u00eetre, mais utiliser tous ces leviers dans la cr\u00e9ation d\u2019une v\u00e9ritable culture collaborative avec les acteurs de premier recours. Un vaste territoire \u00e0 d\u00e9fricher\u2009!<\/p>\n<script>function PlayerjsAsync(){} if(window[\"Playerjs\"]){PlayerjsAsync();}<\/script>","protected":false},"excerpt":{"rendered":"<p><span class=\"span-reading-time rt-reading-time\" style=\"display: block;\"><span class=\"rt-label rt-prefix\">Temps de lecture\u00a0: <\/span> <span class=\"rt-time\"> 5<\/span> <span class=\"rt-label rt-postfix\">minutes<\/span><\/span>Associer les services d\u2019urgence \u00e0 la structuration et mise en \u0153uvre des CPTS Les CPTS ont \u00e9t\u00e9 institu\u00e9es en 2016(2), mais leur cadre juridique ne s\u2019est structur\u00e9 qu\u2019\u00e0 partir du plan \u00ab\u2009Ma sant\u00e9 2022\u2009\u00bb. Selon l\u2019article L.\u20091434-12 du code de la sant\u00e9 publique (CSP), \u00ab\u2009des professionnels de sant\u00e9 peuvent d\u00e9cider de se constituer en communaut\u00e9 professionnelle territoriale de sant\u00e9. [\u2026] La communaut\u00e9 professionnelle territoriale de sant\u00e9 est compos\u00e9e de professionnels&hellip; <\/p>\n","protected":false},"author":23133,"featured_media":0,"comment_status":"closed","ping_status":"closed","sticky":false,"template":"","format":"standard","meta":{"_acf_changed":false,"_relevanssi_hide_post":"","_relevanssi_hide_content":"","_relevanssi_pin_for_all":"","_relevanssi_pin_keywords":"","_relevanssi_unpin_keywords":"","_relevanssi_related_keywords":"","_relevanssi_related_include_ids":"","_relevanssi_related_exclude_ids":"","_relevanssi_related_no_append":"","_relevanssi_related_not_related":"","_relevanssi_related_posts":"","_relevanssi_noindex_reason":"","footnotes":""},"categories":[2,70],"tags":[7055,1185,9163,4286,6903,324],"class_list":["post-45264","post","type-post","status-publish","format-standard","hentry","category-gestions-hospitalieres","category-jurisante","tag-cpts","tag-crise","tag-exercice-coordonne","tag-medecine-de-ville","tag-soins-de-premier-recours","tag-urgences"],"acf":[],"yoast_head":"<!-- This site is optimized with the Yoast SEO plugin v24.8.1 - https:\/\/yoast.com\/wordpress\/plugins\/seo\/ -->\n<title>Crise des urgences - Gestions hospitali\u00e8res<\/title>\n<meta name=\"robots\" content=\"index, follow, max-snippet:-1, max-image-preview:large, max-video-preview:-1\" \/>\n<link rel=\"canonical\" href=\"https:\/\/www.ricom-web8.com\/gestions\/crise-des-urgences\/\" \/>\n<meta property=\"og:locale\" content=\"fr_FR\" \/>\n<meta property=\"og:type\" content=\"article\" \/>\n<meta property=\"og:title\" content=\"Crise des urgences - Gestions hospitali\u00e8res\" \/>\n<meta property=\"og:description\" content=\"Temps de lecture\u00a0:  5 minutesAssocier les services d\u2019urgence \u00e0 la structuration et mise en \u0153uvre des CPTS Les CPTS ont \u00e9t\u00e9 institu\u00e9es en 2016(2), mais leur cadre juridique ne s\u2019est structur\u00e9 qu\u2019\u00e0 partir du plan \u00ab\u2009Ma sant\u00e9 2022\u2009\u00bb. Selon l\u2019article L.\u20091434-12 du code de la sant\u00e9 publique (CSP), \u00ab\u2009des professionnels de sant\u00e9 peuvent d\u00e9cider de se constituer en communaut\u00e9 professionnelle territoriale de sant\u00e9. [\u2026] La communaut\u00e9 professionnelle territoriale de sant\u00e9 est compos\u00e9e de professionnels&hellip;\" \/>\n<meta property=\"og:url\" content=\"https:\/\/www.ricom-web8.com\/gestions\/crise-des-urgences\/\" \/>\n<meta property=\"og:site_name\" content=\"Gestions hospitali\u00e8res\" \/>\n<meta property=\"article:publisher\" content=\"https:\/\/www.facebook.com\/gestionshospitalieres\/\" \/>\n<meta property=\"article:published_time\" content=\"2022-06-01T14:17:47+00:00\" \/>\n<meta property=\"article:modified_time\" content=\"2022-07-19T14:35:53+00:00\" \/>\n<meta name=\"author\" content=\"Gestions hospitali\u00e8res\" \/>\n<meta name=\"twitter:card\" content=\"summary_large_image\" \/>\n<meta name=\"twitter:creator\" content=\"@revue_GH\" \/>\n<meta name=\"twitter:site\" content=\"@revue_GH\" \/>\n<meta name=\"twitter:label1\" content=\"\u00c9crit par\" \/>\n\t<meta name=\"twitter:data1\" content=\"Gestions hospitali\u00e8res\" \/>\n\t<meta name=\"twitter:label2\" content=\"Dur\u00e9e de lecture estim\u00e9e\" \/>\n\t<meta name=\"twitter:data2\" content=\"8 minutes\" \/>\n<script type=\"application\/ld+json\" class=\"yoast-schema-graph\">{\"@context\":\"https:\/\/schema.org\",\"@graph\":[{\"@type\":\"Article\",\"@id\":\"https:\/\/www.ricom-web8.com\/gestions\/crise-des-urgences\/#article\",\"isPartOf\":{\"@id\":\"https:\/\/www.ricom-web8.com\/gestions\/crise-des-urgences\/\"},\"author\":{\"name\":\"Gestions hospitali\u00e8res\",\"@id\":\"https:\/\/www.ricom-web8.com\/gestions\/#\/schema\/person\/3ba9fe913190dfe9507feb621e902c1f\"},\"headline\":\"Crise des urgences\",\"datePublished\":\"2022-06-01T14:17:47+00:00\",\"dateModified\":\"2022-07-19T14:35:53+00:00\",\"mainEntityOfPage\":{\"@id\":\"https:\/\/www.ricom-web8.com\/gestions\/crise-des-urgences\/\"},\"wordCount\":1648,\"publisher\":{\"@id\":\"https:\/\/www.ricom-web8.com\/gestions\/#organization\"},\"keywords\":[\"CPTS\",\"crise\",\"exercice coordonn\u00e9\",\"m\u00e9decine de ville\",\"soins de premier recours\",\"urgences\"],\"articleSection\":[\"Gestions Hospitali\u00e8res\",\"JuriSant\u00e9\"],\"inLanguage\":\"fr-FR\"},{\"@type\":\"WebPage\",\"@id\":\"https:\/\/www.ricom-web8.com\/gestions\/crise-des-urgences\/\",\"url\":\"https:\/\/www.ricom-web8.com\/gestions\/crise-des-urgences\/\",\"name\":\"Crise des urgences - Gestions hospitali\u00e8res\",\"isPartOf\":{\"@id\":\"https:\/\/www.ricom-web8.com\/gestions\/#website\"},\"datePublished\":\"2022-06-01T14:17:47+00:00\",\"dateModified\":\"2022-07-19T14:35:53+00:00\",\"breadcrumb\":{\"@id\":\"https:\/\/www.ricom-web8.com\/gestions\/crise-des-urgences\/#breadcrumb\"},\"inLanguage\":\"fr-FR\",\"potentialAction\":[{\"@type\":\"ReadAction\",\"target\":[\"https:\/\/www.ricom-web8.com\/gestions\/crise-des-urgences\/\"]}]},{\"@type\":\"BreadcrumbList\",\"@id\":\"https:\/\/www.ricom-web8.com\/gestions\/crise-des-urgences\/#breadcrumb\",\"itemListElement\":[{\"@type\":\"ListItem\",\"position\":1,\"name\":\"Accueil\",\"item\":\"https:\/\/www.ricom-web8.com\/gestions\/\"},{\"@type\":\"ListItem\",\"position\":2,\"name\":\"Crise des urgences\"}]},{\"@type\":\"WebSite\",\"@id\":\"https:\/\/www.ricom-web8.com\/gestions\/#website\",\"url\":\"https:\/\/www.ricom-web8.com\/gestions\/\",\"name\":\"Gestions hospitali\u00e8res\",\"description\":\"la revue des d\u00e9cideurs hospitaliers\",\"publisher\":{\"@id\":\"https:\/\/www.ricom-web8.com\/gestions\/#organization\"},\"potentialAction\":[{\"@type\":\"SearchAction\",\"target\":{\"@type\":\"EntryPoint\",\"urlTemplate\":\"https:\/\/www.ricom-web8.com\/gestions\/?s={search_term_string}\"},\"query-input\":{\"@type\":\"PropertyValueSpecification\",\"valueRequired\":true,\"valueName\":\"search_term_string\"}}],\"inLanguage\":\"fr-FR\"},{\"@type\":\"Organization\",\"@id\":\"https:\/\/www.ricom-web8.com\/gestions\/#organization\",\"name\":\"Gestions hospitali\u00e8res\",\"url\":\"https:\/\/www.ricom-web8.com\/gestions\/\",\"logo\":{\"@type\":\"ImageObject\",\"inLanguage\":\"fr-FR\",\"@id\":\"https:\/\/www.ricom-web8.com\/gestions\/#\/schema\/logo\/image\/\",\"url\":\"https:\/\/gestions-hospitalieres.fr\/wp-content\/uploads\/2017\/02\/picto_Gif-GH-trans.png\",\"contentUrl\":\"https:\/\/gestions-hospitalieres.fr\/wp-content\/uploads\/2017\/02\/picto_Gif-GH-trans.png\",\"width\":512,\"height\":512,\"caption\":\"Gestions hospitali\u00e8res\"},\"image\":{\"@id\":\"https:\/\/www.ricom-web8.com\/gestions\/#\/schema\/logo\/image\/\"},\"sameAs\":[\"https:\/\/www.facebook.com\/gestionshospitalieres\/\",\"https:\/\/x.com\/revue_GH\",\"https:\/\/www.linkedin.com\/company\/gestions-hospitalieres?trk=top_nav_home\"]},{\"@type\":\"Person\",\"@id\":\"https:\/\/www.ricom-web8.com\/gestions\/#\/schema\/person\/3ba9fe913190dfe9507feb621e902c1f\",\"name\":\"Gestions hospitali\u00e8res\",\"image\":{\"@type\":\"ImageObject\",\"inLanguage\":\"fr-FR\",\"@id\":\"https:\/\/www.ricom-web8.com\/gestions\/#\/schema\/person\/image\/\",\"url\":\"https:\/\/secure.gravatar.com\/avatar\/1a0d93e6db5dbe7dac96bae4757d256f?s=96&d=mm&r=g\",\"contentUrl\":\"https:\/\/secure.gravatar.com\/avatar\/1a0d93e6db5dbe7dac96bae4757d256f?s=96&d=mm&r=g\",\"caption\":\"Gestions hospitali\u00e8res\"},\"url\":\"https:\/\/www.ricom-web8.com\/gestions\/author\/benjamin\/\"}]}<\/script>\n<!-- \/ Yoast SEO plugin. -->","yoast_head_json":{"title":"Crise des urgences - Gestions hospitali\u00e8res","robots":{"index":"index","follow":"follow","max-snippet":"max-snippet:-1","max-image-preview":"max-image-preview:large","max-video-preview":"max-video-preview:-1"},"canonical":"https:\/\/www.ricom-web8.com\/gestions\/crise-des-urgences\/","og_locale":"fr_FR","og_type":"article","og_title":"Crise des urgences - Gestions hospitali\u00e8res","og_description":"Temps de lecture\u00a0:  5 minutesAssocier les services d\u2019urgence \u00e0 la structuration et mise en \u0153uvre des CPTS Les CPTS ont \u00e9t\u00e9 institu\u00e9es en 2016(2), mais leur cadre juridique ne s\u2019est structur\u00e9 qu\u2019\u00e0 partir du plan \u00ab\u2009Ma sant\u00e9 2022\u2009\u00bb. Selon l\u2019article L.\u20091434-12 du code de la sant\u00e9 publique (CSP), \u00ab\u2009des professionnels de sant\u00e9 peuvent d\u00e9cider de se constituer en communaut\u00e9 professionnelle territoriale de sant\u00e9. [\u2026] La communaut\u00e9 professionnelle territoriale de sant\u00e9 est compos\u00e9e de professionnels&hellip;","og_url":"https:\/\/www.ricom-web8.com\/gestions\/crise-des-urgences\/","og_site_name":"Gestions hospitali\u00e8res","article_publisher":"https:\/\/www.facebook.com\/gestionshospitalieres\/","article_published_time":"2022-06-01T14:17:47+00:00","article_modified_time":"2022-07-19T14:35:53+00:00","author":"Gestions hospitali\u00e8res","twitter_card":"summary_large_image","twitter_creator":"@revue_GH","twitter_site":"@revue_GH","twitter_misc":{"\u00c9crit par":"Gestions hospitali\u00e8res","Dur\u00e9e de lecture estim\u00e9e":"8 minutes"},"schema":{"@context":"https:\/\/schema.org","@graph":[{"@type":"Article","@id":"https:\/\/www.ricom-web8.com\/gestions\/crise-des-urgences\/#article","isPartOf":{"@id":"https:\/\/www.ricom-web8.com\/gestions\/crise-des-urgences\/"},"author":{"name":"Gestions hospitali\u00e8res","@id":"https:\/\/www.ricom-web8.com\/gestions\/#\/schema\/person\/3ba9fe913190dfe9507feb621e902c1f"},"headline":"Crise des urgences","datePublished":"2022-06-01T14:17:47+00:00","dateModified":"2022-07-19T14:35:53+00:00","mainEntityOfPage":{"@id":"https:\/\/www.ricom-web8.com\/gestions\/crise-des-urgences\/"},"wordCount":1648,"publisher":{"@id":"https:\/\/www.ricom-web8.com\/gestions\/#organization"},"keywords":["CPTS","crise","exercice coordonn\u00e9","m\u00e9decine de ville","soins de premier recours","urgences"],"articleSection":["Gestions Hospitali\u00e8res","JuriSant\u00e9"],"inLanguage":"fr-FR"},{"@type":"WebPage","@id":"https:\/\/www.ricom-web8.com\/gestions\/crise-des-urgences\/","url":"https:\/\/www.ricom-web8.com\/gestions\/crise-des-urgences\/","name":"Crise des urgences - Gestions hospitali\u00e8res","isPartOf":{"@id":"https:\/\/www.ricom-web8.com\/gestions\/#website"},"datePublished":"2022-06-01T14:17:47+00:00","dateModified":"2022-07-19T14:35:53+00:00","breadcrumb":{"@id":"https:\/\/www.ricom-web8.com\/gestions\/crise-des-urgences\/#breadcrumb"},"inLanguage":"fr-FR","potentialAction":[{"@type":"ReadAction","target":["https:\/\/www.ricom-web8.com\/gestions\/crise-des-urgences\/"]}]},{"@type":"BreadcrumbList","@id":"https:\/\/www.ricom-web8.com\/gestions\/crise-des-urgences\/#breadcrumb","itemListElement":[{"@type":"ListItem","position":1,"name":"Accueil","item":"https:\/\/www.ricom-web8.com\/gestions\/"},{"@type":"ListItem","position":2,"name":"Crise des urgences"}]},{"@type":"WebSite","@id":"https:\/\/www.ricom-web8.com\/gestions\/#website","url":"https:\/\/www.ricom-web8.com\/gestions\/","name":"Gestions hospitali\u00e8res","description":"la revue des d\u00e9cideurs hospitaliers","publisher":{"@id":"https:\/\/www.ricom-web8.com\/gestions\/#organization"},"potentialAction":[{"@type":"SearchAction","target":{"@type":"EntryPoint","urlTemplate":"https:\/\/www.ricom-web8.com\/gestions\/?s={search_term_string}"},"query-input":{"@type":"PropertyValueSpecification","valueRequired":true,"valueName":"search_term_string"}}],"inLanguage":"fr-FR"},{"@type":"Organization","@id":"https:\/\/www.ricom-web8.com\/gestions\/#organization","name":"Gestions hospitali\u00e8res","url":"https:\/\/www.ricom-web8.com\/gestions\/","logo":{"@type":"ImageObject","inLanguage":"fr-FR","@id":"https:\/\/www.ricom-web8.com\/gestions\/#\/schema\/logo\/image\/","url":"https:\/\/gestions-hospitalieres.fr\/wp-content\/uploads\/2017\/02\/picto_Gif-GH-trans.png","contentUrl":"https:\/\/gestions-hospitalieres.fr\/wp-content\/uploads\/2017\/02\/picto_Gif-GH-trans.png","width":512,"height":512,"caption":"Gestions hospitali\u00e8res"},"image":{"@id":"https:\/\/www.ricom-web8.com\/gestions\/#\/schema\/logo\/image\/"},"sameAs":["https:\/\/www.facebook.com\/gestionshospitalieres\/","https:\/\/x.com\/revue_GH","https:\/\/www.linkedin.com\/company\/gestions-hospitalieres?trk=top_nav_home"]},{"@type":"Person","@id":"https:\/\/www.ricom-web8.com\/gestions\/#\/schema\/person\/3ba9fe913190dfe9507feb621e902c1f","name":"Gestions hospitali\u00e8res","image":{"@type":"ImageObject","inLanguage":"fr-FR","@id":"https:\/\/www.ricom-web8.com\/gestions\/#\/schema\/person\/image\/","url":"https:\/\/secure.gravatar.com\/avatar\/1a0d93e6db5dbe7dac96bae4757d256f?s=96&d=mm&r=g","contentUrl":"https:\/\/secure.gravatar.com\/avatar\/1a0d93e6db5dbe7dac96bae4757d256f?s=96&d=mm&r=g","caption":"Gestions hospitali\u00e8res"},"url":"https:\/\/www.ricom-web8.com\/gestions\/author\/benjamin\/"}]}},"_links":{"self":[{"href":"https:\/\/www.ricom-web8.com\/gestions\/wp-json\/wp\/v2\/posts\/45264","targetHints":{"allow":["GET"]}}],"collection":[{"href":"https:\/\/www.ricom-web8.com\/gestions\/wp-json\/wp\/v2\/posts"}],"about":[{"href":"https:\/\/www.ricom-web8.com\/gestions\/wp-json\/wp\/v2\/types\/post"}],"author":[{"embeddable":true,"href":"https:\/\/www.ricom-web8.com\/gestions\/wp-json\/wp\/v2\/users\/23133"}],"replies":[{"embeddable":true,"href":"https:\/\/www.ricom-web8.com\/gestions\/wp-json\/wp\/v2\/comments?post=45264"}],"version-history":[{"count":0,"href":"https:\/\/www.ricom-web8.com\/gestions\/wp-json\/wp\/v2\/posts\/45264\/revisions"}],"wp:attachment":[{"href":"https:\/\/www.ricom-web8.com\/gestions\/wp-json\/wp\/v2\/media?parent=45264"}],"wp:term":[{"taxonomy":"category","embeddable":true,"href":"https:\/\/www.ricom-web8.com\/gestions\/wp-json\/wp\/v2\/categories?post=45264"},{"taxonomy":"post_tag","embeddable":true,"href":"https:\/\/www.ricom-web8.com\/gestions\/wp-json\/wp\/v2\/tags?post=45264"}],"curies":[{"name":"wp","href":"https:\/\/api.w.org\/{rel}","templated":true}]}}