

{"id":45518,"date":"2022-10-01T16:51:28","date_gmt":"2022-10-01T14:51:28","guid":{"rendered":"https:\/\/gestions-hospitalieres.fr\/?p=45518"},"modified":"2022-11-02T10:30:14","modified_gmt":"2022-11-02T09:30:14","slug":"la-personnalite-en-management","status":"publish","type":"post","link":"https:\/\/www.ricom-web8.com\/gestions\/la-personnalite-en-management\/","title":{"rendered":"La personnalit\u00e9 en management"},"content":{"rendered":"<span class=\"span-reading-time rt-reading-time\" style=\"display: block;\"><span class=\"rt-label rt-prefix\">Temps de lecture\u00a0: <\/span> <span class=\"rt-time\"> 10<\/span> <span class=\"rt-label rt-postfix\">minutes<\/span><\/span><h1>De l\u2019importance de percevoir le caract\u00e8re des individus<\/h1>\n<p>Le caract\u00e8re est une notion complexe dans le champ lexical de l\u2019identit\u00e9. Pour d\u00e9finir qui nous sommes, nous parlons indistinctement d\u2019humeur, de caract\u00e8re, de personnalit\u00e9, de comportement, de passions, d\u2019\u00e9motions, de pulsions. Cette complexit\u00e9 rebute de prime abord. Du caract\u00e8re, les managers s\u2019en d\u00e9fendent, laissant ce sujet \u00e0 la psychologie. Au moment de poursuivre l\u2019analyse, les sciences humaines elles-m\u00eames redoublent leur r\u00e9flexion en divisant l\u2019individu entre le sujet et son comportement\u2009: le premier serait libre et authentique, le second d\u00e9termin\u00e9 et influen\u00e7able. Pourtant, le management doit conserver une r\u00e9flexion propre sur le caract\u00e8re, pour r\u00e9pondre aux d\u00e9bats contemporains sur l\u2019identit\u00e9 du sujet qui fait face \u00e0 la modernit\u00e9 des conditions de travail. Car notre caract\u00e8re est la mati\u00e8re avec laquelle nous r\u00e9pondons au monde. Son lien ind\u00e9fectible avec la constitution de notre corps, \u00e9l\u00e9ment involontaire h\u00e9rit\u00e9 \u00e0 notre naissance, mais aussi avec ce qui vient de l\u2019ext\u00e9rieur nous former comme personne, engage un rapport limite \u00e0 nos performances. C\u2019est pr\u00e9cis\u00e9ment ce qui fait son int\u00e9r\u00eat \u00e0 mon sens.<span class=\"Apple-converted-space\">\u00a0<\/span><\/p>\n<h1>La personnalit\u00e9 coinc\u00e9e entre organisation et effectif<\/h1>\n<p>\u00c0 force de consid\u00e9rer que l\u2019ensemble des difficult\u00e9s de la vie sociale et professionnelle peuvent \u00eatre r\u00e9solues par le biais de la gestion, il appara\u00eet que la personnalit\u00e9 devient une donn\u00e9e liminaire en management. On observe fr\u00e9quemment qu\u2019un dysfonctionnement de service ou de prise en charge a pour cause un manque d\u2019effectif, de comp\u00e9tences ou d\u2019organisation. Ces trois termes constituent donc les variables auxquelles la gouvernance (direction, chefs de p\u00f4le, encadrement sup\u00e9rieur) pr\u00eate une attention particuli\u00e8re. Sans nier l\u2019importance capitale que rev\u00eatent ces variables, il existe d\u2019autres dysfonctionnements majeurs qui ne rel\u00e8vent ni du changement d\u2019organisation (fermeture de lits, virage ambulatoire, externalisation), ni de la meilleure ad\u00e9quation des affectifs \u00e0 l\u2019activit\u00e9. Et ces situations sont quotidiennes car elles impliquent les relations interpersonnelles et donc engagent la personnalit\u00e9 de tout un chacun. Longtemps mise \u00e0 l\u2019\u00e9cart de l\u2019espace professionnel car consid\u00e9r\u00e9e comme la part subjective du travailleur dont seule la comp\u00e9tence comptait (on ne vise pas \u00ab\u2009la personne mais la fonction\u2009\u00bb), la personnalit\u00e9 fait pourtant l\u2019objet d\u2019un retour en force \u00e0 travers le management et le savoir-\u00eatre. Entre intelligence \u00e9motionnelle et analyse des biais cognitifs lors des prises de d\u00e9cision, il y a de quoi faire pour qui veut innover\u2026 avec des fondamentaux\u00a0!<\/p>\n<p>Au cours de notre exercice professionnel, nous constatons effectivement des organigrammes parfaitement dessin\u00e9s, des services flambant neufs, aux effectifs convenablement constitu\u00e9s, qui faisaient pourtant l\u2019objet de multiples conflits co\u00fbteux (en turn-over, arr\u00eats maladie, diminution de la qualit\u00e9 de prestation) et chronophages (en strat\u00e9gie d\u2019\u00e9vitement, en r\u00e9solution de conflits, en recherche de personnel, en r\u00e9ponse aux insatisfactions des usagers). La raison est simple mais d\u00e9licate \u00e0 \u00e9voquer\u2009: le caract\u00e8re des personnes concern\u00e9es. En effet, pour des raisons presque imperceptibles ou inavouables de reconnaissance sociale, de parcours biographiques perturb\u00e9s, de m\u00e9fiance, de pr\u00e9jug\u00e9s ou de besoin de contr\u00f4le inadapt\u00e9 \u00e0 des \u00e9quipes en recherche d\u2019autonomie, les services ou les directions ne fonctionnaient que tr\u00e8s mal. \u00c0 l\u2019inverse, des services moribonds peuvent \u00eatre r\u00e9g\u00e9n\u00e9r\u00e9s par l\u2019arriv\u00e9e d\u2019une seule personne. Bien que l\u2019\u00e9poque soit gorg\u00e9e de discours autour du d\u00e9veloppement personnel et de la recherche effr\u00e9n\u00e9e de son moi propre, il existe paradoxalement une m\u00e9connaissance de la port\u00e9e biographique des individus (personnages historiques, responsables publics, citoyen lambda), en dehors des proc\u00e9dures et normes qui r\u00e9gissent la soci\u00e9t\u00e9 et les organisations.<span class=\"Apple-converted-space\">\u00a0<\/span><\/p>\n<h1>Le management \u00e0 l\u2019h\u00f4pital\u00a0: humain, trop humain<\/h1>\n<p>Ces situations am\u00e8nent \u00e0 consid\u00e9rer l\u2019\u00e9cart qui subsiste entre la th\u00e9orie manag\u00e9riale et la vie d\u2019un service, tout autant qu\u2019entre un encadrement de conception et le management de proximit\u00e9. Entre les formations et l\u2019application dans le monde environnant. Par extrapolation, entre l\u2019id\u00e9alisme et l\u2019empirique, entre la politique et le comportement de la population, entre l\u2019\u00e9conomie et les relations sociales. Pour exposer rapidement un exemple hospitalier, les recherches r\u00e9centes montrent que malgr\u00e9 l\u2019avanc\u00e9e de la science, les diagnostics comprennent une part d\u2019al\u00e9as et d\u00e9pendent \u00e9troitement du caract\u00e8re du m\u00e9decin qui les pose. C\u2019est ce que constate le prix Nobel d\u2019\u00e9conomie Daniel Kahneman lorsqu\u2019il \u00e9tudie la prise de d\u00e9cision\u2009: m\u00eame pour les experts ou les professionnels comp\u00e9tents, on retrouve des variations de jugement (des \u00ab\u2009bruits\u2009\u00bb) autour d\u2019un m\u00eame cas ou pour r\u00e9pondre \u00e0 une m\u00eame situation. Il faut donc r\u00e9viser notre jugement sur la fiabilit\u00e9 des choix, m\u00eame les plus techniques qui semblent ob\u00e9ir \u00e0 des proc\u00e9dures neutres et impersonnelles. Car rappelons que le soin n\u2019est pas une science dure, c\u2019est bien ce qui nous a \u00e9t\u00e9 confirm\u00e9 brutalement lors de l\u2019apparition du Covid-19, et qu\u2019il faut conserver une approche \u00e9clair\u00e9e par le doute et enrichie par l\u2019\u00e9chec. Le philosophe am\u00e9ricain Matthew Crawford, en se r\u00e9f\u00e9rant \u00e0 ce qu\u2019Aristote nomme les arts \u00ab\u2009stochastiques\u2009\u00bb, nous invite \u00e0 cette consid\u00e9ration\u2009: \u00ab\u2009L\u2019exp\u00e9rience de l\u2019\u00e9chec mod\u00e8re l\u2019illusion de la ma\u00eetrise\u2009; dans leur travail quotidien, m\u00e9decins et m\u00e9caniciens doivent appr\u00e9hender le monde comme une entit\u00e9 qui ne d\u00e9pend pas d\u2019eux, et ils connaissent parfaitement la diff\u00e9rence entre le moi et le non-moi. \u00catre un \u201cr\u00e9parateur\u201d, c\u2019est peut-\u00eatre aussi une forme de cure contre le narcissisme.<sup class=\"appel\" data-toggle=\"modal\" data-target=\"#notes\">(1)<\/sup>\u2009\u00bb<span class=\"Apple-converted-space\">\u00a0<\/span><\/p>\n<h1>Une cl\u00e9 du recrutement<\/h1>\n<p>De prime abord, il faut confesser que dans le milieu des responsables hospitaliers, on ne cause pas beaucoup de caract\u00e8re. Officiellement bien s\u00fbr. Dans les milieux sp\u00e9cialis\u00e9s en ressources humaines ou en management non plus. La mode du moment, c\u2019est l\u2019innovation \u00e0 tout prix. Tout au plus, chacun fait la distinction entre les volontaires et les r\u00e9fractaires dans les fameuses conduites du changement. Pourtant, la direction des ressources humaines est le lieu privil\u00e9gi\u00e9 de l\u2019application des trait\u00e9s de la psychologie de la personnalit\u00e9. D\u2019ailleurs, c\u2019est presque inconsciemment que, lors des entretiens, les directeurs qualifient les individus au travers de l\u2019analyse caract\u00e9rielle. M\u00eame la pratique encore courante des lettres de motivation est source d\u2019interpr\u00e9tation. Certains DRH exigent encore une lettre manuscrite et exercent sans forc\u00e9ment le formaliser une forme de graphologie\u2009: telle \u00e9criture est dite \u00ab\u2009rapide\u2009\u00bb, \u00ab\u2009jolie\u2009\u00bb, \u00ab\u2009nerveuse\u2009\u00bb, \u00ab\u2009ramass\u00e9e\u2009\u00bb, \u00ab\u2009illisible\u2009\u00bb, etc. Sous couvert de m\u00e9taphore, on fait le lien entre le caract\u00e8re (haut, fort, gras, fin, allong\u00e9, strict) des lettres, la calligraphie en somme, et le caract\u00e8re de la personne. Que dire de la lecture des CV, de leur mise en page \u00e0 l\u2019esth\u00e9tique de la photo, lorsque celle-ci appara\u00eet encore. On pensera bien entendu que tout cela est \u00e0 la limite de l\u2019appr\u00e9ciation scientifique, surtout pour le recrutement d\u2019infirmiers\/\u00e8res, de sages-femmes ou de m\u00e9decins.<span class=\"Apple-converted-space\">\u00a0<\/span><\/p>\n<p>Mais il serait na\u00eff de penser que les DRH n\u2019appliquent qu\u2019une science ma\u00eetris\u00e9e du recrutement. Dans les milieux les plus robustes professionnellement, c\u2019est bien une forme de caract\u00e9rologie qui est employ\u00e9e pour s\u00e9lectionner les candidats. Lorsque la psychologie de la personnalit\u00e9 a pris le relais des anciennes disciplines relatives au comportement (m\u00e9decine, philosophie, sociologie), cela n\u2019a pas \u00e9t\u00e9 uniquement pour d\u00e9crire les comportements pathologiques en sant\u00e9 mentale. Une partie tr\u00e8s s\u00e9rieuse a \u00e9merg\u00e9 autour du monde du travail, du comportementalisme \u00e0 la psychologie sociale. Tr\u00e8s peu enseign\u00e9e dans les grandes \u00e9coles qui forment les cadres de la haute fonction publique, c\u2019est pourtant cette discipline qui pourrait am\u00e9liorer les recrutements des hauts cadres eux-m\u00eames puis r\u00e9duire les co\u00fbts de non-qualit\u00e9 des mauvais recrutements dans nos grandes entreprises ou nos administrations. Consid\u00e9rant que des cadres de haut niveau, avec un minimum bac\u2009+\u20098, ont d\u00e9j\u00e0 \u00e9t\u00e9 form\u00e9s trop longtemps, les tests de personnalit\u00e9 sont peu voire pas utilis\u00e9s \u00e0 l\u2019h\u00f4pital, alors qu\u2019on sait tr\u00e8s bien les ravages que peuvent faire un directeur, un cadre ou un m\u00e9decin dans un service, dans un \u00e9tablissement. Il appara\u00eet fondamental de r\u00e9former le mode de valorisation des comportements \u00e0 l\u2019h\u00f4pital et les tests de personnalit\u00e9 semblent une bonne base de travail ou par d\u00e9faut des exp\u00e9rimentations d\u2019\u00e9valuation 360\u00b0.<span class=\"Apple-converted-space\">\u00a0<\/span><\/p>\n<h1>Vous voulez innover\u2009? Passez un test de personnalit\u00e9\u2009!<\/h1>\n<p>Dans la plupart des grandes entreprises, c\u2019est le mod\u00e8le des Big Five ou du MBTI qui pr\u00e9domine. Issus des premi\u00e8res r\u00e9flexions des caract\u00e9rologues du 20<sup>e<\/sup>\u202fsi\u00e8cle ou parfois des arch\u00e9types de Jung, ces tests mesurent la sensibilit\u00e9 des personnes \u00e0 certains crit\u00e8res puis les classent en type de personnalit\u00e9.<span class=\"Apple-converted-space\">\u00a0<\/span><\/p>\n<p>Pour la curiosit\u00e9 du lecteur, je les relate ici, pour le mod\u00e8le dit \u00ab\u2009OCEAN\u2009\u00bb\u2009:<span class=\"Apple-converted-space\">\u00a0<\/span><\/p>\n<ul>\n<li>Ouverture (curiosit\u00e9, perspicacit\u00e9, imaginaire)<\/li>\n<li>Conscience professionnelle (fiabilit\u00e9, ponctualit\u00e9, organisation et m\u00e9thode, rigueur)<\/li>\n<li>Extraversion (relations tourn\u00e9es vers autrui, dynamisme, assertivit\u00e9)<\/li>\n<li>Agr\u00e9abilit\u00e9 (amiti\u00e9, coop\u00e9ration, compassion, sympathique)<\/li>\n<li>N\u00e9vrosisme (instabilit\u00e9 \u00e9motionnelle devant les faits, \u00e9motions n\u00e9gatives de la personne, humeur changeante et tendue).<span class=\"Apple-converted-space\">\u00a0<\/span><\/li>\n<\/ul>\n<p>Dans la litt\u00e9rature, on retrouve donc plus ou moins seize\u00a0types de personnalit\u00e9 \u00e0 d\u00e9terminer \u00e0 travers ces tests. Il est flagrant que ces mani\u00e8res d\u2019appr\u00e9hender l\u2019autre en face de soi, ne sont qu\u2019une m\u00e9thode semi-scientifique pour d\u00e9finir le caract\u00e8re d\u2019autrui et d\u00e9terminer quel profil sera le bon pour le poste vacant ou pour porter un projet. Malgr\u00e9 tout, le sujet de la personnalit\u00e9 est si sensible que le droit social interdit de d\u00e9tenir des fichiers nominatifs indiquant le type de comportement ou des qualificatifs sur des professionnels de l\u2019\u00e9tablissement. Il est tout de m\u00eame courant qu\u2019entre coll\u00e8gues on qualifie les individus\u2009: <i>Untel est comme si, Unetelle comme cela<\/i>. L\u2019enjeu des recrutements est si important dans une \u00e9poque productiviste qu\u2019un des crit\u00e8res de s\u00e9lection est toujours d\u2019\u00e9viter d\u2019embaucher celui qui ne va pas travailler au rythme souhait\u00e9. Et cela n\u2019est pas vraiment nouveau en entreprise. Tout bien consid\u00e9r\u00e9, le monde du travail accueille ce qui se passe dans la soci\u00e9t\u00e9 en g\u00e9n\u00e9ral, tout comme il produit aussi des formes de comportement. Et si les deux \u00e9taient s\u00e9par\u00e9s pendant des si\u00e8cles, il appara\u00eet qu\u2019une civilisation du travail \u00e9merge depuis l\u2019\u00e8re industrielle, dont l\u2019unique objectif est d\u2019utiliser au mieux l\u2019\u00e9nergie des individus.<\/p>\n<h1>Parler des autres\u2009: le manager en terrain min\u00e9<\/h1>\n<p>Que ce soit pour \u00e9valuer la performance de ses collaborateurs ou pour appr\u00e9cier le comportement professionnel de ses agents, un employeur doit affiner sa connaissance sur leurs comp\u00e9tences et leurs personnalit\u00e9s. \u00c0 l\u2019heure o\u00f9 chaque mot est pes\u00e9 pour l\u2019entretien professionnel, il faut se rappeler que le lexique relatif \u00e0 la personne des agents se manipule comme de la dynamite. Comment appr\u00e9cier le \u00ab\u2009savoir-\u00eatre\u2009\u00bb objectivement\u2009? Comment proc\u00e9der \u00e0 un accompagnement personnalis\u00e9 ou \u00e0 une s\u00e9paration en cas de d\u00e9saccord\u2009? Depuis de nombreuses ann\u00e9es, la conduite du changement a incit\u00e9 les responsables \u00e0 \u00e9tablir des cartographies entre les acteurs les plus motiv\u00e9s par les projets et les autres, \u00ab\u2009les r\u00e9sistants\u2009\u00bb, les \u00ab\u2009r\u00e9fractaires\u2009\u00bb, tout en sachant que la tenue d\u2019un fichier nominatif cribl\u00e9 de qualificatifs manag\u00e9riaux reste strictement interdite. <i>Idem<\/i> pour mesurer la performance des collaborateurs\u2009: les crit\u00e8res mesurables doivent \u00eatre objectifs et centr\u00e9s sur les missions connues du service. Aujourd\u2019hui, avec le R\u00e8glement g\u00e9n\u00e9ral sur la protection des donn\u00e9es (RGPD), seuls des fichiers limit\u00e9s, port\u00e9s \u00e0 la connaissance de la Cnil, peuvent comporter des \u00e9l\u00e9ments personnels (dossiers administratifs, fiche de paie, etc.).<\/p>\n<blockquote><p>Le monde du travail accueille ce qui se passe dans la soci\u00e9t\u00e9 en g\u00e9n\u00e9ral, tout comme il produit aussi des formes de comportement.<span class=\"Apple-converted-space\">\u00a0<\/span><\/p><\/blockquote>\n<h1>Que faire en cas d\u2019incompatibilit\u00e9 d\u2019humeur\u2009?<\/h1>\n<p>Nous sommes tous confront\u00e9s \u00e0 des probl\u00e8mes relationnels au travail, cela repr\u00e9sente m\u00eame une part importante de nos dysfonctionnements (et m\u00eame une cause de d\u00e9part\u2009; selon les \u00e9tudes, 20 \u00e0 30\u2009% des d\u00e9parts sont dus \u00e0 des causes manag\u00e9riales). On pourrait penser d\u2019ailleurs que nous avons \u00e9volu\u00e9 depuis l\u2019\u00e9tude des caract\u00e8res via les humeurs, comme le proposait Hippocrate au 5<sup>e<\/sup> si\u00e8cle avant notre \u00e8re. Mais la notion reste complexe et l\u2019actualit\u00e9 engage un nouveau rapport \u00e0 l\u2019individu. \u00c0 mon sens, nous entrons dans une p\u00e9riode o\u00f9 le perfectionnement de nos savoirs sur les autres est urgent. Nous assistons, il est vrai, au retour des passions, \u00e0 une forme de d\u00e9gel du monde th\u00e9orique. Bien s\u00fbr, tout n\u2019est pas bon \u00e0 prendre dans la modernit\u00e9. Lorsqu\u2019on parle du \u00ab\u2009sentiment d\u2019ins\u00e9curit\u00e9\u2009\u00bb ou de la \u00ab\u2009temp\u00e9rature ressentie\u2009\u00bb, quand un <i>happy manager<\/i> demande d\u2019autorit\u00e9 aux employ\u00e9s d\u2019afficher leur humeur du matin au moyen d\u2019\u00e9motic\u00f4nes, il n\u2019est pas certain que l\u2019humanit\u00e9 s\u2019am\u00e9liore moralement, mais tout nous indique un mouvement d\u2019individualisation qui cherche \u00e0 d\u00e9sar\u00e7onner les \u00e9l\u00e9ments objectifs. Mais lorsque les affects bloquent un service, comment peut-on agir\u2009?<\/p>\n<p>L\u2019incompatibilit\u00e9 d\u2019humeur se pr\u00e9sente lorsqu\u2019un salari\u00e9 entretient de mauvaises relations avec ses coll\u00e8gues, avec un sup\u00e9rieur hi\u00e9rarchique ou son employeur. Cette situation doit \u00eatre r\u00e9currente et engager des dysfonctionnements objectivables pour un service. Trop empreintes de subjectivit\u00e9, les notions d\u2019incompatibilit\u00e9 d\u2019humeur, de perte de confiance et de m\u00e9sentente ne constituent pas \u00e0 strictement parler des motifs de licenciement. Il s\u2019agit de prouver une cause r\u00e9elle et s\u00e9rieuse, c\u2019est-\u00e0-dire objectiver que le climat d\u00e9l\u00e9t\u00e8re et toxique entra\u00eene des probl\u00e8mes de service et\/ou de qualit\u00e9 de prise en charge de l\u2019usager. Si le sujet est si sensible, c\u2019est qu\u2019il se rapporte \u00e0 une relation intersubjective nuisible et non aux comp\u00e9tences\u2009: la figure embl\u00e9matique du conflit de valeurs, c\u2019est la personnalit\u00e9 m\u00e9dicale brillante techniquement mais odieuse avec ses \u00e9quipes ou l\u2019agent qui entretient des relations d\u00e9l\u00e9t\u00e8res avec ses coll\u00e8gues. \u00c0 distinguer des cas de motifs disciplinaires (violences, injures, insubordination) ou non disciplinaires (insuffisance professionnelle, inaptitude m\u00e9dicale, absence pour maladie). De nombreux managers h\u00e9sitent par exemple \u00e0 se s\u00e9parer d\u2019une personne d\u00e9l\u00e9t\u00e8re mais tr\u00e8s comp\u00e9tente professionnellement, notamment dans un march\u00e9 du travail tendu et dans les \u00e9tablissements o\u00f9 la perte d\u2019une ressource humaine peut remettre en cause la pr\u00e9sence d\u2019un service sur un territoire. Ces situations d\u00e9licates incitent souvent les responsables \u00e0 essayer des alternatives plus <i>soft<\/i> pour sortir de l\u2019orni\u00e8re\u2009: conciliation interne, coaching, d\u00e9veloppement personnel, m\u00e9diation. Mais parfois, et sans forc\u00e9ment c\u00e9der \u00e0 un \u00ab\u2009d\u00e9gagisme\u2009\u00bb ambiant, le d\u00e9part du collaborateur est la seule solution.<\/p>\n<h1>Personnalit\u00e9 et QVCT\u2009: un discours ambivalent<span class=\"Apple-converted-space\">\u00a0<\/span><\/h1>\n<p>On le voit, la personnalit\u00e9 n\u2019est pas en dessous des radars du management, elle est bien pr\u00e9sente dans les discussions du quotidien. Dans de nombreuses formations, elle est m\u00eame primordiale pour appr\u00e9hender la conduite du changement. L\u2019ambiance en tant que telle est un d\u00e9terminant des bonnes conditions de travail, au-del\u00e0 des aspects strictement mat\u00e9riels qui entourent un agent. La difficult\u00e9 suppl\u00e9mentaire qui persiste lorsqu\u2019on aborde la personnalit\u00e9 en management, c\u2019est l\u2019ancrage important des repr\u00e9sentations qui d\u00e9terminent la bonne ou mauvaise humeur. Nous avions montr\u00e9 dans <i>Gestions hospitali\u00e8res<\/i> comment les conditions de travail immat\u00e9rielles pouvaient \u00eatre source de malaise<sup class=\"appel\" data-toggle=\"modal\" data-target=\"#notes\">(2)<\/sup>. Pour corser l\u2019exercice, les individus n\u2019ont pas un caract\u00e8re fig\u00e9 une fois pour toutes (m\u00eame si les \u00e9volutions sont lentes en fonction du profil). \u00c0 nouveau, il est n\u00e9cessaire ici de montrer \u00e0 quel point les \u00e9volutions de repr\u00e9sentation de soi perturbent notre capacit\u00e9 \u00e0 saisir les enjeux professionnels contemporains (et \u00e0 ne pas trop en souffrir). Voici donc pour conclure les injonctions informelles qui parcourent d\u00e9sormais notre vie quotidienne et provoquent certaines dissonances voire de l\u2019\u00e9puisement.<\/p>\n<ul>\n<li>Le travail est le seul domaine d\u2019\u00e9mancipation personnelle<br \/>\n<i>\u2022 Interpr\u00e9tation<\/i>\u2009: une soci\u00e9t\u00e9 productive a tout int\u00e9r\u00eat \u00e0 p\u00e9renniser cette vision du monde.<br \/>\n<i>\u2022 Traduction<\/i>\u2009: pr\u00e9f\u00e9rence pour le travail pour s\u2019identifier, \u00eatre reconnu socialement et s\u2019engager\u2009; les loisirs et la vie personnelle sont soit n\u00e9glig\u00e9s, comme secondaires, soit v\u00e9cus comme \u00ab\u2009simple d\u00e9lassement du travail\u2009\u00bb.<br \/>\n<i>\u2022 Cons\u00e9quence<\/i>\u2009: difficult\u00e9s \u00e0 d\u00e9terminer les limites du monde professionnel et du seuil acceptable de sa charge de travail\u2009; ruptures plus fr\u00e9quentes sur les autres champs de la vie.<\/li>\n<li>Il existe une mani\u00e8re de vivre qui correspond parfaitement \u00e0 notre personnalit\u00e9 authentique<br \/>\n<i>\u2022 Interpr\u00e9tation<\/i>\u2009: on peut passer sa vie \u00e0 chercher son moi profond plut\u00f4t que de cr\u00e9er des solidarit\u00e9s collectives.<br \/>\n<i>\u2022 Traduction<\/i>\u2009: le r\u00e9cit individuel n\u2019est plus orient\u00e9 vers l\u2019\u00e9mancipation sociale mais en priorit\u00e9 vers la recherche permanente d\u2019un soi authentique, qui nous correspond vraiment (bien qu\u2019il soit g\u00e9n\u00e9ralement d\u00e9fini par des crit\u00e8res attribu\u00e9s par l\u2019esprit du temps)\u2009; rapidement, la mani\u00e8re de vivre va \u00e0 nouveau se tourner vers le travail comme d\u00e9finition d\u2019une pr\u00e9sentation de soi optimale.<br \/>\n<i>\u2022 Cons\u00e9quence<\/i>\u2009: ne se trouvant jamais, l\u2019individu \u00e9prouve un \u00e9cart irr\u00e9ductible entre ce qu\u2019il per\u00e7oit de lui et une authenticit\u00e9 factice, et s\u2019\u00e9puise.<\/li>\n<li>Il faut sans cesse innover et \u00eatre original<br \/>\n<i>\u2022 Interpr\u00e9tation<\/i>\u2009: l\u2019innovation comme facteur de croissance \u00e9conomique produit un discours sur l\u2019individu centr\u00e9 sur le fait de progresser sans cesse vers l\u2019inattendu et l\u2019unique.<br \/>\n<i>\u2022 Traduction<\/i>\u2009: le comportement quotidien n\u2019est plus valoris\u00e9 comme r\u00e9pondant aux normes ou \u00e0 la construction de permanences institutionnelles, mais comme ruptures r\u00e9guli\u00e8res (\u00ab\u2009la disruption ou rien\u00bb) et performance inatteignable.<br \/>\n<i>\u2022 Cons\u00e9quence<\/i>\u2009: l\u2019individu \u00e9prouve une honte d\u2019avoir un quotidien banal, de faire partie du contingent des travailleurs ordinaires. Et s\u2019\u00e9puise.<\/li>\n<li>Au travail, c\u2019est l\u2019objectivit\u00e9 et la rationalit\u00e9 qui doivent orienter les d\u00e9cisions<br \/>\n<i>\u2022 Interpr\u00e9tation<\/i>\u2009: pour gouverner une organisation, les affects perturbent le processus de d\u00e9cision, seule compte la rationalit\u00e9.<br \/>\n<i>\u2022 Traduction<\/i>\u2009: m\u00eame dans un milieu aussi sensible que le soin, les d\u00e9cisions seront prises \u00e0 l\u2019aide d\u2019outils objectifs, selon des \u00e9l\u00e9ments mesurables donc contr\u00f4lables (actes, temps de travail, dur\u00e9e, etc.).<br \/>\n<i>\u2022 Cons\u00e9quence<\/i>\u2009: d\u00e9calage et d\u00e9connexion (d\u00e9saffection) entre un monde froid et un monde chaud\u2009; progression du sentiment de col\u00e8re.<\/li>\n<\/ul>\n<p>La personnalit\u00e9 n\u2019est donc pas fig\u00e9e, elle \u00e9volue \u00e9galement en fonction des discours que nous portons. Le management doit aussi s\u2019adapter aux nouvelles modifications identitaires. C\u2019est ce qu\u2019on sous-entend lorsqu\u2019on dit\u2009: \u00ab\u2009Les nouvelles g\u00e9n\u00e9rations veulent ceci, les plus anciennes veulent cela\u2026\u2009\u00bb Voici ce qui semble douloureux psychologiquement\u2009: d\u2019un c\u00f4t\u00e9, il existe un r\u00e9cit sur la construction de soi qui est excessif, illusoire et pousse \u00e0 l\u2019insatisfaction\u2009; de l\u2019autre, il reste tabou de parler de la personnalit\u00e9 des individus au travail. Car tout est cens\u00e9 \u00eatre objectif, chiffr\u00e9. En v\u00e9rit\u00e9, toutes ces injonctions se m\u00e9langent r\u00e9guli\u00e8rement. Pour faire preuve de discernement et conduire un management incarn\u00e9, nous proposons de fonder l\u2019\u00e9thique personnelle sur l\u2019inverse de la situation actuelle\u2009: rester humble sur la construction de soi en d\u00e9liant l\u2019identit\u00e9 \u00e0 la recherche du succ\u00e8s mondain ou professionnel\u2009; et parler du caract\u00e8re des individus au travail lorsque ceux-ci perturbent le bon fonctionnement d\u2019un service. Objectifs simples. Mais est-ce si facile de les atteindre\u2009?<\/p>\n<button data-toggle=\"collapse\" data-target=\"#enc_2022_485_01\">Encadr\u00e9 1\u00a0<\/button><div id=\"enc_2022_485_01\" class=\"encadre collapse\"><p><span class=\"surtitre_enc\">Encadr\u00e9 1<span class=\"Apple-converted-space\">\u00a0<\/span><\/span><\/p>\n<h2>La grande d\u00e9mission\u2009?<\/h2>\n<p>La Direction de l\u2019animation de la recherche, des \u00e9tudes et des statistiques (Dares) a publi\u00e9 en ao\u00fbt des statistiques t\u00e9moignant d\u2019une hausse de 20\u2009% des demandes de fin de CDI au premier trimestre 2022 par rapport \u00e0 2019*. Dans son infographie publi\u00e9e en juillet 2022, le site Cadremploi distingue quant \u00e0 lui huit profils de d\u00e9missionnaires\u2009:<\/p>\n<ul>\n<li>le vertueux\u2009: veut exercer le m\u00eame job mais dans un environnement plus en phase avec ses valeurs,<\/li>\n<li>le switcheur\u2009: veut se reconvertir,<\/li>\n<li>le ma\u00eetre du temps\u2009: veut travailler moins (et mieux),<span class=\"Apple-converted-space\">\u00a0<\/span><\/li>\n<li>le \u00ab\u2009d\u00e9travailleur\u2009\u00bb\u2009: veut ne plus travailler,<\/li>\n<li>l\u2019entrepreneur green\u2009: veut monter une bo\u00eete \u00e9quitable,<\/li>\n<li>le <i>low<\/i> contrainte\u2009: veut trouver un job avec moins de contraintes,<\/li>\n<li>le boomerang\u2009: veut mieux revenir dans son ancienne bo\u00eete,<\/li>\n<li>le mercenaire\u2009: veut gagner plus**.<\/li>\n<\/ul>\n<p><i>* \u00ab\u2009La France vit-elle une \u201cgrande d\u00e9mission\u201d?\u2009\u00bb, ao\u00fbt 2022 - <a href=\"https:\/\/www.dares.travail-emploi.gouv.fr\" target=\"_blank\" rel=\"noopener noreferrer\">www.dares.travail-emploi.gouv.fr<span class=\"Apple-converted-space\">\u00a0<\/span><\/a><\/i><\/p>\n<p><i>** S. Laidet, \u00ab\u2009Ils quittent leur job mais pour quoi faire : les 8 familles de d\u00e9missionnaires\u2009\u00bb, 26 juillet 2022 <\/i><a href=\"https:\/\/www.cadremploi.fr\" target=\"_blank\" rel=\"noopener noreferrer\"><i>www.cadremploi.fr<\/i><\/a><\/p>\n<\/div>\n<button data-toggle=\"collapse\" data-target=\"#enc_2022_485_02\">Encadr\u00e9 2<\/button><div id=\"enc_2022_485_02\" class=\"encadre collapse\"><p><span class=\"surtitre_enc\">Encadr\u00e9 2<span class=\"Apple-converted-space\">\u00a0<\/span><\/span><\/p>\n<h2>Les interdictions en mati\u00e8re d\u2019informations personnelles<span class=\"Apple-converted-space\">\u00a0<\/span><\/h2>\n<p>Est interdit le traitement des donn\u00e9es personnelles suivantes\u2009:<\/p>\n<ul>\n<li>celles r\u00e9v\u00e9lant la pr\u00e9tendue origine raciale ou ethnique,<\/li>\n<li>celles r\u00e9v\u00e9lant les opinions politiques,<\/li>\n<li>celles r\u00e9v\u00e9lant les convictions religieuses ou philosophiques,<\/li>\n<li>celles r\u00e9v\u00e9lant l\u2019appartenance syndicale,<\/li>\n<li>les donn\u00e9es g\u00e9n\u00e9tiques ou biom\u00e9triques,<\/li>\n<li>celles concernant la sant\u00e9, la vie ou l\u2019orientation sexuelles,<\/li>\n<li>les dates d\u2019entr\u00e9e en France, de naturalisation, les modalit\u00e9s d\u2019acquisition de la nationalit\u00e9 fran\u00e7aise,<\/li>\n<li>l\u2019adresse pr\u00e9c\u00e9dente, l\u2019entourage familial, les conditions de logement et les condamnations p\u00e9nales.<\/li>\n<\/ul>\n<\/div>\n<script>function PlayerjsAsync(){} if(window[\"Playerjs\"]){PlayerjsAsync();}<\/script>","protected":false},"excerpt":{"rendered":"<p>De l\u2019importance de percevoir le caract\u00e8re des individus Le caract\u00e8re est une notion complexe dans le champ lexical de l\u2019identit\u00e9. Pour d\u00e9finir qui nous sommes, nous parlons indistinctement d\u2019humeur, de caract\u00e8re, de personnalit\u00e9, de comportement, de passions, d\u2019\u00e9motions, de pulsions. Cette complexit\u00e9 rebute de prime abord. Du caract\u00e8re, les managers s\u2019en d\u00e9fendent, laissant ce sujet \u00e0 la psychologie. Au moment de poursuivre l\u2019analyse, les sciences humaines elles-m\u00eames redoublent leur r\u00e9flexion&hellip; <\/p>\n","protected":false},"author":23133,"featured_media":0,"comment_status":"closed","ping_status":"closed","sticky":false,"template":"","format":"standard","meta":{"_acf_changed":false,"_relevanssi_hide_post":"","_relevanssi_hide_content":"","_relevanssi_pin_for_all":"","_relevanssi_pin_keywords":"","_relevanssi_unpin_keywords":"","_relevanssi_related_keywords":"","_relevanssi_related_include_ids":"","_relevanssi_related_exclude_ids":"","_relevanssi_related_no_append":"","_relevanssi_related_not_related":"","_relevanssi_related_posts":"","_relevanssi_noindex_reason":"","footnotes":""},"categories":[26,2],"tags":[1800,2345,2125,8050,62,8257,8933],"class_list":["post-45518","post","type-post","status-publish","format-standard","hentry","category-dossier","category-gestions-hospitalieres","tag-charte","tag-citoyennete","tag-collectif","tag-droits-patients","tag-ethique","tag-grand-age","tag-proches-aidants"],"acf":[],"yoast_head":"<!-- This site is optimized with the Yoast SEO plugin v24.8.1 - https:\/\/yoast.com\/wordpress\/plugins\/seo\/ -->\n<title>La personnalit\u00e9 en management - Gestions hospitali\u00e8res<\/title>\n<meta name=\"robots\" content=\"index, follow, max-snippet:-1, max-image-preview:large, max-video-preview:-1\" \/>\n<link rel=\"canonical\" href=\"https:\/\/www.ricom-web8.com\/gestions\/la-personnalite-en-management\/\" \/>\n<meta property=\"og:locale\" content=\"fr_FR\" \/>\n<meta property=\"og:type\" content=\"article\" \/>\n<meta property=\"og:title\" content=\"La personnalit\u00e9 en management - Gestions hospitali\u00e8res\" \/>\n<meta property=\"og:description\" content=\"De l\u2019importance de percevoir le caract\u00e8re des individus Le caract\u00e8re est une notion complexe dans le champ lexical de l\u2019identit\u00e9. Pour d\u00e9finir qui nous sommes, nous parlons indistinctement d\u2019humeur, de caract\u00e8re, de personnalit\u00e9, de comportement, de passions, d\u2019\u00e9motions, de pulsions. Cette complexit\u00e9 rebute de prime abord. Du caract\u00e8re, les managers s\u2019en d\u00e9fendent, laissant ce sujet \u00e0 la psychologie. Au moment de poursuivre l\u2019analyse, les sciences humaines elles-m\u00eames redoublent leur r\u00e9flexion&hellip;\" \/>\n<meta property=\"og:url\" content=\"https:\/\/www.ricom-web8.com\/gestions\/la-personnalite-en-management\/\" \/>\n<meta property=\"og:site_name\" content=\"Gestions hospitali\u00e8res\" \/>\n<meta property=\"article:publisher\" content=\"https:\/\/www.facebook.com\/gestionshospitalieres\/\" \/>\n<meta property=\"article:published_time\" content=\"2022-10-01T14:51:28+00:00\" \/>\n<meta property=\"article:modified_time\" content=\"2022-11-02T09:30:14+00:00\" \/>\n<meta name=\"author\" content=\"Gestions hospitali\u00e8res\" \/>\n<meta name=\"twitter:card\" content=\"summary_large_image\" \/>\n<meta name=\"twitter:creator\" content=\"@revue_GH\" \/>\n<meta name=\"twitter:site\" content=\"@revue_GH\" \/>\n<meta name=\"twitter:label1\" content=\"\u00c9crit par\" \/>\n\t<meta name=\"twitter:data1\" content=\"Gestions hospitali\u00e8res\" \/>\n\t<meta name=\"twitter:label2\" content=\"Dur\u00e9e de lecture estim\u00e9e\" \/>\n\t<meta name=\"twitter:data2\" content=\"17 minutes\" \/>\n<script type=\"application\/ld+json\" class=\"yoast-schema-graph\">{\"@context\":\"https:\/\/schema.org\",\"@graph\":[{\"@type\":\"Article\",\"@id\":\"https:\/\/www.ricom-web8.com\/gestions\/la-personnalite-en-management\/#article\",\"isPartOf\":{\"@id\":\"https:\/\/www.ricom-web8.com\/gestions\/la-personnalite-en-management\/\"},\"author\":{\"name\":\"Gestions hospitali\u00e8res\",\"@id\":\"https:\/\/www.ricom-web8.com\/gestions\/#\/schema\/person\/3ba9fe913190dfe9507feb621e902c1f\"},\"headline\":\"La personnalit\u00e9 en management\",\"datePublished\":\"2022-10-01T14:51:28+00:00\",\"dateModified\":\"2022-11-02T09:30:14+00:00\",\"mainEntityOfPage\":{\"@id\":\"https:\/\/www.ricom-web8.com\/gestions\/la-personnalite-en-management\/\"},\"wordCount\":3380,\"publisher\":{\"@id\":\"https:\/\/www.ricom-web8.com\/gestions\/#organization\"},\"keywords\":[\"charte\",\"citoyennet\u00e9\",\"collectif\",\"droits patients\",\"\u00e9thique\",\"grand \u00e2ge\",\"proches aidants\"],\"articleSection\":[\"dossier\",\"Gestions Hospitali\u00e8res\"],\"inLanguage\":\"fr-FR\"},{\"@type\":\"WebPage\",\"@id\":\"https:\/\/www.ricom-web8.com\/gestions\/la-personnalite-en-management\/\",\"url\":\"https:\/\/www.ricom-web8.com\/gestions\/la-personnalite-en-management\/\",\"name\":\"La personnalit\u00e9 en management - Gestions hospitali\u00e8res\",\"isPartOf\":{\"@id\":\"https:\/\/www.ricom-web8.com\/gestions\/#website\"},\"datePublished\":\"2022-10-01T14:51:28+00:00\",\"dateModified\":\"2022-11-02T09:30:14+00:00\",\"breadcrumb\":{\"@id\":\"https:\/\/www.ricom-web8.com\/gestions\/la-personnalite-en-management\/#breadcrumb\"},\"inLanguage\":\"fr-FR\",\"potentialAction\":[{\"@type\":\"ReadAction\",\"target\":[\"https:\/\/www.ricom-web8.com\/gestions\/la-personnalite-en-management\/\"]}]},{\"@type\":\"BreadcrumbList\",\"@id\":\"https:\/\/www.ricom-web8.com\/gestions\/la-personnalite-en-management\/#breadcrumb\",\"itemListElement\":[{\"@type\":\"ListItem\",\"position\":1,\"name\":\"Accueil\",\"item\":\"https:\/\/www.ricom-web8.com\/gestions\/\"},{\"@type\":\"ListItem\",\"position\":2,\"name\":\"La personnalit\u00e9 en management\"}]},{\"@type\":\"WebSite\",\"@id\":\"https:\/\/www.ricom-web8.com\/gestions\/#website\",\"url\":\"https:\/\/www.ricom-web8.com\/gestions\/\",\"name\":\"Gestions hospitali\u00e8res\",\"description\":\"la revue des d\u00e9cideurs hospitaliers\",\"publisher\":{\"@id\":\"https:\/\/www.ricom-web8.com\/gestions\/#organization\"},\"potentialAction\":[{\"@type\":\"SearchAction\",\"target\":{\"@type\":\"EntryPoint\",\"urlTemplate\":\"https:\/\/www.ricom-web8.com\/gestions\/?s={search_term_string}\"},\"query-input\":{\"@type\":\"PropertyValueSpecification\",\"valueRequired\":true,\"valueName\":\"search_term_string\"}}],\"inLanguage\":\"fr-FR\"},{\"@type\":\"Organization\",\"@id\":\"https:\/\/www.ricom-web8.com\/gestions\/#organization\",\"name\":\"Gestions hospitali\u00e8res\",\"url\":\"https:\/\/www.ricom-web8.com\/gestions\/\",\"logo\":{\"@type\":\"ImageObject\",\"inLanguage\":\"fr-FR\",\"@id\":\"https:\/\/www.ricom-web8.com\/gestions\/#\/schema\/logo\/image\/\",\"url\":\"https:\/\/gestions-hospitalieres.fr\/wp-content\/uploads\/2017\/02\/picto_Gif-GH-trans.png\",\"contentUrl\":\"https:\/\/gestions-hospitalieres.fr\/wp-content\/uploads\/2017\/02\/picto_Gif-GH-trans.png\",\"width\":512,\"height\":512,\"caption\":\"Gestions hospitali\u00e8res\"},\"image\":{\"@id\":\"https:\/\/www.ricom-web8.com\/gestions\/#\/schema\/logo\/image\/\"},\"sameAs\":[\"https:\/\/www.facebook.com\/gestionshospitalieres\/\",\"https:\/\/x.com\/revue_GH\",\"https:\/\/www.linkedin.com\/company\/gestions-hospitalieres?trk=top_nav_home\"]},{\"@type\":\"Person\",\"@id\":\"https:\/\/www.ricom-web8.com\/gestions\/#\/schema\/person\/3ba9fe913190dfe9507feb621e902c1f\",\"name\":\"Gestions hospitali\u00e8res\",\"image\":{\"@type\":\"ImageObject\",\"inLanguage\":\"fr-FR\",\"@id\":\"https:\/\/www.ricom-web8.com\/gestions\/#\/schema\/person\/image\/\",\"url\":\"https:\/\/secure.gravatar.com\/avatar\/1a0d93e6db5dbe7dac96bae4757d256f?s=96&d=mm&r=g\",\"contentUrl\":\"https:\/\/secure.gravatar.com\/avatar\/1a0d93e6db5dbe7dac96bae4757d256f?s=96&d=mm&r=g\",\"caption\":\"Gestions hospitali\u00e8res\"},\"url\":\"https:\/\/www.ricom-web8.com\/gestions\/author\/benjamin\/\"}]}<\/script>\n<!-- \/ Yoast SEO plugin. -->","yoast_head_json":{"title":"La personnalit\u00e9 en management - Gestions hospitali\u00e8res","robots":{"index":"index","follow":"follow","max-snippet":"max-snippet:-1","max-image-preview":"max-image-preview:large","max-video-preview":"max-video-preview:-1"},"canonical":"https:\/\/www.ricom-web8.com\/gestions\/la-personnalite-en-management\/","og_locale":"fr_FR","og_type":"article","og_title":"La personnalit\u00e9 en management - Gestions hospitali\u00e8res","og_description":"De l\u2019importance de percevoir le caract\u00e8re des individus Le caract\u00e8re est une notion complexe dans le champ lexical de l\u2019identit\u00e9. Pour d\u00e9finir qui nous sommes, nous parlons indistinctement d\u2019humeur, de caract\u00e8re, de personnalit\u00e9, de comportement, de passions, d\u2019\u00e9motions, de pulsions. Cette complexit\u00e9 rebute de prime abord. Du caract\u00e8re, les managers s\u2019en d\u00e9fendent, laissant ce sujet \u00e0 la psychologie. Au moment de poursuivre l\u2019analyse, les sciences humaines elles-m\u00eames redoublent leur r\u00e9flexion&hellip;","og_url":"https:\/\/www.ricom-web8.com\/gestions\/la-personnalite-en-management\/","og_site_name":"Gestions hospitali\u00e8res","article_publisher":"https:\/\/www.facebook.com\/gestionshospitalieres\/","article_published_time":"2022-10-01T14:51:28+00:00","article_modified_time":"2022-11-02T09:30:14+00:00","author":"Gestions hospitali\u00e8res","twitter_card":"summary_large_image","twitter_creator":"@revue_GH","twitter_site":"@revue_GH","twitter_misc":{"\u00c9crit par":"Gestions hospitali\u00e8res","Dur\u00e9e de lecture estim\u00e9e":"17 minutes"},"schema":{"@context":"https:\/\/schema.org","@graph":[{"@type":"Article","@id":"https:\/\/www.ricom-web8.com\/gestions\/la-personnalite-en-management\/#article","isPartOf":{"@id":"https:\/\/www.ricom-web8.com\/gestions\/la-personnalite-en-management\/"},"author":{"name":"Gestions hospitali\u00e8res","@id":"https:\/\/www.ricom-web8.com\/gestions\/#\/schema\/person\/3ba9fe913190dfe9507feb621e902c1f"},"headline":"La personnalit\u00e9 en management","datePublished":"2022-10-01T14:51:28+00:00","dateModified":"2022-11-02T09:30:14+00:00","mainEntityOfPage":{"@id":"https:\/\/www.ricom-web8.com\/gestions\/la-personnalite-en-management\/"},"wordCount":3380,"publisher":{"@id":"https:\/\/www.ricom-web8.com\/gestions\/#organization"},"keywords":["charte","citoyennet\u00e9","collectif","droits patients","\u00e9thique","grand \u00e2ge","proches aidants"],"articleSection":["dossier","Gestions Hospitali\u00e8res"],"inLanguage":"fr-FR"},{"@type":"WebPage","@id":"https:\/\/www.ricom-web8.com\/gestions\/la-personnalite-en-management\/","url":"https:\/\/www.ricom-web8.com\/gestions\/la-personnalite-en-management\/","name":"La personnalit\u00e9 en management - Gestions hospitali\u00e8res","isPartOf":{"@id":"https:\/\/www.ricom-web8.com\/gestions\/#website"},"datePublished":"2022-10-01T14:51:28+00:00","dateModified":"2022-11-02T09:30:14+00:00","breadcrumb":{"@id":"https:\/\/www.ricom-web8.com\/gestions\/la-personnalite-en-management\/#breadcrumb"},"inLanguage":"fr-FR","potentialAction":[{"@type":"ReadAction","target":["https:\/\/www.ricom-web8.com\/gestions\/la-personnalite-en-management\/"]}]},{"@type":"BreadcrumbList","@id":"https:\/\/www.ricom-web8.com\/gestions\/la-personnalite-en-management\/#breadcrumb","itemListElement":[{"@type":"ListItem","position":1,"name":"Accueil","item":"https:\/\/www.ricom-web8.com\/gestions\/"},{"@type":"ListItem","position":2,"name":"La personnalit\u00e9 en management"}]},{"@type":"WebSite","@id":"https:\/\/www.ricom-web8.com\/gestions\/#website","url":"https:\/\/www.ricom-web8.com\/gestions\/","name":"Gestions hospitali\u00e8res","description":"la revue des d\u00e9cideurs hospitaliers","publisher":{"@id":"https:\/\/www.ricom-web8.com\/gestions\/#organization"},"potentialAction":[{"@type":"SearchAction","target":{"@type":"EntryPoint","urlTemplate":"https:\/\/www.ricom-web8.com\/gestions\/?s={search_term_string}"},"query-input":{"@type":"PropertyValueSpecification","valueRequired":true,"valueName":"search_term_string"}}],"inLanguage":"fr-FR"},{"@type":"Organization","@id":"https:\/\/www.ricom-web8.com\/gestions\/#organization","name":"Gestions hospitali\u00e8res","url":"https:\/\/www.ricom-web8.com\/gestions\/","logo":{"@type":"ImageObject","inLanguage":"fr-FR","@id":"https:\/\/www.ricom-web8.com\/gestions\/#\/schema\/logo\/image\/","url":"https:\/\/gestions-hospitalieres.fr\/wp-content\/uploads\/2017\/02\/picto_Gif-GH-trans.png","contentUrl":"https:\/\/gestions-hospitalieres.fr\/wp-content\/uploads\/2017\/02\/picto_Gif-GH-trans.png","width":512,"height":512,"caption":"Gestions hospitali\u00e8res"},"image":{"@id":"https:\/\/www.ricom-web8.com\/gestions\/#\/schema\/logo\/image\/"},"sameAs":["https:\/\/www.facebook.com\/gestionshospitalieres\/","https:\/\/x.com\/revue_GH","https:\/\/www.linkedin.com\/company\/gestions-hospitalieres?trk=top_nav_home"]},{"@type":"Person","@id":"https:\/\/www.ricom-web8.com\/gestions\/#\/schema\/person\/3ba9fe913190dfe9507feb621e902c1f","name":"Gestions hospitali\u00e8res","image":{"@type":"ImageObject","inLanguage":"fr-FR","@id":"https:\/\/www.ricom-web8.com\/gestions\/#\/schema\/person\/image\/","url":"https:\/\/secure.gravatar.com\/avatar\/1a0d93e6db5dbe7dac96bae4757d256f?s=96&d=mm&r=g","contentUrl":"https:\/\/secure.gravatar.com\/avatar\/1a0d93e6db5dbe7dac96bae4757d256f?s=96&d=mm&r=g","caption":"Gestions hospitali\u00e8res"},"url":"https:\/\/www.ricom-web8.com\/gestions\/author\/benjamin\/"}]}},"_links":{"self":[{"href":"https:\/\/www.ricom-web8.com\/gestions\/wp-json\/wp\/v2\/posts\/45518","targetHints":{"allow":["GET"]}}],"collection":[{"href":"https:\/\/www.ricom-web8.com\/gestions\/wp-json\/wp\/v2\/posts"}],"about":[{"href":"https:\/\/www.ricom-web8.com\/gestions\/wp-json\/wp\/v2\/types\/post"}],"author":[{"embeddable":true,"href":"https:\/\/www.ricom-web8.com\/gestions\/wp-json\/wp\/v2\/users\/23133"}],"replies":[{"embeddable":true,"href":"https:\/\/www.ricom-web8.com\/gestions\/wp-json\/wp\/v2\/comments?post=45518"}],"version-history":[{"count":0,"href":"https:\/\/www.ricom-web8.com\/gestions\/wp-json\/wp\/v2\/posts\/45518\/revisions"}],"wp:attachment":[{"href":"https:\/\/www.ricom-web8.com\/gestions\/wp-json\/wp\/v2\/media?parent=45518"}],"wp:term":[{"taxonomy":"category","embeddable":true,"href":"https:\/\/www.ricom-web8.com\/gestions\/wp-json\/wp\/v2\/categories?post=45518"},{"taxonomy":"post_tag","embeddable":true,"href":"https:\/\/www.ricom-web8.com\/gestions\/wp-json\/wp\/v2\/tags?post=45518"}],"curies":[{"name":"wp","href":"https:\/\/api.w.org\/{rel}","templated":true}]}}