

{"id":46007,"date":"2023-01-01T15:14:55","date_gmt":"2023-01-01T14:14:55","guid":{"rendered":"https:\/\/gestions-hospitalieres.fr\/?p=46007"},"modified":"2023-01-31T10:45:47","modified_gmt":"2023-01-31T09:45:47","slug":"lintelligence-artificielle-dans-le-domaine-medical","status":"publish","type":"post","link":"https:\/\/www.ricom-web8.com\/gestions\/lintelligence-artificielle-dans-le-domaine-medical\/","title":{"rendered":"L\u2019intelligence artificielle dans le domaine m\u00e9dical"},"content":{"rendered":"<span class=\"span-reading-time rt-reading-time\" style=\"display: block;\"><span class=\"rt-label rt-prefix\">Temps de lecture\u00a0: <\/span> <span class=\"rt-time\"> 3<\/span> <span class=\"rt-label rt-postfix\">minutes<\/span><\/span><p>Difficile d\u2019\u00e9voquer l\u2019ensemble des probl\u00e9matiques juridiques li\u00e9es \u00e0 l\u2019apparition de l\u2019IA dans le domaine de la sant\u00e9, tant les sujets sont nombreux (proposition de r\u00e8glement sur l\u2019IA<sup class=\"appel\" data-toggle=\"modal\" data-target=\"#notes\">(1)<\/sup>, ouverture des donn\u00e9es personnelles et conciliation avec le RGPD, responsabilit\u00e9 m\u00e9dicale, consentement et information du patient, etc.). Nous pouvons n\u00e9anmoins esquisser un certain regard juridique sur l\u2019IA dans le domaine m\u00e9dical, en abordant deux questions d\u2019actualit\u00e9, l\u2019une \u00e0 l\u2019\u00e9chelle de l\u2019Union europ\u00e9enne et l\u2019autre \u00e0 l\u2019\u00e9chelle nationale\u00a0: la gouvernance des donn\u00e9es et la d\u00e9cision m\u00e9dicale \u00e0 l\u2019aune des syst\u00e8mes d\u2019IA.<\/p>\n<h1>La gouvernance des donn\u00e9es m\u00e9dicales<\/h1>\n<p>L\u2019Union europ\u00e9enne d\u00e9ploie une strat\u00e9gie pour les donn\u00e9es qui renouvelle le cadre de gouvernance pour les donn\u00e9es m\u00e9dicales<sup class=\"appel\" data-toggle=\"modal\" data-target=\"#notes\">(2)<\/sup>. Plusieurs textes importants concourent \u00e0 construire une politique europ\u00e9enne autour de deux objectifs\u00a0: l\u2019ouverture et la circulation des donn\u00e9es<sup class=\"appel\" data-toggle=\"modal\" data-target=\"#notes\">(3)<\/sup>. Ainsi, des espaces europ\u00e9ens de donn\u00e9es commencent \u00e0 se concr\u00e9tiser dans le domaine de la sant\u00e9, dans le but affich\u00e9 de faciliter l\u2019acc\u00e8s aux donn\u00e9es de sant\u00e9 et l\u2019entra\u00eenement de syst\u00e8mes d\u2019IA mobilisant ces jeux de donn\u00e9es. Le l\u00e9gislateur europ\u00e9en cherche ainsi \u00e0 organiser un acc\u00e8s non discriminatoire aux donn\u00e9es qui respecte la vie priv\u00e9e et les exigences de transparence, dans le cadre d\u2019une gouvernance institutionnelle appropri\u00e9e. Le dispositif a pour objectif d\u2019aider les personnes physiques \u00e0 b\u00e9n\u00e9ficier de la protection et de la libre circulation des donn\u00e9es de sant\u00e9 \u00e9lectroniques, en particulier des donn\u00e9es \u00e0 caract\u00e8re personnel (c\u2019est l\u2019utilisation primaire des donn\u00e9es de sant\u00e9 \u00e9lectroniques). La cr\u00e9ation de cet espace europ\u00e9en des donn\u00e9es de sant\u00e9 poursuit enfin un objectif d\u2019int\u00e9r\u00eat g\u00e9n\u00e9ral, en facilitant l\u2019acc\u00e8s, l\u2019utilisation et la r\u00e9utilisation des donn\u00e9es de sant\u00e9 pour la fourniture de soins de sant\u00e9, la recherche et l\u2019innovation (c\u2019est l\u2019utilisation secondaire des donn\u00e9es de\u00a0sant\u00e9\u00a0\u00e9lectroniques).<span class=\"Apple-converted-space\">\u00a0<\/span><\/p>\n<p>Cet espace s\u2019inscrit dans la suite de pr\u00e9c\u00e9dents programmes, TEHDaS (Towards a European Health Data Space) et EU4Health<sup class=\"appel\" data-toggle=\"modal\" data-target=\"#notes\">(4)<\/sup> qui ambitionnent de d\u00e9velopper et d\u00e9ployer un r\u00e9seau de n\u0153uds de donn\u00e9es et d\u2019\u00e9valuer la capacit\u00e9 \u00e0 d\u00e9ployer une telle infrastructure au niveau europ\u00e9en.<\/p>\n<p>En conclusion, il appara\u00eet une double tendance en mati\u00e8re de gouvernance de donn\u00e9es\u2009: les textes les plus r\u00e9cents entendent d\u2019abord maintenir un niveau \u00e9lev\u00e9 de protection des donn\u00e9es de sant\u00e9, qui demeurent avant tout des \u00ab\u2009donn\u00e9es personnelles sensibles\u2009\u00bb au sens du R\u00e8glement g\u00e9n\u00e9ral sur la protection des donn\u00e9es personnelles (RGPD). Mais dans le m\u00eame mouvement, ces textes posent les jalons d\u2019un big data m\u00e9dical, dont la gouvernance devra imp\u00e9rativement remplir ses promesses en termes de s\u00e9curit\u00e9 et de robustesse tant les enjeux sont cruciaux pour les individus concern\u00e9s.<span class=\"Apple-converted-space\">\u00a0<\/span><\/p>\n<h1>La d\u00e9cision m\u00e9dicale \u00e0 l\u2019aune des syst\u00e8mes d\u2019IA<span class=\"Apple-converted-space\">\u00a0<\/span><\/h1>\n<p>\u00c0 l\u2019occasion de la r\u00e9vision de la loi Bio\u00e9thique<sup class=\"appel\" data-toggle=\"modal\" data-target=\"#notes\">(5)<\/sup>, le l\u00e9gislateur fran\u00e7ais a introduit dans le Code de la sant\u00e9 publique une disposition importante qui fixe le cadre dans lequel le professionnel de sant\u00e9 peut faire usage des syst\u00e8mes d\u2019IA. D\u00e9sormais, l\u2019article L. 4001-3 pr\u00e9voit le principe d\u2019une \u00ab\u2009garantie humaine\u2009\u00bb pour l\u2019utilisation d\u2019un dispositif m\u00e9dical comportant un syst\u00e8me de machine learning. Le texte impose une information des patients et une plus grande ma\u00eetrise de cet outil par les professionnels de sant\u00e9. Seuls les dispositifs m\u00e9dicaux \u00ab\u2009comportant un traitement de donn\u00e9es algorithmique dont l\u2019apprentissage a \u00e9t\u00e9 r\u00e9alis\u00e9 \u00e0 partir de donn\u00e9es massives\u2009\u00bb sont concern\u00e9s. Le professionnel de sant\u00e9 doit alors s\u2019assurer \u00ab\u2009que la personne concern\u00e9e en a \u00e9t\u00e9 inform\u00e9e et qu\u2019elle est, le cas \u00e9ch\u00e9ant, avertie de l\u2019interpr\u00e9tation qui en r\u00e9sulte\u2009\u00bb. Le praticien devra donc expliquer clairement le r\u00e9sultat de sortie \u00e0 son patient dont le consentement n\u2019est pas requis pour l\u2019utilisation d\u2019un dispositif d\u2019IA. Si le texte ne pr\u00e9cise pas \u00e0 quel moment l\u2019information doit \u00eatre d\u00e9livr\u00e9e, il entend pr\u00e9server l\u2019autonomie d\u00e9cisionnelle du m\u00e9decin, qui est au fondement de la relation de confiance l\u2019unissant au patient. En effet, l\u2019objectif du texte est d\u2019\u00e9viter un dessaisissement du m\u00e9decin dans son expertise au profit de l\u2019algorithme<sup class=\"appel\" data-toggle=\"modal\" data-target=\"#notes\">(6)<\/sup>.<\/p>\n<p>Ce nouvel article red\u00e9finit les rapports entre les diff\u00e9rentes parties prenantes qui concourent \u00e0 la relation de soin\u2009: patients, soignants, concepteurs de dispositifs m\u00e9dicaux et h\u00e9bergeurs de donn\u00e9es personnelles de sant\u00e9. Le texte est loin de lever toutes les impr\u00e9cisions et les ambigu\u00eft\u00e9s, bien au contraire. C\u2019est pourquoi il faudra redoubler de vigilance dans la r\u00e9daction des clauses contractuelles qui lieront le professionnel de\u00a0sant\u00e9\u00a0dans le cadre de la mise \u00e0 disposition du dispositif m\u00e9dical avec les autres parties prenantes afin de pr\u00e9ciser en amont la r\u00e9partition des r\u00f4les et les diligences attendues de chacun.<\/p>\n<script>function PlayerjsAsync(){} if(window[\"Playerjs\"]){PlayerjsAsync();}<\/script>","protected":false},"excerpt":{"rendered":"<p><span class=\"span-reading-time rt-reading-time\" style=\"display: block;\"><span class=\"rt-label rt-prefix\">Temps de lecture\u00a0: <\/span> <span class=\"rt-time\"> 3<\/span> <span class=\"rt-label rt-postfix\">minutes<\/span><\/span>Difficile d\u2019\u00e9voquer l\u2019ensemble des probl\u00e9matiques juridiques li\u00e9es \u00e0 l\u2019apparition de l\u2019IA dans le domaine de la sant\u00e9, tant les sujets sont nombreux (proposition de r\u00e8glement sur l\u2019IA(1), ouverture des donn\u00e9es personnelles et conciliation avec le RGPD, responsabilit\u00e9 m\u00e9dicale, consentement et information du patient, etc.). Nous pouvons n\u00e9anmoins esquisser un certain regard juridique sur l\u2019IA dans le domaine m\u00e9dical, en abordant deux questions d\u2019actualit\u00e9, l\u2019une \u00e0 l\u2019\u00e9chelle de l\u2019Union europ\u00e9enne et&hellip; <\/p>\n","protected":false},"author":23133,"featured_media":0,"comment_status":"closed","ping_status":"closed","sticky":false,"template":"","format":"standard","meta":{"_acf_changed":false,"_relevanssi_hide_post":"","_relevanssi_hide_content":"","_relevanssi_pin_for_all":"","_relevanssi_pin_keywords":"","_relevanssi_unpin_keywords":"","_relevanssi_related_keywords":"","_relevanssi_related_include_ids":"","_relevanssi_related_exclude_ids":"","_relevanssi_related_no_append":"","_relevanssi_related_not_related":"","_relevanssi_related_posts":"","_relevanssi_noindex_reason":"","footnotes":""},"categories":[26,2],"tags":[6464,4674,9465,8078,9466],"class_list":["post-46007","post","type-post","status-publish","format-standard","hentry","category-dossier","category-gestions-hospitalieres","tag-algorithme","tag-donnees-medicales","tag-espace-europeen","tag-garantie-humaine","tag-information-patient"],"acf":[],"yoast_head":"<!-- This site is optimized with the Yoast SEO plugin v24.8.1 - https:\/\/yoast.com\/wordpress\/plugins\/seo\/ -->\n<title>L\u2019intelligence artificielle dans le domaine m\u00e9dical - Gestions hospitali\u00e8res<\/title>\n<meta name=\"robots\" content=\"index, follow, max-snippet:-1, max-image-preview:large, max-video-preview:-1\" \/>\n<link rel=\"canonical\" href=\"https:\/\/www.ricom-web8.com\/gestions\/lintelligence-artificielle-dans-le-domaine-medical\/\" \/>\n<meta property=\"og:locale\" content=\"fr_FR\" \/>\n<meta property=\"og:type\" content=\"article\" \/>\n<meta property=\"og:title\" content=\"L\u2019intelligence artificielle dans le domaine m\u00e9dical - Gestions hospitali\u00e8res\" \/>\n<meta property=\"og:description\" content=\"Temps de lecture\u00a0:  3 minutesDifficile d\u2019\u00e9voquer l\u2019ensemble des probl\u00e9matiques juridiques li\u00e9es \u00e0 l\u2019apparition de l\u2019IA dans le domaine de la sant\u00e9, tant les sujets sont nombreux (proposition de r\u00e8glement sur l\u2019IA(1), ouverture des donn\u00e9es personnelles et conciliation avec le RGPD, responsabilit\u00e9 m\u00e9dicale, consentement et information du patient, etc.). Nous pouvons n\u00e9anmoins esquisser un certain regard juridique sur l\u2019IA dans le domaine m\u00e9dical, en abordant deux questions d\u2019actualit\u00e9, l\u2019une \u00e0 l\u2019\u00e9chelle de l\u2019Union europ\u00e9enne et&hellip;\" \/>\n<meta property=\"og:url\" content=\"https:\/\/www.ricom-web8.com\/gestions\/lintelligence-artificielle-dans-le-domaine-medical\/\" \/>\n<meta property=\"og:site_name\" content=\"Gestions hospitali\u00e8res\" \/>\n<meta property=\"article:publisher\" content=\"https:\/\/www.facebook.com\/gestionshospitalieres\/\" \/>\n<meta property=\"article:published_time\" content=\"2023-01-01T14:14:55+00:00\" \/>\n<meta property=\"article:modified_time\" content=\"2023-01-31T09:45:47+00:00\" \/>\n<meta name=\"author\" content=\"Gestions hospitali\u00e8res\" \/>\n<meta name=\"twitter:card\" content=\"summary_large_image\" \/>\n<meta name=\"twitter:creator\" content=\"@revue_GH\" \/>\n<meta name=\"twitter:site\" content=\"@revue_GH\" \/>\n<meta name=\"twitter:label1\" content=\"\u00c9crit par\" \/>\n\t<meta name=\"twitter:data1\" content=\"Gestions hospitali\u00e8res\" \/>\n\t<meta name=\"twitter:label2\" content=\"Dur\u00e9e de lecture estim\u00e9e\" \/>\n\t<meta name=\"twitter:data2\" content=\"4 minutes\" \/>\n<script type=\"application\/ld+json\" class=\"yoast-schema-graph\">{\"@context\":\"https:\/\/schema.org\",\"@graph\":[{\"@type\":\"Article\",\"@id\":\"https:\/\/www.ricom-web8.com\/gestions\/lintelligence-artificielle-dans-le-domaine-medical\/#article\",\"isPartOf\":{\"@id\":\"https:\/\/www.ricom-web8.com\/gestions\/lintelligence-artificielle-dans-le-domaine-medical\/\"},\"author\":{\"name\":\"Gestions hospitali\u00e8res\",\"@id\":\"https:\/\/www.ricom-web8.com\/gestions\/#\/schema\/person\/3ba9fe913190dfe9507feb621e902c1f\"},\"headline\":\"L\u2019intelligence artificielle dans le domaine m\u00e9dical\",\"datePublished\":\"2023-01-01T14:14:55+00:00\",\"dateModified\":\"2023-01-31T09:45:47+00:00\",\"mainEntityOfPage\":{\"@id\":\"https:\/\/www.ricom-web8.com\/gestions\/lintelligence-artificielle-dans-le-domaine-medical\/\"},\"wordCount\":888,\"publisher\":{\"@id\":\"https:\/\/www.ricom-web8.com\/gestions\/#organization\"},\"keywords\":[\"algorithme\",\"donn\u00e9es m\u00e9dicales\",\"espace europ\u00e9en\",\"garantie humaine\",\"information patient\"],\"articleSection\":[\"dossier\",\"Gestions Hospitali\u00e8res\"],\"inLanguage\":\"fr-FR\"},{\"@type\":\"WebPage\",\"@id\":\"https:\/\/www.ricom-web8.com\/gestions\/lintelligence-artificielle-dans-le-domaine-medical\/\",\"url\":\"https:\/\/www.ricom-web8.com\/gestions\/lintelligence-artificielle-dans-le-domaine-medical\/\",\"name\":\"L\u2019intelligence artificielle dans le domaine m\u00e9dical - Gestions hospitali\u00e8res\",\"isPartOf\":{\"@id\":\"https:\/\/www.ricom-web8.com\/gestions\/#website\"},\"datePublished\":\"2023-01-01T14:14:55+00:00\",\"dateModified\":\"2023-01-31T09:45:47+00:00\",\"breadcrumb\":{\"@id\":\"https:\/\/www.ricom-web8.com\/gestions\/lintelligence-artificielle-dans-le-domaine-medical\/#breadcrumb\"},\"inLanguage\":\"fr-FR\",\"potentialAction\":[{\"@type\":\"ReadAction\",\"target\":[\"https:\/\/www.ricom-web8.com\/gestions\/lintelligence-artificielle-dans-le-domaine-medical\/\"]}]},{\"@type\":\"BreadcrumbList\",\"@id\":\"https:\/\/www.ricom-web8.com\/gestions\/lintelligence-artificielle-dans-le-domaine-medical\/#breadcrumb\",\"itemListElement\":[{\"@type\":\"ListItem\",\"position\":1,\"name\":\"Accueil\",\"item\":\"https:\/\/www.ricom-web8.com\/gestions\/\"},{\"@type\":\"ListItem\",\"position\":2,\"name\":\"L\u2019intelligence artificielle dans le domaine m\u00e9dical\"}]},{\"@type\":\"WebSite\",\"@id\":\"https:\/\/www.ricom-web8.com\/gestions\/#website\",\"url\":\"https:\/\/www.ricom-web8.com\/gestions\/\",\"name\":\"Gestions hospitali\u00e8res\",\"description\":\"la revue des d\u00e9cideurs hospitaliers\",\"publisher\":{\"@id\":\"https:\/\/www.ricom-web8.com\/gestions\/#organization\"},\"potentialAction\":[{\"@type\":\"SearchAction\",\"target\":{\"@type\":\"EntryPoint\",\"urlTemplate\":\"https:\/\/www.ricom-web8.com\/gestions\/?s={search_term_string}\"},\"query-input\":{\"@type\":\"PropertyValueSpecification\",\"valueRequired\":true,\"valueName\":\"search_term_string\"}}],\"inLanguage\":\"fr-FR\"},{\"@type\":\"Organization\",\"@id\":\"https:\/\/www.ricom-web8.com\/gestions\/#organization\",\"name\":\"Gestions hospitali\u00e8res\",\"url\":\"https:\/\/www.ricom-web8.com\/gestions\/\",\"logo\":{\"@type\":\"ImageObject\",\"inLanguage\":\"fr-FR\",\"@id\":\"https:\/\/www.ricom-web8.com\/gestions\/#\/schema\/logo\/image\/\",\"url\":\"https:\/\/gestions-hospitalieres.fr\/wp-content\/uploads\/2017\/02\/picto_Gif-GH-trans.png\",\"contentUrl\":\"https:\/\/gestions-hospitalieres.fr\/wp-content\/uploads\/2017\/02\/picto_Gif-GH-trans.png\",\"width\":512,\"height\":512,\"caption\":\"Gestions hospitali\u00e8res\"},\"image\":{\"@id\":\"https:\/\/www.ricom-web8.com\/gestions\/#\/schema\/logo\/image\/\"},\"sameAs\":[\"https:\/\/www.facebook.com\/gestionshospitalieres\/\",\"https:\/\/x.com\/revue_GH\",\"https:\/\/www.linkedin.com\/company\/gestions-hospitalieres?trk=top_nav_home\"]},{\"@type\":\"Person\",\"@id\":\"https:\/\/www.ricom-web8.com\/gestions\/#\/schema\/person\/3ba9fe913190dfe9507feb621e902c1f\",\"name\":\"Gestions hospitali\u00e8res\",\"image\":{\"@type\":\"ImageObject\",\"inLanguage\":\"fr-FR\",\"@id\":\"https:\/\/www.ricom-web8.com\/gestions\/#\/schema\/person\/image\/\",\"url\":\"https:\/\/secure.gravatar.com\/avatar\/1a0d93e6db5dbe7dac96bae4757d256f?s=96&d=mm&r=g\",\"contentUrl\":\"https:\/\/secure.gravatar.com\/avatar\/1a0d93e6db5dbe7dac96bae4757d256f?s=96&d=mm&r=g\",\"caption\":\"Gestions hospitali\u00e8res\"},\"url\":\"https:\/\/www.ricom-web8.com\/gestions\/author\/benjamin\/\"}]}<\/script>\n<!-- \/ Yoast SEO plugin. -->","yoast_head_json":{"title":"L\u2019intelligence artificielle dans le domaine m\u00e9dical - Gestions hospitali\u00e8res","robots":{"index":"index","follow":"follow","max-snippet":"max-snippet:-1","max-image-preview":"max-image-preview:large","max-video-preview":"max-video-preview:-1"},"canonical":"https:\/\/www.ricom-web8.com\/gestions\/lintelligence-artificielle-dans-le-domaine-medical\/","og_locale":"fr_FR","og_type":"article","og_title":"L\u2019intelligence artificielle dans le domaine m\u00e9dical - Gestions hospitali\u00e8res","og_description":"Temps de lecture\u00a0:  3 minutesDifficile d\u2019\u00e9voquer l\u2019ensemble des probl\u00e9matiques juridiques li\u00e9es \u00e0 l\u2019apparition de l\u2019IA dans le domaine de la sant\u00e9, tant les sujets sont nombreux (proposition de r\u00e8glement sur l\u2019IA(1), ouverture des donn\u00e9es personnelles et conciliation avec le RGPD, responsabilit\u00e9 m\u00e9dicale, consentement et information du patient, etc.). Nous pouvons n\u00e9anmoins esquisser un certain regard juridique sur l\u2019IA dans le domaine m\u00e9dical, en abordant deux questions d\u2019actualit\u00e9, l\u2019une \u00e0 l\u2019\u00e9chelle de l\u2019Union europ\u00e9enne et&hellip;","og_url":"https:\/\/www.ricom-web8.com\/gestions\/lintelligence-artificielle-dans-le-domaine-medical\/","og_site_name":"Gestions hospitali\u00e8res","article_publisher":"https:\/\/www.facebook.com\/gestionshospitalieres\/","article_published_time":"2023-01-01T14:14:55+00:00","article_modified_time":"2023-01-31T09:45:47+00:00","author":"Gestions hospitali\u00e8res","twitter_card":"summary_large_image","twitter_creator":"@revue_GH","twitter_site":"@revue_GH","twitter_misc":{"\u00c9crit par":"Gestions hospitali\u00e8res","Dur\u00e9e de lecture estim\u00e9e":"4 minutes"},"schema":{"@context":"https:\/\/schema.org","@graph":[{"@type":"Article","@id":"https:\/\/www.ricom-web8.com\/gestions\/lintelligence-artificielle-dans-le-domaine-medical\/#article","isPartOf":{"@id":"https:\/\/www.ricom-web8.com\/gestions\/lintelligence-artificielle-dans-le-domaine-medical\/"},"author":{"name":"Gestions hospitali\u00e8res","@id":"https:\/\/www.ricom-web8.com\/gestions\/#\/schema\/person\/3ba9fe913190dfe9507feb621e902c1f"},"headline":"L\u2019intelligence artificielle dans le domaine m\u00e9dical","datePublished":"2023-01-01T14:14:55+00:00","dateModified":"2023-01-31T09:45:47+00:00","mainEntityOfPage":{"@id":"https:\/\/www.ricom-web8.com\/gestions\/lintelligence-artificielle-dans-le-domaine-medical\/"},"wordCount":888,"publisher":{"@id":"https:\/\/www.ricom-web8.com\/gestions\/#organization"},"keywords":["algorithme","donn\u00e9es m\u00e9dicales","espace europ\u00e9en","garantie humaine","information patient"],"articleSection":["dossier","Gestions Hospitali\u00e8res"],"inLanguage":"fr-FR"},{"@type":"WebPage","@id":"https:\/\/www.ricom-web8.com\/gestions\/lintelligence-artificielle-dans-le-domaine-medical\/","url":"https:\/\/www.ricom-web8.com\/gestions\/lintelligence-artificielle-dans-le-domaine-medical\/","name":"L\u2019intelligence artificielle dans le domaine m\u00e9dical - Gestions hospitali\u00e8res","isPartOf":{"@id":"https:\/\/www.ricom-web8.com\/gestions\/#website"},"datePublished":"2023-01-01T14:14:55+00:00","dateModified":"2023-01-31T09:45:47+00:00","breadcrumb":{"@id":"https:\/\/www.ricom-web8.com\/gestions\/lintelligence-artificielle-dans-le-domaine-medical\/#breadcrumb"},"inLanguage":"fr-FR","potentialAction":[{"@type":"ReadAction","target":["https:\/\/www.ricom-web8.com\/gestions\/lintelligence-artificielle-dans-le-domaine-medical\/"]}]},{"@type":"BreadcrumbList","@id":"https:\/\/www.ricom-web8.com\/gestions\/lintelligence-artificielle-dans-le-domaine-medical\/#breadcrumb","itemListElement":[{"@type":"ListItem","position":1,"name":"Accueil","item":"https:\/\/www.ricom-web8.com\/gestions\/"},{"@type":"ListItem","position":2,"name":"L\u2019intelligence artificielle dans le domaine m\u00e9dical"}]},{"@type":"WebSite","@id":"https:\/\/www.ricom-web8.com\/gestions\/#website","url":"https:\/\/www.ricom-web8.com\/gestions\/","name":"Gestions hospitali\u00e8res","description":"la revue des d\u00e9cideurs hospitaliers","publisher":{"@id":"https:\/\/www.ricom-web8.com\/gestions\/#organization"},"potentialAction":[{"@type":"SearchAction","target":{"@type":"EntryPoint","urlTemplate":"https:\/\/www.ricom-web8.com\/gestions\/?s={search_term_string}"},"query-input":{"@type":"PropertyValueSpecification","valueRequired":true,"valueName":"search_term_string"}}],"inLanguage":"fr-FR"},{"@type":"Organization","@id":"https:\/\/www.ricom-web8.com\/gestions\/#organization","name":"Gestions hospitali\u00e8res","url":"https:\/\/www.ricom-web8.com\/gestions\/","logo":{"@type":"ImageObject","inLanguage":"fr-FR","@id":"https:\/\/www.ricom-web8.com\/gestions\/#\/schema\/logo\/image\/","url":"https:\/\/gestions-hospitalieres.fr\/wp-content\/uploads\/2017\/02\/picto_Gif-GH-trans.png","contentUrl":"https:\/\/gestions-hospitalieres.fr\/wp-content\/uploads\/2017\/02\/picto_Gif-GH-trans.png","width":512,"height":512,"caption":"Gestions hospitali\u00e8res"},"image":{"@id":"https:\/\/www.ricom-web8.com\/gestions\/#\/schema\/logo\/image\/"},"sameAs":["https:\/\/www.facebook.com\/gestionshospitalieres\/","https:\/\/x.com\/revue_GH","https:\/\/www.linkedin.com\/company\/gestions-hospitalieres?trk=top_nav_home"]},{"@type":"Person","@id":"https:\/\/www.ricom-web8.com\/gestions\/#\/schema\/person\/3ba9fe913190dfe9507feb621e902c1f","name":"Gestions hospitali\u00e8res","image":{"@type":"ImageObject","inLanguage":"fr-FR","@id":"https:\/\/www.ricom-web8.com\/gestions\/#\/schema\/person\/image\/","url":"https:\/\/secure.gravatar.com\/avatar\/1a0d93e6db5dbe7dac96bae4757d256f?s=96&d=mm&r=g","contentUrl":"https:\/\/secure.gravatar.com\/avatar\/1a0d93e6db5dbe7dac96bae4757d256f?s=96&d=mm&r=g","caption":"Gestions hospitali\u00e8res"},"url":"https:\/\/www.ricom-web8.com\/gestions\/author\/benjamin\/"}]}},"_links":{"self":[{"href":"https:\/\/www.ricom-web8.com\/gestions\/wp-json\/wp\/v2\/posts\/46007","targetHints":{"allow":["GET"]}}],"collection":[{"href":"https:\/\/www.ricom-web8.com\/gestions\/wp-json\/wp\/v2\/posts"}],"about":[{"href":"https:\/\/www.ricom-web8.com\/gestions\/wp-json\/wp\/v2\/types\/post"}],"author":[{"embeddable":true,"href":"https:\/\/www.ricom-web8.com\/gestions\/wp-json\/wp\/v2\/users\/23133"}],"replies":[{"embeddable":true,"href":"https:\/\/www.ricom-web8.com\/gestions\/wp-json\/wp\/v2\/comments?post=46007"}],"version-history":[{"count":0,"href":"https:\/\/www.ricom-web8.com\/gestions\/wp-json\/wp\/v2\/posts\/46007\/revisions"}],"wp:attachment":[{"href":"https:\/\/www.ricom-web8.com\/gestions\/wp-json\/wp\/v2\/media?parent=46007"}],"wp:term":[{"taxonomy":"category","embeddable":true,"href":"https:\/\/www.ricom-web8.com\/gestions\/wp-json\/wp\/v2\/categories?post=46007"},{"taxonomy":"post_tag","embeddable":true,"href":"https:\/\/www.ricom-web8.com\/gestions\/wp-json\/wp\/v2\/tags?post=46007"}],"curies":[{"name":"wp","href":"https:\/\/api.w.org\/{rel}","templated":true}]}}