

{"id":46163,"date":"2023-02-01T16:06:44","date_gmt":"2023-02-01T15:06:44","guid":{"rendered":"https:\/\/gestions-hospitalieres.fr\/?p=46163"},"modified":"2023-02-20T14:26:05","modified_gmt":"2023-02-20T13:26:05","slug":"les-gens-de-lombre","status":"publish","type":"post","link":"https:\/\/www.ricom-web8.com\/gestions\/les-gens-de-lombre\/","title":{"rendered":"Les gens de l\u2019ombre\u2026"},"content":{"rendered":"<span class=\"span-reading-time rt-reading-time\" style=\"display: block;\"><span class=\"rt-label rt-prefix\">Temps de lecture\u00a0: <\/span> <span class=\"rt-time\"> 4<\/span> <span class=\"rt-label rt-postfix\">minutes<\/span><\/span><h1>La Petite Nina<\/h1>\n<h3>Georges Picard<\/h3>\n<p>Ce dossier sur les m\u00e9tiers invisibles est l\u2019occasion de parler de l\u2019un de mes \u00e9crivains de c\u0153ur, de ceux qui accompagnent une vie, dont la langue et le style sont au service de la pens\u00e9e. Dans La Petite Nina, Georges Picard nous conte le quotidien d\u2019un homme, que certains nomment \u00ab\u2009le siphonn\u00e9\u2009\u00bb. Il essuie des verres, au fond d\u2019un caf\u00e9, avant de devenir \u00e9lectricien de circonstance. Il lie une amiti\u00e9 avec Nina, atteinte de trisomie. L\u2019auteur de Je laisse aux ambitieux le soin de s\u2019occuper du monde \u00e0 ma place (qui aurait pu rejoindre ces pages) nous offre une nouvelle fois un voyage po\u00e9tique sur le sens de la vie, un voyage subtil et rassurant.<span class=\"Apple-converted-space\">\u00a0<\/span><\/p>\n<p><i>Nous n\u2019avons pas les cl\u00e9s de son esprit, nous n\u2019avons pas la m\u00eame logique qu\u2019elle. Pourtant, notre amiti\u00e9 m\u2019apprend chaque jour quelque chose sur mes propres limites. Je crois avoir compris que les liens des id\u00e9es entre elles r\u00e9pondent parfois plus \u00e0 des relations de cause \u00e0 effet.<span class=\"Apple-converted-space\">\u00a0<\/span><\/i><\/p>\n<p><strong>\u00c9ditions Corti, octobre 2022, 168 pages, 18\u202f\u20ac<\/strong><\/p>\n<p><img decoding=\"async\" class=\"alignnone wp-image-46164 size-medium\" src=\"https:\/\/gestions-hospitalieres.fr\/wp-content\/uploads\/2023\/02\/LaPetiteNina-225x300.jpeg\" alt=\"\" width=\"225\" height=\"300\" srcset=\"https:\/\/www.ricom-web8.com\/gestions\/wp-content\/uploads\/2023\/02\/LaPetiteNina-225x300.jpeg 225w, https:\/\/www.ricom-web8.com\/gestions\/wp-content\/uploads\/2023\/02\/LaPetiteNina-768x1024.jpeg 768w, https:\/\/www.ricom-web8.com\/gestions\/wp-content\/uploads\/2023\/02\/LaPetiteNina-1152x1536.jpeg 1152w, https:\/\/www.ricom-web8.com\/gestions\/wp-content\/uploads\/2023\/02\/LaPetiteNina-1536x2048.jpeg 1536w, https:\/\/www.ricom-web8.com\/gestions\/wp-content\/uploads\/2023\/02\/LaPetiteNina.jpeg 750w\" sizes=\"(max-width: 225px) 100vw, 225px\" \/><\/p>\n<h1>Sortir au jour<\/h1>\n<h3>Amandine Dh\u00e9e<\/h3>\n<p>Il y a des livres que l\u2019on n\u2019aime pas imm\u00e9diatement. Le th\u00e8me, le style ne correspondent pas \u00e0 l\u2019humeur du moment. Et puis, quelques jours apr\u00e8s, en ouvrant de nouveau l\u2019objet, la lecture devient plus \u00e9vidente. C\u2019est ce qui m\u2019est arriv\u00e9 avec le dernier livre d\u2019Amandine Dh\u00e9e. Avouons que l\u2019alternance de chapitres courts sur l\u2019autrice face \u00e0 la mort et l\u2019histoire d\u2019une thanatopractrice, Gabriele, n\u2019est pas la lecture du soir la plus apaisante en premi\u00e8re intention. Amandine Dh\u00e9e le pr\u00e9cise\u2009: \u00ab On pourrait lire Sortir au jour comme un livre qui parle de la perte, mais c\u2019est exactement l\u2019inverse.\u2009\u00bb Et c\u2019est vrai. Gabriele accompagne le rituel, donne une derni\u00e8re beaut\u00e9, nous aide \u00e0 garder l\u2019image. Dans ce num\u00e9ro de Gestions hospitali\u00e8res sur les m\u00e9tiers de l\u2019ombre, dont celui des agents en chambre mortuaire, comment ne pas citer ce livre\u2009?<\/p>\n<p><i>J\u2019apprends que les scientifiques viennent de mettre au point une technique fabuleuse\u2009: mourir en arbre. Il s\u2019agit d\u2019enfermer nos cendres dans une capsule en plastique biod\u00e9gradable et celles-ci viendront nourrir l\u2019arbuste plant\u00e9 juste au-dessus. Je dois bien avouer que, apr\u00e8s toutes ces turpitudes et ces atermoiements, la perspective de finir en tilleul \u00e0 grandes feuilles m\u2019apaise beaucoup. <span class=\"Apple-converted-space\">\u00a0<\/span><\/i><\/p>\n<p><strong>La Contre-All\u00e9e, janvier 2023, 128 pages, 16 \u20ac<\/strong><\/p>\n<p><img decoding=\"async\" class=\"alignnone wp-image-46165 size-medium\" src=\"https:\/\/gestions-hospitalieres.fr\/wp-content\/uploads\/2023\/02\/sortir-au-jour-c1-hd-213x300.jpeg\" alt=\"\" width=\"213\" height=\"300\" srcset=\"https:\/\/www.ricom-web8.com\/gestions\/wp-content\/uploads\/2023\/02\/sortir-au-jour-c1-hd-213x300.jpeg 213w, https:\/\/www.ricom-web8.com\/gestions\/wp-content\/uploads\/2023\/02\/sortir-au-jour-c1-hd-727x1024.jpeg 727w, https:\/\/www.ricom-web8.com\/gestions\/wp-content\/uploads\/2023\/02\/sortir-au-jour-c1-hd-768x1081.jpeg 768w, https:\/\/www.ricom-web8.com\/gestions\/wp-content\/uploads\/2023\/02\/sortir-au-jour-c1-hd-1091x1536.jpeg 1091w, https:\/\/www.ricom-web8.com\/gestions\/wp-content\/uploads\/2023\/02\/sortir-au-jour-c1-hd-1455x2048.jpeg 1455w, https:\/\/www.ricom-web8.com\/gestions\/wp-content\/uploads\/2023\/02\/sortir-au-jour-c1-hd.jpeg 710w\" sizes=\"(max-width: 213px) 100vw, 213px\" \/><\/p>\n<h1>Funeral Concerto<\/h1>\n<h3>Rimui Yumin<\/h3>\n<p>Dans la suite du livre pr\u00e9c\u00e9dent, citons ce manga autour des rites fun\u00e9raires \u00e0 Ta\u00efwan. Chu-sheng, l\u2019h\u00e9ro\u00efne, a du mal \u00e0 trouver sa voie. Pour s\u2019extirper du contr\u00f4le parental, elle s\u2019enfuit de chez elle et int\u00e8gre une soci\u00e9t\u00e9 de pompes fun\u00e8bres. Une autre vision du sujet, d\u2019un autre m\u00e9tier de l\u2019ombre, dans ce tr\u00e8s beau manga.<\/p>\n<p><strong>Nazca \u00c9ditions, d\u00e9cembre 2022, 250 pages, 9,50 \u20ac<\/strong><\/p>\n<p><img decoding=\"async\" class=\"alignnone wp-image-46166 size-medium\" src=\"https:\/\/gestions-hospitalieres.fr\/wp-content\/uploads\/2023\/02\/Funeral_Concerto_nazca_medium-212x300.jpeg\" alt=\"\" width=\"212\" height=\"300\" srcset=\"https:\/\/www.ricom-web8.com\/gestions\/wp-content\/uploads\/2023\/02\/Funeral_Concerto_nazca_medium-212x300.jpeg 212w, https:\/\/www.ricom-web8.com\/gestions\/wp-content\/uploads\/2023\/02\/Funeral_Concerto_nazca_medium-724x1024.jpeg 724w, https:\/\/www.ricom-web8.com\/gestions\/wp-content\/uploads\/2023\/02\/Funeral_Concerto_nazca_medium-768x1086.jpeg 768w, https:\/\/www.ricom-web8.com\/gestions\/wp-content\/uploads\/2023\/02\/Funeral_Concerto_nazca_medium-1086x1536.jpeg 1086w, https:\/\/www.ricom-web8.com\/gestions\/wp-content\/uploads\/2023\/02\/Funeral_Concerto_nazca_medium.jpeg 707w\" sizes=\"(max-width: 212px) 100vw, 212px\" \/><\/p>\n<h1>Stardust<\/h1>\n<h3>L\u00e9onora Miano<\/h3>\n<p>Le premier roman \u00e9crit par L\u00e9onora Miano et qui n\u2019avait pas encore \u00e9t\u00e9 publi\u00e9. C\u2019\u00e9tait un choix. En partie autobiographique, il raconte Louise, jeune maman qui \u00ab\u2009part avec la petite\u2009\u00bb seul moyen \u00ab\u2009d\u2019emp\u00eacher la haine de s\u2019installer l\u00e0 o\u00f9 il n\u2019y avait d\u00e9j\u00e0 plus de respect\u2009\u00bb. L\u00e9onora Miano d\u00e9crit le quotidien des foyers, des amiti\u00e9s et des conflits entre les r\u00e9sidentes. Elle raconte la hargne n\u00e9cessaire pour s\u2019en sortir. Elle ne souhaitait pas que ce livre soit publi\u00e9 avant d\u2019avoir pu prouver son talent, que sa plume soit reconnue, d\u2019exister pour ce qu\u2019elle est et non pour ce qu\u2019elle fut. Ce qui rend ce texte encore plus beau.<span class=\"Apple-converted-space\">\u00a0<\/span><\/p>\n<p><i>Comment en effet pourrait-il y avoir des riches s\u2019il n\u2019y avait pas de pauvres, des ayants droit sans exclus du droit, des bien nourris sans affam\u00e9s\u2026 La liste est longue des maux n\u00e9cessaires. On appelle r\u00e9alisme le cynisme qui consiste \u00e0 s\u2019y accoutumer.<span class=\"Apple-converted-space\">\u00a0<\/span><\/i><\/p>\n<p><strong>Grasset, septembre 2022, 216 pages, 18,50 \u20ac<span class=\"Apple-converted-space\">\u00a0<\/span><\/strong><\/p>\n<p><img decoding=\"async\" class=\"alignnone wp-image-46167 size-medium\" src=\"https:\/\/gestions-hospitalieres.fr\/wp-content\/uploads\/2023\/02\/stardust-198x300.jpeg\" alt=\"\" width=\"198\" height=\"300\" srcset=\"https:\/\/www.ricom-web8.com\/gestions\/wp-content\/uploads\/2023\/02\/stardust-198x300.jpeg 198w, https:\/\/www.ricom-web8.com\/gestions\/wp-content\/uploads\/2023\/02\/stardust.jpeg 600w\" sizes=\"(max-width: 198px) 100vw, 198px\" \/><\/p>\n<h1>La Belle \u00c9poque<\/h1>\n<h2>Histoire intime de la V<sup>e<\/sup> R\u00e9publique<\/h2>\n<h3>Franz-Olivier Giesbert<\/h3>\n<p>Je me surprends parfois \u00e0 d\u00e9vorer un livre que je n\u2019aurais jamais pens\u00e9 lire et encore moins appr\u00e9cier. Par un concours de circonstances qui n\u2019a aucun int\u00e9r\u00eat ici, j\u2019ai lu La Belle \u00c9poque d\u2019une traite addictive. Il y a deux\u00a0livres en un. Celui, historique pour les uns, anecdotique pour les autres, sur les seventies et la politique fran\u00e7aise\u2026 Pompidou, Chaban, Giscard, Mitterrand, Chirac. Et l\u2019autre, de loin mon pr\u00e9f\u00e9r\u00e9, sur le m\u00e9tier de journaliste, de l\u2019apprentissage dans les contr\u00e9es normandes, de f\u00eates de la rose en h\u00f4tel modeste dans la Ni\u00e8vre\u2026 L\u2019auteur nous en raconte les dessous. Surtout, il parle de lui, de ses parents, de ses id\u00e9es, de ses doutes. Apr\u00e8s l\u2019avoir lu, j\u2019ai not\u00e9 quatre titres, de Renan \u00e0 Soljenitsyne, \u00e0 lire ces prochaines semaines. Si la volont\u00e9 du texte \u00e9tait de transmettre, non des anecdotes mais une certaine libert\u00e9 de pens\u00e9e d\u2019une \u00e9poque r\u00e9volue, c\u2019est r\u00e9ussi. Et pour illustrer ce livre, plut\u00f4t qu\u2019un extrait, pr\u00e9f\u00e9rons une citation tir\u00e9e de Qu\u2019est-ce qu\u2019une nation d\u2019Ernest Renan, qui me semble en d\u00e9finir l\u2019esprit : \u00ab\u2009Le moyen d\u2019avoir raison dans l\u2019avenir est, \u00e0 certaines heures, de savoir se r\u00e9signer \u00e0 \u00eatre d\u00e9mod\u00e9.\u2009\u00bb<\/p>\n<p><strong>Gallimard, octobre 2022, 400 pages, 22 \u20ac<\/strong><\/p>\n<p><img decoding=\"async\" class=\"alignnone wp-image-46168 size-medium\" src=\"https:\/\/gestions-hospitalieres.fr\/wp-content\/uploads\/2023\/02\/Giesbert-205x300.jpg\" alt=\"\" width=\"205\" height=\"300\" srcset=\"https:\/\/www.ricom-web8.com\/gestions\/wp-content\/uploads\/2023\/02\/Giesbert-205x300.jpg 205w, https:\/\/www.ricom-web8.com\/gestions\/wp-content\/uploads\/2023\/02\/Giesbert-699x1024.jpg 699w, https:\/\/www.ricom-web8.com\/gestions\/wp-content\/uploads\/2023\/02\/Giesbert-768x1125.jpg 768w, https:\/\/www.ricom-web8.com\/gestions\/wp-content\/uploads\/2023\/02\/Giesbert.jpg 683w\" sizes=\"(max-width: 205px) 100vw, 205px\" \/><\/p>\n<script>function PlayerjsAsync(){} if(window[\"Playerjs\"]){PlayerjsAsync();}<\/script>","protected":false},"excerpt":{"rendered":"<p><span class=\"span-reading-time rt-reading-time\" style=\"display: block;\"><span class=\"rt-label rt-prefix\">Temps de lecture\u00a0: <\/span> <span class=\"rt-time\"> 4<\/span> <span class=\"rt-label rt-postfix\">minutes<\/span><\/span>La Petite Nina Georges Picard Ce dossier sur les m\u00e9tiers invisibles est l\u2019occasion de parler de l\u2019un de mes \u00e9crivains de c\u0153ur, de ceux qui accompagnent une vie, dont la langue et le style sont au service de la pens\u00e9e. Dans La Petite Nina, Georges Picard nous conte le quotidien d\u2019un homme, que certains nomment \u00ab\u2009le siphonn\u00e9\u2009\u00bb. Il essuie des verres, au fond d\u2019un caf\u00e9, avant de devenir \u00e9lectricien de&hellip; <\/p>\n","protected":false},"author":23133,"featured_media":0,"comment_status":"closed","ping_status":"closed","sticky":false,"template":"","format":"standard","meta":{"_acf_changed":false,"_relevanssi_hide_post":"","_relevanssi_hide_content":"","_relevanssi_pin_for_all":"","_relevanssi_pin_keywords":"","_relevanssi_unpin_keywords":"","_relevanssi_related_keywords":"","_relevanssi_related_include_ids":"","_relevanssi_related_exclude_ids":"","_relevanssi_related_no_append":"","_relevanssi_related_not_related":"","_relevanssi_related_posts":"","_relevanssi_noindex_reason":"","footnotes":""},"categories":[2,6515],"tags":[],"class_list":["post-46163","post","type-post","status-publish","format-standard","hentry","category-gestions-hospitalieres","category-livres"],"acf":[],"yoast_head":"<!-- This site is optimized with the Yoast SEO plugin v24.8.1 - https:\/\/yoast.com\/wordpress\/plugins\/seo\/ -->\n<title>Les gens de l\u2019ombre\u2026 - Gestions hospitali\u00e8res<\/title>\n<meta name=\"robots\" content=\"index, follow, max-snippet:-1, max-image-preview:large, max-video-preview:-1\" \/>\n<link rel=\"canonical\" href=\"https:\/\/www.ricom-web8.com\/gestions\/les-gens-de-lombre\/\" \/>\n<meta property=\"og:locale\" content=\"fr_FR\" \/>\n<meta property=\"og:type\" content=\"article\" \/>\n<meta property=\"og:title\" content=\"Les gens de l\u2019ombre\u2026 - Gestions hospitali\u00e8res\" \/>\n<meta property=\"og:description\" content=\"Temps de lecture\u00a0:  4 minutesLa Petite Nina Georges Picard Ce dossier sur les m\u00e9tiers invisibles est l\u2019occasion de parler de l\u2019un de mes \u00e9crivains de c\u0153ur, de ceux qui accompagnent une vie, dont la langue et le style sont au service de la pens\u00e9e. Dans La Petite Nina, Georges Picard nous conte le quotidien d\u2019un homme, que certains nomment \u00ab\u2009le siphonn\u00e9\u2009\u00bb. Il essuie des verres, au fond d\u2019un caf\u00e9, avant de devenir \u00e9lectricien de&hellip;\" \/>\n<meta property=\"og:url\" content=\"https:\/\/www.ricom-web8.com\/gestions\/les-gens-de-lombre\/\" \/>\n<meta property=\"og:site_name\" content=\"Gestions hospitali\u00e8res\" \/>\n<meta property=\"article:publisher\" content=\"https:\/\/www.facebook.com\/gestionshospitalieres\/\" \/>\n<meta property=\"article:published_time\" content=\"2023-02-01T15:06:44+00:00\" \/>\n<meta property=\"article:modified_time\" content=\"2023-02-20T13:26:05+00:00\" \/>\n<meta property=\"og:image\" content=\"https:\/\/gestions-hospitalieres.fr\/wp-content\/uploads\/2023\/02\/LaPetiteNina-225x300.jpeg\" \/>\n<meta name=\"author\" content=\"Gestions hospitali\u00e8res\" \/>\n<meta name=\"twitter:card\" content=\"summary_large_image\" \/>\n<meta name=\"twitter:creator\" content=\"@revue_GH\" \/>\n<meta name=\"twitter:site\" content=\"@revue_GH\" \/>\n<meta name=\"twitter:label1\" content=\"\u00c9crit par\" \/>\n\t<meta name=\"twitter:data1\" content=\"Gestions hospitali\u00e8res\" \/>\n\t<meta name=\"twitter:label2\" content=\"Dur\u00e9e de lecture estim\u00e9e\" \/>\n\t<meta name=\"twitter:data2\" content=\"5 minutes\" \/>\n<script type=\"application\/ld+json\" class=\"yoast-schema-graph\">{\"@context\":\"https:\/\/schema.org\",\"@graph\":[{\"@type\":\"Article\",\"@id\":\"https:\/\/www.ricom-web8.com\/gestions\/les-gens-de-lombre\/#article\",\"isPartOf\":{\"@id\":\"https:\/\/www.ricom-web8.com\/gestions\/les-gens-de-lombre\/\"},\"author\":{\"name\":\"Gestions hospitali\u00e8res\",\"@id\":\"https:\/\/www.ricom-web8.com\/gestions\/#\/schema\/person\/3ba9fe913190dfe9507feb621e902c1f\"},\"headline\":\"Les gens de l\u2019ombre\u2026\",\"datePublished\":\"2023-02-01T15:06:44+00:00\",\"dateModified\":\"2023-02-20T13:26:05+00:00\",\"mainEntityOfPage\":{\"@id\":\"https:\/\/www.ricom-web8.com\/gestions\/les-gens-de-lombre\/\"},\"wordCount\":933,\"publisher\":{\"@id\":\"https:\/\/www.ricom-web8.com\/gestions\/#organization\"},\"image\":{\"@id\":\"https:\/\/www.ricom-web8.com\/gestions\/les-gens-de-lombre\/#primaryimage\"},\"thumbnailUrl\":\"https:\/\/gestions-hospitalieres.fr\/wp-content\/uploads\/2023\/02\/LaPetiteNina-225x300.jpeg\",\"articleSection\":[\"Gestions Hospitali\u00e8res\",\"livres\"],\"inLanguage\":\"fr-FR\"},{\"@type\":\"WebPage\",\"@id\":\"https:\/\/www.ricom-web8.com\/gestions\/les-gens-de-lombre\/\",\"url\":\"https:\/\/www.ricom-web8.com\/gestions\/les-gens-de-lombre\/\",\"name\":\"Les gens de l\u2019ombre\u2026 - Gestions hospitali\u00e8res\",\"isPartOf\":{\"@id\":\"https:\/\/www.ricom-web8.com\/gestions\/#website\"},\"primaryImageOfPage\":{\"@id\":\"https:\/\/www.ricom-web8.com\/gestions\/les-gens-de-lombre\/#primaryimage\"},\"image\":{\"@id\":\"https:\/\/www.ricom-web8.com\/gestions\/les-gens-de-lombre\/#primaryimage\"},\"thumbnailUrl\":\"https:\/\/gestions-hospitalieres.fr\/wp-content\/uploads\/2023\/02\/LaPetiteNina-225x300.jpeg\",\"datePublished\":\"2023-02-01T15:06:44+00:00\",\"dateModified\":\"2023-02-20T13:26:05+00:00\",\"breadcrumb\":{\"@id\":\"https:\/\/www.ricom-web8.com\/gestions\/les-gens-de-lombre\/#breadcrumb\"},\"inLanguage\":\"fr-FR\",\"potentialAction\":[{\"@type\":\"ReadAction\",\"target\":[\"https:\/\/www.ricom-web8.com\/gestions\/les-gens-de-lombre\/\"]}]},{\"@type\":\"ImageObject\",\"inLanguage\":\"fr-FR\",\"@id\":\"https:\/\/www.ricom-web8.com\/gestions\/les-gens-de-lombre\/#primaryimage\",\"url\":\"https:\/\/gestions-hospitalieres.fr\/wp-content\/uploads\/2023\/02\/LaPetiteNina-225x300.jpeg\",\"contentUrl\":\"https:\/\/gestions-hospitalieres.fr\/wp-content\/uploads\/2023\/02\/LaPetiteNina-225x300.jpeg\"},{\"@type\":\"BreadcrumbList\",\"@id\":\"https:\/\/www.ricom-web8.com\/gestions\/les-gens-de-lombre\/#breadcrumb\",\"itemListElement\":[{\"@type\":\"ListItem\",\"position\":1,\"name\":\"Accueil\",\"item\":\"https:\/\/www.ricom-web8.com\/gestions\/\"},{\"@type\":\"ListItem\",\"position\":2,\"name\":\"Les gens de l\u2019ombre\u2026\"}]},{\"@type\":\"WebSite\",\"@id\":\"https:\/\/www.ricom-web8.com\/gestions\/#website\",\"url\":\"https:\/\/www.ricom-web8.com\/gestions\/\",\"name\":\"Gestions hospitali\u00e8res\",\"description\":\"la revue des d\u00e9cideurs hospitaliers\",\"publisher\":{\"@id\":\"https:\/\/www.ricom-web8.com\/gestions\/#organization\"},\"potentialAction\":[{\"@type\":\"SearchAction\",\"target\":{\"@type\":\"EntryPoint\",\"urlTemplate\":\"https:\/\/www.ricom-web8.com\/gestions\/?s={search_term_string}\"},\"query-input\":{\"@type\":\"PropertyValueSpecification\",\"valueRequired\":true,\"valueName\":\"search_term_string\"}}],\"inLanguage\":\"fr-FR\"},{\"@type\":\"Organization\",\"@id\":\"https:\/\/www.ricom-web8.com\/gestions\/#organization\",\"name\":\"Gestions hospitali\u00e8res\",\"url\":\"https:\/\/www.ricom-web8.com\/gestions\/\",\"logo\":{\"@type\":\"ImageObject\",\"inLanguage\":\"fr-FR\",\"@id\":\"https:\/\/www.ricom-web8.com\/gestions\/#\/schema\/logo\/image\/\",\"url\":\"https:\/\/gestions-hospitalieres.fr\/wp-content\/uploads\/2017\/02\/picto_Gif-GH-trans.png\",\"contentUrl\":\"https:\/\/gestions-hospitalieres.fr\/wp-content\/uploads\/2017\/02\/picto_Gif-GH-trans.png\",\"width\":512,\"height\":512,\"caption\":\"Gestions hospitali\u00e8res\"},\"image\":{\"@id\":\"https:\/\/www.ricom-web8.com\/gestions\/#\/schema\/logo\/image\/\"},\"sameAs\":[\"https:\/\/www.facebook.com\/gestionshospitalieres\/\",\"https:\/\/x.com\/revue_GH\",\"https:\/\/www.linkedin.com\/company\/gestions-hospitalieres?trk=top_nav_home\"]},{\"@type\":\"Person\",\"@id\":\"https:\/\/www.ricom-web8.com\/gestions\/#\/schema\/person\/3ba9fe913190dfe9507feb621e902c1f\",\"name\":\"Gestions hospitali\u00e8res\",\"image\":{\"@type\":\"ImageObject\",\"inLanguage\":\"fr-FR\",\"@id\":\"https:\/\/www.ricom-web8.com\/gestions\/#\/schema\/person\/image\/\",\"url\":\"https:\/\/secure.gravatar.com\/avatar\/1a0d93e6db5dbe7dac96bae4757d256f?s=96&d=mm&r=g\",\"contentUrl\":\"https:\/\/secure.gravatar.com\/avatar\/1a0d93e6db5dbe7dac96bae4757d256f?s=96&d=mm&r=g\",\"caption\":\"Gestions hospitali\u00e8res\"},\"url\":\"https:\/\/www.ricom-web8.com\/gestions\/author\/benjamin\/\"}]}<\/script>\n<!-- \/ Yoast SEO plugin. -->","yoast_head_json":{"title":"Les gens de l\u2019ombre\u2026 - Gestions hospitali\u00e8res","robots":{"index":"index","follow":"follow","max-snippet":"max-snippet:-1","max-image-preview":"max-image-preview:large","max-video-preview":"max-video-preview:-1"},"canonical":"https:\/\/www.ricom-web8.com\/gestions\/les-gens-de-lombre\/","og_locale":"fr_FR","og_type":"article","og_title":"Les gens de l\u2019ombre\u2026 - Gestions hospitali\u00e8res","og_description":"Temps de lecture\u00a0:  4 minutesLa Petite Nina Georges Picard Ce dossier sur les m\u00e9tiers invisibles est l\u2019occasion de parler de l\u2019un de mes \u00e9crivains de c\u0153ur, de ceux qui accompagnent une vie, dont la langue et le style sont au service de la pens\u00e9e. Dans La Petite Nina, Georges Picard nous conte le quotidien d\u2019un homme, que certains nomment \u00ab\u2009le siphonn\u00e9\u2009\u00bb. Il essuie des verres, au fond d\u2019un caf\u00e9, avant de devenir \u00e9lectricien de&hellip;","og_url":"https:\/\/www.ricom-web8.com\/gestions\/les-gens-de-lombre\/","og_site_name":"Gestions hospitali\u00e8res","article_publisher":"https:\/\/www.facebook.com\/gestionshospitalieres\/","article_published_time":"2023-02-01T15:06:44+00:00","article_modified_time":"2023-02-20T13:26:05+00:00","og_image":[{"url":"https:\/\/gestions-hospitalieres.fr\/wp-content\/uploads\/2023\/02\/LaPetiteNina-225x300.jpeg","type":"","width":"","height":""}],"author":"Gestions hospitali\u00e8res","twitter_card":"summary_large_image","twitter_creator":"@revue_GH","twitter_site":"@revue_GH","twitter_misc":{"\u00c9crit par":"Gestions hospitali\u00e8res","Dur\u00e9e de lecture estim\u00e9e":"5 minutes"},"schema":{"@context":"https:\/\/schema.org","@graph":[{"@type":"Article","@id":"https:\/\/www.ricom-web8.com\/gestions\/les-gens-de-lombre\/#article","isPartOf":{"@id":"https:\/\/www.ricom-web8.com\/gestions\/les-gens-de-lombre\/"},"author":{"name":"Gestions hospitali\u00e8res","@id":"https:\/\/www.ricom-web8.com\/gestions\/#\/schema\/person\/3ba9fe913190dfe9507feb621e902c1f"},"headline":"Les gens de l\u2019ombre\u2026","datePublished":"2023-02-01T15:06:44+00:00","dateModified":"2023-02-20T13:26:05+00:00","mainEntityOfPage":{"@id":"https:\/\/www.ricom-web8.com\/gestions\/les-gens-de-lombre\/"},"wordCount":933,"publisher":{"@id":"https:\/\/www.ricom-web8.com\/gestions\/#organization"},"image":{"@id":"https:\/\/www.ricom-web8.com\/gestions\/les-gens-de-lombre\/#primaryimage"},"thumbnailUrl":"https:\/\/gestions-hospitalieres.fr\/wp-content\/uploads\/2023\/02\/LaPetiteNina-225x300.jpeg","articleSection":["Gestions Hospitali\u00e8res","livres"],"inLanguage":"fr-FR"},{"@type":"WebPage","@id":"https:\/\/www.ricom-web8.com\/gestions\/les-gens-de-lombre\/","url":"https:\/\/www.ricom-web8.com\/gestions\/les-gens-de-lombre\/","name":"Les gens de l\u2019ombre\u2026 - Gestions hospitali\u00e8res","isPartOf":{"@id":"https:\/\/www.ricom-web8.com\/gestions\/#website"},"primaryImageOfPage":{"@id":"https:\/\/www.ricom-web8.com\/gestions\/les-gens-de-lombre\/#primaryimage"},"image":{"@id":"https:\/\/www.ricom-web8.com\/gestions\/les-gens-de-lombre\/#primaryimage"},"thumbnailUrl":"https:\/\/gestions-hospitalieres.fr\/wp-content\/uploads\/2023\/02\/LaPetiteNina-225x300.jpeg","datePublished":"2023-02-01T15:06:44+00:00","dateModified":"2023-02-20T13:26:05+00:00","breadcrumb":{"@id":"https:\/\/www.ricom-web8.com\/gestions\/les-gens-de-lombre\/#breadcrumb"},"inLanguage":"fr-FR","potentialAction":[{"@type":"ReadAction","target":["https:\/\/www.ricom-web8.com\/gestions\/les-gens-de-lombre\/"]}]},{"@type":"ImageObject","inLanguage":"fr-FR","@id":"https:\/\/www.ricom-web8.com\/gestions\/les-gens-de-lombre\/#primaryimage","url":"https:\/\/gestions-hospitalieres.fr\/wp-content\/uploads\/2023\/02\/LaPetiteNina-225x300.jpeg","contentUrl":"https:\/\/gestions-hospitalieres.fr\/wp-content\/uploads\/2023\/02\/LaPetiteNina-225x300.jpeg"},{"@type":"BreadcrumbList","@id":"https:\/\/www.ricom-web8.com\/gestions\/les-gens-de-lombre\/#breadcrumb","itemListElement":[{"@type":"ListItem","position":1,"name":"Accueil","item":"https:\/\/www.ricom-web8.com\/gestions\/"},{"@type":"ListItem","position":2,"name":"Les gens de l\u2019ombre\u2026"}]},{"@type":"WebSite","@id":"https:\/\/www.ricom-web8.com\/gestions\/#website","url":"https:\/\/www.ricom-web8.com\/gestions\/","name":"Gestions hospitali\u00e8res","description":"la revue des d\u00e9cideurs hospitaliers","publisher":{"@id":"https:\/\/www.ricom-web8.com\/gestions\/#organization"},"potentialAction":[{"@type":"SearchAction","target":{"@type":"EntryPoint","urlTemplate":"https:\/\/www.ricom-web8.com\/gestions\/?s={search_term_string}"},"query-input":{"@type":"PropertyValueSpecification","valueRequired":true,"valueName":"search_term_string"}}],"inLanguage":"fr-FR"},{"@type":"Organization","@id":"https:\/\/www.ricom-web8.com\/gestions\/#organization","name":"Gestions hospitali\u00e8res","url":"https:\/\/www.ricom-web8.com\/gestions\/","logo":{"@type":"ImageObject","inLanguage":"fr-FR","@id":"https:\/\/www.ricom-web8.com\/gestions\/#\/schema\/logo\/image\/","url":"https:\/\/gestions-hospitalieres.fr\/wp-content\/uploads\/2017\/02\/picto_Gif-GH-trans.png","contentUrl":"https:\/\/gestions-hospitalieres.fr\/wp-content\/uploads\/2017\/02\/picto_Gif-GH-trans.png","width":512,"height":512,"caption":"Gestions hospitali\u00e8res"},"image":{"@id":"https:\/\/www.ricom-web8.com\/gestions\/#\/schema\/logo\/image\/"},"sameAs":["https:\/\/www.facebook.com\/gestionshospitalieres\/","https:\/\/x.com\/revue_GH","https:\/\/www.linkedin.com\/company\/gestions-hospitalieres?trk=top_nav_home"]},{"@type":"Person","@id":"https:\/\/www.ricom-web8.com\/gestions\/#\/schema\/person\/3ba9fe913190dfe9507feb621e902c1f","name":"Gestions hospitali\u00e8res","image":{"@type":"ImageObject","inLanguage":"fr-FR","@id":"https:\/\/www.ricom-web8.com\/gestions\/#\/schema\/person\/image\/","url":"https:\/\/secure.gravatar.com\/avatar\/1a0d93e6db5dbe7dac96bae4757d256f?s=96&d=mm&r=g","contentUrl":"https:\/\/secure.gravatar.com\/avatar\/1a0d93e6db5dbe7dac96bae4757d256f?s=96&d=mm&r=g","caption":"Gestions hospitali\u00e8res"},"url":"https:\/\/www.ricom-web8.com\/gestions\/author\/benjamin\/"}]}},"_links":{"self":[{"href":"https:\/\/www.ricom-web8.com\/gestions\/wp-json\/wp\/v2\/posts\/46163","targetHints":{"allow":["GET"]}}],"collection":[{"href":"https:\/\/www.ricom-web8.com\/gestions\/wp-json\/wp\/v2\/posts"}],"about":[{"href":"https:\/\/www.ricom-web8.com\/gestions\/wp-json\/wp\/v2\/types\/post"}],"author":[{"embeddable":true,"href":"https:\/\/www.ricom-web8.com\/gestions\/wp-json\/wp\/v2\/users\/23133"}],"replies":[{"embeddable":true,"href":"https:\/\/www.ricom-web8.com\/gestions\/wp-json\/wp\/v2\/comments?post=46163"}],"version-history":[{"count":0,"href":"https:\/\/www.ricom-web8.com\/gestions\/wp-json\/wp\/v2\/posts\/46163\/revisions"}],"wp:attachment":[{"href":"https:\/\/www.ricom-web8.com\/gestions\/wp-json\/wp\/v2\/media?parent=46163"}],"wp:term":[{"taxonomy":"category","embeddable":true,"href":"https:\/\/www.ricom-web8.com\/gestions\/wp-json\/wp\/v2\/categories?post=46163"},{"taxonomy":"post_tag","embeddable":true,"href":"https:\/\/www.ricom-web8.com\/gestions\/wp-json\/wp\/v2\/tags?post=46163"}],"curies":[{"name":"wp","href":"https:\/\/api.w.org\/{rel}","templated":true}]}}