

{"id":46323,"date":"2023-03-01T17:05:34","date_gmt":"2023-03-01T16:05:34","guid":{"rendered":"https:\/\/gestions-hospitalieres.fr\/?p=46323"},"modified":"2023-03-27T10:29:51","modified_gmt":"2023-03-27T08:29:51","slug":"medecins-soignants-osons-la-litterature","status":"publish","type":"post","link":"https:\/\/www.ricom-web8.com\/gestions\/medecins-soignants-osons-la-litterature\/","title":{"rendered":"M\u00e9decins, soignants\u2026, osons la litt\u00e9rature\u2009!"},"content":{"rendered":"<span class=\"span-reading-time rt-reading-time\" style=\"display: block;\"><span class=\"rt-label rt-prefix\">Temps de lecture\u00a0: <\/span> <span class=\"rt-time\"> 2<\/span> <span class=\"rt-label rt-postfix\">minutes<\/span><\/span><p>Pour faire dialoguer l\u2019\u00e9thique du soin et la litt\u00e9rature, les coordinatrices de cet ouvrage \u2013 Maria Cabral et Marie-France Mamzer \u2013 ont opt\u00e9 pour une formule doublement innovante. D\u2019abord, en proposant non un manuel, mais une anthologie de textes essentiels, aptes \u00e0 ouvrir des portes sur l\u2019imaginaire et la r\u00e9flexion des professionnels de sant\u00e9. Ensuite, en sollicitant pour chaque texte, non le commentaire mais l\u2019\u00e9clairage d\u2019un m\u00e9decin, d\u2019un sp\u00e9cialiste ou d\u2019un chercheur en litt\u00e9rature, philosophie, anthropologie, sociologie ou histoire.<span class=\"Apple-converted-space\">\u00a0<\/span><\/p>\n<p>L\u2019ouvrage est structur\u00e9 en trois parties. Th\u00e9orique, la premi\u00e8re rassemble 21\u00a0extraits choisis depuis une perspective pluridisciplinaire, en fonction de leur pertinence pour le soin. Elle forme une \u00ab\u2009bo\u00eete \u00e0 outils\u2009\u00bb rassemblant des concepts utiles pour \u00e9clairer la r\u00e9flexion \u00e9thique. La deuxi\u00e8me partie r\u00e9unit des extraits d\u2019\u0153uvres repr\u00e9sentatifs de probl\u00e9matiques \u00e9thiques fortes, parmi lesquelles les hospitaliers n\u2019auront aucun mal \u00e0 reconna\u00eetre leurs questionnements quotidiens\u2009: maladie, souffrance et douleur, perte de l\u2019\u00eatre cher, mort, h\u00f4pital et institution, mauvaise nouvelle, vieillesse, handicap, addiction, d\u00e9cision et consentement, machine et nouvelles m\u00e9decines. L\u2019id\u00e9e est ici de placer le lecteur en immersion fictionnelle, c\u2019est-\u00e0-dire dans une interaction sp\u00e9cifique, \u00e0 la fois de proximit\u00e9 et de d\u00e9tachement du r\u00e9el, o\u00f9 il devient possible d\u2019exp\u00e9rimenter \u2013 d\u2019\u00e9prouver et de mieux examiner des situations \u00ab cliniques \u00bb porteuses d\u2019enjeux \u00e9thiques \u2013 \u00e0 la lumi\u00e8re de textes parfois anciens, qui illustrent bien que nos th\u00e9matiques \u00e9thiques contemporaines ont parfois \u00e9t\u00e9 identifi\u00e9es de tr\u00e8s longue date\u2026 \u00c0 finalit\u00e9 plus r\u00e9cr\u00e9ative, la derni\u00e8re partie rassemble une \u00ab\u2009pharmacop\u00e9e litt\u00e9raire\u2009\u00bb de 32\u00a0textes o\u00f9 les auteurs relatent comment la litt\u00e9rature ou la po\u00e9sie peuvent aider \u00e0 vivre, voire contribuer \u00e0 r\u00e9soudre, des probl\u00e9matiques de sant\u00e9. Vargas Llosa, Proust, La Fontaine, Nietzsche ou Rilke se font alors m\u00e9decins du corps ou de l\u2019\u00e2me, ouvrant d\u2019immenses et riches pistes de r\u00e9flexion.<\/p>\n<p>Le choix des textes, volontairement g\u00e9n\u00e9raliste, \u00ab\u2009parler a\u2009\u00bb \u00e0 tout soignant, quels que soient sa sp\u00e9cialit\u00e9 et son lieu d\u2019exercice, par l\u2019\u00e9ventail tr\u00e8s vaste de questionnements qu\u2019il permet d\u2019aborder et de r\u00e9flexions individuelles et collectives qu\u2019il permet de b\u00e2tir et de nourrir. Cette anthologie est \u00e0 n\u2019en point douter d\u2019une utilit\u00e9 immense pour renouveler l\u2019enseignement de l\u2019\u00e9thique m\u00e9dicale et soignante. Elle constitue aussi le support id\u00e9al pour introduire un tel enseignement dans tout \u00e9tablissement hospitalier qui ne serait pas encore familier avec l\u2019\u00e9thique narrative et pour \u00e9veiller les consciences \u00e0 cet exercice \u00e0 la fois passionnant et essentiel \u00e0 toute prise en charge.<\/p>\n<p><strong>Maria Cabral<\/strong><i>, professeure de litt\u00e9rature de langue fran\u00e7aise des 19<sup>e<\/sup> et 20<sup>e<\/sup> si\u00e8cles \u00e0 l\u2019universit\u00e9 du Minho (Portugal) et sp\u00e9cialiste du th\u00e9\u00e2tre symboliste du 19<sup>e<\/sup> si\u00e8cle, centre une partie de ses recherches sur le lien entre lecture litt\u00e9raire, th\u00e9\u00e2tre et m\u00e9decine, notamment dans une perspective \u00e9thique.<span class=\"Apple-converted-space\">\u00a0<\/span><\/i><\/p>\n<p><strong>Marie-France Mamzer<\/strong><i><strong>,<\/strong> n\u00e9phrologue et professeure d\u2019\u00e9thique m\u00e9dicale et de m\u00e9decine l\u00e9gale \u00e0 l\u2019universit\u00e9 Paris-Cit\u00e9, anime entre autres une mission \u00e9thique transversale \u00e0 l\u2019h\u00f4pital Necker-Enfants malades et dirige l\u2019\u00e9quipe de recherche universitaire pluridisciplinaire \u00c9thique, recherche, translation, au centre de recherche des Cordeliers \u00e0 Paris.<\/i><\/p>\n<figure id=\"attachment_46325\" aria-describedby=\"caption-attachment-46325\" style=\"width: 197px\" class=\"wp-caption alignnone\"><img decoding=\"async\" class=\"wp-image-46325 size-medium\" src=\"https:\/\/gestions-hospitalieres.fr\/wp-content\/uploads\/2023\/03\/Medecins-soignants-Osons-la-litterature-197x300.jpeg\" alt=\"\" width=\"197\" height=\"300\" srcset=\"https:\/\/www.ricom-web8.com\/gestions\/wp-content\/uploads\/2023\/03\/Medecins-soignants-Osons-la-litterature-197x300.jpeg 197w, https:\/\/www.ricom-web8.com\/gestions\/wp-content\/uploads\/2023\/03\/Medecins-soignants-Osons-la-litterature.jpeg 400w\" sizes=\"(max-width: 197px) 100vw, 197px\" \/><figcaption id=\"caption-attachment-46325\" class=\"wp-caption-text\">\u00c9ditions universitaires de Dijon, 2022, 254 pages<\/figcaption><\/figure>\n<script>function PlayerjsAsync(){} if(window[\"Playerjs\"]){PlayerjsAsync();}<\/script>","protected":false},"excerpt":{"rendered":"<p><span class=\"span-reading-time rt-reading-time\" style=\"display: block;\"><span class=\"rt-label rt-prefix\">Temps de lecture\u00a0: <\/span> <span class=\"rt-time\"> 2<\/span> <span class=\"rt-label rt-postfix\">minutes<\/span><\/span>Pour faire dialoguer l\u2019\u00e9thique du soin et la litt\u00e9rature, les coordinatrices de cet ouvrage \u2013 Maria Cabral et Marie-France Mamzer \u2013 ont opt\u00e9 pour une formule doublement innovante. D\u2019abord, en proposant non un manuel, mais une anthologie de textes essentiels, aptes \u00e0 ouvrir des portes sur l\u2019imaginaire et la r\u00e9flexion des professionnels de sant\u00e9. Ensuite, en sollicitant pour chaque texte, non le commentaire mais l\u2019\u00e9clairage d\u2019un m\u00e9decin, d\u2019un sp\u00e9cialiste ou&hellip; <\/p>\n","protected":false},"author":23133,"featured_media":0,"comment_status":"closed","ping_status":"closed","sticky":false,"template":"","format":"standard","meta":{"_acf_changed":false,"_relevanssi_hide_post":"","_relevanssi_hide_content":"","_relevanssi_pin_for_all":"","_relevanssi_pin_keywords":"","_relevanssi_unpin_keywords":"","_relevanssi_related_keywords":"","_relevanssi_related_include_ids":"","_relevanssi_related_exclude_ids":"","_relevanssi_related_no_append":"","_relevanssi_related_not_related":"","_relevanssi_related_posts":"","_relevanssi_noindex_reason":"","footnotes":""},"categories":[26,2],"tags":[],"class_list":["post-46323","post","type-post","status-publish","format-standard","hentry","category-dossier","category-gestions-hospitalieres"],"acf":[],"yoast_head":"<!-- This site is optimized with the Yoast SEO plugin v24.8.1 - https:\/\/yoast.com\/wordpress\/plugins\/seo\/ -->\n<title>M\u00e9decins, soignants\u2026, osons la litt\u00e9rature\u2009! - Gestions hospitali\u00e8res<\/title>\n<meta name=\"robots\" content=\"index, follow, max-snippet:-1, max-image-preview:large, max-video-preview:-1\" \/>\n<link rel=\"canonical\" href=\"https:\/\/www.ricom-web8.com\/gestions\/medecins-soignants-osons-la-litterature\/\" \/>\n<meta property=\"og:locale\" content=\"fr_FR\" \/>\n<meta property=\"og:type\" content=\"article\" \/>\n<meta property=\"og:title\" content=\"M\u00e9decins, soignants\u2026, osons la litt\u00e9rature\u2009! - Gestions hospitali\u00e8res\" \/>\n<meta property=\"og:description\" content=\"Temps de lecture\u00a0:  2 minutesPour faire dialoguer l\u2019\u00e9thique du soin et la litt\u00e9rature, les coordinatrices de cet ouvrage \u2013 Maria Cabral et Marie-France Mamzer \u2013 ont opt\u00e9 pour une formule doublement innovante. D\u2019abord, en proposant non un manuel, mais une anthologie de textes essentiels, aptes \u00e0 ouvrir des portes sur l\u2019imaginaire et la r\u00e9flexion des professionnels de sant\u00e9. Ensuite, en sollicitant pour chaque texte, non le commentaire mais l\u2019\u00e9clairage d\u2019un m\u00e9decin, d\u2019un sp\u00e9cialiste ou&hellip;\" \/>\n<meta property=\"og:url\" content=\"https:\/\/www.ricom-web8.com\/gestions\/medecins-soignants-osons-la-litterature\/\" \/>\n<meta property=\"og:site_name\" content=\"Gestions hospitali\u00e8res\" \/>\n<meta property=\"article:publisher\" content=\"https:\/\/www.facebook.com\/gestionshospitalieres\/\" \/>\n<meta property=\"article:published_time\" content=\"2023-03-01T16:05:34+00:00\" \/>\n<meta property=\"article:modified_time\" content=\"2023-03-27T08:29:51+00:00\" \/>\n<meta property=\"og:image\" content=\"https:\/\/gestions-hospitalieres.fr\/wp-content\/uploads\/2023\/03\/Medecins-soignants-Osons-la-litterature-197x300.jpeg\" \/>\n<meta name=\"author\" content=\"Gestions hospitali\u00e8res\" \/>\n<meta name=\"twitter:card\" content=\"summary_large_image\" \/>\n<meta name=\"twitter:creator\" content=\"@revue_GH\" \/>\n<meta name=\"twitter:site\" content=\"@revue_GH\" \/>\n<meta name=\"twitter:label1\" content=\"\u00c9crit par\" \/>\n\t<meta name=\"twitter:data1\" content=\"Gestions hospitali\u00e8res\" \/>\n\t<meta name=\"twitter:label2\" content=\"Dur\u00e9e de lecture estim\u00e9e\" \/>\n\t<meta name=\"twitter:data2\" content=\"3 minutes\" \/>\n<script type=\"application\/ld+json\" class=\"yoast-schema-graph\">{\"@context\":\"https:\/\/schema.org\",\"@graph\":[{\"@type\":\"Article\",\"@id\":\"https:\/\/www.ricom-web8.com\/gestions\/medecins-soignants-osons-la-litterature\/#article\",\"isPartOf\":{\"@id\":\"https:\/\/www.ricom-web8.com\/gestions\/medecins-soignants-osons-la-litterature\/\"},\"author\":{\"name\":\"Gestions hospitali\u00e8res\",\"@id\":\"https:\/\/www.ricom-web8.com\/gestions\/#\/schema\/person\/3ba9fe913190dfe9507feb621e902c1f\"},\"headline\":\"M\u00e9decins, soignants\u2026, osons la litt\u00e9rature\u2009!\",\"datePublished\":\"2023-03-01T16:05:34+00:00\",\"dateModified\":\"2023-03-27T08:29:51+00:00\",\"mainEntityOfPage\":{\"@id\":\"https:\/\/www.ricom-web8.com\/gestions\/medecins-soignants-osons-la-litterature\/\"},\"wordCount\":574,\"publisher\":{\"@id\":\"https:\/\/www.ricom-web8.com\/gestions\/#organization\"},\"image\":{\"@id\":\"https:\/\/www.ricom-web8.com\/gestions\/medecins-soignants-osons-la-litterature\/#primaryimage\"},\"thumbnailUrl\":\"https:\/\/gestions-hospitalieres.fr\/wp-content\/uploads\/2023\/03\/Medecins-soignants-Osons-la-litterature-197x300.jpeg\",\"articleSection\":[\"dossier\",\"Gestions Hospitali\u00e8res\"],\"inLanguage\":\"fr-FR\"},{\"@type\":\"WebPage\",\"@id\":\"https:\/\/www.ricom-web8.com\/gestions\/medecins-soignants-osons-la-litterature\/\",\"url\":\"https:\/\/www.ricom-web8.com\/gestions\/medecins-soignants-osons-la-litterature\/\",\"name\":\"M\u00e9decins, soignants\u2026, osons la litt\u00e9rature\u2009! - Gestions hospitali\u00e8res\",\"isPartOf\":{\"@id\":\"https:\/\/www.ricom-web8.com\/gestions\/#website\"},\"primaryImageOfPage\":{\"@id\":\"https:\/\/www.ricom-web8.com\/gestions\/medecins-soignants-osons-la-litterature\/#primaryimage\"},\"image\":{\"@id\":\"https:\/\/www.ricom-web8.com\/gestions\/medecins-soignants-osons-la-litterature\/#primaryimage\"},\"thumbnailUrl\":\"https:\/\/gestions-hospitalieres.fr\/wp-content\/uploads\/2023\/03\/Medecins-soignants-Osons-la-litterature-197x300.jpeg\",\"datePublished\":\"2023-03-01T16:05:34+00:00\",\"dateModified\":\"2023-03-27T08:29:51+00:00\",\"breadcrumb\":{\"@id\":\"https:\/\/www.ricom-web8.com\/gestions\/medecins-soignants-osons-la-litterature\/#breadcrumb\"},\"inLanguage\":\"fr-FR\",\"potentialAction\":[{\"@type\":\"ReadAction\",\"target\":[\"https:\/\/www.ricom-web8.com\/gestions\/medecins-soignants-osons-la-litterature\/\"]}]},{\"@type\":\"ImageObject\",\"inLanguage\":\"fr-FR\",\"@id\":\"https:\/\/www.ricom-web8.com\/gestions\/medecins-soignants-osons-la-litterature\/#primaryimage\",\"url\":\"https:\/\/gestions-hospitalieres.fr\/wp-content\/uploads\/2023\/03\/Medecins-soignants-Osons-la-litterature-197x300.jpeg\",\"contentUrl\":\"https:\/\/gestions-hospitalieres.fr\/wp-content\/uploads\/2023\/03\/Medecins-soignants-Osons-la-litterature-197x300.jpeg\"},{\"@type\":\"BreadcrumbList\",\"@id\":\"https:\/\/www.ricom-web8.com\/gestions\/medecins-soignants-osons-la-litterature\/#breadcrumb\",\"itemListElement\":[{\"@type\":\"ListItem\",\"position\":1,\"name\":\"Accueil\",\"item\":\"https:\/\/www.ricom-web8.com\/gestions\/\"},{\"@type\":\"ListItem\",\"position\":2,\"name\":\"M\u00e9decins, soignants\u2026, osons la litt\u00e9rature\u2009!\"}]},{\"@type\":\"WebSite\",\"@id\":\"https:\/\/www.ricom-web8.com\/gestions\/#website\",\"url\":\"https:\/\/www.ricom-web8.com\/gestions\/\",\"name\":\"Gestions hospitali\u00e8res\",\"description\":\"la revue des d\u00e9cideurs hospitaliers\",\"publisher\":{\"@id\":\"https:\/\/www.ricom-web8.com\/gestions\/#organization\"},\"potentialAction\":[{\"@type\":\"SearchAction\",\"target\":{\"@type\":\"EntryPoint\",\"urlTemplate\":\"https:\/\/www.ricom-web8.com\/gestions\/?s={search_term_string}\"},\"query-input\":{\"@type\":\"PropertyValueSpecification\",\"valueRequired\":true,\"valueName\":\"search_term_string\"}}],\"inLanguage\":\"fr-FR\"},{\"@type\":\"Organization\",\"@id\":\"https:\/\/www.ricom-web8.com\/gestions\/#organization\",\"name\":\"Gestions hospitali\u00e8res\",\"url\":\"https:\/\/www.ricom-web8.com\/gestions\/\",\"logo\":{\"@type\":\"ImageObject\",\"inLanguage\":\"fr-FR\",\"@id\":\"https:\/\/www.ricom-web8.com\/gestions\/#\/schema\/logo\/image\/\",\"url\":\"https:\/\/gestions-hospitalieres.fr\/wp-content\/uploads\/2017\/02\/picto_Gif-GH-trans.png\",\"contentUrl\":\"https:\/\/gestions-hospitalieres.fr\/wp-content\/uploads\/2017\/02\/picto_Gif-GH-trans.png\",\"width\":512,\"height\":512,\"caption\":\"Gestions hospitali\u00e8res\"},\"image\":{\"@id\":\"https:\/\/www.ricom-web8.com\/gestions\/#\/schema\/logo\/image\/\"},\"sameAs\":[\"https:\/\/www.facebook.com\/gestionshospitalieres\/\",\"https:\/\/x.com\/revue_GH\",\"https:\/\/www.linkedin.com\/company\/gestions-hospitalieres?trk=top_nav_home\"]},{\"@type\":\"Person\",\"@id\":\"https:\/\/www.ricom-web8.com\/gestions\/#\/schema\/person\/3ba9fe913190dfe9507feb621e902c1f\",\"name\":\"Gestions hospitali\u00e8res\",\"image\":{\"@type\":\"ImageObject\",\"inLanguage\":\"fr-FR\",\"@id\":\"https:\/\/www.ricom-web8.com\/gestions\/#\/schema\/person\/image\/\",\"url\":\"https:\/\/secure.gravatar.com\/avatar\/1a0d93e6db5dbe7dac96bae4757d256f?s=96&d=mm&r=g\",\"contentUrl\":\"https:\/\/secure.gravatar.com\/avatar\/1a0d93e6db5dbe7dac96bae4757d256f?s=96&d=mm&r=g\",\"caption\":\"Gestions hospitali\u00e8res\"},\"url\":\"https:\/\/www.ricom-web8.com\/gestions\/author\/benjamin\/\"}]}<\/script>\n<!-- \/ Yoast SEO plugin. -->","yoast_head_json":{"title":"M\u00e9decins, soignants\u2026, osons la litt\u00e9rature\u2009! - Gestions hospitali\u00e8res","robots":{"index":"index","follow":"follow","max-snippet":"max-snippet:-1","max-image-preview":"max-image-preview:large","max-video-preview":"max-video-preview:-1"},"canonical":"https:\/\/www.ricom-web8.com\/gestions\/medecins-soignants-osons-la-litterature\/","og_locale":"fr_FR","og_type":"article","og_title":"M\u00e9decins, soignants\u2026, osons la litt\u00e9rature\u2009! - Gestions hospitali\u00e8res","og_description":"Temps de lecture\u00a0:  2 minutesPour faire dialoguer l\u2019\u00e9thique du soin et la litt\u00e9rature, les coordinatrices de cet ouvrage \u2013 Maria Cabral et Marie-France Mamzer \u2013 ont opt\u00e9 pour une formule doublement innovante. D\u2019abord, en proposant non un manuel, mais une anthologie de textes essentiels, aptes \u00e0 ouvrir des portes sur l\u2019imaginaire et la r\u00e9flexion des professionnels de sant\u00e9. Ensuite, en sollicitant pour chaque texte, non le commentaire mais l\u2019\u00e9clairage d\u2019un m\u00e9decin, d\u2019un sp\u00e9cialiste ou&hellip;","og_url":"https:\/\/www.ricom-web8.com\/gestions\/medecins-soignants-osons-la-litterature\/","og_site_name":"Gestions hospitali\u00e8res","article_publisher":"https:\/\/www.facebook.com\/gestionshospitalieres\/","article_published_time":"2023-03-01T16:05:34+00:00","article_modified_time":"2023-03-27T08:29:51+00:00","og_image":[{"url":"https:\/\/gestions-hospitalieres.fr\/wp-content\/uploads\/2023\/03\/Medecins-soignants-Osons-la-litterature-197x300.jpeg","type":"","width":"","height":""}],"author":"Gestions hospitali\u00e8res","twitter_card":"summary_large_image","twitter_creator":"@revue_GH","twitter_site":"@revue_GH","twitter_misc":{"\u00c9crit par":"Gestions hospitali\u00e8res","Dur\u00e9e de lecture estim\u00e9e":"3 minutes"},"schema":{"@context":"https:\/\/schema.org","@graph":[{"@type":"Article","@id":"https:\/\/www.ricom-web8.com\/gestions\/medecins-soignants-osons-la-litterature\/#article","isPartOf":{"@id":"https:\/\/www.ricom-web8.com\/gestions\/medecins-soignants-osons-la-litterature\/"},"author":{"name":"Gestions hospitali\u00e8res","@id":"https:\/\/www.ricom-web8.com\/gestions\/#\/schema\/person\/3ba9fe913190dfe9507feb621e902c1f"},"headline":"M\u00e9decins, soignants\u2026, osons la litt\u00e9rature\u2009!","datePublished":"2023-03-01T16:05:34+00:00","dateModified":"2023-03-27T08:29:51+00:00","mainEntityOfPage":{"@id":"https:\/\/www.ricom-web8.com\/gestions\/medecins-soignants-osons-la-litterature\/"},"wordCount":574,"publisher":{"@id":"https:\/\/www.ricom-web8.com\/gestions\/#organization"},"image":{"@id":"https:\/\/www.ricom-web8.com\/gestions\/medecins-soignants-osons-la-litterature\/#primaryimage"},"thumbnailUrl":"https:\/\/gestions-hospitalieres.fr\/wp-content\/uploads\/2023\/03\/Medecins-soignants-Osons-la-litterature-197x300.jpeg","articleSection":["dossier","Gestions Hospitali\u00e8res"],"inLanguage":"fr-FR"},{"@type":"WebPage","@id":"https:\/\/www.ricom-web8.com\/gestions\/medecins-soignants-osons-la-litterature\/","url":"https:\/\/www.ricom-web8.com\/gestions\/medecins-soignants-osons-la-litterature\/","name":"M\u00e9decins, soignants\u2026, osons la litt\u00e9rature\u2009! - Gestions hospitali\u00e8res","isPartOf":{"@id":"https:\/\/www.ricom-web8.com\/gestions\/#website"},"primaryImageOfPage":{"@id":"https:\/\/www.ricom-web8.com\/gestions\/medecins-soignants-osons-la-litterature\/#primaryimage"},"image":{"@id":"https:\/\/www.ricom-web8.com\/gestions\/medecins-soignants-osons-la-litterature\/#primaryimage"},"thumbnailUrl":"https:\/\/gestions-hospitalieres.fr\/wp-content\/uploads\/2023\/03\/Medecins-soignants-Osons-la-litterature-197x300.jpeg","datePublished":"2023-03-01T16:05:34+00:00","dateModified":"2023-03-27T08:29:51+00:00","breadcrumb":{"@id":"https:\/\/www.ricom-web8.com\/gestions\/medecins-soignants-osons-la-litterature\/#breadcrumb"},"inLanguage":"fr-FR","potentialAction":[{"@type":"ReadAction","target":["https:\/\/www.ricom-web8.com\/gestions\/medecins-soignants-osons-la-litterature\/"]}]},{"@type":"ImageObject","inLanguage":"fr-FR","@id":"https:\/\/www.ricom-web8.com\/gestions\/medecins-soignants-osons-la-litterature\/#primaryimage","url":"https:\/\/gestions-hospitalieres.fr\/wp-content\/uploads\/2023\/03\/Medecins-soignants-Osons-la-litterature-197x300.jpeg","contentUrl":"https:\/\/gestions-hospitalieres.fr\/wp-content\/uploads\/2023\/03\/Medecins-soignants-Osons-la-litterature-197x300.jpeg"},{"@type":"BreadcrumbList","@id":"https:\/\/www.ricom-web8.com\/gestions\/medecins-soignants-osons-la-litterature\/#breadcrumb","itemListElement":[{"@type":"ListItem","position":1,"name":"Accueil","item":"https:\/\/www.ricom-web8.com\/gestions\/"},{"@type":"ListItem","position":2,"name":"M\u00e9decins, soignants\u2026, osons la litt\u00e9rature\u2009!"}]},{"@type":"WebSite","@id":"https:\/\/www.ricom-web8.com\/gestions\/#website","url":"https:\/\/www.ricom-web8.com\/gestions\/","name":"Gestions hospitali\u00e8res","description":"la revue des d\u00e9cideurs hospitaliers","publisher":{"@id":"https:\/\/www.ricom-web8.com\/gestions\/#organization"},"potentialAction":[{"@type":"SearchAction","target":{"@type":"EntryPoint","urlTemplate":"https:\/\/www.ricom-web8.com\/gestions\/?s={search_term_string}"},"query-input":{"@type":"PropertyValueSpecification","valueRequired":true,"valueName":"search_term_string"}}],"inLanguage":"fr-FR"},{"@type":"Organization","@id":"https:\/\/www.ricom-web8.com\/gestions\/#organization","name":"Gestions hospitali\u00e8res","url":"https:\/\/www.ricom-web8.com\/gestions\/","logo":{"@type":"ImageObject","inLanguage":"fr-FR","@id":"https:\/\/www.ricom-web8.com\/gestions\/#\/schema\/logo\/image\/","url":"https:\/\/gestions-hospitalieres.fr\/wp-content\/uploads\/2017\/02\/picto_Gif-GH-trans.png","contentUrl":"https:\/\/gestions-hospitalieres.fr\/wp-content\/uploads\/2017\/02\/picto_Gif-GH-trans.png","width":512,"height":512,"caption":"Gestions hospitali\u00e8res"},"image":{"@id":"https:\/\/www.ricom-web8.com\/gestions\/#\/schema\/logo\/image\/"},"sameAs":["https:\/\/www.facebook.com\/gestionshospitalieres\/","https:\/\/x.com\/revue_GH","https:\/\/www.linkedin.com\/company\/gestions-hospitalieres?trk=top_nav_home"]},{"@type":"Person","@id":"https:\/\/www.ricom-web8.com\/gestions\/#\/schema\/person\/3ba9fe913190dfe9507feb621e902c1f","name":"Gestions hospitali\u00e8res","image":{"@type":"ImageObject","inLanguage":"fr-FR","@id":"https:\/\/www.ricom-web8.com\/gestions\/#\/schema\/person\/image\/","url":"https:\/\/secure.gravatar.com\/avatar\/1a0d93e6db5dbe7dac96bae4757d256f?s=96&d=mm&r=g","contentUrl":"https:\/\/secure.gravatar.com\/avatar\/1a0d93e6db5dbe7dac96bae4757d256f?s=96&d=mm&r=g","caption":"Gestions hospitali\u00e8res"},"url":"https:\/\/www.ricom-web8.com\/gestions\/author\/benjamin\/"}]}},"_links":{"self":[{"href":"https:\/\/www.ricom-web8.com\/gestions\/wp-json\/wp\/v2\/posts\/46323","targetHints":{"allow":["GET"]}}],"collection":[{"href":"https:\/\/www.ricom-web8.com\/gestions\/wp-json\/wp\/v2\/posts"}],"about":[{"href":"https:\/\/www.ricom-web8.com\/gestions\/wp-json\/wp\/v2\/types\/post"}],"author":[{"embeddable":true,"href":"https:\/\/www.ricom-web8.com\/gestions\/wp-json\/wp\/v2\/users\/23133"}],"replies":[{"embeddable":true,"href":"https:\/\/www.ricom-web8.com\/gestions\/wp-json\/wp\/v2\/comments?post=46323"}],"version-history":[{"count":0,"href":"https:\/\/www.ricom-web8.com\/gestions\/wp-json\/wp\/v2\/posts\/46323\/revisions"}],"wp:attachment":[{"href":"https:\/\/www.ricom-web8.com\/gestions\/wp-json\/wp\/v2\/media?parent=46323"}],"wp:term":[{"taxonomy":"category","embeddable":true,"href":"https:\/\/www.ricom-web8.com\/gestions\/wp-json\/wp\/v2\/categories?post=46323"},{"taxonomy":"post_tag","embeddable":true,"href":"https:\/\/www.ricom-web8.com\/gestions\/wp-json\/wp\/v2\/tags?post=46323"}],"curies":[{"name":"wp","href":"https:\/\/api.w.org\/{rel}","templated":true}]}}