

{"id":46675,"date":"2023-05-01T11:36:33","date_gmt":"2023-05-01T09:36:33","guid":{"rendered":"https:\/\/gestions-hospitalieres.fr\/?p=46675"},"modified":"2023-06-08T10:56:55","modified_gmt":"2023-06-08T08:56:55","slug":"chu-de-reims-le-chantier-du-nouvel-hopital","status":"publish","type":"post","link":"https:\/\/www.ricom-web8.com\/gestions\/chu-de-reims-le-chantier-du-nouvel-hopital\/","title":{"rendered":"CHU de Reims\u2009: le chantier du nouvel h\u00f4pital"},"content":{"rendered":"<span class=\"span-reading-time rt-reading-time\" style=\"display: block;\"><span class=\"rt-label rt-prefix\">Temps de lecture\u00a0: <\/span> <span class=\"rt-time\"> 6<\/span> <span class=\"rt-label rt-postfix\">minutes<\/span><\/span><p>La pr\u00e9sence du chantier au c\u0153ur m\u00eame du site en activit\u00e9 du CHU de Reims est rapidement apparue comme une force \u00e0 exploiter pour informer, expliquer et faire s\u2019approprier le futur \u00e9difice par les utilisateurs. Au d\u00e9cours de leurs d\u00e9placements, agents, patients et usagers sont en effet spectateurs au quotidien de l\u2019\u00e9l\u00e9vation d\u2019un ou plusieurs b\u00e2timents. Il convient d\u00e8s lors qu\u2019ils deviennent des observateurs privil\u00e9gi\u00e9s du projet en le suivant, en quelque sorte, en avant-premi\u00e8re. Les outils de communication mis en place s\u2019appuient ainsi sur la vie quotidienne du chantier et son \u00e9volution.<\/p>\n<h1>Des visites virtuelles<span class=\"Apple-converted-space\">\u00a0<\/span><\/h1>\n<p>Si les visites de chantier imposent des contraintes strictes de s\u00e9curit\u00e9 et sont r\u00e9serv\u00e9es \u00e0 un nombre restreint de visiteurs, des visites virtuelles permettent aux professionnels de l\u2019\u00e9tablissement de vivre la construction du chantier de l\u2019int\u00e9rieur et de naviguer entre les diff\u00e9rents niveaux du b\u00e2timent.<\/p>\n<p>Pendant la phase de construction, ces visites virtuelles permettent de suivre l\u2019avanc\u00e9e des travaux \u2013 les niveaux en cours d\u2019\u00e9l\u00e9vation, l\u2019\u00e9tat de finition par niveau, la vue depuis les diff\u00e9rents \u00e9tages\u2026 \u2013 ou tout simplement de satisfaire une curiosit\u00e9 naturelle.<span class=\"Apple-converted-space\">\u00a0<\/span><\/p>\n<p>Pendant la phase de mise \u00e0 disposition des locaux t\u00e9moins, les visites pr\u00e9sentielles sont l\u00e0 encore restreintes et les visites virtuelles permettent \u00e0 l\u2019ensemble des professionnels de visualiser la configuration de leurs futurs locaux. En d\u00e9couvrant les lieux avant m\u00eame l\u2019ouverture du b\u00e2timent, ils s\u2019approprient ainsi plus rapidement le projet et se sentent davantage concern\u00e9s.<span class=\"Apple-converted-space\">\u00a0<\/span><\/p>\n<p>Enfin, lorsque le chantier entrera dans sa derni\u00e8re ligne droite et que son avancement deviendra moins visible depuis l\u2019ext\u00e9rieur, les visites virtuelles permettront aux professionnels de voir se dessiner leur futur lieu de vie professionnelle\u2009: les murs bruts deviendront peints, les \u00e9quipements et am\u00e9nagements prendront place\u2026 Cet outil num\u00e9rique est ainsi une fen\u00eatre ouverte facilitant la projection et l\u2019appropriation.<span class=\"Apple-converted-space\">\u00a0<\/span><\/p>\n<figure id=\"attachment_46686\" aria-describedby=\"caption-attachment-46686\" style=\"width: 300px\" class=\"wp-caption alignnone\"><img decoding=\"async\" class=\"wp-image-46686 size-medium\" src=\"https:\/\/gestions-hospitalieres.fr\/wp-content\/uploads\/2023\/06\/La-phase-1-du-Nouvel-Hopital-de-Reims-se-construit-sous-les-yeux-des-professionnels-et-patients-du-CHU-300x225.jpg\" alt=\"\" width=\"300\" height=\"225\" srcset=\"https:\/\/www.ricom-web8.com\/gestions\/wp-content\/uploads\/2023\/06\/La-phase-1-du-Nouvel-Hopital-de-Reims-se-construit-sous-les-yeux-des-professionnels-et-patients-du-CHU-300x225.jpg 300w, https:\/\/www.ricom-web8.com\/gestions\/wp-content\/uploads\/2023\/06\/La-phase-1-du-Nouvel-Hopital-de-Reims-se-construit-sous-les-yeux-des-professionnels-et-patients-du-CHU-1024x768.jpg 1024w, https:\/\/www.ricom-web8.com\/gestions\/wp-content\/uploads\/2023\/06\/La-phase-1-du-Nouvel-Hopital-de-Reims-se-construit-sous-les-yeux-des-professionnels-et-patients-du-CHU-768x576.jpg 768w, https:\/\/www.ricom-web8.com\/gestions\/wp-content\/uploads\/2023\/06\/La-phase-1-du-Nouvel-Hopital-de-Reims-se-construit-sous-les-yeux-des-professionnels-et-patients-du-CHU-345x259.jpg 345w, https:\/\/www.ricom-web8.com\/gestions\/wp-content\/uploads\/2023\/06\/La-phase-1-du-Nouvel-Hopital-de-Reims-se-construit-sous-les-yeux-des-professionnels-et-patients-du-CHU.jpg 1333w\" sizes=\"(max-width: 300px) 100vw, 300px\" \/><figcaption id=\"caption-attachment-46686\" class=\"wp-caption-text\">La phase 1 du nouvel h\u00f4pital \u00e9volue sous les yeux des professionnels et patients du CHU.<\/figcaption><\/figure>\n<h1>Des journ\u00e9es d\u2019information<span class=\"Apple-converted-space\">\u00a0<\/span><\/h1>\n<p>Trois \u00e0 quatre fois par an, des journ\u00e9es d\u2019information \u00e0 destination de tous les professionnels du CHU sont organis\u00e9es par l\u2019\u00e9quipe projet Nouvel H\u00f4pital.<\/p>\n<p>Venus pour prendre connaissance du projet, en suivre l\u2019avancement, questionner l\u2019\u00e9quipe projet sur des points sp\u00e9cifiques, etc., les professionnels du CHU d\u00e9couvrent le chantier en \u00ab\u202fgrandeur nature\u2009\u00bb depuis la terrasse du b\u00e2timent attenant au chantier o\u00f9 se d\u00e9roule la journ\u00e9e d\u2019information. Ils aper\u00e7oivent alors, \u00e0 quelques dizaines de m\u00e8tres, la vie du chantier se d\u00e9rouler sous leurs yeux\u2009: les murs en cours d\u2019\u00e9l\u00e9vation, les grues en mouvement et la multitude de professionnels du b\u00e2timent qui sont \u00e0 pied d\u2019\u0153uvre. Cette vue imprenable sur le chantier est un formidable support de communication immersif pour d\u00e9crire les \u00e9tapes pass\u00e9es, en cours, \u00e0 venir et r\u00e9pondre \u00e0 leurs questions. C\u2019est aussi un outil de valorisation du CHU de Reims qui s\u2019engage pour am\u00e9liorer les conditions de prise en soins des usagers et les conditions de travail de ses salari\u00e9s.<\/p>\n<h1>Un suivi en images<\/h1>\n<p>La proximit\u00e9 du chantier permet la r\u00e9alisation de prises de vue, vid\u00e9os et <i>time-lapse<\/i> de fa\u00e7on r\u00e9guli\u00e8re. Cette \u00ab\u202fmati\u00e8re\u2009\u00bb facilement disponible alimente\u2009:<\/p>\n<ul>\n<li>la galerie photos du site Internet, mise \u00e0 jour mensuellement et imagin\u00e9e comme un album photo permettant de suivre l\u2019\u00e9volution chronologique du chantier\u2009;<\/li>\n<li>les publications sur les r\u00e9seaux sociaux dans le cadre d\u2019\u00e9v\u00e9nements importants de la vie du chantier (montage d\u2019une grue) ou mensuellement dans le cadre d\u2019une publication d\u00e9di\u00e9e \u00e0 l\u2019avancement des travaux.<\/li>\n<\/ul>\n<p>Les plus belles photos du chantier sont imprim\u00e9es \u00e0 la faveur d\u2019une exposition lors des journ\u00e9es d\u2019information d\u00e9di\u00e9e aux professionnels du CHU. Aliment\u00e9e r\u00e9guli\u00e8rement, cette frise chronologique permet de constater l\u2019\u00e9volution du chantier.<\/p>\n<figure id=\"attachment_46685\" aria-describedby=\"caption-attachment-46685\" style=\"width: 300px\" class=\"wp-caption alignnone\"><img decoding=\"async\" class=\"wp-image-46685 size-medium\" src=\"https:\/\/gestions-hospitalieres.fr\/wp-content\/uploads\/2023\/06\/Des-panneaux-signalisant-la-conduite-des-travaux-aux-usagers-et-aux-riverains-300x200.jpg\" alt=\"\" width=\"300\" height=\"200\" srcset=\"https:\/\/www.ricom-web8.com\/gestions\/wp-content\/uploads\/2023\/06\/Des-panneaux-signalisant-la-conduite-des-travaux-aux-usagers-et-aux-riverains-300x200.jpg 300w, https:\/\/www.ricom-web8.com\/gestions\/wp-content\/uploads\/2023\/06\/Des-panneaux-signalisant-la-conduite-des-travaux-aux-usagers-et-aux-riverains-1024x683.jpg 1024w, https:\/\/www.ricom-web8.com\/gestions\/wp-content\/uploads\/2023\/06\/Des-panneaux-signalisant-la-conduite-des-travaux-aux-usagers-et-aux-riverains-768x512.jpg 768w, https:\/\/www.ricom-web8.com\/gestions\/wp-content\/uploads\/2023\/06\/Des-panneaux-signalisant-la-conduite-des-travaux-aux-usagers-et-aux-riverains.jpg 1500w\" sizes=\"(max-width: 300px) 100vw, 300px\" \/><figcaption id=\"caption-attachment-46685\" class=\"wp-caption-text\">Des panneaux informent usagers et riverains de la conduite des travaux.<\/figcaption><\/figure>\n<h1>Une communication tourn\u00e9e aussi vers la ville<span class=\"Apple-converted-space\">\u00a0<\/span><\/h1>\n<p>Des panneaux d\u2019affichage \u00ab\u202fICI, nous construisons l\u2019h\u00f4pital de demain\u2009\u00bb accueillent professionnels et usagers aux deux entr\u00e9es principales du site hospitalier (<i>ci-dessous<\/i>).<\/p>\n<p>De grandes dimensions (3 x 6 m et 4 x 7 m), ces panneaux contribuent \u00e0 l\u2019information des usagers qui ne seraient pas encore au courant du projet immobilier d\u2019ampleur et permettent implicitement de mieux appr\u00e9hender les d\u00e9sagr\u00e9ments que cela entra\u00eene (modifications des flux notamment), et ce pour un futur b\u00e2timent innovant et au service des patients.<\/p>\n<figure id=\"attachment_46687\" aria-describedby=\"caption-attachment-46687\" style=\"width: 300px\" class=\"wp-caption alignnone\"><img decoding=\"async\" class=\"wp-image-46687 size-medium\" src=\"https:\/\/gestions-hospitalieres.fr\/wp-content\/uploads\/2023\/06\/Toile-de-fond-des-evenements-institutionnels-le-chantier-devient-un-ambassadeur-du-dynamise-de-letablissement-et-bosste-les-relations-presse-300x200.jpg\" alt=\"\" width=\"300\" height=\"200\" srcset=\"https:\/\/www.ricom-web8.com\/gestions\/wp-content\/uploads\/2023\/06\/Toile-de-fond-des-evenements-institutionnels-le-chantier-devient-un-ambassadeur-du-dynamise-de-letablissement-et-bosste-les-relations-presse-300x200.jpg 300w, https:\/\/www.ricom-web8.com\/gestions\/wp-content\/uploads\/2023\/06\/Toile-de-fond-des-evenements-institutionnels-le-chantier-devient-un-ambassadeur-du-dynamise-de-letablissement-et-bosste-les-relations-presse-1024x683.jpg 1024w, https:\/\/www.ricom-web8.com\/gestions\/wp-content\/uploads\/2023\/06\/Toile-de-fond-des-evenements-institutionnels-le-chantier-devient-un-ambassadeur-du-dynamise-de-letablissement-et-bosste-les-relations-presse-768x512.jpg 768w, https:\/\/www.ricom-web8.com\/gestions\/wp-content\/uploads\/2023\/06\/Toile-de-fond-des-evenements-institutionnels-le-chantier-devient-un-ambassadeur-du-dynamise-de-letablissement-et-bosste-les-relations-presse.jpg 1500w\" sizes=\"(max-width: 300px) 100vw, 300px\" \/><figcaption id=\"caption-attachment-46687\" class=\"wp-caption-text\">Toile de fond des \u00e9v\u00e9nements institutionnels, le chantier devient un ambassadeur du dynamisme de l\u2019\u00e9tablissement et booste les relations presse.<\/figcaption><\/figure>\n<h1>Des outils compl\u00e9mentaires<\/h1>\n<p>L\u2019esprit du nouvel h\u00f4pital est anim\u00e9 par l\u2019exp\u00e9rience des usagers. Le CHU de Reims amorce cette approche en multipliant les niveaux de messages, des plus techniques aux plus ludiques, autour du chantier pour s\u2019adapter aux diff\u00e9rentes cibles\u2009:<span class=\"Apple-converted-space\">\u00a0<\/span><\/p>\n<ul>\n<li>des infographies s\u2019appuient sur des \u00e9l\u00e9ments cl\u00e9s\u00a0(chiffres, dates) et sont communiqu\u00e9es sous divers formats (digital, papier ). Outils de communication voire documents de r\u00e9f\u00e9rence pour certains, ces infographies sont un support de communication facile \u00e0 d\u00e9velopper et \u00e0 diffuser. Elles peuvent servir une communication \u00e0 la fois d\u2019ordre g\u00e9n\u00e9ral et plus sp\u00e9cifique sur une th\u00e9matique cibl\u00e9e\u2009;<\/li>\n<li>le dispositif \u00abLe saviez-vous\u2009?\u2009\u00bb pour tester la curiosit\u00e9. L\u2019objectif est clairement d\u2019accrocher\u00a0le public vis\u00e9 pour mettre en avant des \u00e9l\u00e9ments faciles \u00e0 retenir. Il s\u2019agit d\u2019un visuel (image, photo) accompagn\u00e9 d\u2019un texte court pour communiquer de fa\u00e7on ludique sur des th\u00e9matiques bien identifi\u00e9es\u2009: insolite, d\u00e9veloppement durable, innovation. Ce dispositif a \u00e9t\u00e9 particuli\u00e8rement bien per\u00e7u\u2009;<span class=\"Apple-converted-space\">\u00a0<\/span><\/li>\n<li>une axonom\u00e9trie interactive pour mieux se rep\u00e9rer dans le futur b\u00e2timent. \u00c0 la fois outil de communication et outil de gestion de projet, l\u2019axonom\u00e9trie interactive est une repr\u00e9sentation en deux dimensions des diff\u00e9rents niveaux du b\u00e2timent. Accessible sur le site intranet du CHU, elle permet aux professionnels d\u2019acc\u00e9der aux plans d\u00e9taill\u00e9s des niveaux et, pour chaque niveau, aux plans d\u00e9taill\u00e9s des secteurs qui le composent.<\/li>\n<\/ul>\n<p>Des vid\u00e9os du b\u00e2timent et de certains locaux sont \u00e9galement disponibles. Tout professionnel peut ainsi consulter les plans des locaux qui l\u2019int\u00e9ressent et visualiser, gr\u00e2ce aux vid\u00e9os, la repr\u00e9sentation d\u2019une salle de soins, de bloc op\u00e9ratoire ou d\u2019une chambre d\u2019hospitalisation.<\/p>\n<figure id=\"attachment_46688\" aria-describedby=\"caption-attachment-46688\" style=\"width: 300px\" class=\"wp-caption alignnone\"><img decoding=\"async\" class=\"wp-image-46688 size-medium\" src=\"https:\/\/gestions-hospitalieres.fr\/wp-content\/uploads\/2023\/05\/Capture-decran-2023-06-07-a-12.01.49-300x187.jpg\" alt=\"\" width=\"300\" height=\"187\" srcset=\"https:\/\/www.ricom-web8.com\/gestions\/wp-content\/uploads\/2023\/05\/Capture-decran-2023-06-07-a-12.01.49-300x187.jpg 300w, https:\/\/www.ricom-web8.com\/gestions\/wp-content\/uploads\/2023\/05\/Capture-decran-2023-06-07-a-12.01.49-1024x639.jpg 1024w, https:\/\/www.ricom-web8.com\/gestions\/wp-content\/uploads\/2023\/05\/Capture-decran-2023-06-07-a-12.01.49-768x479.jpg 768w, https:\/\/www.ricom-web8.com\/gestions\/wp-content\/uploads\/2023\/05\/Capture-decran-2023-06-07-a-12.01.49.jpg 1500w\" sizes=\"(max-width: 300px) 100vw, 300px\" \/><figcaption id=\"caption-attachment-46688\" class=\"wp-caption-text\">Reconstruction du site principal du CHU de Reims &#8211; Phase 1<\/figcaption><\/figure>\n<h1>Quand le chantier semble ne plus progresser\u2026<span class=\"Apple-converted-space\">\u00a0<\/span><\/h1>\n<p>La vie d\u2019un chantier comprend deux grandes phases\u2009: le gros \u0153uvre puis le second \u0153uvre et les finitions.<\/p>\n<p>En premi\u00e8re phase, l\u2019\u00e9volution est visible et impressionnante de l\u2019ext\u00e9rieur. Tout un chacun peut se rendre compte des avanc\u00e9es au quotidien. C\u2019est aussi une phase de fortes nuisances. La visualisation de l\u2019objectif final, la compr\u00e9hension des contraintes et des enjeux favorisent l\u2019acceptation de ces derni\u00e8res.<span class=\"Apple-converted-space\">\u00a0<\/span><\/p>\n<p>En revanche, pendant la seconde phase, la vie de chantier devient plus confidentielle. Il faut alors continuer \u00e0 faire vivre le chantier qui, derri\u00e8re les murs, se poursuit et imaginer de nouveaux outils pour maintenir la dynamique communicationnelle engag\u00e9e.<\/p>\n<p>Au travers des diff\u00e9rents outils que nous utilisons pour mettre en avant l\u2019\u00e9volution des phases de cette construction exceptionnelle, c\u2019est la politique de communication du CHU qui se trouve renforc\u00e9e, tant vers les usagers que les professionnels.<\/p>\n<p>Ces \u00e9l\u00e9ments sont de nature \u00e0 d\u00e9velopper la marque employeur du CHU de Reims et le sentiment d\u2019appartenance des professionnels.<span class=\"Apple-converted-space\">\u00a0<\/span><\/p>\n<p>La communication sous ses diff\u00e9rentes formes doit permettre aux agents de se projeter dans le futur b\u00e2timent, de mieux l\u2019appr\u00e9hender et ainsi de pr\u00e9parer les nouvelles organisations qui devront voir le jour.<span class=\"Apple-converted-space\">\u00a0<\/span><\/p>\n<p>Nous avons pu mesurer, au travers des nombreuses vues des vid\u00e9os mises \u00e0 disposition ou des retours directs des \u00e9quipes, l\u2019importance de ce sujet port\u00e9 par l\u2019\u00e9quipe projet Nouvel H\u00f4pital et mis en forme par la direction communication. Ce travail, consid\u00e9r\u00e9 au d\u00e9but du projet comme \u00ab\u202fnormal\u2009\u00bb, est devenu un outil manag\u00e9rial majeur, impliquant les \u00e9quipes, suscitant une adh\u00e9sion encore plus forte pour participer aux groupes projet et se projeter dans les futures organisations. La communication du nouvel h\u00f4pital est ainsi devenue un axe \u00e0 part enti\u00e8re du projet, v\u00e9ritable ossature pour embarquer les professionnels dans ce changement majeur. Une acculturation qui se construit pas \u00e0 pas, comme les murs qui s\u2019\u00e9l\u00e8vent au fil des jours.<\/p>\n<p><img decoding=\"async\" class=\"alignnone wp-image-46681 size-medium\" src=\"https:\/\/gestions-hospitalieres.fr\/wp-content\/uploads\/2023\/05\/REims_image7-300x168.jpg\" alt=\"\" width=\"300\" height=\"168\" srcset=\"https:\/\/www.ricom-web8.com\/gestions\/wp-content\/uploads\/2023\/05\/REims_image7-300x168.jpg 300w, https:\/\/www.ricom-web8.com\/gestions\/wp-content\/uploads\/2023\/05\/REims_image7-768x431.jpg 768w, https:\/\/www.ricom-web8.com\/gestions\/wp-content\/uploads\/2023\/05\/REims_image7.jpg 983w\" sizes=\"(max-width: 300px) 100vw, 300px\" \/><\/p>\n<p><img decoding=\"async\" class=\"alignnone wp-image-46682 size-medium\" src=\"https:\/\/gestions-hospitalieres.fr\/wp-content\/uploads\/2023\/05\/REims_image8-300x166.png\" alt=\"\" width=\"300\" height=\"166\" srcset=\"https:\/\/www.ricom-web8.com\/gestions\/wp-content\/uploads\/2023\/05\/REims_image8-300x166.png 300w, https:\/\/www.ricom-web8.com\/gestions\/wp-content\/uploads\/2023\/05\/REims_image8-1024x566.png 1024w, https:\/\/www.ricom-web8.com\/gestions\/wp-content\/uploads\/2023\/05\/REims_image8-768x425.png 768w, https:\/\/www.ricom-web8.com\/gestions\/wp-content\/uploads\/2023\/05\/REims_image8.png 1465w\" sizes=\"(max-width: 300px) 100vw, 300px\" \/><\/p>\n<p><img decoding=\"async\" class=\"alignnone wp-image-46683 size-medium\" src=\"https:\/\/gestions-hospitalieres.fr\/wp-content\/uploads\/2023\/05\/REims_image9-300x169.jpeg\" alt=\"\" width=\"300\" height=\"169\" srcset=\"https:\/\/www.ricom-web8.com\/gestions\/wp-content\/uploads\/2023\/05\/REims_image9-300x169.jpeg 300w, https:\/\/www.ricom-web8.com\/gestions\/wp-content\/uploads\/2023\/05\/REims_image9-768x432.jpeg 768w, https:\/\/www.ricom-web8.com\/gestions\/wp-content\/uploads\/2023\/05\/REims_image9.jpeg 840w\" sizes=\"(max-width: 300px) 100vw, 300px\" \/><\/p>\n<script>function PlayerjsAsync(){} if(window[\"Playerjs\"]){PlayerjsAsync();}<\/script>","protected":false},"excerpt":{"rendered":"<p><span class=\"span-reading-time rt-reading-time\" style=\"display: block;\"><span class=\"rt-label rt-prefix\">Temps de lecture\u00a0: <\/span> <span class=\"rt-time\"> 6<\/span> <span class=\"rt-label rt-postfix\">minutes<\/span><\/span>La pr\u00e9sence du chantier au c\u0153ur m\u00eame du site en activit\u00e9 du CHU de Reims est rapidement apparue comme une force \u00e0 exploiter pour informer, expliquer et faire s\u2019approprier le futur \u00e9difice par les utilisateurs. Au d\u00e9cours de leurs d\u00e9placements, agents, patients et usagers sont en effet spectateurs au quotidien de l\u2019\u00e9l\u00e9vation d\u2019un ou plusieurs b\u00e2timents. Il convient d\u00e8s lors qu\u2019ils deviennent des observateurs privil\u00e9gi\u00e9s du projet en le suivant,&hellip; <\/p>\n","protected":false},"author":23133,"featured_media":0,"comment_status":"closed","ping_status":"closed","sticky":false,"template":"","format":"standard","meta":{"_acf_changed":false,"_relevanssi_hide_post":"","_relevanssi_hide_content":"","_relevanssi_pin_for_all":"","_relevanssi_pin_keywords":"","_relevanssi_unpin_keywords":"","_relevanssi_related_keywords":"","_relevanssi_related_include_ids":"","_relevanssi_related_exclude_ids":"","_relevanssi_related_no_append":"","_relevanssi_related_not_related":"","_relevanssi_related_posts":"","_relevanssi_noindex_reason":"","footnotes":""},"categories":[26,2],"tags":[799,9680,4946,300,1946,5697],"class_list":["post-46675","post","type-post","status-publish","format-standard","hentry","category-dossier","category-gestions-hospitalieres","tag-attractivite","tag-chantier","tag-chu-reims","tag-communication","tag-nouvel-hopital","tag-qvt"],"acf":[],"yoast_head":"<!-- This site is optimized with the Yoast SEO plugin v24.8.1 - https:\/\/yoast.com\/wordpress\/plugins\/seo\/ -->\n<title>CHU de Reims\u2009: le chantier du nouvel h\u00f4pital - Gestions hospitali\u00e8res<\/title>\n<meta name=\"robots\" content=\"index, follow, max-snippet:-1, max-image-preview:large, max-video-preview:-1\" \/>\n<link rel=\"canonical\" href=\"https:\/\/www.ricom-web8.com\/gestions\/chu-de-reims-le-chantier-du-nouvel-hopital\/\" \/>\n<meta property=\"og:locale\" content=\"fr_FR\" \/>\n<meta property=\"og:type\" content=\"article\" \/>\n<meta property=\"og:title\" content=\"CHU de Reims\u2009: le chantier du nouvel h\u00f4pital - Gestions hospitali\u00e8res\" \/>\n<meta property=\"og:description\" content=\"Temps de lecture\u00a0:  6 minutesLa pr\u00e9sence du chantier au c\u0153ur m\u00eame du site en activit\u00e9 du CHU de Reims est rapidement apparue comme une force \u00e0 exploiter pour informer, expliquer et faire s\u2019approprier le futur \u00e9difice par les utilisateurs. Au d\u00e9cours de leurs d\u00e9placements, agents, patients et usagers sont en effet spectateurs au quotidien de l\u2019\u00e9l\u00e9vation d\u2019un ou plusieurs b\u00e2timents. Il convient d\u00e8s lors qu\u2019ils deviennent des observateurs privil\u00e9gi\u00e9s du projet en le suivant,&hellip;\" \/>\n<meta property=\"og:url\" content=\"https:\/\/www.ricom-web8.com\/gestions\/chu-de-reims-le-chantier-du-nouvel-hopital\/\" \/>\n<meta property=\"og:site_name\" content=\"Gestions hospitali\u00e8res\" \/>\n<meta property=\"article:publisher\" content=\"https:\/\/www.facebook.com\/gestionshospitalieres\/\" \/>\n<meta property=\"article:published_time\" content=\"2023-05-01T09:36:33+00:00\" \/>\n<meta property=\"article:modified_time\" content=\"2023-06-08T08:56:55+00:00\" \/>\n<meta property=\"og:image\" content=\"https:\/\/gestions-hospitalieres.fr\/wp-content\/uploads\/2023\/06\/La-phase-1-du-Nouvel-Hopital-de-Reims-se-construit-sous-les-yeux-des-professionnels-et-patients-du-CHU-300x225.jpg\" \/>\n<meta name=\"author\" content=\"Gestions hospitali\u00e8res\" \/>\n<meta name=\"twitter:card\" content=\"summary_large_image\" \/>\n<meta name=\"twitter:creator\" content=\"@revue_GH\" \/>\n<meta name=\"twitter:site\" content=\"@revue_GH\" \/>\n<meta name=\"twitter:label1\" content=\"\u00c9crit par\" \/>\n\t<meta name=\"twitter:data1\" content=\"Gestions hospitali\u00e8res\" \/>\n\t<meta name=\"twitter:label2\" content=\"Dur\u00e9e de lecture estim\u00e9e\" \/>\n\t<meta name=\"twitter:data2\" content=\"9 minutes\" \/>\n<script type=\"application\/ld+json\" class=\"yoast-schema-graph\">{\"@context\":\"https:\/\/schema.org\",\"@graph\":[{\"@type\":\"Article\",\"@id\":\"https:\/\/www.ricom-web8.com\/gestions\/chu-de-reims-le-chantier-du-nouvel-hopital\/#article\",\"isPartOf\":{\"@id\":\"https:\/\/www.ricom-web8.com\/gestions\/chu-de-reims-le-chantier-du-nouvel-hopital\/\"},\"author\":{\"name\":\"Gestions hospitali\u00e8res\",\"@id\":\"https:\/\/www.ricom-web8.com\/gestions\/#\/schema\/person\/3ba9fe913190dfe9507feb621e902c1f\"},\"headline\":\"CHU de Reims\u2009: le chantier du nouvel h\u00f4pital\",\"datePublished\":\"2023-05-01T09:36:33+00:00\",\"dateModified\":\"2023-06-08T08:56:55+00:00\",\"mainEntityOfPage\":{\"@id\":\"https:\/\/www.ricom-web8.com\/gestions\/chu-de-reims-le-chantier-du-nouvel-hopital\/\"},\"wordCount\":1500,\"publisher\":{\"@id\":\"https:\/\/www.ricom-web8.com\/gestions\/#organization\"},\"image\":{\"@id\":\"https:\/\/www.ricom-web8.com\/gestions\/chu-de-reims-le-chantier-du-nouvel-hopital\/#primaryimage\"},\"thumbnailUrl\":\"https:\/\/gestions-hospitalieres.fr\/wp-content\/uploads\/2023\/06\/La-phase-1-du-Nouvel-Hopital-de-Reims-se-construit-sous-les-yeux-des-professionnels-et-patients-du-CHU-300x225.jpg\",\"keywords\":[\"attractivit\u00e9\",\"chantier\",\"CHU Reims\",\"communication\",\"nouvel h\u00f4pital\",\"QVT\"],\"articleSection\":[\"dossier\",\"Gestions Hospitali\u00e8res\"],\"inLanguage\":\"fr-FR\"},{\"@type\":\"WebPage\",\"@id\":\"https:\/\/www.ricom-web8.com\/gestions\/chu-de-reims-le-chantier-du-nouvel-hopital\/\",\"url\":\"https:\/\/www.ricom-web8.com\/gestions\/chu-de-reims-le-chantier-du-nouvel-hopital\/\",\"name\":\"CHU de Reims\u2009: le chantier du nouvel h\u00f4pital - Gestions hospitali\u00e8res\",\"isPartOf\":{\"@id\":\"https:\/\/www.ricom-web8.com\/gestions\/#website\"},\"primaryImageOfPage\":{\"@id\":\"https:\/\/www.ricom-web8.com\/gestions\/chu-de-reims-le-chantier-du-nouvel-hopital\/#primaryimage\"},\"image\":{\"@id\":\"https:\/\/www.ricom-web8.com\/gestions\/chu-de-reims-le-chantier-du-nouvel-hopital\/#primaryimage\"},\"thumbnailUrl\":\"https:\/\/gestions-hospitalieres.fr\/wp-content\/uploads\/2023\/06\/La-phase-1-du-Nouvel-Hopital-de-Reims-se-construit-sous-les-yeux-des-professionnels-et-patients-du-CHU-300x225.jpg\",\"datePublished\":\"2023-05-01T09:36:33+00:00\",\"dateModified\":\"2023-06-08T08:56:55+00:00\",\"breadcrumb\":{\"@id\":\"https:\/\/www.ricom-web8.com\/gestions\/chu-de-reims-le-chantier-du-nouvel-hopital\/#breadcrumb\"},\"inLanguage\":\"fr-FR\",\"potentialAction\":[{\"@type\":\"ReadAction\",\"target\":[\"https:\/\/www.ricom-web8.com\/gestions\/chu-de-reims-le-chantier-du-nouvel-hopital\/\"]}]},{\"@type\":\"ImageObject\",\"inLanguage\":\"fr-FR\",\"@id\":\"https:\/\/www.ricom-web8.com\/gestions\/chu-de-reims-le-chantier-du-nouvel-hopital\/#primaryimage\",\"url\":\"https:\/\/gestions-hospitalieres.fr\/wp-content\/uploads\/2023\/06\/La-phase-1-du-Nouvel-Hopital-de-Reims-se-construit-sous-les-yeux-des-professionnels-et-patients-du-CHU-300x225.jpg\",\"contentUrl\":\"https:\/\/gestions-hospitalieres.fr\/wp-content\/uploads\/2023\/06\/La-phase-1-du-Nouvel-Hopital-de-Reims-se-construit-sous-les-yeux-des-professionnels-et-patients-du-CHU-300x225.jpg\"},{\"@type\":\"BreadcrumbList\",\"@id\":\"https:\/\/www.ricom-web8.com\/gestions\/chu-de-reims-le-chantier-du-nouvel-hopital\/#breadcrumb\",\"itemListElement\":[{\"@type\":\"ListItem\",\"position\":1,\"name\":\"Accueil\",\"item\":\"https:\/\/www.ricom-web8.com\/gestions\/\"},{\"@type\":\"ListItem\",\"position\":2,\"name\":\"CHU de Reims\u2009: le chantier du nouvel h\u00f4pital\"}]},{\"@type\":\"WebSite\",\"@id\":\"https:\/\/www.ricom-web8.com\/gestions\/#website\",\"url\":\"https:\/\/www.ricom-web8.com\/gestions\/\",\"name\":\"Gestions hospitali\u00e8res\",\"description\":\"la revue des d\u00e9cideurs hospitaliers\",\"publisher\":{\"@id\":\"https:\/\/www.ricom-web8.com\/gestions\/#organization\"},\"potentialAction\":[{\"@type\":\"SearchAction\",\"target\":{\"@type\":\"EntryPoint\",\"urlTemplate\":\"https:\/\/www.ricom-web8.com\/gestions\/?s={search_term_string}\"},\"query-input\":{\"@type\":\"PropertyValueSpecification\",\"valueRequired\":true,\"valueName\":\"search_term_string\"}}],\"inLanguage\":\"fr-FR\"},{\"@type\":\"Organization\",\"@id\":\"https:\/\/www.ricom-web8.com\/gestions\/#organization\",\"name\":\"Gestions hospitali\u00e8res\",\"url\":\"https:\/\/www.ricom-web8.com\/gestions\/\",\"logo\":{\"@type\":\"ImageObject\",\"inLanguage\":\"fr-FR\",\"@id\":\"https:\/\/www.ricom-web8.com\/gestions\/#\/schema\/logo\/image\/\",\"url\":\"https:\/\/gestions-hospitalieres.fr\/wp-content\/uploads\/2017\/02\/picto_Gif-GH-trans.png\",\"contentUrl\":\"https:\/\/gestions-hospitalieres.fr\/wp-content\/uploads\/2017\/02\/picto_Gif-GH-trans.png\",\"width\":512,\"height\":512,\"caption\":\"Gestions hospitali\u00e8res\"},\"image\":{\"@id\":\"https:\/\/www.ricom-web8.com\/gestions\/#\/schema\/logo\/image\/\"},\"sameAs\":[\"https:\/\/www.facebook.com\/gestionshospitalieres\/\",\"https:\/\/x.com\/revue_GH\",\"https:\/\/www.linkedin.com\/company\/gestions-hospitalieres?trk=top_nav_home\"]},{\"@type\":\"Person\",\"@id\":\"https:\/\/www.ricom-web8.com\/gestions\/#\/schema\/person\/3ba9fe913190dfe9507feb621e902c1f\",\"name\":\"Gestions hospitali\u00e8res\",\"image\":{\"@type\":\"ImageObject\",\"inLanguage\":\"fr-FR\",\"@id\":\"https:\/\/www.ricom-web8.com\/gestions\/#\/schema\/person\/image\/\",\"url\":\"https:\/\/secure.gravatar.com\/avatar\/1a0d93e6db5dbe7dac96bae4757d256f?s=96&d=mm&r=g\",\"contentUrl\":\"https:\/\/secure.gravatar.com\/avatar\/1a0d93e6db5dbe7dac96bae4757d256f?s=96&d=mm&r=g\",\"caption\":\"Gestions hospitali\u00e8res\"},\"url\":\"https:\/\/www.ricom-web8.com\/gestions\/author\/benjamin\/\"}]}<\/script>\n<!-- \/ Yoast SEO plugin. -->","yoast_head_json":{"title":"CHU de Reims\u2009: le chantier du nouvel h\u00f4pital - Gestions hospitali\u00e8res","robots":{"index":"index","follow":"follow","max-snippet":"max-snippet:-1","max-image-preview":"max-image-preview:large","max-video-preview":"max-video-preview:-1"},"canonical":"https:\/\/www.ricom-web8.com\/gestions\/chu-de-reims-le-chantier-du-nouvel-hopital\/","og_locale":"fr_FR","og_type":"article","og_title":"CHU de Reims\u2009: le chantier du nouvel h\u00f4pital - Gestions hospitali\u00e8res","og_description":"Temps de lecture\u00a0:  6 minutesLa pr\u00e9sence du chantier au c\u0153ur m\u00eame du site en activit\u00e9 du CHU de Reims est rapidement apparue comme une force \u00e0 exploiter pour informer, expliquer et faire s\u2019approprier le futur \u00e9difice par les utilisateurs. Au d\u00e9cours de leurs d\u00e9placements, agents, patients et usagers sont en effet spectateurs au quotidien de l\u2019\u00e9l\u00e9vation d\u2019un ou plusieurs b\u00e2timents. Il convient d\u00e8s lors qu\u2019ils deviennent des observateurs privil\u00e9gi\u00e9s du projet en le suivant,&hellip;","og_url":"https:\/\/www.ricom-web8.com\/gestions\/chu-de-reims-le-chantier-du-nouvel-hopital\/","og_site_name":"Gestions hospitali\u00e8res","article_publisher":"https:\/\/www.facebook.com\/gestionshospitalieres\/","article_published_time":"2023-05-01T09:36:33+00:00","article_modified_time":"2023-06-08T08:56:55+00:00","og_image":[{"url":"https:\/\/gestions-hospitalieres.fr\/wp-content\/uploads\/2023\/06\/La-phase-1-du-Nouvel-Hopital-de-Reims-se-construit-sous-les-yeux-des-professionnels-et-patients-du-CHU-300x225.jpg","type":"","width":"","height":""}],"author":"Gestions hospitali\u00e8res","twitter_card":"summary_large_image","twitter_creator":"@revue_GH","twitter_site":"@revue_GH","twitter_misc":{"\u00c9crit par":"Gestions hospitali\u00e8res","Dur\u00e9e de lecture estim\u00e9e":"9 minutes"},"schema":{"@context":"https:\/\/schema.org","@graph":[{"@type":"Article","@id":"https:\/\/www.ricom-web8.com\/gestions\/chu-de-reims-le-chantier-du-nouvel-hopital\/#article","isPartOf":{"@id":"https:\/\/www.ricom-web8.com\/gestions\/chu-de-reims-le-chantier-du-nouvel-hopital\/"},"author":{"name":"Gestions hospitali\u00e8res","@id":"https:\/\/www.ricom-web8.com\/gestions\/#\/schema\/person\/3ba9fe913190dfe9507feb621e902c1f"},"headline":"CHU de Reims\u2009: le chantier du nouvel h\u00f4pital","datePublished":"2023-05-01T09:36:33+00:00","dateModified":"2023-06-08T08:56:55+00:00","mainEntityOfPage":{"@id":"https:\/\/www.ricom-web8.com\/gestions\/chu-de-reims-le-chantier-du-nouvel-hopital\/"},"wordCount":1500,"publisher":{"@id":"https:\/\/www.ricom-web8.com\/gestions\/#organization"},"image":{"@id":"https:\/\/www.ricom-web8.com\/gestions\/chu-de-reims-le-chantier-du-nouvel-hopital\/#primaryimage"},"thumbnailUrl":"https:\/\/gestions-hospitalieres.fr\/wp-content\/uploads\/2023\/06\/La-phase-1-du-Nouvel-Hopital-de-Reims-se-construit-sous-les-yeux-des-professionnels-et-patients-du-CHU-300x225.jpg","keywords":["attractivit\u00e9","chantier","CHU Reims","communication","nouvel h\u00f4pital","QVT"],"articleSection":["dossier","Gestions Hospitali\u00e8res"],"inLanguage":"fr-FR"},{"@type":"WebPage","@id":"https:\/\/www.ricom-web8.com\/gestions\/chu-de-reims-le-chantier-du-nouvel-hopital\/","url":"https:\/\/www.ricom-web8.com\/gestions\/chu-de-reims-le-chantier-du-nouvel-hopital\/","name":"CHU de Reims\u2009: le chantier du nouvel h\u00f4pital - Gestions hospitali\u00e8res","isPartOf":{"@id":"https:\/\/www.ricom-web8.com\/gestions\/#website"},"primaryImageOfPage":{"@id":"https:\/\/www.ricom-web8.com\/gestions\/chu-de-reims-le-chantier-du-nouvel-hopital\/#primaryimage"},"image":{"@id":"https:\/\/www.ricom-web8.com\/gestions\/chu-de-reims-le-chantier-du-nouvel-hopital\/#primaryimage"},"thumbnailUrl":"https:\/\/gestions-hospitalieres.fr\/wp-content\/uploads\/2023\/06\/La-phase-1-du-Nouvel-Hopital-de-Reims-se-construit-sous-les-yeux-des-professionnels-et-patients-du-CHU-300x225.jpg","datePublished":"2023-05-01T09:36:33+00:00","dateModified":"2023-06-08T08:56:55+00:00","breadcrumb":{"@id":"https:\/\/www.ricom-web8.com\/gestions\/chu-de-reims-le-chantier-du-nouvel-hopital\/#breadcrumb"},"inLanguage":"fr-FR","potentialAction":[{"@type":"ReadAction","target":["https:\/\/www.ricom-web8.com\/gestions\/chu-de-reims-le-chantier-du-nouvel-hopital\/"]}]},{"@type":"ImageObject","inLanguage":"fr-FR","@id":"https:\/\/www.ricom-web8.com\/gestions\/chu-de-reims-le-chantier-du-nouvel-hopital\/#primaryimage","url":"https:\/\/gestions-hospitalieres.fr\/wp-content\/uploads\/2023\/06\/La-phase-1-du-Nouvel-Hopital-de-Reims-se-construit-sous-les-yeux-des-professionnels-et-patients-du-CHU-300x225.jpg","contentUrl":"https:\/\/gestions-hospitalieres.fr\/wp-content\/uploads\/2023\/06\/La-phase-1-du-Nouvel-Hopital-de-Reims-se-construit-sous-les-yeux-des-professionnels-et-patients-du-CHU-300x225.jpg"},{"@type":"BreadcrumbList","@id":"https:\/\/www.ricom-web8.com\/gestions\/chu-de-reims-le-chantier-du-nouvel-hopital\/#breadcrumb","itemListElement":[{"@type":"ListItem","position":1,"name":"Accueil","item":"https:\/\/www.ricom-web8.com\/gestions\/"},{"@type":"ListItem","position":2,"name":"CHU de Reims\u2009: le chantier du nouvel h\u00f4pital"}]},{"@type":"WebSite","@id":"https:\/\/www.ricom-web8.com\/gestions\/#website","url":"https:\/\/www.ricom-web8.com\/gestions\/","name":"Gestions hospitali\u00e8res","description":"la revue des d\u00e9cideurs hospitaliers","publisher":{"@id":"https:\/\/www.ricom-web8.com\/gestions\/#organization"},"potentialAction":[{"@type":"SearchAction","target":{"@type":"EntryPoint","urlTemplate":"https:\/\/www.ricom-web8.com\/gestions\/?s={search_term_string}"},"query-input":{"@type":"PropertyValueSpecification","valueRequired":true,"valueName":"search_term_string"}}],"inLanguage":"fr-FR"},{"@type":"Organization","@id":"https:\/\/www.ricom-web8.com\/gestions\/#organization","name":"Gestions hospitali\u00e8res","url":"https:\/\/www.ricom-web8.com\/gestions\/","logo":{"@type":"ImageObject","inLanguage":"fr-FR","@id":"https:\/\/www.ricom-web8.com\/gestions\/#\/schema\/logo\/image\/","url":"https:\/\/gestions-hospitalieres.fr\/wp-content\/uploads\/2017\/02\/picto_Gif-GH-trans.png","contentUrl":"https:\/\/gestions-hospitalieres.fr\/wp-content\/uploads\/2017\/02\/picto_Gif-GH-trans.png","width":512,"height":512,"caption":"Gestions hospitali\u00e8res"},"image":{"@id":"https:\/\/www.ricom-web8.com\/gestions\/#\/schema\/logo\/image\/"},"sameAs":["https:\/\/www.facebook.com\/gestionshospitalieres\/","https:\/\/x.com\/revue_GH","https:\/\/www.linkedin.com\/company\/gestions-hospitalieres?trk=top_nav_home"]},{"@type":"Person","@id":"https:\/\/www.ricom-web8.com\/gestions\/#\/schema\/person\/3ba9fe913190dfe9507feb621e902c1f","name":"Gestions hospitali\u00e8res","image":{"@type":"ImageObject","inLanguage":"fr-FR","@id":"https:\/\/www.ricom-web8.com\/gestions\/#\/schema\/person\/image\/","url":"https:\/\/secure.gravatar.com\/avatar\/1a0d93e6db5dbe7dac96bae4757d256f?s=96&d=mm&r=g","contentUrl":"https:\/\/secure.gravatar.com\/avatar\/1a0d93e6db5dbe7dac96bae4757d256f?s=96&d=mm&r=g","caption":"Gestions hospitali\u00e8res"},"url":"https:\/\/www.ricom-web8.com\/gestions\/author\/benjamin\/"}]}},"_links":{"self":[{"href":"https:\/\/www.ricom-web8.com\/gestions\/wp-json\/wp\/v2\/posts\/46675","targetHints":{"allow":["GET"]}}],"collection":[{"href":"https:\/\/www.ricom-web8.com\/gestions\/wp-json\/wp\/v2\/posts"}],"about":[{"href":"https:\/\/www.ricom-web8.com\/gestions\/wp-json\/wp\/v2\/types\/post"}],"author":[{"embeddable":true,"href":"https:\/\/www.ricom-web8.com\/gestions\/wp-json\/wp\/v2\/users\/23133"}],"replies":[{"embeddable":true,"href":"https:\/\/www.ricom-web8.com\/gestions\/wp-json\/wp\/v2\/comments?post=46675"}],"version-history":[{"count":0,"href":"https:\/\/www.ricom-web8.com\/gestions\/wp-json\/wp\/v2\/posts\/46675\/revisions"}],"wp:attachment":[{"href":"https:\/\/www.ricom-web8.com\/gestions\/wp-json\/wp\/v2\/media?parent=46675"}],"wp:term":[{"taxonomy":"category","embeddable":true,"href":"https:\/\/www.ricom-web8.com\/gestions\/wp-json\/wp\/v2\/categories?post=46675"},{"taxonomy":"post_tag","embeddable":true,"href":"https:\/\/www.ricom-web8.com\/gestions\/wp-json\/wp\/v2\/tags?post=46675"}],"curies":[{"name":"wp","href":"https:\/\/api.w.org\/{rel}","templated":true}]}}