

{"id":46727,"date":"2023-06-01T16:53:54","date_gmt":"2023-06-01T14:53:54","guid":{"rendered":"https:\/\/gestions-hospitalieres.fr\/?p=46727"},"modified":"2023-07-13T10:51:47","modified_gmt":"2023-07-13T08:51:47","slug":"le-groupement-territorial-social-et-medico-social-gtsms","status":"publish","type":"post","link":"https:\/\/www.ricom-web8.com\/gestions\/le-groupement-territorial-social-et-medico-social-gtsms\/","title":{"rendered":"Le groupement territorial social et m\u00e9dico-social (GTSMS)"},"content":{"rendered":"<span class=\"span-reading-time rt-reading-time\" style=\"display: block;\"><span class=\"rt-label rt-prefix\">Temps de lecture\u00a0: <\/span> <span class=\"rt-time\"> 6<\/span> <span class=\"rt-label rt-postfix\">minutes<\/span><\/span><p>L\u2019alliance de ces \u00e9tablissements en groupement de territoire social et m\u00e9dico-social (GTSMS) permettrait de faire face \u00e0 un ph\u00e9nom\u00e8ne d\u2019atomisation qui touche aujourd\u2019hui les \u00e9tablissements d\u2019h\u00e9bergement pour personnes \u00e2g\u00e9es d\u00e9pendantes (Ehpad) publics\u2009; contrairement aux structures priv\u00e9es qui ne font pas face \u00e0 un paysage aussi morcel\u00e9.<\/p>\n<p>Ce nouveau dispositif devrait entrer en vigueur \u00e0 compter du 1<sup>er<\/sup>\u00a0janvier 2025, si la loi est adopt\u00e9e, et pr\u00e9voit une p\u00e9riode transitoire de trois ans. Il ne sera impos\u00e9 que sur le territoire m\u00e9tropolitain, l\u2019obligation ne s\u2019appliquant pas aux territoires et collectivit\u00e9s d\u2019outre-mer. L\u2019outil est pour l\u2019heure \u00e0 examiner au conditionnel, le texte \u00e9tant en cours d\u2019examen devant le Parlement.<\/p>\n<h1>Pr\u00e9sentation du dispositif<\/h1>\n<p>L\u2019amendement 1380 pr\u00e9voit l\u2019introduction d\u2019une nouvelle section 4 bis\u2009: \u00ab\u2009Coop\u00e9rations et une sous-section unique\u2009: groupement territorial social et m\u00e9dico-social\u2009\u00bb, au sein du Code de l\u2019action sociale et des familles (Casf). Ces dispositions (nouveaux articles L.312-7-2 \u00e0 L.312-7-7) pr\u00e9voient les modalit\u00e9s de cr\u00e9ation et de fonctionnement des GTSMS\u2009; et notamment laissent aux ESMS le choix entre adh\u00e9rer \u00e0 un GHT ou \u00e0 un GTSMS\u2009; l\u2019adh\u00e9sion \u00e0 l\u2019un ou \u00e0 l\u2019autre restant n\u00e9anmoins obligatoire.<span class=\"Apple-converted-space\">\u00a0<\/span><\/p>\n<p>L\u2019amendement 1391 ne vient que rectifier l\u2019amendement 1380 en ce sens\u2009: \u00ab\u2009Le groupement territorial social et m\u00e9dico-social pour personnes \u00e2g\u00e9es est constitu\u00e9 \u00e0 l\u2019initiative des \u00e9tablissements et services mentionn\u00e9s au I. Le territoire d\u2019implantation choisi par le groupement lui permet d\u2019assurer une r\u00e9ponse de proximit\u00e9 aux besoins des personnes \u00e2g\u00e9es et de mettre en \u0153uvre un parcours coordonn\u00e9 des personnes \u00e2g\u00e9es et accompagn\u00e9es.\u2009\u00bb<\/p>\n<p>Le p\u00e9rim\u00e8tre g\u00e9ographique d\u2019un GTSMS serait donc laiss\u00e9 \u00e0 la libre appr\u00e9ciation des \u00e9tablissements le constituant, sauf \u00e0 ce que, sur le terrain, les agences r\u00e9gionales de sant\u00e9 (ARS) orientent fortement la d\u00e9termination de ce p\u00e9rim\u00e8tre, comme cela a \u00e9t\u00e9 fait pour les GHT&#8230;<span class=\"Apple-converted-space\">\u00a0<\/span><\/p>\n<h2>Une obligation pour une application effective<\/h2>\n<p>Seuls certains \u00e9tablissements seraient concern\u00e9s par cette obligation\u2009:<span class=\"Apple-converted-space\">\u00a0<\/span><\/p>\n<ul>\n<li>les \u00e9tablissements et les services qui accueillent des personnes \u00e2g\u00e9es ou qui leur apportent \u00e0 domicile une assistance dans les actes quotidiens de la vie, des prestations de soins ou une aide \u00e0 l\u2019insertion sociale<sup class=\"appel\" data-toggle=\"modal\" data-target=\"#notes\">(1)<\/sup>\u2009;<\/li>\n<li>les \u00e9tablissements qui accueillent des personnes \u00e2g\u00e9es d\u00e9pendantes<sup class=\"appel\" data-toggle=\"modal\" data-target=\"#notes\">(2)<\/sup>\u2009;<\/li>\n<li>les \u00ab\u2009petites unit\u00e9s de vie<sup class=\"appel\" data-toggle=\"modal\" data-target=\"#notes\">(3)\u2009<\/sup>\u00bb.<\/li>\n<\/ul>\n<p>De plus, tous les Ehpad publics ne seraient pas concern\u00e9s par cette nouveaut\u00e9. Les Ehpad g\u00e9r\u00e9s par les centres communaux d\u2019action sociale (CCAS) et centres intercommunaux d\u2019action sociale (Cias) seraient exclus de son champ d\u2019application. Toutefois, ceux-ci, tout comme les Ehpad rattach\u00e9s aux \u00e9tablissements publics de sant\u00e9 (EPS), auraient la possibilit\u00e9 d\u2019int\u00e9grer un GTSMS. Cette int\u00e9gration sur la base du volontariat pourrait \u00eatre encourag\u00e9e par les possibilit\u00e9s qu\u2019offriraient les GTSMS, notamment les mutualisations de fonctions et de personnels.<span class=\"Apple-converted-space\">\u00a0<\/span><\/p>\n<p>Hormis les Ehpad publics, sont vis\u00e9s d\u2019autres \u00e9tablissements qui pourraient adh\u00e9rer aux GTSMS, sur accord du directeur g\u00e9n\u00e9ral de l\u2019ARS\u2009:<\/p>\n<ul>\n<li>les \u00e9tablissements ou services d\u2019enseignement qui assurent, \u00e0 titre principal, une \u00e9ducation adapt\u00e9e et un accompagnement social et m\u00e9dico-social aux mineurs ou jeunes adultes handicap\u00e9s ou pr\u00e9sentant des difficult\u00e9s d\u2019adaptation\u2009;<span class=\"Apple-converted-space\">\u00a0<\/span><\/li>\n<li>les \u00e9tablissements ou services\u2009:<span class=\"Apple-converted-space\">\u00a0<\/span><\/li>\n<li>d\u2019aide par le travail,<span class=\"Apple-converted-space\">\u00a0<\/span><\/li>\n<li>de r\u00e9adaptation, de pr\u00e9orientation et de r\u00e9\u00e9ducation professionnelle\u2009;<\/li>\n<li>les \u00e9tablissements et services, y compris les foyers d\u2019accueil m\u00e9dicalis\u00e9s, qui accueillent des personnes handicap\u00e9es, quels que soient leur degr\u00e9 de handicap ou leur \u00e2ge, ou des personnes atteintes de pathologies chroniques, qui leur apportent \u00e0 domicile une assistance dans les actes quotidiens de la vie, des prestations de soins ou une aide \u00e0 l\u2019insertion sociale ou bien qui leur assurent un accompagnement m\u00e9dico-social en milieu ouvert.<\/li>\n<\/ul>\n<p>Les \u00e9tablissements et services priv\u00e9s (Ehpad et \u00e9tablissements sp\u00e9cialis\u00e9s dans le handicap, y compris maisons d\u2019accueil sp\u00e9cialis\u00e9es) pourraient \u00eatre partenaires d\u2019un GTSMS par convention.<\/p>\n<p>Des d\u00e9rogations ont n\u00e9anmoins \u00e9t\u00e9 pr\u00e9vues afin de permettre aux Ehpad \u00ab\u2009issus de la fusion de plusieurs \u00e9tablissements publics\u2009\u00bb de ne pas adh\u00e9rer \u00e0 un GTSMS<sup class=\"appel\" data-toggle=\"modal\" data-target=\"#notes\">(4)<\/sup>.<\/p>\n<p>La notion d\u2019Ehpad issus d\u2019une fusion m\u00e9riterait un peu plus de pr\u00e9cisions. En effet, cette id\u00e9e impliquerait que les Ehpad ayant proc\u00e9d\u00e9 \u00e0 des fusions entre plusieurs ESMS pourraient ne pas adh\u00e9rer aux GTSMS\u2009; quand bien m\u00eame, l\u2019issue de ces op\u00e9rations aboutirait \u00e0 la cr\u00e9ation d\u2019une entit\u00e9 juridique \u00ab\u2009centralisatrice\u2009\u00bb. Cet \u00e9tablissement fusionn\u00e9 resterait donc isol\u00e9 et la concentration des ESMS ne serait pas optimale. De plus, les modalit\u00e9s ne sont pas claires\u2009: \u00e0 quand pourrait remonter la fusion qui fonde l\u2019exon\u00e9ration\u2009? Pendant combien de temps ouvrirait-elle droit \u00e0 une dispense d\u2019adh\u00e9sion au GTSMS\u2009?<\/p>\n<p>La m\u00eame d\u00e9rogation est pr\u00e9vue pour les \u00e9tablissements pr\u00e9sentant une sp\u00e9cificit\u00e9 dans l\u2019offre d\u00e9partementale d\u2019accompagnement des personnes \u00e2g\u00e9es.<span class=\"Apple-converted-space\">\u00a0<\/span><\/p>\n<blockquote><p>Le GTSMS conduirait les \u00e9tablissements \u00e0 cr\u00e9er une nouvelle entit\u00e9 juridique, pouvant notamment d\u00e9tenir un patrimoine et un budget propre et assurer une gestion centralis\u00e9e par le biais d\u2019une nouvelle gouvernance.<span class=\"Apple-converted-space\">\u00a0<\/span><\/p><\/blockquote>\n<h2>La cr\u00e9ation du gtsms<\/h2>\n<p>Le GTSMS serait cr\u00e9\u00e9 par la signature d\u2019une convention constitutive soumise \u00e0 l\u2019approbation du directeur g\u00e9n\u00e9ral de l\u2019ARS. Cette convention devra \u00eatre conforme au projet r\u00e9gional de sant\u00e9<sup class=\"appel\" data-toggle=\"modal\" data-target=\"#notes\">(5)<\/sup>.<span class=\"Apple-converted-space\">\u00a0<\/span><\/p>\n<p>L\u2019objet du GTSMS fait \u00e9cho \u00e0 celui du GHT. En effet, on y retrouve la volont\u00e9 d\u2019une strat\u00e9gie commune d\u2019accompagnement des personnes \u00e2g\u00e9es, similaire \u00e0 la \u00ab\u2009strat\u00e9gie de prise en charge commune et gradu\u00e9e du patient<sup class=\"appel\" data-toggle=\"modal\" data-target=\"#notes\">(6)<\/sup>\u2009\u00bb<span class=\"Apple-converted-space\">\u00a0 <\/span>pr\u00e9vue pour les GHT. Il en va de m\u00eame pour l\u2019objectif de rationalisation des modes de gestion par la mise en commun de fonctions, pr\u00e9vu pour les deux dispositifs.<span class=\"Apple-converted-space\">\u00a0<\/span><\/p>\n<p>De plus, \u00e0 l\u2019instar du GHT o\u00f9 la conclusion d\u2019un projet m\u00e9dical partag\u00e9 est obligatoire, le GTSMS devra r\u00e9diger un \u00ab\u2009projet d\u2019accompagnement partag\u00e9\u2009\u00bb.<\/p>\n<p>Enfin, les textes pr\u00e9voient explicitement que le GTSMS devra adopter la forme juridique du GCSMS. \u00c0 cet effet, il pourra assurer les m\u00eames missions\u2009:<\/p>\n<ul>\n<li>\u00ab\u2009Permettre les interventions communes des professionnels des secteurs sociaux, m\u00e9dico-sociaux et sanitaires, des professionnels salari\u00e9s du groupement ainsi que des professionnels associ\u00e9s par convention\u2009;<\/li>\n<li>\u00eatre autoris\u00e9, \u00e0 la demande des membres, \u00e0 exercer directement les missions et prestations des \u00e9tablissements et services [\u2026] et \u00e0 assurer directement, \u00e0 la demande de l\u2019un ou plusieurs de ses membres, l\u2019exploitation de l\u2019autorisation apr\u00e8s accord de l\u2019autorit\u00e9 l\u2019ayant d\u00e9livr\u00e9e\u2009;<\/li>\n<li>\u00eatre charg\u00e9 de proc\u00e9der aux fusions et regroupements [\u2026]\u2009;<\/li>\n<li>cr\u00e9er des r\u00e9seaux sociaux ou m\u00e9dico\u00adsociaux avec les personnes mentionn\u00e9es au premier alin\u00e9a et adh\u00e9rer \u00e0 ces m\u00eames r\u00e9seaux ou aux r\u00e9seaux et groupements de coop\u00e9ration ou d\u2019int\u00e9r\u00eat public [\u2026]\u2009;<\/li>\n<li>\u00eatre charg\u00e9 pour le compte de ses membres des activit\u00e9s de pharmacie \u00e0 usage interne [\u2026].<sup class=\"appel\" data-toggle=\"modal\" data-target=\"#notes\">(7)\u2009<\/sup>\u00bb<span class=\"Apple-converted-space\">\u00a0<\/span><\/li>\n<\/ul>\n<h2>Le fonctionnement du GTSMS<span class=\"Apple-converted-space\">\u00a0<\/span><\/h2>\n<p>Le GTSMS, qui devrait prendre la forme juridique du GCSMS, serait dirig\u00e9 par un directeur d\u2019\u00e9tablissement sanitaire, social ou m\u00e9dico-social nomm\u00e9 par le directeur g\u00e9n\u00e9ral de l\u2019ARS, apr\u00e8s avis du pr\u00e9sident du conseil d\u00e9partemental et sur proposition de l\u2019assembl\u00e9e g\u00e9n\u00e9rale (AG). En l\u2019absence de proposition de l\u2019AG, seul l\u2019avis de la collectivit\u00e9 serait pris en compte. Il serait alors n\u00e9cessaire de recueillir l\u2019avis de tous les pr\u00e9sidents des conseils d\u00e9partementaux concern\u00e9s dans le cas d\u2019un GTSMS interd\u00e9partemental.<\/p>\n<p>Le directeur nomm\u00e9 serait charg\u00e9 du pilotage des fonctions exerc\u00e9es par le groupement pour le compte de ses membres et le repr\u00e9senterait. Il \u00e9laborerait \u00e9galement son budget, approuv\u00e9 par l\u2019AG. Le GTSMS disposerait donc d\u2019un budget autonome, pourrait se constituer des fonds propres et recourir \u00e0 l\u2019emprunt. Enfin, il pourrait \u00eatre employeur, \u00e0 la diff\u00e9rence du GHT, et les recrutements seraient assur\u00e9s par le directeur.<span class=\"Apple-converted-space\">\u00a0<\/span><\/p>\n<h1>Un dispositif \u00ab\u2009GHT 2.0\u2009\u00bb<span class=\"Apple-converted-space\">\u00a0<\/span><\/h1>\n<h2>Vers une coop\u00e9ration organique et plus seulement conventionnelle<\/h2>\n<p>Dans le cadre des d\u00e9bats parlementaires sur la proposition de loi, il a \u00e9t\u00e9 question de ne pas reproduire les erreurs commises avec les GHT. En effet, la mise en place de ces derniers a \u00e9t\u00e9 tr\u00e8s h\u00e9t\u00e9roclite et leur maturit\u00e9 n\u2019est pas identique sur tous les territoires.<span class=\"Apple-converted-space\">\u00a0<\/span><\/p>\n<p>Ainsi, une rectification majeure a \u00e9t\u00e9 apport\u00e9e avec le GTSMS\u2009: celui-ci ne prendrait plus uniquement la forme juridique d\u2019une coop\u00e9ration conventionnelle mais, au contraire, la forme d\u2019une coop\u00e9ration organique, sur le sch\u00e9ma des GCSMS. <span class=\"Apple-converted-space\">\u00a0<\/span><\/p>\n<p>Le GTSMS conduirait donc les \u00e9tablissements \u00e0 cr\u00e9er une nouvelle entit\u00e9 juridique, pouvant notamment d\u00e9tenir un patrimoine et un budget propre et assurer une gestion centralis\u00e9e par le biais d\u2019une nouvelle gouvernance.<span class=\"Apple-converted-space\">\u00a0<\/span><\/p>\n<h2>L\u2019absence de contrainte dans les mutualisations\u00a0<span class=\"Apple-converted-space\">\u00a0<\/span><\/h2>\n<p>Seconde nouveaut\u00e9 issue de l\u2019exp\u00e9rience des GHT\u2009: les mutualisations ont \u00e9t\u00e9 r\u00e9introduites mais de mani\u00e8re facultative. Alors que pour les GHT, certaines fonctions sont obligatoirement mutualis\u00e9es, pour les GTSMS, les textes ne proposent qu\u2019une liste de mati\u00e8res, \u00e0 charge pour les \u00e9tablissements de s\u00e9lectionner les plus pertinentes.<span class=\"Apple-converted-space\">\u00a0<\/span><\/p>\n<p>Afin de s\u2019assurer tout de m\u00eame un minimum de mutualisations, le texte en discussion imposerait que le GTSMS assure pour le compte de ses membres, au moins une fonction parmi les suivantes\u2009:<\/p>\n<ul>\n<li>syst\u00e8me d\u2019information\u2009: convergence des syst\u00e8mes d\u2019information des membres et mise en place d\u2019un dossier usager permettant une prise en charge coordonn\u00e9e\u2009;<\/li>\n<li>formation continue des personnels\u2009;<\/li>\n<li>d\u00e9marche qualit\u00e9 et gestion des risques\u2009;<\/li>\n<li>gestion des ressources humaines\u2009;<\/li>\n<li>achats\u2009;<\/li>\n<li>gestion budg\u00e9taire et financi\u00e8re\u2009;<\/li>\n<li>services techniques.<\/li>\n<\/ul>\n<p>Encore une fois, ces fonctions sont proches de celles pr\u00e9vues dans le cadre des GHT et assur\u00e9es par l\u2019\u00e9tablissement support pour le compte des \u00e9tablissements parties. <span class=\"Apple-converted-space\">\u00a0<\/span><\/p>\n<p>Au-del\u00e0 de ces mati\u00e8res, la convention constitutive pourrait pr\u00e9voir d\u2019autres fonctions mutualis\u00e9es, notamment\u00a0les march\u00e9s publics. Dans la m\u00eame logique de partage de comp\u00e9tences, le GTSMS pourrait pr\u00e9senter un plan pluriannuel d\u2019investissement et un plan de financement pour le compte d\u2019un ou plusieurs de ses membres. Le GTSMS se substituerait donc, pour ces mati\u00e8res, \u00e0 certains (ou \u00e0 la totalit\u00e9) de ses membres ; au risque de cr\u00e9er des disparit\u00e9s au sein d\u2019un m\u00eame groupement, ce qui complexifierait sa gestion.<\/p>\n<p>Cette contrainte tr\u00e8s all\u00e9g\u00e9e de mutualisation est s\u00fbrement li\u00e9e au fait que les GHT n\u2019ont, pour le moment, pas tous r\u00e9ussi \u00e0 finaliser leurs mutualisations. Les GTSMS pourraient donc y proc\u00e9der de mani\u00e8re gradu\u00e9e et selon leurs besoins.<\/p>\n<p>En conclusion, le GTSMS, que nous pouvons assimiler \u00e0 un \u00ab\u2009GHT 2.0\u2009\u00bb, pourrait constituer un outil juridique de r\u00e9ponse au ph\u00e9nom\u00e8ne d\u2019atomisation des ESMS publics. Toutefois, il ne faut pas oublier que la mati\u00e8re s\u2019int\u00e9resse \u00e0 des structures souvent plus petites et disposant de ressources moins importantes que dans le domaine sanitaire. Elles se retrouveront donc forc\u00e9ment limit\u00e9es \u00e0 un certain point pour construire le GTSMS, qui appellera une mobilisation de moyens, d\u2019expertises et un investissement en temps notables. Enfin, leur mise en place devra n\u00e9cessairement \u00eatre anticip\u00e9e afin de ne pas marquer un changement trop brutal pour les \u00e9tablissements concern\u00e9s.<\/p>\n<script>function PlayerjsAsync(){} if(window[\"Playerjs\"]){PlayerjsAsync();}<\/script>","protected":false},"excerpt":{"rendered":"<p><span class=\"span-reading-time rt-reading-time\" style=\"display: block;\"><span class=\"rt-label rt-prefix\">Temps de lecture\u00a0: <\/span> <span class=\"rt-time\"> 6<\/span> <span class=\"rt-label rt-postfix\">minutes<\/span><\/span>L\u2019alliance de ces \u00e9tablissements en groupement de territoire social et m\u00e9dico-social (GTSMS) permettrait de faire face \u00e0 un ph\u00e9nom\u00e8ne d\u2019atomisation qui touche aujourd\u2019hui les \u00e9tablissements d\u2019h\u00e9bergement pour personnes \u00e2g\u00e9es d\u00e9pendantes (Ehpad) publics\u2009; contrairement aux structures priv\u00e9es qui ne font pas face \u00e0 un paysage aussi morcel\u00e9. Ce nouveau dispositif devrait entrer en vigueur \u00e0 compter du 1er\u00a0janvier 2025, si la loi est adopt\u00e9e, et pr\u00e9voit une p\u00e9riode transitoire de trois&hellip; <\/p>\n","protected":false},"author":23133,"featured_media":0,"comment_status":"closed","ping_status":"closed","sticky":false,"template":"","format":"standard","meta":{"_acf_changed":false,"_relevanssi_hide_post":"","_relevanssi_hide_content":"","_relevanssi_pin_for_all":"","_relevanssi_pin_keywords":"","_relevanssi_unpin_keywords":"","_relevanssi_related_keywords":"","_relevanssi_related_include_ids":"","_relevanssi_related_exclude_ids":"","_relevanssi_related_no_append":"","_relevanssi_related_not_related":"","_relevanssi_related_posts":"","_relevanssi_noindex_reason":"","footnotes":""},"categories":[2,70],"tags":[465,100,1809,9694,1705],"class_list":["post-46727","post","type-post","status-publish","format-standard","hentry","category-gestions-hospitalieres","category-jurisante","tag-cooperation","tag-ehpad","tag-ght","tag-gtsms","tag-medico-social"],"acf":[],"yoast_head":"<!-- This site is optimized with the Yoast SEO plugin v24.8.1 - https:\/\/yoast.com\/wordpress\/plugins\/seo\/ -->\n<title>Le groupement territorial social et m\u00e9dico-social (GTSMS) - Gestions hospitali\u00e8res<\/title>\n<meta name=\"robots\" content=\"index, follow, max-snippet:-1, max-image-preview:large, max-video-preview:-1\" \/>\n<link rel=\"canonical\" href=\"https:\/\/www.ricom-web8.com\/gestions\/le-groupement-territorial-social-et-medico-social-gtsms\/\" \/>\n<meta property=\"og:locale\" content=\"fr_FR\" \/>\n<meta property=\"og:type\" content=\"article\" \/>\n<meta property=\"og:title\" content=\"Le groupement territorial social et m\u00e9dico-social (GTSMS) - Gestions hospitali\u00e8res\" \/>\n<meta property=\"og:description\" content=\"Temps de lecture\u00a0:  6 minutesL\u2019alliance de ces \u00e9tablissements en groupement de territoire social et m\u00e9dico-social (GTSMS) permettrait de faire face \u00e0 un ph\u00e9nom\u00e8ne d\u2019atomisation qui touche aujourd\u2019hui les \u00e9tablissements d\u2019h\u00e9bergement pour personnes \u00e2g\u00e9es d\u00e9pendantes (Ehpad) publics\u2009; contrairement aux structures priv\u00e9es qui ne font pas face \u00e0 un paysage aussi morcel\u00e9. Ce nouveau dispositif devrait entrer en vigueur \u00e0 compter du 1er\u00a0janvier 2025, si la loi est adopt\u00e9e, et pr\u00e9voit une p\u00e9riode transitoire de trois&hellip;\" \/>\n<meta property=\"og:url\" content=\"https:\/\/www.ricom-web8.com\/gestions\/le-groupement-territorial-social-et-medico-social-gtsms\/\" \/>\n<meta property=\"og:site_name\" content=\"Gestions hospitali\u00e8res\" \/>\n<meta property=\"article:publisher\" content=\"https:\/\/www.facebook.com\/gestionshospitalieres\/\" \/>\n<meta property=\"article:published_time\" content=\"2023-06-01T14:53:54+00:00\" \/>\n<meta property=\"article:modified_time\" content=\"2023-07-13T08:51:47+00:00\" \/>\n<meta name=\"author\" content=\"Gestions hospitali\u00e8res\" \/>\n<meta name=\"twitter:card\" content=\"summary_large_image\" \/>\n<meta name=\"twitter:creator\" content=\"@revue_GH\" \/>\n<meta name=\"twitter:site\" content=\"@revue_GH\" \/>\n<meta name=\"twitter:label1\" content=\"\u00c9crit par\" \/>\n\t<meta name=\"twitter:data1\" content=\"Gestions hospitali\u00e8res\" \/>\n\t<meta name=\"twitter:label2\" content=\"Dur\u00e9e de lecture estim\u00e9e\" \/>\n\t<meta name=\"twitter:data2\" content=\"9 minutes\" \/>\n<script type=\"application\/ld+json\" class=\"yoast-schema-graph\">{\"@context\":\"https:\/\/schema.org\",\"@graph\":[{\"@type\":\"Article\",\"@id\":\"https:\/\/www.ricom-web8.com\/gestions\/le-groupement-territorial-social-et-medico-social-gtsms\/#article\",\"isPartOf\":{\"@id\":\"https:\/\/www.ricom-web8.com\/gestions\/le-groupement-territorial-social-et-medico-social-gtsms\/\"},\"author\":{\"name\":\"Gestions hospitali\u00e8res\",\"@id\":\"https:\/\/www.ricom-web8.com\/gestions\/#\/schema\/person\/3ba9fe913190dfe9507feb621e902c1f\"},\"headline\":\"Le groupement territorial social et m\u00e9dico-social (GTSMS)\",\"datePublished\":\"2023-06-01T14:53:54+00:00\",\"dateModified\":\"2023-07-13T08:51:47+00:00\",\"mainEntityOfPage\":{\"@id\":\"https:\/\/www.ricom-web8.com\/gestions\/le-groupement-territorial-social-et-medico-social-gtsms\/\"},\"wordCount\":1920,\"publisher\":{\"@id\":\"https:\/\/www.ricom-web8.com\/gestions\/#organization\"},\"keywords\":[\"coop\u00e9ration\",\"Ehpad\",\"GHT\",\"GTSMS\",\"m\u00e9dico-social\"],\"articleSection\":[\"Gestions Hospitali\u00e8res\",\"JuriSant\u00e9\"],\"inLanguage\":\"fr-FR\"},{\"@type\":\"WebPage\",\"@id\":\"https:\/\/www.ricom-web8.com\/gestions\/le-groupement-territorial-social-et-medico-social-gtsms\/\",\"url\":\"https:\/\/www.ricom-web8.com\/gestions\/le-groupement-territorial-social-et-medico-social-gtsms\/\",\"name\":\"Le groupement territorial social et m\u00e9dico-social (GTSMS) - Gestions hospitali\u00e8res\",\"isPartOf\":{\"@id\":\"https:\/\/www.ricom-web8.com\/gestions\/#website\"},\"datePublished\":\"2023-06-01T14:53:54+00:00\",\"dateModified\":\"2023-07-13T08:51:47+00:00\",\"breadcrumb\":{\"@id\":\"https:\/\/www.ricom-web8.com\/gestions\/le-groupement-territorial-social-et-medico-social-gtsms\/#breadcrumb\"},\"inLanguage\":\"fr-FR\",\"potentialAction\":[{\"@type\":\"ReadAction\",\"target\":[\"https:\/\/www.ricom-web8.com\/gestions\/le-groupement-territorial-social-et-medico-social-gtsms\/\"]}]},{\"@type\":\"BreadcrumbList\",\"@id\":\"https:\/\/www.ricom-web8.com\/gestions\/le-groupement-territorial-social-et-medico-social-gtsms\/#breadcrumb\",\"itemListElement\":[{\"@type\":\"ListItem\",\"position\":1,\"name\":\"Accueil\",\"item\":\"https:\/\/www.ricom-web8.com\/gestions\/\"},{\"@type\":\"ListItem\",\"position\":2,\"name\":\"Le groupement territorial social et m\u00e9dico-social (GTSMS)\"}]},{\"@type\":\"WebSite\",\"@id\":\"https:\/\/www.ricom-web8.com\/gestions\/#website\",\"url\":\"https:\/\/www.ricom-web8.com\/gestions\/\",\"name\":\"Gestions hospitali\u00e8res\",\"description\":\"la revue des d\u00e9cideurs hospitaliers\",\"publisher\":{\"@id\":\"https:\/\/www.ricom-web8.com\/gestions\/#organization\"},\"potentialAction\":[{\"@type\":\"SearchAction\",\"target\":{\"@type\":\"EntryPoint\",\"urlTemplate\":\"https:\/\/www.ricom-web8.com\/gestions\/?s={search_term_string}\"},\"query-input\":{\"@type\":\"PropertyValueSpecification\",\"valueRequired\":true,\"valueName\":\"search_term_string\"}}],\"inLanguage\":\"fr-FR\"},{\"@type\":\"Organization\",\"@id\":\"https:\/\/www.ricom-web8.com\/gestions\/#organization\",\"name\":\"Gestions hospitali\u00e8res\",\"url\":\"https:\/\/www.ricom-web8.com\/gestions\/\",\"logo\":{\"@type\":\"ImageObject\",\"inLanguage\":\"fr-FR\",\"@id\":\"https:\/\/www.ricom-web8.com\/gestions\/#\/schema\/logo\/image\/\",\"url\":\"https:\/\/gestions-hospitalieres.fr\/wp-content\/uploads\/2017\/02\/picto_Gif-GH-trans.png\",\"contentUrl\":\"https:\/\/gestions-hospitalieres.fr\/wp-content\/uploads\/2017\/02\/picto_Gif-GH-trans.png\",\"width\":512,\"height\":512,\"caption\":\"Gestions hospitali\u00e8res\"},\"image\":{\"@id\":\"https:\/\/www.ricom-web8.com\/gestions\/#\/schema\/logo\/image\/\"},\"sameAs\":[\"https:\/\/www.facebook.com\/gestionshospitalieres\/\",\"https:\/\/x.com\/revue_GH\",\"https:\/\/www.linkedin.com\/company\/gestions-hospitalieres?trk=top_nav_home\"]},{\"@type\":\"Person\",\"@id\":\"https:\/\/www.ricom-web8.com\/gestions\/#\/schema\/person\/3ba9fe913190dfe9507feb621e902c1f\",\"name\":\"Gestions hospitali\u00e8res\",\"image\":{\"@type\":\"ImageObject\",\"inLanguage\":\"fr-FR\",\"@id\":\"https:\/\/www.ricom-web8.com\/gestions\/#\/schema\/person\/image\/\",\"url\":\"https:\/\/secure.gravatar.com\/avatar\/1a0d93e6db5dbe7dac96bae4757d256f?s=96&d=mm&r=g\",\"contentUrl\":\"https:\/\/secure.gravatar.com\/avatar\/1a0d93e6db5dbe7dac96bae4757d256f?s=96&d=mm&r=g\",\"caption\":\"Gestions hospitali\u00e8res\"},\"url\":\"https:\/\/www.ricom-web8.com\/gestions\/author\/benjamin\/\"}]}<\/script>\n<!-- \/ Yoast SEO plugin. -->","yoast_head_json":{"title":"Le groupement territorial social et m\u00e9dico-social (GTSMS) - Gestions hospitali\u00e8res","robots":{"index":"index","follow":"follow","max-snippet":"max-snippet:-1","max-image-preview":"max-image-preview:large","max-video-preview":"max-video-preview:-1"},"canonical":"https:\/\/www.ricom-web8.com\/gestions\/le-groupement-territorial-social-et-medico-social-gtsms\/","og_locale":"fr_FR","og_type":"article","og_title":"Le groupement territorial social et m\u00e9dico-social (GTSMS) - Gestions hospitali\u00e8res","og_description":"Temps de lecture\u00a0:  6 minutesL\u2019alliance de ces \u00e9tablissements en groupement de territoire social et m\u00e9dico-social (GTSMS) permettrait de faire face \u00e0 un ph\u00e9nom\u00e8ne d\u2019atomisation qui touche aujourd\u2019hui les \u00e9tablissements d\u2019h\u00e9bergement pour personnes \u00e2g\u00e9es d\u00e9pendantes (Ehpad) publics\u2009; contrairement aux structures priv\u00e9es qui ne font pas face \u00e0 un paysage aussi morcel\u00e9. Ce nouveau dispositif devrait entrer en vigueur \u00e0 compter du 1er\u00a0janvier 2025, si la loi est adopt\u00e9e, et pr\u00e9voit une p\u00e9riode transitoire de trois&hellip;","og_url":"https:\/\/www.ricom-web8.com\/gestions\/le-groupement-territorial-social-et-medico-social-gtsms\/","og_site_name":"Gestions hospitali\u00e8res","article_publisher":"https:\/\/www.facebook.com\/gestionshospitalieres\/","article_published_time":"2023-06-01T14:53:54+00:00","article_modified_time":"2023-07-13T08:51:47+00:00","author":"Gestions hospitali\u00e8res","twitter_card":"summary_large_image","twitter_creator":"@revue_GH","twitter_site":"@revue_GH","twitter_misc":{"\u00c9crit par":"Gestions hospitali\u00e8res","Dur\u00e9e de lecture estim\u00e9e":"9 minutes"},"schema":{"@context":"https:\/\/schema.org","@graph":[{"@type":"Article","@id":"https:\/\/www.ricom-web8.com\/gestions\/le-groupement-territorial-social-et-medico-social-gtsms\/#article","isPartOf":{"@id":"https:\/\/www.ricom-web8.com\/gestions\/le-groupement-territorial-social-et-medico-social-gtsms\/"},"author":{"name":"Gestions hospitali\u00e8res","@id":"https:\/\/www.ricom-web8.com\/gestions\/#\/schema\/person\/3ba9fe913190dfe9507feb621e902c1f"},"headline":"Le groupement territorial social et m\u00e9dico-social (GTSMS)","datePublished":"2023-06-01T14:53:54+00:00","dateModified":"2023-07-13T08:51:47+00:00","mainEntityOfPage":{"@id":"https:\/\/www.ricom-web8.com\/gestions\/le-groupement-territorial-social-et-medico-social-gtsms\/"},"wordCount":1920,"publisher":{"@id":"https:\/\/www.ricom-web8.com\/gestions\/#organization"},"keywords":["coop\u00e9ration","Ehpad","GHT","GTSMS","m\u00e9dico-social"],"articleSection":["Gestions Hospitali\u00e8res","JuriSant\u00e9"],"inLanguage":"fr-FR"},{"@type":"WebPage","@id":"https:\/\/www.ricom-web8.com\/gestions\/le-groupement-territorial-social-et-medico-social-gtsms\/","url":"https:\/\/www.ricom-web8.com\/gestions\/le-groupement-territorial-social-et-medico-social-gtsms\/","name":"Le groupement territorial social et m\u00e9dico-social (GTSMS) - Gestions hospitali\u00e8res","isPartOf":{"@id":"https:\/\/www.ricom-web8.com\/gestions\/#website"},"datePublished":"2023-06-01T14:53:54+00:00","dateModified":"2023-07-13T08:51:47+00:00","breadcrumb":{"@id":"https:\/\/www.ricom-web8.com\/gestions\/le-groupement-territorial-social-et-medico-social-gtsms\/#breadcrumb"},"inLanguage":"fr-FR","potentialAction":[{"@type":"ReadAction","target":["https:\/\/www.ricom-web8.com\/gestions\/le-groupement-territorial-social-et-medico-social-gtsms\/"]}]},{"@type":"BreadcrumbList","@id":"https:\/\/www.ricom-web8.com\/gestions\/le-groupement-territorial-social-et-medico-social-gtsms\/#breadcrumb","itemListElement":[{"@type":"ListItem","position":1,"name":"Accueil","item":"https:\/\/www.ricom-web8.com\/gestions\/"},{"@type":"ListItem","position":2,"name":"Le groupement territorial social et m\u00e9dico-social (GTSMS)"}]},{"@type":"WebSite","@id":"https:\/\/www.ricom-web8.com\/gestions\/#website","url":"https:\/\/www.ricom-web8.com\/gestions\/","name":"Gestions hospitali\u00e8res","description":"la revue des d\u00e9cideurs hospitaliers","publisher":{"@id":"https:\/\/www.ricom-web8.com\/gestions\/#organization"},"potentialAction":[{"@type":"SearchAction","target":{"@type":"EntryPoint","urlTemplate":"https:\/\/www.ricom-web8.com\/gestions\/?s={search_term_string}"},"query-input":{"@type":"PropertyValueSpecification","valueRequired":true,"valueName":"search_term_string"}}],"inLanguage":"fr-FR"},{"@type":"Organization","@id":"https:\/\/www.ricom-web8.com\/gestions\/#organization","name":"Gestions hospitali\u00e8res","url":"https:\/\/www.ricom-web8.com\/gestions\/","logo":{"@type":"ImageObject","inLanguage":"fr-FR","@id":"https:\/\/www.ricom-web8.com\/gestions\/#\/schema\/logo\/image\/","url":"https:\/\/gestions-hospitalieres.fr\/wp-content\/uploads\/2017\/02\/picto_Gif-GH-trans.png","contentUrl":"https:\/\/gestions-hospitalieres.fr\/wp-content\/uploads\/2017\/02\/picto_Gif-GH-trans.png","width":512,"height":512,"caption":"Gestions hospitali\u00e8res"},"image":{"@id":"https:\/\/www.ricom-web8.com\/gestions\/#\/schema\/logo\/image\/"},"sameAs":["https:\/\/www.facebook.com\/gestionshospitalieres\/","https:\/\/x.com\/revue_GH","https:\/\/www.linkedin.com\/company\/gestions-hospitalieres?trk=top_nav_home"]},{"@type":"Person","@id":"https:\/\/www.ricom-web8.com\/gestions\/#\/schema\/person\/3ba9fe913190dfe9507feb621e902c1f","name":"Gestions hospitali\u00e8res","image":{"@type":"ImageObject","inLanguage":"fr-FR","@id":"https:\/\/www.ricom-web8.com\/gestions\/#\/schema\/person\/image\/","url":"https:\/\/secure.gravatar.com\/avatar\/1a0d93e6db5dbe7dac96bae4757d256f?s=96&d=mm&r=g","contentUrl":"https:\/\/secure.gravatar.com\/avatar\/1a0d93e6db5dbe7dac96bae4757d256f?s=96&d=mm&r=g","caption":"Gestions hospitali\u00e8res"},"url":"https:\/\/www.ricom-web8.com\/gestions\/author\/benjamin\/"}]}},"_links":{"self":[{"href":"https:\/\/www.ricom-web8.com\/gestions\/wp-json\/wp\/v2\/posts\/46727","targetHints":{"allow":["GET"]}}],"collection":[{"href":"https:\/\/www.ricom-web8.com\/gestions\/wp-json\/wp\/v2\/posts"}],"about":[{"href":"https:\/\/www.ricom-web8.com\/gestions\/wp-json\/wp\/v2\/types\/post"}],"author":[{"embeddable":true,"href":"https:\/\/www.ricom-web8.com\/gestions\/wp-json\/wp\/v2\/users\/23133"}],"replies":[{"embeddable":true,"href":"https:\/\/www.ricom-web8.com\/gestions\/wp-json\/wp\/v2\/comments?post=46727"}],"version-history":[{"count":1,"href":"https:\/\/www.ricom-web8.com\/gestions\/wp-json\/wp\/v2\/posts\/46727\/revisions"}],"predecessor-version":[{"id":46729,"href":"https:\/\/www.ricom-web8.com\/gestions\/wp-json\/wp\/v2\/posts\/46727\/revisions\/46729"}],"wp:attachment":[{"href":"https:\/\/www.ricom-web8.com\/gestions\/wp-json\/wp\/v2\/media?parent=46727"}],"wp:term":[{"taxonomy":"category","embeddable":true,"href":"https:\/\/www.ricom-web8.com\/gestions\/wp-json\/wp\/v2\/categories?post=46727"},{"taxonomy":"post_tag","embeddable":true,"href":"https:\/\/www.ricom-web8.com\/gestions\/wp-json\/wp\/v2\/tags?post=46727"}],"curies":[{"name":"wp","href":"https:\/\/api.w.org\/{rel}","templated":true}]}}