

{"id":46773,"date":"2023-06-01T17:13:43","date_gmt":"2023-06-01T15:13:43","guid":{"rendered":"https:\/\/gestions-hospitalieres.fr\/?p=46773"},"modified":"2023-07-13T10:51:55","modified_gmt":"2023-07-13T08:51:55","slug":"violences-conjugales","status":"publish","type":"post","link":"https:\/\/www.ricom-web8.com\/gestions\/violences-conjugales\/","title":{"rendered":"Violences conjugales"},"content":{"rendered":"<span class=\"span-reading-time rt-reading-time\" style=\"display: block;\"><span class=\"rt-label rt-prefix\">Temps de lecture\u00a0: <\/span> <span class=\"rt-time\"> 4<\/span> <span class=\"rt-label rt-postfix\">minutes<\/span><\/span><p>En 2021, en France, les services de police et unit\u00e9s de gendarmerie ont enregistr\u00e9 208\u2009000 victimes de violences commises par leur partenaire ou ex-partenaire, soit une augmentation de 21\u2009% par rapport \u00e0 2020<sup class=\"appel\" data-toggle=\"modal\" data-target=\"#notes\">(2)<\/sup>, ann\u00e9e pour laquelle les violences conjugales ont \u00e9t\u00e9, comme nous avions pu le craindre avec les confinements successifs, tristement d\u2019actualit\u00e9. En d\u00e9but d\u2019ann\u00e9e 2023, au CHU de Clermont-Ferrand, les \u00e9quipes des urgences adultes recensent une victime de violences conjugales toutes les semaines.<span class=\"Apple-converted-space\">\u00a0<\/span><\/p>\n<h1>La pr\u00e9plainte simplifi\u00e9e<\/h1>\n<p>Favoriser la r\u00e9v\u00e9lation des faits et l\u2019accompagnement des victimes, telle est l\u2019ambition affich\u00e9e, et l\u00e9gitime, de la lutte contre les violences conjugales. Dans le sillage du Grenelle contre les violences conjugales, le dispositif de la pr\u00e9plainte simplifi\u00e9e en est l\u2019une des parfaites illustrations. Innovation de la circulaire du garde des Sceaux du 9 mai 2019, la pr\u00e9plainte simplifi\u00e9e permet \u00e0 la victime qui se pr\u00e9sente aux urgences et qui indique avoir fait l\u2019objet de violences conjugales de remplir un formulaire qui est transmis directement aux services d\u2019enqu\u00eate. Ce formulaire recueille principalement l\u2019identit\u00e9 de la victime, ses coordonn\u00e9es, son lieu de domiciliation, l\u2019identit\u00e9 de l\u2019auteur pr\u00e9sum\u00e9 des faits, des pr\u00e9cisions \u00e9ventuelles sur un ou plusieurs auteurs et\/ou port d\u2019armes\u2026 La pr\u00e9plainte simplifi\u00e9e, qui doit \u00eatre dissoci\u00e9e du d\u00e9p\u00f4t de plainte <i>in situ<\/i>, permet de signaler, avec l\u2019accord de la victime, la situation aux services d\u2019enqu\u00eate afin de faciliter l\u2019enregistrement d\u2019une plainte par une convocation organis\u00e9e de la patiente, pouvant secondairement conduire \u00e0 la r\u00e9alisation de l\u2019examen m\u00e9dico-l\u00e9gal sur r\u00e9quisition judiciaire. Ce formulaire est rempli par la victime en pr\u00e9sence du professionnel de sant\u00e9 qui l\u2019accompagne. Le formulaire est ensuite num\u00e9ris\u00e9 via une solution num\u00e9rique, int\u00e9gr\u00e9 dans le dossier patient, puis transmis aux services de police ou de gendarmerie, en fonction de la zone concern\u00e9e<sup class=\"appel\" data-toggle=\"modal\" data-target=\"#notes\">(3)<\/sup>.<span class=\"Apple-converted-space\">\u00a0<\/span><\/p>\n<p>Le professionnel de sant\u00e9 endosse alors un r\u00f4le pr\u00e9gnant dans l\u2019accompagnement de la victime. Si affirmer qu\u2019il est concern\u00e9 par le ph\u00e9nom\u00e8ne des violences intrafamiliales para\u00eet d\u2019une \u00e9vidente banalit\u00e9, la mise en place de la pr\u00e9plainte a permis de r\u00e9pondre au d\u00e9fi majeur de la formation selon l\u2019enjeu de la fonction du professionnel de sant\u00e9. Au CHU de Clermont-Ferrand, des sessions de formation ont \u00e9t\u00e9 organis\u00e9es au plus pr\u00e8s des professionnels pour les sensibiliser aux violences conjugales et au syst\u00e8me de pr\u00e9plainte.<span class=\"Apple-converted-space\">\u00a0<\/span><\/p>\n<p>Depuis septembre 2022, ce dispositif de pr\u00e9plainte simplifi\u00e9e est d\u00e9ploy\u00e9 aux urgences gyn\u00e9cologiques-obst\u00e9tricales du site Estaing, lequel accueille une population vuln\u00e9rable aux violences conjugales\u2009: les femmes enceintes. S\u2019il a \u00e9t\u00e9 reconnu par la communaut\u00e9 m\u00e9dicale que la grossesse constituait un \u00e9v\u00e8nement d\u00e9clencheur ou aggravant des violences conjugales, cette vuln\u00e9rabilit\u00e9 entra\u00eene le plus souvent un signalement direct du professionnel de sant\u00e9 \u00e0 l\u2019autorit\u00e9 judiciaire, au d\u00e9triment de la pr\u00e9plainte simplifi\u00e9e qui, comme le d\u00e9p\u00f4t de plainte <i>in situ<\/i>, peut faire l\u2019objet de r\u00e9ticences de la part des victimes. En effet, ce dispositif n\u2019est pas syst\u00e9matiquement initi\u00e9 et il s\u2019inscrit davantage en compl\u00e9ment de l\u2019obligation des professionnels de r\u00e9aliser un signalement pour prot\u00e9ger les victimes. Enfin, et il est important de le souligner, l\u2019impact des violences conjugales sur les enfants, qui peuvent \u00eatre victimes directes ou indirectes, doit \u00eatre mentionn\u00e9 dans la pr\u00e9plainte par la victime. Rappelons que le fait que des mineurs soient confront\u00e9s \u00e0 des sc\u00e8nes de violences conjugales constitue une circonstance aggravante des violences au sein du couple<sup class=\"appel\" data-toggle=\"modal\" data-target=\"#notes\">(4)<\/sup>.<\/p>\n<h1>Un parcours compl\u00e9mentaire \u00e0 la pr\u00e9plainte simplifi\u00e9e<\/h1>\n<p>Depuis le 1<sup>er<\/sup> d\u00e9cembre 2022, un parcours compl\u00e9mentaire \u00e0 la pr\u00e9plainte simplifi\u00e9e a \u00e9t\u00e9 mis en place aux urgences du CHU de Clermont-Ferrand. Une semaine apr\u00e8s le d\u00e9pistage des violences, est propos\u00e9 aux victimes un rendez-vous avec des assistantes sociales, accompagn\u00e9es des intervenantes sociales en police et gendarmerie qui assurent des permanences aux urgences du CHU deux demi-journ\u00e9es par mois. La collaboration intervenantes sociales\/assistantes sociales\/\u00e9quipes soignantes des urgences est le fruit d\u2019un partenariat avec l\u2019Association victime \u00e9coute conseil (Avec) France Victimes 63. Ces temps de consultation, qui ne sont pas r\u00e9alis\u00e9s au moment du d\u00e9pistage des violences, ont pour objectif de d\u00e9passer la pr\u00e9plainte, dispositif pour lequel les professionnels de sant\u00e9 n\u2019ont pas la parfaite connaissance des suites qui sont donn\u00e9es. Par ce dispositif, la victime est invit\u00e9e \u00e0 se pr\u00e9senter une semaine apr\u00e8s son passage aux urgences et a l\u2019opportunit\u00e9 de rencontrer les assistantes sociales du CHU et les intervenantes sociales en police gendarmerie. La victime est inform\u00e9e de ses droits, quel que soit son positionnement quant \u00e0 la r\u00e9v\u00e9lation des faits aux services d\u2019enqu\u00eate ou autorit\u00e9s judiciaires, de sa possibilit\u00e9 de d\u00e9poser plainte ou de signaler les faits, et de b\u00e9n\u00e9ficier d\u2019un accompagnement pour le faire. Les victimes b\u00e9n\u00e9ficient d\u2019un lieu d\u2019\u00e9coute et d\u2019accompagnement dans lequel peuvent \u00eatre abord\u00e9s tous les sujets. C\u2019est le moment de faire un bilan sur leur situation et de leur faire des propositions d\u2019accompagnement, qui peuvent favoriser la d\u00e9marche d\u2019un \u00e9ventuel d\u00e9part du domicile ou une mise en s\u00e9curit\u00e9.<\/p>\n<h1>Conclusion<\/h1>\n<p>L\u2019appr\u00e9hension globale et efficace des violences commises au sein du couple impose une r\u00e9flexion, des dispositifs et des actions en lien avec de nombreux professionnels. Ambition port\u00e9e par le protocole mis en place \u00e0 Clermont-Ferrand, elle commande la mise en place d\u2019un continuum dans la prise en charge des victimes et leur accompagnement vers la r\u00e9v\u00e9lation des faits. C\u2019est ainsi que les professionnels de sant\u00e9, premiers maillons de la cha\u00eene, se situent au carrefour de nombreuses proc\u00e9dures dans le traitement des violences conjugales.<span class=\"Apple-converted-space\">\u00a0<\/span><\/p>\n<p>Mais le chemin est encore long, car malgr\u00e9 les campagnes d\u2019information et le travail remarquable des professionnels, les personnes victimes de violences conjugales d\u00e9posent plainte tr\u00e8s rarement. En 2022, dix-neuf pr\u00e9plaintes ont \u00e9t\u00e9 enregistr\u00e9es au CHU de Clermont-Ferrand. En France, quatre violences conjugales sur cinq ne feraient pas l\u2019objet d\u2019un d\u00e9p\u00f4t de plainte.<\/p>\n<script>function PlayerjsAsync(){} if(window[\"Playerjs\"]){PlayerjsAsync();}<\/script>","protected":false},"excerpt":{"rendered":"<p><span class=\"span-reading-time rt-reading-time\" style=\"display: block;\"><span class=\"rt-label rt-prefix\">Temps de lecture\u00a0: <\/span> <span class=\"rt-time\"> 4<\/span> <span class=\"rt-label rt-postfix\">minutes<\/span><\/span>En 2021, en France, les services de police et unit\u00e9s de gendarmerie ont enregistr\u00e9 208\u2009000 victimes de violences commises par leur partenaire ou ex-partenaire, soit une augmentation de 21\u2009% par rapport \u00e0 2020(2), ann\u00e9e pour laquelle les violences conjugales ont \u00e9t\u00e9, comme nous avions pu le craindre avec les confinements successifs, tristement d\u2019actualit\u00e9. En d\u00e9but d\u2019ann\u00e9e 2023, au CHU de Clermont-Ferrand, les \u00e9quipes des urgences adultes recensent une victime de&hellip; <\/p>\n","protected":false},"author":23133,"featured_media":0,"comment_status":"closed","ping_status":"closed","sticky":false,"template":"","format":"standard","meta":{"_acf_changed":false,"_relevanssi_hide_post":"","_relevanssi_hide_content":"","_relevanssi_pin_for_all":"","_relevanssi_pin_keywords":"","_relevanssi_unpin_keywords":"","_relevanssi_related_keywords":"","_relevanssi_related_include_ids":"","_relevanssi_related_exclude_ids":"","_relevanssi_related_no_append":"","_relevanssi_related_not_related":"","_relevanssi_related_posts":"","_relevanssi_noindex_reason":"","footnotes":""},"categories":[26,2],"tags":[8602,2201,9714,6936,9713],"class_list":["post-46773","post","type-post","status-publish","format-standard","hentry","category-dossier","category-gestions-hospitalieres","tag-chu-clermont-ferrand","tag-police","tag-preplainte","tag-victime","tag-violence-conjugale"],"acf":[],"yoast_head":"<!-- This site is optimized with the Yoast SEO plugin v24.8.1 - https:\/\/yoast.com\/wordpress\/plugins\/seo\/ -->\n<title>Violences conjugales - Gestions hospitali\u00e8res<\/title>\n<meta name=\"robots\" content=\"index, follow, max-snippet:-1, max-image-preview:large, max-video-preview:-1\" \/>\n<link rel=\"canonical\" href=\"https:\/\/www.ricom-web8.com\/gestions\/violences-conjugales\/\" \/>\n<meta property=\"og:locale\" content=\"fr_FR\" \/>\n<meta property=\"og:type\" content=\"article\" \/>\n<meta property=\"og:title\" content=\"Violences conjugales - Gestions hospitali\u00e8res\" \/>\n<meta property=\"og:description\" content=\"Temps de lecture\u00a0:  4 minutesEn 2021, en France, les services de police et unit\u00e9s de gendarmerie ont enregistr\u00e9 208\u2009000 victimes de violences commises par leur partenaire ou ex-partenaire, soit une augmentation de 21\u2009% par rapport \u00e0 2020(2), ann\u00e9e pour laquelle les violences conjugales ont \u00e9t\u00e9, comme nous avions pu le craindre avec les confinements successifs, tristement d\u2019actualit\u00e9. En d\u00e9but d\u2019ann\u00e9e 2023, au CHU de Clermont-Ferrand, les \u00e9quipes des urgences adultes recensent une victime de&hellip;\" \/>\n<meta property=\"og:url\" content=\"https:\/\/www.ricom-web8.com\/gestions\/violences-conjugales\/\" \/>\n<meta property=\"og:site_name\" content=\"Gestions hospitali\u00e8res\" \/>\n<meta property=\"article:publisher\" content=\"https:\/\/www.facebook.com\/gestionshospitalieres\/\" \/>\n<meta property=\"article:published_time\" content=\"2023-06-01T15:13:43+00:00\" \/>\n<meta property=\"article:modified_time\" content=\"2023-07-13T08:51:55+00:00\" \/>\n<meta name=\"author\" content=\"Gestions hospitali\u00e8res\" \/>\n<meta name=\"twitter:card\" content=\"summary_large_image\" \/>\n<meta name=\"twitter:creator\" content=\"@revue_GH\" \/>\n<meta name=\"twitter:site\" content=\"@revue_GH\" \/>\n<meta name=\"twitter:label1\" content=\"\u00c9crit par\" \/>\n\t<meta name=\"twitter:data1\" content=\"Gestions hospitali\u00e8res\" \/>\n\t<meta name=\"twitter:label2\" content=\"Dur\u00e9e de lecture estim\u00e9e\" \/>\n\t<meta name=\"twitter:data2\" content=\"5 minutes\" \/>\n<script type=\"application\/ld+json\" class=\"yoast-schema-graph\">{\"@context\":\"https:\/\/schema.org\",\"@graph\":[{\"@type\":\"Article\",\"@id\":\"https:\/\/www.ricom-web8.com\/gestions\/violences-conjugales\/#article\",\"isPartOf\":{\"@id\":\"https:\/\/www.ricom-web8.com\/gestions\/violences-conjugales\/\"},\"author\":{\"name\":\"Gestions hospitali\u00e8res\",\"@id\":\"https:\/\/www.ricom-web8.com\/gestions\/#\/schema\/person\/3ba9fe913190dfe9507feb621e902c1f\"},\"headline\":\"Violences conjugales\",\"datePublished\":\"2023-06-01T15:13:43+00:00\",\"dateModified\":\"2023-07-13T08:51:55+00:00\",\"mainEntityOfPage\":{\"@id\":\"https:\/\/www.ricom-web8.com\/gestions\/violences-conjugales\/\"},\"wordCount\":1080,\"publisher\":{\"@id\":\"https:\/\/www.ricom-web8.com\/gestions\/#organization\"},\"keywords\":[\"CHU Clermont-Ferrand\",\"police\",\"pr\u00e9plainte\",\"victime\",\"violence conjugale\"],\"articleSection\":[\"dossier\",\"Gestions Hospitali\u00e8res\"],\"inLanguage\":\"fr-FR\"},{\"@type\":\"WebPage\",\"@id\":\"https:\/\/www.ricom-web8.com\/gestions\/violences-conjugales\/\",\"url\":\"https:\/\/www.ricom-web8.com\/gestions\/violences-conjugales\/\",\"name\":\"Violences conjugales - Gestions hospitali\u00e8res\",\"isPartOf\":{\"@id\":\"https:\/\/www.ricom-web8.com\/gestions\/#website\"},\"datePublished\":\"2023-06-01T15:13:43+00:00\",\"dateModified\":\"2023-07-13T08:51:55+00:00\",\"breadcrumb\":{\"@id\":\"https:\/\/www.ricom-web8.com\/gestions\/violences-conjugales\/#breadcrumb\"},\"inLanguage\":\"fr-FR\",\"potentialAction\":[{\"@type\":\"ReadAction\",\"target\":[\"https:\/\/www.ricom-web8.com\/gestions\/violences-conjugales\/\"]}]},{\"@type\":\"BreadcrumbList\",\"@id\":\"https:\/\/www.ricom-web8.com\/gestions\/violences-conjugales\/#breadcrumb\",\"itemListElement\":[{\"@type\":\"ListItem\",\"position\":1,\"name\":\"Accueil\",\"item\":\"https:\/\/www.ricom-web8.com\/gestions\/\"},{\"@type\":\"ListItem\",\"position\":2,\"name\":\"Violences conjugales\"}]},{\"@type\":\"WebSite\",\"@id\":\"https:\/\/www.ricom-web8.com\/gestions\/#website\",\"url\":\"https:\/\/www.ricom-web8.com\/gestions\/\",\"name\":\"Gestions hospitali\u00e8res\",\"description\":\"la revue des d\u00e9cideurs hospitaliers\",\"publisher\":{\"@id\":\"https:\/\/www.ricom-web8.com\/gestions\/#organization\"},\"potentialAction\":[{\"@type\":\"SearchAction\",\"target\":{\"@type\":\"EntryPoint\",\"urlTemplate\":\"https:\/\/www.ricom-web8.com\/gestions\/?s={search_term_string}\"},\"query-input\":{\"@type\":\"PropertyValueSpecification\",\"valueRequired\":true,\"valueName\":\"search_term_string\"}}],\"inLanguage\":\"fr-FR\"},{\"@type\":\"Organization\",\"@id\":\"https:\/\/www.ricom-web8.com\/gestions\/#organization\",\"name\":\"Gestions hospitali\u00e8res\",\"url\":\"https:\/\/www.ricom-web8.com\/gestions\/\",\"logo\":{\"@type\":\"ImageObject\",\"inLanguage\":\"fr-FR\",\"@id\":\"https:\/\/www.ricom-web8.com\/gestions\/#\/schema\/logo\/image\/\",\"url\":\"https:\/\/gestions-hospitalieres.fr\/wp-content\/uploads\/2017\/02\/picto_Gif-GH-trans.png\",\"contentUrl\":\"https:\/\/gestions-hospitalieres.fr\/wp-content\/uploads\/2017\/02\/picto_Gif-GH-trans.png\",\"width\":512,\"height\":512,\"caption\":\"Gestions hospitali\u00e8res\"},\"image\":{\"@id\":\"https:\/\/www.ricom-web8.com\/gestions\/#\/schema\/logo\/image\/\"},\"sameAs\":[\"https:\/\/www.facebook.com\/gestionshospitalieres\/\",\"https:\/\/x.com\/revue_GH\",\"https:\/\/www.linkedin.com\/company\/gestions-hospitalieres?trk=top_nav_home\"]},{\"@type\":\"Person\",\"@id\":\"https:\/\/www.ricom-web8.com\/gestions\/#\/schema\/person\/3ba9fe913190dfe9507feb621e902c1f\",\"name\":\"Gestions hospitali\u00e8res\",\"image\":{\"@type\":\"ImageObject\",\"inLanguage\":\"fr-FR\",\"@id\":\"https:\/\/www.ricom-web8.com\/gestions\/#\/schema\/person\/image\/\",\"url\":\"https:\/\/secure.gravatar.com\/avatar\/1a0d93e6db5dbe7dac96bae4757d256f?s=96&d=mm&r=g\",\"contentUrl\":\"https:\/\/secure.gravatar.com\/avatar\/1a0d93e6db5dbe7dac96bae4757d256f?s=96&d=mm&r=g\",\"caption\":\"Gestions hospitali\u00e8res\"},\"url\":\"https:\/\/www.ricom-web8.com\/gestions\/author\/benjamin\/\"}]}<\/script>\n<!-- \/ Yoast SEO plugin. -->","yoast_head_json":{"title":"Violences conjugales - Gestions hospitali\u00e8res","robots":{"index":"index","follow":"follow","max-snippet":"max-snippet:-1","max-image-preview":"max-image-preview:large","max-video-preview":"max-video-preview:-1"},"canonical":"https:\/\/www.ricom-web8.com\/gestions\/violences-conjugales\/","og_locale":"fr_FR","og_type":"article","og_title":"Violences conjugales - Gestions hospitali\u00e8res","og_description":"Temps de lecture\u00a0:  4 minutesEn 2021, en France, les services de police et unit\u00e9s de gendarmerie ont enregistr\u00e9 208\u2009000 victimes de violences commises par leur partenaire ou ex-partenaire, soit une augmentation de 21\u2009% par rapport \u00e0 2020(2), ann\u00e9e pour laquelle les violences conjugales ont \u00e9t\u00e9, comme nous avions pu le craindre avec les confinements successifs, tristement d\u2019actualit\u00e9. En d\u00e9but d\u2019ann\u00e9e 2023, au CHU de Clermont-Ferrand, les \u00e9quipes des urgences adultes recensent une victime de&hellip;","og_url":"https:\/\/www.ricom-web8.com\/gestions\/violences-conjugales\/","og_site_name":"Gestions hospitali\u00e8res","article_publisher":"https:\/\/www.facebook.com\/gestionshospitalieres\/","article_published_time":"2023-06-01T15:13:43+00:00","article_modified_time":"2023-07-13T08:51:55+00:00","author":"Gestions hospitali\u00e8res","twitter_card":"summary_large_image","twitter_creator":"@revue_GH","twitter_site":"@revue_GH","twitter_misc":{"\u00c9crit par":"Gestions hospitali\u00e8res","Dur\u00e9e de lecture estim\u00e9e":"5 minutes"},"schema":{"@context":"https:\/\/schema.org","@graph":[{"@type":"Article","@id":"https:\/\/www.ricom-web8.com\/gestions\/violences-conjugales\/#article","isPartOf":{"@id":"https:\/\/www.ricom-web8.com\/gestions\/violences-conjugales\/"},"author":{"name":"Gestions hospitali\u00e8res","@id":"https:\/\/www.ricom-web8.com\/gestions\/#\/schema\/person\/3ba9fe913190dfe9507feb621e902c1f"},"headline":"Violences conjugales","datePublished":"2023-06-01T15:13:43+00:00","dateModified":"2023-07-13T08:51:55+00:00","mainEntityOfPage":{"@id":"https:\/\/www.ricom-web8.com\/gestions\/violences-conjugales\/"},"wordCount":1080,"publisher":{"@id":"https:\/\/www.ricom-web8.com\/gestions\/#organization"},"keywords":["CHU Clermont-Ferrand","police","pr\u00e9plainte","victime","violence conjugale"],"articleSection":["dossier","Gestions Hospitali\u00e8res"],"inLanguage":"fr-FR"},{"@type":"WebPage","@id":"https:\/\/www.ricom-web8.com\/gestions\/violences-conjugales\/","url":"https:\/\/www.ricom-web8.com\/gestions\/violences-conjugales\/","name":"Violences conjugales - Gestions hospitali\u00e8res","isPartOf":{"@id":"https:\/\/www.ricom-web8.com\/gestions\/#website"},"datePublished":"2023-06-01T15:13:43+00:00","dateModified":"2023-07-13T08:51:55+00:00","breadcrumb":{"@id":"https:\/\/www.ricom-web8.com\/gestions\/violences-conjugales\/#breadcrumb"},"inLanguage":"fr-FR","potentialAction":[{"@type":"ReadAction","target":["https:\/\/www.ricom-web8.com\/gestions\/violences-conjugales\/"]}]},{"@type":"BreadcrumbList","@id":"https:\/\/www.ricom-web8.com\/gestions\/violences-conjugales\/#breadcrumb","itemListElement":[{"@type":"ListItem","position":1,"name":"Accueil","item":"https:\/\/www.ricom-web8.com\/gestions\/"},{"@type":"ListItem","position":2,"name":"Violences conjugales"}]},{"@type":"WebSite","@id":"https:\/\/www.ricom-web8.com\/gestions\/#website","url":"https:\/\/www.ricom-web8.com\/gestions\/","name":"Gestions hospitali\u00e8res","description":"la revue des d\u00e9cideurs hospitaliers","publisher":{"@id":"https:\/\/www.ricom-web8.com\/gestions\/#organization"},"potentialAction":[{"@type":"SearchAction","target":{"@type":"EntryPoint","urlTemplate":"https:\/\/www.ricom-web8.com\/gestions\/?s={search_term_string}"},"query-input":{"@type":"PropertyValueSpecification","valueRequired":true,"valueName":"search_term_string"}}],"inLanguage":"fr-FR"},{"@type":"Organization","@id":"https:\/\/www.ricom-web8.com\/gestions\/#organization","name":"Gestions hospitali\u00e8res","url":"https:\/\/www.ricom-web8.com\/gestions\/","logo":{"@type":"ImageObject","inLanguage":"fr-FR","@id":"https:\/\/www.ricom-web8.com\/gestions\/#\/schema\/logo\/image\/","url":"https:\/\/gestions-hospitalieres.fr\/wp-content\/uploads\/2017\/02\/picto_Gif-GH-trans.png","contentUrl":"https:\/\/gestions-hospitalieres.fr\/wp-content\/uploads\/2017\/02\/picto_Gif-GH-trans.png","width":512,"height":512,"caption":"Gestions hospitali\u00e8res"},"image":{"@id":"https:\/\/www.ricom-web8.com\/gestions\/#\/schema\/logo\/image\/"},"sameAs":["https:\/\/www.facebook.com\/gestionshospitalieres\/","https:\/\/x.com\/revue_GH","https:\/\/www.linkedin.com\/company\/gestions-hospitalieres?trk=top_nav_home"]},{"@type":"Person","@id":"https:\/\/www.ricom-web8.com\/gestions\/#\/schema\/person\/3ba9fe913190dfe9507feb621e902c1f","name":"Gestions hospitali\u00e8res","image":{"@type":"ImageObject","inLanguage":"fr-FR","@id":"https:\/\/www.ricom-web8.com\/gestions\/#\/schema\/person\/image\/","url":"https:\/\/secure.gravatar.com\/avatar\/1a0d93e6db5dbe7dac96bae4757d256f?s=96&d=mm&r=g","contentUrl":"https:\/\/secure.gravatar.com\/avatar\/1a0d93e6db5dbe7dac96bae4757d256f?s=96&d=mm&r=g","caption":"Gestions hospitali\u00e8res"},"url":"https:\/\/www.ricom-web8.com\/gestions\/author\/benjamin\/"}]}},"_links":{"self":[{"href":"https:\/\/www.ricom-web8.com\/gestions\/wp-json\/wp\/v2\/posts\/46773","targetHints":{"allow":["GET"]}}],"collection":[{"href":"https:\/\/www.ricom-web8.com\/gestions\/wp-json\/wp\/v2\/posts"}],"about":[{"href":"https:\/\/www.ricom-web8.com\/gestions\/wp-json\/wp\/v2\/types\/post"}],"author":[{"embeddable":true,"href":"https:\/\/www.ricom-web8.com\/gestions\/wp-json\/wp\/v2\/users\/23133"}],"replies":[{"embeddable":true,"href":"https:\/\/www.ricom-web8.com\/gestions\/wp-json\/wp\/v2\/comments?post=46773"}],"version-history":[{"count":2,"href":"https:\/\/www.ricom-web8.com\/gestions\/wp-json\/wp\/v2\/posts\/46773\/revisions"}],"predecessor-version":[{"id":46776,"href":"https:\/\/www.ricom-web8.com\/gestions\/wp-json\/wp\/v2\/posts\/46773\/revisions\/46776"}],"wp:attachment":[{"href":"https:\/\/www.ricom-web8.com\/gestions\/wp-json\/wp\/v2\/media?parent=46773"}],"wp:term":[{"taxonomy":"category","embeddable":true,"href":"https:\/\/www.ricom-web8.com\/gestions\/wp-json\/wp\/v2\/categories?post=46773"},{"taxonomy":"post_tag","embeddable":true,"href":"https:\/\/www.ricom-web8.com\/gestions\/wp-json\/wp\/v2\/tags?post=46773"}],"curies":[{"name":"wp","href":"https:\/\/api.w.org\/{rel}","templated":true}]}}