

{"id":46933,"date":"2023-09-01T14:28:37","date_gmt":"2023-09-01T12:28:37","guid":{"rendered":"https:\/\/gestions-hospitalieres.fr\/?p=46933"},"modified":"2023-09-18T10:10:19","modified_gmt":"2023-09-18T08:10:19","slug":"premiere-selection-de-rentree","status":"publish","type":"post","link":"https:\/\/www.ricom-web8.com\/gestions\/premiere-selection-de-rentree\/","title":{"rendered":"Premi\u00e8re s\u00e9lection  de rentr\u00e9e"},"content":{"rendered":"<span class=\"span-reading-time rt-reading-time\" style=\"display: block;\"><span class=\"rt-label rt-prefix\">Temps de lecture\u00a0: <\/span> <span class=\"rt-time\"> 4<\/span> <span class=\"rt-label rt-postfix\">minutes<\/span><\/span><h1>Rose nuit<\/h1>\n<h2>Oscar Coop-Phane<\/h2>\n<p>C\u2019est beau une rose. Une belle rose rouge achet\u00e9e chez son fleuriste pr\u00e9f\u00e9r\u00e9\u2026 Mais apr\u00e8s la lecture de ce livre, toutes les roses du commerce ont un tout autre visage.<\/p>\n<p>Celui de Nana, jeune \u00c9thiopienne qui, au p\u00e9ril de sa sant\u00e9, travaille dans une de ces serres o\u00f9 les produits chimiques d\u00e9truisent les corps et la pauvret\u00e9 les \u00e2mes.<\/p>\n<p>Celui d\u2019Ali, vendeur \u00e0 la sauvette, venu \u00e0 Paris \u00e9couler les stocks de roses invendues de Rungis, profitant de l\u2019ivresse des fins de soir\u00e9e pour trouver des acheteurs potentiels \u00e0 la terrasse des bars. Il a laiss\u00e9 femme et enfant au Bangladesh, r\u00eavant de papiers fran\u00e7ais et de retrouvailles familiales dans un appartement de banlieue.<\/p>\n<p>Celui de Jan, qui devrait \u00eatre heureux, enfant de la classe moyenne belge, \u00e9tudiant en commerce qui d\u00e9croche son premier emploi \u00e0 la bourse aux fleurs d\u2019Amsterdam, o\u00f9 tout est question de prix, de volume, de marge. Sauf que Jan n\u2019est pas heureux. Il est seul. Il confond r\u00e9ussite sociale et bonheur, et se laisse bercer par la factice joie des copains de promo qui inondent les r\u00e9seaux sociaux de futiles r\u00e9ussites.<\/p>\n<p>La rose <i>Sorbet Avalanche<\/i> parcourt le livre et le monde, entre celle qui la taille, celui qui l\u2019ach\u00e8te en gros, par erreur, et celui qui pourrait la vendre. Oscar Coop-Phone, comme toujours, d\u2019une plume qui fonce \u00e0 l\u2019utile sans s\u2019encombrer de pages pour jouer au romancier de volume, touche du doigt le beau et le banal, le tragique de l\u2019existence.<\/p>\n<p><strong><i>Grasset, ao\u00fbt\u202f2023, 162 pages, 18\u202f\u20ac<\/i><\/strong><\/p>\n<p><img decoding=\"async\" class=\"alignnone wp-image-46934 size-medium\" src=\"https:\/\/gestions-hospitalieres.fr\/wp-content\/uploads\/2023\/09\/Capture-decran-2023-09-11-a-14.33.49-189x300.jpg\" alt=\"\" width=\"189\" height=\"300\" srcset=\"https:\/\/www.ricom-web8.com\/gestions\/wp-content\/uploads\/2023\/09\/Capture-decran-2023-09-11-a-14.33.49-189x300.jpg 189w, https:\/\/www.ricom-web8.com\/gestions\/wp-content\/uploads\/2023\/09\/Capture-decran-2023-09-11-a-14.33.49.jpg 631w\" sizes=\"(max-width: 189px) 100vw, 189px\" \/><\/p>\n<h1>Ma m\u00e8re en toutes choses<\/h1>\n<h2>Ludivine Ribeiro<\/h2>\n<p>Je me suis lass\u00e9 des livres des autrices et des auteurs qui \u00e9crivent sur leur vie. Il y en a tant et tant qui nous racontent le malheur de leur existence qu\u2019en ouvrant <i>Ma m\u00e8re en toutes choses,<\/i> j\u2019ai d\u2019abord pens\u00e9 \u00ab\u2009encore un\u2009\u00bb et n\u2019avais pas l\u2019intention d\u2019en poursuivre longtemps la lecture. Sauf qu\u2019il faut se d\u00e9barrasser des pr\u00e9jug\u00e9s avec un livre.<\/p>\n<p>Ludivine Ribeiro ne fait pas un livre de plus\u2009: elle nous livre un condens\u00e9 de po\u00e9sie. De petites choses. \u00ab\u2009On oublie de demander les choses. Il faudrait sans cesse poser des questions.\u2009\u00bb<\/p>\n<p>La m\u00e8re de l\u2019autrice est morte. Et tout lui revient. Ce qu\u2019elle aimait, ce qu\u2019elle cuisinait, les moments de vie, les fleurs, ces petites choses qui reviennent en m\u00e9moire, ce que l\u2019on aurait d\u00fb faire, que l\u2019on n\u2019a pas fait, pas demand\u00e9 tant qu\u2019il \u00e9tait encore temps.<\/p>\n<p>La diff\u00e9rence entre un livre de plus et un livre qui touche, c\u2019est qu\u2019il va au-del\u00e0 du t\u00e9moignage\u2009: sa plume est universelle.<\/p>\n<p><strong><i>Arl\u00e9a, ao\u00fbt\u202f2023, 264 pages, 20\u202f\u20ac<\/i><\/strong><\/p>\n<p><img decoding=\"async\" class=\"alignnone wp-image-46935 size-medium\" src=\"https:\/\/gestions-hospitalieres.fr\/wp-content\/uploads\/2023\/09\/ma_me_re_en_toutes_choses_couv_hd-abd80-183x300.jpeg\" alt=\"\" width=\"183\" height=\"300\" srcset=\"https:\/\/www.ricom-web8.com\/gestions\/wp-content\/uploads\/2023\/09\/ma_me_re_en_toutes_choses_couv_hd-abd80-183x300.jpeg 183w, https:\/\/www.ricom-web8.com\/gestions\/wp-content\/uploads\/2023\/09\/ma_me_re_en_toutes_choses_couv_hd-abd80.jpeg 244w\" sizes=\"(max-width: 183px) 100vw, 183px\" \/><\/p>\n<h1>Vie et mort de Vernon Sullivan<\/h1>\n<h2>Dimitri Kantcheloff<\/h2>\n<p>Boris Vian avait affirm\u00e9 \u00e0 un \u00e9diteur pouvoir \u00e9crire un <i>best-seller<\/i> en dix jours sous un pseudonyme. Na\u00eet Vernon Sullivan, auteur factice et officiellement traduit par Vian de <i>J\u2019irais cracher sur vos tombes<\/i>. Et le scandale fut. Moins rapide qu\u2019esp\u00e9r\u00e9, plus proc\u00e9durier aussi. Dimitri Kantcheloff retrace la part maudite de Vian\u2009: les livres qui ne se vendent pas lorsque le scandale est absent, la boulimie productive de l\u2019homme qui se sait condamn\u00e9. L\u2019auteur reconstitue l\u2019ambiance du Saint-Germain de l\u2019apr\u00e8s-guerre et de ses figures intellectuelles et litt\u00e9raires, et aborde ce qui \u00e9tait d\u00e9j\u00e0 la bataille pour les prix litt\u00e9raires. C\u2019est fluide, passionnant et original\u2009: un plaisir de lecture.<\/p>\n<p><strong><i>Finitude, ao\u00fbt\u202f2023, 176 pages, 17,50\u202f\u20ac<\/i><\/strong><\/p>\n<p><img decoding=\"async\" class=\"alignnone wp-image-46936 size-medium\" src=\"https:\/\/gestions-hospitalieres.fr\/wp-content\/uploads\/2023\/09\/Couv-Vie-et-mort-de-Vernon-Sullivan-203x300.jpeg\" alt=\"\" width=\"203\" height=\"300\" srcset=\"https:\/\/www.ricom-web8.com\/gestions\/wp-content\/uploads\/2023\/09\/Couv-Vie-et-mort-de-Vernon-Sullivan-203x300.jpeg 203w, https:\/\/www.ricom-web8.com\/gestions\/wp-content\/uploads\/2023\/09\/Couv-Vie-et-mort-de-Vernon-Sullivan.jpeg 540w\" sizes=\"(max-width: 203px) 100vw, 203px\" \/><\/p>\n<h1>Les femmes de Bidibidi<\/h1>\n<h2>Charline Effah<\/h2>\n<p>Minga est une enfant qui subit les violences que son p\u00e8re inflige \u00e0 sa m\u00e8re. Minga dont la m\u00e8re, Jos\u00e9phine, a fui le domicile conjugal. Minga n\u2019a jamais revu sa m\u00e8re. Jos\u00e9phine, infirmi\u00e8re, a rejoint un camp de r\u00e9fugi\u00e9s au Soudan du sud pour y aider les femmes. Minga part \u00e0 sa recherche \u00e0 Bidibidi, dans le village 10. Rose, Mo\u00efse, Veronica, Jane\u2026 d\u00e9crivent le quotidien des femmes d\u00e9plac\u00e9es, viol\u00e9es, humili\u00e9es. L\u00e0 o\u00f9 \u00ab\u2009la mis\u00e8re est une maladie bien trop contagieuse\u2009\u00bb. Minga ne reverra jamais sa m\u00e8re mais r\u00e9sonnent en elle \u00ab\u2009les voix des femmes de Bidibidi\u2009\u00bb.<\/p>\n<p>Christine Effah nous offre un livre bouleversant. \u00ab\u2009La violence ne se soucie pas de la couleur des femmes. Tout ce qu\u2019elle engendre, ce sont des corps en souffrance.\u2009\u00bb<\/p>\n<p><strong><i>\u00c9ditions Emmanuelle Collas, ao\u00fbt\u202f2023, 228 pages, 19\u202f\u20ac<\/i><\/strong><\/p>\n<p><img decoding=\"async\" class=\"alignnone wp-image-46937 size-medium\" src=\"https:\/\/gestions-hospitalieres.fr\/wp-content\/uploads\/2023\/09\/Les-Femmes-de-Bidibidi-197x300.jpeg\" alt=\"\" width=\"197\" height=\"300\" srcset=\"https:\/\/www.ricom-web8.com\/gestions\/wp-content\/uploads\/2023\/09\/Les-Femmes-de-Bidibidi-197x300.jpeg 197w, https:\/\/www.ricom-web8.com\/gestions\/wp-content\/uploads\/2023\/09\/Les-Femmes-de-Bidibidi.jpeg 400w\" sizes=\"(max-width: 197px) 100vw, 197px\" \/><\/p>\n<h1>Mississippi<\/h1>\n<h2>Sophie G. Lucas<\/h2>\n<p>Nous aimons les \u00e9ditions La Contre All\u00e9e, alors lire leur titre de rentr\u00e9e \u00e9tait un passage oblig\u00e9. Il faut \u00eatre honn\u00eate\u2009: <i>Mississippi<\/i> n\u2019est pas une entr\u00e9e simple en mati\u00e8re litt\u00e9raire. C\u2019est un texte exigeant. La plume de Sophie G. Lucas ne galope pas\u2009: elle accroche, elle tape, elle renvoie aux cicatrices des existences. Elle oblige \u00e0 des pauses, \u00e0 accepter les coupures dans les vies. <i>Mississippi,<\/i> c\u2019est la transmission inconsciente, une suite, au-del\u00e0 des \u00eatres de quelque chose qui nous \u00e9chappe. Alors oui, il convient de pr\u00e9venir\u2009: on ne lit pas ce livre comme n\u2019importe quel livre. Mais lorsqu\u2019on trouve le chemin qui nous conduit dans une saga de 1839 \u00e0 nos jours, on le suit sans parvenir \u00e0 le quitter.<\/p>\n<p><i>La Contre All\u00e9e, ao\u00fbt\u202f2023, 192 pages, 18\u202f\u20ac<\/i><\/p>\n<p><img decoding=\"async\" class=\"alignnone wp-image-46938 size-medium\" src=\"https:\/\/gestions-hospitalieres.fr\/wp-content\/uploads\/2023\/09\/mississippi_couv_c1-pdf-213x300.jpeg\" alt=\"\" width=\"213\" height=\"300\" srcset=\"https:\/\/www.ricom-web8.com\/gestions\/wp-content\/uploads\/2023\/09\/mississippi_couv_c1-pdf-213x300.jpeg 213w, https:\/\/www.ricom-web8.com\/gestions\/wp-content\/uploads\/2023\/09\/mississippi_couv_c1-pdf.jpeg 680w\" sizes=\"(max-width: 213px) 100vw, 213px\" \/><\/p>\n<script>function PlayerjsAsync(){} if(window[\"Playerjs\"]){PlayerjsAsync();}<\/script>","protected":false},"excerpt":{"rendered":"<p><span class=\"span-reading-time rt-reading-time\" style=\"display: block;\"><span class=\"rt-label rt-prefix\">Temps de lecture\u00a0: <\/span> <span class=\"rt-time\"> 4<\/span> <span class=\"rt-label rt-postfix\">minutes<\/span><\/span>Rose nuit Oscar Coop-Phane C\u2019est beau une rose. Une belle rose rouge achet\u00e9e chez son fleuriste pr\u00e9f\u00e9r\u00e9\u2026 Mais apr\u00e8s la lecture de ce livre, toutes les roses du commerce ont un tout autre visage. Celui de Nana, jeune \u00c9thiopienne qui, au p\u00e9ril de sa sant\u00e9, travaille dans une de ces serres o\u00f9 les produits chimiques d\u00e9truisent les corps et la pauvret\u00e9 les \u00e2mes. Celui d\u2019Ali, vendeur \u00e0 la sauvette, venu&hellip; <\/p>\n","protected":false},"author":23133,"featured_media":0,"comment_status":"closed","ping_status":"closed","sticky":false,"template":"","format":"standard","meta":{"_acf_changed":false,"_relevanssi_hide_post":"","_relevanssi_hide_content":"","_relevanssi_pin_for_all":"","_relevanssi_pin_keywords":"","_relevanssi_unpin_keywords":"","_relevanssi_related_keywords":"","_relevanssi_related_include_ids":"","_relevanssi_related_exclude_ids":"","_relevanssi_related_no_append":"","_relevanssi_related_not_related":"","_relevanssi_related_posts":"","_relevanssi_noindex_reason":"","footnotes":""},"categories":[2,6515],"tags":[],"class_list":["post-46933","post","type-post","status-publish","format-standard","hentry","category-gestions-hospitalieres","category-livres"],"acf":[],"yoast_head":"<!-- This site is optimized with the Yoast SEO plugin v24.8.1 - https:\/\/yoast.com\/wordpress\/plugins\/seo\/ -->\n<title>Premi\u00e8re s\u00e9lection de rentr\u00e9e - Gestions hospitali\u00e8res<\/title>\n<meta name=\"robots\" content=\"index, follow, max-snippet:-1, max-image-preview:large, max-video-preview:-1\" \/>\n<link rel=\"canonical\" href=\"https:\/\/www.ricom-web8.com\/gestions\/premiere-selection-de-rentree\/\" \/>\n<meta property=\"og:locale\" content=\"fr_FR\" \/>\n<meta property=\"og:type\" content=\"article\" \/>\n<meta property=\"og:title\" content=\"Premi\u00e8re s\u00e9lection de rentr\u00e9e - Gestions hospitali\u00e8res\" \/>\n<meta property=\"og:description\" content=\"Temps de lecture\u00a0:  4 minutesRose nuit Oscar Coop-Phane C\u2019est beau une rose. Une belle rose rouge achet\u00e9e chez son fleuriste pr\u00e9f\u00e9r\u00e9\u2026 Mais apr\u00e8s la lecture de ce livre, toutes les roses du commerce ont un tout autre visage. Celui de Nana, jeune \u00c9thiopienne qui, au p\u00e9ril de sa sant\u00e9, travaille dans une de ces serres o\u00f9 les produits chimiques d\u00e9truisent les corps et la pauvret\u00e9 les \u00e2mes. Celui d\u2019Ali, vendeur \u00e0 la sauvette, venu&hellip;\" \/>\n<meta property=\"og:url\" content=\"https:\/\/www.ricom-web8.com\/gestions\/premiere-selection-de-rentree\/\" \/>\n<meta property=\"og:site_name\" content=\"Gestions hospitali\u00e8res\" \/>\n<meta property=\"article:publisher\" content=\"https:\/\/www.facebook.com\/gestionshospitalieres\/\" \/>\n<meta property=\"article:published_time\" content=\"2023-09-01T12:28:37+00:00\" \/>\n<meta property=\"article:modified_time\" content=\"2023-09-18T08:10:19+00:00\" \/>\n<meta property=\"og:image\" content=\"https:\/\/gestions-hospitalieres.fr\/wp-content\/uploads\/2023\/09\/Capture-decran-2023-09-11-a-14.33.49-189x300.jpg\" \/>\n<meta name=\"author\" content=\"Gestions hospitali\u00e8res\" \/>\n<meta name=\"twitter:card\" content=\"summary_large_image\" \/>\n<meta name=\"twitter:creator\" content=\"@revue_GH\" \/>\n<meta name=\"twitter:site\" content=\"@revue_GH\" \/>\n<meta name=\"twitter:label1\" content=\"\u00c9crit par\" \/>\n\t<meta name=\"twitter:data1\" content=\"Gestions hospitali\u00e8res\" \/>\n\t<meta name=\"twitter:label2\" content=\"Dur\u00e9e de lecture estim\u00e9e\" \/>\n\t<meta name=\"twitter:data2\" content=\"6 minutes\" \/>\n<script type=\"application\/ld+json\" class=\"yoast-schema-graph\">{\"@context\":\"https:\/\/schema.org\",\"@graph\":[{\"@type\":\"Article\",\"@id\":\"https:\/\/www.ricom-web8.com\/gestions\/premiere-selection-de-rentree\/#article\",\"isPartOf\":{\"@id\":\"https:\/\/www.ricom-web8.com\/gestions\/premiere-selection-de-rentree\/\"},\"author\":{\"name\":\"Gestions hospitali\u00e8res\",\"@id\":\"https:\/\/www.ricom-web8.com\/gestions\/#\/schema\/person\/3ba9fe913190dfe9507feb621e902c1f\"},\"headline\":\"Premi\u00e8re s\u00e9lection de rentr\u00e9e\",\"datePublished\":\"2023-09-01T12:28:37+00:00\",\"dateModified\":\"2023-09-18T08:10:19+00:00\",\"mainEntityOfPage\":{\"@id\":\"https:\/\/www.ricom-web8.com\/gestions\/premiere-selection-de-rentree\/\"},\"wordCount\":905,\"publisher\":{\"@id\":\"https:\/\/www.ricom-web8.com\/gestions\/#organization\"},\"image\":{\"@id\":\"https:\/\/www.ricom-web8.com\/gestions\/premiere-selection-de-rentree\/#primaryimage\"},\"thumbnailUrl\":\"https:\/\/gestions-hospitalieres.fr\/wp-content\/uploads\/2023\/09\/Capture-decran-2023-09-11-a-14.33.49-189x300.jpg\",\"articleSection\":[\"Gestions Hospitali\u00e8res\",\"livres\"],\"inLanguage\":\"fr-FR\"},{\"@type\":\"WebPage\",\"@id\":\"https:\/\/www.ricom-web8.com\/gestions\/premiere-selection-de-rentree\/\",\"url\":\"https:\/\/www.ricom-web8.com\/gestions\/premiere-selection-de-rentree\/\",\"name\":\"Premi\u00e8re s\u00e9lection de rentr\u00e9e - Gestions hospitali\u00e8res\",\"isPartOf\":{\"@id\":\"https:\/\/www.ricom-web8.com\/gestions\/#website\"},\"primaryImageOfPage\":{\"@id\":\"https:\/\/www.ricom-web8.com\/gestions\/premiere-selection-de-rentree\/#primaryimage\"},\"image\":{\"@id\":\"https:\/\/www.ricom-web8.com\/gestions\/premiere-selection-de-rentree\/#primaryimage\"},\"thumbnailUrl\":\"https:\/\/gestions-hospitalieres.fr\/wp-content\/uploads\/2023\/09\/Capture-decran-2023-09-11-a-14.33.49-189x300.jpg\",\"datePublished\":\"2023-09-01T12:28:37+00:00\",\"dateModified\":\"2023-09-18T08:10:19+00:00\",\"breadcrumb\":{\"@id\":\"https:\/\/www.ricom-web8.com\/gestions\/premiere-selection-de-rentree\/#breadcrumb\"},\"inLanguage\":\"fr-FR\",\"potentialAction\":[{\"@type\":\"ReadAction\",\"target\":[\"https:\/\/www.ricom-web8.com\/gestions\/premiere-selection-de-rentree\/\"]}]},{\"@type\":\"ImageObject\",\"inLanguage\":\"fr-FR\",\"@id\":\"https:\/\/www.ricom-web8.com\/gestions\/premiere-selection-de-rentree\/#primaryimage\",\"url\":\"https:\/\/gestions-hospitalieres.fr\/wp-content\/uploads\/2023\/09\/Capture-decran-2023-09-11-a-14.33.49-189x300.jpg\",\"contentUrl\":\"https:\/\/gestions-hospitalieres.fr\/wp-content\/uploads\/2023\/09\/Capture-decran-2023-09-11-a-14.33.49-189x300.jpg\"},{\"@type\":\"BreadcrumbList\",\"@id\":\"https:\/\/www.ricom-web8.com\/gestions\/premiere-selection-de-rentree\/#breadcrumb\",\"itemListElement\":[{\"@type\":\"ListItem\",\"position\":1,\"name\":\"Accueil\",\"item\":\"https:\/\/www.ricom-web8.com\/gestions\/\"},{\"@type\":\"ListItem\",\"position\":2,\"name\":\"Premi\u00e8re s\u00e9lection de rentr\u00e9e\"}]},{\"@type\":\"WebSite\",\"@id\":\"https:\/\/www.ricom-web8.com\/gestions\/#website\",\"url\":\"https:\/\/www.ricom-web8.com\/gestions\/\",\"name\":\"Gestions hospitali\u00e8res\",\"description\":\"la revue des d\u00e9cideurs hospitaliers\",\"publisher\":{\"@id\":\"https:\/\/www.ricom-web8.com\/gestions\/#organization\"},\"potentialAction\":[{\"@type\":\"SearchAction\",\"target\":{\"@type\":\"EntryPoint\",\"urlTemplate\":\"https:\/\/www.ricom-web8.com\/gestions\/?s={search_term_string}\"},\"query-input\":{\"@type\":\"PropertyValueSpecification\",\"valueRequired\":true,\"valueName\":\"search_term_string\"}}],\"inLanguage\":\"fr-FR\"},{\"@type\":\"Organization\",\"@id\":\"https:\/\/www.ricom-web8.com\/gestions\/#organization\",\"name\":\"Gestions hospitali\u00e8res\",\"url\":\"https:\/\/www.ricom-web8.com\/gestions\/\",\"logo\":{\"@type\":\"ImageObject\",\"inLanguage\":\"fr-FR\",\"@id\":\"https:\/\/www.ricom-web8.com\/gestions\/#\/schema\/logo\/image\/\",\"url\":\"https:\/\/gestions-hospitalieres.fr\/wp-content\/uploads\/2017\/02\/picto_Gif-GH-trans.png\",\"contentUrl\":\"https:\/\/gestions-hospitalieres.fr\/wp-content\/uploads\/2017\/02\/picto_Gif-GH-trans.png\",\"width\":512,\"height\":512,\"caption\":\"Gestions hospitali\u00e8res\"},\"image\":{\"@id\":\"https:\/\/www.ricom-web8.com\/gestions\/#\/schema\/logo\/image\/\"},\"sameAs\":[\"https:\/\/www.facebook.com\/gestionshospitalieres\/\",\"https:\/\/x.com\/revue_GH\",\"https:\/\/www.linkedin.com\/company\/gestions-hospitalieres?trk=top_nav_home\"]},{\"@type\":\"Person\",\"@id\":\"https:\/\/www.ricom-web8.com\/gestions\/#\/schema\/person\/3ba9fe913190dfe9507feb621e902c1f\",\"name\":\"Gestions hospitali\u00e8res\",\"image\":{\"@type\":\"ImageObject\",\"inLanguage\":\"fr-FR\",\"@id\":\"https:\/\/www.ricom-web8.com\/gestions\/#\/schema\/person\/image\/\",\"url\":\"https:\/\/secure.gravatar.com\/avatar\/1a0d93e6db5dbe7dac96bae4757d256f?s=96&d=mm&r=g\",\"contentUrl\":\"https:\/\/secure.gravatar.com\/avatar\/1a0d93e6db5dbe7dac96bae4757d256f?s=96&d=mm&r=g\",\"caption\":\"Gestions hospitali\u00e8res\"},\"url\":\"https:\/\/www.ricom-web8.com\/gestions\/author\/benjamin\/\"}]}<\/script>\n<!-- \/ Yoast SEO plugin. -->","yoast_head_json":{"title":"Premi\u00e8re s\u00e9lection de rentr\u00e9e - Gestions hospitali\u00e8res","robots":{"index":"index","follow":"follow","max-snippet":"max-snippet:-1","max-image-preview":"max-image-preview:large","max-video-preview":"max-video-preview:-1"},"canonical":"https:\/\/www.ricom-web8.com\/gestions\/premiere-selection-de-rentree\/","og_locale":"fr_FR","og_type":"article","og_title":"Premi\u00e8re s\u00e9lection de rentr\u00e9e - Gestions hospitali\u00e8res","og_description":"Temps de lecture\u00a0:  4 minutesRose nuit Oscar Coop-Phane C\u2019est beau une rose. Une belle rose rouge achet\u00e9e chez son fleuriste pr\u00e9f\u00e9r\u00e9\u2026 Mais apr\u00e8s la lecture de ce livre, toutes les roses du commerce ont un tout autre visage. Celui de Nana, jeune \u00c9thiopienne qui, au p\u00e9ril de sa sant\u00e9, travaille dans une de ces serres o\u00f9 les produits chimiques d\u00e9truisent les corps et la pauvret\u00e9 les \u00e2mes. Celui d\u2019Ali, vendeur \u00e0 la sauvette, venu&hellip;","og_url":"https:\/\/www.ricom-web8.com\/gestions\/premiere-selection-de-rentree\/","og_site_name":"Gestions hospitali\u00e8res","article_publisher":"https:\/\/www.facebook.com\/gestionshospitalieres\/","article_published_time":"2023-09-01T12:28:37+00:00","article_modified_time":"2023-09-18T08:10:19+00:00","og_image":[{"url":"https:\/\/gestions-hospitalieres.fr\/wp-content\/uploads\/2023\/09\/Capture-decran-2023-09-11-a-14.33.49-189x300.jpg","type":"","width":"","height":""}],"author":"Gestions hospitali\u00e8res","twitter_card":"summary_large_image","twitter_creator":"@revue_GH","twitter_site":"@revue_GH","twitter_misc":{"\u00c9crit par":"Gestions hospitali\u00e8res","Dur\u00e9e de lecture estim\u00e9e":"6 minutes"},"schema":{"@context":"https:\/\/schema.org","@graph":[{"@type":"Article","@id":"https:\/\/www.ricom-web8.com\/gestions\/premiere-selection-de-rentree\/#article","isPartOf":{"@id":"https:\/\/www.ricom-web8.com\/gestions\/premiere-selection-de-rentree\/"},"author":{"name":"Gestions hospitali\u00e8res","@id":"https:\/\/www.ricom-web8.com\/gestions\/#\/schema\/person\/3ba9fe913190dfe9507feb621e902c1f"},"headline":"Premi\u00e8re s\u00e9lection de rentr\u00e9e","datePublished":"2023-09-01T12:28:37+00:00","dateModified":"2023-09-18T08:10:19+00:00","mainEntityOfPage":{"@id":"https:\/\/www.ricom-web8.com\/gestions\/premiere-selection-de-rentree\/"},"wordCount":905,"publisher":{"@id":"https:\/\/www.ricom-web8.com\/gestions\/#organization"},"image":{"@id":"https:\/\/www.ricom-web8.com\/gestions\/premiere-selection-de-rentree\/#primaryimage"},"thumbnailUrl":"https:\/\/gestions-hospitalieres.fr\/wp-content\/uploads\/2023\/09\/Capture-decran-2023-09-11-a-14.33.49-189x300.jpg","articleSection":["Gestions Hospitali\u00e8res","livres"],"inLanguage":"fr-FR"},{"@type":"WebPage","@id":"https:\/\/www.ricom-web8.com\/gestions\/premiere-selection-de-rentree\/","url":"https:\/\/www.ricom-web8.com\/gestions\/premiere-selection-de-rentree\/","name":"Premi\u00e8re s\u00e9lection de rentr\u00e9e - Gestions hospitali\u00e8res","isPartOf":{"@id":"https:\/\/www.ricom-web8.com\/gestions\/#website"},"primaryImageOfPage":{"@id":"https:\/\/www.ricom-web8.com\/gestions\/premiere-selection-de-rentree\/#primaryimage"},"image":{"@id":"https:\/\/www.ricom-web8.com\/gestions\/premiere-selection-de-rentree\/#primaryimage"},"thumbnailUrl":"https:\/\/gestions-hospitalieres.fr\/wp-content\/uploads\/2023\/09\/Capture-decran-2023-09-11-a-14.33.49-189x300.jpg","datePublished":"2023-09-01T12:28:37+00:00","dateModified":"2023-09-18T08:10:19+00:00","breadcrumb":{"@id":"https:\/\/www.ricom-web8.com\/gestions\/premiere-selection-de-rentree\/#breadcrumb"},"inLanguage":"fr-FR","potentialAction":[{"@type":"ReadAction","target":["https:\/\/www.ricom-web8.com\/gestions\/premiere-selection-de-rentree\/"]}]},{"@type":"ImageObject","inLanguage":"fr-FR","@id":"https:\/\/www.ricom-web8.com\/gestions\/premiere-selection-de-rentree\/#primaryimage","url":"https:\/\/gestions-hospitalieres.fr\/wp-content\/uploads\/2023\/09\/Capture-decran-2023-09-11-a-14.33.49-189x300.jpg","contentUrl":"https:\/\/gestions-hospitalieres.fr\/wp-content\/uploads\/2023\/09\/Capture-decran-2023-09-11-a-14.33.49-189x300.jpg"},{"@type":"BreadcrumbList","@id":"https:\/\/www.ricom-web8.com\/gestions\/premiere-selection-de-rentree\/#breadcrumb","itemListElement":[{"@type":"ListItem","position":1,"name":"Accueil","item":"https:\/\/www.ricom-web8.com\/gestions\/"},{"@type":"ListItem","position":2,"name":"Premi\u00e8re s\u00e9lection de rentr\u00e9e"}]},{"@type":"WebSite","@id":"https:\/\/www.ricom-web8.com\/gestions\/#website","url":"https:\/\/www.ricom-web8.com\/gestions\/","name":"Gestions hospitali\u00e8res","description":"la revue des d\u00e9cideurs hospitaliers","publisher":{"@id":"https:\/\/www.ricom-web8.com\/gestions\/#organization"},"potentialAction":[{"@type":"SearchAction","target":{"@type":"EntryPoint","urlTemplate":"https:\/\/www.ricom-web8.com\/gestions\/?s={search_term_string}"},"query-input":{"@type":"PropertyValueSpecification","valueRequired":true,"valueName":"search_term_string"}}],"inLanguage":"fr-FR"},{"@type":"Organization","@id":"https:\/\/www.ricom-web8.com\/gestions\/#organization","name":"Gestions hospitali\u00e8res","url":"https:\/\/www.ricom-web8.com\/gestions\/","logo":{"@type":"ImageObject","inLanguage":"fr-FR","@id":"https:\/\/www.ricom-web8.com\/gestions\/#\/schema\/logo\/image\/","url":"https:\/\/gestions-hospitalieres.fr\/wp-content\/uploads\/2017\/02\/picto_Gif-GH-trans.png","contentUrl":"https:\/\/gestions-hospitalieres.fr\/wp-content\/uploads\/2017\/02\/picto_Gif-GH-trans.png","width":512,"height":512,"caption":"Gestions hospitali\u00e8res"},"image":{"@id":"https:\/\/www.ricom-web8.com\/gestions\/#\/schema\/logo\/image\/"},"sameAs":["https:\/\/www.facebook.com\/gestionshospitalieres\/","https:\/\/x.com\/revue_GH","https:\/\/www.linkedin.com\/company\/gestions-hospitalieres?trk=top_nav_home"]},{"@type":"Person","@id":"https:\/\/www.ricom-web8.com\/gestions\/#\/schema\/person\/3ba9fe913190dfe9507feb621e902c1f","name":"Gestions hospitali\u00e8res","image":{"@type":"ImageObject","inLanguage":"fr-FR","@id":"https:\/\/www.ricom-web8.com\/gestions\/#\/schema\/person\/image\/","url":"https:\/\/secure.gravatar.com\/avatar\/1a0d93e6db5dbe7dac96bae4757d256f?s=96&d=mm&r=g","contentUrl":"https:\/\/secure.gravatar.com\/avatar\/1a0d93e6db5dbe7dac96bae4757d256f?s=96&d=mm&r=g","caption":"Gestions hospitali\u00e8res"},"url":"https:\/\/www.ricom-web8.com\/gestions\/author\/benjamin\/"}]}},"_links":{"self":[{"href":"https:\/\/www.ricom-web8.com\/gestions\/wp-json\/wp\/v2\/posts\/46933","targetHints":{"allow":["GET"]}}],"collection":[{"href":"https:\/\/www.ricom-web8.com\/gestions\/wp-json\/wp\/v2\/posts"}],"about":[{"href":"https:\/\/www.ricom-web8.com\/gestions\/wp-json\/wp\/v2\/types\/post"}],"author":[{"embeddable":true,"href":"https:\/\/www.ricom-web8.com\/gestions\/wp-json\/wp\/v2\/users\/23133"}],"replies":[{"embeddable":true,"href":"https:\/\/www.ricom-web8.com\/gestions\/wp-json\/wp\/v2\/comments?post=46933"}],"version-history":[{"count":3,"href":"https:\/\/www.ricom-web8.com\/gestions\/wp-json\/wp\/v2\/posts\/46933\/revisions"}],"predecessor-version":[{"id":47030,"href":"https:\/\/www.ricom-web8.com\/gestions\/wp-json\/wp\/v2\/posts\/46933\/revisions\/47030"}],"wp:attachment":[{"href":"https:\/\/www.ricom-web8.com\/gestions\/wp-json\/wp\/v2\/media?parent=46933"}],"wp:term":[{"taxonomy":"category","embeddable":true,"href":"https:\/\/www.ricom-web8.com\/gestions\/wp-json\/wp\/v2\/categories?post=46933"},{"taxonomy":"post_tag","embeddable":true,"href":"https:\/\/www.ricom-web8.com\/gestions\/wp-json\/wp\/v2\/tags?post=46933"}],"curies":[{"name":"wp","href":"https:\/\/api.w.org\/{rel}","templated":true}]}}