

{"id":47082,"date":"2023-10-01T13:57:15","date_gmt":"2023-10-01T11:57:15","guid":{"rendered":"https:\/\/gestions-hospitalieres.fr\/?p=47082"},"modified":"2023-10-30T10:10:40","modified_gmt":"2023-10-30T09:10:40","slug":"collaboration-entre-soignants-et-designers","status":"publish","type":"post","link":"https:\/\/www.ricom-web8.com\/gestions\/collaboration-entre-soignants-et-designers\/","title":{"rendered":"Collaboration entre soignants et designers"},"content":{"rendered":"<span class=\"span-reading-time rt-reading-time\" style=\"display: block;\"><span class=\"rt-label rt-prefix\">Temps de lecture\u00a0: <\/span> <span class=\"rt-time\"> 12<\/span> <span class=\"rt-label rt-postfix\">minutes<\/span><\/span><h1>La sp\u00e9cificit\u00e9 du design<\/h1>\n<p>Afin d\u2019\u00e9tudier les apports des designers en milieu hospitalier, il convient d\u2019abord de mettre en lumi\u00e8re la sp\u00e9cificit\u00e9 de l\u2019approche par le design. Les designers pratiquent une discipline qui a pour particularit\u00e9 d\u2019allier th\u00e9orie et pratique. Reliant la main et l\u2019esprit<sup>\u2009<\/sup>[1], le design se situe, en effet, \u00e0 la jonction du dessin et du dessein. Le maniement habile de cette dualit\u00e9 fait l\u2019essence et la richesse de la d\u00e9marche pratiqu\u00e9e par le design. D\u00e9marche dont la sp\u00e9cificit\u00e9 est de proposer, en partant d\u2019un terrain sp\u00e9cifique, des mat\u00e9rialisations et solutions concr\u00e8tes s\u2019appuyant sur l\u2019observation dynamique des conditions de celui-ci. Ce rapport sp\u00e9cifique au terrain est \u00e9galement un \u00e9l\u00e9ment permettant de distinguer l\u2019approche des designers d\u2019autres avec lesquelles elle est souvent confondue. En tant que discipline concevant des objets et des services, le design est souvent compar\u00e9 \u00e0 l\u2019ing\u00e9nierie. Cependant, le rapport au terrain des designers est sensiblement diff\u00e9rent de celui des ing\u00e9nieurs. Ces derniers con\u00e7oivent leurs projets \u00e0 partir de cahiers des charges d\u00e9j\u00e0 formalis\u00e9s, tandis que les designers arrivent sur leurs terrains en acceptant de ne pas ma\u00eetriser tout ce qu\u2019ils vont d\u00e9couvrir, et l\u2019impact que cela aura sur les solutions propos\u00e9es. Par ailleurs, les pratiques des designers se distinguent aussi des pratiques artistiques. Alors que les artistes se focalisent sur la dimension esth\u00e9tique de leurs productions et produisent des imaginaires singuliers, les designers, quant \u00e0 eux, bien que prenant en compte le facteur esth\u00e9tique durant le processus de conception, ne se limitent pas \u00e0 celui-ci. Ils s\u2019inscrivent dans une d\u00e9marche plus englobante visant \u00e0 prendre en consid\u00e9ration la multiplicit\u00e9 des dimensions de leur terrain<sup>\u2009<\/sup>[2] et \u00e0 mettre au centre de leur d\u00e9marche les usagers eux-m\u00eames (patients, aidants, m\u00e9decins, agents d\u2019entretien, familles\u2026, nombreuses sont les parties prenantes du soin qui peuvent amener leurs v\u00e9cus pour am\u00e9liorer les situations \u00e9tudi\u00e9es).<\/p>\n<p>L\u2019importance accord\u00e9e au terrain par les designers peut \u00e9galement conduire \u00e0 rapprocher la pratique du design de celle des sciences sociales. Depuis les ann\u00e9es 1980, la <i>design ethnography<\/i><sup>\u2009<\/sup>[3] s\u2019est diss\u00e9min\u00e9e dans la plupart des projets de conception en design, si bien qu\u2019une appropriation particuli\u00e8re du vocabulaire et des outils des pratiques ethnographiques s\u2019en est suivie. Ainsi, les designers peuvent \u00eatre amen\u00e9s \u00e0 r\u00e9aliser, durant la phase consacr\u00e9e \u00e0 la recherche utilisateur, des observations ethnographiques<sup>\u2009<\/sup>[4] qui aident les designers \u00e0 comprendre les besoins des usagers, \u00e0 \u00e9valuer l\u2019impact d\u2019une id\u00e9e ou encore \u00e0 stimuler l\u2019exp\u00e9rimentation de nouveaux objets et pratiques dans des contextes particuliers. L\u2019observation et l\u2019entretien sont des m\u00e9thodologies pratiqu\u00e9es dans le but de produire l\u2019immersion des designers au sein des probl\u00e9matiques et des ressentis des acteurs de terrain. Cependant, les designers doivent faire face \u00e0 des contraintes temporelles strictes et ne peuvent d\u00e9ployer dans toute leur ampleur les m\u00e9thodes ethnographiques mises en \u0153uvre par les ethnographes de profession. Les designers s\u2019approprient plut\u00f4t ces m\u00e9thodologies sous une forme heuristique et m\u00ealent diff\u00e9rentes approches en fonction de la r\u00e9alit\u00e9 du terrain. Les designers d\u00e9veloppent des \u00ab\u2009strat\u00e9gies de mixage\u2009\u00bb sur leur terrain, concevant des formes de \u00ab\u2009bricolage m\u00e9thodologique<sup>\u2009<\/sup>[3]\u2009\u00bb pour traduire les observations de terrain en un travail de cr\u00e9ation. Cette traduction s\u2019effectue de mani\u00e8re it\u00e9rative, en vue d\u2019observer un mouvement de va-et-vient entre les observations et les activit\u00e9s de cr\u00e9ation et de conception. Dans cette perspective, les designers interviennent comme des \u00ab\u2009traducteurs de terrain\u2009\u00bb ou des \u00ab\u2009ambassadeurs des usagers<sup>\u2009<\/sup>[4]\u2009\u00bb.<span class=\"Apple-converted-space\">\u00a0<\/span><\/p>\n<h1>Particularit\u00e9s du design pratiqu\u00e9 dans le milieu hospitalier<span class=\"Apple-converted-space\">\u00a0<\/span><\/h1>\n<p>Si le design, de par ses capacit\u00e9s d\u2019immersion ethnographiques, peut facilement s\u2019adapter aux particularit\u00e9s des milieux hospitaliers \u2013 ce qui permet aux designers de proposer des objets et des services capables de produire de v\u00e9ritables transformations de ces milieux \u2013, c\u2019est l\u2019int\u00e9gration de la valeur soin dans la gen\u00e8se des projets, d\u00e8s leur conception, qui consacre sa singularit\u00e9. L\u2019agence de design Les Sismo<sup class=\"appel\" data-toggle=\"modal\" data-target=\"#notes\">(1)<\/sup> a amorc\u00e9 depuis 2015 un virage m\u00e9thodologique inspir\u00e9 des \u00e9thiques du <i>care<\/i>, l\u2019ayant conduit \u00e0 d\u00e9velopper la notion de <i>design with care<\/i>, notion qui vise \u00e0 inscrire les pratiques de l\u2019agence, justement, dans l\u2019horizon du soin. Le concept de <i>care<\/i>, plus vaste que celui de sant\u00e9, s\u2019inscrit dans le champ du design dans la mesure o\u00f9 il implique de penser la n\u00e9cessit\u00e9 de soigner les liens d\u2019interd\u00e9pendance et de responsabilit\u00e9 au sein des organisations.<span class=\"Apple-converted-space\">\u00a0<\/span><\/p>\n<p>R\u00e9unissant des patients, des soignants et des administrateurs, les h\u00f4pitaux sont des organisations pouvant \u00eatre d\u00e9finies comme des \u00ab\u2009\u2009entit\u00e9s regroupant des humains en vue d\u2019atteindre certains objectifs<sup>\u2009<\/sup>[5]\u2009\u00bb, dont le concept de <i>care<\/i> peut rendre compte. Abord\u00e9es dans la perspective du care, les orientations strictement gestionnaires de certaines organisations m\u00e9dicales peuvent \u00eatre revues et corrig\u00e9es par des interventions de <i>design with care<\/i>, de fa\u00e7on que celles-ci retrouvent la vocation de soin qui \u00e9tait la leur au d\u00e9part. Ce faisant, les syst\u00e8mes de croyances et de valeurs des designers inform\u00e9s par les th\u00e9ories du <i>care<\/i> peuvent venir soutenir, voire compl\u00e9ter celles d\u00e9fendues par les soignants et le milieu hospitalier. Ces valeurs peuvent devenir des missions et se r\u00e9aliser au niveau institutionnel.<span class=\"Apple-converted-space\">\u00a0<\/span><\/p>\n<p>Le groupe hospitalier universitaire Paris Psychiatrie &amp; Neurosciences et les H\u00f4pitaux universitaires de Strasbourg ont, par exemple, inscrit comme mission institutionnelle premi\u00e8re l\u2019hospitalit\u00e9<sup>\u2009<\/sup>[6]. Cette mission s\u2019est mat\u00e9rialis\u00e9e par la cr\u00e9ation d\u2019un laboratoire interne d\u2019exp\u00e9rimentation en design. Ces initiatives prouvent que les pratiques conjointes des designers et des soignants dans les milieux hospitaliers peuvent se retrouver autour d\u2019un id\u00e9al\u2009\u2009: celui de la valeur du soin.<span class=\"Apple-converted-space\">\u00a0<\/span><\/p>\n<p>Le <i>design with care<\/i>, \u00e0 la crois\u00e9e du design et du <i>care<\/i>, est une approche de coconception qui pense la cr\u00e9ation d\u2019objets, de services et de lieux en fonction de leur capacit\u00e9 \u00e0 venir r\u00e9parer ou renforcer des liens d\u2019interd\u00e9pendance. Une telle conception repose notamment sur l\u2019\u00e9tude des diff\u00e9rentes vuln\u00e9rabilit\u00e9s en pr\u00e9sence et de leurs impacts sur les relations.<span class=\"Apple-converted-space\">\u00a0<\/span><\/p>\n<p>La notion de <i>care<\/i> a \u00e9t\u00e9 d\u00e9velopp\u00e9e par la psychologue Carol\u00a0Gilligan dans le cadre d\u2019une \u00e9tude cherchant \u00e0 mettre en \u00e9vidence le caract\u00e8re diff\u00e9renci\u00e9 et genr\u00e9 des crit\u00e8res utilis\u00e9s par de jeunes hommes et de jeunes femmes ayant \u00e0 faire un choix moral. Cette \u00e9tude lui a permis de montrer que l\u00e0 o\u00f9 les hommes mettaient en avant des crit\u00e8res abstraits d\u2019efficacit\u00e9 ou d\u2019\u00e9quit\u00e9, les femmes pr\u00e9f\u00e9raient agir selon des motivations altruistes et pr\u00e9server la qualit\u00e9 des interactions sociales<sup>\u2009<\/sup>[7]. Dans le prolongement de cette \u00e9tude s\u00e9minale sur le <i>care<\/i>, la politologue Joan\u00a0Tronto s\u2019est propos\u00e9 d\u2019explorer la notion de <i>care<\/i> dans le champ de la philosophie politique en la d\u00e9finissant comme \u00ab\u2009une activit\u00e9 g\u00e9n\u00e9rique qui comprend tout ce que nous faisons pour maintenir, perp\u00e9tuer et r\u00e9parer notre \u201cmonde\u201d, de sorte que nous puissions y vivre aussi bien que possible. Ce monde comprend nos corps, nous-m\u00eames et notre environnement, tous \u00e9l\u00e9ments que nous cherchons \u00e0 relier en un r\u00e9seau complexe, en soutien \u00e0 la vie<sup>\u2009<\/sup>[8]\u2009\u00bb.<span class=\"Apple-converted-space\">\u00a0<\/span><\/p>\n<p>Aujourd\u2019hui, force est de constater que le milieu hospitalier se retrouve pris entre deux logiques quasi antith\u00e9tiques. La premi\u00e8re, qui rel\u00e8ve du <i>care<\/i>, et dont la mission est de soigner des sujets dont la perte de vitalit\u00e9 rend la vuln\u00e9rabilit\u00e9 centrale. Et une autre, plus rationaliste, qui vise \u00e0 optimiser le temps et les co\u00fbts, en rendant l\u2019institution hospitali\u00e8re plus rentable. Or, si ces deux approches ne sont pas forc\u00e9ment incompatibles, elles deviennent bien souvent contradictoires. En effet, les contradictions entre <i>care<\/i> et gestion deviennent chaque jour un peu plus visibles, que ce soit au travers des t\u00e9moignages r\u00e9currents de maltraitance et de violence hospitali\u00e8re\u2009; ou bien \u00e0 travers les <i>burn-out<\/i> des professionnels de sant\u00e9 toujours plus nombreux. D\u00e8s lors, d\u00e9ployer une approche de <i>design with care<\/i> qui valorise la prise en compte des \u00e9tats de vuln\u00e9rabilit\u00e9 de l\u2019ensemble des acteurs ouvre sur la possibilit\u00e9 d\u2019une transformation bien plus profonde du sens que prend le soin dans le milieu m\u00e9dical.<span class=\"Apple-converted-space\">\u00a0<\/span><\/p>\n<p>Apr\u00e8s avoir reconnu la vuln\u00e9rabilit\u00e9, encore faut-il pouvoir y r\u00e9pondre. Bien s\u00fbr, la reconnaissance de la vuln\u00e9rabilit\u00e9 n\u2019est pas sp\u00e9cifique au <i>design with care<\/i>. Depuis son origine, le design s\u2019est efforc\u00e9 de prendre en compte dans sa pratique la fragilit\u00e9 des personnes et des environnements. N\u00e9anmoins, le <i>design with care<\/i> a mis l\u2019accent plus fortement encore sur cette dimension du design en y r\u00e9introduisant une composante intentionnellement \u00e9thique et philosophique. Nous pouvons aussi noter que l\u2019aspect insaisissable du design, notamment la difficult\u00e9 que nous avons \u00e0 trouver une d\u00e9finition unique du design (se faufilant toujours dans les interstices des m\u00e9tiers de la cr\u00e9ation et de la conception), participe \u00e0 la force de cette pratique. Bien que proche de l\u2019art et de l\u2019ing\u00e9nierie, le design s\u2019en diff\u00e9rencie, tout comme le <i>design with care<\/i> se diff\u00e9rencie des modes utilitaristes de conception en design ordinaire, et ce quel que soit l\u2019environnement dans lequel le projet en <i>design with care<\/i> se concr\u00e9tise. C\u2019est pourquoi, d\u2019ailleurs, les designers pratiquant le <i>design with care<\/i> ont des \u00ab\u2009modes de pens\u00e9e design\u2009\u00bb (<i>designerly ways of knowing<\/i>) qui sont compatibles avec ceux que mettent en \u0153uvre les soignants en milieu hospitalier. Comme le souligne le chercheur en design Nigel Cross, le travail des designers, et plus encore des <i>designers with care<\/i>, ne repose pas sur un examen prolong\u00e9 des probl\u00e8mes<sup>\u2009<\/sup>[9], mais sur une valorisation de la pratique et de l\u2019empathie leur permettant de r\u00e9soudre des probl\u00e8mes durant le processus m\u00eame de conception, et de produire rapidement des solutions satisfaisantes. De la m\u00eame mani\u00e8re, les soignants sont soumis \u00e0 des contraintes temporelles et doivent r\u00e9soudre des probl\u00e8mes pratiques sur le terrain. Car le soin implique parfois pour les soignants de faire face \u00e0 l\u2019urgence de la maladie. Tout comme les designers, les soignants ne disposent pas toujours du temps n\u00e9cessaire pour \u00e9tudier les probl\u00e8mes auxquels ils sont confront\u00e9s de mani\u00e8re exhaustive. Ils doivent faire preuve de strat\u00e9gies.<span class=\"Apple-converted-space\">\u00a0<\/span><\/p>\n<p>Toutefois, il est important de le souligner, les conditions dans lesquelles les strat\u00e9gies de terrain se construisent en milieu hospitalier sont bien souvent extr\u00eamement difficiles \u00e0 man\u0153uvrer\u2009; que l\u2019on pense ici au manque de moyens mat\u00e9riels et financiers, \u00e0 la tension permanente entre le temps pass\u00e9 avec les patients et le nombre de t\u00e2ches \u00e0 accomplir, ou bien encore \u00e0 l\u2019exigence de conformation stricte aux protocoles m\u00e9dicaux en vigueur. Aux prises avec ces difficult\u00e9s, les designers n\u2019arrivent pas toujours \u00e0 trouver des solutions \u00e0 la fois \u00e9thiques et soignantes. Mais c\u2019est aussi \u00e0 l\u2019endroit m\u00eame de cette difficult\u00e9, de cette tension entre d\u00e9ficit de soin r\u00e9el et exigence \u00e9thique, que la d\u00e9marche <i>design with care<\/i> prend tout son sens. Une telle approche du design permet aux designers de s\u2019approprier les valeurs et id\u00e9aux du milieu hospitalier, et aux soignants d\u2019apprendre des pratiques des designers, notamment en int\u00e9grant les patients dans la coconception des strat\u00e9gies de soin<sup>\u2009<\/sup>[11].<span class=\"Apple-converted-space\">\u00a0<\/span><\/p>\n<p>Le projet men\u00e9 par la Chaire de Philosophie \u00e0 l\u2019h\u00f4pital au GHU Paris Psychiatrie &amp; Neurosciences, en partenariat avec les designers des Sismo, qui visait \u00e0 repenser les dispositifs de contention \u00e0 partir du concept de \u00ab\u2009contenance volontaire\u2009\u00bb, constitue un bon exemple de <i>design with care<\/i>. Ce projet a mobilis\u00e9 les comp\u00e9tences acad\u00e9miques, professionnelles et exp\u00e9rientielles de diff\u00e9rents acteurs \u2013 soignants, patients, chercheurs et designers \u2013 pour imaginer et tester des dispositifs capables de produire des formes de contention incluant les patients comme d\u00e9cideurs. Autrement dit, des formes de contentions \u00e0 l\u2019oppos\u00e9 des protocoles d\u2019immobilisation qui en sont la r\u00e8gle. Les exp\u00e9riences de l\u2019ensemble des parties prenantes ont \u00e9t\u00e9 recueillies et int\u00e9gr\u00e9es au projet, tant celles des usagers de la psychiatrie que des soignants et des proches aidants. Tous ont particip\u00e9 aux diff\u00e9rentes phases de la conception et se sont appropri\u00e9 l\u2019exp\u00e9rimentation des dispositifs de contenance. Le projet, en tant que projet de design, a mobilis\u00e9 plusieurs types de savoirs. Les savoirs et savoir-faire des professionnels soignants ont \u00e9t\u00e9 enrichis par des apports acad\u00e9miques et par les exp\u00e9riences pratiques des usagers. Ces diff\u00e9rents savoirs, pratiques et th\u00e9oriques, sont au c\u0153ur de la d\u00e9marche du design. L\u2019acculturation des soignants aux m\u00e9thodes du <i>design with care<\/i> s\u2019est montr\u00e9e un atout important dans la r\u00e9orientation de leurs strat\u00e9gies de terrain envers la valeur du soin. Ce qui nous conduit \u00e0 penser que si des formations aux m\u00e9thodes du design \u00e9taient dispens\u00e9es au personnel soignant, ces formations permettraient une mont\u00e9e en comp\u00e9tence globale des \u00e9quipes<sup>\u2009<\/sup>[11]. Le projet autour de la contention t\u00e9moigne de l\u2019\u00e9mergence d\u2019une r\u00e9flexivit\u00e9 des \u00e9quipes soignantes quant \u00e0 leurs pratiques et \u00e0 leur identit\u00e9 professionnelle, mais aussi quant \u00e0 l\u2019usage que ces \u00e9quipes font de certaines m\u00e9thodes de soin.<span class=\"Apple-converted-space\">\u00a0<\/span><\/p>\n<p>De fait, les rencontres entre designers, soignants et patients lors d\u2019exp\u00e9rimentations <i>in situ<\/i> ont produit des collectifs m\u00ealant diff\u00e9rents acteurs, et donc diff\u00e9rentes comp\u00e9tences et points de vue. Avec l\u2019aide des designers, les \u00e9quipes hospitali\u00e8res ont appris \u00e0 collaborer diff\u00e9remment. Les outils et m\u00e9thodologies du design modifient la pratique des \u00e9quipes, qui se coordonnent d\u00e8s lors d\u2019une mani\u00e8re nouvelle, cr\u00e9ant ainsi une nouvelle approche holistique du soin La coop\u00e9ration entre soignants et designers dans le milieu hospitalier implique que les fonctions d\u2019acteurs aux statuts diff\u00e9rents se m\u00ealent. Nous empruntons au psychiatre Jean\u00a0Oury la distinction entre statut et fonction car celle-ci nous permet de mettre en \u00e9vidence que la fonction soignante est partag\u00e9e par des personnes de statuts tr\u00e8s diff\u00e9rents<sup>\u2009<\/sup>[12]. Les personnes qui n\u2019ont pas le statut qui pr\u00e9dispose \u00e0 la fonction soignante peuvent d\u00e8s lors en avoir la fonction, \u00e0 l\u2019instar des responsables des services d\u2019hygi\u00e8ne \u00e0 l\u2019h\u00f4pital qui, interrog\u00e9s sur les impacts des dispositifs m\u00e9dicaux, cherchent \u00e0 produire un avis pratique sur la valeur de soin \u00e0 partir de l\u2019expertise qui leur est propre. Ce faisant, ils s\u2019engagent dans le <i>care<\/i>.<span class=\"Apple-converted-space\">\u00a0<\/span><\/p>\n<p>Lors d\u2019entretiens men\u00e9s durant la phase exploratoire des projets de design, les designers en milieu hospitalier peuvent remplir une fonction ma\u00efeutique aupr\u00e8s des patients en recueillant leur parole. C\u2019est ainsi que les designers qui sont intervenus dans le projet autour de la contention ont particip\u00e9 \u00e0 une lib\u00e9ration de la parole. La reconnaissance de l\u2019expertise des patients par les soignants constitue un apport majeur de l\u2019appropriation des m\u00e9thodes du <i>design with care<\/i> par les soignants. \u00c0 travers les outils du design, tels que la constitution de cartographies d\u2019acteurs, les entretiens ou les ateliers d\u2019id\u00e9ation, les soignants peuvent r\u00e9fl\u00e9chir davantage sur la valeur du soin, plut\u00f4t qu\u2019au fait de rendre efficace les protocoles existants. Les soignants sont d\u00e8s lors invit\u00e9s \u00e0 reconna\u00eetre l\u2019expertise des patients et \u00e0 l\u2019int\u00e9grer dans la conception m\u00eame des \u00e9volutions de leurs pratiques\u2009[11].<span class=\"Apple-converted-space\">\u00a0<\/span><\/p>\n<p>Cependant, il est important de remarquer que l\u2019entr\u00e9e de l\u2019approche du design en psychiatrie ne s\u2019est pas faite sans difficult\u00e9s. En effet, il est difficile de mener des entretiens ethnographiques longs dans des milieux o\u00f9 les patients se fatiguent vite, et o\u00f9 le test des dispositifs s\u2019av\u00e8re lui aussi complexe. Outre cela, la sensibilit\u00e9 des donn\u00e9es en psychiatrie et les r\u00e8gles applicables en mati\u00e8re de confidentialit\u00e9 constituent \u00e9galement un frein \u00e0 leur exploitation et \u00e0 leur partage. Ainsi, les perceptions de la valeur de soin d\u2019un dispositif par les designers et les soignants se retrouvent parfois minor\u00e9es par le manque de donn\u00e9es quantitatives.<\/p>\n<figure id=\"attachment_47084\" aria-describedby=\"caption-attachment-47084\" style=\"width: 285px\" class=\"wp-caption alignnone\"><img decoding=\"async\" class=\"wp-image-47084 size-medium\" src=\"https:\/\/gestions-hospitalieres.fr\/wp-content\/uploads\/2023\/10\/Capture-decran-2023-10-24-a-14.11.43-285x300.jpg\" alt=\"\" width=\"285\" height=\"300\" srcset=\"https:\/\/www.ricom-web8.com\/gestions\/wp-content\/uploads\/2023\/10\/Capture-decran-2023-10-24-a-14.11.43-285x300.jpg 285w, https:\/\/www.ricom-web8.com\/gestions\/wp-content\/uploads\/2023\/10\/Capture-decran-2023-10-24-a-14.11.43-768x809.jpg 768w, https:\/\/www.ricom-web8.com\/gestions\/wp-content\/uploads\/2023\/10\/Capture-decran-2023-10-24-a-14.11.43.jpg 949w\" sizes=\"(max-width: 285px) 100vw, 285px\" \/><figcaption id=\"caption-attachment-47084\" class=\"wp-caption-text\">Dispositif de contenance par parcours verbalo-sensoriel en test<\/figcaption><\/figure>\n<h1>Les r\u00e9ponses qui peuvent \u00eatre obtenues<\/h1>\n<p>Les sciences biom\u00e9dicales, \u00e0 l\u2019origine des techniques de soin, op\u00e8rent traditionnellement la recherche du <i>cure<\/i> \u00e0 travers l\u2019obtention de preuves scientifiques objectives, constitu\u00e9es de marqueurs quantitatifs homog\u00e8nes\u2009; alors que l\u2019exigence du <i>care<\/i>, en tant que \u00ab\u2009prendre soin\u2009\u00bb, consid\u00e8re le v\u00e9cu subjectif comme le point de d\u00e9part de la conception des pratiques de soin. D\u00e8s lors, pour faire \u00e9merger des strat\u00e9gies nouvelles pouvant r\u00e9pondre aux d\u00e9fis que l\u2019on rencontre dans le milieu m\u00e9dical, la collaboration entre soignants et designers est une opportunit\u00e9 de faire travailler les m\u00e9thodes du design et les sciences et outils reconnus dans le soin. Le design en milieu hospitalier se donne ainsi pour t\u00e2che de concevoir, dans une perspective humaniste du soin, de nouveaux modes d\u2019agencement et de savoir-faire existants, appuy\u00e9s sur des preuves scientifiques homog\u00e8nes.<\/p>\n<p>Aujourd\u2019hui, l\u2019ensemble des protocoles m\u00e9dicaux est cadr\u00e9 par une science o\u00f9 l\u2019<i>evidence-based medicine<\/i> (EBM) est de r\u00e8gle. Cela implique que les dispositifs propos\u00e9s en exp\u00e9rimentation en milieu hospitalier sont syst\u00e9matiquement confront\u00e9s \u00e0 l\u2019exigence de preuve d\u2019efficacit\u00e9<sup>\u2009<\/sup>[6]. \u00c0 la question de la preuve, le design applique la m\u00e9thodologie des preuves de concept (<i>proof of concept<\/i>) qui repose sur la d\u00e9monstration de la faisabilit\u00e9 d\u2019une solution \u00e0 partir de l\u2019exp\u00e9rimentation. Bien qu\u2019elle rel\u00e8ve du design, cette logique de preuve par d\u00e9monstration se trouve aussi dans l\u2019industrie. La mat\u00e9rialisation d\u2019une solution \u00e0 travers l\u2019exp\u00e9rimentation permet de confronter l\u2019id\u00e9e innovante aux aspects pratiques de la r\u00e9alit\u00e9<sup>\u2009<\/sup>[13]. L\u2019exp\u00e9rimentation met en pratique des hypoth\u00e8ses th\u00e9oriques, avant qu\u2019elles soient produites \u00e0 grande \u00e9chelle. Cette confrontation des hypoth\u00e8ses avec la r\u00e9alit\u00e9 du terrain se fait avant de consid\u00e9rer les stades ult\u00e9rieurs de d\u00e9veloppement plus co\u00fbteux<sup>\u2009<\/sup>[2].<\/p>\n<p>Alors que le domaine de la preuve dans le monde biom\u00e9dical est largement domin\u00e9 par les approches quantitatives, la valeur de soin dont une pratique curative est capable se doit d\u2019\u00eatre examin\u00e9e avec des m\u00e9thodes qualitatives<sup>\u2009<\/sup>[6] qui prennent en compte les r\u00e9cits des acteurs impliqu\u00e9s. Avec les projets <i>design with care,<\/i> ce dont il s\u2019agit, d\u2019abord, c\u2019est de trouver des solutions de soin qui valorisent le bien-\u00eatre, les relations d\u2019interd\u00e9pendance et l\u2019autonomie des patients. C\u2019est pourquoi Les Sismo et la Chaire de Philosophie \u00e0 l\u2019h\u00f4pital ont propos\u00e9 d\u2019adapter la m\u00e9thodologie <i>proof of concept<\/i> de fa\u00e7on \u00e0 viser l\u2019obtention des preuves de soins (<i>proof of care &#8211; <\/i>POC), l\u2019humanisation des dispositifs m\u00e9dicaux et la recherche de l\u2019association des approches quantitatives et qualitatives d\u2019\u00e9valuation des solutions. Les POC sont ainsi mobilis\u00e9es dans des projets de design qui ont pour but l\u2019<i>empowerment<\/i> aupr\u00e8s de publics en \u00e9tat de vuln\u00e9rabilit\u00e9. La <i>proof of care<\/i> est d\u00e8s lors plus riche et plus exigeante que la <i>proof of concept<\/i>. Elle ne met pas seulement \u00e0 l\u2019\u00e9preuve les dispositifs, elle examine \u00e9galement les dimensions relationnelles, sociales, affectives et politiques qui rel\u00e8vent du <i>care<\/i>. Les <i>proof of care<\/i> ont pour but de rendre capacitaires les acteurs concern\u00e9s tout en produisant des externalit\u00e9s positives<sup>\u2009<\/sup>[13].<span class=\"Apple-converted-space\">\u00a0<\/span><\/p>\n<p>Bien que les soignants et les designers travaillent de plus en plus ensemble, cette coop\u00e9ration comporte des limites. L\u2019un des enjeux majeurs de cette rencontre est de trouver des indicateurs d\u2019\u00e9valuation communs\u2009; designers et soignants ont en effet des vocabulaires distincts. Par ailleurs, la posture du designer, qui arrive sur son terrain ne sachant pas ce qu\u2019il va produire et acceptant l\u2019incertitude des situations \u00e9tudi\u00e9es, est parfois difficile \u00e0 faire accepter par les soignants. Si les apports mutuels des relations existantes entre soignants et designer sont \u00e9tablis et riches, le d\u00e9fi restant \u00e0 surmonter consiste \u00e0 d\u00e9finir et \u00e0 analyser ce qui fait encore obstacle \u00e0 leur collaboration, et pourquoi. Certaines initiatives<sup class=\"appel\" data-toggle=\"modal\" data-target=\"#notes\">(2)<\/sup> visent \u00e0 d\u00e9passer ces difficult\u00e9s, tel le dipl\u00f4me interuniversitaire \u00ab\u2009Philosophie, \u00e9thique, design dans les domaines de la sant\u00e9 et du soin\u2009\u00bb, fruit d\u2019une collaboration entre le Cnam, la Chaire de Philosophie \u00e0 l\u2019h\u00f4pital et Les Sismo, en formant les acteurs du soin aux enjeux de la pratique du design.<\/p>\n<p style=\"font-weight: 400;\"><button data-toggle=\"collapse\" data-target=\"#enc_2023_471_01\">zoom<\/button><div id=\"enc_2023_471_01\" class=\"encadre collapse\"><p><span class=\"surtitre_enc\">zoom<\/span><\/p>\n<h2>La Chaire de Philosophie \u00e0 l\u2019h\u00f4pital<\/h2>\n<p>Dirig\u00e9e par la philosophe et psychanalyste Cynthia Fleury, cette chaire hospitalo-acad\u00e9mique est li\u00e9e au Conservatoire national des arts et m\u00e9tiers (Cnam) et au GHU Paris Psychiatrie &amp; Neurosciences. \u00c0 travers un dispositif recherche et enseignement, de formation et diplomation, d\u2019exp\u00e9rimentation et d\u00e9ploiement, cette chaire aspire \u00e0 inventer la fonction soignante en partage et l\u2019alliance efficiente des humanit\u00e9s et de la sant\u00e9. Ses th\u00e9matiques de recherche s\u2019articulent autour de cinq p\u00f4les\u2009: Philosophie clinique et savoirs exp\u00e9rientiels\/Sant\u00e9 connect\u00e9e et intelligence artificielle\/Design capacitaire\/R\u00e9silience et clinique du d\u00e9veloppement\/Nature et patrimoine en sant\u00e9. La chaire abrite par ailleurs un espace doctoral compos\u00e9 de douze doctorants.<br \/>\nLes prochains articles publi\u00e9s par <i>Gestions hospitali\u00e8res<\/i> porteront, entre autres sujets, sur les dispositifs de m\u00e9diation artistique en milieu hospitalier, les arts visuels comme soin, une strat\u00e9gie de communication sur les humanit\u00e9s m\u00e9dicales, un philosophe employ\u00e9<br \/>\n\u00e0 l\u2019h\u00f4pital, la recr\u00e9ation du lien entre nos a\u00een\u00e9s les plus vuln\u00e9rables, la population et le territoire\u2026<\/p>\n<p><a href=\"https:\/\/chaire-philo.fr\" target=\"_blank\" rel=\"noopener\">www.chaire-philo.fr<\/a><\/p>\n<p><img decoding=\"async\" class=\"alignnone wp-image-46072 size-medium\" src=\"https:\/\/gestions-hospitalieres.fr\/wp-content\/uploads\/2023\/02\/Double-logo-Chaire-Philo-CHU-CNAM-300x134.jpg\" alt=\"\" width=\"300\" height=\"134\" srcset=\"https:\/\/www.ricom-web8.com\/gestions\/wp-content\/uploads\/2023\/02\/Double-logo-Chaire-Philo-CHU-CNAM-300x134.jpg 300w, https:\/\/www.ricom-web8.com\/gestions\/wp-content\/uploads\/2023\/02\/Double-logo-Chaire-Philo-CHU-CNAM-768x343.jpg 768w, https:\/\/www.ricom-web8.com\/gestions\/wp-content\/uploads\/2023\/02\/Double-logo-Chaire-Philo-CHU-CNAM.jpg 796w\" sizes=\"(max-width: 300px) 100vw, 300px\" \/><\/p>\n<\/div><\/p>\n<figure id=\"attachment_47085\" aria-describedby=\"caption-attachment-47085\" style=\"width: 225px\" class=\"wp-caption alignnone\"><img decoding=\"async\" class=\"wp-image-47085 size-medium\" src=\"https:\/\/gestions-hospitalieres.fr\/wp-content\/uploads\/2023\/10\/chairephilo1-225x300.jpg\" alt=\"\" width=\"225\" height=\"300\" srcset=\"https:\/\/www.ricom-web8.com\/gestions\/wp-content\/uploads\/2023\/10\/chairephilo1-225x300.jpg 225w, https:\/\/www.ricom-web8.com\/gestions\/wp-content\/uploads\/2023\/10\/chairephilo1.jpg 750w\" sizes=\"(max-width: 225px) 100vw, 225px\" \/><figcaption id=\"caption-attachment-47085\" class=\"wp-caption-text\">Dispositif de contenance par immersion en test<\/figcaption><\/figure>\n<p>&nbsp;<\/p>\n<hr \/>\n<p><strong>R\u00e9f\u00e9rences<span class=\"Apple-converted-space\">\u00a0<\/span><\/strong><\/p>\n<p>[1] J. Lichtenstein, \u00ab\u2009Disegno\u2009\u00bb, <i>in<\/i> B. Cassin, <i>Vocabulaire europ\u00e9en des philosophies &#8211; Dictionnaire des intraduisibles<\/i>, Seuil, 2004, p.\u00a0322-325.<\/p>\n<p>[2] C. Jobin, F. Lecourt, C. Gayda, \u00ab\u2009\u201cPreuves de concept (POC) g\u00e9n\u00e9ratives\u201d\u2009: conception et exp\u00e9rimentation innovante pour mieux prendre soin\u2009\u00bb, 1<sup>er<\/sup> juillet 2020 &#8211;<a href=\"https:\/\/hal.science\/hal-03081926\" target=\"_blank\" rel=\"noopener\"> https:\/\/hal.science\/hal-03081926<\/a><\/p>\n<p>[3] L. Hirt L\u00e9chot, N. Nova, F. Kilch\u00f6r, S. Fasel, \u00ab\u2009Design et ethnographie\u2009\u00bb, <i>Techniques &amp; Culture. Revue semestrielle d\u2019anthropologie des techniques<\/i>, \u00e9ditions de l\u2019EHESS, n\u00b0\u200964, d\u00e9cembre 2015, p.\u00a064-77.<\/p>\n<p>[4] N. Nova, L. L\u00e9chot Hirt, F. Kilch\u00f6r, S. Fasel, \u00ab\u2009De l\u2019ethnographie au design, du terrain \u00e0 la cr\u00e9ation\u2009: tactiques de traduction\u2009\u00bb, <i>Sciences du design<\/i>, vol.\u00a01, n\u00b0\u20091, PUF, 2015, p.\u00a086-93.<\/p>\n<p>[5] S. Misset, \u00ab\u2009Introduction g\u00e9n\u00e9rale\u2009\u00bb, in <i>Introduction \u00e0 la sociologie des organisations<\/i>, Armand Colin, coll. Cursus, 2017, p.\u00a011-13.<\/p>\n<p>[6] E. Bansard, \u00ab\u2009Le lab-ah, un laboratoire de design hospitalier\u2009\u00bb, <i>G<\/i><i>estions hospitali\u00e8res<\/i>, n\u00b0\u2009616, mai 2022.<\/p>\n<p>[7] C. Gilligan, <i>Une voix diff\u00e9rente<\/i>, Flammarion, 2008.<span class=\"Apple-converted-space\">\u00a0<\/span><\/p>\n<p>[8] J.C. Tronto, <i>Un monde vuln\u00e9rable<\/i>, La D\u00e9couverte, 2009.<\/p>\n<p>[9] N. Cross, <i>Designerly Ways of Knowing<\/i>, London, Springer-Verlag, 2006.<\/p>\n<p>[10] A. Leboucher, \u00ab\u2009Innovation et pratiques de soin \u00e0 l\u2019heure de la co-construction patients\/soignants\u2009\u00bb, <i>G<\/i><i>estions hospitali\u00e8res<\/i>, n\u00b0\u2009613, f\u00e9vrier 2022.<\/p>\n<p>[11] J. Chomette, C. Tourette-Turgis, F. H\u00e9lie, M. Rahel Damamme, P. Oustric, \u00ab\u2009Reconna\u00eetre l\u2019expertise des malades du Covid long\u2009\u00bb, <i>G<\/i><i>estions hospitali\u00e8res<\/i>, n\u00b0\u2009612, janvier 2022.<\/p>\n<p>[12] J. Oury, \u00ab\u2009Chemins vers la clinique\u2009\u00bb, <i>L\u2019\u00c9volution psychiatrique<\/i>, vol.\u00a072, n\u00b0\u20091, 1<sup>er<\/sup> janvier 2007, p.\u00a03-14.<\/p>\n<p>[13] C. Fleury-Perkins, A. Fenoglio, \u00ab\u2009Le design peut-il aider \u00e0 mieux soigner\u2009? Le concept de proof of care\u2009\u00bb, <i>Soins<\/i>, vol.\u00a064, n\u00b0\u2009834, avril 2019, p. 58-61. A. Fenoglio, C. Fleury, <i>Ce qui ne peut \u00eatre vol\u00e9\u2009: charte du Verstohlen<\/i>, Gallimard, 2022.<\/p>\n<script>function PlayerjsAsync(){} if(window[\"Playerjs\"]){PlayerjsAsync();}<\/script>","protected":false},"excerpt":{"rendered":"<p>La sp\u00e9cificit\u00e9 du design Afin d\u2019\u00e9tudier les apports des designers en milieu hospitalier, il convient d\u2019abord de mettre en lumi\u00e8re la sp\u00e9cificit\u00e9 de l\u2019approche par le design. Les designers pratiquent une discipline qui a pour particularit\u00e9 d\u2019allier th\u00e9orie et pratique. Reliant la main et l\u2019esprit\u2009[1], le design se situe, en effet, \u00e0 la jonction du dessin et du dessein. Le maniement habile de cette dualit\u00e9 fait l\u2019essence et la richesse&hellip; <\/p>\n","protected":false},"author":23133,"featured_media":0,"comment_status":"closed","ping_status":"closed","sticky":false,"template":"","format":"standard","meta":{"_acf_changed":false,"_relevanssi_hide_post":"","_relevanssi_hide_content":"","_relevanssi_pin_for_all":"","_relevanssi_pin_keywords":"","_relevanssi_unpin_keywords":"","_relevanssi_related_keywords":"","_relevanssi_related_include_ids":"","_relevanssi_related_exclude_ids":"","_relevanssi_related_no_append":"","_relevanssi_related_not_related":"","_relevanssi_related_posts":"","_relevanssi_noindex_reason":"","footnotes":""},"categories":[2,72],"tags":[120,8459,953,9834,9061,1283],"class_list":["post-47082","post","type-post","status-publish","format-standard","hentry","category-gestions-hospitalieres","category-reflexion","tag-care","tag-design","tag-expertise","tag-milieu-hospitalier","tag-proof-of-care","tag-soignant"],"acf":[],"yoast_head":"<!-- This site is optimized with the Yoast SEO plugin v24.8.1 - https:\/\/yoast.com\/wordpress\/plugins\/seo\/ -->\n<title>Collaboration entre soignants et designers - Gestions hospitali\u00e8res<\/title>\n<meta name=\"robots\" content=\"index, follow, max-snippet:-1, max-image-preview:large, max-video-preview:-1\" \/>\n<link rel=\"canonical\" href=\"https:\/\/www.ricom-web8.com\/gestions\/collaboration-entre-soignants-et-designers\/\" \/>\n<meta property=\"og:locale\" content=\"fr_FR\" \/>\n<meta property=\"og:type\" content=\"article\" \/>\n<meta property=\"og:title\" content=\"Collaboration entre soignants et designers - Gestions hospitali\u00e8res\" \/>\n<meta property=\"og:description\" content=\"La sp\u00e9cificit\u00e9 du design Afin d\u2019\u00e9tudier les apports des designers en milieu hospitalier, il convient d\u2019abord de mettre en lumi\u00e8re la sp\u00e9cificit\u00e9 de l\u2019approche par le design. Les designers pratiquent une discipline qui a pour particularit\u00e9 d\u2019allier th\u00e9orie et pratique. Reliant la main et l\u2019esprit\u2009[1], le design se situe, en effet, \u00e0 la jonction du dessin et du dessein. Le maniement habile de cette dualit\u00e9 fait l\u2019essence et la richesse&hellip;\" \/>\n<meta property=\"og:url\" content=\"https:\/\/www.ricom-web8.com\/gestions\/collaboration-entre-soignants-et-designers\/\" \/>\n<meta property=\"og:site_name\" content=\"Gestions hospitali\u00e8res\" \/>\n<meta property=\"article:publisher\" content=\"https:\/\/www.facebook.com\/gestionshospitalieres\/\" \/>\n<meta property=\"article:published_time\" content=\"2023-10-01T11:57:15+00:00\" \/>\n<meta property=\"article:modified_time\" content=\"2023-10-30T09:10:40+00:00\" \/>\n<meta property=\"og:image\" content=\"https:\/\/gestions-hospitalieres.fr\/wp-content\/uploads\/2023\/10\/Capture-decran-2023-10-24-a-14.11.43-285x300.jpg\" \/>\n<meta name=\"author\" content=\"Gestions hospitali\u00e8res\" \/>\n<meta name=\"twitter:card\" content=\"summary_large_image\" \/>\n<meta name=\"twitter:creator\" content=\"@revue_GH\" \/>\n<meta name=\"twitter:site\" content=\"@revue_GH\" \/>\n<meta name=\"twitter:label1\" content=\"\u00c9crit par\" \/>\n\t<meta name=\"twitter:data1\" content=\"Gestions hospitali\u00e8res\" \/>\n\t<meta name=\"twitter:label2\" content=\"Dur\u00e9e de lecture estim\u00e9e\" \/>\n\t<meta name=\"twitter:data2\" content=\"18 minutes\" \/>\n<script type=\"application\/ld+json\" class=\"yoast-schema-graph\">{\"@context\":\"https:\/\/schema.org\",\"@graph\":[{\"@type\":\"Article\",\"@id\":\"https:\/\/www.ricom-web8.com\/gestions\/collaboration-entre-soignants-et-designers\/#article\",\"isPartOf\":{\"@id\":\"https:\/\/www.ricom-web8.com\/gestions\/collaboration-entre-soignants-et-designers\/\"},\"author\":{\"name\":\"Gestions hospitali\u00e8res\",\"@id\":\"https:\/\/www.ricom-web8.com\/gestions\/#\/schema\/person\/3ba9fe913190dfe9507feb621e902c1f\"},\"headline\":\"Collaboration entre soignants et designers\",\"datePublished\":\"2023-10-01T11:57:15+00:00\",\"dateModified\":\"2023-10-30T09:10:40+00:00\",\"mainEntityOfPage\":{\"@id\":\"https:\/\/www.ricom-web8.com\/gestions\/collaboration-entre-soignants-et-designers\/\"},\"wordCount\":3783,\"publisher\":{\"@id\":\"https:\/\/www.ricom-web8.com\/gestions\/#organization\"},\"image\":{\"@id\":\"https:\/\/www.ricom-web8.com\/gestions\/collaboration-entre-soignants-et-designers\/#primaryimage\"},\"thumbnailUrl\":\"https:\/\/gestions-hospitalieres.fr\/wp-content\/uploads\/2023\/10\/Capture-decran-2023-10-24-a-14.11.43-285x300.jpg\",\"keywords\":[\"care\",\"design\",\"expertise\",\"milieu hospitalier\",\"proof of care\",\"soignant\"],\"articleSection\":[\"Gestions Hospitali\u00e8res\",\"r\u00e9flexion\"],\"inLanguage\":\"fr-FR\"},{\"@type\":\"WebPage\",\"@id\":\"https:\/\/www.ricom-web8.com\/gestions\/collaboration-entre-soignants-et-designers\/\",\"url\":\"https:\/\/www.ricom-web8.com\/gestions\/collaboration-entre-soignants-et-designers\/\",\"name\":\"Collaboration entre soignants et designers - Gestions hospitali\u00e8res\",\"isPartOf\":{\"@id\":\"https:\/\/www.ricom-web8.com\/gestions\/#website\"},\"primaryImageOfPage\":{\"@id\":\"https:\/\/www.ricom-web8.com\/gestions\/collaboration-entre-soignants-et-designers\/#primaryimage\"},\"image\":{\"@id\":\"https:\/\/www.ricom-web8.com\/gestions\/collaboration-entre-soignants-et-designers\/#primaryimage\"},\"thumbnailUrl\":\"https:\/\/gestions-hospitalieres.fr\/wp-content\/uploads\/2023\/10\/Capture-decran-2023-10-24-a-14.11.43-285x300.jpg\",\"datePublished\":\"2023-10-01T11:57:15+00:00\",\"dateModified\":\"2023-10-30T09:10:40+00:00\",\"breadcrumb\":{\"@id\":\"https:\/\/www.ricom-web8.com\/gestions\/collaboration-entre-soignants-et-designers\/#breadcrumb\"},\"inLanguage\":\"fr-FR\",\"potentialAction\":[{\"@type\":\"ReadAction\",\"target\":[\"https:\/\/www.ricom-web8.com\/gestions\/collaboration-entre-soignants-et-designers\/\"]}]},{\"@type\":\"ImageObject\",\"inLanguage\":\"fr-FR\",\"@id\":\"https:\/\/www.ricom-web8.com\/gestions\/collaboration-entre-soignants-et-designers\/#primaryimage\",\"url\":\"https:\/\/gestions-hospitalieres.fr\/wp-content\/uploads\/2023\/10\/Capture-decran-2023-10-24-a-14.11.43-285x300.jpg\",\"contentUrl\":\"https:\/\/gestions-hospitalieres.fr\/wp-content\/uploads\/2023\/10\/Capture-decran-2023-10-24-a-14.11.43-285x300.jpg\"},{\"@type\":\"BreadcrumbList\",\"@id\":\"https:\/\/www.ricom-web8.com\/gestions\/collaboration-entre-soignants-et-designers\/#breadcrumb\",\"itemListElement\":[{\"@type\":\"ListItem\",\"position\":1,\"name\":\"Accueil\",\"item\":\"https:\/\/www.ricom-web8.com\/gestions\/\"},{\"@type\":\"ListItem\",\"position\":2,\"name\":\"Collaboration entre soignants et designers\"}]},{\"@type\":\"WebSite\",\"@id\":\"https:\/\/www.ricom-web8.com\/gestions\/#website\",\"url\":\"https:\/\/www.ricom-web8.com\/gestions\/\",\"name\":\"Gestions hospitali\u00e8res\",\"description\":\"la revue des d\u00e9cideurs hospitaliers\",\"publisher\":{\"@id\":\"https:\/\/www.ricom-web8.com\/gestions\/#organization\"},\"potentialAction\":[{\"@type\":\"SearchAction\",\"target\":{\"@type\":\"EntryPoint\",\"urlTemplate\":\"https:\/\/www.ricom-web8.com\/gestions\/?s={search_term_string}\"},\"query-input\":{\"@type\":\"PropertyValueSpecification\",\"valueRequired\":true,\"valueName\":\"search_term_string\"}}],\"inLanguage\":\"fr-FR\"},{\"@type\":\"Organization\",\"@id\":\"https:\/\/www.ricom-web8.com\/gestions\/#organization\",\"name\":\"Gestions hospitali\u00e8res\",\"url\":\"https:\/\/www.ricom-web8.com\/gestions\/\",\"logo\":{\"@type\":\"ImageObject\",\"inLanguage\":\"fr-FR\",\"@id\":\"https:\/\/www.ricom-web8.com\/gestions\/#\/schema\/logo\/image\/\",\"url\":\"https:\/\/gestions-hospitalieres.fr\/wp-content\/uploads\/2017\/02\/picto_Gif-GH-trans.png\",\"contentUrl\":\"https:\/\/gestions-hospitalieres.fr\/wp-content\/uploads\/2017\/02\/picto_Gif-GH-trans.png\",\"width\":512,\"height\":512,\"caption\":\"Gestions hospitali\u00e8res\"},\"image\":{\"@id\":\"https:\/\/www.ricom-web8.com\/gestions\/#\/schema\/logo\/image\/\"},\"sameAs\":[\"https:\/\/www.facebook.com\/gestionshospitalieres\/\",\"https:\/\/x.com\/revue_GH\",\"https:\/\/www.linkedin.com\/company\/gestions-hospitalieres?trk=top_nav_home\"]},{\"@type\":\"Person\",\"@id\":\"https:\/\/www.ricom-web8.com\/gestions\/#\/schema\/person\/3ba9fe913190dfe9507feb621e902c1f\",\"name\":\"Gestions hospitali\u00e8res\",\"image\":{\"@type\":\"ImageObject\",\"inLanguage\":\"fr-FR\",\"@id\":\"https:\/\/www.ricom-web8.com\/gestions\/#\/schema\/person\/image\/\",\"url\":\"https:\/\/secure.gravatar.com\/avatar\/1a0d93e6db5dbe7dac96bae4757d256f?s=96&d=mm&r=g\",\"contentUrl\":\"https:\/\/secure.gravatar.com\/avatar\/1a0d93e6db5dbe7dac96bae4757d256f?s=96&d=mm&r=g\",\"caption\":\"Gestions hospitali\u00e8res\"},\"url\":\"https:\/\/www.ricom-web8.com\/gestions\/author\/benjamin\/\"}]}<\/script>\n<!-- \/ Yoast SEO plugin. -->","yoast_head_json":{"title":"Collaboration entre soignants et designers - Gestions hospitali\u00e8res","robots":{"index":"index","follow":"follow","max-snippet":"max-snippet:-1","max-image-preview":"max-image-preview:large","max-video-preview":"max-video-preview:-1"},"canonical":"https:\/\/www.ricom-web8.com\/gestions\/collaboration-entre-soignants-et-designers\/","og_locale":"fr_FR","og_type":"article","og_title":"Collaboration entre soignants et designers - Gestions hospitali\u00e8res","og_description":"La sp\u00e9cificit\u00e9 du design Afin d\u2019\u00e9tudier les apports des designers en milieu hospitalier, il convient d\u2019abord de mettre en lumi\u00e8re la sp\u00e9cificit\u00e9 de l\u2019approche par le design. Les designers pratiquent une discipline qui a pour particularit\u00e9 d\u2019allier th\u00e9orie et pratique. Reliant la main et l\u2019esprit\u2009[1], le design se situe, en effet, \u00e0 la jonction du dessin et du dessein. Le maniement habile de cette dualit\u00e9 fait l\u2019essence et la richesse&hellip;","og_url":"https:\/\/www.ricom-web8.com\/gestions\/collaboration-entre-soignants-et-designers\/","og_site_name":"Gestions hospitali\u00e8res","article_publisher":"https:\/\/www.facebook.com\/gestionshospitalieres\/","article_published_time":"2023-10-01T11:57:15+00:00","article_modified_time":"2023-10-30T09:10:40+00:00","og_image":[{"url":"https:\/\/gestions-hospitalieres.fr\/wp-content\/uploads\/2023\/10\/Capture-decran-2023-10-24-a-14.11.43-285x300.jpg","type":"","width":"","height":""}],"author":"Gestions hospitali\u00e8res","twitter_card":"summary_large_image","twitter_creator":"@revue_GH","twitter_site":"@revue_GH","twitter_misc":{"\u00c9crit par":"Gestions hospitali\u00e8res","Dur\u00e9e de lecture estim\u00e9e":"18 minutes"},"schema":{"@context":"https:\/\/schema.org","@graph":[{"@type":"Article","@id":"https:\/\/www.ricom-web8.com\/gestions\/collaboration-entre-soignants-et-designers\/#article","isPartOf":{"@id":"https:\/\/www.ricom-web8.com\/gestions\/collaboration-entre-soignants-et-designers\/"},"author":{"name":"Gestions hospitali\u00e8res","@id":"https:\/\/www.ricom-web8.com\/gestions\/#\/schema\/person\/3ba9fe913190dfe9507feb621e902c1f"},"headline":"Collaboration entre soignants et designers","datePublished":"2023-10-01T11:57:15+00:00","dateModified":"2023-10-30T09:10:40+00:00","mainEntityOfPage":{"@id":"https:\/\/www.ricom-web8.com\/gestions\/collaboration-entre-soignants-et-designers\/"},"wordCount":3783,"publisher":{"@id":"https:\/\/www.ricom-web8.com\/gestions\/#organization"},"image":{"@id":"https:\/\/www.ricom-web8.com\/gestions\/collaboration-entre-soignants-et-designers\/#primaryimage"},"thumbnailUrl":"https:\/\/gestions-hospitalieres.fr\/wp-content\/uploads\/2023\/10\/Capture-decran-2023-10-24-a-14.11.43-285x300.jpg","keywords":["care","design","expertise","milieu hospitalier","proof of care","soignant"],"articleSection":["Gestions Hospitali\u00e8res","r\u00e9flexion"],"inLanguage":"fr-FR"},{"@type":"WebPage","@id":"https:\/\/www.ricom-web8.com\/gestions\/collaboration-entre-soignants-et-designers\/","url":"https:\/\/www.ricom-web8.com\/gestions\/collaboration-entre-soignants-et-designers\/","name":"Collaboration entre soignants et designers - Gestions hospitali\u00e8res","isPartOf":{"@id":"https:\/\/www.ricom-web8.com\/gestions\/#website"},"primaryImageOfPage":{"@id":"https:\/\/www.ricom-web8.com\/gestions\/collaboration-entre-soignants-et-designers\/#primaryimage"},"image":{"@id":"https:\/\/www.ricom-web8.com\/gestions\/collaboration-entre-soignants-et-designers\/#primaryimage"},"thumbnailUrl":"https:\/\/gestions-hospitalieres.fr\/wp-content\/uploads\/2023\/10\/Capture-decran-2023-10-24-a-14.11.43-285x300.jpg","datePublished":"2023-10-01T11:57:15+00:00","dateModified":"2023-10-30T09:10:40+00:00","breadcrumb":{"@id":"https:\/\/www.ricom-web8.com\/gestions\/collaboration-entre-soignants-et-designers\/#breadcrumb"},"inLanguage":"fr-FR","potentialAction":[{"@type":"ReadAction","target":["https:\/\/www.ricom-web8.com\/gestions\/collaboration-entre-soignants-et-designers\/"]}]},{"@type":"ImageObject","inLanguage":"fr-FR","@id":"https:\/\/www.ricom-web8.com\/gestions\/collaboration-entre-soignants-et-designers\/#primaryimage","url":"https:\/\/gestions-hospitalieres.fr\/wp-content\/uploads\/2023\/10\/Capture-decran-2023-10-24-a-14.11.43-285x300.jpg","contentUrl":"https:\/\/gestions-hospitalieres.fr\/wp-content\/uploads\/2023\/10\/Capture-decran-2023-10-24-a-14.11.43-285x300.jpg"},{"@type":"BreadcrumbList","@id":"https:\/\/www.ricom-web8.com\/gestions\/collaboration-entre-soignants-et-designers\/#breadcrumb","itemListElement":[{"@type":"ListItem","position":1,"name":"Accueil","item":"https:\/\/www.ricom-web8.com\/gestions\/"},{"@type":"ListItem","position":2,"name":"Collaboration entre soignants et designers"}]},{"@type":"WebSite","@id":"https:\/\/www.ricom-web8.com\/gestions\/#website","url":"https:\/\/www.ricom-web8.com\/gestions\/","name":"Gestions hospitali\u00e8res","description":"la revue des d\u00e9cideurs hospitaliers","publisher":{"@id":"https:\/\/www.ricom-web8.com\/gestions\/#organization"},"potentialAction":[{"@type":"SearchAction","target":{"@type":"EntryPoint","urlTemplate":"https:\/\/www.ricom-web8.com\/gestions\/?s={search_term_string}"},"query-input":{"@type":"PropertyValueSpecification","valueRequired":true,"valueName":"search_term_string"}}],"inLanguage":"fr-FR"},{"@type":"Organization","@id":"https:\/\/www.ricom-web8.com\/gestions\/#organization","name":"Gestions hospitali\u00e8res","url":"https:\/\/www.ricom-web8.com\/gestions\/","logo":{"@type":"ImageObject","inLanguage":"fr-FR","@id":"https:\/\/www.ricom-web8.com\/gestions\/#\/schema\/logo\/image\/","url":"https:\/\/gestions-hospitalieres.fr\/wp-content\/uploads\/2017\/02\/picto_Gif-GH-trans.png","contentUrl":"https:\/\/gestions-hospitalieres.fr\/wp-content\/uploads\/2017\/02\/picto_Gif-GH-trans.png","width":512,"height":512,"caption":"Gestions hospitali\u00e8res"},"image":{"@id":"https:\/\/www.ricom-web8.com\/gestions\/#\/schema\/logo\/image\/"},"sameAs":["https:\/\/www.facebook.com\/gestionshospitalieres\/","https:\/\/x.com\/revue_GH","https:\/\/www.linkedin.com\/company\/gestions-hospitalieres?trk=top_nav_home"]},{"@type":"Person","@id":"https:\/\/www.ricom-web8.com\/gestions\/#\/schema\/person\/3ba9fe913190dfe9507feb621e902c1f","name":"Gestions hospitali\u00e8res","image":{"@type":"ImageObject","inLanguage":"fr-FR","@id":"https:\/\/www.ricom-web8.com\/gestions\/#\/schema\/person\/image\/","url":"https:\/\/secure.gravatar.com\/avatar\/1a0d93e6db5dbe7dac96bae4757d256f?s=96&d=mm&r=g","contentUrl":"https:\/\/secure.gravatar.com\/avatar\/1a0d93e6db5dbe7dac96bae4757d256f?s=96&d=mm&r=g","caption":"Gestions hospitali\u00e8res"},"url":"https:\/\/www.ricom-web8.com\/gestions\/author\/benjamin\/"}]}},"_links":{"self":[{"href":"https:\/\/www.ricom-web8.com\/gestions\/wp-json\/wp\/v2\/posts\/47082","targetHints":{"allow":["GET"]}}],"collection":[{"href":"https:\/\/www.ricom-web8.com\/gestions\/wp-json\/wp\/v2\/posts"}],"about":[{"href":"https:\/\/www.ricom-web8.com\/gestions\/wp-json\/wp\/v2\/types\/post"}],"author":[{"embeddable":true,"href":"https:\/\/www.ricom-web8.com\/gestions\/wp-json\/wp\/v2\/users\/23133"}],"replies":[{"embeddable":true,"href":"https:\/\/www.ricom-web8.com\/gestions\/wp-json\/wp\/v2\/comments?post=47082"}],"version-history":[{"count":2,"href":"https:\/\/www.ricom-web8.com\/gestions\/wp-json\/wp\/v2\/posts\/47082\/revisions"}],"predecessor-version":[{"id":47091,"href":"https:\/\/www.ricom-web8.com\/gestions\/wp-json\/wp\/v2\/posts\/47082\/revisions\/47091"}],"wp:attachment":[{"href":"https:\/\/www.ricom-web8.com\/gestions\/wp-json\/wp\/v2\/media?parent=47082"}],"wp:term":[{"taxonomy":"category","embeddable":true,"href":"https:\/\/www.ricom-web8.com\/gestions\/wp-json\/wp\/v2\/categories?post=47082"},{"taxonomy":"post_tag","embeddable":true,"href":"https:\/\/www.ricom-web8.com\/gestions\/wp-json\/wp\/v2\/tags?post=47082"}],"curies":[{"name":"wp","href":"https:\/\/api.w.org\/{rel}","templated":true}]}}